{"id":11619,"date":"2016-08-24T23:31:38","date_gmt":"2016-08-25T02:31:38","guid":{"rendered":"http:\/\/www.ivanabeaumond.com.br\/vestidos-noiva\/?p=11619"},"modified":"2017-09-11T12:42:49","modified_gmt":"2017-09-11T15:42:49","slug":"vestidos-de-noiva-barcelona-bridal-week-2016","status":"publish","type":"post","link":"https:\/\/www.ivanabeaumond.com.br\/vestidos-noiva\/vestidos-de-noiva-barcelona-bridal-week-2016\/","title":{"rendered":"BARCELONA BRIDAL WEEK 2016"},"content":{"rendered":"<h4 style=\"text-align: justify;\">A Ivana Beaumond marcou presen\u00e7a na Barcelona Bridal Week 2016, acompanhando os lan\u00e7amentos com as novas tend\u00eancias para 2017.<\/h4>\n<p><img decoding=\"async\" loading=\"lazy\" class=\"aligncenter size-full wp-image-11698\" src=\"http:\/\/www.ivanabeaumond.com.br\/vestidos-noiva\/wp-content\/uploads\/2016\/08\/vestidos-de-noiva-rj-2.jpg\" alt=\"vestidos-de-noiva-rj-2\" width=\"1115\" height=\"545\" srcset=\"https:\/\/www.ivanabeaumond.com.br\/vestidos-noiva\/wp-content\/uploads\/2016\/08\/vestidos-de-noiva-rj-2.jpg 1115w, https:\/\/www.ivanabeaumond.com.br\/vestidos-noiva\/wp-content\/uploads\/2016\/08\/vestidos-de-noiva-rj-2-300x147.jpg 300w, https:\/\/www.ivanabeaumond.com.br\/vestidos-noiva\/wp-content\/uploads\/2016\/08\/vestidos-de-noiva-rj-2-1024x501.jpg 1024w\" sizes=\"(max-width: 1115px) 100vw, 1115px\" \/><\/p>\n<h4 style=\"text-align: justify;\">Considerado o principal evento na Europa e refer\u00eancia mundial na moda nupcial, o evento reuniu grandes nomes, com os mais conceituados designers de moda, trazendo muitas novidades e novas tend\u00eancias para 2017.<\/h4>\n<p>&nbsp;<\/p>\n<h4 style=\"text-align: justify;\">Este ano o Barcelona Bridal Week comemorou a sua 26\u00aa edi\u00e7\u00e3o.\u00a0Foi uma viagem incr\u00edvel ao mundo dos sonhos, com muitas novidades e desfiles maravilhosos.<\/h4>\n<p>&nbsp;<\/p>\n<h4 style=\"text-align: justify;\">Uma das tend\u00eancias fort\u00edssimas que acompanhei pessoalmente na Barcelona Bridal Week este ano, foi o vestido em \u201cduas pe\u00e7as\u201d.\u00a0Para as noivas antenadas em moda, com um estilo TRENDY, esta \u00e9 uma op\u00e7\u00e3o valiosa e com muitas vantagens: \u00c9 pr\u00e1tico, mais leve, proporciona uma melhor movimenta\u00e7\u00e3o para a noiva na hora de curtir seu grande dia e ainda \u00e9 poss\u00edvel aproveitar a pe\u00e7a de cima, com outras roupas ap\u00f3s o evento.<\/h4>\n<p>&nbsp;<\/p>\n<h4 style=\"text-align: justify;\">Selecionei alguns modelos do desfile na Barcelona Bridal Week.<\/h4>\n<h4 style=\"text-align: justify;\">Confiram e inspirem-se:<\/h4>\n<div id=\"attachment_11691\" style=\"width: 410px\" class=\"wp-caption aligncenter\"><img aria-describedby=\"caption-attachment-11691\" decoding=\"async\" loading=\"lazy\" class=\"wp-image-11691 size-full\" src=\"http:\/\/www.ivanabeaumond.com.br\/vestidos-noiva\/wp-content\/uploads\/2016\/08\/jesus-peiro-Vestido-de-Noiva-Ivana-Beaumond.jpg\" alt=\"Jes\u00fas Per\u00f3\" width=\"400\" height=\"596\" srcset=\"https:\/\/www.ivanabeaumond.com.br\/vestidos-noiva\/wp-content\/uploads\/2016\/08\/jesus-peiro-Vestido-de-Noiva-Ivana-Beaumond.jpg 400w, https:\/\/www.ivanabeaumond.com.br\/vestidos-noiva\/wp-content\/uploads\/2016\/08\/jesus-peiro-Vestido-de-Noiva-Ivana-Beaumond-201x300.jpg 201w\" sizes=\"(max-width: 400px) 100vw, 400px\" \/><p id=\"caption-attachment-11691\" class=\"wp-caption-text\">Jes\u00fas Per\u00f3<\/p><\/div>\n<p>&nbsp;<\/p>\n<div id=\"attachment_11693\" style=\"width: 410px\" class=\"wp-caption aligncenter\"><img aria-describedby=\"caption-attachment-11693\" decoding=\"async\" loading=\"lazy\" class=\"size-full wp-image-11693\" src=\"http:\/\/www.ivanabeaumond.com.br\/vestidos-noiva\/wp-content\/uploads\/2016\/08\/Rosa-Clara-Vestido-de-Noiva-Ivana-Beaumond.jpg\" alt=\"Rosa Clar\u00e1\" width=\"400\" height=\"596\" srcset=\"https:\/\/www.ivanabeaumond.com.br\/vestidos-noiva\/wp-content\/uploads\/2016\/08\/Rosa-Clara-Vestido-de-Noiva-Ivana-Beaumond.jpg 400w, https:\/\/www.ivanabeaumond.com.br\/vestidos-noiva\/wp-content\/uploads\/2016\/08\/Rosa-Clara-Vestido-de-Noiva-Ivana-Beaumond-201x300.jpg 201w\" sizes=\"(max-width: 400px) 100vw, 400px\" \/><p id=\"caption-attachment-11693\" class=\"wp-caption-text\">Rosa Clar\u00e1<\/p><\/div>\n<p>&nbsp;<\/p>\n<div id=\"attachment_11690\" style=\"width: 410px\" class=\"wp-caption aligncenter\"><img aria-describedby=\"caption-attachment-11690\" decoding=\"async\" loading=\"lazy\" class=\"size-full wp-image-11690\" src=\"http:\/\/www.ivanabeaumond.com.br\/vestidos-noiva\/wp-content\/uploads\/2016\/08\/inmaculada-garcia-Vestido-de-Noiva-Ivana-Beaumond.jpg\" alt=\"Inmaculada Garcia\" width=\"400\" height=\"596\" srcset=\"https:\/\/www.ivanabeaumond.com.br\/vestidos-noiva\/wp-content\/uploads\/2016\/08\/inmaculada-garcia-Vestido-de-Noiva-Ivana-Beaumond.jpg 400w, https:\/\/www.ivanabeaumond.com.br\/vestidos-noiva\/wp-content\/uploads\/2016\/08\/inmaculada-garcia-Vestido-de-Noiva-Ivana-Beaumond-201x300.jpg 201w\" sizes=\"(max-width: 400px) 100vw, 400px\" \/><p id=\"caption-attachment-11690\" class=\"wp-caption-text\">Inmaculada Garcia<\/p><\/div>\n<div id=\"attachment_11694\" style=\"width: 410px\" class=\"wp-caption aligncenter\"><img aria-describedby=\"caption-attachment-11694\" decoding=\"async\" loading=\"lazy\" class=\"size-full wp-image-11694\" src=\"http:\/\/www.ivanabeaumond.com.br\/vestidos-noiva\/wp-content\/uploads\/2016\/08\/Yolan-Cris-Vestido-de-Noiva-Ivana-Beaumond.jpg\" alt=\"Yolan Cris\" width=\"400\" height=\"596\" srcset=\"https:\/\/www.ivanabeaumond.com.br\/vestidos-noiva\/wp-content\/uploads\/2016\/08\/Yolan-Cris-Vestido-de-Noiva-Ivana-Beaumond.jpg 400w, https:\/\/www.ivanabeaumond.com.br\/vestidos-noiva\/wp-content\/uploads\/2016\/08\/Yolan-Cris-Vestido-de-Noiva-Ivana-Beaumond-201x300.jpg 201w\" sizes=\"(max-width: 400px) 100vw, 400px\" \/><p id=\"caption-attachment-11694\" class=\"wp-caption-text\">Yolan Cris<\/p><\/div>\n<p>&nbsp;<\/p>\n<div id=\"attachment_11692\" style=\"width: 410px\" class=\"wp-caption aligncenter\"><img aria-describedby=\"caption-attachment-11692\" decoding=\"async\" loading=\"lazy\" class=\"size-full wp-image-11692\" src=\"http:\/\/www.ivanabeaumond.com.br\/vestidos-noiva\/wp-content\/uploads\/2016\/08\/justin-alexander-Vestido-de-Noiva-Ivana-Beaumond.jpg\" alt=\"Just Alexander\" width=\"400\" height=\"596\" srcset=\"https:\/\/www.ivanabeaumond.com.br\/vestidos-noiva\/wp-content\/uploads\/2016\/08\/justin-alexander-Vestido-de-Noiva-Ivana-Beaumond.jpg 400w, https:\/\/www.ivanabeaumond.com.br\/vestidos-noiva\/wp-content\/uploads\/2016\/08\/justin-alexander-Vestido-de-Noiva-Ivana-Beaumond-201x300.jpg 201w\" sizes=\"(max-width: 400px) 100vw, 400px\" \/><p id=\"caption-attachment-11692\" class=\"wp-caption-text\">Just Alexander<\/p><\/div>\n<h4 style=\"text-align: justify;\">Fotos: Ugo Camera<\/h4>\n","protected":false},"excerpt":{"rendered":"<p>A Ivana Beaumond marcou presen\u00e7a na Barcelona Bridal Week 2016,&#8230;<\/p>\n","protected":false},"author":4,"featured_media":11622,"comment_status":"open","ping_status":"open","sticky":false,"template":"","format":"standard","meta":[],"categories":[128],"tags":[131,133,96,137,162,103,136,164,165,138,115],"yoast_head":"<!-- This site is optimized with the Yoast SEO plugin v20.3 - https:\/\/yoast.com\/wordpress\/plugins\/seo\/ -->\n<title>BARCELONA BRIDAL WEEK 2016 - Vestido de Noiva RJ<\/title>\n<meta name=\"robots\" content=\"index, follow, max-snippet:-1, max-image-preview:large, max-video-preview:-1\" \/>\n<link rel=\"canonical\" href=\"https:\/\/www.ivanabeaumond.com.br\/vestidos-noiva\/vestidos-de-noiva-barcelona-bridal-week-2016\/\" \/>\n<meta property=\"og:locale\" content=\"pt_BR\" \/>\n<meta property=\"og:type\" content=\"article\" \/>\n<meta property=\"og:title\" content=\"BARCELONA BRIDAL WEEK 2016 - Vestido de Noiva RJ\" \/>\n<meta property=\"og:description\" content=\"A Ivana Beaumond marcou presen\u00e7a na Barcelona Bridal Week 2016,...\" \/>\n<meta property=\"og:url\" content=\"https:\/\/www.ivanabeaumond.com.br\/vestidos-noiva\/vestidos-de-noiva-barcelona-bridal-week-2016\/\" \/>\n<meta property=\"og:site_name\" content=\"Vestido de Noiva RJ\" \/>\n<meta property=\"article:publisher\" content=\"https:\/\/www.facebook.com\/ivana.beaumondnoivas\" \/>\n<meta property=\"article:published_time\" content=\"2016-08-25T02:31:38+00:00\" \/>\n<meta property=\"article:modified_time\" content=\"2017-09-11T15:42:49+00:00\" \/>\n<meta property=\"og:image\" content=\"https:\/\/www.ivanabeaumond.com.br\/vestidos-noiva\/wp-content\/uploads\/2016\/08\/vestidos-de-noiva-rj-1-e1496175261177.jpg\" \/>\n\t<meta property=\"og:image:width\" content=\"300\" \/>\n\t<meta property=\"og:image:height\" content=\"200\" \/>\n\t<meta property=\"og:image:type\" content=\"image\/jpeg\" \/>\n<meta name=\"author\" content=\"Ivana Beaumond Paris\" \/>\n<meta name=\"twitter:card\" content=\"summary_large_image\" \/>\n<meta name=\"twitter:label1\" content=\"Escrito por\" \/>\n\t<meta name=\"twitter:data1\" content=\"Ivana Beaumond Paris\" \/>\n\t<meta name=\"twitter:label2\" content=\"Est. tempo de leitura\" \/>\n\t<meta name=\"twitter:data2\" content=\"1 minuto\" \/>\n<script type=\"application\/ld+json\" class=\"yoast-schema-graph\">{\"@context\":\"https:\/\/schema.org\",\"@graph\":[{\"@type\":\"Article\",\"@id\":\"https:\/\/www.ivanabeaumond.com.br\/vestidos-noiva\/vestidos-de-noiva-barcelona-bridal-week-2016\/#article\",\"isPartOf\":{\"@id\":\"https:\/\/www.ivanabeaumond.com.br\/vestidos-noiva\/vestidos-de-noiva-barcelona-bridal-week-2016\/\"},\"author\":{\"name\":\"Ivana Beaumond Paris\",\"@id\":\"https:\/\/www.ivanabeaumond.com.br\/vestidos-noiva\/#\/schema\/person\/1a360c4cffa3b806d29a456389dcff26\"},\"headline\":\"BARCELONA BRIDAL WEEK 2016\",\"datePublished\":\"2016-08-25T02:31:38+00:00\",\"dateModified\":\"2017-09-11T15:42:49+00:00\",\"mainEntityOfPage\":{\"@id\":\"https:\/\/www.ivanabeaumond.com.br\/vestidos-noiva\/vestidos-de-noiva-barcelona-bridal-week-2016\/\"},\"wordCount\":226,\"commentCount\":0,\"publisher\":{\"@id\":\"https:\/\/www.ivanabeaumond.com.br\/vestidos-noiva\/#organization\"},\"keywords\":[\"aluguel de roupas\",\"atelierivanabeaumond\",\"casamento\",\"convidadas\",\"festas\",\"madrinhas\",\"moda festa\",\"noivas\",\"padrinhos\",\"vestido de festa\",\"vestido de noiva\"],\"articleSection\":[\"Na M\u00eddia\"],\"inLanguage\":\"pt-BR\",\"potentialAction\":[{\"@type\":\"CommentAction\",\"name\":\"Comment\",\"target\":[\"https:\/\/www.ivanabeaumond.com.br\/vestidos-noiva\/vestidos-de-noiva-barcelona-bridal-week-2016\/#respond\"]}]},{\"@type\":\"WebPage\",\"@id\":\"https:\/\/www.ivanabeaumond.com.br\/vestidos-noiva\/vestidos-de-noiva-barcelona-bridal-week-2016\/\",\"url\":\"https:\/\/www.ivanabeaumond.com.br\/vestidos-noiva\/vestidos-de-noiva-barcelona-bridal-week-2016\/\",\"name\":\"BARCELONA BRIDAL WEEK 2016 - Vestido de Noiva RJ\",\"isPartOf\":{\"@id\":\"https:\/\/www.ivanabeaumond.com.br\/vestidos-noiva\/#website\"},\"datePublished\":\"2016-08-25T02:31:38+00:00\",\"dateModified\":\"2017-09-11T15:42:49+00:00\",\"breadcrumb\":{\"@id\":\"https:\/\/www.ivanabeaumond.com.br\/vestidos-noiva\/vestidos-de-noiva-barcelona-bridal-week-2016\/#breadcrumb\"},\"inLanguage\":\"pt-BR\",\"potentialAction\":[{\"@type\":\"ReadAction\",\"target\":[\"https:\/\/www.ivanabeaumond.com.br\/vestidos-noiva\/vestidos-de-noiva-barcelona-bridal-week-2016\/\"]}]},{\"@type\":\"BreadcrumbList\",\"@id\":\"https:\/\/www.ivanabeaumond.com.br\/vestidos-noiva\/vestidos-de-noiva-barcelona-bridal-week-2016\/#breadcrumb\",\"itemListElement\":[{\"@type\":\"ListItem\",\"position\":1,\"name\":\"In\u00edcio\",\"item\":\"https:\/\/www.ivanabeaumond.com.br\/vestidos-noiva\/\"},{\"@type\":\"ListItem\",\"position\":2,\"name\":\"BARCELONA BRIDAL WEEK 2016\"}]},{\"@type\":\"WebSite\",\"@id\":\"https:\/\/www.ivanabeaumond.com.br\/vestidos-noiva\/#website\",\"url\":\"https:\/\/www.ivanabeaumond.com.br\/vestidos-noiva\/\",\"name\":\"Vestido de Noiva RJ\",\"description\":\"Moda Noiva\",\"publisher\":{\"@id\":\"https:\/\/www.ivanabeaumond.com.br\/vestidos-noiva\/#organization\"},\"potentialAction\":[{\"@type\":\"SearchAction\",\"target\":{\"@type\":\"EntryPoint\",\"urlTemplate\":\"https:\/\/www.ivanabeaumond.com.br\/vestidos-noiva\/?s={search_term_string}\"},\"query-input\":\"required name=search_term_string\"}],\"inLanguage\":\"pt-BR\"},{\"@type\":\"Organization\",\"@id\":\"https:\/\/www.ivanabeaumond.com.br\/vestidos-noiva\/#organization\",\"name\":\"Vestido de Noiva RJ\",\"url\":\"https:\/\/www.ivanabeaumond.com.br\/vestidos-noiva\/\",\"logo\":{\"@type\":\"ImageObject\",\"inLanguage\":\"pt-BR\",\"@id\":\"https:\/\/www.ivanabeaumond.com.br\/vestidos-noiva\/#\/schema\/logo\/image\/\",\"url\":\"https:\/\/www.ivanabeaumond.com.br\/vestidos-noiva\/wp-content\/uploads\/2018\/02\/logo_ivana_beaumond-2.png\",\"contentUrl\":\"https:\/\/www.ivanabeaumond.com.br\/vestidos-noiva\/wp-content\/uploads\/2018\/02\/logo_ivana_beaumond-2.png\",\"width\":230,\"height\":112,\"caption\":\"Vestido de Noiva RJ\"},\"image\":{\"@id\":\"https:\/\/www.ivanabeaumond.com.br\/vestidos-noiva\/#\/schema\/logo\/image\/\"},\"sameAs\":[\"https:\/\/www.facebook.com\/ivana.beaumondnoivas\",\"https:\/\/www.instagram.com\/ivanabeaumond\/\",\"https:\/\/www.tiktok.com\/@ivanabeaumond\"]},{\"@type\":\"Person\",\"@id\":\"https:\/\/www.ivanabeaumond.com.br\/vestidos-noiva\/#\/schema\/person\/1a360c4cffa3b806d29a456389dcff26\",\"name\":\"Ivana Beaumond Paris\",\"image\":{\"@type\":\"ImageObject\",\"inLanguage\":\"pt-BR\",\"@id\":\"https:\/\/www.ivanabeaumond.com.br\/vestidos-noiva\/#\/schema\/person\/image\/\",\"url\":\"https:\/\/secure.gravatar.com\/avatar\/641f98db20b53ec937ceb641db4270b9?s=96&d=mm&r=g\",\"contentUrl\":\"https:\/\/secure.gravatar.com\/avatar\/641f98db20b53ec937ceb641db4270b9?s=96&d=mm&r=g\",\"caption\":\"Ivana Beaumond Paris\"},\"url\":\"https:\/\/www.ivanabeaumond.com.br\/vestidos-noiva\/author\/ivana\/\"}]}<\/script>\n<!-- \/ Yoast SEO plugin. -->","yoast_head_json":{"title":"BARCELONA BRIDAL WEEK 2016 - Vestido de Noiva RJ","robots":{"index":"index","follow":"follow","max-snippet":"max-snippet:-1","max-image-preview":"max-image-preview:large","max-video-preview":"max-video-preview:-1"},"canonical":"https:\/\/www.ivanabeaumond.com.br\/vestidos-noiva\/vestidos-de-noiva-barcelona-bridal-week-2016\/","og_locale":"pt_BR","og_type":"article","og_title":"BARCELONA BRIDAL WEEK 2016 - Vestido de Noiva RJ","og_description":"A Ivana Beaumond marcou presen\u00e7a na Barcelona Bridal Week 2016,...","og_url":"https:\/\/www.ivanabeaumond.com.br\/vestidos-noiva\/vestidos-de-noiva-barcelona-bridal-week-2016\/","og_site_name":"Vestido de Noiva RJ","article_publisher":"https:\/\/www.facebook.com\/ivana.beaumondnoivas","article_published_time":"2016-08-25T02:31:38+00:00","article_modified_time":"2017-09-11T15:42:49+00:00","og_image":[{"width":300,"height":200,"url":"https:\/\/www.ivanabeaumond.com.br\/vestidos-noiva\/wp-content\/uploads\/2016\/08\/vestidos-de-noiva-rj-1-e1496175261177.jpg","type":"image\/jpeg"}],"author":"Ivana Beaumond Paris","twitter_card":"summary_large_image","twitter_misc":{"Escrito por":"Ivana Beaumond Paris","Est. tempo de leitura":"1 minuto"},"schema":{"@context":"https:\/\/schema.org","@graph":[{"@type":"Article","@id":"https:\/\/www.ivanabeaumond.com.br\/vestidos-noiva\/vestidos-de-noiva-barcelona-bridal-week-2016\/#article","isPartOf":{"@id":"https:\/\/www.ivanabeaumond.com.br\/vestidos-noiva\/vestidos-de-noiva-barcelona-bridal-week-2016\/"},"author":{"name":"Ivana Beaumond Paris","@id":"https:\/\/www.ivanabeaumond.com.br\/vestidos-noiva\/#\/schema\/person\/1a360c4cffa3b806d29a456389dcff26"},"headline":"BARCELONA BRIDAL WEEK 2016","datePublished":"2016-08-25T02:31:38+00:00","dateModified":"2017-09-11T15:42:49+00:00","mainEntityOfPage":{"@id":"https:\/\/www.ivanabeaumond.com.br\/vestidos-noiva\/vestidos-de-noiva-barcelona-bridal-week-2016\/"},"wordCount":226,"commentCount":0,"publisher":{"@id":"https:\/\/www.ivanabeaumond.com.br\/vestidos-noiva\/#organization"},"keywords":["aluguel de roupas","atelierivanabeaumond","casamento","convidadas","festas","madrinhas","moda festa","noivas","padrinhos","vestido de festa","vestido de noiva"],"articleSection":["Na M\u00eddia"],"inLanguage":"pt-BR","potentialAction":[{"@type":"CommentAction","name":"Comment","target":["https:\/\/www.ivanabeaumond.com.br\/vestidos-noiva\/vestidos-de-noiva-barcelona-bridal-week-2016\/#respond"]}]},{"@type":"WebPage","@id":"https:\/\/www.ivanabeaumond.com.br\/vestidos-noiva\/vestidos-de-noiva-barcelona-bridal-week-2016\/","url":"https:\/\/www.ivanabeaumond.com.br\/vestidos-noiva\/vestidos-de-noiva-barcelona-bridal-week-2016\/","name":"BARCELONA BRIDAL WEEK 2016 - Vestido de Noiva RJ","isPartOf":{"@id":"https:\/\/www.ivanabeaumond.com.br\/vestidos-noiva\/#website"},"datePublished":"2016-08-25T02:31:38+00:00","dateModified":"2017-09-11T15:42:49+00:00","breadcrumb":{"@id":"https:\/\/www.ivanabeaumond.com.br\/vestidos-noiva\/vestidos-de-noiva-barcelona-bridal-week-2016\/#breadcrumb"},"inLanguage":"pt-BR","potentialAction":[{"@type":"ReadAction","target":["https:\/\/www.ivanabeaumond.com.br\/vestidos-noiva\/vestidos-de-noiva-barcelona-bridal-week-2016\/"]}]},{"@type":"BreadcrumbList","@id":"https:\/\/www.ivanabeaumond.com.br\/vestidos-noiva\/vestidos-de-noiva-barcelona-bridal-week-2016\/#breadcrumb","itemListElement":[{"@type":"ListItem","position":1,"name":"In\u00edcio","item":"https:\/\/www.ivanabeaumond.com.br\/vestidos-noiva\/"},{"@type":"ListItem","position":2,"name":"BARCELONA BRIDAL WEEK 2016"}]},{"@type":"WebSite","@id":"https:\/\/www.ivanabeaumond.com.br\/vestidos-noiva\/#website","url":"https:\/\/www.ivanabeaumond.com.br\/vestidos-noiva\/","name":"Vestido de Noiva RJ","description":"Moda Noiva","publisher":{"@id":"https:\/\/www.ivanabeaumond.com.br\/vestidos-noiva\/#organization"},"potentialAction":[{"@type":"SearchAction","target":{"@type":"EntryPoint","urlTemplate":"https:\/\/www.ivanabeaumond.com.br\/vestidos-noiva\/?s={search_term_string}"},"query-input":"required name=search_term_string"}],"inLanguage":"pt-BR"},{"@type":"Organization","@id":"https:\/\/www.ivanabeaumond.com.br\/vestidos-noiva\/#organization","name":"Vestido de Noiva RJ","url":"https:\/\/www.ivanabeaumond.com.br\/vestidos-noiva\/","logo":{"@type":"ImageObject","inLanguage":"pt-BR","@id":"https:\/\/www.ivanabeaumond.com.br\/vestidos-noiva\/#\/schema\/logo\/image\/","url":"https:\/\/www.ivanabeaumond.com.br\/vestidos-noiva\/wp-content\/uploads\/2018\/02\/logo_ivana_beaumond-2.png","contentUrl":"https:\/\/www.ivanabeaumond.com.br\/vestidos-noiva\/wp-content\/uploads\/2018\/02\/logo_ivana_beaumond-2.png","width":230,"height":112,"caption":"Vestido de Noiva RJ"},"image":{"@id":"https:\/\/www.ivanabeaumond.com.br\/vestidos-noiva\/#\/schema\/logo\/image\/"},"sameAs":["https:\/\/www.facebook.com\/ivana.beaumondnoivas","https:\/\/www.instagram.com\/ivanabeaumond\/","https:\/\/www.tiktok.com\/@ivanabeaumond"]},{"@type":"Person","@id":"https:\/\/www.ivanabeaumond.com.br\/vestidos-noiva\/#\/schema\/person\/1a360c4cffa3b806d29a456389dcff26","name":"Ivana Beaumond Paris","image":{"@type":"ImageObject","inLanguage":"pt-BR","@id":"https:\/\/www.ivanabeaumond.com.br\/vestidos-noiva\/#\/schema\/person\/image\/","url":"https:\/\/secure.gravatar.com\/avatar\/641f98db20b53ec937ceb641db4270b9?s=96&d=mm&r=g","contentUrl":"https:\/\/secure.gravatar.com\/avatar\/641f98db20b53ec937ceb641db4270b9?s=96&d=mm&r=g","caption":"Ivana Beaumond Paris"},"url":"https:\/\/www.ivanabeaumond.com.br\/vestidos-noiva\/author\/ivana\/"}]}},"_links":{"self":[{"href":"https:\/\/www.ivanabeaumond.com.br\/vestidos-noiva\/wp-json\/wp\/v2\/posts\/11619"}],"collection":[{"href":"https:\/\/www.ivanabeaumond.com.br\/vestidos-noiva\/wp-json\/wp\/v2\/posts"}],"about":[{"href":"https:\/\/www.ivanabeaumond.com.br\/vestidos-noiva\/wp-json\/wp\/v2\/types\/post"}],"author":[{"embeddable":true,"href":"https:\/\/www.ivanabeaumond.com.br\/vestidos-noiva\/wp-json\/wp\/v2\/users\/4"}],"replies":[{"embeddable":true,"href":"https:\/\/www.ivanabeaumond.com.br\/vestidos-noiva\/wp-json\/wp\/v2\/comments?post=11619"}],"version-history":[{"count":18,"href":"https:\/\/www.ivanabeaumond.com.br\/vestidos-noiva\/wp-json\/wp\/v2\/posts\/11619\/revisions"}],"predecessor-version":[{"id":11699,"href":"https:\/\/www.ivanabeaumond.com.br\/vestidos-noiva\/wp-json\/wp\/v2\/posts\/11619\/revisions\/11699"}],"wp:featuredmedia":[{"embeddable":true,"href":"https:\/\/www.ivanabeaumond.com.br\/vestidos-noiva\/wp-json\/wp\/v2\/media\/11622"}],"wp:attachment":[{"href":"https:\/\/www.ivanabeaumond.com.br\/vestidos-noiva\/wp-json\/wp\/v2\/media?parent=11619"}],"wp:term":[{"taxonomy":"category","embeddable":true,"href":"https:\/\/www.ivanabeaumond.com.br\/vestidos-noiva\/wp-json\/wp\/v2\/categories?post=11619"},{"taxonomy":"post_tag","embeddable":true,"href":"https:\/\/www.ivanabeaumond.com.br\/vestidos-noiva\/wp-json\/wp\/v2\/tags?post=11619"}],"curies":[{"name":"wp","href":"https:\/\/api.w.org\/{rel}","templated":true}]}}