{"id":12390,"date":"2017-04-12T20:29:52","date_gmt":"2017-04-12T23:29:52","guid":{"rendered":"http:\/\/www.ivanabeaumond.com.br\/vestidos-noiva\/?p=12390"},"modified":"2017-12-11T13:31:23","modified_gmt":"2017-12-11T15:31:23","slug":"coquetel-de-inauguracao-do-atelier-ivana-beaumond-no-shopping-itanhanga","status":"publish","type":"post","link":"https:\/\/www.ivanabeaumond.com.br\/vestidos-noiva\/coquetel-de-inauguracao-do-atelier-ivana-beaumond-no-shopping-itanhanga\/","title":{"rendered":"COQUETEL DE INAUGURA\u00c7\u00c3O DO ATELIER IVANA BEAUMOND NO SHOPPING ITANHANG\u00c1"},"content":{"rendered":"<h4 style=\"text-align: left;\" data-block=\"true\" data-editor=\"2trt0\" data-offset-key=\"f61r9-0-0\"><span data-offset-key=\"f61r9-0-0\"><span data-text=\"true\">Nossa inaugura\u00e7\u00e3o foi um <span style=\"color: #ff0000;\">SUCESSO<\/span>!!<br \/>\n<\/span><\/span>Recebemos muitos amigos , parceiros e clientes, para prestigiar nosso espa\u00e7o, que foi pensado e planejado com muito carinho para receber voc\u00eas! A loja est\u00e1 incr\u00edvel, aconchegante e linda, com muitos vestidos expostos da nova cole\u00e7\u00e3o! Confira algumas fotos da inaugura\u00e7\u00e3o &#8211; Ivana Beaumond Para maiores informa\u00e7\u00f5es: 21. 2567 5507 | 2491-0752<\/h4>\n<div id=\"attachment_12396\" style=\"width: 1034px\" class=\"wp-caption aligncenter\"><a href=\"http:\/\/www.ivanabeaumond.com.br\/vestidos-noiva\/wp-content\/uploads\/2017\/04\/Inaugura\u00e7\u00e3o_Ivana-13.jpg\"><img aria-describedby=\"caption-attachment-12396\" decoding=\"async\" loading=\"lazy\" class=\"wp-image-12396 size-large\" src=\"http:\/\/www.ivanabeaumond.com.br\/vestidos-noiva\/wp-content\/uploads\/2017\/04\/Inaugura\u00e7\u00e3o_Ivana-13-1024x684.jpg\" alt=\"\" width=\"1024\" height=\"684\" srcset=\"https:\/\/www.ivanabeaumond.com.br\/vestidos-noiva\/wp-content\/uploads\/2017\/04\/Inaugura\u00e7\u00e3o_Ivana-13-1024x684.jpg 1024w, https:\/\/www.ivanabeaumond.com.br\/vestidos-noiva\/wp-content\/uploads\/2017\/04\/Inaugura\u00e7\u00e3o_Ivana-13-300x200.jpg 300w, https:\/\/www.ivanabeaumond.com.br\/vestidos-noiva\/wp-content\/uploads\/2017\/04\/Inaugura\u00e7\u00e3o_Ivana-13-480x320.jpg 480w\" sizes=\"(max-width: 1024px) 100vw, 1024px\" \/><\/a><p id=\"caption-attachment-12396\" class=\"wp-caption-text\">ATELIER IVANA BEAUMOND<\/p><\/div>\n<div id=\"attachment_12394\" style=\"width: 1034px\" class=\"wp-caption aligncenter\"><a href=\"http:\/\/www.ivanabeaumond.com.br\/vestidos-noiva\/wp-content\/uploads\/2017\/04\/Inaugura\u00e7\u00e3o_Ivana-11.jpg\"><img aria-describedby=\"caption-attachment-12394\" decoding=\"async\" loading=\"lazy\" class=\"wp-image-12394 size-large\" src=\"http:\/\/www.ivanabeaumond.com.br\/vestidos-noiva\/wp-content\/uploads\/2017\/04\/Inaugura\u00e7\u00e3o_Ivana-11-1024x684.jpg\" alt=\"\" width=\"1024\" height=\"684\" srcset=\"https:\/\/www.ivanabeaumond.com.br\/vestidos-noiva\/wp-content\/uploads\/2017\/04\/Inaugura\u00e7\u00e3o_Ivana-11-1024x684.jpg 1024w, https:\/\/www.ivanabeaumond.com.br\/vestidos-noiva\/wp-content\/uploads\/2017\/04\/Inaugura\u00e7\u00e3o_Ivana-11-300x200.jpg 300w, https:\/\/www.ivanabeaumond.com.br\/vestidos-noiva\/wp-content\/uploads\/2017\/04\/Inaugura\u00e7\u00e3o_Ivana-11-480x320.jpg 480w\" sizes=\"(max-width: 1024px) 100vw, 1024px\" \/><\/a><p id=\"caption-attachment-12394\" class=\"wp-caption-text\">A ESCOLHA DO VESTIDO IDEAL COME\u00c7A AQUI.<\/p><\/div>\n<div id=\"attachment_12416\" style=\"width: 694px\" class=\"wp-caption aligncenter\"><a href=\"http:\/\/www.ivanabeaumond.com.br\/vestidos-noiva\/wp-content\/uploads\/2017\/04\/Inaugura\u00e7\u00e3o_Ivana-85.jpg\"><img aria-describedby=\"caption-attachment-12416\" decoding=\"async\" loading=\"lazy\" class=\"wp-image-12416 size-large\" src=\"http:\/\/www.ivanabeaumond.com.br\/vestidos-noiva\/wp-content\/uploads\/2017\/04\/Inaugura\u00e7\u00e3o_Ivana-85-684x1024.jpg\" alt=\"Inaugura\u00e7\u00e3o_Ivana-85\" width=\"684\" height=\"1024\" srcset=\"https:\/\/www.ivanabeaumond.com.br\/vestidos-noiva\/wp-content\/uploads\/2017\/04\/Inaugura\u00e7\u00e3o_Ivana-85-684x1024.jpg 684w, https:\/\/www.ivanabeaumond.com.br\/vestidos-noiva\/wp-content\/uploads\/2017\/04\/Inaugura\u00e7\u00e3o_Ivana-85-200x300.jpg 200w\" sizes=\"(max-width: 684px) 100vw, 684px\" \/><\/a><p id=\"caption-attachment-12416\" class=\"wp-caption-text\">NOSSO LINDO ESTILISTA RONI ROBSON E MINHA LINDA FILHA, ESTILISTA FLORENCE BEAUMOND.<\/p><\/div>\n<div id=\"attachment_12415\" style=\"width: 1034px\" class=\"wp-caption aligncenter\"><a href=\"http:\/\/www.ivanabeaumond.com.br\/vestidos-noiva\/wp-content\/uploads\/2017\/04\/Inaugura\u00e7\u00e3o_Ivana-85.jpg\"><img aria-describedby=\"caption-attachment-12415\" decoding=\"async\" loading=\"lazy\" class=\"wp-image-12415 size-large\" src=\"http:\/\/www.ivanabeaumond.com.br\/vestidos-noiva\/wp-content\/uploads\/2017\/04\/Inaugura\u00e7\u00e3o_Ivana-73-1024x684.jpg\" alt=\"Inaugura\u00e7\u00e3o_Ivana-73\" width=\"1024\" height=\"684\" srcset=\"https:\/\/www.ivanabeaumond.com.br\/vestidos-noiva\/wp-content\/uploads\/2017\/04\/Inaugura\u00e7\u00e3o_Ivana-73-1024x684.jpg 1024w, https:\/\/www.ivanabeaumond.com.br\/vestidos-noiva\/wp-content\/uploads\/2017\/04\/Inaugura\u00e7\u00e3o_Ivana-73-300x200.jpg 300w, https:\/\/www.ivanabeaumond.com.br\/vestidos-noiva\/wp-content\/uploads\/2017\/04\/Inaugura\u00e7\u00e3o_Ivana-73-480x320.jpg 480w\" sizes=\"(max-width: 1024px) 100vw, 1024px\" \/><\/a><p id=\"caption-attachment-12415\" class=\"wp-caption-text\">COM AS QUERIDAS ATRIZES JULIANA XAVIER E CLAUDIA ALENCAR.<\/p><\/div>\n<div id=\"attachment_12417\" style=\"width: 1034px\" class=\"wp-caption aligncenter\"><a href=\"http:\/\/www.ivanabeaumond.com.br\/vestidos-noiva\/wp-content\/uploads\/2017\/04\/Inaugura\u00e7\u00e3o_Ivana-93.jpg\"><img aria-describedby=\"caption-attachment-12417\" decoding=\"async\" loading=\"lazy\" class=\"wp-image-12417 size-large\" src=\"http:\/\/www.ivanabeaumond.com.br\/vestidos-noiva\/wp-content\/uploads\/2017\/04\/Inaugura\u00e7\u00e3o_Ivana-93-1024x684.jpg\" alt=\"Inaugura\u00e7\u00e3o_Ivana-93\" width=\"1024\" height=\"684\" srcset=\"https:\/\/www.ivanabeaumond.com.br\/vestidos-noiva\/wp-content\/uploads\/2017\/04\/Inaugura\u00e7\u00e3o_Ivana-93-1024x684.jpg 1024w, https:\/\/www.ivanabeaumond.com.br\/vestidos-noiva\/wp-content\/uploads\/2017\/04\/Inaugura\u00e7\u00e3o_Ivana-93-300x200.jpg 300w, https:\/\/www.ivanabeaumond.com.br\/vestidos-noiva\/wp-content\/uploads\/2017\/04\/Inaugura\u00e7\u00e3o_Ivana-93-480x320.jpg 480w\" sizes=\"(max-width: 1024px) 100vw, 1024px\" \/><\/a><p id=\"caption-attachment-12417\" class=\"wp-caption-text\">COM AS QUERIDAS AMANDA E ALINE<\/p><\/div>\n<div id=\"attachment_12429\" style=\"width: 1034px\" class=\"wp-caption aligncenter\"><a href=\"http:\/\/www.ivanabeaumond.com.br\/vestidos-noiva\/wp-content\/uploads\/2017\/04\/Inaugura\u00e7\u00e3o_Ivana-24.jpg\"><img aria-describedby=\"caption-attachment-12429\" decoding=\"async\" loading=\"lazy\" class=\"wp-image-12429 size-large\" src=\"http:\/\/www.ivanabeaumond.com.br\/vestidos-noiva\/wp-content\/uploads\/2017\/04\/Inaugura\u00e7\u00e3o_Ivana-24-1024x684.jpg\" alt=\"Inaugura\u00e7\u00e3o_Ivana-24\" width=\"1024\" height=\"684\" srcset=\"https:\/\/www.ivanabeaumond.com.br\/vestidos-noiva\/wp-content\/uploads\/2017\/04\/Inaugura\u00e7\u00e3o_Ivana-24-1024x684.jpg 1024w, https:\/\/www.ivanabeaumond.com.br\/vestidos-noiva\/wp-content\/uploads\/2017\/04\/Inaugura\u00e7\u00e3o_Ivana-24-300x200.jpg 300w, https:\/\/www.ivanabeaumond.com.br\/vestidos-noiva\/wp-content\/uploads\/2017\/04\/Inaugura\u00e7\u00e3o_Ivana-24-480x320.jpg 480w\" sizes=\"(max-width: 1024px) 100vw, 1024px\" \/><\/a><p id=\"caption-attachment-12429\" class=\"wp-caption-text\">O PROMOTER DAVID SANTIAGO E A QUERIDA ADRIANA BOMBOM.<\/p><\/div>\n<div id=\"attachment_12412\" style=\"width: 1034px\" class=\"wp-caption aligncenter\"><a href=\"http:\/\/www.ivanabeaumond.com.br\/vestidos-noiva\/wp-content\/uploads\/2017\/04\/Inaugura\u00e7\u00e3o_Ivana-38.jpg\"><img aria-describedby=\"caption-attachment-12412\" decoding=\"async\" loading=\"lazy\" class=\"wp-image-12412 size-large\" src=\"http:\/\/www.ivanabeaumond.com.br\/vestidos-noiva\/wp-content\/uploads\/2017\/04\/Inaugura\u00e7\u00e3o_Ivana-38-1024x684.jpg\" alt=\"Inaugura\u00e7\u00e3o_Ivana-38\" width=\"1024\" height=\"684\" srcset=\"https:\/\/www.ivanabeaumond.com.br\/vestidos-noiva\/wp-content\/uploads\/2017\/04\/Inaugura\u00e7\u00e3o_Ivana-38-1024x684.jpg 1024w, https:\/\/www.ivanabeaumond.com.br\/vestidos-noiva\/wp-content\/uploads\/2017\/04\/Inaugura\u00e7\u00e3o_Ivana-38-300x200.jpg 300w, https:\/\/www.ivanabeaumond.com.br\/vestidos-noiva\/wp-content\/uploads\/2017\/04\/Inaugura\u00e7\u00e3o_Ivana-38-480x320.jpg 480w\" sizes=\"(max-width: 1024px) 100vw, 1024px\" \/><\/a><p id=\"caption-attachment-12412\" class=\"wp-caption-text\">A LINDA ATRIZ GIOVANNA RISPOLI TAMB\u00c9M MARCOU PRESEN\u00c7A NA INAUGURA\u00c7\u00c3O.<\/p><\/div>\n<div id=\"attachment_12424\" style=\"width: 1034px\" class=\"wp-caption aligncenter\"><a href=\"http:\/\/www.ivanabeaumond.com.br\/vestidos-noiva\/wp-content\/uploads\/2017\/04\/Inaugura\u00e7\u00e3o_Ivana-172.jpg\"><img aria-describedby=\"caption-attachment-12424\" decoding=\"async\" loading=\"lazy\" class=\"wp-image-12424 size-large\" src=\"http:\/\/www.ivanabeaumond.com.br\/vestidos-noiva\/wp-content\/uploads\/2017\/04\/Inaugura\u00e7\u00e3o_Ivana-172-1024x684.jpg\" alt=\"Inaugura\u00e7\u00e3o_Ivana-172\" width=\"1024\" height=\"684\" srcset=\"https:\/\/www.ivanabeaumond.com.br\/vestidos-noiva\/wp-content\/uploads\/2017\/04\/Inaugura\u00e7\u00e3o_Ivana-172-1024x684.jpg 1024w, https:\/\/www.ivanabeaumond.com.br\/vestidos-noiva\/wp-content\/uploads\/2017\/04\/Inaugura\u00e7\u00e3o_Ivana-172-300x200.jpg 300w, https:\/\/www.ivanabeaumond.com.br\/vestidos-noiva\/wp-content\/uploads\/2017\/04\/Inaugura\u00e7\u00e3o_Ivana-172-480x320.jpg 480w\" sizes=\"(max-width: 1024px) 100vw, 1024px\" \/><\/a><p id=\"caption-attachment-12424\" class=\"wp-caption-text\">A QUERIDA ADRIANA BOMBOM TAMB\u00c9M MARCOU PRESEN\u00c7A NA INAUGURA\u00c7\u00c3O DO NOSSO NOVO ESPA\u00c7O.<\/p><\/div>\n<div id=\"attachment_12426\" style=\"width: 1034px\" class=\"wp-caption aligncenter\"><a href=\"http:\/\/www.ivanabeaumond.com.br\/vestidos-noiva\/wp-content\/uploads\/2017\/04\/Inaugura\u00e7\u00e3o_Ivana-201.jpg\"><img aria-describedby=\"caption-attachment-12426\" decoding=\"async\" loading=\"lazy\" class=\"wp-image-12426 size-large\" src=\"http:\/\/www.ivanabeaumond.com.br\/vestidos-noiva\/wp-content\/uploads\/2017\/04\/Inaugura\u00e7\u00e3o_Ivana-201-1024x684.jpg\" alt=\"Inaugura\u00e7\u00e3o_Ivana-201\" width=\"1024\" height=\"684\" srcset=\"https:\/\/www.ivanabeaumond.com.br\/vestidos-noiva\/wp-content\/uploads\/2017\/04\/Inaugura\u00e7\u00e3o_Ivana-201-1024x684.jpg 1024w, https:\/\/www.ivanabeaumond.com.br\/vestidos-noiva\/wp-content\/uploads\/2017\/04\/Inaugura\u00e7\u00e3o_Ivana-201-300x200.jpg 300w, https:\/\/www.ivanabeaumond.com.br\/vestidos-noiva\/wp-content\/uploads\/2017\/04\/Inaugura\u00e7\u00e3o_Ivana-201-480x320.jpg 480w\" sizes=\"(max-width: 1024px) 100vw, 1024px\" \/><\/a><p id=\"caption-attachment-12426\" class=\"wp-caption-text\">OS QUERIDOS ANDR\u00c9 GASPARETTY, O AUTOR DE NOVELAS TIAGO SANTIAGO, A APRESENTADORA GARD\u00caNIA CAVALCANTE , E A ATRIZ JULIANA XAVIER PRESTIGIARAM NOSSO COQUETEL DE INAUGURA\u00c7\u00c3O.<\/p><\/div>\n<div id=\"attachment_12413\" style=\"width: 694px\" class=\"wp-caption aligncenter\"><a href=\"http:\/\/www.ivanabeaumond.com.br\/vestidos-noiva\/wp-content\/uploads\/2017\/04\/Inaugura\u00e7\u00e3o_Ivana-52.jpg\"><img aria-describedby=\"caption-attachment-12413\" decoding=\"async\" loading=\"lazy\" class=\"wp-image-12413 size-large\" src=\"http:\/\/www.ivanabeaumond.com.br\/vestidos-noiva\/wp-content\/uploads\/2017\/04\/Inaugura\u00e7\u00e3o_Ivana-52-684x1024.jpg\" alt=\"Inaugura\u00e7\u00e3o_Ivana-52\" width=\"684\" height=\"1024\" srcset=\"https:\/\/www.ivanabeaumond.com.br\/vestidos-noiva\/wp-content\/uploads\/2017\/04\/Inaugura\u00e7\u00e3o_Ivana-52-684x1024.jpg 684w, https:\/\/www.ivanabeaumond.com.br\/vestidos-noiva\/wp-content\/uploads\/2017\/04\/Inaugura\u00e7\u00e3o_Ivana-52-200x300.jpg 200w\" sizes=\"(max-width: 684px) 100vw, 684px\" \/><\/a><p id=\"caption-attachment-12413\" class=\"wp-caption-text\">A ATRIZ CRISTIANE OLIVEIRA MARCOU PRESEN\u00c7A NA INAUGURA\u00c7\u00c3O.<\/p><\/div>\n<div id=\"attachment_12414\" style=\"width: 1034px\" class=\"wp-caption aligncenter\"><a href=\"http:\/\/www.ivanabeaumond.com.br\/vestidos-noiva\/wp-content\/uploads\/2017\/04\/Inaugura\u00e7\u00e3o_Ivana-54.jpg\"><img aria-describedby=\"caption-attachment-12414\" decoding=\"async\" loading=\"lazy\" class=\"wp-image-12414 size-large\" src=\"http:\/\/www.ivanabeaumond.com.br\/vestidos-noiva\/wp-content\/uploads\/2017\/04\/Inaugura\u00e7\u00e3o_Ivana-54-1024x684.jpg\" alt=\"Inaugura\u00e7\u00e3o_Ivana-54\" width=\"1024\" height=\"684\" srcset=\"https:\/\/www.ivanabeaumond.com.br\/vestidos-noiva\/wp-content\/uploads\/2017\/04\/Inaugura\u00e7\u00e3o_Ivana-54-1024x684.jpg 1024w, https:\/\/www.ivanabeaumond.com.br\/vestidos-noiva\/wp-content\/uploads\/2017\/04\/Inaugura\u00e7\u00e3o_Ivana-54-300x200.jpg 300w, https:\/\/www.ivanabeaumond.com.br\/vestidos-noiva\/wp-content\/uploads\/2017\/04\/Inaugura\u00e7\u00e3o_Ivana-54-480x320.jpg 480w\" sizes=\"(max-width: 1024px) 100vw, 1024px\" \/><\/a><p id=\"caption-attachment-12414\" class=\"wp-caption-text\">A ATRIZ CRISTIANE OLIVEIRA TAMB\u00c9M VEIO PRESTIGIAR NOSSO MAIS NOVO ESPA\u00c7O. Olha que Anel Maravilhoso By Cristiane Oliveira!!!<\/p><\/div>\n<div id=\"attachment_12418\" style=\"width: 1034px\" class=\"wp-caption aligncenter\"><a href=\"http:\/\/www.ivanabeaumond.com.br\/vestidos-noiva\/wp-content\/uploads\/2017\/04\/Inaugura\u00e7\u00e3o_Ivana-97.jpg\"><img aria-describedby=\"caption-attachment-12418\" decoding=\"async\" loading=\"lazy\" class=\"wp-image-12418 size-large\" src=\"http:\/\/www.ivanabeaumond.com.br\/vestidos-noiva\/wp-content\/uploads\/2017\/04\/Inaugura\u00e7\u00e3o_Ivana-97-1024x684.jpg\" alt=\"Inaugura\u00e7\u00e3o_Ivana-97\" width=\"1024\" height=\"684\" srcset=\"https:\/\/www.ivanabeaumond.com.br\/vestidos-noiva\/wp-content\/uploads\/2017\/04\/Inaugura\u00e7\u00e3o_Ivana-97-1024x684.jpg 1024w, https:\/\/www.ivanabeaumond.com.br\/vestidos-noiva\/wp-content\/uploads\/2017\/04\/Inaugura\u00e7\u00e3o_Ivana-97-300x200.jpg 300w, https:\/\/www.ivanabeaumond.com.br\/vestidos-noiva\/wp-content\/uploads\/2017\/04\/Inaugura\u00e7\u00e3o_Ivana-97-480x320.jpg 480w\" sizes=\"(max-width: 1024px) 100vw, 1024px\" \/><\/a><p id=\"caption-attachment-12418\" class=\"wp-caption-text\">O QUERIDO ATOR VAL PERR\u00c9 TAMB\u00c9M MARCOU PRESEN\u00c7A.<\/p><\/div>\n<div id=\"attachment_12419\" style=\"width: 1034px\" class=\"wp-caption aligncenter\"><a href=\"http:\/\/www.ivanabeaumond.com.br\/vestidos-noiva\/wp-content\/uploads\/2017\/04\/Inaugura\u00e7\u00e3o_Ivana-99.jpg\"><img aria-describedby=\"caption-attachment-12419\" decoding=\"async\" loading=\"lazy\" class=\"wp-image-12419 size-large\" src=\"http:\/\/www.ivanabeaumond.com.br\/vestidos-noiva\/wp-content\/uploads\/2017\/04\/Inaugura\u00e7\u00e3o_Ivana-99-1024x684.jpg\" alt=\"Inaugura\u00e7\u00e3o_Ivana-99\" width=\"1024\" height=\"684\" srcset=\"https:\/\/www.ivanabeaumond.com.br\/vestidos-noiva\/wp-content\/uploads\/2017\/04\/Inaugura\u00e7\u00e3o_Ivana-99-1024x684.jpg 1024w, https:\/\/www.ivanabeaumond.com.br\/vestidos-noiva\/wp-content\/uploads\/2017\/04\/Inaugura\u00e7\u00e3o_Ivana-99-300x200.jpg 300w, https:\/\/www.ivanabeaumond.com.br\/vestidos-noiva\/wp-content\/uploads\/2017\/04\/Inaugura\u00e7\u00e3o_Ivana-99-480x320.jpg 480w\" sizes=\"(max-width: 1024px) 100vw, 1024px\" \/><\/a><p id=\"caption-attachment-12419\" class=\"wp-caption-text\">ENTREVISTA COM A QUERIDA REP\u00d3RTE FABY LYMA.<\/p><\/div>\n<div id=\"attachment_12420\" style=\"width: 1034px\" class=\"wp-caption aligncenter\"><a href=\"http:\/\/www.ivanabeaumond.com.br\/vestidos-noiva\/wp-content\/uploads\/2017\/04\/Inaugura\u00e7\u00e3o_Ivana-110.jpg\"><img aria-describedby=\"caption-attachment-12420\" decoding=\"async\" loading=\"lazy\" class=\"wp-image-12420 size-large\" src=\"http:\/\/www.ivanabeaumond.com.br\/vestidos-noiva\/wp-content\/uploads\/2017\/04\/Inaugura\u00e7\u00e3o_Ivana-110-1024x684.jpg\" alt=\"Inaugura\u00e7\u00e3o_Ivana-110\" width=\"1024\" height=\"684\" srcset=\"https:\/\/www.ivanabeaumond.com.br\/vestidos-noiva\/wp-content\/uploads\/2017\/04\/Inaugura\u00e7\u00e3o_Ivana-110-1024x684.jpg 1024w, https:\/\/www.ivanabeaumond.com.br\/vestidos-noiva\/wp-content\/uploads\/2017\/04\/Inaugura\u00e7\u00e3o_Ivana-110-300x200.jpg 300w, https:\/\/www.ivanabeaumond.com.br\/vestidos-noiva\/wp-content\/uploads\/2017\/04\/Inaugura\u00e7\u00e3o_Ivana-110-480x320.jpg 480w\" sizes=\"(max-width: 1024px) 100vw, 1024px\" \/><\/a><p id=\"caption-attachment-12420\" class=\"wp-caption-text\">OS QUERIDOS AMIGOS JORGE SOUZA E LAURA KELLER MARCARAM PRESEN\u00c7A NO NOSSO COQUETEL DE INAUGURA\u00c7\u00c3O.<\/p><\/div>\n<div id=\"attachment_12421\" style=\"width: 1034px\" class=\"wp-caption aligncenter\"><a href=\"http:\/\/www.ivanabeaumond.com.br\/vestidos-noiva\/wp-content\/uploads\/2017\/04\/Inaugura\u00e7\u00e3o_Ivana-116.jpg\"><img aria-describedby=\"caption-attachment-12421\" decoding=\"async\" loading=\"lazy\" class=\"wp-image-12421 size-large\" src=\"http:\/\/www.ivanabeaumond.com.br\/vestidos-noiva\/wp-content\/uploads\/2017\/04\/Inaugura\u00e7\u00e3o_Ivana-116-1024x684.jpg\" alt=\"Inaugura\u00e7\u00e3o_Ivana-116\" width=\"1024\" height=\"684\" srcset=\"https:\/\/www.ivanabeaumond.com.br\/vestidos-noiva\/wp-content\/uploads\/2017\/04\/Inaugura\u00e7\u00e3o_Ivana-116-1024x684.jpg 1024w, https:\/\/www.ivanabeaumond.com.br\/vestidos-noiva\/wp-content\/uploads\/2017\/04\/Inaugura\u00e7\u00e3o_Ivana-116-300x200.jpg 300w, https:\/\/www.ivanabeaumond.com.br\/vestidos-noiva\/wp-content\/uploads\/2017\/04\/Inaugura\u00e7\u00e3o_Ivana-116-480x320.jpg 480w\" sizes=\"(max-width: 1024px) 100vw, 1024px\" \/><\/a><p id=\"caption-attachment-12421\" class=\"wp-caption-text\">COM O QUERIDO FOT\u00d3GRAFO LUIZ CLAUDIO E SUA LINDA NOIVA CAMYLA DUARTE. Muito obrigada pela presen\u00e7a!!!<\/p><\/div>\n<div id=\"attachment_12422\" style=\"width: 1034px\" class=\"wp-caption aligncenter\"><a href=\"http:\/\/www.ivanabeaumond.com.br\/vestidos-noiva\/wp-content\/uploads\/2017\/04\/Inaugura\u00e7\u00e3o_Ivana-121.jpg\"><img aria-describedby=\"caption-attachment-12422\" decoding=\"async\" loading=\"lazy\" class=\"wp-image-12422 size-large\" src=\"http:\/\/www.ivanabeaumond.com.br\/vestidos-noiva\/wp-content\/uploads\/2017\/04\/Inaugura\u00e7\u00e3o_Ivana-121-1024x684.jpg\" alt=\"Inaugura\u00e7\u00e3o_Ivana-121\" width=\"1024\" height=\"684\" srcset=\"https:\/\/www.ivanabeaumond.com.br\/vestidos-noiva\/wp-content\/uploads\/2017\/04\/Inaugura\u00e7\u00e3o_Ivana-121-1024x684.jpg 1024w, https:\/\/www.ivanabeaumond.com.br\/vestidos-noiva\/wp-content\/uploads\/2017\/04\/Inaugura\u00e7\u00e3o_Ivana-121-300x200.jpg 300w, https:\/\/www.ivanabeaumond.com.br\/vestidos-noiva\/wp-content\/uploads\/2017\/04\/Inaugura\u00e7\u00e3o_Ivana-121-480x320.jpg 480w\" sizes=\"(max-width: 1024px) 100vw, 1024px\" \/><\/a><p id=\"caption-attachment-12422\" class=\"wp-caption-text\">PRESEN\u00c7A ILUSTRE DO QUERIDO CERIMONIALISTA FRANCISCO GOMES.<\/p><\/div>\n<div id=\"attachment_12423\" style=\"width: 1034px\" class=\"wp-caption aligncenter\"><a href=\"http:\/\/www.ivanabeaumond.com.br\/vestidos-noiva\/wp-content\/uploads\/2017\/04\/Inaugura\u00e7\u00e3o_Ivana-143.jpg\"><img aria-describedby=\"caption-attachment-12423\" decoding=\"async\" loading=\"lazy\" class=\"wp-image-12423 size-large\" src=\"http:\/\/www.ivanabeaumond.com.br\/vestidos-noiva\/wp-content\/uploads\/2017\/04\/Inaugura\u00e7\u00e3o_Ivana-143-1024x684.jpg\" alt=\"Inaugura\u00e7\u00e3o_Ivana-143\" width=\"1024\" height=\"684\" srcset=\"https:\/\/www.ivanabeaumond.com.br\/vestidos-noiva\/wp-content\/uploads\/2017\/04\/Inaugura\u00e7\u00e3o_Ivana-143-1024x684.jpg 1024w, https:\/\/www.ivanabeaumond.com.br\/vestidos-noiva\/wp-content\/uploads\/2017\/04\/Inaugura\u00e7\u00e3o_Ivana-143-300x200.jpg 300w, https:\/\/www.ivanabeaumond.com.br\/vestidos-noiva\/wp-content\/uploads\/2017\/04\/Inaugura\u00e7\u00e3o_Ivana-143-480x320.jpg 480w\" sizes=\"(max-width: 1024px) 100vw, 1024px\" \/><\/a><p id=\"caption-attachment-12423\" class=\"wp-caption-text\">COM AS QUERIDAS AMIGAS DO ESPA\u00c7O ZURIQUE E A ATRIZ GIOVANNA RISPOLI.<\/p><\/div>\n<div id=\"attachment_12425\" style=\"width: 1034px\" class=\"wp-caption aligncenter\"><a href=\"http:\/\/www.ivanabeaumond.com.br\/vestidos-noiva\/wp-content\/uploads\/2017\/04\/Inaugura\u00e7\u00e3o_Ivana-198.jpg\"><img aria-describedby=\"caption-attachment-12425\" decoding=\"async\" loading=\"lazy\" class=\"wp-image-12425 size-large\" src=\"http:\/\/www.ivanabeaumond.com.br\/vestidos-noiva\/wp-content\/uploads\/2017\/04\/Inaugura\u00e7\u00e3o_Ivana-198-1024x684.jpg\" alt=\"Inaugura\u00e7\u00e3o_Ivana-198\" width=\"1024\" height=\"684\" srcset=\"https:\/\/www.ivanabeaumond.com.br\/vestidos-noiva\/wp-content\/uploads\/2017\/04\/Inaugura\u00e7\u00e3o_Ivana-198-1024x684.jpg 1024w, https:\/\/www.ivanabeaumond.com.br\/vestidos-noiva\/wp-content\/uploads\/2017\/04\/Inaugura\u00e7\u00e3o_Ivana-198-300x200.jpg 300w, https:\/\/www.ivanabeaumond.com.br\/vestidos-noiva\/wp-content\/uploads\/2017\/04\/Inaugura\u00e7\u00e3o_Ivana-198-480x320.jpg 480w\" sizes=\"(max-width: 1024px) 100vw, 1024px\" \/><\/a><p id=\"caption-attachment-12425\" class=\"wp-caption-text\">COM O DIVO FABIO PIRES.<\/p><\/div>\n<div id=\"attachment_12427\" style=\"width: 1034px\" class=\"wp-caption aligncenter\"><a href=\"http:\/\/www.ivanabeaumond.com.br\/vestidos-noiva\/wp-content\/uploads\/2017\/04\/Inaugura\u00e7\u00e3o_Ivana-204.jpg\"><img aria-describedby=\"caption-attachment-12427\" decoding=\"async\" loading=\"lazy\" class=\"wp-image-12427 size-large\" src=\"http:\/\/www.ivanabeaumond.com.br\/vestidos-noiva\/wp-content\/uploads\/2017\/04\/Inaugura\u00e7\u00e3o_Ivana-204-1024x684.jpg\" alt=\"Inaugura\u00e7\u00e3o_Ivana-204\" width=\"1024\" height=\"684\" srcset=\"https:\/\/www.ivanabeaumond.com.br\/vestidos-noiva\/wp-content\/uploads\/2017\/04\/Inaugura\u00e7\u00e3o_Ivana-204-1024x684.jpg 1024w, https:\/\/www.ivanabeaumond.com.br\/vestidos-noiva\/wp-content\/uploads\/2017\/04\/Inaugura\u00e7\u00e3o_Ivana-204-300x200.jpg 300w, https:\/\/www.ivanabeaumond.com.br\/vestidos-noiva\/wp-content\/uploads\/2017\/04\/Inaugura\u00e7\u00e3o_Ivana-204-480x320.jpg 480w\" sizes=\"(max-width: 1024px) 100vw, 1024px\" \/><\/a><p id=\"caption-attachment-12427\" class=\"wp-caption-text\">COM A QUERIDA AMIGA E PARCEIRA DO MARAVILHOSO HINATA BUF\u00ca MAYUMI MUTO.<\/p><\/div>\n<div id=\"attachment_12428\" style=\"width: 1034px\" class=\"wp-caption aligncenter\"><a href=\"http:\/\/www.ivanabeaumond.com.br\/vestidos-noiva\/wp-content\/uploads\/2017\/04\/Inaugura\u00e7\u00e3o_Ivana-219.jpg\"><img aria-describedby=\"caption-attachment-12428\" decoding=\"async\" loading=\"lazy\" class=\"wp-image-12428 size-large\" src=\"http:\/\/www.ivanabeaumond.com.br\/vestidos-noiva\/wp-content\/uploads\/2017\/04\/Inaugura\u00e7\u00e3o_Ivana-219-1024x684.jpg\" alt=\"Inaugura\u00e7\u00e3o_Ivana-219\" width=\"1024\" height=\"684\" srcset=\"https:\/\/www.ivanabeaumond.com.br\/vestidos-noiva\/wp-content\/uploads\/2017\/04\/Inaugura\u00e7\u00e3o_Ivana-219-1024x684.jpg 1024w, https:\/\/www.ivanabeaumond.com.br\/vestidos-noiva\/wp-content\/uploads\/2017\/04\/Inaugura\u00e7\u00e3o_Ivana-219-300x200.jpg 300w, https:\/\/www.ivanabeaumond.com.br\/vestidos-noiva\/wp-content\/uploads\/2017\/04\/Inaugura\u00e7\u00e3o_Ivana-219-480x320.jpg 480w\" sizes=\"(max-width: 1024px) 100vw, 1024px\" \/><\/a><p id=\"caption-attachment-12428\" class=\"wp-caption-text\">PRESEN\u00c7A DOS QUERIDOS FOT\u00d3GRAFOS CLAUDIO MARUSCA E SANDRA SALLES.<\/p><\/div>\n<p>&nbsp;<\/p>\n<p>&nbsp;<\/p>\n<p>&nbsp;<\/p>\n","protected":false},"excerpt":{"rendered":"<p>Nossa inaugura\u00e7\u00e3o foi um SUCESSO!! Recebemos muitos amigos , parceiros&#8230;<\/p>\n","protected":false},"author":4,"featured_media":12410,"comment_status":"open","ping_status":"open","sticky":false,"template":"","format":"standard","meta":[],"categories":[128],"tags":[131,133,96,137,162,103,136,164,165,138,115],"yoast_head":"<!-- This site is optimized with the Yoast SEO plugin v20.3 - https:\/\/yoast.com\/wordpress\/plugins\/seo\/ -->\n<title>COQUETEL DE INAUGURA\u00c7\u00c3O DO ATELIER IVANA BEAUMOND NO SHOPPING ITANHANG\u00c1 - Vestido de Noiva RJ<\/title>\n<meta name=\"robots\" content=\"index, follow, max-snippet:-1, max-image-preview:large, max-video-preview:-1\" \/>\n<link rel=\"canonical\" href=\"https:\/\/www.ivanabeaumond.com.br\/vestidos-noiva\/coquetel-de-inauguracao-do-atelier-ivana-beaumond-no-shopping-itanhanga\/\" \/>\n<meta property=\"og:locale\" content=\"pt_BR\" \/>\n<meta property=\"og:type\" content=\"article\" \/>\n<meta property=\"og:title\" content=\"COQUETEL DE INAUGURA\u00c7\u00c3O DO ATELIER IVANA BEAUMOND NO SHOPPING ITANHANG\u00c1 - Vestido de Noiva RJ\" \/>\n<meta property=\"og:description\" content=\"Nossa inaugura\u00e7\u00e3o foi um SUCESSO!! Recebemos muitos amigos , parceiros...\" \/>\n<meta property=\"og:url\" content=\"https:\/\/www.ivanabeaumond.com.br\/vestidos-noiva\/coquetel-de-inauguracao-do-atelier-ivana-beaumond-no-shopping-itanhanga\/\" \/>\n<meta property=\"og:site_name\" content=\"Vestido de Noiva RJ\" \/>\n<meta property=\"article:publisher\" content=\"https:\/\/www.facebook.com\/ivana.beaumondnoivas\" \/>\n<meta property=\"article:published_time\" content=\"2017-04-12T23:29:52+00:00\" \/>\n<meta property=\"article:modified_time\" content=\"2017-12-11T15:31:23+00:00\" \/>\n<meta property=\"og:image\" content=\"https:\/\/www.ivanabeaumond.com.br\/vestidos-noiva\/wp-content\/uploads\/2017\/04\/Inaugura\u00e7\u00e3o_Ivana-57-e1496176159824.jpg\" \/>\n\t<meta property=\"og:image:width\" content=\"300\" \/>\n\t<meta property=\"og:image:height\" content=\"200\" \/>\n\t<meta property=\"og:image:type\" content=\"image\/jpeg\" \/>\n<meta name=\"author\" content=\"Ivana Beaumond Paris\" \/>\n<meta name=\"twitter:card\" content=\"summary_large_image\" \/>\n<meta name=\"twitter:label1\" content=\"Escrito por\" \/>\n\t<meta name=\"twitter:data1\" content=\"Ivana Beaumond Paris\" \/>\n\t<meta name=\"twitter:label2\" content=\"Est. tempo de leitura\" \/>\n\t<meta name=\"twitter:data2\" content=\"2 minutos\" \/>\n<script type=\"application\/ld+json\" class=\"yoast-schema-graph\">{\"@context\":\"https:\/\/schema.org\",\"@graph\":[{\"@type\":\"Article\",\"@id\":\"https:\/\/www.ivanabeaumond.com.br\/vestidos-noiva\/coquetel-de-inauguracao-do-atelier-ivana-beaumond-no-shopping-itanhanga\/#article\",\"isPartOf\":{\"@id\":\"https:\/\/www.ivanabeaumond.com.br\/vestidos-noiva\/coquetel-de-inauguracao-do-atelier-ivana-beaumond-no-shopping-itanhanga\/\"},\"author\":{\"name\":\"Ivana Beaumond Paris\",\"@id\":\"https:\/\/www.ivanabeaumond.com.br\/vestidos-noiva\/#\/schema\/person\/1a360c4cffa3b806d29a456389dcff26\"},\"headline\":\"COQUETEL DE INAUGURA\u00c7\u00c3O DO ATELIER IVANA BEAUMOND NO SHOPPING ITANHANG\u00c1\",\"datePublished\":\"2017-04-12T23:29:52+00:00\",\"dateModified\":\"2017-12-11T15:31:23+00:00\",\"mainEntityOfPage\":{\"@id\":\"https:\/\/www.ivanabeaumond.com.br\/vestidos-noiva\/coquetel-de-inauguracao-do-atelier-ivana-beaumond-no-shopping-itanhanga\/\"},\"wordCount\":448,\"commentCount\":0,\"publisher\":{\"@id\":\"https:\/\/www.ivanabeaumond.com.br\/vestidos-noiva\/#organization\"},\"keywords\":[\"aluguel de roupas\",\"atelierivanabeaumond\",\"casamento\",\"convidadas\",\"festas\",\"madrinhas\",\"moda festa\",\"noivas\",\"padrinhos\",\"vestido de festa\",\"vestido de noiva\"],\"articleSection\":[\"Na M\u00eddia\"],\"inLanguage\":\"pt-BR\",\"potentialAction\":[{\"@type\":\"CommentAction\",\"name\":\"Comment\",\"target\":[\"https:\/\/www.ivanabeaumond.com.br\/vestidos-noiva\/coquetel-de-inauguracao-do-atelier-ivana-beaumond-no-shopping-itanhanga\/#respond\"]}]},{\"@type\":\"WebPage\",\"@id\":\"https:\/\/www.ivanabeaumond.com.br\/vestidos-noiva\/coquetel-de-inauguracao-do-atelier-ivana-beaumond-no-shopping-itanhanga\/\",\"url\":\"https:\/\/www.ivanabeaumond.com.br\/vestidos-noiva\/coquetel-de-inauguracao-do-atelier-ivana-beaumond-no-shopping-itanhanga\/\",\"name\":\"COQUETEL DE INAUGURA\u00c7\u00c3O DO ATELIER IVANA BEAUMOND NO SHOPPING ITANHANG\u00c1 - Vestido de Noiva RJ\",\"isPartOf\":{\"@id\":\"https:\/\/www.ivanabeaumond.com.br\/vestidos-noiva\/#website\"},\"datePublished\":\"2017-04-12T23:29:52+00:00\",\"dateModified\":\"2017-12-11T15:31:23+00:00\",\"breadcrumb\":{\"@id\":\"https:\/\/www.ivanabeaumond.com.br\/vestidos-noiva\/coquetel-de-inauguracao-do-atelier-ivana-beaumond-no-shopping-itanhanga\/#breadcrumb\"},\"inLanguage\":\"pt-BR\",\"potentialAction\":[{\"@type\":\"ReadAction\",\"target\":[\"https:\/\/www.ivanabeaumond.com.br\/vestidos-noiva\/coquetel-de-inauguracao-do-atelier-ivana-beaumond-no-shopping-itanhanga\/\"]}]},{\"@type\":\"BreadcrumbList\",\"@id\":\"https:\/\/www.ivanabeaumond.com.br\/vestidos-noiva\/coquetel-de-inauguracao-do-atelier-ivana-beaumond-no-shopping-itanhanga\/#breadcrumb\",\"itemListElement\":[{\"@type\":\"ListItem\",\"position\":1,\"name\":\"In\u00edcio\",\"item\":\"https:\/\/www.ivanabeaumond.com.br\/vestidos-noiva\/\"},{\"@type\":\"ListItem\",\"position\":2,\"name\":\"COQUETEL DE INAUGURA\u00c7\u00c3O DO ATELIER IVANA BEAUMOND NO SHOPPING ITANHANG\u00c1\"}]},{\"@type\":\"WebSite\",\"@id\":\"https:\/\/www.ivanabeaumond.com.br\/vestidos-noiva\/#website\",\"url\":\"https:\/\/www.ivanabeaumond.com.br\/vestidos-noiva\/\",\"name\":\"Vestido de Noiva RJ\",\"description\":\"Moda Noiva\",\"publisher\":{\"@id\":\"https:\/\/www.ivanabeaumond.com.br\/vestidos-noiva\/#organization\"},\"potentialAction\":[{\"@type\":\"SearchAction\",\"target\":{\"@type\":\"EntryPoint\",\"urlTemplate\":\"https:\/\/www.ivanabeaumond.com.br\/vestidos-noiva\/?s={search_term_string}\"},\"query-input\":\"required name=search_term_string\"}],\"inLanguage\":\"pt-BR\"},{\"@type\":\"Organization\",\"@id\":\"https:\/\/www.ivanabeaumond.com.br\/vestidos-noiva\/#organization\",\"name\":\"Vestido de Noiva RJ\",\"url\":\"https:\/\/www.ivanabeaumond.com.br\/vestidos-noiva\/\",\"logo\":{\"@type\":\"ImageObject\",\"inLanguage\":\"pt-BR\",\"@id\":\"https:\/\/www.ivanabeaumond.com.br\/vestidos-noiva\/#\/schema\/logo\/image\/\",\"url\":\"https:\/\/www.ivanabeaumond.com.br\/vestidos-noiva\/wp-content\/uploads\/2018\/02\/logo_ivana_beaumond-2.png\",\"contentUrl\":\"https:\/\/www.ivanabeaumond.com.br\/vestidos-noiva\/wp-content\/uploads\/2018\/02\/logo_ivana_beaumond-2.png\",\"width\":230,\"height\":112,\"caption\":\"Vestido de Noiva RJ\"},\"image\":{\"@id\":\"https:\/\/www.ivanabeaumond.com.br\/vestidos-noiva\/#\/schema\/logo\/image\/\"},\"sameAs\":[\"https:\/\/www.facebook.com\/ivana.beaumondnoivas\",\"https:\/\/www.instagram.com\/ivanabeaumond\/\",\"https:\/\/www.tiktok.com\/@ivanabeaumond\"]},{\"@type\":\"Person\",\"@id\":\"https:\/\/www.ivanabeaumond.com.br\/vestidos-noiva\/#\/schema\/person\/1a360c4cffa3b806d29a456389dcff26\",\"name\":\"Ivana Beaumond Paris\",\"image\":{\"@type\":\"ImageObject\",\"inLanguage\":\"pt-BR\",\"@id\":\"https:\/\/www.ivanabeaumond.com.br\/vestidos-noiva\/#\/schema\/person\/image\/\",\"url\":\"https:\/\/secure.gravatar.com\/avatar\/641f98db20b53ec937ceb641db4270b9?s=96&d=mm&r=g\",\"contentUrl\":\"https:\/\/secure.gravatar.com\/avatar\/641f98db20b53ec937ceb641db4270b9?s=96&d=mm&r=g\",\"caption\":\"Ivana Beaumond Paris\"},\"url\":\"https:\/\/www.ivanabeaumond.com.br\/vestidos-noiva\/author\/ivana\/\"}]}<\/script>\n<!-- \/ Yoast SEO plugin. -->","yoast_head_json":{"title":"COQUETEL DE INAUGURA\u00c7\u00c3O DO ATELIER IVANA BEAUMOND NO SHOPPING ITANHANG\u00c1 - Vestido de Noiva RJ","robots":{"index":"index","follow":"follow","max-snippet":"max-snippet:-1","max-image-preview":"max-image-preview:large","max-video-preview":"max-video-preview:-1"},"canonical":"https:\/\/www.ivanabeaumond.com.br\/vestidos-noiva\/coquetel-de-inauguracao-do-atelier-ivana-beaumond-no-shopping-itanhanga\/","og_locale":"pt_BR","og_type":"article","og_title":"COQUETEL DE INAUGURA\u00c7\u00c3O DO ATELIER IVANA BEAUMOND NO SHOPPING ITANHANG\u00c1 - Vestido de Noiva RJ","og_description":"Nossa inaugura\u00e7\u00e3o foi um SUCESSO!! Recebemos muitos amigos , parceiros...","og_url":"https:\/\/www.ivanabeaumond.com.br\/vestidos-noiva\/coquetel-de-inauguracao-do-atelier-ivana-beaumond-no-shopping-itanhanga\/","og_site_name":"Vestido de Noiva RJ","article_publisher":"https:\/\/www.facebook.com\/ivana.beaumondnoivas","article_published_time":"2017-04-12T23:29:52+00:00","article_modified_time":"2017-12-11T15:31:23+00:00","og_image":[{"width":300,"height":200,"url":"https:\/\/www.ivanabeaumond.com.br\/vestidos-noiva\/wp-content\/uploads\/2017\/04\/Inaugura\u00e7\u00e3o_Ivana-57-e1496176159824.jpg","type":"image\/jpeg"}],"author":"Ivana Beaumond Paris","twitter_card":"summary_large_image","twitter_misc":{"Escrito por":"Ivana Beaumond Paris","Est. tempo de leitura":"2 minutos"},"schema":{"@context":"https:\/\/schema.org","@graph":[{"@type":"Article","@id":"https:\/\/www.ivanabeaumond.com.br\/vestidos-noiva\/coquetel-de-inauguracao-do-atelier-ivana-beaumond-no-shopping-itanhanga\/#article","isPartOf":{"@id":"https:\/\/www.ivanabeaumond.com.br\/vestidos-noiva\/coquetel-de-inauguracao-do-atelier-ivana-beaumond-no-shopping-itanhanga\/"},"author":{"name":"Ivana Beaumond Paris","@id":"https:\/\/www.ivanabeaumond.com.br\/vestidos-noiva\/#\/schema\/person\/1a360c4cffa3b806d29a456389dcff26"},"headline":"COQUETEL DE INAUGURA\u00c7\u00c3O DO ATELIER IVANA BEAUMOND NO SHOPPING ITANHANG\u00c1","datePublished":"2017-04-12T23:29:52+00:00","dateModified":"2017-12-11T15:31:23+00:00","mainEntityOfPage":{"@id":"https:\/\/www.ivanabeaumond.com.br\/vestidos-noiva\/coquetel-de-inauguracao-do-atelier-ivana-beaumond-no-shopping-itanhanga\/"},"wordCount":448,"commentCount":0,"publisher":{"@id":"https:\/\/www.ivanabeaumond.com.br\/vestidos-noiva\/#organization"},"keywords":["aluguel de roupas","atelierivanabeaumond","casamento","convidadas","festas","madrinhas","moda festa","noivas","padrinhos","vestido de festa","vestido de noiva"],"articleSection":["Na M\u00eddia"],"inLanguage":"pt-BR","potentialAction":[{"@type":"CommentAction","name":"Comment","target":["https:\/\/www.ivanabeaumond.com.br\/vestidos-noiva\/coquetel-de-inauguracao-do-atelier-ivana-beaumond-no-shopping-itanhanga\/#respond"]}]},{"@type":"WebPage","@id":"https:\/\/www.ivanabeaumond.com.br\/vestidos-noiva\/coquetel-de-inauguracao-do-atelier-ivana-beaumond-no-shopping-itanhanga\/","url":"https:\/\/www.ivanabeaumond.com.br\/vestidos-noiva\/coquetel-de-inauguracao-do-atelier-ivana-beaumond-no-shopping-itanhanga\/","name":"COQUETEL DE INAUGURA\u00c7\u00c3O DO ATELIER IVANA BEAUMOND NO SHOPPING ITANHANG\u00c1 - Vestido de Noiva RJ","isPartOf":{"@id":"https:\/\/www.ivanabeaumond.com.br\/vestidos-noiva\/#website"},"datePublished":"2017-04-12T23:29:52+00:00","dateModified":"2017-12-11T15:31:23+00:00","breadcrumb":{"@id":"https:\/\/www.ivanabeaumond.com.br\/vestidos-noiva\/coquetel-de-inauguracao-do-atelier-ivana-beaumond-no-shopping-itanhanga\/#breadcrumb"},"inLanguage":"pt-BR","potentialAction":[{"@type":"ReadAction","target":["https:\/\/www.ivanabeaumond.com.br\/vestidos-noiva\/coquetel-de-inauguracao-do-atelier-ivana-beaumond-no-shopping-itanhanga\/"]}]},{"@type":"BreadcrumbList","@id":"https:\/\/www.ivanabeaumond.com.br\/vestidos-noiva\/coquetel-de-inauguracao-do-atelier-ivana-beaumond-no-shopping-itanhanga\/#breadcrumb","itemListElement":[{"@type":"ListItem","position":1,"name":"In\u00edcio","item":"https:\/\/www.ivanabeaumond.com.br\/vestidos-noiva\/"},{"@type":"ListItem","position":2,"name":"COQUETEL DE INAUGURA\u00c7\u00c3O DO ATELIER IVANA BEAUMOND NO SHOPPING ITANHANG\u00c1"}]},{"@type":"WebSite","@id":"https:\/\/www.ivanabeaumond.com.br\/vestidos-noiva\/#website","url":"https:\/\/www.ivanabeaumond.com.br\/vestidos-noiva\/","name":"Vestido de Noiva RJ","description":"Moda Noiva","publisher":{"@id":"https:\/\/www.ivanabeaumond.com.br\/vestidos-noiva\/#organization"},"potentialAction":[{"@type":"SearchAction","target":{"@type":"EntryPoint","urlTemplate":"https:\/\/www.ivanabeaumond.com.br\/vestidos-noiva\/?s={search_term_string}"},"query-input":"required name=search_term_string"}],"inLanguage":"pt-BR"},{"@type":"Organization","@id":"https:\/\/www.ivanabeaumond.com.br\/vestidos-noiva\/#organization","name":"Vestido de Noiva RJ","url":"https:\/\/www.ivanabeaumond.com.br\/vestidos-noiva\/","logo":{"@type":"ImageObject","inLanguage":"pt-BR","@id":"https:\/\/www.ivanabeaumond.com.br\/vestidos-noiva\/#\/schema\/logo\/image\/","url":"https:\/\/www.ivanabeaumond.com.br\/vestidos-noiva\/wp-content\/uploads\/2018\/02\/logo_ivana_beaumond-2.png","contentUrl":"https:\/\/www.ivanabeaumond.com.br\/vestidos-noiva\/wp-content\/uploads\/2018\/02\/logo_ivana_beaumond-2.png","width":230,"height":112,"caption":"Vestido de Noiva RJ"},"image":{"@id":"https:\/\/www.ivanabeaumond.com.br\/vestidos-noiva\/#\/schema\/logo\/image\/"},"sameAs":["https:\/\/www.facebook.com\/ivana.beaumondnoivas","https:\/\/www.instagram.com\/ivanabeaumond\/","https:\/\/www.tiktok.com\/@ivanabeaumond"]},{"@type":"Person","@id":"https:\/\/www.ivanabeaumond.com.br\/vestidos-noiva\/#\/schema\/person\/1a360c4cffa3b806d29a456389dcff26","name":"Ivana Beaumond Paris","image":{"@type":"ImageObject","inLanguage":"pt-BR","@id":"https:\/\/www.ivanabeaumond.com.br\/vestidos-noiva\/#\/schema\/person\/image\/","url":"https:\/\/secure.gravatar.com\/avatar\/641f98db20b53ec937ceb641db4270b9?s=96&d=mm&r=g","contentUrl":"https:\/\/secure.gravatar.com\/avatar\/641f98db20b53ec937ceb641db4270b9?s=96&d=mm&r=g","caption":"Ivana Beaumond Paris"},"url":"https:\/\/www.ivanabeaumond.com.br\/vestidos-noiva\/author\/ivana\/"}]}},"_links":{"self":[{"href":"https:\/\/www.ivanabeaumond.com.br\/vestidos-noiva\/wp-json\/wp\/v2\/posts\/12390"}],"collection":[{"href":"https:\/\/www.ivanabeaumond.com.br\/vestidos-noiva\/wp-json\/wp\/v2\/posts"}],"about":[{"href":"https:\/\/www.ivanabeaumond.com.br\/vestidos-noiva\/wp-json\/wp\/v2\/types\/post"}],"author":[{"embeddable":true,"href":"https:\/\/www.ivanabeaumond.com.br\/vestidos-noiva\/wp-json\/wp\/v2\/users\/4"}],"replies":[{"embeddable":true,"href":"https:\/\/www.ivanabeaumond.com.br\/vestidos-noiva\/wp-json\/wp\/v2\/comments?post=12390"}],"version-history":[{"count":19,"href":"https:\/\/www.ivanabeaumond.com.br\/vestidos-noiva\/wp-json\/wp\/v2\/posts\/12390\/revisions"}],"predecessor-version":[{"id":12456,"href":"https:\/\/www.ivanabeaumond.com.br\/vestidos-noiva\/wp-json\/wp\/v2\/posts\/12390\/revisions\/12456"}],"wp:featuredmedia":[{"embeddable":true,"href":"https:\/\/www.ivanabeaumond.com.br\/vestidos-noiva\/wp-json\/wp\/v2\/media\/12410"}],"wp:attachment":[{"href":"https:\/\/www.ivanabeaumond.com.br\/vestidos-noiva\/wp-json\/wp\/v2\/media?parent=12390"}],"wp:term":[{"taxonomy":"category","embeddable":true,"href":"https:\/\/www.ivanabeaumond.com.br\/vestidos-noiva\/wp-json\/wp\/v2\/categories?post=12390"},{"taxonomy":"post_tag","embeddable":true,"href":"https:\/\/www.ivanabeaumond.com.br\/vestidos-noiva\/wp-json\/wp\/v2\/tags?post=12390"}],"curies":[{"name":"wp","href":"https:\/\/api.w.org\/{rel}","templated":true}]}}