{"id":12483,"date":"2017-05-12T19:30:48","date_gmt":"2017-05-12T22:30:48","guid":{"rendered":"http:\/\/www.ivanabeaumond.com.br\/vestidos-noiva\/?p=12483"},"modified":"2017-09-11T12:42:17","modified_gmt":"2017-09-11T15:42:17","slug":"barcelona-bridal-fashion-week-2017","status":"publish","type":"post","link":"https:\/\/www.ivanabeaumond.com.br\/vestidos-noiva\/barcelona-bridal-fashion-week-2017\/","title":{"rendered":"Barcelona Bridal Fashion Week &#8211; 2017"},"content":{"rendered":"<h4 style=\"text-align: justify;\"><span style=\"color: #999999;\">O evento de moda nupcial mais esperado do mundo, a Barcelona Bridal Fashion Week, aconteceu no m\u00eas de Abril e n\u00f3s, da Ivana Beaumond, n\u00e3o pod\u00edamos ficar de fora. Grande variedade de\u00a0marcas, compradores e profissionais do segmento foram prestigiar e conferir o evento, os desfiles e os lan\u00e7adores de tend\u00eancias.<\/span><\/h4>\n<div id=\"attachment_12485\" style=\"width: 872px\" class=\"wp-caption aligncenter\"><a style=\"color: #999999;\" href=\"http:\/\/www.ivanabeaumond.com.br\/vestidos-noiva\/wp-content\/uploads\/2017\/05\/1.jpg\"><img aria-describedby=\"caption-attachment-12485\" decoding=\"async\" loading=\"lazy\" class=\"size-full wp-image-12485\" src=\"http:\/\/www.ivanabeaumond.com.br\/vestidos-noiva\/wp-content\/uploads\/2017\/05\/1.jpg\" alt=\"Ivana Beaumond na Barcelona Bridal Fashion Week 2017\" width=\"862\" height=\"960\" srcset=\"https:\/\/www.ivanabeaumond.com.br\/vestidos-noiva\/wp-content\/uploads\/2017\/05\/1.jpg 862w, https:\/\/www.ivanabeaumond.com.br\/vestidos-noiva\/wp-content\/uploads\/2017\/05\/1-269x300.jpg 269w\" sizes=\"(max-width: 862px) 100vw, 862px\" \/><\/a><p id=\"caption-attachment-12485\" class=\"wp-caption-text\"><span style=\"color: #999999;\">Ivana Beaumond na Barcelona Bridal Fashion Week 2017<\/span><\/p><\/div>\n<div id=\"attachment_12487\" style=\"width: 970px\" class=\"wp-caption aligncenter\"><a href=\"http:\/\/www.ivanabeaumond.com.br\/vestidos-noiva\/wp-content\/uploads\/2017\/05\/3.jpg\"><img aria-describedby=\"caption-attachment-12487\" decoding=\"async\" loading=\"lazy\" class=\"size-full wp-image-12487\" src=\"http:\/\/www.ivanabeaumond.com.br\/vestidos-noiva\/wp-content\/uploads\/2017\/05\/3.jpg\" alt=\"Barcelona Bridal Fashion Week 2017\" width=\"960\" height=\"720\" srcset=\"https:\/\/www.ivanabeaumond.com.br\/vestidos-noiva\/wp-content\/uploads\/2017\/05\/3.jpg 960w, https:\/\/www.ivanabeaumond.com.br\/vestidos-noiva\/wp-content\/uploads\/2017\/05\/3-300x225.jpg 300w\" sizes=\"(max-width: 960px) 100vw, 960px\" \/><\/a><p id=\"caption-attachment-12487\" class=\"wp-caption-text\"><span style=\"color: #999999;\">Barcelona Bridal Fashion Week 2017<\/span><\/p><\/div>\n<div id=\"attachment_12488\" style=\"width: 970px\" class=\"wp-caption aligncenter\"><a href=\"http:\/\/www.ivanabeaumond.com.br\/vestidos-noiva\/wp-content\/uploads\/2017\/05\/4.jpg\"><img aria-describedby=\"caption-attachment-12488\" decoding=\"async\" loading=\"lazy\" class=\"size-full wp-image-12488\" src=\"http:\/\/www.ivanabeaumond.com.br\/vestidos-noiva\/wp-content\/uploads\/2017\/05\/4.jpg\" alt=\"Ivana Beaumond na Barcelona Bridal Fashion Week 2017\" width=\"960\" height=\"720\" srcset=\"https:\/\/www.ivanabeaumond.com.br\/vestidos-noiva\/wp-content\/uploads\/2017\/05\/4.jpg 960w, https:\/\/www.ivanabeaumond.com.br\/vestidos-noiva\/wp-content\/uploads\/2017\/05\/4-300x225.jpg 300w\" sizes=\"(max-width: 960px) 100vw, 960px\" \/><\/a><p id=\"caption-attachment-12488\" class=\"wp-caption-text\"><span style=\"color: #999999;\">Ivana Beaumond na Barcelona Bridal Fashion Week 2017<\/span><\/p><\/div>\n<h4 style=\"text-align: justify;\"><span style=\"color: #999999;\">Diversas marcas renomadas como Rosa Clar\u00e1 , abrilhantaram a Bridal Week \u00a0apresentando suas cole\u00e7\u00f5es 2018 e lan\u00e7ando tend\u00eancias. Nossa estilista Ivana Beaumond estava l\u00e1 para conferir. Mundialmente conhecida como a queridinha das noivas, a estilista Rosa Clar\u00e1 divulgou suas ideias e novidades para o ano de 2018 com sua nova cole\u00e7\u00e3o. Tecidos fluidos, caimentos impec\u00e1veis e decotes profundos foram destaques do desfile da estilista espanhola. Inspirada na mulher jovem e moderna, que se arrisca fugindo do tradicional, notamos novidades nas transpar\u00eancias, bordados aplicados e que se encaixam na silhueta feminina, sem perder o romantismo e com um toque a mais de sensualidade.<\/span><\/h4>\n<h4 style=\"text-align: center;\"><span style=\"color: #999999;\">Confira abaixo alguns momentos do desfile da Rosa Clar\u00e1 no Barcelona Bridal Fashion Week 2017<\/span><\/h4>\n<div id=\"attachment_12496\" style=\"width: 807px\" class=\"wp-caption aligncenter\"><a style=\"color: #999999;\" href=\"http:\/\/www.ivanabeaumond.com.br\/vestidos-noiva\/wp-content\/uploads\/2017\/05\/desfile-51.jpg\"><img aria-describedby=\"caption-attachment-12496\" decoding=\"async\" loading=\"lazy\" class=\"size-full wp-image-12496\" src=\"http:\/\/www.ivanabeaumond.com.br\/vestidos-noiva\/wp-content\/uploads\/2017\/05\/desfile-51.jpg\" alt=\"Desfile Rosa Clar\u00e1 - BBFW 2017 Fonte: Bodas de Cuento\" width=\"797\" height=\"528\" srcset=\"https:\/\/www.ivanabeaumond.com.br\/vestidos-noiva\/wp-content\/uploads\/2017\/05\/desfile-51.jpg 797w, https:\/\/www.ivanabeaumond.com.br\/vestidos-noiva\/wp-content\/uploads\/2017\/05\/desfile-51-300x199.jpg 300w\" sizes=\"(max-width: 797px) 100vw, 797px\" \/><\/a><p id=\"caption-attachment-12496\" class=\"wp-caption-text\"><span style=\"color: #999999;\">Desfile Rosa Clar\u00e1 &#8211; BBFW 2017<\/span><br \/><span style=\"color: #999999;\">Fonte: Bodas de Cuento<\/span><\/p><\/div>\n<div id=\"attachment_12495\" style=\"width: 806px\" class=\"wp-caption aligncenter\"><a href=\"http:\/\/www.ivanabeaumond.com.br\/vestidos-noiva\/wp-content\/uploads\/2017\/05\/desfile-4.jpg\"><img aria-describedby=\"caption-attachment-12495\" decoding=\"async\" loading=\"lazy\" class=\"size-full wp-image-12495\" src=\"http:\/\/www.ivanabeaumond.com.br\/vestidos-noiva\/wp-content\/uploads\/2017\/05\/desfile-4.jpg\" alt=\"Desfile Rosa Clar\u00e1 - BBFW 2017 Fonte: Bodas de Cuento\" width=\"796\" height=\"529\" srcset=\"https:\/\/www.ivanabeaumond.com.br\/vestidos-noiva\/wp-content\/uploads\/2017\/05\/desfile-4.jpg 796w, https:\/\/www.ivanabeaumond.com.br\/vestidos-noiva\/wp-content\/uploads\/2017\/05\/desfile-4-300x199.jpg 300w, https:\/\/www.ivanabeaumond.com.br\/vestidos-noiva\/wp-content\/uploads\/2017\/05\/desfile-4-480x320.jpg 480w\" sizes=\"(max-width: 796px) 100vw, 796px\" \/><\/a><p id=\"caption-attachment-12495\" class=\"wp-caption-text\"><span style=\"color: #999999;\">Desfile Rosa Clar\u00e1 &#8211; BBFW 2017<\/span><br \/><span style=\"color: #999999;\">Fonte: Bodas de Cuento<\/span><\/p><\/div>\n<div id=\"attachment_12494\" style=\"width: 808px\" class=\"wp-caption aligncenter\"><a href=\"http:\/\/www.ivanabeaumond.com.br\/vestidos-noiva\/wp-content\/uploads\/2017\/05\/desfile-3.jpg\"><img aria-describedby=\"caption-attachment-12494\" decoding=\"async\" loading=\"lazy\" class=\"size-full wp-image-12494\" src=\"http:\/\/www.ivanabeaumond.com.br\/vestidos-noiva\/wp-content\/uploads\/2017\/05\/desfile-3.jpg\" alt=\"Desfile Rosa Clar\u00e1 - BBFW 2017 Fonte: Bodas de Cuento\" width=\"798\" height=\"586\" srcset=\"https:\/\/www.ivanabeaumond.com.br\/vestidos-noiva\/wp-content\/uploads\/2017\/05\/desfile-3.jpg 798w, https:\/\/www.ivanabeaumond.com.br\/vestidos-noiva\/wp-content\/uploads\/2017\/05\/desfile-3-300x220.jpg 300w\" sizes=\"(max-width: 798px) 100vw, 798px\" \/><\/a><p id=\"caption-attachment-12494\" class=\"wp-caption-text\"><span style=\"color: #999999;\">Desfile Rosa Clar\u00e1 &#8211; BBFW 2017<\/span><br \/><span style=\"color: #999999;\">Fonte: Bodas de Cuento<\/span><\/p><\/div>\n<div id=\"attachment_12493\" style=\"width: 806px\" class=\"wp-caption aligncenter\"><a href=\"http:\/\/www.ivanabeaumond.com.br\/vestidos-noiva\/wp-content\/uploads\/2017\/05\/desfile-2.jpg\"><img aria-describedby=\"caption-attachment-12493\" decoding=\"async\" loading=\"lazy\" class=\"size-full wp-image-12493\" src=\"http:\/\/www.ivanabeaumond.com.br\/vestidos-noiva\/wp-content\/uploads\/2017\/05\/desfile-2.jpg\" alt=\"Desfile Rosa Clar\u00e1 - BBFW 2017 Fonte: Bodas de Cuento\" width=\"796\" height=\"582\" srcset=\"https:\/\/www.ivanabeaumond.com.br\/vestidos-noiva\/wp-content\/uploads\/2017\/05\/desfile-2.jpg 796w, https:\/\/www.ivanabeaumond.com.br\/vestidos-noiva\/wp-content\/uploads\/2017\/05\/desfile-2-300x219.jpg 300w\" sizes=\"(max-width: 796px) 100vw, 796px\" \/><\/a><p id=\"caption-attachment-12493\" class=\"wp-caption-text\"><span style=\"color: #999999;\">Desfile Rosa Clar\u00e1 &#8211; BBFW 2017<\/span><br \/><span style=\"color: #999999;\">Fonte: Bodas de Cuento<\/span><\/p><\/div>\n<div id=\"attachment_12492\" style=\"width: 808px\" class=\"wp-caption aligncenter\"><a href=\"http:\/\/www.ivanabeaumond.com.br\/vestidos-noiva\/wp-content\/uploads\/2017\/05\/desfile-1.jpg\"><img aria-describedby=\"caption-attachment-12492\" decoding=\"async\" loading=\"lazy\" class=\"size-full wp-image-12492\" src=\"http:\/\/www.ivanabeaumond.com.br\/vestidos-noiva\/wp-content\/uploads\/2017\/05\/desfile-1.jpg\" alt=\"Desfile Rosa Clar\u00e1 - BBFW 2017 Fonte: Bodas de Cuento\" width=\"798\" height=\"585\" srcset=\"https:\/\/www.ivanabeaumond.com.br\/vestidos-noiva\/wp-content\/uploads\/2017\/05\/desfile-1.jpg 798w, https:\/\/www.ivanabeaumond.com.br\/vestidos-noiva\/wp-content\/uploads\/2017\/05\/desfile-1-300x220.jpg 300w\" sizes=\"(max-width: 798px) 100vw, 798px\" \/><\/a><p id=\"caption-attachment-12492\" class=\"wp-caption-text\"><span style=\"color: #999999;\">Desfile Rosa Clar\u00e1 &#8211; BBFW 2017<\/span><br \/><span style=\"color: #999999;\">Fonte: Bodas de Cuento<\/span><\/p><\/div>\n<p>&nbsp;<\/p>\n<div id=\"attachment_12505\" style=\"width: 803px\" class=\"wp-caption aligncenter\"><a href=\"http:\/\/www.ivanabeaumond.com.br\/vestidos-noiva\/wp-content\/uploads\/2017\/05\/desfile-9.jpg\"><img aria-describedby=\"caption-attachment-12505\" decoding=\"async\" loading=\"lazy\" class=\"size-full wp-image-12505\" src=\"http:\/\/www.ivanabeaumond.com.br\/vestidos-noiva\/wp-content\/uploads\/2017\/05\/desfile-9.jpg\" alt=\"Desfile Rosa Clar\u00e1 - BBFW 2017 Fonte: Bodas de Cuento\" width=\"793\" height=\"583\" srcset=\"https:\/\/www.ivanabeaumond.com.br\/vestidos-noiva\/wp-content\/uploads\/2017\/05\/desfile-9.jpg 793w, https:\/\/www.ivanabeaumond.com.br\/vestidos-noiva\/wp-content\/uploads\/2017\/05\/desfile-9-300x221.jpg 300w\" sizes=\"(max-width: 793px) 100vw, 793px\" \/><\/a><p id=\"caption-attachment-12505\" class=\"wp-caption-text\"><span style=\"color: #999999;\">Desfile Rosa Clar\u00e1 &#8211; BBFW 2017<\/span><br \/><span style=\"color: #999999;\">Fonte: Bodas de Cuento<\/span><\/p><\/div>\n<div id=\"attachment_12504\" style=\"width: 806px\" class=\"wp-caption aligncenter\"><a href=\"http:\/\/www.ivanabeaumond.com.br\/vestidos-noiva\/wp-content\/uploads\/2017\/05\/desfile-8.jpg\"><img aria-describedby=\"caption-attachment-12504\" decoding=\"async\" loading=\"lazy\" class=\"size-full wp-image-12504\" src=\"http:\/\/www.ivanabeaumond.com.br\/vestidos-noiva\/wp-content\/uploads\/2017\/05\/desfile-8.jpg\" alt=\"Desfile Rosa Clar\u00e1 - BBFW 2017 Fonte: Bodas de Cuento\" width=\"796\" height=\"582\" srcset=\"https:\/\/www.ivanabeaumond.com.br\/vestidos-noiva\/wp-content\/uploads\/2017\/05\/desfile-8.jpg 796w, https:\/\/www.ivanabeaumond.com.br\/vestidos-noiva\/wp-content\/uploads\/2017\/05\/desfile-8-300x219.jpg 300w\" sizes=\"(max-width: 796px) 100vw, 796px\" \/><\/a><p id=\"caption-attachment-12504\" class=\"wp-caption-text\"><span style=\"color: #999999;\">Desfile Rosa Clar\u00e1 &#8211; BBFW 2017<\/span><br \/><span style=\"color: #999999;\">Fonte: Bodas de Cuento<\/span><\/p><\/div>\n<div id=\"attachment_12503\" style=\"width: 808px\" class=\"wp-caption aligncenter\"><a href=\"http:\/\/www.ivanabeaumond.com.br\/vestidos-noiva\/wp-content\/uploads\/2017\/05\/desfile-7.jpg\"><img aria-describedby=\"caption-attachment-12503\" decoding=\"async\" loading=\"lazy\" class=\"size-full wp-image-12503\" src=\"http:\/\/www.ivanabeaumond.com.br\/vestidos-noiva\/wp-content\/uploads\/2017\/05\/desfile-7.jpg\" alt=\"Desfile Rosa Clar\u00e1 - BBFW 2017 Fonte: Bodas de Cuento\" width=\"798\" height=\"585\" srcset=\"https:\/\/www.ivanabeaumond.com.br\/vestidos-noiva\/wp-content\/uploads\/2017\/05\/desfile-7.jpg 798w, https:\/\/www.ivanabeaumond.com.br\/vestidos-noiva\/wp-content\/uploads\/2017\/05\/desfile-7-300x220.jpg 300w\" sizes=\"(max-width: 798px) 100vw, 798px\" \/><\/a><p id=\"caption-attachment-12503\" class=\"wp-caption-text\"><span style=\"color: #999999;\">Desfile Rosa Clar\u00e1 &#8211; BBFW 2017<\/span><br \/><span style=\"color: #999999;\">Fonte: Bodas de Cuento<\/span><\/p><\/div>\n<div id=\"attachment_12502\" style=\"width: 807px\" class=\"wp-caption aligncenter\"><a href=\"http:\/\/www.ivanabeaumond.com.br\/vestidos-noiva\/wp-content\/uploads\/2017\/05\/desfile-6.jpg\"><img aria-describedby=\"caption-attachment-12502\" decoding=\"async\" loading=\"lazy\" class=\"size-full wp-image-12502\" src=\"http:\/\/www.ivanabeaumond.com.br\/vestidos-noiva\/wp-content\/uploads\/2017\/05\/desfile-6.jpg\" alt=\"Desfile Rosa Clar\u00e1 - BBFW 2017 Fonte: Bodas de Cuento\" width=\"797\" height=\"584\" srcset=\"https:\/\/www.ivanabeaumond.com.br\/vestidos-noiva\/wp-content\/uploads\/2017\/05\/desfile-6.jpg 797w, https:\/\/www.ivanabeaumond.com.br\/vestidos-noiva\/wp-content\/uploads\/2017\/05\/desfile-6-300x220.jpg 300w\" sizes=\"(max-width: 797px) 100vw, 797px\" \/><\/a><p id=\"caption-attachment-12502\" class=\"wp-caption-text\"><span style=\"color: #999999;\">Desfile Rosa Clar\u00e1 &#8211; BBFW 2017<\/span><br \/><span style=\"color: #999999;\">Fonte: Bodas de Cuento<\/span><\/p><\/div>\n<h4 style=\"text-align: center;\"><span style=\"color: #999999;\">Nossa estilista Ivana Beaumond, EM BREVE estar\u00e1 trazendo o que h\u00e1 de mais belo nas passarelas internacionais, como Tulles, Rendas francesas, Saia fluidas, Modelagens diferenciadas, tudo para voc\u00ea poder esbanjar beleza, sofistica\u00e7\u00e3o e o mais importante, a realiza\u00e7\u00e3o de um sonho!!<\/span><\/h4>\n","protected":false},"excerpt":{"rendered":"<p>O evento de moda nupcial mais esperado do mundo, a&#8230;<\/p>\n","protected":false},"author":4,"featured_media":12517,"comment_status":"open","ping_status":"open","sticky":false,"template":"","format":"standard","meta":[],"categories":[128],"tags":[131,133,96,137,162,103,136,164,165,138,115],"yoast_head":"<!-- This site is optimized with the Yoast SEO plugin v20.3 - https:\/\/yoast.com\/wordpress\/plugins\/seo\/ -->\n<title>Barcelona Bridal Fashion Week - 2017 - Vestido de Noiva RJ<\/title>\n<meta name=\"robots\" content=\"index, follow, max-snippet:-1, max-image-preview:large, max-video-preview:-1\" \/>\n<link rel=\"canonical\" href=\"https:\/\/www.ivanabeaumond.com.br\/vestidos-noiva\/barcelona-bridal-fashion-week-2017\/\" \/>\n<meta property=\"og:locale\" content=\"pt_BR\" \/>\n<meta property=\"og:type\" content=\"article\" \/>\n<meta property=\"og:title\" content=\"Barcelona Bridal Fashion Week - 2017 - Vestido de Noiva RJ\" \/>\n<meta property=\"og:description\" content=\"O evento de moda nupcial mais esperado do mundo, a...\" \/>\n<meta property=\"og:url\" content=\"https:\/\/www.ivanabeaumond.com.br\/vestidos-noiva\/barcelona-bridal-fashion-week-2017\/\" \/>\n<meta property=\"og:site_name\" content=\"Vestido de Noiva RJ\" \/>\n<meta property=\"article:publisher\" content=\"https:\/\/www.facebook.com\/ivana.beaumondnoivas\" \/>\n<meta property=\"article:published_time\" content=\"2017-05-12T22:30:48+00:00\" \/>\n<meta property=\"article:modified_time\" content=\"2017-09-11T15:42:17+00:00\" \/>\n<meta property=\"og:image\" content=\"https:\/\/www.ivanabeaumond.com.br\/vestidos-noiva\/wp-content\/uploads\/2017\/05\/desfile_rosa_clara_ivana_beaumond-512-e1495757115920.jpg\" \/>\n\t<meta property=\"og:image:width\" content=\"797\" \/>\n\t<meta property=\"og:image:height\" content=\"528\" \/>\n\t<meta property=\"og:image:type\" content=\"image\/jpeg\" \/>\n<meta name=\"author\" content=\"Ivana Beaumond Paris\" \/>\n<meta name=\"twitter:card\" content=\"summary_large_image\" \/>\n<meta name=\"twitter:label1\" content=\"Escrito por\" \/>\n\t<meta name=\"twitter:data1\" content=\"Ivana Beaumond Paris\" \/>\n\t<meta name=\"twitter:label2\" content=\"Est. tempo de leitura\" \/>\n\t<meta name=\"twitter:data2\" content=\"2 minutos\" \/>\n<script type=\"application\/ld+json\" class=\"yoast-schema-graph\">{\"@context\":\"https:\/\/schema.org\",\"@graph\":[{\"@type\":\"Article\",\"@id\":\"https:\/\/www.ivanabeaumond.com.br\/vestidos-noiva\/barcelona-bridal-fashion-week-2017\/#article\",\"isPartOf\":{\"@id\":\"https:\/\/www.ivanabeaumond.com.br\/vestidos-noiva\/barcelona-bridal-fashion-week-2017\/\"},\"author\":{\"name\":\"Ivana Beaumond Paris\",\"@id\":\"https:\/\/www.ivanabeaumond.com.br\/vestidos-noiva\/#\/schema\/person\/1a360c4cffa3b806d29a456389dcff26\"},\"headline\":\"Barcelona Bridal Fashion Week &#8211; 2017\",\"datePublished\":\"2017-05-12T22:30:48+00:00\",\"dateModified\":\"2017-09-11T15:42:17+00:00\",\"mainEntityOfPage\":{\"@id\":\"https:\/\/www.ivanabeaumond.com.br\/vestidos-noiva\/barcelona-bridal-fashion-week-2017\/\"},\"wordCount\":408,\"commentCount\":0,\"publisher\":{\"@id\":\"https:\/\/www.ivanabeaumond.com.br\/vestidos-noiva\/#organization\"},\"keywords\":[\"aluguel de roupas\",\"atelierivanabeaumond\",\"casamento\",\"convidadas\",\"festas\",\"madrinhas\",\"moda festa\",\"noivas\",\"padrinhos\",\"vestido de festa\",\"vestido de noiva\"],\"articleSection\":[\"Na M\u00eddia\"],\"inLanguage\":\"pt-BR\",\"potentialAction\":[{\"@type\":\"CommentAction\",\"name\":\"Comment\",\"target\":[\"https:\/\/www.ivanabeaumond.com.br\/vestidos-noiva\/barcelona-bridal-fashion-week-2017\/#respond\"]}]},{\"@type\":\"WebPage\",\"@id\":\"https:\/\/www.ivanabeaumond.com.br\/vestidos-noiva\/barcelona-bridal-fashion-week-2017\/\",\"url\":\"https:\/\/www.ivanabeaumond.com.br\/vestidos-noiva\/barcelona-bridal-fashion-week-2017\/\",\"name\":\"Barcelona Bridal Fashion Week - 2017 - Vestido de Noiva RJ\",\"isPartOf\":{\"@id\":\"https:\/\/www.ivanabeaumond.com.br\/vestidos-noiva\/#website\"},\"datePublished\":\"2017-05-12T22:30:48+00:00\",\"dateModified\":\"2017-09-11T15:42:17+00:00\",\"breadcrumb\":{\"@id\":\"https:\/\/www.ivanabeaumond.com.br\/vestidos-noiva\/barcelona-bridal-fashion-week-2017\/#breadcrumb\"},\"inLanguage\":\"pt-BR\",\"potentialAction\":[{\"@type\":\"ReadAction\",\"target\":[\"https:\/\/www.ivanabeaumond.com.br\/vestidos-noiva\/barcelona-bridal-fashion-week-2017\/\"]}]},{\"@type\":\"BreadcrumbList\",\"@id\":\"https:\/\/www.ivanabeaumond.com.br\/vestidos-noiva\/barcelona-bridal-fashion-week-2017\/#breadcrumb\",\"itemListElement\":[{\"@type\":\"ListItem\",\"position\":1,\"name\":\"In\u00edcio\",\"item\":\"https:\/\/www.ivanabeaumond.com.br\/vestidos-noiva\/\"},{\"@type\":\"ListItem\",\"position\":2,\"name\":\"Barcelona Bridal Fashion Week &#8211; 2017\"}]},{\"@type\":\"WebSite\",\"@id\":\"https:\/\/www.ivanabeaumond.com.br\/vestidos-noiva\/#website\",\"url\":\"https:\/\/www.ivanabeaumond.com.br\/vestidos-noiva\/\",\"name\":\"Vestido de Noiva RJ\",\"description\":\"Moda Noiva\",\"publisher\":{\"@id\":\"https:\/\/www.ivanabeaumond.com.br\/vestidos-noiva\/#organization\"},\"potentialAction\":[{\"@type\":\"SearchAction\",\"target\":{\"@type\":\"EntryPoint\",\"urlTemplate\":\"https:\/\/www.ivanabeaumond.com.br\/vestidos-noiva\/?s={search_term_string}\"},\"query-input\":\"required name=search_term_string\"}],\"inLanguage\":\"pt-BR\"},{\"@type\":\"Organization\",\"@id\":\"https:\/\/www.ivanabeaumond.com.br\/vestidos-noiva\/#organization\",\"name\":\"Vestido de Noiva RJ\",\"url\":\"https:\/\/www.ivanabeaumond.com.br\/vestidos-noiva\/\",\"logo\":{\"@type\":\"ImageObject\",\"inLanguage\":\"pt-BR\",\"@id\":\"https:\/\/www.ivanabeaumond.com.br\/vestidos-noiva\/#\/schema\/logo\/image\/\",\"url\":\"https:\/\/www.ivanabeaumond.com.br\/vestidos-noiva\/wp-content\/uploads\/2018\/02\/logo_ivana_beaumond-2.png\",\"contentUrl\":\"https:\/\/www.ivanabeaumond.com.br\/vestidos-noiva\/wp-content\/uploads\/2018\/02\/logo_ivana_beaumond-2.png\",\"width\":230,\"height\":112,\"caption\":\"Vestido de Noiva RJ\"},\"image\":{\"@id\":\"https:\/\/www.ivanabeaumond.com.br\/vestidos-noiva\/#\/schema\/logo\/image\/\"},\"sameAs\":[\"https:\/\/www.facebook.com\/ivana.beaumondnoivas\",\"https:\/\/www.instagram.com\/ivanabeaumond\/\",\"https:\/\/www.tiktok.com\/@ivanabeaumond\"]},{\"@type\":\"Person\",\"@id\":\"https:\/\/www.ivanabeaumond.com.br\/vestidos-noiva\/#\/schema\/person\/1a360c4cffa3b806d29a456389dcff26\",\"name\":\"Ivana Beaumond Paris\",\"image\":{\"@type\":\"ImageObject\",\"inLanguage\":\"pt-BR\",\"@id\":\"https:\/\/www.ivanabeaumond.com.br\/vestidos-noiva\/#\/schema\/person\/image\/\",\"url\":\"https:\/\/secure.gravatar.com\/avatar\/641f98db20b53ec937ceb641db4270b9?s=96&d=mm&r=g\",\"contentUrl\":\"https:\/\/secure.gravatar.com\/avatar\/641f98db20b53ec937ceb641db4270b9?s=96&d=mm&r=g\",\"caption\":\"Ivana Beaumond Paris\"},\"url\":\"https:\/\/www.ivanabeaumond.com.br\/vestidos-noiva\/author\/ivana\/\"}]}<\/script>\n<!-- \/ Yoast SEO plugin. -->","yoast_head_json":{"title":"Barcelona Bridal Fashion Week - 2017 - Vestido de Noiva RJ","robots":{"index":"index","follow":"follow","max-snippet":"max-snippet:-1","max-image-preview":"max-image-preview:large","max-video-preview":"max-video-preview:-1"},"canonical":"https:\/\/www.ivanabeaumond.com.br\/vestidos-noiva\/barcelona-bridal-fashion-week-2017\/","og_locale":"pt_BR","og_type":"article","og_title":"Barcelona Bridal Fashion Week - 2017 - Vestido de Noiva RJ","og_description":"O evento de moda nupcial mais esperado do mundo, a...","og_url":"https:\/\/www.ivanabeaumond.com.br\/vestidos-noiva\/barcelona-bridal-fashion-week-2017\/","og_site_name":"Vestido de Noiva RJ","article_publisher":"https:\/\/www.facebook.com\/ivana.beaumondnoivas","article_published_time":"2017-05-12T22:30:48+00:00","article_modified_time":"2017-09-11T15:42:17+00:00","og_image":[{"width":797,"height":528,"url":"https:\/\/www.ivanabeaumond.com.br\/vestidos-noiva\/wp-content\/uploads\/2017\/05\/desfile_rosa_clara_ivana_beaumond-512-e1495757115920.jpg","type":"image\/jpeg"}],"author":"Ivana Beaumond Paris","twitter_card":"summary_large_image","twitter_misc":{"Escrito por":"Ivana Beaumond Paris","Est. tempo de leitura":"2 minutos"},"schema":{"@context":"https:\/\/schema.org","@graph":[{"@type":"Article","@id":"https:\/\/www.ivanabeaumond.com.br\/vestidos-noiva\/barcelona-bridal-fashion-week-2017\/#article","isPartOf":{"@id":"https:\/\/www.ivanabeaumond.com.br\/vestidos-noiva\/barcelona-bridal-fashion-week-2017\/"},"author":{"name":"Ivana Beaumond Paris","@id":"https:\/\/www.ivanabeaumond.com.br\/vestidos-noiva\/#\/schema\/person\/1a360c4cffa3b806d29a456389dcff26"},"headline":"Barcelona Bridal Fashion Week &#8211; 2017","datePublished":"2017-05-12T22:30:48+00:00","dateModified":"2017-09-11T15:42:17+00:00","mainEntityOfPage":{"@id":"https:\/\/www.ivanabeaumond.com.br\/vestidos-noiva\/barcelona-bridal-fashion-week-2017\/"},"wordCount":408,"commentCount":0,"publisher":{"@id":"https:\/\/www.ivanabeaumond.com.br\/vestidos-noiva\/#organization"},"keywords":["aluguel de roupas","atelierivanabeaumond","casamento","convidadas","festas","madrinhas","moda festa","noivas","padrinhos","vestido de festa","vestido de noiva"],"articleSection":["Na M\u00eddia"],"inLanguage":"pt-BR","potentialAction":[{"@type":"CommentAction","name":"Comment","target":["https:\/\/www.ivanabeaumond.com.br\/vestidos-noiva\/barcelona-bridal-fashion-week-2017\/#respond"]}]},{"@type":"WebPage","@id":"https:\/\/www.ivanabeaumond.com.br\/vestidos-noiva\/barcelona-bridal-fashion-week-2017\/","url":"https:\/\/www.ivanabeaumond.com.br\/vestidos-noiva\/barcelona-bridal-fashion-week-2017\/","name":"Barcelona Bridal Fashion Week - 2017 - Vestido de Noiva RJ","isPartOf":{"@id":"https:\/\/www.ivanabeaumond.com.br\/vestidos-noiva\/#website"},"datePublished":"2017-05-12T22:30:48+00:00","dateModified":"2017-09-11T15:42:17+00:00","breadcrumb":{"@id":"https:\/\/www.ivanabeaumond.com.br\/vestidos-noiva\/barcelona-bridal-fashion-week-2017\/#breadcrumb"},"inLanguage":"pt-BR","potentialAction":[{"@type":"ReadAction","target":["https:\/\/www.ivanabeaumond.com.br\/vestidos-noiva\/barcelona-bridal-fashion-week-2017\/"]}]},{"@type":"BreadcrumbList","@id":"https:\/\/www.ivanabeaumond.com.br\/vestidos-noiva\/barcelona-bridal-fashion-week-2017\/#breadcrumb","itemListElement":[{"@type":"ListItem","position":1,"name":"In\u00edcio","item":"https:\/\/www.ivanabeaumond.com.br\/vestidos-noiva\/"},{"@type":"ListItem","position":2,"name":"Barcelona Bridal Fashion Week &#8211; 2017"}]},{"@type":"WebSite","@id":"https:\/\/www.ivanabeaumond.com.br\/vestidos-noiva\/#website","url":"https:\/\/www.ivanabeaumond.com.br\/vestidos-noiva\/","name":"Vestido de Noiva RJ","description":"Moda Noiva","publisher":{"@id":"https:\/\/www.ivanabeaumond.com.br\/vestidos-noiva\/#organization"},"potentialAction":[{"@type":"SearchAction","target":{"@type":"EntryPoint","urlTemplate":"https:\/\/www.ivanabeaumond.com.br\/vestidos-noiva\/?s={search_term_string}"},"query-input":"required name=search_term_string"}],"inLanguage":"pt-BR"},{"@type":"Organization","@id":"https:\/\/www.ivanabeaumond.com.br\/vestidos-noiva\/#organization","name":"Vestido de Noiva RJ","url":"https:\/\/www.ivanabeaumond.com.br\/vestidos-noiva\/","logo":{"@type":"ImageObject","inLanguage":"pt-BR","@id":"https:\/\/www.ivanabeaumond.com.br\/vestidos-noiva\/#\/schema\/logo\/image\/","url":"https:\/\/www.ivanabeaumond.com.br\/vestidos-noiva\/wp-content\/uploads\/2018\/02\/logo_ivana_beaumond-2.png","contentUrl":"https:\/\/www.ivanabeaumond.com.br\/vestidos-noiva\/wp-content\/uploads\/2018\/02\/logo_ivana_beaumond-2.png","width":230,"height":112,"caption":"Vestido de Noiva RJ"},"image":{"@id":"https:\/\/www.ivanabeaumond.com.br\/vestidos-noiva\/#\/schema\/logo\/image\/"},"sameAs":["https:\/\/www.facebook.com\/ivana.beaumondnoivas","https:\/\/www.instagram.com\/ivanabeaumond\/","https:\/\/www.tiktok.com\/@ivanabeaumond"]},{"@type":"Person","@id":"https:\/\/www.ivanabeaumond.com.br\/vestidos-noiva\/#\/schema\/person\/1a360c4cffa3b806d29a456389dcff26","name":"Ivana Beaumond Paris","image":{"@type":"ImageObject","inLanguage":"pt-BR","@id":"https:\/\/www.ivanabeaumond.com.br\/vestidos-noiva\/#\/schema\/person\/image\/","url":"https:\/\/secure.gravatar.com\/avatar\/641f98db20b53ec937ceb641db4270b9?s=96&d=mm&r=g","contentUrl":"https:\/\/secure.gravatar.com\/avatar\/641f98db20b53ec937ceb641db4270b9?s=96&d=mm&r=g","caption":"Ivana Beaumond Paris"},"url":"https:\/\/www.ivanabeaumond.com.br\/vestidos-noiva\/author\/ivana\/"}]}},"_links":{"self":[{"href":"https:\/\/www.ivanabeaumond.com.br\/vestidos-noiva\/wp-json\/wp\/v2\/posts\/12483"}],"collection":[{"href":"https:\/\/www.ivanabeaumond.com.br\/vestidos-noiva\/wp-json\/wp\/v2\/posts"}],"about":[{"href":"https:\/\/www.ivanabeaumond.com.br\/vestidos-noiva\/wp-json\/wp\/v2\/types\/post"}],"author":[{"embeddable":true,"href":"https:\/\/www.ivanabeaumond.com.br\/vestidos-noiva\/wp-json\/wp\/v2\/users\/4"}],"replies":[{"embeddable":true,"href":"https:\/\/www.ivanabeaumond.com.br\/vestidos-noiva\/wp-json\/wp\/v2\/comments?post=12483"}],"version-history":[{"count":6,"href":"https:\/\/www.ivanabeaumond.com.br\/vestidos-noiva\/wp-json\/wp\/v2\/posts\/12483\/revisions"}],"predecessor-version":[{"id":12735,"href":"https:\/\/www.ivanabeaumond.com.br\/vestidos-noiva\/wp-json\/wp\/v2\/posts\/12483\/revisions\/12735"}],"wp:featuredmedia":[{"embeddable":true,"href":"https:\/\/www.ivanabeaumond.com.br\/vestidos-noiva\/wp-json\/wp\/v2\/media\/12517"}],"wp:attachment":[{"href":"https:\/\/www.ivanabeaumond.com.br\/vestidos-noiva\/wp-json\/wp\/v2\/media?parent=12483"}],"wp:term":[{"taxonomy":"category","embeddable":true,"href":"https:\/\/www.ivanabeaumond.com.br\/vestidos-noiva\/wp-json\/wp\/v2\/categories?post=12483"},{"taxonomy":"post_tag","embeddable":true,"href":"https:\/\/www.ivanabeaumond.com.br\/vestidos-noiva\/wp-json\/wp\/v2\/tags?post=12483"}],"curies":[{"name":"wp","href":"https:\/\/api.w.org\/{rel}","templated":true}]}}