{"id":12522,"date":"2017-05-25T23:57:20","date_gmt":"2017-05-26T02:57:20","guid":{"rendered":"http:\/\/www.ivanabeaumond.com.br\/vestidos-noiva\/?p=12522"},"modified":"2017-09-11T12:42:10","modified_gmt":"2017-09-11T15:42:10","slug":"atriz-giovanna-rispoli-comemorou-seus-15-anos-vestindo-the-dresses-by-ivana-beaumond-paris","status":"publish","type":"post","link":"https:\/\/www.ivanabeaumond.com.br\/vestidos-noiva\/atriz-giovanna-rispoli-comemorou-seus-15-anos-vestindo-the-dresses-by-ivana-beaumond-paris\/","title":{"rendered":"Atriz Giovanna Rispoli comemorou seus 15 Anos vestindo The Dresses By Ivana Beaumond Paris"},"content":{"rendered":"<h4 style=\"text-align: justify;\"><span style=\"color: #999999;\">No dia 19\/05\/2017 a atriz Giovanna Rispoli, comemorou seus 15 aninhos com uma festa super badalada, que aconteceu em Jacarepagu\u00e1 no Espa\u00e7o Zurique. Giovanna Rispoli, que ficou conhecida por interpretar a Cl\u00e1udia em \u2018Boogie Oogie\u2019 e a rebelde Joj\u00f4 em \u2018Totalmente Demais\u2019,\u00a0escolheu como tema da festa &#8220;Realeza&#8221; , organizada pelo Promoter David Santiago e animada pelos shows do MC Duduzinho e o DJ do momento, Mark Luk. \u00a0Giovanna como a rainha da festa, esbanjou beleza e carisma usando 3 vestidos maravilhosos, do atelier Ivana Beaumond. \u00a0A atriz recebeu seus convidados com um Mini Dress rosa claro de tule, com bordado de pedrarias, \u00a0feito \u00e0 m\u00e3o! \u00a0Um arraso!! \u00a0Para \u00a0o momento da valsa com o Pr\u00edncipe, o tamb\u00e9m Ator Jos\u00e9 Victor Pires, Gio escolheu um modelo Princesa dourado, tomara-que-caia, bem leve e rodado =) E um outro momento muito especial da festa, Giovanna e suas amigas, apresentaram uma dan\u00e7a surpresa, muito animada, que contagiou a todos os convidados. E para dan\u00e7ar muito na coreografia comandada pelo core\u00f3grafo, Rafael Santana, Giovanna escolheu um vestido arrasador, curtinho com aplica\u00e7\u00f5es em p\u00e9rolas e recortes de renda, dando transpar\u00eancia e suavidade no vestido!! Linda Linda !!!<\/span><\/h4>\n<h5 style=\"padding-left: 240px;\"><span style=\"color: #999999;\">Esses clicks incr\u00edveis, ficaram por conta do fot\u00f3grafo Diogo Dubem Fotografia.<\/span><\/h5>\n<p><a href=\"http:\/\/www.ivanabeaumond.com.br\/vestidos-noiva\/wp-content\/uploads\/2017\/05\/Giovanna_Rispoli-00170.jpg\"><img decoding=\"async\" loading=\"lazy\" class=\"aligncenter size-full wp-image-12543\" src=\"http:\/\/www.ivanabeaumond.com.br\/vestidos-noiva\/wp-content\/uploads\/2017\/05\/Giovanna_Rispoli-00170.jpg\" alt=\"Giovanna_Rispoli-00170\" width=\"900\" height=\"600\" srcset=\"https:\/\/www.ivanabeaumond.com.br\/vestidos-noiva\/wp-content\/uploads\/2017\/05\/Giovanna_Rispoli-00170.jpg 900w, https:\/\/www.ivanabeaumond.com.br\/vestidos-noiva\/wp-content\/uploads\/2017\/05\/Giovanna_Rispoli-00170-300x200.jpg 300w, https:\/\/www.ivanabeaumond.com.br\/vestidos-noiva\/wp-content\/uploads\/2017\/05\/Giovanna_Rispoli-00170-480x320.jpg 480w\" sizes=\"(max-width: 900px) 100vw, 900px\" \/><\/a><\/p>\n<p><a href=\"http:\/\/www.ivanabeaumond.com.br\/vestidos-noiva\/wp-content\/uploads\/2017\/05\/Giovanna_Rispoli-00814.jpg\"><img decoding=\"async\" loading=\"lazy\" class=\"aligncenter size-full wp-image-12544\" src=\"http:\/\/www.ivanabeaumond.com.br\/vestidos-noiva\/wp-content\/uploads\/2017\/05\/Giovanna_Rispoli-00814.jpg\" alt=\"Giovanna_Rispoli-00814\" width=\"900\" height=\"600\" srcset=\"https:\/\/www.ivanabeaumond.com.br\/vestidos-noiva\/wp-content\/uploads\/2017\/05\/Giovanna_Rispoli-00814.jpg 900w, https:\/\/www.ivanabeaumond.com.br\/vestidos-noiva\/wp-content\/uploads\/2017\/05\/Giovanna_Rispoli-00814-300x200.jpg 300w, https:\/\/www.ivanabeaumond.com.br\/vestidos-noiva\/wp-content\/uploads\/2017\/05\/Giovanna_Rispoli-00814-480x320.jpg 480w\" sizes=\"(max-width: 900px) 100vw, 900px\" \/><\/a><\/p>\n<p><a href=\"http:\/\/www.ivanabeaumond.com.br\/vestidos-noiva\/wp-content\/uploads\/2017\/05\/Giovanna_Rispoli-01200.jpg\"><img decoding=\"async\" loading=\"lazy\" class=\"aligncenter size-full wp-image-12545\" src=\"http:\/\/www.ivanabeaumond.com.br\/vestidos-noiva\/wp-content\/uploads\/2017\/05\/Giovanna_Rispoli-01200.jpg\" alt=\"Giovanna_Rispoli-01200\" width=\"900\" height=\"600\" srcset=\"https:\/\/www.ivanabeaumond.com.br\/vestidos-noiva\/wp-content\/uploads\/2017\/05\/Giovanna_Rispoli-01200.jpg 900w, https:\/\/www.ivanabeaumond.com.br\/vestidos-noiva\/wp-content\/uploads\/2017\/05\/Giovanna_Rispoli-01200-300x200.jpg 300w, https:\/\/www.ivanabeaumond.com.br\/vestidos-noiva\/wp-content\/uploads\/2017\/05\/Giovanna_Rispoli-01200-480x320.jpg 480w\" sizes=\"(max-width: 900px) 100vw, 900px\" \/><\/a><\/p>\n<p><a href=\"http:\/\/www.ivanabeaumond.com.br\/vestidos-noiva\/wp-content\/uploads\/2017\/05\/Giovanna_Rispoli-01657.jpg\"><img decoding=\"async\" loading=\"lazy\" class=\"aligncenter size-full wp-image-12546\" src=\"http:\/\/www.ivanabeaumond.com.br\/vestidos-noiva\/wp-content\/uploads\/2017\/05\/Giovanna_Rispoli-01657.jpg\" alt=\"Giovanna_Rispoli-01657\" width=\"900\" height=\"600\" srcset=\"https:\/\/www.ivanabeaumond.com.br\/vestidos-noiva\/wp-content\/uploads\/2017\/05\/Giovanna_Rispoli-01657.jpg 900w, https:\/\/www.ivanabeaumond.com.br\/vestidos-noiva\/wp-content\/uploads\/2017\/05\/Giovanna_Rispoli-01657-300x200.jpg 300w, https:\/\/www.ivanabeaumond.com.br\/vestidos-noiva\/wp-content\/uploads\/2017\/05\/Giovanna_Rispoli-01657-480x320.jpg 480w\" sizes=\"(max-width: 900px) 100vw, 900px\" \/><\/a><\/p>\n<p><a href=\"http:\/\/www.ivanabeaumond.com.br\/vestidos-noiva\/wp-content\/uploads\/2017\/05\/Giovanna_Rispoli-01896.jpg\"><img decoding=\"async\" loading=\"lazy\" class=\"aligncenter size-full wp-image-12547\" src=\"http:\/\/www.ivanabeaumond.com.br\/vestidos-noiva\/wp-content\/uploads\/2017\/05\/Giovanna_Rispoli-01896.jpg\" alt=\"Giovanna_Rispoli-01896\" width=\"900\" height=\"600\" srcset=\"https:\/\/www.ivanabeaumond.com.br\/vestidos-noiva\/wp-content\/uploads\/2017\/05\/Giovanna_Rispoli-01896.jpg 900w, https:\/\/www.ivanabeaumond.com.br\/vestidos-noiva\/wp-content\/uploads\/2017\/05\/Giovanna_Rispoli-01896-300x200.jpg 300w, https:\/\/www.ivanabeaumond.com.br\/vestidos-noiva\/wp-content\/uploads\/2017\/05\/Giovanna_Rispoli-01896-480x320.jpg 480w\" sizes=\"(max-width: 900px) 100vw, 900px\" \/><\/a><\/p>\n<p><a href=\"http:\/\/www.ivanabeaumond.com.br\/vestidos-noiva\/wp-content\/uploads\/2017\/05\/Giovanna_Rispoli-02447.jpg\"><img decoding=\"async\" loading=\"lazy\" class=\"aligncenter size-full wp-image-12548\" src=\"http:\/\/www.ivanabeaumond.com.br\/vestidos-noiva\/wp-content\/uploads\/2017\/05\/Giovanna_Rispoli-02447.jpg\" alt=\"Giovanna_Rispoli-02447\" width=\"900\" height=\"600\" srcset=\"https:\/\/www.ivanabeaumond.com.br\/vestidos-noiva\/wp-content\/uploads\/2017\/05\/Giovanna_Rispoli-02447.jpg 900w, https:\/\/www.ivanabeaumond.com.br\/vestidos-noiva\/wp-content\/uploads\/2017\/05\/Giovanna_Rispoli-02447-300x200.jpg 300w, https:\/\/www.ivanabeaumond.com.br\/vestidos-noiva\/wp-content\/uploads\/2017\/05\/Giovanna_Rispoli-02447-480x320.jpg 480w\" sizes=\"(max-width: 900px) 100vw, 900px\" \/><\/a><\/p>\n<p><a href=\"http:\/\/www.ivanabeaumond.com.br\/vestidos-noiva\/wp-content\/uploads\/2017\/05\/Giovanna_Rispoli-02628.jpg\"><img decoding=\"async\" loading=\"lazy\" class=\"aligncenter size-full wp-image-12549\" src=\"http:\/\/www.ivanabeaumond.com.br\/vestidos-noiva\/wp-content\/uploads\/2017\/05\/Giovanna_Rispoli-02628.jpg\" alt=\"Giovanna_Rispoli-02628\" width=\"900\" height=\"600\" srcset=\"https:\/\/www.ivanabeaumond.com.br\/vestidos-noiva\/wp-content\/uploads\/2017\/05\/Giovanna_Rispoli-02628.jpg 900w, https:\/\/www.ivanabeaumond.com.br\/vestidos-noiva\/wp-content\/uploads\/2017\/05\/Giovanna_Rispoli-02628-300x200.jpg 300w, https:\/\/www.ivanabeaumond.com.br\/vestidos-noiva\/wp-content\/uploads\/2017\/05\/Giovanna_Rispoli-02628-480x320.jpg 480w\" sizes=\"(max-width: 900px) 100vw, 900px\" \/><\/a><\/p>\n<p><a href=\"http:\/\/www.ivanabeaumond.com.br\/vestidos-noiva\/wp-content\/uploads\/2017\/05\/Giovanna_Rispoli-02985.jpg\"><img decoding=\"async\" loading=\"lazy\" class=\"aligncenter size-full wp-image-12550\" src=\"http:\/\/www.ivanabeaumond.com.br\/vestidos-noiva\/wp-content\/uploads\/2017\/05\/Giovanna_Rispoli-02985.jpg\" alt=\"Giovanna_Rispoli-02985\" width=\"900\" height=\"600\" srcset=\"https:\/\/www.ivanabeaumond.com.br\/vestidos-noiva\/wp-content\/uploads\/2017\/05\/Giovanna_Rispoli-02985.jpg 900w, https:\/\/www.ivanabeaumond.com.br\/vestidos-noiva\/wp-content\/uploads\/2017\/05\/Giovanna_Rispoli-02985-300x200.jpg 300w, https:\/\/www.ivanabeaumond.com.br\/vestidos-noiva\/wp-content\/uploads\/2017\/05\/Giovanna_Rispoli-02985-480x320.jpg 480w\" sizes=\"(max-width: 900px) 100vw, 900px\" \/><\/a><\/p>\n<p><a href=\"http:\/\/www.ivanabeaumond.com.br\/vestidos-noiva\/wp-content\/uploads\/2017\/05\/Giovanna_Rispoli-03006.jpg\"><img decoding=\"async\" loading=\"lazy\" class=\"aligncenter size-full wp-image-12551\" src=\"http:\/\/www.ivanabeaumond.com.br\/vestidos-noiva\/wp-content\/uploads\/2017\/05\/Giovanna_Rispoli-03006.jpg\" alt=\"Giovanna_Rispoli-03006\" width=\"900\" height=\"600\" srcset=\"https:\/\/www.ivanabeaumond.com.br\/vestidos-noiva\/wp-content\/uploads\/2017\/05\/Giovanna_Rispoli-03006.jpg 900w, https:\/\/www.ivanabeaumond.com.br\/vestidos-noiva\/wp-content\/uploads\/2017\/05\/Giovanna_Rispoli-03006-300x200.jpg 300w, https:\/\/www.ivanabeaumond.com.br\/vestidos-noiva\/wp-content\/uploads\/2017\/05\/Giovanna_Rispoli-03006-480x320.jpg 480w\" sizes=\"(max-width: 900px) 100vw, 900px\" \/><\/a><\/p>\n<p><a href=\"http:\/\/www.ivanabeaumond.com.br\/vestidos-noiva\/wp-content\/uploads\/2017\/05\/Giovanna_Rispoli-03234.jpg\"><img decoding=\"async\" loading=\"lazy\" class=\"aligncenter size-full wp-image-12552\" src=\"http:\/\/www.ivanabeaumond.com.br\/vestidos-noiva\/wp-content\/uploads\/2017\/05\/Giovanna_Rispoli-03234.jpg\" alt=\"Giovanna_Rispoli-03234\" width=\"900\" height=\"600\" srcset=\"https:\/\/www.ivanabeaumond.com.br\/vestidos-noiva\/wp-content\/uploads\/2017\/05\/Giovanna_Rispoli-03234.jpg 900w, https:\/\/www.ivanabeaumond.com.br\/vestidos-noiva\/wp-content\/uploads\/2017\/05\/Giovanna_Rispoli-03234-300x200.jpg 300w, https:\/\/www.ivanabeaumond.com.br\/vestidos-noiva\/wp-content\/uploads\/2017\/05\/Giovanna_Rispoli-03234-480x320.jpg 480w\" sizes=\"(max-width: 900px) 100vw, 900px\" \/><\/a><\/p>\n<p><a href=\"http:\/\/www.ivanabeaumond.com.br\/vestidos-noiva\/wp-content\/uploads\/2017\/05\/Giovanna_Rispoli-03367.jpg\"><img decoding=\"async\" loading=\"lazy\" class=\"aligncenter size-full wp-image-12553\" src=\"http:\/\/www.ivanabeaumond.com.br\/vestidos-noiva\/wp-content\/uploads\/2017\/05\/Giovanna_Rispoli-03367.jpg\" alt=\"Giovanna_Rispoli-03367\" width=\"900\" height=\"600\" srcset=\"https:\/\/www.ivanabeaumond.com.br\/vestidos-noiva\/wp-content\/uploads\/2017\/05\/Giovanna_Rispoli-03367.jpg 900w, https:\/\/www.ivanabeaumond.com.br\/vestidos-noiva\/wp-content\/uploads\/2017\/05\/Giovanna_Rispoli-03367-300x200.jpg 300w, https:\/\/www.ivanabeaumond.com.br\/vestidos-noiva\/wp-content\/uploads\/2017\/05\/Giovanna_Rispoli-03367-480x320.jpg 480w\" sizes=\"(max-width: 900px) 100vw, 900px\" \/><\/a><\/p>\n<p><a href=\"http:\/\/www.ivanabeaumond.com.br\/vestidos-noiva\/wp-content\/uploads\/2017\/05\/Giovanna_Rispoli-03557.jpg\"><img decoding=\"async\" loading=\"lazy\" class=\"aligncenter size-full wp-image-12554\" src=\"http:\/\/www.ivanabeaumond.com.br\/vestidos-noiva\/wp-content\/uploads\/2017\/05\/Giovanna_Rispoli-03557.jpg\" alt=\"Giovanna_Rispoli-03557\" width=\"900\" height=\"600\" srcset=\"https:\/\/www.ivanabeaumond.com.br\/vestidos-noiva\/wp-content\/uploads\/2017\/05\/Giovanna_Rispoli-03557.jpg 900w, https:\/\/www.ivanabeaumond.com.br\/vestidos-noiva\/wp-content\/uploads\/2017\/05\/Giovanna_Rispoli-03557-300x200.jpg 300w, https:\/\/www.ivanabeaumond.com.br\/vestidos-noiva\/wp-content\/uploads\/2017\/05\/Giovanna_Rispoli-03557-480x320.jpg 480w\" sizes=\"(max-width: 900px) 100vw, 900px\" \/><\/a><\/p>\n<p><a href=\"http:\/\/www.ivanabeaumond.com.br\/vestidos-noiva\/wp-content\/uploads\/2017\/05\/Giovanna_Rispoli-03764.jpg\"><img decoding=\"async\" loading=\"lazy\" class=\"aligncenter size-full wp-image-12555\" src=\"http:\/\/www.ivanabeaumond.com.br\/vestidos-noiva\/wp-content\/uploads\/2017\/05\/Giovanna_Rispoli-03764.jpg\" alt=\"Giovanna_Rispoli-03764\" width=\"900\" height=\"600\" srcset=\"https:\/\/www.ivanabeaumond.com.br\/vestidos-noiva\/wp-content\/uploads\/2017\/05\/Giovanna_Rispoli-03764.jpg 900w, https:\/\/www.ivanabeaumond.com.br\/vestidos-noiva\/wp-content\/uploads\/2017\/05\/Giovanna_Rispoli-03764-300x200.jpg 300w, https:\/\/www.ivanabeaumond.com.br\/vestidos-noiva\/wp-content\/uploads\/2017\/05\/Giovanna_Rispoli-03764-480x320.jpg 480w\" sizes=\"(max-width: 900px) 100vw, 900px\" \/><\/a><\/p>\n<p><a href=\"http:\/\/www.ivanabeaumond.com.br\/vestidos-noiva\/wp-content\/uploads\/2017\/05\/Giovanna_Rispoli-03838.jpg\"><img decoding=\"async\" loading=\"lazy\" class=\"aligncenter size-full wp-image-12556\" src=\"http:\/\/www.ivanabeaumond.com.br\/vestidos-noiva\/wp-content\/uploads\/2017\/05\/Giovanna_Rispoli-03838.jpg\" alt=\"Giovanna_Rispoli-03838\" width=\"900\" height=\"600\" srcset=\"https:\/\/www.ivanabeaumond.com.br\/vestidos-noiva\/wp-content\/uploads\/2017\/05\/Giovanna_Rispoli-03838.jpg 900w, https:\/\/www.ivanabeaumond.com.br\/vestidos-noiva\/wp-content\/uploads\/2017\/05\/Giovanna_Rispoli-03838-300x200.jpg 300w, https:\/\/www.ivanabeaumond.com.br\/vestidos-noiva\/wp-content\/uploads\/2017\/05\/Giovanna_Rispoli-03838-480x320.jpg 480w\" sizes=\"(max-width: 900px) 100vw, 900px\" \/><\/a><\/p>\n<p><a href=\"http:\/\/www.ivanabeaumond.com.br\/vestidos-noiva\/wp-content\/uploads\/2017\/05\/Giovana-Rispolli-6-e1495752440132.jpg\"><img decoding=\"async\" loading=\"lazy\" class=\"aligncenter size-full wp-image-12527\" src=\"http:\/\/www.ivanabeaumond.com.br\/vestidos-noiva\/wp-content\/uploads\/2017\/05\/Giovana-Rispolli-6-e1495752440132.jpg\" alt=\"Giovana Rispolli 6\" width=\"900\" height=\"600\" \/><\/a><\/p>\n<p><a href=\"http:\/\/www.ivanabeaumond.com.br\/vestidos-noiva\/wp-content\/uploads\/2017\/05\/Giovanna_Rispoli-04267.jpg\"><img decoding=\"async\" loading=\"lazy\" class=\"aligncenter size-full wp-image-12557\" src=\"http:\/\/www.ivanabeaumond.com.br\/vestidos-noiva\/wp-content\/uploads\/2017\/05\/Giovanna_Rispoli-04267.jpg\" alt=\"Giovanna_Rispoli-04267\" width=\"900\" height=\"600\" srcset=\"https:\/\/www.ivanabeaumond.com.br\/vestidos-noiva\/wp-content\/uploads\/2017\/05\/Giovanna_Rispoli-04267.jpg 900w, https:\/\/www.ivanabeaumond.com.br\/vestidos-noiva\/wp-content\/uploads\/2017\/05\/Giovanna_Rispoli-04267-300x200.jpg 300w, https:\/\/www.ivanabeaumond.com.br\/vestidos-noiva\/wp-content\/uploads\/2017\/05\/Giovanna_Rispoli-04267-480x320.jpg 480w\" sizes=\"(max-width: 900px) 100vw, 900px\" \/><\/a><\/p>\n<p><a href=\"http:\/\/www.ivanabeaumond.com.br\/vestidos-noiva\/wp-content\/uploads\/2017\/05\/Giovanna_Rispoli-04364.jpg\"><img decoding=\"async\" loading=\"lazy\" class=\"aligncenter size-full wp-image-12558\" src=\"http:\/\/www.ivanabeaumond.com.br\/vestidos-noiva\/wp-content\/uploads\/2017\/05\/Giovanna_Rispoli-04364.jpg\" alt=\"Giovanna_Rispoli-04364\" width=\"900\" height=\"600\" srcset=\"https:\/\/www.ivanabeaumond.com.br\/vestidos-noiva\/wp-content\/uploads\/2017\/05\/Giovanna_Rispoli-04364.jpg 900w, https:\/\/www.ivanabeaumond.com.br\/vestidos-noiva\/wp-content\/uploads\/2017\/05\/Giovanna_Rispoli-04364-300x200.jpg 300w, https:\/\/www.ivanabeaumond.com.br\/vestidos-noiva\/wp-content\/uploads\/2017\/05\/Giovanna_Rispoli-04364-480x320.jpg 480w\" sizes=\"(max-width: 900px) 100vw, 900px\" \/><\/a><\/p>\n<p>&nbsp;<\/p>\n<p>&nbsp;<\/p>\n<p>&nbsp;<\/p>\n","protected":false},"excerpt":{"rendered":"<p>No dia 19\/05\/2017 a atriz Giovanna Rispoli, comemorou seus 15&#8230;<\/p>\n","protected":false},"author":4,"featured_media":12553,"comment_status":"open","ping_status":"open","sticky":false,"template":"","format":"standard","meta":[],"categories":[128],"tags":[131,133,96,137,162,103,136,164,165,138,115],"yoast_head":"<!-- This site is optimized with the Yoast SEO plugin v20.3 - https:\/\/yoast.com\/wordpress\/plugins\/seo\/ -->\n<title>Atriz Giovanna Rispoli comemorou seus 15 Anos vestindo The Dresses By Ivana Beaumond Paris - Vestido de Noiva RJ<\/title>\n<meta name=\"robots\" content=\"index, follow, max-snippet:-1, max-image-preview:large, max-video-preview:-1\" \/>\n<link rel=\"canonical\" href=\"https:\/\/www.ivanabeaumond.com.br\/vestidos-noiva\/atriz-giovanna-rispoli-comemorou-seus-15-anos-vestindo-the-dresses-by-ivana-beaumond-paris\/\" \/>\n<meta property=\"og:locale\" content=\"pt_BR\" \/>\n<meta property=\"og:type\" content=\"article\" \/>\n<meta property=\"og:title\" content=\"Atriz Giovanna Rispoli comemorou seus 15 Anos vestindo The Dresses By Ivana Beaumond Paris - Vestido de Noiva RJ\" \/>\n<meta property=\"og:description\" content=\"No dia 19\/05\/2017 a atriz Giovanna Rispoli, comemorou seus 15...\" \/>\n<meta property=\"og:url\" content=\"https:\/\/www.ivanabeaumond.com.br\/vestidos-noiva\/atriz-giovanna-rispoli-comemorou-seus-15-anos-vestindo-the-dresses-by-ivana-beaumond-paris\/\" \/>\n<meta property=\"og:site_name\" content=\"Vestido de Noiva RJ\" \/>\n<meta property=\"article:publisher\" content=\"https:\/\/www.facebook.com\/ivana.beaumondnoivas\" \/>\n<meta property=\"article:published_time\" content=\"2017-05-26T02:57:20+00:00\" \/>\n<meta property=\"article:modified_time\" content=\"2017-09-11T15:42:10+00:00\" \/>\n<meta property=\"og:image\" content=\"https:\/\/www.ivanabeaumond.com.br\/vestidos-noiva\/wp-content\/uploads\/2017\/05\/Giovanna_Rispoli-03367.jpg\" \/>\n\t<meta property=\"og:image:width\" content=\"900\" \/>\n\t<meta property=\"og:image:height\" content=\"600\" \/>\n\t<meta property=\"og:image:type\" content=\"image\/jpeg\" \/>\n<meta name=\"author\" content=\"Ivana Beaumond Paris\" \/>\n<meta name=\"twitter:card\" content=\"summary_large_image\" \/>\n<meta name=\"twitter:label1\" content=\"Escrito por\" \/>\n\t<meta name=\"twitter:data1\" content=\"Ivana Beaumond Paris\" \/>\n\t<meta name=\"twitter:label2\" content=\"Est. tempo de leitura\" \/>\n\t<meta name=\"twitter:data2\" content=\"1 minuto\" \/>\n<script type=\"application\/ld+json\" class=\"yoast-schema-graph\">{\"@context\":\"https:\/\/schema.org\",\"@graph\":[{\"@type\":\"Article\",\"@id\":\"https:\/\/www.ivanabeaumond.com.br\/vestidos-noiva\/atriz-giovanna-rispoli-comemorou-seus-15-anos-vestindo-the-dresses-by-ivana-beaumond-paris\/#article\",\"isPartOf\":{\"@id\":\"https:\/\/www.ivanabeaumond.com.br\/vestidos-noiva\/atriz-giovanna-rispoli-comemorou-seus-15-anos-vestindo-the-dresses-by-ivana-beaumond-paris\/\"},\"author\":{\"name\":\"Ivana Beaumond Paris\",\"@id\":\"https:\/\/www.ivanabeaumond.com.br\/vestidos-noiva\/#\/schema\/person\/1a360c4cffa3b806d29a456389dcff26\"},\"headline\":\"Atriz Giovanna Rispoli comemorou seus 15 Anos vestindo The Dresses By Ivana Beaumond Paris\",\"datePublished\":\"2017-05-26T02:57:20+00:00\",\"dateModified\":\"2017-09-11T15:42:10+00:00\",\"mainEntityOfPage\":{\"@id\":\"https:\/\/www.ivanabeaumond.com.br\/vestidos-noiva\/atriz-giovanna-rispoli-comemorou-seus-15-anos-vestindo-the-dresses-by-ivana-beaumond-paris\/\"},\"wordCount\":225,\"commentCount\":0,\"publisher\":{\"@id\":\"https:\/\/www.ivanabeaumond.com.br\/vestidos-noiva\/#organization\"},\"keywords\":[\"aluguel de roupas\",\"atelierivanabeaumond\",\"casamento\",\"convidadas\",\"festas\",\"madrinhas\",\"moda festa\",\"noivas\",\"padrinhos\",\"vestido de festa\",\"vestido de noiva\"],\"articleSection\":[\"Na M\u00eddia\"],\"inLanguage\":\"pt-BR\",\"potentialAction\":[{\"@type\":\"CommentAction\",\"name\":\"Comment\",\"target\":[\"https:\/\/www.ivanabeaumond.com.br\/vestidos-noiva\/atriz-giovanna-rispoli-comemorou-seus-15-anos-vestindo-the-dresses-by-ivana-beaumond-paris\/#respond\"]}]},{\"@type\":\"WebPage\",\"@id\":\"https:\/\/www.ivanabeaumond.com.br\/vestidos-noiva\/atriz-giovanna-rispoli-comemorou-seus-15-anos-vestindo-the-dresses-by-ivana-beaumond-paris\/\",\"url\":\"https:\/\/www.ivanabeaumond.com.br\/vestidos-noiva\/atriz-giovanna-rispoli-comemorou-seus-15-anos-vestindo-the-dresses-by-ivana-beaumond-paris\/\",\"name\":\"Atriz Giovanna Rispoli comemorou seus 15 Anos vestindo The Dresses By Ivana Beaumond Paris - Vestido de Noiva RJ\",\"isPartOf\":{\"@id\":\"https:\/\/www.ivanabeaumond.com.br\/vestidos-noiva\/#website\"},\"datePublished\":\"2017-05-26T02:57:20+00:00\",\"dateModified\":\"2017-09-11T15:42:10+00:00\",\"breadcrumb\":{\"@id\":\"https:\/\/www.ivanabeaumond.com.br\/vestidos-noiva\/atriz-giovanna-rispoli-comemorou-seus-15-anos-vestindo-the-dresses-by-ivana-beaumond-paris\/#breadcrumb\"},\"inLanguage\":\"pt-BR\",\"potentialAction\":[{\"@type\":\"ReadAction\",\"target\":[\"https:\/\/www.ivanabeaumond.com.br\/vestidos-noiva\/atriz-giovanna-rispoli-comemorou-seus-15-anos-vestindo-the-dresses-by-ivana-beaumond-paris\/\"]}]},{\"@type\":\"BreadcrumbList\",\"@id\":\"https:\/\/www.ivanabeaumond.com.br\/vestidos-noiva\/atriz-giovanna-rispoli-comemorou-seus-15-anos-vestindo-the-dresses-by-ivana-beaumond-paris\/#breadcrumb\",\"itemListElement\":[{\"@type\":\"ListItem\",\"position\":1,\"name\":\"In\u00edcio\",\"item\":\"https:\/\/www.ivanabeaumond.com.br\/vestidos-noiva\/\"},{\"@type\":\"ListItem\",\"position\":2,\"name\":\"Atriz Giovanna Rispoli comemorou seus 15 Anos vestindo The Dresses By Ivana Beaumond Paris\"}]},{\"@type\":\"WebSite\",\"@id\":\"https:\/\/www.ivanabeaumond.com.br\/vestidos-noiva\/#website\",\"url\":\"https:\/\/www.ivanabeaumond.com.br\/vestidos-noiva\/\",\"name\":\"Vestido de Noiva RJ\",\"description\":\"Moda Noiva\",\"publisher\":{\"@id\":\"https:\/\/www.ivanabeaumond.com.br\/vestidos-noiva\/#organization\"},\"potentialAction\":[{\"@type\":\"SearchAction\",\"target\":{\"@type\":\"EntryPoint\",\"urlTemplate\":\"https:\/\/www.ivanabeaumond.com.br\/vestidos-noiva\/?s={search_term_string}\"},\"query-input\":\"required name=search_term_string\"}],\"inLanguage\":\"pt-BR\"},{\"@type\":\"Organization\",\"@id\":\"https:\/\/www.ivanabeaumond.com.br\/vestidos-noiva\/#organization\",\"name\":\"Vestido de Noiva RJ\",\"url\":\"https:\/\/www.ivanabeaumond.com.br\/vestidos-noiva\/\",\"logo\":{\"@type\":\"ImageObject\",\"inLanguage\":\"pt-BR\",\"@id\":\"https:\/\/www.ivanabeaumond.com.br\/vestidos-noiva\/#\/schema\/logo\/image\/\",\"url\":\"https:\/\/www.ivanabeaumond.com.br\/vestidos-noiva\/wp-content\/uploads\/2018\/02\/logo_ivana_beaumond-2.png\",\"contentUrl\":\"https:\/\/www.ivanabeaumond.com.br\/vestidos-noiva\/wp-content\/uploads\/2018\/02\/logo_ivana_beaumond-2.png\",\"width\":230,\"height\":112,\"caption\":\"Vestido de Noiva RJ\"},\"image\":{\"@id\":\"https:\/\/www.ivanabeaumond.com.br\/vestidos-noiva\/#\/schema\/logo\/image\/\"},\"sameAs\":[\"https:\/\/www.facebook.com\/ivana.beaumondnoivas\",\"https:\/\/www.instagram.com\/ivanabeaumond\/\",\"https:\/\/www.tiktok.com\/@ivanabeaumond\"]},{\"@type\":\"Person\",\"@id\":\"https:\/\/www.ivanabeaumond.com.br\/vestidos-noiva\/#\/schema\/person\/1a360c4cffa3b806d29a456389dcff26\",\"name\":\"Ivana Beaumond Paris\",\"image\":{\"@type\":\"ImageObject\",\"inLanguage\":\"pt-BR\",\"@id\":\"https:\/\/www.ivanabeaumond.com.br\/vestidos-noiva\/#\/schema\/person\/image\/\",\"url\":\"https:\/\/secure.gravatar.com\/avatar\/641f98db20b53ec937ceb641db4270b9?s=96&d=mm&r=g\",\"contentUrl\":\"https:\/\/secure.gravatar.com\/avatar\/641f98db20b53ec937ceb641db4270b9?s=96&d=mm&r=g\",\"caption\":\"Ivana Beaumond Paris\"},\"url\":\"https:\/\/www.ivanabeaumond.com.br\/vestidos-noiva\/author\/ivana\/\"}]}<\/script>\n<!-- \/ Yoast SEO plugin. -->","yoast_head_json":{"title":"Atriz Giovanna Rispoli comemorou seus 15 Anos vestindo The Dresses By Ivana Beaumond Paris - Vestido de Noiva RJ","robots":{"index":"index","follow":"follow","max-snippet":"max-snippet:-1","max-image-preview":"max-image-preview:large","max-video-preview":"max-video-preview:-1"},"canonical":"https:\/\/www.ivanabeaumond.com.br\/vestidos-noiva\/atriz-giovanna-rispoli-comemorou-seus-15-anos-vestindo-the-dresses-by-ivana-beaumond-paris\/","og_locale":"pt_BR","og_type":"article","og_title":"Atriz Giovanna Rispoli comemorou seus 15 Anos vestindo The Dresses By Ivana Beaumond Paris - Vestido de Noiva RJ","og_description":"No dia 19\/05\/2017 a atriz Giovanna Rispoli, comemorou seus 15...","og_url":"https:\/\/www.ivanabeaumond.com.br\/vestidos-noiva\/atriz-giovanna-rispoli-comemorou-seus-15-anos-vestindo-the-dresses-by-ivana-beaumond-paris\/","og_site_name":"Vestido de Noiva RJ","article_publisher":"https:\/\/www.facebook.com\/ivana.beaumondnoivas","article_published_time":"2017-05-26T02:57:20+00:00","article_modified_time":"2017-09-11T15:42:10+00:00","og_image":[{"width":900,"height":600,"url":"https:\/\/www.ivanabeaumond.com.br\/vestidos-noiva\/wp-content\/uploads\/2017\/05\/Giovanna_Rispoli-03367.jpg","type":"image\/jpeg"}],"author":"Ivana Beaumond Paris","twitter_card":"summary_large_image","twitter_misc":{"Escrito por":"Ivana Beaumond Paris","Est. tempo de leitura":"1 minuto"},"schema":{"@context":"https:\/\/schema.org","@graph":[{"@type":"Article","@id":"https:\/\/www.ivanabeaumond.com.br\/vestidos-noiva\/atriz-giovanna-rispoli-comemorou-seus-15-anos-vestindo-the-dresses-by-ivana-beaumond-paris\/#article","isPartOf":{"@id":"https:\/\/www.ivanabeaumond.com.br\/vestidos-noiva\/atriz-giovanna-rispoli-comemorou-seus-15-anos-vestindo-the-dresses-by-ivana-beaumond-paris\/"},"author":{"name":"Ivana Beaumond Paris","@id":"https:\/\/www.ivanabeaumond.com.br\/vestidos-noiva\/#\/schema\/person\/1a360c4cffa3b806d29a456389dcff26"},"headline":"Atriz Giovanna Rispoli comemorou seus 15 Anos vestindo The Dresses By Ivana Beaumond Paris","datePublished":"2017-05-26T02:57:20+00:00","dateModified":"2017-09-11T15:42:10+00:00","mainEntityOfPage":{"@id":"https:\/\/www.ivanabeaumond.com.br\/vestidos-noiva\/atriz-giovanna-rispoli-comemorou-seus-15-anos-vestindo-the-dresses-by-ivana-beaumond-paris\/"},"wordCount":225,"commentCount":0,"publisher":{"@id":"https:\/\/www.ivanabeaumond.com.br\/vestidos-noiva\/#organization"},"keywords":["aluguel de roupas","atelierivanabeaumond","casamento","convidadas","festas","madrinhas","moda festa","noivas","padrinhos","vestido de festa","vestido de noiva"],"articleSection":["Na M\u00eddia"],"inLanguage":"pt-BR","potentialAction":[{"@type":"CommentAction","name":"Comment","target":["https:\/\/www.ivanabeaumond.com.br\/vestidos-noiva\/atriz-giovanna-rispoli-comemorou-seus-15-anos-vestindo-the-dresses-by-ivana-beaumond-paris\/#respond"]}]},{"@type":"WebPage","@id":"https:\/\/www.ivanabeaumond.com.br\/vestidos-noiva\/atriz-giovanna-rispoli-comemorou-seus-15-anos-vestindo-the-dresses-by-ivana-beaumond-paris\/","url":"https:\/\/www.ivanabeaumond.com.br\/vestidos-noiva\/atriz-giovanna-rispoli-comemorou-seus-15-anos-vestindo-the-dresses-by-ivana-beaumond-paris\/","name":"Atriz Giovanna Rispoli comemorou seus 15 Anos vestindo The Dresses By Ivana Beaumond Paris - Vestido de Noiva RJ","isPartOf":{"@id":"https:\/\/www.ivanabeaumond.com.br\/vestidos-noiva\/#website"},"datePublished":"2017-05-26T02:57:20+00:00","dateModified":"2017-09-11T15:42:10+00:00","breadcrumb":{"@id":"https:\/\/www.ivanabeaumond.com.br\/vestidos-noiva\/atriz-giovanna-rispoli-comemorou-seus-15-anos-vestindo-the-dresses-by-ivana-beaumond-paris\/#breadcrumb"},"inLanguage":"pt-BR","potentialAction":[{"@type":"ReadAction","target":["https:\/\/www.ivanabeaumond.com.br\/vestidos-noiva\/atriz-giovanna-rispoli-comemorou-seus-15-anos-vestindo-the-dresses-by-ivana-beaumond-paris\/"]}]},{"@type":"BreadcrumbList","@id":"https:\/\/www.ivanabeaumond.com.br\/vestidos-noiva\/atriz-giovanna-rispoli-comemorou-seus-15-anos-vestindo-the-dresses-by-ivana-beaumond-paris\/#breadcrumb","itemListElement":[{"@type":"ListItem","position":1,"name":"In\u00edcio","item":"https:\/\/www.ivanabeaumond.com.br\/vestidos-noiva\/"},{"@type":"ListItem","position":2,"name":"Atriz Giovanna Rispoli comemorou seus 15 Anos vestindo The Dresses By Ivana Beaumond Paris"}]},{"@type":"WebSite","@id":"https:\/\/www.ivanabeaumond.com.br\/vestidos-noiva\/#website","url":"https:\/\/www.ivanabeaumond.com.br\/vestidos-noiva\/","name":"Vestido de Noiva RJ","description":"Moda Noiva","publisher":{"@id":"https:\/\/www.ivanabeaumond.com.br\/vestidos-noiva\/#organization"},"potentialAction":[{"@type":"SearchAction","target":{"@type":"EntryPoint","urlTemplate":"https:\/\/www.ivanabeaumond.com.br\/vestidos-noiva\/?s={search_term_string}"},"query-input":"required name=search_term_string"}],"inLanguage":"pt-BR"},{"@type":"Organization","@id":"https:\/\/www.ivanabeaumond.com.br\/vestidos-noiva\/#organization","name":"Vestido de Noiva RJ","url":"https:\/\/www.ivanabeaumond.com.br\/vestidos-noiva\/","logo":{"@type":"ImageObject","inLanguage":"pt-BR","@id":"https:\/\/www.ivanabeaumond.com.br\/vestidos-noiva\/#\/schema\/logo\/image\/","url":"https:\/\/www.ivanabeaumond.com.br\/vestidos-noiva\/wp-content\/uploads\/2018\/02\/logo_ivana_beaumond-2.png","contentUrl":"https:\/\/www.ivanabeaumond.com.br\/vestidos-noiva\/wp-content\/uploads\/2018\/02\/logo_ivana_beaumond-2.png","width":230,"height":112,"caption":"Vestido de Noiva RJ"},"image":{"@id":"https:\/\/www.ivanabeaumond.com.br\/vestidos-noiva\/#\/schema\/logo\/image\/"},"sameAs":["https:\/\/www.facebook.com\/ivana.beaumondnoivas","https:\/\/www.instagram.com\/ivanabeaumond\/","https:\/\/www.tiktok.com\/@ivanabeaumond"]},{"@type":"Person","@id":"https:\/\/www.ivanabeaumond.com.br\/vestidos-noiva\/#\/schema\/person\/1a360c4cffa3b806d29a456389dcff26","name":"Ivana Beaumond Paris","image":{"@type":"ImageObject","inLanguage":"pt-BR","@id":"https:\/\/www.ivanabeaumond.com.br\/vestidos-noiva\/#\/schema\/person\/image\/","url":"https:\/\/secure.gravatar.com\/avatar\/641f98db20b53ec937ceb641db4270b9?s=96&d=mm&r=g","contentUrl":"https:\/\/secure.gravatar.com\/avatar\/641f98db20b53ec937ceb641db4270b9?s=96&d=mm&r=g","caption":"Ivana Beaumond Paris"},"url":"https:\/\/www.ivanabeaumond.com.br\/vestidos-noiva\/author\/ivana\/"}]}},"_links":{"self":[{"href":"https:\/\/www.ivanabeaumond.com.br\/vestidos-noiva\/wp-json\/wp\/v2\/posts\/12522"}],"collection":[{"href":"https:\/\/www.ivanabeaumond.com.br\/vestidos-noiva\/wp-json\/wp\/v2\/posts"}],"about":[{"href":"https:\/\/www.ivanabeaumond.com.br\/vestidos-noiva\/wp-json\/wp\/v2\/types\/post"}],"author":[{"embeddable":true,"href":"https:\/\/www.ivanabeaumond.com.br\/vestidos-noiva\/wp-json\/wp\/v2\/users\/4"}],"replies":[{"embeddable":true,"href":"https:\/\/www.ivanabeaumond.com.br\/vestidos-noiva\/wp-json\/wp\/v2\/comments?post=12522"}],"version-history":[{"count":55,"href":"https:\/\/www.ivanabeaumond.com.br\/vestidos-noiva\/wp-json\/wp\/v2\/posts\/12522\/revisions"}],"predecessor-version":[{"id":12654,"href":"https:\/\/www.ivanabeaumond.com.br\/vestidos-noiva\/wp-json\/wp\/v2\/posts\/12522\/revisions\/12654"}],"wp:featuredmedia":[{"embeddable":true,"href":"https:\/\/www.ivanabeaumond.com.br\/vestidos-noiva\/wp-json\/wp\/v2\/media\/12553"}],"wp:attachment":[{"href":"https:\/\/www.ivanabeaumond.com.br\/vestidos-noiva\/wp-json\/wp\/v2\/media?parent=12522"}],"wp:term":[{"taxonomy":"category","embeddable":true,"href":"https:\/\/www.ivanabeaumond.com.br\/vestidos-noiva\/wp-json\/wp\/v2\/categories?post=12522"},{"taxonomy":"post_tag","embeddable":true,"href":"https:\/\/www.ivanabeaumond.com.br\/vestidos-noiva\/wp-json\/wp\/v2\/tags?post=12522"}],"curies":[{"name":"wp","href":"https:\/\/api.w.org\/{rel}","templated":true}]}}