{"id":12613,"date":"2017-05-30T19:57:17","date_gmt":"2017-05-30T22:57:17","guid":{"rendered":"http:\/\/www.ivanabeaumond.com.br\/vestidos-noiva\/?p=12613"},"modified":"2017-09-11T12:41:54","modified_gmt":"2017-09-11T15:41:54","slug":"o-castelo-da-noiva-karina-vestido-de-noiva-atelier-ivana-beaumond","status":"publish","type":"post","link":"https:\/\/www.ivanabeaumond.com.br\/vestidos-noiva\/o-castelo-da-noiva-karina-vestido-de-noiva-atelier-ivana-beaumond\/","title":{"rendered":"O Castelo da Noiva Karina Vestido de Noiva Atelier Ivana Beaumond"},"content":{"rendered":"<h5 style=\"text-align: justify;\"><em><span style=\"color: #999999;\">Realizar um casamento de conto de fada, literalmente, j\u00e1 \u00e9 poss\u00edvel. \u00a0<\/span><\/em><em><span style=\"color: #999999;\">Karina se casou com seu Pr\u00edncipe P\u00e9ricles no dia 14\/04\/2017, no bel\u00edssimo Castelo de Itaipava.\u00a0<\/span><\/em><em><span style=\"color: #999999;\">Para celebrar este dia \u00fanico de suas vidas, Karina optou pelo atelier Ivana Beaumond para encontrar seu t\u00e3o sonhado Vestido de Noiva. Muito decidida e com muito alto astral, nosso vestido representou muito bem essa noivinha. Um modelo princesa, digno de Castelo de Itaipava, branco, com rendas francesas aplicadas \u00e0 m\u00e3o e levemente bordadas com cristais para real\u00e7ar seu desenho. Para desenhar bem a cintura, valorizando ainda mais nossa princesa, o vestido acompanhou um cinto bordado ( tamb\u00e9m \u00e0 m\u00e3o ) com mix de materiais como: cristais, p\u00e9rolas e mini mi\u00e7angas. Seu noivo P\u00e9ricles, vestindo tamb\u00e9m nosso traje Ivana Beaumond, se mostrou um pr\u00edncipe , com toda eleg\u00e2ncia e demostrando muito amor \u00e0 Karina =) Acompanhando esses noivos queridos, duas damas lindas e seus vestidos de princesinhas, por atelier Ivana Beaumond.<\/span><\/em><\/h5>\n<h5 style=\"text-align: justify;\"><em><span style=\"color: #999999;\">Confira alguns momentos registrados deste dia incr\u00edvel !!<\/span><\/em><\/h5>\n<p>&nbsp;<\/p>\n<div id=\"attachment_12615\" style=\"width: 910px\" class=\"wp-caption aligncenter\"><a href=\"http:\/\/www.ivanabeaumond.com.br\/vestidos-noiva\/wp-content\/uploads\/2017\/05\/Karina-Vestidos-de-Noiva-Atelier-Ivana-Beaumond-3-e1496159412489.jpg\"><img aria-describedby=\"caption-attachment-12615\" decoding=\"async\" loading=\"lazy\" class=\"size-full wp-image-12615\" src=\"http:\/\/www.ivanabeaumond.com.br\/vestidos-noiva\/wp-content\/uploads\/2017\/05\/Karina-Vestidos-de-Noiva-Atelier-Ivana-Beaumond-3-e1496159412489.jpg\" alt=\"Vestido de Noiva por Atelier Ivana Beaumond\" width=\"900\" height=\"600\" \/><\/a><p id=\"caption-attachment-12615\" class=\"wp-caption-text\"><span style=\"color: #999999;\">Vestido de Noiva por Atelier Ivana Beaumond<\/span><\/p><\/div>\n<div id=\"attachment_12616\" style=\"width: 910px\" class=\"wp-caption aligncenter\"><a href=\"http:\/\/www.ivanabeaumond.com.br\/vestidos-noiva\/wp-content\/uploads\/2017\/05\/Karina-Vestidos-de-Noiva-Atelier-Ivana-Beaumond-6-e1496159398205.jpg\"><img aria-describedby=\"caption-attachment-12616\" decoding=\"async\" loading=\"lazy\" class=\"size-full wp-image-12616\" src=\"http:\/\/www.ivanabeaumond.com.br\/vestidos-noiva\/wp-content\/uploads\/2017\/05\/Karina-Vestidos-de-Noiva-Atelier-Ivana-Beaumond-6-e1496159398205.jpg\" alt=\"Vestido de Noiva por Atelier Ivana Beaumond\" width=\"900\" height=\"601\" \/><\/a><p id=\"caption-attachment-12616\" class=\"wp-caption-text\"><span style=\"color: #999999;\">Vestido de Noiva por Atelier Ivana Beaumond<\/span><\/p><\/div>\n<div id=\"attachment_12617\" style=\"width: 910px\" class=\"wp-caption aligncenter\"><a href=\"http:\/\/www.ivanabeaumond.com.br\/vestidos-noiva\/wp-content\/uploads\/2017\/05\/Karina-Vestidos-de-Noiva-Atelier-Ivana-Beaumond-7-e1496159383736.jpg\"><img aria-describedby=\"caption-attachment-12617\" decoding=\"async\" loading=\"lazy\" class=\"size-full wp-image-12617\" src=\"http:\/\/www.ivanabeaumond.com.br\/vestidos-noiva\/wp-content\/uploads\/2017\/05\/Karina-Vestidos-de-Noiva-Atelier-Ivana-Beaumond-7-e1496159383736.jpg\" alt=\"Vestido de Noiva por Atelier Ivana Beaumond\" width=\"900\" height=\"601\" \/><\/a><p id=\"caption-attachment-12617\" class=\"wp-caption-text\"><span style=\"color: #999999;\">Vestido de Noiva por Atelier Ivana Beaumond<\/span><\/p><\/div>\n<div id=\"attachment_12618\" style=\"width: 510px\" class=\"wp-caption aligncenter\"><a href=\"http:\/\/www.ivanabeaumond.com.br\/vestidos-noiva\/wp-content\/uploads\/2017\/05\/Karina-Vestidos-de-Noiva-Atelier-Ivana-Beaumond-11.jpg\"><img aria-describedby=\"caption-attachment-12618\" decoding=\"async\" loading=\"lazy\" class=\"size-full wp-image-12618\" src=\"http:\/\/www.ivanabeaumond.com.br\/vestidos-noiva\/wp-content\/uploads\/2017\/05\/Karina-Vestidos-de-Noiva-Atelier-Ivana-Beaumond-11-e1496159365243.jpg\" alt=\"Vestido de Noiva por Atelier Ivana Beaumond\" width=\"500\" height=\"750\" \/><\/a><p id=\"caption-attachment-12618\" class=\"wp-caption-text\"><span style=\"color: #999999;\">Vestido de Noiva por Atelier Ivana Beaumond<\/span><\/p><\/div>\n<div id=\"attachment_12614\" style=\"width: 910px\" class=\"wp-caption aligncenter\"><a href=\"http:\/\/www.ivanabeaumond.com.br\/vestidos-noiva\/wp-content\/uploads\/2017\/05\/Karina-Vestidos-de-Noiva-Atelier-Ivana-Beaumond-18-e1496159429432.jpg\"><img aria-describedby=\"caption-attachment-12614\" decoding=\"async\" loading=\"lazy\" class=\"size-full wp-image-12614\" src=\"http:\/\/www.ivanabeaumond.com.br\/vestidos-noiva\/wp-content\/uploads\/2017\/05\/Karina-Vestidos-de-Noiva-Atelier-Ivana-Beaumond-18-e1496159429432.jpg\" alt=\"Vestido de Noiva por Atelier Ivana Beaumond\" width=\"900\" height=\"601\" \/><\/a><p id=\"caption-attachment-12614\" class=\"wp-caption-text\"><span style=\"color: #999999;\">Vestido de Noiva por Atelier Ivana Beaumond<\/span><\/p><\/div>\n<div id=\"attachment_12621\" style=\"width: 910px\" class=\"wp-caption aligncenter\"><a href=\"http:\/\/www.ivanabeaumond.com.br\/vestidos-noiva\/wp-content\/uploads\/2017\/05\/Karina-Vestidos-de-Noiva-Atelier-Ivana-Beaumond-15-e1496159233101.jpg\"><img aria-describedby=\"caption-attachment-12621\" decoding=\"async\" loading=\"lazy\" class=\"size-full wp-image-12621\" src=\"http:\/\/www.ivanabeaumond.com.br\/vestidos-noiva\/wp-content\/uploads\/2017\/05\/Karina-Vestidos-de-Noiva-Atelier-Ivana-Beaumond-15-e1496159233101.jpg\" alt=\"Vestido de Damas por Atelier Ivana Beaumond\" width=\"900\" height=\"600\" \/><\/a><p id=\"caption-attachment-12621\" class=\"wp-caption-text\"><span style=\"color: #999999;\">Vestido de Damas por Atelier Ivana Beaumond<\/span><\/p><\/div>\n<div id=\"attachment_12620\" style=\"width: 910px\" class=\"wp-caption aligncenter\"><a href=\"http:\/\/www.ivanabeaumond.com.br\/vestidos-noiva\/wp-content\/uploads\/2017\/05\/Karina-Vestidos-de-Noiva-Atelier-Ivana-Beaumond-14-e1496159254792.jpg\"><img aria-describedby=\"caption-attachment-12620\" decoding=\"async\" loading=\"lazy\" class=\"size-full wp-image-12620\" src=\"http:\/\/www.ivanabeaumond.com.br\/vestidos-noiva\/wp-content\/uploads\/2017\/05\/Karina-Vestidos-de-Noiva-Atelier-Ivana-Beaumond-14-e1496159254792.jpg\" alt=\"Vestido de Noiva por Atelier Ivana Beaumond\" width=\"900\" height=\"600\" \/><\/a><p id=\"caption-attachment-12620\" class=\"wp-caption-text\"><span style=\"color: #999999;\">Vestido de Noiva por Atelier Ivana Beaumond<\/span><\/p><\/div>\n<div id=\"attachment_12623\" style=\"width: 910px\" class=\"wp-caption aligncenter\"><a href=\"http:\/\/www.ivanabeaumond.com.br\/vestidos-noiva\/wp-content\/uploads\/2017\/05\/Karina-Vestidos-de-Noiva-Atelier-Ivana-Beaumond-17-e1496159190738.jpg\"><img aria-describedby=\"caption-attachment-12623\" decoding=\"async\" loading=\"lazy\" class=\"size-full wp-image-12623\" src=\"http:\/\/www.ivanabeaumond.com.br\/vestidos-noiva\/wp-content\/uploads\/2017\/05\/Karina-Vestidos-de-Noiva-Atelier-Ivana-Beaumond-17-e1496159190738.jpg\" alt=\"Vestido de Noiva por Atelier Ivana Beaumond\" width=\"900\" height=\"601\" \/><\/a><p id=\"caption-attachment-12623\" class=\"wp-caption-text\"><span style=\"color: #999999;\">Vestido de Noiva por Atelier Ivana Beaumond<\/span><\/p><\/div>\n<div id=\"attachment_12622\" style=\"width: 910px\" class=\"wp-caption aligncenter\"><a href=\"http:\/\/www.ivanabeaumond.com.br\/vestidos-noiva\/wp-content\/uploads\/2017\/05\/Karina-Vestidos-de-Noiva-Atelier-Ivana-Beaumond-16-e1496159215413.jpg\"><img aria-describedby=\"caption-attachment-12622\" decoding=\"async\" loading=\"lazy\" class=\"size-full wp-image-12622\" src=\"http:\/\/www.ivanabeaumond.com.br\/vestidos-noiva\/wp-content\/uploads\/2017\/05\/Karina-Vestidos-de-Noiva-Atelier-Ivana-Beaumond-16-e1496159215413.jpg\" alt=\"Vestido de Noiva por Atelier Ivana Beaumond\" width=\"900\" height=\"600\" \/><\/a><p id=\"caption-attachment-12622\" class=\"wp-caption-text\"><span style=\"color: #999999;\">Vestido de Noiva por Atelier Ivana Beaumond<\/span><\/p><\/div>\n<p>&nbsp;<\/p>\n","protected":false},"excerpt":{"rendered":"<p>Realizar um casamento de conto de fada, literalmente, j\u00e1 \u00e9&#8230;<\/p>\n","protected":false},"author":4,"featured_media":12615,"comment_status":"open","ping_status":"open","sticky":false,"template":"","format":"standard","meta":[],"categories":[130],"tags":[131,133,96,137,162,103,136,164,165,138,115],"yoast_head":"<!-- This site is optimized with the Yoast SEO plugin v20.3 - https:\/\/yoast.com\/wordpress\/plugins\/seo\/ -->\n<title>O Castelo da Noiva Karina Vestido de Noiva Atelier Ivana Beaumond - Vestido de Noiva RJ<\/title>\n<meta name=\"robots\" content=\"index, follow, max-snippet:-1, max-image-preview:large, max-video-preview:-1\" \/>\n<link rel=\"canonical\" href=\"https:\/\/www.ivanabeaumond.com.br\/vestidos-noiva\/o-castelo-da-noiva-karina-vestido-de-noiva-atelier-ivana-beaumond\/\" \/>\n<meta property=\"og:locale\" content=\"pt_BR\" \/>\n<meta property=\"og:type\" content=\"article\" \/>\n<meta property=\"og:title\" content=\"O Castelo da Noiva Karina Vestido de Noiva Atelier Ivana Beaumond - Vestido de Noiva RJ\" \/>\n<meta property=\"og:description\" content=\"Realizar um casamento de conto de fada, literalmente, j\u00e1 \u00e9...\" \/>\n<meta property=\"og:url\" content=\"https:\/\/www.ivanabeaumond.com.br\/vestidos-noiva\/o-castelo-da-noiva-karina-vestido-de-noiva-atelier-ivana-beaumond\/\" \/>\n<meta property=\"og:site_name\" content=\"Vestido de Noiva RJ\" \/>\n<meta property=\"article:publisher\" content=\"https:\/\/www.facebook.com\/ivana.beaumondnoivas\" \/>\n<meta property=\"article:published_time\" content=\"2017-05-30T22:57:17+00:00\" \/>\n<meta property=\"article:modified_time\" content=\"2017-09-11T15:41:54+00:00\" \/>\n<meta property=\"og:image\" content=\"https:\/\/www.ivanabeaumond.com.br\/vestidos-noiva\/wp-content\/uploads\/2017\/05\/Karina-Vestidos-de-Noiva-Atelier-Ivana-Beaumond-3-e1496159412489.jpg\" \/>\n\t<meta property=\"og:image:width\" content=\"900\" \/>\n\t<meta property=\"og:image:height\" content=\"600\" \/>\n\t<meta property=\"og:image:type\" content=\"image\/jpeg\" \/>\n<meta name=\"author\" content=\"Ivana Beaumond Paris\" \/>\n<meta name=\"twitter:card\" content=\"summary_large_image\" \/>\n<meta name=\"twitter:label1\" content=\"Escrito por\" \/>\n\t<meta name=\"twitter:data1\" content=\"Ivana Beaumond Paris\" \/>\n\t<meta name=\"twitter:label2\" content=\"Est. tempo de leitura\" \/>\n\t<meta name=\"twitter:data2\" content=\"1 minuto\" \/>\n<script type=\"application\/ld+json\" class=\"yoast-schema-graph\">{\"@context\":\"https:\/\/schema.org\",\"@graph\":[{\"@type\":\"Article\",\"@id\":\"https:\/\/www.ivanabeaumond.com.br\/vestidos-noiva\/o-castelo-da-noiva-karina-vestido-de-noiva-atelier-ivana-beaumond\/#article\",\"isPartOf\":{\"@id\":\"https:\/\/www.ivanabeaumond.com.br\/vestidos-noiva\/o-castelo-da-noiva-karina-vestido-de-noiva-atelier-ivana-beaumond\/\"},\"author\":{\"name\":\"Ivana Beaumond Paris\",\"@id\":\"https:\/\/www.ivanabeaumond.com.br\/vestidos-noiva\/#\/schema\/person\/1a360c4cffa3b806d29a456389dcff26\"},\"headline\":\"O Castelo da Noiva Karina Vestido de Noiva Atelier Ivana Beaumond\",\"datePublished\":\"2017-05-30T22:57:17+00:00\",\"dateModified\":\"2017-09-11T15:41:54+00:00\",\"mainEntityOfPage\":{\"@id\":\"https:\/\/www.ivanabeaumond.com.br\/vestidos-noiva\/o-castelo-da-noiva-karina-vestido-de-noiva-atelier-ivana-beaumond\/\"},\"wordCount\":310,\"commentCount\":0,\"publisher\":{\"@id\":\"https:\/\/www.ivanabeaumond.com.br\/vestidos-noiva\/#organization\"},\"keywords\":[\"aluguel de roupas\",\"atelierivanabeaumond\",\"casamento\",\"convidadas\",\"festas\",\"madrinhas\",\"moda festa\",\"noivas\",\"padrinhos\",\"vestido de festa\",\"vestido de noiva\"],\"articleSection\":[\"Nossas Noivas\"],\"inLanguage\":\"pt-BR\",\"potentialAction\":[{\"@type\":\"CommentAction\",\"name\":\"Comment\",\"target\":[\"https:\/\/www.ivanabeaumond.com.br\/vestidos-noiva\/o-castelo-da-noiva-karina-vestido-de-noiva-atelier-ivana-beaumond\/#respond\"]}]},{\"@type\":\"WebPage\",\"@id\":\"https:\/\/www.ivanabeaumond.com.br\/vestidos-noiva\/o-castelo-da-noiva-karina-vestido-de-noiva-atelier-ivana-beaumond\/\",\"url\":\"https:\/\/www.ivanabeaumond.com.br\/vestidos-noiva\/o-castelo-da-noiva-karina-vestido-de-noiva-atelier-ivana-beaumond\/\",\"name\":\"O Castelo da Noiva Karina Vestido de Noiva Atelier Ivana Beaumond - Vestido de Noiva RJ\",\"isPartOf\":{\"@id\":\"https:\/\/www.ivanabeaumond.com.br\/vestidos-noiva\/#website\"},\"datePublished\":\"2017-05-30T22:57:17+00:00\",\"dateModified\":\"2017-09-11T15:41:54+00:00\",\"breadcrumb\":{\"@id\":\"https:\/\/www.ivanabeaumond.com.br\/vestidos-noiva\/o-castelo-da-noiva-karina-vestido-de-noiva-atelier-ivana-beaumond\/#breadcrumb\"},\"inLanguage\":\"pt-BR\",\"potentialAction\":[{\"@type\":\"ReadAction\",\"target\":[\"https:\/\/www.ivanabeaumond.com.br\/vestidos-noiva\/o-castelo-da-noiva-karina-vestido-de-noiva-atelier-ivana-beaumond\/\"]}]},{\"@type\":\"BreadcrumbList\",\"@id\":\"https:\/\/www.ivanabeaumond.com.br\/vestidos-noiva\/o-castelo-da-noiva-karina-vestido-de-noiva-atelier-ivana-beaumond\/#breadcrumb\",\"itemListElement\":[{\"@type\":\"ListItem\",\"position\":1,\"name\":\"In\u00edcio\",\"item\":\"https:\/\/www.ivanabeaumond.com.br\/vestidos-noiva\/\"},{\"@type\":\"ListItem\",\"position\":2,\"name\":\"O Castelo da Noiva Karina Vestido de Noiva Atelier Ivana Beaumond\"}]},{\"@type\":\"WebSite\",\"@id\":\"https:\/\/www.ivanabeaumond.com.br\/vestidos-noiva\/#website\",\"url\":\"https:\/\/www.ivanabeaumond.com.br\/vestidos-noiva\/\",\"name\":\"Vestido de Noiva RJ\",\"description\":\"Moda Noiva\",\"publisher\":{\"@id\":\"https:\/\/www.ivanabeaumond.com.br\/vestidos-noiva\/#organization\"},\"potentialAction\":[{\"@type\":\"SearchAction\",\"target\":{\"@type\":\"EntryPoint\",\"urlTemplate\":\"https:\/\/www.ivanabeaumond.com.br\/vestidos-noiva\/?s={search_term_string}\"},\"query-input\":\"required name=search_term_string\"}],\"inLanguage\":\"pt-BR\"},{\"@type\":\"Organization\",\"@id\":\"https:\/\/www.ivanabeaumond.com.br\/vestidos-noiva\/#organization\",\"name\":\"Vestido de Noiva RJ\",\"url\":\"https:\/\/www.ivanabeaumond.com.br\/vestidos-noiva\/\",\"logo\":{\"@type\":\"ImageObject\",\"inLanguage\":\"pt-BR\",\"@id\":\"https:\/\/www.ivanabeaumond.com.br\/vestidos-noiva\/#\/schema\/logo\/image\/\",\"url\":\"https:\/\/www.ivanabeaumond.com.br\/vestidos-noiva\/wp-content\/uploads\/2018\/02\/logo_ivana_beaumond-2.png\",\"contentUrl\":\"https:\/\/www.ivanabeaumond.com.br\/vestidos-noiva\/wp-content\/uploads\/2018\/02\/logo_ivana_beaumond-2.png\",\"width\":230,\"height\":112,\"caption\":\"Vestido de Noiva RJ\"},\"image\":{\"@id\":\"https:\/\/www.ivanabeaumond.com.br\/vestidos-noiva\/#\/schema\/logo\/image\/\"},\"sameAs\":[\"https:\/\/www.facebook.com\/ivana.beaumondnoivas\",\"https:\/\/www.instagram.com\/ivanabeaumond\/\",\"https:\/\/www.tiktok.com\/@ivanabeaumond\"]},{\"@type\":\"Person\",\"@id\":\"https:\/\/www.ivanabeaumond.com.br\/vestidos-noiva\/#\/schema\/person\/1a360c4cffa3b806d29a456389dcff26\",\"name\":\"Ivana Beaumond Paris\",\"image\":{\"@type\":\"ImageObject\",\"inLanguage\":\"pt-BR\",\"@id\":\"https:\/\/www.ivanabeaumond.com.br\/vestidos-noiva\/#\/schema\/person\/image\/\",\"url\":\"https:\/\/secure.gravatar.com\/avatar\/641f98db20b53ec937ceb641db4270b9?s=96&d=mm&r=g\",\"contentUrl\":\"https:\/\/secure.gravatar.com\/avatar\/641f98db20b53ec937ceb641db4270b9?s=96&d=mm&r=g\",\"caption\":\"Ivana Beaumond Paris\"},\"url\":\"https:\/\/www.ivanabeaumond.com.br\/vestidos-noiva\/author\/ivana\/\"}]}<\/script>\n<!-- \/ Yoast SEO plugin. -->","yoast_head_json":{"title":"O Castelo da Noiva Karina Vestido de Noiva Atelier Ivana Beaumond - Vestido de Noiva RJ","robots":{"index":"index","follow":"follow","max-snippet":"max-snippet:-1","max-image-preview":"max-image-preview:large","max-video-preview":"max-video-preview:-1"},"canonical":"https:\/\/www.ivanabeaumond.com.br\/vestidos-noiva\/o-castelo-da-noiva-karina-vestido-de-noiva-atelier-ivana-beaumond\/","og_locale":"pt_BR","og_type":"article","og_title":"O Castelo da Noiva Karina Vestido de Noiva Atelier Ivana Beaumond - Vestido de Noiva RJ","og_description":"Realizar um casamento de conto de fada, literalmente, j\u00e1 \u00e9...","og_url":"https:\/\/www.ivanabeaumond.com.br\/vestidos-noiva\/o-castelo-da-noiva-karina-vestido-de-noiva-atelier-ivana-beaumond\/","og_site_name":"Vestido de Noiva RJ","article_publisher":"https:\/\/www.facebook.com\/ivana.beaumondnoivas","article_published_time":"2017-05-30T22:57:17+00:00","article_modified_time":"2017-09-11T15:41:54+00:00","og_image":[{"width":900,"height":600,"url":"https:\/\/www.ivanabeaumond.com.br\/vestidos-noiva\/wp-content\/uploads\/2017\/05\/Karina-Vestidos-de-Noiva-Atelier-Ivana-Beaumond-3-e1496159412489.jpg","type":"image\/jpeg"}],"author":"Ivana Beaumond Paris","twitter_card":"summary_large_image","twitter_misc":{"Escrito por":"Ivana Beaumond Paris","Est. tempo de leitura":"1 minuto"},"schema":{"@context":"https:\/\/schema.org","@graph":[{"@type":"Article","@id":"https:\/\/www.ivanabeaumond.com.br\/vestidos-noiva\/o-castelo-da-noiva-karina-vestido-de-noiva-atelier-ivana-beaumond\/#article","isPartOf":{"@id":"https:\/\/www.ivanabeaumond.com.br\/vestidos-noiva\/o-castelo-da-noiva-karina-vestido-de-noiva-atelier-ivana-beaumond\/"},"author":{"name":"Ivana Beaumond Paris","@id":"https:\/\/www.ivanabeaumond.com.br\/vestidos-noiva\/#\/schema\/person\/1a360c4cffa3b806d29a456389dcff26"},"headline":"O Castelo da Noiva Karina Vestido de Noiva Atelier Ivana Beaumond","datePublished":"2017-05-30T22:57:17+00:00","dateModified":"2017-09-11T15:41:54+00:00","mainEntityOfPage":{"@id":"https:\/\/www.ivanabeaumond.com.br\/vestidos-noiva\/o-castelo-da-noiva-karina-vestido-de-noiva-atelier-ivana-beaumond\/"},"wordCount":310,"commentCount":0,"publisher":{"@id":"https:\/\/www.ivanabeaumond.com.br\/vestidos-noiva\/#organization"},"keywords":["aluguel de roupas","atelierivanabeaumond","casamento","convidadas","festas","madrinhas","moda festa","noivas","padrinhos","vestido de festa","vestido de noiva"],"articleSection":["Nossas Noivas"],"inLanguage":"pt-BR","potentialAction":[{"@type":"CommentAction","name":"Comment","target":["https:\/\/www.ivanabeaumond.com.br\/vestidos-noiva\/o-castelo-da-noiva-karina-vestido-de-noiva-atelier-ivana-beaumond\/#respond"]}]},{"@type":"WebPage","@id":"https:\/\/www.ivanabeaumond.com.br\/vestidos-noiva\/o-castelo-da-noiva-karina-vestido-de-noiva-atelier-ivana-beaumond\/","url":"https:\/\/www.ivanabeaumond.com.br\/vestidos-noiva\/o-castelo-da-noiva-karina-vestido-de-noiva-atelier-ivana-beaumond\/","name":"O Castelo da Noiva Karina Vestido de Noiva Atelier Ivana Beaumond - Vestido de Noiva RJ","isPartOf":{"@id":"https:\/\/www.ivanabeaumond.com.br\/vestidos-noiva\/#website"},"datePublished":"2017-05-30T22:57:17+00:00","dateModified":"2017-09-11T15:41:54+00:00","breadcrumb":{"@id":"https:\/\/www.ivanabeaumond.com.br\/vestidos-noiva\/o-castelo-da-noiva-karina-vestido-de-noiva-atelier-ivana-beaumond\/#breadcrumb"},"inLanguage":"pt-BR","potentialAction":[{"@type":"ReadAction","target":["https:\/\/www.ivanabeaumond.com.br\/vestidos-noiva\/o-castelo-da-noiva-karina-vestido-de-noiva-atelier-ivana-beaumond\/"]}]},{"@type":"BreadcrumbList","@id":"https:\/\/www.ivanabeaumond.com.br\/vestidos-noiva\/o-castelo-da-noiva-karina-vestido-de-noiva-atelier-ivana-beaumond\/#breadcrumb","itemListElement":[{"@type":"ListItem","position":1,"name":"In\u00edcio","item":"https:\/\/www.ivanabeaumond.com.br\/vestidos-noiva\/"},{"@type":"ListItem","position":2,"name":"O Castelo da Noiva Karina Vestido de Noiva Atelier Ivana Beaumond"}]},{"@type":"WebSite","@id":"https:\/\/www.ivanabeaumond.com.br\/vestidos-noiva\/#website","url":"https:\/\/www.ivanabeaumond.com.br\/vestidos-noiva\/","name":"Vestido de Noiva RJ","description":"Moda Noiva","publisher":{"@id":"https:\/\/www.ivanabeaumond.com.br\/vestidos-noiva\/#organization"},"potentialAction":[{"@type":"SearchAction","target":{"@type":"EntryPoint","urlTemplate":"https:\/\/www.ivanabeaumond.com.br\/vestidos-noiva\/?s={search_term_string}"},"query-input":"required name=search_term_string"}],"inLanguage":"pt-BR"},{"@type":"Organization","@id":"https:\/\/www.ivanabeaumond.com.br\/vestidos-noiva\/#organization","name":"Vestido de Noiva RJ","url":"https:\/\/www.ivanabeaumond.com.br\/vestidos-noiva\/","logo":{"@type":"ImageObject","inLanguage":"pt-BR","@id":"https:\/\/www.ivanabeaumond.com.br\/vestidos-noiva\/#\/schema\/logo\/image\/","url":"https:\/\/www.ivanabeaumond.com.br\/vestidos-noiva\/wp-content\/uploads\/2018\/02\/logo_ivana_beaumond-2.png","contentUrl":"https:\/\/www.ivanabeaumond.com.br\/vestidos-noiva\/wp-content\/uploads\/2018\/02\/logo_ivana_beaumond-2.png","width":230,"height":112,"caption":"Vestido de Noiva RJ"},"image":{"@id":"https:\/\/www.ivanabeaumond.com.br\/vestidos-noiva\/#\/schema\/logo\/image\/"},"sameAs":["https:\/\/www.facebook.com\/ivana.beaumondnoivas","https:\/\/www.instagram.com\/ivanabeaumond\/","https:\/\/www.tiktok.com\/@ivanabeaumond"]},{"@type":"Person","@id":"https:\/\/www.ivanabeaumond.com.br\/vestidos-noiva\/#\/schema\/person\/1a360c4cffa3b806d29a456389dcff26","name":"Ivana Beaumond Paris","image":{"@type":"ImageObject","inLanguage":"pt-BR","@id":"https:\/\/www.ivanabeaumond.com.br\/vestidos-noiva\/#\/schema\/person\/image\/","url":"https:\/\/secure.gravatar.com\/avatar\/641f98db20b53ec937ceb641db4270b9?s=96&d=mm&r=g","contentUrl":"https:\/\/secure.gravatar.com\/avatar\/641f98db20b53ec937ceb641db4270b9?s=96&d=mm&r=g","caption":"Ivana Beaumond Paris"},"url":"https:\/\/www.ivanabeaumond.com.br\/vestidos-noiva\/author\/ivana\/"}]}},"_links":{"self":[{"href":"https:\/\/www.ivanabeaumond.com.br\/vestidos-noiva\/wp-json\/wp\/v2\/posts\/12613"}],"collection":[{"href":"https:\/\/www.ivanabeaumond.com.br\/vestidos-noiva\/wp-json\/wp\/v2\/posts"}],"about":[{"href":"https:\/\/www.ivanabeaumond.com.br\/vestidos-noiva\/wp-json\/wp\/v2\/types\/post"}],"author":[{"embeddable":true,"href":"https:\/\/www.ivanabeaumond.com.br\/vestidos-noiva\/wp-json\/wp\/v2\/users\/4"}],"replies":[{"embeddable":true,"href":"https:\/\/www.ivanabeaumond.com.br\/vestidos-noiva\/wp-json\/wp\/v2\/comments?post=12613"}],"version-history":[{"count":19,"href":"https:\/\/www.ivanabeaumond.com.br\/vestidos-noiva\/wp-json\/wp\/v2\/posts\/12613\/revisions"}],"predecessor-version":[{"id":12653,"href":"https:\/\/www.ivanabeaumond.com.br\/vestidos-noiva\/wp-json\/wp\/v2\/posts\/12613\/revisions\/12653"}],"wp:featuredmedia":[{"embeddable":true,"href":"https:\/\/www.ivanabeaumond.com.br\/vestidos-noiva\/wp-json\/wp\/v2\/media\/12615"}],"wp:attachment":[{"href":"https:\/\/www.ivanabeaumond.com.br\/vestidos-noiva\/wp-json\/wp\/v2\/media?parent=12613"}],"wp:term":[{"taxonomy":"category","embeddable":true,"href":"https:\/\/www.ivanabeaumond.com.br\/vestidos-noiva\/wp-json\/wp\/v2\/categories?post=12613"},{"taxonomy":"post_tag","embeddable":true,"href":"https:\/\/www.ivanabeaumond.com.br\/vestidos-noiva\/wp-json\/wp\/v2\/tags?post=12613"}],"curies":[{"name":"wp","href":"https:\/\/api.w.org\/{rel}","templated":true}]}}