{"id":12656,"date":"2017-06-12T22:06:08","date_gmt":"2017-06-13T01:06:08","guid":{"rendered":"http:\/\/www.ivanabeaumond.com.br\/vestidos-noiva\/?p=12656"},"modified":"2017-10-23T15:47:34","modified_gmt":"2017-10-23T17:47:34","slug":"ensaio-fotografico-vestidos-de-noiva-por-ivana-beaumond","status":"publish","type":"post","link":"https:\/\/www.ivanabeaumond.com.br\/vestidos-noiva\/ensaio-fotografico-vestidos-de-noiva-por-ivana-beaumond\/","title":{"rendered":"Ensaio Fotogr\u00e1fico &#8211; Vestidos de Noiva By Ivana Beaumond"},"content":{"rendered":"<h5 style=\"text-align: justify;\"><span style=\"color: #999999;\"><em>Para inspirar noivinhas em busca do seu Vestido de Noiva Ideal, participamos de um lindo ensaio fotogr\u00e1fico organizado pela equipe da &#8221; Dinamika Fotografia&#8221;. \u00a0Para um ensaio t\u00e3o inspirador, optamos por um modelo de vestido semi sereia, \u00a0todo em renda bordada no tule franc\u00eas, com mini cristais e p\u00e9rolas, para real\u00e7ar ainda mais o desenho da renda. O decote da frente \u00e9 um cora\u00e7\u00e3o mais profundo, destacado pelos bordados e acompanha al\u00e7as de renda tamb\u00e9m bordadas \u00e0 m\u00e3o. J\u00e1 o decote costas, vem trazendo uma tend\u00eancia nupcial, que \u00e9 a transpar\u00eancia no tule. Ele traz leveza e frescor ao vestido, deixando a noiva mais jovem, mais moderna e sofisticada. Foram aplicados no tule, efeitos cascatas de cristais e p\u00e9rolas, preenchendo a transpar\u00eancia das costas. Trazendo toda a tradi\u00e7\u00e3o e riqueza, aplicamos no centro das costas, o detalhe mais desejado pelas noivas, o fecho de bot\u00f5es forrados, por tooooodo decote do vestido!!! Lindo e super rom\u00e2ntico, esse modelo semi sereia, \u00a0valoriza, de forma positiva, a silhueta da noiva. Para os acess\u00f3rios, escolhemos uma mantilha maravilhosa, tamb\u00e9m do Atelier Ivana Beaumond, que se encaixou perfeitamente com o vestido e um arranjo, tamb\u00e9m em renda, para dar um ar suave e r\u00fastico ao look .<\/em><\/span><\/h5>\n<h5><span style=\"color: #999999;\"><em>O melhor de tudo isso? \u00c9 que esse e outros modelos de Vestidos de Noivas e Acess\u00f3rios incr\u00edveis, est\u00e3o dispon\u00edveis para Aluguel, na Ivana Beaumond!\u00a0<\/em><\/span><\/h5>\n<h5 style=\"text-align: center;\"><span style=\"color: #808080;\"><em><strong>Entre em contato com nossos Estilistas e agende seu atendimento exclusivo:<\/strong><\/em><\/span><\/h5>\n<h5 style=\"text-align: center;\"><span style=\"color: #808080;\"><em><strong>Unidade Itanhang\u00e1 &#8211; Estrada da Barra da Tijuca, 1.636 Bloco D Loja A &#8211; Shopping Itanhang\u00e1<\/strong><\/em><\/span><\/h5>\n<h5 style=\"text-align: center;\"><span style=\"color: #808080;\"><em><strong>Unidade Tijuca &#8211; Rua Guapeni, 38\u00a0<\/strong><\/em><\/span><\/h5>\n<h5 style=\"text-align: justify;\"><span style=\"color: #808080;\"><em>\u00a0<\/em><\/span><\/h5>\n<h5 style=\"text-align: justify;\"><\/h5>\n<h5 style=\"text-align: justify;\"><span style=\"text-decoration: underline;\"><span style=\"color: #808080; text-decoration: underline;\"><em><strong>Equipe<\/strong><\/em><\/span><\/span><\/h5>\n<h5 style=\"text-align: justify;\"><span style=\"color: #808080;\"><em>Vestido de Noiva: Atelier Ivana Beaumond<\/em><\/span><\/h5>\n<h5 style=\"text-align: justify;\"><span style=\"color: #808080;\"><em>Acess\u00f3rios: Rendario Noivas<\/em><\/span><\/h5>\n<h5 style=\"text-align: justify;\"><span style=\"color: #808080;\"><em>Fotografia: Dinamika Fotografia<\/em><\/span><\/h5>\n<h5 style=\"text-align: justify;\"><span style=\"color: #808080;\"><em>Make e Hair: Thais Ribeiro<\/em><\/span><\/h5>\n<h5 style=\"text-align: justify;\"><span style=\"color: #808080;\"><em>Local das Fotos: Atelier Ivana Beaumond &#8211; Unidade Itanhang\u00e1 e\u00a0Espa\u00e7o Arc\u00e1dia<\/em><\/span><\/h5>\n<p>&nbsp;<\/p>\n<div id=\"attachment_12659\" style=\"width: 910px\" class=\"wp-caption aligncenter\"><a href=\"http:\/\/www.ivanabeaumond.com.br\/vestidos-noiva\/wp-content\/uploads\/2017\/06\/Ensaio-Vestidos-de-Noiva-Atelier-Ivana-Beaumond-5-e1496433125252.jpg\"><img aria-describedby=\"caption-attachment-12659\" decoding=\"async\" loading=\"lazy\" class=\"size-full wp-image-12659\" src=\"http:\/\/www.ivanabeaumond.com.br\/vestidos-noiva\/wp-content\/uploads\/2017\/06\/Ensaio-Vestidos-de-Noiva-Atelier-Ivana-Beaumond-5-e1496433125252.jpg\" alt=\"Vestido de Noivas por Atelier Ivana Beaumond\" width=\"900\" height=\"1358\" \/><\/a><p id=\"caption-attachment-12659\" class=\"wp-caption-text\"><span style=\"color: #999999;\">Vestido de Noivas por Atelier Ivana Beaumond<\/span><\/p><\/div>\n<div id=\"attachment_12660\" style=\"width: 910px\" class=\"wp-caption aligncenter\"><a href=\"http:\/\/www.ivanabeaumond.com.br\/vestidos-noiva\/wp-content\/uploads\/2017\/06\/Ensaio-Vestidos-de-Noiva-Atelier-Ivana-Beaumond-6-e1496433142343.jpg\"><img aria-describedby=\"caption-attachment-12660\" decoding=\"async\" loading=\"lazy\" class=\"size-full wp-image-12660\" src=\"http:\/\/www.ivanabeaumond.com.br\/vestidos-noiva\/wp-content\/uploads\/2017\/06\/Ensaio-Vestidos-de-Noiva-Atelier-Ivana-Beaumond-6-e1496433142343.jpg\" alt=\"Vestido de Noivas por Atelier Ivana Beaumond\" width=\"900\" height=\"1358\" \/><\/a><p id=\"caption-attachment-12660\" class=\"wp-caption-text\"><span style=\"color: #999999;\">Vestido de Noivas por Atelier Ivana Beaumond<\/span><\/p><\/div>\n<div id=\"attachment_12661\" style=\"width: 910px\" class=\"wp-caption aligncenter\"><a href=\"http:\/\/www.ivanabeaumond.com.br\/vestidos-noiva\/wp-content\/uploads\/2017\/06\/Ensaio-Vestidos-de-Noiva-Atelier-Ivana-Beaumond-7-e1496433223364.jpg\"><img aria-describedby=\"caption-attachment-12661\" decoding=\"async\" loading=\"lazy\" class=\"size-full wp-image-12661\" src=\"http:\/\/www.ivanabeaumond.com.br\/vestidos-noiva\/wp-content\/uploads\/2017\/06\/Ensaio-Vestidos-de-Noiva-Atelier-Ivana-Beaumond-7-e1496433223364.jpg\" alt=\"Vestido de Noivas por Atelier Ivana Beaumond\" width=\"900\" height=\"1358\" \/><\/a><p id=\"caption-attachment-12661\" class=\"wp-caption-text\"><span style=\"color: #999999;\">Vestido de Noivas por Atelier Ivana Beaumond<\/span><\/p><\/div>\n<div id=\"attachment_12662\" style=\"width: 910px\" class=\"wp-caption aligncenter\"><a href=\"http:\/\/www.ivanabeaumond.com.br\/vestidos-noiva\/wp-content\/uploads\/2017\/06\/Ensaio-Vestidos-de-Noiva-Atelier-Ivana-Beaumond-8-e1496433236203.jpg\"><img aria-describedby=\"caption-attachment-12662\" decoding=\"async\" loading=\"lazy\" class=\"size-full wp-image-12662\" src=\"http:\/\/www.ivanabeaumond.com.br\/vestidos-noiva\/wp-content\/uploads\/2017\/06\/Ensaio-Vestidos-de-Noiva-Atelier-Ivana-Beaumond-8-e1496433236203.jpg\" alt=\"Vestido de Noivas por Atelier Ivana Beaumond\" width=\"900\" height=\"1358\" \/><\/a><p id=\"caption-attachment-12662\" class=\"wp-caption-text\"><span style=\"color: #999999;\">Vestido de Noivas por Atelier Ivana Beaumond<\/span><\/p><\/div>\n<p><a href=\"http:\/\/www.ivanabeaumond.com.br\/vestidos-noiva\/wp-content\/uploads\/2017\/06\/Ensaio-Vestidos-de-Noiva-Atelier-Ivana-Beaumond-9-e1496433251737.jpg\"><img decoding=\"async\" loading=\"lazy\" class=\"aligncenter size-full wp-image-12663\" src=\"http:\/\/www.ivanabeaumond.com.br\/vestidos-noiva\/wp-content\/uploads\/2017\/06\/Ensaio-Vestidos-de-Noiva-Atelier-Ivana-Beaumond-9-e1496433251737.jpg\" alt=\"Ensaio Vestidos de Noiva Atelier Ivana Beaumond 9\" width=\"900\" height=\"596\" \/><\/a><\/p>\n<div id=\"attachment_12664\" style=\"width: 910px\" class=\"wp-caption aligncenter\"><a href=\"http:\/\/www.ivanabeaumond.com.br\/vestidos-noiva\/wp-content\/uploads\/2017\/06\/Ensaio-Vestidos-de-Noiva-Atelier-Ivana-Beaumond-10-e1496433272681.jpg\"><img aria-describedby=\"caption-attachment-12664\" decoding=\"async\" loading=\"lazy\" class=\"size-full wp-image-12664\" src=\"http:\/\/www.ivanabeaumond.com.br\/vestidos-noiva\/wp-content\/uploads\/2017\/06\/Ensaio-Vestidos-de-Noiva-Atelier-Ivana-Beaumond-10-e1496433272681.jpg\" alt=\"Vestido de Noivas por Atelier Ivana Beaumond\" width=\"900\" height=\"596\" \/><\/a><p id=\"caption-attachment-12664\" class=\"wp-caption-text\"><span style=\"color: #999999;\">Vestido de Noivas por Atelier Ivana Beaumond<\/span><\/p><\/div>\n<div id=\"attachment_12667\" style=\"width: 910px\" class=\"wp-caption aligncenter\"><a href=\"http:\/\/www.ivanabeaumond.com.br\/vestidos-noiva\/wp-content\/uploads\/2017\/06\/Ensaio-Vestidos-de-Noiva-Atelier-Ivana-Beaumond-13-e1496433311299.jpg\"><img aria-describedby=\"caption-attachment-12667\" decoding=\"async\" loading=\"lazy\" class=\"size-full wp-image-12667\" src=\"http:\/\/www.ivanabeaumond.com.br\/vestidos-noiva\/wp-content\/uploads\/2017\/06\/Ensaio-Vestidos-de-Noiva-Atelier-Ivana-Beaumond-13-e1496433311299.jpg\" alt=\"Vestido de Noivas por Atelier Ivana Beaumond\" width=\"900\" height=\"1358\" \/><\/a><p id=\"caption-attachment-12667\" class=\"wp-caption-text\"><span style=\"color: #999999;\">Vestido de Noivas por Atelier Ivana Beaumond<\/span><\/p><\/div>\n<div id=\"attachment_12669\" style=\"width: 910px\" class=\"wp-caption aligncenter\"><a href=\"http:\/\/www.ivanabeaumond.com.br\/vestidos-noiva\/wp-content\/uploads\/2017\/06\/Ensaio-Vestidos-de-Noiva-Atelier-Ivana-Beaumond-17-e1496433463488.jpg\"><img aria-describedby=\"caption-attachment-12669\" decoding=\"async\" loading=\"lazy\" class=\"size-full wp-image-12669\" src=\"http:\/\/www.ivanabeaumond.com.br\/vestidos-noiva\/wp-content\/uploads\/2017\/06\/Ensaio-Vestidos-de-Noiva-Atelier-Ivana-Beaumond-17-e1496433463488.jpg\" alt=\"Vestido de Noivas por Atelier Ivana Beaumond\" width=\"900\" height=\"596\" \/><\/a><p id=\"caption-attachment-12669\" class=\"wp-caption-text\"><span style=\"color: #999999;\">Vestido de Noivas por Atelier Ivana Beaumond<\/span><\/p><\/div>\n<div id=\"attachment_12670\" style=\"width: 910px\" class=\"wp-caption aligncenter\"><a href=\"http:\/\/www.ivanabeaumond.com.br\/vestidos-noiva\/wp-content\/uploads\/2017\/06\/Ensaio-Vestidos-de-Noiva-Atelier-Ivana-Beaumond-18-e1496433353830.jpg\"><img aria-describedby=\"caption-attachment-12670\" decoding=\"async\" loading=\"lazy\" class=\"size-full wp-image-12670\" src=\"http:\/\/www.ivanabeaumond.com.br\/vestidos-noiva\/wp-content\/uploads\/2017\/06\/Ensaio-Vestidos-de-Noiva-Atelier-Ivana-Beaumond-18-e1496433353830.jpg\" alt=\"Vestido de Noivas por Atelier Ivana Beaumond\" width=\"900\" height=\"1360\" \/><\/a><p id=\"caption-attachment-12670\" class=\"wp-caption-text\"><span style=\"color: #999999;\">Vestido de Noivas por Atelier Ivana Beaumond<\/span><\/p><\/div>\n","protected":false},"excerpt":{"rendered":"<p>Para inspirar noivinhas em busca do seu Vestido de Noiva&#8230;<\/p>\n","protected":false},"author":4,"featured_media":12664,"comment_status":"open","ping_status":"open","sticky":false,"template":"","format":"standard","meta":[],"categories":[128],"tags":[131,133,96,137,162,103,136,164,165,138,115],"yoast_head":"<!-- This site is optimized with the Yoast SEO plugin v20.3 - https:\/\/yoast.com\/wordpress\/plugins\/seo\/ -->\n<title>Ensaio Fotogr\u00e1fico - Vestidos de Noiva By Ivana Beaumond - Vestido de Noiva RJ<\/title>\n<meta name=\"robots\" content=\"index, follow, max-snippet:-1, max-image-preview:large, max-video-preview:-1\" \/>\n<link rel=\"canonical\" href=\"https:\/\/www.ivanabeaumond.com.br\/vestidos-noiva\/ensaio-fotografico-vestidos-de-noiva-por-ivana-beaumond\/\" \/>\n<meta property=\"og:locale\" content=\"pt_BR\" \/>\n<meta property=\"og:type\" content=\"article\" \/>\n<meta property=\"og:title\" content=\"Ensaio Fotogr\u00e1fico - Vestidos de Noiva By Ivana Beaumond - Vestido de Noiva RJ\" \/>\n<meta property=\"og:description\" content=\"Para inspirar noivinhas em busca do seu Vestido de Noiva...\" \/>\n<meta property=\"og:url\" content=\"https:\/\/www.ivanabeaumond.com.br\/vestidos-noiva\/ensaio-fotografico-vestidos-de-noiva-por-ivana-beaumond\/\" \/>\n<meta property=\"og:site_name\" content=\"Vestido de Noiva RJ\" \/>\n<meta property=\"article:publisher\" content=\"https:\/\/www.facebook.com\/ivana.beaumondnoivas\" \/>\n<meta property=\"article:published_time\" content=\"2017-06-13T01:06:08+00:00\" \/>\n<meta property=\"article:modified_time\" content=\"2017-10-23T17:47:34+00:00\" \/>\n<meta property=\"og:image\" content=\"https:\/\/www.ivanabeaumond.com.br\/vestidos-noiva\/wp-content\/uploads\/2017\/06\/Ensaio-Vestidos-de-Noiva-Atelier-Ivana-Beaumond-10-e1496433272681.jpg\" \/>\n\t<meta property=\"og:image:width\" content=\"900\" \/>\n\t<meta property=\"og:image:height\" content=\"596\" \/>\n\t<meta property=\"og:image:type\" content=\"image\/jpeg\" \/>\n<meta name=\"author\" content=\"Ivana Beaumond Paris\" \/>\n<meta name=\"twitter:card\" content=\"summary_large_image\" \/>\n<meta name=\"twitter:label1\" content=\"Escrito por\" \/>\n\t<meta name=\"twitter:data1\" content=\"Ivana Beaumond Paris\" \/>\n\t<meta name=\"twitter:label2\" content=\"Est. tempo de leitura\" \/>\n\t<meta name=\"twitter:data2\" content=\"2 minutos\" \/>\n<script type=\"application\/ld+json\" class=\"yoast-schema-graph\">{\"@context\":\"https:\/\/schema.org\",\"@graph\":[{\"@type\":\"Article\",\"@id\":\"https:\/\/www.ivanabeaumond.com.br\/vestidos-noiva\/ensaio-fotografico-vestidos-de-noiva-por-ivana-beaumond\/#article\",\"isPartOf\":{\"@id\":\"https:\/\/www.ivanabeaumond.com.br\/vestidos-noiva\/ensaio-fotografico-vestidos-de-noiva-por-ivana-beaumond\/\"},\"author\":{\"name\":\"Ivana Beaumond Paris\",\"@id\":\"https:\/\/www.ivanabeaumond.com.br\/vestidos-noiva\/#\/schema\/person\/1a360c4cffa3b806d29a456389dcff26\"},\"headline\":\"Ensaio Fotogr\u00e1fico &#8211; Vestidos de Noiva By Ivana Beaumond\",\"datePublished\":\"2017-06-13T01:06:08+00:00\",\"dateModified\":\"2017-10-23T17:47:34+00:00\",\"mainEntityOfPage\":{\"@id\":\"https:\/\/www.ivanabeaumond.com.br\/vestidos-noiva\/ensaio-fotografico-vestidos-de-noiva-por-ivana-beaumond\/\"},\"wordCount\":432,\"commentCount\":0,\"publisher\":{\"@id\":\"https:\/\/www.ivanabeaumond.com.br\/vestidos-noiva\/#organization\"},\"keywords\":[\"aluguel de roupas\",\"atelierivanabeaumond\",\"casamento\",\"convidadas\",\"festas\",\"madrinhas\",\"moda festa\",\"noivas\",\"padrinhos\",\"vestido de festa\",\"vestido de noiva\"],\"articleSection\":[\"Na M\u00eddia\"],\"inLanguage\":\"pt-BR\",\"potentialAction\":[{\"@type\":\"CommentAction\",\"name\":\"Comment\",\"target\":[\"https:\/\/www.ivanabeaumond.com.br\/vestidos-noiva\/ensaio-fotografico-vestidos-de-noiva-por-ivana-beaumond\/#respond\"]}]},{\"@type\":\"WebPage\",\"@id\":\"https:\/\/www.ivanabeaumond.com.br\/vestidos-noiva\/ensaio-fotografico-vestidos-de-noiva-por-ivana-beaumond\/\",\"url\":\"https:\/\/www.ivanabeaumond.com.br\/vestidos-noiva\/ensaio-fotografico-vestidos-de-noiva-por-ivana-beaumond\/\",\"name\":\"Ensaio Fotogr\u00e1fico - Vestidos de Noiva By Ivana Beaumond - Vestido de Noiva RJ\",\"isPartOf\":{\"@id\":\"https:\/\/www.ivanabeaumond.com.br\/vestidos-noiva\/#website\"},\"datePublished\":\"2017-06-13T01:06:08+00:00\",\"dateModified\":\"2017-10-23T17:47:34+00:00\",\"breadcrumb\":{\"@id\":\"https:\/\/www.ivanabeaumond.com.br\/vestidos-noiva\/ensaio-fotografico-vestidos-de-noiva-por-ivana-beaumond\/#breadcrumb\"},\"inLanguage\":\"pt-BR\",\"potentialAction\":[{\"@type\":\"ReadAction\",\"target\":[\"https:\/\/www.ivanabeaumond.com.br\/vestidos-noiva\/ensaio-fotografico-vestidos-de-noiva-por-ivana-beaumond\/\"]}]},{\"@type\":\"BreadcrumbList\",\"@id\":\"https:\/\/www.ivanabeaumond.com.br\/vestidos-noiva\/ensaio-fotografico-vestidos-de-noiva-por-ivana-beaumond\/#breadcrumb\",\"itemListElement\":[{\"@type\":\"ListItem\",\"position\":1,\"name\":\"In\u00edcio\",\"item\":\"https:\/\/www.ivanabeaumond.com.br\/vestidos-noiva\/\"},{\"@type\":\"ListItem\",\"position\":2,\"name\":\"Ensaio Fotogr\u00e1fico &#8211; Vestidos de Noiva By Ivana Beaumond\"}]},{\"@type\":\"WebSite\",\"@id\":\"https:\/\/www.ivanabeaumond.com.br\/vestidos-noiva\/#website\",\"url\":\"https:\/\/www.ivanabeaumond.com.br\/vestidos-noiva\/\",\"name\":\"Vestido de Noiva RJ\",\"description\":\"Moda Noiva\",\"publisher\":{\"@id\":\"https:\/\/www.ivanabeaumond.com.br\/vestidos-noiva\/#organization\"},\"potentialAction\":[{\"@type\":\"SearchAction\",\"target\":{\"@type\":\"EntryPoint\",\"urlTemplate\":\"https:\/\/www.ivanabeaumond.com.br\/vestidos-noiva\/?s={search_term_string}\"},\"query-input\":\"required name=search_term_string\"}],\"inLanguage\":\"pt-BR\"},{\"@type\":\"Organization\",\"@id\":\"https:\/\/www.ivanabeaumond.com.br\/vestidos-noiva\/#organization\",\"name\":\"Vestido de Noiva RJ\",\"url\":\"https:\/\/www.ivanabeaumond.com.br\/vestidos-noiva\/\",\"logo\":{\"@type\":\"ImageObject\",\"inLanguage\":\"pt-BR\",\"@id\":\"https:\/\/www.ivanabeaumond.com.br\/vestidos-noiva\/#\/schema\/logo\/image\/\",\"url\":\"https:\/\/www.ivanabeaumond.com.br\/vestidos-noiva\/wp-content\/uploads\/2018\/02\/logo_ivana_beaumond-2.png\",\"contentUrl\":\"https:\/\/www.ivanabeaumond.com.br\/vestidos-noiva\/wp-content\/uploads\/2018\/02\/logo_ivana_beaumond-2.png\",\"width\":230,\"height\":112,\"caption\":\"Vestido de Noiva RJ\"},\"image\":{\"@id\":\"https:\/\/www.ivanabeaumond.com.br\/vestidos-noiva\/#\/schema\/logo\/image\/\"},\"sameAs\":[\"https:\/\/www.facebook.com\/ivana.beaumondnoivas\",\"https:\/\/www.instagram.com\/ivanabeaumond\/\",\"https:\/\/www.tiktok.com\/@ivanabeaumond\"]},{\"@type\":\"Person\",\"@id\":\"https:\/\/www.ivanabeaumond.com.br\/vestidos-noiva\/#\/schema\/person\/1a360c4cffa3b806d29a456389dcff26\",\"name\":\"Ivana Beaumond Paris\",\"image\":{\"@type\":\"ImageObject\",\"inLanguage\":\"pt-BR\",\"@id\":\"https:\/\/www.ivanabeaumond.com.br\/vestidos-noiva\/#\/schema\/person\/image\/\",\"url\":\"https:\/\/secure.gravatar.com\/avatar\/641f98db20b53ec937ceb641db4270b9?s=96&d=mm&r=g\",\"contentUrl\":\"https:\/\/secure.gravatar.com\/avatar\/641f98db20b53ec937ceb641db4270b9?s=96&d=mm&r=g\",\"caption\":\"Ivana Beaumond Paris\"},\"url\":\"https:\/\/www.ivanabeaumond.com.br\/vestidos-noiva\/author\/ivana\/\"}]}<\/script>\n<!-- \/ Yoast SEO plugin. -->","yoast_head_json":{"title":"Ensaio Fotogr\u00e1fico - Vestidos de Noiva By Ivana Beaumond - Vestido de Noiva RJ","robots":{"index":"index","follow":"follow","max-snippet":"max-snippet:-1","max-image-preview":"max-image-preview:large","max-video-preview":"max-video-preview:-1"},"canonical":"https:\/\/www.ivanabeaumond.com.br\/vestidos-noiva\/ensaio-fotografico-vestidos-de-noiva-por-ivana-beaumond\/","og_locale":"pt_BR","og_type":"article","og_title":"Ensaio Fotogr\u00e1fico - Vestidos de Noiva By Ivana Beaumond - Vestido de Noiva RJ","og_description":"Para inspirar noivinhas em busca do seu Vestido de Noiva...","og_url":"https:\/\/www.ivanabeaumond.com.br\/vestidos-noiva\/ensaio-fotografico-vestidos-de-noiva-por-ivana-beaumond\/","og_site_name":"Vestido de Noiva RJ","article_publisher":"https:\/\/www.facebook.com\/ivana.beaumondnoivas","article_published_time":"2017-06-13T01:06:08+00:00","article_modified_time":"2017-10-23T17:47:34+00:00","og_image":[{"width":900,"height":596,"url":"https:\/\/www.ivanabeaumond.com.br\/vestidos-noiva\/wp-content\/uploads\/2017\/06\/Ensaio-Vestidos-de-Noiva-Atelier-Ivana-Beaumond-10-e1496433272681.jpg","type":"image\/jpeg"}],"author":"Ivana Beaumond Paris","twitter_card":"summary_large_image","twitter_misc":{"Escrito por":"Ivana Beaumond Paris","Est. tempo de leitura":"2 minutos"},"schema":{"@context":"https:\/\/schema.org","@graph":[{"@type":"Article","@id":"https:\/\/www.ivanabeaumond.com.br\/vestidos-noiva\/ensaio-fotografico-vestidos-de-noiva-por-ivana-beaumond\/#article","isPartOf":{"@id":"https:\/\/www.ivanabeaumond.com.br\/vestidos-noiva\/ensaio-fotografico-vestidos-de-noiva-por-ivana-beaumond\/"},"author":{"name":"Ivana Beaumond Paris","@id":"https:\/\/www.ivanabeaumond.com.br\/vestidos-noiva\/#\/schema\/person\/1a360c4cffa3b806d29a456389dcff26"},"headline":"Ensaio Fotogr\u00e1fico &#8211; Vestidos de Noiva By Ivana Beaumond","datePublished":"2017-06-13T01:06:08+00:00","dateModified":"2017-10-23T17:47:34+00:00","mainEntityOfPage":{"@id":"https:\/\/www.ivanabeaumond.com.br\/vestidos-noiva\/ensaio-fotografico-vestidos-de-noiva-por-ivana-beaumond\/"},"wordCount":432,"commentCount":0,"publisher":{"@id":"https:\/\/www.ivanabeaumond.com.br\/vestidos-noiva\/#organization"},"keywords":["aluguel de roupas","atelierivanabeaumond","casamento","convidadas","festas","madrinhas","moda festa","noivas","padrinhos","vestido de festa","vestido de noiva"],"articleSection":["Na M\u00eddia"],"inLanguage":"pt-BR","potentialAction":[{"@type":"CommentAction","name":"Comment","target":["https:\/\/www.ivanabeaumond.com.br\/vestidos-noiva\/ensaio-fotografico-vestidos-de-noiva-por-ivana-beaumond\/#respond"]}]},{"@type":"WebPage","@id":"https:\/\/www.ivanabeaumond.com.br\/vestidos-noiva\/ensaio-fotografico-vestidos-de-noiva-por-ivana-beaumond\/","url":"https:\/\/www.ivanabeaumond.com.br\/vestidos-noiva\/ensaio-fotografico-vestidos-de-noiva-por-ivana-beaumond\/","name":"Ensaio Fotogr\u00e1fico - Vestidos de Noiva By Ivana Beaumond - Vestido de Noiva RJ","isPartOf":{"@id":"https:\/\/www.ivanabeaumond.com.br\/vestidos-noiva\/#website"},"datePublished":"2017-06-13T01:06:08+00:00","dateModified":"2017-10-23T17:47:34+00:00","breadcrumb":{"@id":"https:\/\/www.ivanabeaumond.com.br\/vestidos-noiva\/ensaio-fotografico-vestidos-de-noiva-por-ivana-beaumond\/#breadcrumb"},"inLanguage":"pt-BR","potentialAction":[{"@type":"ReadAction","target":["https:\/\/www.ivanabeaumond.com.br\/vestidos-noiva\/ensaio-fotografico-vestidos-de-noiva-por-ivana-beaumond\/"]}]},{"@type":"BreadcrumbList","@id":"https:\/\/www.ivanabeaumond.com.br\/vestidos-noiva\/ensaio-fotografico-vestidos-de-noiva-por-ivana-beaumond\/#breadcrumb","itemListElement":[{"@type":"ListItem","position":1,"name":"In\u00edcio","item":"https:\/\/www.ivanabeaumond.com.br\/vestidos-noiva\/"},{"@type":"ListItem","position":2,"name":"Ensaio Fotogr\u00e1fico &#8211; Vestidos de Noiva By Ivana Beaumond"}]},{"@type":"WebSite","@id":"https:\/\/www.ivanabeaumond.com.br\/vestidos-noiva\/#website","url":"https:\/\/www.ivanabeaumond.com.br\/vestidos-noiva\/","name":"Vestido de Noiva RJ","description":"Moda Noiva","publisher":{"@id":"https:\/\/www.ivanabeaumond.com.br\/vestidos-noiva\/#organization"},"potentialAction":[{"@type":"SearchAction","target":{"@type":"EntryPoint","urlTemplate":"https:\/\/www.ivanabeaumond.com.br\/vestidos-noiva\/?s={search_term_string}"},"query-input":"required name=search_term_string"}],"inLanguage":"pt-BR"},{"@type":"Organization","@id":"https:\/\/www.ivanabeaumond.com.br\/vestidos-noiva\/#organization","name":"Vestido de Noiva RJ","url":"https:\/\/www.ivanabeaumond.com.br\/vestidos-noiva\/","logo":{"@type":"ImageObject","inLanguage":"pt-BR","@id":"https:\/\/www.ivanabeaumond.com.br\/vestidos-noiva\/#\/schema\/logo\/image\/","url":"https:\/\/www.ivanabeaumond.com.br\/vestidos-noiva\/wp-content\/uploads\/2018\/02\/logo_ivana_beaumond-2.png","contentUrl":"https:\/\/www.ivanabeaumond.com.br\/vestidos-noiva\/wp-content\/uploads\/2018\/02\/logo_ivana_beaumond-2.png","width":230,"height":112,"caption":"Vestido de Noiva RJ"},"image":{"@id":"https:\/\/www.ivanabeaumond.com.br\/vestidos-noiva\/#\/schema\/logo\/image\/"},"sameAs":["https:\/\/www.facebook.com\/ivana.beaumondnoivas","https:\/\/www.instagram.com\/ivanabeaumond\/","https:\/\/www.tiktok.com\/@ivanabeaumond"]},{"@type":"Person","@id":"https:\/\/www.ivanabeaumond.com.br\/vestidos-noiva\/#\/schema\/person\/1a360c4cffa3b806d29a456389dcff26","name":"Ivana Beaumond Paris","image":{"@type":"ImageObject","inLanguage":"pt-BR","@id":"https:\/\/www.ivanabeaumond.com.br\/vestidos-noiva\/#\/schema\/person\/image\/","url":"https:\/\/secure.gravatar.com\/avatar\/641f98db20b53ec937ceb641db4270b9?s=96&d=mm&r=g","contentUrl":"https:\/\/secure.gravatar.com\/avatar\/641f98db20b53ec937ceb641db4270b9?s=96&d=mm&r=g","caption":"Ivana Beaumond Paris"},"url":"https:\/\/www.ivanabeaumond.com.br\/vestidos-noiva\/author\/ivana\/"}]}},"_links":{"self":[{"href":"https:\/\/www.ivanabeaumond.com.br\/vestidos-noiva\/wp-json\/wp\/v2\/posts\/12656"}],"collection":[{"href":"https:\/\/www.ivanabeaumond.com.br\/vestidos-noiva\/wp-json\/wp\/v2\/posts"}],"about":[{"href":"https:\/\/www.ivanabeaumond.com.br\/vestidos-noiva\/wp-json\/wp\/v2\/types\/post"}],"author":[{"embeddable":true,"href":"https:\/\/www.ivanabeaumond.com.br\/vestidos-noiva\/wp-json\/wp\/v2\/users\/4"}],"replies":[{"embeddable":true,"href":"https:\/\/www.ivanabeaumond.com.br\/vestidos-noiva\/wp-json\/wp\/v2\/comments?post=12656"}],"version-history":[{"count":12,"href":"https:\/\/www.ivanabeaumond.com.br\/vestidos-noiva\/wp-json\/wp\/v2\/posts\/12656\/revisions"}],"predecessor-version":[{"id":12756,"href":"https:\/\/www.ivanabeaumond.com.br\/vestidos-noiva\/wp-json\/wp\/v2\/posts\/12656\/revisions\/12756"}],"wp:featuredmedia":[{"embeddable":true,"href":"https:\/\/www.ivanabeaumond.com.br\/vestidos-noiva\/wp-json\/wp\/v2\/media\/12664"}],"wp:attachment":[{"href":"https:\/\/www.ivanabeaumond.com.br\/vestidos-noiva\/wp-json\/wp\/v2\/media?parent=12656"}],"wp:term":[{"taxonomy":"category","embeddable":true,"href":"https:\/\/www.ivanabeaumond.com.br\/vestidos-noiva\/wp-json\/wp\/v2\/categories?post=12656"},{"taxonomy":"post_tag","embeddable":true,"href":"https:\/\/www.ivanabeaumond.com.br\/vestidos-noiva\/wp-json\/wp\/v2\/tags?post=12656"}],"curies":[{"name":"wp","href":"https:\/\/api.w.org\/{rel}","templated":true}]}}