{"id":12677,"date":"2017-06-02T23:51:56","date_gmt":"2017-06-03T02:51:56","guid":{"rendered":"http:\/\/www.ivanabeaumond.com.br\/vestidos-noiva\/?p=12677"},"modified":"2017-09-11T12:41:47","modified_gmt":"2017-09-11T15:41:47","slug":"tendencia-renda-arabescos-by-ivana-beaumond","status":"publish","type":"post","link":"https:\/\/www.ivanabeaumond.com.br\/vestidos-noiva\/tendencia-renda-arabescos-by-ivana-beaumond\/","title":{"rendered":"Tend\u00eancia Renda Arabescos by Ivana Beaumond"},"content":{"rendered":"<h5><em><span style=\"color: #999999;\">J\u00e1 conhece a nova sensa\u00e7\u00e3o das noivas? \u00a0<\/span><\/em><em><span style=\"color: #999999;\">A Renda Arabescos!<\/span><\/em><\/h5>\n<h5><em><span style=\"color: #999999;\">E n\u00f3s, do Atelier Ivana Beaumond, tamb\u00e9m estamos apaixonadas!!!<\/span><\/em><\/h5>\n<h5 style=\"text-align: justify;\"><em><span style=\"color: #999999;\">Como tradi\u00e7\u00e3o, ainda recebemos muitas noivas em busca da renda francesa, conhecida com Chantilly. \u00c9 muito linda, suave e representa muito bem esse momento especial , com leveza e riqueza de detalhes. \u00a0Vemos \u00a0muito\u00a0a\u00a0 renda \u00a0Chantilly \u00a0fazendo \u00a0sucesso \u00a0nas \u00a0passarelas internacionais e est\u00e1 \u00a0sempre presente \u00a0nas cole\u00e7\u00f5es dos grandes estilistas.\u00a0<\/span><\/em><em><span style=\"color: #999999;\">Por\u00e9m, h\u00e1 um novo desejo das noivas! Uma grande parte delas, buscam e desejam \u00a0a renda de Arabescos!!!=) \u00a0<\/span><\/em><em><span style=\"color: #999999;\">A renda estilo &#8221; Arabesco&#8221; est\u00e1 dominando o desejo das noivas e cada vez mais, elas aparecem em nosso atelier, com refer\u00eancias dessa renda M-a-r-a-v-i-l-h-o-s-a!\u00a0Al\u00e9m dos seus desenhos incr\u00edveis, \u00e9 uma renda moderna e que casa perfeitamente com tules e transpar\u00eancias! Se encaixa muito bem com casamentos mais r\u00fasticos, no estilo Boho Chic e atende tamb\u00e9m as noivas que n\u00e3o se identificam com desenhos &#8221; florais&#8221;, muito encontrado nas rendas Chantilly\u00b4s.\u00a0<\/span><\/em><em><span style=\"color: #999999;\">A Renda Arabescos pode ser trabalhada nos decotes ( frente e costas ), detalhes na cintura, em lindas mangas compridas&#8230;. \u00c9 um infinito de op\u00e7\u00f5es!!!<\/span><\/em><\/h5>\n<h5><em><span style=\"color: #999999;\">Aposte na Renda Arabescos!!!<\/span><\/em><\/h5>\n<h5><em><span style=\"color: #999999;\">Confira abaixo, alguns modelos da cole\u00e7\u00e3o de Vestidos de Noiva por Ivana Beaumond.<\/span><\/em><\/h5>\n<div id=\"attachment_12687\" style=\"width: 713px\" class=\"wp-caption aligncenter\"><a href=\"http:\/\/www.ivanabeaumond.com.br\/vestidos-noiva\/wp-content\/uploads\/2017\/06\/Renda-Arabescos-Vestidos-de-Noiva-Atelier-Ivana-Beaumond-1C216_3_CALAR.jpg\"><img aria-describedby=\"caption-attachment-12687\" decoding=\"async\" loading=\"lazy\" class=\"size-full wp-image-12687\" src=\"http:\/\/www.ivanabeaumond.com.br\/vestidos-noiva\/wp-content\/uploads\/2017\/06\/Renda-Arabescos-Vestidos-de-Noiva-Atelier-Ivana-Beaumond-1C216_3_CALAR.jpg\" alt=\"Aluguel de Vestidos de Noivas por Atelier Ivana Beaumond\" width=\"703\" height=\"907\" srcset=\"https:\/\/www.ivanabeaumond.com.br\/vestidos-noiva\/wp-content\/uploads\/2017\/06\/Renda-Arabescos-Vestidos-de-Noiva-Atelier-Ivana-Beaumond-1C216_3_CALAR.jpg 703w, https:\/\/www.ivanabeaumond.com.br\/vestidos-noiva\/wp-content\/uploads\/2017\/06\/Renda-Arabescos-Vestidos-de-Noiva-Atelier-Ivana-Beaumond-1C216_3_CALAR-233x300.jpg 233w\" sizes=\"(max-width: 703px) 100vw, 703px\" \/><\/a><p id=\"caption-attachment-12687\" class=\"wp-caption-text\"><span style=\"color: #999999;\">Aluguel de Vestidos de Noivas por Atelier Ivana Beaumond<\/span><\/p><\/div>\n<div id=\"attachment_12686\" style=\"width: 713px\" class=\"wp-caption aligncenter\"><a href=\"http:\/\/www.ivanabeaumond.com.br\/vestidos-noiva\/wp-content\/uploads\/2017\/06\/Renda-Arabescos-Vestidos-de-Noiva-Atelier-Ivana-Beaumond-1C263_3_CARLOTTA.jpg\"><img aria-describedby=\"caption-attachment-12686\" decoding=\"async\" loading=\"lazy\" class=\"size-full wp-image-12686\" src=\"http:\/\/www.ivanabeaumond.com.br\/vestidos-noiva\/wp-content\/uploads\/2017\/06\/Renda-Arabescos-Vestidos-de-Noiva-Atelier-Ivana-Beaumond-1C263_3_CARLOTTA.jpg\" alt=\"Aluguel de Vestidos de Noivas por Atelier Ivana Beaumond\" width=\"703\" height=\"907\" srcset=\"https:\/\/www.ivanabeaumond.com.br\/vestidos-noiva\/wp-content\/uploads\/2017\/06\/Renda-Arabescos-Vestidos-de-Noiva-Atelier-Ivana-Beaumond-1C263_3_CARLOTTA.jpg 703w, https:\/\/www.ivanabeaumond.com.br\/vestidos-noiva\/wp-content\/uploads\/2017\/06\/Renda-Arabescos-Vestidos-de-Noiva-Atelier-Ivana-Beaumond-1C263_3_CARLOTTA-233x300.jpg 233w\" sizes=\"(max-width: 703px) 100vw, 703px\" \/><\/a><p id=\"caption-attachment-12686\" class=\"wp-caption-text\"><span style=\"color: #999999;\">Aluguel de Vestidos de Noivas por Atelier Ivana Beaumond<\/span><\/p><\/div>\n<div id=\"attachment_12683\" style=\"width: 713px\" class=\"wp-caption aligncenter\"><a style=\"color: #999999;\" href=\"http:\/\/www.ivanabeaumond.com.br\/vestidos-noiva\/wp-content\/uploads\/2017\/06\/Renda-Arabescos-Vestidos-de-Noiva-Atelier-Ivana-Beaumond-1C1B9_3_COBA.jpg\"><img aria-describedby=\"caption-attachment-12683\" decoding=\"async\" loading=\"lazy\" class=\"size-full wp-image-12683\" src=\"http:\/\/www.ivanabeaumond.com.br\/vestidos-noiva\/wp-content\/uploads\/2017\/06\/Renda-Arabescos-Vestidos-de-Noiva-Atelier-Ivana-Beaumond-1C1B9_3_COBA.jpg\" alt=\"Aluguel de Vestidos de Noivas por Atelier Ivana Beaumond\" width=\"703\" height=\"907\" srcset=\"https:\/\/www.ivanabeaumond.com.br\/vestidos-noiva\/wp-content\/uploads\/2017\/06\/Renda-Arabescos-Vestidos-de-Noiva-Atelier-Ivana-Beaumond-1C1B9_3_COBA.jpg 703w, https:\/\/www.ivanabeaumond.com.br\/vestidos-noiva\/wp-content\/uploads\/2017\/06\/Renda-Arabescos-Vestidos-de-Noiva-Atelier-Ivana-Beaumond-1C1B9_3_COBA-233x300.jpg 233w\" sizes=\"(max-width: 703px) 100vw, 703px\" \/><\/a><p id=\"caption-attachment-12683\" class=\"wp-caption-text\"><span style=\"color: #999999;\">Aluguel de Vestidos de Noivas por Atelier Ivana Beaumond<\/span><\/p><\/div>\n<div id=\"attachment_12684\" style=\"width: 713px\" class=\"wp-caption aligncenter\"><a style=\"color: #999999;\" href=\"http:\/\/www.ivanabeaumond.com.br\/vestidos-noiva\/wp-content\/uploads\/2017\/06\/Renda-Arabescos-Vestidos-de-Noiva-Atelier-Ivana-Beaumond-1C1B9_1_COBA.jpg\"><img aria-describedby=\"caption-attachment-12684\" decoding=\"async\" loading=\"lazy\" class=\"size-full wp-image-12684\" src=\"http:\/\/www.ivanabeaumond.com.br\/vestidos-noiva\/wp-content\/uploads\/2017\/06\/Renda-Arabescos-Vestidos-de-Noiva-Atelier-Ivana-Beaumond-1C1B9_1_COBA.jpg\" alt=\"Aluguel de Vestidos de Noivas por Atelier Ivana Beaumond\" width=\"703\" height=\"907\" srcset=\"https:\/\/www.ivanabeaumond.com.br\/vestidos-noiva\/wp-content\/uploads\/2017\/06\/Renda-Arabescos-Vestidos-de-Noiva-Atelier-Ivana-Beaumond-1C1B9_1_COBA.jpg 703w, https:\/\/www.ivanabeaumond.com.br\/vestidos-noiva\/wp-content\/uploads\/2017\/06\/Renda-Arabescos-Vestidos-de-Noiva-Atelier-Ivana-Beaumond-1C1B9_1_COBA-233x300.jpg 233w\" sizes=\"(max-width: 703px) 100vw, 703px\" \/><\/a><p id=\"caption-attachment-12684\" class=\"wp-caption-text\"><span style=\"color: #999999;\">Aluguel de Vestidos de Noivas por Atelier Ivana Beaumond<\/span><\/p><\/div>\n<div id=\"attachment_12681\" style=\"width: 713px\" class=\"wp-caption aligncenter\"><a href=\"http:\/\/www.ivanabeaumond.com.br\/vestidos-noiva\/wp-content\/uploads\/2017\/06\/Renda-Arabescos-Vestidos-de-Noiva-Atelier-Ivana-Beaumond-1C1B8_1_CLOVER.jpg\"><img aria-describedby=\"caption-attachment-12681\" decoding=\"async\" loading=\"lazy\" class=\"size-full wp-image-12681\" src=\"http:\/\/www.ivanabeaumond.com.br\/vestidos-noiva\/wp-content\/uploads\/2017\/06\/Renda-Arabescos-Vestidos-de-Noiva-Atelier-Ivana-Beaumond-1C1B8_1_CLOVER.jpg\" alt=\"Aluguel de Vestidos de Noivas por Atelier Ivana Beaumond\" width=\"703\" height=\"907\" srcset=\"https:\/\/www.ivanabeaumond.com.br\/vestidos-noiva\/wp-content\/uploads\/2017\/06\/Renda-Arabescos-Vestidos-de-Noiva-Atelier-Ivana-Beaumond-1C1B8_1_CLOVER.jpg 703w, https:\/\/www.ivanabeaumond.com.br\/vestidos-noiva\/wp-content\/uploads\/2017\/06\/Renda-Arabescos-Vestidos-de-Noiva-Atelier-Ivana-Beaumond-1C1B8_1_CLOVER-233x300.jpg 233w\" sizes=\"(max-width: 703px) 100vw, 703px\" \/><\/a><p id=\"caption-attachment-12681\" class=\"wp-caption-text\"><span style=\"color: #999999;\">Aluguel de Vestidos de Noivas por Atelier Ivana Beaumond<\/span><\/p><\/div>\n<div id=\"attachment_12682\" style=\"width: 713px\" class=\"wp-caption aligncenter\"><a href=\"http:\/\/www.ivanabeaumond.com.br\/vestidos-noiva\/wp-content\/uploads\/2017\/06\/Renda-Arabescos-Vestidos-de-Noiva-Atelier-Ivana-Beaumond-1C1B8_3_CLOVER.jpg\"><img aria-describedby=\"caption-attachment-12682\" decoding=\"async\" loading=\"lazy\" class=\"size-full wp-image-12682\" src=\"http:\/\/www.ivanabeaumond.com.br\/vestidos-noiva\/wp-content\/uploads\/2017\/06\/Renda-Arabescos-Vestidos-de-Noiva-Atelier-Ivana-Beaumond-1C1B8_3_CLOVER.jpg\" alt=\"Aluguel de Vestidos de Noivas por Atelier Ivana Beaumond\" width=\"703\" height=\"907\" srcset=\"https:\/\/www.ivanabeaumond.com.br\/vestidos-noiva\/wp-content\/uploads\/2017\/06\/Renda-Arabescos-Vestidos-de-Noiva-Atelier-Ivana-Beaumond-1C1B8_3_CLOVER.jpg 703w, https:\/\/www.ivanabeaumond.com.br\/vestidos-noiva\/wp-content\/uploads\/2017\/06\/Renda-Arabescos-Vestidos-de-Noiva-Atelier-Ivana-Beaumond-1C1B8_3_CLOVER-233x300.jpg 233w\" sizes=\"(max-width: 703px) 100vw, 703px\" \/><\/a><p id=\"caption-attachment-12682\" class=\"wp-caption-text\"><span style=\"color: #999999;\">Aluguel de Vestidos de Noivas por Atelier Ivana Beaumond<\/span><\/p><\/div>\n<div id=\"attachment_12679\" style=\"width: 713px\" class=\"wp-caption aligncenter\"><a href=\"http:\/\/www.ivanabeaumond.com.br\/vestidos-noiva\/wp-content\/uploads\/2017\/06\/Renda-Arabescos-Vestidos-de-Noiva-Atelier-Ivana-Beaumond-1C1A4_3_CICLON.jpg\"><img aria-describedby=\"caption-attachment-12679\" decoding=\"async\" loading=\"lazy\" class=\"size-full wp-image-12679\" src=\"http:\/\/www.ivanabeaumond.com.br\/vestidos-noiva\/wp-content\/uploads\/2017\/06\/Renda-Arabescos-Vestidos-de-Noiva-Atelier-Ivana-Beaumond-1C1A4_3_CICLON.jpg\" alt=\"Aluguel de Vestidos de Noivas por Atelier Ivana Beaumond\" width=\"703\" height=\"907\" srcset=\"https:\/\/www.ivanabeaumond.com.br\/vestidos-noiva\/wp-content\/uploads\/2017\/06\/Renda-Arabescos-Vestidos-de-Noiva-Atelier-Ivana-Beaumond-1C1A4_3_CICLON.jpg 703w, https:\/\/www.ivanabeaumond.com.br\/vestidos-noiva\/wp-content\/uploads\/2017\/06\/Renda-Arabescos-Vestidos-de-Noiva-Atelier-Ivana-Beaumond-1C1A4_3_CICLON-233x300.jpg 233w\" sizes=\"(max-width: 703px) 100vw, 703px\" \/><\/a><p id=\"caption-attachment-12679\" class=\"wp-caption-text\"><span style=\"color: #999999;\">Aluguel de Vestidos de Noivas por Atelier Ivana Beaumond<\/span><\/p><\/div>\n<div id=\"attachment_12680\" style=\"width: 713px\" class=\"wp-caption aligncenter\"><a href=\"http:\/\/www.ivanabeaumond.com.br\/vestidos-noiva\/wp-content\/uploads\/2017\/06\/Renda-Arabescos-Vestidos-de-Noiva-Atelier-Ivana-Beaumond-1C1B5_3_CLAMOR.jpg\"><img aria-describedby=\"caption-attachment-12680\" decoding=\"async\" loading=\"lazy\" class=\"size-full wp-image-12680\" src=\"http:\/\/www.ivanabeaumond.com.br\/vestidos-noiva\/wp-content\/uploads\/2017\/06\/Renda-Arabescos-Vestidos-de-Noiva-Atelier-Ivana-Beaumond-1C1B5_3_CLAMOR.jpg\" alt=\"Aluguel de Vestidos de Noivas por Atelier Ivana Beaumond\" width=\"703\" height=\"907\" srcset=\"https:\/\/www.ivanabeaumond.com.br\/vestidos-noiva\/wp-content\/uploads\/2017\/06\/Renda-Arabescos-Vestidos-de-Noiva-Atelier-Ivana-Beaumond-1C1B5_3_CLAMOR.jpg 703w, https:\/\/www.ivanabeaumond.com.br\/vestidos-noiva\/wp-content\/uploads\/2017\/06\/Renda-Arabescos-Vestidos-de-Noiva-Atelier-Ivana-Beaumond-1C1B5_3_CLAMOR-233x300.jpg 233w\" sizes=\"(max-width: 703px) 100vw, 703px\" \/><\/a><p id=\"caption-attachment-12680\" class=\"wp-caption-text\"><span style=\"color: #999999;\">Aluguel de Vestidos de Noivas por Atelier Ivana Beaumond<\/span><\/p><\/div>\n<div id=\"attachment_12678\" style=\"width: 713px\" class=\"wp-caption aligncenter\"><a href=\"http:\/\/www.ivanabeaumond.com.br\/vestidos-noiva\/wp-content\/uploads\/2017\/06\/Renda-Arabescos-Vestidos-de-Noiva-Atelier-Ivana-Beaumond-1C1A4_1_CICLON.jpg\"><img aria-describedby=\"caption-attachment-12678\" decoding=\"async\" loading=\"lazy\" class=\"size-full wp-image-12678\" src=\"http:\/\/www.ivanabeaumond.com.br\/vestidos-noiva\/wp-content\/uploads\/2017\/06\/Renda-Arabescos-Vestidos-de-Noiva-Atelier-Ivana-Beaumond-1C1A4_1_CICLON.jpg\" alt=\"Aluguel de Vestidos de Noivas por Atelier Ivana Beaumond\" width=\"703\" height=\"907\" srcset=\"https:\/\/www.ivanabeaumond.com.br\/vestidos-noiva\/wp-content\/uploads\/2017\/06\/Renda-Arabescos-Vestidos-de-Noiva-Atelier-Ivana-Beaumond-1C1A4_1_CICLON.jpg 703w, https:\/\/www.ivanabeaumond.com.br\/vestidos-noiva\/wp-content\/uploads\/2017\/06\/Renda-Arabescos-Vestidos-de-Noiva-Atelier-Ivana-Beaumond-1C1A4_1_CICLON-233x300.jpg 233w\" sizes=\"(max-width: 703px) 100vw, 703px\" \/><\/a><p id=\"caption-attachment-12678\" class=\"wp-caption-text\"><span style=\"color: #999999;\">Aluguel de Vestidos de Noivas por Atelier Ivana Beaumond<\/span><\/p><\/div>\n","protected":false},"excerpt":{"rendered":"<p>J\u00e1 conhece a nova sensa\u00e7\u00e3o das noivas? \u00a0A Renda Arabescos!&#8230;<\/p>\n","protected":false},"author":4,"featured_media":12687,"comment_status":"open","ping_status":"open","sticky":false,"template":"","format":"standard","meta":[],"categories":[127],"tags":[131,133,96,137,162,103,136,164,165,138,115],"yoast_head":"<!-- This site is optimized with the Yoast SEO plugin v20.3 - https:\/\/yoast.com\/wordpress\/plugins\/seo\/ -->\n<title>Tend\u00eancia Renda Arabescos by Ivana Beaumond - Vestido de Noiva RJ<\/title>\n<meta name=\"robots\" content=\"index, follow, max-snippet:-1, max-image-preview:large, max-video-preview:-1\" \/>\n<link rel=\"canonical\" href=\"https:\/\/www.ivanabeaumond.com.br\/vestidos-noiva\/tendencia-renda-arabescos-by-ivana-beaumond\/\" \/>\n<meta property=\"og:locale\" content=\"pt_BR\" \/>\n<meta property=\"og:type\" content=\"article\" \/>\n<meta property=\"og:title\" content=\"Tend\u00eancia Renda Arabescos by Ivana Beaumond - Vestido de Noiva RJ\" \/>\n<meta property=\"og:description\" content=\"J\u00e1 conhece a nova sensa\u00e7\u00e3o das noivas? \u00a0A Renda Arabescos!...\" \/>\n<meta property=\"og:url\" content=\"https:\/\/www.ivanabeaumond.com.br\/vestidos-noiva\/tendencia-renda-arabescos-by-ivana-beaumond\/\" \/>\n<meta property=\"og:site_name\" content=\"Vestido de Noiva RJ\" \/>\n<meta property=\"article:publisher\" content=\"https:\/\/www.facebook.com\/ivana.beaumondnoivas\" \/>\n<meta property=\"article:published_time\" content=\"2017-06-03T02:51:56+00:00\" \/>\n<meta property=\"article:modified_time\" content=\"2017-09-11T15:41:47+00:00\" \/>\n<meta property=\"og:image\" content=\"https:\/\/www.ivanabeaumond.com.br\/vestidos-noiva\/wp-content\/uploads\/2017\/06\/Renda-Arabescos-Vestidos-de-Noiva-Atelier-Ivana-Beaumond-1C216_3_CALAR.jpg\" \/>\n\t<meta property=\"og:image:width\" content=\"703\" \/>\n\t<meta property=\"og:image:height\" content=\"907\" \/>\n\t<meta property=\"og:image:type\" content=\"image\/jpeg\" \/>\n<meta name=\"author\" content=\"Ivana Beaumond Paris\" \/>\n<meta name=\"twitter:card\" content=\"summary_large_image\" \/>\n<meta name=\"twitter:label1\" content=\"Escrito por\" \/>\n\t<meta name=\"twitter:data1\" content=\"Ivana Beaumond Paris\" \/>\n\t<meta name=\"twitter:label2\" content=\"Est. tempo de leitura\" \/>\n\t<meta name=\"twitter:data2\" content=\"2 minutos\" \/>\n<script type=\"application\/ld+json\" class=\"yoast-schema-graph\">{\"@context\":\"https:\/\/schema.org\",\"@graph\":[{\"@type\":\"Article\",\"@id\":\"https:\/\/www.ivanabeaumond.com.br\/vestidos-noiva\/tendencia-renda-arabescos-by-ivana-beaumond\/#article\",\"isPartOf\":{\"@id\":\"https:\/\/www.ivanabeaumond.com.br\/vestidos-noiva\/tendencia-renda-arabescos-by-ivana-beaumond\/\"},\"author\":{\"name\":\"Ivana Beaumond Paris\",\"@id\":\"https:\/\/www.ivanabeaumond.com.br\/vestidos-noiva\/#\/schema\/person\/1a360c4cffa3b806d29a456389dcff26\"},\"headline\":\"Tend\u00eancia Renda Arabescos by Ivana Beaumond\",\"datePublished\":\"2017-06-03T02:51:56+00:00\",\"dateModified\":\"2017-09-11T15:41:47+00:00\",\"mainEntityOfPage\":{\"@id\":\"https:\/\/www.ivanabeaumond.com.br\/vestidos-noiva\/tendencia-renda-arabescos-by-ivana-beaumond\/\"},\"wordCount\":361,\"commentCount\":0,\"publisher\":{\"@id\":\"https:\/\/www.ivanabeaumond.com.br\/vestidos-noiva\/#organization\"},\"keywords\":[\"aluguel de roupas\",\"atelierivanabeaumond\",\"casamento\",\"convidadas\",\"festas\",\"madrinhas\",\"moda festa\",\"noivas\",\"padrinhos\",\"vestido de festa\",\"vestido de noiva\"],\"articleSection\":[\"Dicas e Truques\"],\"inLanguage\":\"pt-BR\",\"potentialAction\":[{\"@type\":\"CommentAction\",\"name\":\"Comment\",\"target\":[\"https:\/\/www.ivanabeaumond.com.br\/vestidos-noiva\/tendencia-renda-arabescos-by-ivana-beaumond\/#respond\"]}]},{\"@type\":\"WebPage\",\"@id\":\"https:\/\/www.ivanabeaumond.com.br\/vestidos-noiva\/tendencia-renda-arabescos-by-ivana-beaumond\/\",\"url\":\"https:\/\/www.ivanabeaumond.com.br\/vestidos-noiva\/tendencia-renda-arabescos-by-ivana-beaumond\/\",\"name\":\"Tend\u00eancia Renda Arabescos by Ivana Beaumond - Vestido de Noiva RJ\",\"isPartOf\":{\"@id\":\"https:\/\/www.ivanabeaumond.com.br\/vestidos-noiva\/#website\"},\"datePublished\":\"2017-06-03T02:51:56+00:00\",\"dateModified\":\"2017-09-11T15:41:47+00:00\",\"breadcrumb\":{\"@id\":\"https:\/\/www.ivanabeaumond.com.br\/vestidos-noiva\/tendencia-renda-arabescos-by-ivana-beaumond\/#breadcrumb\"},\"inLanguage\":\"pt-BR\",\"potentialAction\":[{\"@type\":\"ReadAction\",\"target\":[\"https:\/\/www.ivanabeaumond.com.br\/vestidos-noiva\/tendencia-renda-arabescos-by-ivana-beaumond\/\"]}]},{\"@type\":\"BreadcrumbList\",\"@id\":\"https:\/\/www.ivanabeaumond.com.br\/vestidos-noiva\/tendencia-renda-arabescos-by-ivana-beaumond\/#breadcrumb\",\"itemListElement\":[{\"@type\":\"ListItem\",\"position\":1,\"name\":\"In\u00edcio\",\"item\":\"https:\/\/www.ivanabeaumond.com.br\/vestidos-noiva\/\"},{\"@type\":\"ListItem\",\"position\":2,\"name\":\"Tend\u00eancia Renda Arabescos by Ivana Beaumond\"}]},{\"@type\":\"WebSite\",\"@id\":\"https:\/\/www.ivanabeaumond.com.br\/vestidos-noiva\/#website\",\"url\":\"https:\/\/www.ivanabeaumond.com.br\/vestidos-noiva\/\",\"name\":\"Vestido de Noiva RJ\",\"description\":\"Moda Noiva\",\"publisher\":{\"@id\":\"https:\/\/www.ivanabeaumond.com.br\/vestidos-noiva\/#organization\"},\"potentialAction\":[{\"@type\":\"SearchAction\",\"target\":{\"@type\":\"EntryPoint\",\"urlTemplate\":\"https:\/\/www.ivanabeaumond.com.br\/vestidos-noiva\/?s={search_term_string}\"},\"query-input\":\"required name=search_term_string\"}],\"inLanguage\":\"pt-BR\"},{\"@type\":\"Organization\",\"@id\":\"https:\/\/www.ivanabeaumond.com.br\/vestidos-noiva\/#organization\",\"name\":\"Vestido de Noiva RJ\",\"url\":\"https:\/\/www.ivanabeaumond.com.br\/vestidos-noiva\/\",\"logo\":{\"@type\":\"ImageObject\",\"inLanguage\":\"pt-BR\",\"@id\":\"https:\/\/www.ivanabeaumond.com.br\/vestidos-noiva\/#\/schema\/logo\/image\/\",\"url\":\"https:\/\/www.ivanabeaumond.com.br\/vestidos-noiva\/wp-content\/uploads\/2018\/02\/logo_ivana_beaumond-2.png\",\"contentUrl\":\"https:\/\/www.ivanabeaumond.com.br\/vestidos-noiva\/wp-content\/uploads\/2018\/02\/logo_ivana_beaumond-2.png\",\"width\":230,\"height\":112,\"caption\":\"Vestido de Noiva RJ\"},\"image\":{\"@id\":\"https:\/\/www.ivanabeaumond.com.br\/vestidos-noiva\/#\/schema\/logo\/image\/\"},\"sameAs\":[\"https:\/\/www.facebook.com\/ivana.beaumondnoivas\",\"https:\/\/www.instagram.com\/ivanabeaumond\/\",\"https:\/\/www.tiktok.com\/@ivanabeaumond\"]},{\"@type\":\"Person\",\"@id\":\"https:\/\/www.ivanabeaumond.com.br\/vestidos-noiva\/#\/schema\/person\/1a360c4cffa3b806d29a456389dcff26\",\"name\":\"Ivana Beaumond Paris\",\"image\":{\"@type\":\"ImageObject\",\"inLanguage\":\"pt-BR\",\"@id\":\"https:\/\/www.ivanabeaumond.com.br\/vestidos-noiva\/#\/schema\/person\/image\/\",\"url\":\"https:\/\/secure.gravatar.com\/avatar\/641f98db20b53ec937ceb641db4270b9?s=96&d=mm&r=g\",\"contentUrl\":\"https:\/\/secure.gravatar.com\/avatar\/641f98db20b53ec937ceb641db4270b9?s=96&d=mm&r=g\",\"caption\":\"Ivana Beaumond Paris\"},\"url\":\"https:\/\/www.ivanabeaumond.com.br\/vestidos-noiva\/author\/ivana\/\"}]}<\/script>\n<!-- \/ Yoast SEO plugin. -->","yoast_head_json":{"title":"Tend\u00eancia Renda Arabescos by Ivana Beaumond - Vestido de Noiva RJ","robots":{"index":"index","follow":"follow","max-snippet":"max-snippet:-1","max-image-preview":"max-image-preview:large","max-video-preview":"max-video-preview:-1"},"canonical":"https:\/\/www.ivanabeaumond.com.br\/vestidos-noiva\/tendencia-renda-arabescos-by-ivana-beaumond\/","og_locale":"pt_BR","og_type":"article","og_title":"Tend\u00eancia Renda Arabescos by Ivana Beaumond - Vestido de Noiva RJ","og_description":"J\u00e1 conhece a nova sensa\u00e7\u00e3o das noivas? \u00a0A Renda Arabescos!...","og_url":"https:\/\/www.ivanabeaumond.com.br\/vestidos-noiva\/tendencia-renda-arabescos-by-ivana-beaumond\/","og_site_name":"Vestido de Noiva RJ","article_publisher":"https:\/\/www.facebook.com\/ivana.beaumondnoivas","article_published_time":"2017-06-03T02:51:56+00:00","article_modified_time":"2017-09-11T15:41:47+00:00","og_image":[{"width":703,"height":907,"url":"https:\/\/www.ivanabeaumond.com.br\/vestidos-noiva\/wp-content\/uploads\/2017\/06\/Renda-Arabescos-Vestidos-de-Noiva-Atelier-Ivana-Beaumond-1C216_3_CALAR.jpg","type":"image\/jpeg"}],"author":"Ivana Beaumond Paris","twitter_card":"summary_large_image","twitter_misc":{"Escrito por":"Ivana Beaumond Paris","Est. tempo de leitura":"2 minutos"},"schema":{"@context":"https:\/\/schema.org","@graph":[{"@type":"Article","@id":"https:\/\/www.ivanabeaumond.com.br\/vestidos-noiva\/tendencia-renda-arabescos-by-ivana-beaumond\/#article","isPartOf":{"@id":"https:\/\/www.ivanabeaumond.com.br\/vestidos-noiva\/tendencia-renda-arabescos-by-ivana-beaumond\/"},"author":{"name":"Ivana Beaumond Paris","@id":"https:\/\/www.ivanabeaumond.com.br\/vestidos-noiva\/#\/schema\/person\/1a360c4cffa3b806d29a456389dcff26"},"headline":"Tend\u00eancia Renda Arabescos by Ivana Beaumond","datePublished":"2017-06-03T02:51:56+00:00","dateModified":"2017-09-11T15:41:47+00:00","mainEntityOfPage":{"@id":"https:\/\/www.ivanabeaumond.com.br\/vestidos-noiva\/tendencia-renda-arabescos-by-ivana-beaumond\/"},"wordCount":361,"commentCount":0,"publisher":{"@id":"https:\/\/www.ivanabeaumond.com.br\/vestidos-noiva\/#organization"},"keywords":["aluguel de roupas","atelierivanabeaumond","casamento","convidadas","festas","madrinhas","moda festa","noivas","padrinhos","vestido de festa","vestido de noiva"],"articleSection":["Dicas e Truques"],"inLanguage":"pt-BR","potentialAction":[{"@type":"CommentAction","name":"Comment","target":["https:\/\/www.ivanabeaumond.com.br\/vestidos-noiva\/tendencia-renda-arabescos-by-ivana-beaumond\/#respond"]}]},{"@type":"WebPage","@id":"https:\/\/www.ivanabeaumond.com.br\/vestidos-noiva\/tendencia-renda-arabescos-by-ivana-beaumond\/","url":"https:\/\/www.ivanabeaumond.com.br\/vestidos-noiva\/tendencia-renda-arabescos-by-ivana-beaumond\/","name":"Tend\u00eancia Renda Arabescos by Ivana Beaumond - Vestido de Noiva RJ","isPartOf":{"@id":"https:\/\/www.ivanabeaumond.com.br\/vestidos-noiva\/#website"},"datePublished":"2017-06-03T02:51:56+00:00","dateModified":"2017-09-11T15:41:47+00:00","breadcrumb":{"@id":"https:\/\/www.ivanabeaumond.com.br\/vestidos-noiva\/tendencia-renda-arabescos-by-ivana-beaumond\/#breadcrumb"},"inLanguage":"pt-BR","potentialAction":[{"@type":"ReadAction","target":["https:\/\/www.ivanabeaumond.com.br\/vestidos-noiva\/tendencia-renda-arabescos-by-ivana-beaumond\/"]}]},{"@type":"BreadcrumbList","@id":"https:\/\/www.ivanabeaumond.com.br\/vestidos-noiva\/tendencia-renda-arabescos-by-ivana-beaumond\/#breadcrumb","itemListElement":[{"@type":"ListItem","position":1,"name":"In\u00edcio","item":"https:\/\/www.ivanabeaumond.com.br\/vestidos-noiva\/"},{"@type":"ListItem","position":2,"name":"Tend\u00eancia Renda Arabescos by Ivana Beaumond"}]},{"@type":"WebSite","@id":"https:\/\/www.ivanabeaumond.com.br\/vestidos-noiva\/#website","url":"https:\/\/www.ivanabeaumond.com.br\/vestidos-noiva\/","name":"Vestido de Noiva RJ","description":"Moda Noiva","publisher":{"@id":"https:\/\/www.ivanabeaumond.com.br\/vestidos-noiva\/#organization"},"potentialAction":[{"@type":"SearchAction","target":{"@type":"EntryPoint","urlTemplate":"https:\/\/www.ivanabeaumond.com.br\/vestidos-noiva\/?s={search_term_string}"},"query-input":"required name=search_term_string"}],"inLanguage":"pt-BR"},{"@type":"Organization","@id":"https:\/\/www.ivanabeaumond.com.br\/vestidos-noiva\/#organization","name":"Vestido de Noiva RJ","url":"https:\/\/www.ivanabeaumond.com.br\/vestidos-noiva\/","logo":{"@type":"ImageObject","inLanguage":"pt-BR","@id":"https:\/\/www.ivanabeaumond.com.br\/vestidos-noiva\/#\/schema\/logo\/image\/","url":"https:\/\/www.ivanabeaumond.com.br\/vestidos-noiva\/wp-content\/uploads\/2018\/02\/logo_ivana_beaumond-2.png","contentUrl":"https:\/\/www.ivanabeaumond.com.br\/vestidos-noiva\/wp-content\/uploads\/2018\/02\/logo_ivana_beaumond-2.png","width":230,"height":112,"caption":"Vestido de Noiva RJ"},"image":{"@id":"https:\/\/www.ivanabeaumond.com.br\/vestidos-noiva\/#\/schema\/logo\/image\/"},"sameAs":["https:\/\/www.facebook.com\/ivana.beaumondnoivas","https:\/\/www.instagram.com\/ivanabeaumond\/","https:\/\/www.tiktok.com\/@ivanabeaumond"]},{"@type":"Person","@id":"https:\/\/www.ivanabeaumond.com.br\/vestidos-noiva\/#\/schema\/person\/1a360c4cffa3b806d29a456389dcff26","name":"Ivana Beaumond Paris","image":{"@type":"ImageObject","inLanguage":"pt-BR","@id":"https:\/\/www.ivanabeaumond.com.br\/vestidos-noiva\/#\/schema\/person\/image\/","url":"https:\/\/secure.gravatar.com\/avatar\/641f98db20b53ec937ceb641db4270b9?s=96&d=mm&r=g","contentUrl":"https:\/\/secure.gravatar.com\/avatar\/641f98db20b53ec937ceb641db4270b9?s=96&d=mm&r=g","caption":"Ivana Beaumond Paris"},"url":"https:\/\/www.ivanabeaumond.com.br\/vestidos-noiva\/author\/ivana\/"}]}},"_links":{"self":[{"href":"https:\/\/www.ivanabeaumond.com.br\/vestidos-noiva\/wp-json\/wp\/v2\/posts\/12677"}],"collection":[{"href":"https:\/\/www.ivanabeaumond.com.br\/vestidos-noiva\/wp-json\/wp\/v2\/posts"}],"about":[{"href":"https:\/\/www.ivanabeaumond.com.br\/vestidos-noiva\/wp-json\/wp\/v2\/types\/post"}],"author":[{"embeddable":true,"href":"https:\/\/www.ivanabeaumond.com.br\/vestidos-noiva\/wp-json\/wp\/v2\/users\/4"}],"replies":[{"embeddable":true,"href":"https:\/\/www.ivanabeaumond.com.br\/vestidos-noiva\/wp-json\/wp\/v2\/comments?post=12677"}],"version-history":[{"count":18,"href":"https:\/\/www.ivanabeaumond.com.br\/vestidos-noiva\/wp-json\/wp\/v2\/posts\/12677\/revisions"}],"predecessor-version":[{"id":12707,"href":"https:\/\/www.ivanabeaumond.com.br\/vestidos-noiva\/wp-json\/wp\/v2\/posts\/12677\/revisions\/12707"}],"wp:featuredmedia":[{"embeddable":true,"href":"https:\/\/www.ivanabeaumond.com.br\/vestidos-noiva\/wp-json\/wp\/v2\/media\/12687"}],"wp:attachment":[{"href":"https:\/\/www.ivanabeaumond.com.br\/vestidos-noiva\/wp-json\/wp\/v2\/media?parent=12677"}],"wp:term":[{"taxonomy":"category","embeddable":true,"href":"https:\/\/www.ivanabeaumond.com.br\/vestidos-noiva\/wp-json\/wp\/v2\/categories?post=12677"},{"taxonomy":"post_tag","embeddable":true,"href":"https:\/\/www.ivanabeaumond.com.br\/vestidos-noiva\/wp-json\/wp\/v2\/tags?post=12677"}],"curies":[{"name":"wp","href":"https:\/\/api.w.org\/{rel}","templated":true}]}}