{"id":12757,"date":"2017-06-14T16:53:42","date_gmt":"2017-06-14T19:53:42","guid":{"rendered":"http:\/\/www.ivanabeaumond.com.br\/vestidos-noiva\/?p=12757"},"modified":"2017-10-23T15:47:22","modified_gmt":"2017-10-23T17:47:22","slug":"duvida-entre-veu-ou-mantilha-o-atelier-ivana-beaumond-vai-te-ajudar","status":"publish","type":"post","link":"https:\/\/www.ivanabeaumond.com.br\/vestidos-noiva\/duvida-entre-veu-ou-mantilha-o-atelier-ivana-beaumond-vai-te-ajudar\/","title":{"rendered":"D\u00favida entre V\u00e9u ou Mantilha? O Atelier Ivana Beaumond vai te ajudar!"},"content":{"rendered":"<h5 style=\"text-align: justify;\"><span style=\"color: #999999;\"><em>Se voc\u00ea foi , \u00e9 ou ser\u00e1 noiva, com certeza essa \u00e9 uma d\u00favida de todas!!\u00a0<\/em><\/span><\/h5>\n<h5 style=\"text-align: justify;\"><span style=\"color: #999999;\"><em>Depois da escolha do vestido, \u00e9 necess\u00e1rio complementar o look com os acess\u00f3rios, como v\u00e9u ou mantilha.<\/em><\/span><\/h5>\n<h5 style=\"text-align: justify;\"><span style=\"color: #999999;\"><em>\u00c9 muito tradicional o uso desses itens, realmente comp\u00f5em o visual da noiva, trazendo muita beleza, sofistica\u00e7\u00e3o e tradi\u00e7\u00e3o.<\/em><\/span><\/h5>\n<h5 style=\"text-align: justify;\"><\/h5>\n<p>&nbsp;<\/p>\n<p>&nbsp;<\/p>\n<h5 style=\"text-align: justify;\"><\/h5>\n<h5 style=\"text-align: justify;\"><span style=\"color: #808080;\"><em><strong>As diferen\u00e7as entre V\u00e9u e Mantilha:<\/strong><\/em><\/span><\/h5>\n<h5 style=\"text-align: justify;\"><\/h5>\n<h5 style=\"text-align: justify;\"><\/h5>\n<p>&nbsp;<\/p>\n<p>&nbsp;<\/p>\n<h5 style=\"text-align: justify;\"><span style=\"color: #999999;\"><em>O v\u00e9u, na maioria das vezes, \u00e9 mais simples, somente de tule.\u00a0<\/em><em>Podemos encontrar varia\u00e7\u00f5es como: v\u00e9u cascata ( 1 camada curta e 1 camada longa ), 2 camadas longas, todo curtinho na altura do cotovelo, \u00a0ou at\u00e9 mesmo, com acabamento em vi\u00e9s de cetim.<\/em><\/span><\/h5>\n<h5 style=\"text-align: justify;\"><\/h5>\n<p>&nbsp;<\/p>\n<p>&nbsp;<\/p>\n<h5 style=\"text-align: justify;\"><\/h5>\n<h5 style=\"text-align: justify;\"><span style=\"color: #999999;\"><em>J\u00e1 a mantilha, ela vir\u00e1 sempre com aplica\u00e7\u00f5es em renda. <\/em><\/span><\/h5>\n<h5 style=\"text-align: justify;\"><span style=\"color: #999999;\"><em>Podemos encontrar varia\u00e7\u00f5es como: bico de renda em toda sua volta, bico de renda somente na parte da calda ( que chamamos de meia mantilha ) , podemos encontrar tamb\u00e9m cachos de renda aplicados no topo do v\u00e9u, onde o efeito rendado, fica junto ao penteado da noiva. S\u00e3o infinitas possibilidades.\u00a0<\/em><em>O estilo do seu vestido dos sonhos e da proposta do seu casamento, ir\u00e3o lhe ajudar a encontrar o acess\u00f3rio ideal.\u00a0<\/em><\/span><\/h5>\n<h5 style=\"text-align: justify;\"><span style=\"color: #999999;\"><em>\u00c9 mais comum encontrarmos noivas mais tradicionais (casamentos na igreja) usando uma bela e longa mantilha, com renda e brilho. <\/em><\/span><\/h5>\n<h5 style=\"text-align: justify;\"><span style=\"color: #999999;\"><em>Para casamentos ao ar livre, no per\u00edodo da tarde, o ideal \u00e9 o uso do v\u00e9u, por ser mais leve, suave e n\u00e3o confrontar com o Vestido da Noiva e nem com a proposta do casamento.\u00a0<\/em><em>Mas lembre-se, o importante \u00e9 estar se sentindo bonita e realizada!!<\/em><\/span><\/h5>\n<h5 style=\"text-align: justify;\"><span style=\"color: #999999;\">\u00a0<\/span><\/h5>\n<h5 style=\"text-align: justify;\"><span style=\"color: #999999;\"><em>Abaixo, est\u00e3o algumas refer\u00eancias de V\u00e9us e Mantilhas para lhe Inspirar!!!!<\/em><\/span><\/h5>\n<div id=\"attachment_12758\" style=\"width: 758px\" class=\"wp-caption aligncenter\"><a href=\"http:\/\/www.ivanabeaumond.com.br\/vestidos-noiva\/wp-content\/uploads\/2017\/06\/Acess\u00f3rios-Atelier-de-Noivas-Ivana-Beaumond-1-e1497372913603.jpg\"><img aria-describedby=\"caption-attachment-12758\" decoding=\"async\" loading=\"lazy\" class=\"size-full wp-image-12758\" src=\"http:\/\/www.ivanabeaumond.com.br\/vestidos-noiva\/wp-content\/uploads\/2017\/06\/Acess\u00f3rios-Atelier-de-Noivas-Ivana-Beaumond-1-e1497372913603.jpg\" alt=\"Mantilha - Atelier de Noivas Ivana Beaumond\" width=\"748\" height=\"935\" \/><\/a><p id=\"caption-attachment-12758\" class=\"wp-caption-text\"><span style=\"color: #999999;\">Mantilha &#8211; Atelier de Noivas Ivana Beaumond<\/span><\/p><\/div>\n<div id=\"attachment_12759\" style=\"width: 758px\" class=\"wp-caption aligncenter\"><a href=\"http:\/\/www.ivanabeaumond.com.br\/vestidos-noiva\/wp-content\/uploads\/2017\/06\/Acess\u00f3rios-Atelier-de-Noivas-Ivana-Beaumond-2-e1497372930251.jpg\"><img aria-describedby=\"caption-attachment-12759\" decoding=\"async\" loading=\"lazy\" class=\"size-full wp-image-12759\" src=\"http:\/\/www.ivanabeaumond.com.br\/vestidos-noiva\/wp-content\/uploads\/2017\/06\/Acess\u00f3rios-Atelier-de-Noivas-Ivana-Beaumond-2-e1497372930251.jpg\" alt=\"Mantilha - Atelier de Noivas Ivana Beaumond\" width=\"748\" height=\"935\" \/><\/a><p id=\"caption-attachment-12759\" class=\"wp-caption-text\"><span style=\"color: #999999;\">Mantilha &#8211; Atelier de Noivas Ivana Beaumond<\/span><\/p><\/div>\n<div id=\"attachment_12760\" style=\"width: 758px\" class=\"wp-caption aligncenter\"><a href=\"http:\/\/www.ivanabeaumond.com.br\/vestidos-noiva\/wp-content\/uploads\/2017\/06\/Acess\u00f3rios-Atelier-de-Noivas-Ivana-Beaumond-3-e1497372947461.jpg\"><img aria-describedby=\"caption-attachment-12760\" decoding=\"async\" loading=\"lazy\" class=\"size-full wp-image-12760\" src=\"http:\/\/www.ivanabeaumond.com.br\/vestidos-noiva\/wp-content\/uploads\/2017\/06\/Acess\u00f3rios-Atelier-de-Noivas-Ivana-Beaumond-3-e1497372947461.jpg\" alt=\"Mantilha - Atelier de Noivas Ivana Beaumond\" width=\"748\" height=\"935\" \/><\/a><p id=\"caption-attachment-12760\" class=\"wp-caption-text\"><span style=\"color: #999999;\">Mantilha &#8211; Atelier de Noivas Ivana Beaumond<\/span><\/p><\/div>\n<div id=\"attachment_12761\" style=\"width: 758px\" class=\"wp-caption aligncenter\"><a href=\"http:\/\/www.ivanabeaumond.com.br\/vestidos-noiva\/wp-content\/uploads\/2017\/06\/Acess\u00f3rios-Atelier-de-Noivas-Ivana-Beaumond-4-e1497372960689.jpg\"><img aria-describedby=\"caption-attachment-12761\" decoding=\"async\" loading=\"lazy\" class=\"size-full wp-image-12761\" src=\"http:\/\/www.ivanabeaumond.com.br\/vestidos-noiva\/wp-content\/uploads\/2017\/06\/Acess\u00f3rios-Atelier-de-Noivas-Ivana-Beaumond-4-e1497372960689.jpg\" alt=\"Mantilha - Atelier de Noivas Ivana Beaumond\" width=\"748\" height=\"935\" \/><\/a><p id=\"caption-attachment-12761\" class=\"wp-caption-text\"><span style=\"color: #999999;\">Mantilha &#8211; Atelier de Noivas Ivana Beaumond<\/span><\/p><\/div>\n<div id=\"attachment_12763\" style=\"width: 660px\" class=\"wp-caption aligncenter\"><a href=\"http:\/\/www.ivanabeaumond.com.br\/vestidos-noiva\/wp-content\/uploads\/2017\/06\/Acess\u00f3rios-Atelier-de-Noivas-Ivana-Beaumond-15-e1497372643577.jpg\"><img aria-describedby=\"caption-attachment-12763\" decoding=\"async\" loading=\"lazy\" class=\"size-full wp-image-12763\" src=\"http:\/\/www.ivanabeaumond.com.br\/vestidos-noiva\/wp-content\/uploads\/2017\/06\/Acess\u00f3rios-Atelier-de-Noivas-Ivana-Beaumond-15-e1497372643577.jpg\" alt=\"Mantilha - Atelier de Noivas Ivana Beaumond\" width=\"650\" height=\"900\" \/><\/a><p id=\"caption-attachment-12763\" class=\"wp-caption-text\"><span style=\"color: #999999;\">Mantilha &#8211; Atelier de Noivas Ivana Beaumond<\/span><\/p><\/div>\n<div id=\"attachment_12762\" style=\"width: 657px\" class=\"wp-caption aligncenter\"><a href=\"http:\/\/www.ivanabeaumond.com.br\/vestidos-noiva\/wp-content\/uploads\/2017\/06\/Acess\u00f3rios-Atelier-de-Noivas-Ivana-Beaumond-14-e1497373494997.jpg\"><img aria-describedby=\"caption-attachment-12762\" decoding=\"async\" loading=\"lazy\" class=\"size-full wp-image-12762\" src=\"http:\/\/www.ivanabeaumond.com.br\/vestidos-noiva\/wp-content\/uploads\/2017\/06\/Acess\u00f3rios-Atelier-de-Noivas-Ivana-Beaumond-14-e1497373494997.jpg\" alt=\"V\u00e9u Curto - Atelier de Noivas Ivana Beaumond\" width=\"647\" height=\"900\" \/><\/a><p id=\"caption-attachment-12762\" class=\"wp-caption-text\"><span style=\"color: #999999;\">V\u00e9u Curto &#8211; Atelier de Noivas Ivana Beaumond<\/span><\/p><\/div>\n<div id=\"attachment_12764\" style=\"width: 758px\" class=\"wp-caption aligncenter\"><a href=\"http:\/\/www.ivanabeaumond.com.br\/vestidos-noiva\/wp-content\/uploads\/2017\/06\/Acess\u00f3rios-Atelier-de-Noivas-Ivana-Beaumond-16-e1497372660769.jpg\"><img aria-describedby=\"caption-attachment-12764\" decoding=\"async\" loading=\"lazy\" class=\"size-full wp-image-12764\" src=\"http:\/\/www.ivanabeaumond.com.br\/vestidos-noiva\/wp-content\/uploads\/2017\/06\/Acess\u00f3rios-Atelier-de-Noivas-Ivana-Beaumond-16-e1497372660769.jpg\" alt=\"Mantilha - Atelier de Noivas Ivana Beaumond\" width=\"748\" height=\"900\" \/><\/a><p id=\"caption-attachment-12764\" class=\"wp-caption-text\"><span style=\"color: #999999;\">Mantilha &#8211; Atelier de Noivas Ivana Beaumond<\/span><\/p><\/div>\n<h5 style=\"text-align: justify;\"><\/h5>\n<h5 style=\"text-align: justify;\"><span style=\"color: #999999;\"><em>\u00a0<\/em><\/span><\/h5>\n<h5 style=\"text-align: justify;\"><\/h5>\n<h5 style=\"text-align: justify;\"><\/h5>\n","protected":false},"excerpt":{"rendered":"<p>Se voc\u00ea foi , \u00e9 ou ser\u00e1 noiva, com certeza&#8230;<\/p>\n","protected":false},"author":4,"featured_media":12758,"comment_status":"open","ping_status":"open","sticky":false,"template":"","format":"standard","meta":[],"categories":[127],"tags":[131,133,96,137,162,103,136,164,165,138,115],"yoast_head":"<!-- This site is optimized with the Yoast SEO plugin v20.3 - https:\/\/yoast.com\/wordpress\/plugins\/seo\/ -->\n<title>D\u00favida entre V\u00e9u ou Mantilha? O Atelier Ivana Beaumond vai te ajudar! - Vestido de Noiva RJ<\/title>\n<meta name=\"robots\" content=\"index, follow, max-snippet:-1, max-image-preview:large, max-video-preview:-1\" \/>\n<link rel=\"canonical\" href=\"https:\/\/www.ivanabeaumond.com.br\/vestidos-noiva\/duvida-entre-veu-ou-mantilha-o-atelier-ivana-beaumond-vai-te-ajudar\/\" \/>\n<meta property=\"og:locale\" content=\"pt_BR\" \/>\n<meta property=\"og:type\" content=\"article\" \/>\n<meta property=\"og:title\" content=\"D\u00favida entre V\u00e9u ou Mantilha? O Atelier Ivana Beaumond vai te ajudar! - Vestido de Noiva RJ\" \/>\n<meta property=\"og:description\" content=\"Se voc\u00ea foi , \u00e9 ou ser\u00e1 noiva, com certeza...\" \/>\n<meta property=\"og:url\" content=\"https:\/\/www.ivanabeaumond.com.br\/vestidos-noiva\/duvida-entre-veu-ou-mantilha-o-atelier-ivana-beaumond-vai-te-ajudar\/\" \/>\n<meta property=\"og:site_name\" content=\"Vestido de Noiva RJ\" \/>\n<meta property=\"article:publisher\" content=\"https:\/\/www.facebook.com\/ivana.beaumondnoivas\" \/>\n<meta property=\"article:published_time\" content=\"2017-06-14T19:53:42+00:00\" \/>\n<meta property=\"article:modified_time\" content=\"2017-10-23T17:47:22+00:00\" \/>\n<meta property=\"og:image\" content=\"https:\/\/www.ivanabeaumond.com.br\/vestidos-noiva\/wp-content\/uploads\/2017\/06\/Acess\u00f3rios-Atelier-de-Noivas-Ivana-Beaumond-1-e1497385311835.jpg\" \/>\n\t<meta property=\"og:image:width\" content=\"748\" \/>\n\t<meta property=\"og:image:height\" content=\"935\" \/>\n\t<meta property=\"og:image:type\" content=\"image\/jpeg\" \/>\n<meta name=\"author\" content=\"Ivana Beaumond Paris\" \/>\n<meta name=\"twitter:card\" content=\"summary_large_image\" \/>\n<meta name=\"twitter:label1\" content=\"Escrito por\" \/>\n\t<meta name=\"twitter:data1\" content=\"Ivana Beaumond Paris\" \/>\n\t<meta name=\"twitter:label2\" content=\"Est. tempo de leitura\" \/>\n\t<meta name=\"twitter:data2\" content=\"2 minutos\" \/>\n<script type=\"application\/ld+json\" class=\"yoast-schema-graph\">{\"@context\":\"https:\/\/schema.org\",\"@graph\":[{\"@type\":\"Article\",\"@id\":\"https:\/\/www.ivanabeaumond.com.br\/vestidos-noiva\/duvida-entre-veu-ou-mantilha-o-atelier-ivana-beaumond-vai-te-ajudar\/#article\",\"isPartOf\":{\"@id\":\"https:\/\/www.ivanabeaumond.com.br\/vestidos-noiva\/duvida-entre-veu-ou-mantilha-o-atelier-ivana-beaumond-vai-te-ajudar\/\"},\"author\":{\"name\":\"Ivana Beaumond Paris\",\"@id\":\"https:\/\/www.ivanabeaumond.com.br\/vestidos-noiva\/#\/schema\/person\/1a360c4cffa3b806d29a456389dcff26\"},\"headline\":\"D\u00favida entre V\u00e9u ou Mantilha? O Atelier Ivana Beaumond vai te ajudar!\",\"datePublished\":\"2017-06-14T19:53:42+00:00\",\"dateModified\":\"2017-10-23T17:47:22+00:00\",\"mainEntityOfPage\":{\"@id\":\"https:\/\/www.ivanabeaumond.com.br\/vestidos-noiva\/duvida-entre-veu-ou-mantilha-o-atelier-ivana-beaumond-vai-te-ajudar\/\"},\"wordCount\":392,\"commentCount\":0,\"publisher\":{\"@id\":\"https:\/\/www.ivanabeaumond.com.br\/vestidos-noiva\/#organization\"},\"keywords\":[\"aluguel de roupas\",\"atelierivanabeaumond\",\"casamento\",\"convidadas\",\"festas\",\"madrinhas\",\"moda festa\",\"noivas\",\"padrinhos\",\"vestido de festa\",\"vestido de noiva\"],\"articleSection\":[\"Dicas e Truques\"],\"inLanguage\":\"pt-BR\",\"potentialAction\":[{\"@type\":\"CommentAction\",\"name\":\"Comment\",\"target\":[\"https:\/\/www.ivanabeaumond.com.br\/vestidos-noiva\/duvida-entre-veu-ou-mantilha-o-atelier-ivana-beaumond-vai-te-ajudar\/#respond\"]}]},{\"@type\":\"WebPage\",\"@id\":\"https:\/\/www.ivanabeaumond.com.br\/vestidos-noiva\/duvida-entre-veu-ou-mantilha-o-atelier-ivana-beaumond-vai-te-ajudar\/\",\"url\":\"https:\/\/www.ivanabeaumond.com.br\/vestidos-noiva\/duvida-entre-veu-ou-mantilha-o-atelier-ivana-beaumond-vai-te-ajudar\/\",\"name\":\"D\u00favida entre V\u00e9u ou Mantilha? O Atelier Ivana Beaumond vai te ajudar! - Vestido de Noiva RJ\",\"isPartOf\":{\"@id\":\"https:\/\/www.ivanabeaumond.com.br\/vestidos-noiva\/#website\"},\"datePublished\":\"2017-06-14T19:53:42+00:00\",\"dateModified\":\"2017-10-23T17:47:22+00:00\",\"breadcrumb\":{\"@id\":\"https:\/\/www.ivanabeaumond.com.br\/vestidos-noiva\/duvida-entre-veu-ou-mantilha-o-atelier-ivana-beaumond-vai-te-ajudar\/#breadcrumb\"},\"inLanguage\":\"pt-BR\",\"potentialAction\":[{\"@type\":\"ReadAction\",\"target\":[\"https:\/\/www.ivanabeaumond.com.br\/vestidos-noiva\/duvida-entre-veu-ou-mantilha-o-atelier-ivana-beaumond-vai-te-ajudar\/\"]}]},{\"@type\":\"BreadcrumbList\",\"@id\":\"https:\/\/www.ivanabeaumond.com.br\/vestidos-noiva\/duvida-entre-veu-ou-mantilha-o-atelier-ivana-beaumond-vai-te-ajudar\/#breadcrumb\",\"itemListElement\":[{\"@type\":\"ListItem\",\"position\":1,\"name\":\"In\u00edcio\",\"item\":\"https:\/\/www.ivanabeaumond.com.br\/vestidos-noiva\/\"},{\"@type\":\"ListItem\",\"position\":2,\"name\":\"D\u00favida entre V\u00e9u ou Mantilha? O Atelier Ivana Beaumond vai te ajudar!\"}]},{\"@type\":\"WebSite\",\"@id\":\"https:\/\/www.ivanabeaumond.com.br\/vestidos-noiva\/#website\",\"url\":\"https:\/\/www.ivanabeaumond.com.br\/vestidos-noiva\/\",\"name\":\"Vestido de Noiva RJ\",\"description\":\"Moda Noiva\",\"publisher\":{\"@id\":\"https:\/\/www.ivanabeaumond.com.br\/vestidos-noiva\/#organization\"},\"potentialAction\":[{\"@type\":\"SearchAction\",\"target\":{\"@type\":\"EntryPoint\",\"urlTemplate\":\"https:\/\/www.ivanabeaumond.com.br\/vestidos-noiva\/?s={search_term_string}\"},\"query-input\":\"required name=search_term_string\"}],\"inLanguage\":\"pt-BR\"},{\"@type\":\"Organization\",\"@id\":\"https:\/\/www.ivanabeaumond.com.br\/vestidos-noiva\/#organization\",\"name\":\"Vestido de Noiva RJ\",\"url\":\"https:\/\/www.ivanabeaumond.com.br\/vestidos-noiva\/\",\"logo\":{\"@type\":\"ImageObject\",\"inLanguage\":\"pt-BR\",\"@id\":\"https:\/\/www.ivanabeaumond.com.br\/vestidos-noiva\/#\/schema\/logo\/image\/\",\"url\":\"https:\/\/www.ivanabeaumond.com.br\/vestidos-noiva\/wp-content\/uploads\/2018\/02\/logo_ivana_beaumond-2.png\",\"contentUrl\":\"https:\/\/www.ivanabeaumond.com.br\/vestidos-noiva\/wp-content\/uploads\/2018\/02\/logo_ivana_beaumond-2.png\",\"width\":230,\"height\":112,\"caption\":\"Vestido de Noiva RJ\"},\"image\":{\"@id\":\"https:\/\/www.ivanabeaumond.com.br\/vestidos-noiva\/#\/schema\/logo\/image\/\"},\"sameAs\":[\"https:\/\/www.facebook.com\/ivana.beaumondnoivas\",\"https:\/\/www.instagram.com\/ivanabeaumond\/\",\"https:\/\/www.tiktok.com\/@ivanabeaumond\"]},{\"@type\":\"Person\",\"@id\":\"https:\/\/www.ivanabeaumond.com.br\/vestidos-noiva\/#\/schema\/person\/1a360c4cffa3b806d29a456389dcff26\",\"name\":\"Ivana Beaumond Paris\",\"image\":{\"@type\":\"ImageObject\",\"inLanguage\":\"pt-BR\",\"@id\":\"https:\/\/www.ivanabeaumond.com.br\/vestidos-noiva\/#\/schema\/person\/image\/\",\"url\":\"https:\/\/secure.gravatar.com\/avatar\/641f98db20b53ec937ceb641db4270b9?s=96&d=mm&r=g\",\"contentUrl\":\"https:\/\/secure.gravatar.com\/avatar\/641f98db20b53ec937ceb641db4270b9?s=96&d=mm&r=g\",\"caption\":\"Ivana Beaumond Paris\"},\"url\":\"https:\/\/www.ivanabeaumond.com.br\/vestidos-noiva\/author\/ivana\/\"}]}<\/script>\n<!-- \/ Yoast SEO plugin. -->","yoast_head_json":{"title":"D\u00favida entre V\u00e9u ou Mantilha? O Atelier Ivana Beaumond vai te ajudar! - Vestido de Noiva RJ","robots":{"index":"index","follow":"follow","max-snippet":"max-snippet:-1","max-image-preview":"max-image-preview:large","max-video-preview":"max-video-preview:-1"},"canonical":"https:\/\/www.ivanabeaumond.com.br\/vestidos-noiva\/duvida-entre-veu-ou-mantilha-o-atelier-ivana-beaumond-vai-te-ajudar\/","og_locale":"pt_BR","og_type":"article","og_title":"D\u00favida entre V\u00e9u ou Mantilha? O Atelier Ivana Beaumond vai te ajudar! - Vestido de Noiva RJ","og_description":"Se voc\u00ea foi , \u00e9 ou ser\u00e1 noiva, com certeza...","og_url":"https:\/\/www.ivanabeaumond.com.br\/vestidos-noiva\/duvida-entre-veu-ou-mantilha-o-atelier-ivana-beaumond-vai-te-ajudar\/","og_site_name":"Vestido de Noiva RJ","article_publisher":"https:\/\/www.facebook.com\/ivana.beaumondnoivas","article_published_time":"2017-06-14T19:53:42+00:00","article_modified_time":"2017-10-23T17:47:22+00:00","og_image":[{"width":748,"height":935,"url":"https:\/\/www.ivanabeaumond.com.br\/vestidos-noiva\/wp-content\/uploads\/2017\/06\/Acess\u00f3rios-Atelier-de-Noivas-Ivana-Beaumond-1-e1497385311835.jpg","type":"image\/jpeg"}],"author":"Ivana Beaumond Paris","twitter_card":"summary_large_image","twitter_misc":{"Escrito por":"Ivana Beaumond Paris","Est. tempo de leitura":"2 minutos"},"schema":{"@context":"https:\/\/schema.org","@graph":[{"@type":"Article","@id":"https:\/\/www.ivanabeaumond.com.br\/vestidos-noiva\/duvida-entre-veu-ou-mantilha-o-atelier-ivana-beaumond-vai-te-ajudar\/#article","isPartOf":{"@id":"https:\/\/www.ivanabeaumond.com.br\/vestidos-noiva\/duvida-entre-veu-ou-mantilha-o-atelier-ivana-beaumond-vai-te-ajudar\/"},"author":{"name":"Ivana Beaumond Paris","@id":"https:\/\/www.ivanabeaumond.com.br\/vestidos-noiva\/#\/schema\/person\/1a360c4cffa3b806d29a456389dcff26"},"headline":"D\u00favida entre V\u00e9u ou Mantilha? O Atelier Ivana Beaumond vai te ajudar!","datePublished":"2017-06-14T19:53:42+00:00","dateModified":"2017-10-23T17:47:22+00:00","mainEntityOfPage":{"@id":"https:\/\/www.ivanabeaumond.com.br\/vestidos-noiva\/duvida-entre-veu-ou-mantilha-o-atelier-ivana-beaumond-vai-te-ajudar\/"},"wordCount":392,"commentCount":0,"publisher":{"@id":"https:\/\/www.ivanabeaumond.com.br\/vestidos-noiva\/#organization"},"keywords":["aluguel de roupas","atelierivanabeaumond","casamento","convidadas","festas","madrinhas","moda festa","noivas","padrinhos","vestido de festa","vestido de noiva"],"articleSection":["Dicas e Truques"],"inLanguage":"pt-BR","potentialAction":[{"@type":"CommentAction","name":"Comment","target":["https:\/\/www.ivanabeaumond.com.br\/vestidos-noiva\/duvida-entre-veu-ou-mantilha-o-atelier-ivana-beaumond-vai-te-ajudar\/#respond"]}]},{"@type":"WebPage","@id":"https:\/\/www.ivanabeaumond.com.br\/vestidos-noiva\/duvida-entre-veu-ou-mantilha-o-atelier-ivana-beaumond-vai-te-ajudar\/","url":"https:\/\/www.ivanabeaumond.com.br\/vestidos-noiva\/duvida-entre-veu-ou-mantilha-o-atelier-ivana-beaumond-vai-te-ajudar\/","name":"D\u00favida entre V\u00e9u ou Mantilha? O Atelier Ivana Beaumond vai te ajudar! - Vestido de Noiva RJ","isPartOf":{"@id":"https:\/\/www.ivanabeaumond.com.br\/vestidos-noiva\/#website"},"datePublished":"2017-06-14T19:53:42+00:00","dateModified":"2017-10-23T17:47:22+00:00","breadcrumb":{"@id":"https:\/\/www.ivanabeaumond.com.br\/vestidos-noiva\/duvida-entre-veu-ou-mantilha-o-atelier-ivana-beaumond-vai-te-ajudar\/#breadcrumb"},"inLanguage":"pt-BR","potentialAction":[{"@type":"ReadAction","target":["https:\/\/www.ivanabeaumond.com.br\/vestidos-noiva\/duvida-entre-veu-ou-mantilha-o-atelier-ivana-beaumond-vai-te-ajudar\/"]}]},{"@type":"BreadcrumbList","@id":"https:\/\/www.ivanabeaumond.com.br\/vestidos-noiva\/duvida-entre-veu-ou-mantilha-o-atelier-ivana-beaumond-vai-te-ajudar\/#breadcrumb","itemListElement":[{"@type":"ListItem","position":1,"name":"In\u00edcio","item":"https:\/\/www.ivanabeaumond.com.br\/vestidos-noiva\/"},{"@type":"ListItem","position":2,"name":"D\u00favida entre V\u00e9u ou Mantilha? O Atelier Ivana Beaumond vai te ajudar!"}]},{"@type":"WebSite","@id":"https:\/\/www.ivanabeaumond.com.br\/vestidos-noiva\/#website","url":"https:\/\/www.ivanabeaumond.com.br\/vestidos-noiva\/","name":"Vestido de Noiva RJ","description":"Moda Noiva","publisher":{"@id":"https:\/\/www.ivanabeaumond.com.br\/vestidos-noiva\/#organization"},"potentialAction":[{"@type":"SearchAction","target":{"@type":"EntryPoint","urlTemplate":"https:\/\/www.ivanabeaumond.com.br\/vestidos-noiva\/?s={search_term_string}"},"query-input":"required name=search_term_string"}],"inLanguage":"pt-BR"},{"@type":"Organization","@id":"https:\/\/www.ivanabeaumond.com.br\/vestidos-noiva\/#organization","name":"Vestido de Noiva RJ","url":"https:\/\/www.ivanabeaumond.com.br\/vestidos-noiva\/","logo":{"@type":"ImageObject","inLanguage":"pt-BR","@id":"https:\/\/www.ivanabeaumond.com.br\/vestidos-noiva\/#\/schema\/logo\/image\/","url":"https:\/\/www.ivanabeaumond.com.br\/vestidos-noiva\/wp-content\/uploads\/2018\/02\/logo_ivana_beaumond-2.png","contentUrl":"https:\/\/www.ivanabeaumond.com.br\/vestidos-noiva\/wp-content\/uploads\/2018\/02\/logo_ivana_beaumond-2.png","width":230,"height":112,"caption":"Vestido de Noiva RJ"},"image":{"@id":"https:\/\/www.ivanabeaumond.com.br\/vestidos-noiva\/#\/schema\/logo\/image\/"},"sameAs":["https:\/\/www.facebook.com\/ivana.beaumondnoivas","https:\/\/www.instagram.com\/ivanabeaumond\/","https:\/\/www.tiktok.com\/@ivanabeaumond"]},{"@type":"Person","@id":"https:\/\/www.ivanabeaumond.com.br\/vestidos-noiva\/#\/schema\/person\/1a360c4cffa3b806d29a456389dcff26","name":"Ivana Beaumond Paris","image":{"@type":"ImageObject","inLanguage":"pt-BR","@id":"https:\/\/www.ivanabeaumond.com.br\/vestidos-noiva\/#\/schema\/person\/image\/","url":"https:\/\/secure.gravatar.com\/avatar\/641f98db20b53ec937ceb641db4270b9?s=96&d=mm&r=g","contentUrl":"https:\/\/secure.gravatar.com\/avatar\/641f98db20b53ec937ceb641db4270b9?s=96&d=mm&r=g","caption":"Ivana Beaumond Paris"},"url":"https:\/\/www.ivanabeaumond.com.br\/vestidos-noiva\/author\/ivana\/"}]}},"_links":{"self":[{"href":"https:\/\/www.ivanabeaumond.com.br\/vestidos-noiva\/wp-json\/wp\/v2\/posts\/12757"}],"collection":[{"href":"https:\/\/www.ivanabeaumond.com.br\/vestidos-noiva\/wp-json\/wp\/v2\/posts"}],"about":[{"href":"https:\/\/www.ivanabeaumond.com.br\/vestidos-noiva\/wp-json\/wp\/v2\/types\/post"}],"author":[{"embeddable":true,"href":"https:\/\/www.ivanabeaumond.com.br\/vestidos-noiva\/wp-json\/wp\/v2\/users\/4"}],"replies":[{"embeddable":true,"href":"https:\/\/www.ivanabeaumond.com.br\/vestidos-noiva\/wp-json\/wp\/v2\/comments?post=12757"}],"version-history":[{"count":13,"href":"https:\/\/www.ivanabeaumond.com.br\/vestidos-noiva\/wp-json\/wp\/v2\/posts\/12757\/revisions"}],"predecessor-version":[{"id":12779,"href":"https:\/\/www.ivanabeaumond.com.br\/vestidos-noiva\/wp-json\/wp\/v2\/posts\/12757\/revisions\/12779"}],"wp:featuredmedia":[{"embeddable":true,"href":"https:\/\/www.ivanabeaumond.com.br\/vestidos-noiva\/wp-json\/wp\/v2\/media\/12758"}],"wp:attachment":[{"href":"https:\/\/www.ivanabeaumond.com.br\/vestidos-noiva\/wp-json\/wp\/v2\/media?parent=12757"}],"wp:term":[{"taxonomy":"category","embeddable":true,"href":"https:\/\/www.ivanabeaumond.com.br\/vestidos-noiva\/wp-json\/wp\/v2\/categories?post=12757"},{"taxonomy":"post_tag","embeddable":true,"href":"https:\/\/www.ivanabeaumond.com.br\/vestidos-noiva\/wp-json\/wp\/v2\/tags?post=12757"}],"curies":[{"name":"wp","href":"https:\/\/api.w.org\/{rel}","templated":true}]}}