{"id":12813,"date":"2017-06-21T23:45:42","date_gmt":"2017-06-22T02:45:42","guid":{"rendered":"http:\/\/www.ivanabeaumond.com.br\/vestidos-noiva\/?p=12813"},"modified":"2017-10-23T15:46:14","modified_gmt":"2017-10-23T17:46:14","slug":"em-breve-colecao-2018-no-atelier-ivana-beaumond","status":"publish","type":"post","link":"https:\/\/www.ivanabeaumond.com.br\/vestidos-noiva\/em-breve-colecao-2018-no-atelier-ivana-beaumond\/","title":{"rendered":"Em Breve Cole\u00e7\u00e3o 2018 no Atelier Ivana Beaumond"},"content":{"rendered":"<h5 style=\"text-align: justify;\"><span style=\"color: #999999;\"><em>A cole\u00e7\u00e3o 2018 do Atelier Ivana Beaumond est\u00e1 maravilhosa. Em breve chegar\u00e3o nas duas unidades modelos exclusivos. Em especial, da estilista queridinha das noivas de todo o mundo, a espanhola Rosa Clar\u00e1.\u00a0<\/em><em>Os vestidos fazem parte de um processo de cria\u00e7\u00e3o intenso, onde re\u00fanem as mais belas rendas, os melhores tecidos e aviamentos. Podemos notar, a modelagem perfeita e o caimento impec\u00e1vel dos wedding dress , escolhidos \u00e0 dedo, por nossa estilista Ivana Beaumond, que estar\u00e3o dispon\u00edveis no atelier.\u00a0<\/em><\/span><em><span style=\"color: #999999;\">Representamos as marcas mais especiais e dedicadas ao mundo nupcial, que fazem de cada vestido, a hist\u00f3ria de uma noiva \u00a0feliz e realizada.\u00a0<\/span><\/em><span style=\"color: #999999;\"><em>Nessa nova cole\u00e7\u00e3o, vamos encontrar muitas rendas francesas, nos estilos Soutache e Arabescos. A renda com Soutache \u00e9 muito tradicional e duplamente rica em detalhes, pois \u00e9 bordada duas vezes, acompanhando cada formato do desenho, fazendo com que o &#8216;Soutache&#8217; fique em alto relevo, dando um efeito 3D na renda.\u00a0<\/em><em>J\u00e1 a renda Arabescos, \u00e9 uma renda mais moderna e muito procurada hoje em dia, tanto pelas noivas, quanto pelas m\u00e3es e madrinhas. Seu efeito aplica\u00e7\u00e3o, faz com que o vestido se torne ainda mais especial e sofisticado.\u00a0<\/em><em>Nesta nova cole\u00e7\u00e3o, tamb\u00e9m encontraremos vestidos para Mini Wedding, Boho Chic Wedding , entre outros. Esse estilo Boho e as tend\u00eancias hippie chic est\u00e3o cada vez mais presentes nos casamentos cariocas, com muito verde, folhagem, detalhes r\u00fasticos e o p\u00f4r do sol como atra\u00e7\u00e3o principal.\u00a0<\/em><em>Para as noivas mais tradicionais, a 2018 Collection vem recheada de coisas boas, como saiotes de tule, zibeline, cetim paris e decotes de impressionar. Esses tecidos s\u00e3o cl\u00e1ssicos, traduzem o modelo tradicional e \u00e9 bastante encontrado nas famosas Igrejas do Rio de Janeiro.<\/em><\/span><\/h5>\n<p>&nbsp;<\/p>\n<h5 style=\"text-align: justify;\"><span style=\"color: #999999;\"><em>Confira abaixo, algumas fotos exclusivas da Cole\u00e7\u00e3o Ivana Beaumond by Aire Barcelona Rosa Clar\u00e1<\/em><\/span><\/h5>\n<div id=\"attachment_12823\" style=\"width: 713px\" class=\"wp-caption aligncenter\"><a href=\"http:\/\/www.ivanabeaumond.com.br\/vestidos-noiva\/wp-content\/uploads\/2017\/06\/Cole\u00e7\u00e3o-2018-Vestidos-de-Noivas-Atelier-Ivana-Beaumond-1K129_1_WELTER.jpg\"><img aria-describedby=\"caption-attachment-12823\" decoding=\"async\" loading=\"lazy\" class=\"size-full wp-image-12823\" src=\"http:\/\/www.ivanabeaumond.com.br\/vestidos-noiva\/wp-content\/uploads\/2017\/06\/Cole\u00e7\u00e3o-2018-Vestidos-de-Noivas-Atelier-Ivana-Beaumond-1K129_1_WELTER.jpg\" alt=\"Cole\u00e7\u00e3o 2018 - Vestidos de Noivas Atelier Ivana Beaumond\" width=\"703\" height=\"907\" srcset=\"https:\/\/www.ivanabeaumond.com.br\/vestidos-noiva\/wp-content\/uploads\/2017\/06\/Cole\u00e7\u00e3o-2018-Vestidos-de-Noivas-Atelier-Ivana-Beaumond-1K129_1_WELTER.jpg 703w, https:\/\/www.ivanabeaumond.com.br\/vestidos-noiva\/wp-content\/uploads\/2017\/06\/Cole\u00e7\u00e3o-2018-Vestidos-de-Noivas-Atelier-Ivana-Beaumond-1K129_1_WELTER-233x300.jpg 233w\" sizes=\"(max-width: 703px) 100vw, 703px\" \/><\/a><p id=\"caption-attachment-12823\" class=\"wp-caption-text\"><span style=\"color: #999999;\">Cole\u00e7\u00e3o 2018 &#8211; Vestidos de Noivas Atelier Ivana Beaumond<\/span><\/p><\/div>\n<div id=\"attachment_12822\" style=\"width: 713px\" class=\"wp-caption aligncenter\"><a href=\"http:\/\/www.ivanabeaumond.com.br\/vestidos-noiva\/wp-content\/uploads\/2017\/06\/Cole\u00e7\u00e3o-2018-Vestidos-de-Noivas-Atelier-Ivana-Beaumond-1K112_1_WANKA.jpg\"><img aria-describedby=\"caption-attachment-12822\" decoding=\"async\" loading=\"lazy\" class=\"size-full wp-image-12822\" src=\"http:\/\/www.ivanabeaumond.com.br\/vestidos-noiva\/wp-content\/uploads\/2017\/06\/Cole\u00e7\u00e3o-2018-Vestidos-de-Noivas-Atelier-Ivana-Beaumond-1K112_1_WANKA.jpg\" alt=\"Cole\u00e7\u00e3o 2018 - Vestidos de Noivas Atelier Ivana Beaumond\" width=\"703\" height=\"907\" srcset=\"https:\/\/www.ivanabeaumond.com.br\/vestidos-noiva\/wp-content\/uploads\/2017\/06\/Cole\u00e7\u00e3o-2018-Vestidos-de-Noivas-Atelier-Ivana-Beaumond-1K112_1_WANKA.jpg 703w, https:\/\/www.ivanabeaumond.com.br\/vestidos-noiva\/wp-content\/uploads\/2017\/06\/Cole\u00e7\u00e3o-2018-Vestidos-de-Noivas-Atelier-Ivana-Beaumond-1K112_1_WANKA-233x300.jpg 233w\" sizes=\"(max-width: 703px) 100vw, 703px\" \/><\/a><p id=\"caption-attachment-12822\" class=\"wp-caption-text\"><span style=\"color: #999999;\">Cole\u00e7\u00e3o 2018 &#8211; Vestidos de Noivas Atelier Ivana Beaumond<\/span><\/p><\/div>\n<div id=\"attachment_12820\" style=\"width: 713px\" class=\"wp-caption aligncenter\"><a href=\"http:\/\/www.ivanabeaumond.com.br\/vestidos-noiva\/wp-content\/uploads\/2017\/06\/Cole\u00e7\u00e3o-2018-Vestidos-de-Noivas-Atelier-Ivana-Beaumond-1A236_2_OHIO.jpg\"><img aria-describedby=\"caption-attachment-12820\" decoding=\"async\" loading=\"lazy\" class=\"size-full wp-image-12820\" src=\"http:\/\/www.ivanabeaumond.com.br\/vestidos-noiva\/wp-content\/uploads\/2017\/06\/Cole\u00e7\u00e3o-2018-Vestidos-de-Noivas-Atelier-Ivana-Beaumond-1A236_2_OHIO.jpg\" alt=\"Cole\u00e7\u00e3o 2018 - Vestidos de Noivas Atelier Ivana Beaumond\" width=\"703\" height=\"907\" srcset=\"https:\/\/www.ivanabeaumond.com.br\/vestidos-noiva\/wp-content\/uploads\/2017\/06\/Cole\u00e7\u00e3o-2018-Vestidos-de-Noivas-Atelier-Ivana-Beaumond-1A236_2_OHIO.jpg 703w, https:\/\/www.ivanabeaumond.com.br\/vestidos-noiva\/wp-content\/uploads\/2017\/06\/Cole\u00e7\u00e3o-2018-Vestidos-de-Noivas-Atelier-Ivana-Beaumond-1A236_2_OHIO-233x300.jpg 233w\" sizes=\"(max-width: 703px) 100vw, 703px\" \/><\/a><p id=\"caption-attachment-12820\" class=\"wp-caption-text\"><span style=\"color: #999999;\">Cole\u00e7\u00e3o 2018 &#8211; Vestidos de Noivas Atelier Ivana Beaumond<\/span><\/p><\/div>\n<div id=\"attachment_12817\" style=\"width: 713px\" class=\"wp-caption aligncenter\"><a href=\"http:\/\/www.ivanabeaumond.com.br\/vestidos-noiva\/wp-content\/uploads\/2017\/06\/Cole\u00e7\u00e3o-2018-Vestidos-de-Noivas-Atelier-Ivana-Beaumond-1A131_3_ODRIN.jpg\"><img aria-describedby=\"caption-attachment-12817\" decoding=\"async\" loading=\"lazy\" class=\"size-full wp-image-12817\" src=\"http:\/\/www.ivanabeaumond.com.br\/vestidos-noiva\/wp-content\/uploads\/2017\/06\/Cole\u00e7\u00e3o-2018-Vestidos-de-Noivas-Atelier-Ivana-Beaumond-1A131_3_ODRIN.jpg\" alt=\"Cole\u00e7\u00e3o 2018 - Vestidos de Noivas Atelier Ivana Beaumond\" width=\"703\" height=\"907\" srcset=\"https:\/\/www.ivanabeaumond.com.br\/vestidos-noiva\/wp-content\/uploads\/2017\/06\/Cole\u00e7\u00e3o-2018-Vestidos-de-Noivas-Atelier-Ivana-Beaumond-1A131_3_ODRIN.jpg 703w, https:\/\/www.ivanabeaumond.com.br\/vestidos-noiva\/wp-content\/uploads\/2017\/06\/Cole\u00e7\u00e3o-2018-Vestidos-de-Noivas-Atelier-Ivana-Beaumond-1A131_3_ODRIN-233x300.jpg 233w\" sizes=\"(max-width: 703px) 100vw, 703px\" \/><\/a><p id=\"caption-attachment-12817\" class=\"wp-caption-text\"><span style=\"color: #999999;\">Cole\u00e7\u00e3o 2018 &#8211; Vestidos de Noivas Atelier Ivana Beaumond<\/span><\/p><\/div>\n<div id=\"attachment_12815\" style=\"width: 713px\" class=\"wp-caption aligncenter\"><a href=\"http:\/\/www.ivanabeaumond.com.br\/vestidos-noiva\/wp-content\/uploads\/2017\/06\/Cole\u00e7\u00e3o-2018-Vestidos-de-Noivas-Atelier-Ivana-Beaumond-1A113_2_OCEANIA.jpg\"><img aria-describedby=\"caption-attachment-12815\" decoding=\"async\" loading=\"lazy\" class=\"size-full wp-image-12815\" src=\"http:\/\/www.ivanabeaumond.com.br\/vestidos-noiva\/wp-content\/uploads\/2017\/06\/Cole\u00e7\u00e3o-2018-Vestidos-de-Noivas-Atelier-Ivana-Beaumond-1A113_2_OCEANIA.jpg\" alt=\"Cole\u00e7\u00e3o 2018 - Vestidos de Noivas Atelier Ivana Beaumond\" width=\"703\" height=\"907\" srcset=\"https:\/\/www.ivanabeaumond.com.br\/vestidos-noiva\/wp-content\/uploads\/2017\/06\/Cole\u00e7\u00e3o-2018-Vestidos-de-Noivas-Atelier-Ivana-Beaumond-1A113_2_OCEANIA.jpg 703w, https:\/\/www.ivanabeaumond.com.br\/vestidos-noiva\/wp-content\/uploads\/2017\/06\/Cole\u00e7\u00e3o-2018-Vestidos-de-Noivas-Atelier-Ivana-Beaumond-1A113_2_OCEANIA-233x300.jpg 233w\" sizes=\"(max-width: 703px) 100vw, 703px\" \/><\/a><p id=\"caption-attachment-12815\" class=\"wp-caption-text\"><span style=\"color: #999999;\">Cole\u00e7\u00e3o 2018 &#8211; Vestidos de Noivas Atelier Ivana Beaumond<\/span><\/p><\/div>\n<div id=\"attachment_12819\" style=\"width: 713px\" class=\"wp-caption aligncenter\"><a href=\"http:\/\/www.ivanabeaumond.com.br\/vestidos-noiva\/wp-content\/uploads\/2017\/06\/Cole\u00e7\u00e3o-2018-Vestidos-de-Noivas-Atelier-Ivana-Beaumond-1A159_1_OMAHA.jpg\"><img aria-describedby=\"caption-attachment-12819\" decoding=\"async\" loading=\"lazy\" class=\"size-full wp-image-12819\" src=\"http:\/\/www.ivanabeaumond.com.br\/vestidos-noiva\/wp-content\/uploads\/2017\/06\/Cole\u00e7\u00e3o-2018-Vestidos-de-Noivas-Atelier-Ivana-Beaumond-1A159_1_OMAHA.jpg\" alt=\"Cole\u00e7\u00e3o 2018 - Vestidos de Noivas Atelier Ivana Beaumond\" width=\"703\" height=\"907\" srcset=\"https:\/\/www.ivanabeaumond.com.br\/vestidos-noiva\/wp-content\/uploads\/2017\/06\/Cole\u00e7\u00e3o-2018-Vestidos-de-Noivas-Atelier-Ivana-Beaumond-1A159_1_OMAHA.jpg 703w, https:\/\/www.ivanabeaumond.com.br\/vestidos-noiva\/wp-content\/uploads\/2017\/06\/Cole\u00e7\u00e3o-2018-Vestidos-de-Noivas-Atelier-Ivana-Beaumond-1A159_1_OMAHA-233x300.jpg 233w\" sizes=\"(max-width: 703px) 100vw, 703px\" \/><\/a><p id=\"caption-attachment-12819\" class=\"wp-caption-text\"><span style=\"color: #999999;\">Cole\u00e7\u00e3o 2018 &#8211; Vestidos de Noivas Atelier Ivana Beaumond<\/span><\/p><\/div>\n<div id=\"attachment_12821\" style=\"width: 713px\" class=\"wp-caption aligncenter\"><a href=\"http:\/\/www.ivanabeaumond.com.br\/vestidos-noiva\/wp-content\/uploads\/2017\/06\/Cole\u00e7\u00e3o-2018-Vestidos-de-Noivas-Atelier-Ivana-Beaumond-1A272_2_ONIX.jpg\"><img aria-describedby=\"caption-attachment-12821\" decoding=\"async\" loading=\"lazy\" class=\"size-full wp-image-12821\" src=\"http:\/\/www.ivanabeaumond.com.br\/vestidos-noiva\/wp-content\/uploads\/2017\/06\/Cole\u00e7\u00e3o-2018-Vestidos-de-Noivas-Atelier-Ivana-Beaumond-1A272_2_ONIX.jpg\" alt=\"Cole\u00e7\u00e3o 2018 - Vestidos de Noivas Atelier Ivana Beaumond\" width=\"703\" height=\"907\" srcset=\"https:\/\/www.ivanabeaumond.com.br\/vestidos-noiva\/wp-content\/uploads\/2017\/06\/Cole\u00e7\u00e3o-2018-Vestidos-de-Noivas-Atelier-Ivana-Beaumond-1A272_2_ONIX.jpg 703w, https:\/\/www.ivanabeaumond.com.br\/vestidos-noiva\/wp-content\/uploads\/2017\/06\/Cole\u00e7\u00e3o-2018-Vestidos-de-Noivas-Atelier-Ivana-Beaumond-1A272_2_ONIX-233x300.jpg 233w\" sizes=\"(max-width: 703px) 100vw, 703px\" \/><\/a><p id=\"caption-attachment-12821\" class=\"wp-caption-text\"><span style=\"color: #999999;\">Cole\u00e7\u00e3o 2018 &#8211; Vestidos de Noivas Atelier Ivana Beaumond<\/span><\/p><\/div>\n<div id=\"attachment_12818\" style=\"width: 713px\" class=\"wp-caption aligncenter\"><a href=\"http:\/\/www.ivanabeaumond.com.br\/vestidos-noiva\/wp-content\/uploads\/2017\/06\/Cole\u00e7\u00e3o-2018-Vestidos-de-Noivas-Atelier-Ivana-Beaumond-1A142_3_OLBIA.jpg\"><img aria-describedby=\"caption-attachment-12818\" decoding=\"async\" loading=\"lazy\" class=\"size-full wp-image-12818\" src=\"http:\/\/www.ivanabeaumond.com.br\/vestidos-noiva\/wp-content\/uploads\/2017\/06\/Cole\u00e7\u00e3o-2018-Vestidos-de-Noivas-Atelier-Ivana-Beaumond-1A142_3_OLBIA.jpg\" alt=\"Cole\u00e7\u00e3o 2018 - Vestidos de Noivas Atelier Ivana Beaumond\" width=\"703\" height=\"907\" srcset=\"https:\/\/www.ivanabeaumond.com.br\/vestidos-noiva\/wp-content\/uploads\/2017\/06\/Cole\u00e7\u00e3o-2018-Vestidos-de-Noivas-Atelier-Ivana-Beaumond-1A142_3_OLBIA.jpg 703w, https:\/\/www.ivanabeaumond.com.br\/vestidos-noiva\/wp-content\/uploads\/2017\/06\/Cole\u00e7\u00e3o-2018-Vestidos-de-Noivas-Atelier-Ivana-Beaumond-1A142_3_OLBIA-233x300.jpg 233w\" sizes=\"(max-width: 703px) 100vw, 703px\" \/><\/a><p id=\"caption-attachment-12818\" class=\"wp-caption-text\"><span style=\"color: #999999;\">Cole\u00e7\u00e3o 2018 &#8211; Vestidos de Noivas Atelier Ivana Beaumond<\/span><\/p><\/div>\n<div id=\"attachment_12816\" style=\"width: 713px\" class=\"wp-caption aligncenter\"><a href=\"http:\/\/www.ivanabeaumond.com.br\/vestidos-noiva\/wp-content\/uploads\/2017\/06\/Cole\u00e7\u00e3o-2018-Vestidos-de-Noivas-Atelier-Ivana-Beaumond-1A120_3_OCTOPUS.jpg\"><img aria-describedby=\"caption-attachment-12816\" decoding=\"async\" loading=\"lazy\" class=\"size-full wp-image-12816\" src=\"http:\/\/www.ivanabeaumond.com.br\/vestidos-noiva\/wp-content\/uploads\/2017\/06\/Cole\u00e7\u00e3o-2018-Vestidos-de-Noivas-Atelier-Ivana-Beaumond-1A120_3_OCTOPUS.jpg\" alt=\"Cole\u00e7\u00e3o 2018 - Vestidos de Noivas Atelier Ivana Beaumond\" width=\"703\" height=\"907\" srcset=\"https:\/\/www.ivanabeaumond.com.br\/vestidos-noiva\/wp-content\/uploads\/2017\/06\/Cole\u00e7\u00e3o-2018-Vestidos-de-Noivas-Atelier-Ivana-Beaumond-1A120_3_OCTOPUS.jpg 703w, https:\/\/www.ivanabeaumond.com.br\/vestidos-noiva\/wp-content\/uploads\/2017\/06\/Cole\u00e7\u00e3o-2018-Vestidos-de-Noivas-Atelier-Ivana-Beaumond-1A120_3_OCTOPUS-233x300.jpg 233w\" sizes=\"(max-width: 703px) 100vw, 703px\" \/><\/a><p id=\"caption-attachment-12816\" class=\"wp-caption-text\"><span style=\"color: #999999;\">Cole\u00e7\u00e3o 2018 &#8211; Vestidos de Noivas Atelier Ivana Beaumond<\/span><\/p><\/div>\n<div id=\"attachment_12814\" style=\"width: 713px\" class=\"wp-caption aligncenter\"><a href=\"http:\/\/www.ivanabeaumond.com.br\/vestidos-noiva\/wp-content\/uploads\/2017\/06\/Cole\u00e7\u00e3o-2018-Vestidos-de-Noivas-Atelier-Ivana-Beaumond-1A2A5_3_ORIENTAL.jpg\"><img aria-describedby=\"caption-attachment-12814\" decoding=\"async\" loading=\"lazy\" class=\"size-full wp-image-12814\" src=\"http:\/\/www.ivanabeaumond.com.br\/vestidos-noiva\/wp-content\/uploads\/2017\/06\/Cole\u00e7\u00e3o-2018-Vestidos-de-Noivas-Atelier-Ivana-Beaumond-1A2A5_3_ORIENTAL.jpg\" alt=\"Cole\u00e7\u00e3o 2018 - Vestidos de Noivas Atelier Ivana Beaumond\" width=\"703\" height=\"907\" srcset=\"https:\/\/www.ivanabeaumond.com.br\/vestidos-noiva\/wp-content\/uploads\/2017\/06\/Cole\u00e7\u00e3o-2018-Vestidos-de-Noivas-Atelier-Ivana-Beaumond-1A2A5_3_ORIENTAL.jpg 703w, https:\/\/www.ivanabeaumond.com.br\/vestidos-noiva\/wp-content\/uploads\/2017\/06\/Cole\u00e7\u00e3o-2018-Vestidos-de-Noivas-Atelier-Ivana-Beaumond-1A2A5_3_ORIENTAL-233x300.jpg 233w\" sizes=\"(max-width: 703px) 100vw, 703px\" \/><\/a><p id=\"caption-attachment-12814\" class=\"wp-caption-text\"><span style=\"color: #999999;\">Cole\u00e7\u00e3o 2018 &#8211; Vestidos de Noivas Atelier Ivana Beaumond<\/span><\/p><\/div>\n<h5 style=\"text-align: justify;\"><span style=\"color: #999999;\"><em>!<\/em><\/span><\/h5>\n<h5 style=\"text-align: justify;\"><\/h5>\n","protected":false},"excerpt":{"rendered":"<p>A cole\u00e7\u00e3o 2018 do Atelier Ivana Beaumond est\u00e1 maravilhosa. Em&#8230;<\/p>\n","protected":false},"author":4,"featured_media":12825,"comment_status":"open","ping_status":"open","sticky":false,"template":"","format":"standard","meta":[],"categories":[128],"tags":[131,133,96,137,162,103,136,164,165,138,115],"yoast_head":"<!-- This site is optimized with the Yoast SEO plugin v20.3 - https:\/\/yoast.com\/wordpress\/plugins\/seo\/ -->\n<title>Em Breve Cole\u00e7\u00e3o 2018 no Atelier Ivana Beaumond - Vestido de Noiva RJ<\/title>\n<meta name=\"robots\" content=\"index, follow, max-snippet:-1, max-image-preview:large, max-video-preview:-1\" \/>\n<link rel=\"canonical\" href=\"https:\/\/www.ivanabeaumond.com.br\/vestidos-noiva\/em-breve-colecao-2018-no-atelier-ivana-beaumond\/\" \/>\n<meta property=\"og:locale\" content=\"pt_BR\" \/>\n<meta property=\"og:type\" content=\"article\" \/>\n<meta property=\"og:title\" content=\"Em Breve Cole\u00e7\u00e3o 2018 no Atelier Ivana Beaumond - Vestido de Noiva RJ\" \/>\n<meta property=\"og:description\" content=\"A cole\u00e7\u00e3o 2018 do Atelier Ivana Beaumond est\u00e1 maravilhosa. Em...\" \/>\n<meta property=\"og:url\" content=\"https:\/\/www.ivanabeaumond.com.br\/vestidos-noiva\/em-breve-colecao-2018-no-atelier-ivana-beaumond\/\" \/>\n<meta property=\"og:site_name\" content=\"Vestido de Noiva RJ\" \/>\n<meta property=\"article:publisher\" content=\"https:\/\/www.facebook.com\/ivana.beaumondnoivas\" \/>\n<meta property=\"article:published_time\" content=\"2017-06-22T02:45:42+00:00\" \/>\n<meta property=\"article:modified_time\" content=\"2017-10-23T17:46:14+00:00\" \/>\n<meta property=\"og:image\" content=\"https:\/\/www.ivanabeaumond.com.br\/vestidos-noiva\/wp-content\/uploads\/2017\/06\/Cole\u00e7\u00e3o-2018-Vestidos-de-Noivas-Atelier-Ivana-Beaumond1A236_3_OHIO.jpg\" \/>\n\t<meta property=\"og:image:width\" content=\"703\" \/>\n\t<meta property=\"og:image:height\" content=\"907\" \/>\n\t<meta property=\"og:image:type\" content=\"image\/jpeg\" \/>\n<meta name=\"author\" content=\"Ivana Beaumond Paris\" \/>\n<meta name=\"twitter:card\" content=\"summary_large_image\" \/>\n<meta name=\"twitter:label1\" content=\"Escrito por\" \/>\n\t<meta name=\"twitter:data1\" content=\"Ivana Beaumond Paris\" \/>\n\t<meta name=\"twitter:label2\" content=\"Est. tempo de leitura\" \/>\n\t<meta name=\"twitter:data2\" content=\"2 minutos\" \/>\n<script type=\"application\/ld+json\" class=\"yoast-schema-graph\">{\"@context\":\"https:\/\/schema.org\",\"@graph\":[{\"@type\":\"Article\",\"@id\":\"https:\/\/www.ivanabeaumond.com.br\/vestidos-noiva\/em-breve-colecao-2018-no-atelier-ivana-beaumond\/#article\",\"isPartOf\":{\"@id\":\"https:\/\/www.ivanabeaumond.com.br\/vestidos-noiva\/em-breve-colecao-2018-no-atelier-ivana-beaumond\/\"},\"author\":{\"name\":\"Ivana Beaumond Paris\",\"@id\":\"https:\/\/www.ivanabeaumond.com.br\/vestidos-noiva\/#\/schema\/person\/1a360c4cffa3b806d29a456389dcff26\"},\"headline\":\"Em Breve Cole\u00e7\u00e3o 2018 no Atelier Ivana Beaumond\",\"datePublished\":\"2017-06-22T02:45:42+00:00\",\"dateModified\":\"2017-10-23T17:46:14+00:00\",\"mainEntityOfPage\":{\"@id\":\"https:\/\/www.ivanabeaumond.com.br\/vestidos-noiva\/em-breve-colecao-2018-no-atelier-ivana-beaumond\/\"},\"wordCount\":473,\"commentCount\":0,\"publisher\":{\"@id\":\"https:\/\/www.ivanabeaumond.com.br\/vestidos-noiva\/#organization\"},\"keywords\":[\"aluguel de roupas\",\"atelierivanabeaumond\",\"casamento\",\"convidadas\",\"festas\",\"madrinhas\",\"moda festa\",\"noivas\",\"padrinhos\",\"vestido de festa\",\"vestido de noiva\"],\"articleSection\":[\"Na M\u00eddia\"],\"inLanguage\":\"pt-BR\",\"potentialAction\":[{\"@type\":\"CommentAction\",\"name\":\"Comment\",\"target\":[\"https:\/\/www.ivanabeaumond.com.br\/vestidos-noiva\/em-breve-colecao-2018-no-atelier-ivana-beaumond\/#respond\"]}]},{\"@type\":\"WebPage\",\"@id\":\"https:\/\/www.ivanabeaumond.com.br\/vestidos-noiva\/em-breve-colecao-2018-no-atelier-ivana-beaumond\/\",\"url\":\"https:\/\/www.ivanabeaumond.com.br\/vestidos-noiva\/em-breve-colecao-2018-no-atelier-ivana-beaumond\/\",\"name\":\"Em Breve Cole\u00e7\u00e3o 2018 no Atelier Ivana Beaumond - Vestido de Noiva RJ\",\"isPartOf\":{\"@id\":\"https:\/\/www.ivanabeaumond.com.br\/vestidos-noiva\/#website\"},\"datePublished\":\"2017-06-22T02:45:42+00:00\",\"dateModified\":\"2017-10-23T17:46:14+00:00\",\"breadcrumb\":{\"@id\":\"https:\/\/www.ivanabeaumond.com.br\/vestidos-noiva\/em-breve-colecao-2018-no-atelier-ivana-beaumond\/#breadcrumb\"},\"inLanguage\":\"pt-BR\",\"potentialAction\":[{\"@type\":\"ReadAction\",\"target\":[\"https:\/\/www.ivanabeaumond.com.br\/vestidos-noiva\/em-breve-colecao-2018-no-atelier-ivana-beaumond\/\"]}]},{\"@type\":\"BreadcrumbList\",\"@id\":\"https:\/\/www.ivanabeaumond.com.br\/vestidos-noiva\/em-breve-colecao-2018-no-atelier-ivana-beaumond\/#breadcrumb\",\"itemListElement\":[{\"@type\":\"ListItem\",\"position\":1,\"name\":\"In\u00edcio\",\"item\":\"https:\/\/www.ivanabeaumond.com.br\/vestidos-noiva\/\"},{\"@type\":\"ListItem\",\"position\":2,\"name\":\"Em Breve Cole\u00e7\u00e3o 2018 no Atelier Ivana Beaumond\"}]},{\"@type\":\"WebSite\",\"@id\":\"https:\/\/www.ivanabeaumond.com.br\/vestidos-noiva\/#website\",\"url\":\"https:\/\/www.ivanabeaumond.com.br\/vestidos-noiva\/\",\"name\":\"Vestido de Noiva RJ\",\"description\":\"Moda Noiva\",\"publisher\":{\"@id\":\"https:\/\/www.ivanabeaumond.com.br\/vestidos-noiva\/#organization\"},\"potentialAction\":[{\"@type\":\"SearchAction\",\"target\":{\"@type\":\"EntryPoint\",\"urlTemplate\":\"https:\/\/www.ivanabeaumond.com.br\/vestidos-noiva\/?s={search_term_string}\"},\"query-input\":\"required name=search_term_string\"}],\"inLanguage\":\"pt-BR\"},{\"@type\":\"Organization\",\"@id\":\"https:\/\/www.ivanabeaumond.com.br\/vestidos-noiva\/#organization\",\"name\":\"Vestido de Noiva RJ\",\"url\":\"https:\/\/www.ivanabeaumond.com.br\/vestidos-noiva\/\",\"logo\":{\"@type\":\"ImageObject\",\"inLanguage\":\"pt-BR\",\"@id\":\"https:\/\/www.ivanabeaumond.com.br\/vestidos-noiva\/#\/schema\/logo\/image\/\",\"url\":\"https:\/\/www.ivanabeaumond.com.br\/vestidos-noiva\/wp-content\/uploads\/2018\/02\/logo_ivana_beaumond-2.png\",\"contentUrl\":\"https:\/\/www.ivanabeaumond.com.br\/vestidos-noiva\/wp-content\/uploads\/2018\/02\/logo_ivana_beaumond-2.png\",\"width\":230,\"height\":112,\"caption\":\"Vestido de Noiva RJ\"},\"image\":{\"@id\":\"https:\/\/www.ivanabeaumond.com.br\/vestidos-noiva\/#\/schema\/logo\/image\/\"},\"sameAs\":[\"https:\/\/www.facebook.com\/ivana.beaumondnoivas\",\"https:\/\/www.instagram.com\/ivanabeaumond\/\",\"https:\/\/www.tiktok.com\/@ivanabeaumond\"]},{\"@type\":\"Person\",\"@id\":\"https:\/\/www.ivanabeaumond.com.br\/vestidos-noiva\/#\/schema\/person\/1a360c4cffa3b806d29a456389dcff26\",\"name\":\"Ivana Beaumond Paris\",\"image\":{\"@type\":\"ImageObject\",\"inLanguage\":\"pt-BR\",\"@id\":\"https:\/\/www.ivanabeaumond.com.br\/vestidos-noiva\/#\/schema\/person\/image\/\",\"url\":\"https:\/\/secure.gravatar.com\/avatar\/641f98db20b53ec937ceb641db4270b9?s=96&d=mm&r=g\",\"contentUrl\":\"https:\/\/secure.gravatar.com\/avatar\/641f98db20b53ec937ceb641db4270b9?s=96&d=mm&r=g\",\"caption\":\"Ivana Beaumond Paris\"},\"url\":\"https:\/\/www.ivanabeaumond.com.br\/vestidos-noiva\/author\/ivana\/\"}]}<\/script>\n<!-- \/ Yoast SEO plugin. -->","yoast_head_json":{"title":"Em Breve Cole\u00e7\u00e3o 2018 no Atelier Ivana Beaumond - Vestido de Noiva RJ","robots":{"index":"index","follow":"follow","max-snippet":"max-snippet:-1","max-image-preview":"max-image-preview:large","max-video-preview":"max-video-preview:-1"},"canonical":"https:\/\/www.ivanabeaumond.com.br\/vestidos-noiva\/em-breve-colecao-2018-no-atelier-ivana-beaumond\/","og_locale":"pt_BR","og_type":"article","og_title":"Em Breve Cole\u00e7\u00e3o 2018 no Atelier Ivana Beaumond - Vestido de Noiva RJ","og_description":"A cole\u00e7\u00e3o 2018 do Atelier Ivana Beaumond est\u00e1 maravilhosa. Em...","og_url":"https:\/\/www.ivanabeaumond.com.br\/vestidos-noiva\/em-breve-colecao-2018-no-atelier-ivana-beaumond\/","og_site_name":"Vestido de Noiva RJ","article_publisher":"https:\/\/www.facebook.com\/ivana.beaumondnoivas","article_published_time":"2017-06-22T02:45:42+00:00","article_modified_time":"2017-10-23T17:46:14+00:00","og_image":[{"width":703,"height":907,"url":"https:\/\/www.ivanabeaumond.com.br\/vestidos-noiva\/wp-content\/uploads\/2017\/06\/Cole\u00e7\u00e3o-2018-Vestidos-de-Noivas-Atelier-Ivana-Beaumond1A236_3_OHIO.jpg","type":"image\/jpeg"}],"author":"Ivana Beaumond Paris","twitter_card":"summary_large_image","twitter_misc":{"Escrito por":"Ivana Beaumond Paris","Est. tempo de leitura":"2 minutos"},"schema":{"@context":"https:\/\/schema.org","@graph":[{"@type":"Article","@id":"https:\/\/www.ivanabeaumond.com.br\/vestidos-noiva\/em-breve-colecao-2018-no-atelier-ivana-beaumond\/#article","isPartOf":{"@id":"https:\/\/www.ivanabeaumond.com.br\/vestidos-noiva\/em-breve-colecao-2018-no-atelier-ivana-beaumond\/"},"author":{"name":"Ivana Beaumond Paris","@id":"https:\/\/www.ivanabeaumond.com.br\/vestidos-noiva\/#\/schema\/person\/1a360c4cffa3b806d29a456389dcff26"},"headline":"Em Breve Cole\u00e7\u00e3o 2018 no Atelier Ivana Beaumond","datePublished":"2017-06-22T02:45:42+00:00","dateModified":"2017-10-23T17:46:14+00:00","mainEntityOfPage":{"@id":"https:\/\/www.ivanabeaumond.com.br\/vestidos-noiva\/em-breve-colecao-2018-no-atelier-ivana-beaumond\/"},"wordCount":473,"commentCount":0,"publisher":{"@id":"https:\/\/www.ivanabeaumond.com.br\/vestidos-noiva\/#organization"},"keywords":["aluguel de roupas","atelierivanabeaumond","casamento","convidadas","festas","madrinhas","moda festa","noivas","padrinhos","vestido de festa","vestido de noiva"],"articleSection":["Na M\u00eddia"],"inLanguage":"pt-BR","potentialAction":[{"@type":"CommentAction","name":"Comment","target":["https:\/\/www.ivanabeaumond.com.br\/vestidos-noiva\/em-breve-colecao-2018-no-atelier-ivana-beaumond\/#respond"]}]},{"@type":"WebPage","@id":"https:\/\/www.ivanabeaumond.com.br\/vestidos-noiva\/em-breve-colecao-2018-no-atelier-ivana-beaumond\/","url":"https:\/\/www.ivanabeaumond.com.br\/vestidos-noiva\/em-breve-colecao-2018-no-atelier-ivana-beaumond\/","name":"Em Breve Cole\u00e7\u00e3o 2018 no Atelier Ivana Beaumond - Vestido de Noiva RJ","isPartOf":{"@id":"https:\/\/www.ivanabeaumond.com.br\/vestidos-noiva\/#website"},"datePublished":"2017-06-22T02:45:42+00:00","dateModified":"2017-10-23T17:46:14+00:00","breadcrumb":{"@id":"https:\/\/www.ivanabeaumond.com.br\/vestidos-noiva\/em-breve-colecao-2018-no-atelier-ivana-beaumond\/#breadcrumb"},"inLanguage":"pt-BR","potentialAction":[{"@type":"ReadAction","target":["https:\/\/www.ivanabeaumond.com.br\/vestidos-noiva\/em-breve-colecao-2018-no-atelier-ivana-beaumond\/"]}]},{"@type":"BreadcrumbList","@id":"https:\/\/www.ivanabeaumond.com.br\/vestidos-noiva\/em-breve-colecao-2018-no-atelier-ivana-beaumond\/#breadcrumb","itemListElement":[{"@type":"ListItem","position":1,"name":"In\u00edcio","item":"https:\/\/www.ivanabeaumond.com.br\/vestidos-noiva\/"},{"@type":"ListItem","position":2,"name":"Em Breve Cole\u00e7\u00e3o 2018 no Atelier Ivana Beaumond"}]},{"@type":"WebSite","@id":"https:\/\/www.ivanabeaumond.com.br\/vestidos-noiva\/#website","url":"https:\/\/www.ivanabeaumond.com.br\/vestidos-noiva\/","name":"Vestido de Noiva RJ","description":"Moda Noiva","publisher":{"@id":"https:\/\/www.ivanabeaumond.com.br\/vestidos-noiva\/#organization"},"potentialAction":[{"@type":"SearchAction","target":{"@type":"EntryPoint","urlTemplate":"https:\/\/www.ivanabeaumond.com.br\/vestidos-noiva\/?s={search_term_string}"},"query-input":"required name=search_term_string"}],"inLanguage":"pt-BR"},{"@type":"Organization","@id":"https:\/\/www.ivanabeaumond.com.br\/vestidos-noiva\/#organization","name":"Vestido de Noiva RJ","url":"https:\/\/www.ivanabeaumond.com.br\/vestidos-noiva\/","logo":{"@type":"ImageObject","inLanguage":"pt-BR","@id":"https:\/\/www.ivanabeaumond.com.br\/vestidos-noiva\/#\/schema\/logo\/image\/","url":"https:\/\/www.ivanabeaumond.com.br\/vestidos-noiva\/wp-content\/uploads\/2018\/02\/logo_ivana_beaumond-2.png","contentUrl":"https:\/\/www.ivanabeaumond.com.br\/vestidos-noiva\/wp-content\/uploads\/2018\/02\/logo_ivana_beaumond-2.png","width":230,"height":112,"caption":"Vestido de Noiva RJ"},"image":{"@id":"https:\/\/www.ivanabeaumond.com.br\/vestidos-noiva\/#\/schema\/logo\/image\/"},"sameAs":["https:\/\/www.facebook.com\/ivana.beaumondnoivas","https:\/\/www.instagram.com\/ivanabeaumond\/","https:\/\/www.tiktok.com\/@ivanabeaumond"]},{"@type":"Person","@id":"https:\/\/www.ivanabeaumond.com.br\/vestidos-noiva\/#\/schema\/person\/1a360c4cffa3b806d29a456389dcff26","name":"Ivana Beaumond Paris","image":{"@type":"ImageObject","inLanguage":"pt-BR","@id":"https:\/\/www.ivanabeaumond.com.br\/vestidos-noiva\/#\/schema\/person\/image\/","url":"https:\/\/secure.gravatar.com\/avatar\/641f98db20b53ec937ceb641db4270b9?s=96&d=mm&r=g","contentUrl":"https:\/\/secure.gravatar.com\/avatar\/641f98db20b53ec937ceb641db4270b9?s=96&d=mm&r=g","caption":"Ivana Beaumond Paris"},"url":"https:\/\/www.ivanabeaumond.com.br\/vestidos-noiva\/author\/ivana\/"}]}},"_links":{"self":[{"href":"https:\/\/www.ivanabeaumond.com.br\/vestidos-noiva\/wp-json\/wp\/v2\/posts\/12813"}],"collection":[{"href":"https:\/\/www.ivanabeaumond.com.br\/vestidos-noiva\/wp-json\/wp\/v2\/posts"}],"about":[{"href":"https:\/\/www.ivanabeaumond.com.br\/vestidos-noiva\/wp-json\/wp\/v2\/types\/post"}],"author":[{"embeddable":true,"href":"https:\/\/www.ivanabeaumond.com.br\/vestidos-noiva\/wp-json\/wp\/v2\/users\/4"}],"replies":[{"embeddable":true,"href":"https:\/\/www.ivanabeaumond.com.br\/vestidos-noiva\/wp-json\/wp\/v2\/comments?post=12813"}],"version-history":[{"count":8,"href":"https:\/\/www.ivanabeaumond.com.br\/vestidos-noiva\/wp-json\/wp\/v2\/posts\/12813\/revisions"}],"predecessor-version":[{"id":12847,"href":"https:\/\/www.ivanabeaumond.com.br\/vestidos-noiva\/wp-json\/wp\/v2\/posts\/12813\/revisions\/12847"}],"wp:featuredmedia":[{"embeddable":true,"href":"https:\/\/www.ivanabeaumond.com.br\/vestidos-noiva\/wp-json\/wp\/v2\/media\/12825"}],"wp:attachment":[{"href":"https:\/\/www.ivanabeaumond.com.br\/vestidos-noiva\/wp-json\/wp\/v2\/media?parent=12813"}],"wp:term":[{"taxonomy":"category","embeddable":true,"href":"https:\/\/www.ivanabeaumond.com.br\/vestidos-noiva\/wp-json\/wp\/v2\/categories?post=12813"},{"taxonomy":"post_tag","embeddable":true,"href":"https:\/\/www.ivanabeaumond.com.br\/vestidos-noiva\/wp-json\/wp\/v2\/tags?post=12813"}],"curies":[{"name":"wp","href":"https:\/\/api.w.org\/{rel}","templated":true}]}}