{"id":128218,"date":"2022-05-03T13:36:08","date_gmt":"2022-05-03T16:36:08","guid":{"rendered":"https:\/\/www.ivanabeaumond.com.br\/vestidos-noiva\/?p=128218"},"modified":"2022-09-20T18:29:31","modified_gmt":"2022-09-20T21:29:31","slug":"ivana-beaumond-assina-novo-editorial-de-noivas-em-paris","status":"publish","type":"post","link":"https:\/\/www.ivanabeaumond.com.br\/vestidos-noiva\/ivana-beaumond-assina-novo-editorial-de-noivas-em-paris\/","title":{"rendered":"Ivana Beaumond assina novo editorial de noivas em Paris"},"content":{"rendered":"\n<h4 class=\"wp-block-heading\">A empres\u00e1ria e estilista Ivana Beaumond produziu o seu mais novo editorial de noivas na capital francesa. <\/h4>\n\n\n\n<div style=\"height:10px\" aria-hidden=\"true\" class=\"wp-block-spacer\"><\/div>\n\n\n\n<h4 class=\"wp-block-heading\">Com o conceito \u201cCl\u00e1ssica e Contempor\u00e2nea\u201d, os vestidos de noiva exploram os contrastes da paisagem urbana, provando que as futuras esposas podem ser vers\u00e1teis sem perder o romantismo.<\/h4>\n\n\n\n<div style=\"height:10px\" aria-hidden=\"true\" class=\"wp-block-spacer\"><\/div>\n\n\n\n<h4 class=\"wp-block-heading\">Estrelado pela Miss Sheislane Hayalla, e com as belas imagens capturadas pelas lentes do fot\u00f3grafo internacional Mauro Jorge. <\/h4>\n\n\n\n<div style=\"height:10px\" aria-hidden=\"true\" class=\"wp-block-spacer\"><\/div>\n\n\n\n<h4 class=\"wp-block-heading\">O editorial foi marcado por desafios. Ainda assim, nem as condi\u00e7\u00f5es desfavor\u00e1veis foram capazes de tirar o brilho de um editorial com potencial para revolucionar o mercado internacional e chamar a aten\u00e7\u00e3o das noivas. <\/h4>\n\n\n\n<div style=\"height:50px\" aria-hidden=\"true\" class=\"wp-block-spacer\"><\/div>\n\n\n\n<figure class=\"wp-block-gallery aligncenter columns-2 is-cropped wp-block-gallery-1 is-layout-flex\"><ul class=\"blocks-gallery-grid\"><li class=\"blocks-gallery-item\"><figure><a href=\"https:\/\/www.ivanabeaumond.com.br\/vestidos-noiva\/wp-content\/uploads\/2022\/05\/7ddd559a-8344-494f-bfc0-8f27771d2972-1.jpg\"><img decoding=\"async\" loading=\"lazy\" width=\"682\" height=\"1024\" src=\"https:\/\/www.ivanabeaumond.com.br\/vestidos-noiva\/wp-content\/uploads\/2022\/05\/7ddd559a-8344-494f-bfc0-8f27771d2972-1.jpg\" alt=\"\" data-id=\"128235\" data-full-url=\"https:\/\/www.ivanabeaumond.com.br\/vestidos-noiva\/wp-content\/uploads\/2022\/05\/7ddd559a-8344-494f-bfc0-8f27771d2972-1.jpg\" data-link=\"https:\/\/www.ivanabeaumond.com.br\/vestidos-noiva\/?attachment_id=128235\" class=\"wp-image-128235\" srcset=\"https:\/\/www.ivanabeaumond.com.br\/vestidos-noiva\/wp-content\/uploads\/2022\/05\/7ddd559a-8344-494f-bfc0-8f27771d2972-1.jpg 682w, https:\/\/www.ivanabeaumond.com.br\/vestidos-noiva\/wp-content\/uploads\/2022\/05\/7ddd559a-8344-494f-bfc0-8f27771d2972-1-200x300.jpg 200w\" sizes=\"(max-width: 682px) 100vw, 682px\" \/><\/a><\/figure><\/li><li class=\"blocks-gallery-item\"><figure><a href=\"https:\/\/www.ivanabeaumond.com.br\/vestidos-noiva\/wp-content\/uploads\/2022\/05\/42a530cc-dde7-4903-ad77-a8b792b18735.jpg\"><img decoding=\"async\" loading=\"lazy\" width=\"682\" height=\"1024\" src=\"https:\/\/www.ivanabeaumond.com.br\/vestidos-noiva\/wp-content\/uploads\/2022\/05\/42a530cc-dde7-4903-ad77-a8b792b18735.jpg\" alt=\"\" data-id=\"128236\" data-full-url=\"https:\/\/www.ivanabeaumond.com.br\/vestidos-noiva\/wp-content\/uploads\/2022\/05\/42a530cc-dde7-4903-ad77-a8b792b18735.jpg\" data-link=\"https:\/\/www.ivanabeaumond.com.br\/vestidos-noiva\/?attachment_id=128236\" class=\"wp-image-128236\" srcset=\"https:\/\/www.ivanabeaumond.com.br\/vestidos-noiva\/wp-content\/uploads\/2022\/05\/42a530cc-dde7-4903-ad77-a8b792b18735.jpg 682w, https:\/\/www.ivanabeaumond.com.br\/vestidos-noiva\/wp-content\/uploads\/2022\/05\/42a530cc-dde7-4903-ad77-a8b792b18735-200x300.jpg 200w\" sizes=\"(max-width: 682px) 100vw, 682px\" \/><\/a><\/figure><\/li><\/ul><\/figure>\n\n\n\n<div style=\"height:50px\" aria-hidden=\"true\" class=\"wp-block-spacer\"><\/div>\n\n\n\n<h4 class=\"wp-block-heading\">Ivana Beaumond \u00e9 propriet\u00e1ria de dois conceituados Ateliers no Rio de Janeiro e recentemente inaugurou mais uma filial em Paris, em parceria com sua filha, a estilista Florence Beaumond. <\/h4>\n\n\n\n<div style=\"height:10px\" aria-hidden=\"true\" class=\"wp-block-spacer\"><\/div>\n\n\n\n<h4 class=\"wp-block-heading\">Na bagagem, traz consigo tamb\u00e9m uma extensa lista de clientes famosos, que a consagraram e respaldam sua reputa\u00e7\u00e3o em solo nacional e internacional. <\/h4>\n\n\n\n<div style=\"height:50px\" aria-hidden=\"true\" class=\"wp-block-spacer\"><\/div>\n\n\n\n<figure class=\"wp-block-gallery aligncenter columns-1 is-cropped wp-block-gallery-3 is-layout-flex\"><ul class=\"blocks-gallery-grid\"><li class=\"blocks-gallery-item\"><figure><a href=\"https:\/\/www.ivanabeaumond.com.br\/vestidos-noiva\/wp-content\/uploads\/2022\/05\/8a3d294e-fe38-4c4f-bd84-116a2c2141f7.jpg\"><img decoding=\"async\" loading=\"lazy\" width=\"1024\" height=\"1024\" src=\"https:\/\/www.ivanabeaumond.com.br\/vestidos-noiva\/wp-content\/uploads\/2022\/05\/8a3d294e-fe38-4c4f-bd84-116a2c2141f7-1024x1024.jpg\" alt=\"\" data-id=\"128238\" data-full-url=\"https:\/\/www.ivanabeaumond.com.br\/vestidos-noiva\/wp-content\/uploads\/2022\/05\/8a3d294e-fe38-4c4f-bd84-116a2c2141f7.jpg\" data-link=\"https:\/\/www.ivanabeaumond.com.br\/vestidos-noiva\/?attachment_id=128238\" class=\"wp-image-128238\" srcset=\"https:\/\/www.ivanabeaumond.com.br\/vestidos-noiva\/wp-content\/uploads\/2022\/05\/8a3d294e-fe38-4c4f-bd84-116a2c2141f7-1024x1024.jpg 1024w, https:\/\/www.ivanabeaumond.com.br\/vestidos-noiva\/wp-content\/uploads\/2022\/05\/8a3d294e-fe38-4c4f-bd84-116a2c2141f7-300x300.jpg 300w, https:\/\/www.ivanabeaumond.com.br\/vestidos-noiva\/wp-content\/uploads\/2022\/05\/8a3d294e-fe38-4c4f-bd84-116a2c2141f7-150x150.jpg 150w, https:\/\/www.ivanabeaumond.com.br\/vestidos-noiva\/wp-content\/uploads\/2022\/05\/8a3d294e-fe38-4c4f-bd84-116a2c2141f7-768x768.jpg 768w, https:\/\/www.ivanabeaumond.com.br\/vestidos-noiva\/wp-content\/uploads\/2022\/05\/8a3d294e-fe38-4c4f-bd84-116a2c2141f7-1536x1536.jpg 1536w, https:\/\/www.ivanabeaumond.com.br\/vestidos-noiva\/wp-content\/uploads\/2022\/05\/8a3d294e-fe38-4c4f-bd84-116a2c2141f7-520x520.jpg 520w, https:\/\/www.ivanabeaumond.com.br\/vestidos-noiva\/wp-content\/uploads\/2022\/05\/8a3d294e-fe38-4c4f-bd84-116a2c2141f7.jpg 1600w\" sizes=\"(max-width: 1024px) 100vw, 1024px\" \/><\/a><\/figure><\/li><\/ul><\/figure>\n\n\n\n<div style=\"height:10px\" aria-hidden=\"true\" class=\"wp-block-spacer\"><\/div>\n\n\n\n<figure class=\"wp-block-gallery aligncenter columns-1 is-cropped wp-block-gallery-5 is-layout-flex\"><ul class=\"blocks-gallery-grid\"><li class=\"blocks-gallery-item\"><figure><a href=\"https:\/\/www.ivanabeaumond.com.br\/vestidos-noiva\/wp-content\/uploads\/2022\/05\/b97f2a24-824b-4add-914a-af1e91fc13de.jpg\"><img decoding=\"async\" loading=\"lazy\" width=\"696\" height=\"1024\" src=\"https:\/\/www.ivanabeaumond.com.br\/vestidos-noiva\/wp-content\/uploads\/2022\/05\/b97f2a24-824b-4add-914a-af1e91fc13de-696x1024.jpg\" alt=\"\" data-id=\"128259\" data-full-url=\"https:\/\/www.ivanabeaumond.com.br\/vestidos-noiva\/wp-content\/uploads\/2022\/05\/b97f2a24-824b-4add-914a-af1e91fc13de.jpg\" data-link=\"https:\/\/www.ivanabeaumond.com.br\/vestidos-noiva\/?attachment_id=128259\" class=\"wp-image-128259\" srcset=\"https:\/\/www.ivanabeaumond.com.br\/vestidos-noiva\/wp-content\/uploads\/2022\/05\/b97f2a24-824b-4add-914a-af1e91fc13de-696x1024.jpg 696w, https:\/\/www.ivanabeaumond.com.br\/vestidos-noiva\/wp-content\/uploads\/2022\/05\/b97f2a24-824b-4add-914a-af1e91fc13de-204x300.jpg 204w, https:\/\/www.ivanabeaumond.com.br\/vestidos-noiva\/wp-content\/uploads\/2022\/05\/b97f2a24-824b-4add-914a-af1e91fc13de-768x1130.jpg 768w, https:\/\/www.ivanabeaumond.com.br\/vestidos-noiva\/wp-content\/uploads\/2022\/05\/b97f2a24-824b-4add-914a-af1e91fc13de.jpg 870w\" sizes=\"(max-width: 696px) 100vw, 696px\" \/><\/a><\/figure><\/li><\/ul><\/figure>\n\n\n\n<div style=\"height:10px\" aria-hidden=\"true\" class=\"wp-block-spacer\"><\/div>\n\n\n\n<figure class=\"wp-block-gallery columns-2 is-cropped wp-block-gallery-7 is-layout-flex\"><ul class=\"blocks-gallery-grid\"><li class=\"blocks-gallery-item\"><figure><a href=\"https:\/\/www.ivanabeaumond.com.br\/vestidos-noiva\/wp-content\/uploads\/2022\/05\/83e7b773-721a-4c85-bb73-d9ab8871649b.jpg\"><img decoding=\"async\" loading=\"lazy\" width=\"682\" height=\"1024\" src=\"https:\/\/www.ivanabeaumond.com.br\/vestidos-noiva\/wp-content\/uploads\/2022\/05\/83e7b773-721a-4c85-bb73-d9ab8871649b-682x1024.jpg\" alt=\"\" data-id=\"128251\" data-full-url=\"https:\/\/www.ivanabeaumond.com.br\/vestidos-noiva\/wp-content\/uploads\/2022\/05\/83e7b773-721a-4c85-bb73-d9ab8871649b.jpg\" data-link=\"https:\/\/www.ivanabeaumond.com.br\/vestidos-noiva\/?attachment_id=128251\" class=\"wp-image-128251\" srcset=\"https:\/\/www.ivanabeaumond.com.br\/vestidos-noiva\/wp-content\/uploads\/2022\/05\/83e7b773-721a-4c85-bb73-d9ab8871649b-682x1024.jpg 682w, https:\/\/www.ivanabeaumond.com.br\/vestidos-noiva\/wp-content\/uploads\/2022\/05\/83e7b773-721a-4c85-bb73-d9ab8871649b-200x300.jpg 200w, https:\/\/www.ivanabeaumond.com.br\/vestidos-noiva\/wp-content\/uploads\/2022\/05\/83e7b773-721a-4c85-bb73-d9ab8871649b-768x1152.jpg 768w, https:\/\/www.ivanabeaumond.com.br\/vestidos-noiva\/wp-content\/uploads\/2022\/05\/83e7b773-721a-4c85-bb73-d9ab8871649b.jpg 853w\" sizes=\"(max-width: 682px) 100vw, 682px\" \/><\/a><\/figure><\/li><li class=\"blocks-gallery-item\"><figure><a href=\"https:\/\/www.ivanabeaumond.com.br\/vestidos-noiva\/wp-content\/uploads\/2022\/05\/ce3a7d21-3b45-45a3-9b32-b0dca35dd93b.jpg\"><img decoding=\"async\" loading=\"lazy\" width=\"682\" height=\"1024\" src=\"https:\/\/www.ivanabeaumond.com.br\/vestidos-noiva\/wp-content\/uploads\/2022\/05\/ce3a7d21-3b45-45a3-9b32-b0dca35dd93b-682x1024.jpg\" alt=\"\" data-id=\"128252\" data-full-url=\"https:\/\/www.ivanabeaumond.com.br\/vestidos-noiva\/wp-content\/uploads\/2022\/05\/ce3a7d21-3b45-45a3-9b32-b0dca35dd93b.jpg\" data-link=\"https:\/\/www.ivanabeaumond.com.br\/vestidos-noiva\/?attachment_id=128252\" class=\"wp-image-128252\" srcset=\"https:\/\/www.ivanabeaumond.com.br\/vestidos-noiva\/wp-content\/uploads\/2022\/05\/ce3a7d21-3b45-45a3-9b32-b0dca35dd93b-682x1024.jpg 682w, https:\/\/www.ivanabeaumond.com.br\/vestidos-noiva\/wp-content\/uploads\/2022\/05\/ce3a7d21-3b45-45a3-9b32-b0dca35dd93b-200x300.jpg 200w, https:\/\/www.ivanabeaumond.com.br\/vestidos-noiva\/wp-content\/uploads\/2022\/05\/ce3a7d21-3b45-45a3-9b32-b0dca35dd93b-768x1152.jpg 768w, https:\/\/www.ivanabeaumond.com.br\/vestidos-noiva\/wp-content\/uploads\/2022\/05\/ce3a7d21-3b45-45a3-9b32-b0dca35dd93b.jpg 853w\" sizes=\"(max-width: 682px) 100vw, 682px\" \/><\/a><\/figure><\/li><\/ul><\/figure>\n\n\n\n<div style=\"height:50px\" aria-hidden=\"true\" class=\"wp-block-spacer\"><\/div>\n\n\n\n<h4 class=\"wp-block-heading\">Para os que acompanham seu trabalho, Ivana Beaumond promete um novo editorial em breve. Desta vez, nos Emirados \u00c1rabes e repleto de requinte. Resta aguardar pelas novidades e pelos novos modelos que ser\u00e3o apresentados <\/h4>\n\n\n\n<div style=\"height:10px\" aria-hidden=\"true\" class=\"wp-block-spacer\"><\/div>\n\n\n\n<h4 class=\"wp-block-heading\">Com o sucesso do seu editorial na capital francesa, Ivana Beaumond concedeu entrevista para diversos sites.<\/h4>\n\n\n\n<div style=\"height:50px\" aria-hidden=\"true\" class=\"wp-block-spacer\"><\/div>\n\n\n\n<figure class=\"wp-block-gallery aligncenter columns-1 is-cropped wp-block-gallery-9 is-layout-flex\"><ul class=\"blocks-gallery-grid\"><li class=\"blocks-gallery-item\"><figure><a href=\"https:\/\/www.ivanabeaumond.com.br\/vestidos-noiva\/wp-content\/uploads\/2022\/05\/7bc85f9e-ea0b-41ea-824f-4d2390db5d6c-1.jpg\"><img decoding=\"async\" loading=\"lazy\" width=\"1024\" height=\"1024\" src=\"https:\/\/www.ivanabeaumond.com.br\/vestidos-noiva\/wp-content\/uploads\/2022\/05\/7bc85f9e-ea0b-41ea-824f-4d2390db5d6c-1-1024x1024.jpg\" alt=\"\" data-id=\"128297\" data-full-url=\"https:\/\/www.ivanabeaumond.com.br\/vestidos-noiva\/wp-content\/uploads\/2022\/05\/7bc85f9e-ea0b-41ea-824f-4d2390db5d6c-1.jpg\" data-link=\"https:\/\/www.ivanabeaumond.com.br\/vestidos-noiva\/?attachment_id=128297\" class=\"wp-image-128297\" srcset=\"https:\/\/www.ivanabeaumond.com.br\/vestidos-noiva\/wp-content\/uploads\/2022\/05\/7bc85f9e-ea0b-41ea-824f-4d2390db5d6c-1-1024x1024.jpg 1024w, https:\/\/www.ivanabeaumond.com.br\/vestidos-noiva\/wp-content\/uploads\/2022\/05\/7bc85f9e-ea0b-41ea-824f-4d2390db5d6c-1-300x300.jpg 300w, https:\/\/www.ivanabeaumond.com.br\/vestidos-noiva\/wp-content\/uploads\/2022\/05\/7bc85f9e-ea0b-41ea-824f-4d2390db5d6c-1-150x150.jpg 150w, https:\/\/www.ivanabeaumond.com.br\/vestidos-noiva\/wp-content\/uploads\/2022\/05\/7bc85f9e-ea0b-41ea-824f-4d2390db5d6c-1-768x768.jpg 768w, https:\/\/www.ivanabeaumond.com.br\/vestidos-noiva\/wp-content\/uploads\/2022\/05\/7bc85f9e-ea0b-41ea-824f-4d2390db5d6c-1-1536x1536.jpg 1536w, https:\/\/www.ivanabeaumond.com.br\/vestidos-noiva\/wp-content\/uploads\/2022\/05\/7bc85f9e-ea0b-41ea-824f-4d2390db5d6c-1-520x520.jpg 520w, https:\/\/www.ivanabeaumond.com.br\/vestidos-noiva\/wp-content\/uploads\/2022\/05\/7bc85f9e-ea0b-41ea-824f-4d2390db5d6c-1.jpg 1600w\" sizes=\"(max-width: 1024px) 100vw, 1024px\" \/><\/a><\/figure><\/li><\/ul><\/figure>\n\n\n\n<figure class=\"wp-block-gallery columns-3 is-cropped wp-block-gallery-11 is-layout-flex\"><ul class=\"blocks-gallery-grid\"><li class=\"blocks-gallery-item\"><figure><a href=\"https:\/\/www.ivanabeaumond.com.br\/vestidos-noiva\/wp-content\/uploads\/2022\/05\/1dcb790f-238f-49e7-954d-1c8427c5463f-700x1024.jpg\"><img decoding=\"async\" loading=\"lazy\" width=\"700\" height=\"1024\" src=\"https:\/\/www.ivanabeaumond.com.br\/vestidos-noiva\/wp-content\/uploads\/2022\/05\/1dcb790f-238f-49e7-954d-1c8427c5463f-700x1024.jpg\" alt=\"\" data-id=\"128446\" data-link=\"https:\/\/www.ivanabeaumond.com.br\/vestidos-noiva\/ivana-beaumond-assina-novo-editorial-de-noivas-em-paris\/1dcb790f-238f-49e7-954d-1c8427c5463f\/\" class=\"wp-image-128446\" srcset=\"https:\/\/www.ivanabeaumond.com.br\/vestidos-noiva\/wp-content\/uploads\/2022\/05\/1dcb790f-238f-49e7-954d-1c8427c5463f-700x1024.jpg 700w, https:\/\/www.ivanabeaumond.com.br\/vestidos-noiva\/wp-content\/uploads\/2022\/05\/1dcb790f-238f-49e7-954d-1c8427c5463f-205x300.jpg 205w, https:\/\/www.ivanabeaumond.com.br\/vestidos-noiva\/wp-content\/uploads\/2022\/05\/1dcb790f-238f-49e7-954d-1c8427c5463f.jpg 750w\" sizes=\"(max-width: 700px) 100vw, 700px\" \/><\/a><\/figure><\/li><li class=\"blocks-gallery-item\"><figure><a href=\"https:\/\/www.ivanabeaumond.com.br\/vestidos-noiva\/wp-content\/uploads\/2022\/05\/3a3f9e9d-b477-48fb-980b-0d60cb731726-701x1024.jpg\"><img decoding=\"async\" loading=\"lazy\" width=\"701\" height=\"1024\" src=\"https:\/\/www.ivanabeaumond.com.br\/vestidos-noiva\/wp-content\/uploads\/2022\/05\/3a3f9e9d-b477-48fb-980b-0d60cb731726-701x1024.jpg\" alt=\"\" data-id=\"128447\" data-link=\"https:\/\/www.ivanabeaumond.com.br\/vestidos-noiva\/ivana-beaumond-assina-novo-editorial-de-noivas-em-paris\/3a3f9e9d-b477-48fb-980b-0d60cb731726\/\" class=\"wp-image-128447\" srcset=\"https:\/\/www.ivanabeaumond.com.br\/vestidos-noiva\/wp-content\/uploads\/2022\/05\/3a3f9e9d-b477-48fb-980b-0d60cb731726-701x1024.jpg 701w, https:\/\/www.ivanabeaumond.com.br\/vestidos-noiva\/wp-content\/uploads\/2022\/05\/3a3f9e9d-b477-48fb-980b-0d60cb731726-205x300.jpg 205w, https:\/\/www.ivanabeaumond.com.br\/vestidos-noiva\/wp-content\/uploads\/2022\/05\/3a3f9e9d-b477-48fb-980b-0d60cb731726.jpg 750w\" sizes=\"(max-width: 701px) 100vw, 701px\" \/><\/a><\/figure><\/li><li class=\"blocks-gallery-item\"><figure><a href=\"https:\/\/www.ivanabeaumond.com.br\/vestidos-noiva\/wp-content\/uploads\/2022\/05\/9e77bd95-c1e4-44f1-942d-67a8bff92200-696x1024.jpg\"><img decoding=\"async\" loading=\"lazy\" width=\"696\" height=\"1024\" src=\"https:\/\/www.ivanabeaumond.com.br\/vestidos-noiva\/wp-content\/uploads\/2022\/05\/9e77bd95-c1e4-44f1-942d-67a8bff92200-696x1024.jpg\" alt=\"\" data-id=\"128448\" data-link=\"https:\/\/www.ivanabeaumond.com.br\/vestidos-noiva\/ivana-beaumond-assina-novo-editorial-de-noivas-em-paris\/9e77bd95-c1e4-44f1-942d-67a8bff92200\/\" class=\"wp-image-128448\" srcset=\"https:\/\/www.ivanabeaumond.com.br\/vestidos-noiva\/wp-content\/uploads\/2022\/05\/9e77bd95-c1e4-44f1-942d-67a8bff92200-696x1024.jpg 696w, https:\/\/www.ivanabeaumond.com.br\/vestidos-noiva\/wp-content\/uploads\/2022\/05\/9e77bd95-c1e4-44f1-942d-67a8bff92200-204x300.jpg 204w, https:\/\/www.ivanabeaumond.com.br\/vestidos-noiva\/wp-content\/uploads\/2022\/05\/9e77bd95-c1e4-44f1-942d-67a8bff92200.jpg 750w\" sizes=\"(max-width: 696px) 100vw, 696px\" \/><\/a><\/figure><\/li><li class=\"blocks-gallery-item\"><figure><a href=\"https:\/\/www.ivanabeaumond.com.br\/vestidos-noiva\/wp-content\/uploads\/2022\/05\/e6ac10cb-7d52-42ae-ab84-b0ccf2008609.jpg\"><img decoding=\"async\" loading=\"lazy\" width=\"710\" height=\"1024\" src=\"https:\/\/www.ivanabeaumond.com.br\/vestidos-noiva\/wp-content\/uploads\/2022\/05\/e6ac10cb-7d52-42ae-ab84-b0ccf2008609-710x1024.jpg\" alt=\"\" data-id=\"128451\" data-full-url=\"https:\/\/www.ivanabeaumond.com.br\/vestidos-noiva\/wp-content\/uploads\/2022\/05\/e6ac10cb-7d52-42ae-ab84-b0ccf2008609.jpg\" data-link=\"https:\/\/www.ivanabeaumond.com.br\/vestidos-noiva\/ivana-beaumond-assina-novo-editorial-de-noivas-em-paris\/e6ac10cb-7d52-42ae-ab84-b0ccf2008609\/\" class=\"wp-image-128451\" srcset=\"https:\/\/www.ivanabeaumond.com.br\/vestidos-noiva\/wp-content\/uploads\/2022\/05\/e6ac10cb-7d52-42ae-ab84-b0ccf2008609-710x1024.jpg 710w, https:\/\/www.ivanabeaumond.com.br\/vestidos-noiva\/wp-content\/uploads\/2022\/05\/e6ac10cb-7d52-42ae-ab84-b0ccf2008609-208x300.jpg 208w, https:\/\/www.ivanabeaumond.com.br\/vestidos-noiva\/wp-content\/uploads\/2022\/05\/e6ac10cb-7d52-42ae-ab84-b0ccf2008609.jpg 750w\" sizes=\"(max-width: 710px) 100vw, 710px\" \/><\/a><\/figure><\/li><li class=\"blocks-gallery-item\"><figure><a href=\"https:\/\/www.ivanabeaumond.com.br\/vestidos-noiva\/wp-content\/uploads\/2022\/05\/eab3712c-cc07-4d7b-97a1-a2287e348a9b-1.jpg\"><img decoding=\"async\" loading=\"lazy\" width=\"708\" height=\"1024\" src=\"https:\/\/www.ivanabeaumond.com.br\/vestidos-noiva\/wp-content\/uploads\/2022\/05\/eab3712c-cc07-4d7b-97a1-a2287e348a9b-1-708x1024.jpg\" alt=\"\" data-id=\"128452\" data-full-url=\"https:\/\/www.ivanabeaumond.com.br\/vestidos-noiva\/wp-content\/uploads\/2022\/05\/eab3712c-cc07-4d7b-97a1-a2287e348a9b-1.jpg\" data-link=\"https:\/\/www.ivanabeaumond.com.br\/vestidos-noiva\/ivana-beaumond-assina-novo-editorial-de-noivas-em-paris\/eab3712c-cc07-4d7b-97a1-a2287e348a9b-1\/\" class=\"wp-image-128452\" srcset=\"https:\/\/www.ivanabeaumond.com.br\/vestidos-noiva\/wp-content\/uploads\/2022\/05\/eab3712c-cc07-4d7b-97a1-a2287e348a9b-1-708x1024.jpg 708w, https:\/\/www.ivanabeaumond.com.br\/vestidos-noiva\/wp-content\/uploads\/2022\/05\/eab3712c-cc07-4d7b-97a1-a2287e348a9b-1-207x300.jpg 207w, https:\/\/www.ivanabeaumond.com.br\/vestidos-noiva\/wp-content\/uploads\/2022\/05\/eab3712c-cc07-4d7b-97a1-a2287e348a9b-1.jpg 750w\" sizes=\"(max-width: 708px) 100vw, 708px\" \/><\/a><\/figure><\/li><\/ul><\/figure>\n\n\n\n<div style=\"height:10px\" aria-hidden=\"true\" class=\"wp-block-spacer\"><\/div>\n\n\n\n<div style=\"height:50px\" aria-hidden=\"true\" class=\"wp-block-spacer\"><\/div>\n\n\n\n<h5 class=\"wp-block-heading\">Cr\u00e9ditos:<br>Fotografia: <a href=\"https:\/\/www.instagram.com\/maurojorgefotografia\/\">@maurojorgefotografia<\/a><br>Modelo: <a href=\"https:\/\/www.instagram.com\/sheislanehayalla\/\">@sheislanehayalla<\/a><br>Acess\u00f3rios: <a href=\"https:\/\/www.instagram.com\/italy.semijoias\/\">@italy.semijoias<\/a><br>Vestido: <a href=\"https:\/\/www.instagram.com\/ivanabeaumond\/\">@ivanabeaumond<\/a><\/h5>\n\n\n\n<div style=\"height:20px\" aria-hidden=\"true\" class=\"wp-block-spacer\"><\/div>\n\n\n\n<h4 class=\"wp-block-heading\"><strong><em>Gostou? Siga nosso instagram&nbsp;<a rel=\"noreferrer noopener\" href=\"https:\/\/www.instagram.com\/ivanaparisdebutantes\" target=\"_blank\">@ivanaparisdebutantes&nbsp;<\/a>e curta nossa fanpage&nbsp;<a rel=\"noreferrer noopener\" href=\"https:\/\/www.facebook.com\/IvanaBeaumondDebutantes\/\" target=\"_blank\">Ivana Beaumond<\/a>&nbsp;para ficar por dentro de tudo. N\u00e3o deixe de conferir tamb\u00e9m as nossas cole\u00e7\u00f5es de&nbsp;<a rel=\"noreferrer noopener\" href=\"http:\/\/www.ivanabeaumond.com.br\/vestidos-noiva\/vestidos-debutantes\/\" target=\"_blank\">Vestidos de Debutante<\/a>&nbsp;e&nbsp;<a rel=\"noreferrer noopener\" href=\"http:\/\/www.ivanabeaumond.com.br\/vestidos-noiva\/vestidos-casamento-madrinha-festa-formatura\/\" target=\"_blank\">Moda Festa<\/a>,&nbsp;trazendo as maiores novidades da alta costura com os mais belos modelos<\/em><\/strong><\/h4>\n","protected":false},"excerpt":{"rendered":"<p>A empres\u00e1ria e estilista Ivana Beaumond produziu o seu mais&#8230;<\/p>\n","protected":false},"author":4,"featured_media":128340,"comment_status":"open","ping_status":"open","sticky":false,"template":"","format":"standard","meta":[],"categories":[128],"tags":[203,695,1521,1520,107,1517,1358,164,108,1518,212],"yoast_head":"<!-- This site is optimized with the Yoast SEO plugin v20.3 - https:\/\/yoast.com\/wordpress\/plugins\/seo\/ -->\n<title>Ivana Beaumond assina novo editorial de noivas em Paris - Vestido de Noiva RJ<\/title>\n<meta name=\"robots\" content=\"index, follow, max-snippet:-1, max-image-preview:large, max-video-preview:-1\" \/>\n<link rel=\"canonical\" href=\"https:\/\/www.ivanabeaumond.com.br\/vestidos-noiva\/ivana-beaumond-assina-novo-editorial-de-noivas-em-paris\/\" \/>\n<meta property=\"og:locale\" content=\"pt_BR\" \/>\n<meta property=\"og:type\" content=\"article\" \/>\n<meta property=\"og:title\" content=\"Ivana Beaumond assina novo editorial de noivas em Paris - Vestido de Noiva RJ\" \/>\n<meta property=\"og:description\" content=\"A empres\u00e1ria e estilista Ivana Beaumond produziu o seu mais...\" \/>\n<meta property=\"og:url\" content=\"https:\/\/www.ivanabeaumond.com.br\/vestidos-noiva\/ivana-beaumond-assina-novo-editorial-de-noivas-em-paris\/\" \/>\n<meta property=\"og:site_name\" content=\"Vestido de Noiva RJ\" \/>\n<meta property=\"article:publisher\" content=\"https:\/\/www.facebook.com\/ivana.beaumondnoivas\" \/>\n<meta property=\"article:published_time\" content=\"2022-05-03T16:36:08+00:00\" \/>\n<meta property=\"article:modified_time\" content=\"2022-09-20T21:29:31+00:00\" \/>\n<meta property=\"og:image\" content=\"https:\/\/www.ivanabeaumond.com.br\/vestidos-noiva\/wp-content\/uploads\/2022\/05\/7ddd559a-8344-494f-bfc0-8f27771d2972-2-e1663709453215.jpg\" \/>\n\t<meta property=\"og:image:width\" content=\"680\" \/>\n\t<meta property=\"og:image:height\" content=\"476\" \/>\n\t<meta property=\"og:image:type\" content=\"image\/jpeg\" \/>\n<meta name=\"author\" content=\"Ivana Beaumond Paris\" \/>\n<meta name=\"twitter:card\" content=\"summary_large_image\" \/>\n<meta name=\"twitter:label1\" content=\"Escrito por\" \/>\n\t<meta name=\"twitter:data1\" content=\"Ivana Beaumond Paris\" \/>\n\t<meta name=\"twitter:label2\" content=\"Est. tempo de leitura\" \/>\n\t<meta name=\"twitter:data2\" content=\"1 minuto\" \/>\n<script type=\"application\/ld+json\" class=\"yoast-schema-graph\">{\"@context\":\"https:\/\/schema.org\",\"@graph\":[{\"@type\":\"Article\",\"@id\":\"https:\/\/www.ivanabeaumond.com.br\/vestidos-noiva\/ivana-beaumond-assina-novo-editorial-de-noivas-em-paris\/#article\",\"isPartOf\":{\"@id\":\"https:\/\/www.ivanabeaumond.com.br\/vestidos-noiva\/ivana-beaumond-assina-novo-editorial-de-noivas-em-paris\/\"},\"author\":{\"name\":\"Ivana Beaumond Paris\",\"@id\":\"https:\/\/www.ivanabeaumond.com.br\/vestidos-noiva\/#\/schema\/person\/1a360c4cffa3b806d29a456389dcff26\"},\"headline\":\"Ivana Beaumond assina novo editorial de noivas em Paris\",\"datePublished\":\"2022-05-03T16:36:08+00:00\",\"dateModified\":\"2022-09-20T21:29:31+00:00\",\"mainEntityOfPage\":{\"@id\":\"https:\/\/www.ivanabeaumond.com.br\/vestidos-noiva\/ivana-beaumond-assina-novo-editorial-de-noivas-em-paris\/\"},\"wordCount\":286,\"commentCount\":0,\"publisher\":{\"@id\":\"https:\/\/www.ivanabeaumond.com.br\/vestidos-noiva\/#organization\"},\"keywords\":[\"atelier\",\"atelier ivana beaumond paris\",\"atelierivanario\",\"bridalfashionweek\",\"ivanabeaumond\",\"ivanaemparis\",\"ivanaparis\",\"noivas\",\"noivasivanabeaumond\",\"noivasparis\",\"noivasriodejaneiro\"],\"articleSection\":[\"Na M\u00eddia\"],\"inLanguage\":\"pt-BR\",\"potentialAction\":[{\"@type\":\"CommentAction\",\"name\":\"Comment\",\"target\":[\"https:\/\/www.ivanabeaumond.com.br\/vestidos-noiva\/ivana-beaumond-assina-novo-editorial-de-noivas-em-paris\/#respond\"]}]},{\"@type\":\"WebPage\",\"@id\":\"https:\/\/www.ivanabeaumond.com.br\/vestidos-noiva\/ivana-beaumond-assina-novo-editorial-de-noivas-em-paris\/\",\"url\":\"https:\/\/www.ivanabeaumond.com.br\/vestidos-noiva\/ivana-beaumond-assina-novo-editorial-de-noivas-em-paris\/\",\"name\":\"Ivana Beaumond assina novo editorial de noivas em Paris - Vestido de Noiva RJ\",\"isPartOf\":{\"@id\":\"https:\/\/www.ivanabeaumond.com.br\/vestidos-noiva\/#website\"},\"datePublished\":\"2022-05-03T16:36:08+00:00\",\"dateModified\":\"2022-09-20T21:29:31+00:00\",\"breadcrumb\":{\"@id\":\"https:\/\/www.ivanabeaumond.com.br\/vestidos-noiva\/ivana-beaumond-assina-novo-editorial-de-noivas-em-paris\/#breadcrumb\"},\"inLanguage\":\"pt-BR\",\"potentialAction\":[{\"@type\":\"ReadAction\",\"target\":[\"https:\/\/www.ivanabeaumond.com.br\/vestidos-noiva\/ivana-beaumond-assina-novo-editorial-de-noivas-em-paris\/\"]}]},{\"@type\":\"BreadcrumbList\",\"@id\":\"https:\/\/www.ivanabeaumond.com.br\/vestidos-noiva\/ivana-beaumond-assina-novo-editorial-de-noivas-em-paris\/#breadcrumb\",\"itemListElement\":[{\"@type\":\"ListItem\",\"position\":1,\"name\":\"In\u00edcio\",\"item\":\"https:\/\/www.ivanabeaumond.com.br\/vestidos-noiva\/\"},{\"@type\":\"ListItem\",\"position\":2,\"name\":\"Ivana Beaumond assina novo editorial de noivas em Paris\"}]},{\"@type\":\"WebSite\",\"@id\":\"https:\/\/www.ivanabeaumond.com.br\/vestidos-noiva\/#website\",\"url\":\"https:\/\/www.ivanabeaumond.com.br\/vestidos-noiva\/\",\"name\":\"Vestido de Noiva RJ\",\"description\":\"Moda Noiva\",\"publisher\":{\"@id\":\"https:\/\/www.ivanabeaumond.com.br\/vestidos-noiva\/#organization\"},\"potentialAction\":[{\"@type\":\"SearchAction\",\"target\":{\"@type\":\"EntryPoint\",\"urlTemplate\":\"https:\/\/www.ivanabeaumond.com.br\/vestidos-noiva\/?s={search_term_string}\"},\"query-input\":\"required name=search_term_string\"}],\"inLanguage\":\"pt-BR\"},{\"@type\":\"Organization\",\"@id\":\"https:\/\/www.ivanabeaumond.com.br\/vestidos-noiva\/#organization\",\"name\":\"Vestido de Noiva RJ\",\"url\":\"https:\/\/www.ivanabeaumond.com.br\/vestidos-noiva\/\",\"logo\":{\"@type\":\"ImageObject\",\"inLanguage\":\"pt-BR\",\"@id\":\"https:\/\/www.ivanabeaumond.com.br\/vestidos-noiva\/#\/schema\/logo\/image\/\",\"url\":\"https:\/\/www.ivanabeaumond.com.br\/vestidos-noiva\/wp-content\/uploads\/2018\/02\/logo_ivana_beaumond-2.png\",\"contentUrl\":\"https:\/\/www.ivanabeaumond.com.br\/vestidos-noiva\/wp-content\/uploads\/2018\/02\/logo_ivana_beaumond-2.png\",\"width\":230,\"height\":112,\"caption\":\"Vestido de Noiva RJ\"},\"image\":{\"@id\":\"https:\/\/www.ivanabeaumond.com.br\/vestidos-noiva\/#\/schema\/logo\/image\/\"},\"sameAs\":[\"https:\/\/www.facebook.com\/ivana.beaumondnoivas\",\"https:\/\/www.instagram.com\/ivanabeaumond\/\",\"https:\/\/www.tiktok.com\/@ivanabeaumond\"]},{\"@type\":\"Person\",\"@id\":\"https:\/\/www.ivanabeaumond.com.br\/vestidos-noiva\/#\/schema\/person\/1a360c4cffa3b806d29a456389dcff26\",\"name\":\"Ivana Beaumond Paris\",\"image\":{\"@type\":\"ImageObject\",\"inLanguage\":\"pt-BR\",\"@id\":\"https:\/\/www.ivanabeaumond.com.br\/vestidos-noiva\/#\/schema\/person\/image\/\",\"url\":\"https:\/\/secure.gravatar.com\/avatar\/641f98db20b53ec937ceb641db4270b9?s=96&d=mm&r=g\",\"contentUrl\":\"https:\/\/secure.gravatar.com\/avatar\/641f98db20b53ec937ceb641db4270b9?s=96&d=mm&r=g\",\"caption\":\"Ivana Beaumond Paris\"},\"url\":\"https:\/\/www.ivanabeaumond.com.br\/vestidos-noiva\/author\/ivana\/\"}]}<\/script>\n<!-- \/ Yoast SEO plugin. -->","yoast_head_json":{"title":"Ivana Beaumond assina novo editorial de noivas em Paris - Vestido de Noiva RJ","robots":{"index":"index","follow":"follow","max-snippet":"max-snippet:-1","max-image-preview":"max-image-preview:large","max-video-preview":"max-video-preview:-1"},"canonical":"https:\/\/www.ivanabeaumond.com.br\/vestidos-noiva\/ivana-beaumond-assina-novo-editorial-de-noivas-em-paris\/","og_locale":"pt_BR","og_type":"article","og_title":"Ivana Beaumond assina novo editorial de noivas em Paris - Vestido de Noiva RJ","og_description":"A empres\u00e1ria e estilista Ivana Beaumond produziu o seu mais...","og_url":"https:\/\/www.ivanabeaumond.com.br\/vestidos-noiva\/ivana-beaumond-assina-novo-editorial-de-noivas-em-paris\/","og_site_name":"Vestido de Noiva RJ","article_publisher":"https:\/\/www.facebook.com\/ivana.beaumondnoivas","article_published_time":"2022-05-03T16:36:08+00:00","article_modified_time":"2022-09-20T21:29:31+00:00","og_image":[{"width":680,"height":476,"url":"https:\/\/www.ivanabeaumond.com.br\/vestidos-noiva\/wp-content\/uploads\/2022\/05\/7ddd559a-8344-494f-bfc0-8f27771d2972-2-e1663709453215.jpg","type":"image\/jpeg"}],"author":"Ivana Beaumond Paris","twitter_card":"summary_large_image","twitter_misc":{"Escrito por":"Ivana Beaumond Paris","Est. tempo de leitura":"1 minuto"},"schema":{"@context":"https:\/\/schema.org","@graph":[{"@type":"Article","@id":"https:\/\/www.ivanabeaumond.com.br\/vestidos-noiva\/ivana-beaumond-assina-novo-editorial-de-noivas-em-paris\/#article","isPartOf":{"@id":"https:\/\/www.ivanabeaumond.com.br\/vestidos-noiva\/ivana-beaumond-assina-novo-editorial-de-noivas-em-paris\/"},"author":{"name":"Ivana Beaumond Paris","@id":"https:\/\/www.ivanabeaumond.com.br\/vestidos-noiva\/#\/schema\/person\/1a360c4cffa3b806d29a456389dcff26"},"headline":"Ivana Beaumond assina novo editorial de noivas em Paris","datePublished":"2022-05-03T16:36:08+00:00","dateModified":"2022-09-20T21:29:31+00:00","mainEntityOfPage":{"@id":"https:\/\/www.ivanabeaumond.com.br\/vestidos-noiva\/ivana-beaumond-assina-novo-editorial-de-noivas-em-paris\/"},"wordCount":286,"commentCount":0,"publisher":{"@id":"https:\/\/www.ivanabeaumond.com.br\/vestidos-noiva\/#organization"},"keywords":["atelier","atelier ivana beaumond paris","atelierivanario","bridalfashionweek","ivanabeaumond","ivanaemparis","ivanaparis","noivas","noivasivanabeaumond","noivasparis","noivasriodejaneiro"],"articleSection":["Na M\u00eddia"],"inLanguage":"pt-BR","potentialAction":[{"@type":"CommentAction","name":"Comment","target":["https:\/\/www.ivanabeaumond.com.br\/vestidos-noiva\/ivana-beaumond-assina-novo-editorial-de-noivas-em-paris\/#respond"]}]},{"@type":"WebPage","@id":"https:\/\/www.ivanabeaumond.com.br\/vestidos-noiva\/ivana-beaumond-assina-novo-editorial-de-noivas-em-paris\/","url":"https:\/\/www.ivanabeaumond.com.br\/vestidos-noiva\/ivana-beaumond-assina-novo-editorial-de-noivas-em-paris\/","name":"Ivana Beaumond assina novo editorial de noivas em Paris - Vestido de Noiva RJ","isPartOf":{"@id":"https:\/\/www.ivanabeaumond.com.br\/vestidos-noiva\/#website"},"datePublished":"2022-05-03T16:36:08+00:00","dateModified":"2022-09-20T21:29:31+00:00","breadcrumb":{"@id":"https:\/\/www.ivanabeaumond.com.br\/vestidos-noiva\/ivana-beaumond-assina-novo-editorial-de-noivas-em-paris\/#breadcrumb"},"inLanguage":"pt-BR","potentialAction":[{"@type":"ReadAction","target":["https:\/\/www.ivanabeaumond.com.br\/vestidos-noiva\/ivana-beaumond-assina-novo-editorial-de-noivas-em-paris\/"]}]},{"@type":"BreadcrumbList","@id":"https:\/\/www.ivanabeaumond.com.br\/vestidos-noiva\/ivana-beaumond-assina-novo-editorial-de-noivas-em-paris\/#breadcrumb","itemListElement":[{"@type":"ListItem","position":1,"name":"In\u00edcio","item":"https:\/\/www.ivanabeaumond.com.br\/vestidos-noiva\/"},{"@type":"ListItem","position":2,"name":"Ivana Beaumond assina novo editorial de noivas em Paris"}]},{"@type":"WebSite","@id":"https:\/\/www.ivanabeaumond.com.br\/vestidos-noiva\/#website","url":"https:\/\/www.ivanabeaumond.com.br\/vestidos-noiva\/","name":"Vestido de Noiva RJ","description":"Moda Noiva","publisher":{"@id":"https:\/\/www.ivanabeaumond.com.br\/vestidos-noiva\/#organization"},"potentialAction":[{"@type":"SearchAction","target":{"@type":"EntryPoint","urlTemplate":"https:\/\/www.ivanabeaumond.com.br\/vestidos-noiva\/?s={search_term_string}"},"query-input":"required name=search_term_string"}],"inLanguage":"pt-BR"},{"@type":"Organization","@id":"https:\/\/www.ivanabeaumond.com.br\/vestidos-noiva\/#organization","name":"Vestido de Noiva RJ","url":"https:\/\/www.ivanabeaumond.com.br\/vestidos-noiva\/","logo":{"@type":"ImageObject","inLanguage":"pt-BR","@id":"https:\/\/www.ivanabeaumond.com.br\/vestidos-noiva\/#\/schema\/logo\/image\/","url":"https:\/\/www.ivanabeaumond.com.br\/vestidos-noiva\/wp-content\/uploads\/2018\/02\/logo_ivana_beaumond-2.png","contentUrl":"https:\/\/www.ivanabeaumond.com.br\/vestidos-noiva\/wp-content\/uploads\/2018\/02\/logo_ivana_beaumond-2.png","width":230,"height":112,"caption":"Vestido de Noiva RJ"},"image":{"@id":"https:\/\/www.ivanabeaumond.com.br\/vestidos-noiva\/#\/schema\/logo\/image\/"},"sameAs":["https:\/\/www.facebook.com\/ivana.beaumondnoivas","https:\/\/www.instagram.com\/ivanabeaumond\/","https:\/\/www.tiktok.com\/@ivanabeaumond"]},{"@type":"Person","@id":"https:\/\/www.ivanabeaumond.com.br\/vestidos-noiva\/#\/schema\/person\/1a360c4cffa3b806d29a456389dcff26","name":"Ivana Beaumond Paris","image":{"@type":"ImageObject","inLanguage":"pt-BR","@id":"https:\/\/www.ivanabeaumond.com.br\/vestidos-noiva\/#\/schema\/person\/image\/","url":"https:\/\/secure.gravatar.com\/avatar\/641f98db20b53ec937ceb641db4270b9?s=96&d=mm&r=g","contentUrl":"https:\/\/secure.gravatar.com\/avatar\/641f98db20b53ec937ceb641db4270b9?s=96&d=mm&r=g","caption":"Ivana Beaumond Paris"},"url":"https:\/\/www.ivanabeaumond.com.br\/vestidos-noiva\/author\/ivana\/"}]}},"_links":{"self":[{"href":"https:\/\/www.ivanabeaumond.com.br\/vestidos-noiva\/wp-json\/wp\/v2\/posts\/128218"}],"collection":[{"href":"https:\/\/www.ivanabeaumond.com.br\/vestidos-noiva\/wp-json\/wp\/v2\/posts"}],"about":[{"href":"https:\/\/www.ivanabeaumond.com.br\/vestidos-noiva\/wp-json\/wp\/v2\/types\/post"}],"author":[{"embeddable":true,"href":"https:\/\/www.ivanabeaumond.com.br\/vestidos-noiva\/wp-json\/wp\/v2\/users\/4"}],"replies":[{"embeddable":true,"href":"https:\/\/www.ivanabeaumond.com.br\/vestidos-noiva\/wp-json\/wp\/v2\/comments?post=128218"}],"version-history":[{"count":7,"href":"https:\/\/www.ivanabeaumond.com.br\/vestidos-noiva\/wp-json\/wp\/v2\/posts\/128218\/revisions"}],"predecessor-version":[{"id":145355,"href":"https:\/\/www.ivanabeaumond.com.br\/vestidos-noiva\/wp-json\/wp\/v2\/posts\/128218\/revisions\/145355"}],"wp:featuredmedia":[{"embeddable":true,"href":"https:\/\/www.ivanabeaumond.com.br\/vestidos-noiva\/wp-json\/wp\/v2\/media\/128340"}],"wp:attachment":[{"href":"https:\/\/www.ivanabeaumond.com.br\/vestidos-noiva\/wp-json\/wp\/v2\/media?parent=128218"}],"wp:term":[{"taxonomy":"category","embeddable":true,"href":"https:\/\/www.ivanabeaumond.com.br\/vestidos-noiva\/wp-json\/wp\/v2\/categories?post=128218"},{"taxonomy":"post_tag","embeddable":true,"href":"https:\/\/www.ivanabeaumond.com.br\/vestidos-noiva\/wp-json\/wp\/v2\/tags?post=128218"}],"curies":[{"name":"wp","href":"https:\/\/api.w.org\/{rel}","templated":true}]}}