{"id":12857,"date":"2017-06-24T00:30:09","date_gmt":"2017-06-24T03:30:09","guid":{"rendered":"http:\/\/www.ivanabeaumond.com.br\/vestidos-noiva\/?p=12857"},"modified":"2017-10-23T15:45:29","modified_gmt":"2017-10-23T17:45:29","slug":"atriz-nikki-meneghel-sobrinha-de-xuxa-veste-by-ivana-beaumond","status":"publish","type":"post","link":"https:\/\/www.ivanabeaumond.com.br\/vestidos-noiva\/atriz-nikki-meneghel-sobrinha-de-xuxa-veste-by-ivana-beaumond\/","title":{"rendered":"Atriz Nikki Meneghel , Sobrinha de Xuxa, Veste By Ivana Beaumond"},"content":{"rendered":"<h5 style=\"text-align: justify;\"><span style=\"color: #999999;\"><em>O dia 16\/06\/2017 foi marcado por uma grande comemora\u00e7\u00e3o&#8230; Os 12 anos da atriz mirim <strong>Nikki Meneghel.<\/strong><\/em><\/span><\/h5>\n<h5 style=\"text-align: justify;\"><span style=\"color: #999999;\"><em>A sobrinha da Xuxa, inovou com o tema da festa e comemorou seus 12 anos em um grande Baile de M\u00e1scaras.\u00a0<\/em><em>Com muitos amigos e familiares, a atriz curtiu muito sua festa, que aconteceu na Casa de Festas Collossos, localizada no Recreio. Com presen\u00e7as ilustres da sua tia <strong>Xuxa Meneghel<\/strong> e o namorado Junno Andrade, Nikki aproveitou cada minuto da comemora\u00e7\u00e3o e dan\u00e7ou muito ao som do MC Duduzinho. A cobertura do evento, ficou por conta de Amin Khader com entrevistas e flashes ao vivo.\u00a0<\/em><em>Para represent\u00e1-la nesse dia t\u00e3o especial, Nikki escolheu 2 modelos maravilhosos da <strong>Cole\u00e7\u00e3o by<\/strong> <strong>Ivana Beaumond<\/strong>.\u00a0<\/em><em>O primeiro vestido, desenhado por nossa estilista Florence Beaumond, acompanha renda bordada e tule na saia god\u00ea. O decote das costas \u00e9 um charme a mais e a cor do vestido, o rosa seco, est\u00e1 super em alta. O segundo vestido, para o momento do &#8221; Parab\u00e9ns &#8221; , \u00e9 encantador e doce, como Nikki. Curtinho e bem rodado, a saia de tule tem uma leveza que contrasta muito bem com a renda aplicada no busto! Um encanto! Para finalizar o look da princesa do Baile de M\u00e1scaras, Nikki se apaixonou pela nossa mini tiara da &#8220;Cole\u00e7\u00e3o\u00a0Princess &#8211; <strong>Ivana Beaumond<\/strong> &#8220;, deixando seu visual ainda mais lindo e iluminado.<\/em><\/span><\/h5>\n<p>&nbsp;<\/p>\n<h5 style=\"text-align: justify;\"><span style=\"color: #999999;\"><em>Para saber mais dessa festa incr\u00edvel de Nikki Meneghel, confira abaixo os cliques do <strong>fot\u00f3grafo Jef Santos<\/strong>.<\/em><\/span><\/h5>\n<div id=\"attachment_12859\" style=\"width: 910px\" class=\"wp-caption aligncenter\"><a href=\"http:\/\/www.ivanabeaumond.com.br\/vestidos-noiva\/wp-content\/uploads\/2017\/06\/Atriz-Nikki-Meneghel-Veste-Ivana-Beaumond-1-e1498249693209.jpg\"><img aria-describedby=\"caption-attachment-12859\" decoding=\"async\" loading=\"lazy\" class=\"size-full wp-image-12859\" src=\"http:\/\/www.ivanabeaumond.com.br\/vestidos-noiva\/wp-content\/uploads\/2017\/06\/Atriz-Nikki-Meneghel-Veste-Ivana-Beaumond-1-e1498249693209.jpg\" alt=\"Atriz Nikki Meneghel Veste Ivana Beaumond nos seus 12 anos - 16\/06\/2017\" width=\"900\" height=\"600\" \/><\/a><p id=\"caption-attachment-12859\" class=\"wp-caption-text\"><span style=\"color: #999999;\">Atriz Nikki Meneghel Veste By Ivana Beaumond\u00a0<\/span><\/p><\/div>\n<div id=\"attachment_12863\" style=\"width: 910px\" class=\"wp-caption aligncenter\"><a href=\"http:\/\/www.ivanabeaumond.com.br\/vestidos-noiva\/wp-content\/uploads\/2017\/06\/Atriz-Nikki-Meneghel-Veste-Ivana-Beaumond-14-e1498249728600.jpg\"><img aria-describedby=\"caption-attachment-12863\" decoding=\"async\" loading=\"lazy\" class=\"size-full wp-image-12863\" src=\"http:\/\/www.ivanabeaumond.com.br\/vestidos-noiva\/wp-content\/uploads\/2017\/06\/Atriz-Nikki-Meneghel-Veste-Ivana-Beaumond-14-e1498249728600.jpg\" alt=\"Atriz Nikki Meneghel Veste Ivana Beaumond nos seus 12 anos - 16\/06\/2017\" width=\"900\" height=\"600\" \/><\/a><p id=\"caption-attachment-12863\" class=\"wp-caption-text\"><span style=\"color: #999999;\">Atriz Nikki Meneghel Veste By Ivana Beaumond\u00a0<\/span><\/p><\/div>\n<div id=\"attachment_12864\" style=\"width: 910px\" class=\"wp-caption aligncenter\"><a href=\"http:\/\/www.ivanabeaumond.com.br\/vestidos-noiva\/wp-content\/uploads\/2017\/06\/Atriz-Nikki-Meneghel-Veste-Ivana-Beaumond-16-e1498249742485.jpg\"><img aria-describedby=\"caption-attachment-12864\" decoding=\"async\" loading=\"lazy\" class=\"size-full wp-image-12864\" src=\"http:\/\/www.ivanabeaumond.com.br\/vestidos-noiva\/wp-content\/uploads\/2017\/06\/Atriz-Nikki-Meneghel-Veste-Ivana-Beaumond-16-e1498249742485.jpg\" alt=\"Atriz Nikki Meneghel Veste Ivana Beaumond nos seus 12 anos - 16\/06\/2017\" width=\"900\" height=\"600\" \/><\/a><p id=\"caption-attachment-12864\" class=\"wp-caption-text\"><span style=\"color: #999999;\">Atriz Nikki Meneghel Veste By Ivana Beaumond\u00a0<\/span><\/p><\/div>\n<div id=\"attachment_12865\" style=\"width: 910px\" class=\"wp-caption aligncenter\"><a href=\"http:\/\/www.ivanabeaumond.com.br\/vestidos-noiva\/wp-content\/uploads\/2017\/06\/Atriz-Nikki-Meneghel-Veste-Ivana-Beaumond-17-e1498249757371.jpg\"><img aria-describedby=\"caption-attachment-12865\" decoding=\"async\" loading=\"lazy\" class=\"size-full wp-image-12865\" src=\"http:\/\/www.ivanabeaumond.com.br\/vestidos-noiva\/wp-content\/uploads\/2017\/06\/Atriz-Nikki-Meneghel-Veste-Ivana-Beaumond-17-e1498249757371.jpg\" alt=\"Atriz Nikki Meneghel Veste Ivana Beaumond nos seus 12 anos - 16\/06\/2017\" width=\"900\" height=\"600\" \/><\/a><p id=\"caption-attachment-12865\" class=\"wp-caption-text\"><span style=\"color: #999999;\">Atriz Nikki Meneghel Veste By Ivana Beaumond\u00a0<br \/><\/span><\/p><\/div>\n<p><a href=\"http:\/\/www.ivanabeaumond.com.br\/vestidos-noiva\/wp-content\/uploads\/2017\/06\/Atriz-Nikki-Meneghel-Veste-Ivana-Beaumond-28-e1498249839352.jpg\"><img decoding=\"async\" loading=\"lazy\" class=\" wp-image-12870\" src=\"http:\/\/www.ivanabeaumond.com.br\/vestidos-noiva\/wp-content\/uploads\/2017\/06\/Atriz-Nikki-Meneghel-Veste-Ivana-Beaumond-28-e1498249839352.jpg\" alt=\"A apresentadora Xuxa Meneghel  no anivers\u00e1rio de sua sobrinha Nikki 16\/06\/2017\" width=\"894\" height=\"596\" \/><\/a><\/p>\n<p><a href=\"http:\/\/www.ivanabeaumond.com.br\/vestidos-noiva\/wp-content\/uploads\/2017\/06\/Atriz-Nikki-Meneghel-Veste-Ivana-Beaumond-34-e1498249870296.jpg\"><img decoding=\"async\" loading=\"lazy\" class=\"size-full wp-image-12873\" src=\"http:\/\/www.ivanabeaumond.com.br\/vestidos-noiva\/wp-content\/uploads\/2017\/06\/Atriz-Nikki-Meneghel-Veste-Ivana-Beaumond-34-e1498249870296.jpg\" alt=\"Atriz Nikki Meneghel Veste Ivana Beaumond nos seus 12 anos - 16\/06\/2017\" width=\"900\" height=\"600\" \/><\/a><\/p>\n<div id=\"attachment_12877\" style=\"width: 910px\" class=\"wp-caption aligncenter\"><a href=\"http:\/\/www.ivanabeaumond.com.br\/vestidos-noiva\/wp-content\/uploads\/2017\/06\/Atriz-Nikki-Meneghel-Veste-Ivana-Beaumond-43-e1498249917331.jpg\"><img aria-describedby=\"caption-attachment-12877\" decoding=\"async\" loading=\"lazy\" class=\"size-full wp-image-12877\" src=\"http:\/\/www.ivanabeaumond.com.br\/vestidos-noiva\/wp-content\/uploads\/2017\/06\/Atriz-Nikki-Meneghel-Veste-Ivana-Beaumond-43-e1498249917331.jpg\" alt=\"Atriz Nikki Meneghel Veste Ivana Beaumond nos seus 12 anos - 16\/06\/2017\" width=\"900\" height=\"600\" \/><\/a><p id=\"caption-attachment-12877\" class=\"wp-caption-text\"><span style=\"color: #999999;\">Atriz Nikki Meneghel Veste By Ivana Beaumond\u00a0<\/span><\/p><\/div>\n<div id=\"attachment_12878\" style=\"width: 910px\" class=\"wp-caption aligncenter\"><a href=\"http:\/\/www.ivanabeaumond.com.br\/vestidos-noiva\/wp-content\/uploads\/2017\/06\/Atriz-Nikki-Meneghel-Veste-Ivana-Beaumond-46-e1498249933202.jpg\"><img aria-describedby=\"caption-attachment-12878\" decoding=\"async\" loading=\"lazy\" class=\"size-full wp-image-12878\" src=\"http:\/\/www.ivanabeaumond.com.br\/vestidos-noiva\/wp-content\/uploads\/2017\/06\/Atriz-Nikki-Meneghel-Veste-Ivana-Beaumond-46-e1498249933202.jpg\" alt=\"Atriz Nikki Meneghel Veste Ivana Beaumond nos seus 12 anos - 16\/06\/2017\" width=\"900\" height=\"600\" \/><\/a><p id=\"caption-attachment-12878\" class=\"wp-caption-text\"><span style=\"color: #999999;\">Atriz Nikki Meneghel\u00a0com o MC Duduzinho<\/span><\/p><\/div>\n<div id=\"attachment_12879\" style=\"width: 876px\" class=\"wp-caption aligncenter\"><a href=\"http:\/\/www.ivanabeaumond.com.br\/vestidos-noiva\/wp-content\/uploads\/2017\/06\/Atriz-Nikki-Meneghel-Veste-Ivana-Beaumond-47.jpg\"><img aria-describedby=\"caption-attachment-12879\" decoding=\"async\" loading=\"lazy\" class=\"size-full wp-image-12879\" src=\"http:\/\/www.ivanabeaumond.com.br\/vestidos-noiva\/wp-content\/uploads\/2017\/06\/Atriz-Nikki-Meneghel-Veste-Ivana-Beaumond-47.jpg\" alt=\"Atriz Nikki Meneghel Veste Ivana Beaumond nos seus 12 anos - 16\/06\/2017\" width=\"866\" height=\"1300\" srcset=\"https:\/\/www.ivanabeaumond.com.br\/vestidos-noiva\/wp-content\/uploads\/2017\/06\/Atriz-Nikki-Meneghel-Veste-Ivana-Beaumond-47.jpg 866w, https:\/\/www.ivanabeaumond.com.br\/vestidos-noiva\/wp-content\/uploads\/2017\/06\/Atriz-Nikki-Meneghel-Veste-Ivana-Beaumond-47-200x300.jpg 200w, https:\/\/www.ivanabeaumond.com.br\/vestidos-noiva\/wp-content\/uploads\/2017\/06\/Atriz-Nikki-Meneghel-Veste-Ivana-Beaumond-47-682x1024.jpg 682w\" sizes=\"(max-width: 866px) 100vw, 866px\" \/><\/a><p id=\"caption-attachment-12879\" class=\"wp-caption-text\"><span style=\"color: #999999;\">Atriz Nikki Meneghel Veste By Veste Ivana Beaumond\u00a0<\/span><\/p><\/div>\n<div id=\"attachment_12880\" style=\"width: 910px\" class=\"wp-caption aligncenter\"><a href=\"http:\/\/www.ivanabeaumond.com.br\/vestidos-noiva\/wp-content\/uploads\/2017\/06\/Atriz-Nikki-Meneghel-Veste-Ivana-Beaumond-51-e1498249955562.jpg\"><img aria-describedby=\"caption-attachment-12880\" decoding=\"async\" loading=\"lazy\" class=\"size-full wp-image-12880\" src=\"http:\/\/www.ivanabeaumond.com.br\/vestidos-noiva\/wp-content\/uploads\/2017\/06\/Atriz-Nikki-Meneghel-Veste-Ivana-Beaumond-51-e1498249955562.jpg\" alt=\"Atriz Nikki Meneghel Veste Ivana Beaumond nos seus 12 anos - 16\/06\/2017\" width=\"900\" height=\"600\" \/><\/a><p id=\"caption-attachment-12880\" class=\"wp-caption-text\"><span style=\"color: #999999;\">Atriz Nikki Meneghel Veste By Ivana Beaumond\u00a0<\/span><\/p><\/div>\n<div id=\"attachment_12881\" style=\"width: 910px\" class=\"wp-caption aligncenter\"><a href=\"http:\/\/www.ivanabeaumond.com.br\/vestidos-noiva\/wp-content\/uploads\/2017\/06\/Atriz-Nikki-Meneghel-Veste-Ivana-Beaumond-52-e1498249969524.jpg\"><img aria-describedby=\"caption-attachment-12881\" decoding=\"async\" loading=\"lazy\" class=\"size-full wp-image-12881\" src=\"http:\/\/www.ivanabeaumond.com.br\/vestidos-noiva\/wp-content\/uploads\/2017\/06\/Atriz-Nikki-Meneghel-Veste-Ivana-Beaumond-52-e1498249969524.jpg\" alt=\"Atriz Nikki Meneghel Veste Ivana Beaumond nos seus 12 anos - 16\/06\/2017\" width=\"900\" height=\"600\" \/><\/a><p id=\"caption-attachment-12881\" class=\"wp-caption-text\"><span style=\"color: #999999;\">Atriz Nikki Meneghel Veste By Ivana Beaumond\u00a0<\/span><\/p><\/div>\n<p>&nbsp;<\/p>\n","protected":false},"excerpt":{"rendered":"<p>O dia 16\/06\/2017 foi marcado por uma grande comemora\u00e7\u00e3o&#8230; Os&#8230;<\/p>\n","protected":false},"author":4,"featured_media":12872,"comment_status":"open","ping_status":"open","sticky":false,"template":"","format":"standard","meta":[],"categories":[128],"tags":[131,133,170,96,137,162,103,136,164,165,138,115,171],"yoast_head":"<!-- This site is optimized with the Yoast SEO plugin v20.3 - https:\/\/yoast.com\/wordpress\/plugins\/seo\/ -->\n<title>Atriz Nikki Meneghel , Sobrinha de Xuxa, Veste By Ivana Beaumond - Vestido de Noiva RJ<\/title>\n<meta name=\"robots\" content=\"index, follow, max-snippet:-1, max-image-preview:large, max-video-preview:-1\" \/>\n<link rel=\"canonical\" href=\"https:\/\/www.ivanabeaumond.com.br\/vestidos-noiva\/atriz-nikki-meneghel-sobrinha-de-xuxa-veste-by-ivana-beaumond\/\" \/>\n<meta property=\"og:locale\" content=\"pt_BR\" \/>\n<meta property=\"og:type\" content=\"article\" \/>\n<meta property=\"og:title\" content=\"Atriz Nikki Meneghel , Sobrinha de Xuxa, Veste By Ivana Beaumond - Vestido de Noiva RJ\" \/>\n<meta property=\"og:description\" content=\"O dia 16\/06\/2017 foi marcado por uma grande comemora\u00e7\u00e3o&#8230; Os...\" \/>\n<meta property=\"og:url\" content=\"https:\/\/www.ivanabeaumond.com.br\/vestidos-noiva\/atriz-nikki-meneghel-sobrinha-de-xuxa-veste-by-ivana-beaumond\/\" \/>\n<meta property=\"og:site_name\" content=\"Vestido de Noiva RJ\" \/>\n<meta property=\"article:publisher\" content=\"https:\/\/www.facebook.com\/ivana.beaumondnoivas\" \/>\n<meta property=\"article:published_time\" content=\"2017-06-24T03:30:09+00:00\" \/>\n<meta property=\"article:modified_time\" content=\"2017-10-23T17:45:29+00:00\" \/>\n<meta property=\"og:image\" content=\"https:\/\/www.ivanabeaumond.com.br\/vestidos-noiva\/wp-content\/uploads\/2017\/06\/Atriz-Nikki-Meneghel-Veste-Ivana-Beaumond-31-e1498249857816.jpg\" \/>\n\t<meta property=\"og:image:width\" content=\"900\" \/>\n\t<meta property=\"og:image:height\" content=\"600\" \/>\n\t<meta property=\"og:image:type\" content=\"image\/jpeg\" \/>\n<meta name=\"author\" content=\"Ivana Beaumond Paris\" \/>\n<meta name=\"twitter:card\" content=\"summary_large_image\" \/>\n<meta name=\"twitter:label1\" content=\"Escrito por\" \/>\n\t<meta name=\"twitter:data1\" content=\"Ivana Beaumond Paris\" \/>\n\t<meta name=\"twitter:label2\" content=\"Est. tempo de leitura\" \/>\n\t<meta name=\"twitter:data2\" content=\"2 minutos\" \/>\n<script type=\"application\/ld+json\" class=\"yoast-schema-graph\">{\"@context\":\"https:\/\/schema.org\",\"@graph\":[{\"@type\":\"Article\",\"@id\":\"https:\/\/www.ivanabeaumond.com.br\/vestidos-noiva\/atriz-nikki-meneghel-sobrinha-de-xuxa-veste-by-ivana-beaumond\/#article\",\"isPartOf\":{\"@id\":\"https:\/\/www.ivanabeaumond.com.br\/vestidos-noiva\/atriz-nikki-meneghel-sobrinha-de-xuxa-veste-by-ivana-beaumond\/\"},\"author\":{\"name\":\"Ivana Beaumond Paris\",\"@id\":\"https:\/\/www.ivanabeaumond.com.br\/vestidos-noiva\/#\/schema\/person\/1a360c4cffa3b806d29a456389dcff26\"},\"headline\":\"Atriz Nikki Meneghel , Sobrinha de Xuxa, Veste By Ivana Beaumond\",\"datePublished\":\"2017-06-24T03:30:09+00:00\",\"dateModified\":\"2017-10-23T17:45:29+00:00\",\"mainEntityOfPage\":{\"@id\":\"https:\/\/www.ivanabeaumond.com.br\/vestidos-noiva\/atriz-nikki-meneghel-sobrinha-de-xuxa-veste-by-ivana-beaumond\/\"},\"wordCount\":387,\"commentCount\":0,\"publisher\":{\"@id\":\"https:\/\/www.ivanabeaumond.com.br\/vestidos-noiva\/#organization\"},\"keywords\":[\"aluguel de roupas\",\"atelierivanabeaumond\",\"atriz\",\"casamento\",\"convidadas\",\"festas\",\"madrinhas\",\"moda festa\",\"noivas\",\"padrinhos\",\"vestido de festa\",\"vestido de noiva\",\"xuxa\"],\"articleSection\":[\"Na M\u00eddia\"],\"inLanguage\":\"pt-BR\",\"potentialAction\":[{\"@type\":\"CommentAction\",\"name\":\"Comment\",\"target\":[\"https:\/\/www.ivanabeaumond.com.br\/vestidos-noiva\/atriz-nikki-meneghel-sobrinha-de-xuxa-veste-by-ivana-beaumond\/#respond\"]}]},{\"@type\":\"WebPage\",\"@id\":\"https:\/\/www.ivanabeaumond.com.br\/vestidos-noiva\/atriz-nikki-meneghel-sobrinha-de-xuxa-veste-by-ivana-beaumond\/\",\"url\":\"https:\/\/www.ivanabeaumond.com.br\/vestidos-noiva\/atriz-nikki-meneghel-sobrinha-de-xuxa-veste-by-ivana-beaumond\/\",\"name\":\"Atriz Nikki Meneghel , Sobrinha de Xuxa, Veste By Ivana Beaumond - Vestido de Noiva RJ\",\"isPartOf\":{\"@id\":\"https:\/\/www.ivanabeaumond.com.br\/vestidos-noiva\/#website\"},\"datePublished\":\"2017-06-24T03:30:09+00:00\",\"dateModified\":\"2017-10-23T17:45:29+00:00\",\"breadcrumb\":{\"@id\":\"https:\/\/www.ivanabeaumond.com.br\/vestidos-noiva\/atriz-nikki-meneghel-sobrinha-de-xuxa-veste-by-ivana-beaumond\/#breadcrumb\"},\"inLanguage\":\"pt-BR\",\"potentialAction\":[{\"@type\":\"ReadAction\",\"target\":[\"https:\/\/www.ivanabeaumond.com.br\/vestidos-noiva\/atriz-nikki-meneghel-sobrinha-de-xuxa-veste-by-ivana-beaumond\/\"]}]},{\"@type\":\"BreadcrumbList\",\"@id\":\"https:\/\/www.ivanabeaumond.com.br\/vestidos-noiva\/atriz-nikki-meneghel-sobrinha-de-xuxa-veste-by-ivana-beaumond\/#breadcrumb\",\"itemListElement\":[{\"@type\":\"ListItem\",\"position\":1,\"name\":\"In\u00edcio\",\"item\":\"https:\/\/www.ivanabeaumond.com.br\/vestidos-noiva\/\"},{\"@type\":\"ListItem\",\"position\":2,\"name\":\"Atriz Nikki Meneghel , Sobrinha de Xuxa, Veste By Ivana Beaumond\"}]},{\"@type\":\"WebSite\",\"@id\":\"https:\/\/www.ivanabeaumond.com.br\/vestidos-noiva\/#website\",\"url\":\"https:\/\/www.ivanabeaumond.com.br\/vestidos-noiva\/\",\"name\":\"Vestido de Noiva RJ\",\"description\":\"Moda Noiva\",\"publisher\":{\"@id\":\"https:\/\/www.ivanabeaumond.com.br\/vestidos-noiva\/#organization\"},\"potentialAction\":[{\"@type\":\"SearchAction\",\"target\":{\"@type\":\"EntryPoint\",\"urlTemplate\":\"https:\/\/www.ivanabeaumond.com.br\/vestidos-noiva\/?s={search_term_string}\"},\"query-input\":\"required name=search_term_string\"}],\"inLanguage\":\"pt-BR\"},{\"@type\":\"Organization\",\"@id\":\"https:\/\/www.ivanabeaumond.com.br\/vestidos-noiva\/#organization\",\"name\":\"Vestido de Noiva RJ\",\"url\":\"https:\/\/www.ivanabeaumond.com.br\/vestidos-noiva\/\",\"logo\":{\"@type\":\"ImageObject\",\"inLanguage\":\"pt-BR\",\"@id\":\"https:\/\/www.ivanabeaumond.com.br\/vestidos-noiva\/#\/schema\/logo\/image\/\",\"url\":\"https:\/\/www.ivanabeaumond.com.br\/vestidos-noiva\/wp-content\/uploads\/2018\/02\/logo_ivana_beaumond-2.png\",\"contentUrl\":\"https:\/\/www.ivanabeaumond.com.br\/vestidos-noiva\/wp-content\/uploads\/2018\/02\/logo_ivana_beaumond-2.png\",\"width\":230,\"height\":112,\"caption\":\"Vestido de Noiva RJ\"},\"image\":{\"@id\":\"https:\/\/www.ivanabeaumond.com.br\/vestidos-noiva\/#\/schema\/logo\/image\/\"},\"sameAs\":[\"https:\/\/www.facebook.com\/ivana.beaumondnoivas\",\"https:\/\/www.instagram.com\/ivanabeaumond\/\",\"https:\/\/www.tiktok.com\/@ivanabeaumond\"]},{\"@type\":\"Person\",\"@id\":\"https:\/\/www.ivanabeaumond.com.br\/vestidos-noiva\/#\/schema\/person\/1a360c4cffa3b806d29a456389dcff26\",\"name\":\"Ivana Beaumond Paris\",\"image\":{\"@type\":\"ImageObject\",\"inLanguage\":\"pt-BR\",\"@id\":\"https:\/\/www.ivanabeaumond.com.br\/vestidos-noiva\/#\/schema\/person\/image\/\",\"url\":\"https:\/\/secure.gravatar.com\/avatar\/641f98db20b53ec937ceb641db4270b9?s=96&d=mm&r=g\",\"contentUrl\":\"https:\/\/secure.gravatar.com\/avatar\/641f98db20b53ec937ceb641db4270b9?s=96&d=mm&r=g\",\"caption\":\"Ivana Beaumond Paris\"},\"url\":\"https:\/\/www.ivanabeaumond.com.br\/vestidos-noiva\/author\/ivana\/\"}]}<\/script>\n<!-- \/ Yoast SEO plugin. -->","yoast_head_json":{"title":"Atriz Nikki Meneghel , Sobrinha de Xuxa, Veste By Ivana Beaumond - Vestido de Noiva RJ","robots":{"index":"index","follow":"follow","max-snippet":"max-snippet:-1","max-image-preview":"max-image-preview:large","max-video-preview":"max-video-preview:-1"},"canonical":"https:\/\/www.ivanabeaumond.com.br\/vestidos-noiva\/atriz-nikki-meneghel-sobrinha-de-xuxa-veste-by-ivana-beaumond\/","og_locale":"pt_BR","og_type":"article","og_title":"Atriz Nikki Meneghel , Sobrinha de Xuxa, Veste By Ivana Beaumond - Vestido de Noiva RJ","og_description":"O dia 16\/06\/2017 foi marcado por uma grande comemora\u00e7\u00e3o&#8230; Os...","og_url":"https:\/\/www.ivanabeaumond.com.br\/vestidos-noiva\/atriz-nikki-meneghel-sobrinha-de-xuxa-veste-by-ivana-beaumond\/","og_site_name":"Vestido de Noiva RJ","article_publisher":"https:\/\/www.facebook.com\/ivana.beaumondnoivas","article_published_time":"2017-06-24T03:30:09+00:00","article_modified_time":"2017-10-23T17:45:29+00:00","og_image":[{"width":900,"height":600,"url":"https:\/\/www.ivanabeaumond.com.br\/vestidos-noiva\/wp-content\/uploads\/2017\/06\/Atriz-Nikki-Meneghel-Veste-Ivana-Beaumond-31-e1498249857816.jpg","type":"image\/jpeg"}],"author":"Ivana Beaumond Paris","twitter_card":"summary_large_image","twitter_misc":{"Escrito por":"Ivana Beaumond Paris","Est. tempo de leitura":"2 minutos"},"schema":{"@context":"https:\/\/schema.org","@graph":[{"@type":"Article","@id":"https:\/\/www.ivanabeaumond.com.br\/vestidos-noiva\/atriz-nikki-meneghel-sobrinha-de-xuxa-veste-by-ivana-beaumond\/#article","isPartOf":{"@id":"https:\/\/www.ivanabeaumond.com.br\/vestidos-noiva\/atriz-nikki-meneghel-sobrinha-de-xuxa-veste-by-ivana-beaumond\/"},"author":{"name":"Ivana Beaumond Paris","@id":"https:\/\/www.ivanabeaumond.com.br\/vestidos-noiva\/#\/schema\/person\/1a360c4cffa3b806d29a456389dcff26"},"headline":"Atriz Nikki Meneghel , Sobrinha de Xuxa, Veste By Ivana Beaumond","datePublished":"2017-06-24T03:30:09+00:00","dateModified":"2017-10-23T17:45:29+00:00","mainEntityOfPage":{"@id":"https:\/\/www.ivanabeaumond.com.br\/vestidos-noiva\/atriz-nikki-meneghel-sobrinha-de-xuxa-veste-by-ivana-beaumond\/"},"wordCount":387,"commentCount":0,"publisher":{"@id":"https:\/\/www.ivanabeaumond.com.br\/vestidos-noiva\/#organization"},"keywords":["aluguel de roupas","atelierivanabeaumond","atriz","casamento","convidadas","festas","madrinhas","moda festa","noivas","padrinhos","vestido de festa","vestido de noiva","xuxa"],"articleSection":["Na M\u00eddia"],"inLanguage":"pt-BR","potentialAction":[{"@type":"CommentAction","name":"Comment","target":["https:\/\/www.ivanabeaumond.com.br\/vestidos-noiva\/atriz-nikki-meneghel-sobrinha-de-xuxa-veste-by-ivana-beaumond\/#respond"]}]},{"@type":"WebPage","@id":"https:\/\/www.ivanabeaumond.com.br\/vestidos-noiva\/atriz-nikki-meneghel-sobrinha-de-xuxa-veste-by-ivana-beaumond\/","url":"https:\/\/www.ivanabeaumond.com.br\/vestidos-noiva\/atriz-nikki-meneghel-sobrinha-de-xuxa-veste-by-ivana-beaumond\/","name":"Atriz Nikki Meneghel , Sobrinha de Xuxa, Veste By Ivana Beaumond - Vestido de Noiva RJ","isPartOf":{"@id":"https:\/\/www.ivanabeaumond.com.br\/vestidos-noiva\/#website"},"datePublished":"2017-06-24T03:30:09+00:00","dateModified":"2017-10-23T17:45:29+00:00","breadcrumb":{"@id":"https:\/\/www.ivanabeaumond.com.br\/vestidos-noiva\/atriz-nikki-meneghel-sobrinha-de-xuxa-veste-by-ivana-beaumond\/#breadcrumb"},"inLanguage":"pt-BR","potentialAction":[{"@type":"ReadAction","target":["https:\/\/www.ivanabeaumond.com.br\/vestidos-noiva\/atriz-nikki-meneghel-sobrinha-de-xuxa-veste-by-ivana-beaumond\/"]}]},{"@type":"BreadcrumbList","@id":"https:\/\/www.ivanabeaumond.com.br\/vestidos-noiva\/atriz-nikki-meneghel-sobrinha-de-xuxa-veste-by-ivana-beaumond\/#breadcrumb","itemListElement":[{"@type":"ListItem","position":1,"name":"In\u00edcio","item":"https:\/\/www.ivanabeaumond.com.br\/vestidos-noiva\/"},{"@type":"ListItem","position":2,"name":"Atriz Nikki Meneghel , Sobrinha de Xuxa, Veste By Ivana Beaumond"}]},{"@type":"WebSite","@id":"https:\/\/www.ivanabeaumond.com.br\/vestidos-noiva\/#website","url":"https:\/\/www.ivanabeaumond.com.br\/vestidos-noiva\/","name":"Vestido de Noiva RJ","description":"Moda Noiva","publisher":{"@id":"https:\/\/www.ivanabeaumond.com.br\/vestidos-noiva\/#organization"},"potentialAction":[{"@type":"SearchAction","target":{"@type":"EntryPoint","urlTemplate":"https:\/\/www.ivanabeaumond.com.br\/vestidos-noiva\/?s={search_term_string}"},"query-input":"required name=search_term_string"}],"inLanguage":"pt-BR"},{"@type":"Organization","@id":"https:\/\/www.ivanabeaumond.com.br\/vestidos-noiva\/#organization","name":"Vestido de Noiva RJ","url":"https:\/\/www.ivanabeaumond.com.br\/vestidos-noiva\/","logo":{"@type":"ImageObject","inLanguage":"pt-BR","@id":"https:\/\/www.ivanabeaumond.com.br\/vestidos-noiva\/#\/schema\/logo\/image\/","url":"https:\/\/www.ivanabeaumond.com.br\/vestidos-noiva\/wp-content\/uploads\/2018\/02\/logo_ivana_beaumond-2.png","contentUrl":"https:\/\/www.ivanabeaumond.com.br\/vestidos-noiva\/wp-content\/uploads\/2018\/02\/logo_ivana_beaumond-2.png","width":230,"height":112,"caption":"Vestido de Noiva RJ"},"image":{"@id":"https:\/\/www.ivanabeaumond.com.br\/vestidos-noiva\/#\/schema\/logo\/image\/"},"sameAs":["https:\/\/www.facebook.com\/ivana.beaumondnoivas","https:\/\/www.instagram.com\/ivanabeaumond\/","https:\/\/www.tiktok.com\/@ivanabeaumond"]},{"@type":"Person","@id":"https:\/\/www.ivanabeaumond.com.br\/vestidos-noiva\/#\/schema\/person\/1a360c4cffa3b806d29a456389dcff26","name":"Ivana Beaumond Paris","image":{"@type":"ImageObject","inLanguage":"pt-BR","@id":"https:\/\/www.ivanabeaumond.com.br\/vestidos-noiva\/#\/schema\/person\/image\/","url":"https:\/\/secure.gravatar.com\/avatar\/641f98db20b53ec937ceb641db4270b9?s=96&d=mm&r=g","contentUrl":"https:\/\/secure.gravatar.com\/avatar\/641f98db20b53ec937ceb641db4270b9?s=96&d=mm&r=g","caption":"Ivana Beaumond Paris"},"url":"https:\/\/www.ivanabeaumond.com.br\/vestidos-noiva\/author\/ivana\/"}]}},"_links":{"self":[{"href":"https:\/\/www.ivanabeaumond.com.br\/vestidos-noiva\/wp-json\/wp\/v2\/posts\/12857"}],"collection":[{"href":"https:\/\/www.ivanabeaumond.com.br\/vestidos-noiva\/wp-json\/wp\/v2\/posts"}],"about":[{"href":"https:\/\/www.ivanabeaumond.com.br\/vestidos-noiva\/wp-json\/wp\/v2\/types\/post"}],"author":[{"embeddable":true,"href":"https:\/\/www.ivanabeaumond.com.br\/vestidos-noiva\/wp-json\/wp\/v2\/users\/4"}],"replies":[{"embeddable":true,"href":"https:\/\/www.ivanabeaumond.com.br\/vestidos-noiva\/wp-json\/wp\/v2\/comments?post=12857"}],"version-history":[{"count":18,"href":"https:\/\/www.ivanabeaumond.com.br\/vestidos-noiva\/wp-json\/wp\/v2\/posts\/12857\/revisions"}],"predecessor-version":[{"id":12900,"href":"https:\/\/www.ivanabeaumond.com.br\/vestidos-noiva\/wp-json\/wp\/v2\/posts\/12857\/revisions\/12900"}],"wp:featuredmedia":[{"embeddable":true,"href":"https:\/\/www.ivanabeaumond.com.br\/vestidos-noiva\/wp-json\/wp\/v2\/media\/12872"}],"wp:attachment":[{"href":"https:\/\/www.ivanabeaumond.com.br\/vestidos-noiva\/wp-json\/wp\/v2\/media?parent=12857"}],"wp:term":[{"taxonomy":"category","embeddable":true,"href":"https:\/\/www.ivanabeaumond.com.br\/vestidos-noiva\/wp-json\/wp\/v2\/categories?post=12857"},{"taxonomy":"post_tag","embeddable":true,"href":"https:\/\/www.ivanabeaumond.com.br\/vestidos-noiva\/wp-json\/wp\/v2\/tags?post=12857"}],"curies":[{"name":"wp","href":"https:\/\/api.w.org\/{rel}","templated":true}]}}