{"id":12901,"date":"2017-06-28T15:36:04","date_gmt":"2017-06-28T18:36:04","guid":{"rendered":"http:\/\/www.ivanabeaumond.com.br\/vestidos-noiva\/?p=12901"},"modified":"2017-10-23T15:44:20","modified_gmt":"2017-10-23T17:44:20","slug":"%e2%99%a1-look-sereia-para-o-dia-do-seu-casamento-por-ivana-beaumond-%e2%99%a1","status":"publish","type":"post","link":"https:\/\/www.ivanabeaumond.com.br\/vestidos-noiva\/%e2%99%a1-look-sereia-para-o-dia-do-seu-casamento-por-ivana-beaumond-%e2%99%a1\/","title":{"rendered":"\u2661 Look Sereia para o Dia do seu Casamento por Ivana Beaumond \u2661"},"content":{"rendered":"<h5 style=\"text-align: justify;\"><span style=\"color: #999999;\"><em>Ainda n\u00e3o sabe qual modelo usar no seu grande dia ?<\/em><\/span><\/h5>\n<h5 style=\"text-align: justify;\"><span style=\"color: #999999;\"><em>N\u00f3s da equipe de estilo do atelier <strong>Ivana Beaumond<\/strong>, vamos te ajudar !\u00a0\u2661<\/em><\/span><\/h5>\n<h5 style=\"text-align: justify;\"><span style=\"color: #999999;\"><em>\u25cf O modelo escolhido hoje, \u00e9 o estilo Sereia\u00a0\u25cf<\/em><\/span><\/h5>\n<h5 style=\"text-align: justify;\"><span style=\"color: #999999;\"><em>Um corte mais sensual, que deixa suas curvas em evid\u00eancia. Valoriza a silhueta, alonga o corpo da noiva, sem perder o ar rom\u00e2ntico e delicado. Essa modelagem \u00e9 a que mais valoriza a cintura e os quadris e carrega com ele sofistica\u00e7\u00e3o e leveza.\u00a0<\/em><em>Al\u00e9m de ser muito elegante, o estilo sereia atende todos os tipos de noivinhas&#8230; Com certeza voc\u00ea encontrar\u00e1 em nossa cole\u00e7\u00e3o <strong>Ivana Beaumond<\/strong>, um modelo que se encaixar\u00e1 perfeitamente com seu casamento.\u00a0<\/em><em>Os modelos em Sereia, n\u00e3o perdem nada para os outros estilos. Tamb\u00e9m acompanham rendas francesas, decotes, transpar\u00eancias e bordados. Ficam maravilhosos para casamentos na parte da manh\u00e3 ou \u00e0 noite, por\u00e9m \u00e9 necess\u00e1rio ter um equil\u00edbrio nos detalhes escolhidos. \u00a0 \u00a0=)<\/em><\/span><\/h5>\n<p>&nbsp;<\/p>\n<h5 style=\"text-align: justify;\"><span style=\"color: #999999;\"><em>A seguir podemos ver algumas op\u00e7\u00f5es de Vestidos de Noivas &#8221; Sereia &#8221; da Cole\u00e7\u00e3o <strong>Ivana Beaumond<\/strong> 2018 &#8211; que chegar\u00e1 EM BREVE em nossas lojas.\u00a0\u2661\u00a0\u2661<\/em><\/span><\/h5>\n<div id=\"attachment_12902\" style=\"width: 713px\" class=\"wp-caption aligncenter\"><a href=\"http:\/\/www.ivanabeaumond.com.br\/vestidos-noiva\/wp-content\/uploads\/2017\/06\/Vestidos-de-Noivas-Atelier-Ivana-Beaumond-1A101_2_OBELISCO.jpg\"><img aria-describedby=\"caption-attachment-12902\" decoding=\"async\" loading=\"lazy\" class=\"size-full wp-image-12902\" src=\"http:\/\/www.ivanabeaumond.com.br\/vestidos-noiva\/wp-content\/uploads\/2017\/06\/Vestidos-de-Noivas-Atelier-Ivana-Beaumond-1A101_2_OBELISCO.jpg\" alt=\"Vestidos de Noivas - Estilo Sereia - Cole\u00e7\u00e3o Ivana Beaumond\" width=\"703\" height=\"907\" srcset=\"https:\/\/www.ivanabeaumond.com.br\/vestidos-noiva\/wp-content\/uploads\/2017\/06\/Vestidos-de-Noivas-Atelier-Ivana-Beaumond-1A101_2_OBELISCO.jpg 703w, https:\/\/www.ivanabeaumond.com.br\/vestidos-noiva\/wp-content\/uploads\/2017\/06\/Vestidos-de-Noivas-Atelier-Ivana-Beaumond-1A101_2_OBELISCO-233x300.jpg 233w\" sizes=\"(max-width: 703px) 100vw, 703px\" \/><\/a><p id=\"caption-attachment-12902\" class=\"wp-caption-text\"><span style=\"color: #999999;\">Vestidos de Noivas &#8211; Estilo Sereia &#8211; Cole\u00e7\u00e3o Ivana Beaumond<\/span><\/p><\/div>\n<div id=\"attachment_12903\" style=\"width: 713px\" class=\"wp-caption aligncenter\"><a href=\"http:\/\/www.ivanabeaumond.com.br\/vestidos-noiva\/wp-content\/uploads\/2017\/06\/Vestidos-de-Noivas-Atelier-Ivana-Beaumond-1A102_1_OBICE.jpg\"><img aria-describedby=\"caption-attachment-12903\" decoding=\"async\" loading=\"lazy\" class=\"size-full wp-image-12903\" src=\"http:\/\/www.ivanabeaumond.com.br\/vestidos-noiva\/wp-content\/uploads\/2017\/06\/Vestidos-de-Noivas-Atelier-Ivana-Beaumond-1A102_1_OBICE.jpg\" alt=\"Vestidos de Noivas - Estilo Sereia - Cole\u00e7\u00e3o Ivana Beaumond\" width=\"703\" height=\"907\" srcset=\"https:\/\/www.ivanabeaumond.com.br\/vestidos-noiva\/wp-content\/uploads\/2017\/06\/Vestidos-de-Noivas-Atelier-Ivana-Beaumond-1A102_1_OBICE.jpg 703w, https:\/\/www.ivanabeaumond.com.br\/vestidos-noiva\/wp-content\/uploads\/2017\/06\/Vestidos-de-Noivas-Atelier-Ivana-Beaumond-1A102_1_OBICE-233x300.jpg 233w\" sizes=\"(max-width: 703px) 100vw, 703px\" \/><\/a><p id=\"caption-attachment-12903\" class=\"wp-caption-text\"><span style=\"color: #999999;\">Vestidos de Noivas &#8211; Estilo Sereia &#8211; Cole\u00e7\u00e3o Ivana Beaumond<\/span><\/p><\/div>\n<div id=\"attachment_12904\" style=\"width: 713px\" class=\"wp-caption aligncenter\"><a href=\"http:\/\/www.ivanabeaumond.com.br\/vestidos-noiva\/wp-content\/uploads\/2017\/06\/Vestidos-de-Noivas-Atelier-Ivana-Beaumond-1A103_1_OBLICUO.jpg\"><img aria-describedby=\"caption-attachment-12904\" decoding=\"async\" loading=\"lazy\" class=\"size-full wp-image-12904\" src=\"http:\/\/www.ivanabeaumond.com.br\/vestidos-noiva\/wp-content\/uploads\/2017\/06\/Vestidos-de-Noivas-Atelier-Ivana-Beaumond-1A103_1_OBLICUO.jpg\" alt=\"Vestidos de Noivas - Estilo Sereia - Cole\u00e7\u00e3o Ivana Beaumond\" width=\"703\" height=\"907\" srcset=\"https:\/\/www.ivanabeaumond.com.br\/vestidos-noiva\/wp-content\/uploads\/2017\/06\/Vestidos-de-Noivas-Atelier-Ivana-Beaumond-1A103_1_OBLICUO.jpg 703w, https:\/\/www.ivanabeaumond.com.br\/vestidos-noiva\/wp-content\/uploads\/2017\/06\/Vestidos-de-Noivas-Atelier-Ivana-Beaumond-1A103_1_OBLICUO-233x300.jpg 233w\" sizes=\"(max-width: 703px) 100vw, 703px\" \/><\/a><p id=\"caption-attachment-12904\" class=\"wp-caption-text\"><span style=\"color: #999999;\">Vestidos de Noivas &#8211; Estilo Sereia &#8211; Cole\u00e7\u00e3o Ivana Beaumond<\/span><\/p><\/div>\n<div id=\"attachment_12905\" style=\"width: 713px\" class=\"wp-caption aligncenter\"><a href=\"http:\/\/www.ivanabeaumond.com.br\/vestidos-noiva\/wp-content\/uploads\/2017\/06\/Vestidos-de-Noivas-Atelier-Ivana-Beaumond-1A104_2_OBOE.jpg\"><img aria-describedby=\"caption-attachment-12905\" decoding=\"async\" loading=\"lazy\" class=\"size-full wp-image-12905\" src=\"http:\/\/www.ivanabeaumond.com.br\/vestidos-noiva\/wp-content\/uploads\/2017\/06\/Vestidos-de-Noivas-Atelier-Ivana-Beaumond-1A104_2_OBOE.jpg\" alt=\"Vestidos de Noivas - Estilo Sereia - Cole\u00e7\u00e3o Ivana Beaumond\" width=\"703\" height=\"907\" srcset=\"https:\/\/www.ivanabeaumond.com.br\/vestidos-noiva\/wp-content\/uploads\/2017\/06\/Vestidos-de-Noivas-Atelier-Ivana-Beaumond-1A104_2_OBOE.jpg 703w, https:\/\/www.ivanabeaumond.com.br\/vestidos-noiva\/wp-content\/uploads\/2017\/06\/Vestidos-de-Noivas-Atelier-Ivana-Beaumond-1A104_2_OBOE-233x300.jpg 233w\" sizes=\"(max-width: 703px) 100vw, 703px\" \/><\/a><p id=\"caption-attachment-12905\" class=\"wp-caption-text\"><span style=\"color: #999999;\">Vestidos de Noivas &#8211; Estilo Sereia &#8211; Cole\u00e7\u00e3o Ivana Beaumond<\/span><\/p><\/div>\n<div id=\"attachment_12906\" style=\"width: 713px\" class=\"wp-caption aligncenter\"><a href=\"http:\/\/www.ivanabeaumond.com.br\/vestidos-noiva\/wp-content\/uploads\/2017\/06\/Vestidos-de-Noivas-Atelier-Ivana-Beaumond-1A107_2_OCAL.jpg\"><img aria-describedby=\"caption-attachment-12906\" decoding=\"async\" loading=\"lazy\" class=\"size-full wp-image-12906\" src=\"http:\/\/www.ivanabeaumond.com.br\/vestidos-noiva\/wp-content\/uploads\/2017\/06\/Vestidos-de-Noivas-Atelier-Ivana-Beaumond-1A107_2_OCAL.jpg\" alt=\"Vestidos de Noivas - Estilo Sereia - Cole\u00e7\u00e3o Ivana Beaumond\" width=\"703\" height=\"907\" srcset=\"https:\/\/www.ivanabeaumond.com.br\/vestidos-noiva\/wp-content\/uploads\/2017\/06\/Vestidos-de-Noivas-Atelier-Ivana-Beaumond-1A107_2_OCAL.jpg 703w, https:\/\/www.ivanabeaumond.com.br\/vestidos-noiva\/wp-content\/uploads\/2017\/06\/Vestidos-de-Noivas-Atelier-Ivana-Beaumond-1A107_2_OCAL-233x300.jpg 233w\" sizes=\"(max-width: 703px) 100vw, 703px\" \/><\/a><p id=\"caption-attachment-12906\" class=\"wp-caption-text\"><span style=\"color: #999999;\">Vestidos de Noivas &#8211; Estilo Sereia &#8211; Cole\u00e7\u00e3o Ivana Beaumond<\/span><\/p><\/div>\n<div id=\"attachment_12907\" style=\"width: 713px\" class=\"wp-caption aligncenter\"><a href=\"http:\/\/www.ivanabeaumond.com.br\/vestidos-noiva\/wp-content\/uploads\/2017\/06\/Vestidos-de-Noivas-Atelier-Ivana-Beaumond-1A108_2_OCA\u00d1A.jpg\"><img aria-describedby=\"caption-attachment-12907\" decoding=\"async\" loading=\"lazy\" class=\"size-full wp-image-12907\" src=\"http:\/\/www.ivanabeaumond.com.br\/vestidos-noiva\/wp-content\/uploads\/2017\/06\/Vestidos-de-Noivas-Atelier-Ivana-Beaumond-1A108_2_OCA\u00d1A.jpg\" alt=\"Vestidos de Noivas - Estilo Sereia - Cole\u00e7\u00e3o Ivana Beaumond\" width=\"703\" height=\"907\" srcset=\"https:\/\/www.ivanabeaumond.com.br\/vestidos-noiva\/wp-content\/uploads\/2017\/06\/Vestidos-de-Noivas-Atelier-Ivana-Beaumond-1A108_2_OCA\u00d1A.jpg 703w, https:\/\/www.ivanabeaumond.com.br\/vestidos-noiva\/wp-content\/uploads\/2017\/06\/Vestidos-de-Noivas-Atelier-Ivana-Beaumond-1A108_2_OCA\u00d1A-233x300.jpg 233w\" sizes=\"(max-width: 703px) 100vw, 703px\" \/><\/a><p id=\"caption-attachment-12907\" class=\"wp-caption-text\"><span style=\"color: #999999;\">Vestidos de Noivas &#8211; Estilo Sereia &#8211; Cole\u00e7\u00e3o Ivana Beaumond<\/span><\/p><\/div>\n<div id=\"attachment_12908\" style=\"width: 713px\" class=\"wp-caption aligncenter\"><a href=\"http:\/\/www.ivanabeaumond.com.br\/vestidos-noiva\/wp-content\/uploads\/2017\/06\/Vestidos-de-Noivas-Atelier-Ivana-Beaumond-1A109_1_OCASION.jpg\"><img aria-describedby=\"caption-attachment-12908\" decoding=\"async\" loading=\"lazy\" class=\"size-full wp-image-12908\" src=\"http:\/\/www.ivanabeaumond.com.br\/vestidos-noiva\/wp-content\/uploads\/2017\/06\/Vestidos-de-Noivas-Atelier-Ivana-Beaumond-1A109_1_OCASION.jpg\" alt=\"Vestidos de Noivas - Estilo Sereia - Cole\u00e7\u00e3o Ivana Beaumond\" width=\"703\" height=\"907\" srcset=\"https:\/\/www.ivanabeaumond.com.br\/vestidos-noiva\/wp-content\/uploads\/2017\/06\/Vestidos-de-Noivas-Atelier-Ivana-Beaumond-1A109_1_OCASION.jpg 703w, https:\/\/www.ivanabeaumond.com.br\/vestidos-noiva\/wp-content\/uploads\/2017\/06\/Vestidos-de-Noivas-Atelier-Ivana-Beaumond-1A109_1_OCASION-233x300.jpg 233w\" sizes=\"(max-width: 703px) 100vw, 703px\" \/><\/a><p id=\"caption-attachment-12908\" class=\"wp-caption-text\"><span style=\"color: #999999;\">Vestidos de Noivas &#8211; Estilo Sereia &#8211; Cole\u00e7\u00e3o Ivana Beaumond<\/span><\/p><\/div>\n<div id=\"attachment_12909\" style=\"width: 713px\" class=\"wp-caption aligncenter\"><a href=\"http:\/\/www.ivanabeaumond.com.br\/vestidos-noiva\/wp-content\/uploads\/2017\/06\/Vestidos-de-Noivas-Atelier-Ivana-Beaumond-1A114_1_OCEANO.jpg\"><img aria-describedby=\"caption-attachment-12909\" decoding=\"async\" loading=\"lazy\" class=\"size-full wp-image-12909\" src=\"http:\/\/www.ivanabeaumond.com.br\/vestidos-noiva\/wp-content\/uploads\/2017\/06\/Vestidos-de-Noivas-Atelier-Ivana-Beaumond-1A114_1_OCEANO.jpg\" alt=\"Vestidos de Noivas - Estilo Sereia - Cole\u00e7\u00e3o Ivana Beaumond\" width=\"703\" height=\"907\" srcset=\"https:\/\/www.ivanabeaumond.com.br\/vestidos-noiva\/wp-content\/uploads\/2017\/06\/Vestidos-de-Noivas-Atelier-Ivana-Beaumond-1A114_1_OCEANO.jpg 703w, https:\/\/www.ivanabeaumond.com.br\/vestidos-noiva\/wp-content\/uploads\/2017\/06\/Vestidos-de-Noivas-Atelier-Ivana-Beaumond-1A114_1_OCEANO-233x300.jpg 233w\" sizes=\"(max-width: 703px) 100vw, 703px\" \/><\/a><p id=\"caption-attachment-12909\" class=\"wp-caption-text\"><span style=\"color: #999999;\">Vestidos de Noivas &#8211; Estilo Sereia &#8211; Cole\u00e7\u00e3o Ivana Beaumond<\/span><\/p><\/div>\n<div id=\"attachment_12910\" style=\"width: 713px\" class=\"wp-caption aligncenter\"><a href=\"http:\/\/www.ivanabeaumond.com.br\/vestidos-noiva\/wp-content\/uploads\/2017\/06\/Vestidos-de-Noivas-Atelier-Ivana-Beaumond-1A115_1_OCELO.jpg\"><img aria-describedby=\"caption-attachment-12910\" decoding=\"async\" loading=\"lazy\" class=\"size-full wp-image-12910\" src=\"http:\/\/www.ivanabeaumond.com.br\/vestidos-noiva\/wp-content\/uploads\/2017\/06\/Vestidos-de-Noivas-Atelier-Ivana-Beaumond-1A115_1_OCELO.jpg\" alt=\"Vestidos de Noivas - Estilo Sereia - Cole\u00e7\u00e3o Ivana Beaumond\" width=\"703\" height=\"907\" srcset=\"https:\/\/www.ivanabeaumond.com.br\/vestidos-noiva\/wp-content\/uploads\/2017\/06\/Vestidos-de-Noivas-Atelier-Ivana-Beaumond-1A115_1_OCELO.jpg 703w, https:\/\/www.ivanabeaumond.com.br\/vestidos-noiva\/wp-content\/uploads\/2017\/06\/Vestidos-de-Noivas-Atelier-Ivana-Beaumond-1A115_1_OCELO-233x300.jpg 233w\" sizes=\"(max-width: 703px) 100vw, 703px\" \/><\/a><p id=\"caption-attachment-12910\" class=\"wp-caption-text\"><span style=\"color: #999999;\">Vestidos de Noivas &#8211; Estilo Sereia &#8211; Cole\u00e7\u00e3o Ivana Beaumond<\/span><\/p><\/div>\n<p>&nbsp;<\/p>\n","protected":false},"excerpt":{"rendered":"<p>Ainda n\u00e3o sabe qual modelo usar no seu grande dia&#8230;<\/p>\n","protected":false},"author":4,"featured_media":12904,"comment_status":"open","ping_status":"open","sticky":false,"template":"","format":"standard","meta":[],"categories":[127],"tags":[131,133,96,137,162,103,136,164,165,138,115],"yoast_head":"<!-- This site is optimized with the Yoast SEO plugin v20.3 - https:\/\/yoast.com\/wordpress\/plugins\/seo\/ -->\n<title>\u2661 Look Sereia para o Dia do seu Casamento por Ivana Beaumond \u2661 - Vestido de Noiva RJ<\/title>\n<meta name=\"robots\" content=\"index, follow, max-snippet:-1, max-image-preview:large, max-video-preview:-1\" \/>\n<link rel=\"canonical\" href=\"https:\/\/www.ivanabeaumond.com.br\/vestidos-noiva\/\u2661-look-sereia-para-o-dia-do-seu-casamento-por-ivana-beaumond-\u2661\/\" \/>\n<meta property=\"og:locale\" content=\"pt_BR\" \/>\n<meta property=\"og:type\" content=\"article\" \/>\n<meta property=\"og:title\" content=\"\u2661 Look Sereia para o Dia do seu Casamento por Ivana Beaumond \u2661 - Vestido de Noiva RJ\" \/>\n<meta property=\"og:description\" content=\"Ainda n\u00e3o sabe qual modelo usar no seu grande dia...\" \/>\n<meta property=\"og:url\" content=\"https:\/\/www.ivanabeaumond.com.br\/vestidos-noiva\/\u2661-look-sereia-para-o-dia-do-seu-casamento-por-ivana-beaumond-\u2661\/\" \/>\n<meta property=\"og:site_name\" content=\"Vestido de Noiva RJ\" \/>\n<meta property=\"article:publisher\" content=\"https:\/\/www.facebook.com\/ivana.beaumondnoivas\" \/>\n<meta property=\"article:published_time\" content=\"2017-06-28T18:36:04+00:00\" \/>\n<meta property=\"article:modified_time\" content=\"2017-10-23T17:44:20+00:00\" \/>\n<meta property=\"og:image\" content=\"https:\/\/www.ivanabeaumond.com.br\/vestidos-noiva\/wp-content\/uploads\/2017\/06\/Vestidos-de-Noivas-Atelier-Ivana-Beaumond-1A103_1_OBLICUO.jpg\" \/>\n\t<meta property=\"og:image:width\" content=\"703\" \/>\n\t<meta property=\"og:image:height\" content=\"907\" \/>\n\t<meta property=\"og:image:type\" content=\"image\/jpeg\" \/>\n<meta name=\"author\" content=\"Ivana Beaumond Paris\" \/>\n<meta name=\"twitter:card\" content=\"summary_large_image\" \/>\n<meta name=\"twitter:label1\" content=\"Escrito por\" \/>\n\t<meta name=\"twitter:data1\" content=\"Ivana Beaumond Paris\" \/>\n\t<meta name=\"twitter:label2\" content=\"Est. tempo de leitura\" \/>\n\t<meta name=\"twitter:data2\" content=\"2 minutos\" \/>\n<script type=\"application\/ld+json\" class=\"yoast-schema-graph\">{\"@context\":\"https:\/\/schema.org\",\"@graph\":[{\"@type\":\"Article\",\"@id\":\"https:\/\/www.ivanabeaumond.com.br\/vestidos-noiva\/%e2%99%a1-look-sereia-para-o-dia-do-seu-casamento-por-ivana-beaumond-%e2%99%a1\/#article\",\"isPartOf\":{\"@id\":\"https:\/\/www.ivanabeaumond.com.br\/vestidos-noiva\/%e2%99%a1-look-sereia-para-o-dia-do-seu-casamento-por-ivana-beaumond-%e2%99%a1\/\"},\"author\":{\"name\":\"Ivana Beaumond Paris\",\"@id\":\"https:\/\/www.ivanabeaumond.com.br\/vestidos-noiva\/#\/schema\/person\/1a360c4cffa3b806d29a456389dcff26\"},\"headline\":\"\u2661 Look Sereia para o Dia do seu Casamento por Ivana Beaumond \u2661\",\"datePublished\":\"2017-06-28T18:36:04+00:00\",\"dateModified\":\"2017-10-23T17:44:20+00:00\",\"mainEntityOfPage\":{\"@id\":\"https:\/\/www.ivanabeaumond.com.br\/vestidos-noiva\/%e2%99%a1-look-sereia-para-o-dia-do-seu-casamento-por-ivana-beaumond-%e2%99%a1\/\"},\"wordCount\":354,\"commentCount\":0,\"publisher\":{\"@id\":\"https:\/\/www.ivanabeaumond.com.br\/vestidos-noiva\/#organization\"},\"keywords\":[\"aluguel de roupas\",\"atelierivanabeaumond\",\"casamento\",\"convidadas\",\"festas\",\"madrinhas\",\"moda festa\",\"noivas\",\"padrinhos\",\"vestido de festa\",\"vestido de noiva\"],\"articleSection\":[\"Dicas e Truques\"],\"inLanguage\":\"pt-BR\",\"potentialAction\":[{\"@type\":\"CommentAction\",\"name\":\"Comment\",\"target\":[\"https:\/\/www.ivanabeaumond.com.br\/vestidos-noiva\/%e2%99%a1-look-sereia-para-o-dia-do-seu-casamento-por-ivana-beaumond-%e2%99%a1\/#respond\"]}]},{\"@type\":\"WebPage\",\"@id\":\"https:\/\/www.ivanabeaumond.com.br\/vestidos-noiva\/%e2%99%a1-look-sereia-para-o-dia-do-seu-casamento-por-ivana-beaumond-%e2%99%a1\/\",\"url\":\"https:\/\/www.ivanabeaumond.com.br\/vestidos-noiva\/%e2%99%a1-look-sereia-para-o-dia-do-seu-casamento-por-ivana-beaumond-%e2%99%a1\/\",\"name\":\"\u2661 Look Sereia para o Dia do seu Casamento por Ivana Beaumond \u2661 - Vestido de Noiva RJ\",\"isPartOf\":{\"@id\":\"https:\/\/www.ivanabeaumond.com.br\/vestidos-noiva\/#website\"},\"datePublished\":\"2017-06-28T18:36:04+00:00\",\"dateModified\":\"2017-10-23T17:44:20+00:00\",\"breadcrumb\":{\"@id\":\"https:\/\/www.ivanabeaumond.com.br\/vestidos-noiva\/%e2%99%a1-look-sereia-para-o-dia-do-seu-casamento-por-ivana-beaumond-%e2%99%a1\/#breadcrumb\"},\"inLanguage\":\"pt-BR\",\"potentialAction\":[{\"@type\":\"ReadAction\",\"target\":[\"https:\/\/www.ivanabeaumond.com.br\/vestidos-noiva\/%e2%99%a1-look-sereia-para-o-dia-do-seu-casamento-por-ivana-beaumond-%e2%99%a1\/\"]}]},{\"@type\":\"BreadcrumbList\",\"@id\":\"https:\/\/www.ivanabeaumond.com.br\/vestidos-noiva\/%e2%99%a1-look-sereia-para-o-dia-do-seu-casamento-por-ivana-beaumond-%e2%99%a1\/#breadcrumb\",\"itemListElement\":[{\"@type\":\"ListItem\",\"position\":1,\"name\":\"In\u00edcio\",\"item\":\"https:\/\/www.ivanabeaumond.com.br\/vestidos-noiva\/\"},{\"@type\":\"ListItem\",\"position\":2,\"name\":\"\u2661 Look Sereia para o Dia do seu Casamento por Ivana Beaumond \u2661\"}]},{\"@type\":\"WebSite\",\"@id\":\"https:\/\/www.ivanabeaumond.com.br\/vestidos-noiva\/#website\",\"url\":\"https:\/\/www.ivanabeaumond.com.br\/vestidos-noiva\/\",\"name\":\"Vestido de Noiva RJ\",\"description\":\"Moda Noiva\",\"publisher\":{\"@id\":\"https:\/\/www.ivanabeaumond.com.br\/vestidos-noiva\/#organization\"},\"potentialAction\":[{\"@type\":\"SearchAction\",\"target\":{\"@type\":\"EntryPoint\",\"urlTemplate\":\"https:\/\/www.ivanabeaumond.com.br\/vestidos-noiva\/?s={search_term_string}\"},\"query-input\":\"required name=search_term_string\"}],\"inLanguage\":\"pt-BR\"},{\"@type\":\"Organization\",\"@id\":\"https:\/\/www.ivanabeaumond.com.br\/vestidos-noiva\/#organization\",\"name\":\"Vestido de Noiva RJ\",\"url\":\"https:\/\/www.ivanabeaumond.com.br\/vestidos-noiva\/\",\"logo\":{\"@type\":\"ImageObject\",\"inLanguage\":\"pt-BR\",\"@id\":\"https:\/\/www.ivanabeaumond.com.br\/vestidos-noiva\/#\/schema\/logo\/image\/\",\"url\":\"https:\/\/www.ivanabeaumond.com.br\/vestidos-noiva\/wp-content\/uploads\/2018\/02\/logo_ivana_beaumond-2.png\",\"contentUrl\":\"https:\/\/www.ivanabeaumond.com.br\/vestidos-noiva\/wp-content\/uploads\/2018\/02\/logo_ivana_beaumond-2.png\",\"width\":230,\"height\":112,\"caption\":\"Vestido de Noiva RJ\"},\"image\":{\"@id\":\"https:\/\/www.ivanabeaumond.com.br\/vestidos-noiva\/#\/schema\/logo\/image\/\"},\"sameAs\":[\"https:\/\/www.facebook.com\/ivana.beaumondnoivas\",\"https:\/\/www.instagram.com\/ivanabeaumond\/\",\"https:\/\/www.tiktok.com\/@ivanabeaumond\"]},{\"@type\":\"Person\",\"@id\":\"https:\/\/www.ivanabeaumond.com.br\/vestidos-noiva\/#\/schema\/person\/1a360c4cffa3b806d29a456389dcff26\",\"name\":\"Ivana Beaumond Paris\",\"image\":{\"@type\":\"ImageObject\",\"inLanguage\":\"pt-BR\",\"@id\":\"https:\/\/www.ivanabeaumond.com.br\/vestidos-noiva\/#\/schema\/person\/image\/\",\"url\":\"https:\/\/secure.gravatar.com\/avatar\/641f98db20b53ec937ceb641db4270b9?s=96&d=mm&r=g\",\"contentUrl\":\"https:\/\/secure.gravatar.com\/avatar\/641f98db20b53ec937ceb641db4270b9?s=96&d=mm&r=g\",\"caption\":\"Ivana Beaumond Paris\"},\"url\":\"https:\/\/www.ivanabeaumond.com.br\/vestidos-noiva\/author\/ivana\/\"}]}<\/script>\n<!-- \/ Yoast SEO plugin. -->","yoast_head_json":{"title":"\u2661 Look Sereia para o Dia do seu Casamento por Ivana Beaumond \u2661 - Vestido de Noiva RJ","robots":{"index":"index","follow":"follow","max-snippet":"max-snippet:-1","max-image-preview":"max-image-preview:large","max-video-preview":"max-video-preview:-1"},"canonical":"https:\/\/www.ivanabeaumond.com.br\/vestidos-noiva\/\u2661-look-sereia-para-o-dia-do-seu-casamento-por-ivana-beaumond-\u2661\/","og_locale":"pt_BR","og_type":"article","og_title":"\u2661 Look Sereia para o Dia do seu Casamento por Ivana Beaumond \u2661 - Vestido de Noiva RJ","og_description":"Ainda n\u00e3o sabe qual modelo usar no seu grande dia...","og_url":"https:\/\/www.ivanabeaumond.com.br\/vestidos-noiva\/\u2661-look-sereia-para-o-dia-do-seu-casamento-por-ivana-beaumond-\u2661\/","og_site_name":"Vestido de Noiva RJ","article_publisher":"https:\/\/www.facebook.com\/ivana.beaumondnoivas","article_published_time":"2017-06-28T18:36:04+00:00","article_modified_time":"2017-10-23T17:44:20+00:00","og_image":[{"width":703,"height":907,"url":"https:\/\/www.ivanabeaumond.com.br\/vestidos-noiva\/wp-content\/uploads\/2017\/06\/Vestidos-de-Noivas-Atelier-Ivana-Beaumond-1A103_1_OBLICUO.jpg","type":"image\/jpeg"}],"author":"Ivana Beaumond Paris","twitter_card":"summary_large_image","twitter_misc":{"Escrito por":"Ivana Beaumond Paris","Est. tempo de leitura":"2 minutos"},"schema":{"@context":"https:\/\/schema.org","@graph":[{"@type":"Article","@id":"https:\/\/www.ivanabeaumond.com.br\/vestidos-noiva\/%e2%99%a1-look-sereia-para-o-dia-do-seu-casamento-por-ivana-beaumond-%e2%99%a1\/#article","isPartOf":{"@id":"https:\/\/www.ivanabeaumond.com.br\/vestidos-noiva\/%e2%99%a1-look-sereia-para-o-dia-do-seu-casamento-por-ivana-beaumond-%e2%99%a1\/"},"author":{"name":"Ivana Beaumond Paris","@id":"https:\/\/www.ivanabeaumond.com.br\/vestidos-noiva\/#\/schema\/person\/1a360c4cffa3b806d29a456389dcff26"},"headline":"\u2661 Look Sereia para o Dia do seu Casamento por Ivana Beaumond \u2661","datePublished":"2017-06-28T18:36:04+00:00","dateModified":"2017-10-23T17:44:20+00:00","mainEntityOfPage":{"@id":"https:\/\/www.ivanabeaumond.com.br\/vestidos-noiva\/%e2%99%a1-look-sereia-para-o-dia-do-seu-casamento-por-ivana-beaumond-%e2%99%a1\/"},"wordCount":354,"commentCount":0,"publisher":{"@id":"https:\/\/www.ivanabeaumond.com.br\/vestidos-noiva\/#organization"},"keywords":["aluguel de roupas","atelierivanabeaumond","casamento","convidadas","festas","madrinhas","moda festa","noivas","padrinhos","vestido de festa","vestido de noiva"],"articleSection":["Dicas e Truques"],"inLanguage":"pt-BR","potentialAction":[{"@type":"CommentAction","name":"Comment","target":["https:\/\/www.ivanabeaumond.com.br\/vestidos-noiva\/%e2%99%a1-look-sereia-para-o-dia-do-seu-casamento-por-ivana-beaumond-%e2%99%a1\/#respond"]}]},{"@type":"WebPage","@id":"https:\/\/www.ivanabeaumond.com.br\/vestidos-noiva\/%e2%99%a1-look-sereia-para-o-dia-do-seu-casamento-por-ivana-beaumond-%e2%99%a1\/","url":"https:\/\/www.ivanabeaumond.com.br\/vestidos-noiva\/%e2%99%a1-look-sereia-para-o-dia-do-seu-casamento-por-ivana-beaumond-%e2%99%a1\/","name":"\u2661 Look Sereia para o Dia do seu Casamento por Ivana Beaumond \u2661 - Vestido de Noiva RJ","isPartOf":{"@id":"https:\/\/www.ivanabeaumond.com.br\/vestidos-noiva\/#website"},"datePublished":"2017-06-28T18:36:04+00:00","dateModified":"2017-10-23T17:44:20+00:00","breadcrumb":{"@id":"https:\/\/www.ivanabeaumond.com.br\/vestidos-noiva\/%e2%99%a1-look-sereia-para-o-dia-do-seu-casamento-por-ivana-beaumond-%e2%99%a1\/#breadcrumb"},"inLanguage":"pt-BR","potentialAction":[{"@type":"ReadAction","target":["https:\/\/www.ivanabeaumond.com.br\/vestidos-noiva\/%e2%99%a1-look-sereia-para-o-dia-do-seu-casamento-por-ivana-beaumond-%e2%99%a1\/"]}]},{"@type":"BreadcrumbList","@id":"https:\/\/www.ivanabeaumond.com.br\/vestidos-noiva\/%e2%99%a1-look-sereia-para-o-dia-do-seu-casamento-por-ivana-beaumond-%e2%99%a1\/#breadcrumb","itemListElement":[{"@type":"ListItem","position":1,"name":"In\u00edcio","item":"https:\/\/www.ivanabeaumond.com.br\/vestidos-noiva\/"},{"@type":"ListItem","position":2,"name":"\u2661 Look Sereia para o Dia do seu Casamento por Ivana Beaumond \u2661"}]},{"@type":"WebSite","@id":"https:\/\/www.ivanabeaumond.com.br\/vestidos-noiva\/#website","url":"https:\/\/www.ivanabeaumond.com.br\/vestidos-noiva\/","name":"Vestido de Noiva RJ","description":"Moda Noiva","publisher":{"@id":"https:\/\/www.ivanabeaumond.com.br\/vestidos-noiva\/#organization"},"potentialAction":[{"@type":"SearchAction","target":{"@type":"EntryPoint","urlTemplate":"https:\/\/www.ivanabeaumond.com.br\/vestidos-noiva\/?s={search_term_string}"},"query-input":"required name=search_term_string"}],"inLanguage":"pt-BR"},{"@type":"Organization","@id":"https:\/\/www.ivanabeaumond.com.br\/vestidos-noiva\/#organization","name":"Vestido de Noiva RJ","url":"https:\/\/www.ivanabeaumond.com.br\/vestidos-noiva\/","logo":{"@type":"ImageObject","inLanguage":"pt-BR","@id":"https:\/\/www.ivanabeaumond.com.br\/vestidos-noiva\/#\/schema\/logo\/image\/","url":"https:\/\/www.ivanabeaumond.com.br\/vestidos-noiva\/wp-content\/uploads\/2018\/02\/logo_ivana_beaumond-2.png","contentUrl":"https:\/\/www.ivanabeaumond.com.br\/vestidos-noiva\/wp-content\/uploads\/2018\/02\/logo_ivana_beaumond-2.png","width":230,"height":112,"caption":"Vestido de Noiva RJ"},"image":{"@id":"https:\/\/www.ivanabeaumond.com.br\/vestidos-noiva\/#\/schema\/logo\/image\/"},"sameAs":["https:\/\/www.facebook.com\/ivana.beaumondnoivas","https:\/\/www.instagram.com\/ivanabeaumond\/","https:\/\/www.tiktok.com\/@ivanabeaumond"]},{"@type":"Person","@id":"https:\/\/www.ivanabeaumond.com.br\/vestidos-noiva\/#\/schema\/person\/1a360c4cffa3b806d29a456389dcff26","name":"Ivana Beaumond Paris","image":{"@type":"ImageObject","inLanguage":"pt-BR","@id":"https:\/\/www.ivanabeaumond.com.br\/vestidos-noiva\/#\/schema\/person\/image\/","url":"https:\/\/secure.gravatar.com\/avatar\/641f98db20b53ec937ceb641db4270b9?s=96&d=mm&r=g","contentUrl":"https:\/\/secure.gravatar.com\/avatar\/641f98db20b53ec937ceb641db4270b9?s=96&d=mm&r=g","caption":"Ivana Beaumond Paris"},"url":"https:\/\/www.ivanabeaumond.com.br\/vestidos-noiva\/author\/ivana\/"}]}},"_links":{"self":[{"href":"https:\/\/www.ivanabeaumond.com.br\/vestidos-noiva\/wp-json\/wp\/v2\/posts\/12901"}],"collection":[{"href":"https:\/\/www.ivanabeaumond.com.br\/vestidos-noiva\/wp-json\/wp\/v2\/posts"}],"about":[{"href":"https:\/\/www.ivanabeaumond.com.br\/vestidos-noiva\/wp-json\/wp\/v2\/types\/post"}],"author":[{"embeddable":true,"href":"https:\/\/www.ivanabeaumond.com.br\/vestidos-noiva\/wp-json\/wp\/v2\/users\/4"}],"replies":[{"embeddable":true,"href":"https:\/\/www.ivanabeaumond.com.br\/vestidos-noiva\/wp-json\/wp\/v2\/comments?post=12901"}],"version-history":[{"count":5,"href":"https:\/\/www.ivanabeaumond.com.br\/vestidos-noiva\/wp-json\/wp\/v2\/posts\/12901\/revisions"}],"predecessor-version":[{"id":12915,"href":"https:\/\/www.ivanabeaumond.com.br\/vestidos-noiva\/wp-json\/wp\/v2\/posts\/12901\/revisions\/12915"}],"wp:featuredmedia":[{"embeddable":true,"href":"https:\/\/www.ivanabeaumond.com.br\/vestidos-noiva\/wp-json\/wp\/v2\/media\/12904"}],"wp:attachment":[{"href":"https:\/\/www.ivanabeaumond.com.br\/vestidos-noiva\/wp-json\/wp\/v2\/media?parent=12901"}],"wp:term":[{"taxonomy":"category","embeddable":true,"href":"https:\/\/www.ivanabeaumond.com.br\/vestidos-noiva\/wp-json\/wp\/v2\/categories?post=12901"},{"taxonomy":"post_tag","embeddable":true,"href":"https:\/\/www.ivanabeaumond.com.br\/vestidos-noiva\/wp-json\/wp\/v2\/tags?post=12901"}],"curies":[{"name":"wp","href":"https:\/\/api.w.org\/{rel}","templated":true}]}}