{"id":12960,"date":"2017-07-07T22:08:36","date_gmt":"2017-07-08T01:08:36","guid":{"rendered":"http:\/\/www.ivanabeaumond.com.br\/vestidos-noiva\/?p=12960"},"modified":"2017-10-23T15:43:47","modified_gmt":"2017-10-23T17:43:47","slug":"carolina-e-henri-%e2%99%a1-wedding-day-vestindo-by-ivana-beaumond-%e2%99%a1","status":"publish","type":"post","link":"https:\/\/www.ivanabeaumond.com.br\/vestidos-noiva\/carolina-e-henri-%e2%99%a1-wedding-day-vestindo-by-ivana-beaumond-%e2%99%a1\/","title":{"rendered":"Carolina e Henri \u2661 wedding day vestindo By Ivana Beaumond \u2661"},"content":{"rendered":"<h5 style=\"text-align: justify;\"><span style=\"color: #999999;\"><em>O casal <strong>Carolina e Henri<\/strong> celebraram o amor, a uni\u00e3o e a realiza\u00e7\u00e3o de um sonho, no dia 27 \/ 05\/ 17 , na <strong>Igreja Nossa Senhora da Luz<\/strong> e a recep\u00e7\u00e3o na <strong>Mans\u00e3o Carioca<\/strong>. \u00a0O casamento foi pensado e planejado com muito carinho para receber a todos os amigos e familiares, que estavam \u00e0 espera de uma noiva linda e realizada! Para esse dia t\u00e3o sonhado, Carolina esbanjou sorrisos e olhares para o vestido dos sonhos da nossa <strong>cole\u00e7\u00e3o Ivana Beaumond Paris<\/strong>. Aquele vestido ideal, que transmite muita beleza, modernidade e sofistica\u00e7\u00e3o. Todo aplicado em Renda de Arabescos, ele vem trazendo um corte Semi-Sereia, decote Canoa e nas costas, uma transpar\u00eancia de apaixonar, valorizando a silhueta da noiva e ao mesmo tempo, com um toque rom\u00e2ntico e apaixonante. Essa joia de vestido, foi todo bordado \u00e0 m\u00e3o, com mix de materiais destacando ainda mais o desenho e beleza da renda. Complementando o look , o V\u00e9u e a Grinalda deram um toque especial ao penteado da noiva. Suas daminhas, representaram muito bem a entrada da noiva, com seus vestidinhos rodados da nossa linha infantil<strong> Ivana Beaumond Paris.<\/strong><\/em><\/span><\/h5>\n<h5 style=\"text-align: justify;\"><span style=\"color: #999999;\"><em>O registro desse dia t\u00e3o emocionante, ficou por conta do <strong>Stevez Fotografia<\/strong> e podemos conferir algumas imagens .<\/em><\/span><\/h5>\n<div id=\"attachment_12961\" style=\"width: 910px\" class=\"wp-caption aligncenter\"><a href=\"http:\/\/www.ivanabeaumond.com.br\/vestidos-noiva\/wp-content\/uploads\/2017\/07\/Carolina-e-Henri-Vestidos-de-Noivas-atelier-Ivana-Beaumond-1-e1499266903537.jpg\"><img aria-describedby=\"caption-attachment-12961\" decoding=\"async\" loading=\"lazy\" class=\"size-full wp-image-12961\" src=\"http:\/\/www.ivanabeaumond.com.br\/vestidos-noiva\/wp-content\/uploads\/2017\/07\/Carolina-e-Henri-Vestidos-de-Noivas-atelier-Ivana-Beaumond-1-e1499266903537.jpg\" alt=\"Vestido de Noiva atelier Ivana Beaumond \" width=\"900\" height=\"601\" \/><\/a><p id=\"caption-attachment-12961\" class=\"wp-caption-text\">Vestido de Noiva atelier Ivana Beaumond<\/p><\/div>\n<div id=\"attachment_12962\" style=\"width: 910px\" class=\"wp-caption aligncenter\"><a href=\"http:\/\/www.ivanabeaumond.com.br\/vestidos-noiva\/wp-content\/uploads\/2017\/07\/Carolina-e-Henri-Vestidos-de-Noivas-atelier-Ivana-Beaumond-2-e1499266961794.jpg\"><img aria-describedby=\"caption-attachment-12962\" decoding=\"async\" loading=\"lazy\" class=\"size-full wp-image-12962\" src=\"http:\/\/www.ivanabeaumond.com.br\/vestidos-noiva\/wp-content\/uploads\/2017\/07\/Carolina-e-Henri-Vestidos-de-Noivas-atelier-Ivana-Beaumond-2-e1499266961794.jpg\" alt=\"Vestido de Noiva atelier Ivana Beaumond \" width=\"900\" height=\"601\" \/><\/a><p id=\"caption-attachment-12962\" class=\"wp-caption-text\">Vestido de Noiva atelier Ivana Beaumond<\/p><\/div>\n<div id=\"attachment_12963\" style=\"width: 694px\" class=\"wp-caption aligncenter\"><a href=\"http:\/\/www.ivanabeaumond.com.br\/vestidos-noiva\/wp-content\/uploads\/2017\/07\/Carolina-e-Henri-Vestidos-de-Noivas-atelier-Ivana-Beaumond-4.jpg\"><img aria-describedby=\"caption-attachment-12963\" decoding=\"async\" loading=\"lazy\" class=\"size-full wp-image-12963\" src=\"http:\/\/www.ivanabeaumond.com.br\/vestidos-noiva\/wp-content\/uploads\/2017\/07\/Carolina-e-Henri-Vestidos-de-Noivas-atelier-Ivana-Beaumond-4.jpg\" alt=\"Vestido de Noiva atelier Ivana Beaumond \" width=\"684\" height=\"1024\" srcset=\"https:\/\/www.ivanabeaumond.com.br\/vestidos-noiva\/wp-content\/uploads\/2017\/07\/Carolina-e-Henri-Vestidos-de-Noivas-atelier-Ivana-Beaumond-4.jpg 684w, https:\/\/www.ivanabeaumond.com.br\/vestidos-noiva\/wp-content\/uploads\/2017\/07\/Carolina-e-Henri-Vestidos-de-Noivas-atelier-Ivana-Beaumond-4-200x300.jpg 200w\" sizes=\"(max-width: 684px) 100vw, 684px\" \/><\/a><p id=\"caption-attachment-12963\" class=\"wp-caption-text\">Vestido de Noiva atelier Ivana Beaumond<\/p><\/div>\n<div id=\"attachment_12964\" style=\"width: 910px\" class=\"wp-caption aligncenter\"><a href=\"http:\/\/www.ivanabeaumond.com.br\/vestidos-noiva\/wp-content\/uploads\/2017\/07\/Carolina-e-Henri-Vestidos-de-Noivas-atelier-Ivana-Beaumond-6-e1499266982799.jpg\"><img aria-describedby=\"caption-attachment-12964\" decoding=\"async\" loading=\"lazy\" class=\"size-full wp-image-12964\" src=\"http:\/\/www.ivanabeaumond.com.br\/vestidos-noiva\/wp-content\/uploads\/2017\/07\/Carolina-e-Henri-Vestidos-de-Noivas-atelier-Ivana-Beaumond-6-e1499266982799.jpg\" alt=\"Vestido de Noiva atelier Ivana Beaumond \" width=\"900\" height=\"601\" \/><\/a><p id=\"caption-attachment-12964\" class=\"wp-caption-text\">Vestido de Noiva atelier Ivana Beaumond<\/p><\/div>\n<div id=\"attachment_12965\" style=\"width: 693px\" class=\"wp-caption aligncenter\"><a href=\"http:\/\/www.ivanabeaumond.com.br\/vestidos-noiva\/wp-content\/uploads\/2017\/07\/Carolina-e-Henri-Vestidos-de-Noivas-atelier-Ivana-Beaumond-7.jpg\"><img aria-describedby=\"caption-attachment-12965\" decoding=\"async\" loading=\"lazy\" class=\"size-full wp-image-12965\" src=\"http:\/\/www.ivanabeaumond.com.br\/vestidos-noiva\/wp-content\/uploads\/2017\/07\/Carolina-e-Henri-Vestidos-de-Noivas-atelier-Ivana-Beaumond-7.jpg\" alt=\"Vestido de Noiva atelier Ivana Beaumond \" width=\"683\" height=\"1024\" srcset=\"https:\/\/www.ivanabeaumond.com.br\/vestidos-noiva\/wp-content\/uploads\/2017\/07\/Carolina-e-Henri-Vestidos-de-Noivas-atelier-Ivana-Beaumond-7.jpg 683w, https:\/\/www.ivanabeaumond.com.br\/vestidos-noiva\/wp-content\/uploads\/2017\/07\/Carolina-e-Henri-Vestidos-de-Noivas-atelier-Ivana-Beaumond-7-200x300.jpg 200w\" sizes=\"(max-width: 683px) 100vw, 683px\" \/><\/a><p id=\"caption-attachment-12965\" class=\"wp-caption-text\">Vestido de Noiva atelier Ivana Beaumond<\/p><\/div>\n<div id=\"attachment_12966\" style=\"width: 910px\" class=\"wp-caption aligncenter\"><a href=\"http:\/\/www.ivanabeaumond.com.br\/vestidos-noiva\/wp-content\/uploads\/2017\/07\/Carolina-e-Henri-Vestidos-de-Noivas-atelier-Ivana-Beaumond-8-e1499267004130.jpg\"><img aria-describedby=\"caption-attachment-12966\" decoding=\"async\" loading=\"lazy\" class=\"size-full wp-image-12966\" src=\"http:\/\/www.ivanabeaumond.com.br\/vestidos-noiva\/wp-content\/uploads\/2017\/07\/Carolina-e-Henri-Vestidos-de-Noivas-atelier-Ivana-Beaumond-8-e1499267004130.jpg\" alt=\"Vestido de Noiva atelier Ivana Beaumond \" width=\"900\" height=\"600\" \/><\/a><p id=\"caption-attachment-12966\" class=\"wp-caption-text\">Vestido de Noiva atelier Ivana Beaumond<\/p><\/div>\n<div id=\"attachment_12967\" style=\"width: 694px\" class=\"wp-caption aligncenter\"><a href=\"http:\/\/www.ivanabeaumond.com.br\/vestidos-noiva\/wp-content\/uploads\/2017\/07\/Carolina-e-Henri-Vestidos-de-Noivas-atelier-Ivana-Beaumond-9.jpg\"><img aria-describedby=\"caption-attachment-12967\" decoding=\"async\" loading=\"lazy\" class=\"size-full wp-image-12967\" src=\"http:\/\/www.ivanabeaumond.com.br\/vestidos-noiva\/wp-content\/uploads\/2017\/07\/Carolina-e-Henri-Vestidos-de-Noivas-atelier-Ivana-Beaumond-9.jpg\" alt=\"Vestido de Noiva atelier Ivana Beaumond \" width=\"684\" height=\"1024\" srcset=\"https:\/\/www.ivanabeaumond.com.br\/vestidos-noiva\/wp-content\/uploads\/2017\/07\/Carolina-e-Henri-Vestidos-de-Noivas-atelier-Ivana-Beaumond-9.jpg 684w, https:\/\/www.ivanabeaumond.com.br\/vestidos-noiva\/wp-content\/uploads\/2017\/07\/Carolina-e-Henri-Vestidos-de-Noivas-atelier-Ivana-Beaumond-9-200x300.jpg 200w\" sizes=\"(max-width: 684px) 100vw, 684px\" \/><\/a><p id=\"caption-attachment-12967\" class=\"wp-caption-text\">Vestido de Noiva atelier Ivana Beaumond<\/p><\/div>\n<div id=\"attachment_12968\" style=\"width: 910px\" class=\"wp-caption aligncenter\"><a href=\"http:\/\/www.ivanabeaumond.com.br\/vestidos-noiva\/wp-content\/uploads\/2017\/07\/Carolina-e-Henri-Vestidos-de-Noivas-atelier-Ivana-Beaumond-11-e1499267029873.jpg\"><img aria-describedby=\"caption-attachment-12968\" decoding=\"async\" loading=\"lazy\" class=\"size-full wp-image-12968\" src=\"http:\/\/www.ivanabeaumond.com.br\/vestidos-noiva\/wp-content\/uploads\/2017\/07\/Carolina-e-Henri-Vestidos-de-Noivas-atelier-Ivana-Beaumond-11-e1499267029873.jpg\" alt=\"Vestido de Noiva atelier Ivana Beaumond \" width=\"900\" height=\"601\" \/><\/a><p id=\"caption-attachment-12968\" class=\"wp-caption-text\">Vestido de Noiva atelier Ivana Beaumond<\/p><\/div>\n<div id=\"attachment_12969\" style=\"width: 694px\" class=\"wp-caption aligncenter\"><a href=\"http:\/\/www.ivanabeaumond.com.br\/vestidos-noiva\/wp-content\/uploads\/2017\/07\/Carolina-e-Henri-Vestidos-de-Noivas-atelier-Ivana-Beaumond-12.jpg\"><img aria-describedby=\"caption-attachment-12969\" decoding=\"async\" loading=\"lazy\" class=\"size-full wp-image-12969\" src=\"http:\/\/www.ivanabeaumond.com.br\/vestidos-noiva\/wp-content\/uploads\/2017\/07\/Carolina-e-Henri-Vestidos-de-Noivas-atelier-Ivana-Beaumond-12.jpg\" alt=\"Vestido de Noiva atelier Ivana Beaumond \" width=\"684\" height=\"1024\" srcset=\"https:\/\/www.ivanabeaumond.com.br\/vestidos-noiva\/wp-content\/uploads\/2017\/07\/Carolina-e-Henri-Vestidos-de-Noivas-atelier-Ivana-Beaumond-12.jpg 684w, https:\/\/www.ivanabeaumond.com.br\/vestidos-noiva\/wp-content\/uploads\/2017\/07\/Carolina-e-Henri-Vestidos-de-Noivas-atelier-Ivana-Beaumond-12-200x300.jpg 200w\" sizes=\"(max-width: 684px) 100vw, 684px\" \/><\/a><p id=\"caption-attachment-12969\" class=\"wp-caption-text\">Vestido de Noiva atelier Ivana Beaumond<\/p><\/div>\n<div id=\"attachment_12970\" style=\"width: 910px\" class=\"wp-caption aligncenter\"><a href=\"http:\/\/www.ivanabeaumond.com.br\/vestidos-noiva\/wp-content\/uploads\/2017\/07\/Carolina-e-Henri-Vestidos-de-Noivas-atelier-Ivana-Beaumond-13-e1499267053946.jpg\"><img aria-describedby=\"caption-attachment-12970\" decoding=\"async\" loading=\"lazy\" class=\"size-full wp-image-12970\" src=\"http:\/\/www.ivanabeaumond.com.br\/vestidos-noiva\/wp-content\/uploads\/2017\/07\/Carolina-e-Henri-Vestidos-de-Noivas-atelier-Ivana-Beaumond-13-e1499267053946.jpg\" alt=\"Vestido de Noiva atelier Ivana Beaumond \" width=\"900\" height=\"601\" \/><\/a><p id=\"caption-attachment-12970\" class=\"wp-caption-text\">Vestido de Noiva atelier Ivana Beaumond<\/p><\/div>\n<div id=\"attachment_12971\" style=\"width: 910px\" class=\"wp-caption aligncenter\"><a href=\"http:\/\/www.ivanabeaumond.com.br\/vestidos-noiva\/wp-content\/uploads\/2017\/07\/Carolina-e-Henri-Vestidos-de-Noivas-atelier-Ivana-Beaumond-14-e1499267070849.jpg\"><img aria-describedby=\"caption-attachment-12971\" decoding=\"async\" loading=\"lazy\" class=\"size-full wp-image-12971\" src=\"http:\/\/www.ivanabeaumond.com.br\/vestidos-noiva\/wp-content\/uploads\/2017\/07\/Carolina-e-Henri-Vestidos-de-Noivas-atelier-Ivana-Beaumond-14-e1499267070849.jpg\" alt=\"Vestido de Noiva atelier Ivana Beaumond \" width=\"900\" height=\"601\" \/><\/a><p id=\"caption-attachment-12971\" class=\"wp-caption-text\">Vestido de Noiva atelier Ivana Beaumond<\/p><\/div>\n<div id=\"attachment_12974\" style=\"width: 910px\" class=\"wp-caption aligncenter\"><a href=\"http:\/\/www.ivanabeaumond.com.br\/vestidos-noiva\/wp-content\/uploads\/2017\/07\/Carolina-e-Henri-Vestidos-de-Noivas-atelier-Ivana-Beaumond-10-e1499270815617.jpg\"><img aria-describedby=\"caption-attachment-12974\" decoding=\"async\" loading=\"lazy\" class=\"size-full wp-image-12974\" src=\"http:\/\/www.ivanabeaumond.com.br\/vestidos-noiva\/wp-content\/uploads\/2017\/07\/Carolina-e-Henri-Vestidos-de-Noivas-atelier-Ivana-Beaumond-10-e1499270815617.jpg\" alt=\"Vestidos de Damas atelier Ivana Beaumond\" width=\"900\" height=\"601\" \/><\/a><p id=\"caption-attachment-12974\" class=\"wp-caption-text\">Vestidos de Damas atelier Ivana Beaumond<\/p><\/div>\n<div id=\"attachment_12972\" style=\"width: 910px\" class=\"wp-caption aligncenter\"><a href=\"http:\/\/www.ivanabeaumond.com.br\/vestidos-noiva\/wp-content\/uploads\/2017\/07\/Carolina-e-Henri-Vestidos-de-Noivas-atelier-Ivana-Beaumond-15-e1499267090440.jpg\"><img aria-describedby=\"caption-attachment-12972\" decoding=\"async\" loading=\"lazy\" class=\"size-full wp-image-12972\" src=\"http:\/\/www.ivanabeaumond.com.br\/vestidos-noiva\/wp-content\/uploads\/2017\/07\/Carolina-e-Henri-Vestidos-de-Noivas-atelier-Ivana-Beaumond-15-e1499267090440.jpg\" alt=\"Vestido de Noiva atelier Ivana Beaumond \" width=\"900\" height=\"601\" \/><\/a><p id=\"caption-attachment-12972\" class=\"wp-caption-text\">Vestido de Noiva atelier Ivana Beaumond<\/p><\/div>\n","protected":false},"excerpt":{"rendered":"<p>O casal Carolina e Henri celebraram o amor, a uni\u00e3o&#8230;<\/p>\n","protected":false},"author":4,"featured_media":12964,"comment_status":"open","ping_status":"open","sticky":false,"template":"","format":"standard","meta":[],"categories":[130],"tags":[131,133,96,137,162,103,136,164,165,138,115],"yoast_head":"<!-- This site is optimized with the Yoast SEO plugin v20.3 - https:\/\/yoast.com\/wordpress\/plugins\/seo\/ -->\n<title>Carolina e Henri \u2661 wedding day vestindo By Ivana Beaumond \u2661 - Vestido de Noiva RJ<\/title>\n<meta name=\"robots\" content=\"index, follow, max-snippet:-1, max-image-preview:large, max-video-preview:-1\" \/>\n<link rel=\"canonical\" href=\"https:\/\/www.ivanabeaumond.com.br\/vestidos-noiva\/carolina-e-henri-\u2661-wedding-day-vestindo-by-ivana-beaumond-\u2661\/\" \/>\n<meta property=\"og:locale\" content=\"pt_BR\" \/>\n<meta property=\"og:type\" content=\"article\" \/>\n<meta property=\"og:title\" content=\"Carolina e Henri \u2661 wedding day vestindo By Ivana Beaumond \u2661 - Vestido de Noiva RJ\" \/>\n<meta property=\"og:description\" content=\"O casal Carolina e Henri celebraram o amor, a uni\u00e3o...\" \/>\n<meta property=\"og:url\" content=\"https:\/\/www.ivanabeaumond.com.br\/vestidos-noiva\/carolina-e-henri-\u2661-wedding-day-vestindo-by-ivana-beaumond-\u2661\/\" \/>\n<meta property=\"og:site_name\" content=\"Vestido de Noiva RJ\" \/>\n<meta property=\"article:publisher\" content=\"https:\/\/www.facebook.com\/ivana.beaumondnoivas\" \/>\n<meta property=\"article:published_time\" content=\"2017-07-08T01:08:36+00:00\" \/>\n<meta property=\"article:modified_time\" content=\"2017-10-23T17:43:47+00:00\" \/>\n<meta property=\"og:image\" content=\"https:\/\/www.ivanabeaumond.com.br\/vestidos-noiva\/wp-content\/uploads\/2017\/07\/Carolina-e-Henri-Vestidos-de-Noivas-atelier-Ivana-Beaumond-6-e1499266982799.jpg\" \/>\n\t<meta property=\"og:image:width\" content=\"900\" \/>\n\t<meta property=\"og:image:height\" content=\"601\" \/>\n\t<meta property=\"og:image:type\" content=\"image\/jpeg\" \/>\n<meta name=\"author\" content=\"Ivana Beaumond Paris\" \/>\n<meta name=\"twitter:card\" content=\"summary_large_image\" \/>\n<meta name=\"twitter:label1\" content=\"Escrito por\" \/>\n\t<meta name=\"twitter:data1\" content=\"Ivana Beaumond Paris\" \/>\n\t<meta name=\"twitter:label2\" content=\"Est. tempo de leitura\" \/>\n\t<meta name=\"twitter:data2\" content=\"2 minutos\" \/>\n<script type=\"application\/ld+json\" class=\"yoast-schema-graph\">{\"@context\":\"https:\/\/schema.org\",\"@graph\":[{\"@type\":\"Article\",\"@id\":\"https:\/\/www.ivanabeaumond.com.br\/vestidos-noiva\/carolina-e-henri-%e2%99%a1-wedding-day-vestindo-by-ivana-beaumond-%e2%99%a1\/#article\",\"isPartOf\":{\"@id\":\"https:\/\/www.ivanabeaumond.com.br\/vestidos-noiva\/carolina-e-henri-%e2%99%a1-wedding-day-vestindo-by-ivana-beaumond-%e2%99%a1\/\"},\"author\":{\"name\":\"Ivana Beaumond Paris\",\"@id\":\"https:\/\/www.ivanabeaumond.com.br\/vestidos-noiva\/#\/schema\/person\/1a360c4cffa3b806d29a456389dcff26\"},\"headline\":\"Carolina e Henri \u2661 wedding day vestindo By Ivana Beaumond \u2661\",\"datePublished\":\"2017-07-08T01:08:36+00:00\",\"dateModified\":\"2017-10-23T17:43:47+00:00\",\"mainEntityOfPage\":{\"@id\":\"https:\/\/www.ivanabeaumond.com.br\/vestidos-noiva\/carolina-e-henri-%e2%99%a1-wedding-day-vestindo-by-ivana-beaumond-%e2%99%a1\/\"},\"wordCount\":387,\"commentCount\":0,\"publisher\":{\"@id\":\"https:\/\/www.ivanabeaumond.com.br\/vestidos-noiva\/#organization\"},\"keywords\":[\"aluguel de roupas\",\"atelierivanabeaumond\",\"casamento\",\"convidadas\",\"festas\",\"madrinhas\",\"moda festa\",\"noivas\",\"padrinhos\",\"vestido de festa\",\"vestido de noiva\"],\"articleSection\":[\"Nossas Noivas\"],\"inLanguage\":\"pt-BR\",\"potentialAction\":[{\"@type\":\"CommentAction\",\"name\":\"Comment\",\"target\":[\"https:\/\/www.ivanabeaumond.com.br\/vestidos-noiva\/carolina-e-henri-%e2%99%a1-wedding-day-vestindo-by-ivana-beaumond-%e2%99%a1\/#respond\"]}]},{\"@type\":\"WebPage\",\"@id\":\"https:\/\/www.ivanabeaumond.com.br\/vestidos-noiva\/carolina-e-henri-%e2%99%a1-wedding-day-vestindo-by-ivana-beaumond-%e2%99%a1\/\",\"url\":\"https:\/\/www.ivanabeaumond.com.br\/vestidos-noiva\/carolina-e-henri-%e2%99%a1-wedding-day-vestindo-by-ivana-beaumond-%e2%99%a1\/\",\"name\":\"Carolina e Henri \u2661 wedding day vestindo By Ivana Beaumond \u2661 - Vestido de Noiva RJ\",\"isPartOf\":{\"@id\":\"https:\/\/www.ivanabeaumond.com.br\/vestidos-noiva\/#website\"},\"datePublished\":\"2017-07-08T01:08:36+00:00\",\"dateModified\":\"2017-10-23T17:43:47+00:00\",\"breadcrumb\":{\"@id\":\"https:\/\/www.ivanabeaumond.com.br\/vestidos-noiva\/carolina-e-henri-%e2%99%a1-wedding-day-vestindo-by-ivana-beaumond-%e2%99%a1\/#breadcrumb\"},\"inLanguage\":\"pt-BR\",\"potentialAction\":[{\"@type\":\"ReadAction\",\"target\":[\"https:\/\/www.ivanabeaumond.com.br\/vestidos-noiva\/carolina-e-henri-%e2%99%a1-wedding-day-vestindo-by-ivana-beaumond-%e2%99%a1\/\"]}]},{\"@type\":\"BreadcrumbList\",\"@id\":\"https:\/\/www.ivanabeaumond.com.br\/vestidos-noiva\/carolina-e-henri-%e2%99%a1-wedding-day-vestindo-by-ivana-beaumond-%e2%99%a1\/#breadcrumb\",\"itemListElement\":[{\"@type\":\"ListItem\",\"position\":1,\"name\":\"In\u00edcio\",\"item\":\"https:\/\/www.ivanabeaumond.com.br\/vestidos-noiva\/\"},{\"@type\":\"ListItem\",\"position\":2,\"name\":\"Carolina e Henri \u2661 wedding day vestindo By Ivana Beaumond \u2661\"}]},{\"@type\":\"WebSite\",\"@id\":\"https:\/\/www.ivanabeaumond.com.br\/vestidos-noiva\/#website\",\"url\":\"https:\/\/www.ivanabeaumond.com.br\/vestidos-noiva\/\",\"name\":\"Vestido de Noiva RJ\",\"description\":\"Moda Noiva\",\"publisher\":{\"@id\":\"https:\/\/www.ivanabeaumond.com.br\/vestidos-noiva\/#organization\"},\"potentialAction\":[{\"@type\":\"SearchAction\",\"target\":{\"@type\":\"EntryPoint\",\"urlTemplate\":\"https:\/\/www.ivanabeaumond.com.br\/vestidos-noiva\/?s={search_term_string}\"},\"query-input\":\"required name=search_term_string\"}],\"inLanguage\":\"pt-BR\"},{\"@type\":\"Organization\",\"@id\":\"https:\/\/www.ivanabeaumond.com.br\/vestidos-noiva\/#organization\",\"name\":\"Vestido de Noiva RJ\",\"url\":\"https:\/\/www.ivanabeaumond.com.br\/vestidos-noiva\/\",\"logo\":{\"@type\":\"ImageObject\",\"inLanguage\":\"pt-BR\",\"@id\":\"https:\/\/www.ivanabeaumond.com.br\/vestidos-noiva\/#\/schema\/logo\/image\/\",\"url\":\"https:\/\/www.ivanabeaumond.com.br\/vestidos-noiva\/wp-content\/uploads\/2018\/02\/logo_ivana_beaumond-2.png\",\"contentUrl\":\"https:\/\/www.ivanabeaumond.com.br\/vestidos-noiva\/wp-content\/uploads\/2018\/02\/logo_ivana_beaumond-2.png\",\"width\":230,\"height\":112,\"caption\":\"Vestido de Noiva RJ\"},\"image\":{\"@id\":\"https:\/\/www.ivanabeaumond.com.br\/vestidos-noiva\/#\/schema\/logo\/image\/\"},\"sameAs\":[\"https:\/\/www.facebook.com\/ivana.beaumondnoivas\",\"https:\/\/www.instagram.com\/ivanabeaumond\/\",\"https:\/\/www.tiktok.com\/@ivanabeaumond\"]},{\"@type\":\"Person\",\"@id\":\"https:\/\/www.ivanabeaumond.com.br\/vestidos-noiva\/#\/schema\/person\/1a360c4cffa3b806d29a456389dcff26\",\"name\":\"Ivana Beaumond Paris\",\"image\":{\"@type\":\"ImageObject\",\"inLanguage\":\"pt-BR\",\"@id\":\"https:\/\/www.ivanabeaumond.com.br\/vestidos-noiva\/#\/schema\/person\/image\/\",\"url\":\"https:\/\/secure.gravatar.com\/avatar\/641f98db20b53ec937ceb641db4270b9?s=96&d=mm&r=g\",\"contentUrl\":\"https:\/\/secure.gravatar.com\/avatar\/641f98db20b53ec937ceb641db4270b9?s=96&d=mm&r=g\",\"caption\":\"Ivana Beaumond Paris\"},\"url\":\"https:\/\/www.ivanabeaumond.com.br\/vestidos-noiva\/author\/ivana\/\"}]}<\/script>\n<!-- \/ Yoast SEO plugin. -->","yoast_head_json":{"title":"Carolina e Henri \u2661 wedding day vestindo By Ivana Beaumond \u2661 - Vestido de Noiva RJ","robots":{"index":"index","follow":"follow","max-snippet":"max-snippet:-1","max-image-preview":"max-image-preview:large","max-video-preview":"max-video-preview:-1"},"canonical":"https:\/\/www.ivanabeaumond.com.br\/vestidos-noiva\/carolina-e-henri-\u2661-wedding-day-vestindo-by-ivana-beaumond-\u2661\/","og_locale":"pt_BR","og_type":"article","og_title":"Carolina e Henri \u2661 wedding day vestindo By Ivana Beaumond \u2661 - Vestido de Noiva RJ","og_description":"O casal Carolina e Henri celebraram o amor, a uni\u00e3o...","og_url":"https:\/\/www.ivanabeaumond.com.br\/vestidos-noiva\/carolina-e-henri-\u2661-wedding-day-vestindo-by-ivana-beaumond-\u2661\/","og_site_name":"Vestido de Noiva RJ","article_publisher":"https:\/\/www.facebook.com\/ivana.beaumondnoivas","article_published_time":"2017-07-08T01:08:36+00:00","article_modified_time":"2017-10-23T17:43:47+00:00","og_image":[{"width":900,"height":601,"url":"https:\/\/www.ivanabeaumond.com.br\/vestidos-noiva\/wp-content\/uploads\/2017\/07\/Carolina-e-Henri-Vestidos-de-Noivas-atelier-Ivana-Beaumond-6-e1499266982799.jpg","type":"image\/jpeg"}],"author":"Ivana Beaumond Paris","twitter_card":"summary_large_image","twitter_misc":{"Escrito por":"Ivana Beaumond Paris","Est. tempo de leitura":"2 minutos"},"schema":{"@context":"https:\/\/schema.org","@graph":[{"@type":"Article","@id":"https:\/\/www.ivanabeaumond.com.br\/vestidos-noiva\/carolina-e-henri-%e2%99%a1-wedding-day-vestindo-by-ivana-beaumond-%e2%99%a1\/#article","isPartOf":{"@id":"https:\/\/www.ivanabeaumond.com.br\/vestidos-noiva\/carolina-e-henri-%e2%99%a1-wedding-day-vestindo-by-ivana-beaumond-%e2%99%a1\/"},"author":{"name":"Ivana Beaumond Paris","@id":"https:\/\/www.ivanabeaumond.com.br\/vestidos-noiva\/#\/schema\/person\/1a360c4cffa3b806d29a456389dcff26"},"headline":"Carolina e Henri \u2661 wedding day vestindo By Ivana Beaumond \u2661","datePublished":"2017-07-08T01:08:36+00:00","dateModified":"2017-10-23T17:43:47+00:00","mainEntityOfPage":{"@id":"https:\/\/www.ivanabeaumond.com.br\/vestidos-noiva\/carolina-e-henri-%e2%99%a1-wedding-day-vestindo-by-ivana-beaumond-%e2%99%a1\/"},"wordCount":387,"commentCount":0,"publisher":{"@id":"https:\/\/www.ivanabeaumond.com.br\/vestidos-noiva\/#organization"},"keywords":["aluguel de roupas","atelierivanabeaumond","casamento","convidadas","festas","madrinhas","moda festa","noivas","padrinhos","vestido de festa","vestido de noiva"],"articleSection":["Nossas Noivas"],"inLanguage":"pt-BR","potentialAction":[{"@type":"CommentAction","name":"Comment","target":["https:\/\/www.ivanabeaumond.com.br\/vestidos-noiva\/carolina-e-henri-%e2%99%a1-wedding-day-vestindo-by-ivana-beaumond-%e2%99%a1\/#respond"]}]},{"@type":"WebPage","@id":"https:\/\/www.ivanabeaumond.com.br\/vestidos-noiva\/carolina-e-henri-%e2%99%a1-wedding-day-vestindo-by-ivana-beaumond-%e2%99%a1\/","url":"https:\/\/www.ivanabeaumond.com.br\/vestidos-noiva\/carolina-e-henri-%e2%99%a1-wedding-day-vestindo-by-ivana-beaumond-%e2%99%a1\/","name":"Carolina e Henri \u2661 wedding day vestindo By Ivana Beaumond \u2661 - Vestido de Noiva RJ","isPartOf":{"@id":"https:\/\/www.ivanabeaumond.com.br\/vestidos-noiva\/#website"},"datePublished":"2017-07-08T01:08:36+00:00","dateModified":"2017-10-23T17:43:47+00:00","breadcrumb":{"@id":"https:\/\/www.ivanabeaumond.com.br\/vestidos-noiva\/carolina-e-henri-%e2%99%a1-wedding-day-vestindo-by-ivana-beaumond-%e2%99%a1\/#breadcrumb"},"inLanguage":"pt-BR","potentialAction":[{"@type":"ReadAction","target":["https:\/\/www.ivanabeaumond.com.br\/vestidos-noiva\/carolina-e-henri-%e2%99%a1-wedding-day-vestindo-by-ivana-beaumond-%e2%99%a1\/"]}]},{"@type":"BreadcrumbList","@id":"https:\/\/www.ivanabeaumond.com.br\/vestidos-noiva\/carolina-e-henri-%e2%99%a1-wedding-day-vestindo-by-ivana-beaumond-%e2%99%a1\/#breadcrumb","itemListElement":[{"@type":"ListItem","position":1,"name":"In\u00edcio","item":"https:\/\/www.ivanabeaumond.com.br\/vestidos-noiva\/"},{"@type":"ListItem","position":2,"name":"Carolina e Henri \u2661 wedding day vestindo By Ivana Beaumond \u2661"}]},{"@type":"WebSite","@id":"https:\/\/www.ivanabeaumond.com.br\/vestidos-noiva\/#website","url":"https:\/\/www.ivanabeaumond.com.br\/vestidos-noiva\/","name":"Vestido de Noiva RJ","description":"Moda Noiva","publisher":{"@id":"https:\/\/www.ivanabeaumond.com.br\/vestidos-noiva\/#organization"},"potentialAction":[{"@type":"SearchAction","target":{"@type":"EntryPoint","urlTemplate":"https:\/\/www.ivanabeaumond.com.br\/vestidos-noiva\/?s={search_term_string}"},"query-input":"required name=search_term_string"}],"inLanguage":"pt-BR"},{"@type":"Organization","@id":"https:\/\/www.ivanabeaumond.com.br\/vestidos-noiva\/#organization","name":"Vestido de Noiva RJ","url":"https:\/\/www.ivanabeaumond.com.br\/vestidos-noiva\/","logo":{"@type":"ImageObject","inLanguage":"pt-BR","@id":"https:\/\/www.ivanabeaumond.com.br\/vestidos-noiva\/#\/schema\/logo\/image\/","url":"https:\/\/www.ivanabeaumond.com.br\/vestidos-noiva\/wp-content\/uploads\/2018\/02\/logo_ivana_beaumond-2.png","contentUrl":"https:\/\/www.ivanabeaumond.com.br\/vestidos-noiva\/wp-content\/uploads\/2018\/02\/logo_ivana_beaumond-2.png","width":230,"height":112,"caption":"Vestido de Noiva RJ"},"image":{"@id":"https:\/\/www.ivanabeaumond.com.br\/vestidos-noiva\/#\/schema\/logo\/image\/"},"sameAs":["https:\/\/www.facebook.com\/ivana.beaumondnoivas","https:\/\/www.instagram.com\/ivanabeaumond\/","https:\/\/www.tiktok.com\/@ivanabeaumond"]},{"@type":"Person","@id":"https:\/\/www.ivanabeaumond.com.br\/vestidos-noiva\/#\/schema\/person\/1a360c4cffa3b806d29a456389dcff26","name":"Ivana Beaumond Paris","image":{"@type":"ImageObject","inLanguage":"pt-BR","@id":"https:\/\/www.ivanabeaumond.com.br\/vestidos-noiva\/#\/schema\/person\/image\/","url":"https:\/\/secure.gravatar.com\/avatar\/641f98db20b53ec937ceb641db4270b9?s=96&d=mm&r=g","contentUrl":"https:\/\/secure.gravatar.com\/avatar\/641f98db20b53ec937ceb641db4270b9?s=96&d=mm&r=g","caption":"Ivana Beaumond Paris"},"url":"https:\/\/www.ivanabeaumond.com.br\/vestidos-noiva\/author\/ivana\/"}]}},"_links":{"self":[{"href":"https:\/\/www.ivanabeaumond.com.br\/vestidos-noiva\/wp-json\/wp\/v2\/posts\/12960"}],"collection":[{"href":"https:\/\/www.ivanabeaumond.com.br\/vestidos-noiva\/wp-json\/wp\/v2\/posts"}],"about":[{"href":"https:\/\/www.ivanabeaumond.com.br\/vestidos-noiva\/wp-json\/wp\/v2\/types\/post"}],"author":[{"embeddable":true,"href":"https:\/\/www.ivanabeaumond.com.br\/vestidos-noiva\/wp-json\/wp\/v2\/users\/4"}],"replies":[{"embeddable":true,"href":"https:\/\/www.ivanabeaumond.com.br\/vestidos-noiva\/wp-json\/wp\/v2\/comments?post=12960"}],"version-history":[{"count":5,"href":"https:\/\/www.ivanabeaumond.com.br\/vestidos-noiva\/wp-json\/wp\/v2\/posts\/12960\/revisions"}],"predecessor-version":[{"id":13013,"href":"https:\/\/www.ivanabeaumond.com.br\/vestidos-noiva\/wp-json\/wp\/v2\/posts\/12960\/revisions\/13013"}],"wp:featuredmedia":[{"embeddable":true,"href":"https:\/\/www.ivanabeaumond.com.br\/vestidos-noiva\/wp-json\/wp\/v2\/media\/12964"}],"wp:attachment":[{"href":"https:\/\/www.ivanabeaumond.com.br\/vestidos-noiva\/wp-json\/wp\/v2\/media?parent=12960"}],"wp:term":[{"taxonomy":"category","embeddable":true,"href":"https:\/\/www.ivanabeaumond.com.br\/vestidos-noiva\/wp-json\/wp\/v2\/categories?post=12960"},{"taxonomy":"post_tag","embeddable":true,"href":"https:\/\/www.ivanabeaumond.com.br\/vestidos-noiva\/wp-json\/wp\/v2\/tags?post=12960"}],"curies":[{"name":"wp","href":"https:\/\/api.w.org\/{rel}","templated":true}]}}