{"id":12976,"date":"2017-08-02T01:43:28","date_gmt":"2017-08-02T04:43:28","guid":{"rendered":"http:\/\/www.ivanabeaumond.com.br\/vestidos-noiva\/?p=12976"},"modified":"2017-10-23T15:38:44","modified_gmt":"2017-10-23T17:38:44","slug":"a-atriz-monique-alfradique-veste-ivana-beaumond-em-gravacoes-de-a-vila-para-o-multishow","status":"publish","type":"post","link":"https:\/\/www.ivanabeaumond.com.br\/vestidos-noiva\/a-atriz-monique-alfradique-veste-ivana-beaumond-em-gravacoes-de-a-vila-para-o-multishow\/","title":{"rendered":"A atriz Monique Alfradique veste Ivana Beaumond em grava\u00e7\u00f5es de &#8221; A Vila &#8220;, para o Multishow *"},"content":{"rendered":"<h5 style=\"text-align: justify;\"><span style=\"color: #999999;\"><em>A Atriz Monique Alfradique j\u00e1 est\u00e1 se preparando para a estreia de sua nova personagem, em &#8221; A Vila &#8220;, no canal<strong> Multishow<\/strong>.<\/em><\/span><\/h5>\n<h5 style=\"text-align: justify;\"><span style=\"color: #999999;\"><em>Durante as grava\u00e7\u00f5es do programa, a <strong>Atriz Monique Alfradique<\/strong>, \u00a0vestiu um de nossos modelos de Vestidos de Noiva, da cole\u00e7\u00e3o <strong>Ivana Beaumond Paris<\/strong>.\u00a0<\/em><em>O programa \u00e9 estrelado pelo ator e comediante, <strong>Paulo Gustavo<\/strong>, e como todos os seus trabalhos, como &#8221; Minha M\u00e3e \u00e9 uma Pe\u00e7a&#8221; e &#8221; Vai que Cola &#8220;, o programa &#8220;<strong> A Vila<\/strong> &#8221; promete ser Sucesso!!\u00a0<\/em><em>&#8221; A Vila&#8221; tem estreia prevista para o m\u00eas de Agosto.<\/em><\/span><\/h5>\n<h5 style=\"text-align: justify;\"><span style=\"color: #999999;\"><em>Confira abaixo algumas fotos das grava\u00e7\u00f5es:<\/em><\/span><\/h5>\n<div id=\"attachment_13104\" style=\"width: 610px\" class=\"wp-caption aligncenter\"><a href=\"http:\/\/www.ivanabeaumond.com.br\/vestidos-noiva\/wp-content\/uploads\/2017\/07\/Monique-Alfradique-veste-atelier-Ivana-Beaumond-10.jpg\"><img aria-describedby=\"caption-attachment-13104\" decoding=\"async\" loading=\"lazy\" class=\"wp-image-13104 size-full\" src=\"http:\/\/www.ivanabeaumond.com.br\/vestidos-noiva\/wp-content\/uploads\/2017\/07\/Monique-Alfradique-veste-atelier-Ivana-Beaumond-10.jpg\" alt=\"Monique-Alfradique-veste-atelier-Ivana-Beaumond 10\" width=\"600\" height=\"800\" srcset=\"https:\/\/www.ivanabeaumond.com.br\/vestidos-noiva\/wp-content\/uploads\/2017\/07\/Monique-Alfradique-veste-atelier-Ivana-Beaumond-10.jpg 600w, https:\/\/www.ivanabeaumond.com.br\/vestidos-noiva\/wp-content\/uploads\/2017\/07\/Monique-Alfradique-veste-atelier-Ivana-Beaumond-10-225x300.jpg 225w\" sizes=\"(max-width: 600px) 100vw, 600px\" \/><\/a><p id=\"caption-attachment-13104\" class=\"wp-caption-text\"><span style=\"color: #999999;\">Monique Alfradique veste Atelier Ivana Beaumond para grava\u00e7\u00e3o de &#8221; A Vila &#8220;, novo programa do Multishow<\/span><\/p><\/div>\n<div id=\"attachment_13105\" style=\"width: 610px\" class=\"wp-caption aligncenter\"><a href=\"http:\/\/www.ivanabeaumond.com.br\/vestidos-noiva\/wp-content\/uploads\/2017\/07\/Monique-Alfradique-veste-atelier-Ivana-Beaumond-09.jpg\"><img aria-describedby=\"caption-attachment-13105\" decoding=\"async\" loading=\"lazy\" class=\"wp-image-13105 size-full\" src=\"http:\/\/www.ivanabeaumond.com.br\/vestidos-noiva\/wp-content\/uploads\/2017\/07\/Monique-Alfradique-veste-atelier-Ivana-Beaumond-09.jpg\" alt=\"Monique-Alfradique-veste-atelier-Ivana-Beaumond 09\" width=\"600\" height=\"800\" srcset=\"https:\/\/www.ivanabeaumond.com.br\/vestidos-noiva\/wp-content\/uploads\/2017\/07\/Monique-Alfradique-veste-atelier-Ivana-Beaumond-09.jpg 600w, https:\/\/www.ivanabeaumond.com.br\/vestidos-noiva\/wp-content\/uploads\/2017\/07\/Monique-Alfradique-veste-atelier-Ivana-Beaumond-09-225x300.jpg 225w\" sizes=\"(max-width: 600px) 100vw, 600px\" \/><\/a><p id=\"caption-attachment-13105\" class=\"wp-caption-text\"><span style=\"color: #999999;\">Monique Alfradique veste Atelier Ivana Beaumond para grava\u00e7\u00e3o de &#8221; A Vila &#8220;, novo programa do Multishow<\/span><\/p><\/div>\n<div id=\"attachment_13106\" style=\"width: 610px\" class=\"wp-caption aligncenter\"><a href=\"http:\/\/www.ivanabeaumond.com.br\/vestidos-noiva\/wp-content\/uploads\/2017\/07\/Monique-Alfradique-veste-atelier-Ivana-Beaumond-07.jpg\"><img aria-describedby=\"caption-attachment-13106\" decoding=\"async\" loading=\"lazy\" class=\"wp-image-13106 size-full\" src=\"http:\/\/www.ivanabeaumond.com.br\/vestidos-noiva\/wp-content\/uploads\/2017\/07\/Monique-Alfradique-veste-atelier-Ivana-Beaumond-07.jpg\" alt=\"Monique-Alfradique-veste-atelier-Ivana-Beaumond 07\" width=\"600\" height=\"800\" srcset=\"https:\/\/www.ivanabeaumond.com.br\/vestidos-noiva\/wp-content\/uploads\/2017\/07\/Monique-Alfradique-veste-atelier-Ivana-Beaumond-07.jpg 600w, https:\/\/www.ivanabeaumond.com.br\/vestidos-noiva\/wp-content\/uploads\/2017\/07\/Monique-Alfradique-veste-atelier-Ivana-Beaumond-07-225x300.jpg 225w\" sizes=\"(max-width: 600px) 100vw, 600px\" \/><\/a><p id=\"caption-attachment-13106\" class=\"wp-caption-text\"><span style=\"color: #999999;\">Monique Alfradique veste Atelier Ivana Beaumond para grava\u00e7\u00e3o de &#8221; A Vila &#8220;, novo programa do Multishow<\/span><\/p><\/div>\n<p><a href=\"http:\/\/www.ivanabeaumond.com.br\/vestidos-noiva\/wp-content\/uploads\/2017\/07\/Monique-Alfradique-veste-atelier-Ivana-Beaumond-02.jpg\"><img decoding=\"async\" loading=\"lazy\" class=\"aligncenter size-full wp-image-13109\" src=\"http:\/\/www.ivanabeaumond.com.br\/vestidos-noiva\/wp-content\/uploads\/2017\/07\/Monique-Alfradique-veste-atelier-Ivana-Beaumond-02.jpg\" alt=\"Monique-Alfradique-veste-atelier-Ivana-Beaumond 02\" width=\"700\" height=\"525\" srcset=\"https:\/\/www.ivanabeaumond.com.br\/vestidos-noiva\/wp-content\/uploads\/2017\/07\/Monique-Alfradique-veste-atelier-Ivana-Beaumond-02.jpg 700w, https:\/\/www.ivanabeaumond.com.br\/vestidos-noiva\/wp-content\/uploads\/2017\/07\/Monique-Alfradique-veste-atelier-Ivana-Beaumond-02-300x225.jpg 300w\" sizes=\"(max-width: 700px) 100vw, 700px\" \/><\/a><a href=\"http:\/\/www.ivanabeaumond.com.br\/vestidos-noiva\/wp-content\/uploads\/2017\/07\/Monique-Alfradique-veste-atelier-Ivana-Beaumond-05.jpg\"><br \/>\n<\/a> <a href=\"http:\/\/www.ivanabeaumond.com.br\/vestidos-noiva\/wp-content\/uploads\/2017\/07\/Monique-Alfradique-veste-atelier-Ivana-Beaumond-04.jpg\"><img decoding=\"async\" loading=\"lazy\" class=\"aligncenter size-full wp-image-13108\" src=\"http:\/\/www.ivanabeaumond.com.br\/vestidos-noiva\/wp-content\/uploads\/2017\/07\/Monique-Alfradique-veste-atelier-Ivana-Beaumond-04.jpg\" alt=\"Monique-Alfradique-veste-atelier-Ivana-Beaumond 04\" width=\"700\" height=\"525\" srcset=\"https:\/\/www.ivanabeaumond.com.br\/vestidos-noiva\/wp-content\/uploads\/2017\/07\/Monique-Alfradique-veste-atelier-Ivana-Beaumond-04.jpg 700w, https:\/\/www.ivanabeaumond.com.br\/vestidos-noiva\/wp-content\/uploads\/2017\/07\/Monique-Alfradique-veste-atelier-Ivana-Beaumond-04-300x225.jpg 300w\" sizes=\"(max-width: 700px) 100vw, 700px\" \/><br \/>\n<\/a> <a href=\"http:\/\/www.ivanabeaumond.com.br\/vestidos-noiva\/wp-content\/uploads\/2017\/07\/Monique-Alfradique-veste-atelier-Ivana-Beaumond-01.jpg\"><img decoding=\"async\" loading=\"lazy\" class=\"aligncenter size-full wp-image-13110\" src=\"http:\/\/www.ivanabeaumond.com.br\/vestidos-noiva\/wp-content\/uploads\/2017\/07\/Monique-Alfradique-veste-atelier-Ivana-Beaumond-01.jpg\" alt=\"Monique-Alfradique-veste-atelier-Ivana-Beaumond 01\" width=\"700\" height=\"467\" srcset=\"https:\/\/www.ivanabeaumond.com.br\/vestidos-noiva\/wp-content\/uploads\/2017\/07\/Monique-Alfradique-veste-atelier-Ivana-Beaumond-01.jpg 700w, https:\/\/www.ivanabeaumond.com.br\/vestidos-noiva\/wp-content\/uploads\/2017\/07\/Monique-Alfradique-veste-atelier-Ivana-Beaumond-01-300x200.jpg 300w, https:\/\/www.ivanabeaumond.com.br\/vestidos-noiva\/wp-content\/uploads\/2017\/07\/Monique-Alfradique-veste-atelier-Ivana-Beaumond-01-480x320.jpg 480w\" sizes=\"(max-width: 700px) 100vw, 700px\" \/><\/a><\/p>\n<div id=\"attachment_12977\" style=\"width: 675px\" class=\"wp-caption aligncenter\"><a href=\"http:\/\/www.ivanabeaumond.com.br\/vestidos-noiva\/wp-content\/uploads\/2017\/07\/Monique-Alfradique-veste-atelier-Ivana-Beaumond-1.jpg\"><img aria-describedby=\"caption-attachment-12977\" decoding=\"async\" loading=\"lazy\" class=\"size-full wp-image-12977\" src=\"http:\/\/www.ivanabeaumond.com.br\/vestidos-noiva\/wp-content\/uploads\/2017\/07\/Monique-Alfradique-veste-atelier-Ivana-Beaumond-1.jpg\" alt=\"Monique Alfradique veste atelier Ivana Beaumond para grava\u00e7\u00e3o de &quot; A Vila &quot;, novo programa do Multishow\" width=\"665\" height=\"831\" srcset=\"https:\/\/www.ivanabeaumond.com.br\/vestidos-noiva\/wp-content\/uploads\/2017\/07\/Monique-Alfradique-veste-atelier-Ivana-Beaumond-1.jpg 665w, https:\/\/www.ivanabeaumond.com.br\/vestidos-noiva\/wp-content\/uploads\/2017\/07\/Monique-Alfradique-veste-atelier-Ivana-Beaumond-1-240x300.jpg 240w\" sizes=\"(max-width: 665px) 100vw, 665px\" \/><\/a><p id=\"caption-attachment-12977\" class=\"wp-caption-text\"><span style=\"color: #999999;\">Monique Alfradique veste Atelier Ivana Beaumond para grava\u00e7\u00e3o de &#8221; A Vila &#8220;, novo programa do Multishow<\/span><\/p><\/div>\n","protected":false},"excerpt":{"rendered":"<p>A Atriz Monique Alfradique j\u00e1 est\u00e1 se preparando para a&#8230;<\/p>\n","protected":false},"author":4,"featured_media":13109,"comment_status":"open","ping_status":"open","sticky":false,"template":"","format":"standard","meta":[],"categories":[128],"tags":[131,133,96,137,162,103,136,164,165,138,115],"yoast_head":"<!-- This site is optimized with the Yoast SEO plugin v20.3 - https:\/\/yoast.com\/wordpress\/plugins\/seo\/ -->\n<title>A atriz Monique Alfradique veste Ivana Beaumond em grava\u00e7\u00f5es de &quot; A Vila &quot;, para o Multishow * - Vestido de Noiva RJ<\/title>\n<meta name=\"robots\" content=\"index, follow, max-snippet:-1, max-image-preview:large, max-video-preview:-1\" \/>\n<link rel=\"canonical\" href=\"https:\/\/www.ivanabeaumond.com.br\/vestidos-noiva\/a-atriz-monique-alfradique-veste-ivana-beaumond-em-gravacoes-de-a-vila-para-o-multishow\/\" \/>\n<meta property=\"og:locale\" content=\"pt_BR\" \/>\n<meta property=\"og:type\" content=\"article\" \/>\n<meta property=\"og:title\" content=\"A atriz Monique Alfradique veste Ivana Beaumond em grava\u00e7\u00f5es de &quot; A Vila &quot;, para o Multishow * - Vestido de Noiva RJ\" \/>\n<meta property=\"og:description\" content=\"A Atriz Monique Alfradique j\u00e1 est\u00e1 se preparando para a...\" \/>\n<meta property=\"og:url\" content=\"https:\/\/www.ivanabeaumond.com.br\/vestidos-noiva\/a-atriz-monique-alfradique-veste-ivana-beaumond-em-gravacoes-de-a-vila-para-o-multishow\/\" \/>\n<meta property=\"og:site_name\" content=\"Vestido de Noiva RJ\" \/>\n<meta property=\"article:publisher\" content=\"https:\/\/www.facebook.com\/ivana.beaumondnoivas\" \/>\n<meta property=\"article:published_time\" content=\"2017-08-02T04:43:28+00:00\" \/>\n<meta property=\"article:modified_time\" content=\"2017-10-23T17:38:44+00:00\" \/>\n<meta property=\"og:image\" content=\"https:\/\/www.ivanabeaumond.com.br\/vestidos-noiva\/wp-content\/uploads\/2017\/07\/Monique-Alfradique-veste-atelier-Ivana-Beaumond-02.jpg\" \/>\n\t<meta property=\"og:image:width\" content=\"700\" \/>\n\t<meta property=\"og:image:height\" content=\"525\" \/>\n\t<meta property=\"og:image:type\" content=\"image\/jpeg\" \/>\n<meta name=\"author\" content=\"Ivana Beaumond Paris\" \/>\n<meta name=\"twitter:card\" content=\"summary_large_image\" \/>\n<meta name=\"twitter:label1\" content=\"Escrito por\" \/>\n\t<meta name=\"twitter:data1\" content=\"Ivana Beaumond Paris\" \/>\n\t<meta name=\"twitter:label2\" content=\"Est. tempo de leitura\" \/>\n\t<meta name=\"twitter:data2\" content=\"1 minuto\" \/>\n<script type=\"application\/ld+json\" class=\"yoast-schema-graph\">{\"@context\":\"https:\/\/schema.org\",\"@graph\":[{\"@type\":\"Article\",\"@id\":\"https:\/\/www.ivanabeaumond.com.br\/vestidos-noiva\/a-atriz-monique-alfradique-veste-ivana-beaumond-em-gravacoes-de-a-vila-para-o-multishow\/#article\",\"isPartOf\":{\"@id\":\"https:\/\/www.ivanabeaumond.com.br\/vestidos-noiva\/a-atriz-monique-alfradique-veste-ivana-beaumond-em-gravacoes-de-a-vila-para-o-multishow\/\"},\"author\":{\"name\":\"Ivana Beaumond Paris\",\"@id\":\"https:\/\/www.ivanabeaumond.com.br\/vestidos-noiva\/#\/schema\/person\/1a360c4cffa3b806d29a456389dcff26\"},\"headline\":\"A atriz Monique Alfradique veste Ivana Beaumond em grava\u00e7\u00f5es de &#8221; A Vila &#8220;, para o Multishow *\",\"datePublished\":\"2017-08-02T04:43:28+00:00\",\"dateModified\":\"2017-10-23T17:38:44+00:00\",\"mainEntityOfPage\":{\"@id\":\"https:\/\/www.ivanabeaumond.com.br\/vestidos-noiva\/a-atriz-monique-alfradique-veste-ivana-beaumond-em-gravacoes-de-a-vila-para-o-multishow\/\"},\"wordCount\":205,\"commentCount\":0,\"publisher\":{\"@id\":\"https:\/\/www.ivanabeaumond.com.br\/vestidos-noiva\/#organization\"},\"keywords\":[\"aluguel de roupas\",\"atelierivanabeaumond\",\"casamento\",\"convidadas\",\"festas\",\"madrinhas\",\"moda festa\",\"noivas\",\"padrinhos\",\"vestido de festa\",\"vestido de noiva\"],\"articleSection\":[\"Na M\u00eddia\"],\"inLanguage\":\"pt-BR\",\"potentialAction\":[{\"@type\":\"CommentAction\",\"name\":\"Comment\",\"target\":[\"https:\/\/www.ivanabeaumond.com.br\/vestidos-noiva\/a-atriz-monique-alfradique-veste-ivana-beaumond-em-gravacoes-de-a-vila-para-o-multishow\/#respond\"]}]},{\"@type\":\"WebPage\",\"@id\":\"https:\/\/www.ivanabeaumond.com.br\/vestidos-noiva\/a-atriz-monique-alfradique-veste-ivana-beaumond-em-gravacoes-de-a-vila-para-o-multishow\/\",\"url\":\"https:\/\/www.ivanabeaumond.com.br\/vestidos-noiva\/a-atriz-monique-alfradique-veste-ivana-beaumond-em-gravacoes-de-a-vila-para-o-multishow\/\",\"name\":\"A atriz Monique Alfradique veste Ivana Beaumond em grava\u00e7\u00f5es de \\\" A Vila \\\", para o Multishow * - Vestido de Noiva RJ\",\"isPartOf\":{\"@id\":\"https:\/\/www.ivanabeaumond.com.br\/vestidos-noiva\/#website\"},\"datePublished\":\"2017-08-02T04:43:28+00:00\",\"dateModified\":\"2017-10-23T17:38:44+00:00\",\"breadcrumb\":{\"@id\":\"https:\/\/www.ivanabeaumond.com.br\/vestidos-noiva\/a-atriz-monique-alfradique-veste-ivana-beaumond-em-gravacoes-de-a-vila-para-o-multishow\/#breadcrumb\"},\"inLanguage\":\"pt-BR\",\"potentialAction\":[{\"@type\":\"ReadAction\",\"target\":[\"https:\/\/www.ivanabeaumond.com.br\/vestidos-noiva\/a-atriz-monique-alfradique-veste-ivana-beaumond-em-gravacoes-de-a-vila-para-o-multishow\/\"]}]},{\"@type\":\"BreadcrumbList\",\"@id\":\"https:\/\/www.ivanabeaumond.com.br\/vestidos-noiva\/a-atriz-monique-alfradique-veste-ivana-beaumond-em-gravacoes-de-a-vila-para-o-multishow\/#breadcrumb\",\"itemListElement\":[{\"@type\":\"ListItem\",\"position\":1,\"name\":\"In\u00edcio\",\"item\":\"https:\/\/www.ivanabeaumond.com.br\/vestidos-noiva\/\"},{\"@type\":\"ListItem\",\"position\":2,\"name\":\"A atriz Monique Alfradique veste Ivana Beaumond em grava\u00e7\u00f5es de &#8221; A Vila &#8220;, para o Multishow *\"}]},{\"@type\":\"WebSite\",\"@id\":\"https:\/\/www.ivanabeaumond.com.br\/vestidos-noiva\/#website\",\"url\":\"https:\/\/www.ivanabeaumond.com.br\/vestidos-noiva\/\",\"name\":\"Vestido de Noiva RJ\",\"description\":\"Moda Noiva\",\"publisher\":{\"@id\":\"https:\/\/www.ivanabeaumond.com.br\/vestidos-noiva\/#organization\"},\"potentialAction\":[{\"@type\":\"SearchAction\",\"target\":{\"@type\":\"EntryPoint\",\"urlTemplate\":\"https:\/\/www.ivanabeaumond.com.br\/vestidos-noiva\/?s={search_term_string}\"},\"query-input\":\"required name=search_term_string\"}],\"inLanguage\":\"pt-BR\"},{\"@type\":\"Organization\",\"@id\":\"https:\/\/www.ivanabeaumond.com.br\/vestidos-noiva\/#organization\",\"name\":\"Vestido de Noiva RJ\",\"url\":\"https:\/\/www.ivanabeaumond.com.br\/vestidos-noiva\/\",\"logo\":{\"@type\":\"ImageObject\",\"inLanguage\":\"pt-BR\",\"@id\":\"https:\/\/www.ivanabeaumond.com.br\/vestidos-noiva\/#\/schema\/logo\/image\/\",\"url\":\"https:\/\/www.ivanabeaumond.com.br\/vestidos-noiva\/wp-content\/uploads\/2018\/02\/logo_ivana_beaumond-2.png\",\"contentUrl\":\"https:\/\/www.ivanabeaumond.com.br\/vestidos-noiva\/wp-content\/uploads\/2018\/02\/logo_ivana_beaumond-2.png\",\"width\":230,\"height\":112,\"caption\":\"Vestido de Noiva RJ\"},\"image\":{\"@id\":\"https:\/\/www.ivanabeaumond.com.br\/vestidos-noiva\/#\/schema\/logo\/image\/\"},\"sameAs\":[\"https:\/\/www.facebook.com\/ivana.beaumondnoivas\",\"https:\/\/www.instagram.com\/ivanabeaumond\/\",\"https:\/\/www.tiktok.com\/@ivanabeaumond\"]},{\"@type\":\"Person\",\"@id\":\"https:\/\/www.ivanabeaumond.com.br\/vestidos-noiva\/#\/schema\/person\/1a360c4cffa3b806d29a456389dcff26\",\"name\":\"Ivana Beaumond Paris\",\"image\":{\"@type\":\"ImageObject\",\"inLanguage\":\"pt-BR\",\"@id\":\"https:\/\/www.ivanabeaumond.com.br\/vestidos-noiva\/#\/schema\/person\/image\/\",\"url\":\"https:\/\/secure.gravatar.com\/avatar\/641f98db20b53ec937ceb641db4270b9?s=96&d=mm&r=g\",\"contentUrl\":\"https:\/\/secure.gravatar.com\/avatar\/641f98db20b53ec937ceb641db4270b9?s=96&d=mm&r=g\",\"caption\":\"Ivana Beaumond Paris\"},\"url\":\"https:\/\/www.ivanabeaumond.com.br\/vestidos-noiva\/author\/ivana\/\"}]}<\/script>\n<!-- \/ Yoast SEO plugin. -->","yoast_head_json":{"title":"A atriz Monique Alfradique veste Ivana Beaumond em grava\u00e7\u00f5es de \" A Vila \", para o Multishow * - Vestido de Noiva RJ","robots":{"index":"index","follow":"follow","max-snippet":"max-snippet:-1","max-image-preview":"max-image-preview:large","max-video-preview":"max-video-preview:-1"},"canonical":"https:\/\/www.ivanabeaumond.com.br\/vestidos-noiva\/a-atriz-monique-alfradique-veste-ivana-beaumond-em-gravacoes-de-a-vila-para-o-multishow\/","og_locale":"pt_BR","og_type":"article","og_title":"A atriz Monique Alfradique veste Ivana Beaumond em grava\u00e7\u00f5es de \" A Vila \", para o Multishow * - Vestido de Noiva RJ","og_description":"A Atriz Monique Alfradique j\u00e1 est\u00e1 se preparando para a...","og_url":"https:\/\/www.ivanabeaumond.com.br\/vestidos-noiva\/a-atriz-monique-alfradique-veste-ivana-beaumond-em-gravacoes-de-a-vila-para-o-multishow\/","og_site_name":"Vestido de Noiva RJ","article_publisher":"https:\/\/www.facebook.com\/ivana.beaumondnoivas","article_published_time":"2017-08-02T04:43:28+00:00","article_modified_time":"2017-10-23T17:38:44+00:00","og_image":[{"width":700,"height":525,"url":"https:\/\/www.ivanabeaumond.com.br\/vestidos-noiva\/wp-content\/uploads\/2017\/07\/Monique-Alfradique-veste-atelier-Ivana-Beaumond-02.jpg","type":"image\/jpeg"}],"author":"Ivana Beaumond Paris","twitter_card":"summary_large_image","twitter_misc":{"Escrito por":"Ivana Beaumond Paris","Est. tempo de leitura":"1 minuto"},"schema":{"@context":"https:\/\/schema.org","@graph":[{"@type":"Article","@id":"https:\/\/www.ivanabeaumond.com.br\/vestidos-noiva\/a-atriz-monique-alfradique-veste-ivana-beaumond-em-gravacoes-de-a-vila-para-o-multishow\/#article","isPartOf":{"@id":"https:\/\/www.ivanabeaumond.com.br\/vestidos-noiva\/a-atriz-monique-alfradique-veste-ivana-beaumond-em-gravacoes-de-a-vila-para-o-multishow\/"},"author":{"name":"Ivana Beaumond Paris","@id":"https:\/\/www.ivanabeaumond.com.br\/vestidos-noiva\/#\/schema\/person\/1a360c4cffa3b806d29a456389dcff26"},"headline":"A atriz Monique Alfradique veste Ivana Beaumond em grava\u00e7\u00f5es de &#8221; A Vila &#8220;, para o Multishow *","datePublished":"2017-08-02T04:43:28+00:00","dateModified":"2017-10-23T17:38:44+00:00","mainEntityOfPage":{"@id":"https:\/\/www.ivanabeaumond.com.br\/vestidos-noiva\/a-atriz-monique-alfradique-veste-ivana-beaumond-em-gravacoes-de-a-vila-para-o-multishow\/"},"wordCount":205,"commentCount":0,"publisher":{"@id":"https:\/\/www.ivanabeaumond.com.br\/vestidos-noiva\/#organization"},"keywords":["aluguel de roupas","atelierivanabeaumond","casamento","convidadas","festas","madrinhas","moda festa","noivas","padrinhos","vestido de festa","vestido de noiva"],"articleSection":["Na M\u00eddia"],"inLanguage":"pt-BR","potentialAction":[{"@type":"CommentAction","name":"Comment","target":["https:\/\/www.ivanabeaumond.com.br\/vestidos-noiva\/a-atriz-monique-alfradique-veste-ivana-beaumond-em-gravacoes-de-a-vila-para-o-multishow\/#respond"]}]},{"@type":"WebPage","@id":"https:\/\/www.ivanabeaumond.com.br\/vestidos-noiva\/a-atriz-monique-alfradique-veste-ivana-beaumond-em-gravacoes-de-a-vila-para-o-multishow\/","url":"https:\/\/www.ivanabeaumond.com.br\/vestidos-noiva\/a-atriz-monique-alfradique-veste-ivana-beaumond-em-gravacoes-de-a-vila-para-o-multishow\/","name":"A atriz Monique Alfradique veste Ivana Beaumond em grava\u00e7\u00f5es de \" A Vila \", para o Multishow * - Vestido de Noiva RJ","isPartOf":{"@id":"https:\/\/www.ivanabeaumond.com.br\/vestidos-noiva\/#website"},"datePublished":"2017-08-02T04:43:28+00:00","dateModified":"2017-10-23T17:38:44+00:00","breadcrumb":{"@id":"https:\/\/www.ivanabeaumond.com.br\/vestidos-noiva\/a-atriz-monique-alfradique-veste-ivana-beaumond-em-gravacoes-de-a-vila-para-o-multishow\/#breadcrumb"},"inLanguage":"pt-BR","potentialAction":[{"@type":"ReadAction","target":["https:\/\/www.ivanabeaumond.com.br\/vestidos-noiva\/a-atriz-monique-alfradique-veste-ivana-beaumond-em-gravacoes-de-a-vila-para-o-multishow\/"]}]},{"@type":"BreadcrumbList","@id":"https:\/\/www.ivanabeaumond.com.br\/vestidos-noiva\/a-atriz-monique-alfradique-veste-ivana-beaumond-em-gravacoes-de-a-vila-para-o-multishow\/#breadcrumb","itemListElement":[{"@type":"ListItem","position":1,"name":"In\u00edcio","item":"https:\/\/www.ivanabeaumond.com.br\/vestidos-noiva\/"},{"@type":"ListItem","position":2,"name":"A atriz Monique Alfradique veste Ivana Beaumond em grava\u00e7\u00f5es de &#8221; A Vila &#8220;, para o Multishow *"}]},{"@type":"WebSite","@id":"https:\/\/www.ivanabeaumond.com.br\/vestidos-noiva\/#website","url":"https:\/\/www.ivanabeaumond.com.br\/vestidos-noiva\/","name":"Vestido de Noiva RJ","description":"Moda Noiva","publisher":{"@id":"https:\/\/www.ivanabeaumond.com.br\/vestidos-noiva\/#organization"},"potentialAction":[{"@type":"SearchAction","target":{"@type":"EntryPoint","urlTemplate":"https:\/\/www.ivanabeaumond.com.br\/vestidos-noiva\/?s={search_term_string}"},"query-input":"required name=search_term_string"}],"inLanguage":"pt-BR"},{"@type":"Organization","@id":"https:\/\/www.ivanabeaumond.com.br\/vestidos-noiva\/#organization","name":"Vestido de Noiva RJ","url":"https:\/\/www.ivanabeaumond.com.br\/vestidos-noiva\/","logo":{"@type":"ImageObject","inLanguage":"pt-BR","@id":"https:\/\/www.ivanabeaumond.com.br\/vestidos-noiva\/#\/schema\/logo\/image\/","url":"https:\/\/www.ivanabeaumond.com.br\/vestidos-noiva\/wp-content\/uploads\/2018\/02\/logo_ivana_beaumond-2.png","contentUrl":"https:\/\/www.ivanabeaumond.com.br\/vestidos-noiva\/wp-content\/uploads\/2018\/02\/logo_ivana_beaumond-2.png","width":230,"height":112,"caption":"Vestido de Noiva RJ"},"image":{"@id":"https:\/\/www.ivanabeaumond.com.br\/vestidos-noiva\/#\/schema\/logo\/image\/"},"sameAs":["https:\/\/www.facebook.com\/ivana.beaumondnoivas","https:\/\/www.instagram.com\/ivanabeaumond\/","https:\/\/www.tiktok.com\/@ivanabeaumond"]},{"@type":"Person","@id":"https:\/\/www.ivanabeaumond.com.br\/vestidos-noiva\/#\/schema\/person\/1a360c4cffa3b806d29a456389dcff26","name":"Ivana Beaumond Paris","image":{"@type":"ImageObject","inLanguage":"pt-BR","@id":"https:\/\/www.ivanabeaumond.com.br\/vestidos-noiva\/#\/schema\/person\/image\/","url":"https:\/\/secure.gravatar.com\/avatar\/641f98db20b53ec937ceb641db4270b9?s=96&d=mm&r=g","contentUrl":"https:\/\/secure.gravatar.com\/avatar\/641f98db20b53ec937ceb641db4270b9?s=96&d=mm&r=g","caption":"Ivana Beaumond Paris"},"url":"https:\/\/www.ivanabeaumond.com.br\/vestidos-noiva\/author\/ivana\/"}]}},"_links":{"self":[{"href":"https:\/\/www.ivanabeaumond.com.br\/vestidos-noiva\/wp-json\/wp\/v2\/posts\/12976"}],"collection":[{"href":"https:\/\/www.ivanabeaumond.com.br\/vestidos-noiva\/wp-json\/wp\/v2\/posts"}],"about":[{"href":"https:\/\/www.ivanabeaumond.com.br\/vestidos-noiva\/wp-json\/wp\/v2\/types\/post"}],"author":[{"embeddable":true,"href":"https:\/\/www.ivanabeaumond.com.br\/vestidos-noiva\/wp-json\/wp\/v2\/users\/4"}],"replies":[{"embeddable":true,"href":"https:\/\/www.ivanabeaumond.com.br\/vestidos-noiva\/wp-json\/wp\/v2\/comments?post=12976"}],"version-history":[{"count":14,"href":"https:\/\/www.ivanabeaumond.com.br\/vestidos-noiva\/wp-json\/wp\/v2\/posts\/12976\/revisions"}],"predecessor-version":[{"id":13916,"href":"https:\/\/www.ivanabeaumond.com.br\/vestidos-noiva\/wp-json\/wp\/v2\/posts\/12976\/revisions\/13916"}],"wp:featuredmedia":[{"embeddable":true,"href":"https:\/\/www.ivanabeaumond.com.br\/vestidos-noiva\/wp-json\/wp\/v2\/media\/13109"}],"wp:attachment":[{"href":"https:\/\/www.ivanabeaumond.com.br\/vestidos-noiva\/wp-json\/wp\/v2\/media?parent=12976"}],"wp:term":[{"taxonomy":"category","embeddable":true,"href":"https:\/\/www.ivanabeaumond.com.br\/vestidos-noiva\/wp-json\/wp\/v2\/categories?post=12976"},{"taxonomy":"post_tag","embeddable":true,"href":"https:\/\/www.ivanabeaumond.com.br\/vestidos-noiva\/wp-json\/wp\/v2\/tags?post=12976"}],"curies":[{"name":"wp","href":"https:\/\/api.w.org\/{rel}","templated":true}]}}