{"id":13024,"date":"2017-07-14T23:02:57","date_gmt":"2017-07-15T02:02:57","guid":{"rendered":"http:\/\/www.ivanabeaumond.com.br\/vestidos-noiva\/?p=13024"},"modified":"2017-10-23T15:40:16","modified_gmt":"2017-10-23T17:40:16","slug":"%e2%99%a1-danielle-e-gustavo-%e2%99%a1-transbordando-amor-vestindo-atelier-ivana-beaumond-%e2%99%a1","status":"publish","type":"post","link":"https:\/\/www.ivanabeaumond.com.br\/vestidos-noiva\/%e2%99%a1-danielle-e-gustavo-%e2%99%a1-transbordando-amor-vestindo-atelier-ivana-beaumond-%e2%99%a1\/","title":{"rendered":"\u2661 Danielle e Gustavo \u2661 Transbordando amor vestindo atelier Ivana Beaumond \u2661"},"content":{"rendered":"<h5 style=\"text-align: justify;\"><span style=\"color: #999999;\"><em>Um dia muito\u00a0especial para o casal Danielle e Gustavo. Na companhia de fam\u00edlia e muitos amigos, eles disseram o &#8221; Sim &#8221; transbordando alegria e Amor.<\/em><\/span><\/h5>\n<h5 style=\"text-align: justify;\"><span style=\"color: #999999;\"><em>O local escolhido para a celebra\u00e7\u00e3o foi a Par\u00f3quia de S\u00e3o Francisco Xavier e a recep\u00e7\u00e3o dos convidados, na linda casa de festas Mans\u00e3o Carioca. <\/em><em>O vestido da noiva, precisava ser t\u00e3o especial e \u00fanico quanto esse momento e claro, nosso modelo da<strong> cole\u00e7\u00e3o Ivana Beaumond<\/strong> representou muito bem.\u00a0<\/em><em>Todo trabalhado com renda bordada, o vestido valorizou a silhueta deixando nossa noivinha ainda mais linda. As mangas de tule illusion com renda e mini p\u00e9rolas aplicadas, deram um toque ainda mais elegante e sofisticado ao vestido e as costas s\u00e3o destacadas pelo efeito dos bot\u00f5es forrados ao centro. A transpar\u00eancia como detalhe moderno e muito desejado pelas noivinhas, se encaixa perfeitamente com o estilo e decote do vestido. N\u00e3o podemos esquecer desse caimento P-E-R-F-E-I-T-O da saia e da calda, dando movimento, leveza e conforto \u00e0 noiva!! Linda demais!!!<\/em><\/span><\/h5>\n<h5 style=\"text-align: justify;\"><span style=\"color: #999999;\"><em>O visual da noiva Danielle, foi finalizado com v\u00e9u e grinalda, tamb\u00e9m da nossa linha de <strong>acess\u00f3rios Ivana Beaumond.<\/strong><\/em><\/span><\/h5>\n<p>&nbsp;<\/p>\n<p>&nbsp;<\/p>\n<h5 style=\"text-align: justify;\"><span style=\"color: #999999;\"><em>Confira um pouco mais do casal Danielle e Gustavo, com os cliques incr\u00edveis de Stevez!<\/em><\/span><\/h5>\n<p style=\"text-align: center;\"><em>\u00a0 \u00a0 \u00a0 \u00a0 \u00a0 \u00a0 \u00a0 \u00a0 \u00a0 \u00a0 \u00a0 \u00a0 \u00a0 \u00a0 \u00a0 \u00a0 \u00a0 \u00a0 \u00a0 \u00a0 \u00a0 \u00a0 <a style=\"color: #999999;\" href=\"http:\/\/www.ivanabeaumond.com.br\/vestidos-noiva\/wp-content\/uploads\/2017\/07\/Danielle-e-Gustavo-Vestidos-de-Noivas-atelier-Ivana-Beaumond-8-e1499978377171.jpg\"><img decoding=\"async\" loading=\"lazy\" class=\"size-full wp-image-13026\" src=\"http:\/\/www.ivanabeaumond.com.br\/vestidos-noiva\/wp-content\/uploads\/2017\/07\/Danielle-e-Gustavo-Vestidos-de-Noivas-atelier-Ivana-Beaumond-8-e1499978377171.jpg\" alt=\"Noiva Danielle vestindo atelier Ivana Beaumond\" width=\"900\" height=\"601\" \/><\/a><\/em><\/p>\n<dl id=\"attachment_13036\" class=\"wp-caption aligncenter\" style=\"width: 910px;\">\n<dt class=\"wp-caption-dt\"><span style=\"color: #999999;\"><em><a style=\"color: #999999;\" href=\"http:\/\/www.ivanabeaumond.com.br\/vestidos-noiva\/wp-content\/uploads\/2017\/07\/Danielle-e-Gustavo-Vestidos-de-Noivas-atelier-Ivana-Beaumond-10.jpg\"><img decoding=\"async\" loading=\"lazy\" class=\"size-full wp-image-13036\" src=\"http:\/\/www.ivanabeaumond.com.br\/vestidos-noiva\/wp-content\/uploads\/2017\/07\/Danielle-e-Gustavo-Vestidos-de-Noivas-atelier-Ivana-Beaumond-10.jpg\" alt=\"Noiva Danielle vestindo atelier Ivana Beaumond\" width=\"900\" height=\"1347\" srcset=\"https:\/\/www.ivanabeaumond.com.br\/vestidos-noiva\/wp-content\/uploads\/2017\/07\/Danielle-e-Gustavo-Vestidos-de-Noivas-atelier-Ivana-Beaumond-10.jpg 900w, https:\/\/www.ivanabeaumond.com.br\/vestidos-noiva\/wp-content\/uploads\/2017\/07\/Danielle-e-Gustavo-Vestidos-de-Noivas-atelier-Ivana-Beaumond-10-200x300.jpg 200w, https:\/\/www.ivanabeaumond.com.br\/vestidos-noiva\/wp-content\/uploads\/2017\/07\/Danielle-e-Gustavo-Vestidos-de-Noivas-atelier-Ivana-Beaumond-10-684x1024.jpg 684w\" sizes=\"(max-width: 900px) 100vw, 900px\" \/><\/a><\/em><\/span><\/dt>\n<dd class=\"wp-caption-dd\"><span style=\"color: #999999;\"><em>Noiva Danielle vestindo atelier Ivana Beaumond<\/em><\/span><\/dd>\n<\/dl>\n<dl id=\"attachment_13030\" class=\"wp-caption aligncenter\" style=\"width: 910px;\">\n<dd class=\"wp-caption-dd\"><em><a style=\"color: #999999;\" href=\"http:\/\/www.ivanabeaumond.com.br\/vestidos-noiva\/wp-content\/uploads\/2017\/07\/Danielle-e-Gustavo-Vestidos-de-Noivas-atelier-Ivana-Beaumond-12.jpg\"><img decoding=\"async\" loading=\"lazy\" class=\"size-full wp-image-13037\" src=\"http:\/\/www.ivanabeaumond.com.br\/vestidos-noiva\/wp-content\/uploads\/2017\/07\/Danielle-e-Gustavo-Vestidos-de-Noivas-atelier-Ivana-Beaumond-12.jpg\" alt=\"Noiva Danielle vestindo atelier Ivana Beaumond\" width=\"900\" height=\"1347\" srcset=\"https:\/\/www.ivanabeaumond.com.br\/vestidos-noiva\/wp-content\/uploads\/2017\/07\/Danielle-e-Gustavo-Vestidos-de-Noivas-atelier-Ivana-Beaumond-12.jpg 900w, https:\/\/www.ivanabeaumond.com.br\/vestidos-noiva\/wp-content\/uploads\/2017\/07\/Danielle-e-Gustavo-Vestidos-de-Noivas-atelier-Ivana-Beaumond-12-200x300.jpg 200w, https:\/\/www.ivanabeaumond.com.br\/vestidos-noiva\/wp-content\/uploads\/2017\/07\/Danielle-e-Gustavo-Vestidos-de-Noivas-atelier-Ivana-Beaumond-12-684x1024.jpg 684w\" sizes=\"(max-width: 900px) 100vw, 900px\" \/><\/a><\/em><span style=\"color: #999999;\"><em>Noiva Danielle vestindo atelier Ivana Beaumond<\/em><\/span><\/dd>\n<\/dl>\n<dl id=\"attachment_13031\" class=\"wp-caption aligncenter\" style=\"width: 910px;\">\n<dt class=\"wp-caption-dt\"><span style=\"color: #999999;\"><em><a style=\"color: #999999;\" href=\"http:\/\/www.ivanabeaumond.com.br\/vestidos-noiva\/wp-content\/uploads\/2017\/07\/Danielle-e-Gustavo-Vestidos-de-Noivas-atelier-Ivana-Beaumond-18-e1499978411616.jpg\"><img decoding=\"async\" loading=\"lazy\" class=\"size-full wp-image-13031\" src=\"http:\/\/www.ivanabeaumond.com.br\/vestidos-noiva\/wp-content\/uploads\/2017\/07\/Danielle-e-Gustavo-Vestidos-de-Noivas-atelier-Ivana-Beaumond-18-e1499978411616.jpg\" alt=\"Noiva Danielle vestindo atelier Ivana Beaumond\" width=\"900\" height=\"601\" \/><\/a><\/em><\/span><\/dt>\n<dd class=\"wp-caption-dd\"><span style=\"color: #999999;\"><em>Noiva Danielle vestindo atelier Ivana Beaumond<\/em><\/span><\/dd>\n<\/dl>\n<dl id=\"attachment_13033\" class=\"wp-caption aligncenter\" style=\"width: 910px;\">\n<dt class=\"wp-caption-dt\"><span style=\"color: #999999;\"><em><a style=\"color: #999999;\" href=\"http:\/\/www.ivanabeaumond.com.br\/vestidos-noiva\/wp-content\/uploads\/2017\/07\/Danielle-e-Gustavo-Vestidos-de-Noivas-atelier-Ivana-Beaumond-21.jpg\"><img decoding=\"async\" loading=\"lazy\" class=\"size-full wp-image-13033\" src=\"http:\/\/www.ivanabeaumond.com.br\/vestidos-noiva\/wp-content\/uploads\/2017\/07\/Danielle-e-Gustavo-Vestidos-de-Noivas-atelier-Ivana-Beaumond-21-e1499978443181.jpg\" alt=\"Noiva Danielle vestindo atelier Ivana Beaumond\" width=\"900\" height=\"601\" \/><\/a><\/em><\/span><\/dt>\n<dd class=\"wp-caption-dd\"><span style=\"color: #999999;\"><em>Noiva Danielle vestindo atelier Ivana Beaumond<\/em><\/span><\/dd>\n<\/dl>\n<dl id=\"attachment_13032\" class=\"wp-caption aligncenter\" style=\"width: 910px;\">\n<dt class=\"wp-caption-dt\"><span style=\"color: #999999;\"><em><a style=\"color: #999999;\" href=\"http:\/\/www.ivanabeaumond.com.br\/vestidos-noiva\/wp-content\/uploads\/2017\/07\/Danielle-e-Gustavo-Vestidos-de-Noivas-atelier-Ivana-Beaumond-20-e1499978460774.jpg\"><img decoding=\"async\" loading=\"lazy\" class=\"size-full wp-image-13032\" src=\"http:\/\/www.ivanabeaumond.com.br\/vestidos-noiva\/wp-content\/uploads\/2017\/07\/Danielle-e-Gustavo-Vestidos-de-Noivas-atelier-Ivana-Beaumond-20-e1499978460774.jpg\" alt=\"Noiva Danielle vestindo atelier Ivana Beaumond\" width=\"900\" height=\"601\" \/><\/a><\/em><\/span><\/dt>\n<dd class=\"wp-caption-dd\"><span style=\"color: #999999;\"><em>Noiva Danielle vestindo atelier Ivana Beaumond<\/em><\/span><\/dd>\n<\/dl>\n<h5 style=\"text-align: justify;\"><span style=\"color: #999999;\"><em><a style=\"color: #999999;\" href=\"http:\/\/www.ivanabeaumond.com.br\/vestidos-noiva\/wp-content\/uploads\/2017\/07\/Danielle-e-Gustavo-Vestidos-de-Noivas-atelier-Ivana-Beaumond-1.jpg\"><br \/>\n<\/a><\/em><\/span><\/h5>\n","protected":false},"excerpt":{"rendered":"<p>Um dia muito\u00a0especial para o casal Danielle e Gustavo. Na&#8230;<\/p>\n","protected":false},"author":4,"featured_media":13032,"comment_status":"open","ping_status":"open","sticky":false,"template":"","format":"standard","meta":[],"categories":[130],"tags":[131,133,96,137,162,103,136,164,165,138,115],"yoast_head":"<!-- This site is optimized with the Yoast SEO plugin v20.3 - https:\/\/yoast.com\/wordpress\/plugins\/seo\/ -->\n<title>\u2661 Danielle e Gustavo \u2661 Transbordando amor vestindo atelier Ivana Beaumond \u2661 - Vestido de Noiva RJ<\/title>\n<meta name=\"robots\" content=\"index, follow, max-snippet:-1, max-image-preview:large, max-video-preview:-1\" \/>\n<link rel=\"canonical\" href=\"https:\/\/www.ivanabeaumond.com.br\/vestidos-noiva\/\u2661-danielle-e-gustavo-\u2661-transbordando-amor-vestindo-atelier-ivana-beaumond-\u2661\/\" \/>\n<meta property=\"og:locale\" content=\"pt_BR\" \/>\n<meta property=\"og:type\" content=\"article\" \/>\n<meta property=\"og:title\" content=\"\u2661 Danielle e Gustavo \u2661 Transbordando amor vestindo atelier Ivana Beaumond \u2661 - Vestido de Noiva RJ\" \/>\n<meta property=\"og:description\" content=\"Um dia muito\u00a0especial para o casal Danielle e Gustavo. Na...\" \/>\n<meta property=\"og:url\" content=\"https:\/\/www.ivanabeaumond.com.br\/vestidos-noiva\/\u2661-danielle-e-gustavo-\u2661-transbordando-amor-vestindo-atelier-ivana-beaumond-\u2661\/\" \/>\n<meta property=\"og:site_name\" content=\"Vestido de Noiva RJ\" \/>\n<meta property=\"article:publisher\" content=\"https:\/\/www.facebook.com\/ivana.beaumondnoivas\" \/>\n<meta property=\"article:published_time\" content=\"2017-07-15T02:02:57+00:00\" \/>\n<meta property=\"article:modified_time\" content=\"2017-10-23T17:40:16+00:00\" \/>\n<meta property=\"og:image\" content=\"https:\/\/www.ivanabeaumond.com.br\/vestidos-noiva\/wp-content\/uploads\/2017\/07\/Danielle-e-Gustavo-Vestidos-de-Noivas-atelier-Ivana-Beaumond-20-e1499978460774.jpg\" \/>\n\t<meta property=\"og:image:width\" content=\"900\" \/>\n\t<meta property=\"og:image:height\" content=\"601\" \/>\n\t<meta property=\"og:image:type\" content=\"image\/jpeg\" \/>\n<meta name=\"author\" content=\"Ivana Beaumond Paris\" \/>\n<meta name=\"twitter:card\" content=\"summary_large_image\" \/>\n<meta name=\"twitter:label1\" content=\"Escrito por\" \/>\n\t<meta name=\"twitter:data1\" content=\"Ivana Beaumond Paris\" \/>\n\t<meta name=\"twitter:label2\" content=\"Est. tempo de leitura\" \/>\n\t<meta name=\"twitter:data2\" content=\"1 minuto\" \/>\n<script type=\"application\/ld+json\" class=\"yoast-schema-graph\">{\"@context\":\"https:\/\/schema.org\",\"@graph\":[{\"@type\":\"Article\",\"@id\":\"https:\/\/www.ivanabeaumond.com.br\/vestidos-noiva\/%e2%99%a1-danielle-e-gustavo-%e2%99%a1-transbordando-amor-vestindo-atelier-ivana-beaumond-%e2%99%a1\/#article\",\"isPartOf\":{\"@id\":\"https:\/\/www.ivanabeaumond.com.br\/vestidos-noiva\/%e2%99%a1-danielle-e-gustavo-%e2%99%a1-transbordando-amor-vestindo-atelier-ivana-beaumond-%e2%99%a1\/\"},\"author\":{\"name\":\"Ivana Beaumond Paris\",\"@id\":\"https:\/\/www.ivanabeaumond.com.br\/vestidos-noiva\/#\/schema\/person\/1a360c4cffa3b806d29a456389dcff26\"},\"headline\":\"\u2661 Danielle e Gustavo \u2661 Transbordando amor vestindo atelier Ivana Beaumond \u2661\",\"datePublished\":\"2017-07-15T02:02:57+00:00\",\"dateModified\":\"2017-10-23T17:40:16+00:00\",\"mainEntityOfPage\":{\"@id\":\"https:\/\/www.ivanabeaumond.com.br\/vestidos-noiva\/%e2%99%a1-danielle-e-gustavo-%e2%99%a1-transbordando-amor-vestindo-atelier-ivana-beaumond-%e2%99%a1\/\"},\"wordCount\":254,\"commentCount\":0,\"publisher\":{\"@id\":\"https:\/\/www.ivanabeaumond.com.br\/vestidos-noiva\/#organization\"},\"keywords\":[\"aluguel de roupas\",\"atelierivanabeaumond\",\"casamento\",\"convidadas\",\"festas\",\"madrinhas\",\"moda festa\",\"noivas\",\"padrinhos\",\"vestido de festa\",\"vestido de noiva\"],\"articleSection\":[\"Nossas Noivas\"],\"inLanguage\":\"pt-BR\",\"potentialAction\":[{\"@type\":\"CommentAction\",\"name\":\"Comment\",\"target\":[\"https:\/\/www.ivanabeaumond.com.br\/vestidos-noiva\/%e2%99%a1-danielle-e-gustavo-%e2%99%a1-transbordando-amor-vestindo-atelier-ivana-beaumond-%e2%99%a1\/#respond\"]}]},{\"@type\":\"WebPage\",\"@id\":\"https:\/\/www.ivanabeaumond.com.br\/vestidos-noiva\/%e2%99%a1-danielle-e-gustavo-%e2%99%a1-transbordando-amor-vestindo-atelier-ivana-beaumond-%e2%99%a1\/\",\"url\":\"https:\/\/www.ivanabeaumond.com.br\/vestidos-noiva\/%e2%99%a1-danielle-e-gustavo-%e2%99%a1-transbordando-amor-vestindo-atelier-ivana-beaumond-%e2%99%a1\/\",\"name\":\"\u2661 Danielle e Gustavo \u2661 Transbordando amor vestindo atelier Ivana Beaumond \u2661 - Vestido de Noiva RJ\",\"isPartOf\":{\"@id\":\"https:\/\/www.ivanabeaumond.com.br\/vestidos-noiva\/#website\"},\"datePublished\":\"2017-07-15T02:02:57+00:00\",\"dateModified\":\"2017-10-23T17:40:16+00:00\",\"breadcrumb\":{\"@id\":\"https:\/\/www.ivanabeaumond.com.br\/vestidos-noiva\/%e2%99%a1-danielle-e-gustavo-%e2%99%a1-transbordando-amor-vestindo-atelier-ivana-beaumond-%e2%99%a1\/#breadcrumb\"},\"inLanguage\":\"pt-BR\",\"potentialAction\":[{\"@type\":\"ReadAction\",\"target\":[\"https:\/\/www.ivanabeaumond.com.br\/vestidos-noiva\/%e2%99%a1-danielle-e-gustavo-%e2%99%a1-transbordando-amor-vestindo-atelier-ivana-beaumond-%e2%99%a1\/\"]}]},{\"@type\":\"BreadcrumbList\",\"@id\":\"https:\/\/www.ivanabeaumond.com.br\/vestidos-noiva\/%e2%99%a1-danielle-e-gustavo-%e2%99%a1-transbordando-amor-vestindo-atelier-ivana-beaumond-%e2%99%a1\/#breadcrumb\",\"itemListElement\":[{\"@type\":\"ListItem\",\"position\":1,\"name\":\"In\u00edcio\",\"item\":\"https:\/\/www.ivanabeaumond.com.br\/vestidos-noiva\/\"},{\"@type\":\"ListItem\",\"position\":2,\"name\":\"\u2661 Danielle e Gustavo \u2661 Transbordando amor vestindo atelier Ivana Beaumond \u2661\"}]},{\"@type\":\"WebSite\",\"@id\":\"https:\/\/www.ivanabeaumond.com.br\/vestidos-noiva\/#website\",\"url\":\"https:\/\/www.ivanabeaumond.com.br\/vestidos-noiva\/\",\"name\":\"Vestido de Noiva RJ\",\"description\":\"Moda Noiva\",\"publisher\":{\"@id\":\"https:\/\/www.ivanabeaumond.com.br\/vestidos-noiva\/#organization\"},\"potentialAction\":[{\"@type\":\"SearchAction\",\"target\":{\"@type\":\"EntryPoint\",\"urlTemplate\":\"https:\/\/www.ivanabeaumond.com.br\/vestidos-noiva\/?s={search_term_string}\"},\"query-input\":\"required name=search_term_string\"}],\"inLanguage\":\"pt-BR\"},{\"@type\":\"Organization\",\"@id\":\"https:\/\/www.ivanabeaumond.com.br\/vestidos-noiva\/#organization\",\"name\":\"Vestido de Noiva RJ\",\"url\":\"https:\/\/www.ivanabeaumond.com.br\/vestidos-noiva\/\",\"logo\":{\"@type\":\"ImageObject\",\"inLanguage\":\"pt-BR\",\"@id\":\"https:\/\/www.ivanabeaumond.com.br\/vestidos-noiva\/#\/schema\/logo\/image\/\",\"url\":\"https:\/\/www.ivanabeaumond.com.br\/vestidos-noiva\/wp-content\/uploads\/2018\/02\/logo_ivana_beaumond-2.png\",\"contentUrl\":\"https:\/\/www.ivanabeaumond.com.br\/vestidos-noiva\/wp-content\/uploads\/2018\/02\/logo_ivana_beaumond-2.png\",\"width\":230,\"height\":112,\"caption\":\"Vestido de Noiva RJ\"},\"image\":{\"@id\":\"https:\/\/www.ivanabeaumond.com.br\/vestidos-noiva\/#\/schema\/logo\/image\/\"},\"sameAs\":[\"https:\/\/www.facebook.com\/ivana.beaumondnoivas\",\"https:\/\/www.instagram.com\/ivanabeaumond\/\",\"https:\/\/www.tiktok.com\/@ivanabeaumond\"]},{\"@type\":\"Person\",\"@id\":\"https:\/\/www.ivanabeaumond.com.br\/vestidos-noiva\/#\/schema\/person\/1a360c4cffa3b806d29a456389dcff26\",\"name\":\"Ivana Beaumond Paris\",\"image\":{\"@type\":\"ImageObject\",\"inLanguage\":\"pt-BR\",\"@id\":\"https:\/\/www.ivanabeaumond.com.br\/vestidos-noiva\/#\/schema\/person\/image\/\",\"url\":\"https:\/\/secure.gravatar.com\/avatar\/641f98db20b53ec937ceb641db4270b9?s=96&d=mm&r=g\",\"contentUrl\":\"https:\/\/secure.gravatar.com\/avatar\/641f98db20b53ec937ceb641db4270b9?s=96&d=mm&r=g\",\"caption\":\"Ivana Beaumond Paris\"},\"url\":\"https:\/\/www.ivanabeaumond.com.br\/vestidos-noiva\/author\/ivana\/\"}]}<\/script>\n<!-- \/ Yoast SEO plugin. -->","yoast_head_json":{"title":"\u2661 Danielle e Gustavo \u2661 Transbordando amor vestindo atelier Ivana Beaumond \u2661 - Vestido de Noiva RJ","robots":{"index":"index","follow":"follow","max-snippet":"max-snippet:-1","max-image-preview":"max-image-preview:large","max-video-preview":"max-video-preview:-1"},"canonical":"https:\/\/www.ivanabeaumond.com.br\/vestidos-noiva\/\u2661-danielle-e-gustavo-\u2661-transbordando-amor-vestindo-atelier-ivana-beaumond-\u2661\/","og_locale":"pt_BR","og_type":"article","og_title":"\u2661 Danielle e Gustavo \u2661 Transbordando amor vestindo atelier Ivana Beaumond \u2661 - Vestido de Noiva RJ","og_description":"Um dia muito\u00a0especial para o casal Danielle e Gustavo. Na...","og_url":"https:\/\/www.ivanabeaumond.com.br\/vestidos-noiva\/\u2661-danielle-e-gustavo-\u2661-transbordando-amor-vestindo-atelier-ivana-beaumond-\u2661\/","og_site_name":"Vestido de Noiva RJ","article_publisher":"https:\/\/www.facebook.com\/ivana.beaumondnoivas","article_published_time":"2017-07-15T02:02:57+00:00","article_modified_time":"2017-10-23T17:40:16+00:00","og_image":[{"width":900,"height":601,"url":"https:\/\/www.ivanabeaumond.com.br\/vestidos-noiva\/wp-content\/uploads\/2017\/07\/Danielle-e-Gustavo-Vestidos-de-Noivas-atelier-Ivana-Beaumond-20-e1499978460774.jpg","type":"image\/jpeg"}],"author":"Ivana Beaumond Paris","twitter_card":"summary_large_image","twitter_misc":{"Escrito por":"Ivana Beaumond Paris","Est. tempo de leitura":"1 minuto"},"schema":{"@context":"https:\/\/schema.org","@graph":[{"@type":"Article","@id":"https:\/\/www.ivanabeaumond.com.br\/vestidos-noiva\/%e2%99%a1-danielle-e-gustavo-%e2%99%a1-transbordando-amor-vestindo-atelier-ivana-beaumond-%e2%99%a1\/#article","isPartOf":{"@id":"https:\/\/www.ivanabeaumond.com.br\/vestidos-noiva\/%e2%99%a1-danielle-e-gustavo-%e2%99%a1-transbordando-amor-vestindo-atelier-ivana-beaumond-%e2%99%a1\/"},"author":{"name":"Ivana Beaumond Paris","@id":"https:\/\/www.ivanabeaumond.com.br\/vestidos-noiva\/#\/schema\/person\/1a360c4cffa3b806d29a456389dcff26"},"headline":"\u2661 Danielle e Gustavo \u2661 Transbordando amor vestindo atelier Ivana Beaumond \u2661","datePublished":"2017-07-15T02:02:57+00:00","dateModified":"2017-10-23T17:40:16+00:00","mainEntityOfPage":{"@id":"https:\/\/www.ivanabeaumond.com.br\/vestidos-noiva\/%e2%99%a1-danielle-e-gustavo-%e2%99%a1-transbordando-amor-vestindo-atelier-ivana-beaumond-%e2%99%a1\/"},"wordCount":254,"commentCount":0,"publisher":{"@id":"https:\/\/www.ivanabeaumond.com.br\/vestidos-noiva\/#organization"},"keywords":["aluguel de roupas","atelierivanabeaumond","casamento","convidadas","festas","madrinhas","moda festa","noivas","padrinhos","vestido de festa","vestido de noiva"],"articleSection":["Nossas Noivas"],"inLanguage":"pt-BR","potentialAction":[{"@type":"CommentAction","name":"Comment","target":["https:\/\/www.ivanabeaumond.com.br\/vestidos-noiva\/%e2%99%a1-danielle-e-gustavo-%e2%99%a1-transbordando-amor-vestindo-atelier-ivana-beaumond-%e2%99%a1\/#respond"]}]},{"@type":"WebPage","@id":"https:\/\/www.ivanabeaumond.com.br\/vestidos-noiva\/%e2%99%a1-danielle-e-gustavo-%e2%99%a1-transbordando-amor-vestindo-atelier-ivana-beaumond-%e2%99%a1\/","url":"https:\/\/www.ivanabeaumond.com.br\/vestidos-noiva\/%e2%99%a1-danielle-e-gustavo-%e2%99%a1-transbordando-amor-vestindo-atelier-ivana-beaumond-%e2%99%a1\/","name":"\u2661 Danielle e Gustavo \u2661 Transbordando amor vestindo atelier Ivana Beaumond \u2661 - Vestido de Noiva RJ","isPartOf":{"@id":"https:\/\/www.ivanabeaumond.com.br\/vestidos-noiva\/#website"},"datePublished":"2017-07-15T02:02:57+00:00","dateModified":"2017-10-23T17:40:16+00:00","breadcrumb":{"@id":"https:\/\/www.ivanabeaumond.com.br\/vestidos-noiva\/%e2%99%a1-danielle-e-gustavo-%e2%99%a1-transbordando-amor-vestindo-atelier-ivana-beaumond-%e2%99%a1\/#breadcrumb"},"inLanguage":"pt-BR","potentialAction":[{"@type":"ReadAction","target":["https:\/\/www.ivanabeaumond.com.br\/vestidos-noiva\/%e2%99%a1-danielle-e-gustavo-%e2%99%a1-transbordando-amor-vestindo-atelier-ivana-beaumond-%e2%99%a1\/"]}]},{"@type":"BreadcrumbList","@id":"https:\/\/www.ivanabeaumond.com.br\/vestidos-noiva\/%e2%99%a1-danielle-e-gustavo-%e2%99%a1-transbordando-amor-vestindo-atelier-ivana-beaumond-%e2%99%a1\/#breadcrumb","itemListElement":[{"@type":"ListItem","position":1,"name":"In\u00edcio","item":"https:\/\/www.ivanabeaumond.com.br\/vestidos-noiva\/"},{"@type":"ListItem","position":2,"name":"\u2661 Danielle e Gustavo \u2661 Transbordando amor vestindo atelier Ivana Beaumond \u2661"}]},{"@type":"WebSite","@id":"https:\/\/www.ivanabeaumond.com.br\/vestidos-noiva\/#website","url":"https:\/\/www.ivanabeaumond.com.br\/vestidos-noiva\/","name":"Vestido de Noiva RJ","description":"Moda Noiva","publisher":{"@id":"https:\/\/www.ivanabeaumond.com.br\/vestidos-noiva\/#organization"},"potentialAction":[{"@type":"SearchAction","target":{"@type":"EntryPoint","urlTemplate":"https:\/\/www.ivanabeaumond.com.br\/vestidos-noiva\/?s={search_term_string}"},"query-input":"required name=search_term_string"}],"inLanguage":"pt-BR"},{"@type":"Organization","@id":"https:\/\/www.ivanabeaumond.com.br\/vestidos-noiva\/#organization","name":"Vestido de Noiva RJ","url":"https:\/\/www.ivanabeaumond.com.br\/vestidos-noiva\/","logo":{"@type":"ImageObject","inLanguage":"pt-BR","@id":"https:\/\/www.ivanabeaumond.com.br\/vestidos-noiva\/#\/schema\/logo\/image\/","url":"https:\/\/www.ivanabeaumond.com.br\/vestidos-noiva\/wp-content\/uploads\/2018\/02\/logo_ivana_beaumond-2.png","contentUrl":"https:\/\/www.ivanabeaumond.com.br\/vestidos-noiva\/wp-content\/uploads\/2018\/02\/logo_ivana_beaumond-2.png","width":230,"height":112,"caption":"Vestido de Noiva RJ"},"image":{"@id":"https:\/\/www.ivanabeaumond.com.br\/vestidos-noiva\/#\/schema\/logo\/image\/"},"sameAs":["https:\/\/www.facebook.com\/ivana.beaumondnoivas","https:\/\/www.instagram.com\/ivanabeaumond\/","https:\/\/www.tiktok.com\/@ivanabeaumond"]},{"@type":"Person","@id":"https:\/\/www.ivanabeaumond.com.br\/vestidos-noiva\/#\/schema\/person\/1a360c4cffa3b806d29a456389dcff26","name":"Ivana Beaumond Paris","image":{"@type":"ImageObject","inLanguage":"pt-BR","@id":"https:\/\/www.ivanabeaumond.com.br\/vestidos-noiva\/#\/schema\/person\/image\/","url":"https:\/\/secure.gravatar.com\/avatar\/641f98db20b53ec937ceb641db4270b9?s=96&d=mm&r=g","contentUrl":"https:\/\/secure.gravatar.com\/avatar\/641f98db20b53ec937ceb641db4270b9?s=96&d=mm&r=g","caption":"Ivana Beaumond Paris"},"url":"https:\/\/www.ivanabeaumond.com.br\/vestidos-noiva\/author\/ivana\/"}]}},"_links":{"self":[{"href":"https:\/\/www.ivanabeaumond.com.br\/vestidos-noiva\/wp-json\/wp\/v2\/posts\/13024"}],"collection":[{"href":"https:\/\/www.ivanabeaumond.com.br\/vestidos-noiva\/wp-json\/wp\/v2\/posts"}],"about":[{"href":"https:\/\/www.ivanabeaumond.com.br\/vestidos-noiva\/wp-json\/wp\/v2\/types\/post"}],"author":[{"embeddable":true,"href":"https:\/\/www.ivanabeaumond.com.br\/vestidos-noiva\/wp-json\/wp\/v2\/users\/4"}],"replies":[{"embeddable":true,"href":"https:\/\/www.ivanabeaumond.com.br\/vestidos-noiva\/wp-json\/wp\/v2\/comments?post=13024"}],"version-history":[{"count":17,"href":"https:\/\/www.ivanabeaumond.com.br\/vestidos-noiva\/wp-json\/wp\/v2\/posts\/13024\/revisions"}],"predecessor-version":[{"id":13054,"href":"https:\/\/www.ivanabeaumond.com.br\/vestidos-noiva\/wp-json\/wp\/v2\/posts\/13024\/revisions\/13054"}],"wp:featuredmedia":[{"embeddable":true,"href":"https:\/\/www.ivanabeaumond.com.br\/vestidos-noiva\/wp-json\/wp\/v2\/media\/13032"}],"wp:attachment":[{"href":"https:\/\/www.ivanabeaumond.com.br\/vestidos-noiva\/wp-json\/wp\/v2\/media?parent=13024"}],"wp:term":[{"taxonomy":"category","embeddable":true,"href":"https:\/\/www.ivanabeaumond.com.br\/vestidos-noiva\/wp-json\/wp\/v2\/categories?post=13024"},{"taxonomy":"post_tag","embeddable":true,"href":"https:\/\/www.ivanabeaumond.com.br\/vestidos-noiva\/wp-json\/wp\/v2\/tags?post=13024"}],"curies":[{"name":"wp","href":"https:\/\/api.w.org\/{rel}","templated":true}]}}