{"id":13055,"date":"2017-07-17T20:36:20","date_gmt":"2017-07-17T23:36:20","guid":{"rendered":"http:\/\/www.ivanabeaumond.com.br\/vestidos-noiva\/?p=13055"},"modified":"2017-10-23T15:39:51","modified_gmt":"2017-10-23T17:39:51","slug":"casando-na-praia-by-ivana-beaumond","status":"publish","type":"post","link":"https:\/\/www.ivanabeaumond.com.br\/vestidos-noiva\/casando-na-praia-by-ivana-beaumond\/","title":{"rendered":"Casando na Praia By Ivana Beaumond"},"content":{"rendered":"<h5 style=\"text-align: justify;\"><em><span style=\"color: #999999;\">J\u00e1 h\u00e1 algum tempo as noivas deixaram de seguir determinados padr\u00f5es e est\u00e3o fazendo de um dos dias mais especiais em suas vidas, um reflexo do estilo pr\u00f3prio, voltamos cada vez mais para nossa rela\u00e7\u00e3o com a natureza. Agora os casamentos est\u00e3o acompanhando as novas tend\u00eancias e, dessa forma, a praia tornou-se um cen\u00e1rio perfeito para a consolida\u00e7\u00e3o do matrim\u00f4nio.\u00a0<\/span><\/em><em><span style=\"color: #999999;\">A aposta em ilumina\u00e7\u00e3o natural com velas e cord\u00f5es de l\u00e2mpadas \u00e9 ideal. Cortinas brancas, esvoa\u00e7antes e levemente transparentes d\u00e3o toda delicadeza e suavidade ao ambiente. Al\u00e9m de Folhas, p\u00e9talas, adornos e m\u00f3veis em madeira e metal torcido, Conchas, algas, p\u00e9rolas, estrelas do mar completam a composi\u00e7\u00e3o.<\/span><\/em><\/h5>\n<h5><\/h5>\n<h5><\/h5>\n<p>&nbsp;<\/p>\n<h5><em><span style=\"color: #999999;\">A inspira\u00e7\u00e3o litor\u00e2nea n\u00e3o tem limites, existem infinitas combina\u00e7\u00f5es para atender aos desejos dos noivos.<br \/>\nConfira alguns modelos de vestidos de noiva para a realiza\u00e7\u00e3o do seu sonho na praia.<\/span><\/em><\/h5>\n<p><a href=\"http:\/\/www.ivanabeaumond.com.br\/vestidos-noiva\/wp-content\/uploads\/2017\/07\/Vestido-de-noiva-aluguel-de-roupas-ivana-beaumond-casamento-na-praia-39.jpg\"><img decoding=\"async\" loading=\"lazy\" class=\"aligncenter size-full wp-image-13065\" src=\"http:\/\/www.ivanabeaumond.com.br\/vestidos-noiva\/wp-content\/uploads\/2017\/07\/Vestido-de-noiva-aluguel-de-roupas-ivana-beaumond-casamento-na-praia-39.jpg\" alt=\"Vestido de noiva aluguel de roupas ivana beaumond casamento na praia (39)\" width=\"1406\" height=\"907\" \/><\/a><\/p>\n<p><a href=\"http:\/\/www.ivanabeaumond.com.br\/vestidos-noiva\/wp-content\/uploads\/2017\/07\/Vestido-de-noiva-aluguel-de-roupas-ivana-beaumond-casamento-na-praia-92.jpg\"><img decoding=\"async\" loading=\"lazy\" class=\"aligncenter size-full wp-image-13059\" src=\"http:\/\/www.ivanabeaumond.com.br\/vestidos-noiva\/wp-content\/uploads\/2017\/07\/Vestido-de-noiva-aluguel-de-roupas-ivana-beaumond-casamento-na-praia-92.jpg\" alt=\"Vestido de noiva aluguel de roupas ivana beaumond casamento na praia (92)\" width=\"703\" height=\"907\" srcset=\"https:\/\/www.ivanabeaumond.com.br\/vestidos-noiva\/wp-content\/uploads\/2017\/07\/Vestido-de-noiva-aluguel-de-roupas-ivana-beaumond-casamento-na-praia-92.jpg 703w, https:\/\/www.ivanabeaumond.com.br\/vestidos-noiva\/wp-content\/uploads\/2017\/07\/Vestido-de-noiva-aluguel-de-roupas-ivana-beaumond-casamento-na-praia-92-233x300.jpg 233w\" sizes=\"(max-width: 703px) 100vw, 703px\" \/><\/a> <a href=\"http:\/\/www.ivanabeaumond.com.br\/vestidos-noiva\/wp-content\/uploads\/2017\/07\/Vestido-de-noiva-aluguel-de-roupas-ivana-beaumond-casamento-na-praia-42.jpg\"><img decoding=\"async\" loading=\"lazy\" class=\"aligncenter size-full wp-image-13064\" src=\"http:\/\/www.ivanabeaumond.com.br\/vestidos-noiva\/wp-content\/uploads\/2017\/07\/Vestido-de-noiva-aluguel-de-roupas-ivana-beaumond-casamento-na-praia-42.jpg\" alt=\"Vestido de noiva aluguel de roupas ivana beaumond casamento na praia (42)\" width=\"703\" height=\"907\" srcset=\"https:\/\/www.ivanabeaumond.com.br\/vestidos-noiva\/wp-content\/uploads\/2017\/07\/Vestido-de-noiva-aluguel-de-roupas-ivana-beaumond-casamento-na-praia-42.jpg 703w, https:\/\/www.ivanabeaumond.com.br\/vestidos-noiva\/wp-content\/uploads\/2017\/07\/Vestido-de-noiva-aluguel-de-roupas-ivana-beaumond-casamento-na-praia-42-233x300.jpg 233w\" sizes=\"(max-width: 703px) 100vw, 703px\" \/><\/a> <a href=\"http:\/\/www.ivanabeaumond.com.br\/vestidos-noiva\/wp-content\/uploads\/2017\/07\/Vestido-de-noiva-aluguel-de-roupas-ivana-beaumond-casamento-na-praia-8.jpg\"><img decoding=\"async\" loading=\"lazy\" class=\"aligncenter size-full wp-image-13067\" src=\"http:\/\/www.ivanabeaumond.com.br\/vestidos-noiva\/wp-content\/uploads\/2017\/07\/Vestido-de-noiva-aluguel-de-roupas-ivana-beaumond-casamento-na-praia-8.jpg\" alt=\"Vestido de noiva aluguel de roupas ivana beaumond casamento na praia (8)\" width=\"703\" height=\"907\" srcset=\"https:\/\/www.ivanabeaumond.com.br\/vestidos-noiva\/wp-content\/uploads\/2017\/07\/Vestido-de-noiva-aluguel-de-roupas-ivana-beaumond-casamento-na-praia-8.jpg 703w, https:\/\/www.ivanabeaumond.com.br\/vestidos-noiva\/wp-content\/uploads\/2017\/07\/Vestido-de-noiva-aluguel-de-roupas-ivana-beaumond-casamento-na-praia-8-233x300.jpg 233w\" sizes=\"(max-width: 703px) 100vw, 703px\" \/><\/a> <a href=\"http:\/\/www.ivanabeaumond.com.br\/vestidos-noiva\/wp-content\/uploads\/2017\/07\/Vestido-de-noiva-aluguel-de-roupas-ivana-beaumond-casamento-na-praia-132.jpg\"><img decoding=\"async\" loading=\"lazy\" class=\"aligncenter size-full wp-image-13070\" src=\"http:\/\/www.ivanabeaumond.com.br\/vestidos-noiva\/wp-content\/uploads\/2017\/07\/Vestido-de-noiva-aluguel-de-roupas-ivana-beaumond-casamento-na-praia-132.jpg\" alt=\"Vestido de noiva aluguel de roupas ivana beaumond casamento na praia (132)\" width=\"703\" height=\"907\" srcset=\"https:\/\/www.ivanabeaumond.com.br\/vestidos-noiva\/wp-content\/uploads\/2017\/07\/Vestido-de-noiva-aluguel-de-roupas-ivana-beaumond-casamento-na-praia-132.jpg 703w, https:\/\/www.ivanabeaumond.com.br\/vestidos-noiva\/wp-content\/uploads\/2017\/07\/Vestido-de-noiva-aluguel-de-roupas-ivana-beaumond-casamento-na-praia-132-233x300.jpg 233w\" sizes=\"(max-width: 703px) 100vw, 703px\" \/><\/a> <a href=\"http:\/\/www.ivanabeaumond.com.br\/vestidos-noiva\/wp-content\/uploads\/2017\/07\/Vestido-de-noiva-aluguel-de-roupas-ivana-beaumond-casamento-na-praia-4.jpg\"><img decoding=\"async\" loading=\"lazy\" class=\"aligncenter size-full wp-image-13068\" src=\"http:\/\/www.ivanabeaumond.com.br\/vestidos-noiva\/wp-content\/uploads\/2017\/07\/Vestido-de-noiva-aluguel-de-roupas-ivana-beaumond-casamento-na-praia-4.jpg\" alt=\"Vestido de noiva aluguel de roupas ivana beaumond casamento na praia (4)\" width=\"703\" height=\"907\" srcset=\"https:\/\/www.ivanabeaumond.com.br\/vestidos-noiva\/wp-content\/uploads\/2017\/07\/Vestido-de-noiva-aluguel-de-roupas-ivana-beaumond-casamento-na-praia-4.jpg 703w, https:\/\/www.ivanabeaumond.com.br\/vestidos-noiva\/wp-content\/uploads\/2017\/07\/Vestido-de-noiva-aluguel-de-roupas-ivana-beaumond-casamento-na-praia-4-233x300.jpg 233w\" sizes=\"(max-width: 703px) 100vw, 703px\" \/><\/a> <a href=\"http:\/\/www.ivanabeaumond.com.br\/vestidos-noiva\/wp-content\/uploads\/2017\/07\/Vestido-de-noiva-aluguel-de-roupas-ivana-beaumond-casamento-na-praia-67.jpg\"><img decoding=\"async\" loading=\"lazy\" class=\"aligncenter size-full wp-image-13061\" src=\"http:\/\/www.ivanabeaumond.com.br\/vestidos-noiva\/wp-content\/uploads\/2017\/07\/Vestido-de-noiva-aluguel-de-roupas-ivana-beaumond-casamento-na-praia-67.jpg\" alt=\"Vestido de noiva aluguel de roupas ivana beaumond casamento na praia (67)\" width=\"703\" height=\"907\" srcset=\"https:\/\/www.ivanabeaumond.com.br\/vestidos-noiva\/wp-content\/uploads\/2017\/07\/Vestido-de-noiva-aluguel-de-roupas-ivana-beaumond-casamento-na-praia-67.jpg 703w, https:\/\/www.ivanabeaumond.com.br\/vestidos-noiva\/wp-content\/uploads\/2017\/07\/Vestido-de-noiva-aluguel-de-roupas-ivana-beaumond-casamento-na-praia-67-233x300.jpg 233w\" sizes=\"(max-width: 703px) 100vw, 703px\" \/><\/a> <a href=\"http:\/\/www.ivanabeaumond.com.br\/vestidos-noiva\/wp-content\/uploads\/2017\/07\/Vestido-de-noiva-aluguel-de-roupas-ivana-beaumond-casamento-na-praia-83.jpg\"><img decoding=\"async\" loading=\"lazy\" class=\"aligncenter size-full wp-image-13060\" src=\"http:\/\/www.ivanabeaumond.com.br\/vestidos-noiva\/wp-content\/uploads\/2017\/07\/Vestido-de-noiva-aluguel-de-roupas-ivana-beaumond-casamento-na-praia-83.jpg\" alt=\"Vestido de noiva aluguel de roupas ivana beaumond casamento na praia (83)\" width=\"703\" height=\"907\" srcset=\"https:\/\/www.ivanabeaumond.com.br\/vestidos-noiva\/wp-content\/uploads\/2017\/07\/Vestido-de-noiva-aluguel-de-roupas-ivana-beaumond-casamento-na-praia-83.jpg 703w, https:\/\/www.ivanabeaumond.com.br\/vestidos-noiva\/wp-content\/uploads\/2017\/07\/Vestido-de-noiva-aluguel-de-roupas-ivana-beaumond-casamento-na-praia-83-233x300.jpg 233w\" sizes=\"(max-width: 703px) 100vw, 703px\" \/><\/a> <a href=\"http:\/\/www.ivanabeaumond.com.br\/vestidos-noiva\/wp-content\/uploads\/2017\/07\/Vestido-de-noiva-aluguel-de-roupas-ivana-beaumond-casamento-na-praia-106.jpg\"><img decoding=\"async\" loading=\"lazy\" class=\"aligncenter size-full wp-image-13057\" src=\"http:\/\/www.ivanabeaumond.com.br\/vestidos-noiva\/wp-content\/uploads\/2017\/07\/Vestido-de-noiva-aluguel-de-roupas-ivana-beaumond-casamento-na-praia-106.jpg\" alt=\"Vestido de noiva aluguel de roupas ivana beaumond casamento na praia (106)\" width=\"703\" height=\"907\" srcset=\"https:\/\/www.ivanabeaumond.com.br\/vestidos-noiva\/wp-content\/uploads\/2017\/07\/Vestido-de-noiva-aluguel-de-roupas-ivana-beaumond-casamento-na-praia-106.jpg 703w, https:\/\/www.ivanabeaumond.com.br\/vestidos-noiva\/wp-content\/uploads\/2017\/07\/Vestido-de-noiva-aluguel-de-roupas-ivana-beaumond-casamento-na-praia-106-233x300.jpg 233w\" sizes=\"(max-width: 703px) 100vw, 703px\" \/><\/a><a href=\"http:\/\/www.ivanabeaumond.com.br\/vestidos-noiva\/wp-content\/uploads\/2017\/07\/Vestido-de-noiva-aluguel-de-roupas-ivana-beaumond-casamento-na-praia-61.jpg\"><img decoding=\"async\" loading=\"lazy\" class=\"aligncenter size-full wp-image-13063\" src=\"http:\/\/www.ivanabeaumond.com.br\/vestidos-noiva\/wp-content\/uploads\/2017\/07\/Vestido-de-noiva-aluguel-de-roupas-ivana-beaumond-casamento-na-praia-61.jpg\" alt=\"Vestido de noiva aluguel de roupas ivana beaumond casamento na praia (61)\" width=\"703\" height=\"907\" srcset=\"https:\/\/www.ivanabeaumond.com.br\/vestidos-noiva\/wp-content\/uploads\/2017\/07\/Vestido-de-noiva-aluguel-de-roupas-ivana-beaumond-casamento-na-praia-61.jpg 703w, https:\/\/www.ivanabeaumond.com.br\/vestidos-noiva\/wp-content\/uploads\/2017\/07\/Vestido-de-noiva-aluguel-de-roupas-ivana-beaumond-casamento-na-praia-61-233x300.jpg 233w\" sizes=\"(max-width: 703px) 100vw, 703px\" \/><\/a> <a href=\"http:\/\/www.ivanabeaumond.com.br\/vestidos-noiva\/wp-content\/uploads\/2017\/07\/Vestido-de-noiva-aluguel-de-roupas-ivana-beaumond-casamento-na-praia-63.jpg\"><img decoding=\"async\" loading=\"lazy\" class=\"aligncenter size-full wp-image-13062\" src=\"http:\/\/www.ivanabeaumond.com.br\/vestidos-noiva\/wp-content\/uploads\/2017\/07\/Vestido-de-noiva-aluguel-de-roupas-ivana-beaumond-casamento-na-praia-63.jpg\" alt=\"Vestido de noiva aluguel de roupas ivana beaumond casamento na praia (63)\" width=\"703\" height=\"907\" srcset=\"https:\/\/www.ivanabeaumond.com.br\/vestidos-noiva\/wp-content\/uploads\/2017\/07\/Vestido-de-noiva-aluguel-de-roupas-ivana-beaumond-casamento-na-praia-63.jpg 703w, https:\/\/www.ivanabeaumond.com.br\/vestidos-noiva\/wp-content\/uploads\/2017\/07\/Vestido-de-noiva-aluguel-de-roupas-ivana-beaumond-casamento-na-praia-63-233x300.jpg 233w\" sizes=\"(max-width: 703px) 100vw, 703px\" \/><\/a> <a href=\"http:\/\/www.ivanabeaumond.com.br\/vestidos-noiva\/wp-content\/uploads\/2017\/07\/Vestido-de-noiva-aluguel-de-roupas-ivana-beaumond-casamento-na-praia-97.jpg\"><img decoding=\"async\" loading=\"lazy\" class=\"aligncenter size-full wp-image-13058\" src=\"http:\/\/www.ivanabeaumond.com.br\/vestidos-noiva\/wp-content\/uploads\/2017\/07\/Vestido-de-noiva-aluguel-de-roupas-ivana-beaumond-casamento-na-praia-97.jpg\" alt=\"Vestido de noiva aluguel de roupas ivana beaumond casamento na praia (97)\" width=\"703\" height=\"907\" srcset=\"https:\/\/www.ivanabeaumond.com.br\/vestidos-noiva\/wp-content\/uploads\/2017\/07\/Vestido-de-noiva-aluguel-de-roupas-ivana-beaumond-casamento-na-praia-97.jpg 703w, https:\/\/www.ivanabeaumond.com.br\/vestidos-noiva\/wp-content\/uploads\/2017\/07\/Vestido-de-noiva-aluguel-de-roupas-ivana-beaumond-casamento-na-praia-97-233x300.jpg 233w\" sizes=\"(max-width: 703px) 100vw, 703px\" \/><\/a><\/p>\n<p>&nbsp;<\/p>\n<p>&nbsp;<\/p>\n","protected":false},"excerpt":{"rendered":"<p>J\u00e1 h\u00e1 algum tempo as noivas deixaram de seguir determinados&#8230;<\/p>\n","protected":false},"author":4,"featured_media":13065,"comment_status":"open","ping_status":"open","sticky":false,"template":"","format":"standard","meta":[],"categories":[127],"tags":[131,133,96,137,162,103,136,164,165,138,115],"yoast_head":"<!-- This site is optimized with the Yoast SEO plugin v20.3 - https:\/\/yoast.com\/wordpress\/plugins\/seo\/ -->\n<title>Casando na Praia By Ivana Beaumond - Vestido de Noiva RJ<\/title>\n<meta name=\"robots\" content=\"index, follow, max-snippet:-1, max-image-preview:large, max-video-preview:-1\" \/>\n<link rel=\"canonical\" href=\"https:\/\/www.ivanabeaumond.com.br\/vestidos-noiva\/casando-na-praia-by-ivana-beaumond\/\" \/>\n<meta property=\"og:locale\" content=\"pt_BR\" \/>\n<meta property=\"og:type\" content=\"article\" \/>\n<meta property=\"og:title\" content=\"Casando na Praia By Ivana Beaumond - Vestido de Noiva RJ\" \/>\n<meta property=\"og:description\" content=\"J\u00e1 h\u00e1 algum tempo as noivas deixaram de seguir determinados...\" \/>\n<meta property=\"og:url\" content=\"https:\/\/www.ivanabeaumond.com.br\/vestidos-noiva\/casando-na-praia-by-ivana-beaumond\/\" \/>\n<meta property=\"og:site_name\" content=\"Vestido de Noiva RJ\" \/>\n<meta property=\"article:publisher\" content=\"https:\/\/www.facebook.com\/ivana.beaumondnoivas\" \/>\n<meta property=\"article:published_time\" content=\"2017-07-17T23:36:20+00:00\" \/>\n<meta property=\"article:modified_time\" content=\"2017-10-23T17:39:51+00:00\" \/>\n<meta property=\"og:image\" content=\"https:\/\/www.ivanabeaumond.com.br\/vestidos-noiva\/wp-content\/uploads\/2017\/07\/Vestido-de-noiva-aluguel-de-roupas-ivana-beaumond-casamento-na-praia-39-e1500325466484.jpg\" \/>\n\t<meta property=\"og:image:width\" content=\"900\" \/>\n\t<meta property=\"og:image:height\" content=\"581\" \/>\n\t<meta property=\"og:image:type\" content=\"image\/jpeg\" \/>\n<meta name=\"author\" content=\"Ivana Beaumond Paris\" \/>\n<meta name=\"twitter:card\" content=\"summary_large_image\" \/>\n<meta name=\"twitter:label1\" content=\"Escrito por\" \/>\n\t<meta name=\"twitter:data1\" content=\"Ivana Beaumond Paris\" \/>\n\t<meta name=\"twitter:label2\" content=\"Est. tempo de leitura\" \/>\n\t<meta name=\"twitter:data2\" content=\"1 minuto\" \/>\n<script type=\"application\/ld+json\" class=\"yoast-schema-graph\">{\"@context\":\"https:\/\/schema.org\",\"@graph\":[{\"@type\":\"Article\",\"@id\":\"https:\/\/www.ivanabeaumond.com.br\/vestidos-noiva\/casando-na-praia-by-ivana-beaumond\/#article\",\"isPartOf\":{\"@id\":\"https:\/\/www.ivanabeaumond.com.br\/vestidos-noiva\/casando-na-praia-by-ivana-beaumond\/\"},\"author\":{\"name\":\"Ivana Beaumond Paris\",\"@id\":\"https:\/\/www.ivanabeaumond.com.br\/vestidos-noiva\/#\/schema\/person\/1a360c4cffa3b806d29a456389dcff26\"},\"headline\":\"Casando na Praia By Ivana Beaumond\",\"datePublished\":\"2017-07-17T23:36:20+00:00\",\"dateModified\":\"2017-10-23T17:39:51+00:00\",\"mainEntityOfPage\":{\"@id\":\"https:\/\/www.ivanabeaumond.com.br\/vestidos-noiva\/casando-na-praia-by-ivana-beaumond\/\"},\"wordCount\":169,\"commentCount\":0,\"publisher\":{\"@id\":\"https:\/\/www.ivanabeaumond.com.br\/vestidos-noiva\/#organization\"},\"keywords\":[\"aluguel de roupas\",\"atelierivanabeaumond\",\"casamento\",\"convidadas\",\"festas\",\"madrinhas\",\"moda festa\",\"noivas\",\"padrinhos\",\"vestido de festa\",\"vestido de noiva\"],\"articleSection\":[\"Dicas e Truques\"],\"inLanguage\":\"pt-BR\",\"potentialAction\":[{\"@type\":\"CommentAction\",\"name\":\"Comment\",\"target\":[\"https:\/\/www.ivanabeaumond.com.br\/vestidos-noiva\/casando-na-praia-by-ivana-beaumond\/#respond\"]}]},{\"@type\":\"WebPage\",\"@id\":\"https:\/\/www.ivanabeaumond.com.br\/vestidos-noiva\/casando-na-praia-by-ivana-beaumond\/\",\"url\":\"https:\/\/www.ivanabeaumond.com.br\/vestidos-noiva\/casando-na-praia-by-ivana-beaumond\/\",\"name\":\"Casando na Praia By Ivana Beaumond - Vestido de Noiva RJ\",\"isPartOf\":{\"@id\":\"https:\/\/www.ivanabeaumond.com.br\/vestidos-noiva\/#website\"},\"datePublished\":\"2017-07-17T23:36:20+00:00\",\"dateModified\":\"2017-10-23T17:39:51+00:00\",\"breadcrumb\":{\"@id\":\"https:\/\/www.ivanabeaumond.com.br\/vestidos-noiva\/casando-na-praia-by-ivana-beaumond\/#breadcrumb\"},\"inLanguage\":\"pt-BR\",\"potentialAction\":[{\"@type\":\"ReadAction\",\"target\":[\"https:\/\/www.ivanabeaumond.com.br\/vestidos-noiva\/casando-na-praia-by-ivana-beaumond\/\"]}]},{\"@type\":\"BreadcrumbList\",\"@id\":\"https:\/\/www.ivanabeaumond.com.br\/vestidos-noiva\/casando-na-praia-by-ivana-beaumond\/#breadcrumb\",\"itemListElement\":[{\"@type\":\"ListItem\",\"position\":1,\"name\":\"In\u00edcio\",\"item\":\"https:\/\/www.ivanabeaumond.com.br\/vestidos-noiva\/\"},{\"@type\":\"ListItem\",\"position\":2,\"name\":\"Casando na Praia By Ivana Beaumond\"}]},{\"@type\":\"WebSite\",\"@id\":\"https:\/\/www.ivanabeaumond.com.br\/vestidos-noiva\/#website\",\"url\":\"https:\/\/www.ivanabeaumond.com.br\/vestidos-noiva\/\",\"name\":\"Vestido de Noiva RJ\",\"description\":\"Moda Noiva\",\"publisher\":{\"@id\":\"https:\/\/www.ivanabeaumond.com.br\/vestidos-noiva\/#organization\"},\"potentialAction\":[{\"@type\":\"SearchAction\",\"target\":{\"@type\":\"EntryPoint\",\"urlTemplate\":\"https:\/\/www.ivanabeaumond.com.br\/vestidos-noiva\/?s={search_term_string}\"},\"query-input\":\"required name=search_term_string\"}],\"inLanguage\":\"pt-BR\"},{\"@type\":\"Organization\",\"@id\":\"https:\/\/www.ivanabeaumond.com.br\/vestidos-noiva\/#organization\",\"name\":\"Vestido de Noiva RJ\",\"url\":\"https:\/\/www.ivanabeaumond.com.br\/vestidos-noiva\/\",\"logo\":{\"@type\":\"ImageObject\",\"inLanguage\":\"pt-BR\",\"@id\":\"https:\/\/www.ivanabeaumond.com.br\/vestidos-noiva\/#\/schema\/logo\/image\/\",\"url\":\"https:\/\/www.ivanabeaumond.com.br\/vestidos-noiva\/wp-content\/uploads\/2018\/02\/logo_ivana_beaumond-2.png\",\"contentUrl\":\"https:\/\/www.ivanabeaumond.com.br\/vestidos-noiva\/wp-content\/uploads\/2018\/02\/logo_ivana_beaumond-2.png\",\"width\":230,\"height\":112,\"caption\":\"Vestido de Noiva RJ\"},\"image\":{\"@id\":\"https:\/\/www.ivanabeaumond.com.br\/vestidos-noiva\/#\/schema\/logo\/image\/\"},\"sameAs\":[\"https:\/\/www.facebook.com\/ivana.beaumondnoivas\",\"https:\/\/www.instagram.com\/ivanabeaumond\/\",\"https:\/\/www.tiktok.com\/@ivanabeaumond\"]},{\"@type\":\"Person\",\"@id\":\"https:\/\/www.ivanabeaumond.com.br\/vestidos-noiva\/#\/schema\/person\/1a360c4cffa3b806d29a456389dcff26\",\"name\":\"Ivana Beaumond Paris\",\"image\":{\"@type\":\"ImageObject\",\"inLanguage\":\"pt-BR\",\"@id\":\"https:\/\/www.ivanabeaumond.com.br\/vestidos-noiva\/#\/schema\/person\/image\/\",\"url\":\"https:\/\/secure.gravatar.com\/avatar\/641f98db20b53ec937ceb641db4270b9?s=96&d=mm&r=g\",\"contentUrl\":\"https:\/\/secure.gravatar.com\/avatar\/641f98db20b53ec937ceb641db4270b9?s=96&d=mm&r=g\",\"caption\":\"Ivana Beaumond Paris\"},\"url\":\"https:\/\/www.ivanabeaumond.com.br\/vestidos-noiva\/author\/ivana\/\"}]}<\/script>\n<!-- \/ Yoast SEO plugin. -->","yoast_head_json":{"title":"Casando na Praia By Ivana Beaumond - Vestido de Noiva RJ","robots":{"index":"index","follow":"follow","max-snippet":"max-snippet:-1","max-image-preview":"max-image-preview:large","max-video-preview":"max-video-preview:-1"},"canonical":"https:\/\/www.ivanabeaumond.com.br\/vestidos-noiva\/casando-na-praia-by-ivana-beaumond\/","og_locale":"pt_BR","og_type":"article","og_title":"Casando na Praia By Ivana Beaumond - Vestido de Noiva RJ","og_description":"J\u00e1 h\u00e1 algum tempo as noivas deixaram de seguir determinados...","og_url":"https:\/\/www.ivanabeaumond.com.br\/vestidos-noiva\/casando-na-praia-by-ivana-beaumond\/","og_site_name":"Vestido de Noiva RJ","article_publisher":"https:\/\/www.facebook.com\/ivana.beaumondnoivas","article_published_time":"2017-07-17T23:36:20+00:00","article_modified_time":"2017-10-23T17:39:51+00:00","og_image":[{"width":900,"height":581,"url":"https:\/\/www.ivanabeaumond.com.br\/vestidos-noiva\/wp-content\/uploads\/2017\/07\/Vestido-de-noiva-aluguel-de-roupas-ivana-beaumond-casamento-na-praia-39-e1500325466484.jpg","type":"image\/jpeg"}],"author":"Ivana Beaumond Paris","twitter_card":"summary_large_image","twitter_misc":{"Escrito por":"Ivana Beaumond Paris","Est. tempo de leitura":"1 minuto"},"schema":{"@context":"https:\/\/schema.org","@graph":[{"@type":"Article","@id":"https:\/\/www.ivanabeaumond.com.br\/vestidos-noiva\/casando-na-praia-by-ivana-beaumond\/#article","isPartOf":{"@id":"https:\/\/www.ivanabeaumond.com.br\/vestidos-noiva\/casando-na-praia-by-ivana-beaumond\/"},"author":{"name":"Ivana Beaumond Paris","@id":"https:\/\/www.ivanabeaumond.com.br\/vestidos-noiva\/#\/schema\/person\/1a360c4cffa3b806d29a456389dcff26"},"headline":"Casando na Praia By Ivana Beaumond","datePublished":"2017-07-17T23:36:20+00:00","dateModified":"2017-10-23T17:39:51+00:00","mainEntityOfPage":{"@id":"https:\/\/www.ivanabeaumond.com.br\/vestidos-noiva\/casando-na-praia-by-ivana-beaumond\/"},"wordCount":169,"commentCount":0,"publisher":{"@id":"https:\/\/www.ivanabeaumond.com.br\/vestidos-noiva\/#organization"},"keywords":["aluguel de roupas","atelierivanabeaumond","casamento","convidadas","festas","madrinhas","moda festa","noivas","padrinhos","vestido de festa","vestido de noiva"],"articleSection":["Dicas e Truques"],"inLanguage":"pt-BR","potentialAction":[{"@type":"CommentAction","name":"Comment","target":["https:\/\/www.ivanabeaumond.com.br\/vestidos-noiva\/casando-na-praia-by-ivana-beaumond\/#respond"]}]},{"@type":"WebPage","@id":"https:\/\/www.ivanabeaumond.com.br\/vestidos-noiva\/casando-na-praia-by-ivana-beaumond\/","url":"https:\/\/www.ivanabeaumond.com.br\/vestidos-noiva\/casando-na-praia-by-ivana-beaumond\/","name":"Casando na Praia By Ivana Beaumond - Vestido de Noiva RJ","isPartOf":{"@id":"https:\/\/www.ivanabeaumond.com.br\/vestidos-noiva\/#website"},"datePublished":"2017-07-17T23:36:20+00:00","dateModified":"2017-10-23T17:39:51+00:00","breadcrumb":{"@id":"https:\/\/www.ivanabeaumond.com.br\/vestidos-noiva\/casando-na-praia-by-ivana-beaumond\/#breadcrumb"},"inLanguage":"pt-BR","potentialAction":[{"@type":"ReadAction","target":["https:\/\/www.ivanabeaumond.com.br\/vestidos-noiva\/casando-na-praia-by-ivana-beaumond\/"]}]},{"@type":"BreadcrumbList","@id":"https:\/\/www.ivanabeaumond.com.br\/vestidos-noiva\/casando-na-praia-by-ivana-beaumond\/#breadcrumb","itemListElement":[{"@type":"ListItem","position":1,"name":"In\u00edcio","item":"https:\/\/www.ivanabeaumond.com.br\/vestidos-noiva\/"},{"@type":"ListItem","position":2,"name":"Casando na Praia By Ivana Beaumond"}]},{"@type":"WebSite","@id":"https:\/\/www.ivanabeaumond.com.br\/vestidos-noiva\/#website","url":"https:\/\/www.ivanabeaumond.com.br\/vestidos-noiva\/","name":"Vestido de Noiva RJ","description":"Moda Noiva","publisher":{"@id":"https:\/\/www.ivanabeaumond.com.br\/vestidos-noiva\/#organization"},"potentialAction":[{"@type":"SearchAction","target":{"@type":"EntryPoint","urlTemplate":"https:\/\/www.ivanabeaumond.com.br\/vestidos-noiva\/?s={search_term_string}"},"query-input":"required name=search_term_string"}],"inLanguage":"pt-BR"},{"@type":"Organization","@id":"https:\/\/www.ivanabeaumond.com.br\/vestidos-noiva\/#organization","name":"Vestido de Noiva RJ","url":"https:\/\/www.ivanabeaumond.com.br\/vestidos-noiva\/","logo":{"@type":"ImageObject","inLanguage":"pt-BR","@id":"https:\/\/www.ivanabeaumond.com.br\/vestidos-noiva\/#\/schema\/logo\/image\/","url":"https:\/\/www.ivanabeaumond.com.br\/vestidos-noiva\/wp-content\/uploads\/2018\/02\/logo_ivana_beaumond-2.png","contentUrl":"https:\/\/www.ivanabeaumond.com.br\/vestidos-noiva\/wp-content\/uploads\/2018\/02\/logo_ivana_beaumond-2.png","width":230,"height":112,"caption":"Vestido de Noiva RJ"},"image":{"@id":"https:\/\/www.ivanabeaumond.com.br\/vestidos-noiva\/#\/schema\/logo\/image\/"},"sameAs":["https:\/\/www.facebook.com\/ivana.beaumondnoivas","https:\/\/www.instagram.com\/ivanabeaumond\/","https:\/\/www.tiktok.com\/@ivanabeaumond"]},{"@type":"Person","@id":"https:\/\/www.ivanabeaumond.com.br\/vestidos-noiva\/#\/schema\/person\/1a360c4cffa3b806d29a456389dcff26","name":"Ivana Beaumond Paris","image":{"@type":"ImageObject","inLanguage":"pt-BR","@id":"https:\/\/www.ivanabeaumond.com.br\/vestidos-noiva\/#\/schema\/person\/image\/","url":"https:\/\/secure.gravatar.com\/avatar\/641f98db20b53ec937ceb641db4270b9?s=96&d=mm&r=g","contentUrl":"https:\/\/secure.gravatar.com\/avatar\/641f98db20b53ec937ceb641db4270b9?s=96&d=mm&r=g","caption":"Ivana Beaumond Paris"},"url":"https:\/\/www.ivanabeaumond.com.br\/vestidos-noiva\/author\/ivana\/"}]}},"_links":{"self":[{"href":"https:\/\/www.ivanabeaumond.com.br\/vestidos-noiva\/wp-json\/wp\/v2\/posts\/13055"}],"collection":[{"href":"https:\/\/www.ivanabeaumond.com.br\/vestidos-noiva\/wp-json\/wp\/v2\/posts"}],"about":[{"href":"https:\/\/www.ivanabeaumond.com.br\/vestidos-noiva\/wp-json\/wp\/v2\/types\/post"}],"author":[{"embeddable":true,"href":"https:\/\/www.ivanabeaumond.com.br\/vestidos-noiva\/wp-json\/wp\/v2\/users\/4"}],"replies":[{"embeddable":true,"href":"https:\/\/www.ivanabeaumond.com.br\/vestidos-noiva\/wp-json\/wp\/v2\/comments?post=13055"}],"version-history":[{"count":13,"href":"https:\/\/www.ivanabeaumond.com.br\/vestidos-noiva\/wp-json\/wp\/v2\/posts\/13055\/revisions"}],"predecessor-version":[{"id":13083,"href":"https:\/\/www.ivanabeaumond.com.br\/vestidos-noiva\/wp-json\/wp\/v2\/posts\/13055\/revisions\/13083"}],"wp:featuredmedia":[{"embeddable":true,"href":"https:\/\/www.ivanabeaumond.com.br\/vestidos-noiva\/wp-json\/wp\/v2\/media\/13065"}],"wp:attachment":[{"href":"https:\/\/www.ivanabeaumond.com.br\/vestidos-noiva\/wp-json\/wp\/v2\/media?parent=13055"}],"wp:term":[{"taxonomy":"category","embeddable":true,"href":"https:\/\/www.ivanabeaumond.com.br\/vestidos-noiva\/wp-json\/wp\/v2\/categories?post=13055"},{"taxonomy":"post_tag","embeddable":true,"href":"https:\/\/www.ivanabeaumond.com.br\/vestidos-noiva\/wp-json\/wp\/v2\/tags?post=13055"}],"curies":[{"name":"wp","href":"https:\/\/api.w.org\/{rel}","templated":true}]}}