{"id":13114,"date":"2017-08-26T21:40:52","date_gmt":"2017-08-27T00:40:52","guid":{"rendered":"http:\/\/www.ivanabeaumond.com.br\/vestidos-noiva\/?p=13114"},"modified":"2017-10-23T15:30:47","modified_gmt":"2017-10-23T17:30:47","slug":"escolhendo-o-lugar-ideal-para-seu-casamento","status":"publish","type":"post","link":"https:\/\/www.ivanabeaumond.com.br\/vestidos-noiva\/escolhendo-o-lugar-ideal-para-seu-casamento\/","title":{"rendered":"Escolhendo o lugar ideal para seu casamento.."},"content":{"rendered":"<h4 style=\"text-align: justify;\"><span style=\"color: #999999;\">Como decidir entre um ambiente fechado ou aberto? O que analisar? Igreja ou somente sal\u00e3o? Muita coisa a se pensar e decidir n\u00e9?! Rs Calma, Vamos dar algumas dicas para voc\u00ea noiva, neste dia t\u00e3o importante. Esse \u00e9 o nosso primeiro passo. Precisamos escolher o\u00a0local do casamento para o Grande Dia. Isso porque todos os demais servi\u00e7os ser\u00e3o baseados no local que o casal escolher. Al\u00e9m disso, tanto o local da cerim\u00f4nia quanto o da festa s\u00e3o importantes e merecem alguns cuidados antes do contrato assinado. Esses locais precisam combinar com o estilo do casal, mas tamb\u00e9m refletirem toda a sintonia que o casal deseja transmitir aos convidados.<\/span><\/h4>\n<p>&nbsp;<\/p>\n<h4><span style=\"text-decoration: underline;\"><em><span style=\"color: #999999; text-decoration: underline;\">Dicas pr\u00e1ticas<\/span><\/em><\/span><\/h4>\n<h4><span style=\"color: #999999;\">Todo casal precisa se atentar para algumas coisas, independente de onde o casamento vai acontecer. As principais s\u00e3o:<\/span><\/h4>\n<p><a href=\"http:\/\/www.ivanabeaumond.com.br\/vestidos-noiva\/wp-content\/uploads\/2017\/07\/Convidados-casamento-Ivana-Beaumond.jpg\"><img decoding=\"async\" loading=\"lazy\" class=\"aligncenter  wp-image-13115\" src=\"http:\/\/www.ivanabeaumond.com.br\/vestidos-noiva\/wp-content\/uploads\/2017\/07\/Convidados-casamento-Ivana-Beaumond.jpg\" alt=\"Convidados casamento - Ivana Beaumond\" width=\"908\" height=\"605\" srcset=\"https:\/\/www.ivanabeaumond.com.br\/vestidos-noiva\/wp-content\/uploads\/2017\/07\/Convidados-casamento-Ivana-Beaumond.jpg 1153w, https:\/\/www.ivanabeaumond.com.br\/vestidos-noiva\/wp-content\/uploads\/2017\/07\/Convidados-casamento-Ivana-Beaumond-300x200.jpg 300w, https:\/\/www.ivanabeaumond.com.br\/vestidos-noiva\/wp-content\/uploads\/2017\/07\/Convidados-casamento-Ivana-Beaumond-1024x682.jpg 1024w, https:\/\/www.ivanabeaumond.com.br\/vestidos-noiva\/wp-content\/uploads\/2017\/07\/Convidados-casamento-Ivana-Beaumond-480x320.jpg 480w\" sizes=\"(max-width: 908px) 100vw, 908px\" \/><\/a><\/p>\n<h4 style=\"text-align: justify;\"><em><span style=\"text-decoration: underline;\"><span style=\"color: #999999; text-decoration: underline;\">N\u00famero de convidados<\/span><\/span><\/em><\/h4>\n<h4 style=\"text-align: justify;\"><span style=\"color: #999999;\">Antes de escolher o local da cerim\u00f4nia e festa, o casal precisa decidir a quantidade de convidados. Voc\u00ea pode fazer desde um super casamento, com mil convidados, at\u00e9 um\u00a0<em>mini wedding<\/em>, com apenas cinquenta. Depois disso, escolher um local vai ser mais f\u00e1cil e r\u00e1pido. Ali\u00e1s, o local\u00a0\u00e9 escolhido com base no tamanho de pessoas que ele comporta.<\/span><\/h4>\n<p>&nbsp;<\/p>\n<p>&nbsp;<\/p>\n<h5><a href=\"http:\/\/www.ivanabeaumond.com.br\/vestidos-noiva\/wp-content\/uploads\/2017\/07\/Decora\u00e7\u00e3o-2-Ivana-Beaumond.jpg\"><img decoding=\"async\" loading=\"lazy\" class=\"aligncenter  wp-image-13117\" src=\"http:\/\/www.ivanabeaumond.com.br\/vestidos-noiva\/wp-content\/uploads\/2017\/07\/Decora\u00e7\u00e3o-2-Ivana-Beaumond.jpg\" alt=\"Decora\u00e7\u00e3o 2 - Ivana Beaumond\" width=\"857\" height=\"570\" srcset=\"https:\/\/www.ivanabeaumond.com.br\/vestidos-noiva\/wp-content\/uploads\/2017\/07\/Decora\u00e7\u00e3o-2-Ivana-Beaumond.jpg 800w, https:\/\/www.ivanabeaumond.com.br\/vestidos-noiva\/wp-content\/uploads\/2017\/07\/Decora\u00e7\u00e3o-2-Ivana-Beaumond-300x200.jpg 300w, https:\/\/www.ivanabeaumond.com.br\/vestidos-noiva\/wp-content\/uploads\/2017\/07\/Decora\u00e7\u00e3o-2-Ivana-Beaumond-480x320.jpg 480w\" sizes=\"(max-width: 857px) 100vw, 857px\" \/><\/a><\/h5>\n<h5><a href=\"http:\/\/www.ivanabeaumond.com.br\/vestidos-noiva\/wp-content\/uploads\/2017\/07\/Decora\u00e7\u00e3o-Ivana-Beaumond.jpg\"><img decoding=\"async\" loading=\"lazy\" class=\"aligncenter  wp-image-13116\" src=\"http:\/\/www.ivanabeaumond.com.br\/vestidos-noiva\/wp-content\/uploads\/2017\/07\/Decora\u00e7\u00e3o-Ivana-Beaumond.jpg\" alt=\"Decora\u00e7\u00e3o - Ivana Beaumond\" width=\"858\" height=\"569\" srcset=\"https:\/\/www.ivanabeaumond.com.br\/vestidos-noiva\/wp-content\/uploads\/2017\/07\/Decora\u00e7\u00e3o-Ivana-Beaumond.jpg 800w, https:\/\/www.ivanabeaumond.com.br\/vestidos-noiva\/wp-content\/uploads\/2017\/07\/Decora\u00e7\u00e3o-Ivana-Beaumond-300x199.jpg 300w\" sizes=\"(max-width: 858px) 100vw, 858px\" \/><\/a><\/h5>\n<h4 style=\"text-align: justify;\"><em><span style=\"text-decoration: underline;\"><span style=\"color: #999999; text-decoration: underline;\">Estilo da festa<\/span><\/span><\/em><\/h4>\n<h4 style=\"text-align: justify;\"><span style=\"color: #999999;\">O estilo da festa \u00e9 baseado na personalidade dos noivos. Uma noiva mais descolada pode escolher um\u00a0casamento na praia, com os p\u00e9s na areia, enquanto que uma noiva mais tradicional pode casar num lindo\u00a0buffet\u00a0\u00e0 noite. Assim como o casal que pretende fazer um\u00a0mini wedding\u00a0tamb\u00e9m pode escolher um restaurante super charmoso.<\/span><\/h4>\n<h5><a href=\"http:\/\/www.ivanabeaumond.com.br\/vestidos-noiva\/wp-content\/uploads\/2017\/07\/Vestido-de-noiva-aluguel-de-roupas-ivana-beaumond-casamento-na-praia-106.jpg\"><img decoding=\"async\" loading=\"lazy\" class=\"aligncenter  wp-image-13057\" src=\"http:\/\/www.ivanabeaumond.com.br\/vestidos-noiva\/wp-content\/uploads\/2017\/07\/Vestido-de-noiva-aluguel-de-roupas-ivana-beaumond-casamento-na-praia-106.jpg\" alt=\"Vestido de noiva aluguel de roupas ivana beaumond casamento na praia (106)\" width=\"700\" height=\"903\" srcset=\"https:\/\/www.ivanabeaumond.com.br\/vestidos-noiva\/wp-content\/uploads\/2017\/07\/Vestido-de-noiva-aluguel-de-roupas-ivana-beaumond-casamento-na-praia-106.jpg 703w, https:\/\/www.ivanabeaumond.com.br\/vestidos-noiva\/wp-content\/uploads\/2017\/07\/Vestido-de-noiva-aluguel-de-roupas-ivana-beaumond-casamento-na-praia-106-233x300.jpg 233w\" sizes=\"(max-width: 700px) 100vw, 700px\" \/><\/a><\/h5>\n<h4 style=\"text-align: justify;\"><span style=\"text-decoration: underline;\"><em><span style=\"color: #999999; text-decoration: underline;\">Hor\u00e1rio do casamento<\/span><\/em><\/span><\/h4>\n<h4 style=\"text-align: justify;\"><span style=\"color: #999999;\">Outra coisa que o casal precisa pensar muito bem \u00e9 o per\u00edodo do casamento. Talvez voc\u00ea prefira um casamento durante o dia, por querer uma luz natural. Nesse caso, escolha um ambiente que proporcione o c\u00e9u aberto ou que tenha uma posi\u00e7\u00e3o perfeita para o\u00a0p\u00f4r do sol. Com casamentos realizados durante a noite a facilidade de encontrar um local \u00e9 maior, pois qualquer lugar fica incr\u00edvel.<\/span><\/h4>\n<h5><a href=\"http:\/\/www.ivanabeaumond.com.br\/vestidos-noiva\/wp-content\/uploads\/2017\/07\/Buffet-casamento-Ivana-Beaumond.jpg\"><img decoding=\"async\" loading=\"lazy\" class=\"aligncenter  wp-image-13118\" src=\"http:\/\/www.ivanabeaumond.com.br\/vestidos-noiva\/wp-content\/uploads\/2017\/07\/Buffet-casamento-Ivana-Beaumond.jpg\" alt=\"Buffet casamento - Ivana Beaumond\" width=\"896\" height=\"595\" srcset=\"https:\/\/www.ivanabeaumond.com.br\/vestidos-noiva\/wp-content\/uploads\/2017\/07\/Buffet-casamento-Ivana-Beaumond.jpg 3216w, https:\/\/www.ivanabeaumond.com.br\/vestidos-noiva\/wp-content\/uploads\/2017\/07\/Buffet-casamento-Ivana-Beaumond-300x199.jpg 300w, https:\/\/www.ivanabeaumond.com.br\/vestidos-noiva\/wp-content\/uploads\/2017\/07\/Buffet-casamento-Ivana-Beaumond-1024x680.jpg 1024w, https:\/\/www.ivanabeaumond.com.br\/vestidos-noiva\/wp-content\/uploads\/2017\/07\/Buffet-casamento-Ivana-Beaumond-480x320.jpg 480w\" sizes=\"(max-width: 896px) 100vw, 896px\" \/><\/a><\/h5>\n<h4 style=\"text-align: justify;\"><span style=\"text-decoration: underline;\"><em><span style=\"color: #999999; text-decoration: underline;\">Com ou sem buffet?<\/span><\/em><\/span><\/h4>\n<h4 style=\"text-align: justify;\"><span style=\"color: #999999;\">Alguns espa\u00e7os para festa n\u00e3o oferecem buffet, mas outros possuem um servi\u00e7o incluso maravilhoso. Talvez voc\u00ea j\u00e1 tem em mente um buffet espec\u00edfico que voc\u00ea gostaria, ent\u00e3o, nesse caso, procure um local que n\u00e3o tenha restri\u00e7\u00e3o de fornecedor.<\/span><\/h4>\n<div id=\"attachment_12670\" style=\"width: 709px\" class=\"wp-caption aligncenter\"><a href=\"http:\/\/www.ivanabeaumond.com.br\/vestidos-noiva\/wp-content\/uploads\/2017\/06\/Ensaio-Vestidos-de-Noiva-Atelier-Ivana-Beaumond-18-e1496433353830.jpg\"><img aria-describedby=\"caption-attachment-12670\" decoding=\"async\" loading=\"lazy\" class=\" wp-image-12670\" src=\"http:\/\/www.ivanabeaumond.com.br\/vestidos-noiva\/wp-content\/uploads\/2017\/06\/Ensaio-Vestidos-de-Noiva-Atelier-Ivana-Beaumond-18-e1496433353830.jpg\" alt=\"Vestido de Noivas por Atelier Ivana Beaumond\" width=\"699\" height=\"1057\" \/><\/a><p id=\"caption-attachment-12670\" class=\"wp-caption-text\"><span style=\"color: #999999;\">Vestido de Noivas por Atelier Ivana Beaumond<\/span><\/p><\/div>\n<h4 style=\"text-align: justify;\"><span style=\"text-decoration: underline;\"><em><span style=\"color: #999999; text-decoration: underline;\">Esta\u00e7\u00e3o do ano<\/span><\/em><\/span><\/h4>\n<h4 style=\"text-align: justify;\"><span style=\"color: #999999;\">Fa\u00e7a o planejamento do local de acordo com a esta\u00e7\u00e3o do ano. Ali\u00e1s, se o casamento vai acontecer no Brasil vale lembrar que o clima muda o tempo todo. Tenha sempre um plano B para poss\u00edveis imprevistos, tais como chuva, um pouco mais de frio ou calor do que o previsto. Uma dica \u00e9 verificar o ar condicionado do local, caso tenha escolhido casar no ver\u00e3o, mas tamb\u00e9m verificar o aquecedor, se o casamento acontecer no inverno.<\/span><\/h4>\n<h5><\/h5>\n<h5><a href=\"http:\/\/www.ivanabeaumond.com.br\/vestidos-noiva\/wp-content\/uploads\/2017\/05\/Karina-Vestidos-de-Noiva-Atelier-Ivana-Beaumond-13-e1496159271128.jpg\"><img decoding=\"async\" loading=\"lazy\" class=\"aligncenter  wp-image-12619\" src=\"http:\/\/www.ivanabeaumond.com.br\/vestidos-noiva\/wp-content\/uploads\/2017\/05\/Karina-Vestidos-de-Noiva-Atelier-Ivana-Beaumond-13-e1496159271128.jpg\" alt=\"Karina - Vestidos de Noiva Atelier Ivana Beaumond 13\" width=\"901\" height=\"603\" \/><\/a><\/h5>\n<h4 style=\"text-align: justify;\"><span style=\"text-decoration: underline;\"><em><span style=\"color: #999999; text-decoration: underline;\">Seguran\u00e7a<\/span><\/em><\/span><\/h4>\n<h4 style=\"text-align: justify;\"><span style=\"color: #999999;\">Todo mundo sabe que a seguran\u00e7a do local \u00e9 pra l\u00e1 de importante, mas muitos casais se esquecem de algumas informa\u00e7\u00f5es que fazem toda diferen\u00e7a. Por isso, verifiquem se o local escolhido possui sa\u00edda de emerg\u00eancia, brigada de inc\u00eandio, gerador incluso e at\u00e9 mesmo se a documenta\u00e7\u00e3o est\u00e1 correta.<\/span><\/h4>\n<h4 style=\"text-align: justify;\"><span style=\"color: #999999;\">\u00a0<\/span><\/h4>\n<h4 style=\"text-align: justify;\"><span style=\"color: #999999;\">Citamos algumas dicas para esta escolha t\u00e3o importante e desejamos uma bela escolha com todo amor e carinho para voc\u00ea casal &lt;3<\/span><\/h4>\n","protected":false},"excerpt":{"rendered":"<p>Como decidir entre um ambiente fechado ou aberto? O que&#8230;<\/p>\n","protected":false},"author":4,"featured_media":13116,"comment_status":"open","ping_status":"open","sticky":false,"template":"","format":"standard","meta":[],"categories":[127],"tags":[131,133,96,137,162,103,136,164,165,138,115],"yoast_head":"<!-- This site is optimized with the Yoast SEO plugin v20.3 - https:\/\/yoast.com\/wordpress\/plugins\/seo\/ -->\n<title>Escolhendo o lugar ideal para seu casamento.. - Vestido de Noiva RJ<\/title>\n<meta name=\"robots\" content=\"index, follow, max-snippet:-1, max-image-preview:large, max-video-preview:-1\" \/>\n<link rel=\"canonical\" href=\"https:\/\/www.ivanabeaumond.com.br\/vestidos-noiva\/escolhendo-o-lugar-ideal-para-seu-casamento\/\" \/>\n<meta property=\"og:locale\" content=\"pt_BR\" \/>\n<meta property=\"og:type\" content=\"article\" \/>\n<meta property=\"og:title\" content=\"Escolhendo o lugar ideal para seu casamento.. - Vestido de Noiva RJ\" \/>\n<meta property=\"og:description\" content=\"Como decidir entre um ambiente fechado ou aberto? O que...\" \/>\n<meta property=\"og:url\" content=\"https:\/\/www.ivanabeaumond.com.br\/vestidos-noiva\/escolhendo-o-lugar-ideal-para-seu-casamento\/\" \/>\n<meta property=\"og:site_name\" content=\"Vestido de Noiva RJ\" \/>\n<meta property=\"article:publisher\" content=\"https:\/\/www.facebook.com\/ivana.beaumondnoivas\" \/>\n<meta property=\"article:published_time\" content=\"2017-08-27T00:40:52+00:00\" \/>\n<meta property=\"article:modified_time\" content=\"2017-10-23T17:30:47+00:00\" \/>\n<meta property=\"og:image\" content=\"https:\/\/www.ivanabeaumond.com.br\/vestidos-noiva\/wp-content\/uploads\/2017\/07\/Decora\u00e7\u00e3o-Ivana-Beaumond.jpg\" \/>\n\t<meta property=\"og:image:width\" content=\"800\" \/>\n\t<meta property=\"og:image:height\" content=\"531\" \/>\n\t<meta property=\"og:image:type\" content=\"image\/jpeg\" \/>\n<meta name=\"author\" content=\"Ivana Beaumond Paris\" \/>\n<meta name=\"twitter:card\" content=\"summary_large_image\" \/>\n<meta name=\"twitter:label1\" content=\"Escrito por\" \/>\n\t<meta name=\"twitter:data1\" content=\"Ivana Beaumond Paris\" \/>\n\t<meta name=\"twitter:label2\" content=\"Est. tempo de leitura\" \/>\n\t<meta name=\"twitter:data2\" content=\"3 minutos\" \/>\n<script type=\"application\/ld+json\" class=\"yoast-schema-graph\">{\"@context\":\"https:\/\/schema.org\",\"@graph\":[{\"@type\":\"Article\",\"@id\":\"https:\/\/www.ivanabeaumond.com.br\/vestidos-noiva\/escolhendo-o-lugar-ideal-para-seu-casamento\/#article\",\"isPartOf\":{\"@id\":\"https:\/\/www.ivanabeaumond.com.br\/vestidos-noiva\/escolhendo-o-lugar-ideal-para-seu-casamento\/\"},\"author\":{\"name\":\"Ivana Beaumond Paris\",\"@id\":\"https:\/\/www.ivanabeaumond.com.br\/vestidos-noiva\/#\/schema\/person\/1a360c4cffa3b806d29a456389dcff26\"},\"headline\":\"Escolhendo o lugar ideal para seu casamento..\",\"datePublished\":\"2017-08-27T00:40:52+00:00\",\"dateModified\":\"2017-10-23T17:30:47+00:00\",\"mainEntityOfPage\":{\"@id\":\"https:\/\/www.ivanabeaumond.com.br\/vestidos-noiva\/escolhendo-o-lugar-ideal-para-seu-casamento\/\"},\"wordCount\":575,\"commentCount\":0,\"publisher\":{\"@id\":\"https:\/\/www.ivanabeaumond.com.br\/vestidos-noiva\/#organization\"},\"keywords\":[\"aluguel de roupas\",\"atelierivanabeaumond\",\"casamento\",\"convidadas\",\"festas\",\"madrinhas\",\"moda festa\",\"noivas\",\"padrinhos\",\"vestido de festa\",\"vestido de noiva\"],\"articleSection\":[\"Dicas e Truques\"],\"inLanguage\":\"pt-BR\",\"potentialAction\":[{\"@type\":\"CommentAction\",\"name\":\"Comment\",\"target\":[\"https:\/\/www.ivanabeaumond.com.br\/vestidos-noiva\/escolhendo-o-lugar-ideal-para-seu-casamento\/#respond\"]}]},{\"@type\":\"WebPage\",\"@id\":\"https:\/\/www.ivanabeaumond.com.br\/vestidos-noiva\/escolhendo-o-lugar-ideal-para-seu-casamento\/\",\"url\":\"https:\/\/www.ivanabeaumond.com.br\/vestidos-noiva\/escolhendo-o-lugar-ideal-para-seu-casamento\/\",\"name\":\"Escolhendo o lugar ideal para seu casamento.. - Vestido de Noiva RJ\",\"isPartOf\":{\"@id\":\"https:\/\/www.ivanabeaumond.com.br\/vestidos-noiva\/#website\"},\"datePublished\":\"2017-08-27T00:40:52+00:00\",\"dateModified\":\"2017-10-23T17:30:47+00:00\",\"breadcrumb\":{\"@id\":\"https:\/\/www.ivanabeaumond.com.br\/vestidos-noiva\/escolhendo-o-lugar-ideal-para-seu-casamento\/#breadcrumb\"},\"inLanguage\":\"pt-BR\",\"potentialAction\":[{\"@type\":\"ReadAction\",\"target\":[\"https:\/\/www.ivanabeaumond.com.br\/vestidos-noiva\/escolhendo-o-lugar-ideal-para-seu-casamento\/\"]}]},{\"@type\":\"BreadcrumbList\",\"@id\":\"https:\/\/www.ivanabeaumond.com.br\/vestidos-noiva\/escolhendo-o-lugar-ideal-para-seu-casamento\/#breadcrumb\",\"itemListElement\":[{\"@type\":\"ListItem\",\"position\":1,\"name\":\"In\u00edcio\",\"item\":\"https:\/\/www.ivanabeaumond.com.br\/vestidos-noiva\/\"},{\"@type\":\"ListItem\",\"position\":2,\"name\":\"Escolhendo o lugar ideal para seu casamento..\"}]},{\"@type\":\"WebSite\",\"@id\":\"https:\/\/www.ivanabeaumond.com.br\/vestidos-noiva\/#website\",\"url\":\"https:\/\/www.ivanabeaumond.com.br\/vestidos-noiva\/\",\"name\":\"Vestido de Noiva RJ\",\"description\":\"Moda Noiva\",\"publisher\":{\"@id\":\"https:\/\/www.ivanabeaumond.com.br\/vestidos-noiva\/#organization\"},\"potentialAction\":[{\"@type\":\"SearchAction\",\"target\":{\"@type\":\"EntryPoint\",\"urlTemplate\":\"https:\/\/www.ivanabeaumond.com.br\/vestidos-noiva\/?s={search_term_string}\"},\"query-input\":\"required name=search_term_string\"}],\"inLanguage\":\"pt-BR\"},{\"@type\":\"Organization\",\"@id\":\"https:\/\/www.ivanabeaumond.com.br\/vestidos-noiva\/#organization\",\"name\":\"Vestido de Noiva RJ\",\"url\":\"https:\/\/www.ivanabeaumond.com.br\/vestidos-noiva\/\",\"logo\":{\"@type\":\"ImageObject\",\"inLanguage\":\"pt-BR\",\"@id\":\"https:\/\/www.ivanabeaumond.com.br\/vestidos-noiva\/#\/schema\/logo\/image\/\",\"url\":\"https:\/\/www.ivanabeaumond.com.br\/vestidos-noiva\/wp-content\/uploads\/2018\/02\/logo_ivana_beaumond-2.png\",\"contentUrl\":\"https:\/\/www.ivanabeaumond.com.br\/vestidos-noiva\/wp-content\/uploads\/2018\/02\/logo_ivana_beaumond-2.png\",\"width\":230,\"height\":112,\"caption\":\"Vestido de Noiva RJ\"},\"image\":{\"@id\":\"https:\/\/www.ivanabeaumond.com.br\/vestidos-noiva\/#\/schema\/logo\/image\/\"},\"sameAs\":[\"https:\/\/www.facebook.com\/ivana.beaumondnoivas\",\"https:\/\/www.instagram.com\/ivanabeaumond\/\",\"https:\/\/www.tiktok.com\/@ivanabeaumond\"]},{\"@type\":\"Person\",\"@id\":\"https:\/\/www.ivanabeaumond.com.br\/vestidos-noiva\/#\/schema\/person\/1a360c4cffa3b806d29a456389dcff26\",\"name\":\"Ivana Beaumond Paris\",\"image\":{\"@type\":\"ImageObject\",\"inLanguage\":\"pt-BR\",\"@id\":\"https:\/\/www.ivanabeaumond.com.br\/vestidos-noiva\/#\/schema\/person\/image\/\",\"url\":\"https:\/\/secure.gravatar.com\/avatar\/641f98db20b53ec937ceb641db4270b9?s=96&d=mm&r=g\",\"contentUrl\":\"https:\/\/secure.gravatar.com\/avatar\/641f98db20b53ec937ceb641db4270b9?s=96&d=mm&r=g\",\"caption\":\"Ivana Beaumond Paris\"},\"url\":\"https:\/\/www.ivanabeaumond.com.br\/vestidos-noiva\/author\/ivana\/\"}]}<\/script>\n<!-- \/ Yoast SEO plugin. -->","yoast_head_json":{"title":"Escolhendo o lugar ideal para seu casamento.. - Vestido de Noiva RJ","robots":{"index":"index","follow":"follow","max-snippet":"max-snippet:-1","max-image-preview":"max-image-preview:large","max-video-preview":"max-video-preview:-1"},"canonical":"https:\/\/www.ivanabeaumond.com.br\/vestidos-noiva\/escolhendo-o-lugar-ideal-para-seu-casamento\/","og_locale":"pt_BR","og_type":"article","og_title":"Escolhendo o lugar ideal para seu casamento.. - Vestido de Noiva RJ","og_description":"Como decidir entre um ambiente fechado ou aberto? O que...","og_url":"https:\/\/www.ivanabeaumond.com.br\/vestidos-noiva\/escolhendo-o-lugar-ideal-para-seu-casamento\/","og_site_name":"Vestido de Noiva RJ","article_publisher":"https:\/\/www.facebook.com\/ivana.beaumondnoivas","article_published_time":"2017-08-27T00:40:52+00:00","article_modified_time":"2017-10-23T17:30:47+00:00","og_image":[{"width":800,"height":531,"url":"https:\/\/www.ivanabeaumond.com.br\/vestidos-noiva\/wp-content\/uploads\/2017\/07\/Decora\u00e7\u00e3o-Ivana-Beaumond.jpg","type":"image\/jpeg"}],"author":"Ivana Beaumond Paris","twitter_card":"summary_large_image","twitter_misc":{"Escrito por":"Ivana Beaumond Paris","Est. tempo de leitura":"3 minutos"},"schema":{"@context":"https:\/\/schema.org","@graph":[{"@type":"Article","@id":"https:\/\/www.ivanabeaumond.com.br\/vestidos-noiva\/escolhendo-o-lugar-ideal-para-seu-casamento\/#article","isPartOf":{"@id":"https:\/\/www.ivanabeaumond.com.br\/vestidos-noiva\/escolhendo-o-lugar-ideal-para-seu-casamento\/"},"author":{"name":"Ivana Beaumond Paris","@id":"https:\/\/www.ivanabeaumond.com.br\/vestidos-noiva\/#\/schema\/person\/1a360c4cffa3b806d29a456389dcff26"},"headline":"Escolhendo o lugar ideal para seu casamento..","datePublished":"2017-08-27T00:40:52+00:00","dateModified":"2017-10-23T17:30:47+00:00","mainEntityOfPage":{"@id":"https:\/\/www.ivanabeaumond.com.br\/vestidos-noiva\/escolhendo-o-lugar-ideal-para-seu-casamento\/"},"wordCount":575,"commentCount":0,"publisher":{"@id":"https:\/\/www.ivanabeaumond.com.br\/vestidos-noiva\/#organization"},"keywords":["aluguel de roupas","atelierivanabeaumond","casamento","convidadas","festas","madrinhas","moda festa","noivas","padrinhos","vestido de festa","vestido de noiva"],"articleSection":["Dicas e Truques"],"inLanguage":"pt-BR","potentialAction":[{"@type":"CommentAction","name":"Comment","target":["https:\/\/www.ivanabeaumond.com.br\/vestidos-noiva\/escolhendo-o-lugar-ideal-para-seu-casamento\/#respond"]}]},{"@type":"WebPage","@id":"https:\/\/www.ivanabeaumond.com.br\/vestidos-noiva\/escolhendo-o-lugar-ideal-para-seu-casamento\/","url":"https:\/\/www.ivanabeaumond.com.br\/vestidos-noiva\/escolhendo-o-lugar-ideal-para-seu-casamento\/","name":"Escolhendo o lugar ideal para seu casamento.. - Vestido de Noiva RJ","isPartOf":{"@id":"https:\/\/www.ivanabeaumond.com.br\/vestidos-noiva\/#website"},"datePublished":"2017-08-27T00:40:52+00:00","dateModified":"2017-10-23T17:30:47+00:00","breadcrumb":{"@id":"https:\/\/www.ivanabeaumond.com.br\/vestidos-noiva\/escolhendo-o-lugar-ideal-para-seu-casamento\/#breadcrumb"},"inLanguage":"pt-BR","potentialAction":[{"@type":"ReadAction","target":["https:\/\/www.ivanabeaumond.com.br\/vestidos-noiva\/escolhendo-o-lugar-ideal-para-seu-casamento\/"]}]},{"@type":"BreadcrumbList","@id":"https:\/\/www.ivanabeaumond.com.br\/vestidos-noiva\/escolhendo-o-lugar-ideal-para-seu-casamento\/#breadcrumb","itemListElement":[{"@type":"ListItem","position":1,"name":"In\u00edcio","item":"https:\/\/www.ivanabeaumond.com.br\/vestidos-noiva\/"},{"@type":"ListItem","position":2,"name":"Escolhendo o lugar ideal para seu casamento.."}]},{"@type":"WebSite","@id":"https:\/\/www.ivanabeaumond.com.br\/vestidos-noiva\/#website","url":"https:\/\/www.ivanabeaumond.com.br\/vestidos-noiva\/","name":"Vestido de Noiva RJ","description":"Moda Noiva","publisher":{"@id":"https:\/\/www.ivanabeaumond.com.br\/vestidos-noiva\/#organization"},"potentialAction":[{"@type":"SearchAction","target":{"@type":"EntryPoint","urlTemplate":"https:\/\/www.ivanabeaumond.com.br\/vestidos-noiva\/?s={search_term_string}"},"query-input":"required name=search_term_string"}],"inLanguage":"pt-BR"},{"@type":"Organization","@id":"https:\/\/www.ivanabeaumond.com.br\/vestidos-noiva\/#organization","name":"Vestido de Noiva RJ","url":"https:\/\/www.ivanabeaumond.com.br\/vestidos-noiva\/","logo":{"@type":"ImageObject","inLanguage":"pt-BR","@id":"https:\/\/www.ivanabeaumond.com.br\/vestidos-noiva\/#\/schema\/logo\/image\/","url":"https:\/\/www.ivanabeaumond.com.br\/vestidos-noiva\/wp-content\/uploads\/2018\/02\/logo_ivana_beaumond-2.png","contentUrl":"https:\/\/www.ivanabeaumond.com.br\/vestidos-noiva\/wp-content\/uploads\/2018\/02\/logo_ivana_beaumond-2.png","width":230,"height":112,"caption":"Vestido de Noiva RJ"},"image":{"@id":"https:\/\/www.ivanabeaumond.com.br\/vestidos-noiva\/#\/schema\/logo\/image\/"},"sameAs":["https:\/\/www.facebook.com\/ivana.beaumondnoivas","https:\/\/www.instagram.com\/ivanabeaumond\/","https:\/\/www.tiktok.com\/@ivanabeaumond"]},{"@type":"Person","@id":"https:\/\/www.ivanabeaumond.com.br\/vestidos-noiva\/#\/schema\/person\/1a360c4cffa3b806d29a456389dcff26","name":"Ivana Beaumond Paris","image":{"@type":"ImageObject","inLanguage":"pt-BR","@id":"https:\/\/www.ivanabeaumond.com.br\/vestidos-noiva\/#\/schema\/person\/image\/","url":"https:\/\/secure.gravatar.com\/avatar\/641f98db20b53ec937ceb641db4270b9?s=96&d=mm&r=g","contentUrl":"https:\/\/secure.gravatar.com\/avatar\/641f98db20b53ec937ceb641db4270b9?s=96&d=mm&r=g","caption":"Ivana Beaumond Paris"},"url":"https:\/\/www.ivanabeaumond.com.br\/vestidos-noiva\/author\/ivana\/"}]}},"_links":{"self":[{"href":"https:\/\/www.ivanabeaumond.com.br\/vestidos-noiva\/wp-json\/wp\/v2\/posts\/13114"}],"collection":[{"href":"https:\/\/www.ivanabeaumond.com.br\/vestidos-noiva\/wp-json\/wp\/v2\/posts"}],"about":[{"href":"https:\/\/www.ivanabeaumond.com.br\/vestidos-noiva\/wp-json\/wp\/v2\/types\/post"}],"author":[{"embeddable":true,"href":"https:\/\/www.ivanabeaumond.com.br\/vestidos-noiva\/wp-json\/wp\/v2\/users\/4"}],"replies":[{"embeddable":true,"href":"https:\/\/www.ivanabeaumond.com.br\/vestidos-noiva\/wp-json\/wp\/v2\/comments?post=13114"}],"version-history":[{"count":12,"href":"https:\/\/www.ivanabeaumond.com.br\/vestidos-noiva\/wp-json\/wp\/v2\/posts\/13114\/revisions"}],"predecessor-version":[{"id":13126,"href":"https:\/\/www.ivanabeaumond.com.br\/vestidos-noiva\/wp-json\/wp\/v2\/posts\/13114\/revisions\/13126"}],"wp:featuredmedia":[{"embeddable":true,"href":"https:\/\/www.ivanabeaumond.com.br\/vestidos-noiva\/wp-json\/wp\/v2\/media\/13116"}],"wp:attachment":[{"href":"https:\/\/www.ivanabeaumond.com.br\/vestidos-noiva\/wp-json\/wp\/v2\/media?parent=13114"}],"wp:term":[{"taxonomy":"category","embeddable":true,"href":"https:\/\/www.ivanabeaumond.com.br\/vestidos-noiva\/wp-json\/wp\/v2\/categories?post=13114"},{"taxonomy":"post_tag","embeddable":true,"href":"https:\/\/www.ivanabeaumond.com.br\/vestidos-noiva\/wp-json\/wp\/v2\/tags?post=13114"}],"curies":[{"name":"wp","href":"https:\/\/api.w.org\/{rel}","templated":true}]}}