{"id":13124,"date":"2017-07-26T13:18:47","date_gmt":"2017-07-26T16:18:47","guid":{"rendered":"http:\/\/www.ivanabeaumond.com.br\/vestidos-noiva\/?p=13124"},"modified":"2017-10-23T15:39:23","modified_gmt":"2017-10-23T17:39:23","slug":"como-escolher-seu-vestido-ideal-temos-3-dicas-essenciais-para-voce","status":"publish","type":"post","link":"https:\/\/www.ivanabeaumond.com.br\/vestidos-noiva\/como-escolher-seu-vestido-ideal-temos-3-dicas-essenciais-para-voce\/","title":{"rendered":"Como escolher seu vestido ideal? Temos 3 dicas essenciais para voc\u00ea&#8230;"},"content":{"rendered":"<h4 style=\"text-align: justify;\"><span style=\"color: #999999;\">A escolha do vestido de noiva \u00e9, sem d\u00favidas, um dos momentos mais importantes durante a organiza\u00e7\u00e3o do casamento. A tarefa n\u00e3o \u00e9 nada f\u00e1cil n\u00e3o \u00e9 mesmo?! Rs Por isso separamos algumas dicas importantes que podem te ajudar nessa decis\u00e3o.<\/span><\/h4>\n<p>&nbsp;<\/p>\n<p>&nbsp;<\/p>\n<h4 style=\"text-align: justify;\"><\/h4>\n<h4 style=\"text-align: justify;\"><span style=\"color: #999999;\">Vamos l\u00e1,<\/span><\/h4>\n<p>&nbsp;<\/p>\n<p>&nbsp;<\/p>\n<h4 style=\"text-align: justify;\"><span style=\"color: #999999;\">1) Escolha um vestido de noiva que combine com o local e estilo do casamento..<\/span><\/h4>\n<p>&nbsp;<\/p>\n<p>&nbsp;<\/p>\n<h4 style=\"text-align: justify;\"><span style=\"color: #999999;\">Vai casar na praia, com o p\u00e9 na areia? Ou optou por uma igreja bem tradicional e a festa ser\u00e1 na cidade? Esses s\u00e3o detalhes muito importantes na hora de escolher o vestido e seu caimento. Uma cerim\u00f4nia tradicional, noturna e em local fechado combina com modelos mais volumosos, com mais bordados e pedrarias. J\u00e1 uma cerim\u00f4nia no campo, durante o dia, pede por um vestido mais leve e mais delicado. Concorda? Por isso, tente combinar o vestido com o estilo de seu casamento, isso facilitar\u00e1 muito a escolha.<\/span><\/h4>\n<div id=\"attachment_13590\" style=\"width: 569px\" class=\"wp-caption aligncenter\"><a href=\"http:\/\/www.ivanabeaumond.com.br\/vestidos-noiva\/wp-content\/uploads\/2017\/07\/vestido-de-noiva-rj-blog-IvanaBeaumond-Ref.-IB-ML-18521.jpg\"><img aria-describedby=\"caption-attachment-13590\" decoding=\"async\" loading=\"lazy\" class=\"wp-image-13590\" src=\"http:\/\/www.ivanabeaumond.com.br\/vestidos-noiva\/wp-content\/uploads\/2017\/07\/vestido-de-noiva-rj-blog-IvanaBeaumond-Ref.-IB-ML-18521.jpg\" alt=\"vestido-de-noiva-rj-blog-IvanaBeaumond-Ref.-IB-ML-18521\" width=\"559\" height=\"792\" srcset=\"https:\/\/www.ivanabeaumond.com.br\/vestidos-noiva\/wp-content\/uploads\/2017\/07\/vestido-de-noiva-rj-blog-IvanaBeaumond-Ref.-IB-ML-18521.jpg 706w, https:\/\/www.ivanabeaumond.com.br\/vestidos-noiva\/wp-content\/uploads\/2017\/07\/vestido-de-noiva-rj-blog-IvanaBeaumond-Ref.-IB-ML-18521-212x300.jpg 212w\" sizes=\"(max-width: 559px) 100vw, 559px\" \/><\/a><p id=\"caption-attachment-13590\" class=\"wp-caption-text\">Vestido de noiva by Ivana Beaumond &#8211; BLOG<\/p><\/div>\n<div id=\"attachment_13591\" style=\"width: 569px\" class=\"wp-caption aligncenter\"><a href=\"http:\/\/www.ivanabeaumond.com.br\/vestidos-noiva\/wp-content\/uploads\/2017\/07\/vestido-de-noiva-rj-blog-IvanaBeaumond-Ref.-IB-ML-5109-FT1.jpg\"><img aria-describedby=\"caption-attachment-13591\" decoding=\"async\" loading=\"lazy\" class=\"wp-image-13591\" src=\"http:\/\/www.ivanabeaumond.com.br\/vestidos-noiva\/wp-content\/uploads\/2017\/07\/vestido-de-noiva-rj-blog-IvanaBeaumond-Ref.-IB-ML-5109-FT1.jpg\" alt=\"vestido-de-noiva-rj-blog-IvanaBeaumond-Ref.-IB-ML-5109-FT1\" width=\"559\" height=\"792\" srcset=\"https:\/\/www.ivanabeaumond.com.br\/vestidos-noiva\/wp-content\/uploads\/2017\/07\/vestido-de-noiva-rj-blog-IvanaBeaumond-Ref.-IB-ML-5109-FT1.jpg 706w, https:\/\/www.ivanabeaumond.com.br\/vestidos-noiva\/wp-content\/uploads\/2017\/07\/vestido-de-noiva-rj-blog-IvanaBeaumond-Ref.-IB-ML-5109-FT1-212x300.jpg 212w\" sizes=\"(max-width: 559px) 100vw, 559px\" \/><\/a><p id=\"caption-attachment-13591\" class=\"wp-caption-text\">Vestido de noiva by Ivana Beaumond &#8211; BLOG<\/p><\/div>\n<p style=\"text-align: justify;\">\u00a0<a href=\"http:\/\/www.ivanabeaumond.com.br\/vestidos-noiva\/wp-content\/uploads\/2016\/03\/Ref.-IB-ML-2601-FT1.jpg\"><br \/>\n<\/a><\/p>\n<div id=\"attachment_13592\" style=\"width: 569px\" class=\"wp-caption aligncenter\"><a href=\"http:\/\/www.ivanabeaumond.com.br\/vestidos-noiva\/wp-content\/uploads\/2017\/07\/vestido-de-noiva-rj-blog-IvanaBeaumond-Ref.-IB-ML-2607-FT2.jpg\"><img aria-describedby=\"caption-attachment-13592\" decoding=\"async\" loading=\"lazy\" class=\"wp-image-13592\" src=\"http:\/\/www.ivanabeaumond.com.br\/vestidos-noiva\/wp-content\/uploads\/2017\/07\/vestido-de-noiva-rj-blog-IvanaBeaumond-Ref.-IB-ML-2607-FT2.jpg\" alt=\"vestido-de-noiva-rj-blog-IvanaBeaumond-Ref.-IB-ML-2607-FT2\" width=\"559\" height=\"792\" srcset=\"https:\/\/www.ivanabeaumond.com.br\/vestidos-noiva\/wp-content\/uploads\/2017\/07\/vestido-de-noiva-rj-blog-IvanaBeaumond-Ref.-IB-ML-2607-FT2.jpg 706w, https:\/\/www.ivanabeaumond.com.br\/vestidos-noiva\/wp-content\/uploads\/2017\/07\/vestido-de-noiva-rj-blog-IvanaBeaumond-Ref.-IB-ML-2607-FT2-212x300.jpg 212w\" sizes=\"(max-width: 559px) 100vw, 559px\" \/><\/a><p id=\"caption-attachment-13592\" class=\"wp-caption-text\">Vestido de noiva by Ivana Beaumond &#8211; BLOG<\/p><\/div>\n<h4 style=\"text-align: justify;\"><span style=\"color: #999999;\">2) Leve refor\u00e7o!<\/span><\/h4>\n<p>&nbsp;<\/p>\n<p>&nbsp;<\/p>\n<h4 style=\"text-align: justify;\"><span style=\"color: #999999;\">N\u00e3o v\u00e1 sozinha escolher seu\u00a0vestido de casamento! Normalmente as noivas levam 2 acompanhantes para ajudar na escolha. Mas aten\u00e7\u00e3o: \u00e9 importante que voc\u00ea leve pessoas que conhe\u00e7am seu estilo e estejam dispostas a te ajudar! Muitas opini\u00f5es podem te deixar confusa e insegura! Por isso, leve apenas pessoas que ir\u00e3o respeitar sua escolha e dar dicas construtivas!<\/span><\/h4>\n<div id=\"attachment_13033\" style=\"width: 910px\" class=\"wp-caption aligncenter\"><a href=\"http:\/\/www.ivanabeaumond.com.br\/vestidos-noiva\/wp-content\/uploads\/2017\/07\/Danielle-e-Gustavo-Vestidos-de-Noivas-atelier-Ivana-Beaumond-21-e1499978443181.jpg\"><img aria-describedby=\"caption-attachment-13033\" decoding=\"async\" loading=\"lazy\" class=\"size-full wp-image-13033\" src=\"http:\/\/www.ivanabeaumond.com.br\/vestidos-noiva\/wp-content\/uploads\/2017\/07\/Danielle-e-Gustavo-Vestidos-de-Noivas-atelier-Ivana-Beaumond-21-e1499978443181.jpg\" alt=\"Noiva Danielle vestindo atelier Ivana Beaumond\" width=\"900\" height=\"601\" \/><\/a><p id=\"caption-attachment-13033\" class=\"wp-caption-text\">Noiva Danielle vestindo atelier Ivana Beaumond<\/p><\/div>\n<h4 style=\"text-align: justify;\"><span style=\"color: #999999;\">3)Mantenha a mente aberta!<\/span><\/h4>\n<p>&nbsp;<\/p>\n<p>&nbsp;<\/p>\n<h4 style=\"text-align: justify;\"><span style=\"color: #999999;\">Decote nas costas, calda de sereia, bordado de p\u00e9rolas, tecido de renda\u2026 \u00c9 bem legal que voc\u00ea estabele\u00e7a algumas prefer\u00eancias, mas n\u00e3o tente encontrar todas no mesmo\u00a0vestido de noiva!\u00a0Al\u00e9m de imposs\u00edvel, provavelmente o vestido ficar\u00e1\u00a0<em>over.\u00a0<\/em>Por isso, mantenha a mente aberta, prove diversas op\u00e7\u00f5es \u2014 \u00a0alguns vestidos n\u00e3o s\u00e3o muito bonitos pendurados, mas ficam lindos no corpo!<\/span><\/h4>\n<div id=\"attachment_13593\" style=\"width: 569px\" class=\"wp-caption aligncenter\"><a href=\"http:\/\/www.ivanabeaumond.com.br\/vestidos-noiva\/wp-content\/uploads\/2017\/07\/vestido-de-noiva-rj-blog-IvanaBeaumond-Ref.-IB-SG-91.jpg\"><img aria-describedby=\"caption-attachment-13593\" decoding=\"async\" loading=\"lazy\" class=\"wp-image-13593\" src=\"http:\/\/www.ivanabeaumond.com.br\/vestidos-noiva\/wp-content\/uploads\/2017\/07\/vestido-de-noiva-rj-blog-IvanaBeaumond-Ref.-IB-SG-91.jpg\" alt=\"vestido-de-noiva-rj-blog-IvanaBeaumond-Ref.-IB-SG-91\" width=\"559\" height=\"745\" srcset=\"https:\/\/www.ivanabeaumond.com.br\/vestidos-noiva\/wp-content\/uploads\/2017\/07\/vestido-de-noiva-rj-blog-IvanaBeaumond-Ref.-IB-SG-91.jpg 750w, https:\/\/www.ivanabeaumond.com.br\/vestidos-noiva\/wp-content\/uploads\/2017\/07\/vestido-de-noiva-rj-blog-IvanaBeaumond-Ref.-IB-SG-91-225x300.jpg 225w\" sizes=\"(max-width: 559px) 100vw, 559px\" \/><\/a><p id=\"caption-attachment-13593\" class=\"wp-caption-text\">Vestido de noiva by Ivana Beaumond &#8211; BLOG<\/p><\/div>\n<div id=\"attachment_13595\" style=\"width: 569px\" class=\"wp-caption aligncenter\"><a href=\"http:\/\/www.ivanabeaumond.com.br\/vestidos-noiva\/wp-content\/uploads\/2017\/07\/vestido-de-noiva-rj-blog-IvanaBeaumond-Ref.-IB-VNZ-451.jpg\"><img aria-describedby=\"caption-attachment-13595\" decoding=\"async\" loading=\"lazy\" class=\"wp-image-13595\" src=\"http:\/\/www.ivanabeaumond.com.br\/vestidos-noiva\/wp-content\/uploads\/2017\/07\/vestido-de-noiva-rj-blog-IvanaBeaumond-Ref.-IB-VNZ-451.jpg\" alt=\"vestido-de-noiva-rj-blog-IvanaBeaumond-Ref.-IB-VNZ-451\" width=\"559\" height=\"745\" srcset=\"https:\/\/www.ivanabeaumond.com.br\/vestidos-noiva\/wp-content\/uploads\/2017\/07\/vestido-de-noiva-rj-blog-IvanaBeaumond-Ref.-IB-VNZ-451.jpg 750w, https:\/\/www.ivanabeaumond.com.br\/vestidos-noiva\/wp-content\/uploads\/2017\/07\/vestido-de-noiva-rj-blog-IvanaBeaumond-Ref.-IB-VNZ-451-225x300.jpg 225w\" sizes=\"(max-width: 559px) 100vw, 559px\" \/><\/a><p id=\"caption-attachment-13595\" class=\"wp-caption-text\">Vestido de noiva by Ivana Beaumond &#8211; BLOG<\/p><\/div>\n<h4><span style=\"color: #999999;\">Seguindo essas tr\u00eas dicas r\u00e1pidas e b\u00e1sicas temos certeza de que far\u00e1 uma bela escolha em nosso Ateli\u00ea Ivana Beaumond.<\/span><\/h4>\n","protected":false},"excerpt":{"rendered":"<p>A escolha do vestido de noiva \u00e9, sem d\u00favidas, um&#8230;<\/p>\n","protected":false},"author":4,"featured_media":13033,"comment_status":"open","ping_status":"open","sticky":false,"template":"","format":"standard","meta":[],"categories":[127],"tags":[96,101,99,100,98,97],"yoast_head":"<!-- This site is optimized with the Yoast SEO plugin v20.3 - https:\/\/yoast.com\/wordpress\/plugins\/seo\/ -->\n<title>Como escolher seu vestido ideal? Temos 3 dicas essenciais para voc\u00ea... - Vestido de Noiva RJ<\/title>\n<meta name=\"robots\" content=\"index, follow, max-snippet:-1, max-image-preview:large, max-video-preview:-1\" \/>\n<link rel=\"canonical\" href=\"https:\/\/www.ivanabeaumond.com.br\/vestidos-noiva\/como-escolher-seu-vestido-ideal-temos-3-dicas-essenciais-para-voce\/\" \/>\n<meta property=\"og:locale\" content=\"pt_BR\" \/>\n<meta property=\"og:type\" content=\"article\" \/>\n<meta property=\"og:title\" content=\"Como escolher seu vestido ideal? Temos 3 dicas essenciais para voc\u00ea... - Vestido de Noiva RJ\" \/>\n<meta property=\"og:description\" content=\"A escolha do vestido de noiva \u00e9, sem d\u00favidas, um...\" \/>\n<meta property=\"og:url\" content=\"https:\/\/www.ivanabeaumond.com.br\/vestidos-noiva\/como-escolher-seu-vestido-ideal-temos-3-dicas-essenciais-para-voce\/\" \/>\n<meta property=\"og:site_name\" content=\"Vestido de Noiva RJ\" \/>\n<meta property=\"article:publisher\" content=\"https:\/\/www.facebook.com\/ivana.beaumondnoivas\" \/>\n<meta property=\"article:published_time\" content=\"2017-07-26T16:18:47+00:00\" \/>\n<meta property=\"article:modified_time\" content=\"2017-10-23T17:39:23+00:00\" \/>\n<meta property=\"og:image\" content=\"https:\/\/www.ivanabeaumond.com.br\/vestidos-noiva\/wp-content\/uploads\/2017\/07\/Danielle-e-Gustavo-Vestidos-de-Noivas-atelier-Ivana-Beaumond-21-e1499978443181.jpg\" \/>\n\t<meta property=\"og:image:width\" content=\"900\" \/>\n\t<meta property=\"og:image:height\" content=\"601\" \/>\n\t<meta property=\"og:image:type\" content=\"image\/jpeg\" \/>\n<meta name=\"author\" content=\"Ivana Beaumond Paris\" \/>\n<meta name=\"twitter:card\" content=\"summary_large_image\" \/>\n<meta name=\"twitter:label1\" content=\"Escrito por\" \/>\n\t<meta name=\"twitter:data1\" content=\"Ivana Beaumond Paris\" \/>\n\t<meta name=\"twitter:label2\" content=\"Est. tempo de leitura\" \/>\n\t<meta name=\"twitter:data2\" content=\"2 minutos\" \/>\n<script type=\"application\/ld+json\" class=\"yoast-schema-graph\">{\"@context\":\"https:\/\/schema.org\",\"@graph\":[{\"@type\":\"Article\",\"@id\":\"https:\/\/www.ivanabeaumond.com.br\/vestidos-noiva\/como-escolher-seu-vestido-ideal-temos-3-dicas-essenciais-para-voce\/#article\",\"isPartOf\":{\"@id\":\"https:\/\/www.ivanabeaumond.com.br\/vestidos-noiva\/como-escolher-seu-vestido-ideal-temos-3-dicas-essenciais-para-voce\/\"},\"author\":{\"name\":\"Ivana Beaumond Paris\",\"@id\":\"https:\/\/www.ivanabeaumond.com.br\/vestidos-noiva\/#\/schema\/person\/1a360c4cffa3b806d29a456389dcff26\"},\"headline\":\"Como escolher seu vestido ideal? Temos 3 dicas essenciais para voc\u00ea&#8230;\",\"datePublished\":\"2017-07-26T16:18:47+00:00\",\"dateModified\":\"2017-10-23T17:39:23+00:00\",\"mainEntityOfPage\":{\"@id\":\"https:\/\/www.ivanabeaumond.com.br\/vestidos-noiva\/como-escolher-seu-vestido-ideal-temos-3-dicas-essenciais-para-voce\/\"},\"wordCount\":418,\"commentCount\":0,\"publisher\":{\"@id\":\"https:\/\/www.ivanabeaumond.com.br\/vestidos-noiva\/#organization\"},\"keywords\":[\"casamento\",\"comemora\u00e7\u00e3o.\",\"felicidade\",\"festa\",\"noiva\",\"vestido de casamento\"],\"articleSection\":[\"Dicas e Truques\"],\"inLanguage\":\"pt-BR\",\"potentialAction\":[{\"@type\":\"CommentAction\",\"name\":\"Comment\",\"target\":[\"https:\/\/www.ivanabeaumond.com.br\/vestidos-noiva\/como-escolher-seu-vestido-ideal-temos-3-dicas-essenciais-para-voce\/#respond\"]}]},{\"@type\":\"WebPage\",\"@id\":\"https:\/\/www.ivanabeaumond.com.br\/vestidos-noiva\/como-escolher-seu-vestido-ideal-temos-3-dicas-essenciais-para-voce\/\",\"url\":\"https:\/\/www.ivanabeaumond.com.br\/vestidos-noiva\/como-escolher-seu-vestido-ideal-temos-3-dicas-essenciais-para-voce\/\",\"name\":\"Como escolher seu vestido ideal? Temos 3 dicas essenciais para voc\u00ea... - Vestido de Noiva RJ\",\"isPartOf\":{\"@id\":\"https:\/\/www.ivanabeaumond.com.br\/vestidos-noiva\/#website\"},\"datePublished\":\"2017-07-26T16:18:47+00:00\",\"dateModified\":\"2017-10-23T17:39:23+00:00\",\"breadcrumb\":{\"@id\":\"https:\/\/www.ivanabeaumond.com.br\/vestidos-noiva\/como-escolher-seu-vestido-ideal-temos-3-dicas-essenciais-para-voce\/#breadcrumb\"},\"inLanguage\":\"pt-BR\",\"potentialAction\":[{\"@type\":\"ReadAction\",\"target\":[\"https:\/\/www.ivanabeaumond.com.br\/vestidos-noiva\/como-escolher-seu-vestido-ideal-temos-3-dicas-essenciais-para-voce\/\"]}]},{\"@type\":\"BreadcrumbList\",\"@id\":\"https:\/\/www.ivanabeaumond.com.br\/vestidos-noiva\/como-escolher-seu-vestido-ideal-temos-3-dicas-essenciais-para-voce\/#breadcrumb\",\"itemListElement\":[{\"@type\":\"ListItem\",\"position\":1,\"name\":\"In\u00edcio\",\"item\":\"https:\/\/www.ivanabeaumond.com.br\/vestidos-noiva\/\"},{\"@type\":\"ListItem\",\"position\":2,\"name\":\"Como escolher seu vestido ideal? Temos 3 dicas essenciais para voc\u00ea&#8230;\"}]},{\"@type\":\"WebSite\",\"@id\":\"https:\/\/www.ivanabeaumond.com.br\/vestidos-noiva\/#website\",\"url\":\"https:\/\/www.ivanabeaumond.com.br\/vestidos-noiva\/\",\"name\":\"Vestido de Noiva RJ\",\"description\":\"Moda Noiva\",\"publisher\":{\"@id\":\"https:\/\/www.ivanabeaumond.com.br\/vestidos-noiva\/#organization\"},\"potentialAction\":[{\"@type\":\"SearchAction\",\"target\":{\"@type\":\"EntryPoint\",\"urlTemplate\":\"https:\/\/www.ivanabeaumond.com.br\/vestidos-noiva\/?s={search_term_string}\"},\"query-input\":\"required name=search_term_string\"}],\"inLanguage\":\"pt-BR\"},{\"@type\":\"Organization\",\"@id\":\"https:\/\/www.ivanabeaumond.com.br\/vestidos-noiva\/#organization\",\"name\":\"Vestido de Noiva RJ\",\"url\":\"https:\/\/www.ivanabeaumond.com.br\/vestidos-noiva\/\",\"logo\":{\"@type\":\"ImageObject\",\"inLanguage\":\"pt-BR\",\"@id\":\"https:\/\/www.ivanabeaumond.com.br\/vestidos-noiva\/#\/schema\/logo\/image\/\",\"url\":\"https:\/\/www.ivanabeaumond.com.br\/vestidos-noiva\/wp-content\/uploads\/2018\/02\/logo_ivana_beaumond-2.png\",\"contentUrl\":\"https:\/\/www.ivanabeaumond.com.br\/vestidos-noiva\/wp-content\/uploads\/2018\/02\/logo_ivana_beaumond-2.png\",\"width\":230,\"height\":112,\"caption\":\"Vestido de Noiva RJ\"},\"image\":{\"@id\":\"https:\/\/www.ivanabeaumond.com.br\/vestidos-noiva\/#\/schema\/logo\/image\/\"},\"sameAs\":[\"https:\/\/www.facebook.com\/ivana.beaumondnoivas\",\"https:\/\/www.instagram.com\/ivanabeaumond\/\",\"https:\/\/www.tiktok.com\/@ivanabeaumond\"]},{\"@type\":\"Person\",\"@id\":\"https:\/\/www.ivanabeaumond.com.br\/vestidos-noiva\/#\/schema\/person\/1a360c4cffa3b806d29a456389dcff26\",\"name\":\"Ivana Beaumond Paris\",\"image\":{\"@type\":\"ImageObject\",\"inLanguage\":\"pt-BR\",\"@id\":\"https:\/\/www.ivanabeaumond.com.br\/vestidos-noiva\/#\/schema\/person\/image\/\",\"url\":\"https:\/\/secure.gravatar.com\/avatar\/641f98db20b53ec937ceb641db4270b9?s=96&d=mm&r=g\",\"contentUrl\":\"https:\/\/secure.gravatar.com\/avatar\/641f98db20b53ec937ceb641db4270b9?s=96&d=mm&r=g\",\"caption\":\"Ivana Beaumond Paris\"},\"url\":\"https:\/\/www.ivanabeaumond.com.br\/vestidos-noiva\/author\/ivana\/\"}]}<\/script>\n<!-- \/ Yoast SEO plugin. -->","yoast_head_json":{"title":"Como escolher seu vestido ideal? Temos 3 dicas essenciais para voc\u00ea... - Vestido de Noiva RJ","robots":{"index":"index","follow":"follow","max-snippet":"max-snippet:-1","max-image-preview":"max-image-preview:large","max-video-preview":"max-video-preview:-1"},"canonical":"https:\/\/www.ivanabeaumond.com.br\/vestidos-noiva\/como-escolher-seu-vestido-ideal-temos-3-dicas-essenciais-para-voce\/","og_locale":"pt_BR","og_type":"article","og_title":"Como escolher seu vestido ideal? Temos 3 dicas essenciais para voc\u00ea... - Vestido de Noiva RJ","og_description":"A escolha do vestido de noiva \u00e9, sem d\u00favidas, um...","og_url":"https:\/\/www.ivanabeaumond.com.br\/vestidos-noiva\/como-escolher-seu-vestido-ideal-temos-3-dicas-essenciais-para-voce\/","og_site_name":"Vestido de Noiva RJ","article_publisher":"https:\/\/www.facebook.com\/ivana.beaumondnoivas","article_published_time":"2017-07-26T16:18:47+00:00","article_modified_time":"2017-10-23T17:39:23+00:00","og_image":[{"width":900,"height":601,"url":"https:\/\/www.ivanabeaumond.com.br\/vestidos-noiva\/wp-content\/uploads\/2017\/07\/Danielle-e-Gustavo-Vestidos-de-Noivas-atelier-Ivana-Beaumond-21-e1499978443181.jpg","type":"image\/jpeg"}],"author":"Ivana Beaumond Paris","twitter_card":"summary_large_image","twitter_misc":{"Escrito por":"Ivana Beaumond Paris","Est. tempo de leitura":"2 minutos"},"schema":{"@context":"https:\/\/schema.org","@graph":[{"@type":"Article","@id":"https:\/\/www.ivanabeaumond.com.br\/vestidos-noiva\/como-escolher-seu-vestido-ideal-temos-3-dicas-essenciais-para-voce\/#article","isPartOf":{"@id":"https:\/\/www.ivanabeaumond.com.br\/vestidos-noiva\/como-escolher-seu-vestido-ideal-temos-3-dicas-essenciais-para-voce\/"},"author":{"name":"Ivana Beaumond Paris","@id":"https:\/\/www.ivanabeaumond.com.br\/vestidos-noiva\/#\/schema\/person\/1a360c4cffa3b806d29a456389dcff26"},"headline":"Como escolher seu vestido ideal? Temos 3 dicas essenciais para voc\u00ea&#8230;","datePublished":"2017-07-26T16:18:47+00:00","dateModified":"2017-10-23T17:39:23+00:00","mainEntityOfPage":{"@id":"https:\/\/www.ivanabeaumond.com.br\/vestidos-noiva\/como-escolher-seu-vestido-ideal-temos-3-dicas-essenciais-para-voce\/"},"wordCount":418,"commentCount":0,"publisher":{"@id":"https:\/\/www.ivanabeaumond.com.br\/vestidos-noiva\/#organization"},"keywords":["casamento","comemora\u00e7\u00e3o.","felicidade","festa","noiva","vestido de casamento"],"articleSection":["Dicas e Truques"],"inLanguage":"pt-BR","potentialAction":[{"@type":"CommentAction","name":"Comment","target":["https:\/\/www.ivanabeaumond.com.br\/vestidos-noiva\/como-escolher-seu-vestido-ideal-temos-3-dicas-essenciais-para-voce\/#respond"]}]},{"@type":"WebPage","@id":"https:\/\/www.ivanabeaumond.com.br\/vestidos-noiva\/como-escolher-seu-vestido-ideal-temos-3-dicas-essenciais-para-voce\/","url":"https:\/\/www.ivanabeaumond.com.br\/vestidos-noiva\/como-escolher-seu-vestido-ideal-temos-3-dicas-essenciais-para-voce\/","name":"Como escolher seu vestido ideal? Temos 3 dicas essenciais para voc\u00ea... - Vestido de Noiva RJ","isPartOf":{"@id":"https:\/\/www.ivanabeaumond.com.br\/vestidos-noiva\/#website"},"datePublished":"2017-07-26T16:18:47+00:00","dateModified":"2017-10-23T17:39:23+00:00","breadcrumb":{"@id":"https:\/\/www.ivanabeaumond.com.br\/vestidos-noiva\/como-escolher-seu-vestido-ideal-temos-3-dicas-essenciais-para-voce\/#breadcrumb"},"inLanguage":"pt-BR","potentialAction":[{"@type":"ReadAction","target":["https:\/\/www.ivanabeaumond.com.br\/vestidos-noiva\/como-escolher-seu-vestido-ideal-temos-3-dicas-essenciais-para-voce\/"]}]},{"@type":"BreadcrumbList","@id":"https:\/\/www.ivanabeaumond.com.br\/vestidos-noiva\/como-escolher-seu-vestido-ideal-temos-3-dicas-essenciais-para-voce\/#breadcrumb","itemListElement":[{"@type":"ListItem","position":1,"name":"In\u00edcio","item":"https:\/\/www.ivanabeaumond.com.br\/vestidos-noiva\/"},{"@type":"ListItem","position":2,"name":"Como escolher seu vestido ideal? Temos 3 dicas essenciais para voc\u00ea&#8230;"}]},{"@type":"WebSite","@id":"https:\/\/www.ivanabeaumond.com.br\/vestidos-noiva\/#website","url":"https:\/\/www.ivanabeaumond.com.br\/vestidos-noiva\/","name":"Vestido de Noiva RJ","description":"Moda Noiva","publisher":{"@id":"https:\/\/www.ivanabeaumond.com.br\/vestidos-noiva\/#organization"},"potentialAction":[{"@type":"SearchAction","target":{"@type":"EntryPoint","urlTemplate":"https:\/\/www.ivanabeaumond.com.br\/vestidos-noiva\/?s={search_term_string}"},"query-input":"required name=search_term_string"}],"inLanguage":"pt-BR"},{"@type":"Organization","@id":"https:\/\/www.ivanabeaumond.com.br\/vestidos-noiva\/#organization","name":"Vestido de Noiva RJ","url":"https:\/\/www.ivanabeaumond.com.br\/vestidos-noiva\/","logo":{"@type":"ImageObject","inLanguage":"pt-BR","@id":"https:\/\/www.ivanabeaumond.com.br\/vestidos-noiva\/#\/schema\/logo\/image\/","url":"https:\/\/www.ivanabeaumond.com.br\/vestidos-noiva\/wp-content\/uploads\/2018\/02\/logo_ivana_beaumond-2.png","contentUrl":"https:\/\/www.ivanabeaumond.com.br\/vestidos-noiva\/wp-content\/uploads\/2018\/02\/logo_ivana_beaumond-2.png","width":230,"height":112,"caption":"Vestido de Noiva RJ"},"image":{"@id":"https:\/\/www.ivanabeaumond.com.br\/vestidos-noiva\/#\/schema\/logo\/image\/"},"sameAs":["https:\/\/www.facebook.com\/ivana.beaumondnoivas","https:\/\/www.instagram.com\/ivanabeaumond\/","https:\/\/www.tiktok.com\/@ivanabeaumond"]},{"@type":"Person","@id":"https:\/\/www.ivanabeaumond.com.br\/vestidos-noiva\/#\/schema\/person\/1a360c4cffa3b806d29a456389dcff26","name":"Ivana Beaumond Paris","image":{"@type":"ImageObject","inLanguage":"pt-BR","@id":"https:\/\/www.ivanabeaumond.com.br\/vestidos-noiva\/#\/schema\/person\/image\/","url":"https:\/\/secure.gravatar.com\/avatar\/641f98db20b53ec937ceb641db4270b9?s=96&d=mm&r=g","contentUrl":"https:\/\/secure.gravatar.com\/avatar\/641f98db20b53ec937ceb641db4270b9?s=96&d=mm&r=g","caption":"Ivana Beaumond Paris"},"url":"https:\/\/www.ivanabeaumond.com.br\/vestidos-noiva\/author\/ivana\/"}]}},"_links":{"self":[{"href":"https:\/\/www.ivanabeaumond.com.br\/vestidos-noiva\/wp-json\/wp\/v2\/posts\/13124"}],"collection":[{"href":"https:\/\/www.ivanabeaumond.com.br\/vestidos-noiva\/wp-json\/wp\/v2\/posts"}],"about":[{"href":"https:\/\/www.ivanabeaumond.com.br\/vestidos-noiva\/wp-json\/wp\/v2\/types\/post"}],"author":[{"embeddable":true,"href":"https:\/\/www.ivanabeaumond.com.br\/vestidos-noiva\/wp-json\/wp\/v2\/users\/4"}],"replies":[{"embeddable":true,"href":"https:\/\/www.ivanabeaumond.com.br\/vestidos-noiva\/wp-json\/wp\/v2\/comments?post=13124"}],"version-history":[{"count":14,"href":"https:\/\/www.ivanabeaumond.com.br\/vestidos-noiva\/wp-json\/wp\/v2\/posts\/13124\/revisions"}],"predecessor-version":[{"id":13918,"href":"https:\/\/www.ivanabeaumond.com.br\/vestidos-noiva\/wp-json\/wp\/v2\/posts\/13124\/revisions\/13918"}],"wp:featuredmedia":[{"embeddable":true,"href":"https:\/\/www.ivanabeaumond.com.br\/vestidos-noiva\/wp-json\/wp\/v2\/media\/13033"}],"wp:attachment":[{"href":"https:\/\/www.ivanabeaumond.com.br\/vestidos-noiva\/wp-json\/wp\/v2\/media?parent=13124"}],"wp:term":[{"taxonomy":"category","embeddable":true,"href":"https:\/\/www.ivanabeaumond.com.br\/vestidos-noiva\/wp-json\/wp\/v2\/categories?post=13124"},{"taxonomy":"post_tag","embeddable":true,"href":"https:\/\/www.ivanabeaumond.com.br\/vestidos-noiva\/wp-json\/wp\/v2\/tags?post=13124"}],"curies":[{"name":"wp","href":"https:\/\/api.w.org\/{rel}","templated":true}]}}