{"id":13153,"date":"2017-07-29T18:17:39","date_gmt":"2017-07-29T21:17:39","guid":{"rendered":"http:\/\/www.ivanabeaumond.com.br\/vestidos-noiva\/?p=13153"},"modified":"2017-10-23T15:38:51","modified_gmt":"2017-10-23T17:38:51","slug":"saiba-tudo-sobre-sua-madrinha","status":"publish","type":"post","link":"https:\/\/www.ivanabeaumond.com.br\/vestidos-noiva\/saiba-tudo-sobre-sua-madrinha\/","title":{"rendered":"Saiba tudo sobre sua Madrinha.."},"content":{"rendered":"<h4 style=\"text-align: justify;\"><span style=\"color: #999999;\">Tanto para a noiva como para as amigas, escolher a cor do vestido de madrinha nem sempre \u00e9 uma tarefa f\u00e1cil. Algumas preferem que todas vistam pe\u00e7as da mesma cor, outras optam por deixar \u00e0 vontade e cada uma escolher o de sua prefer\u00eancia. De qualquer forma, a harmonia das cores com a festa e a escolha de um modelo que valorize o corpo s\u00e3o\u00a0pontos-chave da escolha.\u00a0Como existem v\u00e1rios estilos de casamento, ficar antenada a data, o local e o hor\u00e1rio da cerim\u00f4nia \u00e9\u00a0um dos grandes pontos para a escolha da cor do vestido. Ao lado dos noivos estar\u00e3o grandes amigas, que precisam estar cientes de todos esses detalhes para a ocasi\u00e3o ficar perfeita. Mas lembre-se: se a noiva n\u00e3o escolher o\u00a0branco, n\u00e3o use!!! A regra n\u00famero 1 para qualquer casamento \u00e9 que nenhuma convidada ou madrinha deve usar\u00a0a cor branca<br \/>\n<\/span><\/h4>\n<h4><em><strong>Cores leves e casamentos diurnos<\/strong><\/em><\/h4>\n<h4 style=\"text-align: justify;\"><span style=\"color: #999999;\">Casamentos durante o dia pedem tecidos mais leves e alegres. Os modelos longos com cores claras e discretas est\u00e3o muito em alta e podem ser \u00f3timas op\u00e7\u00f5es, o entardecer\u00a0tamb\u00e9m permite tons como coral, lil\u00e1s ou rosa claro. Mas \u00e9 importante dosar nos elementos escolhidos para n\u00e3o parecer parte da decora\u00e7\u00e3o e ficar deselegante.<\/span><\/h4>\n<p><a href=\"http:\/\/www.ivanabeaumond.com.br\/vestidos-noiva\/wp-content\/uploads\/2017\/07\/vestido-de-festa-casamento-blog-IvanaBeaumond-IB_8U209_1-1.jpg\"><img decoding=\"async\" loading=\"lazy\" class=\"aligncenter  wp-image-13609\" src=\"http:\/\/www.ivanabeaumond.com.br\/vestidos-noiva\/wp-content\/uploads\/2017\/07\/vestido-de-festa-casamento-blog-IvanaBeaumond-IB_8U209_1-1.jpg\" alt=\"vestido-de-festa-casamento-blog-IvanaBeaumond-IB_8U209_1-1\" width=\"613\" height=\"767\" srcset=\"https:\/\/www.ivanabeaumond.com.br\/vestidos-noiva\/wp-content\/uploads\/2017\/07\/vestido-de-festa-casamento-blog-IvanaBeaumond-IB_8U209_1-1.jpg 1536w, https:\/\/www.ivanabeaumond.com.br\/vestidos-noiva\/wp-content\/uploads\/2017\/07\/vestido-de-festa-casamento-blog-IvanaBeaumond-IB_8U209_1-1-240x300.jpg 240w, https:\/\/www.ivanabeaumond.com.br\/vestidos-noiva\/wp-content\/uploads\/2017\/07\/vestido-de-festa-casamento-blog-IvanaBeaumond-IB_8U209_1-1-819x1024.jpg 819w\" sizes=\"(max-width: 613px) 100vw, 613px\" \/><\/a><\/p>\n<h4><strong>Cores fortes e casamentos noturnos<\/strong><\/h4>\n<h4 style=\"text-align: justify;\"><span style=\"color: #999999;\">Casamentos \u00e0 noite permitem usar e abusar do brilho. No entanto, cores mais fortes ou fechadas tamb\u00e9m podem trazer um ar de sofistica\u00e7\u00e3o e serem aliadas a decotes nas costas, por exemplo. Al\u00e9m de confort\u00e1veis, eles d\u00e3o toda a gra\u00e7a e mant\u00e9m o visual valorizado sem vulgaridade. O azul, nuances do vinho e o cinza s\u00e3o cores muito usadas\u00a0e adequadas. Quanto mais escuro, mais leveza o vestido deve ter e, quanto mais claro, mais rendas, pequenas fendas e tecidos em transpar\u00eancia s\u00e3o permitidos.<\/span><\/h4>\n<p><a href=\"http:\/\/www.ivanabeaumond.com.br\/vestidos-noiva\/wp-content\/uploads\/2017\/07\/vestido-de-festa-casamento-blog-IvanaBeaumond-IB_8U206_1-2.jpg\"><img decoding=\"async\" loading=\"lazy\" class=\"aligncenter wp-image-13608\" src=\"http:\/\/www.ivanabeaumond.com.br\/vestidos-noiva\/wp-content\/uploads\/2017\/07\/vestido-de-festa-casamento-blog-IvanaBeaumond-IB_8U206_1-2.jpg\" alt=\"vestido-de-festa-casamento-blog-IvanaBeaumond-IB_8U206_1-2\" width=\"613\" height=\"766\" srcset=\"https:\/\/www.ivanabeaumond.com.br\/vestidos-noiva\/wp-content\/uploads\/2017\/07\/vestido-de-festa-casamento-blog-IvanaBeaumond-IB_8U206_1-2.jpg 1536w, https:\/\/www.ivanabeaumond.com.br\/vestidos-noiva\/wp-content\/uploads\/2017\/07\/vestido-de-festa-casamento-blog-IvanaBeaumond-IB_8U206_1-2-240x300.jpg 240w, https:\/\/www.ivanabeaumond.com.br\/vestidos-noiva\/wp-content\/uploads\/2017\/07\/vestido-de-festa-casamento-blog-IvanaBeaumond-IB_8U206_1-2-819x1024.jpg 819w\" sizes=\"(max-width: 613px) 100vw, 613px\" \/><\/a><\/p>\n<h4><strong>Vestido remov\u00edvel e casamentos na praia<\/strong><\/h4>\n<h4 style=\"text-align: justify;\"><span style=\"color: #999999;\">Para esta ocasi\u00e3o, o modelo do vestido pode ser sem brilho e com cores mais claras, como nos casamentos diurnos. Tanto na praia como no campo, o longo n\u00e3o precisa ser prioridade, afinal os modelos\u00a0muito compridos podem acabar enroscando pelo caminho. Modelos com parte remov\u00edvel e esvoa\u00e7ante deixam o look super delicado sem perder\u00a0o charme e a simplicidade. Voc\u00ea pode usar\u00a0um para a cerim\u00f4nia e adapt\u00e1-lo para a festa depois das fotos com os noivos.<\/span><\/h4>\n<h4><a href=\"http:\/\/www.ivanabeaumond.com.br\/vestidos-noiva\/wp-content\/uploads\/2017\/07\/vestido-de-festa-casamento-blog-IvanaBeaumond-IB_8U185_1.jpg\"><img decoding=\"async\" loading=\"lazy\" class=\"aligncenter wp-image-13605\" src=\"http:\/\/www.ivanabeaumond.com.br\/vestidos-noiva\/wp-content\/uploads\/2017\/07\/vestido-de-festa-casamento-blog-IvanaBeaumond-IB_8U185_1.jpg\" alt=\"vestido-de-festa-casamento-blog-IvanaBeaumond-IB_8U185_1\" width=\"613\" height=\"766\" srcset=\"https:\/\/www.ivanabeaumond.com.br\/vestidos-noiva\/wp-content\/uploads\/2017\/07\/vestido-de-festa-casamento-blog-IvanaBeaumond-IB_8U185_1.jpg 1536w, https:\/\/www.ivanabeaumond.com.br\/vestidos-noiva\/wp-content\/uploads\/2017\/07\/vestido-de-festa-casamento-blog-IvanaBeaumond-IB_8U185_1-240x300.jpg 240w, https:\/\/www.ivanabeaumond.com.br\/vestidos-noiva\/wp-content\/uploads\/2017\/07\/vestido-de-festa-casamento-blog-IvanaBeaumond-IB_8U185_1-819x1024.jpg 819w\" sizes=\"(max-width: 613px) 100vw, 613px\" \/><\/a><strong>Vestido preto e\/ou tons escuros<\/strong><\/h4>\n<h4 style=\"text-align: justify;\"><span style=\"color: #999999;\">Um pretinho b\u00e1sico sempre faz sucesso. A cor preta representa sobriedade e \u00e9 muito indicada quando n\u00e3o se sabe o que vestir, por exemplo. Se todas as outras madrinhas j\u00e1 escolheram uma cor que voc\u00ea gostava, pode usar e abusar dele e com a certeza que n\u00e3o vai errar.\u00a0Se voc\u00ea quer usar um modelo menor mas este estilo n\u00e3o foi escolhido para cerim\u00f4nia, aposte em um modelo remov\u00edvel como no caso acima e balance a produ\u00e7\u00e3o.<\/span><\/h4>\n<p><a href=\"http:\/\/www.ivanabeaumond.com.br\/vestidos-noiva\/wp-content\/uploads\/2017\/07\/vestido-de-festa-casamento-blog-IvanaBeaumond-IB_8U206_1.jpg\"><img decoding=\"async\" loading=\"lazy\" class=\"aligncenter wp-image-13607\" src=\"http:\/\/www.ivanabeaumond.com.br\/vestidos-noiva\/wp-content\/uploads\/2017\/07\/vestido-de-festa-casamento-blog-IvanaBeaumond-IB_8U206_1.jpg\" alt=\"vestido-de-festa-casamento-blog-IvanaBeaumond-IB_8U206_1\" width=\"613\" height=\"766\" srcset=\"https:\/\/www.ivanabeaumond.com.br\/vestidos-noiva\/wp-content\/uploads\/2017\/07\/vestido-de-festa-casamento-blog-IvanaBeaumond-IB_8U206_1.jpg 1536w, https:\/\/www.ivanabeaumond.com.br\/vestidos-noiva\/wp-content\/uploads\/2017\/07\/vestido-de-festa-casamento-blog-IvanaBeaumond-IB_8U206_1-240x300.jpg 240w, https:\/\/www.ivanabeaumond.com.br\/vestidos-noiva\/wp-content\/uploads\/2017\/07\/vestido-de-festa-casamento-blog-IvanaBeaumond-IB_8U206_1-819x1024.jpg 819w\" sizes=\"(max-width: 613px) 100vw, 613px\" \/><\/a><\/p>\n<h4><strong>O rosa \u00e9 atemporal<\/strong><\/h4>\n<h4 style=\"text-align: justify;\"><span style=\"color: #999999;\">Provavelmente os tons de cor de casamento mais populares variam de rosa forte ao rosa coral mais clarinho. Rosa \u00e9 uma combina\u00e7\u00e3o de vermelho e branco, o que significa que combina a paix\u00e3o com a pureza. Rosa tem seus pr\u00f3prios significados tamb\u00e9m, como compaix\u00e3o, esperan\u00e7a e amor incondicional. Sendo assim, \u00e9 uma tonalidade bem bacana para qualquer ocasi\u00e3o!<\/span><\/h4>\n<p><a href=\"http:\/\/www.ivanabeaumond.com.br\/vestidos-noiva\/wp-content\/uploads\/2017\/07\/vestido-de-festa-casamento-blog-IvanaBeaumond-IB_8U205_1.jpg\"><img decoding=\"async\" loading=\"lazy\" class=\"aligncenter wp-image-13606\" src=\"http:\/\/www.ivanabeaumond.com.br\/vestidos-noiva\/wp-content\/uploads\/2017\/07\/vestido-de-festa-casamento-blog-IvanaBeaumond-IB_8U205_1.jpg\" alt=\"vestido-de-festa-casamento-blog-IvanaBeaumond-IB_8U205_1\" width=\"613\" height=\"766\" srcset=\"https:\/\/www.ivanabeaumond.com.br\/vestidos-noiva\/wp-content\/uploads\/2017\/07\/vestido-de-festa-casamento-blog-IvanaBeaumond-IB_8U205_1.jpg 1536w, https:\/\/www.ivanabeaumond.com.br\/vestidos-noiva\/wp-content\/uploads\/2017\/07\/vestido-de-festa-casamento-blog-IvanaBeaumond-IB_8U205_1-240x300.jpg 240w, https:\/\/www.ivanabeaumond.com.br\/vestidos-noiva\/wp-content\/uploads\/2017\/07\/vestido-de-festa-casamento-blog-IvanaBeaumond-IB_8U205_1-819x1024.jpg 819w\" sizes=\"(max-width: 613px) 100vw, 613px\" \/><\/a><\/p>\n","protected":false},"excerpt":{"rendered":"<p>Tanto para a noiva como para as amigas, escolher a&#8230;<\/p>\n","protected":false},"author":4,"featured_media":9324,"comment_status":"open","ping_status":"open","sticky":false,"template":"","format":"standard","meta":[],"categories":[127],"tags":[104,96,101,102,103,105],"yoast_head":"<!-- This site is optimized with the Yoast SEO plugin v20.3 - https:\/\/yoast.com\/wordpress\/plugins\/seo\/ -->\n<title>Saiba tudo sobre sua Madrinha.. - Vestido de Noiva RJ<\/title>\n<meta name=\"robots\" content=\"index, follow, max-snippet:-1, max-image-preview:large, max-video-preview:-1\" \/>\n<link rel=\"canonical\" href=\"https:\/\/www.ivanabeaumond.com.br\/vestidos-noiva\/saiba-tudo-sobre-sua-madrinha\/\" \/>\n<meta property=\"og:locale\" content=\"pt_BR\" \/>\n<meta property=\"og:type\" content=\"article\" \/>\n<meta property=\"og:title\" content=\"Saiba tudo sobre sua Madrinha.. - Vestido de Noiva RJ\" \/>\n<meta property=\"og:description\" content=\"Tanto para a noiva como para as amigas, escolher a...\" \/>\n<meta property=\"og:url\" content=\"https:\/\/www.ivanabeaumond.com.br\/vestidos-noiva\/saiba-tudo-sobre-sua-madrinha\/\" \/>\n<meta property=\"og:site_name\" content=\"Vestido de Noiva RJ\" \/>\n<meta property=\"article:publisher\" content=\"https:\/\/www.facebook.com\/ivana.beaumondnoivas\" \/>\n<meta property=\"article:published_time\" content=\"2017-07-29T21:17:39+00:00\" \/>\n<meta property=\"article:modified_time\" content=\"2017-10-23T17:38:51+00:00\" \/>\n<meta property=\"og:image\" content=\"https:\/\/www.ivanabeaumond.com.br\/vestidos-noiva\/wp-content\/uploads\/2016\/03\/IB_8U206_1.jpg\" \/>\n\t<meta property=\"og:image:width\" content=\"1536\" \/>\n\t<meta property=\"og:image:height\" content=\"1920\" \/>\n\t<meta property=\"og:image:type\" content=\"image\/jpeg\" \/>\n<meta name=\"author\" content=\"Ivana Beaumond Paris\" \/>\n<meta name=\"twitter:card\" content=\"summary_large_image\" \/>\n<meta name=\"twitter:label1\" content=\"Escrito por\" \/>\n\t<meta name=\"twitter:data1\" content=\"Ivana Beaumond Paris\" \/>\n\t<meta name=\"twitter:label2\" content=\"Est. tempo de leitura\" \/>\n\t<meta name=\"twitter:data2\" content=\"3 minutos\" \/>\n<script type=\"application\/ld+json\" class=\"yoast-schema-graph\">{\"@context\":\"https:\/\/schema.org\",\"@graph\":[{\"@type\":\"Article\",\"@id\":\"https:\/\/www.ivanabeaumond.com.br\/vestidos-noiva\/saiba-tudo-sobre-sua-madrinha\/#article\",\"isPartOf\":{\"@id\":\"https:\/\/www.ivanabeaumond.com.br\/vestidos-noiva\/saiba-tudo-sobre-sua-madrinha\/\"},\"author\":{\"name\":\"Ivana Beaumond Paris\",\"@id\":\"https:\/\/www.ivanabeaumond.com.br\/vestidos-noiva\/#\/schema\/person\/1a360c4cffa3b806d29a456389dcff26\"},\"headline\":\"Saiba tudo sobre sua Madrinha..\",\"datePublished\":\"2017-07-29T21:17:39+00:00\",\"dateModified\":\"2017-10-23T17:38:51+00:00\",\"mainEntityOfPage\":{\"@id\":\"https:\/\/www.ivanabeaumond.com.br\/vestidos-noiva\/saiba-tudo-sobre-sua-madrinha\/\"},\"wordCount\":566,\"commentCount\":0,\"publisher\":{\"@id\":\"https:\/\/www.ivanabeaumond.com.br\/vestidos-noiva\/#organization\"},\"keywords\":[\"aluguel de roupa\",\"casamento\",\"comemora\u00e7\u00e3o.\",\"festa de casamento\",\"madrinhas\",\"modaivanabeaumond\"],\"articleSection\":[\"Dicas e Truques\"],\"inLanguage\":\"pt-BR\",\"potentialAction\":[{\"@type\":\"CommentAction\",\"name\":\"Comment\",\"target\":[\"https:\/\/www.ivanabeaumond.com.br\/vestidos-noiva\/saiba-tudo-sobre-sua-madrinha\/#respond\"]}]},{\"@type\":\"WebPage\",\"@id\":\"https:\/\/www.ivanabeaumond.com.br\/vestidos-noiva\/saiba-tudo-sobre-sua-madrinha\/\",\"url\":\"https:\/\/www.ivanabeaumond.com.br\/vestidos-noiva\/saiba-tudo-sobre-sua-madrinha\/\",\"name\":\"Saiba tudo sobre sua Madrinha.. - Vestido de Noiva RJ\",\"isPartOf\":{\"@id\":\"https:\/\/www.ivanabeaumond.com.br\/vestidos-noiva\/#website\"},\"datePublished\":\"2017-07-29T21:17:39+00:00\",\"dateModified\":\"2017-10-23T17:38:51+00:00\",\"breadcrumb\":{\"@id\":\"https:\/\/www.ivanabeaumond.com.br\/vestidos-noiva\/saiba-tudo-sobre-sua-madrinha\/#breadcrumb\"},\"inLanguage\":\"pt-BR\",\"potentialAction\":[{\"@type\":\"ReadAction\",\"target\":[\"https:\/\/www.ivanabeaumond.com.br\/vestidos-noiva\/saiba-tudo-sobre-sua-madrinha\/\"]}]},{\"@type\":\"BreadcrumbList\",\"@id\":\"https:\/\/www.ivanabeaumond.com.br\/vestidos-noiva\/saiba-tudo-sobre-sua-madrinha\/#breadcrumb\",\"itemListElement\":[{\"@type\":\"ListItem\",\"position\":1,\"name\":\"In\u00edcio\",\"item\":\"https:\/\/www.ivanabeaumond.com.br\/vestidos-noiva\/\"},{\"@type\":\"ListItem\",\"position\":2,\"name\":\"Saiba tudo sobre sua Madrinha..\"}]},{\"@type\":\"WebSite\",\"@id\":\"https:\/\/www.ivanabeaumond.com.br\/vestidos-noiva\/#website\",\"url\":\"https:\/\/www.ivanabeaumond.com.br\/vestidos-noiva\/\",\"name\":\"Vestido de Noiva RJ\",\"description\":\"Moda Noiva\",\"publisher\":{\"@id\":\"https:\/\/www.ivanabeaumond.com.br\/vestidos-noiva\/#organization\"},\"potentialAction\":[{\"@type\":\"SearchAction\",\"target\":{\"@type\":\"EntryPoint\",\"urlTemplate\":\"https:\/\/www.ivanabeaumond.com.br\/vestidos-noiva\/?s={search_term_string}\"},\"query-input\":\"required name=search_term_string\"}],\"inLanguage\":\"pt-BR\"},{\"@type\":\"Organization\",\"@id\":\"https:\/\/www.ivanabeaumond.com.br\/vestidos-noiva\/#organization\",\"name\":\"Vestido de Noiva RJ\",\"url\":\"https:\/\/www.ivanabeaumond.com.br\/vestidos-noiva\/\",\"logo\":{\"@type\":\"ImageObject\",\"inLanguage\":\"pt-BR\",\"@id\":\"https:\/\/www.ivanabeaumond.com.br\/vestidos-noiva\/#\/schema\/logo\/image\/\",\"url\":\"https:\/\/www.ivanabeaumond.com.br\/vestidos-noiva\/wp-content\/uploads\/2018\/02\/logo_ivana_beaumond-2.png\",\"contentUrl\":\"https:\/\/www.ivanabeaumond.com.br\/vestidos-noiva\/wp-content\/uploads\/2018\/02\/logo_ivana_beaumond-2.png\",\"width\":230,\"height\":112,\"caption\":\"Vestido de Noiva RJ\"},\"image\":{\"@id\":\"https:\/\/www.ivanabeaumond.com.br\/vestidos-noiva\/#\/schema\/logo\/image\/\"},\"sameAs\":[\"https:\/\/www.facebook.com\/ivana.beaumondnoivas\",\"https:\/\/www.instagram.com\/ivanabeaumond\/\",\"https:\/\/www.tiktok.com\/@ivanabeaumond\"]},{\"@type\":\"Person\",\"@id\":\"https:\/\/www.ivanabeaumond.com.br\/vestidos-noiva\/#\/schema\/person\/1a360c4cffa3b806d29a456389dcff26\",\"name\":\"Ivana Beaumond Paris\",\"image\":{\"@type\":\"ImageObject\",\"inLanguage\":\"pt-BR\",\"@id\":\"https:\/\/www.ivanabeaumond.com.br\/vestidos-noiva\/#\/schema\/person\/image\/\",\"url\":\"https:\/\/secure.gravatar.com\/avatar\/641f98db20b53ec937ceb641db4270b9?s=96&d=mm&r=g\",\"contentUrl\":\"https:\/\/secure.gravatar.com\/avatar\/641f98db20b53ec937ceb641db4270b9?s=96&d=mm&r=g\",\"caption\":\"Ivana Beaumond Paris\"},\"url\":\"https:\/\/www.ivanabeaumond.com.br\/vestidos-noiva\/author\/ivana\/\"}]}<\/script>\n<!-- \/ Yoast SEO plugin. -->","yoast_head_json":{"title":"Saiba tudo sobre sua Madrinha.. - Vestido de Noiva RJ","robots":{"index":"index","follow":"follow","max-snippet":"max-snippet:-1","max-image-preview":"max-image-preview:large","max-video-preview":"max-video-preview:-1"},"canonical":"https:\/\/www.ivanabeaumond.com.br\/vestidos-noiva\/saiba-tudo-sobre-sua-madrinha\/","og_locale":"pt_BR","og_type":"article","og_title":"Saiba tudo sobre sua Madrinha.. - Vestido de Noiva RJ","og_description":"Tanto para a noiva como para as amigas, escolher a...","og_url":"https:\/\/www.ivanabeaumond.com.br\/vestidos-noiva\/saiba-tudo-sobre-sua-madrinha\/","og_site_name":"Vestido de Noiva RJ","article_publisher":"https:\/\/www.facebook.com\/ivana.beaumondnoivas","article_published_time":"2017-07-29T21:17:39+00:00","article_modified_time":"2017-10-23T17:38:51+00:00","og_image":[{"width":1536,"height":1920,"url":"https:\/\/www.ivanabeaumond.com.br\/vestidos-noiva\/wp-content\/uploads\/2016\/03\/IB_8U206_1.jpg","type":"image\/jpeg"}],"author":"Ivana Beaumond Paris","twitter_card":"summary_large_image","twitter_misc":{"Escrito por":"Ivana Beaumond Paris","Est. tempo de leitura":"3 minutos"},"schema":{"@context":"https:\/\/schema.org","@graph":[{"@type":"Article","@id":"https:\/\/www.ivanabeaumond.com.br\/vestidos-noiva\/saiba-tudo-sobre-sua-madrinha\/#article","isPartOf":{"@id":"https:\/\/www.ivanabeaumond.com.br\/vestidos-noiva\/saiba-tudo-sobre-sua-madrinha\/"},"author":{"name":"Ivana Beaumond Paris","@id":"https:\/\/www.ivanabeaumond.com.br\/vestidos-noiva\/#\/schema\/person\/1a360c4cffa3b806d29a456389dcff26"},"headline":"Saiba tudo sobre sua Madrinha..","datePublished":"2017-07-29T21:17:39+00:00","dateModified":"2017-10-23T17:38:51+00:00","mainEntityOfPage":{"@id":"https:\/\/www.ivanabeaumond.com.br\/vestidos-noiva\/saiba-tudo-sobre-sua-madrinha\/"},"wordCount":566,"commentCount":0,"publisher":{"@id":"https:\/\/www.ivanabeaumond.com.br\/vestidos-noiva\/#organization"},"keywords":["aluguel de roupa","casamento","comemora\u00e7\u00e3o.","festa de casamento","madrinhas","modaivanabeaumond"],"articleSection":["Dicas e Truques"],"inLanguage":"pt-BR","potentialAction":[{"@type":"CommentAction","name":"Comment","target":["https:\/\/www.ivanabeaumond.com.br\/vestidos-noiva\/saiba-tudo-sobre-sua-madrinha\/#respond"]}]},{"@type":"WebPage","@id":"https:\/\/www.ivanabeaumond.com.br\/vestidos-noiva\/saiba-tudo-sobre-sua-madrinha\/","url":"https:\/\/www.ivanabeaumond.com.br\/vestidos-noiva\/saiba-tudo-sobre-sua-madrinha\/","name":"Saiba tudo sobre sua Madrinha.. - Vestido de Noiva RJ","isPartOf":{"@id":"https:\/\/www.ivanabeaumond.com.br\/vestidos-noiva\/#website"},"datePublished":"2017-07-29T21:17:39+00:00","dateModified":"2017-10-23T17:38:51+00:00","breadcrumb":{"@id":"https:\/\/www.ivanabeaumond.com.br\/vestidos-noiva\/saiba-tudo-sobre-sua-madrinha\/#breadcrumb"},"inLanguage":"pt-BR","potentialAction":[{"@type":"ReadAction","target":["https:\/\/www.ivanabeaumond.com.br\/vestidos-noiva\/saiba-tudo-sobre-sua-madrinha\/"]}]},{"@type":"BreadcrumbList","@id":"https:\/\/www.ivanabeaumond.com.br\/vestidos-noiva\/saiba-tudo-sobre-sua-madrinha\/#breadcrumb","itemListElement":[{"@type":"ListItem","position":1,"name":"In\u00edcio","item":"https:\/\/www.ivanabeaumond.com.br\/vestidos-noiva\/"},{"@type":"ListItem","position":2,"name":"Saiba tudo sobre sua Madrinha.."}]},{"@type":"WebSite","@id":"https:\/\/www.ivanabeaumond.com.br\/vestidos-noiva\/#website","url":"https:\/\/www.ivanabeaumond.com.br\/vestidos-noiva\/","name":"Vestido de Noiva RJ","description":"Moda Noiva","publisher":{"@id":"https:\/\/www.ivanabeaumond.com.br\/vestidos-noiva\/#organization"},"potentialAction":[{"@type":"SearchAction","target":{"@type":"EntryPoint","urlTemplate":"https:\/\/www.ivanabeaumond.com.br\/vestidos-noiva\/?s={search_term_string}"},"query-input":"required name=search_term_string"}],"inLanguage":"pt-BR"},{"@type":"Organization","@id":"https:\/\/www.ivanabeaumond.com.br\/vestidos-noiva\/#organization","name":"Vestido de Noiva RJ","url":"https:\/\/www.ivanabeaumond.com.br\/vestidos-noiva\/","logo":{"@type":"ImageObject","inLanguage":"pt-BR","@id":"https:\/\/www.ivanabeaumond.com.br\/vestidos-noiva\/#\/schema\/logo\/image\/","url":"https:\/\/www.ivanabeaumond.com.br\/vestidos-noiva\/wp-content\/uploads\/2018\/02\/logo_ivana_beaumond-2.png","contentUrl":"https:\/\/www.ivanabeaumond.com.br\/vestidos-noiva\/wp-content\/uploads\/2018\/02\/logo_ivana_beaumond-2.png","width":230,"height":112,"caption":"Vestido de Noiva RJ"},"image":{"@id":"https:\/\/www.ivanabeaumond.com.br\/vestidos-noiva\/#\/schema\/logo\/image\/"},"sameAs":["https:\/\/www.facebook.com\/ivana.beaumondnoivas","https:\/\/www.instagram.com\/ivanabeaumond\/","https:\/\/www.tiktok.com\/@ivanabeaumond"]},{"@type":"Person","@id":"https:\/\/www.ivanabeaumond.com.br\/vestidos-noiva\/#\/schema\/person\/1a360c4cffa3b806d29a456389dcff26","name":"Ivana Beaumond Paris","image":{"@type":"ImageObject","inLanguage":"pt-BR","@id":"https:\/\/www.ivanabeaumond.com.br\/vestidos-noiva\/#\/schema\/person\/image\/","url":"https:\/\/secure.gravatar.com\/avatar\/641f98db20b53ec937ceb641db4270b9?s=96&d=mm&r=g","contentUrl":"https:\/\/secure.gravatar.com\/avatar\/641f98db20b53ec937ceb641db4270b9?s=96&d=mm&r=g","caption":"Ivana Beaumond Paris"},"url":"https:\/\/www.ivanabeaumond.com.br\/vestidos-noiva\/author\/ivana\/"}]}},"_links":{"self":[{"href":"https:\/\/www.ivanabeaumond.com.br\/vestidos-noiva\/wp-json\/wp\/v2\/posts\/13153"}],"collection":[{"href":"https:\/\/www.ivanabeaumond.com.br\/vestidos-noiva\/wp-json\/wp\/v2\/posts"}],"about":[{"href":"https:\/\/www.ivanabeaumond.com.br\/vestidos-noiva\/wp-json\/wp\/v2\/types\/post"}],"author":[{"embeddable":true,"href":"https:\/\/www.ivanabeaumond.com.br\/vestidos-noiva\/wp-json\/wp\/v2\/users\/4"}],"replies":[{"embeddable":true,"href":"https:\/\/www.ivanabeaumond.com.br\/vestidos-noiva\/wp-json\/wp\/v2\/comments?post=13153"}],"version-history":[{"count":23,"href":"https:\/\/www.ivanabeaumond.com.br\/vestidos-noiva\/wp-json\/wp\/v2\/posts\/13153\/revisions"}],"predecessor-version":[{"id":13610,"href":"https:\/\/www.ivanabeaumond.com.br\/vestidos-noiva\/wp-json\/wp\/v2\/posts\/13153\/revisions\/13610"}],"wp:featuredmedia":[{"embeddable":true,"href":"https:\/\/www.ivanabeaumond.com.br\/vestidos-noiva\/wp-json\/wp\/v2\/media\/9324"}],"wp:attachment":[{"href":"https:\/\/www.ivanabeaumond.com.br\/vestidos-noiva\/wp-json\/wp\/v2\/media?parent=13153"}],"wp:term":[{"taxonomy":"category","embeddable":true,"href":"https:\/\/www.ivanabeaumond.com.br\/vestidos-noiva\/wp-json\/wp\/v2\/categories?post=13153"},{"taxonomy":"post_tag","embeddable":true,"href":"https:\/\/www.ivanabeaumond.com.br\/vestidos-noiva\/wp-json\/wp\/v2\/tags?post=13153"}],"curies":[{"name":"wp","href":"https:\/\/api.w.org\/{rel}","templated":true}]}}