{"id":13157,"date":"2017-09-09T16:08:53","date_gmt":"2017-09-09T19:08:53","guid":{"rendered":"http:\/\/www.ivanabeaumond.com.br\/vestidos-noiva\/?p=13157"},"modified":"2017-10-23T15:24:37","modified_gmt":"2017-10-23T17:24:37","slug":"tendencias-bridal-fashion-week-2018","status":"publish","type":"post","link":"https:\/\/www.ivanabeaumond.com.br\/vestidos-noiva\/tendencias-bridal-fashion-week-2018\/","title":{"rendered":"Tend\u00eancias Bridal Fashion Week 2018"},"content":{"rendered":"<h4><span style=\"color: #999999;\">Voc\u00ea certamente j\u00e1 ouviu falar sobre a Fashion Week, n\u00e3o \u00e9 mesmo?! Uma semana inteira com desfiles para mostrar quais ser\u00e3o as tend\u00eancias da pr\u00f3xima esta\u00e7\u00e3o ou do pr\u00f3ximo ano. Tal semana acontece em diferentes cidades e at\u00e9 mesmo com diferentes finalidades. Um dos desfiles de moda segmentados \u00e9 o\u00a0 Bridal Fashion Week, que acontece duas vezes ao ano em Nova York (EUA).<\/span><\/h4>\n<p><span style=\"color: #ffffff;\">\u00a0 &#8211;<\/span><\/p>\n<h4><span style=\"color: #999999;\">Tend\u00eancias mostradas no Bridal Fashion Week<\/span><\/h4>\n<p><span style=\"color: #ffffff;\">\u00a0&#8211;<\/span><\/p>\n<p><span style=\"color: #ffffff;\">&#8211;<\/span><\/p>\n<h4>\u00a0<span style=\"color: #999999;\"> \u2022\u00a0CORES<\/span><\/h4>\n<h4><span style=\"color: #999999;\">Se antes os brancos ditavam regras nos vestidos de noivas, agora isto mudou. Na realidade, desde 2016 os vestidos t\u00eam aparecido com outras cores, como champagne, nude e at\u00e9 mesmo o blush. Nessa temporada percebemos uma tend\u00eancia para os tons de \u201cpele\u201d, passando por toda uma paleta de nude e chegando at\u00e9 mesmo aos tons mais marronzinhos mesmo. \u00c9, o ivory ditou regra nos desfiles. Outros designers investiram em pe\u00e7as na cor azul, remetendo \u00e0 tradi\u00e7\u00e3o americana do \u201csomething blue\u201d.<\/span><\/h4>\n<h4><\/h4>\n<div id=\"attachment_13686\" style=\"width: 398px\" class=\"wp-caption aligncenter\"><a href=\"http:\/\/www.ivanabeaumond.com.br\/vestidos-noiva\/wp-content\/uploads\/2017\/09\/vestido-de-noiva-casamento-aluguel-de-roupa-blog-IvanBeaumond1.jpg\"><img aria-describedby=\"caption-attachment-13686\" decoding=\"async\" loading=\"lazy\" class=\"wp-image-13686\" src=\"http:\/\/www.ivanabeaumond.com.br\/vestidos-noiva\/wp-content\/uploads\/2017\/09\/vestido-de-noiva-casamento-aluguel-de-roupa-blog-IvanBeaumond1.jpg\" alt=\"vestido-de-noiva-casamento-aluguel-de-roupa-blog-IvanBeaumond1\" width=\"388\" height=\"582\" srcset=\"https:\/\/www.ivanabeaumond.com.br\/vestidos-noiva\/wp-content\/uploads\/2017\/09\/vestido-de-noiva-casamento-aluguel-de-roupa-blog-IvanBeaumond1.jpg 631w, https:\/\/www.ivanabeaumond.com.br\/vestidos-noiva\/wp-content\/uploads\/2017\/09\/vestido-de-noiva-casamento-aluguel-de-roupa-blog-IvanBeaumond1-200x300.jpg 200w\" sizes=\"(max-width: 388px) 100vw, 388px\" \/><\/a><p id=\"caption-attachment-13686\" class=\"wp-caption-text\">Tend\u00eancias Bridal Fashion Week 2018<\/p><\/div>\n<div id=\"attachment_13687\" style=\"width: 398px\" class=\"wp-caption aligncenter\"><a href=\"http:\/\/www.ivanabeaumond.com.br\/vestidos-noiva\/wp-content\/uploads\/2017\/09\/vestido-de-noiva-casamento-aluguel-de-roupa-blog-IvanBeaumond2.jpg\"><img aria-describedby=\"caption-attachment-13687\" decoding=\"async\" loading=\"lazy\" class=\"wp-image-13687\" src=\"http:\/\/www.ivanabeaumond.com.br\/vestidos-noiva\/wp-content\/uploads\/2017\/09\/vestido-de-noiva-casamento-aluguel-de-roupa-blog-IvanBeaumond2.jpg\" alt=\"Tend\u00eancias Bridal Fashion Week 2018\" width=\"388\" height=\"582\" srcset=\"https:\/\/www.ivanabeaumond.com.br\/vestidos-noiva\/wp-content\/uploads\/2017\/09\/vestido-de-noiva-casamento-aluguel-de-roupa-blog-IvanBeaumond2.jpg 631w, https:\/\/www.ivanabeaumond.com.br\/vestidos-noiva\/wp-content\/uploads\/2017\/09\/vestido-de-noiva-casamento-aluguel-de-roupa-blog-IvanBeaumond2-200x300.jpg 200w\" sizes=\"(max-width: 388px) 100vw, 388px\" \/><\/a><p id=\"caption-attachment-13687\" class=\"wp-caption-text\">Tend\u00eancias Bridal Fashion Week 2018<\/p><\/div>\n<h4>\u00a0<span style=\"color: #ffffff;\">&#8211;<\/span><\/h4>\n<h4><span style=\"color: #999999;\">\u2022\u00a0SAIA<\/span><\/h4>\n<h4><span style=\"color: #999999;\">As saias apareceram, em sua grande maioria, com volume e at\u00e9 mesmo camadas. Essa tend\u00eancia vem das cole\u00e7\u00f5es de 2017, mas que deu certo e se repetiu para 2018.<\/span><\/h4>\n<p>&nbsp;<\/p>\n<div id=\"attachment_13688\" style=\"width: 398px\" class=\"wp-caption aligncenter\"><a href=\"http:\/\/www.ivanabeaumond.com.br\/vestidos-noiva\/wp-content\/uploads\/2017\/09\/vestido-de-noiva-casamento-aluguel-de-roupa-blog-IvanBeaumond3.jpg\"><img aria-describedby=\"caption-attachment-13688\" decoding=\"async\" loading=\"lazy\" class=\"wp-image-13688\" src=\"http:\/\/www.ivanabeaumond.com.br\/vestidos-noiva\/wp-content\/uploads\/2017\/09\/vestido-de-noiva-casamento-aluguel-de-roupa-blog-IvanBeaumond3.jpg\" alt=\"vestido-de-noiva-casamento-aluguel-de-roupa-blog-IvanBeaumond3\" width=\"388\" height=\"582\" srcset=\"https:\/\/www.ivanabeaumond.com.br\/vestidos-noiva\/wp-content\/uploads\/2017\/09\/vestido-de-noiva-casamento-aluguel-de-roupa-blog-IvanBeaumond3.jpg 631w, https:\/\/www.ivanabeaumond.com.br\/vestidos-noiva\/wp-content\/uploads\/2017\/09\/vestido-de-noiva-casamento-aluguel-de-roupa-blog-IvanBeaumond3-200x300.jpg 200w\" sizes=\"(max-width: 388px) 100vw, 388px\" \/><\/a><p id=\"caption-attachment-13688\" class=\"wp-caption-text\">Tend\u00eancias Bridal Fashion Week 2018<\/p><\/div>\n<div id=\"attachment_13689\" style=\"width: 398px\" class=\"wp-caption aligncenter\"><a href=\"http:\/\/www.ivanabeaumond.com.br\/vestidos-noiva\/wp-content\/uploads\/2017\/09\/vestido-de-noiva-casamento-aluguel-de-roupa-blog-IvanBeaumond4.jpg\"><img aria-describedby=\"caption-attachment-13689\" decoding=\"async\" loading=\"lazy\" class=\"wp-image-13689\" src=\"http:\/\/www.ivanabeaumond.com.br\/vestidos-noiva\/wp-content\/uploads\/2017\/09\/vestido-de-noiva-casamento-aluguel-de-roupa-blog-IvanBeaumond4.jpg\" alt=\"vestido-de-noiva-casamento-aluguel-de-roupa-blog-IvanBeaumond4\" width=\"388\" height=\"582\" srcset=\"https:\/\/www.ivanabeaumond.com.br\/vestidos-noiva\/wp-content\/uploads\/2017\/09\/vestido-de-noiva-casamento-aluguel-de-roupa-blog-IvanBeaumond4.jpg 631w, https:\/\/www.ivanabeaumond.com.br\/vestidos-noiva\/wp-content\/uploads\/2017\/09\/vestido-de-noiva-casamento-aluguel-de-roupa-blog-IvanBeaumond4-200x300.jpg 200w\" sizes=\"(max-width: 388px) 100vw, 388px\" \/><\/a><p id=\"caption-attachment-13689\" class=\"wp-caption-text\">Tend\u00eancias Bridal Fashion Week 2018<\/p><\/div>\n<h4><span style=\"color: #999999;\"><span style=\"color: #ffffff;\">&#8211;<\/span><br \/>\n<\/span><\/h4>\n<h4><span style=\"color: #999999;\">\u2022\u00a0CAPAS<\/span><\/h4>\n<h4><span style=\"color: #999999;\">Outra tend\u00eancia que apareceu em 2017, mas que conquistou as noivas e designers, voltando agora para 2018, \u00e9 a capa. Praticamente todas as cole\u00e7\u00f5es apareceram com, pelo menos, um look com capa.<\/span><\/h4>\n<h4><span style=\"color: #999999;\">\u00a0<\/span><\/h4>\n<div id=\"attachment_13690\" style=\"width: 398px\" class=\"wp-caption aligncenter\"><a href=\"http:\/\/www.ivanabeaumond.com.br\/vestidos-noiva\/wp-content\/uploads\/2017\/09\/vestido-de-noiva-casamento-aluguel-de-roupa-blog-IvanBeaumond5.jpg\"><img aria-describedby=\"caption-attachment-13690\" decoding=\"async\" loading=\"lazy\" class=\"wp-image-13690\" src=\"http:\/\/www.ivanabeaumond.com.br\/vestidos-noiva\/wp-content\/uploads\/2017\/09\/vestido-de-noiva-casamento-aluguel-de-roupa-blog-IvanBeaumond5.jpg\" alt=\"vestido-de-noiva-casamento-aluguel-de-roupa-blog-IvanBeaumond5\" width=\"388\" height=\"582\" srcset=\"https:\/\/www.ivanabeaumond.com.br\/vestidos-noiva\/wp-content\/uploads\/2017\/09\/vestido-de-noiva-casamento-aluguel-de-roupa-blog-IvanBeaumond5.jpg 631w, https:\/\/www.ivanabeaumond.com.br\/vestidos-noiva\/wp-content\/uploads\/2017\/09\/vestido-de-noiva-casamento-aluguel-de-roupa-blog-IvanBeaumond5-200x300.jpg 200w\" sizes=\"(max-width: 388px) 100vw, 388px\" \/><\/a><p id=\"caption-attachment-13690\" class=\"wp-caption-text\">Tend\u00eancias Bridal Fashion Week 2018<\/p><\/div>\n<div id=\"attachment_13691\" style=\"width: 398px\" class=\"wp-caption aligncenter\"><a href=\"http:\/\/www.ivanabeaumond.com.br\/vestidos-noiva\/wp-content\/uploads\/2017\/09\/vestido-de-noiva-casamento-aluguel-de-roupa-blog-IvanBeaumond6.jpg\"><img aria-describedby=\"caption-attachment-13691\" decoding=\"async\" loading=\"lazy\" class=\"wp-image-13691\" src=\"http:\/\/www.ivanabeaumond.com.br\/vestidos-noiva\/wp-content\/uploads\/2017\/09\/vestido-de-noiva-casamento-aluguel-de-roupa-blog-IvanBeaumond6.jpg\" alt=\"vestido-de-noiva-casamento-aluguel-de-roupa-blog-IvanBeaumond6\" width=\"388\" height=\"582\" srcset=\"https:\/\/www.ivanabeaumond.com.br\/vestidos-noiva\/wp-content\/uploads\/2017\/09\/vestido-de-noiva-casamento-aluguel-de-roupa-blog-IvanBeaumond6.jpg 631w, https:\/\/www.ivanabeaumond.com.br\/vestidos-noiva\/wp-content\/uploads\/2017\/09\/vestido-de-noiva-casamento-aluguel-de-roupa-blog-IvanBeaumond6-200x300.jpg 200w\" sizes=\"(max-width: 388px) 100vw, 388px\" \/><\/a><p id=\"caption-attachment-13691\" class=\"wp-caption-text\">Tend\u00eancias Bridal Fashion Week 2018<\/p><\/div>\n<h4><span style=\"color: #ffffff;\">&#8211;<\/span><\/h4>\n<h4><span style=\"color: #999999;\">\u2022\u00a0LA\u00c7OS<\/span><\/h4>\n<h4><span style=\"color: #999999;\">Os la\u00e7os voltaram com tudo e para 2018 eles apareceram com mais tamanho e volume. Em vestidos e jumpsuits, eles deram o toque extra de modernidade e romantismo.<\/span><\/h4>\n<h4><span style=\"color: #999999;\">\u00a0<\/span><\/h4>\n<div id=\"attachment_13693\" style=\"width: 398px\" class=\"wp-caption aligncenter\"><a href=\"http:\/\/www.ivanabeaumond.com.br\/vestidos-noiva\/wp-content\/uploads\/2017\/09\/vestido-de-noiva-casamento-aluguel-de-roupa-blog-IvanBeaumond8.jpg\"><img aria-describedby=\"caption-attachment-13693\" decoding=\"async\" loading=\"lazy\" class=\"wp-image-13693\" src=\"http:\/\/www.ivanabeaumond.com.br\/vestidos-noiva\/wp-content\/uploads\/2017\/09\/vestido-de-noiva-casamento-aluguel-de-roupa-blog-IvanBeaumond8.jpg\" alt=\"Tend\u00eancias Bridal Fashion Week 2018\" width=\"388\" height=\"582\" srcset=\"https:\/\/www.ivanabeaumond.com.br\/vestidos-noiva\/wp-content\/uploads\/2017\/09\/vestido-de-noiva-casamento-aluguel-de-roupa-blog-IvanBeaumond8.jpg 631w, https:\/\/www.ivanabeaumond.com.br\/vestidos-noiva\/wp-content\/uploads\/2017\/09\/vestido-de-noiva-casamento-aluguel-de-roupa-blog-IvanBeaumond8-200x300.jpg 200w\" sizes=\"(max-width: 388px) 100vw, 388px\" \/><\/a><p id=\"caption-attachment-13693\" class=\"wp-caption-text\">Tend\u00eancias Bridal Fashion Week 2018<\/p><\/div>\n<div id=\"attachment_13692\" style=\"width: 398px\" class=\"wp-caption aligncenter\"><a href=\"http:\/\/www.ivanabeaumond.com.br\/vestidos-noiva\/wp-content\/uploads\/2017\/09\/vestido-de-noiva-casamento-aluguel-de-roupa-blog-IvanBeaumond7.jpg\"><img aria-describedby=\"caption-attachment-13692\" decoding=\"async\" loading=\"lazy\" class=\"wp-image-13692\" src=\"http:\/\/www.ivanabeaumond.com.br\/vestidos-noiva\/wp-content\/uploads\/2017\/09\/vestido-de-noiva-casamento-aluguel-de-roupa-blog-IvanBeaumond7.jpg\" alt=\"Tend\u00eancias Bridal Fashion Week 2018\" width=\"388\" height=\"582\" srcset=\"https:\/\/www.ivanabeaumond.com.br\/vestidos-noiva\/wp-content\/uploads\/2017\/09\/vestido-de-noiva-casamento-aluguel-de-roupa-blog-IvanBeaumond7.jpg 631w, https:\/\/www.ivanabeaumond.com.br\/vestidos-noiva\/wp-content\/uploads\/2017\/09\/vestido-de-noiva-casamento-aluguel-de-roupa-blog-IvanBeaumond7-200x300.jpg 200w\" sizes=\"(max-width: 388px) 100vw, 388px\" \/><\/a><p id=\"caption-attachment-13692\" class=\"wp-caption-text\">Tend\u00eancias Bridal Fashion Week 2018<\/p><\/div>\n<h4><span style=\"color: #ffffff;\">&#8211;<\/span><\/h4>\n<h4><span style=\"color: #999999;\">\u2022\u00a0FRANJAS<\/span><\/h4>\n<h4><span style=\"color: #999999;\">As franjas oferecem aquele balan\u00e7o aos vestidos, balan\u00e7o este que apareceu tanto nos modelos curtos, quanto nos longos das mais diferentes cole\u00e7\u00f5es. Elas estar\u00e3o super em alta para 2018.<\/span><\/h4>\n<h4><span style=\"color: #999999;\">\u00a0<\/span><\/h4>\n<div id=\"attachment_13695\" style=\"width: 398px\" class=\"wp-caption aligncenter\"><a href=\"http:\/\/www.ivanabeaumond.com.br\/vestidos-noiva\/wp-content\/uploads\/2017\/09\/vestido-de-noiva-casamento-aluguel-de-roupa-blog-IvanBeaumond10.jpg\"><img aria-describedby=\"caption-attachment-13695\" decoding=\"async\" loading=\"lazy\" class=\"wp-image-13695\" src=\"http:\/\/www.ivanabeaumond.com.br\/vestidos-noiva\/wp-content\/uploads\/2017\/09\/vestido-de-noiva-casamento-aluguel-de-roupa-blog-IvanBeaumond10.jpg\" alt=\"Tend\u00eancias Bridal Fashion Week 2018\" width=\"388\" height=\"582\" srcset=\"https:\/\/www.ivanabeaumond.com.br\/vestidos-noiva\/wp-content\/uploads\/2017\/09\/vestido-de-noiva-casamento-aluguel-de-roupa-blog-IvanBeaumond10.jpg 631w, https:\/\/www.ivanabeaumond.com.br\/vestidos-noiva\/wp-content\/uploads\/2017\/09\/vestido-de-noiva-casamento-aluguel-de-roupa-blog-IvanBeaumond10-200x300.jpg 200w\" sizes=\"(max-width: 388px) 100vw, 388px\" \/><\/a><p id=\"caption-attachment-13695\" class=\"wp-caption-text\">Tend\u00eancias Bridal Fashion Week 2018<\/p><\/div>\n<div id=\"attachment_13694\" style=\"width: 398px\" class=\"wp-caption aligncenter\"><a href=\"http:\/\/www.ivanabeaumond.com.br\/vestidos-noiva\/wp-content\/uploads\/2017\/09\/vestido-de-noiva-casamento-aluguel-de-roupa-blog-IvanBeaumond9.jpg\"><img aria-describedby=\"caption-attachment-13694\" decoding=\"async\" loading=\"lazy\" class=\"wp-image-13694\" src=\"http:\/\/www.ivanabeaumond.com.br\/vestidos-noiva\/wp-content\/uploads\/2017\/09\/vestido-de-noiva-casamento-aluguel-de-roupa-blog-IvanBeaumond9.jpg\" alt=\"Tend\u00eancias Bridal Fashion Week 2018\" width=\"388\" height=\"582\" srcset=\"https:\/\/www.ivanabeaumond.com.br\/vestidos-noiva\/wp-content\/uploads\/2017\/09\/vestido-de-noiva-casamento-aluguel-de-roupa-blog-IvanBeaumond9.jpg 631w, https:\/\/www.ivanabeaumond.com.br\/vestidos-noiva\/wp-content\/uploads\/2017\/09\/vestido-de-noiva-casamento-aluguel-de-roupa-blog-IvanBeaumond9-200x300.jpg 200w\" sizes=\"(max-width: 388px) 100vw, 388px\" \/><\/a><p id=\"caption-attachment-13694\" class=\"wp-caption-text\">Tend\u00eancias Bridal Fashion Week 2018<\/p><\/div>\n<h4><span style=\"color: #999999;\"><br \/>\n<\/span><\/h4>\n<h4><\/h4>\n<h4><span style=\"color: #999999;\">Gostou das novidades? Quer saber tudo sobre vestidos de noivas e tend\u00eancias? Confira sempre nossos artigos especiais sobre o tema, trazendo ainda a palavra de especialistas renomados em vestidos de noivas.<\/span><\/h4>\n","protected":false},"excerpt":{"rendered":"<p>Voc\u00ea certamente j\u00e1 ouviu falar sobre a Fashion Week, n\u00e3o&#8230;<\/p>\n","protected":false},"author":4,"featured_media":13696,"comment_status":"open","ping_status":"open","sticky":false,"template":"","format":"standard","meta":[],"categories":[128],"tags":[96,112,107,111,108,110,109,106],"yoast_head":"<!-- This site is optimized with the Yoast SEO plugin v20.3 - https:\/\/yoast.com\/wordpress\/plugins\/seo\/ -->\n<title>Tend\u00eancias Bridal Fashion Week 2018 - Vestido de Noiva RJ<\/title>\n<meta name=\"robots\" content=\"index, follow, max-snippet:-1, max-image-preview:large, max-video-preview:-1\" \/>\n<link rel=\"canonical\" href=\"https:\/\/www.ivanabeaumond.com.br\/vestidos-noiva\/tendencias-bridal-fashion-week-2018\/\" \/>\n<meta property=\"og:locale\" content=\"pt_BR\" \/>\n<meta property=\"og:type\" content=\"article\" \/>\n<meta property=\"og:title\" content=\"Tend\u00eancias Bridal Fashion Week 2018 - Vestido de Noiva RJ\" \/>\n<meta property=\"og:description\" content=\"Voc\u00ea certamente j\u00e1 ouviu falar sobre a Fashion Week, n\u00e3o...\" \/>\n<meta property=\"og:url\" content=\"https:\/\/www.ivanabeaumond.com.br\/vestidos-noiva\/tendencias-bridal-fashion-week-2018\/\" \/>\n<meta property=\"og:site_name\" content=\"Vestido de Noiva RJ\" \/>\n<meta property=\"article:publisher\" content=\"https:\/\/www.facebook.com\/ivana.beaumondnoivas\" \/>\n<meta property=\"article:published_time\" content=\"2017-09-09T19:08:53+00:00\" \/>\n<meta property=\"article:modified_time\" content=\"2017-10-23T17:24:37+00:00\" \/>\n<meta property=\"og:image\" content=\"https:\/\/www.ivanabeaumond.com.br\/vestidos-noiva\/wp-content\/uploads\/2017\/09\/vestido-de-noiva-casamento-aluguel-de-roupa-blog-IvanBeaumond11.jpg\" \/>\n\t<meta property=\"og:image:width\" content=\"1893\" \/>\n\t<meta property=\"og:image:height\" content=\"946\" \/>\n\t<meta property=\"og:image:type\" content=\"image\/jpeg\" \/>\n<meta name=\"author\" content=\"Ivana Beaumond Paris\" \/>\n<meta name=\"twitter:card\" content=\"summary_large_image\" \/>\n<meta name=\"twitter:label1\" content=\"Escrito por\" \/>\n\t<meta name=\"twitter:data1\" content=\"Ivana Beaumond Paris\" \/>\n\t<meta name=\"twitter:label2\" content=\"Est. tempo de leitura\" \/>\n\t<meta name=\"twitter:data2\" content=\"2 minutos\" \/>\n<script type=\"application\/ld+json\" class=\"yoast-schema-graph\">{\"@context\":\"https:\/\/schema.org\",\"@graph\":[{\"@type\":\"Article\",\"@id\":\"https:\/\/www.ivanabeaumond.com.br\/vestidos-noiva\/tendencias-bridal-fashion-week-2018\/#article\",\"isPartOf\":{\"@id\":\"https:\/\/www.ivanabeaumond.com.br\/vestidos-noiva\/tendencias-bridal-fashion-week-2018\/\"},\"author\":{\"name\":\"Ivana Beaumond Paris\",\"@id\":\"https:\/\/www.ivanabeaumond.com.br\/vestidos-noiva\/#\/schema\/person\/1a360c4cffa3b806d29a456389dcff26\"},\"headline\":\"Tend\u00eancias Bridal Fashion Week 2018\",\"datePublished\":\"2017-09-09T19:08:53+00:00\",\"dateModified\":\"2017-10-23T17:24:37+00:00\",\"mainEntityOfPage\":{\"@id\":\"https:\/\/www.ivanabeaumond.com.br\/vestidos-noiva\/tendencias-bridal-fashion-week-2018\/\"},\"wordCount\":446,\"commentCount\":0,\"publisher\":{\"@id\":\"https:\/\/www.ivanabeaumond.com.br\/vestidos-noiva\/#organization\"},\"keywords\":[\"casamento\",\"fashionweek\",\"ivanabeaumond\",\"modabridal\",\"noivasivanabeaumond\",\"tendencias2018\",\"trajesmasculinos\",\"vestidodenoiva\"],\"articleSection\":[\"Na M\u00eddia\"],\"inLanguage\":\"pt-BR\",\"potentialAction\":[{\"@type\":\"CommentAction\",\"name\":\"Comment\",\"target\":[\"https:\/\/www.ivanabeaumond.com.br\/vestidos-noiva\/tendencias-bridal-fashion-week-2018\/#respond\"]}]},{\"@type\":\"WebPage\",\"@id\":\"https:\/\/www.ivanabeaumond.com.br\/vestidos-noiva\/tendencias-bridal-fashion-week-2018\/\",\"url\":\"https:\/\/www.ivanabeaumond.com.br\/vestidos-noiva\/tendencias-bridal-fashion-week-2018\/\",\"name\":\"Tend\u00eancias Bridal Fashion Week 2018 - Vestido de Noiva RJ\",\"isPartOf\":{\"@id\":\"https:\/\/www.ivanabeaumond.com.br\/vestidos-noiva\/#website\"},\"datePublished\":\"2017-09-09T19:08:53+00:00\",\"dateModified\":\"2017-10-23T17:24:37+00:00\",\"breadcrumb\":{\"@id\":\"https:\/\/www.ivanabeaumond.com.br\/vestidos-noiva\/tendencias-bridal-fashion-week-2018\/#breadcrumb\"},\"inLanguage\":\"pt-BR\",\"potentialAction\":[{\"@type\":\"ReadAction\",\"target\":[\"https:\/\/www.ivanabeaumond.com.br\/vestidos-noiva\/tendencias-bridal-fashion-week-2018\/\"]}]},{\"@type\":\"BreadcrumbList\",\"@id\":\"https:\/\/www.ivanabeaumond.com.br\/vestidos-noiva\/tendencias-bridal-fashion-week-2018\/#breadcrumb\",\"itemListElement\":[{\"@type\":\"ListItem\",\"position\":1,\"name\":\"In\u00edcio\",\"item\":\"https:\/\/www.ivanabeaumond.com.br\/vestidos-noiva\/\"},{\"@type\":\"ListItem\",\"position\":2,\"name\":\"Tend\u00eancias Bridal Fashion Week 2018\"}]},{\"@type\":\"WebSite\",\"@id\":\"https:\/\/www.ivanabeaumond.com.br\/vestidos-noiva\/#website\",\"url\":\"https:\/\/www.ivanabeaumond.com.br\/vestidos-noiva\/\",\"name\":\"Vestido de Noiva RJ\",\"description\":\"Moda Noiva\",\"publisher\":{\"@id\":\"https:\/\/www.ivanabeaumond.com.br\/vestidos-noiva\/#organization\"},\"potentialAction\":[{\"@type\":\"SearchAction\",\"target\":{\"@type\":\"EntryPoint\",\"urlTemplate\":\"https:\/\/www.ivanabeaumond.com.br\/vestidos-noiva\/?s={search_term_string}\"},\"query-input\":\"required name=search_term_string\"}],\"inLanguage\":\"pt-BR\"},{\"@type\":\"Organization\",\"@id\":\"https:\/\/www.ivanabeaumond.com.br\/vestidos-noiva\/#organization\",\"name\":\"Vestido de Noiva RJ\",\"url\":\"https:\/\/www.ivanabeaumond.com.br\/vestidos-noiva\/\",\"logo\":{\"@type\":\"ImageObject\",\"inLanguage\":\"pt-BR\",\"@id\":\"https:\/\/www.ivanabeaumond.com.br\/vestidos-noiva\/#\/schema\/logo\/image\/\",\"url\":\"https:\/\/www.ivanabeaumond.com.br\/vestidos-noiva\/wp-content\/uploads\/2018\/02\/logo_ivana_beaumond-2.png\",\"contentUrl\":\"https:\/\/www.ivanabeaumond.com.br\/vestidos-noiva\/wp-content\/uploads\/2018\/02\/logo_ivana_beaumond-2.png\",\"width\":230,\"height\":112,\"caption\":\"Vestido de Noiva RJ\"},\"image\":{\"@id\":\"https:\/\/www.ivanabeaumond.com.br\/vestidos-noiva\/#\/schema\/logo\/image\/\"},\"sameAs\":[\"https:\/\/www.facebook.com\/ivana.beaumondnoivas\",\"https:\/\/www.instagram.com\/ivanabeaumond\/\",\"https:\/\/www.tiktok.com\/@ivanabeaumond\"]},{\"@type\":\"Person\",\"@id\":\"https:\/\/www.ivanabeaumond.com.br\/vestidos-noiva\/#\/schema\/person\/1a360c4cffa3b806d29a456389dcff26\",\"name\":\"Ivana Beaumond Paris\",\"image\":{\"@type\":\"ImageObject\",\"inLanguage\":\"pt-BR\",\"@id\":\"https:\/\/www.ivanabeaumond.com.br\/vestidos-noiva\/#\/schema\/person\/image\/\",\"url\":\"https:\/\/secure.gravatar.com\/avatar\/641f98db20b53ec937ceb641db4270b9?s=96&d=mm&r=g\",\"contentUrl\":\"https:\/\/secure.gravatar.com\/avatar\/641f98db20b53ec937ceb641db4270b9?s=96&d=mm&r=g\",\"caption\":\"Ivana Beaumond Paris\"},\"url\":\"https:\/\/www.ivanabeaumond.com.br\/vestidos-noiva\/author\/ivana\/\"}]}<\/script>\n<!-- \/ Yoast SEO plugin. -->","yoast_head_json":{"title":"Tend\u00eancias Bridal Fashion Week 2018 - Vestido de Noiva RJ","robots":{"index":"index","follow":"follow","max-snippet":"max-snippet:-1","max-image-preview":"max-image-preview:large","max-video-preview":"max-video-preview:-1"},"canonical":"https:\/\/www.ivanabeaumond.com.br\/vestidos-noiva\/tendencias-bridal-fashion-week-2018\/","og_locale":"pt_BR","og_type":"article","og_title":"Tend\u00eancias Bridal Fashion Week 2018 - Vestido de Noiva RJ","og_description":"Voc\u00ea certamente j\u00e1 ouviu falar sobre a Fashion Week, n\u00e3o...","og_url":"https:\/\/www.ivanabeaumond.com.br\/vestidos-noiva\/tendencias-bridal-fashion-week-2018\/","og_site_name":"Vestido de Noiva RJ","article_publisher":"https:\/\/www.facebook.com\/ivana.beaumondnoivas","article_published_time":"2017-09-09T19:08:53+00:00","article_modified_time":"2017-10-23T17:24:37+00:00","og_image":[{"width":1893,"height":946,"url":"https:\/\/www.ivanabeaumond.com.br\/vestidos-noiva\/wp-content\/uploads\/2017\/09\/vestido-de-noiva-casamento-aluguel-de-roupa-blog-IvanBeaumond11.jpg","type":"image\/jpeg"}],"author":"Ivana Beaumond Paris","twitter_card":"summary_large_image","twitter_misc":{"Escrito por":"Ivana Beaumond Paris","Est. tempo de leitura":"2 minutos"},"schema":{"@context":"https:\/\/schema.org","@graph":[{"@type":"Article","@id":"https:\/\/www.ivanabeaumond.com.br\/vestidos-noiva\/tendencias-bridal-fashion-week-2018\/#article","isPartOf":{"@id":"https:\/\/www.ivanabeaumond.com.br\/vestidos-noiva\/tendencias-bridal-fashion-week-2018\/"},"author":{"name":"Ivana Beaumond Paris","@id":"https:\/\/www.ivanabeaumond.com.br\/vestidos-noiva\/#\/schema\/person\/1a360c4cffa3b806d29a456389dcff26"},"headline":"Tend\u00eancias Bridal Fashion Week 2018","datePublished":"2017-09-09T19:08:53+00:00","dateModified":"2017-10-23T17:24:37+00:00","mainEntityOfPage":{"@id":"https:\/\/www.ivanabeaumond.com.br\/vestidos-noiva\/tendencias-bridal-fashion-week-2018\/"},"wordCount":446,"commentCount":0,"publisher":{"@id":"https:\/\/www.ivanabeaumond.com.br\/vestidos-noiva\/#organization"},"keywords":["casamento","fashionweek","ivanabeaumond","modabridal","noivasivanabeaumond","tendencias2018","trajesmasculinos","vestidodenoiva"],"articleSection":["Na M\u00eddia"],"inLanguage":"pt-BR","potentialAction":[{"@type":"CommentAction","name":"Comment","target":["https:\/\/www.ivanabeaumond.com.br\/vestidos-noiva\/tendencias-bridal-fashion-week-2018\/#respond"]}]},{"@type":"WebPage","@id":"https:\/\/www.ivanabeaumond.com.br\/vestidos-noiva\/tendencias-bridal-fashion-week-2018\/","url":"https:\/\/www.ivanabeaumond.com.br\/vestidos-noiva\/tendencias-bridal-fashion-week-2018\/","name":"Tend\u00eancias Bridal Fashion Week 2018 - Vestido de Noiva RJ","isPartOf":{"@id":"https:\/\/www.ivanabeaumond.com.br\/vestidos-noiva\/#website"},"datePublished":"2017-09-09T19:08:53+00:00","dateModified":"2017-10-23T17:24:37+00:00","breadcrumb":{"@id":"https:\/\/www.ivanabeaumond.com.br\/vestidos-noiva\/tendencias-bridal-fashion-week-2018\/#breadcrumb"},"inLanguage":"pt-BR","potentialAction":[{"@type":"ReadAction","target":["https:\/\/www.ivanabeaumond.com.br\/vestidos-noiva\/tendencias-bridal-fashion-week-2018\/"]}]},{"@type":"BreadcrumbList","@id":"https:\/\/www.ivanabeaumond.com.br\/vestidos-noiva\/tendencias-bridal-fashion-week-2018\/#breadcrumb","itemListElement":[{"@type":"ListItem","position":1,"name":"In\u00edcio","item":"https:\/\/www.ivanabeaumond.com.br\/vestidos-noiva\/"},{"@type":"ListItem","position":2,"name":"Tend\u00eancias Bridal Fashion Week 2018"}]},{"@type":"WebSite","@id":"https:\/\/www.ivanabeaumond.com.br\/vestidos-noiva\/#website","url":"https:\/\/www.ivanabeaumond.com.br\/vestidos-noiva\/","name":"Vestido de Noiva RJ","description":"Moda Noiva","publisher":{"@id":"https:\/\/www.ivanabeaumond.com.br\/vestidos-noiva\/#organization"},"potentialAction":[{"@type":"SearchAction","target":{"@type":"EntryPoint","urlTemplate":"https:\/\/www.ivanabeaumond.com.br\/vestidos-noiva\/?s={search_term_string}"},"query-input":"required name=search_term_string"}],"inLanguage":"pt-BR"},{"@type":"Organization","@id":"https:\/\/www.ivanabeaumond.com.br\/vestidos-noiva\/#organization","name":"Vestido de Noiva RJ","url":"https:\/\/www.ivanabeaumond.com.br\/vestidos-noiva\/","logo":{"@type":"ImageObject","inLanguage":"pt-BR","@id":"https:\/\/www.ivanabeaumond.com.br\/vestidos-noiva\/#\/schema\/logo\/image\/","url":"https:\/\/www.ivanabeaumond.com.br\/vestidos-noiva\/wp-content\/uploads\/2018\/02\/logo_ivana_beaumond-2.png","contentUrl":"https:\/\/www.ivanabeaumond.com.br\/vestidos-noiva\/wp-content\/uploads\/2018\/02\/logo_ivana_beaumond-2.png","width":230,"height":112,"caption":"Vestido de Noiva RJ"},"image":{"@id":"https:\/\/www.ivanabeaumond.com.br\/vestidos-noiva\/#\/schema\/logo\/image\/"},"sameAs":["https:\/\/www.facebook.com\/ivana.beaumondnoivas","https:\/\/www.instagram.com\/ivanabeaumond\/","https:\/\/www.tiktok.com\/@ivanabeaumond"]},{"@type":"Person","@id":"https:\/\/www.ivanabeaumond.com.br\/vestidos-noiva\/#\/schema\/person\/1a360c4cffa3b806d29a456389dcff26","name":"Ivana Beaumond Paris","image":{"@type":"ImageObject","inLanguage":"pt-BR","@id":"https:\/\/www.ivanabeaumond.com.br\/vestidos-noiva\/#\/schema\/person\/image\/","url":"https:\/\/secure.gravatar.com\/avatar\/641f98db20b53ec937ceb641db4270b9?s=96&d=mm&r=g","contentUrl":"https:\/\/secure.gravatar.com\/avatar\/641f98db20b53ec937ceb641db4270b9?s=96&d=mm&r=g","caption":"Ivana Beaumond Paris"},"url":"https:\/\/www.ivanabeaumond.com.br\/vestidos-noiva\/author\/ivana\/"}]}},"_links":{"self":[{"href":"https:\/\/www.ivanabeaumond.com.br\/vestidos-noiva\/wp-json\/wp\/v2\/posts\/13157"}],"collection":[{"href":"https:\/\/www.ivanabeaumond.com.br\/vestidos-noiva\/wp-json\/wp\/v2\/posts"}],"about":[{"href":"https:\/\/www.ivanabeaumond.com.br\/vestidos-noiva\/wp-json\/wp\/v2\/types\/post"}],"author":[{"embeddable":true,"href":"https:\/\/www.ivanabeaumond.com.br\/vestidos-noiva\/wp-json\/wp\/v2\/users\/4"}],"replies":[{"embeddable":true,"href":"https:\/\/www.ivanabeaumond.com.br\/vestidos-noiva\/wp-json\/wp\/v2\/comments?post=13157"}],"version-history":[{"count":9,"href":"https:\/\/www.ivanabeaumond.com.br\/vestidos-noiva\/wp-json\/wp\/v2\/posts\/13157\/revisions"}],"predecessor-version":[{"id":13697,"href":"https:\/\/www.ivanabeaumond.com.br\/vestidos-noiva\/wp-json\/wp\/v2\/posts\/13157\/revisions\/13697"}],"wp:featuredmedia":[{"embeddable":true,"href":"https:\/\/www.ivanabeaumond.com.br\/vestidos-noiva\/wp-json\/wp\/v2\/media\/13696"}],"wp:attachment":[{"href":"https:\/\/www.ivanabeaumond.com.br\/vestidos-noiva\/wp-json\/wp\/v2\/media?parent=13157"}],"wp:term":[{"taxonomy":"category","embeddable":true,"href":"https:\/\/www.ivanabeaumond.com.br\/vestidos-noiva\/wp-json\/wp\/v2\/categories?post=13157"},{"taxonomy":"post_tag","embeddable":true,"href":"https:\/\/www.ivanabeaumond.com.br\/vestidos-noiva\/wp-json\/wp\/v2\/tags?post=13157"}],"curies":[{"name":"wp","href":"https:\/\/api.w.org\/{rel}","templated":true}]}}