{"id":13188,"date":"2017-08-03T00:07:17","date_gmt":"2017-08-03T03:07:17","guid":{"rendered":"http:\/\/www.ivanabeaumond.com.br\/vestidos-noiva\/?p=13188"},"modified":"2017-10-23T15:38:03","modified_gmt":"2017-10-23T17:38:03","slug":"casal-faz-cerimonia-de-casamento-dentro-dagua-no-mar-do-caribe","status":"publish","type":"post","link":"https:\/\/www.ivanabeaumond.com.br\/vestidos-noiva\/casal-faz-cerimonia-de-casamento-dentro-dagua-no-mar-do-caribe\/","title":{"rendered":"Casal faz cerim\u00f4nia de casamento dentro d&#8217;\u00e1gua no mar do Caribe.."},"content":{"rendered":"<h4 style=\"text-align: justify;\"><span style=\"color: #999999;\">Susana Zamos e seu noivo Jovany tinham o sonho de se casar no meio do oceano. Eles fizeram uma cerim\u00f4nia em El Cielo, um banco de areia localizado na ilha de Cozumel, no Caribe.\u00a0Para levar os mais de 100 convidados ao local do casamento, foram usados dois barcos e um catamar\u00e3. Na foto, os padrinhos ajudam a decorar a nave, local por onde os noivos v\u00e3o passar para chegar ao &#8220;altar&#8221;, as daminhas de honra foram transportadas em cima de uma prancha jogando p\u00e9talas de rosas antes da entrada da noiva. A\u00a0noiva Susana chegou de barco para o casamento na ilha de Cozumel, no Caribe.<\/span><\/h4>\n<p>&nbsp;<\/p>\n<p>Imagem: Del Sol Photography\/Reprodu\u00e7\u00e3o<\/p>\n<p><a href=\"http:\/\/www.ivanabeaumond.com.br\/vestidos-noiva\/wp-content\/uploads\/2017\/08\/Curiosidades-casamentocaribe-byIvanaBeaumond1.png\"><img decoding=\"async\" loading=\"lazy\" class=\"aligncenter size-full wp-image-13189\" src=\"http:\/\/www.ivanabeaumond.com.br\/vestidos-noiva\/wp-content\/uploads\/2017\/08\/Curiosidades-casamentocaribe-byIvanaBeaumond1.png\" alt=\"Curiosidades-casamentocaribe-byIvanaBeaumond1\" width=\"759\" height=\"499\" srcset=\"https:\/\/www.ivanabeaumond.com.br\/vestidos-noiva\/wp-content\/uploads\/2017\/08\/Curiosidades-casamentocaribe-byIvanaBeaumond1.png 759w, https:\/\/www.ivanabeaumond.com.br\/vestidos-noiva\/wp-content\/uploads\/2017\/08\/Curiosidades-casamentocaribe-byIvanaBeaumond1-300x197.png 300w\" sizes=\"(max-width: 759px) 100vw, 759px\" \/><\/a> <a href=\"http:\/\/www.ivanabeaumond.com.br\/vestidos-noiva\/wp-content\/uploads\/2017\/08\/Curiosidades-casamentocaribe-byIvanaBeaumond2.png\"><img decoding=\"async\" loading=\"lazy\" class=\"aligncenter size-full wp-image-13190\" src=\"http:\/\/www.ivanabeaumond.com.br\/vestidos-noiva\/wp-content\/uploads\/2017\/08\/Curiosidades-casamentocaribe-byIvanaBeaumond2.png\" alt=\"Curiosidades-casamentocaribe-byIvanaBeaumond2\" width=\"755\" height=\"499\" srcset=\"https:\/\/www.ivanabeaumond.com.br\/vestidos-noiva\/wp-content\/uploads\/2017\/08\/Curiosidades-casamentocaribe-byIvanaBeaumond2.png 755w, https:\/\/www.ivanabeaumond.com.br\/vestidos-noiva\/wp-content\/uploads\/2017\/08\/Curiosidades-casamentocaribe-byIvanaBeaumond2-300x198.png 300w\" sizes=\"(max-width: 755px) 100vw, 755px\" \/><\/a> <a href=\"http:\/\/www.ivanabeaumond.com.br\/vestidos-noiva\/wp-content\/uploads\/2017\/08\/Curiosidades-casamentocaribe-byIvanaBeaumond3.png\"><img decoding=\"async\" loading=\"lazy\" class=\"aligncenter size-full wp-image-13191\" src=\"http:\/\/www.ivanabeaumond.com.br\/vestidos-noiva\/wp-content\/uploads\/2017\/08\/Curiosidades-casamentocaribe-byIvanaBeaumond3.png\" alt=\"Curiosidades-casamentocaribe-byIvanaBeaumond3\" width=\"761\" height=\"501\" srcset=\"https:\/\/www.ivanabeaumond.com.br\/vestidos-noiva\/wp-content\/uploads\/2017\/08\/Curiosidades-casamentocaribe-byIvanaBeaumond3.png 761w, https:\/\/www.ivanabeaumond.com.br\/vestidos-noiva\/wp-content\/uploads\/2017\/08\/Curiosidades-casamentocaribe-byIvanaBeaumond3-300x198.png 300w\" sizes=\"(max-width: 761px) 100vw, 761px\" \/><\/a><\/p>\n<p>E a\u00ed, nos conte o que achou dessa ideia inusitada.. Comente e de sua opni\u00e3o..<\/p>\n","protected":false},"excerpt":{"rendered":"<p>Susana Zamos e seu noivo Jovany tinham o sonho de&#8230;<\/p>\n","protected":false},"author":4,"featured_media":13191,"comment_status":"open","ping_status":"open","sticky":false,"template":"","format":"standard","meta":[],"categories":[127],"tags":[96,116,113,114,117,115],"yoast_head":"<!-- This site is optimized with the Yoast SEO plugin v20.3 - https:\/\/yoast.com\/wordpress\/plugins\/seo\/ -->\n<title>Casal faz cerim\u00f4nia de casamento dentro d&#039;\u00e1gua no mar do Caribe.. - Vestido de Noiva RJ<\/title>\n<meta name=\"robots\" content=\"index, follow, max-snippet:-1, max-image-preview:large, max-video-preview:-1\" \/>\n<link rel=\"canonical\" href=\"https:\/\/www.ivanabeaumond.com.br\/vestidos-noiva\/casal-faz-cerimonia-de-casamento-dentro-dagua-no-mar-do-caribe\/\" \/>\n<meta property=\"og:locale\" content=\"pt_BR\" \/>\n<meta property=\"og:type\" content=\"article\" \/>\n<meta property=\"og:title\" content=\"Casal faz cerim\u00f4nia de casamento dentro d&#039;\u00e1gua no mar do Caribe.. - Vestido de Noiva RJ\" \/>\n<meta property=\"og:description\" content=\"Susana Zamos e seu noivo Jovany tinham o sonho de...\" \/>\n<meta property=\"og:url\" content=\"https:\/\/www.ivanabeaumond.com.br\/vestidos-noiva\/casal-faz-cerimonia-de-casamento-dentro-dagua-no-mar-do-caribe\/\" \/>\n<meta property=\"og:site_name\" content=\"Vestido de Noiva RJ\" \/>\n<meta property=\"article:publisher\" content=\"https:\/\/www.facebook.com\/ivana.beaumondnoivas\" \/>\n<meta property=\"article:published_time\" content=\"2017-08-03T03:07:17+00:00\" \/>\n<meta property=\"article:modified_time\" content=\"2017-10-23T17:38:03+00:00\" \/>\n<meta property=\"og:image\" content=\"https:\/\/www.ivanabeaumond.com.br\/vestidos-noiva\/wp-content\/uploads\/2017\/08\/Curiosidades-casamentocaribe-byIvanaBeaumond3.png\" \/>\n\t<meta property=\"og:image:width\" content=\"761\" \/>\n\t<meta property=\"og:image:height\" content=\"501\" \/>\n\t<meta property=\"og:image:type\" content=\"image\/png\" \/>\n<meta name=\"author\" content=\"Ivana Beaumond Paris\" \/>\n<meta name=\"twitter:card\" content=\"summary_large_image\" \/>\n<meta name=\"twitter:label1\" content=\"Escrito por\" \/>\n\t<meta name=\"twitter:data1\" content=\"Ivana Beaumond Paris\" \/>\n\t<meta name=\"twitter:label2\" content=\"Est. tempo de leitura\" \/>\n\t<meta name=\"twitter:data2\" content=\"1 minuto\" \/>\n<script type=\"application\/ld+json\" class=\"yoast-schema-graph\">{\"@context\":\"https:\/\/schema.org\",\"@graph\":[{\"@type\":\"Article\",\"@id\":\"https:\/\/www.ivanabeaumond.com.br\/vestidos-noiva\/casal-faz-cerimonia-de-casamento-dentro-dagua-no-mar-do-caribe\/#article\",\"isPartOf\":{\"@id\":\"https:\/\/www.ivanabeaumond.com.br\/vestidos-noiva\/casal-faz-cerimonia-de-casamento-dentro-dagua-no-mar-do-caribe\/\"},\"author\":{\"name\":\"Ivana Beaumond Paris\",\"@id\":\"https:\/\/www.ivanabeaumond.com.br\/vestidos-noiva\/#\/schema\/person\/1a360c4cffa3b806d29a456389dcff26\"},\"headline\":\"Casal faz cerim\u00f4nia de casamento dentro d&#8217;\u00e1gua no mar do Caribe..\",\"datePublished\":\"2017-08-03T03:07:17+00:00\",\"dateModified\":\"2017-10-23T17:38:03+00:00\",\"mainEntityOfPage\":{\"@id\":\"https:\/\/www.ivanabeaumond.com.br\/vestidos-noiva\/casal-faz-cerimonia-de-casamento-dentro-dagua-no-mar-do-caribe\/\"},\"wordCount\":145,\"commentCount\":0,\"publisher\":{\"@id\":\"https:\/\/www.ivanabeaumond.com.br\/vestidos-noiva\/#organization\"},\"keywords\":[\"casamento\",\"casamento alto mar\",\"casamento criativo\",\"curiosidades\",\"mar\",\"vestido de noiva\"],\"articleSection\":[\"Dicas e Truques\"],\"inLanguage\":\"pt-BR\",\"potentialAction\":[{\"@type\":\"CommentAction\",\"name\":\"Comment\",\"target\":[\"https:\/\/www.ivanabeaumond.com.br\/vestidos-noiva\/casal-faz-cerimonia-de-casamento-dentro-dagua-no-mar-do-caribe\/#respond\"]}]},{\"@type\":\"WebPage\",\"@id\":\"https:\/\/www.ivanabeaumond.com.br\/vestidos-noiva\/casal-faz-cerimonia-de-casamento-dentro-dagua-no-mar-do-caribe\/\",\"url\":\"https:\/\/www.ivanabeaumond.com.br\/vestidos-noiva\/casal-faz-cerimonia-de-casamento-dentro-dagua-no-mar-do-caribe\/\",\"name\":\"Casal faz cerim\u00f4nia de casamento dentro d'\u00e1gua no mar do Caribe.. - Vestido de Noiva RJ\",\"isPartOf\":{\"@id\":\"https:\/\/www.ivanabeaumond.com.br\/vestidos-noiva\/#website\"},\"datePublished\":\"2017-08-03T03:07:17+00:00\",\"dateModified\":\"2017-10-23T17:38:03+00:00\",\"breadcrumb\":{\"@id\":\"https:\/\/www.ivanabeaumond.com.br\/vestidos-noiva\/casal-faz-cerimonia-de-casamento-dentro-dagua-no-mar-do-caribe\/#breadcrumb\"},\"inLanguage\":\"pt-BR\",\"potentialAction\":[{\"@type\":\"ReadAction\",\"target\":[\"https:\/\/www.ivanabeaumond.com.br\/vestidos-noiva\/casal-faz-cerimonia-de-casamento-dentro-dagua-no-mar-do-caribe\/\"]}]},{\"@type\":\"BreadcrumbList\",\"@id\":\"https:\/\/www.ivanabeaumond.com.br\/vestidos-noiva\/casal-faz-cerimonia-de-casamento-dentro-dagua-no-mar-do-caribe\/#breadcrumb\",\"itemListElement\":[{\"@type\":\"ListItem\",\"position\":1,\"name\":\"In\u00edcio\",\"item\":\"https:\/\/www.ivanabeaumond.com.br\/vestidos-noiva\/\"},{\"@type\":\"ListItem\",\"position\":2,\"name\":\"Casal faz cerim\u00f4nia de casamento dentro d&#8217;\u00e1gua no mar do Caribe..\"}]},{\"@type\":\"WebSite\",\"@id\":\"https:\/\/www.ivanabeaumond.com.br\/vestidos-noiva\/#website\",\"url\":\"https:\/\/www.ivanabeaumond.com.br\/vestidos-noiva\/\",\"name\":\"Vestido de Noiva RJ\",\"description\":\"Moda Noiva\",\"publisher\":{\"@id\":\"https:\/\/www.ivanabeaumond.com.br\/vestidos-noiva\/#organization\"},\"potentialAction\":[{\"@type\":\"SearchAction\",\"target\":{\"@type\":\"EntryPoint\",\"urlTemplate\":\"https:\/\/www.ivanabeaumond.com.br\/vestidos-noiva\/?s={search_term_string}\"},\"query-input\":\"required name=search_term_string\"}],\"inLanguage\":\"pt-BR\"},{\"@type\":\"Organization\",\"@id\":\"https:\/\/www.ivanabeaumond.com.br\/vestidos-noiva\/#organization\",\"name\":\"Vestido de Noiva RJ\",\"url\":\"https:\/\/www.ivanabeaumond.com.br\/vestidos-noiva\/\",\"logo\":{\"@type\":\"ImageObject\",\"inLanguage\":\"pt-BR\",\"@id\":\"https:\/\/www.ivanabeaumond.com.br\/vestidos-noiva\/#\/schema\/logo\/image\/\",\"url\":\"https:\/\/www.ivanabeaumond.com.br\/vestidos-noiva\/wp-content\/uploads\/2018\/02\/logo_ivana_beaumond-2.png\",\"contentUrl\":\"https:\/\/www.ivanabeaumond.com.br\/vestidos-noiva\/wp-content\/uploads\/2018\/02\/logo_ivana_beaumond-2.png\",\"width\":230,\"height\":112,\"caption\":\"Vestido de Noiva RJ\"},\"image\":{\"@id\":\"https:\/\/www.ivanabeaumond.com.br\/vestidos-noiva\/#\/schema\/logo\/image\/\"},\"sameAs\":[\"https:\/\/www.facebook.com\/ivana.beaumondnoivas\",\"https:\/\/www.instagram.com\/ivanabeaumond\/\",\"https:\/\/www.tiktok.com\/@ivanabeaumond\"]},{\"@type\":\"Person\",\"@id\":\"https:\/\/www.ivanabeaumond.com.br\/vestidos-noiva\/#\/schema\/person\/1a360c4cffa3b806d29a456389dcff26\",\"name\":\"Ivana Beaumond Paris\",\"image\":{\"@type\":\"ImageObject\",\"inLanguage\":\"pt-BR\",\"@id\":\"https:\/\/www.ivanabeaumond.com.br\/vestidos-noiva\/#\/schema\/person\/image\/\",\"url\":\"https:\/\/secure.gravatar.com\/avatar\/641f98db20b53ec937ceb641db4270b9?s=96&d=mm&r=g\",\"contentUrl\":\"https:\/\/secure.gravatar.com\/avatar\/641f98db20b53ec937ceb641db4270b9?s=96&d=mm&r=g\",\"caption\":\"Ivana Beaumond Paris\"},\"url\":\"https:\/\/www.ivanabeaumond.com.br\/vestidos-noiva\/author\/ivana\/\"}]}<\/script>\n<!-- \/ Yoast SEO plugin. -->","yoast_head_json":{"title":"Casal faz cerim\u00f4nia de casamento dentro d'\u00e1gua no mar do Caribe.. - Vestido de Noiva RJ","robots":{"index":"index","follow":"follow","max-snippet":"max-snippet:-1","max-image-preview":"max-image-preview:large","max-video-preview":"max-video-preview:-1"},"canonical":"https:\/\/www.ivanabeaumond.com.br\/vestidos-noiva\/casal-faz-cerimonia-de-casamento-dentro-dagua-no-mar-do-caribe\/","og_locale":"pt_BR","og_type":"article","og_title":"Casal faz cerim\u00f4nia de casamento dentro d'\u00e1gua no mar do Caribe.. - Vestido de Noiva RJ","og_description":"Susana Zamos e seu noivo Jovany tinham o sonho de...","og_url":"https:\/\/www.ivanabeaumond.com.br\/vestidos-noiva\/casal-faz-cerimonia-de-casamento-dentro-dagua-no-mar-do-caribe\/","og_site_name":"Vestido de Noiva RJ","article_publisher":"https:\/\/www.facebook.com\/ivana.beaumondnoivas","article_published_time":"2017-08-03T03:07:17+00:00","article_modified_time":"2017-10-23T17:38:03+00:00","og_image":[{"width":761,"height":501,"url":"https:\/\/www.ivanabeaumond.com.br\/vestidos-noiva\/wp-content\/uploads\/2017\/08\/Curiosidades-casamentocaribe-byIvanaBeaumond3.png","type":"image\/png"}],"author":"Ivana Beaumond Paris","twitter_card":"summary_large_image","twitter_misc":{"Escrito por":"Ivana Beaumond Paris","Est. tempo de leitura":"1 minuto"},"schema":{"@context":"https:\/\/schema.org","@graph":[{"@type":"Article","@id":"https:\/\/www.ivanabeaumond.com.br\/vestidos-noiva\/casal-faz-cerimonia-de-casamento-dentro-dagua-no-mar-do-caribe\/#article","isPartOf":{"@id":"https:\/\/www.ivanabeaumond.com.br\/vestidos-noiva\/casal-faz-cerimonia-de-casamento-dentro-dagua-no-mar-do-caribe\/"},"author":{"name":"Ivana Beaumond Paris","@id":"https:\/\/www.ivanabeaumond.com.br\/vestidos-noiva\/#\/schema\/person\/1a360c4cffa3b806d29a456389dcff26"},"headline":"Casal faz cerim\u00f4nia de casamento dentro d&#8217;\u00e1gua no mar do Caribe..","datePublished":"2017-08-03T03:07:17+00:00","dateModified":"2017-10-23T17:38:03+00:00","mainEntityOfPage":{"@id":"https:\/\/www.ivanabeaumond.com.br\/vestidos-noiva\/casal-faz-cerimonia-de-casamento-dentro-dagua-no-mar-do-caribe\/"},"wordCount":145,"commentCount":0,"publisher":{"@id":"https:\/\/www.ivanabeaumond.com.br\/vestidos-noiva\/#organization"},"keywords":["casamento","casamento alto mar","casamento criativo","curiosidades","mar","vestido de noiva"],"articleSection":["Dicas e Truques"],"inLanguage":"pt-BR","potentialAction":[{"@type":"CommentAction","name":"Comment","target":["https:\/\/www.ivanabeaumond.com.br\/vestidos-noiva\/casal-faz-cerimonia-de-casamento-dentro-dagua-no-mar-do-caribe\/#respond"]}]},{"@type":"WebPage","@id":"https:\/\/www.ivanabeaumond.com.br\/vestidos-noiva\/casal-faz-cerimonia-de-casamento-dentro-dagua-no-mar-do-caribe\/","url":"https:\/\/www.ivanabeaumond.com.br\/vestidos-noiva\/casal-faz-cerimonia-de-casamento-dentro-dagua-no-mar-do-caribe\/","name":"Casal faz cerim\u00f4nia de casamento dentro d'\u00e1gua no mar do Caribe.. - Vestido de Noiva RJ","isPartOf":{"@id":"https:\/\/www.ivanabeaumond.com.br\/vestidos-noiva\/#website"},"datePublished":"2017-08-03T03:07:17+00:00","dateModified":"2017-10-23T17:38:03+00:00","breadcrumb":{"@id":"https:\/\/www.ivanabeaumond.com.br\/vestidos-noiva\/casal-faz-cerimonia-de-casamento-dentro-dagua-no-mar-do-caribe\/#breadcrumb"},"inLanguage":"pt-BR","potentialAction":[{"@type":"ReadAction","target":["https:\/\/www.ivanabeaumond.com.br\/vestidos-noiva\/casal-faz-cerimonia-de-casamento-dentro-dagua-no-mar-do-caribe\/"]}]},{"@type":"BreadcrumbList","@id":"https:\/\/www.ivanabeaumond.com.br\/vestidos-noiva\/casal-faz-cerimonia-de-casamento-dentro-dagua-no-mar-do-caribe\/#breadcrumb","itemListElement":[{"@type":"ListItem","position":1,"name":"In\u00edcio","item":"https:\/\/www.ivanabeaumond.com.br\/vestidos-noiva\/"},{"@type":"ListItem","position":2,"name":"Casal faz cerim\u00f4nia de casamento dentro d&#8217;\u00e1gua no mar do Caribe.."}]},{"@type":"WebSite","@id":"https:\/\/www.ivanabeaumond.com.br\/vestidos-noiva\/#website","url":"https:\/\/www.ivanabeaumond.com.br\/vestidos-noiva\/","name":"Vestido de Noiva RJ","description":"Moda Noiva","publisher":{"@id":"https:\/\/www.ivanabeaumond.com.br\/vestidos-noiva\/#organization"},"potentialAction":[{"@type":"SearchAction","target":{"@type":"EntryPoint","urlTemplate":"https:\/\/www.ivanabeaumond.com.br\/vestidos-noiva\/?s={search_term_string}"},"query-input":"required name=search_term_string"}],"inLanguage":"pt-BR"},{"@type":"Organization","@id":"https:\/\/www.ivanabeaumond.com.br\/vestidos-noiva\/#organization","name":"Vestido de Noiva RJ","url":"https:\/\/www.ivanabeaumond.com.br\/vestidos-noiva\/","logo":{"@type":"ImageObject","inLanguage":"pt-BR","@id":"https:\/\/www.ivanabeaumond.com.br\/vestidos-noiva\/#\/schema\/logo\/image\/","url":"https:\/\/www.ivanabeaumond.com.br\/vestidos-noiva\/wp-content\/uploads\/2018\/02\/logo_ivana_beaumond-2.png","contentUrl":"https:\/\/www.ivanabeaumond.com.br\/vestidos-noiva\/wp-content\/uploads\/2018\/02\/logo_ivana_beaumond-2.png","width":230,"height":112,"caption":"Vestido de Noiva RJ"},"image":{"@id":"https:\/\/www.ivanabeaumond.com.br\/vestidos-noiva\/#\/schema\/logo\/image\/"},"sameAs":["https:\/\/www.facebook.com\/ivana.beaumondnoivas","https:\/\/www.instagram.com\/ivanabeaumond\/","https:\/\/www.tiktok.com\/@ivanabeaumond"]},{"@type":"Person","@id":"https:\/\/www.ivanabeaumond.com.br\/vestidos-noiva\/#\/schema\/person\/1a360c4cffa3b806d29a456389dcff26","name":"Ivana Beaumond Paris","image":{"@type":"ImageObject","inLanguage":"pt-BR","@id":"https:\/\/www.ivanabeaumond.com.br\/vestidos-noiva\/#\/schema\/person\/image\/","url":"https:\/\/secure.gravatar.com\/avatar\/641f98db20b53ec937ceb641db4270b9?s=96&d=mm&r=g","contentUrl":"https:\/\/secure.gravatar.com\/avatar\/641f98db20b53ec937ceb641db4270b9?s=96&d=mm&r=g","caption":"Ivana Beaumond Paris"},"url":"https:\/\/www.ivanabeaumond.com.br\/vestidos-noiva\/author\/ivana\/"}]}},"_links":{"self":[{"href":"https:\/\/www.ivanabeaumond.com.br\/vestidos-noiva\/wp-json\/wp\/v2\/posts\/13188"}],"collection":[{"href":"https:\/\/www.ivanabeaumond.com.br\/vestidos-noiva\/wp-json\/wp\/v2\/posts"}],"about":[{"href":"https:\/\/www.ivanabeaumond.com.br\/vestidos-noiva\/wp-json\/wp\/v2\/types\/post"}],"author":[{"embeddable":true,"href":"https:\/\/www.ivanabeaumond.com.br\/vestidos-noiva\/wp-json\/wp\/v2\/users\/4"}],"replies":[{"embeddable":true,"href":"https:\/\/www.ivanabeaumond.com.br\/vestidos-noiva\/wp-json\/wp\/v2\/comments?post=13188"}],"version-history":[{"count":6,"href":"https:\/\/www.ivanabeaumond.com.br\/vestidos-noiva\/wp-json\/wp\/v2\/posts\/13188\/revisions"}],"predecessor-version":[{"id":13914,"href":"https:\/\/www.ivanabeaumond.com.br\/vestidos-noiva\/wp-json\/wp\/v2\/posts\/13188\/revisions\/13914"}],"wp:featuredmedia":[{"embeddable":true,"href":"https:\/\/www.ivanabeaumond.com.br\/vestidos-noiva\/wp-json\/wp\/v2\/media\/13191"}],"wp:attachment":[{"href":"https:\/\/www.ivanabeaumond.com.br\/vestidos-noiva\/wp-json\/wp\/v2\/media?parent=13188"}],"wp:term":[{"taxonomy":"category","embeddable":true,"href":"https:\/\/www.ivanabeaumond.com.br\/vestidos-noiva\/wp-json\/wp\/v2\/categories?post=13188"},{"taxonomy":"post_tag","embeddable":true,"href":"https:\/\/www.ivanabeaumond.com.br\/vestidos-noiva\/wp-json\/wp\/v2\/tags?post=13188"}],"curies":[{"name":"wp","href":"https:\/\/api.w.org\/{rel}","templated":true}]}}