{"id":13223,"date":"2017-09-04T13:25:31","date_gmt":"2017-09-04T16:25:31","guid":{"rendered":"http:\/\/www.ivanabeaumond.com.br\/vestidos-noiva\/?p=13223"},"modified":"2017-10-23T15:25:42","modified_gmt":"2017-10-23T17:25:42","slug":"mell-crystie-cunhada-de-mc-duduzinho-veste-ivana-beaumond-nos-seus-15-anos","status":"publish","type":"post","link":"https:\/\/www.ivanabeaumond.com.br\/vestidos-noiva\/mell-crystie-cunhada-de-mc-duduzinho-veste-ivana-beaumond-nos-seus-15-anos\/","title":{"rendered":"Mell Crystie cunhada de MC Duduzinho veste Ivana Beaumond nos seus 15 anos.."},"content":{"rendered":"<h4 style=\"text-align: justify;\"><span style=\"color: #999999;\">Nada como ter artista na fam\u00edlia. O funkeiro Duduzinho comandou o show de anivers\u00e1rio de 15 anos da cunhada, Mell Crystie. A menina \u00e9 irm\u00e3 da mulher do cantor, Allana Azevedo, e sobrinha do m\u00fasico Pepeu Gomes. A festa contou ainda com a presen\u00e7a de Nikki Meneghel, atriz mirim e sobrinha da apresentadora Xuxa.<\/span><\/h4>\n<h4 style=\"text-align: justify;\"><span style=\"color: #999999;\">Mell, vestiu nossos modelos exclusivos ficou bel\u00edssima e curtiu muito sua grande festa..<\/span><\/h4>\n<p><a href=\"http:\/\/www.ivanabeaumond.com.br\/vestidos-noiva\/wp-content\/uploads\/2017\/08\/MellCrystie-cunhada-de-MCDuduzinho-veste-IvanaBeaumond-8.jpg\"><img decoding=\"async\" loading=\"lazy\" class=\"  wp-image-13228 aligncenter\" src=\"http:\/\/www.ivanabeaumond.com.br\/vestidos-noiva\/wp-content\/uploads\/2017\/08\/MellCrystie-cunhada-de-MCDuduzinho-veste-IvanaBeaumond-8.jpg\" alt=\"MellCrystie-cunhada-de-MCDuduzinho-veste-IvanaBeaumond 8\" width=\"750\" height=\"422\" srcset=\"https:\/\/www.ivanabeaumond.com.br\/vestidos-noiva\/wp-content\/uploads\/2017\/08\/MellCrystie-cunhada-de-MCDuduzinho-veste-IvanaBeaumond-8.jpg 640w, https:\/\/www.ivanabeaumond.com.br\/vestidos-noiva\/wp-content\/uploads\/2017\/08\/MellCrystie-cunhada-de-MCDuduzinho-veste-IvanaBeaumond-8-300x169.jpg 300w\" sizes=\"(max-width: 750px) 100vw, 750px\" \/><\/a><\/p>\n<p>&nbsp;<\/p>\n<p>&nbsp;<\/p>\n<p><a href=\"http:\/\/www.ivanabeaumond.com.br\/vestidos-noiva\/wp-content\/uploads\/2017\/08\/MellCrystie-cunhada-de-MCDuduzinho-veste-IvanaBeaumond-nos-seus-15-anos..jpg\"><img decoding=\"async\" loading=\"lazy\" class=\"aligncenter  wp-image-13231\" src=\"http:\/\/www.ivanabeaumond.com.br\/vestidos-noiva\/wp-content\/uploads\/2017\/08\/MellCrystie-cunhada-de-MCDuduzinho-veste-IvanaBeaumond-nos-seus-15-anos..jpg\" alt=\"MellCrystie-cunhada-de-MCDuduzinho-veste-IvanaBeaumond nos seus 15 anos.\" width=\"751\" height=\"500\" srcset=\"https:\/\/www.ivanabeaumond.com.br\/vestidos-noiva\/wp-content\/uploads\/2017\/08\/MellCrystie-cunhada-de-MCDuduzinho-veste-IvanaBeaumond-nos-seus-15-anos..jpg 960w, https:\/\/www.ivanabeaumond.com.br\/vestidos-noiva\/wp-content\/uploads\/2017\/08\/MellCrystie-cunhada-de-MCDuduzinho-veste-IvanaBeaumond-nos-seus-15-anos.-300x200.jpg 300w, https:\/\/www.ivanabeaumond.com.br\/vestidos-noiva\/wp-content\/uploads\/2017\/08\/MellCrystie-cunhada-de-MCDuduzinho-veste-IvanaBeaumond-nos-seus-15-anos.-480x320.jpg 480w\" sizes=\"(max-width: 751px) 100vw, 751px\" \/><\/a><\/p>\n<p><a href=\"http:\/\/www.ivanabeaumond.com.br\/vestidos-noiva\/wp-content\/uploads\/2017\/08\/MellCrystie-cunhada-de-MCDuduzinho-veste-IvanaBeaumond-13.jpg\"><img decoding=\"async\" loading=\"lazy\" class=\"aligncenter size-full wp-image-13230\" src=\"http:\/\/www.ivanabeaumond.com.br\/vestidos-noiva\/wp-content\/uploads\/2017\/08\/MellCrystie-cunhada-de-MCDuduzinho-veste-IvanaBeaumond-13.jpg\" alt=\"MellCrystie-cunhada-de-MCDuduzinho-veste-IvanaBeaumond 13\" width=\"448\" height=\"672\" srcset=\"https:\/\/www.ivanabeaumond.com.br\/vestidos-noiva\/wp-content\/uploads\/2017\/08\/MellCrystie-cunhada-de-MCDuduzinho-veste-IvanaBeaumond-13.jpg 448w, https:\/\/www.ivanabeaumond.com.br\/vestidos-noiva\/wp-content\/uploads\/2017\/08\/MellCrystie-cunhada-de-MCDuduzinho-veste-IvanaBeaumond-13-200x300.jpg 200w\" sizes=\"(max-width: 448px) 100vw, 448px\" \/><\/a><\/p>\n<p><a href=\"http:\/\/www.ivanabeaumond.com.br\/vestidos-noiva\/wp-content\/uploads\/2017\/08\/MellCrystie-cunhada-de-MCDuduzinho-veste-IvanaBeaumond-5.jpg\"><img decoding=\"async\" loading=\"lazy\" class=\"aligncenter  wp-image-13226\" src=\"http:\/\/www.ivanabeaumond.com.br\/vestidos-noiva\/wp-content\/uploads\/2017\/08\/MellCrystie-cunhada-de-MCDuduzinho-veste-IvanaBeaumond-5.jpg\" alt=\"MellCrystie-cunhada-de-MCDuduzinho-veste-IvanaBeaumond 5\" width=\"755\" height=\"503\" srcset=\"https:\/\/www.ivanabeaumond.com.br\/vestidos-noiva\/wp-content\/uploads\/2017\/08\/MellCrystie-cunhada-de-MCDuduzinho-veste-IvanaBeaumond-5.jpg 960w, https:\/\/www.ivanabeaumond.com.br\/vestidos-noiva\/wp-content\/uploads\/2017\/08\/MellCrystie-cunhada-de-MCDuduzinho-veste-IvanaBeaumond-5-300x200.jpg 300w, https:\/\/www.ivanabeaumond.com.br\/vestidos-noiva\/wp-content\/uploads\/2017\/08\/MellCrystie-cunhada-de-MCDuduzinho-veste-IvanaBeaumond-5-480x320.jpg 480w\" sizes=\"(max-width: 755px) 100vw, 755px\" \/><\/a><\/p>\n<p><a href=\"http:\/\/www.ivanabeaumond.com.br\/vestidos-noiva\/wp-content\/uploads\/2017\/08\/MellCrystie-cunhada-de-MCDuduzinho-veste-IvanaBeaumond-2.jpg\"><img decoding=\"async\" loading=\"lazy\" class=\"  wp-image-13225 aligncenter\" src=\"http:\/\/www.ivanabeaumond.com.br\/vestidos-noiva\/wp-content\/uploads\/2017\/08\/MellCrystie-cunhada-de-MCDuduzinho-veste-IvanaBeaumond-2.jpg\" alt=\"MellCrystie-cunhada-de-MCDuduzinho-veste-IvanaBeaumond 2\" width=\"754\" height=\"502\" srcset=\"https:\/\/www.ivanabeaumond.com.br\/vestidos-noiva\/wp-content\/uploads\/2017\/08\/MellCrystie-cunhada-de-MCDuduzinho-veste-IvanaBeaumond-2.jpg 960w, https:\/\/www.ivanabeaumond.com.br\/vestidos-noiva\/wp-content\/uploads\/2017\/08\/MellCrystie-cunhada-de-MCDuduzinho-veste-IvanaBeaumond-2-300x200.jpg 300w, https:\/\/www.ivanabeaumond.com.br\/vestidos-noiva\/wp-content\/uploads\/2017\/08\/MellCrystie-cunhada-de-MCDuduzinho-veste-IvanaBeaumond-2-480x320.jpg 480w\" sizes=\"(max-width: 754px) 100vw, 754px\" \/><\/a><\/p>\n<p><a href=\"http:\/\/www.ivanabeaumond.com.br\/vestidos-noiva\/wp-content\/uploads\/2017\/08\/MellCrystie-cunhada-de-MCDuduzinho-veste-IvanaBeaumond-1.jpg\"><img decoding=\"async\" loading=\"lazy\" class=\"  wp-image-13224 aligncenter\" src=\"http:\/\/www.ivanabeaumond.com.br\/vestidos-noiva\/wp-content\/uploads\/2017\/08\/MellCrystie-cunhada-de-MCDuduzinho-veste-IvanaBeaumond-1.jpg\" alt=\"MellCrystie-cunhada-de-MCDuduzinho-veste-IvanaBeaumond 1\" width=\"395\" height=\"594\" srcset=\"https:\/\/www.ivanabeaumond.com.br\/vestidos-noiva\/wp-content\/uploads\/2017\/08\/MellCrystie-cunhada-de-MCDuduzinho-veste-IvanaBeaumond-1.jpg 640w, https:\/\/www.ivanabeaumond.com.br\/vestidos-noiva\/wp-content\/uploads\/2017\/08\/MellCrystie-cunhada-de-MCDuduzinho-veste-IvanaBeaumond-1-200x300.jpg 200w\" sizes=\"(max-width: 395px) 100vw, 395px\" \/><\/a><\/p>\n<h4 style=\"text-align: justify;\"><span style=\"color: #999999;\">fotos por @gutho_oliveira e\u00a0Foto Rog\u00e9rio Fidalgo.<\/span><\/h4>\n<p>&nbsp;<\/p>\n<p>&nbsp;<\/p>\n<p>&nbsp;<\/p>\n","protected":false},"excerpt":{"rendered":"<p>Nada como ter artista na fam\u00edlia. O funkeiro Duduzinho comandou&#8230;<\/p>\n","protected":false},"author":4,"featured_media":13227,"comment_status":"open","ping_status":"open","sticky":false,"template":"","format":"standard","meta":[],"categories":[128],"tags":[131,133,96,137,162,103,136,164,165,138,115],"yoast_head":"<!-- This site is optimized with the Yoast SEO plugin v20.3 - https:\/\/yoast.com\/wordpress\/plugins\/seo\/ -->\n<title>Mell Crystie cunhada de MC Duduzinho veste Ivana Beaumond nos seus 15 anos.. - Vestido de Noiva RJ<\/title>\n<meta name=\"robots\" content=\"index, follow, max-snippet:-1, max-image-preview:large, max-video-preview:-1\" \/>\n<link rel=\"canonical\" href=\"https:\/\/www.ivanabeaumond.com.br\/vestidos-noiva\/mell-crystie-cunhada-de-mc-duduzinho-veste-ivana-beaumond-nos-seus-15-anos\/\" \/>\n<meta property=\"og:locale\" content=\"pt_BR\" \/>\n<meta property=\"og:type\" content=\"article\" \/>\n<meta property=\"og:title\" content=\"Mell Crystie cunhada de MC Duduzinho veste Ivana Beaumond nos seus 15 anos.. - Vestido de Noiva RJ\" \/>\n<meta property=\"og:description\" content=\"Nada como ter artista na fam\u00edlia. O funkeiro Duduzinho comandou...\" \/>\n<meta property=\"og:url\" content=\"https:\/\/www.ivanabeaumond.com.br\/vestidos-noiva\/mell-crystie-cunhada-de-mc-duduzinho-veste-ivana-beaumond-nos-seus-15-anos\/\" \/>\n<meta property=\"og:site_name\" content=\"Vestido de Noiva RJ\" \/>\n<meta property=\"article:publisher\" content=\"https:\/\/www.facebook.com\/ivana.beaumondnoivas\" \/>\n<meta property=\"article:published_time\" content=\"2017-09-04T16:25:31+00:00\" \/>\n<meta property=\"article:modified_time\" content=\"2017-10-23T17:25:42+00:00\" \/>\n<meta property=\"og:image\" content=\"https:\/\/www.ivanabeaumond.com.br\/vestidos-noiva\/wp-content\/uploads\/2017\/08\/MellCrystie-cunhada-de-MCDuduzinho-veste-IvanaBeaumond-6.jpg\" \/>\n\t<meta property=\"og:image:width\" content=\"640\" \/>\n\t<meta property=\"og:image:height\" content=\"960\" \/>\n\t<meta property=\"og:image:type\" content=\"image\/jpeg\" \/>\n<meta name=\"author\" content=\"Ivana Beaumond Paris\" \/>\n<meta name=\"twitter:card\" content=\"summary_large_image\" \/>\n<meta name=\"twitter:label1\" content=\"Escrito por\" \/>\n\t<meta name=\"twitter:data1\" content=\"Ivana Beaumond Paris\" \/>\n<script type=\"application\/ld+json\" class=\"yoast-schema-graph\">{\"@context\":\"https:\/\/schema.org\",\"@graph\":[{\"@type\":\"Article\",\"@id\":\"https:\/\/www.ivanabeaumond.com.br\/vestidos-noiva\/mell-crystie-cunhada-de-mc-duduzinho-veste-ivana-beaumond-nos-seus-15-anos\/#article\",\"isPartOf\":{\"@id\":\"https:\/\/www.ivanabeaumond.com.br\/vestidos-noiva\/mell-crystie-cunhada-de-mc-duduzinho-veste-ivana-beaumond-nos-seus-15-anos\/\"},\"author\":{\"name\":\"Ivana Beaumond Paris\",\"@id\":\"https:\/\/www.ivanabeaumond.com.br\/vestidos-noiva\/#\/schema\/person\/1a360c4cffa3b806d29a456389dcff26\"},\"headline\":\"Mell Crystie cunhada de MC Duduzinho veste Ivana Beaumond nos seus 15 anos..\",\"datePublished\":\"2017-09-04T16:25:31+00:00\",\"dateModified\":\"2017-10-23T17:25:42+00:00\",\"mainEntityOfPage\":{\"@id\":\"https:\/\/www.ivanabeaumond.com.br\/vestidos-noiva\/mell-crystie-cunhada-de-mc-duduzinho-veste-ivana-beaumond-nos-seus-15-anos\/\"},\"wordCount\":96,\"commentCount\":0,\"publisher\":{\"@id\":\"https:\/\/www.ivanabeaumond.com.br\/vestidos-noiva\/#organization\"},\"keywords\":[\"aluguel de roupas\",\"atelierivanabeaumond\",\"casamento\",\"convidadas\",\"festas\",\"madrinhas\",\"moda festa\",\"noivas\",\"padrinhos\",\"vestido de festa\",\"vestido de noiva\"],\"articleSection\":[\"Na M\u00eddia\"],\"inLanguage\":\"pt-BR\",\"potentialAction\":[{\"@type\":\"CommentAction\",\"name\":\"Comment\",\"target\":[\"https:\/\/www.ivanabeaumond.com.br\/vestidos-noiva\/mell-crystie-cunhada-de-mc-duduzinho-veste-ivana-beaumond-nos-seus-15-anos\/#respond\"]}]},{\"@type\":\"WebPage\",\"@id\":\"https:\/\/www.ivanabeaumond.com.br\/vestidos-noiva\/mell-crystie-cunhada-de-mc-duduzinho-veste-ivana-beaumond-nos-seus-15-anos\/\",\"url\":\"https:\/\/www.ivanabeaumond.com.br\/vestidos-noiva\/mell-crystie-cunhada-de-mc-duduzinho-veste-ivana-beaumond-nos-seus-15-anos\/\",\"name\":\"Mell Crystie cunhada de MC Duduzinho veste Ivana Beaumond nos seus 15 anos.. - Vestido de Noiva RJ\",\"isPartOf\":{\"@id\":\"https:\/\/www.ivanabeaumond.com.br\/vestidos-noiva\/#website\"},\"datePublished\":\"2017-09-04T16:25:31+00:00\",\"dateModified\":\"2017-10-23T17:25:42+00:00\",\"breadcrumb\":{\"@id\":\"https:\/\/www.ivanabeaumond.com.br\/vestidos-noiva\/mell-crystie-cunhada-de-mc-duduzinho-veste-ivana-beaumond-nos-seus-15-anos\/#breadcrumb\"},\"inLanguage\":\"pt-BR\",\"potentialAction\":[{\"@type\":\"ReadAction\",\"target\":[\"https:\/\/www.ivanabeaumond.com.br\/vestidos-noiva\/mell-crystie-cunhada-de-mc-duduzinho-veste-ivana-beaumond-nos-seus-15-anos\/\"]}]},{\"@type\":\"BreadcrumbList\",\"@id\":\"https:\/\/www.ivanabeaumond.com.br\/vestidos-noiva\/mell-crystie-cunhada-de-mc-duduzinho-veste-ivana-beaumond-nos-seus-15-anos\/#breadcrumb\",\"itemListElement\":[{\"@type\":\"ListItem\",\"position\":1,\"name\":\"In\u00edcio\",\"item\":\"https:\/\/www.ivanabeaumond.com.br\/vestidos-noiva\/\"},{\"@type\":\"ListItem\",\"position\":2,\"name\":\"Mell Crystie cunhada de MC Duduzinho veste Ivana Beaumond nos seus 15 anos..\"}]},{\"@type\":\"WebSite\",\"@id\":\"https:\/\/www.ivanabeaumond.com.br\/vestidos-noiva\/#website\",\"url\":\"https:\/\/www.ivanabeaumond.com.br\/vestidos-noiva\/\",\"name\":\"Vestido de Noiva RJ\",\"description\":\"Moda Noiva\",\"publisher\":{\"@id\":\"https:\/\/www.ivanabeaumond.com.br\/vestidos-noiva\/#organization\"},\"potentialAction\":[{\"@type\":\"SearchAction\",\"target\":{\"@type\":\"EntryPoint\",\"urlTemplate\":\"https:\/\/www.ivanabeaumond.com.br\/vestidos-noiva\/?s={search_term_string}\"},\"query-input\":\"required name=search_term_string\"}],\"inLanguage\":\"pt-BR\"},{\"@type\":\"Organization\",\"@id\":\"https:\/\/www.ivanabeaumond.com.br\/vestidos-noiva\/#organization\",\"name\":\"Vestido de Noiva RJ\",\"url\":\"https:\/\/www.ivanabeaumond.com.br\/vestidos-noiva\/\",\"logo\":{\"@type\":\"ImageObject\",\"inLanguage\":\"pt-BR\",\"@id\":\"https:\/\/www.ivanabeaumond.com.br\/vestidos-noiva\/#\/schema\/logo\/image\/\",\"url\":\"https:\/\/www.ivanabeaumond.com.br\/vestidos-noiva\/wp-content\/uploads\/2018\/02\/logo_ivana_beaumond-2.png\",\"contentUrl\":\"https:\/\/www.ivanabeaumond.com.br\/vestidos-noiva\/wp-content\/uploads\/2018\/02\/logo_ivana_beaumond-2.png\",\"width\":230,\"height\":112,\"caption\":\"Vestido de Noiva RJ\"},\"image\":{\"@id\":\"https:\/\/www.ivanabeaumond.com.br\/vestidos-noiva\/#\/schema\/logo\/image\/\"},\"sameAs\":[\"https:\/\/www.facebook.com\/ivana.beaumondnoivas\",\"https:\/\/www.instagram.com\/ivanabeaumond\/\",\"https:\/\/www.tiktok.com\/@ivanabeaumond\"]},{\"@type\":\"Person\",\"@id\":\"https:\/\/www.ivanabeaumond.com.br\/vestidos-noiva\/#\/schema\/person\/1a360c4cffa3b806d29a456389dcff26\",\"name\":\"Ivana Beaumond Paris\",\"image\":{\"@type\":\"ImageObject\",\"inLanguage\":\"pt-BR\",\"@id\":\"https:\/\/www.ivanabeaumond.com.br\/vestidos-noiva\/#\/schema\/person\/image\/\",\"url\":\"https:\/\/secure.gravatar.com\/avatar\/641f98db20b53ec937ceb641db4270b9?s=96&d=mm&r=g\",\"contentUrl\":\"https:\/\/secure.gravatar.com\/avatar\/641f98db20b53ec937ceb641db4270b9?s=96&d=mm&r=g\",\"caption\":\"Ivana Beaumond Paris\"},\"url\":\"https:\/\/www.ivanabeaumond.com.br\/vestidos-noiva\/author\/ivana\/\"}]}<\/script>\n<!-- \/ Yoast SEO plugin. -->","yoast_head_json":{"title":"Mell Crystie cunhada de MC Duduzinho veste Ivana Beaumond nos seus 15 anos.. - Vestido de Noiva RJ","robots":{"index":"index","follow":"follow","max-snippet":"max-snippet:-1","max-image-preview":"max-image-preview:large","max-video-preview":"max-video-preview:-1"},"canonical":"https:\/\/www.ivanabeaumond.com.br\/vestidos-noiva\/mell-crystie-cunhada-de-mc-duduzinho-veste-ivana-beaumond-nos-seus-15-anos\/","og_locale":"pt_BR","og_type":"article","og_title":"Mell Crystie cunhada de MC Duduzinho veste Ivana Beaumond nos seus 15 anos.. - Vestido de Noiva RJ","og_description":"Nada como ter artista na fam\u00edlia. O funkeiro Duduzinho comandou...","og_url":"https:\/\/www.ivanabeaumond.com.br\/vestidos-noiva\/mell-crystie-cunhada-de-mc-duduzinho-veste-ivana-beaumond-nos-seus-15-anos\/","og_site_name":"Vestido de Noiva RJ","article_publisher":"https:\/\/www.facebook.com\/ivana.beaumondnoivas","article_published_time":"2017-09-04T16:25:31+00:00","article_modified_time":"2017-10-23T17:25:42+00:00","og_image":[{"width":640,"height":960,"url":"https:\/\/www.ivanabeaumond.com.br\/vestidos-noiva\/wp-content\/uploads\/2017\/08\/MellCrystie-cunhada-de-MCDuduzinho-veste-IvanaBeaumond-6.jpg","type":"image\/jpeg"}],"author":"Ivana Beaumond Paris","twitter_card":"summary_large_image","twitter_misc":{"Escrito por":"Ivana Beaumond Paris"},"schema":{"@context":"https:\/\/schema.org","@graph":[{"@type":"Article","@id":"https:\/\/www.ivanabeaumond.com.br\/vestidos-noiva\/mell-crystie-cunhada-de-mc-duduzinho-veste-ivana-beaumond-nos-seus-15-anos\/#article","isPartOf":{"@id":"https:\/\/www.ivanabeaumond.com.br\/vestidos-noiva\/mell-crystie-cunhada-de-mc-duduzinho-veste-ivana-beaumond-nos-seus-15-anos\/"},"author":{"name":"Ivana Beaumond Paris","@id":"https:\/\/www.ivanabeaumond.com.br\/vestidos-noiva\/#\/schema\/person\/1a360c4cffa3b806d29a456389dcff26"},"headline":"Mell Crystie cunhada de MC Duduzinho veste Ivana Beaumond nos seus 15 anos..","datePublished":"2017-09-04T16:25:31+00:00","dateModified":"2017-10-23T17:25:42+00:00","mainEntityOfPage":{"@id":"https:\/\/www.ivanabeaumond.com.br\/vestidos-noiva\/mell-crystie-cunhada-de-mc-duduzinho-veste-ivana-beaumond-nos-seus-15-anos\/"},"wordCount":96,"commentCount":0,"publisher":{"@id":"https:\/\/www.ivanabeaumond.com.br\/vestidos-noiva\/#organization"},"keywords":["aluguel de roupas","atelierivanabeaumond","casamento","convidadas","festas","madrinhas","moda festa","noivas","padrinhos","vestido de festa","vestido de noiva"],"articleSection":["Na M\u00eddia"],"inLanguage":"pt-BR","potentialAction":[{"@type":"CommentAction","name":"Comment","target":["https:\/\/www.ivanabeaumond.com.br\/vestidos-noiva\/mell-crystie-cunhada-de-mc-duduzinho-veste-ivana-beaumond-nos-seus-15-anos\/#respond"]}]},{"@type":"WebPage","@id":"https:\/\/www.ivanabeaumond.com.br\/vestidos-noiva\/mell-crystie-cunhada-de-mc-duduzinho-veste-ivana-beaumond-nos-seus-15-anos\/","url":"https:\/\/www.ivanabeaumond.com.br\/vestidos-noiva\/mell-crystie-cunhada-de-mc-duduzinho-veste-ivana-beaumond-nos-seus-15-anos\/","name":"Mell Crystie cunhada de MC Duduzinho veste Ivana Beaumond nos seus 15 anos.. - Vestido de Noiva RJ","isPartOf":{"@id":"https:\/\/www.ivanabeaumond.com.br\/vestidos-noiva\/#website"},"datePublished":"2017-09-04T16:25:31+00:00","dateModified":"2017-10-23T17:25:42+00:00","breadcrumb":{"@id":"https:\/\/www.ivanabeaumond.com.br\/vestidos-noiva\/mell-crystie-cunhada-de-mc-duduzinho-veste-ivana-beaumond-nos-seus-15-anos\/#breadcrumb"},"inLanguage":"pt-BR","potentialAction":[{"@type":"ReadAction","target":["https:\/\/www.ivanabeaumond.com.br\/vestidos-noiva\/mell-crystie-cunhada-de-mc-duduzinho-veste-ivana-beaumond-nos-seus-15-anos\/"]}]},{"@type":"BreadcrumbList","@id":"https:\/\/www.ivanabeaumond.com.br\/vestidos-noiva\/mell-crystie-cunhada-de-mc-duduzinho-veste-ivana-beaumond-nos-seus-15-anos\/#breadcrumb","itemListElement":[{"@type":"ListItem","position":1,"name":"In\u00edcio","item":"https:\/\/www.ivanabeaumond.com.br\/vestidos-noiva\/"},{"@type":"ListItem","position":2,"name":"Mell Crystie cunhada de MC Duduzinho veste Ivana Beaumond nos seus 15 anos.."}]},{"@type":"WebSite","@id":"https:\/\/www.ivanabeaumond.com.br\/vestidos-noiva\/#website","url":"https:\/\/www.ivanabeaumond.com.br\/vestidos-noiva\/","name":"Vestido de Noiva RJ","description":"Moda Noiva","publisher":{"@id":"https:\/\/www.ivanabeaumond.com.br\/vestidos-noiva\/#organization"},"potentialAction":[{"@type":"SearchAction","target":{"@type":"EntryPoint","urlTemplate":"https:\/\/www.ivanabeaumond.com.br\/vestidos-noiva\/?s={search_term_string}"},"query-input":"required name=search_term_string"}],"inLanguage":"pt-BR"},{"@type":"Organization","@id":"https:\/\/www.ivanabeaumond.com.br\/vestidos-noiva\/#organization","name":"Vestido de Noiva RJ","url":"https:\/\/www.ivanabeaumond.com.br\/vestidos-noiva\/","logo":{"@type":"ImageObject","inLanguage":"pt-BR","@id":"https:\/\/www.ivanabeaumond.com.br\/vestidos-noiva\/#\/schema\/logo\/image\/","url":"https:\/\/www.ivanabeaumond.com.br\/vestidos-noiva\/wp-content\/uploads\/2018\/02\/logo_ivana_beaumond-2.png","contentUrl":"https:\/\/www.ivanabeaumond.com.br\/vestidos-noiva\/wp-content\/uploads\/2018\/02\/logo_ivana_beaumond-2.png","width":230,"height":112,"caption":"Vestido de Noiva RJ"},"image":{"@id":"https:\/\/www.ivanabeaumond.com.br\/vestidos-noiva\/#\/schema\/logo\/image\/"},"sameAs":["https:\/\/www.facebook.com\/ivana.beaumondnoivas","https:\/\/www.instagram.com\/ivanabeaumond\/","https:\/\/www.tiktok.com\/@ivanabeaumond"]},{"@type":"Person","@id":"https:\/\/www.ivanabeaumond.com.br\/vestidos-noiva\/#\/schema\/person\/1a360c4cffa3b806d29a456389dcff26","name":"Ivana Beaumond Paris","image":{"@type":"ImageObject","inLanguage":"pt-BR","@id":"https:\/\/www.ivanabeaumond.com.br\/vestidos-noiva\/#\/schema\/person\/image\/","url":"https:\/\/secure.gravatar.com\/avatar\/641f98db20b53ec937ceb641db4270b9?s=96&d=mm&r=g","contentUrl":"https:\/\/secure.gravatar.com\/avatar\/641f98db20b53ec937ceb641db4270b9?s=96&d=mm&r=g","caption":"Ivana Beaumond Paris"},"url":"https:\/\/www.ivanabeaumond.com.br\/vestidos-noiva\/author\/ivana\/"}]}},"_links":{"self":[{"href":"https:\/\/www.ivanabeaumond.com.br\/vestidos-noiva\/wp-json\/wp\/v2\/posts\/13223"}],"collection":[{"href":"https:\/\/www.ivanabeaumond.com.br\/vestidos-noiva\/wp-json\/wp\/v2\/posts"}],"about":[{"href":"https:\/\/www.ivanabeaumond.com.br\/vestidos-noiva\/wp-json\/wp\/v2\/types\/post"}],"author":[{"embeddable":true,"href":"https:\/\/www.ivanabeaumond.com.br\/vestidos-noiva\/wp-json\/wp\/v2\/users\/4"}],"replies":[{"embeddable":true,"href":"https:\/\/www.ivanabeaumond.com.br\/vestidos-noiva\/wp-json\/wp\/v2\/comments?post=13223"}],"version-history":[{"count":7,"href":"https:\/\/www.ivanabeaumond.com.br\/vestidos-noiva\/wp-json\/wp\/v2\/posts\/13223\/revisions"}],"predecessor-version":[{"id":13491,"href":"https:\/\/www.ivanabeaumond.com.br\/vestidos-noiva\/wp-json\/wp\/v2\/posts\/13223\/revisions\/13491"}],"wp:featuredmedia":[{"embeddable":true,"href":"https:\/\/www.ivanabeaumond.com.br\/vestidos-noiva\/wp-json\/wp\/v2\/media\/13227"}],"wp:attachment":[{"href":"https:\/\/www.ivanabeaumond.com.br\/vestidos-noiva\/wp-json\/wp\/v2\/media?parent=13223"}],"wp:term":[{"taxonomy":"category","embeddable":true,"href":"https:\/\/www.ivanabeaumond.com.br\/vestidos-noiva\/wp-json\/wp\/v2\/categories?post=13223"},{"taxonomy":"post_tag","embeddable":true,"href":"https:\/\/www.ivanabeaumond.com.br\/vestidos-noiva\/wp-json\/wp\/v2\/tags?post=13223"}],"curies":[{"name":"wp","href":"https:\/\/api.w.org\/{rel}","templated":true}]}}