{"id":13272,"date":"2017-08-14T19:38:21","date_gmt":"2017-08-14T22:38:21","guid":{"rendered":"http:\/\/www.ivanabeaumond.com.br\/vestidos-noiva\/?p=13272"},"modified":"2020-08-25T17:10:56","modified_gmt":"2020-08-25T20:10:56","slug":"miss-teen-julia-scarpa-veste-ivana-beaumond","status":"publish","type":"post","link":"https:\/\/www.ivanabeaumond.com.br\/vestidos-noiva\/miss-teen-julia-scarpa-veste-ivana-beaumond\/","title":{"rendered":"Miss Teen J\u00falia Scarpa veste Ivana Beaumond"},"content":{"rendered":"<h4 style=\"text-align: justify;\"><span style=\"color: #999999;\">Em seus 15 anos foi realizado a t\u00e3o sonhada festa de debutante no espa\u00e7o Megga Festa. Uma longa jornada de preparativos, degusta\u00e7\u00f5es, ajustes para que tudo ficasse do jeitinho que nossa princesa sempre sonhou.&nbsp; Grande festa que encantou todos os convidados de Ju. Tudo preparado com bastante carinho e amor e claro, n\u00e3o podia ser diferente, n\u00f3s participamos deste sonho tamb\u00e9m. A nossa Miss Niter\u00f3i vestiu dois de nossos modelos exclusivos debutantes, em seu grande dia. Confira embaixo algumas fotos:<\/span><\/h4>\n<p><a href=\"http:\/\/www.ivanabeaumond.com.br\/vestidos-noiva\/wp-content\/uploads\/2017\/08\/13612126_1050527581681027_4981202169871425900_n.jpg\"><img decoding=\"async\" loading=\"lazy\" class=\"aligncenter size-full wp-image-13273\" src=\"http:\/\/www.ivanabeaumond.com.br\/vestidos-noiva\/wp-content\/uploads\/2017\/08\/13612126_1050527581681027_4981202169871425900_n.jpg\" alt=\"JuliaScarpa-veste-IvanaBeaumond_vestido-de-debutante\" width=\"640\" height=\"960\" srcset=\"https:\/\/www.ivanabeaumond.com.br\/vestidos-noiva\/wp-content\/uploads\/2017\/08\/13612126_1050527581681027_4981202169871425900_n.jpg 640w, https:\/\/www.ivanabeaumond.com.br\/vestidos-noiva\/wp-content\/uploads\/2017\/08\/13612126_1050527581681027_4981202169871425900_n-200x300.jpg 200w\" sizes=\"(max-width: 640px) 100vw, 640px\" \/><\/a><\/p>\n<p>&nbsp;<\/p>\n<p>&nbsp;<\/p>\n<p>&nbsp;<\/p>\n<p><span style=\"color: #999999;\">Foto: Thain\u00e1 Barros<\/span><br \/>\n<span style=\"color: #999999;\"> Espa\u00e7o: Megga Festas<\/span><\/p>\n<p><span style=\"color: #999999;\">&nbsp;<\/span><\/p>\n<h4><span style=\"color: #999999;\">Ju, desejamos muitas felicidades nessa sua nova fase e esperamos poder continuar fazendo parte de seus sonhos &lt;3<\/span><\/h4>\n","protected":false},"excerpt":{"rendered":"<p>Em seus 15 anos foi realizado a t\u00e3o sonhada festa&#8230;<\/p>\n","protected":false},"author":4,"featured_media":13280,"comment_status":"open","ping_status":"open","sticky":false,"template":"","format":"standard","meta":[],"categories":[129],"tags":[131,133,96,137,162,103,136,164,165,138,115],"yoast_head":"<!-- This site is optimized with the Yoast SEO plugin v20.3 - https:\/\/yoast.com\/wordpress\/plugins\/seo\/ -->\n<title>Miss Teen J\u00falia Scarpa veste Ivana Beaumond - Vestido de Noiva RJ<\/title>\n<meta name=\"robots\" content=\"index, follow, max-snippet:-1, max-image-preview:large, max-video-preview:-1\" \/>\n<link rel=\"canonical\" href=\"https:\/\/www.ivanabeaumond.com.br\/vestidos-noiva\/miss-teen-julia-scarpa-veste-ivana-beaumond\/\" \/>\n<meta property=\"og:locale\" content=\"pt_BR\" \/>\n<meta property=\"og:type\" content=\"article\" \/>\n<meta property=\"og:title\" content=\"Miss Teen J\u00falia Scarpa veste Ivana Beaumond - Vestido de Noiva RJ\" \/>\n<meta property=\"og:description\" content=\"Em seus 15 anos foi realizado a t\u00e3o sonhada festa...\" \/>\n<meta property=\"og:url\" content=\"https:\/\/www.ivanabeaumond.com.br\/vestidos-noiva\/miss-teen-julia-scarpa-veste-ivana-beaumond\/\" \/>\n<meta property=\"og:site_name\" content=\"Vestido de Noiva RJ\" \/>\n<meta property=\"article:publisher\" content=\"https:\/\/www.facebook.com\/ivana.beaumondnoivas\" \/>\n<meta property=\"article:published_time\" content=\"2017-08-14T22:38:21+00:00\" \/>\n<meta property=\"article:modified_time\" content=\"2020-08-25T20:10:56+00:00\" \/>\n<meta property=\"og:image\" content=\"https:\/\/www.ivanabeaumond.com.br\/vestidos-noiva\/wp-content\/uploads\/2017\/08\/13592352_1050527498347702_5301389030892271780_n.jpg\" \/>\n\t<meta property=\"og:image:width\" content=\"960\" \/>\n\t<meta property=\"og:image:height\" content=\"640\" \/>\n\t<meta property=\"og:image:type\" content=\"image\/jpeg\" \/>\n<meta name=\"author\" content=\"Ivana Beaumond Paris\" \/>\n<meta name=\"twitter:card\" content=\"summary_large_image\" \/>\n<meta name=\"twitter:label1\" content=\"Escrito por\" \/>\n\t<meta name=\"twitter:data1\" content=\"Ivana Beaumond Paris\" \/>\n\t<meta name=\"twitter:label2\" content=\"Est. tempo de leitura\" \/>\n\t<meta name=\"twitter:data2\" content=\"1 minuto\" \/>\n<script type=\"application\/ld+json\" class=\"yoast-schema-graph\">{\"@context\":\"https:\/\/schema.org\",\"@graph\":[{\"@type\":\"Article\",\"@id\":\"https:\/\/www.ivanabeaumond.com.br\/vestidos-noiva\/miss-teen-julia-scarpa-veste-ivana-beaumond\/#article\",\"isPartOf\":{\"@id\":\"https:\/\/www.ivanabeaumond.com.br\/vestidos-noiva\/miss-teen-julia-scarpa-veste-ivana-beaumond\/\"},\"author\":{\"name\":\"Ivana Beaumond Paris\",\"@id\":\"https:\/\/www.ivanabeaumond.com.br\/vestidos-noiva\/#\/schema\/person\/1a360c4cffa3b806d29a456389dcff26\"},\"headline\":\"Miss Teen J\u00falia Scarpa veste Ivana Beaumond\",\"datePublished\":\"2017-08-14T22:38:21+00:00\",\"dateModified\":\"2020-08-25T20:10:56+00:00\",\"mainEntityOfPage\":{\"@id\":\"https:\/\/www.ivanabeaumond.com.br\/vestidos-noiva\/miss-teen-julia-scarpa-veste-ivana-beaumond\/\"},\"wordCount\":124,\"commentCount\":0,\"publisher\":{\"@id\":\"https:\/\/www.ivanabeaumond.com.br\/vestidos-noiva\/#organization\"},\"keywords\":[\"aluguel de roupas\",\"atelierivanabeaumond\",\"casamento\",\"convidadas\",\"festas\",\"madrinhas\",\"moda festa\",\"noivas\",\"padrinhos\",\"vestido de festa\",\"vestido de noiva\"],\"articleSection\":[\"Espa\u00e7o Debutantes\"],\"inLanguage\":\"pt-BR\",\"potentialAction\":[{\"@type\":\"CommentAction\",\"name\":\"Comment\",\"target\":[\"https:\/\/www.ivanabeaumond.com.br\/vestidos-noiva\/miss-teen-julia-scarpa-veste-ivana-beaumond\/#respond\"]}]},{\"@type\":\"WebPage\",\"@id\":\"https:\/\/www.ivanabeaumond.com.br\/vestidos-noiva\/miss-teen-julia-scarpa-veste-ivana-beaumond\/\",\"url\":\"https:\/\/www.ivanabeaumond.com.br\/vestidos-noiva\/miss-teen-julia-scarpa-veste-ivana-beaumond\/\",\"name\":\"Miss Teen J\u00falia Scarpa veste Ivana Beaumond - Vestido de Noiva RJ\",\"isPartOf\":{\"@id\":\"https:\/\/www.ivanabeaumond.com.br\/vestidos-noiva\/#website\"},\"datePublished\":\"2017-08-14T22:38:21+00:00\",\"dateModified\":\"2020-08-25T20:10:56+00:00\",\"breadcrumb\":{\"@id\":\"https:\/\/www.ivanabeaumond.com.br\/vestidos-noiva\/miss-teen-julia-scarpa-veste-ivana-beaumond\/#breadcrumb\"},\"inLanguage\":\"pt-BR\",\"potentialAction\":[{\"@type\":\"ReadAction\",\"target\":[\"https:\/\/www.ivanabeaumond.com.br\/vestidos-noiva\/miss-teen-julia-scarpa-veste-ivana-beaumond\/\"]}]},{\"@type\":\"BreadcrumbList\",\"@id\":\"https:\/\/www.ivanabeaumond.com.br\/vestidos-noiva\/miss-teen-julia-scarpa-veste-ivana-beaumond\/#breadcrumb\",\"itemListElement\":[{\"@type\":\"ListItem\",\"position\":1,\"name\":\"In\u00edcio\",\"item\":\"https:\/\/www.ivanabeaumond.com.br\/vestidos-noiva\/\"},{\"@type\":\"ListItem\",\"position\":2,\"name\":\"Miss Teen J\u00falia Scarpa veste Ivana Beaumond\"}]},{\"@type\":\"WebSite\",\"@id\":\"https:\/\/www.ivanabeaumond.com.br\/vestidos-noiva\/#website\",\"url\":\"https:\/\/www.ivanabeaumond.com.br\/vestidos-noiva\/\",\"name\":\"Vestido de Noiva RJ\",\"description\":\"Moda Noiva\",\"publisher\":{\"@id\":\"https:\/\/www.ivanabeaumond.com.br\/vestidos-noiva\/#organization\"},\"potentialAction\":[{\"@type\":\"SearchAction\",\"target\":{\"@type\":\"EntryPoint\",\"urlTemplate\":\"https:\/\/www.ivanabeaumond.com.br\/vestidos-noiva\/?s={search_term_string}\"},\"query-input\":\"required name=search_term_string\"}],\"inLanguage\":\"pt-BR\"},{\"@type\":\"Organization\",\"@id\":\"https:\/\/www.ivanabeaumond.com.br\/vestidos-noiva\/#organization\",\"name\":\"Vestido de Noiva RJ\",\"url\":\"https:\/\/www.ivanabeaumond.com.br\/vestidos-noiva\/\",\"logo\":{\"@type\":\"ImageObject\",\"inLanguage\":\"pt-BR\",\"@id\":\"https:\/\/www.ivanabeaumond.com.br\/vestidos-noiva\/#\/schema\/logo\/image\/\",\"url\":\"https:\/\/www.ivanabeaumond.com.br\/vestidos-noiva\/wp-content\/uploads\/2018\/02\/logo_ivana_beaumond-2.png\",\"contentUrl\":\"https:\/\/www.ivanabeaumond.com.br\/vestidos-noiva\/wp-content\/uploads\/2018\/02\/logo_ivana_beaumond-2.png\",\"width\":230,\"height\":112,\"caption\":\"Vestido de Noiva RJ\"},\"image\":{\"@id\":\"https:\/\/www.ivanabeaumond.com.br\/vestidos-noiva\/#\/schema\/logo\/image\/\"},\"sameAs\":[\"https:\/\/www.facebook.com\/ivana.beaumondnoivas\",\"https:\/\/www.instagram.com\/ivanabeaumond\/\",\"https:\/\/www.tiktok.com\/@ivanabeaumond\"]},{\"@type\":\"Person\",\"@id\":\"https:\/\/www.ivanabeaumond.com.br\/vestidos-noiva\/#\/schema\/person\/1a360c4cffa3b806d29a456389dcff26\",\"name\":\"Ivana Beaumond Paris\",\"image\":{\"@type\":\"ImageObject\",\"inLanguage\":\"pt-BR\",\"@id\":\"https:\/\/www.ivanabeaumond.com.br\/vestidos-noiva\/#\/schema\/person\/image\/\",\"url\":\"https:\/\/secure.gravatar.com\/avatar\/641f98db20b53ec937ceb641db4270b9?s=96&d=mm&r=g\",\"contentUrl\":\"https:\/\/secure.gravatar.com\/avatar\/641f98db20b53ec937ceb641db4270b9?s=96&d=mm&r=g\",\"caption\":\"Ivana Beaumond Paris\"},\"url\":\"https:\/\/www.ivanabeaumond.com.br\/vestidos-noiva\/author\/ivana\/\"}]}<\/script>\n<!-- \/ Yoast SEO plugin. -->","yoast_head_json":{"title":"Miss Teen J\u00falia Scarpa veste Ivana Beaumond - Vestido de Noiva RJ","robots":{"index":"index","follow":"follow","max-snippet":"max-snippet:-1","max-image-preview":"max-image-preview:large","max-video-preview":"max-video-preview:-1"},"canonical":"https:\/\/www.ivanabeaumond.com.br\/vestidos-noiva\/miss-teen-julia-scarpa-veste-ivana-beaumond\/","og_locale":"pt_BR","og_type":"article","og_title":"Miss Teen J\u00falia Scarpa veste Ivana Beaumond - Vestido de Noiva RJ","og_description":"Em seus 15 anos foi realizado a t\u00e3o sonhada festa...","og_url":"https:\/\/www.ivanabeaumond.com.br\/vestidos-noiva\/miss-teen-julia-scarpa-veste-ivana-beaumond\/","og_site_name":"Vestido de Noiva RJ","article_publisher":"https:\/\/www.facebook.com\/ivana.beaumondnoivas","article_published_time":"2017-08-14T22:38:21+00:00","article_modified_time":"2020-08-25T20:10:56+00:00","og_image":[{"width":960,"height":640,"url":"https:\/\/www.ivanabeaumond.com.br\/vestidos-noiva\/wp-content\/uploads\/2017\/08\/13592352_1050527498347702_5301389030892271780_n.jpg","type":"image\/jpeg"}],"author":"Ivana Beaumond Paris","twitter_card":"summary_large_image","twitter_misc":{"Escrito por":"Ivana Beaumond Paris","Est. tempo de leitura":"1 minuto"},"schema":{"@context":"https:\/\/schema.org","@graph":[{"@type":"Article","@id":"https:\/\/www.ivanabeaumond.com.br\/vestidos-noiva\/miss-teen-julia-scarpa-veste-ivana-beaumond\/#article","isPartOf":{"@id":"https:\/\/www.ivanabeaumond.com.br\/vestidos-noiva\/miss-teen-julia-scarpa-veste-ivana-beaumond\/"},"author":{"name":"Ivana Beaumond Paris","@id":"https:\/\/www.ivanabeaumond.com.br\/vestidos-noiva\/#\/schema\/person\/1a360c4cffa3b806d29a456389dcff26"},"headline":"Miss Teen J\u00falia Scarpa veste Ivana Beaumond","datePublished":"2017-08-14T22:38:21+00:00","dateModified":"2020-08-25T20:10:56+00:00","mainEntityOfPage":{"@id":"https:\/\/www.ivanabeaumond.com.br\/vestidos-noiva\/miss-teen-julia-scarpa-veste-ivana-beaumond\/"},"wordCount":124,"commentCount":0,"publisher":{"@id":"https:\/\/www.ivanabeaumond.com.br\/vestidos-noiva\/#organization"},"keywords":["aluguel de roupas","atelierivanabeaumond","casamento","convidadas","festas","madrinhas","moda festa","noivas","padrinhos","vestido de festa","vestido de noiva"],"articleSection":["Espa\u00e7o Debutantes"],"inLanguage":"pt-BR","potentialAction":[{"@type":"CommentAction","name":"Comment","target":["https:\/\/www.ivanabeaumond.com.br\/vestidos-noiva\/miss-teen-julia-scarpa-veste-ivana-beaumond\/#respond"]}]},{"@type":"WebPage","@id":"https:\/\/www.ivanabeaumond.com.br\/vestidos-noiva\/miss-teen-julia-scarpa-veste-ivana-beaumond\/","url":"https:\/\/www.ivanabeaumond.com.br\/vestidos-noiva\/miss-teen-julia-scarpa-veste-ivana-beaumond\/","name":"Miss Teen J\u00falia Scarpa veste Ivana Beaumond - Vestido de Noiva RJ","isPartOf":{"@id":"https:\/\/www.ivanabeaumond.com.br\/vestidos-noiva\/#website"},"datePublished":"2017-08-14T22:38:21+00:00","dateModified":"2020-08-25T20:10:56+00:00","breadcrumb":{"@id":"https:\/\/www.ivanabeaumond.com.br\/vestidos-noiva\/miss-teen-julia-scarpa-veste-ivana-beaumond\/#breadcrumb"},"inLanguage":"pt-BR","potentialAction":[{"@type":"ReadAction","target":["https:\/\/www.ivanabeaumond.com.br\/vestidos-noiva\/miss-teen-julia-scarpa-veste-ivana-beaumond\/"]}]},{"@type":"BreadcrumbList","@id":"https:\/\/www.ivanabeaumond.com.br\/vestidos-noiva\/miss-teen-julia-scarpa-veste-ivana-beaumond\/#breadcrumb","itemListElement":[{"@type":"ListItem","position":1,"name":"In\u00edcio","item":"https:\/\/www.ivanabeaumond.com.br\/vestidos-noiva\/"},{"@type":"ListItem","position":2,"name":"Miss Teen J\u00falia Scarpa veste Ivana Beaumond"}]},{"@type":"WebSite","@id":"https:\/\/www.ivanabeaumond.com.br\/vestidos-noiva\/#website","url":"https:\/\/www.ivanabeaumond.com.br\/vestidos-noiva\/","name":"Vestido de Noiva RJ","description":"Moda Noiva","publisher":{"@id":"https:\/\/www.ivanabeaumond.com.br\/vestidos-noiva\/#organization"},"potentialAction":[{"@type":"SearchAction","target":{"@type":"EntryPoint","urlTemplate":"https:\/\/www.ivanabeaumond.com.br\/vestidos-noiva\/?s={search_term_string}"},"query-input":"required name=search_term_string"}],"inLanguage":"pt-BR"},{"@type":"Organization","@id":"https:\/\/www.ivanabeaumond.com.br\/vestidos-noiva\/#organization","name":"Vestido de Noiva RJ","url":"https:\/\/www.ivanabeaumond.com.br\/vestidos-noiva\/","logo":{"@type":"ImageObject","inLanguage":"pt-BR","@id":"https:\/\/www.ivanabeaumond.com.br\/vestidos-noiva\/#\/schema\/logo\/image\/","url":"https:\/\/www.ivanabeaumond.com.br\/vestidos-noiva\/wp-content\/uploads\/2018\/02\/logo_ivana_beaumond-2.png","contentUrl":"https:\/\/www.ivanabeaumond.com.br\/vestidos-noiva\/wp-content\/uploads\/2018\/02\/logo_ivana_beaumond-2.png","width":230,"height":112,"caption":"Vestido de Noiva RJ"},"image":{"@id":"https:\/\/www.ivanabeaumond.com.br\/vestidos-noiva\/#\/schema\/logo\/image\/"},"sameAs":["https:\/\/www.facebook.com\/ivana.beaumondnoivas","https:\/\/www.instagram.com\/ivanabeaumond\/","https:\/\/www.tiktok.com\/@ivanabeaumond"]},{"@type":"Person","@id":"https:\/\/www.ivanabeaumond.com.br\/vestidos-noiva\/#\/schema\/person\/1a360c4cffa3b806d29a456389dcff26","name":"Ivana Beaumond Paris","image":{"@type":"ImageObject","inLanguage":"pt-BR","@id":"https:\/\/www.ivanabeaumond.com.br\/vestidos-noiva\/#\/schema\/person\/image\/","url":"https:\/\/secure.gravatar.com\/avatar\/641f98db20b53ec937ceb641db4270b9?s=96&d=mm&r=g","contentUrl":"https:\/\/secure.gravatar.com\/avatar\/641f98db20b53ec937ceb641db4270b9?s=96&d=mm&r=g","caption":"Ivana Beaumond Paris"},"url":"https:\/\/www.ivanabeaumond.com.br\/vestidos-noiva\/author\/ivana\/"}]}},"_links":{"self":[{"href":"https:\/\/www.ivanabeaumond.com.br\/vestidos-noiva\/wp-json\/wp\/v2\/posts\/13272"}],"collection":[{"href":"https:\/\/www.ivanabeaumond.com.br\/vestidos-noiva\/wp-json\/wp\/v2\/posts"}],"about":[{"href":"https:\/\/www.ivanabeaumond.com.br\/vestidos-noiva\/wp-json\/wp\/v2\/types\/post"}],"author":[{"embeddable":true,"href":"https:\/\/www.ivanabeaumond.com.br\/vestidos-noiva\/wp-json\/wp\/v2\/users\/4"}],"replies":[{"embeddable":true,"href":"https:\/\/www.ivanabeaumond.com.br\/vestidos-noiva\/wp-json\/wp\/v2\/comments?post=13272"}],"version-history":[{"count":7,"href":"https:\/\/www.ivanabeaumond.com.br\/vestidos-noiva\/wp-json\/wp\/v2\/posts\/13272\/revisions"}],"predecessor-version":[{"id":26118,"href":"https:\/\/www.ivanabeaumond.com.br\/vestidos-noiva\/wp-json\/wp\/v2\/posts\/13272\/revisions\/26118"}],"wp:featuredmedia":[{"embeddable":true,"href":"https:\/\/www.ivanabeaumond.com.br\/vestidos-noiva\/wp-json\/wp\/v2\/media\/13280"}],"wp:attachment":[{"href":"https:\/\/www.ivanabeaumond.com.br\/vestidos-noiva\/wp-json\/wp\/v2\/media?parent=13272"}],"wp:term":[{"taxonomy":"category","embeddable":true,"href":"https:\/\/www.ivanabeaumond.com.br\/vestidos-noiva\/wp-json\/wp\/v2\/categories?post=13272"},{"taxonomy":"post_tag","embeddable":true,"href":"https:\/\/www.ivanabeaumond.com.br\/vestidos-noiva\/wp-json\/wp\/v2\/tags?post=13272"}],"curies":[{"name":"wp","href":"https:\/\/api.w.org\/{rel}","templated":true}]}}