{"id":13281,"date":"2017-08-18T21:32:04","date_gmt":"2017-08-19T00:32:04","guid":{"rendered":"http:\/\/www.ivanabeaumond.com.br\/vestidos-noiva\/?p=13281"},"modified":"2017-10-23T15:35:18","modified_gmt":"2017-10-23T17:35:18","slug":"qual-a-cor-das-gravatas-para-os-seus-padrinhos","status":"publish","type":"post","link":"https:\/\/www.ivanabeaumond.com.br\/vestidos-noiva\/qual-a-cor-das-gravatas-para-os-seus-padrinhos\/","title":{"rendered":"Qual a cor das gravatas para os seus Padrinhos?"},"content":{"rendered":"<h4 style=\"text-align: justify;\"><span style=\"color: #999999;\">A gente acaba se dedicando um pouco mais ao lado feminino do Casamento: o vestido da noiva, das madrinhas, das m\u00e3es\u2026 E os meninos ficam l\u00e1, de canto at\u00e9 mais ou menos um m\u00eas antes do grande dia chegar. Eles merecem toda a sua aten\u00e7\u00e3o tamb\u00e9m.\u00a0Como ser\u00e1 no seu grande dia? J\u00e1 definiu a <strong><a style=\"color: #999999;\" href=\"http:\/\/organizandomeucasamento.com.br\/70-tons-de-vestido-para-madrinhas\/\" target=\"_blank\">cor das madrinhas<\/a><\/strong>? E dos rapazes, qual ser\u00e1? Antes de escolher d\u00e1 s\u00f3 uma olhada nessas 12 cores para voc\u00ea escolher a gravata dos padrinhos.<\/span><\/h4>\n<p>&nbsp;<\/p>\n<h4 style=\"text-align: justify;\"><span style=\"color: #999999;\">Lembrando que <strong>a gravata pode tanto combinar com a cor do vestido como contrastar<\/strong>, exemplo: vestido azul e gravata marsala, azul e amarelo, verde e vermelho, amarelo e roxo. Voc\u00ea que escolhe.\u00a0O tom da gravata deve conversar com a cor do terno. Em casamentos durante o dia, normalmente, opta-se por ternos azuis, brancos ou cinzas claro. J\u00e1 durante a noite o cas\u00f3rio tem um toque mais formal e os padrinhos tendem a escolher ternos pretos ou azuis escuros. Converse com os dindos antes ou defina com o seu noivo a cor do terno.<\/span><\/h4>\n<h4 style=\"text-align: justify;\"><span style=\"color: #999999;\">Vamos \u00e0s cores:<\/span><\/h4>\n<h4 style=\"text-align: center;\"><span style=\"color: #999999;\">&#8211; Tons de azul s\u00e3o tradicionais e sempre funcionam, principalmente o <strong><a style=\"color: #999999;\" href=\"http:\/\/organizandomeucasamento.com.br\/decoracao-branca-e-azul-navy\/\" target=\"_blank\">azul navy<\/a><\/strong>.<\/span><\/h4>\n<p><a href=\"http:\/\/www.ivanabeaumond.com.br\/vestidos-noiva\/wp-content\/uploads\/2017\/08\/1-Cores-para-voc\u00ea-escolher-a-gravata-dos-padrinhos.jpg\"><img decoding=\"async\" loading=\"lazy\" class=\"aligncenter size-full wp-image-13282\" src=\"http:\/\/www.ivanabeaumond.com.br\/vestidos-noiva\/wp-content\/uploads\/2017\/08\/1-Cores-para-voc\u00ea-escolher-a-gravata-dos-padrinhos.jpg\" alt=\"1-Cores-para-voc\u00ea-escolher-a-gravata-dos-padrinhos\" width=\"700\" height=\"467\" srcset=\"https:\/\/www.ivanabeaumond.com.br\/vestidos-noiva\/wp-content\/uploads\/2017\/08\/1-Cores-para-voc\u00ea-escolher-a-gravata-dos-padrinhos.jpg 700w, https:\/\/www.ivanabeaumond.com.br\/vestidos-noiva\/wp-content\/uploads\/2017\/08\/1-Cores-para-voc\u00ea-escolher-a-gravata-dos-padrinhos-300x200.jpg 300w, https:\/\/www.ivanabeaumond.com.br\/vestidos-noiva\/wp-content\/uploads\/2017\/08\/1-Cores-para-voc\u00ea-escolher-a-gravata-dos-padrinhos-480x320.jpg 480w\" sizes=\"(max-width: 700px) 100vw, 700px\" \/><\/a><\/p>\n<p>&nbsp;<\/p>\n<h4 style=\"text-align: center;\"><span style=\"color: #999999;\">&#8211; Azul petr\u00f3leo tamb\u00e9m \u00e9 uma \u00f3tima op\u00e7\u00e3o.<\/span><\/h4>\n<p><a href=\"http:\/\/www.ivanabeaumond.com.br\/vestidos-noiva\/wp-content\/uploads\/2017\/08\/3-Cores-para-voc\u00ea-escolher-a-gravata-dos-padrinhos.jpg\"><img decoding=\"async\" loading=\"lazy\" class=\"aligncenter size-full wp-image-13283\" src=\"http:\/\/www.ivanabeaumond.com.br\/vestidos-noiva\/wp-content\/uploads\/2017\/08\/3-Cores-para-voc\u00ea-escolher-a-gravata-dos-padrinhos.jpg\" alt=\"Cannery One Wedding\" width=\"700\" height=\"467\" srcset=\"https:\/\/www.ivanabeaumond.com.br\/vestidos-noiva\/wp-content\/uploads\/2017\/08\/3-Cores-para-voc\u00ea-escolher-a-gravata-dos-padrinhos.jpg 700w, https:\/\/www.ivanabeaumond.com.br\/vestidos-noiva\/wp-content\/uploads\/2017\/08\/3-Cores-para-voc\u00ea-escolher-a-gravata-dos-padrinhos-300x200.jpg 300w, https:\/\/www.ivanabeaumond.com.br\/vestidos-noiva\/wp-content\/uploads\/2017\/08\/3-Cores-para-voc\u00ea-escolher-a-gravata-dos-padrinhos-480x320.jpg 480w\" sizes=\"(max-width: 700px) 100vw, 700px\" \/><\/a><\/p>\n<p>&nbsp;<\/p>\n<h4 style=\"text-align: center;\"><span style=\"color: #808080;\">&#8211; O laranja d\u00e1 leveza e um toque de bom humor ao traje. \u00c9 mais indicado para cerim\u00f4nias diurnas.<\/span><\/h4>\n<p><a href=\"http:\/\/www.ivanabeaumond.com.br\/vestidos-noiva\/wp-content\/uploads\/2017\/08\/4-Cores-para-voc\u00ea-escolher-a-gravata-dos-padrinhos.jpg\"><img decoding=\"async\" loading=\"lazy\" class=\"aligncenter size-full wp-image-13284\" src=\"http:\/\/www.ivanabeaumond.com.br\/vestidos-noiva\/wp-content\/uploads\/2017\/08\/4-Cores-para-voc\u00ea-escolher-a-gravata-dos-padrinhos.jpg\" alt=\"4-Cores-para-voc\u00ea-escolher-a-gravata-dos-padrinhos\" width=\"700\" height=\"408\" srcset=\"https:\/\/www.ivanabeaumond.com.br\/vestidos-noiva\/wp-content\/uploads\/2017\/08\/4-Cores-para-voc\u00ea-escolher-a-gravata-dos-padrinhos.jpg 700w, https:\/\/www.ivanabeaumond.com.br\/vestidos-noiva\/wp-content\/uploads\/2017\/08\/4-Cores-para-voc\u00ea-escolher-a-gravata-dos-padrinhos-300x175.jpg 300w\" sizes=\"(max-width: 700px) 100vw, 700px\" \/><\/a><\/p>\n<p>&nbsp;<\/p>\n<h4 style=\"text-align: justify;\"><span style=\"color: #999999;\">&#8211; O rosa \u00e9 um dos queridinhos das noivas. Como ele pode ser encontrado em diversos tons, aqui voc\u00ea poder\u00e1 ver o resultado de um rosa claro, um m\u00e9dio e um escuro. E <strong><a style=\"color: #999999;\" href=\"http:\/\/organizandomeucasamento.com.br\/os-tipos-de-rosa\/\" target=\"_blank\">aqui<\/a> <\/strong>voc\u00ea poder\u00e1 conhecer v\u00e1rios tons de rosa que far\u00e3o suas madrinhas pirar!<\/span><\/h4>\n<p><a href=\"http:\/\/www.ivanabeaumond.com.br\/vestidos-noiva\/wp-content\/uploads\/2017\/08\/7-Cores-para-voc\u00ea-escolher-a-gravata-dos-padrinhos.jpg\"><img decoding=\"async\" loading=\"lazy\" class=\"aligncenter size-full wp-image-13285\" src=\"http:\/\/www.ivanabeaumond.com.br\/vestidos-noiva\/wp-content\/uploads\/2017\/08\/7-Cores-para-voc\u00ea-escolher-a-gravata-dos-padrinhos.jpg\" alt=\"7-Cores-para-voc\u00ea-escolher-a-gravata-dos-padrinhos\" width=\"700\" height=\"421\" srcset=\"https:\/\/www.ivanabeaumond.com.br\/vestidos-noiva\/wp-content\/uploads\/2017\/08\/7-Cores-para-voc\u00ea-escolher-a-gravata-dos-padrinhos.jpg 700w, https:\/\/www.ivanabeaumond.com.br\/vestidos-noiva\/wp-content\/uploads\/2017\/08\/7-Cores-para-voc\u00ea-escolher-a-gravata-dos-padrinhos-300x180.jpg 300w\" sizes=\"(max-width: 700px) 100vw, 700px\" \/><\/a><\/p>\n<p>&nbsp;<\/p>\n<h4 style=\"text-align: center;\"><span style=\"color: #999999;\">&#8211; O amarelo tamb\u00e9m \u00e9 uma boa op\u00e7\u00e3o para destacar os padrinhos.<\/span><\/h4>\n<p><a href=\"http:\/\/www.ivanabeaumond.com.br\/vestidos-noiva\/wp-content\/uploads\/2017\/08\/8-Cores-para-voc\u00ea-escolher-a-gravata-dos-padrinhos.jpg\"><img decoding=\"async\" loading=\"lazy\" class=\"aligncenter size-full wp-image-13286\" src=\"http:\/\/www.ivanabeaumond.com.br\/vestidos-noiva\/wp-content\/uploads\/2017\/08\/8-Cores-para-voc\u00ea-escolher-a-gravata-dos-padrinhos.jpg\" alt=\"8-Cores-para-voc\u00ea-escolher-a-gravata-dos-padrinhos\" width=\"700\" height=\"467\" srcset=\"https:\/\/www.ivanabeaumond.com.br\/vestidos-noiva\/wp-content\/uploads\/2017\/08\/8-Cores-para-voc\u00ea-escolher-a-gravata-dos-padrinhos.jpg 700w, https:\/\/www.ivanabeaumond.com.br\/vestidos-noiva\/wp-content\/uploads\/2017\/08\/8-Cores-para-voc\u00ea-escolher-a-gravata-dos-padrinhos-300x200.jpg 300w, https:\/\/www.ivanabeaumond.com.br\/vestidos-noiva\/wp-content\/uploads\/2017\/08\/8-Cores-para-voc\u00ea-escolher-a-gravata-dos-padrinhos-480x320.jpg 480w\" sizes=\"(max-width: 700px) 100vw, 700px\" \/><\/a><\/p>\n<p>&nbsp;<\/p>\n<h4 style=\"text-align: center;\"><span style=\"color: #999999;\">&#8211; Usando o vermelho eles ficar\u00e3o com um toque de irreverencia. Eu particularmente prefiro a vers\u00e3o sem colete.<\/span><\/h4>\n<p><a href=\"http:\/\/www.ivanabeaumond.com.br\/vestidos-noiva\/wp-content\/uploads\/2017\/08\/10-Cores-para-voc\u00ea-escolher-a-gravata-dos-padrinhos.jpg\"><img decoding=\"async\" loading=\"lazy\" class=\"aligncenter size-full wp-image-13287\" src=\"http:\/\/www.ivanabeaumond.com.br\/vestidos-noiva\/wp-content\/uploads\/2017\/08\/10-Cores-para-voc\u00ea-escolher-a-gravata-dos-padrinhos.jpg\" alt=\"10-Cores-para-voc\u00ea-escolher-a-gravata-dos-padrinhos\" width=\"700\" height=\"390\" srcset=\"https:\/\/www.ivanabeaumond.com.br\/vestidos-noiva\/wp-content\/uploads\/2017\/08\/10-Cores-para-voc\u00ea-escolher-a-gravata-dos-padrinhos.jpg 700w, https:\/\/www.ivanabeaumond.com.br\/vestidos-noiva\/wp-content\/uploads\/2017\/08\/10-Cores-para-voc\u00ea-escolher-a-gravata-dos-padrinhos-300x167.jpg 300w\" sizes=\"(max-width: 700px) 100vw, 700px\" \/><\/a><\/p>\n<p>&nbsp;<\/p>\n<h4 style=\"text-align: center;\"><span style=\"color: #999999;\">&#8211; O <strong><a style=\"color: #999999;\" href=\"http:\/\/organizandomeucasamento.com.br\/como-usar-a-cor-marsala-no-meu-casamento\/\" target=\"_blank\">marsala<\/a> <\/strong>nunca sai de moda e fica incr\u00edvel com terno azul.<\/span><\/h4>\n<p><a href=\"http:\/\/www.ivanabeaumond.com.br\/vestidos-noiva\/wp-content\/uploads\/2017\/08\/11-Cores-para-voc\u00ea-escolher-a-gravata-dos-padrinhos-681x1024.jpg\"><img decoding=\"async\" loading=\"lazy\" class=\"aligncenter size-full wp-image-13288\" src=\"http:\/\/www.ivanabeaumond.com.br\/vestidos-noiva\/wp-content\/uploads\/2017\/08\/11-Cores-para-voc\u00ea-escolher-a-gravata-dos-padrinhos-681x1024.jpg\" alt=\"11-Cores-para-voc\u00ea-escolher-a-gravata-dos-padrinhos-681x1024\" width=\"681\" height=\"1024\" srcset=\"https:\/\/www.ivanabeaumond.com.br\/vestidos-noiva\/wp-content\/uploads\/2017\/08\/11-Cores-para-voc\u00ea-escolher-a-gravata-dos-padrinhos-681x1024.jpg 681w, https:\/\/www.ivanabeaumond.com.br\/vestidos-noiva\/wp-content\/uploads\/2017\/08\/11-Cores-para-voc\u00ea-escolher-a-gravata-dos-padrinhos-681x1024-200x300.jpg 200w\" sizes=\"(max-width: 681px) 100vw, 681px\" \/><\/a><\/p>\n<p>&nbsp;<\/p>\n<h4 style=\"text-align: center;\"><span style=\"color: #999999;\">&#8211; O roxo combina com o dia e com a noite, al\u00e9m de ir bem com ternos pretos e azuis.<\/span><\/h4>\n<p><a href=\"http:\/\/www.ivanabeaumond.com.br\/vestidos-noiva\/wp-content\/uploads\/2017\/08\/12-Cores-para-voc\u00ea-escolher-a-gravata-dos-padrinhos.jpg\"><img decoding=\"async\" loading=\"lazy\" class=\"aligncenter size-full wp-image-13289\" src=\"http:\/\/www.ivanabeaumond.com.br\/vestidos-noiva\/wp-content\/uploads\/2017\/08\/12-Cores-para-voc\u00ea-escolher-a-gravata-dos-padrinhos.jpg\" alt=\"12-Cores-para-voc\u00ea-escolher-a-gravata-dos-padrinhos\" width=\"700\" height=\"384\" srcset=\"https:\/\/www.ivanabeaumond.com.br\/vestidos-noiva\/wp-content\/uploads\/2017\/08\/12-Cores-para-voc\u00ea-escolher-a-gravata-dos-padrinhos.jpg 700w, https:\/\/www.ivanabeaumond.com.br\/vestidos-noiva\/wp-content\/uploads\/2017\/08\/12-Cores-para-voc\u00ea-escolher-a-gravata-dos-padrinhos-300x165.jpg 300w\" sizes=\"(max-width: 700px) 100vw, 700px\" \/><\/a><\/p>\n<p>&nbsp;<\/p>\n<p>&nbsp;<\/p>\n<h4 style=\"text-align: center;\"><span style=\"color: #999999;\">Gostou? Ent\u00e3o d\u00e1 uma curtida na mat\u00e9ria pra gente saber e aproveita para seguir todas as nossas redes sociais.<\/span><\/h4>\n","protected":false},"excerpt":{"rendered":"<p>A gente acaba se dedicando um pouco mais ao lado&#8230;<\/p>\n","protected":false},"author":4,"featured_media":13283,"comment_status":"open","ping_status":"open","sticky":false,"template":"","format":"standard","meta":[],"categories":[127],"tags":[131,133,96,137,162,103,136,164,165,138,115],"yoast_head":"<!-- This site is optimized with the Yoast SEO plugin v20.3 - https:\/\/yoast.com\/wordpress\/plugins\/seo\/ -->\n<title>Qual a cor das gravatas para os seus Padrinhos? - Vestido de Noiva RJ<\/title>\n<meta name=\"robots\" content=\"index, follow, max-snippet:-1, max-image-preview:large, max-video-preview:-1\" \/>\n<link rel=\"canonical\" href=\"https:\/\/www.ivanabeaumond.com.br\/vestidos-noiva\/qual-a-cor-das-gravatas-para-os-seus-padrinhos\/\" \/>\n<meta property=\"og:locale\" content=\"pt_BR\" \/>\n<meta property=\"og:type\" content=\"article\" \/>\n<meta property=\"og:title\" content=\"Qual a cor das gravatas para os seus Padrinhos? - Vestido de Noiva RJ\" \/>\n<meta property=\"og:description\" content=\"A gente acaba se dedicando um pouco mais ao lado...\" \/>\n<meta property=\"og:url\" content=\"https:\/\/www.ivanabeaumond.com.br\/vestidos-noiva\/qual-a-cor-das-gravatas-para-os-seus-padrinhos\/\" \/>\n<meta property=\"og:site_name\" content=\"Vestido de Noiva RJ\" \/>\n<meta property=\"article:publisher\" content=\"https:\/\/www.facebook.com\/ivana.beaumondnoivas\" \/>\n<meta property=\"article:published_time\" content=\"2017-08-19T00:32:04+00:00\" \/>\n<meta property=\"article:modified_time\" content=\"2017-10-23T17:35:18+00:00\" \/>\n<meta property=\"og:image\" content=\"https:\/\/www.ivanabeaumond.com.br\/vestidos-noiva\/wp-content\/uploads\/2017\/08\/3-Cores-para-voc\u00ea-escolher-a-gravata-dos-padrinhos.jpg\" \/>\n\t<meta property=\"og:image:width\" content=\"700\" \/>\n\t<meta property=\"og:image:height\" content=\"467\" \/>\n\t<meta property=\"og:image:type\" content=\"image\/jpeg\" \/>\n<meta name=\"author\" content=\"Ivana Beaumond Paris\" \/>\n<meta name=\"twitter:card\" content=\"summary_large_image\" \/>\n<meta name=\"twitter:label1\" content=\"Escrito por\" \/>\n\t<meta name=\"twitter:data1\" content=\"Ivana Beaumond Paris\" \/>\n\t<meta name=\"twitter:label2\" content=\"Est. tempo de leitura\" \/>\n\t<meta name=\"twitter:data2\" content=\"2 minutos\" \/>\n<script type=\"application\/ld+json\" class=\"yoast-schema-graph\">{\"@context\":\"https:\/\/schema.org\",\"@graph\":[{\"@type\":\"Article\",\"@id\":\"https:\/\/www.ivanabeaumond.com.br\/vestidos-noiva\/qual-a-cor-das-gravatas-para-os-seus-padrinhos\/#article\",\"isPartOf\":{\"@id\":\"https:\/\/www.ivanabeaumond.com.br\/vestidos-noiva\/qual-a-cor-das-gravatas-para-os-seus-padrinhos\/\"},\"author\":{\"name\":\"Ivana Beaumond Paris\",\"@id\":\"https:\/\/www.ivanabeaumond.com.br\/vestidos-noiva\/#\/schema\/person\/1a360c4cffa3b806d29a456389dcff26\"},\"headline\":\"Qual a cor das gravatas para os seus Padrinhos?\",\"datePublished\":\"2017-08-19T00:32:04+00:00\",\"dateModified\":\"2017-10-23T17:35:18+00:00\",\"mainEntityOfPage\":{\"@id\":\"https:\/\/www.ivanabeaumond.com.br\/vestidos-noiva\/qual-a-cor-das-gravatas-para-os-seus-padrinhos\/\"},\"wordCount\":380,\"commentCount\":0,\"publisher\":{\"@id\":\"https:\/\/www.ivanabeaumond.com.br\/vestidos-noiva\/#organization\"},\"keywords\":[\"aluguel de roupas\",\"atelierivanabeaumond\",\"casamento\",\"convidadas\",\"festas\",\"madrinhas\",\"moda festa\",\"noivas\",\"padrinhos\",\"vestido de festa\",\"vestido de noiva\"],\"articleSection\":[\"Dicas e Truques\"],\"inLanguage\":\"pt-BR\",\"potentialAction\":[{\"@type\":\"CommentAction\",\"name\":\"Comment\",\"target\":[\"https:\/\/www.ivanabeaumond.com.br\/vestidos-noiva\/qual-a-cor-das-gravatas-para-os-seus-padrinhos\/#respond\"]}]},{\"@type\":\"WebPage\",\"@id\":\"https:\/\/www.ivanabeaumond.com.br\/vestidos-noiva\/qual-a-cor-das-gravatas-para-os-seus-padrinhos\/\",\"url\":\"https:\/\/www.ivanabeaumond.com.br\/vestidos-noiva\/qual-a-cor-das-gravatas-para-os-seus-padrinhos\/\",\"name\":\"Qual a cor das gravatas para os seus Padrinhos? - Vestido de Noiva RJ\",\"isPartOf\":{\"@id\":\"https:\/\/www.ivanabeaumond.com.br\/vestidos-noiva\/#website\"},\"datePublished\":\"2017-08-19T00:32:04+00:00\",\"dateModified\":\"2017-10-23T17:35:18+00:00\",\"breadcrumb\":{\"@id\":\"https:\/\/www.ivanabeaumond.com.br\/vestidos-noiva\/qual-a-cor-das-gravatas-para-os-seus-padrinhos\/#breadcrumb\"},\"inLanguage\":\"pt-BR\",\"potentialAction\":[{\"@type\":\"ReadAction\",\"target\":[\"https:\/\/www.ivanabeaumond.com.br\/vestidos-noiva\/qual-a-cor-das-gravatas-para-os-seus-padrinhos\/\"]}]},{\"@type\":\"BreadcrumbList\",\"@id\":\"https:\/\/www.ivanabeaumond.com.br\/vestidos-noiva\/qual-a-cor-das-gravatas-para-os-seus-padrinhos\/#breadcrumb\",\"itemListElement\":[{\"@type\":\"ListItem\",\"position\":1,\"name\":\"In\u00edcio\",\"item\":\"https:\/\/www.ivanabeaumond.com.br\/vestidos-noiva\/\"},{\"@type\":\"ListItem\",\"position\":2,\"name\":\"Qual a cor das gravatas para os seus Padrinhos?\"}]},{\"@type\":\"WebSite\",\"@id\":\"https:\/\/www.ivanabeaumond.com.br\/vestidos-noiva\/#website\",\"url\":\"https:\/\/www.ivanabeaumond.com.br\/vestidos-noiva\/\",\"name\":\"Vestido de Noiva RJ\",\"description\":\"Moda Noiva\",\"publisher\":{\"@id\":\"https:\/\/www.ivanabeaumond.com.br\/vestidos-noiva\/#organization\"},\"potentialAction\":[{\"@type\":\"SearchAction\",\"target\":{\"@type\":\"EntryPoint\",\"urlTemplate\":\"https:\/\/www.ivanabeaumond.com.br\/vestidos-noiva\/?s={search_term_string}\"},\"query-input\":\"required name=search_term_string\"}],\"inLanguage\":\"pt-BR\"},{\"@type\":\"Organization\",\"@id\":\"https:\/\/www.ivanabeaumond.com.br\/vestidos-noiva\/#organization\",\"name\":\"Vestido de Noiva RJ\",\"url\":\"https:\/\/www.ivanabeaumond.com.br\/vestidos-noiva\/\",\"logo\":{\"@type\":\"ImageObject\",\"inLanguage\":\"pt-BR\",\"@id\":\"https:\/\/www.ivanabeaumond.com.br\/vestidos-noiva\/#\/schema\/logo\/image\/\",\"url\":\"https:\/\/www.ivanabeaumond.com.br\/vestidos-noiva\/wp-content\/uploads\/2018\/02\/logo_ivana_beaumond-2.png\",\"contentUrl\":\"https:\/\/www.ivanabeaumond.com.br\/vestidos-noiva\/wp-content\/uploads\/2018\/02\/logo_ivana_beaumond-2.png\",\"width\":230,\"height\":112,\"caption\":\"Vestido de Noiva RJ\"},\"image\":{\"@id\":\"https:\/\/www.ivanabeaumond.com.br\/vestidos-noiva\/#\/schema\/logo\/image\/\"},\"sameAs\":[\"https:\/\/www.facebook.com\/ivana.beaumondnoivas\",\"https:\/\/www.instagram.com\/ivanabeaumond\/\",\"https:\/\/www.tiktok.com\/@ivanabeaumond\"]},{\"@type\":\"Person\",\"@id\":\"https:\/\/www.ivanabeaumond.com.br\/vestidos-noiva\/#\/schema\/person\/1a360c4cffa3b806d29a456389dcff26\",\"name\":\"Ivana Beaumond Paris\",\"image\":{\"@type\":\"ImageObject\",\"inLanguage\":\"pt-BR\",\"@id\":\"https:\/\/www.ivanabeaumond.com.br\/vestidos-noiva\/#\/schema\/person\/image\/\",\"url\":\"https:\/\/secure.gravatar.com\/avatar\/641f98db20b53ec937ceb641db4270b9?s=96&d=mm&r=g\",\"contentUrl\":\"https:\/\/secure.gravatar.com\/avatar\/641f98db20b53ec937ceb641db4270b9?s=96&d=mm&r=g\",\"caption\":\"Ivana Beaumond Paris\"},\"url\":\"https:\/\/www.ivanabeaumond.com.br\/vestidos-noiva\/author\/ivana\/\"}]}<\/script>\n<!-- \/ Yoast SEO plugin. -->","yoast_head_json":{"title":"Qual a cor das gravatas para os seus Padrinhos? - Vestido de Noiva RJ","robots":{"index":"index","follow":"follow","max-snippet":"max-snippet:-1","max-image-preview":"max-image-preview:large","max-video-preview":"max-video-preview:-1"},"canonical":"https:\/\/www.ivanabeaumond.com.br\/vestidos-noiva\/qual-a-cor-das-gravatas-para-os-seus-padrinhos\/","og_locale":"pt_BR","og_type":"article","og_title":"Qual a cor das gravatas para os seus Padrinhos? - Vestido de Noiva RJ","og_description":"A gente acaba se dedicando um pouco mais ao lado...","og_url":"https:\/\/www.ivanabeaumond.com.br\/vestidos-noiva\/qual-a-cor-das-gravatas-para-os-seus-padrinhos\/","og_site_name":"Vestido de Noiva RJ","article_publisher":"https:\/\/www.facebook.com\/ivana.beaumondnoivas","article_published_time":"2017-08-19T00:32:04+00:00","article_modified_time":"2017-10-23T17:35:18+00:00","og_image":[{"width":700,"height":467,"url":"https:\/\/www.ivanabeaumond.com.br\/vestidos-noiva\/wp-content\/uploads\/2017\/08\/3-Cores-para-voc\u00ea-escolher-a-gravata-dos-padrinhos.jpg","type":"image\/jpeg"}],"author":"Ivana Beaumond Paris","twitter_card":"summary_large_image","twitter_misc":{"Escrito por":"Ivana Beaumond Paris","Est. tempo de leitura":"2 minutos"},"schema":{"@context":"https:\/\/schema.org","@graph":[{"@type":"Article","@id":"https:\/\/www.ivanabeaumond.com.br\/vestidos-noiva\/qual-a-cor-das-gravatas-para-os-seus-padrinhos\/#article","isPartOf":{"@id":"https:\/\/www.ivanabeaumond.com.br\/vestidos-noiva\/qual-a-cor-das-gravatas-para-os-seus-padrinhos\/"},"author":{"name":"Ivana Beaumond Paris","@id":"https:\/\/www.ivanabeaumond.com.br\/vestidos-noiva\/#\/schema\/person\/1a360c4cffa3b806d29a456389dcff26"},"headline":"Qual a cor das gravatas para os seus Padrinhos?","datePublished":"2017-08-19T00:32:04+00:00","dateModified":"2017-10-23T17:35:18+00:00","mainEntityOfPage":{"@id":"https:\/\/www.ivanabeaumond.com.br\/vestidos-noiva\/qual-a-cor-das-gravatas-para-os-seus-padrinhos\/"},"wordCount":380,"commentCount":0,"publisher":{"@id":"https:\/\/www.ivanabeaumond.com.br\/vestidos-noiva\/#organization"},"keywords":["aluguel de roupas","atelierivanabeaumond","casamento","convidadas","festas","madrinhas","moda festa","noivas","padrinhos","vestido de festa","vestido de noiva"],"articleSection":["Dicas e Truques"],"inLanguage":"pt-BR","potentialAction":[{"@type":"CommentAction","name":"Comment","target":["https:\/\/www.ivanabeaumond.com.br\/vestidos-noiva\/qual-a-cor-das-gravatas-para-os-seus-padrinhos\/#respond"]}]},{"@type":"WebPage","@id":"https:\/\/www.ivanabeaumond.com.br\/vestidos-noiva\/qual-a-cor-das-gravatas-para-os-seus-padrinhos\/","url":"https:\/\/www.ivanabeaumond.com.br\/vestidos-noiva\/qual-a-cor-das-gravatas-para-os-seus-padrinhos\/","name":"Qual a cor das gravatas para os seus Padrinhos? - Vestido de Noiva RJ","isPartOf":{"@id":"https:\/\/www.ivanabeaumond.com.br\/vestidos-noiva\/#website"},"datePublished":"2017-08-19T00:32:04+00:00","dateModified":"2017-10-23T17:35:18+00:00","breadcrumb":{"@id":"https:\/\/www.ivanabeaumond.com.br\/vestidos-noiva\/qual-a-cor-das-gravatas-para-os-seus-padrinhos\/#breadcrumb"},"inLanguage":"pt-BR","potentialAction":[{"@type":"ReadAction","target":["https:\/\/www.ivanabeaumond.com.br\/vestidos-noiva\/qual-a-cor-das-gravatas-para-os-seus-padrinhos\/"]}]},{"@type":"BreadcrumbList","@id":"https:\/\/www.ivanabeaumond.com.br\/vestidos-noiva\/qual-a-cor-das-gravatas-para-os-seus-padrinhos\/#breadcrumb","itemListElement":[{"@type":"ListItem","position":1,"name":"In\u00edcio","item":"https:\/\/www.ivanabeaumond.com.br\/vestidos-noiva\/"},{"@type":"ListItem","position":2,"name":"Qual a cor das gravatas para os seus Padrinhos?"}]},{"@type":"WebSite","@id":"https:\/\/www.ivanabeaumond.com.br\/vestidos-noiva\/#website","url":"https:\/\/www.ivanabeaumond.com.br\/vestidos-noiva\/","name":"Vestido de Noiva RJ","description":"Moda Noiva","publisher":{"@id":"https:\/\/www.ivanabeaumond.com.br\/vestidos-noiva\/#organization"},"potentialAction":[{"@type":"SearchAction","target":{"@type":"EntryPoint","urlTemplate":"https:\/\/www.ivanabeaumond.com.br\/vestidos-noiva\/?s={search_term_string}"},"query-input":"required name=search_term_string"}],"inLanguage":"pt-BR"},{"@type":"Organization","@id":"https:\/\/www.ivanabeaumond.com.br\/vestidos-noiva\/#organization","name":"Vestido de Noiva RJ","url":"https:\/\/www.ivanabeaumond.com.br\/vestidos-noiva\/","logo":{"@type":"ImageObject","inLanguage":"pt-BR","@id":"https:\/\/www.ivanabeaumond.com.br\/vestidos-noiva\/#\/schema\/logo\/image\/","url":"https:\/\/www.ivanabeaumond.com.br\/vestidos-noiva\/wp-content\/uploads\/2018\/02\/logo_ivana_beaumond-2.png","contentUrl":"https:\/\/www.ivanabeaumond.com.br\/vestidos-noiva\/wp-content\/uploads\/2018\/02\/logo_ivana_beaumond-2.png","width":230,"height":112,"caption":"Vestido de Noiva RJ"},"image":{"@id":"https:\/\/www.ivanabeaumond.com.br\/vestidos-noiva\/#\/schema\/logo\/image\/"},"sameAs":["https:\/\/www.facebook.com\/ivana.beaumondnoivas","https:\/\/www.instagram.com\/ivanabeaumond\/","https:\/\/www.tiktok.com\/@ivanabeaumond"]},{"@type":"Person","@id":"https:\/\/www.ivanabeaumond.com.br\/vestidos-noiva\/#\/schema\/person\/1a360c4cffa3b806d29a456389dcff26","name":"Ivana Beaumond Paris","image":{"@type":"ImageObject","inLanguage":"pt-BR","@id":"https:\/\/www.ivanabeaumond.com.br\/vestidos-noiva\/#\/schema\/person\/image\/","url":"https:\/\/secure.gravatar.com\/avatar\/641f98db20b53ec937ceb641db4270b9?s=96&d=mm&r=g","contentUrl":"https:\/\/secure.gravatar.com\/avatar\/641f98db20b53ec937ceb641db4270b9?s=96&d=mm&r=g","caption":"Ivana Beaumond Paris"},"url":"https:\/\/www.ivanabeaumond.com.br\/vestidos-noiva\/author\/ivana\/"}]}},"_links":{"self":[{"href":"https:\/\/www.ivanabeaumond.com.br\/vestidos-noiva\/wp-json\/wp\/v2\/posts\/13281"}],"collection":[{"href":"https:\/\/www.ivanabeaumond.com.br\/vestidos-noiva\/wp-json\/wp\/v2\/posts"}],"about":[{"href":"https:\/\/www.ivanabeaumond.com.br\/vestidos-noiva\/wp-json\/wp\/v2\/types\/post"}],"author":[{"embeddable":true,"href":"https:\/\/www.ivanabeaumond.com.br\/vestidos-noiva\/wp-json\/wp\/v2\/users\/4"}],"replies":[{"embeddable":true,"href":"https:\/\/www.ivanabeaumond.com.br\/vestidos-noiva\/wp-json\/wp\/v2\/comments?post=13281"}],"version-history":[{"count":8,"href":"https:\/\/www.ivanabeaumond.com.br\/vestidos-noiva\/wp-json\/wp\/v2\/posts\/13281\/revisions"}],"predecessor-version":[{"id":13314,"href":"https:\/\/www.ivanabeaumond.com.br\/vestidos-noiva\/wp-json\/wp\/v2\/posts\/13281\/revisions\/13314"}],"wp:featuredmedia":[{"embeddable":true,"href":"https:\/\/www.ivanabeaumond.com.br\/vestidos-noiva\/wp-json\/wp\/v2\/media\/13283"}],"wp:attachment":[{"href":"https:\/\/www.ivanabeaumond.com.br\/vestidos-noiva\/wp-json\/wp\/v2\/media?parent=13281"}],"wp:term":[{"taxonomy":"category","embeddable":true,"href":"https:\/\/www.ivanabeaumond.com.br\/vestidos-noiva\/wp-json\/wp\/v2\/categories?post=13281"},{"taxonomy":"post_tag","embeddable":true,"href":"https:\/\/www.ivanabeaumond.com.br\/vestidos-noiva\/wp-json\/wp\/v2\/tags?post=13281"}],"curies":[{"name":"wp","href":"https:\/\/api.w.org\/{rel}","templated":true}]}}