{"id":13324,"date":"2017-08-22T14:27:13","date_gmt":"2017-08-22T17:27:13","guid":{"rendered":"http:\/\/www.ivanabeaumond.com.br\/vestidos-noiva\/?p=13324"},"modified":"2017-10-23T15:33:39","modified_gmt":"2017-10-23T17:33:39","slug":"adriana-bombom-dani-vieira-e-sheslaine-hayalla-desfilam-de-ivana-beaumond-no-icweek-2017","status":"publish","type":"post","link":"https:\/\/www.ivanabeaumond.com.br\/vestidos-noiva\/adriana-bombom-dani-vieira-e-sheslaine-hayalla-desfilam-de-ivana-beaumond-no-icweek-2017\/","title":{"rendered":"Adriana Bombom, Dani Vieira e Sheslaine Hayalla desfilam de Ivana Beaumond no ICWeek 2017"},"content":{"rendered":"<h4 style=\"text-align: justify;\"><span style=\"color: #999999;\">O grande evento ICWeek 2017 da revista Inesquec\u00edvel Casamento \u00e9 um ponto de encontro de noivas e profissionais antenados no mercado de casamento com expositores e din\u00e2mica programa\u00e7\u00e3o, promove intera\u00e7\u00e3o, novas experi\u00eancias e networking.\u00a0 E mais uma vez recebemos esse convite incr\u00edvel de sermos um dos grandes expositores, e pudemos levar nossa tend\u00eancia com um stand planejado meses antes, com esfor\u00e7o, carinho e dedica\u00e7\u00e3o. E claro, al\u00e9m do nosso stand, participamos tamb\u00e9m do Desfile das noivas Inesquec\u00edveis com 3 modelos maravilhosos.<\/span><\/h4>\n<h4><\/h4>\n<p><iframe loading=\"lazy\" src=\"https:\/\/player.vimeo.com\/video\/231212612\" width=\"1060\" height=\"596\" frameborder=\"0\" title=\"IC Week Rio - Desfile de Noivas By IVANA BEAUMOND.\" webkitallowfullscreen mozallowfullscreen allowfullscreen><\/iframe><\/p>\n<p>&nbsp;<\/p>\n<h4 style=\"text-align: justify;\"><span style=\"color: #999999;\">Mas o melhor de tudo foi a presen\u00e7a das nossas tr\u00eas modelos.. Adivinhem?! Tivemos a honra de Adriana Bombom, Dani Vieira e Sheslaine Hayalla desfilando com nossos modelos deslumbrantes nesse dia que com certeza ficar\u00e1 marcado n\u00e3o s\u00f3 para n\u00f3s da Ivana Beaumond, mas com certeza de todos os visitantes desse grande evento.<\/span><\/h4>\n<p>&nbsp;<\/p>\n<h4>\u00a0Confira mais fotos feita por @dinamika_fotografia:<\/h4>\n<h4><style id=\"bwg-style-0\">    #bwg_container1_0 #bwg_container2_0 .bwg-container-0.bwg-standard-thumbnails {      width: 904px;              justify-content: center;        margin:0 auto !important;              background-color: rgba(255, 255, 255, 0.00);            padding-left: 4px;      padding-top: 4px;      max-width: 100%;            }        #bwg_container1_0 #bwg_container2_0 .bwg-container-0.bwg-standard-thumbnails .bwg-item {    justify-content: flex-start;      max-width: 180px;            width: 180px !important;          }    #bwg_container1_0 #bwg_container2_0 .bwg-container-0.bwg-standard-thumbnails .bwg-item a {       margin-right: 4px;       margin-bottom: 4px;    }    #bwg_container1_0 #bwg_container2_0 .bwg-container-0.bwg-standard-thumbnails .bwg-item0 {      padding: 0px;            background-color:rgba(255,255,255, 0.30);      border: 0px none #CCCCCC;      opacity: 1.00;      border-radius: 0;      box-shadow: 0px 0px 0px #888888;    }    #bwg_container1_0 #bwg_container2_0 .bwg-container-0.bwg-standard-thumbnails .bwg-item1 img {      max-height: none;      max-width: none;      padding: 0 !important;    }        @media only screen and (min-width: 480px) {      #bwg_container1_0 #bwg_container2_0 .bwg-container-0.bwg-standard-thumbnails .bwg-item0 {        transition: all 0.3s ease 0s;-webkit-transition: all 0.3s ease 0s;      }      #bwg_container1_0 #bwg_container2_0 .bwg-container-0.bwg-standard-thumbnails .bwg-item0:hover {        -ms-transform: scale(1.1);        -webkit-transform: scale(1.1);        transform: scale(1.1);      }    }          #bwg_container1_0 #bwg_container2_0 .bwg-container-0.bwg-standard-thumbnails .bwg-item1 {      padding-top: 50%;    }        #bwg_container1_0 #bwg_container2_0 .bwg-container-0.bwg-standard-thumbnails .bwg-title2,    #bwg_container1_0 #bwg_container2_0 .bwg-container-0.bwg-standard-thumbnails .bwg-ecommerce2 {      color: #CCCCCC;      font-family: segoe ui;      font-size: 16px;      font-weight: bold;      padding: 2px;      text-shadow: 0px 0px 0px #888888;      max-height: 100%;    }    #bwg_container1_0 #bwg_container2_0 .bwg-container-0.bwg-standard-thumbnails .bwg-thumb-description span {    color: #323A45;    font-family: Ubuntu;    font-size: 12px;    max-height: 100%;    word-wrap: break-word;    }    #bwg_container1_0 #bwg_container2_0 .bwg-container-0.bwg-standard-thumbnails .bwg-play-icon2 {      font-size: 32px;    }    #bwg_container1_0 #bwg_container2_0 .bwg-container-0.bwg-standard-thumbnails .bwg-ecommerce2 {      font-size: 19.2px;      color: #CCCCCC;    }    <\/style>    <div id=\"bwg_container1_0\"         class=\"bwg_container bwg_thumbnail bwg_thumbnails \"         data-right-click-protection=\"0\"         data-bwg=\"0\"         data-scroll=\"0\"         data-gallery-type=\"thumbnails\"         data-gallery-view-type=\"thumbnails\"         data-current-url=\"\/vestidos-noiva\/wp-json\/wp\/v2\/posts\/13324\"         data-lightbox-url=\"https:\/\/www.ivanabeaumond.com.br\/vestidos-noiva\/wp-admin\/admin-ajax.php?action=GalleryBox&#038;current_view=0&#038;gallery_id=5&#038;tag=0&#038;theme_id=1&#038;shortcode_id=0&#038;sort_by=order&#038;order_by=asc&#038;current_url=%2Fvestidos-noiva%2Fwp-json%2Fwp%2Fv2%2Fposts%2F13324\"         data-gallery-id=\"5\"         data-popup-width=\"300\"         data-popup-height=\"300\"         data-is-album=\"gallery\"         data-buttons-position=\"bottom\">      <div id=\"bwg_container2_0\">             <div id=\"ajax_loading_0\" class=\"bwg_loading_div_1\">      <div class=\"bwg_loading_div_2\">        <div class=\"bwg_loading_div_3\">          <div id=\"loading_div_0\" class=\"bwg_spider_ajax_loading\">          <\/div>        <\/div>      <\/div>    <\/div>            <form id=\"gal_front_form_0\"              class=\"bwg-hidden\"              method=\"post\"              action=\"#\"              data-current=\"0\"              data-shortcode-id=\"0\"              data-gallery-type=\"thumbnails\"              data-gallery-id=\"5\"              data-tag=\"0\"              data-album-id=\"0\"              data-theme-id=\"1\"              data-ajax-url=\"https:\/\/www.ivanabeaumond.com.br\/vestidos-noiva\/wp-admin\/admin-ajax.php?action=bwg_frontend_data\">          <div id=\"bwg_container3_0\" class=\"bwg-background bwg-background-0\">                <div data-max-count=\"5\"         data-thumbnail-width=\"180\"         data-bwg=\"0\"         data-gallery-id=\"5\"         data-lightbox-url=\"https:\/\/www.ivanabeaumond.com.br\/vestidos-noiva\/wp-admin\/admin-ajax.php?action=GalleryBox&amp;current_view=0&amp;gallery_id=5&amp;tag=0&amp;theme_id=1&amp;shortcode_id=0&amp;sort_by=order&amp;order_by=asc&amp;current_url=%2Fvestidos-noiva%2Fwp-json%2Fwp%2Fv2%2Fposts%2F13324\"         id=\"bwg_thumbnails_0\"         class=\"bwg-container-0 bwg-thumbnails bwg-standard-thumbnails bwg-container bwg-border-box\">            <div class=\"bwg-item\">        <a class=\"bwg-a \"  data-elementor-open-lightbox=\"no\">                <div class=\"bwg-item0 \">          <div class=\"bwg-item1 \">            <div class=\"bwg-item2\">              <img class=\"skip-lazy bwg_standart_thumb_img_0 \"                   data-id=\"396\"                   data-width=\"\"                   data-height=\"\"                   data-src=\"https:\/\/www.ivanabeaumond.com.br\/vestidos-noiva\/wp-content\/uploads\/photo-gallery\/thumb\/AdrianaBombom-DaniVieira-SheslaineHayalla-desfilam-de-IvanaBeaumond-no-inesquecivel-casamento-icweek-2017%20(56).jpg\"                   src=\"https:\/\/www.ivanabeaumond.com.br\/vestidos-noiva\/wp-content\/uploads\/photo-gallery\/thumb\/AdrianaBombom-DaniVieira-SheslaineHayalla-desfilam-de-IvanaBeaumond-no-inesquecivel-casamento-icweek-2017%20(56).jpg\"                   alt=\"AdrianaBombom-DaniVieira-SheslaineHayalla-desfilam-de-IvanaBeaumond-no-inesquecivel-casamento-icweek-2017 (56)\"                   title=\"AdrianaBombom-DaniVieira-SheslaineHayalla-desfilam-de-IvanaBeaumond-no-inesquecivel-casamento-icweek-2017 (56)\" \/>            <\/div>            <div class=\"\">                                                      <\/div>          <\/div>        <\/div>                        <\/a>              <\/div>            <div class=\"bwg-item\">        <a class=\"bwg-a \"  data-elementor-open-lightbox=\"no\">                <div class=\"bwg-item0 \">          <div class=\"bwg-item1 \">            <div class=\"bwg-item2\">              <img class=\"skip-lazy bwg_standart_thumb_img_0 \"                   data-id=\"395\"                   data-width=\"\"                   data-height=\"\"                   data-src=\"https:\/\/www.ivanabeaumond.com.br\/vestidos-noiva\/wp-content\/uploads\/photo-gallery\/thumb\/AdrianaBombom-DaniVieira-SheslaineHayalla-desfilam-de-IvanaBeaumond-no-inesquecivel-casamento-icweek-2017%20(49).jpg\"                   src=\"https:\/\/www.ivanabeaumond.com.br\/vestidos-noiva\/wp-content\/uploads\/photo-gallery\/thumb\/AdrianaBombom-DaniVieira-SheslaineHayalla-desfilam-de-IvanaBeaumond-no-inesquecivel-casamento-icweek-2017%20(49).jpg\"                   alt=\"AdrianaBombom-DaniVieira-SheslaineHayalla-desfilam-de-IvanaBeaumond-no-inesquecivel-casamento-icweek-2017 (49)\"                   title=\"AdrianaBombom-DaniVieira-SheslaineHayalla-desfilam-de-IvanaBeaumond-no-inesquecivel-casamento-icweek-2017 (49)\" \/>            <\/div>            <div class=\"\">                                                      <\/div>          <\/div>        <\/div>                        <\/a>              <\/div>            <div class=\"bwg-item\">        <a class=\"bwg-a \"  data-elementor-open-lightbox=\"no\">                <div class=\"bwg-item0 \">          <div class=\"bwg-item1 \">            <div class=\"bwg-item2\">              <img class=\"skip-lazy bwg_standart_thumb_img_0 \"                   data-id=\"394\"                   data-width=\"\"                   data-height=\"\"                   data-src=\"https:\/\/www.ivanabeaumond.com.br\/vestidos-noiva\/wp-content\/uploads\/photo-gallery\/thumb\/AdrianaBombom-DaniVieira-SheslaineHayalla-desfilam-de-IvanaBeaumond-no-inesquecivel-casamento-icweek-2017%20(55).jpg\"                   src=\"https:\/\/www.ivanabeaumond.com.br\/vestidos-noiva\/wp-content\/uploads\/photo-gallery\/thumb\/AdrianaBombom-DaniVieira-SheslaineHayalla-desfilam-de-IvanaBeaumond-no-inesquecivel-casamento-icweek-2017%20(55).jpg\"                   alt=\"AdrianaBombom-DaniVieira-SheslaineHayalla-desfilam-de-IvanaBeaumond-no-inesquecivel-casamento-icweek-2017 (55)\"                   title=\"AdrianaBombom-DaniVieira-SheslaineHayalla-desfilam-de-IvanaBeaumond-no-inesquecivel-casamento-icweek-2017 (55)\" \/>            <\/div>            <div class=\"\">                                                      <\/div>          <\/div>        <\/div>                        <\/a>              <\/div>            <div class=\"bwg-item\">        <a class=\"bwg-a \"  data-elementor-open-lightbox=\"no\">                <div class=\"bwg-item0 \">          <div class=\"bwg-item1 \">            <div class=\"bwg-item2\">              <img class=\"skip-lazy bwg_standart_thumb_img_0 \"                   data-id=\"393\"                   data-width=\"\"                   data-height=\"\"                   data-src=\"https:\/\/www.ivanabeaumond.com.br\/vestidos-noiva\/wp-content\/uploads\/photo-gallery\/thumb\/AdrianaBombom-DaniVieira-SheslaineHayalla-desfilam-de-IvanaBeaumond-no-inesquecivel-casamento-icweek-2017%20(54).jpg\"                   src=\"https:\/\/www.ivanabeaumond.com.br\/vestidos-noiva\/wp-content\/uploads\/photo-gallery\/thumb\/AdrianaBombom-DaniVieira-SheslaineHayalla-desfilam-de-IvanaBeaumond-no-inesquecivel-casamento-icweek-2017%20(54).jpg\"                   alt=\"AdrianaBombom-DaniVieira-SheslaineHayalla-desfilam-de-IvanaBeaumond-no-inesquecivel-casamento-icweek-2017 (54)\"                   title=\"AdrianaBombom-DaniVieira-SheslaineHayalla-desfilam-de-IvanaBeaumond-no-inesquecivel-casamento-icweek-2017 (54)\" \/>            <\/div>            <div class=\"\">                                                      <\/div>          <\/div>        <\/div>                        <\/a>              <\/div>            <div class=\"bwg-item\">        <a class=\"bwg-a \"  data-elementor-open-lightbox=\"no\">                <div class=\"bwg-item0 \">          <div class=\"bwg-item1 \">            <div class=\"bwg-item2\">              <img class=\"skip-lazy bwg_standart_thumb_img_0 \"                   data-id=\"392\"                   data-width=\"\"                   data-height=\"\"                   data-src=\"https:\/\/www.ivanabeaumond.com.br\/vestidos-noiva\/wp-content\/uploads\/photo-gallery\/thumb\/AdrianaBombom-DaniVieira-SheslaineHayalla-desfilam-de-IvanaBeaumond-no-inesquecivel-casamento-icweek-2017%20(48).jpg\"                   src=\"https:\/\/www.ivanabeaumond.com.br\/vestidos-noiva\/wp-content\/uploads\/photo-gallery\/thumb\/AdrianaBombom-DaniVieira-SheslaineHayalla-desfilam-de-IvanaBeaumond-no-inesquecivel-casamento-icweek-2017%20(48).jpg\"                   alt=\"AdrianaBombom-DaniVieira-SheslaineHayalla-desfilam-de-IvanaBeaumond-no-inesquecivel-casamento-icweek-2017 (48)\"                   title=\"AdrianaBombom-DaniVieira-SheslaineHayalla-desfilam-de-IvanaBeaumond-no-inesquecivel-casamento-icweek-2017 (48)\" \/>            <\/div>            <div class=\"\">                                                      <\/div>          <\/div>        <\/div>                        <\/a>              <\/div>            <div class=\"bwg-item\">        <a class=\"bwg-a \"  data-elementor-open-lightbox=\"no\">                <div class=\"bwg-item0 \">          <div class=\"bwg-item1 \">            <div class=\"bwg-item2\">              <img class=\"skip-lazy bwg_standart_thumb_img_0 \"                   data-id=\"391\"                   data-width=\"\"                   data-height=\"\"                   data-src=\"https:\/\/www.ivanabeaumond.com.br\/vestidos-noiva\/wp-content\/uploads\/photo-gallery\/thumb\/AdrianaBombom-DaniVieira-SheslaineHayalla-desfilam-de-IvanaBeaumond-no-inesquecivel-casamento-icweek-2017%20(47).jpg\"                   src=\"https:\/\/www.ivanabeaumond.com.br\/vestidos-noiva\/wp-content\/uploads\/photo-gallery\/thumb\/AdrianaBombom-DaniVieira-SheslaineHayalla-desfilam-de-IvanaBeaumond-no-inesquecivel-casamento-icweek-2017%20(47).jpg\"                   alt=\"AdrianaBombom-DaniVieira-SheslaineHayalla-desfilam-de-IvanaBeaumond-no-inesquecivel-casamento-icweek-2017 (47)\"                   title=\"AdrianaBombom-DaniVieira-SheslaineHayalla-desfilam-de-IvanaBeaumond-no-inesquecivel-casamento-icweek-2017 (47)\" \/>            <\/div>            <div class=\"\">                                                      <\/div>          <\/div>        <\/div>                        <\/a>              <\/div>            <div class=\"bwg-item\">        <a class=\"bwg-a \"  data-elementor-open-lightbox=\"no\">                <div class=\"bwg-item0 \">          <div class=\"bwg-item1 \">            <div class=\"bwg-item2\">              <img class=\"skip-lazy bwg_standart_thumb_img_0 \"                   data-id=\"390\"                   data-width=\"\"                   data-height=\"\"                   data-src=\"https:\/\/www.ivanabeaumond.com.br\/vestidos-noiva\/wp-content\/uploads\/photo-gallery\/thumb\/AdrianaBombom-DaniVieira-SheslaineHayalla-desfilam-de-IvanaBeaumond-no-inesquecivel-casamento-icweek-2017%20(53).jpg\"                   src=\"https:\/\/www.ivanabeaumond.com.br\/vestidos-noiva\/wp-content\/uploads\/photo-gallery\/thumb\/AdrianaBombom-DaniVieira-SheslaineHayalla-desfilam-de-IvanaBeaumond-no-inesquecivel-casamento-icweek-2017%20(53).jpg\"                   alt=\"AdrianaBombom-DaniVieira-SheslaineHayalla-desfilam-de-IvanaBeaumond-no-inesquecivel-casamento-icweek-2017 (53)\"                   title=\"AdrianaBombom-DaniVieira-SheslaineHayalla-desfilam-de-IvanaBeaumond-no-inesquecivel-casamento-icweek-2017 (53)\" \/>            <\/div>            <div class=\"\">                                                      <\/div>          <\/div>        <\/div>                        <\/a>              <\/div>            <div class=\"bwg-item\">        <a class=\"bwg-a \"  data-elementor-open-lightbox=\"no\">                <div class=\"bwg-item0 \">          <div class=\"bwg-item1 \">            <div class=\"bwg-item2\">              <img class=\"skip-lazy bwg_standart_thumb_img_0 \"                   data-id=\"389\"                   data-width=\"\"                   data-height=\"\"                   data-src=\"https:\/\/www.ivanabeaumond.com.br\/vestidos-noiva\/wp-content\/uploads\/photo-gallery\/thumb\/AdrianaBombom-DaniVieira-SheslaineHayalla-desfilam-de-IvanaBeaumond-no-inesquecivel-casamento-icweek-2017%20(52).jpg\"                   src=\"https:\/\/www.ivanabeaumond.com.br\/vestidos-noiva\/wp-content\/uploads\/photo-gallery\/thumb\/AdrianaBombom-DaniVieira-SheslaineHayalla-desfilam-de-IvanaBeaumond-no-inesquecivel-casamento-icweek-2017%20(52).jpg\"                   alt=\"AdrianaBombom-DaniVieira-SheslaineHayalla-desfilam-de-IvanaBeaumond-no-inesquecivel-casamento-icweek-2017 (52)\"                   title=\"AdrianaBombom-DaniVieira-SheslaineHayalla-desfilam-de-IvanaBeaumond-no-inesquecivel-casamento-icweek-2017 (52)\" \/>            <\/div>            <div class=\"\">                                                      <\/div>          <\/div>        <\/div>                        <\/a>              <\/div>            <div class=\"bwg-item\">        <a class=\"bwg-a \"  data-elementor-open-lightbox=\"no\">                <div class=\"bwg-item0 \">          <div class=\"bwg-item1 \">            <div class=\"bwg-item2\">              <img class=\"skip-lazy bwg_standart_thumb_img_0 \"                   data-id=\"388\"                   data-width=\"\"                   data-height=\"\"                   data-src=\"https:\/\/www.ivanabeaumond.com.br\/vestidos-noiva\/wp-content\/uploads\/photo-gallery\/thumb\/AdrianaBombom-DaniVieira-SheslaineHayalla-desfilam-de-IvanaBeaumond-no-inesquecivel-casamento-icweek-2017%20(46).jpg\"                   src=\"https:\/\/www.ivanabeaumond.com.br\/vestidos-noiva\/wp-content\/uploads\/photo-gallery\/thumb\/AdrianaBombom-DaniVieira-SheslaineHayalla-desfilam-de-IvanaBeaumond-no-inesquecivel-casamento-icweek-2017%20(46).jpg\"                   alt=\"AdrianaBombom-DaniVieira-SheslaineHayalla-desfilam-de-IvanaBeaumond-no-inesquecivel-casamento-icweek-2017 (46)\"                   title=\"AdrianaBombom-DaniVieira-SheslaineHayalla-desfilam-de-IvanaBeaumond-no-inesquecivel-casamento-icweek-2017 (46)\" \/>            <\/div>            <div class=\"\">                                                      <\/div>          <\/div>        <\/div>                        <\/a>              <\/div>            <div class=\"bwg-item\">        <a class=\"bwg-a \"  data-elementor-open-lightbox=\"no\">                <div class=\"bwg-item0 \">          <div class=\"bwg-item1 \">            <div class=\"bwg-item2\">              <img class=\"skip-lazy bwg_standart_thumb_img_0 \"                   data-id=\"387\"                   data-width=\"\"                   data-height=\"\"                   data-src=\"https:\/\/www.ivanabeaumond.com.br\/vestidos-noiva\/wp-content\/uploads\/photo-gallery\/thumb\/AdrianaBombom-DaniVieira-SheslaineHayalla-desfilam-de-IvanaBeaumond-no-inesquecivel-casamento-icweek-2017%20(45).jpg\"                   src=\"https:\/\/www.ivanabeaumond.com.br\/vestidos-noiva\/wp-content\/uploads\/photo-gallery\/thumb\/AdrianaBombom-DaniVieira-SheslaineHayalla-desfilam-de-IvanaBeaumond-no-inesquecivel-casamento-icweek-2017%20(45).jpg\"                   alt=\"AdrianaBombom-DaniVieira-SheslaineHayalla-desfilam-de-IvanaBeaumond-no-inesquecivel-casamento-icweek-2017 (45)\"                   title=\"AdrianaBombom-DaniVieira-SheslaineHayalla-desfilam-de-IvanaBeaumond-no-inesquecivel-casamento-icweek-2017 (45)\" \/>            <\/div>            <div class=\"\">                                                      <\/div>          <\/div>        <\/div>                        <\/a>              <\/div>            <div class=\"bwg-item\">        <a class=\"bwg-a \"  data-elementor-open-lightbox=\"no\">                <div class=\"bwg-item0 \">          <div class=\"bwg-item1 \">            <div class=\"bwg-item2\">              <img class=\"skip-lazy bwg_standart_thumb_img_0 \"                   data-id=\"386\"                   data-width=\"\"                   data-height=\"\"                   data-src=\"https:\/\/www.ivanabeaumond.com.br\/vestidos-noiva\/wp-content\/uploads\/photo-gallery\/thumb\/AdrianaBombom-DaniVieira-SheslaineHayalla-desfilam-de-IvanaBeaumond-no-inesquecivel-casamento-icweek-2017%20(51).jpg\"                   src=\"https:\/\/www.ivanabeaumond.com.br\/vestidos-noiva\/wp-content\/uploads\/photo-gallery\/thumb\/AdrianaBombom-DaniVieira-SheslaineHayalla-desfilam-de-IvanaBeaumond-no-inesquecivel-casamento-icweek-2017%20(51).jpg\"                   alt=\"AdrianaBombom-DaniVieira-SheslaineHayalla-desfilam-de-IvanaBeaumond-no-inesquecivel-casamento-icweek-2017 (51)\"                   title=\"AdrianaBombom-DaniVieira-SheslaineHayalla-desfilam-de-IvanaBeaumond-no-inesquecivel-casamento-icweek-2017 (51)\" \/>            <\/div>            <div class=\"\">                                                      <\/div>          <\/div>        <\/div>                        <\/a>              <\/div>            <div class=\"bwg-item\">        <a class=\"bwg-a \"  data-elementor-open-lightbox=\"no\">                <div class=\"bwg-item0 \">          <div class=\"bwg-item1 \">            <div class=\"bwg-item2\">              <img class=\"skip-lazy bwg_standart_thumb_img_0 \"                   data-id=\"385\"                   data-width=\"\"                   data-height=\"\"                   data-src=\"https:\/\/www.ivanabeaumond.com.br\/vestidos-noiva\/wp-content\/uploads\/photo-gallery\/thumb\/AdrianaBombom-DaniVieira-SheslaineHayalla-desfilam-de-IvanaBeaumond-no-inesquecivel-casamento-icweek-2017%20(50).jpg\"                   src=\"https:\/\/www.ivanabeaumond.com.br\/vestidos-noiva\/wp-content\/uploads\/photo-gallery\/thumb\/AdrianaBombom-DaniVieira-SheslaineHayalla-desfilam-de-IvanaBeaumond-no-inesquecivel-casamento-icweek-2017%20(50).jpg\"                   alt=\"AdrianaBombom-DaniVieira-SheslaineHayalla-desfilam-de-IvanaBeaumond-no-inesquecivel-casamento-icweek-2017 (50)\"                   title=\"AdrianaBombom-DaniVieira-SheslaineHayalla-desfilam-de-IvanaBeaumond-no-inesquecivel-casamento-icweek-2017 (50)\" \/>            <\/div>            <div class=\"\">                                                      <\/div>          <\/div>        <\/div>                        <\/a>              <\/div>            <div class=\"bwg-item\">        <a class=\"bwg-a \"  data-elementor-open-lightbox=\"no\">                <div class=\"bwg-item0 \">          <div class=\"bwg-item1 \">            <div class=\"bwg-item2\">              <img class=\"skip-lazy bwg_standart_thumb_img_0 \"                   data-id=\"384\"                   data-width=\"\"                   data-height=\"\"                   data-src=\"https:\/\/www.ivanabeaumond.com.br\/vestidos-noiva\/wp-content\/uploads\/photo-gallery\/thumb\/AdrianaBombom-DaniVieira-SheslaineHayalla-desfilam-de-IvanaBeaumond-no-inesquecivel-casamento-icweek-2017%20(44).jpg\"                   src=\"https:\/\/www.ivanabeaumond.com.br\/vestidos-noiva\/wp-content\/uploads\/photo-gallery\/thumb\/AdrianaBombom-DaniVieira-SheslaineHayalla-desfilam-de-IvanaBeaumond-no-inesquecivel-casamento-icweek-2017%20(44).jpg\"                   alt=\"AdrianaBombom-DaniVieira-SheslaineHayalla-desfilam-de-IvanaBeaumond-no-inesquecivel-casamento-icweek-2017 (44)\"                   title=\"AdrianaBombom-DaniVieira-SheslaineHayalla-desfilam-de-IvanaBeaumond-no-inesquecivel-casamento-icweek-2017 (44)\" \/>            <\/div>            <div class=\"\">                                                      <\/div>          <\/div>        <\/div>                        <\/a>              <\/div>            <div class=\"bwg-item\">        <a class=\"bwg-a \"  data-elementor-open-lightbox=\"no\">                <div class=\"bwg-item0 \">          <div class=\"bwg-item1 \">            <div class=\"bwg-item2\">              <img class=\"skip-lazy bwg_standart_thumb_img_0 \"                   data-id=\"383\"                   data-width=\"\"                   data-height=\"\"                   data-src=\"https:\/\/www.ivanabeaumond.com.br\/vestidos-noiva\/wp-content\/uploads\/photo-gallery\/thumb\/AdrianaBombom-DaniVieira-SheslaineHayalla-desfilam-de-IvanaBeaumond-no-inesquecivel-casamento-icweek-2017%20(43).jpg\"                   src=\"https:\/\/www.ivanabeaumond.com.br\/vestidos-noiva\/wp-content\/uploads\/photo-gallery\/thumb\/AdrianaBombom-DaniVieira-SheslaineHayalla-desfilam-de-IvanaBeaumond-no-inesquecivel-casamento-icweek-2017%20(43).jpg\"                   alt=\"AdrianaBombom-DaniVieira-SheslaineHayalla-desfilam-de-IvanaBeaumond-no-inesquecivel-casamento-icweek-2017 (43)\"                   title=\"AdrianaBombom-DaniVieira-SheslaineHayalla-desfilam-de-IvanaBeaumond-no-inesquecivel-casamento-icweek-2017 (43)\" \/>            <\/div>            <div class=\"\">                                                      <\/div>          <\/div>        <\/div>                        <\/a>              <\/div>            <div class=\"bwg-item\">        <a class=\"bwg-a \"  data-elementor-open-lightbox=\"no\">                <div class=\"bwg-item0 \">          <div class=\"bwg-item1 \">            <div class=\"bwg-item2\">              <img class=\"skip-lazy bwg_standart_thumb_img_0 \"                   data-id=\"382\"                   data-width=\"\"                   data-height=\"\"                   data-src=\"https:\/\/www.ivanabeaumond.com.br\/vestidos-noiva\/wp-content\/uploads\/photo-gallery\/thumb\/AdrianaBombom-DaniVieira-SheslaineHayalla-desfilam-de-IvanaBeaumond-no-inesquecivel-casamento-icweek-2017%20(42).jpg\"                   src=\"https:\/\/www.ivanabeaumond.com.br\/vestidos-noiva\/wp-content\/uploads\/photo-gallery\/thumb\/AdrianaBombom-DaniVieira-SheslaineHayalla-desfilam-de-IvanaBeaumond-no-inesquecivel-casamento-icweek-2017%20(42).jpg\"                   alt=\"AdrianaBombom-DaniVieira-SheslaineHayalla-desfilam-de-IvanaBeaumond-no-inesquecivel-casamento-icweek-2017 (42)\"                   title=\"AdrianaBombom-DaniVieira-SheslaineHayalla-desfilam-de-IvanaBeaumond-no-inesquecivel-casamento-icweek-2017 (42)\" \/>            <\/div>            <div class=\"\">                                                      <\/div>          <\/div>        <\/div>                        <\/a>              <\/div>            <div class=\"bwg-item\">        <a class=\"bwg-a \"  data-elementor-open-lightbox=\"no\">                <div class=\"bwg-item0 \">          <div class=\"bwg-item1 \">            <div class=\"bwg-item2\">              <img class=\"skip-lazy bwg_standart_thumb_img_0 \"                   data-id=\"381\"                   data-width=\"\"                   data-height=\"\"                   data-src=\"https:\/\/www.ivanabeaumond.com.br\/vestidos-noiva\/wp-content\/uploads\/photo-gallery\/thumb\/AdrianaBombom-DaniVieira-SheslaineHayalla-desfilam-de-IvanaBeaumond-no-inesquecivel-casamento-icweek-2017%20(41).jpg\"                   src=\"https:\/\/www.ivanabeaumond.com.br\/vestidos-noiva\/wp-content\/uploads\/photo-gallery\/thumb\/AdrianaBombom-DaniVieira-SheslaineHayalla-desfilam-de-IvanaBeaumond-no-inesquecivel-casamento-icweek-2017%20(41).jpg\"                   alt=\"AdrianaBombom-DaniVieira-SheslaineHayalla-desfilam-de-IvanaBeaumond-no-inesquecivel-casamento-icweek-2017 (41)\"                   title=\"AdrianaBombom-DaniVieira-SheslaineHayalla-desfilam-de-IvanaBeaumond-no-inesquecivel-casamento-icweek-2017 (41)\" \/>            <\/div>            <div class=\"\">                                                      <\/div>          <\/div>        <\/div>                        <\/a>              <\/div>            <div class=\"bwg-item\">        <a class=\"bwg-a \"  data-elementor-open-lightbox=\"no\">                <div class=\"bwg-item0 \">          <div class=\"bwg-item1 \">            <div class=\"bwg-item2\">              <img class=\"skip-lazy bwg_standart_thumb_img_0 \"                   data-id=\"380\"                   data-width=\"\"                   data-height=\"\"                   data-src=\"https:\/\/www.ivanabeaumond.com.br\/vestidos-noiva\/wp-content\/uploads\/photo-gallery\/thumb\/AdrianaBombom-DaniVieira-SheslaineHayalla-desfilam-de-IvanaBeaumond-no-inesquecivel-casamento-icweek-2017%20(40).jpg\"                   src=\"https:\/\/www.ivanabeaumond.com.br\/vestidos-noiva\/wp-content\/uploads\/photo-gallery\/thumb\/AdrianaBombom-DaniVieira-SheslaineHayalla-desfilam-de-IvanaBeaumond-no-inesquecivel-casamento-icweek-2017%20(40).jpg\"                   alt=\"AdrianaBombom-DaniVieira-SheslaineHayalla-desfilam-de-IvanaBeaumond-no-inesquecivel-casamento-icweek-2017 (40)\"                   title=\"AdrianaBombom-DaniVieira-SheslaineHayalla-desfilam-de-IvanaBeaumond-no-inesquecivel-casamento-icweek-2017 (40)\" \/>            <\/div>            <div class=\"\">                                                      <\/div>          <\/div>        <\/div>                        <\/a>              <\/div>            <div class=\"bwg-item\">        <a class=\"bwg-a \"  data-elementor-open-lightbox=\"no\">                <div class=\"bwg-item0 \">          <div class=\"bwg-item1 \">            <div class=\"bwg-item2\">              <img class=\"skip-lazy bwg_standart_thumb_img_0 \"                   data-id=\"379\"                   data-width=\"\"                   data-height=\"\"                   data-src=\"https:\/\/www.ivanabeaumond.com.br\/vestidos-noiva\/wp-content\/uploads\/photo-gallery\/thumb\/AdrianaBombom-DaniVieira-SheslaineHayalla-desfilam-de-IvanaBeaumond-no-inesquecivel-casamento-icweek-2017%20(39).jpg\"                   src=\"https:\/\/www.ivanabeaumond.com.br\/vestidos-noiva\/wp-content\/uploads\/photo-gallery\/thumb\/AdrianaBombom-DaniVieira-SheslaineHayalla-desfilam-de-IvanaBeaumond-no-inesquecivel-casamento-icweek-2017%20(39).jpg\"                   alt=\"AdrianaBombom-DaniVieira-SheslaineHayalla-desfilam-de-IvanaBeaumond-no-inesquecivel-casamento-icweek-2017 (39)\"                   title=\"AdrianaBombom-DaniVieira-SheslaineHayalla-desfilam-de-IvanaBeaumond-no-inesquecivel-casamento-icweek-2017 (39)\" \/>            <\/div>            <div class=\"\">                                                      <\/div>          <\/div>        <\/div>                        <\/a>              <\/div>            <div class=\"bwg-item\">        <a class=\"bwg-a \"  data-elementor-open-lightbox=\"no\">                <div class=\"bwg-item0 \">          <div class=\"bwg-item1 \">            <div class=\"bwg-item2\">              <img class=\"skip-lazy bwg_standart_thumb_img_0 \"                   data-id=\"378\"                   data-width=\"\"                   data-height=\"\"                   data-src=\"https:\/\/www.ivanabeaumond.com.br\/vestidos-noiva\/wp-content\/uploads\/photo-gallery\/thumb\/AdrianaBombom-DaniVieira-SheslaineHayalla-desfilam-de-IvanaBeaumond-no-inesquecivel-casamento-icweek-2017%20(38).jpg\"                   src=\"https:\/\/www.ivanabeaumond.com.br\/vestidos-noiva\/wp-content\/uploads\/photo-gallery\/thumb\/AdrianaBombom-DaniVieira-SheslaineHayalla-desfilam-de-IvanaBeaumond-no-inesquecivel-casamento-icweek-2017%20(38).jpg\"                   alt=\"AdrianaBombom-DaniVieira-SheslaineHayalla-desfilam-de-IvanaBeaumond-no-inesquecivel-casamento-icweek-2017 (38)\"                   title=\"AdrianaBombom-DaniVieira-SheslaineHayalla-desfilam-de-IvanaBeaumond-no-inesquecivel-casamento-icweek-2017 (38)\" \/>            <\/div>            <div class=\"\">                                                      <\/div>          <\/div>        <\/div>                        <\/a>              <\/div>            <div class=\"bwg-item\">        <a class=\"bwg-a \"  data-elementor-open-lightbox=\"no\">                <div class=\"bwg-item0 \">          <div class=\"bwg-item1 \">            <div class=\"bwg-item2\">              <img class=\"skip-lazy bwg_standart_thumb_img_0 \"                   data-id=\"377\"                   data-width=\"\"                   data-height=\"\"                   data-src=\"https:\/\/www.ivanabeaumond.com.br\/vestidos-noiva\/wp-content\/uploads\/photo-gallery\/thumb\/AdrianaBombom-DaniVieira-SheslaineHayalla-desfilam-de-IvanaBeaumond-no-inesquecivel-casamento-icweek-2017%20(37).jpg\"                   src=\"https:\/\/www.ivanabeaumond.com.br\/vestidos-noiva\/wp-content\/uploads\/photo-gallery\/thumb\/AdrianaBombom-DaniVieira-SheslaineHayalla-desfilam-de-IvanaBeaumond-no-inesquecivel-casamento-icweek-2017%20(37).jpg\"                   alt=\"AdrianaBombom-DaniVieira-SheslaineHayalla-desfilam-de-IvanaBeaumond-no-inesquecivel-casamento-icweek-2017 (37)\"                   title=\"AdrianaBombom-DaniVieira-SheslaineHayalla-desfilam-de-IvanaBeaumond-no-inesquecivel-casamento-icweek-2017 (37)\" \/>            <\/div>            <div class=\"\">                                                      <\/div>          <\/div>        <\/div>                        <\/a>              <\/div>            <div class=\"bwg-item\">        <a class=\"bwg-a \"  data-elementor-open-lightbox=\"no\">                <div class=\"bwg-item0 \">          <div class=\"bwg-item1 \">            <div class=\"bwg-item2\">              <img class=\"skip-lazy bwg_standart_thumb_img_0 \"                   data-id=\"376\"                   data-width=\"\"                   data-height=\"\"                   data-src=\"https:\/\/www.ivanabeaumond.com.br\/vestidos-noiva\/wp-content\/uploads\/photo-gallery\/thumb\/AdrianaBombom-DaniVieira-SheslaineHayalla-desfilam-de-IvanaBeaumond-no-inesquecivel-casamento-icweek-2017%20(36).jpg\"                   src=\"https:\/\/www.ivanabeaumond.com.br\/vestidos-noiva\/wp-content\/uploads\/photo-gallery\/thumb\/AdrianaBombom-DaniVieira-SheslaineHayalla-desfilam-de-IvanaBeaumond-no-inesquecivel-casamento-icweek-2017%20(36).jpg\"                   alt=\"AdrianaBombom-DaniVieira-SheslaineHayalla-desfilam-de-IvanaBeaumond-no-inesquecivel-casamento-icweek-2017 (36)\"                   title=\"AdrianaBombom-DaniVieira-SheslaineHayalla-desfilam-de-IvanaBeaumond-no-inesquecivel-casamento-icweek-2017 (36)\" \/>            <\/div>            <div class=\"\">                                                      <\/div>          <\/div>        <\/div>                        <\/a>              <\/div>            <div class=\"bwg-item\">        <a class=\"bwg-a \"  data-elementor-open-lightbox=\"no\">                <div class=\"bwg-item0 \">          <div class=\"bwg-item1 \">            <div class=\"bwg-item2\">              <img class=\"skip-lazy bwg_standart_thumb_img_0 \"                   data-id=\"375\"                   data-width=\"\"                   data-height=\"\"                   data-src=\"https:\/\/www.ivanabeaumond.com.br\/vestidos-noiva\/wp-content\/uploads\/photo-gallery\/thumb\/AdrianaBombom-DaniVieira-SheslaineHayalla-desfilam-de-IvanaBeaumond-no-inesquecivel-casamento-icweek-2017%20(35).jpg\"                   src=\"https:\/\/www.ivanabeaumond.com.br\/vestidos-noiva\/wp-content\/uploads\/photo-gallery\/thumb\/AdrianaBombom-DaniVieira-SheslaineHayalla-desfilam-de-IvanaBeaumond-no-inesquecivel-casamento-icweek-2017%20(35).jpg\"                   alt=\"AdrianaBombom-DaniVieira-SheslaineHayalla-desfilam-de-IvanaBeaumond-no-inesquecivel-casamento-icweek-2017 (35)\"                   title=\"AdrianaBombom-DaniVieira-SheslaineHayalla-desfilam-de-IvanaBeaumond-no-inesquecivel-casamento-icweek-2017 (35)\" \/>            <\/div>            <div class=\"\">                                                      <\/div>          <\/div>        <\/div>                        <\/a>              <\/div>            <div class=\"bwg-item\">        <a class=\"bwg-a \"  data-elementor-open-lightbox=\"no\">                <div class=\"bwg-item0 \">          <div class=\"bwg-item1 \">            <div class=\"bwg-item2\">              <img class=\"skip-lazy bwg_standart_thumb_img_0 \"                   data-id=\"374\"                   data-width=\"\"                   data-height=\"\"                   data-src=\"https:\/\/www.ivanabeaumond.com.br\/vestidos-noiva\/wp-content\/uploads\/photo-gallery\/thumb\/AdrianaBombom-DaniVieira-SheslaineHayalla-desfilam-de-IvanaBeaumond-no-inesquecivel-casamento-icweek-2017%20(34).jpg\"                   src=\"https:\/\/www.ivanabeaumond.com.br\/vestidos-noiva\/wp-content\/uploads\/photo-gallery\/thumb\/AdrianaBombom-DaniVieira-SheslaineHayalla-desfilam-de-IvanaBeaumond-no-inesquecivel-casamento-icweek-2017%20(34).jpg\"                   alt=\"AdrianaBombom-DaniVieira-SheslaineHayalla-desfilam-de-IvanaBeaumond-no-inesquecivel-casamento-icweek-2017 (34)\"                   title=\"AdrianaBombom-DaniVieira-SheslaineHayalla-desfilam-de-IvanaBeaumond-no-inesquecivel-casamento-icweek-2017 (34)\" \/>            <\/div>            <div class=\"\">                                                      <\/div>          <\/div>        <\/div>                        <\/a>              <\/div>            <div class=\"bwg-item\">        <a class=\"bwg-a \"  data-elementor-open-lightbox=\"no\">                <div class=\"bwg-item0 \">          <div class=\"bwg-item1 \">            <div class=\"bwg-item2\">              <img class=\"skip-lazy bwg_standart_thumb_img_0 \"                   data-id=\"373\"                   data-width=\"\"                   data-height=\"\"                   data-src=\"https:\/\/www.ivanabeaumond.com.br\/vestidos-noiva\/wp-content\/uploads\/photo-gallery\/thumb\/AdrianaBombom-DaniVieira-SheslaineHayalla-desfilam-de-IvanaBeaumond-no-inesquecivel-casamento-icweek-2017%20(33).jpg\"                   src=\"https:\/\/www.ivanabeaumond.com.br\/vestidos-noiva\/wp-content\/uploads\/photo-gallery\/thumb\/AdrianaBombom-DaniVieira-SheslaineHayalla-desfilam-de-IvanaBeaumond-no-inesquecivel-casamento-icweek-2017%20(33).jpg\"                   alt=\"AdrianaBombom-DaniVieira-SheslaineHayalla-desfilam-de-IvanaBeaumond-no-inesquecivel-casamento-icweek-2017 (33)\"                   title=\"AdrianaBombom-DaniVieira-SheslaineHayalla-desfilam-de-IvanaBeaumond-no-inesquecivel-casamento-icweek-2017 (33)\" \/>            <\/div>            <div class=\"\">                                                      <\/div>          <\/div>        <\/div>                        <\/a>              <\/div>            <div class=\"bwg-item\">        <a class=\"bwg-a \"  data-elementor-open-lightbox=\"no\">                <div class=\"bwg-item0 \">          <div class=\"bwg-item1 \">            <div class=\"bwg-item2\">              <img class=\"skip-lazy bwg_standart_thumb_img_0 \"                   data-id=\"372\"                   data-width=\"\"                   data-height=\"\"                   data-src=\"https:\/\/www.ivanabeaumond.com.br\/vestidos-noiva\/wp-content\/uploads\/photo-gallery\/thumb\/AdrianaBombom-DaniVieira-SheslaineHayalla-desfilam-de-IvanaBeaumond-no-inesquecivel-casamento-icweek-2017%20(32).jpg\"                   src=\"https:\/\/www.ivanabeaumond.com.br\/vestidos-noiva\/wp-content\/uploads\/photo-gallery\/thumb\/AdrianaBombom-DaniVieira-SheslaineHayalla-desfilam-de-IvanaBeaumond-no-inesquecivel-casamento-icweek-2017%20(32).jpg\"                   alt=\"AdrianaBombom-DaniVieira-SheslaineHayalla-desfilam-de-IvanaBeaumond-no-inesquecivel-casamento-icweek-2017 (32)\"                   title=\"AdrianaBombom-DaniVieira-SheslaineHayalla-desfilam-de-IvanaBeaumond-no-inesquecivel-casamento-icweek-2017 (32)\" \/>            <\/div>            <div class=\"\">                                                      <\/div>          <\/div>        <\/div>                        <\/a>              <\/div>            <div class=\"bwg-item\">        <a class=\"bwg-a \"  data-elementor-open-lightbox=\"no\">                <div class=\"bwg-item0 \">          <div class=\"bwg-item1 \">            <div class=\"bwg-item2\">              <img class=\"skip-lazy bwg_standart_thumb_img_0 \"                   data-id=\"371\"                   data-width=\"\"                   data-height=\"\"                   data-src=\"https:\/\/www.ivanabeaumond.com.br\/vestidos-noiva\/wp-content\/uploads\/photo-gallery\/thumb\/AdrianaBombom-DaniVieira-SheslaineHayalla-desfilam-de-IvanaBeaumond-no-inesquecivel-casamento-icweek-2017%20(31).jpg\"                   src=\"https:\/\/www.ivanabeaumond.com.br\/vestidos-noiva\/wp-content\/uploads\/photo-gallery\/thumb\/AdrianaBombom-DaniVieira-SheslaineHayalla-desfilam-de-IvanaBeaumond-no-inesquecivel-casamento-icweek-2017%20(31).jpg\"                   alt=\"AdrianaBombom-DaniVieira-SheslaineHayalla-desfilam-de-IvanaBeaumond-no-inesquecivel-casamento-icweek-2017 (31)\"                   title=\"AdrianaBombom-DaniVieira-SheslaineHayalla-desfilam-de-IvanaBeaumond-no-inesquecivel-casamento-icweek-2017 (31)\" \/>            <\/div>            <div class=\"\">                                                      <\/div>          <\/div>        <\/div>                        <\/a>              <\/div>            <div class=\"bwg-item\">        <a class=\"bwg-a \"  data-elementor-open-lightbox=\"no\">                <div class=\"bwg-item0 \">          <div class=\"bwg-item1 \">            <div class=\"bwg-item2\">              <img class=\"skip-lazy bwg_standart_thumb_img_0 \"                   data-id=\"370\"                   data-width=\"\"                   data-height=\"\"                   data-src=\"https:\/\/www.ivanabeaumond.com.br\/vestidos-noiva\/wp-content\/uploads\/photo-gallery\/thumb\/AdrianaBombom-DaniVieira-SheslaineHayalla-desfilam-de-IvanaBeaumond-no-inesquecivel-casamento-icweek-2017%20(29).jpg\"                   src=\"https:\/\/www.ivanabeaumond.com.br\/vestidos-noiva\/wp-content\/uploads\/photo-gallery\/thumb\/AdrianaBombom-DaniVieira-SheslaineHayalla-desfilam-de-IvanaBeaumond-no-inesquecivel-casamento-icweek-2017%20(29).jpg\"                   alt=\"AdrianaBombom-DaniVieira-SheslaineHayalla-desfilam-de-IvanaBeaumond-no-inesquecivel-casamento-icweek-2017 (29)\"                   title=\"AdrianaBombom-DaniVieira-SheslaineHayalla-desfilam-de-IvanaBeaumond-no-inesquecivel-casamento-icweek-2017 (29)\" \/>            <\/div>            <div class=\"\">                                                      <\/div>          <\/div>        <\/div>                        <\/a>              <\/div>            <div class=\"bwg-item\">        <a class=\"bwg-a \"  data-elementor-open-lightbox=\"no\">                <div class=\"bwg-item0 \">          <div class=\"bwg-item1 \">            <div class=\"bwg-item2\">              <img class=\"skip-lazy bwg_standart_thumb_img_0 \"                   data-id=\"369\"                   data-width=\"\"                   data-height=\"\"                   data-src=\"https:\/\/www.ivanabeaumond.com.br\/vestidos-noiva\/wp-content\/uploads\/photo-gallery\/thumb\/AdrianaBombom-DaniVieira-SheslaineHayalla-desfilam-de-IvanaBeaumond-no-inesquecivel-casamento-icweek-2017%20(28).jpg\"                   src=\"https:\/\/www.ivanabeaumond.com.br\/vestidos-noiva\/wp-content\/uploads\/photo-gallery\/thumb\/AdrianaBombom-DaniVieira-SheslaineHayalla-desfilam-de-IvanaBeaumond-no-inesquecivel-casamento-icweek-2017%20(28).jpg\"                   alt=\"AdrianaBombom-DaniVieira-SheslaineHayalla-desfilam-de-IvanaBeaumond-no-inesquecivel-casamento-icweek-2017 (28)\"                   title=\"AdrianaBombom-DaniVieira-SheslaineHayalla-desfilam-de-IvanaBeaumond-no-inesquecivel-casamento-icweek-2017 (28)\" \/>            <\/div>            <div class=\"\">                                                      <\/div>          <\/div>        <\/div>                        <\/a>              <\/div>            <div class=\"bwg-item\">        <a class=\"bwg-a \"  data-elementor-open-lightbox=\"no\">                <div class=\"bwg-item0 \">          <div class=\"bwg-item1 \">            <div class=\"bwg-item2\">              <img class=\"skip-lazy bwg_standart_thumb_img_0 \"                   data-id=\"368\"                   data-width=\"\"                   data-height=\"\"                   data-src=\"https:\/\/www.ivanabeaumond.com.br\/vestidos-noiva\/wp-content\/uploads\/photo-gallery\/thumb\/AdrianaBombom-DaniVieira-SheslaineHayalla-desfilam-de-IvanaBeaumond-no-inesquecivel-casamento-icweek-2017%20(26).jpg\"                   src=\"https:\/\/www.ivanabeaumond.com.br\/vestidos-noiva\/wp-content\/uploads\/photo-gallery\/thumb\/AdrianaBombom-DaniVieira-SheslaineHayalla-desfilam-de-IvanaBeaumond-no-inesquecivel-casamento-icweek-2017%20(26).jpg\"                   alt=\"AdrianaBombom-DaniVieira-SheslaineHayalla-desfilam-de-IvanaBeaumond-no-inesquecivel-casamento-icweek-2017 (26)\"                   title=\"AdrianaBombom-DaniVieira-SheslaineHayalla-desfilam-de-IvanaBeaumond-no-inesquecivel-casamento-icweek-2017 (26)\" \/>            <\/div>            <div class=\"\">                                                      <\/div>          <\/div>        <\/div>                        <\/a>              <\/div>            <div class=\"bwg-item\">        <a class=\"bwg-a \"  data-elementor-open-lightbox=\"no\">                <div class=\"bwg-item0 \">          <div class=\"bwg-item1 \">            <div class=\"bwg-item2\">              <img class=\"skip-lazy bwg_standart_thumb_img_0 \"                   data-id=\"367\"                   data-width=\"\"                   data-height=\"\"                   data-src=\"https:\/\/www.ivanabeaumond.com.br\/vestidos-noiva\/wp-content\/uploads\/photo-gallery\/thumb\/AdrianaBombom-DaniVieira-SheslaineHayalla-desfilam-de-IvanaBeaumond-no-inesquecivel-casamento-icweek-2017%20(19).jpg\"                   src=\"https:\/\/www.ivanabeaumond.com.br\/vestidos-noiva\/wp-content\/uploads\/photo-gallery\/thumb\/AdrianaBombom-DaniVieira-SheslaineHayalla-desfilam-de-IvanaBeaumond-no-inesquecivel-casamento-icweek-2017%20(19).jpg\"                   alt=\"AdrianaBombom-DaniVieira-SheslaineHayalla-desfilam-de-IvanaBeaumond-no-inesquecivel-casamento-icweek-2017 (19)\"                   title=\"AdrianaBombom-DaniVieira-SheslaineHayalla-desfilam-de-IvanaBeaumond-no-inesquecivel-casamento-icweek-2017 (19)\" \/>            <\/div>            <div class=\"\">                                                      <\/div>          <\/div>        <\/div>                        <\/a>              <\/div>          <\/div>    <style>      \/*pagination styles*\/      #bwg_container1_0 #bwg_container2_0 .tablenav-pages_0 {\t\t\t\ttext-align: center;\t\t\t\tfont-size: 12px;\t\t\t\tfont-family: segoe ui;\t\t\t\tfont-weight: bold;\t\t\t\tcolor: #666666;\t\t\t\tmargin: 6px 0 4px;\t\t\t\tdisplay: block;      }      @media only screen and (max-width : 320px) {      #bwg_container1_0 #bwg_container2_0 .displaying-num_0 {     \t display: none;      }      }      #bwg_container1_0 #bwg_container2_0 .displaying-num_0 {\t\t\t\tfont-size: 12px;\t\t\t\tfont-family: segoe ui;\t\t\t\tfont-weight: bold;\t\t\t\tcolor: #666666;\t\t\t\tmargin-right: 10px;\t\t\t\tvertical-align: middle;      }      #bwg_container1_0 #bwg_container2_0 .paging-input_0 {\t\t\t\tfont-size: 12px;\t\t\t\tfont-family: segoe ui;\t\t\t\tfont-weight: bold;\t\t\t\tcolor: #666666;\t\t\t\tvertical-align: middle;      }      #bwg_container1_0 #bwg_container2_0 .tablenav-pages_0 a.disabled,      #bwg_container1_0 #bwg_container2_0 .tablenav-pages_0 a.disabled:hover,      #bwg_container1_0 #bwg_container2_0 .tablenav-pages_0 a.disabled:focus,\t\t\t#bwg_container1_0 #bwg_container2_0 .tablenav-pages_0 input.bwg_current_page {\t\t\t\tcursor: default;\t\t\t\tcolor: rgba(102, 102, 102, 0.5);      }      #bwg_container1_0 #bwg_container2_0 .tablenav-pages_0 a,      #bwg_container1_0 #bwg_container2_0 .tablenav-pages_0 input.bwg_current_page {\t\t\t\tcursor: pointer;\t\t\t\ttext-align: center;\t\t\t\tfont-size: 12px;\t\t\t\tfont-family: segoe ui;\t\t\t\tfont-weight: bold;\t\t\t\tcolor: #666666;\t\t\t\ttext-decoration: none;\t\t\t\tpadding: 3px 6px;\t\t\t\tmargin: 0;\t\t\t\tborder-radius: 0;\t\t\t\tborder-style: solid;\t\t\t\tborder-width: 1px;\t\t\t\tborder-color: #E3E3E3;\t\t\t\t\t\t\t\tbackground-color: rgba(255, 255, 255, 1.00);\t\t\t\tbox-shadow: 0;\t\t\t\ttransition: all 0.3s ease 0s;-webkit-transition: all 0.3s ease 0s;      }      <\/style>      <span class=\"bwg_nav_cont_0\">              <div class=\"tablenav-pages_0\">                      <span class=\"pagination-links_0 pagination-links\" data-pages-count=\"2\">              <span class=\"pagination-links_col1\">              <a class=\"bwg-a first-page disabled\" title=\"Ir para a primeira p\u00e1gina\" >\u00ab<\/a>              <a class=\"bwg-a prev-page disabled\" title=\"V\u00e1 para a p\u00e1gina anterior\" >\u2039<\/a>              <\/span>\t\t\t\t\t\t\t<span class=\"pagination-links_col2\">\t\t\t\t\t\t\t\t\t<input type=\"number\" class=\"bwg_current_page\" name=\"bwg_current_page\" value=\"1\" data-url-info=\"page_number_0\" onkeypress=\"return bwg_change_page_0(event, this)\" min=\"1\" oninput=\"validity.valid||(value='')\" \/>\t\t\t\t\t\t\t\t\t\tde\t\t\t\t\t\t\t\t\t\t<span class=\"total-pages_0\">\t\t\t\t\t\t\t\t\t\t\t2\t\t\t\t\t\t\t\t\t\t<\/span>\t\t\t\t\t\t\t<\/span>              <span class=\"pagination-links_col3\">                <a class=\"bwg-a next-page-0\" title=\"Ir para a pr\u00f3xima p\u00e1gina\" href=\"\/vestidos-noiva\/wp-json\/wp\/v2\/posts\/13324?page_number_0=2\">\u203a<\/a>                <a class=\"bwg-a last-page-0\" title=\"Ir para a \u00faltima p\u00e1gina\" href=\"\/vestidos-noiva\/wp-json\/wp\/v2\/posts\/13324?page_number_0=2\">\u00bb<\/a>              <\/span>\t\t\t\t\t\t<\/span>\t\t\t\t\t\t        <\/div>                <input type=\"hidden\" id=\"page_number_0\" name=\"page_number_0\" value=\"1\" \/>      <script type=\"text\/javascript\">        if( jQuery('.bwg_nav_cont_0').length > 1 ) {          jQuery('.bwg_nav_cont_0').first().remove()        }        function spider_page_0(cur, x, y, load_more) {          if (typeof load_more == \"undefined\") {            var load_more = false;          }          if (jQuery(cur).hasClass('disabled')) {            return false;          }          var items_county_0 = 2;          switch (y) {            case 1:              if (x >= items_county_0) {                document.getElementById('page_number_0').value = items_county_0;              }              else {                document.getElementById('page_number_0').value = x + 1;              }              break;            case 2:              document.getElementById('page_number_0').value = items_county_0;              break;            case -1:              if (x == 1) {                document.getElementById('page_number_0').value = 1;              }              else {                document.getElementById('page_number_0').value = x - 1;              }              break;            case -2:              document.getElementById('page_number_0').value = 1;              break;\t\t\t\t\t\tcase 0:              document.getElementById('page_number_0').value = x;              break;            default:              document.getElementById('page_number_0').value = 1;          }          bwg_ajax('gal_front_form_0', '0', 'bwg_thumbnails_0', '0', '', 'gallery', 0, '', '', load_more, '', 1);        }                    jQuery('.first-page disabled').on('click', function () {              spider_page_0(this, 1, -2, 'numeric');              return false;            });            jQuery('.prev-page disabled').on('click', function () {              spider_page_0(this, 1, -1, 'numeric');              return false;            });            jQuery('.next-page-0').on('click', function () {              spider_page_0(this, 1, 1, 'numeric');              return false;            });            jQuery('.last-page-0').on('click', function () {              spider_page_0(this, 1, 2, 'numeric');              return false;            });        \t\t\t\t\/* Change page on input enter. *\/        function bwg_change_page_0( e, that ) {          if (  e.key == 'Enter' ) {            var to_page = parseInt(jQuery(that).val());            var pages_count = jQuery(that).parents(\".pagination-links\").data(\"pages-count\");            var current_url_param = jQuery(that).attr('data-url-info');            if (to_page > pages_count) {              to_page = 1;            }\t \t\t\t\t\t\t\t\t\t\t\t\tspider_page_0(this, to_page, 0, 'numeric');\t\t\t\t\t\t\treturn false;\t\t\t\t\t\t          }          return true;        }        jQuery('.bwg_load_btn_0').on('click', function () {            spider_page_0(this, 1, 1, true);            return false;        });      <\/script>      <\/span>                <\/div>        <\/form>              <\/div>    <\/div>    <script>      if (document.readyState === 'complete') {        if( typeof bwg_main_ready == 'function' ) {          if ( jQuery(\"#bwg_container1_0\").height() ) {            bwg_main_ready(jQuery(\"#bwg_container1_0\"));          }        }      } else {        document.addEventListener('DOMContentLoaded', function() {          if( typeof bwg_main_ready == 'function' ) {            if ( jQuery(\"#bwg_container1_0\").height() ) {             bwg_main_ready(jQuery(\"#bwg_container1_0\"));            }          }        });      }    <\/script>    <\/h4>\n<h4><\/h4>\n<h4 style=\"text-align: justify;\"><span style=\"color: #999999;\">Ivana Beaumond: &#8221; Quero agradecer imensamente a vcs que fizeram um desfile magn\u00edfico!!! Minha querida Amiga Adriana Bombom, a maravilhosa Dani Vieira e minha eterna Miss Brasil Sheslaine Hayalla, por disporem de seus tempos preciosos para me prestigiar e abrilhantar ainda mais nosso desfile na <a class=\"_58cn\" style=\"color: #999999;\" href=\"https:\/\/www.facebook.com\/hashtag\/icweekrio?source=feed_text&amp;story_id=1365550036889306\" data-ft=\"{&quot;tn&quot;:&quot;*N&quot;,&quot;type&quot;:104}\"><span class=\"_5afx\"><span class=\"_58cl _5afz\">#<\/span><span class=\"_58cm\">ICWEEKRIO<\/span><\/span><\/a> . N\u00e3o tenho palavras para agradecer meninas lindas!!! N\u00e3o poderia deixar de agradecer tamb\u00e9m o meu lindo e querido Amigo do cora\u00e7\u00e3o, o Promoter David Santiago. &#8220;<\/span><\/h4>\n<h4><span style=\"color: #333333;\"><strong><em>&#8212; Parceiros: Promoter\u00a0<a class=\"profileLink\" href=\"https:\/\/www.facebook.com\/profile.php?id=100004047830119&amp;fref=mentions\" data-hovercard=\"\/ajax\/hovercard\/user.php?id=100004047830119&amp;extragetparams=%7B%22fref%22%3A%22mentions%22%7D\" data-hovercard-prefer-more-content-show=\"1\">David Santiago<\/a>\u00a0V\u00eddeo:\u00a0<a class=\"profileLink\" href=\"https:\/\/www.facebook.com\/dinamikafotografia\/?fref=mentions\" data-hovercard=\"\/ajax\/hovercard\/page.php?id=296230670722549&amp;extragetparams=%7B%22fref%22%3A%22mentions%22%7D\" data-hovercard-prefer-more-content-show=\"1\">Dinamika Fotografia<\/a>\u00a0Decora\u00e7\u00e3o:\u00a0<a class=\"profileLink\" href=\"https:\/\/www.facebook.com\/fabio.pires.547?fref=mentions\" data-hovercard=\"\/ajax\/hovercard\/user.php?id=100001864981715&amp;extragetparams=%7B%22fref%22%3A%22mentions%22%7D\" data-hovercard-prefer-more-content-show=\"1\">Fabio Pires<\/a>\u00a0Reportagem:\u00a0<a id=\"js_wi\" class=\"profileLink\" href=\"https:\/\/www.facebook.com\/faby.lyma?fref=mentions\" data-hovercard=\"\/ajax\/hovercard\/user.php?id=100013981575050&amp;extragetparams=%7B%22fref%22%3A%22mentions%22%7D\" data-hovercard-prefer-more-content-show=\"1\">Fabiola Lyma<\/a>\u00a0Hair Stalyst:\u00a0<a class=\"profileLink\" href=\"https:\/\/www.facebook.com\/rafael.andradesouza?fref=mentions\" data-hovercard=\"\/ajax\/hovercard\/user.php?id=100002599153378&amp;extragetparams=%7B%22fref%22%3A%22mentions%22%7D\" data-hovercard-prefer-more-content-show=\"1\">Rafael Andrade Souza<\/a>\u00a0<a class=\"profileLink\" href=\"https:\/\/www.facebook.com\/profile.php?id=100001620350588&amp;fref=mentions\" data-hovercard=\"\/ajax\/hovercard\/user.php?id=100001620350588&amp;extragetparams=%7B%22fref%22%3A%22mentions%22%7D\" data-hovercard-prefer-more-content-show=\"1\">Carol Matta<\/a>\u00a0<a class=\"profileLink\" href=\"https:\/\/www.facebook.com\/thadeu.lukka?fref=mentions\" data-hovercard=\"\/ajax\/hovercard\/user.php?id=100002713818830&amp;extragetparams=%7B%22fref%22%3A%22mentions%22%7D\" data-hovercard-prefer-more-content-show=\"1\">Thadeu Lukka<\/a>\u00a0Ilumina\u00e7\u00e3o:\u00a0<a class=\"profileLink\" href=\"https:\/\/www.facebook.com\/alexandre.japiassu?fref=mentions\" data-hovercard=\"\/ajax\/hovercard\/user.php?id=1249357712&amp;extragetparams=%7B%22fref%22%3A%22mentions%22%7D\" data-hovercard-prefer-more-content-show=\"1\">Alexandre Japiass\u00fa<\/a>\u00a0Tapete:\u00a0<a class=\"profileLink\" href=\"https:\/\/www.facebook.com\/SiroTapetes\/?fref=mentions\" data-hovercard=\"\/ajax\/hovercard\/page.php?id=728304980568629&amp;extragetparams=%7B%22fref%22%3A%22mentions%22%7D\" data-hovercard-prefer-more-content-show=\"1\">Spiro Tapetes<\/a>\u00a0M\u00f3veis:\u00a0<a class=\"profileLink\" href=\"https:\/\/www.facebook.com\/m2eventos\/?fref=mentions\" data-hovercard=\"\/ajax\/hovercard\/page.php?id=211571462191289&amp;extragetparams=%7B%22fref%22%3A%22mentions%22%7D\" data-hovercard-prefer-more-content-show=\"1\">M2 Eventos<\/a>\u00a0Sapatos:\u00a0<a class=\"profileLink\" href=\"https:\/\/www.facebook.com\/profile.php?id=100009668597065&amp;fref=mentions\" data-hovercard=\"\/ajax\/hovercard\/user.php?id=100009668597065&amp;extragetparams=%7B%22fref%22%3A%22mentions%22%7D\" data-hovercard-prefer-more-content-show=\"1\">Sonia Barreto<\/a>\u00a0Acess\u00f3rios:\u00a0<a class=\"profileLink\" href=\"https:\/\/www.facebook.com\/sonia.andradelima?fref=mentions\" data-hovercard=\"\/ajax\/hovercard\/user.php?id=100002909300857&amp;extragetparams=%7B%22fref%22%3A%22mentions%22%7D\" data-hovercard-prefer-more-content-show=\"1\">Sonia Andradelima<\/a>\u00a0Bolo:\u00a0<a id=\"js_ap\" class=\"profileLink\" href=\"https:\/\/www.facebook.com\/GlaceRealAtelierRJ\/?fref=mentions\" data-hovercard=\"\/ajax\/hovercard\/page.php?id=670441909729522&amp;extragetparams=%7B%22fref%22%3A%22mentions%22%7D\" data-hovercard-prefer-more-content-show=\"1\">Glac\u00ea Real Atelier<\/a>\u00a0Agradecimentos:\u00a0<a class=\"profileLink\" href=\"https:\/\/www.facebook.com\/vivianemedeiros.gomes?fref=mentions\" data-hovercard=\"\/ajax\/hovercard\/user.php?id=100001610150762&amp;extragetparams=%7B%22fref%22%3A%22mentions%22%7D\" data-hovercard-prefer-more-content-show=\"1\">Viviane Medeiros Gomes,<\/a> <a class=\"profileLink\" href=\"https:\/\/www.facebook.com\/eduardo.sanches.167189?fref=mentions\" data-hovercard=\"\/ajax\/hovercard\/user.php?id=100015430008315&amp;extragetparams=%7B%22fref%22%3A%22mentions%22%7D\" data-hovercard-prefer-more-content-show=\"1\">Eduardo Sanches<\/a> e <a id=\"js_45o\" class=\"profileLink\" href=\"https:\/\/www.facebook.com\/rosaclarabr\/?fref=mentions\" data-hovercard=\"\/ajax\/hovercard\/page.php?id=975225315937061&amp;extragetparams=%7B%22fref%22%3A%22mentions%22%7D\" data-hovercard-prefer-more-content-show=\"1\">ROSA CLAR\u00c1 BR<\/a> .<\/em><\/strong><\/span><\/h4>\n","protected":false},"excerpt":{"rendered":"<p>O grande evento ICWeek 2017 da revista Inesquec\u00edvel Casamento \u00e9&#8230;<\/p>\n","protected":false},"author":4,"featured_media":13335,"comment_status":"open","ping_status":"open","sticky":false,"template":"","format":"standard","meta":[],"categories":[128],"tags":[169,166,131,167,133,96,137,168,162,103,136,164,165,138,115],"yoast_head":"<!-- This site is optimized with the Yoast SEO plugin v20.3 - https:\/\/yoast.com\/wordpress\/plugins\/seo\/ -->\n<title>Adriana Bombom, Dani Vieira e Sheslaine Hayalla desfilam de Ivana Beaumond no ICWeek 2017 - Vestido de Noiva RJ<\/title>\n<meta name=\"robots\" content=\"index, follow, max-snippet:-1, max-image-preview:large, max-video-preview:-1\" \/>\n<link rel=\"canonical\" href=\"https:\/\/www.ivanabeaumond.com.br\/vestidos-noiva\/adriana-bombom-dani-vieira-e-sheslaine-hayalla-desfilam-de-ivana-beaumond-no-icweek-2017\/\" \/>\n<meta property=\"og:locale\" content=\"pt_BR\" \/>\n<meta property=\"og:type\" content=\"article\" \/>\n<meta property=\"og:title\" content=\"Adriana Bombom, Dani Vieira e Sheslaine Hayalla desfilam de Ivana Beaumond no ICWeek 2017 - Vestido de Noiva RJ\" \/>\n<meta property=\"og:description\" content=\"O grande evento ICWeek 2017 da revista Inesquec\u00edvel Casamento \u00e9...\" \/>\n<meta property=\"og:url\" content=\"https:\/\/www.ivanabeaumond.com.br\/vestidos-noiva\/adriana-bombom-dani-vieira-e-sheslaine-hayalla-desfilam-de-ivana-beaumond-no-icweek-2017\/\" \/>\n<meta property=\"og:site_name\" content=\"Vestido de Noiva RJ\" \/>\n<meta property=\"article:publisher\" content=\"https:\/\/www.facebook.com\/ivana.beaumondnoivas\" \/>\n<meta property=\"article:published_time\" content=\"2017-08-22T17:27:13+00:00\" \/>\n<meta property=\"article:modified_time\" content=\"2017-10-23T17:33:39+00:00\" \/>\n<meta property=\"og:image\" content=\"https:\/\/www.ivanabeaumond.com.br\/vestidos-noiva\/wp-content\/uploads\/2017\/08\/stand_ivana-61.jpg\" \/>\n\t<meta property=\"og:image:width\" content=\"2000\" \/>\n\t<meta property=\"og:image:height\" content=\"1325\" \/>\n\t<meta property=\"og:image:type\" content=\"image\/jpeg\" \/>\n<meta name=\"author\" content=\"Ivana Beaumond Paris\" \/>\n<meta name=\"twitter:card\" content=\"summary_large_image\" \/>\n<meta name=\"twitter:label1\" content=\"Escrito por\" \/>\n\t<meta name=\"twitter:data1\" content=\"Ivana Beaumond Paris\" \/>\n\t<meta name=\"twitter:label2\" content=\"Est. tempo de leitura\" \/>\n\t<meta name=\"twitter:data2\" content=\"2 minutos\" \/>\n<script type=\"application\/ld+json\" class=\"yoast-schema-graph\">{\"@context\":\"https:\/\/schema.org\",\"@graph\":[{\"@type\":\"Article\",\"@id\":\"https:\/\/www.ivanabeaumond.com.br\/vestidos-noiva\/adriana-bombom-dani-vieira-e-sheslaine-hayalla-desfilam-de-ivana-beaumond-no-icweek-2017\/#article\",\"isPartOf\":{\"@id\":\"https:\/\/www.ivanabeaumond.com.br\/vestidos-noiva\/adriana-bombom-dani-vieira-e-sheslaine-hayalla-desfilam-de-ivana-beaumond-no-icweek-2017\/\"},\"author\":{\"name\":\"Ivana Beaumond Paris\",\"@id\":\"https:\/\/www.ivanabeaumond.com.br\/vestidos-noiva\/#\/schema\/person\/1a360c4cffa3b806d29a456389dcff26\"},\"headline\":\"Adriana Bombom, Dani Vieira e Sheslaine Hayalla desfilam de Ivana Beaumond no ICWeek 2017\",\"datePublished\":\"2017-08-22T17:27:13+00:00\",\"dateModified\":\"2017-10-23T17:33:39+00:00\",\"mainEntityOfPage\":{\"@id\":\"https:\/\/www.ivanabeaumond.com.br\/vestidos-noiva\/adriana-bombom-dani-vieira-e-sheslaine-hayalla-desfilam-de-ivana-beaumond-no-icweek-2017\/\"},\"wordCount\":415,\"commentCount\":0,\"publisher\":{\"@id\":\"https:\/\/www.ivanabeaumond.com.br\/vestidos-noiva\/#organization\"},\"keywords\":[\"a fazenda\",\"adriana bombom\",\"aluguel de roupas\",\"artista\",\"atelierivanabeaumond\",\"casamento\",\"convidadas\",\"famosos\",\"festas\",\"madrinhas\",\"moda festa\",\"noivas\",\"padrinhos\",\"vestido de festa\",\"vestido de noiva\"],\"articleSection\":[\"Na M\u00eddia\"],\"inLanguage\":\"pt-BR\",\"potentialAction\":[{\"@type\":\"CommentAction\",\"name\":\"Comment\",\"target\":[\"https:\/\/www.ivanabeaumond.com.br\/vestidos-noiva\/adriana-bombom-dani-vieira-e-sheslaine-hayalla-desfilam-de-ivana-beaumond-no-icweek-2017\/#respond\"]}]},{\"@type\":\"WebPage\",\"@id\":\"https:\/\/www.ivanabeaumond.com.br\/vestidos-noiva\/adriana-bombom-dani-vieira-e-sheslaine-hayalla-desfilam-de-ivana-beaumond-no-icweek-2017\/\",\"url\":\"https:\/\/www.ivanabeaumond.com.br\/vestidos-noiva\/adriana-bombom-dani-vieira-e-sheslaine-hayalla-desfilam-de-ivana-beaumond-no-icweek-2017\/\",\"name\":\"Adriana Bombom, Dani Vieira e Sheslaine Hayalla desfilam de Ivana Beaumond no ICWeek 2017 - Vestido de Noiva RJ\",\"isPartOf\":{\"@id\":\"https:\/\/www.ivanabeaumond.com.br\/vestidos-noiva\/#website\"},\"datePublished\":\"2017-08-22T17:27:13+00:00\",\"dateModified\":\"2017-10-23T17:33:39+00:00\",\"breadcrumb\":{\"@id\":\"https:\/\/www.ivanabeaumond.com.br\/vestidos-noiva\/adriana-bombom-dani-vieira-e-sheslaine-hayalla-desfilam-de-ivana-beaumond-no-icweek-2017\/#breadcrumb\"},\"inLanguage\":\"pt-BR\",\"potentialAction\":[{\"@type\":\"ReadAction\",\"target\":[\"https:\/\/www.ivanabeaumond.com.br\/vestidos-noiva\/adriana-bombom-dani-vieira-e-sheslaine-hayalla-desfilam-de-ivana-beaumond-no-icweek-2017\/\"]}]},{\"@type\":\"BreadcrumbList\",\"@id\":\"https:\/\/www.ivanabeaumond.com.br\/vestidos-noiva\/adriana-bombom-dani-vieira-e-sheslaine-hayalla-desfilam-de-ivana-beaumond-no-icweek-2017\/#breadcrumb\",\"itemListElement\":[{\"@type\":\"ListItem\",\"position\":1,\"name\":\"In\u00edcio\",\"item\":\"https:\/\/www.ivanabeaumond.com.br\/vestidos-noiva\/\"},{\"@type\":\"ListItem\",\"position\":2,\"name\":\"Adriana Bombom, Dani Vieira e Sheslaine Hayalla desfilam de Ivana Beaumond no ICWeek 2017\"}]},{\"@type\":\"WebSite\",\"@id\":\"https:\/\/www.ivanabeaumond.com.br\/vestidos-noiva\/#website\",\"url\":\"https:\/\/www.ivanabeaumond.com.br\/vestidos-noiva\/\",\"name\":\"Vestido de Noiva RJ\",\"description\":\"Moda Noiva\",\"publisher\":{\"@id\":\"https:\/\/www.ivanabeaumond.com.br\/vestidos-noiva\/#organization\"},\"potentialAction\":[{\"@type\":\"SearchAction\",\"target\":{\"@type\":\"EntryPoint\",\"urlTemplate\":\"https:\/\/www.ivanabeaumond.com.br\/vestidos-noiva\/?s={search_term_string}\"},\"query-input\":\"required name=search_term_string\"}],\"inLanguage\":\"pt-BR\"},{\"@type\":\"Organization\",\"@id\":\"https:\/\/www.ivanabeaumond.com.br\/vestidos-noiva\/#organization\",\"name\":\"Vestido de Noiva RJ\",\"url\":\"https:\/\/www.ivanabeaumond.com.br\/vestidos-noiva\/\",\"logo\":{\"@type\":\"ImageObject\",\"inLanguage\":\"pt-BR\",\"@id\":\"https:\/\/www.ivanabeaumond.com.br\/vestidos-noiva\/#\/schema\/logo\/image\/\",\"url\":\"https:\/\/www.ivanabeaumond.com.br\/vestidos-noiva\/wp-content\/uploads\/2018\/02\/logo_ivana_beaumond-2.png\",\"contentUrl\":\"https:\/\/www.ivanabeaumond.com.br\/vestidos-noiva\/wp-content\/uploads\/2018\/02\/logo_ivana_beaumond-2.png\",\"width\":230,\"height\":112,\"caption\":\"Vestido de Noiva RJ\"},\"image\":{\"@id\":\"https:\/\/www.ivanabeaumond.com.br\/vestidos-noiva\/#\/schema\/logo\/image\/\"},\"sameAs\":[\"https:\/\/www.facebook.com\/ivana.beaumondnoivas\",\"https:\/\/www.instagram.com\/ivanabeaumond\/\",\"https:\/\/www.tiktok.com\/@ivanabeaumond\"]},{\"@type\":\"Person\",\"@id\":\"https:\/\/www.ivanabeaumond.com.br\/vestidos-noiva\/#\/schema\/person\/1a360c4cffa3b806d29a456389dcff26\",\"name\":\"Ivana Beaumond Paris\",\"image\":{\"@type\":\"ImageObject\",\"inLanguage\":\"pt-BR\",\"@id\":\"https:\/\/www.ivanabeaumond.com.br\/vestidos-noiva\/#\/schema\/person\/image\/\",\"url\":\"https:\/\/secure.gravatar.com\/avatar\/641f98db20b53ec937ceb641db4270b9?s=96&d=mm&r=g\",\"contentUrl\":\"https:\/\/secure.gravatar.com\/avatar\/641f98db20b53ec937ceb641db4270b9?s=96&d=mm&r=g\",\"caption\":\"Ivana Beaumond Paris\"},\"url\":\"https:\/\/www.ivanabeaumond.com.br\/vestidos-noiva\/author\/ivana\/\"}]}<\/script>\n<!-- \/ Yoast SEO plugin. -->","yoast_head_json":{"title":"Adriana Bombom, Dani Vieira e Sheslaine Hayalla desfilam de Ivana Beaumond no ICWeek 2017 - Vestido de Noiva RJ","robots":{"index":"index","follow":"follow","max-snippet":"max-snippet:-1","max-image-preview":"max-image-preview:large","max-video-preview":"max-video-preview:-1"},"canonical":"https:\/\/www.ivanabeaumond.com.br\/vestidos-noiva\/adriana-bombom-dani-vieira-e-sheslaine-hayalla-desfilam-de-ivana-beaumond-no-icweek-2017\/","og_locale":"pt_BR","og_type":"article","og_title":"Adriana Bombom, Dani Vieira e Sheslaine Hayalla desfilam de Ivana Beaumond no ICWeek 2017 - Vestido de Noiva RJ","og_description":"O grande evento ICWeek 2017 da revista Inesquec\u00edvel Casamento \u00e9...","og_url":"https:\/\/www.ivanabeaumond.com.br\/vestidos-noiva\/adriana-bombom-dani-vieira-e-sheslaine-hayalla-desfilam-de-ivana-beaumond-no-icweek-2017\/","og_site_name":"Vestido de Noiva RJ","article_publisher":"https:\/\/www.facebook.com\/ivana.beaumondnoivas","article_published_time":"2017-08-22T17:27:13+00:00","article_modified_time":"2017-10-23T17:33:39+00:00","og_image":[{"width":2000,"height":1325,"url":"https:\/\/www.ivanabeaumond.com.br\/vestidos-noiva\/wp-content\/uploads\/2017\/08\/stand_ivana-61.jpg","type":"image\/jpeg"}],"author":"Ivana Beaumond Paris","twitter_card":"summary_large_image","twitter_misc":{"Escrito por":"Ivana Beaumond Paris","Est. tempo de leitura":"2 minutos"},"schema":{"@context":"https:\/\/schema.org","@graph":[{"@type":"Article","@id":"https:\/\/www.ivanabeaumond.com.br\/vestidos-noiva\/adriana-bombom-dani-vieira-e-sheslaine-hayalla-desfilam-de-ivana-beaumond-no-icweek-2017\/#article","isPartOf":{"@id":"https:\/\/www.ivanabeaumond.com.br\/vestidos-noiva\/adriana-bombom-dani-vieira-e-sheslaine-hayalla-desfilam-de-ivana-beaumond-no-icweek-2017\/"},"author":{"name":"Ivana Beaumond Paris","@id":"https:\/\/www.ivanabeaumond.com.br\/vestidos-noiva\/#\/schema\/person\/1a360c4cffa3b806d29a456389dcff26"},"headline":"Adriana Bombom, Dani Vieira e Sheslaine Hayalla desfilam de Ivana Beaumond no ICWeek 2017","datePublished":"2017-08-22T17:27:13+00:00","dateModified":"2017-10-23T17:33:39+00:00","mainEntityOfPage":{"@id":"https:\/\/www.ivanabeaumond.com.br\/vestidos-noiva\/adriana-bombom-dani-vieira-e-sheslaine-hayalla-desfilam-de-ivana-beaumond-no-icweek-2017\/"},"wordCount":415,"commentCount":0,"publisher":{"@id":"https:\/\/www.ivanabeaumond.com.br\/vestidos-noiva\/#organization"},"keywords":["a fazenda","adriana bombom","aluguel de roupas","artista","atelierivanabeaumond","casamento","convidadas","famosos","festas","madrinhas","moda festa","noivas","padrinhos","vestido de festa","vestido de noiva"],"articleSection":["Na M\u00eddia"],"inLanguage":"pt-BR","potentialAction":[{"@type":"CommentAction","name":"Comment","target":["https:\/\/www.ivanabeaumond.com.br\/vestidos-noiva\/adriana-bombom-dani-vieira-e-sheslaine-hayalla-desfilam-de-ivana-beaumond-no-icweek-2017\/#respond"]}]},{"@type":"WebPage","@id":"https:\/\/www.ivanabeaumond.com.br\/vestidos-noiva\/adriana-bombom-dani-vieira-e-sheslaine-hayalla-desfilam-de-ivana-beaumond-no-icweek-2017\/","url":"https:\/\/www.ivanabeaumond.com.br\/vestidos-noiva\/adriana-bombom-dani-vieira-e-sheslaine-hayalla-desfilam-de-ivana-beaumond-no-icweek-2017\/","name":"Adriana Bombom, Dani Vieira e Sheslaine Hayalla desfilam de Ivana Beaumond no ICWeek 2017 - Vestido de Noiva RJ","isPartOf":{"@id":"https:\/\/www.ivanabeaumond.com.br\/vestidos-noiva\/#website"},"datePublished":"2017-08-22T17:27:13+00:00","dateModified":"2017-10-23T17:33:39+00:00","breadcrumb":{"@id":"https:\/\/www.ivanabeaumond.com.br\/vestidos-noiva\/adriana-bombom-dani-vieira-e-sheslaine-hayalla-desfilam-de-ivana-beaumond-no-icweek-2017\/#breadcrumb"},"inLanguage":"pt-BR","potentialAction":[{"@type":"ReadAction","target":["https:\/\/www.ivanabeaumond.com.br\/vestidos-noiva\/adriana-bombom-dani-vieira-e-sheslaine-hayalla-desfilam-de-ivana-beaumond-no-icweek-2017\/"]}]},{"@type":"BreadcrumbList","@id":"https:\/\/www.ivanabeaumond.com.br\/vestidos-noiva\/adriana-bombom-dani-vieira-e-sheslaine-hayalla-desfilam-de-ivana-beaumond-no-icweek-2017\/#breadcrumb","itemListElement":[{"@type":"ListItem","position":1,"name":"In\u00edcio","item":"https:\/\/www.ivanabeaumond.com.br\/vestidos-noiva\/"},{"@type":"ListItem","position":2,"name":"Adriana Bombom, Dani Vieira e Sheslaine Hayalla desfilam de Ivana Beaumond no ICWeek 2017"}]},{"@type":"WebSite","@id":"https:\/\/www.ivanabeaumond.com.br\/vestidos-noiva\/#website","url":"https:\/\/www.ivanabeaumond.com.br\/vestidos-noiva\/","name":"Vestido de Noiva RJ","description":"Moda Noiva","publisher":{"@id":"https:\/\/www.ivanabeaumond.com.br\/vestidos-noiva\/#organization"},"potentialAction":[{"@type":"SearchAction","target":{"@type":"EntryPoint","urlTemplate":"https:\/\/www.ivanabeaumond.com.br\/vestidos-noiva\/?s={search_term_string}"},"query-input":"required name=search_term_string"}],"inLanguage":"pt-BR"},{"@type":"Organization","@id":"https:\/\/www.ivanabeaumond.com.br\/vestidos-noiva\/#organization","name":"Vestido de Noiva RJ","url":"https:\/\/www.ivanabeaumond.com.br\/vestidos-noiva\/","logo":{"@type":"ImageObject","inLanguage":"pt-BR","@id":"https:\/\/www.ivanabeaumond.com.br\/vestidos-noiva\/#\/schema\/logo\/image\/","url":"https:\/\/www.ivanabeaumond.com.br\/vestidos-noiva\/wp-content\/uploads\/2018\/02\/logo_ivana_beaumond-2.png","contentUrl":"https:\/\/www.ivanabeaumond.com.br\/vestidos-noiva\/wp-content\/uploads\/2018\/02\/logo_ivana_beaumond-2.png","width":230,"height":112,"caption":"Vestido de Noiva RJ"},"image":{"@id":"https:\/\/www.ivanabeaumond.com.br\/vestidos-noiva\/#\/schema\/logo\/image\/"},"sameAs":["https:\/\/www.facebook.com\/ivana.beaumondnoivas","https:\/\/www.instagram.com\/ivanabeaumond\/","https:\/\/www.tiktok.com\/@ivanabeaumond"]},{"@type":"Person","@id":"https:\/\/www.ivanabeaumond.com.br\/vestidos-noiva\/#\/schema\/person\/1a360c4cffa3b806d29a456389dcff26","name":"Ivana Beaumond Paris","image":{"@type":"ImageObject","inLanguage":"pt-BR","@id":"https:\/\/www.ivanabeaumond.com.br\/vestidos-noiva\/#\/schema\/person\/image\/","url":"https:\/\/secure.gravatar.com\/avatar\/641f98db20b53ec937ceb641db4270b9?s=96&d=mm&r=g","contentUrl":"https:\/\/secure.gravatar.com\/avatar\/641f98db20b53ec937ceb641db4270b9?s=96&d=mm&r=g","caption":"Ivana Beaumond Paris"},"url":"https:\/\/www.ivanabeaumond.com.br\/vestidos-noiva\/author\/ivana\/"}]}},"_links":{"self":[{"href":"https:\/\/www.ivanabeaumond.com.br\/vestidos-noiva\/wp-json\/wp\/v2\/posts\/13324"}],"collection":[{"href":"https:\/\/www.ivanabeaumond.com.br\/vestidos-noiva\/wp-json\/wp\/v2\/posts"}],"about":[{"href":"https:\/\/www.ivanabeaumond.com.br\/vestidos-noiva\/wp-json\/wp\/v2\/types\/post"}],"author":[{"embeddable":true,"href":"https:\/\/www.ivanabeaumond.com.br\/vestidos-noiva\/wp-json\/wp\/v2\/users\/4"}],"replies":[{"embeddable":true,"href":"https:\/\/www.ivanabeaumond.com.br\/vestidos-noiva\/wp-json\/wp\/v2\/comments?post=13324"}],"version-history":[{"count":10,"href":"https:\/\/www.ivanabeaumond.com.br\/vestidos-noiva\/wp-json\/wp\/v2\/posts\/13324\/revisions"}],"predecessor-version":[{"id":13442,"href":"https:\/\/www.ivanabeaumond.com.br\/vestidos-noiva\/wp-json\/wp\/v2\/posts\/13324\/revisions\/13442"}],"wp:featuredmedia":[{"embeddable":true,"href":"https:\/\/www.ivanabeaumond.com.br\/vestidos-noiva\/wp-json\/wp\/v2\/media\/13335"}],"wp:attachment":[{"href":"https:\/\/www.ivanabeaumond.com.br\/vestidos-noiva\/wp-json\/wp\/v2\/media?parent=13324"}],"wp:term":[{"taxonomy":"category","embeddable":true,"href":"https:\/\/www.ivanabeaumond.com.br\/vestidos-noiva\/wp-json\/wp\/v2\/categories?post=13324"},{"taxonomy":"post_tag","embeddable":true,"href":"https:\/\/www.ivanabeaumond.com.br\/vestidos-noiva\/wp-json\/wp\/v2\/tags?post=13324"}],"curies":[{"name":"wp","href":"https:\/\/api.w.org\/{rel}","templated":true}]}}