{"id":13414,"date":"2017-09-09T15:19:57","date_gmt":"2017-09-09T18:19:57","guid":{"rendered":"http:\/\/www.ivanabeaumond.com.br\/vestidos-noiva\/?p=13414"},"modified":"2017-10-23T15:25:20","modified_gmt":"2017-10-23T17:25:20","slug":"para-toda-debutante-escolher-seu-vestido-ideal","status":"publish","type":"post","link":"https:\/\/www.ivanabeaumond.com.br\/vestidos-noiva\/para-toda-debutante-escolher-seu-vestido-ideal\/","title":{"rendered":"Para toda debutante escolher seu vestido ideal&#8230;"},"content":{"rendered":"<h4><span style=\"color: #999999;\"><strong>&#8211; Como escolher o vestido da festa de 15 anos<\/strong><\/span><\/h4>\n<h4 style=\"text-align: justify;\"><span style=\"color: #999999;\">N\u00e3o \u00e9 porque a <strong>debutante<\/strong> &#8220;pode tudo&#8221;, que n\u00e3o precisa ficar sabendo quais s\u00e3o os tons que realmente t\u00eam a ver com ela. Portanto, anote a\u00ed: se voc\u00ea \u00e9 <strong>negra<\/strong>, use amarelo, azul-turquesa, verde-esmeralda, pistache, rosa luminoso e tons past\u00e9is. Se voc\u00ea \u00e9 <strong>branca<\/strong>, opte por rosa-nude, azul-cobalto e tons de violeta. Caso voc\u00ea seja <strong>morena<\/strong>, a melhor sa\u00edda \u00e9 escolher tons dourados e avermelhados. Esque\u00e7a cores frias, como prata, azul-escuro, chumbo e marrom. J\u00e1 a garota\u00a0<strong>oriental<\/strong> deve tomar cuidado com amarelo e verde, mas pode abusar do vermelho e dos tons alaranjados.<\/span><\/h4>\n<p><a href=\"http:\/\/www.ivanabeaumond.com.br\/vestidos-noiva\/wp-content\/uploads\/2016\/03\/bg_95011_145.jpg\"><img decoding=\"async\" loading=\"lazy\" class=\"aligncenter  wp-image-9300\" src=\"http:\/\/www.ivanabeaumond.com.br\/vestidos-noiva\/wp-content\/uploads\/2016\/03\/bg_95011_145.jpg\" alt=\"vestido-de-debutante-modelo-bg_95011_145\" width=\"441\" height=\"625\" srcset=\"https:\/\/www.ivanabeaumond.com.br\/vestidos-noiva\/wp-content\/uploads\/2016\/03\/bg_95011_145.jpg 1024w, https:\/\/www.ivanabeaumond.com.br\/vestidos-noiva\/wp-content\/uploads\/2016\/03\/bg_95011_145-212x300.jpg 212w, https:\/\/www.ivanabeaumond.com.br\/vestidos-noiva\/wp-content\/uploads\/2016\/03\/bg_95011_145-723x1024.jpg 723w\" sizes=\"(max-width: 441px) 100vw, 441px\" \/><\/a><\/p>\n<p>&nbsp;<\/p>\n<h4><span style=\"color: #999999;\"><strong>&#8211; Cor do vestido de festa de 15 anos<\/strong><\/span><\/h4>\n<h4 style=\"text-align: justify;\"><span style=\"color: #999999;\">As cores para <strong>vestidos de festa de\u00a015 anos<\/strong>\u00a0mais pedidas s\u00e3o lil\u00e1s, rosa, vermelho e o tradicional branco. Mas se sua escolha n\u00e3o chega nem perto desses tons, n\u00e3o se preocupe. Na sua <strong>festa<\/strong>, voc\u00ea tem o direito de se vestir da maneira que bem entender. At\u00e9 o preto \u00e9 permitido!<\/span><\/h4>\n<p>&nbsp;<\/p>\n<p><a href=\"http:\/\/www.ivanabeaumond.com.br\/vestidos-noiva\/wp-content\/uploads\/2016\/03\/bg_95025_104.jpg\"><img decoding=\"async\" loading=\"lazy\" class=\"aligncenter  wp-image-9312\" src=\"http:\/\/www.ivanabeaumond.com.br\/vestidos-noiva\/wp-content\/uploads\/2016\/03\/bg_95025_104.jpg\" alt=\"vestido-de-debutante-modelo-bg_95025_104\" width=\"441\" height=\"625\" srcset=\"https:\/\/www.ivanabeaumond.com.br\/vestidos-noiva\/wp-content\/uploads\/2016\/03\/bg_95025_104.jpg 1024w, https:\/\/www.ivanabeaumond.com.br\/vestidos-noiva\/wp-content\/uploads\/2016\/03\/bg_95025_104-212x300.jpg 212w, https:\/\/www.ivanabeaumond.com.br\/vestidos-noiva\/wp-content\/uploads\/2016\/03\/bg_95025_104-723x1024.jpg 723w\" sizes=\"(max-width: 441px) 100vw, 441px\" \/><\/a><\/p>\n<p>&nbsp;<\/p>\n<h4><span style=\"color: #999999;\"><strong>&#8211; A hora da troca do vestido de festa de 15 anos<\/strong><\/span><\/h4>\n<h4 style=\"text-align: justify;\"><span style=\"color: #999999;\">Aquela hist\u00f3ria de trocar de <strong>vestido de festa de\u00a015 anos<\/strong> \u00e0 meia-noite voltou com tudo! Portanto, voc\u00ea pode receber seus convidados com um vestido curto e, na hora das 12 badaladas do rel\u00f3gio, pode surgir com um vestido suntuoso, do tipo &#8220;sim, fa\u00e7o parte da sociedade, j\u00e1 tenho 15!&#8221;. Agora, se a sua <strong>festa de 15 anos<\/strong> for &#8220;a balada do ano&#8221;, \u00e9 legal receber os convidados com um <strong>vestido longo<\/strong> e, depois, trocar por um c<strong>urto<\/strong>, pra se acabar na pista. Se voc\u00ea quiser, no entanto, pode usar dois longos ou dois curtos, sem neuras. Por\u00e9m, se a grana estiver curta, uma boa op\u00e7\u00e3o \u00e9 fazer um <strong>vestido <\/strong>com uma saia remov\u00edvel. Voc\u00ea pode tirar e p\u00f4r na hora que bem entender.<\/span><\/h4>\n<p><a href=\"http:\/\/www.ivanabeaumond.com.br\/vestidos-noiva\/wp-content\/uploads\/2016\/03\/bg_95022_063.jpg\"><img decoding=\"async\" loading=\"lazy\" class=\"aligncenter  wp-image-9307\" src=\"http:\/\/www.ivanabeaumond.com.br\/vestidos-noiva\/wp-content\/uploads\/2016\/03\/bg_95022_063.jpg\" alt=\"vestido-de-debutante-modelo-bg_95022_063\" width=\"441\" height=\"625\" srcset=\"https:\/\/www.ivanabeaumond.com.br\/vestidos-noiva\/wp-content\/uploads\/2016\/03\/bg_95022_063.jpg 1024w, https:\/\/www.ivanabeaumond.com.br\/vestidos-noiva\/wp-content\/uploads\/2016\/03\/bg_95022_063-212x300.jpg 212w, https:\/\/www.ivanabeaumond.com.br\/vestidos-noiva\/wp-content\/uploads\/2016\/03\/bg_95022_063-723x1024.jpg 723w\" sizes=\"(max-width: 441px) 100vw, 441px\" \/><\/a><\/p>\n<p>&nbsp;<\/p>\n<h4><span style=\"color: #999999;\"><strong>&#8211; Vestidos das 15 damas<\/strong><\/span><\/h4>\n<h4><span style=\"color: #999999;\">\u00c9 preciso tomar muito cuidado com este assunto, afinal, quem tem que brilhar \u00e9 a <strong>debutante<\/strong>, e n\u00e3o as damas. \u00c9 claro que os<strong> vestidos <\/strong>delas tem que ser bonito, mas o da <strong>debutante<\/strong> \u00e9 que deve chamar mais aten\u00e7\u00e3o. Uma dica \u00e9 mostrar para elas um <strong>modelo de vestido<\/strong> padr\u00e3o, e dizer qual tecido usar. A partir da\u00ed, cada\u00a0 pode mexer um pouquinho na base &#8211; isso, claro, com a aprova\u00e7\u00e3o da <strong>debutante<\/strong>. O essencial \u00e9 que o modelo da al\u00e7a e do decote seja igual para todas as 15 damas.<\/span><\/h4>\n<p><span style=\"color: #ffffff;\">&#8230;<\/span><\/p>\n<h4><em><strong><span style=\"color: #999999;\">Conhe\u00e7a toda nossa cole\u00e7\u00e3o para debutantes:<\/span><\/strong><\/em> <span style=\"color: #0000ff;\"><a style=\"color: #0000ff;\" title=\"Debutantes\" href=\"http:\/\/www.ivanabeaumond.com.br\/vestidos-noiva\/vestidos-debutantes\/\" target=\"_blank\">http:\/\/www.ivanabeaumond.com.br\/vestidos-noiva\/vestidos-debutantes<\/a><\/span><\/h4>\n","protected":false},"excerpt":{"rendered":"<p>&#8211; Como escolher o vestido da festa de 15 anos&#8230;<\/p>\n","protected":false},"author":4,"featured_media":13534,"comment_status":"open","ping_status":"open","sticky":false,"template":"","format":"standard","meta":[],"categories":[129],"tags":[142,148,149,143,150,151,152],"yoast_head":"<!-- This site is optimized with the Yoast SEO plugin v20.3 - https:\/\/yoast.com\/wordpress\/plugins\/seo\/ -->\n<title>Para toda debutante escolher seu vestido ideal... - Vestido de Noiva RJ<\/title>\n<meta name=\"robots\" content=\"index, follow, max-snippet:-1, max-image-preview:large, max-video-preview:-1\" \/>\n<link rel=\"canonical\" href=\"https:\/\/www.ivanabeaumond.com.br\/vestidos-noiva\/para-toda-debutante-escolher-seu-vestido-ideal\/\" \/>\n<meta property=\"og:locale\" content=\"pt_BR\" \/>\n<meta property=\"og:type\" content=\"article\" \/>\n<meta property=\"og:title\" content=\"Para toda debutante escolher seu vestido ideal... - Vestido de Noiva RJ\" \/>\n<meta property=\"og:description\" content=\"&#8211; Como escolher o vestido da festa de 15 anos...\" \/>\n<meta property=\"og:url\" content=\"https:\/\/www.ivanabeaumond.com.br\/vestidos-noiva\/para-toda-debutante-escolher-seu-vestido-ideal\/\" \/>\n<meta property=\"og:site_name\" content=\"Vestido de Noiva RJ\" \/>\n<meta property=\"article:publisher\" content=\"https:\/\/www.facebook.com\/ivana.beaumondnoivas\" \/>\n<meta property=\"article:published_time\" content=\"2017-09-09T18:19:57+00:00\" \/>\n<meta property=\"article:modified_time\" content=\"2017-10-23T17:25:20+00:00\" \/>\n<meta property=\"og:image\" content=\"https:\/\/www.ivanabeaumond.com.br\/vestidos-noiva\/wp-content\/uploads\/2017\/09\/Vestido-de-Debutante-15-Anos-Ivana-Beaumond.jpg\" \/>\n\t<meta property=\"og:image:width\" content=\"1024\" \/>\n\t<meta property=\"og:image:height\" content=\"1451\" \/>\n\t<meta property=\"og:image:type\" content=\"image\/jpeg\" \/>\n<meta name=\"author\" content=\"Ivana Beaumond Paris\" \/>\n<meta name=\"twitter:card\" content=\"summary_large_image\" \/>\n<meta name=\"twitter:label1\" content=\"Escrito por\" \/>\n\t<meta name=\"twitter:data1\" content=\"Ivana Beaumond Paris\" \/>\n\t<meta name=\"twitter:label2\" content=\"Est. tempo de leitura\" \/>\n\t<meta name=\"twitter:data2\" content=\"2 minutos\" \/>\n<script type=\"application\/ld+json\" class=\"yoast-schema-graph\">{\"@context\":\"https:\/\/schema.org\",\"@graph\":[{\"@type\":\"Article\",\"@id\":\"https:\/\/www.ivanabeaumond.com.br\/vestidos-noiva\/para-toda-debutante-escolher-seu-vestido-ideal\/#article\",\"isPartOf\":{\"@id\":\"https:\/\/www.ivanabeaumond.com.br\/vestidos-noiva\/para-toda-debutante-escolher-seu-vestido-ideal\/\"},\"author\":{\"name\":\"Ivana Beaumond Paris\",\"@id\":\"https:\/\/www.ivanabeaumond.com.br\/vestidos-noiva\/#\/schema\/person\/1a360c4cffa3b806d29a456389dcff26\"},\"headline\":\"Para toda debutante escolher seu vestido ideal&#8230;\",\"datePublished\":\"2017-09-09T18:19:57+00:00\",\"dateModified\":\"2017-10-23T17:25:20+00:00\",\"mainEntityOfPage\":{\"@id\":\"https:\/\/www.ivanabeaumond.com.br\/vestidos-noiva\/para-toda-debutante-escolher-seu-vestido-ideal\/\"},\"wordCount\":423,\"commentCount\":0,\"publisher\":{\"@id\":\"https:\/\/www.ivanabeaumond.com.br\/vestidos-noiva\/#organization\"},\"keywords\":[\"festa de 15 anos\",\"festa de debutante\",\"vestido de 15 anos\",\"vestido de debutante\",\"vestido de princesa\",\"vestido luxuoso\",\"vestido para festa\"],\"articleSection\":[\"Espa\u00e7o Debutantes\"],\"inLanguage\":\"pt-BR\",\"potentialAction\":[{\"@type\":\"CommentAction\",\"name\":\"Comment\",\"target\":[\"https:\/\/www.ivanabeaumond.com.br\/vestidos-noiva\/para-toda-debutante-escolher-seu-vestido-ideal\/#respond\"]}]},{\"@type\":\"WebPage\",\"@id\":\"https:\/\/www.ivanabeaumond.com.br\/vestidos-noiva\/para-toda-debutante-escolher-seu-vestido-ideal\/\",\"url\":\"https:\/\/www.ivanabeaumond.com.br\/vestidos-noiva\/para-toda-debutante-escolher-seu-vestido-ideal\/\",\"name\":\"Para toda debutante escolher seu vestido ideal... - Vestido de Noiva RJ\",\"isPartOf\":{\"@id\":\"https:\/\/www.ivanabeaumond.com.br\/vestidos-noiva\/#website\"},\"datePublished\":\"2017-09-09T18:19:57+00:00\",\"dateModified\":\"2017-10-23T17:25:20+00:00\",\"breadcrumb\":{\"@id\":\"https:\/\/www.ivanabeaumond.com.br\/vestidos-noiva\/para-toda-debutante-escolher-seu-vestido-ideal\/#breadcrumb\"},\"inLanguage\":\"pt-BR\",\"potentialAction\":[{\"@type\":\"ReadAction\",\"target\":[\"https:\/\/www.ivanabeaumond.com.br\/vestidos-noiva\/para-toda-debutante-escolher-seu-vestido-ideal\/\"]}]},{\"@type\":\"BreadcrumbList\",\"@id\":\"https:\/\/www.ivanabeaumond.com.br\/vestidos-noiva\/para-toda-debutante-escolher-seu-vestido-ideal\/#breadcrumb\",\"itemListElement\":[{\"@type\":\"ListItem\",\"position\":1,\"name\":\"In\u00edcio\",\"item\":\"https:\/\/www.ivanabeaumond.com.br\/vestidos-noiva\/\"},{\"@type\":\"ListItem\",\"position\":2,\"name\":\"Para toda debutante escolher seu vestido ideal&#8230;\"}]},{\"@type\":\"WebSite\",\"@id\":\"https:\/\/www.ivanabeaumond.com.br\/vestidos-noiva\/#website\",\"url\":\"https:\/\/www.ivanabeaumond.com.br\/vestidos-noiva\/\",\"name\":\"Vestido de Noiva RJ\",\"description\":\"Moda Noiva\",\"publisher\":{\"@id\":\"https:\/\/www.ivanabeaumond.com.br\/vestidos-noiva\/#organization\"},\"potentialAction\":[{\"@type\":\"SearchAction\",\"target\":{\"@type\":\"EntryPoint\",\"urlTemplate\":\"https:\/\/www.ivanabeaumond.com.br\/vestidos-noiva\/?s={search_term_string}\"},\"query-input\":\"required name=search_term_string\"}],\"inLanguage\":\"pt-BR\"},{\"@type\":\"Organization\",\"@id\":\"https:\/\/www.ivanabeaumond.com.br\/vestidos-noiva\/#organization\",\"name\":\"Vestido de Noiva RJ\",\"url\":\"https:\/\/www.ivanabeaumond.com.br\/vestidos-noiva\/\",\"logo\":{\"@type\":\"ImageObject\",\"inLanguage\":\"pt-BR\",\"@id\":\"https:\/\/www.ivanabeaumond.com.br\/vestidos-noiva\/#\/schema\/logo\/image\/\",\"url\":\"https:\/\/www.ivanabeaumond.com.br\/vestidos-noiva\/wp-content\/uploads\/2018\/02\/logo_ivana_beaumond-2.png\",\"contentUrl\":\"https:\/\/www.ivanabeaumond.com.br\/vestidos-noiva\/wp-content\/uploads\/2018\/02\/logo_ivana_beaumond-2.png\",\"width\":230,\"height\":112,\"caption\":\"Vestido de Noiva RJ\"},\"image\":{\"@id\":\"https:\/\/www.ivanabeaumond.com.br\/vestidos-noiva\/#\/schema\/logo\/image\/\"},\"sameAs\":[\"https:\/\/www.facebook.com\/ivana.beaumondnoivas\",\"https:\/\/www.instagram.com\/ivanabeaumond\/\",\"https:\/\/www.tiktok.com\/@ivanabeaumond\"]},{\"@type\":\"Person\",\"@id\":\"https:\/\/www.ivanabeaumond.com.br\/vestidos-noiva\/#\/schema\/person\/1a360c4cffa3b806d29a456389dcff26\",\"name\":\"Ivana Beaumond Paris\",\"image\":{\"@type\":\"ImageObject\",\"inLanguage\":\"pt-BR\",\"@id\":\"https:\/\/www.ivanabeaumond.com.br\/vestidos-noiva\/#\/schema\/person\/image\/\",\"url\":\"https:\/\/secure.gravatar.com\/avatar\/641f98db20b53ec937ceb641db4270b9?s=96&d=mm&r=g\",\"contentUrl\":\"https:\/\/secure.gravatar.com\/avatar\/641f98db20b53ec937ceb641db4270b9?s=96&d=mm&r=g\",\"caption\":\"Ivana Beaumond Paris\"},\"url\":\"https:\/\/www.ivanabeaumond.com.br\/vestidos-noiva\/author\/ivana\/\"}]}<\/script>\n<!-- \/ Yoast SEO plugin. -->","yoast_head_json":{"title":"Para toda debutante escolher seu vestido ideal... - Vestido de Noiva RJ","robots":{"index":"index","follow":"follow","max-snippet":"max-snippet:-1","max-image-preview":"max-image-preview:large","max-video-preview":"max-video-preview:-1"},"canonical":"https:\/\/www.ivanabeaumond.com.br\/vestidos-noiva\/para-toda-debutante-escolher-seu-vestido-ideal\/","og_locale":"pt_BR","og_type":"article","og_title":"Para toda debutante escolher seu vestido ideal... - Vestido de Noiva RJ","og_description":"&#8211; Como escolher o vestido da festa de 15 anos...","og_url":"https:\/\/www.ivanabeaumond.com.br\/vestidos-noiva\/para-toda-debutante-escolher-seu-vestido-ideal\/","og_site_name":"Vestido de Noiva RJ","article_publisher":"https:\/\/www.facebook.com\/ivana.beaumondnoivas","article_published_time":"2017-09-09T18:19:57+00:00","article_modified_time":"2017-10-23T17:25:20+00:00","og_image":[{"width":1024,"height":1451,"url":"https:\/\/www.ivanabeaumond.com.br\/vestidos-noiva\/wp-content\/uploads\/2017\/09\/Vestido-de-Debutante-15-Anos-Ivana-Beaumond.jpg","type":"image\/jpeg"}],"author":"Ivana Beaumond Paris","twitter_card":"summary_large_image","twitter_misc":{"Escrito por":"Ivana Beaumond Paris","Est. tempo de leitura":"2 minutos"},"schema":{"@context":"https:\/\/schema.org","@graph":[{"@type":"Article","@id":"https:\/\/www.ivanabeaumond.com.br\/vestidos-noiva\/para-toda-debutante-escolher-seu-vestido-ideal\/#article","isPartOf":{"@id":"https:\/\/www.ivanabeaumond.com.br\/vestidos-noiva\/para-toda-debutante-escolher-seu-vestido-ideal\/"},"author":{"name":"Ivana Beaumond Paris","@id":"https:\/\/www.ivanabeaumond.com.br\/vestidos-noiva\/#\/schema\/person\/1a360c4cffa3b806d29a456389dcff26"},"headline":"Para toda debutante escolher seu vestido ideal&#8230;","datePublished":"2017-09-09T18:19:57+00:00","dateModified":"2017-10-23T17:25:20+00:00","mainEntityOfPage":{"@id":"https:\/\/www.ivanabeaumond.com.br\/vestidos-noiva\/para-toda-debutante-escolher-seu-vestido-ideal\/"},"wordCount":423,"commentCount":0,"publisher":{"@id":"https:\/\/www.ivanabeaumond.com.br\/vestidos-noiva\/#organization"},"keywords":["festa de 15 anos","festa de debutante","vestido de 15 anos","vestido de debutante","vestido de princesa","vestido luxuoso","vestido para festa"],"articleSection":["Espa\u00e7o Debutantes"],"inLanguage":"pt-BR","potentialAction":[{"@type":"CommentAction","name":"Comment","target":["https:\/\/www.ivanabeaumond.com.br\/vestidos-noiva\/para-toda-debutante-escolher-seu-vestido-ideal\/#respond"]}]},{"@type":"WebPage","@id":"https:\/\/www.ivanabeaumond.com.br\/vestidos-noiva\/para-toda-debutante-escolher-seu-vestido-ideal\/","url":"https:\/\/www.ivanabeaumond.com.br\/vestidos-noiva\/para-toda-debutante-escolher-seu-vestido-ideal\/","name":"Para toda debutante escolher seu vestido ideal... - Vestido de Noiva RJ","isPartOf":{"@id":"https:\/\/www.ivanabeaumond.com.br\/vestidos-noiva\/#website"},"datePublished":"2017-09-09T18:19:57+00:00","dateModified":"2017-10-23T17:25:20+00:00","breadcrumb":{"@id":"https:\/\/www.ivanabeaumond.com.br\/vestidos-noiva\/para-toda-debutante-escolher-seu-vestido-ideal\/#breadcrumb"},"inLanguage":"pt-BR","potentialAction":[{"@type":"ReadAction","target":["https:\/\/www.ivanabeaumond.com.br\/vestidos-noiva\/para-toda-debutante-escolher-seu-vestido-ideal\/"]}]},{"@type":"BreadcrumbList","@id":"https:\/\/www.ivanabeaumond.com.br\/vestidos-noiva\/para-toda-debutante-escolher-seu-vestido-ideal\/#breadcrumb","itemListElement":[{"@type":"ListItem","position":1,"name":"In\u00edcio","item":"https:\/\/www.ivanabeaumond.com.br\/vestidos-noiva\/"},{"@type":"ListItem","position":2,"name":"Para toda debutante escolher seu vestido ideal&#8230;"}]},{"@type":"WebSite","@id":"https:\/\/www.ivanabeaumond.com.br\/vestidos-noiva\/#website","url":"https:\/\/www.ivanabeaumond.com.br\/vestidos-noiva\/","name":"Vestido de Noiva RJ","description":"Moda Noiva","publisher":{"@id":"https:\/\/www.ivanabeaumond.com.br\/vestidos-noiva\/#organization"},"potentialAction":[{"@type":"SearchAction","target":{"@type":"EntryPoint","urlTemplate":"https:\/\/www.ivanabeaumond.com.br\/vestidos-noiva\/?s={search_term_string}"},"query-input":"required name=search_term_string"}],"inLanguage":"pt-BR"},{"@type":"Organization","@id":"https:\/\/www.ivanabeaumond.com.br\/vestidos-noiva\/#organization","name":"Vestido de Noiva RJ","url":"https:\/\/www.ivanabeaumond.com.br\/vestidos-noiva\/","logo":{"@type":"ImageObject","inLanguage":"pt-BR","@id":"https:\/\/www.ivanabeaumond.com.br\/vestidos-noiva\/#\/schema\/logo\/image\/","url":"https:\/\/www.ivanabeaumond.com.br\/vestidos-noiva\/wp-content\/uploads\/2018\/02\/logo_ivana_beaumond-2.png","contentUrl":"https:\/\/www.ivanabeaumond.com.br\/vestidos-noiva\/wp-content\/uploads\/2018\/02\/logo_ivana_beaumond-2.png","width":230,"height":112,"caption":"Vestido de Noiva RJ"},"image":{"@id":"https:\/\/www.ivanabeaumond.com.br\/vestidos-noiva\/#\/schema\/logo\/image\/"},"sameAs":["https:\/\/www.facebook.com\/ivana.beaumondnoivas","https:\/\/www.instagram.com\/ivanabeaumond\/","https:\/\/www.tiktok.com\/@ivanabeaumond"]},{"@type":"Person","@id":"https:\/\/www.ivanabeaumond.com.br\/vestidos-noiva\/#\/schema\/person\/1a360c4cffa3b806d29a456389dcff26","name":"Ivana Beaumond Paris","image":{"@type":"ImageObject","inLanguage":"pt-BR","@id":"https:\/\/www.ivanabeaumond.com.br\/vestidos-noiva\/#\/schema\/person\/image\/","url":"https:\/\/secure.gravatar.com\/avatar\/641f98db20b53ec937ceb641db4270b9?s=96&d=mm&r=g","contentUrl":"https:\/\/secure.gravatar.com\/avatar\/641f98db20b53ec937ceb641db4270b9?s=96&d=mm&r=g","caption":"Ivana Beaumond Paris"},"url":"https:\/\/www.ivanabeaumond.com.br\/vestidos-noiva\/author\/ivana\/"}]}},"_links":{"self":[{"href":"https:\/\/www.ivanabeaumond.com.br\/vestidos-noiva\/wp-json\/wp\/v2\/posts\/13414"}],"collection":[{"href":"https:\/\/www.ivanabeaumond.com.br\/vestidos-noiva\/wp-json\/wp\/v2\/posts"}],"about":[{"href":"https:\/\/www.ivanabeaumond.com.br\/vestidos-noiva\/wp-json\/wp\/v2\/types\/post"}],"author":[{"embeddable":true,"href":"https:\/\/www.ivanabeaumond.com.br\/vestidos-noiva\/wp-json\/wp\/v2\/users\/4"}],"replies":[{"embeddable":true,"href":"https:\/\/www.ivanabeaumond.com.br\/vestidos-noiva\/wp-json\/wp\/v2\/comments?post=13414"}],"version-history":[{"count":8,"href":"https:\/\/www.ivanabeaumond.com.br\/vestidos-noiva\/wp-json\/wp\/v2\/posts\/13414\/revisions"}],"predecessor-version":[{"id":13533,"href":"https:\/\/www.ivanabeaumond.com.br\/vestidos-noiva\/wp-json\/wp\/v2\/posts\/13414\/revisions\/13533"}],"wp:featuredmedia":[{"embeddable":true,"href":"https:\/\/www.ivanabeaumond.com.br\/vestidos-noiva\/wp-json\/wp\/v2\/media\/13534"}],"wp:attachment":[{"href":"https:\/\/www.ivanabeaumond.com.br\/vestidos-noiva\/wp-json\/wp\/v2\/media?parent=13414"}],"wp:term":[{"taxonomy":"category","embeddable":true,"href":"https:\/\/www.ivanabeaumond.com.br\/vestidos-noiva\/wp-json\/wp\/v2\/categories?post=13414"},{"taxonomy":"post_tag","embeddable":true,"href":"https:\/\/www.ivanabeaumond.com.br\/vestidos-noiva\/wp-json\/wp\/v2\/tags?post=13414"}],"curies":[{"name":"wp","href":"https:\/\/api.w.org\/{rel}","templated":true}]}}