{"id":13422,"date":"2017-09-04T13:03:17","date_gmt":"2017-09-04T16:03:17","guid":{"rendered":"http:\/\/www.ivanabeaumond.com.br\/vestidos-noiva\/?p=13422"},"modified":"2017-10-23T15:29:28","modified_gmt":"2017-10-23T17:29:28","slug":"como-decorar-sua-festa-de-15-anos","status":"publish","type":"post","link":"https:\/\/www.ivanabeaumond.com.br\/vestidos-noiva\/como-decorar-sua-festa-de-15-anos\/","title":{"rendered":"Como decorar sua festa de 15 anos&#8230;"},"content":{"rendered":"<h4 style=\"text-align: justify;\"><span style=\"color: #999999;\">Ao organizar uma festa de quinze anos, a decora\u00e7\u00e3o \u00e9 item importante que vem logo no in\u00edcio da organiza\u00e7\u00e3o. E se voc\u00ea est\u00e1 organizando a festa de quinze anos perfeita para a sua filha, o blog de Ivana Beaumond separou algumas dicas imperd\u00edveis para uma festa perfeita!<\/span><\/h4>\n<h4 style=\"text-align: justify;\"><span style=\"color: #999999;\">\u2022\u00a0Decora\u00e7\u00e3o de festa de quinze anos:<\/span><\/h4>\n<p>&nbsp;<\/p>\n<h4 style=\"text-align: justify;\"><span style=\"color: #999999;\">O primeiro passo ao pensar na decora\u00e7\u00e3o de festa de quinze anos \u00e9 a escolha de uma cor ou um tema que v\u00e3o dar o tom da festa, seja na decora\u00e7\u00e3o ou mesmo no vestido de festa da aniversariante ou das meninas do bolo vivo, se ele for realizado.<\/span><\/h4>\n<p style=\"text-align: justify;\"><span style=\"color: #999999;\">\u00a0<\/span><\/p>\n<h4 style=\"text-align: justify;\"><span style=\"color: #999999;\">A parte central da decora\u00e7\u00e3o de uma festa de quinze anos \u00e9 a mesa do bolo e docinhos, ap\u00f3s escolher a cor e\/ou o\u00a0tema da festa, a dica \u00e9 passar para a decora\u00e7\u00e3o da mesa de doces e o bolo. O pr\u00f3prio bolo tamb\u00e9m entra na decora\u00e7\u00e3o da festa de quinze anos, em que a aniversariante pode optar por lindos bolos decorados com o mesmo tema.<\/span><\/h4>\n<p style=\"text-align: justify;\"><span style=\"color: #999999;\">\u00a0<\/span><\/p>\n<h4 style=\"text-align: justify;\"><span style=\"color: #999999;\">Ap\u00f3s a mesa de docinhos e bolo, temos a decora\u00e7\u00e3o das mesas dos convidados e do sal\u00e3o de festas em si, onde tudo deve estar em harmonia dentro do mesmo tema. Ilumina\u00e7\u00e3o na pista de dan\u00e7a e at\u00e9 acess\u00f3rios para distribuir para seus convidados s\u00e3o muito procurados.<\/span><\/h4>\n<p style=\"text-align: justify;\"><span style=\"color: #999999;\">\u00a0<\/span><\/p>\n<h4 style=\"text-align: justify;\"><span style=\"color: #999999;\">Depois de criar toda a ideia da decora\u00e7\u00e3o da festa, o convite da festa tamb\u00e9m costuma ter o mesmo tema, seja ele um convite personalizado criado para a festa ou um modelo de convite padr\u00e3o, mas que tenha as mesmas cores de toda a festa.<\/span><\/h4>\n<h4 style=\"text-align: justify;\"><span style=\"color: #999999;\">Um pequeno detalhe que muita gente ainda adora nas festas de quinze anos s\u00e3o as lembracinhas, que podem variar de acordo com a sua criatividade e o tema da festa, um pequeno mimo para os seus convidados.<\/span><\/h4>\n<h4 style=\"text-align: justify;\"><span style=\"color: #999999;\">Al\u00e9m da decora\u00e7\u00e3o em si, \u00e9 claro que os vestidos de festa tamb\u00e9m s\u00e3o itens importantes, seja o vestido, ou os vestidos da aniversariante (se ela escolher usar mais de um) como o da sua m\u00e3e\u00a0e das meninas do bolo vivo.<\/span><\/h4>\n<p style=\"text-align: justify;\"><span style=\"color: #999999;\">\u00a0<\/span><\/p>\n<h6 style=\"text-align: justify;\"><span style=\"color: #999999;\"><br \/>\n&#8211; fotos retirada da internet:<br \/>\n<\/span><\/h6>\n<p><a href=\"http:\/\/www.ivanabeaumond.com.br\/vestidos-noiva\/wp-content\/uploads\/2017\/08\/festa-15-anos-branca-de-neve-clarissa-rezende-vermelho-dourado-1.jpg\"><img decoding=\"async\" loading=\"lazy\" class=\"aligncenter size-full wp-image-13427\" src=\"http:\/\/www.ivanabeaumond.com.br\/vestidos-noiva\/wp-content\/uploads\/2017\/08\/festa-15-anos-branca-de-neve-clarissa-rezende-vermelho-dourado-1.jpg\" alt=\"festa-15-anos-branca-de-neve-clarissa-rezende-vermelho-dourado-1\" width=\"600\" height=\"400\" srcset=\"https:\/\/www.ivanabeaumond.com.br\/vestidos-noiva\/wp-content\/uploads\/2017\/08\/festa-15-anos-branca-de-neve-clarissa-rezende-vermelho-dourado-1.jpg 600w, https:\/\/www.ivanabeaumond.com.br\/vestidos-noiva\/wp-content\/uploads\/2017\/08\/festa-15-anos-branca-de-neve-clarissa-rezende-vermelho-dourado-1-300x200.jpg 300w, https:\/\/www.ivanabeaumond.com.br\/vestidos-noiva\/wp-content\/uploads\/2017\/08\/festa-15-anos-branca-de-neve-clarissa-rezende-vermelho-dourado-1-480x320.jpg 480w\" sizes=\"(max-width: 600px) 100vw, 600px\" \/><\/a><\/p>\n<p><a href=\"http:\/\/www.ivanabeaumond.com.br\/vestidos-noiva\/wp-content\/uploads\/2017\/08\/festa-de-15-anos-04.jpg\"><img decoding=\"async\" loading=\"lazy\" class=\"aligncenter  wp-image-13428\" src=\"http:\/\/www.ivanabeaumond.com.br\/vestidos-noiva\/wp-content\/uploads\/2017\/08\/festa-de-15-anos-04.jpg\" alt=\"festa-de-15-anos-04\" width=\"599\" height=\"399\" srcset=\"https:\/\/www.ivanabeaumond.com.br\/vestidos-noiva\/wp-content\/uploads\/2017\/08\/festa-de-15-anos-04.jpg 800w, https:\/\/www.ivanabeaumond.com.br\/vestidos-noiva\/wp-content\/uploads\/2017\/08\/festa-de-15-anos-04-300x200.jpg 300w, https:\/\/www.ivanabeaumond.com.br\/vestidos-noiva\/wp-content\/uploads\/2017\/08\/festa-de-15-anos-04-480x320.jpg 480w\" sizes=\"(max-width: 599px) 100vw, 599px\" \/><\/a><\/p>\n<p><a href=\"http:\/\/www.ivanabeaumond.com.br\/vestidos-noiva\/wp-content\/uploads\/2017\/08\/Lembrancinhas_artesanais_Festa_15_anos_marrom_e_rosa_caixa_toalete.jpg\"><img decoding=\"async\" loading=\"lazy\" class=\"aligncenter  wp-image-13429\" src=\"http:\/\/www.ivanabeaumond.com.br\/vestidos-noiva\/wp-content\/uploads\/2017\/08\/Lembrancinhas_artesanais_Festa_15_anos_marrom_e_rosa_caixa_toalete.jpg\" alt=\"Lembrancinhas_artesanais_Festa_15_anos_marrom_e_rosa_caixa_toalete\" width=\"599\" height=\"374\" srcset=\"https:\/\/www.ivanabeaumond.com.br\/vestidos-noiva\/wp-content\/uploads\/2017\/08\/Lembrancinhas_artesanais_Festa_15_anos_marrom_e_rosa_caixa_toalete.jpg 665w, https:\/\/www.ivanabeaumond.com.br\/vestidos-noiva\/wp-content\/uploads\/2017\/08\/Lembrancinhas_artesanais_Festa_15_anos_marrom_e_rosa_caixa_toalete-300x187.jpg 300w\" sizes=\"(max-width: 599px) 100vw, 599px\" \/><\/a><\/p>\n<p><a href=\"http:\/\/www.ivanabeaumond.com.br\/vestidos-noiva\/wp-content\/uploads\/2017\/08\/Decora\u00e7\u00e3o-de-festa-15-anos-tema-Russia-mesa-de-doces.jpg\"><img decoding=\"async\" loading=\"lazy\" class=\"aligncenter  wp-image-13425\" src=\"http:\/\/www.ivanabeaumond.com.br\/vestidos-noiva\/wp-content\/uploads\/2017\/08\/Decora\u00e7\u00e3o-de-festa-15-anos-tema-Russia-mesa-de-doces.jpg\" alt=\"Decora\u00e7\u00e3o-de-festa-15-anos-tema-Russia-mesa-de-doces\" width=\"603\" height=\"401\" srcset=\"https:\/\/www.ivanabeaumond.com.br\/vestidos-noiva\/wp-content\/uploads\/2017\/08\/Decora\u00e7\u00e3o-de-festa-15-anos-tema-Russia-mesa-de-doces.jpg 800w, https:\/\/www.ivanabeaumond.com.br\/vestidos-noiva\/wp-content\/uploads\/2017\/08\/Decora\u00e7\u00e3o-de-festa-15-anos-tema-Russia-mesa-de-doces-300x200.jpg 300w, https:\/\/www.ivanabeaumond.com.br\/vestidos-noiva\/wp-content\/uploads\/2017\/08\/Decora\u00e7\u00e3o-de-festa-15-anos-tema-Russia-mesa-de-doces-480x320.jpg 480w\" sizes=\"(max-width: 603px) 100vw, 603px\" \/><\/a><\/p>\n<p><a href=\"http:\/\/www.ivanabeaumond.com.br\/vestidos-noiva\/wp-content\/uploads\/2017\/08\/11-decoracao-festas-15-anos.jpg\"><img decoding=\"async\" loading=\"lazy\" class=\"aligncenter  wp-image-13424\" src=\"http:\/\/www.ivanabeaumond.com.br\/vestidos-noiva\/wp-content\/uploads\/2017\/08\/11-decoracao-festas-15-anos.jpg\" alt=\"11-decoracao-festas-15-anos\" width=\"609\" height=\"405\" srcset=\"https:\/\/www.ivanabeaumond.com.br\/vestidos-noiva\/wp-content\/uploads\/2017\/08\/11-decoracao-festas-15-anos.jpg 729w, https:\/\/www.ivanabeaumond.com.br\/vestidos-noiva\/wp-content\/uploads\/2017\/08\/11-decoracao-festas-15-anos-300x199.jpg 300w, https:\/\/www.ivanabeaumond.com.br\/vestidos-noiva\/wp-content\/uploads\/2017\/08\/11-decoracao-festas-15-anos-480x320.jpg 480w\" sizes=\"(max-width: 609px) 100vw, 609px\" \/><\/a><\/p>\n<p>&nbsp;<\/p>\n<h4 style=\"text-align: justify;\"><span style=\"color: #999999;\">\u00c9 claro que n\u00e3o existe nenhuma regra de que a cor do vestido longo ou curto da aniversariante precisa ser da mesma cor da festa, essa \u00e9 uma escolha da estrela da festa, que pode optar tanto pela mesma cor em um tom diferente ou ainda escolher a cor que mais combine com o seu estilo.<\/span><\/h4>\n<p style=\"text-align: justify;\"><span style=\"color: #999999;\">\u00a0<\/span><\/p>\n<h4 style=\"text-align: justify;\"><span style=\"color: #999999;\">Apenas vale lembrar: para que as fotos da festa de quinze anos fiquem mais bonitas e harm\u00f4nicas com a decora\u00e7\u00e3o, \u00e9 interessante pensar na cor da decora\u00e7\u00e3o na hora de escolher o vestido, para que elas combinem e criem fotos e lembran\u00e7as ainda mais memor\u00e1veis.<\/span><\/h4>\n","protected":false},"excerpt":{"rendered":"<p>Ao organizar uma festa de quinze anos, a decora\u00e7\u00e3o \u00e9&#8230;<\/p>\n","protected":false},"author":4,"featured_media":13423,"comment_status":"open","ping_status":"open","sticky":false,"template":"","format":"standard","meta":[],"categories":[129],"tags":[131,133,96,137,162,103,136,164,165,138,115],"yoast_head":"<!-- This site is optimized with the Yoast SEO plugin v20.3 - https:\/\/yoast.com\/wordpress\/plugins\/seo\/ -->\n<title>Como decorar sua festa de 15 anos... - Vestido de Noiva RJ<\/title>\n<meta name=\"robots\" content=\"index, follow, max-snippet:-1, max-image-preview:large, max-video-preview:-1\" \/>\n<link rel=\"canonical\" href=\"https:\/\/www.ivanabeaumond.com.br\/vestidos-noiva\/como-decorar-sua-festa-de-15-anos\/\" \/>\n<meta property=\"og:locale\" content=\"pt_BR\" \/>\n<meta property=\"og:type\" content=\"article\" \/>\n<meta property=\"og:title\" content=\"Como decorar sua festa de 15 anos... - Vestido de Noiva RJ\" \/>\n<meta property=\"og:description\" content=\"Ao organizar uma festa de quinze anos, a decora\u00e7\u00e3o \u00e9...\" \/>\n<meta property=\"og:url\" content=\"https:\/\/www.ivanabeaumond.com.br\/vestidos-noiva\/como-decorar-sua-festa-de-15-anos\/\" \/>\n<meta property=\"og:site_name\" content=\"Vestido de Noiva RJ\" \/>\n<meta property=\"article:publisher\" content=\"https:\/\/www.facebook.com\/ivana.beaumondnoivas\" \/>\n<meta property=\"article:published_time\" content=\"2017-09-04T16:03:17+00:00\" \/>\n<meta property=\"article:modified_time\" content=\"2017-10-23T17:29:28+00:00\" \/>\n<meta property=\"og:image\" content=\"https:\/\/www.ivanabeaumond.com.br\/vestidos-noiva\/wp-content\/uploads\/2017\/08\/decoracao-festa-15-anos-locacao-festa-larissa-manoela.jpg\" \/>\n\t<meta property=\"og:image:width\" content=\"2048\" \/>\n\t<meta property=\"og:image:height\" content=\"1380\" \/>\n\t<meta property=\"og:image:type\" content=\"image\/jpeg\" \/>\n<meta name=\"author\" content=\"Ivana Beaumond Paris\" \/>\n<meta name=\"twitter:card\" content=\"summary_large_image\" \/>\n<meta name=\"twitter:label1\" content=\"Escrito por\" \/>\n\t<meta name=\"twitter:data1\" content=\"Ivana Beaumond Paris\" \/>\n\t<meta name=\"twitter:label2\" content=\"Est. tempo de leitura\" \/>\n\t<meta name=\"twitter:data2\" content=\"2 minutos\" \/>\n<script type=\"application\/ld+json\" class=\"yoast-schema-graph\">{\"@context\":\"https:\/\/schema.org\",\"@graph\":[{\"@type\":\"Article\",\"@id\":\"https:\/\/www.ivanabeaumond.com.br\/vestidos-noiva\/como-decorar-sua-festa-de-15-anos\/#article\",\"isPartOf\":{\"@id\":\"https:\/\/www.ivanabeaumond.com.br\/vestidos-noiva\/como-decorar-sua-festa-de-15-anos\/\"},\"author\":{\"name\":\"Ivana Beaumond Paris\",\"@id\":\"https:\/\/www.ivanabeaumond.com.br\/vestidos-noiva\/#\/schema\/person\/1a360c4cffa3b806d29a456389dcff26\"},\"headline\":\"Como decorar sua festa de 15 anos&#8230;\",\"datePublished\":\"2017-09-04T16:03:17+00:00\",\"dateModified\":\"2017-10-23T17:29:28+00:00\",\"mainEntityOfPage\":{\"@id\":\"https:\/\/www.ivanabeaumond.com.br\/vestidos-noiva\/como-decorar-sua-festa-de-15-anos\/\"},\"wordCount\":483,\"commentCount\":0,\"publisher\":{\"@id\":\"https:\/\/www.ivanabeaumond.com.br\/vestidos-noiva\/#organization\"},\"keywords\":[\"aluguel de roupas\",\"atelierivanabeaumond\",\"casamento\",\"convidadas\",\"festas\",\"madrinhas\",\"moda festa\",\"noivas\",\"padrinhos\",\"vestido de festa\",\"vestido de noiva\"],\"articleSection\":[\"Espa\u00e7o Debutantes\"],\"inLanguage\":\"pt-BR\",\"potentialAction\":[{\"@type\":\"CommentAction\",\"name\":\"Comment\",\"target\":[\"https:\/\/www.ivanabeaumond.com.br\/vestidos-noiva\/como-decorar-sua-festa-de-15-anos\/#respond\"]}]},{\"@type\":\"WebPage\",\"@id\":\"https:\/\/www.ivanabeaumond.com.br\/vestidos-noiva\/como-decorar-sua-festa-de-15-anos\/\",\"url\":\"https:\/\/www.ivanabeaumond.com.br\/vestidos-noiva\/como-decorar-sua-festa-de-15-anos\/\",\"name\":\"Como decorar sua festa de 15 anos... - Vestido de Noiva RJ\",\"isPartOf\":{\"@id\":\"https:\/\/www.ivanabeaumond.com.br\/vestidos-noiva\/#website\"},\"datePublished\":\"2017-09-04T16:03:17+00:00\",\"dateModified\":\"2017-10-23T17:29:28+00:00\",\"breadcrumb\":{\"@id\":\"https:\/\/www.ivanabeaumond.com.br\/vestidos-noiva\/como-decorar-sua-festa-de-15-anos\/#breadcrumb\"},\"inLanguage\":\"pt-BR\",\"potentialAction\":[{\"@type\":\"ReadAction\",\"target\":[\"https:\/\/www.ivanabeaumond.com.br\/vestidos-noiva\/como-decorar-sua-festa-de-15-anos\/\"]}]},{\"@type\":\"BreadcrumbList\",\"@id\":\"https:\/\/www.ivanabeaumond.com.br\/vestidos-noiva\/como-decorar-sua-festa-de-15-anos\/#breadcrumb\",\"itemListElement\":[{\"@type\":\"ListItem\",\"position\":1,\"name\":\"In\u00edcio\",\"item\":\"https:\/\/www.ivanabeaumond.com.br\/vestidos-noiva\/\"},{\"@type\":\"ListItem\",\"position\":2,\"name\":\"Como decorar sua festa de 15 anos&#8230;\"}]},{\"@type\":\"WebSite\",\"@id\":\"https:\/\/www.ivanabeaumond.com.br\/vestidos-noiva\/#website\",\"url\":\"https:\/\/www.ivanabeaumond.com.br\/vestidos-noiva\/\",\"name\":\"Vestido de Noiva RJ\",\"description\":\"Moda Noiva\",\"publisher\":{\"@id\":\"https:\/\/www.ivanabeaumond.com.br\/vestidos-noiva\/#organization\"},\"potentialAction\":[{\"@type\":\"SearchAction\",\"target\":{\"@type\":\"EntryPoint\",\"urlTemplate\":\"https:\/\/www.ivanabeaumond.com.br\/vestidos-noiva\/?s={search_term_string}\"},\"query-input\":\"required name=search_term_string\"}],\"inLanguage\":\"pt-BR\"},{\"@type\":\"Organization\",\"@id\":\"https:\/\/www.ivanabeaumond.com.br\/vestidos-noiva\/#organization\",\"name\":\"Vestido de Noiva RJ\",\"url\":\"https:\/\/www.ivanabeaumond.com.br\/vestidos-noiva\/\",\"logo\":{\"@type\":\"ImageObject\",\"inLanguage\":\"pt-BR\",\"@id\":\"https:\/\/www.ivanabeaumond.com.br\/vestidos-noiva\/#\/schema\/logo\/image\/\",\"url\":\"https:\/\/www.ivanabeaumond.com.br\/vestidos-noiva\/wp-content\/uploads\/2018\/02\/logo_ivana_beaumond-2.png\",\"contentUrl\":\"https:\/\/www.ivanabeaumond.com.br\/vestidos-noiva\/wp-content\/uploads\/2018\/02\/logo_ivana_beaumond-2.png\",\"width\":230,\"height\":112,\"caption\":\"Vestido de Noiva RJ\"},\"image\":{\"@id\":\"https:\/\/www.ivanabeaumond.com.br\/vestidos-noiva\/#\/schema\/logo\/image\/\"},\"sameAs\":[\"https:\/\/www.facebook.com\/ivana.beaumondnoivas\",\"https:\/\/www.instagram.com\/ivanabeaumond\/\",\"https:\/\/www.tiktok.com\/@ivanabeaumond\"]},{\"@type\":\"Person\",\"@id\":\"https:\/\/www.ivanabeaumond.com.br\/vestidos-noiva\/#\/schema\/person\/1a360c4cffa3b806d29a456389dcff26\",\"name\":\"Ivana Beaumond Paris\",\"image\":{\"@type\":\"ImageObject\",\"inLanguage\":\"pt-BR\",\"@id\":\"https:\/\/www.ivanabeaumond.com.br\/vestidos-noiva\/#\/schema\/person\/image\/\",\"url\":\"https:\/\/secure.gravatar.com\/avatar\/641f98db20b53ec937ceb641db4270b9?s=96&d=mm&r=g\",\"contentUrl\":\"https:\/\/secure.gravatar.com\/avatar\/641f98db20b53ec937ceb641db4270b9?s=96&d=mm&r=g\",\"caption\":\"Ivana Beaumond Paris\"},\"url\":\"https:\/\/www.ivanabeaumond.com.br\/vestidos-noiva\/author\/ivana\/\"}]}<\/script>\n<!-- \/ Yoast SEO plugin. -->","yoast_head_json":{"title":"Como decorar sua festa de 15 anos... - Vestido de Noiva RJ","robots":{"index":"index","follow":"follow","max-snippet":"max-snippet:-1","max-image-preview":"max-image-preview:large","max-video-preview":"max-video-preview:-1"},"canonical":"https:\/\/www.ivanabeaumond.com.br\/vestidos-noiva\/como-decorar-sua-festa-de-15-anos\/","og_locale":"pt_BR","og_type":"article","og_title":"Como decorar sua festa de 15 anos... - Vestido de Noiva RJ","og_description":"Ao organizar uma festa de quinze anos, a decora\u00e7\u00e3o \u00e9...","og_url":"https:\/\/www.ivanabeaumond.com.br\/vestidos-noiva\/como-decorar-sua-festa-de-15-anos\/","og_site_name":"Vestido de Noiva RJ","article_publisher":"https:\/\/www.facebook.com\/ivana.beaumondnoivas","article_published_time":"2017-09-04T16:03:17+00:00","article_modified_time":"2017-10-23T17:29:28+00:00","og_image":[{"width":2048,"height":1380,"url":"https:\/\/www.ivanabeaumond.com.br\/vestidos-noiva\/wp-content\/uploads\/2017\/08\/decoracao-festa-15-anos-locacao-festa-larissa-manoela.jpg","type":"image\/jpeg"}],"author":"Ivana Beaumond Paris","twitter_card":"summary_large_image","twitter_misc":{"Escrito por":"Ivana Beaumond Paris","Est. tempo de leitura":"2 minutos"},"schema":{"@context":"https:\/\/schema.org","@graph":[{"@type":"Article","@id":"https:\/\/www.ivanabeaumond.com.br\/vestidos-noiva\/como-decorar-sua-festa-de-15-anos\/#article","isPartOf":{"@id":"https:\/\/www.ivanabeaumond.com.br\/vestidos-noiva\/como-decorar-sua-festa-de-15-anos\/"},"author":{"name":"Ivana Beaumond Paris","@id":"https:\/\/www.ivanabeaumond.com.br\/vestidos-noiva\/#\/schema\/person\/1a360c4cffa3b806d29a456389dcff26"},"headline":"Como decorar sua festa de 15 anos&#8230;","datePublished":"2017-09-04T16:03:17+00:00","dateModified":"2017-10-23T17:29:28+00:00","mainEntityOfPage":{"@id":"https:\/\/www.ivanabeaumond.com.br\/vestidos-noiva\/como-decorar-sua-festa-de-15-anos\/"},"wordCount":483,"commentCount":0,"publisher":{"@id":"https:\/\/www.ivanabeaumond.com.br\/vestidos-noiva\/#organization"},"keywords":["aluguel de roupas","atelierivanabeaumond","casamento","convidadas","festas","madrinhas","moda festa","noivas","padrinhos","vestido de festa","vestido de noiva"],"articleSection":["Espa\u00e7o Debutantes"],"inLanguage":"pt-BR","potentialAction":[{"@type":"CommentAction","name":"Comment","target":["https:\/\/www.ivanabeaumond.com.br\/vestidos-noiva\/como-decorar-sua-festa-de-15-anos\/#respond"]}]},{"@type":"WebPage","@id":"https:\/\/www.ivanabeaumond.com.br\/vestidos-noiva\/como-decorar-sua-festa-de-15-anos\/","url":"https:\/\/www.ivanabeaumond.com.br\/vestidos-noiva\/como-decorar-sua-festa-de-15-anos\/","name":"Como decorar sua festa de 15 anos... - Vestido de Noiva RJ","isPartOf":{"@id":"https:\/\/www.ivanabeaumond.com.br\/vestidos-noiva\/#website"},"datePublished":"2017-09-04T16:03:17+00:00","dateModified":"2017-10-23T17:29:28+00:00","breadcrumb":{"@id":"https:\/\/www.ivanabeaumond.com.br\/vestidos-noiva\/como-decorar-sua-festa-de-15-anos\/#breadcrumb"},"inLanguage":"pt-BR","potentialAction":[{"@type":"ReadAction","target":["https:\/\/www.ivanabeaumond.com.br\/vestidos-noiva\/como-decorar-sua-festa-de-15-anos\/"]}]},{"@type":"BreadcrumbList","@id":"https:\/\/www.ivanabeaumond.com.br\/vestidos-noiva\/como-decorar-sua-festa-de-15-anos\/#breadcrumb","itemListElement":[{"@type":"ListItem","position":1,"name":"In\u00edcio","item":"https:\/\/www.ivanabeaumond.com.br\/vestidos-noiva\/"},{"@type":"ListItem","position":2,"name":"Como decorar sua festa de 15 anos&#8230;"}]},{"@type":"WebSite","@id":"https:\/\/www.ivanabeaumond.com.br\/vestidos-noiva\/#website","url":"https:\/\/www.ivanabeaumond.com.br\/vestidos-noiva\/","name":"Vestido de Noiva RJ","description":"Moda Noiva","publisher":{"@id":"https:\/\/www.ivanabeaumond.com.br\/vestidos-noiva\/#organization"},"potentialAction":[{"@type":"SearchAction","target":{"@type":"EntryPoint","urlTemplate":"https:\/\/www.ivanabeaumond.com.br\/vestidos-noiva\/?s={search_term_string}"},"query-input":"required name=search_term_string"}],"inLanguage":"pt-BR"},{"@type":"Organization","@id":"https:\/\/www.ivanabeaumond.com.br\/vestidos-noiva\/#organization","name":"Vestido de Noiva RJ","url":"https:\/\/www.ivanabeaumond.com.br\/vestidos-noiva\/","logo":{"@type":"ImageObject","inLanguage":"pt-BR","@id":"https:\/\/www.ivanabeaumond.com.br\/vestidos-noiva\/#\/schema\/logo\/image\/","url":"https:\/\/www.ivanabeaumond.com.br\/vestidos-noiva\/wp-content\/uploads\/2018\/02\/logo_ivana_beaumond-2.png","contentUrl":"https:\/\/www.ivanabeaumond.com.br\/vestidos-noiva\/wp-content\/uploads\/2018\/02\/logo_ivana_beaumond-2.png","width":230,"height":112,"caption":"Vestido de Noiva RJ"},"image":{"@id":"https:\/\/www.ivanabeaumond.com.br\/vestidos-noiva\/#\/schema\/logo\/image\/"},"sameAs":["https:\/\/www.facebook.com\/ivana.beaumondnoivas","https:\/\/www.instagram.com\/ivanabeaumond\/","https:\/\/www.tiktok.com\/@ivanabeaumond"]},{"@type":"Person","@id":"https:\/\/www.ivanabeaumond.com.br\/vestidos-noiva\/#\/schema\/person\/1a360c4cffa3b806d29a456389dcff26","name":"Ivana Beaumond Paris","image":{"@type":"ImageObject","inLanguage":"pt-BR","@id":"https:\/\/www.ivanabeaumond.com.br\/vestidos-noiva\/#\/schema\/person\/image\/","url":"https:\/\/secure.gravatar.com\/avatar\/641f98db20b53ec937ceb641db4270b9?s=96&d=mm&r=g","contentUrl":"https:\/\/secure.gravatar.com\/avatar\/641f98db20b53ec937ceb641db4270b9?s=96&d=mm&r=g","caption":"Ivana Beaumond Paris"},"url":"https:\/\/www.ivanabeaumond.com.br\/vestidos-noiva\/author\/ivana\/"}]}},"_links":{"self":[{"href":"https:\/\/www.ivanabeaumond.com.br\/vestidos-noiva\/wp-json\/wp\/v2\/posts\/13422"}],"collection":[{"href":"https:\/\/www.ivanabeaumond.com.br\/vestidos-noiva\/wp-json\/wp\/v2\/posts"}],"about":[{"href":"https:\/\/www.ivanabeaumond.com.br\/vestidos-noiva\/wp-json\/wp\/v2\/types\/post"}],"author":[{"embeddable":true,"href":"https:\/\/www.ivanabeaumond.com.br\/vestidos-noiva\/wp-json\/wp\/v2\/users\/4"}],"replies":[{"embeddable":true,"href":"https:\/\/www.ivanabeaumond.com.br\/vestidos-noiva\/wp-json\/wp\/v2\/comments?post=13422"}],"version-history":[{"count":6,"href":"https:\/\/www.ivanabeaumond.com.br\/vestidos-noiva\/wp-json\/wp\/v2\/posts\/13422\/revisions"}],"predecessor-version":[{"id":13440,"href":"https:\/\/www.ivanabeaumond.com.br\/vestidos-noiva\/wp-json\/wp\/v2\/posts\/13422\/revisions\/13440"}],"wp:featuredmedia":[{"embeddable":true,"href":"https:\/\/www.ivanabeaumond.com.br\/vestidos-noiva\/wp-json\/wp\/v2\/media\/13423"}],"wp:attachment":[{"href":"https:\/\/www.ivanabeaumond.com.br\/vestidos-noiva\/wp-json\/wp\/v2\/media?parent=13422"}],"wp:term":[{"taxonomy":"category","embeddable":true,"href":"https:\/\/www.ivanabeaumond.com.br\/vestidos-noiva\/wp-json\/wp\/v2\/categories?post=13422"},{"taxonomy":"post_tag","embeddable":true,"href":"https:\/\/www.ivanabeaumond.com.br\/vestidos-noiva\/wp-json\/wp\/v2\/tags?post=13422"}],"curies":[{"name":"wp","href":"https:\/\/api.w.org\/{rel}","templated":true}]}}