{"id":13480,"date":"2017-09-09T15:20:25","date_gmt":"2017-09-09T18:20:25","guid":{"rendered":"http:\/\/www.ivanabeaumond.com.br\/vestidos-noiva\/?p=13480"},"modified":"2017-10-23T15:24:49","modified_gmt":"2017-10-23T17:24:49","slug":"moda-festa-para-as-senhoras-como-escolher","status":"publish","type":"post","link":"https:\/\/www.ivanabeaumond.com.br\/vestidos-noiva\/moda-festa-para-as-senhoras-como-escolher\/","title":{"rendered":"Moda Festa para as senhoras, como escolher?"},"content":{"rendered":"<h4 style=\"text-align: justify;\"><span style=\"color: #999999;\">Separamos algumas dicas sobre vestidos de festa para senhoras, se em uma \u00e9poca elas n\u00e3o\u00a0tinham muitas op\u00e7\u00f5es, hoje a moda est\u00e1 cada vez mais democr\u00e1tica e tamb\u00e9m traz muitas op\u00e7\u00f5es de moda festa para as senhoras. Inclusive com as principais tend\u00eancias em vestidos de festa da atualidade.<\/span><\/h4>\n<h4 style=\"text-align: justify;\"><span style=\"color: #999999;\">Os vestidos de festa para senhoras geralmente s\u00e3o procurados em modelos sem muitos decotes, al\u00e9m de\u00a0n\u00e3o serem vestidos muito curtos.<\/span><\/h4>\n<p style=\"text-align: justify;\"><a href=\"http:\/\/www.ivanabeaumond.com.br\/vestidos-noiva\/wp-content\/uploads\/2017\/09\/2016_9T194_COCKTAIL_ROSA_CLARA_11.jpg\"><img decoding=\"async\" loading=\"lazy\" class=\"aligncenter  wp-image-13516\" src=\"http:\/\/www.ivanabeaumond.com.br\/vestidos-noiva\/wp-content\/uploads\/2017\/09\/2016_9T194_COCKTAIL_ROSA_CLARA_11.jpg\" alt=\"2016_9T194_COCKTAIL_ROSA_CLARA_11\" width=\"578\" height=\"722\" srcset=\"https:\/\/www.ivanabeaumond.com.br\/vestidos-noiva\/wp-content\/uploads\/2017\/09\/2016_9T194_COCKTAIL_ROSA_CLARA_11.jpg 1536w, https:\/\/www.ivanabeaumond.com.br\/vestidos-noiva\/wp-content\/uploads\/2017\/09\/2016_9T194_COCKTAIL_ROSA_CLARA_11-240x300.jpg 240w, https:\/\/www.ivanabeaumond.com.br\/vestidos-noiva\/wp-content\/uploads\/2017\/09\/2016_9T194_COCKTAIL_ROSA_CLARA_11-819x1024.jpg 819w\" sizes=\"(max-width: 578px) 100vw, 578px\" \/><\/a><\/p>\n<h4 style=\"text-align: justify;\"><span style=\"color: #999999;\">O comprimento mais procurado pelas senhoras em um vestido curto \u00e9 aquele que cobre o joelho ou vai um pouco abaixo do joelho, criando uma silhueta sofisticada e elegante para as senhoras.<\/span><\/h4>\n<h4 style=\"text-align: justify;\"><span style=\"color: #999999;\">Os vestidos com mangas curtas e longas tamb\u00e9m muito procurados como vestidos de festa para senhoras, para aquelas que buscam cobrir os ombros ou bra\u00e7os.<\/span><\/h4>\n<p style=\"text-align: justify;\"><a href=\"http:\/\/www.ivanabeaumond.com.br\/vestidos-noiva\/wp-content\/uploads\/2017\/09\/2017_1T145_COCKTAIL_ROSA_CLARA_1.jpg\"><img decoding=\"async\" loading=\"lazy\" class=\"aligncenter  wp-image-13515\" src=\"http:\/\/www.ivanabeaumond.com.br\/vestidos-noiva\/wp-content\/uploads\/2017\/09\/2017_1T145_COCKTAIL_ROSA_CLARA_1.jpg\" alt=\"2017_1T145_COCKTAIL_ROSA_CLARA_1\" width=\"578\" height=\"723\" srcset=\"https:\/\/www.ivanabeaumond.com.br\/vestidos-noiva\/wp-content\/uploads\/2017\/09\/2017_1T145_COCKTAIL_ROSA_CLARA_1.jpg 1536w, https:\/\/www.ivanabeaumond.com.br\/vestidos-noiva\/wp-content\/uploads\/2017\/09\/2017_1T145_COCKTAIL_ROSA_CLARA_1-240x300.jpg 240w, https:\/\/www.ivanabeaumond.com.br\/vestidos-noiva\/wp-content\/uploads\/2017\/09\/2017_1T145_COCKTAIL_ROSA_CLARA_1-819x1024.jpg 819w\" sizes=\"(max-width: 578px) 100vw, 578px\" \/><\/a><\/p>\n<h4 style=\"text-align: justify;\"><span style=\"color: #999999;\">Um acess\u00f3rio que as senhoras adoram combinar ao seu vestido de festa \u00e9 a \u00e9charpe, seja no inverno ou ver\u00e3o, o acess\u00f3rio d\u00e1 um charme especial ao look e pode ajudar a cobrir os ombros, para quem busca essa op\u00e7\u00e3o, mesmo usando um vestido de al\u00e7as. No outono ou inverno, a pe\u00e7a ainda ajuda a deixar o look mais quentinho, ou pode ser substitu\u00edda por uma \u00e9charpe de pele, super quentinha.<\/span><\/h4>\n<p style=\"text-align: justify;\"><a href=\"http:\/\/www.ivanabeaumond.com.br\/vestidos-noiva\/wp-content\/uploads\/2017\/09\/vestidos-de-festa-para-senhora-de-70-anos.jpg\"><img decoding=\"async\" loading=\"lazy\" class=\"aligncenter  wp-image-13514\" src=\"http:\/\/www.ivanabeaumond.com.br\/vestidos-noiva\/wp-content\/uploads\/2017\/09\/vestidos-de-festa-para-senhora-de-70-anos.jpg\" alt=\"vestidos-de-festa-para-senhora-de-70-anos\" width=\"576\" height=\"351\" srcset=\"https:\/\/www.ivanabeaumond.com.br\/vestidos-noiva\/wp-content\/uploads\/2017\/09\/vestidos-de-festa-para-senhora-de-70-anos.jpg 450w, https:\/\/www.ivanabeaumond.com.br\/vestidos-noiva\/wp-content\/uploads\/2017\/09\/vestidos-de-festa-para-senhora-de-70-anos-300x183.jpg 300w\" sizes=\"(max-width: 576px) 100vw, 576px\" \/><\/a><\/p>\n<h4 style=\"text-align: justify;\"><span style=\"color: #999999;\">Com uma nova cole\u00e7\u00e3o que esbanja eleg\u00e2ncia, a <a style=\"color: #999999;\" href=\"http:\/\/maisonmarsalli.com.br\/beleza-da-grife-village-condotti-em-curitiba\/\">Ivana Beaumond<\/a> traz v\u00e1rios modelos de vestidos de festa para senhoras perfeitos para casamentos, formaturas, bodas e anivers\u00e1rios. Basta escolher o que combina mais com seu estilo pessoal e a ocasi\u00e3o.<\/span><\/h4>\n<p style=\"text-align: justify;\">\n","protected":false},"excerpt":{"rendered":"<p>Separamos algumas dicas sobre vestidos de festa para senhoras, se&#8230;<\/p>\n","protected":false},"author":4,"featured_media":13513,"comment_status":"open","ping_status":"open","sticky":false,"template":"","format":"standard","meta":[],"categories":[127],"tags":[131,133,96,137,162,103,136,164,165,138,115],"yoast_head":"<!-- This site is optimized with the Yoast SEO plugin v20.3 - https:\/\/yoast.com\/wordpress\/plugins\/seo\/ -->\n<title>Moda Festa para as senhoras, como escolher? - Vestido de Noiva RJ<\/title>\n<meta name=\"robots\" content=\"index, follow, max-snippet:-1, max-image-preview:large, max-video-preview:-1\" \/>\n<link rel=\"canonical\" href=\"https:\/\/www.ivanabeaumond.com.br\/vestidos-noiva\/moda-festa-para-as-senhoras-como-escolher\/\" \/>\n<meta property=\"og:locale\" content=\"pt_BR\" \/>\n<meta property=\"og:type\" content=\"article\" \/>\n<meta property=\"og:title\" content=\"Moda Festa para as senhoras, como escolher? - Vestido de Noiva RJ\" \/>\n<meta property=\"og:description\" content=\"Separamos algumas dicas sobre vestidos de festa para senhoras, se...\" \/>\n<meta property=\"og:url\" content=\"https:\/\/www.ivanabeaumond.com.br\/vestidos-noiva\/moda-festa-para-as-senhoras-como-escolher\/\" \/>\n<meta property=\"og:site_name\" content=\"Vestido de Noiva RJ\" \/>\n<meta property=\"article:publisher\" content=\"https:\/\/www.facebook.com\/ivana.beaumondnoivas\" \/>\n<meta property=\"article:published_time\" content=\"2017-09-09T18:20:25+00:00\" \/>\n<meta property=\"article:modified_time\" content=\"2017-10-23T17:24:49+00:00\" \/>\n<meta property=\"og:image\" content=\"https:\/\/www.ivanabeaumond.com.br\/vestidos-noiva\/wp-content\/uploads\/2017\/09\/Vestidos-de-festa-senhoras.png\" \/>\n\t<meta property=\"og:image:width\" content=\"882\" \/>\n\t<meta property=\"og:image:height\" content=\"480\" \/>\n\t<meta property=\"og:image:type\" content=\"image\/png\" \/>\n<meta name=\"author\" content=\"Ivana Beaumond Paris\" \/>\n<meta name=\"twitter:card\" content=\"summary_large_image\" \/>\n<meta name=\"twitter:label1\" content=\"Escrito por\" \/>\n\t<meta name=\"twitter:data1\" content=\"Ivana Beaumond Paris\" \/>\n\t<meta name=\"twitter:label2\" content=\"Est. tempo de leitura\" \/>\n\t<meta name=\"twitter:data2\" content=\"1 minuto\" \/>\n<script type=\"application\/ld+json\" class=\"yoast-schema-graph\">{\"@context\":\"https:\/\/schema.org\",\"@graph\":[{\"@type\":\"Article\",\"@id\":\"https:\/\/www.ivanabeaumond.com.br\/vestidos-noiva\/moda-festa-para-as-senhoras-como-escolher\/#article\",\"isPartOf\":{\"@id\":\"https:\/\/www.ivanabeaumond.com.br\/vestidos-noiva\/moda-festa-para-as-senhoras-como-escolher\/\"},\"author\":{\"name\":\"Ivana Beaumond Paris\",\"@id\":\"https:\/\/www.ivanabeaumond.com.br\/vestidos-noiva\/#\/schema\/person\/1a360c4cffa3b806d29a456389dcff26\"},\"headline\":\"Moda Festa para as senhoras, como escolher?\",\"datePublished\":\"2017-09-09T18:20:25+00:00\",\"dateModified\":\"2017-10-23T17:24:49+00:00\",\"mainEntityOfPage\":{\"@id\":\"https:\/\/www.ivanabeaumond.com.br\/vestidos-noiva\/moda-festa-para-as-senhoras-como-escolher\/\"},\"wordCount\":264,\"commentCount\":0,\"publisher\":{\"@id\":\"https:\/\/www.ivanabeaumond.com.br\/vestidos-noiva\/#organization\"},\"keywords\":[\"aluguel de roupas\",\"atelierivanabeaumond\",\"casamento\",\"convidadas\",\"festas\",\"madrinhas\",\"moda festa\",\"noivas\",\"padrinhos\",\"vestido de festa\",\"vestido de noiva\"],\"articleSection\":[\"Dicas e Truques\"],\"inLanguage\":\"pt-BR\",\"potentialAction\":[{\"@type\":\"CommentAction\",\"name\":\"Comment\",\"target\":[\"https:\/\/www.ivanabeaumond.com.br\/vestidos-noiva\/moda-festa-para-as-senhoras-como-escolher\/#respond\"]}]},{\"@type\":\"WebPage\",\"@id\":\"https:\/\/www.ivanabeaumond.com.br\/vestidos-noiva\/moda-festa-para-as-senhoras-como-escolher\/\",\"url\":\"https:\/\/www.ivanabeaumond.com.br\/vestidos-noiva\/moda-festa-para-as-senhoras-como-escolher\/\",\"name\":\"Moda Festa para as senhoras, como escolher? - Vestido de Noiva RJ\",\"isPartOf\":{\"@id\":\"https:\/\/www.ivanabeaumond.com.br\/vestidos-noiva\/#website\"},\"datePublished\":\"2017-09-09T18:20:25+00:00\",\"dateModified\":\"2017-10-23T17:24:49+00:00\",\"breadcrumb\":{\"@id\":\"https:\/\/www.ivanabeaumond.com.br\/vestidos-noiva\/moda-festa-para-as-senhoras-como-escolher\/#breadcrumb\"},\"inLanguage\":\"pt-BR\",\"potentialAction\":[{\"@type\":\"ReadAction\",\"target\":[\"https:\/\/www.ivanabeaumond.com.br\/vestidos-noiva\/moda-festa-para-as-senhoras-como-escolher\/\"]}]},{\"@type\":\"BreadcrumbList\",\"@id\":\"https:\/\/www.ivanabeaumond.com.br\/vestidos-noiva\/moda-festa-para-as-senhoras-como-escolher\/#breadcrumb\",\"itemListElement\":[{\"@type\":\"ListItem\",\"position\":1,\"name\":\"In\u00edcio\",\"item\":\"https:\/\/www.ivanabeaumond.com.br\/vestidos-noiva\/\"},{\"@type\":\"ListItem\",\"position\":2,\"name\":\"Moda Festa para as senhoras, como escolher?\"}]},{\"@type\":\"WebSite\",\"@id\":\"https:\/\/www.ivanabeaumond.com.br\/vestidos-noiva\/#website\",\"url\":\"https:\/\/www.ivanabeaumond.com.br\/vestidos-noiva\/\",\"name\":\"Vestido de Noiva RJ\",\"description\":\"Moda Noiva\",\"publisher\":{\"@id\":\"https:\/\/www.ivanabeaumond.com.br\/vestidos-noiva\/#organization\"},\"potentialAction\":[{\"@type\":\"SearchAction\",\"target\":{\"@type\":\"EntryPoint\",\"urlTemplate\":\"https:\/\/www.ivanabeaumond.com.br\/vestidos-noiva\/?s={search_term_string}\"},\"query-input\":\"required name=search_term_string\"}],\"inLanguage\":\"pt-BR\"},{\"@type\":\"Organization\",\"@id\":\"https:\/\/www.ivanabeaumond.com.br\/vestidos-noiva\/#organization\",\"name\":\"Vestido de Noiva RJ\",\"url\":\"https:\/\/www.ivanabeaumond.com.br\/vestidos-noiva\/\",\"logo\":{\"@type\":\"ImageObject\",\"inLanguage\":\"pt-BR\",\"@id\":\"https:\/\/www.ivanabeaumond.com.br\/vestidos-noiva\/#\/schema\/logo\/image\/\",\"url\":\"https:\/\/www.ivanabeaumond.com.br\/vestidos-noiva\/wp-content\/uploads\/2018\/02\/logo_ivana_beaumond-2.png\",\"contentUrl\":\"https:\/\/www.ivanabeaumond.com.br\/vestidos-noiva\/wp-content\/uploads\/2018\/02\/logo_ivana_beaumond-2.png\",\"width\":230,\"height\":112,\"caption\":\"Vestido de Noiva RJ\"},\"image\":{\"@id\":\"https:\/\/www.ivanabeaumond.com.br\/vestidos-noiva\/#\/schema\/logo\/image\/\"},\"sameAs\":[\"https:\/\/www.facebook.com\/ivana.beaumondnoivas\",\"https:\/\/www.instagram.com\/ivanabeaumond\/\",\"https:\/\/www.tiktok.com\/@ivanabeaumond\"]},{\"@type\":\"Person\",\"@id\":\"https:\/\/www.ivanabeaumond.com.br\/vestidos-noiva\/#\/schema\/person\/1a360c4cffa3b806d29a456389dcff26\",\"name\":\"Ivana Beaumond Paris\",\"image\":{\"@type\":\"ImageObject\",\"inLanguage\":\"pt-BR\",\"@id\":\"https:\/\/www.ivanabeaumond.com.br\/vestidos-noiva\/#\/schema\/person\/image\/\",\"url\":\"https:\/\/secure.gravatar.com\/avatar\/641f98db20b53ec937ceb641db4270b9?s=96&d=mm&r=g\",\"contentUrl\":\"https:\/\/secure.gravatar.com\/avatar\/641f98db20b53ec937ceb641db4270b9?s=96&d=mm&r=g\",\"caption\":\"Ivana Beaumond Paris\"},\"url\":\"https:\/\/www.ivanabeaumond.com.br\/vestidos-noiva\/author\/ivana\/\"}]}<\/script>\n<!-- \/ Yoast SEO plugin. -->","yoast_head_json":{"title":"Moda Festa para as senhoras, como escolher? - Vestido de Noiva RJ","robots":{"index":"index","follow":"follow","max-snippet":"max-snippet:-1","max-image-preview":"max-image-preview:large","max-video-preview":"max-video-preview:-1"},"canonical":"https:\/\/www.ivanabeaumond.com.br\/vestidos-noiva\/moda-festa-para-as-senhoras-como-escolher\/","og_locale":"pt_BR","og_type":"article","og_title":"Moda Festa para as senhoras, como escolher? - Vestido de Noiva RJ","og_description":"Separamos algumas dicas sobre vestidos de festa para senhoras, se...","og_url":"https:\/\/www.ivanabeaumond.com.br\/vestidos-noiva\/moda-festa-para-as-senhoras-como-escolher\/","og_site_name":"Vestido de Noiva RJ","article_publisher":"https:\/\/www.facebook.com\/ivana.beaumondnoivas","article_published_time":"2017-09-09T18:20:25+00:00","article_modified_time":"2017-10-23T17:24:49+00:00","og_image":[{"width":882,"height":480,"url":"https:\/\/www.ivanabeaumond.com.br\/vestidos-noiva\/wp-content\/uploads\/2017\/09\/Vestidos-de-festa-senhoras.png","type":"image\/png"}],"author":"Ivana Beaumond Paris","twitter_card":"summary_large_image","twitter_misc":{"Escrito por":"Ivana Beaumond Paris","Est. tempo de leitura":"1 minuto"},"schema":{"@context":"https:\/\/schema.org","@graph":[{"@type":"Article","@id":"https:\/\/www.ivanabeaumond.com.br\/vestidos-noiva\/moda-festa-para-as-senhoras-como-escolher\/#article","isPartOf":{"@id":"https:\/\/www.ivanabeaumond.com.br\/vestidos-noiva\/moda-festa-para-as-senhoras-como-escolher\/"},"author":{"name":"Ivana Beaumond Paris","@id":"https:\/\/www.ivanabeaumond.com.br\/vestidos-noiva\/#\/schema\/person\/1a360c4cffa3b806d29a456389dcff26"},"headline":"Moda Festa para as senhoras, como escolher?","datePublished":"2017-09-09T18:20:25+00:00","dateModified":"2017-10-23T17:24:49+00:00","mainEntityOfPage":{"@id":"https:\/\/www.ivanabeaumond.com.br\/vestidos-noiva\/moda-festa-para-as-senhoras-como-escolher\/"},"wordCount":264,"commentCount":0,"publisher":{"@id":"https:\/\/www.ivanabeaumond.com.br\/vestidos-noiva\/#organization"},"keywords":["aluguel de roupas","atelierivanabeaumond","casamento","convidadas","festas","madrinhas","moda festa","noivas","padrinhos","vestido de festa","vestido de noiva"],"articleSection":["Dicas e Truques"],"inLanguage":"pt-BR","potentialAction":[{"@type":"CommentAction","name":"Comment","target":["https:\/\/www.ivanabeaumond.com.br\/vestidos-noiva\/moda-festa-para-as-senhoras-como-escolher\/#respond"]}]},{"@type":"WebPage","@id":"https:\/\/www.ivanabeaumond.com.br\/vestidos-noiva\/moda-festa-para-as-senhoras-como-escolher\/","url":"https:\/\/www.ivanabeaumond.com.br\/vestidos-noiva\/moda-festa-para-as-senhoras-como-escolher\/","name":"Moda Festa para as senhoras, como escolher? - Vestido de Noiva RJ","isPartOf":{"@id":"https:\/\/www.ivanabeaumond.com.br\/vestidos-noiva\/#website"},"datePublished":"2017-09-09T18:20:25+00:00","dateModified":"2017-10-23T17:24:49+00:00","breadcrumb":{"@id":"https:\/\/www.ivanabeaumond.com.br\/vestidos-noiva\/moda-festa-para-as-senhoras-como-escolher\/#breadcrumb"},"inLanguage":"pt-BR","potentialAction":[{"@type":"ReadAction","target":["https:\/\/www.ivanabeaumond.com.br\/vestidos-noiva\/moda-festa-para-as-senhoras-como-escolher\/"]}]},{"@type":"BreadcrumbList","@id":"https:\/\/www.ivanabeaumond.com.br\/vestidos-noiva\/moda-festa-para-as-senhoras-como-escolher\/#breadcrumb","itemListElement":[{"@type":"ListItem","position":1,"name":"In\u00edcio","item":"https:\/\/www.ivanabeaumond.com.br\/vestidos-noiva\/"},{"@type":"ListItem","position":2,"name":"Moda Festa para as senhoras, como escolher?"}]},{"@type":"WebSite","@id":"https:\/\/www.ivanabeaumond.com.br\/vestidos-noiva\/#website","url":"https:\/\/www.ivanabeaumond.com.br\/vestidos-noiva\/","name":"Vestido de Noiva RJ","description":"Moda Noiva","publisher":{"@id":"https:\/\/www.ivanabeaumond.com.br\/vestidos-noiva\/#organization"},"potentialAction":[{"@type":"SearchAction","target":{"@type":"EntryPoint","urlTemplate":"https:\/\/www.ivanabeaumond.com.br\/vestidos-noiva\/?s={search_term_string}"},"query-input":"required name=search_term_string"}],"inLanguage":"pt-BR"},{"@type":"Organization","@id":"https:\/\/www.ivanabeaumond.com.br\/vestidos-noiva\/#organization","name":"Vestido de Noiva RJ","url":"https:\/\/www.ivanabeaumond.com.br\/vestidos-noiva\/","logo":{"@type":"ImageObject","inLanguage":"pt-BR","@id":"https:\/\/www.ivanabeaumond.com.br\/vestidos-noiva\/#\/schema\/logo\/image\/","url":"https:\/\/www.ivanabeaumond.com.br\/vestidos-noiva\/wp-content\/uploads\/2018\/02\/logo_ivana_beaumond-2.png","contentUrl":"https:\/\/www.ivanabeaumond.com.br\/vestidos-noiva\/wp-content\/uploads\/2018\/02\/logo_ivana_beaumond-2.png","width":230,"height":112,"caption":"Vestido de Noiva RJ"},"image":{"@id":"https:\/\/www.ivanabeaumond.com.br\/vestidos-noiva\/#\/schema\/logo\/image\/"},"sameAs":["https:\/\/www.facebook.com\/ivana.beaumondnoivas","https:\/\/www.instagram.com\/ivanabeaumond\/","https:\/\/www.tiktok.com\/@ivanabeaumond"]},{"@type":"Person","@id":"https:\/\/www.ivanabeaumond.com.br\/vestidos-noiva\/#\/schema\/person\/1a360c4cffa3b806d29a456389dcff26","name":"Ivana Beaumond Paris","image":{"@type":"ImageObject","inLanguage":"pt-BR","@id":"https:\/\/www.ivanabeaumond.com.br\/vestidos-noiva\/#\/schema\/person\/image\/","url":"https:\/\/secure.gravatar.com\/avatar\/641f98db20b53ec937ceb641db4270b9?s=96&d=mm&r=g","contentUrl":"https:\/\/secure.gravatar.com\/avatar\/641f98db20b53ec937ceb641db4270b9?s=96&d=mm&r=g","caption":"Ivana Beaumond Paris"},"url":"https:\/\/www.ivanabeaumond.com.br\/vestidos-noiva\/author\/ivana\/"}]}},"_links":{"self":[{"href":"https:\/\/www.ivanabeaumond.com.br\/vestidos-noiva\/wp-json\/wp\/v2\/posts\/13480"}],"collection":[{"href":"https:\/\/www.ivanabeaumond.com.br\/vestidos-noiva\/wp-json\/wp\/v2\/posts"}],"about":[{"href":"https:\/\/www.ivanabeaumond.com.br\/vestidos-noiva\/wp-json\/wp\/v2\/types\/post"}],"author":[{"embeddable":true,"href":"https:\/\/www.ivanabeaumond.com.br\/vestidos-noiva\/wp-json\/wp\/v2\/users\/4"}],"replies":[{"embeddable":true,"href":"https:\/\/www.ivanabeaumond.com.br\/vestidos-noiva\/wp-json\/wp\/v2\/comments?post=13480"}],"version-history":[{"count":2,"href":"https:\/\/www.ivanabeaumond.com.br\/vestidos-noiva\/wp-json\/wp\/v2\/posts\/13480\/revisions"}],"predecessor-version":[{"id":13517,"href":"https:\/\/www.ivanabeaumond.com.br\/vestidos-noiva\/wp-json\/wp\/v2\/posts\/13480\/revisions\/13517"}],"wp:featuredmedia":[{"embeddable":true,"href":"https:\/\/www.ivanabeaumond.com.br\/vestidos-noiva\/wp-json\/wp\/v2\/media\/13513"}],"wp:attachment":[{"href":"https:\/\/www.ivanabeaumond.com.br\/vestidos-noiva\/wp-json\/wp\/v2\/media?parent=13480"}],"wp:term":[{"taxonomy":"category","embeddable":true,"href":"https:\/\/www.ivanabeaumond.com.br\/vestidos-noiva\/wp-json\/wp\/v2\/categories?post=13480"},{"taxonomy":"post_tag","embeddable":true,"href":"https:\/\/www.ivanabeaumond.com.br\/vestidos-noiva\/wp-json\/wp\/v2\/tags?post=13480"}],"curies":[{"name":"wp","href":"https:\/\/api.w.org\/{rel}","templated":true}]}}