{"id":13518,"date":"2017-09-19T16:01:47","date_gmt":"2017-09-19T19:01:47","guid":{"rendered":"http:\/\/www.ivanabeaumond.com.br\/vestidos-noiva\/?p=13518"},"modified":"2017-10-23T15:22:22","modified_gmt":"2017-10-23T17:22:22","slug":"tudo-o-que-nas-noivas-precisam-saber-sobre-o-casamento-no-civil","status":"publish","type":"post","link":"https:\/\/www.ivanabeaumond.com.br\/vestidos-noiva\/tudo-o-que-nas-noivas-precisam-saber-sobre-o-casamento-no-civil\/","title":{"rendered":"Casamento no civil, tudo o que os noivos precisam saber&#8230;"},"content":{"rendered":"<h4><span style=\"color: #999999;\"><a href=\"http:\/\/www.ivanabeaumond.com.br\/vestidos-noiva\/wp-content\/uploads\/2017\/09\/vestido-de-noiva-rj-casamento-blog-ivanabeaumond-fotorafaramos.jpg\"><img decoding=\"async\" loading=\"lazy\" class=\"  wp-image-13650 alignright\" src=\"http:\/\/www.ivanabeaumond.com.br\/vestidos-noiva\/wp-content\/uploads\/2017\/09\/vestido-de-noiva-rj-casamento-blog-ivanabeaumond-fotorafaramos.jpg\" alt=\"vestido-de-noiva-rj-casamento-blog-ivanabeaumond-fotorafaramos\" width=\"350\" height=\"233\" srcset=\"https:\/\/www.ivanabeaumond.com.br\/vestidos-noiva\/wp-content\/uploads\/2017\/09\/vestido-de-noiva-rj-casamento-blog-ivanabeaumond-fotorafaramos.jpg 1280w, https:\/\/www.ivanabeaumond.com.br\/vestidos-noiva\/wp-content\/uploads\/2017\/09\/vestido-de-noiva-rj-casamento-blog-ivanabeaumond-fotorafaramos-300x200.jpg 300w, https:\/\/www.ivanabeaumond.com.br\/vestidos-noiva\/wp-content\/uploads\/2017\/09\/vestido-de-noiva-rj-casamento-blog-ivanabeaumond-fotorafaramos-1024x682.jpg 1024w, https:\/\/www.ivanabeaumond.com.br\/vestidos-noiva\/wp-content\/uploads\/2017\/09\/vestido-de-noiva-rj-casamento-blog-ivanabeaumond-fotorafaramos-480x320.jpg 480w\" sizes=\"(max-width: 350px) 100vw, 350px\" \/><\/a><\/span><\/h4>\n<h4 style=\"text-align: justify;\"><span style=\"color: #999999;\">Casar \u00e9 uma experi\u00eancia incr\u00edvel, inclusive o casamento civil! Organizar a cerim\u00f4nia e a festa \u00e9 t\u00e3o empolgante que algumas vezes deixamos a parte burocr\u00e1tica para a \u00faltima hora. Mas essa burocracia, o casamento civil, \u00e9 uma parte essencial que tamb\u00e9m pode ser um momento muito especial, pois \u00e9 ali que os noivos assumem um compromisso perante a justi\u00e7a, revelando o desejo de construir uma fam\u00edlia.<\/span><\/h4>\n<p>&nbsp;<\/p>\n<h4 style=\"text-align: justify;\"><span style=\"color: #999999;\">Ent\u00e3o, quando come\u00e7amos a pensar sobre o casamento civil sempre v\u00eam muitas d\u00favidas, n\u00e3o sabemos muito por onde come\u00e7ar, e acabamos perdendo um pouco de tempo. Quais s\u00e3o as possibilidades? Quanto tempo antes da cerim\u00f4nia religiosa? Quem precisa ir ao cart\u00f3rio?<\/span><\/h4>\n<h4 style=\"text-align: justify;\"><span style=\"color: #999999;\">Para ir ao cart\u00f3rio \u00e9 legal os noivos terem decidido previamente como ser\u00e1 o casamento civil. Mas em todas as formas, precisar\u00e3o estar presentes os noivos e os dois ou mais padrinhos.<\/span><\/h4>\n<h4 style=\"text-align: justify;\"><span style=\"color: #999999;\">Existem 4 modos de realizar o casamento civil:<\/span><\/h4>\n<h4 style=\"text-align: justify;\"><span style=\"color: #999999;\">*Casamento no cart\u00f3rio: \u00e9 aquele que \u00e9 celebrado no pr\u00f3prio cart\u00f3rio, pelo juiz e o escrevente.<\/span><\/h4>\n<h4 style=\"text-align: justify;\"><span style=\"color: #999999;\">*Casamento religioso com efeito civil: para n\u00f3s \u00e9 a mais linda das op\u00e7\u00f5es, pois \u00e9 a autoridade religiosa que o casal escolheu para fazer a cerim\u00f4nia que faz esse processo, dentro da pr\u00f3pria cerim\u00f4nia.<\/span><\/h4>\n<p>&nbsp;<\/p>\n<p><span style=\"color: #ffffff;\">&#8211;<\/span><\/p>\n<p><span style=\"color: #ffffff;\">&#8211;<\/span><\/p>\n<p><span style=\"color: #ffffff;\">&#8211;<\/span><\/p>\n<h4 style=\"text-align: justify;\"><em><span style=\"color: #999999;\">Separamos tamb\u00e9m aqui alguns modelos de vestidos exclusivos Colletion by Ivana Beaumond para voc\u00ea noiva:<\/span><\/em><\/h4>\n<p style=\"text-align: justify;\"><a href=\"http:\/\/www.ivanabeaumond.com.br\/vestidos-noiva\/wp-content\/uploads\/2017\/09\/vestido-de-noiva-rj-casamento-blog-ivanabeaumond-2018_PANDORA_ROSA_CLARA_COUTURE_3.jpg\"><img decoding=\"async\" loading=\"lazy\" class=\" wp-image-13649 aligncenter\" src=\"http:\/\/www.ivanabeaumond.com.br\/vestidos-noiva\/wp-content\/uploads\/2017\/09\/vestido-de-noiva-rj-casamento-blog-ivanabeaumond-2018_PANDORA_ROSA_CLARA_COUTURE_3.jpg\" alt=\"vestido-de-noiva-rj-casamento-blog-ivanabeaumond-2018_PANDORA_ROSA_CLARA_COUTURE_3\" width=\"600\" height=\"750\" srcset=\"https:\/\/www.ivanabeaumond.com.br\/vestidos-noiva\/wp-content\/uploads\/2017\/09\/vestido-de-noiva-rj-casamento-blog-ivanabeaumond-2018_PANDORA_ROSA_CLARA_COUTURE_3.jpg 1536w, https:\/\/www.ivanabeaumond.com.br\/vestidos-noiva\/wp-content\/uploads\/2017\/09\/vestido-de-noiva-rj-casamento-blog-ivanabeaumond-2018_PANDORA_ROSA_CLARA_COUTURE_3-240x300.jpg 240w, https:\/\/www.ivanabeaumond.com.br\/vestidos-noiva\/wp-content\/uploads\/2017\/09\/vestido-de-noiva-rj-casamento-blog-ivanabeaumond-2018_PANDORA_ROSA_CLARA_COUTURE_3-819x1024.jpg 819w\" sizes=\"(max-width: 600px) 100vw, 600px\" \/><\/a>\u00a0\u00a0 <a href=\"http:\/\/www.ivanabeaumond.com.br\/vestidos-noiva\/wp-content\/uploads\/2017\/09\/vestido-de-noiva-rj-casamento-blog-ivanabeaumond-9C112_MAEVA_B_0030.jpg\"><img decoding=\"async\" loading=\"lazy\" class=\" wp-image-13646 aligncenter\" src=\"http:\/\/www.ivanabeaumond.com.br\/vestidos-noiva\/wp-content\/uploads\/2017\/09\/vestido-de-noiva-rj-casamento-blog-ivanabeaumond-9C112_MAEVA_B_0030.jpg\" alt=\"vestido-de-noiva-rj-casamento-blog-ivanabeaumond-9C112_MAEVA_B_0030\" width=\"600\" height=\"774\" srcset=\"https:\/\/www.ivanabeaumond.com.br\/vestidos-noiva\/wp-content\/uploads\/2017\/09\/vestido-de-noiva-rj-casamento-blog-ivanabeaumond-9C112_MAEVA_B_0030.jpg 703w, https:\/\/www.ivanabeaumond.com.br\/vestidos-noiva\/wp-content\/uploads\/2017\/09\/vestido-de-noiva-rj-casamento-blog-ivanabeaumond-9C112_MAEVA_B_0030-233x300.jpg 233w\" sizes=\"(max-width: 600px) 100vw, 600px\" \/><\/a> <a href=\"http:\/\/www.ivanabeaumond.com.br\/vestidos-noiva\/wp-content\/uploads\/2017\/09\/vestido-de-noiva-rj-casamento-blog-ivanabeaumond.jpg\"><img decoding=\"async\" loading=\"lazy\" class=\" wp-image-13642 aligncenter\" src=\"http:\/\/www.ivanabeaumond.com.br\/vestidos-noiva\/wp-content\/uploads\/2017\/09\/vestido-de-noiva-rj-casamento-blog-ivanabeaumond.jpg\" alt=\"vestido-de-noiva-rj-casamento-blog-ivanabeaumond\" width=\"600\" height=\"774\" srcset=\"https:\/\/www.ivanabeaumond.com.br\/vestidos-noiva\/wp-content\/uploads\/2017\/09\/vestido-de-noiva-rj-casamento-blog-ivanabeaumond.jpg 703w, https:\/\/www.ivanabeaumond.com.br\/vestidos-noiva\/wp-content\/uploads\/2017\/09\/vestido-de-noiva-rj-casamento-blog-ivanabeaumond-233x300.jpg 233w\" sizes=\"(max-width: 600px) 100vw, 600px\" \/><\/a>\u00a0 <a href=\"http:\/\/www.ivanabeaumond.com.br\/vestidos-noiva\/wp-content\/uploads\/2017\/09\/vestido-de-noiva-rj-casamento-blog-ivanabeaumond-9C100_MABEL_A_0007.jpg\"><img decoding=\"async\" loading=\"lazy\" class=\" wp-image-13644 aligncenter\" src=\"http:\/\/www.ivanabeaumond.com.br\/vestidos-noiva\/wp-content\/uploads\/2017\/09\/vestido-de-noiva-rj-casamento-blog-ivanabeaumond-9C100_MABEL_A_0007.jpg\" alt=\"vestido-de-noiva-rj-casamento-blog-ivanabeaumond-9C100_MABEL_A_0007\" width=\"600\" height=\"774\" srcset=\"https:\/\/www.ivanabeaumond.com.br\/vestidos-noiva\/wp-content\/uploads\/2017\/09\/vestido-de-noiva-rj-casamento-blog-ivanabeaumond-9C100_MABEL_A_0007.jpg 703w, https:\/\/www.ivanabeaumond.com.br\/vestidos-noiva\/wp-content\/uploads\/2017\/09\/vestido-de-noiva-rj-casamento-blog-ivanabeaumond-9C100_MABEL_A_0007-233x300.jpg 233w\" sizes=\"(max-width: 600px) 100vw, 600px\" \/><\/a><\/p>\n<h4 style=\"text-align: justify;\"><span style=\"color: #999999;\">Os noivos devem comparecer no cart\u00f3rio junto com as duas testemunhas, com os documentos e um requerimento da igreja falando que o casamento ser\u00e1 com efeito civil assinado e reconhecido pelo celebrante. Ent\u00e3o, o cart\u00f3rio emitir\u00e1 a Certid\u00e3o de Habilita\u00e7\u00e3o que os noivos devem levar ao celebrante antes do casamento, para que ele fa\u00e7a o Termo de Religioso com Efeito Civil. Depois do casamento, os noivos precisam levar em at\u00e9 90 dias esse \u00faltimo documento no cart\u00f3rio para registrar o casamento.<\/span><\/h4>\n<h4 style=\"text-align: justify;\"><span style=\"color: #999999;\">Nesse caso os noivos podem tamb\u00e9m casar primeiro no religioso e depois registrar no civil.<\/span><\/h4>\n","protected":false},"excerpt":{"rendered":"<p>Casar \u00e9 uma experi\u00eancia incr\u00edvel, inclusive o casamento civil! Organizar&#8230;<\/p>\n","protected":false},"author":4,"featured_media":13520,"comment_status":"open","ping_status":"open","sticky":false,"template":"","format":"standard","meta":[],"categories":[127],"tags":[159,131,96,161,156,160,99,162,157,163,158,115],"yoast_head":"<!-- This site is optimized with the Yoast SEO plugin v20.3 - https:\/\/yoast.com\/wordpress\/plugins\/seo\/ -->\n<title>Casamento no civil, tudo o que os noivos precisam saber... - Vestido de Noiva RJ<\/title>\n<meta name=\"robots\" content=\"index, follow, max-snippet:-1, max-image-preview:large, max-video-preview:-1\" \/>\n<link rel=\"canonical\" href=\"https:\/\/www.ivanabeaumond.com.br\/vestidos-noiva\/tudo-o-que-nas-noivas-precisam-saber-sobre-o-casamento-no-civil\/\" \/>\n<meta property=\"og:locale\" content=\"pt_BR\" \/>\n<meta property=\"og:type\" content=\"article\" \/>\n<meta property=\"og:title\" content=\"Casamento no civil, tudo o que os noivos precisam saber... - Vestido de Noiva RJ\" \/>\n<meta property=\"og:description\" content=\"Casar \u00e9 uma experi\u00eancia incr\u00edvel, inclusive o casamento civil! Organizar...\" \/>\n<meta property=\"og:url\" content=\"https:\/\/www.ivanabeaumond.com.br\/vestidos-noiva\/tudo-o-que-nas-noivas-precisam-saber-sobre-o-casamento-no-civil\/\" \/>\n<meta property=\"og:site_name\" content=\"Vestido de Noiva RJ\" \/>\n<meta property=\"article:publisher\" content=\"https:\/\/www.facebook.com\/ivana.beaumondnoivas\" \/>\n<meta property=\"article:published_time\" content=\"2017-09-19T19:01:47+00:00\" \/>\n<meta property=\"article:modified_time\" content=\"2017-10-23T17:22:22+00:00\" \/>\n<meta property=\"og:image\" content=\"https:\/\/www.ivanabeaumond.com.br\/vestidos-noiva\/wp-content\/uploads\/2017\/09\/Casamento-Civil-Primeiros-Passos.jpg\" \/>\n\t<meta property=\"og:image:width\" content=\"800\" \/>\n\t<meta property=\"og:image:height\" content=\"600\" \/>\n\t<meta property=\"og:image:type\" content=\"image\/jpeg\" \/>\n<meta name=\"author\" content=\"Ivana Beaumond Paris\" \/>\n<meta name=\"twitter:card\" content=\"summary_large_image\" \/>\n<meta name=\"twitter:label1\" content=\"Escrito por\" \/>\n\t<meta name=\"twitter:data1\" content=\"Ivana Beaumond Paris\" \/>\n\t<meta name=\"twitter:label2\" content=\"Est. tempo de leitura\" \/>\n\t<meta name=\"twitter:data2\" content=\"2 minutos\" \/>\n<script type=\"application\/ld+json\" class=\"yoast-schema-graph\">{\"@context\":\"https:\/\/schema.org\",\"@graph\":[{\"@type\":\"Article\",\"@id\":\"https:\/\/www.ivanabeaumond.com.br\/vestidos-noiva\/tudo-o-que-nas-noivas-precisam-saber-sobre-o-casamento-no-civil\/#article\",\"isPartOf\":{\"@id\":\"https:\/\/www.ivanabeaumond.com.br\/vestidos-noiva\/tudo-o-que-nas-noivas-precisam-saber-sobre-o-casamento-no-civil\/\"},\"author\":{\"name\":\"Ivana Beaumond Paris\",\"@id\":\"https:\/\/www.ivanabeaumond.com.br\/vestidos-noiva\/#\/schema\/person\/1a360c4cffa3b806d29a456389dcff26\"},\"headline\":\"Casamento no civil, tudo o que os noivos precisam saber&#8230;\",\"datePublished\":\"2017-09-19T19:01:47+00:00\",\"dateModified\":\"2017-10-23T17:22:22+00:00\",\"mainEntityOfPage\":{\"@id\":\"https:\/\/www.ivanabeaumond.com.br\/vestidos-noiva\/tudo-o-que-nas-noivas-precisam-saber-sobre-o-casamento-no-civil\/\"},\"wordCount\":348,\"commentCount\":0,\"publisher\":{\"@id\":\"https:\/\/www.ivanabeaumond.com.br\/vestidos-noiva\/#organization\"},\"keywords\":[\"alian\u00e7as\",\"aluguel de roupas\",\"casamento\",\"casamento blindado\",\"casamento no civil\",\"daminhas\",\"felicidade\",\"festas\",\"noiva e noivo\",\"sob medida\",\"traje de noivo\",\"vestido de noiva\"],\"articleSection\":[\"Dicas e Truques\"],\"inLanguage\":\"pt-BR\",\"potentialAction\":[{\"@type\":\"CommentAction\",\"name\":\"Comment\",\"target\":[\"https:\/\/www.ivanabeaumond.com.br\/vestidos-noiva\/tudo-o-que-nas-noivas-precisam-saber-sobre-o-casamento-no-civil\/#respond\"]}]},{\"@type\":\"WebPage\",\"@id\":\"https:\/\/www.ivanabeaumond.com.br\/vestidos-noiva\/tudo-o-que-nas-noivas-precisam-saber-sobre-o-casamento-no-civil\/\",\"url\":\"https:\/\/www.ivanabeaumond.com.br\/vestidos-noiva\/tudo-o-que-nas-noivas-precisam-saber-sobre-o-casamento-no-civil\/\",\"name\":\"Casamento no civil, tudo o que os noivos precisam saber... - Vestido de Noiva RJ\",\"isPartOf\":{\"@id\":\"https:\/\/www.ivanabeaumond.com.br\/vestidos-noiva\/#website\"},\"datePublished\":\"2017-09-19T19:01:47+00:00\",\"dateModified\":\"2017-10-23T17:22:22+00:00\",\"breadcrumb\":{\"@id\":\"https:\/\/www.ivanabeaumond.com.br\/vestidos-noiva\/tudo-o-que-nas-noivas-precisam-saber-sobre-o-casamento-no-civil\/#breadcrumb\"},\"inLanguage\":\"pt-BR\",\"potentialAction\":[{\"@type\":\"ReadAction\",\"target\":[\"https:\/\/www.ivanabeaumond.com.br\/vestidos-noiva\/tudo-o-que-nas-noivas-precisam-saber-sobre-o-casamento-no-civil\/\"]}]},{\"@type\":\"BreadcrumbList\",\"@id\":\"https:\/\/www.ivanabeaumond.com.br\/vestidos-noiva\/tudo-o-que-nas-noivas-precisam-saber-sobre-o-casamento-no-civil\/#breadcrumb\",\"itemListElement\":[{\"@type\":\"ListItem\",\"position\":1,\"name\":\"In\u00edcio\",\"item\":\"https:\/\/www.ivanabeaumond.com.br\/vestidos-noiva\/\"},{\"@type\":\"ListItem\",\"position\":2,\"name\":\"Casamento no civil, tudo o que os noivos precisam saber&#8230;\"}]},{\"@type\":\"WebSite\",\"@id\":\"https:\/\/www.ivanabeaumond.com.br\/vestidos-noiva\/#website\",\"url\":\"https:\/\/www.ivanabeaumond.com.br\/vestidos-noiva\/\",\"name\":\"Vestido de Noiva RJ\",\"description\":\"Moda Noiva\",\"publisher\":{\"@id\":\"https:\/\/www.ivanabeaumond.com.br\/vestidos-noiva\/#organization\"},\"potentialAction\":[{\"@type\":\"SearchAction\",\"target\":{\"@type\":\"EntryPoint\",\"urlTemplate\":\"https:\/\/www.ivanabeaumond.com.br\/vestidos-noiva\/?s={search_term_string}\"},\"query-input\":\"required name=search_term_string\"}],\"inLanguage\":\"pt-BR\"},{\"@type\":\"Organization\",\"@id\":\"https:\/\/www.ivanabeaumond.com.br\/vestidos-noiva\/#organization\",\"name\":\"Vestido de Noiva RJ\",\"url\":\"https:\/\/www.ivanabeaumond.com.br\/vestidos-noiva\/\",\"logo\":{\"@type\":\"ImageObject\",\"inLanguage\":\"pt-BR\",\"@id\":\"https:\/\/www.ivanabeaumond.com.br\/vestidos-noiva\/#\/schema\/logo\/image\/\",\"url\":\"https:\/\/www.ivanabeaumond.com.br\/vestidos-noiva\/wp-content\/uploads\/2018\/02\/logo_ivana_beaumond-2.png\",\"contentUrl\":\"https:\/\/www.ivanabeaumond.com.br\/vestidos-noiva\/wp-content\/uploads\/2018\/02\/logo_ivana_beaumond-2.png\",\"width\":230,\"height\":112,\"caption\":\"Vestido de Noiva RJ\"},\"image\":{\"@id\":\"https:\/\/www.ivanabeaumond.com.br\/vestidos-noiva\/#\/schema\/logo\/image\/\"},\"sameAs\":[\"https:\/\/www.facebook.com\/ivana.beaumondnoivas\",\"https:\/\/www.instagram.com\/ivanabeaumond\/\",\"https:\/\/www.tiktok.com\/@ivanabeaumond\"]},{\"@type\":\"Person\",\"@id\":\"https:\/\/www.ivanabeaumond.com.br\/vestidos-noiva\/#\/schema\/person\/1a360c4cffa3b806d29a456389dcff26\",\"name\":\"Ivana Beaumond Paris\",\"image\":{\"@type\":\"ImageObject\",\"inLanguage\":\"pt-BR\",\"@id\":\"https:\/\/www.ivanabeaumond.com.br\/vestidos-noiva\/#\/schema\/person\/image\/\",\"url\":\"https:\/\/secure.gravatar.com\/avatar\/641f98db20b53ec937ceb641db4270b9?s=96&d=mm&r=g\",\"contentUrl\":\"https:\/\/secure.gravatar.com\/avatar\/641f98db20b53ec937ceb641db4270b9?s=96&d=mm&r=g\",\"caption\":\"Ivana Beaumond Paris\"},\"url\":\"https:\/\/www.ivanabeaumond.com.br\/vestidos-noiva\/author\/ivana\/\"}]}<\/script>\n<!-- \/ Yoast SEO plugin. -->","yoast_head_json":{"title":"Casamento no civil, tudo o que os noivos precisam saber... - Vestido de Noiva RJ","robots":{"index":"index","follow":"follow","max-snippet":"max-snippet:-1","max-image-preview":"max-image-preview:large","max-video-preview":"max-video-preview:-1"},"canonical":"https:\/\/www.ivanabeaumond.com.br\/vestidos-noiva\/tudo-o-que-nas-noivas-precisam-saber-sobre-o-casamento-no-civil\/","og_locale":"pt_BR","og_type":"article","og_title":"Casamento no civil, tudo o que os noivos precisam saber... - Vestido de Noiva RJ","og_description":"Casar \u00e9 uma experi\u00eancia incr\u00edvel, inclusive o casamento civil! Organizar...","og_url":"https:\/\/www.ivanabeaumond.com.br\/vestidos-noiva\/tudo-o-que-nas-noivas-precisam-saber-sobre-o-casamento-no-civil\/","og_site_name":"Vestido de Noiva RJ","article_publisher":"https:\/\/www.facebook.com\/ivana.beaumondnoivas","article_published_time":"2017-09-19T19:01:47+00:00","article_modified_time":"2017-10-23T17:22:22+00:00","og_image":[{"width":800,"height":600,"url":"https:\/\/www.ivanabeaumond.com.br\/vestidos-noiva\/wp-content\/uploads\/2017\/09\/Casamento-Civil-Primeiros-Passos.jpg","type":"image\/jpeg"}],"author":"Ivana Beaumond Paris","twitter_card":"summary_large_image","twitter_misc":{"Escrito por":"Ivana Beaumond Paris","Est. tempo de leitura":"2 minutos"},"schema":{"@context":"https:\/\/schema.org","@graph":[{"@type":"Article","@id":"https:\/\/www.ivanabeaumond.com.br\/vestidos-noiva\/tudo-o-que-nas-noivas-precisam-saber-sobre-o-casamento-no-civil\/#article","isPartOf":{"@id":"https:\/\/www.ivanabeaumond.com.br\/vestidos-noiva\/tudo-o-que-nas-noivas-precisam-saber-sobre-o-casamento-no-civil\/"},"author":{"name":"Ivana Beaumond Paris","@id":"https:\/\/www.ivanabeaumond.com.br\/vestidos-noiva\/#\/schema\/person\/1a360c4cffa3b806d29a456389dcff26"},"headline":"Casamento no civil, tudo o que os noivos precisam saber&#8230;","datePublished":"2017-09-19T19:01:47+00:00","dateModified":"2017-10-23T17:22:22+00:00","mainEntityOfPage":{"@id":"https:\/\/www.ivanabeaumond.com.br\/vestidos-noiva\/tudo-o-que-nas-noivas-precisam-saber-sobre-o-casamento-no-civil\/"},"wordCount":348,"commentCount":0,"publisher":{"@id":"https:\/\/www.ivanabeaumond.com.br\/vestidos-noiva\/#organization"},"keywords":["alian\u00e7as","aluguel de roupas","casamento","casamento blindado","casamento no civil","daminhas","felicidade","festas","noiva e noivo","sob medida","traje de noivo","vestido de noiva"],"articleSection":["Dicas e Truques"],"inLanguage":"pt-BR","potentialAction":[{"@type":"CommentAction","name":"Comment","target":["https:\/\/www.ivanabeaumond.com.br\/vestidos-noiva\/tudo-o-que-nas-noivas-precisam-saber-sobre-o-casamento-no-civil\/#respond"]}]},{"@type":"WebPage","@id":"https:\/\/www.ivanabeaumond.com.br\/vestidos-noiva\/tudo-o-que-nas-noivas-precisam-saber-sobre-o-casamento-no-civil\/","url":"https:\/\/www.ivanabeaumond.com.br\/vestidos-noiva\/tudo-o-que-nas-noivas-precisam-saber-sobre-o-casamento-no-civil\/","name":"Casamento no civil, tudo o que os noivos precisam saber... - Vestido de Noiva RJ","isPartOf":{"@id":"https:\/\/www.ivanabeaumond.com.br\/vestidos-noiva\/#website"},"datePublished":"2017-09-19T19:01:47+00:00","dateModified":"2017-10-23T17:22:22+00:00","breadcrumb":{"@id":"https:\/\/www.ivanabeaumond.com.br\/vestidos-noiva\/tudo-o-que-nas-noivas-precisam-saber-sobre-o-casamento-no-civil\/#breadcrumb"},"inLanguage":"pt-BR","potentialAction":[{"@type":"ReadAction","target":["https:\/\/www.ivanabeaumond.com.br\/vestidos-noiva\/tudo-o-que-nas-noivas-precisam-saber-sobre-o-casamento-no-civil\/"]}]},{"@type":"BreadcrumbList","@id":"https:\/\/www.ivanabeaumond.com.br\/vestidos-noiva\/tudo-o-que-nas-noivas-precisam-saber-sobre-o-casamento-no-civil\/#breadcrumb","itemListElement":[{"@type":"ListItem","position":1,"name":"In\u00edcio","item":"https:\/\/www.ivanabeaumond.com.br\/vestidos-noiva\/"},{"@type":"ListItem","position":2,"name":"Casamento no civil, tudo o que os noivos precisam saber&#8230;"}]},{"@type":"WebSite","@id":"https:\/\/www.ivanabeaumond.com.br\/vestidos-noiva\/#website","url":"https:\/\/www.ivanabeaumond.com.br\/vestidos-noiva\/","name":"Vestido de Noiva RJ","description":"Moda Noiva","publisher":{"@id":"https:\/\/www.ivanabeaumond.com.br\/vestidos-noiva\/#organization"},"potentialAction":[{"@type":"SearchAction","target":{"@type":"EntryPoint","urlTemplate":"https:\/\/www.ivanabeaumond.com.br\/vestidos-noiva\/?s={search_term_string}"},"query-input":"required name=search_term_string"}],"inLanguage":"pt-BR"},{"@type":"Organization","@id":"https:\/\/www.ivanabeaumond.com.br\/vestidos-noiva\/#organization","name":"Vestido de Noiva RJ","url":"https:\/\/www.ivanabeaumond.com.br\/vestidos-noiva\/","logo":{"@type":"ImageObject","inLanguage":"pt-BR","@id":"https:\/\/www.ivanabeaumond.com.br\/vestidos-noiva\/#\/schema\/logo\/image\/","url":"https:\/\/www.ivanabeaumond.com.br\/vestidos-noiva\/wp-content\/uploads\/2018\/02\/logo_ivana_beaumond-2.png","contentUrl":"https:\/\/www.ivanabeaumond.com.br\/vestidos-noiva\/wp-content\/uploads\/2018\/02\/logo_ivana_beaumond-2.png","width":230,"height":112,"caption":"Vestido de Noiva RJ"},"image":{"@id":"https:\/\/www.ivanabeaumond.com.br\/vestidos-noiva\/#\/schema\/logo\/image\/"},"sameAs":["https:\/\/www.facebook.com\/ivana.beaumondnoivas","https:\/\/www.instagram.com\/ivanabeaumond\/","https:\/\/www.tiktok.com\/@ivanabeaumond"]},{"@type":"Person","@id":"https:\/\/www.ivanabeaumond.com.br\/vestidos-noiva\/#\/schema\/person\/1a360c4cffa3b806d29a456389dcff26","name":"Ivana Beaumond Paris","image":{"@type":"ImageObject","inLanguage":"pt-BR","@id":"https:\/\/www.ivanabeaumond.com.br\/vestidos-noiva\/#\/schema\/person\/image\/","url":"https:\/\/secure.gravatar.com\/avatar\/641f98db20b53ec937ceb641db4270b9?s=96&d=mm&r=g","contentUrl":"https:\/\/secure.gravatar.com\/avatar\/641f98db20b53ec937ceb641db4270b9?s=96&d=mm&r=g","caption":"Ivana Beaumond Paris"},"url":"https:\/\/www.ivanabeaumond.com.br\/vestidos-noiva\/author\/ivana\/"}]}},"_links":{"self":[{"href":"https:\/\/www.ivanabeaumond.com.br\/vestidos-noiva\/wp-json\/wp\/v2\/posts\/13518"}],"collection":[{"href":"https:\/\/www.ivanabeaumond.com.br\/vestidos-noiva\/wp-json\/wp\/v2\/posts"}],"about":[{"href":"https:\/\/www.ivanabeaumond.com.br\/vestidos-noiva\/wp-json\/wp\/v2\/types\/post"}],"author":[{"embeddable":true,"href":"https:\/\/www.ivanabeaumond.com.br\/vestidos-noiva\/wp-json\/wp\/v2\/users\/4"}],"replies":[{"embeddable":true,"href":"https:\/\/www.ivanabeaumond.com.br\/vestidos-noiva\/wp-json\/wp\/v2\/comments?post=13518"}],"version-history":[{"count":9,"href":"https:\/\/www.ivanabeaumond.com.br\/vestidos-noiva\/wp-json\/wp\/v2\/posts\/13518\/revisions"}],"predecessor-version":[{"id":13664,"href":"https:\/\/www.ivanabeaumond.com.br\/vestidos-noiva\/wp-json\/wp\/v2\/posts\/13518\/revisions\/13664"}],"wp:featuredmedia":[{"embeddable":true,"href":"https:\/\/www.ivanabeaumond.com.br\/vestidos-noiva\/wp-json\/wp\/v2\/media\/13520"}],"wp:attachment":[{"href":"https:\/\/www.ivanabeaumond.com.br\/vestidos-noiva\/wp-json\/wp\/v2\/media?parent=13518"}],"wp:term":[{"taxonomy":"category","embeddable":true,"href":"https:\/\/www.ivanabeaumond.com.br\/vestidos-noiva\/wp-json\/wp\/v2\/categories?post=13518"},{"taxonomy":"post_tag","embeddable":true,"href":"https:\/\/www.ivanabeaumond.com.br\/vestidos-noiva\/wp-json\/wp\/v2\/tags?post=13518"}],"curies":[{"name":"wp","href":"https:\/\/api.w.org\/{rel}","templated":true}]}}