{"id":13588,"date":"2017-10-06T13:26:48","date_gmt":"2017-10-06T16:26:48","guid":{"rendered":"http:\/\/www.ivanabeaumond.com.br\/vestidos-noiva\/?p=13588"},"modified":"2017-10-23T15:16:20","modified_gmt":"2017-10-23T17:16:20","slug":"os-encantos-de-paris-com-ivana-beaumond","status":"publish","type":"post","link":"https:\/\/www.ivanabeaumond.com.br\/vestidos-noiva\/os-encantos-de-paris-com-ivana-beaumond\/","title":{"rendered":"Os encantos de Paris com Ivana Beaumond&#8230;"},"content":{"rendered":"<div class=\"row\">\n<div id=\"post-area\" class=\"col span_9\">\n<article id=\"post-7242\" class=\"regular post-7242 post type-post status-publish format-standard has-post-thumbnail hentry category-dicas\">\n<div class=\"inner-wrap animated\">\n<div class=\"post-content\">\n<div class=\"content-inner\">\n<h4 style=\"text-align: justify;\"><em><span style=\"color: #999999;\">Como sempre digo, sou suspeita para falar de Paris. Tenho uma <a style=\"color: #999999;\" href=\"http:\/\/www.ivanabeaumond.com.br\/vestidos-noiva\/wp-content\/uploads\/2017\/09\/vestido-de-noiva-rj-paris-blog-ivanabeaumond.jpg\"><img decoding=\"async\" loading=\"lazy\" class=\" size-full wp-image-13631 alignright\" src=\"http:\/\/www.ivanabeaumond.com.br\/vestidos-noiva\/wp-content\/uploads\/2017\/09\/vestido-de-noiva-rj-paris-blog-ivanabeaumond.jpg\" alt=\"vestido-de-noiva-rj-paris-blog-ivanabeaumond\" width=\"300\" height=\"225\" \/><\/a>conex\u00e3o muito forte com o lugar. Embora tenha tido a oportunidade de explorar bem a cidade, ainda acho que n\u00e3o a explorei o suficiente\u2026 Como muitas noivas me pedem dicas de Paris, aos poucos vou colocando sugest\u00f5es dessa cidade linda aqui no blog. Hoje, vou falar do: Le Marais (se pronuncia L\u00ea Marr\u00e9) bairro judeu e muito cool! O local tem como caracter\u00edsticas as ruazinhas charmosas, lojas interessantes e restaurantes maravilhosos!\u00a0Ele fica bem localizado, ent\u00e3o se hospedar por l\u00e1 \u00e9 viver a rotina intimista parisiense na sua ess\u00eancia, o que permite uma experi\u00eancia mais local e menos tur\u00edstica. O\u00a0hotel\u00a0que eu indico \u00e9 o Emile, bem pequeno, estilo hotel boutique, aconchegante e no centro do\u00a0Marais. <a style=\"color: #999999;\" href=\"http:\/\/hotelemile.com\/pt\/\">http:\/\/hotelemile.com\/pt\/<\/a><\/span><\/em><\/h4>\n<p><span style=\"color: #ffffff;\">\u00a0&#8211;<\/span><\/p>\n<p><span style=\"color: #ffffff;\">&#8211;<\/span><\/p>\n<p><span style=\"color: #ffffff;\">&#8211;<\/span><\/p>\n<h4 style=\"text-align: justify;\"><em><span style=\"color: #999999;\">A gra\u00e7a do bairro \u00e9 poder se perder pelas ruas, qualquer loja ou restaurante que voc\u00ea entrar ser\u00e1 uma \u00f3tima experi\u00eancia. Tem pequenas galerias de arte encantadoras, tem o\u00a0<span style=\"text-decoration: underline;\">museu do Picasso<\/span>\u00a0no bairro, \u00a0que conta sobre a vida do artista. Minha sugest\u00e3o \u00e9 que voc\u00ea separe um dia da sua viagem e v\u00e1 bater perna por l\u00e1.<\/span><\/em><\/h4>\n<h4 style=\"text-align: justify;\"><em><span style=\"color: #999999;\">&#8211;<\/span><\/em><\/h4>\n<h4 style=\"text-align: justify;\"><em><span style=\"color: #999999;\">&#8211;<br \/>\n<\/span><span style=\"color: #999999;\"> Algumas fotos que tirei nesse lugar incr\u00edvel que amei e estou doida para voltar logo&#8230;<\/span><span style=\"color: #999999;\"><br \/>\n<\/span><\/em><\/h4>\n<div id=\"attachment_13779\" style=\"width: 910px\" class=\"wp-caption aligncenter\"><a style=\"color: #999999;\" href=\"http:\/\/www.ivanabeaumond.com.br\/vestidos-noiva\/wp-content\/uploads\/2017\/09\/vestido-de-noiva-rj-paris-blog-ivanabeaumond15.jpg\"><img aria-describedby=\"caption-attachment-13779\" decoding=\"async\" loading=\"lazy\" class=\"wp-image-13779\" src=\"http:\/\/www.ivanabeaumond.com.br\/vestidos-noiva\/wp-content\/uploads\/2017\/09\/vestido-de-noiva-rj-paris-blog-ivanabeaumond15.jpg\" alt=\"vestido-de-noiva-rj-paris-blog-ivanabeaumond15\" width=\"900\" height=\"560\" srcset=\"https:\/\/www.ivanabeaumond.com.br\/vestidos-noiva\/wp-content\/uploads\/2017\/09\/vestido-de-noiva-rj-paris-blog-ivanabeaumond15.jpg 1200w, https:\/\/www.ivanabeaumond.com.br\/vestidos-noiva\/wp-content\/uploads\/2017\/09\/vestido-de-noiva-rj-paris-blog-ivanabeaumond15-300x187.jpg 300w, https:\/\/www.ivanabeaumond.com.br\/vestidos-noiva\/wp-content\/uploads\/2017\/09\/vestido-de-noiva-rj-paris-blog-ivanabeaumond15-1024x637.jpg 1024w\" sizes=\"(max-width: 900px) 100vw, 900px\" \/><\/a><p id=\"caption-attachment-13779\" class=\"wp-caption-text\"><span style=\"color: #999999;\">Os encantos de Paris com Ivana Beaumond<\/span><\/p><\/div>\n<div id=\"attachment_13773\" style=\"width: 910px\" class=\"wp-caption aligncenter\"><a href=\"http:\/\/www.ivanabeaumond.com.br\/vestidos-noiva\/wp-content\/uploads\/2017\/09\/vestido-de-noiva-rj-paris-blog-ivanabeaumond41.jpg\"><img aria-describedby=\"caption-attachment-13773\" decoding=\"async\" loading=\"lazy\" class=\"wp-image-13773\" src=\"http:\/\/www.ivanabeaumond.com.br\/vestidos-noiva\/wp-content\/uploads\/2017\/09\/vestido-de-noiva-rj-paris-blog-ivanabeaumond41.jpg\" alt=\"vestido-de-noiva-rj-paris-blog-ivanabeaumond4\" width=\"900\" height=\"600\" srcset=\"https:\/\/www.ivanabeaumond.com.br\/vestidos-noiva\/wp-content\/uploads\/2017\/09\/vestido-de-noiva-rj-paris-blog-ivanabeaumond41.jpg 1200w, https:\/\/www.ivanabeaumond.com.br\/vestidos-noiva\/wp-content\/uploads\/2017\/09\/vestido-de-noiva-rj-paris-blog-ivanabeaumond41-300x200.jpg 300w, https:\/\/www.ivanabeaumond.com.br\/vestidos-noiva\/wp-content\/uploads\/2017\/09\/vestido-de-noiva-rj-paris-blog-ivanabeaumond41-1024x683.jpg 1024w, https:\/\/www.ivanabeaumond.com.br\/vestidos-noiva\/wp-content\/uploads\/2017\/09\/vestido-de-noiva-rj-paris-blog-ivanabeaumond41-480x320.jpg 480w\" sizes=\"(max-width: 900px) 100vw, 900px\" \/><\/a><p id=\"caption-attachment-13773\" class=\"wp-caption-text\"><span style=\"color: #999999;\">Os encantos de Paris com Ivana Beaumond<\/span><\/p><\/div>\n<div id=\"attachment_13776\" style=\"width: 910px\" class=\"wp-caption aligncenter\"><a href=\"http:\/\/www.ivanabeaumond.com.br\/vestidos-noiva\/wp-content\/uploads\/2017\/09\/vestido-de-noiva-rj-paris-blog-ivanabeaumond11.jpg\"><img aria-describedby=\"caption-attachment-13776\" decoding=\"async\" loading=\"lazy\" class=\"wp-image-13776\" src=\"http:\/\/www.ivanabeaumond.com.br\/vestidos-noiva\/wp-content\/uploads\/2017\/09\/vestido-de-noiva-rj-paris-blog-ivanabeaumond11.jpg\" alt=\"vestido-de-noiva-rj-paris-blog-ivanabeaumond11\" width=\"900\" height=\"634\" srcset=\"https:\/\/www.ivanabeaumond.com.br\/vestidos-noiva\/wp-content\/uploads\/2017\/09\/vestido-de-noiva-rj-paris-blog-ivanabeaumond11.jpg 1200w, https:\/\/www.ivanabeaumond.com.br\/vestidos-noiva\/wp-content\/uploads\/2017\/09\/vestido-de-noiva-rj-paris-blog-ivanabeaumond11-300x211.jpg 300w, https:\/\/www.ivanabeaumond.com.br\/vestidos-noiva\/wp-content\/uploads\/2017\/09\/vestido-de-noiva-rj-paris-blog-ivanabeaumond11-1024x721.jpg 1024w\" sizes=\"(max-width: 900px) 100vw, 900px\" \/><\/a><p id=\"caption-attachment-13776\" class=\"wp-caption-text\"><span style=\"color: #999999;\">Os encantos de Paris com Ivana Beaumond<\/span><\/p><\/div>\n<div id=\"attachment_13775\" style=\"width: 910px\" class=\"wp-caption aligncenter\"><a href=\"http:\/\/www.ivanabeaumond.com.br\/vestidos-noiva\/wp-content\/uploads\/2017\/09\/vestido-de-noiva-rj-paris-blog-ivanabeaumond10.jpg\"><img aria-describedby=\"caption-attachment-13775\" decoding=\"async\" loading=\"lazy\" class=\"wp-image-13775\" src=\"http:\/\/www.ivanabeaumond.com.br\/vestidos-noiva\/wp-content\/uploads\/2017\/09\/vestido-de-noiva-rj-paris-blog-ivanabeaumond10.jpg\" alt=\"vestido-de-noiva-rj-paris-blog-ivanabeaumond10\" width=\"900\" height=\"590\" srcset=\"https:\/\/www.ivanabeaumond.com.br\/vestidos-noiva\/wp-content\/uploads\/2017\/09\/vestido-de-noiva-rj-paris-blog-ivanabeaumond10.jpg 1200w, https:\/\/www.ivanabeaumond.com.br\/vestidos-noiva\/wp-content\/uploads\/2017\/09\/vestido-de-noiva-rj-paris-blog-ivanabeaumond10-300x197.jpg 300w, https:\/\/www.ivanabeaumond.com.br\/vestidos-noiva\/wp-content\/uploads\/2017\/09\/vestido-de-noiva-rj-paris-blog-ivanabeaumond10-1024x672.jpg 1024w\" sizes=\"(max-width: 900px) 100vw, 900px\" \/><\/a><p id=\"caption-attachment-13775\" class=\"wp-caption-text\"><span style=\"color: #999999;\">Os encantos de Paris com Ivana Beaumond<\/span><\/p><\/div>\n<div id=\"attachment_13777\" style=\"width: 910px\" class=\"wp-caption aligncenter\"><a href=\"http:\/\/www.ivanabeaumond.com.br\/vestidos-noiva\/wp-content\/uploads\/2017\/09\/vestido-de-noiva-rj-paris-blog-ivanabeaumond12.jpg\"><img aria-describedby=\"caption-attachment-13777\" decoding=\"async\" loading=\"lazy\" class=\"wp-image-13777\" src=\"http:\/\/www.ivanabeaumond.com.br\/vestidos-noiva\/wp-content\/uploads\/2017\/09\/vestido-de-noiva-rj-paris-blog-ivanabeaumond12.jpg\" alt=\"vestido-de-noiva-rj-paris-blog-ivanabeaumond12\" width=\"900\" height=\"675\" srcset=\"https:\/\/www.ivanabeaumond.com.br\/vestidos-noiva\/wp-content\/uploads\/2017\/09\/vestido-de-noiva-rj-paris-blog-ivanabeaumond12.jpg 1228w, https:\/\/www.ivanabeaumond.com.br\/vestidos-noiva\/wp-content\/uploads\/2017\/09\/vestido-de-noiva-rj-paris-blog-ivanabeaumond12-300x225.jpg 300w, https:\/\/www.ivanabeaumond.com.br\/vestidos-noiva\/wp-content\/uploads\/2017\/09\/vestido-de-noiva-rj-paris-blog-ivanabeaumond12-1024x768.jpg 1024w\" sizes=\"(max-width: 900px) 100vw, 900px\" \/><\/a><p id=\"caption-attachment-13777\" class=\"wp-caption-text\"><span style=\"color: #999999;\">Os encantos de Paris com Ivana Beaumond<\/span><\/p><\/div>\n<div id=\"attachment_13780\" style=\"width: 910px\" class=\"wp-caption aligncenter\"><a href=\"http:\/\/www.ivanabeaumond.com.br\/vestidos-noiva\/wp-content\/uploads\/2017\/09\/vestido-de-noiva-rj-paris-blog-ivanabeaumond16.jpg\"><img aria-describedby=\"caption-attachment-13780\" decoding=\"async\" loading=\"lazy\" class=\"wp-image-13780\" src=\"http:\/\/www.ivanabeaumond.com.br\/vestidos-noiva\/wp-content\/uploads\/2017\/09\/vestido-de-noiva-rj-paris-blog-ivanabeaumond16.jpg\" alt=\"vestido-de-noiva-rj-paris-blog-ivanabeaumond16\" width=\"900\" height=\"515\" \/><\/a><p id=\"caption-attachment-13780\" class=\"wp-caption-text\"><span style=\"color: #999999;\">Os encantos de Paris com Ivana Beaumond<\/span><\/p><\/div>\n<div id=\"attachment_13673\" style=\"width: 910px\" class=\"wp-caption aligncenter\"><a href=\"http:\/\/www.ivanabeaumond.com.br\/vestidos-noiva\/wp-content\/uploads\/2017\/09\/vestido-de-noiva-rj-paris-blog-ivanabeaumond8.jpg\"><img aria-describedby=\"caption-attachment-13673\" decoding=\"async\" loading=\"lazy\" class=\"wp-image-13673\" src=\"http:\/\/www.ivanabeaumond.com.br\/vestidos-noiva\/wp-content\/uploads\/2017\/09\/vestido-de-noiva-rj-paris-blog-ivanabeaumond8.jpg\" alt=\"vestido-de-noiva-rj-paris-blog-ivanabeaumond8\" width=\"900\" height=\"600\" srcset=\"https:\/\/www.ivanabeaumond.com.br\/vestidos-noiva\/wp-content\/uploads\/2017\/09\/vestido-de-noiva-rj-paris-blog-ivanabeaumond8.jpg 1200w, https:\/\/www.ivanabeaumond.com.br\/vestidos-noiva\/wp-content\/uploads\/2017\/09\/vestido-de-noiva-rj-paris-blog-ivanabeaumond8-300x200.jpg 300w, https:\/\/www.ivanabeaumond.com.br\/vestidos-noiva\/wp-content\/uploads\/2017\/09\/vestido-de-noiva-rj-paris-blog-ivanabeaumond8-1024x683.jpg 1024w, https:\/\/www.ivanabeaumond.com.br\/vestidos-noiva\/wp-content\/uploads\/2017\/09\/vestido-de-noiva-rj-paris-blog-ivanabeaumond8-480x320.jpg 480w\" sizes=\"(max-width: 900px) 100vw, 900px\" \/><\/a><p id=\"caption-attachment-13673\" class=\"wp-caption-text\"><span style=\"color: #999999;\">Os encantos de Paris com Ivana Beaumond.<\/span><\/p><\/div>\n<p>&nbsp;<\/p>\n<h4>\u00a0<em><span style=\"color: #999999;\">Confira mais em nosso instagram @ivanabeaumond<\/span><\/em><\/h4>\n<\/div>\n<\/div>\n<\/div>\n<\/article>\n<\/div>\n<\/div>\n","protected":false},"excerpt":{"rendered":"<p>Como sempre digo, sou suspeita para falar de Paris. Tenho&#8230;<\/p>\n","protected":false},"author":4,"featured_media":13780,"comment_status":"open","ping_status":"open","sticky":false,"template":"","format":"standard","meta":[],"categories":[128],"tags":[159,131,96,161,156,160,99,162,157,163,158,115],"yoast_head":"<!-- This site is optimized with the Yoast SEO plugin v20.3 - https:\/\/yoast.com\/wordpress\/plugins\/seo\/ -->\n<title>Os encantos de Paris com Ivana Beaumond... - Vestido de Noiva RJ<\/title>\n<meta name=\"robots\" content=\"index, follow, max-snippet:-1, max-image-preview:large, max-video-preview:-1\" \/>\n<link rel=\"canonical\" href=\"https:\/\/www.ivanabeaumond.com.br\/vestidos-noiva\/os-encantos-de-paris-com-ivana-beaumond\/\" \/>\n<meta property=\"og:locale\" content=\"pt_BR\" \/>\n<meta property=\"og:type\" content=\"article\" \/>\n<meta property=\"og:title\" content=\"Os encantos de Paris com Ivana Beaumond... - Vestido de Noiva RJ\" \/>\n<meta property=\"og:description\" content=\"Como sempre digo, sou suspeita para falar de Paris. Tenho...\" \/>\n<meta property=\"og:url\" content=\"https:\/\/www.ivanabeaumond.com.br\/vestidos-noiva\/os-encantos-de-paris-com-ivana-beaumond\/\" \/>\n<meta property=\"og:site_name\" content=\"Vestido de Noiva RJ\" \/>\n<meta property=\"article:publisher\" content=\"https:\/\/www.facebook.com\/ivana.beaumondnoivas\" \/>\n<meta property=\"article:published_time\" content=\"2017-10-06T16:26:48+00:00\" \/>\n<meta property=\"article:modified_time\" content=\"2017-10-23T17:16:20+00:00\" \/>\n<meta property=\"og:image\" content=\"https:\/\/www.ivanabeaumond.com.br\/vestidos-noiva\/wp-content\/uploads\/2017\/09\/vestido-de-noiva-rj-paris-blog-ivanabeaumond16-e1506554738990.jpg\" \/>\n\t<meta property=\"og:image:width\" content=\"600\" \/>\n\t<meta property=\"og:image:height\" content=\"343\" \/>\n\t<meta property=\"og:image:type\" content=\"image\/jpeg\" \/>\n<meta name=\"author\" content=\"Ivana Beaumond Paris\" \/>\n<meta name=\"twitter:card\" content=\"summary_large_image\" \/>\n<meta name=\"twitter:label1\" content=\"Escrito por\" \/>\n\t<meta name=\"twitter:data1\" content=\"Ivana Beaumond Paris\" \/>\n\t<meta name=\"twitter:label2\" content=\"Est. tempo de leitura\" \/>\n\t<meta name=\"twitter:data2\" content=\"2 minutos\" \/>\n<script type=\"application\/ld+json\" class=\"yoast-schema-graph\">{\"@context\":\"https:\/\/schema.org\",\"@graph\":[{\"@type\":\"Article\",\"@id\":\"https:\/\/www.ivanabeaumond.com.br\/vestidos-noiva\/os-encantos-de-paris-com-ivana-beaumond\/#article\",\"isPartOf\":{\"@id\":\"https:\/\/www.ivanabeaumond.com.br\/vestidos-noiva\/os-encantos-de-paris-com-ivana-beaumond\/\"},\"author\":{\"name\":\"Ivana Beaumond Paris\",\"@id\":\"https:\/\/www.ivanabeaumond.com.br\/vestidos-noiva\/#\/schema\/person\/1a360c4cffa3b806d29a456389dcff26\"},\"headline\":\"Os encantos de Paris com Ivana Beaumond&#8230;\",\"datePublished\":\"2017-10-06T16:26:48+00:00\",\"dateModified\":\"2017-10-23T17:16:20+00:00\",\"mainEntityOfPage\":{\"@id\":\"https:\/\/www.ivanabeaumond.com.br\/vestidos-noiva\/os-encantos-de-paris-com-ivana-beaumond\/\"},\"wordCount\":331,\"commentCount\":0,\"publisher\":{\"@id\":\"https:\/\/www.ivanabeaumond.com.br\/vestidos-noiva\/#organization\"},\"keywords\":[\"alian\u00e7as\",\"aluguel de roupas\",\"casamento\",\"casamento blindado\",\"casamento no civil\",\"daminhas\",\"felicidade\",\"festas\",\"noiva e noivo\",\"sob medida\",\"traje de noivo\",\"vestido de noiva\"],\"articleSection\":[\"Na M\u00eddia\"],\"inLanguage\":\"pt-BR\",\"potentialAction\":[{\"@type\":\"CommentAction\",\"name\":\"Comment\",\"target\":[\"https:\/\/www.ivanabeaumond.com.br\/vestidos-noiva\/os-encantos-de-paris-com-ivana-beaumond\/#respond\"]}]},{\"@type\":\"WebPage\",\"@id\":\"https:\/\/www.ivanabeaumond.com.br\/vestidos-noiva\/os-encantos-de-paris-com-ivana-beaumond\/\",\"url\":\"https:\/\/www.ivanabeaumond.com.br\/vestidos-noiva\/os-encantos-de-paris-com-ivana-beaumond\/\",\"name\":\"Os encantos de Paris com Ivana Beaumond... - Vestido de Noiva RJ\",\"isPartOf\":{\"@id\":\"https:\/\/www.ivanabeaumond.com.br\/vestidos-noiva\/#website\"},\"datePublished\":\"2017-10-06T16:26:48+00:00\",\"dateModified\":\"2017-10-23T17:16:20+00:00\",\"breadcrumb\":{\"@id\":\"https:\/\/www.ivanabeaumond.com.br\/vestidos-noiva\/os-encantos-de-paris-com-ivana-beaumond\/#breadcrumb\"},\"inLanguage\":\"pt-BR\",\"potentialAction\":[{\"@type\":\"ReadAction\",\"target\":[\"https:\/\/www.ivanabeaumond.com.br\/vestidos-noiva\/os-encantos-de-paris-com-ivana-beaumond\/\"]}]},{\"@type\":\"BreadcrumbList\",\"@id\":\"https:\/\/www.ivanabeaumond.com.br\/vestidos-noiva\/os-encantos-de-paris-com-ivana-beaumond\/#breadcrumb\",\"itemListElement\":[{\"@type\":\"ListItem\",\"position\":1,\"name\":\"In\u00edcio\",\"item\":\"https:\/\/www.ivanabeaumond.com.br\/vestidos-noiva\/\"},{\"@type\":\"ListItem\",\"position\":2,\"name\":\"Os encantos de Paris com Ivana Beaumond&#8230;\"}]},{\"@type\":\"WebSite\",\"@id\":\"https:\/\/www.ivanabeaumond.com.br\/vestidos-noiva\/#website\",\"url\":\"https:\/\/www.ivanabeaumond.com.br\/vestidos-noiva\/\",\"name\":\"Vestido de Noiva RJ\",\"description\":\"Moda Noiva\",\"publisher\":{\"@id\":\"https:\/\/www.ivanabeaumond.com.br\/vestidos-noiva\/#organization\"},\"potentialAction\":[{\"@type\":\"SearchAction\",\"target\":{\"@type\":\"EntryPoint\",\"urlTemplate\":\"https:\/\/www.ivanabeaumond.com.br\/vestidos-noiva\/?s={search_term_string}\"},\"query-input\":\"required name=search_term_string\"}],\"inLanguage\":\"pt-BR\"},{\"@type\":\"Organization\",\"@id\":\"https:\/\/www.ivanabeaumond.com.br\/vestidos-noiva\/#organization\",\"name\":\"Vestido de Noiva RJ\",\"url\":\"https:\/\/www.ivanabeaumond.com.br\/vestidos-noiva\/\",\"logo\":{\"@type\":\"ImageObject\",\"inLanguage\":\"pt-BR\",\"@id\":\"https:\/\/www.ivanabeaumond.com.br\/vestidos-noiva\/#\/schema\/logo\/image\/\",\"url\":\"https:\/\/www.ivanabeaumond.com.br\/vestidos-noiva\/wp-content\/uploads\/2018\/02\/logo_ivana_beaumond-2.png\",\"contentUrl\":\"https:\/\/www.ivanabeaumond.com.br\/vestidos-noiva\/wp-content\/uploads\/2018\/02\/logo_ivana_beaumond-2.png\",\"width\":230,\"height\":112,\"caption\":\"Vestido de Noiva RJ\"},\"image\":{\"@id\":\"https:\/\/www.ivanabeaumond.com.br\/vestidos-noiva\/#\/schema\/logo\/image\/\"},\"sameAs\":[\"https:\/\/www.facebook.com\/ivana.beaumondnoivas\",\"https:\/\/www.instagram.com\/ivanabeaumond\/\",\"https:\/\/www.tiktok.com\/@ivanabeaumond\"]},{\"@type\":\"Person\",\"@id\":\"https:\/\/www.ivanabeaumond.com.br\/vestidos-noiva\/#\/schema\/person\/1a360c4cffa3b806d29a456389dcff26\",\"name\":\"Ivana Beaumond Paris\",\"image\":{\"@type\":\"ImageObject\",\"inLanguage\":\"pt-BR\",\"@id\":\"https:\/\/www.ivanabeaumond.com.br\/vestidos-noiva\/#\/schema\/person\/image\/\",\"url\":\"https:\/\/secure.gravatar.com\/avatar\/641f98db20b53ec937ceb641db4270b9?s=96&d=mm&r=g\",\"contentUrl\":\"https:\/\/secure.gravatar.com\/avatar\/641f98db20b53ec937ceb641db4270b9?s=96&d=mm&r=g\",\"caption\":\"Ivana Beaumond Paris\"},\"url\":\"https:\/\/www.ivanabeaumond.com.br\/vestidos-noiva\/author\/ivana\/\"}]}<\/script>\n<!-- \/ Yoast SEO plugin. -->","yoast_head_json":{"title":"Os encantos de Paris com Ivana Beaumond... - Vestido de Noiva RJ","robots":{"index":"index","follow":"follow","max-snippet":"max-snippet:-1","max-image-preview":"max-image-preview:large","max-video-preview":"max-video-preview:-1"},"canonical":"https:\/\/www.ivanabeaumond.com.br\/vestidos-noiva\/os-encantos-de-paris-com-ivana-beaumond\/","og_locale":"pt_BR","og_type":"article","og_title":"Os encantos de Paris com Ivana Beaumond... - Vestido de Noiva RJ","og_description":"Como sempre digo, sou suspeita para falar de Paris. Tenho...","og_url":"https:\/\/www.ivanabeaumond.com.br\/vestidos-noiva\/os-encantos-de-paris-com-ivana-beaumond\/","og_site_name":"Vestido de Noiva RJ","article_publisher":"https:\/\/www.facebook.com\/ivana.beaumondnoivas","article_published_time":"2017-10-06T16:26:48+00:00","article_modified_time":"2017-10-23T17:16:20+00:00","og_image":[{"width":600,"height":343,"url":"https:\/\/www.ivanabeaumond.com.br\/vestidos-noiva\/wp-content\/uploads\/2017\/09\/vestido-de-noiva-rj-paris-blog-ivanabeaumond16-e1506554738990.jpg","type":"image\/jpeg"}],"author":"Ivana Beaumond Paris","twitter_card":"summary_large_image","twitter_misc":{"Escrito por":"Ivana Beaumond Paris","Est. tempo de leitura":"2 minutos"},"schema":{"@context":"https:\/\/schema.org","@graph":[{"@type":"Article","@id":"https:\/\/www.ivanabeaumond.com.br\/vestidos-noiva\/os-encantos-de-paris-com-ivana-beaumond\/#article","isPartOf":{"@id":"https:\/\/www.ivanabeaumond.com.br\/vestidos-noiva\/os-encantos-de-paris-com-ivana-beaumond\/"},"author":{"name":"Ivana Beaumond Paris","@id":"https:\/\/www.ivanabeaumond.com.br\/vestidos-noiva\/#\/schema\/person\/1a360c4cffa3b806d29a456389dcff26"},"headline":"Os encantos de Paris com Ivana Beaumond&#8230;","datePublished":"2017-10-06T16:26:48+00:00","dateModified":"2017-10-23T17:16:20+00:00","mainEntityOfPage":{"@id":"https:\/\/www.ivanabeaumond.com.br\/vestidos-noiva\/os-encantos-de-paris-com-ivana-beaumond\/"},"wordCount":331,"commentCount":0,"publisher":{"@id":"https:\/\/www.ivanabeaumond.com.br\/vestidos-noiva\/#organization"},"keywords":["alian\u00e7as","aluguel de roupas","casamento","casamento blindado","casamento no civil","daminhas","felicidade","festas","noiva e noivo","sob medida","traje de noivo","vestido de noiva"],"articleSection":["Na M\u00eddia"],"inLanguage":"pt-BR","potentialAction":[{"@type":"CommentAction","name":"Comment","target":["https:\/\/www.ivanabeaumond.com.br\/vestidos-noiva\/os-encantos-de-paris-com-ivana-beaumond\/#respond"]}]},{"@type":"WebPage","@id":"https:\/\/www.ivanabeaumond.com.br\/vestidos-noiva\/os-encantos-de-paris-com-ivana-beaumond\/","url":"https:\/\/www.ivanabeaumond.com.br\/vestidos-noiva\/os-encantos-de-paris-com-ivana-beaumond\/","name":"Os encantos de Paris com Ivana Beaumond... - Vestido de Noiva RJ","isPartOf":{"@id":"https:\/\/www.ivanabeaumond.com.br\/vestidos-noiva\/#website"},"datePublished":"2017-10-06T16:26:48+00:00","dateModified":"2017-10-23T17:16:20+00:00","breadcrumb":{"@id":"https:\/\/www.ivanabeaumond.com.br\/vestidos-noiva\/os-encantos-de-paris-com-ivana-beaumond\/#breadcrumb"},"inLanguage":"pt-BR","potentialAction":[{"@type":"ReadAction","target":["https:\/\/www.ivanabeaumond.com.br\/vestidos-noiva\/os-encantos-de-paris-com-ivana-beaumond\/"]}]},{"@type":"BreadcrumbList","@id":"https:\/\/www.ivanabeaumond.com.br\/vestidos-noiva\/os-encantos-de-paris-com-ivana-beaumond\/#breadcrumb","itemListElement":[{"@type":"ListItem","position":1,"name":"In\u00edcio","item":"https:\/\/www.ivanabeaumond.com.br\/vestidos-noiva\/"},{"@type":"ListItem","position":2,"name":"Os encantos de Paris com Ivana Beaumond&#8230;"}]},{"@type":"WebSite","@id":"https:\/\/www.ivanabeaumond.com.br\/vestidos-noiva\/#website","url":"https:\/\/www.ivanabeaumond.com.br\/vestidos-noiva\/","name":"Vestido de Noiva RJ","description":"Moda Noiva","publisher":{"@id":"https:\/\/www.ivanabeaumond.com.br\/vestidos-noiva\/#organization"},"potentialAction":[{"@type":"SearchAction","target":{"@type":"EntryPoint","urlTemplate":"https:\/\/www.ivanabeaumond.com.br\/vestidos-noiva\/?s={search_term_string}"},"query-input":"required name=search_term_string"}],"inLanguage":"pt-BR"},{"@type":"Organization","@id":"https:\/\/www.ivanabeaumond.com.br\/vestidos-noiva\/#organization","name":"Vestido de Noiva RJ","url":"https:\/\/www.ivanabeaumond.com.br\/vestidos-noiva\/","logo":{"@type":"ImageObject","inLanguage":"pt-BR","@id":"https:\/\/www.ivanabeaumond.com.br\/vestidos-noiva\/#\/schema\/logo\/image\/","url":"https:\/\/www.ivanabeaumond.com.br\/vestidos-noiva\/wp-content\/uploads\/2018\/02\/logo_ivana_beaumond-2.png","contentUrl":"https:\/\/www.ivanabeaumond.com.br\/vestidos-noiva\/wp-content\/uploads\/2018\/02\/logo_ivana_beaumond-2.png","width":230,"height":112,"caption":"Vestido de Noiva RJ"},"image":{"@id":"https:\/\/www.ivanabeaumond.com.br\/vestidos-noiva\/#\/schema\/logo\/image\/"},"sameAs":["https:\/\/www.facebook.com\/ivana.beaumondnoivas","https:\/\/www.instagram.com\/ivanabeaumond\/","https:\/\/www.tiktok.com\/@ivanabeaumond"]},{"@type":"Person","@id":"https:\/\/www.ivanabeaumond.com.br\/vestidos-noiva\/#\/schema\/person\/1a360c4cffa3b806d29a456389dcff26","name":"Ivana Beaumond Paris","image":{"@type":"ImageObject","inLanguage":"pt-BR","@id":"https:\/\/www.ivanabeaumond.com.br\/vestidos-noiva\/#\/schema\/person\/image\/","url":"https:\/\/secure.gravatar.com\/avatar\/641f98db20b53ec937ceb641db4270b9?s=96&d=mm&r=g","contentUrl":"https:\/\/secure.gravatar.com\/avatar\/641f98db20b53ec937ceb641db4270b9?s=96&d=mm&r=g","caption":"Ivana Beaumond Paris"},"url":"https:\/\/www.ivanabeaumond.com.br\/vestidos-noiva\/author\/ivana\/"}]}},"_links":{"self":[{"href":"https:\/\/www.ivanabeaumond.com.br\/vestidos-noiva\/wp-json\/wp\/v2\/posts\/13588"}],"collection":[{"href":"https:\/\/www.ivanabeaumond.com.br\/vestidos-noiva\/wp-json\/wp\/v2\/posts"}],"about":[{"href":"https:\/\/www.ivanabeaumond.com.br\/vestidos-noiva\/wp-json\/wp\/v2\/types\/post"}],"author":[{"embeddable":true,"href":"https:\/\/www.ivanabeaumond.com.br\/vestidos-noiva\/wp-json\/wp\/v2\/users\/4"}],"replies":[{"embeddable":true,"href":"https:\/\/www.ivanabeaumond.com.br\/vestidos-noiva\/wp-json\/wp\/v2\/comments?post=13588"}],"version-history":[{"count":23,"href":"https:\/\/www.ivanabeaumond.com.br\/vestidos-noiva\/wp-json\/wp\/v2\/posts\/13588\/revisions"}],"predecessor-version":[{"id":13822,"href":"https:\/\/www.ivanabeaumond.com.br\/vestidos-noiva\/wp-json\/wp\/v2\/posts\/13588\/revisions\/13822"}],"wp:featuredmedia":[{"embeddable":true,"href":"https:\/\/www.ivanabeaumond.com.br\/vestidos-noiva\/wp-json\/wp\/v2\/media\/13780"}],"wp:attachment":[{"href":"https:\/\/www.ivanabeaumond.com.br\/vestidos-noiva\/wp-json\/wp\/v2\/media?parent=13588"}],"wp:term":[{"taxonomy":"category","embeddable":true,"href":"https:\/\/www.ivanabeaumond.com.br\/vestidos-noiva\/wp-json\/wp\/v2\/categories?post=13588"},{"taxonomy":"post_tag","embeddable":true,"href":"https:\/\/www.ivanabeaumond.com.br\/vestidos-noiva\/wp-json\/wp\/v2\/tags?post=13588"}],"curies":[{"name":"wp","href":"https:\/\/api.w.org\/{rel}","templated":true}]}}