{"id":13679,"date":"2017-09-25T16:18:14","date_gmt":"2017-09-25T19:18:14","guid":{"rendered":"http:\/\/www.ivanabeaumond.com.br\/vestidos-noiva\/?p=13679"},"modified":"2020-08-13T16:46:21","modified_gmt":"2020-08-13T19:46:21","slug":"o-romantico-casamento-de-mari-e-bruno-por-ivana-beaumond","status":"publish","type":"post","link":"https:\/\/www.ivanabeaumond.com.br\/vestidos-noiva\/o-romantico-casamento-de-mari-e-bruno-por-ivana-beaumond\/","title":{"rendered":"O rom\u00e2ntico casamento de Mari e Bruno por Ivana Beaumond&#8230;"},"content":{"rendered":"<h4 style=\"text-align: justify;\"><span style=\"color: #999999;\">Mari e Bruno se conheceram na festa de anivers\u00e1rio do namorado da amiga dela. Logo de cara, Mari se sentiu atra\u00edda por ele e como uma boa mulher de atitude deu um jeito de chamar a sua aten\u00e7\u00e3o. <em>\u201cPuxei\u00a0assunto e tive a iniciativa.\u201d<\/em>, contou Mari. Logo ap\u00f3s a festa, eles sa\u00edram, se conheceram melhor, mas Bruno teve que viajar por 20 dias. Fato que n\u00e3o impediu a comunica\u00e7\u00e3o entre ambos. Assim que ele voltou, engataram o namoro e um pouco depois se casaram, na data em que comemoravam exatamente 1 ano de relacionamento!<\/span><\/h4>\n<div id=\"attachment_13681\" style=\"width: 695px\" class=\"wp-caption aligncenter\"><a href=\"http:\/\/www.ivanabeaumond.com.br\/vestidos-noiva\/wp-content\/uploads\/2017\/09\/Vestido-de-Noiva-casamento-Mari-e-Bruno-foto-.jpg\"><img aria-describedby=\"caption-attachment-13681\" decoding=\"async\" loading=\"lazy\" class=\"wp-image-13681 size-full\" src=\"http:\/\/www.ivanabeaumond.com.br\/vestidos-noiva\/wp-content\/uploads\/2017\/09\/Vestido-de-Noiva-casamento-Mari-e-Bruno-foto-.jpg\" alt=\"Vestido-de-Noiva-casamento-Mari-e-Bruno-foto-\" width=\"685\" height=\"457\" srcset=\"https:\/\/www.ivanabeaumond.com.br\/vestidos-noiva\/wp-content\/uploads\/2017\/09\/Vestido-de-Noiva-casamento-Mari-e-Bruno-foto-.jpg 685w, https:\/\/www.ivanabeaumond.com.br\/vestidos-noiva\/wp-content\/uploads\/2017\/09\/Vestido-de-Noiva-casamento-Mari-e-Bruno-foto--300x200.jpg 300w, https:\/\/www.ivanabeaumond.com.br\/vestidos-noiva\/wp-content\/uploads\/2017\/09\/Vestido-de-Noiva-casamento-Mari-e-Bruno-foto--480x320.jpg 480w\" sizes=\"(max-width: 685px) 100vw, 685px\" \/><\/a><p id=\"caption-attachment-13681\" class=\"wp-caption-text\"><span style=\"color: #999999;\">Foto: Clara Sampaio Fotografia<\/span><\/p><\/div>\n<p><span style=\"color: #ffffff;\">&#8211;<\/span><\/p>\n<h4 style=\"text-align: justify;\"><span style=\"color: #ffffff;\">&#8211;<\/span><\/h4>\n<h4 style=\"text-align: justify;\"><span style=\"color: #999999;\">O estilo do grande dia foi cl\u00e1ssico, rom\u00e2ntico e com um toque levemente r\u00fastico. O local escolhido para a cerim\u00f4nia foi a\u00a0Igreja Nossa Senhora do Carmo da Antiga S\u00e9, pela hist\u00f3ria e beleza dela, e para a festa o\u00a0Museu de Arte Moderna do Rio de Janeiro (MAM), pelo incr\u00edvel espa\u00e7o e tamb\u00e9m por possuir um delicioso buffet. O registro desse dia ficou por conta do olhar \u00fanico da fot\u00f3grafa Clara Sampaio, que voc\u00eas v\u00e3o conferir mais agora:<\/span><\/h4>\n<p><span style=\"color: #ffffff;\">&#8211;<\/span><\/p>\n<style id=\"bwg-style-0\">    #bwg_container1_0 #bwg_container2_0 .bwg-container-0.bwg-standard-thumbnails {      width: 904px;              justify-content: center;        margin:0 auto !important;              background-color: rgba(255, 255, 255, 0.00);            padding-left: 4px;      padding-top: 4px;      max-width: 100%;            }        #bwg_container1_0 #bwg_container2_0 .bwg-container-0.bwg-standard-thumbnails .bwg-item {    justify-content: flex-start;      max-width: 180px;            width: 180px !important;          }    #bwg_container1_0 #bwg_container2_0 .bwg-container-0.bwg-standard-thumbnails .bwg-item a {       margin-right: 4px;       margin-bottom: 4px;    }    #bwg_container1_0 #bwg_container2_0 .bwg-container-0.bwg-standard-thumbnails .bwg-item0 {      padding: 0px;            background-color:rgba(255,255,255, 0.30);      border: 0px none #CCCCCC;      opacity: 1.00;      border-radius: 0;      box-shadow: 0px 0px 0px #888888;    }    #bwg_container1_0 #bwg_container2_0 .bwg-container-0.bwg-standard-thumbnails .bwg-item1 img {      max-height: none;      max-width: none;      padding: 0 !important;    }        @media only screen and (min-width: 480px) {      #bwg_container1_0 #bwg_container2_0 .bwg-container-0.bwg-standard-thumbnails .bwg-item0 {        transition: all 0.3s ease 0s;-webkit-transition: all 0.3s ease 0s;      }      #bwg_container1_0 #bwg_container2_0 .bwg-container-0.bwg-standard-thumbnails .bwg-item0:hover {        -ms-transform: scale(1.1);        -webkit-transform: scale(1.1);        transform: scale(1.1);      }    }          #bwg_container1_0 #bwg_container2_0 .bwg-container-0.bwg-standard-thumbnails .bwg-item1 {      padding-top: 50%;    }        #bwg_container1_0 #bwg_container2_0 .bwg-container-0.bwg-standard-thumbnails .bwg-title2,    #bwg_container1_0 #bwg_container2_0 .bwg-container-0.bwg-standard-thumbnails .bwg-ecommerce2 {      color: #CCCCCC;      font-family: segoe ui;      font-size: 16px;      font-weight: bold;      padding: 2px;      text-shadow: 0px 0px 0px #888888;      max-height: 100%;    }    #bwg_container1_0 #bwg_container2_0 .bwg-container-0.bwg-standard-thumbnails .bwg-thumb-description span {    color: #323A45;    font-family: Ubuntu;    font-size: 12px;    max-height: 100%;    word-wrap: break-word;    }    #bwg_container1_0 #bwg_container2_0 .bwg-container-0.bwg-standard-thumbnails .bwg-play-icon2 {      font-size: 32px;    }    #bwg_container1_0 #bwg_container2_0 .bwg-container-0.bwg-standard-thumbnails .bwg-ecommerce2 {      font-size: 19.2px;      color: #CCCCCC;    }    <\/style>    <div id=\"bwg_container1_0\"         class=\"bwg_container bwg_thumbnail bwg_thumbnails \"         data-right-click-protection=\"0\"         data-bwg=\"0\"         data-scroll=\"0\"         data-gallery-type=\"thumbnails\"         data-gallery-view-type=\"thumbnails\"         data-current-url=\"\/vestidos-noiva\/wp-json\/wp\/v2\/posts\/13679\"         data-lightbox-url=\"https:\/\/www.ivanabeaumond.com.br\/vestidos-noiva\/wp-admin\/admin-ajax.php?action=GalleryBox&#038;current_view=0&#038;gallery_id=13&#038;tag=0&#038;theme_id=1&#038;shortcode_id=208&#038;sort_by=order&#038;order_by=asc&#038;current_url=%2Fvestidos-noiva%2Fwp-json%2Fwp%2Fv2%2Fposts%2F13679\"         data-gallery-id=\"13\"         data-popup-width=\"600\"         data-popup-height=\"600\"         data-is-album=\"gallery\"         data-buttons-position=\"bottom\">      <div id=\"bwg_container2_0\">             <div id=\"ajax_loading_0\" class=\"bwg_loading_div_1\">      <div class=\"bwg_loading_div_2\">        <div class=\"bwg_loading_div_3\">          <div id=\"loading_div_0\" class=\"bwg_spider_ajax_loading\">          <\/div>        <\/div>      <\/div>    <\/div>            <form id=\"gal_front_form_0\"              class=\"bwg-hidden\"              method=\"post\"              action=\"#\"              data-current=\"0\"              data-shortcode-id=\"208\"              data-gallery-type=\"thumbnails\"              data-gallery-id=\"13\"              data-tag=\"0\"              data-album-id=\"0\"              data-theme-id=\"1\"              data-ajax-url=\"https:\/\/www.ivanabeaumond.com.br\/vestidos-noiva\/wp-admin\/admin-ajax.php?action=bwg_frontend_data\">          <div id=\"bwg_container3_0\" class=\"bwg-background bwg-background-0\">                <div data-max-count=\"5\"         data-thumbnail-width=\"180\"         data-bwg=\"0\"         data-gallery-id=\"13\"         data-lightbox-url=\"https:\/\/www.ivanabeaumond.com.br\/vestidos-noiva\/wp-admin\/admin-ajax.php?action=GalleryBox&amp;current_view=0&amp;gallery_id=13&amp;tag=0&amp;theme_id=1&amp;shortcode_id=208&amp;sort_by=order&amp;order_by=asc&amp;current_url=%2Fvestidos-noiva%2Fwp-json%2Fwp%2Fv2%2Fposts%2F13679\"         id=\"bwg_thumbnails_0\"         class=\"bwg-container-0 bwg-thumbnails bwg-standard-thumbnails bwg-container bwg-border-box\">            <div class=\"bwg-item\">        <a class=\"bwg-a  bwg_lightbox\"  data-image-id=\"198\" href=\"https:\/\/www.ivanabeaumond.com.br\/vestidos-noiva\/wp-content\/uploads\/photo-gallery\/Vestido-de-Noiva-casamento-Mari-e-Bruno-Blog-IvanaBeaumond7.jpg\" data-elementor-open-lightbox=\"no\">                <div class=\"bwg-item0 \">          <div class=\"bwg-item1 \">            <div class=\"bwg-item2\">              <img class=\"skip-lazy bwg_standart_thumb_img_0 \"                   data-id=\"198\"                   data-width=\"\"                   data-height=\"\"                   data-src=\"https:\/\/www.ivanabeaumond.com.br\/vestidos-noiva\/wp-content\/uploads\/photo-gallery\/thumb\/Vestido-de-Noiva-casamento-Mari-e-Bruno-Blog-IvanaBeaumond7.jpg\"                   src=\"https:\/\/www.ivanabeaumond.com.br\/vestidos-noiva\/wp-content\/uploads\/photo-gallery\/thumb\/Vestido-de-Noiva-casamento-Mari-e-Bruno-Blog-IvanaBeaumond7.jpg\"                   alt=\"Vestido-de-Noiva-casamento-Mari-e-Bruno-Blog-IvanaBeaumond7\"                   title=\"Vestido-de-Noiva-casamento-Mari-e-Bruno-Blog-IvanaBeaumond7\" \/>            <\/div>            <div class=\"\">                                                      <\/div>          <\/div>        <\/div>                        <\/a>              <\/div>            <div class=\"bwg-item\">        <a class=\"bwg-a  bwg_lightbox\"  data-image-id=\"197\" href=\"https:\/\/www.ivanabeaumond.com.br\/vestidos-noiva\/wp-content\/uploads\/photo-gallery\/Vestido-de-Noiva-casamento-Mari-e-Bruno-Blog-IvanaBeaumond6.jpg\" data-elementor-open-lightbox=\"no\">                <div class=\"bwg-item0 \">          <div class=\"bwg-item1 \">            <div class=\"bwg-item2\">              <img class=\"skip-lazy bwg_standart_thumb_img_0 \"                   data-id=\"197\"                   data-width=\"\"                   data-height=\"\"                   data-src=\"https:\/\/www.ivanabeaumond.com.br\/vestidos-noiva\/wp-content\/uploads\/photo-gallery\/thumb\/Vestido-de-Noiva-casamento-Mari-e-Bruno-Blog-IvanaBeaumond6.jpg\"                   src=\"https:\/\/www.ivanabeaumond.com.br\/vestidos-noiva\/wp-content\/uploads\/photo-gallery\/thumb\/Vestido-de-Noiva-casamento-Mari-e-Bruno-Blog-IvanaBeaumond6.jpg\"                   alt=\"Vestido-de-Noiva-casamento-Mari-e-Bruno-Blog-IvanaBeaumond6\"                   title=\"Vestido-de-Noiva-casamento-Mari-e-Bruno-Blog-IvanaBeaumond6\" \/>            <\/div>            <div class=\"\">                                                      <\/div>          <\/div>        <\/div>                        <\/a>              <\/div>            <div class=\"bwg-item\">        <a class=\"bwg-a  bwg_lightbox\"  data-image-id=\"195\" href=\"https:\/\/www.ivanabeaumond.com.br\/vestidos-noiva\/wp-content\/uploads\/photo-gallery\/Vestido-de-Noiva-casamento-Mari-e-Bruno-foto-clara-sampaio2.jpg\" data-elementor-open-lightbox=\"no\">                <div class=\"bwg-item0 \">          <div class=\"bwg-item1 \">            <div class=\"bwg-item2\">              <img class=\"skip-lazy bwg_standart_thumb_img_0 \"                   data-id=\"195\"                   data-width=\"\"                   data-height=\"\"                   data-src=\"https:\/\/www.ivanabeaumond.com.br\/vestidos-noiva\/wp-content\/uploads\/photo-gallery\/thumb\/Vestido-de-Noiva-casamento-Mari-e-Bruno-foto-clara-sampaio2.jpg\"                   src=\"https:\/\/www.ivanabeaumond.com.br\/vestidos-noiva\/wp-content\/uploads\/photo-gallery\/thumb\/Vestido-de-Noiva-casamento-Mari-e-Bruno-foto-clara-sampaio2.jpg\"                   alt=\"Vestido-de-Noiva-casamento-Mari-e-Bruno-foto-clara-sampaio2\"                   title=\"Vestido-de-Noiva-casamento-Mari-e-Bruno-foto-clara-sampaio2\" \/>            <\/div>            <div class=\"\">                                                      <\/div>          <\/div>        <\/div>                        <\/a>              <\/div>            <div class=\"bwg-item\">        <a class=\"bwg-a  bwg_lightbox\"  data-image-id=\"194\" href=\"https:\/\/www.ivanabeaumond.com.br\/vestidos-noiva\/wp-content\/uploads\/photo-gallery\/Vestido-de-Noiva-casamento-Mari-e-Bruno-Blog-IvanaBeaumond5.jpg\" data-elementor-open-lightbox=\"no\">                <div class=\"bwg-item0 \">          <div class=\"bwg-item1 \">            <div class=\"bwg-item2\">              <img class=\"skip-lazy bwg_standart_thumb_img_0 \"                   data-id=\"194\"                   data-width=\"\"                   data-height=\"\"                   data-src=\"https:\/\/www.ivanabeaumond.com.br\/vestidos-noiva\/wp-content\/uploads\/photo-gallery\/thumb\/Vestido-de-Noiva-casamento-Mari-e-Bruno-Blog-IvanaBeaumond5.jpg\"                   src=\"https:\/\/www.ivanabeaumond.com.br\/vestidos-noiva\/wp-content\/uploads\/photo-gallery\/thumb\/Vestido-de-Noiva-casamento-Mari-e-Bruno-Blog-IvanaBeaumond5.jpg\"                   alt=\"Vestido-de-Noiva-casamento-Mari-e-Bruno-Blog-IvanaBeaumond5\"                   title=\"Vestido-de-Noiva-casamento-Mari-e-Bruno-Blog-IvanaBeaumond5\" \/>            <\/div>            <div class=\"\">                                                      <\/div>          <\/div>        <\/div>                        <\/a>              <\/div>            <div class=\"bwg-item\">        <a class=\"bwg-a  bwg_lightbox\"  data-image-id=\"193\" href=\"https:\/\/www.ivanabeaumond.com.br\/vestidos-noiva\/wp-content\/uploads\/photo-gallery\/Vestido-de-Noiva-casamento-Mari-e-Bruno-Blog-IvanaBeaumond4.jpg\" data-elementor-open-lightbox=\"no\">                <div class=\"bwg-item0 \">          <div class=\"bwg-item1 \">            <div class=\"bwg-item2\">              <img class=\"skip-lazy bwg_standart_thumb_img_0 \"                   data-id=\"193\"                   data-width=\"\"                   data-height=\"\"                   data-src=\"https:\/\/www.ivanabeaumond.com.br\/vestidos-noiva\/wp-content\/uploads\/photo-gallery\/thumb\/Vestido-de-Noiva-casamento-Mari-e-Bruno-Blog-IvanaBeaumond4.jpg\"                   src=\"https:\/\/www.ivanabeaumond.com.br\/vestidos-noiva\/wp-content\/uploads\/photo-gallery\/thumb\/Vestido-de-Noiva-casamento-Mari-e-Bruno-Blog-IvanaBeaumond4.jpg\"                   alt=\"Vestido-de-Noiva-casamento-Mari-e-Bruno-Blog-IvanaBeaumond4\"                   title=\"Vestido-de-Noiva-casamento-Mari-e-Bruno-Blog-IvanaBeaumond4\" \/>            <\/div>            <div class=\"\">                                                      <\/div>          <\/div>        <\/div>                        <\/a>              <\/div>            <div class=\"bwg-item\">        <a class=\"bwg-a  bwg_lightbox\"  data-image-id=\"192\" href=\"https:\/\/www.ivanabeaumond.com.br\/vestidos-noiva\/wp-content\/uploads\/photo-gallery\/Vestido-de-Noiva-casamento-Mari-e-Bruno-foto-clara-sampaio1.jpg\" data-elementor-open-lightbox=\"no\">                <div class=\"bwg-item0 \">          <div class=\"bwg-item1 \">            <div class=\"bwg-item2\">              <img class=\"skip-lazy bwg_standart_thumb_img_0 \"                   data-id=\"192\"                   data-width=\"\"                   data-height=\"\"                   data-src=\"https:\/\/www.ivanabeaumond.com.br\/vestidos-noiva\/wp-content\/uploads\/photo-gallery\/thumb\/Vestido-de-Noiva-casamento-Mari-e-Bruno-foto-clara-sampaio1.jpg\"                   src=\"https:\/\/www.ivanabeaumond.com.br\/vestidos-noiva\/wp-content\/uploads\/photo-gallery\/thumb\/Vestido-de-Noiva-casamento-Mari-e-Bruno-foto-clara-sampaio1.jpg\"                   alt=\"Vestido-de-Noiva-casamento-Mari-e-Bruno-foto-clara-sampaio1\"                   title=\"Vestido-de-Noiva-casamento-Mari-e-Bruno-foto-clara-sampaio1\" \/>            <\/div>            <div class=\"\">                                                      <\/div>          <\/div>        <\/div>                        <\/a>              <\/div>            <div class=\"bwg-item\">        <a class=\"bwg-a  bwg_lightbox\"  data-image-id=\"191\" href=\"https:\/\/www.ivanabeaumond.com.br\/vestidos-noiva\/wp-content\/uploads\/photo-gallery\/Vestido-de-Noiva-casamento-Mari-e-Bruno-foto-.jpg\" data-elementor-open-lightbox=\"no\">                <div class=\"bwg-item0 \">          <div class=\"bwg-item1 \">            <div class=\"bwg-item2\">              <img class=\"skip-lazy bwg_standart_thumb_img_0 \"                   data-id=\"191\"                   data-width=\"\"                   data-height=\"\"                   data-src=\"https:\/\/www.ivanabeaumond.com.br\/vestidos-noiva\/wp-content\/uploads\/photo-gallery\/thumb\/Vestido-de-Noiva-casamento-Mari-e-Bruno-foto-.jpg\"                   src=\"https:\/\/www.ivanabeaumond.com.br\/vestidos-noiva\/wp-content\/uploads\/photo-gallery\/thumb\/Vestido-de-Noiva-casamento-Mari-e-Bruno-foto-.jpg\"                   alt=\"Vestido-de-Noiva-casamento-Mari-e-Bruno-foto-\"                   title=\"Vestido-de-Noiva-casamento-Mari-e-Bruno-foto-\" \/>            <\/div>            <div class=\"\">                                                      <\/div>          <\/div>        <\/div>                        <\/a>              <\/div>            <div class=\"bwg-item\">        <a class=\"bwg-a  bwg_lightbox\"  data-image-id=\"190\" href=\"https:\/\/www.ivanabeaumond.com.br\/vestidos-noiva\/wp-content\/uploads\/photo-gallery\/Vestido-de-Noiva-casamento-Mari-e-Bruno-Blog-IvanaBeaumond8.jpg\" data-elementor-open-lightbox=\"no\">                <div class=\"bwg-item0 \">          <div class=\"bwg-item1 \">            <div class=\"bwg-item2\">              <img class=\"skip-lazy bwg_standart_thumb_img_0 \"                   data-id=\"190\"                   data-width=\"\"                   data-height=\"\"                   data-src=\"https:\/\/www.ivanabeaumond.com.br\/vestidos-noiva\/wp-content\/uploads\/photo-gallery\/thumb\/Vestido-de-Noiva-casamento-Mari-e-Bruno-Blog-IvanaBeaumond8.jpg\"                   src=\"https:\/\/www.ivanabeaumond.com.br\/vestidos-noiva\/wp-content\/uploads\/photo-gallery\/thumb\/Vestido-de-Noiva-casamento-Mari-e-Bruno-Blog-IvanaBeaumond8.jpg\"                   alt=\"Vestido-de-Noiva-casamento-Mari-e-Bruno-Blog-IvanaBeaumond8\"                   title=\"Vestido-de-Noiva-casamento-Mari-e-Bruno-Blog-IvanaBeaumond8\" \/>            <\/div>            <div class=\"\">                                                      <\/div>          <\/div>        <\/div>                        <\/a>              <\/div>            <div class=\"bwg-item\">        <a class=\"bwg-a  bwg_lightbox\"  data-image-id=\"189\" href=\"https:\/\/www.ivanabeaumond.com.br\/vestidos-noiva\/wp-content\/uploads\/photo-gallery\/Vestido-de-Noiva-casamento-Mari-e-Bruno-Blog-IvanaBeaumond3.jpg\" data-elementor-open-lightbox=\"no\">                <div class=\"bwg-item0 \">          <div class=\"bwg-item1 \">            <div class=\"bwg-item2\">              <img class=\"skip-lazy bwg_standart_thumb_img_0 \"                   data-id=\"189\"                   data-width=\"\"                   data-height=\"\"                   data-src=\"https:\/\/www.ivanabeaumond.com.br\/vestidos-noiva\/wp-content\/uploads\/photo-gallery\/thumb\/Vestido-de-Noiva-casamento-Mari-e-Bruno-Blog-IvanaBeaumond3.jpg\"                   src=\"https:\/\/www.ivanabeaumond.com.br\/vestidos-noiva\/wp-content\/uploads\/photo-gallery\/thumb\/Vestido-de-Noiva-casamento-Mari-e-Bruno-Blog-IvanaBeaumond3.jpg\"                   alt=\"Vestido-de-Noiva-casamento-Mari-e-Bruno-Blog-IvanaBeaumond3\"                   title=\"Vestido-de-Noiva-casamento-Mari-e-Bruno-Blog-IvanaBeaumond3\" \/>            <\/div>            <div class=\"\">                                                      <\/div>          <\/div>        <\/div>                        <\/a>              <\/div>            <div class=\"bwg-item\">        <a class=\"bwg-a  bwg_lightbox\"  data-image-id=\"188\" href=\"https:\/\/www.ivanabeaumond.com.br\/vestidos-noiva\/wp-content\/uploads\/photo-gallery\/Vestido-de-Noiva-casamento-Mari-e-Bruno-Blog-IvanaBeaumond2.jpg\" data-elementor-open-lightbox=\"no\">                <div class=\"bwg-item0 \">          <div class=\"bwg-item1 \">            <div class=\"bwg-item2\">              <img class=\"skip-lazy bwg_standart_thumb_img_0 \"                   data-id=\"188\"                   data-width=\"\"                   data-height=\"\"                   data-src=\"https:\/\/www.ivanabeaumond.com.br\/vestidos-noiva\/wp-content\/uploads\/photo-gallery\/thumb\/Vestido-de-Noiva-casamento-Mari-e-Bruno-Blog-IvanaBeaumond2.jpg\"                   src=\"https:\/\/www.ivanabeaumond.com.br\/vestidos-noiva\/wp-content\/uploads\/photo-gallery\/thumb\/Vestido-de-Noiva-casamento-Mari-e-Bruno-Blog-IvanaBeaumond2.jpg\"                   alt=\"Vestido-de-Noiva-casamento-Mari-e-Bruno-Blog-IvanaBeaumond2\"                   title=\"Vestido-de-Noiva-casamento-Mari-e-Bruno-Blog-IvanaBeaumond2\" \/>            <\/div>            <div class=\"\">                                                      <\/div>          <\/div>        <\/div>                        <\/a>              <\/div>            <div class=\"bwg-item\">        <a class=\"bwg-a  bwg_lightbox\"  data-image-id=\"187\" href=\"https:\/\/www.ivanabeaumond.com.br\/vestidos-noiva\/wp-content\/uploads\/photo-gallery\/Vestido-de-Noiva-casamento-Mari-e-Bruno-Blog-IvanaBeaumond.jpg\" data-elementor-open-lightbox=\"no\">                <div class=\"bwg-item0 \">          <div class=\"bwg-item1 \">            <div class=\"bwg-item2\">              <img class=\"skip-lazy bwg_standart_thumb_img_0 \"                   data-id=\"187\"                   data-width=\"\"                   data-height=\"\"                   data-src=\"https:\/\/www.ivanabeaumond.com.br\/vestidos-noiva\/wp-content\/uploads\/photo-gallery\/thumb\/Vestido-de-Noiva-casamento-Mari-e-Bruno-Blog-IvanaBeaumond.jpg\"                   src=\"https:\/\/www.ivanabeaumond.com.br\/vestidos-noiva\/wp-content\/uploads\/photo-gallery\/thumb\/Vestido-de-Noiva-casamento-Mari-e-Bruno-Blog-IvanaBeaumond.jpg\"                   alt=\"Vestido-de-Noiva-casamento-Mari-e-Bruno-Blog-IvanaBeaumond\"                   title=\"Vestido-de-Noiva-casamento-Mari-e-Bruno-Blog-IvanaBeaumond\" \/>            <\/div>            <div class=\"\">                                                      <\/div>          <\/div>        <\/div>                        <\/a>              <\/div>          <\/div>    <style>      \/*pagination styles*\/      #bwg_container1_0 #bwg_container2_0 .tablenav-pages_0 {\t\t\t\ttext-align: center;\t\t\t\tfont-size: 12px;\t\t\t\tfont-family: segoe ui;\t\t\t\tfont-weight: bold;\t\t\t\tcolor: #666666;\t\t\t\tmargin: 6px 0 4px;\t\t\t\tdisplay: block;      }      @media only screen and (max-width : 320px) {      #bwg_container1_0 #bwg_container2_0 .displaying-num_0 {     \t display: none;      }      }      #bwg_container1_0 #bwg_container2_0 .displaying-num_0 {\t\t\t\tfont-size: 12px;\t\t\t\tfont-family: segoe ui;\t\t\t\tfont-weight: bold;\t\t\t\tcolor: #666666;\t\t\t\tmargin-right: 10px;\t\t\t\tvertical-align: middle;      }      #bwg_container1_0 #bwg_container2_0 .paging-input_0 {\t\t\t\tfont-size: 12px;\t\t\t\tfont-family: segoe ui;\t\t\t\tfont-weight: bold;\t\t\t\tcolor: #666666;\t\t\t\tvertical-align: middle;      }      #bwg_container1_0 #bwg_container2_0 .tablenav-pages_0 a.disabled,      #bwg_container1_0 #bwg_container2_0 .tablenav-pages_0 a.disabled:hover,      #bwg_container1_0 #bwg_container2_0 .tablenav-pages_0 a.disabled:focus,\t\t\t#bwg_container1_0 #bwg_container2_0 .tablenav-pages_0 input.bwg_current_page {\t\t\t\tcursor: default;\t\t\t\tcolor: rgba(102, 102, 102, 0.5);      }      #bwg_container1_0 #bwg_container2_0 .tablenav-pages_0 a,      #bwg_container1_0 #bwg_container2_0 .tablenav-pages_0 input.bwg_current_page {\t\t\t\tcursor: pointer;\t\t\t\ttext-align: center;\t\t\t\tfont-size: 12px;\t\t\t\tfont-family: segoe ui;\t\t\t\tfont-weight: bold;\t\t\t\tcolor: #666666;\t\t\t\ttext-decoration: none;\t\t\t\tpadding: 3px 6px;\t\t\t\tmargin: 0;\t\t\t\tborder-radius: 0;\t\t\t\tborder-style: solid;\t\t\t\tborder-width: 1px;\t\t\t\tborder-color: #E3E3E3;\t\t\t\t\t\t\t\tbackground-color: rgba(255, 255, 255, 1.00);\t\t\t\tbox-shadow: 0;\t\t\t\ttransition: all 0.3s ease 0s;-webkit-transition: all 0.3s ease 0s;      }      <\/style>      <span class=\"bwg_nav_cont_0\">              <div class=\"tablenav-pages_0\">                  <\/div>                <input type=\"hidden\" id=\"page_number_0\" name=\"page_number_0\" value=\"1\" \/>      <script type=\"text\/javascript\">        if( jQuery('.bwg_nav_cont_0').length > 1 ) {          jQuery('.bwg_nav_cont_0').first().remove()        }        function spider_page_0(cur, x, y, load_more) {          if (typeof load_more == \"undefined\") {            var load_more = false;          }          if (jQuery(cur).hasClass('disabled')) {            return false;          }          var items_county_0 = 1;          switch (y) {            case 1:              if (x >= items_county_0) {                document.getElementById('page_number_0').value = items_county_0;              }              else {                document.getElementById('page_number_0').value = x + 1;              }              break;            case 2:              document.getElementById('page_number_0').value = items_county_0;              break;            case -1:              if (x == 1) {                document.getElementById('page_number_0').value = 1;              }              else {                document.getElementById('page_number_0').value = x - 1;              }              break;            case -2:              document.getElementById('page_number_0').value = 1;              break;\t\t\t\t\t\tcase 0:              document.getElementById('page_number_0').value = x;              break;            default:              document.getElementById('page_number_0').value = 1;          }          bwg_ajax('gal_front_form_0', '0', 'bwg_thumbnails_0', '0', '', 'gallery', 0, '', '', load_more, '', 1);        }                    jQuery('.first-page-0').on('click', function () {              spider_page_0(this, 1, -2, 'numeric');              return false;            });            jQuery('.prev-page-0').on('click', function () {              spider_page_0(this, 1, -1, 'numeric');              return false;            });            jQuery('.next-page-0').on('click', function () {              spider_page_0(this, 1, 1, 'numeric');              return false;            });            jQuery('.last-page-0').on('click', function () {              spider_page_0(this, 1, 2, 'numeric');              return false;            });        \t\t\t\t\/* Change page on input enter. *\/        function bwg_change_page_0( e, that ) {          if (  e.key == 'Enter' ) {            var to_page = parseInt(jQuery(that).val());            var pages_count = jQuery(that).parents(\".pagination-links\").data(\"pages-count\");            var current_url_param = jQuery(that).attr('data-url-info');            if (to_page > pages_count) {              to_page = 1;            }\t \t\t\t\t\t\t\t\t\t\t\t\tspider_page_0(this, to_page, 0, 'numeric');\t\t\t\t\t\t\treturn false;\t\t\t\t\t\t          }          return true;        }        jQuery('.bwg_load_btn_0').on('click', function () {            spider_page_0(this, 1, 1, true);            return false;        });      <\/script>      <\/span>                <\/div>        <\/form>        <style>          #bwg_container1_0 #bwg_container2_0 #spider_popup_overlay_0 {          background-color: #000000;          opacity: 0.70;          }          <\/style>        <div id=\"bwg_spider_popup_loading_0\" class=\"bwg_spider_popup_loading\"><\/div>        <div id=\"spider_popup_overlay_0\" class=\"spider_popup_overlay\" onclick=\"spider_destroypopup(1000)\"><\/div>        <input type=\"hidden\" id=\"bwg_random_seed_0\" value=\"415827531\">                <\/div>    <\/div>    <script>      if (document.readyState === 'complete') {        if( typeof bwg_main_ready == 'function' ) {          if ( jQuery(\"#bwg_container1_0\").height() ) {            bwg_main_ready(jQuery(\"#bwg_container1_0\"));          }        }      } else {        document.addEventListener('DOMContentLoaded', function() {          if( typeof bwg_main_ready == 'function' ) {            if ( jQuery(\"#bwg_container1_0\").height() ) {             bwg_main_ready(jQuery(\"#bwg_container1_0\"));            }          }        });      }    <\/script>    \n","protected":false},"excerpt":{"rendered":"<p>Mari e Bruno se conheceram na festa de anivers\u00e1rio do&#8230;<\/p>\n","protected":false},"author":4,"featured_media":13680,"comment_status":"open","ping_status":"open","sticky":false,"template":"","format":"standard","meta":[],"categories":[130],"tags":[133,113,147,153,154,102,155,138,115],"yoast_head":"<!-- This site is optimized with the Yoast SEO plugin v20.3 - https:\/\/yoast.com\/wordpress\/plugins\/seo\/ -->\n<title>O rom\u00e2ntico casamento de Mari e Bruno por Ivana Beaumond... - Vestido de Noiva RJ<\/title>\n<meta name=\"robots\" content=\"index, follow, max-snippet:-1, max-image-preview:large, max-video-preview:-1\" \/>\n<link rel=\"canonical\" href=\"https:\/\/www.ivanabeaumond.com.br\/vestidos-noiva\/o-romantico-casamento-de-mari-e-bruno-por-ivana-beaumond\/\" \/>\n<meta property=\"og:locale\" content=\"pt_BR\" \/>\n<meta property=\"og:type\" content=\"article\" \/>\n<meta property=\"og:title\" content=\"O rom\u00e2ntico casamento de Mari e Bruno por Ivana Beaumond... - Vestido de Noiva RJ\" \/>\n<meta property=\"og:description\" content=\"Mari e Bruno se conheceram na festa de anivers\u00e1rio do...\" \/>\n<meta property=\"og:url\" content=\"https:\/\/www.ivanabeaumond.com.br\/vestidos-noiva\/o-romantico-casamento-de-mari-e-bruno-por-ivana-beaumond\/\" \/>\n<meta property=\"og:site_name\" content=\"Vestido de Noiva RJ\" \/>\n<meta property=\"article:publisher\" content=\"https:\/\/www.facebook.com\/ivana.beaumondnoivas\" \/>\n<meta property=\"article:published_time\" content=\"2017-09-25T19:18:14+00:00\" \/>\n<meta property=\"article:modified_time\" content=\"2020-08-13T19:46:21+00:00\" \/>\n<meta property=\"og:image\" content=\"https:\/\/www.ivanabeaumond.com.br\/vestidos-noiva\/wp-content\/uploads\/2017\/09\/Vestido-de-Noiva-casamento-Mari-e-Bruno-Blog-IvanaBeaumond8.jpg\" \/>\n\t<meta property=\"og:image:width\" content=\"685\" \/>\n\t<meta property=\"og:image:height\" content=\"457\" \/>\n\t<meta property=\"og:image:type\" content=\"image\/jpeg\" \/>\n<meta name=\"author\" content=\"Ivana Beaumond Paris\" \/>\n<meta name=\"twitter:card\" content=\"summary_large_image\" \/>\n<meta name=\"twitter:label1\" content=\"Escrito por\" \/>\n\t<meta name=\"twitter:data1\" content=\"Ivana Beaumond Paris\" \/>\n\t<meta name=\"twitter:label2\" content=\"Est. tempo de leitura\" \/>\n\t<meta name=\"twitter:data2\" content=\"1 minuto\" \/>\n<script type=\"application\/ld+json\" class=\"yoast-schema-graph\">{\"@context\":\"https:\/\/schema.org\",\"@graph\":[{\"@type\":\"Article\",\"@id\":\"https:\/\/www.ivanabeaumond.com.br\/vestidos-noiva\/o-romantico-casamento-de-mari-e-bruno-por-ivana-beaumond\/#article\",\"isPartOf\":{\"@id\":\"https:\/\/www.ivanabeaumond.com.br\/vestidos-noiva\/o-romantico-casamento-de-mari-e-bruno-por-ivana-beaumond\/\"},\"author\":{\"name\":\"Ivana Beaumond Paris\",\"@id\":\"https:\/\/www.ivanabeaumond.com.br\/vestidos-noiva\/#\/schema\/person\/1a360c4cffa3b806d29a456389dcff26\"},\"headline\":\"O rom\u00e2ntico casamento de Mari e Bruno por Ivana Beaumond&#8230;\",\"datePublished\":\"2017-09-25T19:18:14+00:00\",\"dateModified\":\"2020-08-13T19:46:21+00:00\",\"mainEntityOfPage\":{\"@id\":\"https:\/\/www.ivanabeaumond.com.br\/vestidos-noiva\/o-romantico-casamento-de-mari-e-bruno-por-ivana-beaumond\/\"},\"wordCount\":223,\"commentCount\":0,\"publisher\":{\"@id\":\"https:\/\/www.ivanabeaumond.com.br\/vestidos-noiva\/#organization\"},\"keywords\":[\"atelierivanabeaumond\",\"casamento criativo\",\"casamentoblindado\",\"convite de casamento\",\"convite luxuoso\",\"festa de casamento\",\"modanoiva\",\"vestido de festa\",\"vestido de noiva\"],\"articleSection\":[\"Nossas Noivas\"],\"inLanguage\":\"pt-BR\",\"potentialAction\":[{\"@type\":\"CommentAction\",\"name\":\"Comment\",\"target\":[\"https:\/\/www.ivanabeaumond.com.br\/vestidos-noiva\/o-romantico-casamento-de-mari-e-bruno-por-ivana-beaumond\/#respond\"]}]},{\"@type\":\"WebPage\",\"@id\":\"https:\/\/www.ivanabeaumond.com.br\/vestidos-noiva\/o-romantico-casamento-de-mari-e-bruno-por-ivana-beaumond\/\",\"url\":\"https:\/\/www.ivanabeaumond.com.br\/vestidos-noiva\/o-romantico-casamento-de-mari-e-bruno-por-ivana-beaumond\/\",\"name\":\"O rom\u00e2ntico casamento de Mari e Bruno por Ivana Beaumond... - Vestido de Noiva RJ\",\"isPartOf\":{\"@id\":\"https:\/\/www.ivanabeaumond.com.br\/vestidos-noiva\/#website\"},\"datePublished\":\"2017-09-25T19:18:14+00:00\",\"dateModified\":\"2020-08-13T19:46:21+00:00\",\"breadcrumb\":{\"@id\":\"https:\/\/www.ivanabeaumond.com.br\/vestidos-noiva\/o-romantico-casamento-de-mari-e-bruno-por-ivana-beaumond\/#breadcrumb\"},\"inLanguage\":\"pt-BR\",\"potentialAction\":[{\"@type\":\"ReadAction\",\"target\":[\"https:\/\/www.ivanabeaumond.com.br\/vestidos-noiva\/o-romantico-casamento-de-mari-e-bruno-por-ivana-beaumond\/\"]}]},{\"@type\":\"BreadcrumbList\",\"@id\":\"https:\/\/www.ivanabeaumond.com.br\/vestidos-noiva\/o-romantico-casamento-de-mari-e-bruno-por-ivana-beaumond\/#breadcrumb\",\"itemListElement\":[{\"@type\":\"ListItem\",\"position\":1,\"name\":\"In\u00edcio\",\"item\":\"https:\/\/www.ivanabeaumond.com.br\/vestidos-noiva\/\"},{\"@type\":\"ListItem\",\"position\":2,\"name\":\"O rom\u00e2ntico casamento de Mari e Bruno por Ivana Beaumond&#8230;\"}]},{\"@type\":\"WebSite\",\"@id\":\"https:\/\/www.ivanabeaumond.com.br\/vestidos-noiva\/#website\",\"url\":\"https:\/\/www.ivanabeaumond.com.br\/vestidos-noiva\/\",\"name\":\"Vestido de Noiva RJ\",\"description\":\"Moda Noiva\",\"publisher\":{\"@id\":\"https:\/\/www.ivanabeaumond.com.br\/vestidos-noiva\/#organization\"},\"potentialAction\":[{\"@type\":\"SearchAction\",\"target\":{\"@type\":\"EntryPoint\",\"urlTemplate\":\"https:\/\/www.ivanabeaumond.com.br\/vestidos-noiva\/?s={search_term_string}\"},\"query-input\":\"required name=search_term_string\"}],\"inLanguage\":\"pt-BR\"},{\"@type\":\"Organization\",\"@id\":\"https:\/\/www.ivanabeaumond.com.br\/vestidos-noiva\/#organization\",\"name\":\"Vestido de Noiva RJ\",\"url\":\"https:\/\/www.ivanabeaumond.com.br\/vestidos-noiva\/\",\"logo\":{\"@type\":\"ImageObject\",\"inLanguage\":\"pt-BR\",\"@id\":\"https:\/\/www.ivanabeaumond.com.br\/vestidos-noiva\/#\/schema\/logo\/image\/\",\"url\":\"https:\/\/www.ivanabeaumond.com.br\/vestidos-noiva\/wp-content\/uploads\/2018\/02\/logo_ivana_beaumond-2.png\",\"contentUrl\":\"https:\/\/www.ivanabeaumond.com.br\/vestidos-noiva\/wp-content\/uploads\/2018\/02\/logo_ivana_beaumond-2.png\",\"width\":230,\"height\":112,\"caption\":\"Vestido de Noiva RJ\"},\"image\":{\"@id\":\"https:\/\/www.ivanabeaumond.com.br\/vestidos-noiva\/#\/schema\/logo\/image\/\"},\"sameAs\":[\"https:\/\/www.facebook.com\/ivana.beaumondnoivas\",\"https:\/\/www.instagram.com\/ivanabeaumond\/\",\"https:\/\/www.tiktok.com\/@ivanabeaumond\"]},{\"@type\":\"Person\",\"@id\":\"https:\/\/www.ivanabeaumond.com.br\/vestidos-noiva\/#\/schema\/person\/1a360c4cffa3b806d29a456389dcff26\",\"name\":\"Ivana Beaumond Paris\",\"image\":{\"@type\":\"ImageObject\",\"inLanguage\":\"pt-BR\",\"@id\":\"https:\/\/www.ivanabeaumond.com.br\/vestidos-noiva\/#\/schema\/person\/image\/\",\"url\":\"https:\/\/secure.gravatar.com\/avatar\/641f98db20b53ec937ceb641db4270b9?s=96&d=mm&r=g\",\"contentUrl\":\"https:\/\/secure.gravatar.com\/avatar\/641f98db20b53ec937ceb641db4270b9?s=96&d=mm&r=g\",\"caption\":\"Ivana Beaumond Paris\"},\"url\":\"https:\/\/www.ivanabeaumond.com.br\/vestidos-noiva\/author\/ivana\/\"}]}<\/script>\n<!-- \/ Yoast SEO plugin. -->","yoast_head_json":{"title":"O rom\u00e2ntico casamento de Mari e Bruno por Ivana Beaumond... - Vestido de Noiva RJ","robots":{"index":"index","follow":"follow","max-snippet":"max-snippet:-1","max-image-preview":"max-image-preview:large","max-video-preview":"max-video-preview:-1"},"canonical":"https:\/\/www.ivanabeaumond.com.br\/vestidos-noiva\/o-romantico-casamento-de-mari-e-bruno-por-ivana-beaumond\/","og_locale":"pt_BR","og_type":"article","og_title":"O rom\u00e2ntico casamento de Mari e Bruno por Ivana Beaumond... - Vestido de Noiva RJ","og_description":"Mari e Bruno se conheceram na festa de anivers\u00e1rio do...","og_url":"https:\/\/www.ivanabeaumond.com.br\/vestidos-noiva\/o-romantico-casamento-de-mari-e-bruno-por-ivana-beaumond\/","og_site_name":"Vestido de Noiva RJ","article_publisher":"https:\/\/www.facebook.com\/ivana.beaumondnoivas","article_published_time":"2017-09-25T19:18:14+00:00","article_modified_time":"2020-08-13T19:46:21+00:00","og_image":[{"width":685,"height":457,"url":"https:\/\/www.ivanabeaumond.com.br\/vestidos-noiva\/wp-content\/uploads\/2017\/09\/Vestido-de-Noiva-casamento-Mari-e-Bruno-Blog-IvanaBeaumond8.jpg","type":"image\/jpeg"}],"author":"Ivana Beaumond Paris","twitter_card":"summary_large_image","twitter_misc":{"Escrito por":"Ivana Beaumond Paris","Est. tempo de leitura":"1 minuto"},"schema":{"@context":"https:\/\/schema.org","@graph":[{"@type":"Article","@id":"https:\/\/www.ivanabeaumond.com.br\/vestidos-noiva\/o-romantico-casamento-de-mari-e-bruno-por-ivana-beaumond\/#article","isPartOf":{"@id":"https:\/\/www.ivanabeaumond.com.br\/vestidos-noiva\/o-romantico-casamento-de-mari-e-bruno-por-ivana-beaumond\/"},"author":{"name":"Ivana Beaumond Paris","@id":"https:\/\/www.ivanabeaumond.com.br\/vestidos-noiva\/#\/schema\/person\/1a360c4cffa3b806d29a456389dcff26"},"headline":"O rom\u00e2ntico casamento de Mari e Bruno por Ivana Beaumond&#8230;","datePublished":"2017-09-25T19:18:14+00:00","dateModified":"2020-08-13T19:46:21+00:00","mainEntityOfPage":{"@id":"https:\/\/www.ivanabeaumond.com.br\/vestidos-noiva\/o-romantico-casamento-de-mari-e-bruno-por-ivana-beaumond\/"},"wordCount":223,"commentCount":0,"publisher":{"@id":"https:\/\/www.ivanabeaumond.com.br\/vestidos-noiva\/#organization"},"keywords":["atelierivanabeaumond","casamento criativo","casamentoblindado","convite de casamento","convite luxuoso","festa de casamento","modanoiva","vestido de festa","vestido de noiva"],"articleSection":["Nossas Noivas"],"inLanguage":"pt-BR","potentialAction":[{"@type":"CommentAction","name":"Comment","target":["https:\/\/www.ivanabeaumond.com.br\/vestidos-noiva\/o-romantico-casamento-de-mari-e-bruno-por-ivana-beaumond\/#respond"]}]},{"@type":"WebPage","@id":"https:\/\/www.ivanabeaumond.com.br\/vestidos-noiva\/o-romantico-casamento-de-mari-e-bruno-por-ivana-beaumond\/","url":"https:\/\/www.ivanabeaumond.com.br\/vestidos-noiva\/o-romantico-casamento-de-mari-e-bruno-por-ivana-beaumond\/","name":"O rom\u00e2ntico casamento de Mari e Bruno por Ivana Beaumond... - Vestido de Noiva RJ","isPartOf":{"@id":"https:\/\/www.ivanabeaumond.com.br\/vestidos-noiva\/#website"},"datePublished":"2017-09-25T19:18:14+00:00","dateModified":"2020-08-13T19:46:21+00:00","breadcrumb":{"@id":"https:\/\/www.ivanabeaumond.com.br\/vestidos-noiva\/o-romantico-casamento-de-mari-e-bruno-por-ivana-beaumond\/#breadcrumb"},"inLanguage":"pt-BR","potentialAction":[{"@type":"ReadAction","target":["https:\/\/www.ivanabeaumond.com.br\/vestidos-noiva\/o-romantico-casamento-de-mari-e-bruno-por-ivana-beaumond\/"]}]},{"@type":"BreadcrumbList","@id":"https:\/\/www.ivanabeaumond.com.br\/vestidos-noiva\/o-romantico-casamento-de-mari-e-bruno-por-ivana-beaumond\/#breadcrumb","itemListElement":[{"@type":"ListItem","position":1,"name":"In\u00edcio","item":"https:\/\/www.ivanabeaumond.com.br\/vestidos-noiva\/"},{"@type":"ListItem","position":2,"name":"O rom\u00e2ntico casamento de Mari e Bruno por Ivana Beaumond&#8230;"}]},{"@type":"WebSite","@id":"https:\/\/www.ivanabeaumond.com.br\/vestidos-noiva\/#website","url":"https:\/\/www.ivanabeaumond.com.br\/vestidos-noiva\/","name":"Vestido de Noiva RJ","description":"Moda Noiva","publisher":{"@id":"https:\/\/www.ivanabeaumond.com.br\/vestidos-noiva\/#organization"},"potentialAction":[{"@type":"SearchAction","target":{"@type":"EntryPoint","urlTemplate":"https:\/\/www.ivanabeaumond.com.br\/vestidos-noiva\/?s={search_term_string}"},"query-input":"required name=search_term_string"}],"inLanguage":"pt-BR"},{"@type":"Organization","@id":"https:\/\/www.ivanabeaumond.com.br\/vestidos-noiva\/#organization","name":"Vestido de Noiva RJ","url":"https:\/\/www.ivanabeaumond.com.br\/vestidos-noiva\/","logo":{"@type":"ImageObject","inLanguage":"pt-BR","@id":"https:\/\/www.ivanabeaumond.com.br\/vestidos-noiva\/#\/schema\/logo\/image\/","url":"https:\/\/www.ivanabeaumond.com.br\/vestidos-noiva\/wp-content\/uploads\/2018\/02\/logo_ivana_beaumond-2.png","contentUrl":"https:\/\/www.ivanabeaumond.com.br\/vestidos-noiva\/wp-content\/uploads\/2018\/02\/logo_ivana_beaumond-2.png","width":230,"height":112,"caption":"Vestido de Noiva RJ"},"image":{"@id":"https:\/\/www.ivanabeaumond.com.br\/vestidos-noiva\/#\/schema\/logo\/image\/"},"sameAs":["https:\/\/www.facebook.com\/ivana.beaumondnoivas","https:\/\/www.instagram.com\/ivanabeaumond\/","https:\/\/www.tiktok.com\/@ivanabeaumond"]},{"@type":"Person","@id":"https:\/\/www.ivanabeaumond.com.br\/vestidos-noiva\/#\/schema\/person\/1a360c4cffa3b806d29a456389dcff26","name":"Ivana Beaumond Paris","image":{"@type":"ImageObject","inLanguage":"pt-BR","@id":"https:\/\/www.ivanabeaumond.com.br\/vestidos-noiva\/#\/schema\/person\/image\/","url":"https:\/\/secure.gravatar.com\/avatar\/641f98db20b53ec937ceb641db4270b9?s=96&d=mm&r=g","contentUrl":"https:\/\/secure.gravatar.com\/avatar\/641f98db20b53ec937ceb641db4270b9?s=96&d=mm&r=g","caption":"Ivana Beaumond Paris"},"url":"https:\/\/www.ivanabeaumond.com.br\/vestidos-noiva\/author\/ivana\/"}]}},"_links":{"self":[{"href":"https:\/\/www.ivanabeaumond.com.br\/vestidos-noiva\/wp-json\/wp\/v2\/posts\/13679"}],"collection":[{"href":"https:\/\/www.ivanabeaumond.com.br\/vestidos-noiva\/wp-json\/wp\/v2\/posts"}],"about":[{"href":"https:\/\/www.ivanabeaumond.com.br\/vestidos-noiva\/wp-json\/wp\/v2\/types\/post"}],"author":[{"embeddable":true,"href":"https:\/\/www.ivanabeaumond.com.br\/vestidos-noiva\/wp-json\/wp\/v2\/users\/4"}],"replies":[{"embeddable":true,"href":"https:\/\/www.ivanabeaumond.com.br\/vestidos-noiva\/wp-json\/wp\/v2\/comments?post=13679"}],"version-history":[{"count":7,"href":"https:\/\/www.ivanabeaumond.com.br\/vestidos-noiva\/wp-json\/wp\/v2\/posts\/13679\/revisions"}],"predecessor-version":[{"id":25742,"href":"https:\/\/www.ivanabeaumond.com.br\/vestidos-noiva\/wp-json\/wp\/v2\/posts\/13679\/revisions\/25742"}],"wp:featuredmedia":[{"embeddable":true,"href":"https:\/\/www.ivanabeaumond.com.br\/vestidos-noiva\/wp-json\/wp\/v2\/media\/13680"}],"wp:attachment":[{"href":"https:\/\/www.ivanabeaumond.com.br\/vestidos-noiva\/wp-json\/wp\/v2\/media?parent=13679"}],"wp:term":[{"taxonomy":"category","embeddable":true,"href":"https:\/\/www.ivanabeaumond.com.br\/vestidos-noiva\/wp-json\/wp\/v2\/categories?post=13679"},{"taxonomy":"post_tag","embeddable":true,"href":"https:\/\/www.ivanabeaumond.com.br\/vestidos-noiva\/wp-json\/wp\/v2\/tags?post=13679"}],"curies":[{"name":"wp","href":"https:\/\/api.w.org\/{rel}","templated":true}]}}