{"id":13710,"date":"2017-09-25T16:42:10","date_gmt":"2017-09-25T19:42:10","guid":{"rendered":"http:\/\/www.ivanabeaumond.com.br\/vestidos-noiva\/?p=13710"},"modified":"2017-10-23T15:19:22","modified_gmt":"2017-10-23T17:19:22","slug":"penteados-tudo-o-que-voce-precisa-saber","status":"publish","type":"post","link":"https:\/\/www.ivanabeaumond.com.br\/vestidos-noiva\/penteados-tudo-o-que-voce-precisa-saber\/","title":{"rendered":"Penteados | tudo o que voc\u00ea precisa saber&#8230;"},"content":{"rendered":"<h4><span style=\"color: #999999;\"><em><strong>Para os cabelos longos ou Compridos..<\/strong><\/em><\/span><\/h4>\n<h4 style=\"text-align: justify;\"><span style=\"color: #999999;\">Voc\u00ea pode escolher entre um penteado mais solto, mais preso, ou quem sabe, uma op\u00e7\u00e3o de penteado com tra\u00e7as.\u00a0\u00a0<\/span><\/h4>\n<div id=\"attachment_13715\" style=\"width: 746px\" class=\"wp-caption aligncenter\"><a href=\"http:\/\/www.ivanabeaumond.com.br\/vestidos-noiva\/wp-content\/uploads\/2017\/09\/penteados-para-festa-longos-blog-ivanabeaumond.jpg\"><img aria-describedby=\"caption-attachment-13715\" decoding=\"async\" loading=\"lazy\" class=\"wp-image-13715\" src=\"http:\/\/www.ivanabeaumond.com.br\/vestidos-noiva\/wp-content\/uploads\/2017\/09\/penteados-para-festa-longos-blog-ivanabeaumond.jpg\" alt=\"penteados-para-festa-longos-blog-ivanabeaumond\" width=\"736\" height=\"368\" srcset=\"https:\/\/www.ivanabeaumond.com.br\/vestidos-noiva\/wp-content\/uploads\/2017\/09\/penteados-para-festa-longos-blog-ivanabeaumond.jpg 800w, https:\/\/www.ivanabeaumond.com.br\/vestidos-noiva\/wp-content\/uploads\/2017\/09\/penteados-para-festa-longos-blog-ivanabeaumond-300x150.jpg 300w\" sizes=\"(max-width: 736px) 100vw, 736px\" \/><\/a><p id=\"caption-attachment-13715\" class=\"wp-caption-text\"><span style=\"color: #999999;\">imagem tirada da internet<\/span><\/p><\/div>\n<p style=\"text-align: justify;\"><span style=\"color: #ffffff;\">&#8211;<\/span><\/p>\n<p style=\"text-align: justify;\"><span style=\"color: #ffffff;\">&#8211;<\/span><\/p>\n<h4 style=\"text-align: justify;\"><em><strong><span style=\"color: #999999;\">Cabelos M\u00e9dios<\/span><\/strong><\/em><\/h4>\n<h4 style=\"text-align: justify;\"><span style=\"color: #999999;\">J\u00e1 para meninas que tem cabelos m\u00e9dios, tamb\u00e9m \u00e9 poss\u00edvel encontrar diversas op\u00e7\u00f5es para usar e ficar linda na sua festa de 15 anos.\u00a0Para cabelos m\u00e9dios, penteados presos, coques e tran\u00e7as ficam lindos! E voc\u00ea tamb\u00e9m deve abusar nos acess\u00f3rios para cabe\u00e7a, como tiaras e coroas, que ficam lindos e ajudam a dar aquele up em qualquer penteado.<\/span><\/h4>\n<div id=\"attachment_13730\" style=\"width: 810px\" class=\"wp-caption aligncenter\"><a href=\"http:\/\/www.ivanabeaumond.com.br\/vestidos-noiva\/wp-content\/uploads\/2017\/09\/penteados-para-festa-longos-blog-ivanabeaumond4.jpg\"><img aria-describedby=\"caption-attachment-13730\" decoding=\"async\" loading=\"lazy\" class=\"wp-image-13730 size-full\" src=\"http:\/\/www.ivanabeaumond.com.br\/vestidos-noiva\/wp-content\/uploads\/2017\/09\/penteados-para-festa-longos-blog-ivanabeaumond4.jpg\" alt=\"penteados-para-festa-longos-blog-ivanabeaumond4\" width=\"800\" height=\"400\" srcset=\"https:\/\/www.ivanabeaumond.com.br\/vestidos-noiva\/wp-content\/uploads\/2017\/09\/penteados-para-festa-longos-blog-ivanabeaumond4.jpg 800w, https:\/\/www.ivanabeaumond.com.br\/vestidos-noiva\/wp-content\/uploads\/2017\/09\/penteados-para-festa-longos-blog-ivanabeaumond4-300x150.jpg 300w\" sizes=\"(max-width: 800px) 100vw, 800px\" \/><\/a><p id=\"caption-attachment-13730\" class=\"wp-caption-text\"><span style=\"color: #999999;\">imagem retirada na internet<\/span><\/p><\/div>\n<p><span style=\"color: #ffffff;\">&#8211;<\/span><\/p>\n<p><span style=\"color: #ffffff;\">&#8211;<\/span><\/p>\n<h4 style=\"text-align: justify;\"><strong><em><span style=\"color: #999999;\">Penteados para Festa \u2013 Cabelos Curtos<\/span><\/em><\/strong><\/h4>\n<h4 style=\"text-align: justify;\"><span style=\"color: #999999;\">Para as meninas de cabelo curto, pode at\u00e9 parecer que n\u00e3o tem muito o que fazer quando se tem pouco cabelo, mas tem sim! Para as debutantes com cabelos curtos os penteados meio presos e meio soltos ficam lindos, penteados com coques e tran\u00e7as tamb\u00e9m podem ser utilizados. Para quem preferir usar um cabelo mais solto, pode acrescentar um acess\u00f3rio para dar aquela valorizada a mais no penteado.<\/span><\/h4>\n<div id=\"attachment_13731\" style=\"width: 810px\" class=\"wp-caption alignnone\"><a href=\"http:\/\/www.ivanabeaumond.com.br\/vestidos-noiva\/wp-content\/uploads\/2017\/09\/penteados-festa-cebelos-curtos-blog-ivanabeaumond.jpg\"><img aria-describedby=\"caption-attachment-13731\" decoding=\"async\" loading=\"lazy\" class=\"wp-image-13731 size-full\" src=\"http:\/\/www.ivanabeaumond.com.br\/vestidos-noiva\/wp-content\/uploads\/2017\/09\/penteados-festa-cebelos-curtos-blog-ivanabeaumond.jpg\" alt=\"penteados-festa-cebelos-curtos-blog-ivanabeaumond\" width=\"800\" height=\"400\" srcset=\"https:\/\/www.ivanabeaumond.com.br\/vestidos-noiva\/wp-content\/uploads\/2017\/09\/penteados-festa-cebelos-curtos-blog-ivanabeaumond.jpg 800w, https:\/\/www.ivanabeaumond.com.br\/vestidos-noiva\/wp-content\/uploads\/2017\/09\/penteados-festa-cebelos-curtos-blog-ivanabeaumond-300x150.jpg 300w\" sizes=\"(max-width: 800px) 100vw, 800px\" \/><\/a><p id=\"caption-attachment-13731\" class=\"wp-caption-text\"><span style=\"color: #999999;\">imagem retirada na internet<\/span><\/p><\/div>\n<p><span style=\"color: #ffffff;\">&#8211;<\/span><\/p>\n<h4 style=\"text-align: justify;\"><span style=\"color: #999999;\">Gostou da dicas? Nos siga tamb\u00e9m no instagram e fique por dentro de tudo o que rola no mundo das Debutantes&#8230;<\/span><br \/>\n<a href=\"https:\/\/www.instagram.com\/ivanabeaumond_debutantes\/\" target=\"_blank\"><span style=\"color: #999999;\">@ivanabeaumond_debutantes<\/span><\/a><\/h4>\n","protected":false},"excerpt":{"rendered":"<p>Para os cabelos longos ou Compridos.. Voc\u00ea pode escolher entre&#8230;<\/p>\n","protected":false},"author":4,"featured_media":13733,"comment_status":"open","ping_status":"open","sticky":false,"template":"","format":"standard","meta":[],"categories":[129],"tags":[133,113,147,153,154,102,155,138,115],"yoast_head":"<!-- This site is optimized with the Yoast SEO plugin v20.3 - https:\/\/yoast.com\/wordpress\/plugins\/seo\/ -->\n<title>Penteados | tudo o que voc\u00ea precisa saber... - Vestido de Noiva RJ<\/title>\n<meta name=\"robots\" content=\"index, follow, max-snippet:-1, max-image-preview:large, max-video-preview:-1\" \/>\n<link rel=\"canonical\" href=\"https:\/\/www.ivanabeaumond.com.br\/vestidos-noiva\/penteados-tudo-o-que-voce-precisa-saber\/\" \/>\n<meta property=\"og:locale\" content=\"pt_BR\" \/>\n<meta property=\"og:type\" content=\"article\" \/>\n<meta property=\"og:title\" content=\"Penteados | tudo o que voc\u00ea precisa saber... - Vestido de Noiva RJ\" \/>\n<meta property=\"og:description\" content=\"Para os cabelos longos ou Compridos.. Voc\u00ea pode escolher entre...\" \/>\n<meta property=\"og:url\" content=\"https:\/\/www.ivanabeaumond.com.br\/vestidos-noiva\/penteados-tudo-o-que-voce-precisa-saber\/\" \/>\n<meta property=\"og:site_name\" content=\"Vestido de Noiva RJ\" \/>\n<meta property=\"article:publisher\" content=\"https:\/\/www.facebook.com\/ivana.beaumondnoivas\" \/>\n<meta property=\"article:published_time\" content=\"2017-09-25T19:42:10+00:00\" \/>\n<meta property=\"article:modified_time\" content=\"2017-10-23T17:19:22+00:00\" \/>\n<meta property=\"og:image\" content=\"https:\/\/www.ivanabeaumond.com.br\/vestidos-noiva\/wp-content\/uploads\/2017\/09\/penteados-para-festa-longos-blog-ivanabeaumond1-horz.jpg\" \/>\n\t<meta property=\"og:image:width\" content=\"2441\" \/>\n\t<meta property=\"og:image:height\" content=\"1160\" \/>\n\t<meta property=\"og:image:type\" content=\"image\/jpeg\" \/>\n<meta name=\"author\" content=\"Ivana Beaumond Paris\" \/>\n<meta name=\"twitter:card\" content=\"summary_large_image\" \/>\n<meta name=\"twitter:label1\" content=\"Escrito por\" \/>\n\t<meta name=\"twitter:data1\" content=\"Ivana Beaumond Paris\" \/>\n\t<meta name=\"twitter:label2\" content=\"Est. tempo de leitura\" \/>\n\t<meta name=\"twitter:data2\" content=\"1 minuto\" \/>\n<script type=\"application\/ld+json\" class=\"yoast-schema-graph\">{\"@context\":\"https:\/\/schema.org\",\"@graph\":[{\"@type\":\"Article\",\"@id\":\"https:\/\/www.ivanabeaumond.com.br\/vestidos-noiva\/penteados-tudo-o-que-voce-precisa-saber\/#article\",\"isPartOf\":{\"@id\":\"https:\/\/www.ivanabeaumond.com.br\/vestidos-noiva\/penteados-tudo-o-que-voce-precisa-saber\/\"},\"author\":{\"name\":\"Ivana Beaumond Paris\",\"@id\":\"https:\/\/www.ivanabeaumond.com.br\/vestidos-noiva\/#\/schema\/person\/1a360c4cffa3b806d29a456389dcff26\"},\"headline\":\"Penteados | tudo o que voc\u00ea precisa saber&#8230;\",\"datePublished\":\"2017-09-25T19:42:10+00:00\",\"dateModified\":\"2017-10-23T17:19:22+00:00\",\"mainEntityOfPage\":{\"@id\":\"https:\/\/www.ivanabeaumond.com.br\/vestidos-noiva\/penteados-tudo-o-que-voce-precisa-saber\/\"},\"wordCount\":242,\"commentCount\":0,\"publisher\":{\"@id\":\"https:\/\/www.ivanabeaumond.com.br\/vestidos-noiva\/#organization\"},\"keywords\":[\"atelierivanabeaumond\",\"casamento criativo\",\"casamentoblindado\",\"convite de casamento\",\"convite luxuoso\",\"festa de casamento\",\"modanoiva\",\"vestido de festa\",\"vestido de noiva\"],\"articleSection\":[\"Espa\u00e7o Debutantes\"],\"inLanguage\":\"pt-BR\",\"potentialAction\":[{\"@type\":\"CommentAction\",\"name\":\"Comment\",\"target\":[\"https:\/\/www.ivanabeaumond.com.br\/vestidos-noiva\/penteados-tudo-o-que-voce-precisa-saber\/#respond\"]}]},{\"@type\":\"WebPage\",\"@id\":\"https:\/\/www.ivanabeaumond.com.br\/vestidos-noiva\/penteados-tudo-o-que-voce-precisa-saber\/\",\"url\":\"https:\/\/www.ivanabeaumond.com.br\/vestidos-noiva\/penteados-tudo-o-que-voce-precisa-saber\/\",\"name\":\"Penteados | tudo o que voc\u00ea precisa saber... - Vestido de Noiva RJ\",\"isPartOf\":{\"@id\":\"https:\/\/www.ivanabeaumond.com.br\/vestidos-noiva\/#website\"},\"datePublished\":\"2017-09-25T19:42:10+00:00\",\"dateModified\":\"2017-10-23T17:19:22+00:00\",\"breadcrumb\":{\"@id\":\"https:\/\/www.ivanabeaumond.com.br\/vestidos-noiva\/penteados-tudo-o-que-voce-precisa-saber\/#breadcrumb\"},\"inLanguage\":\"pt-BR\",\"potentialAction\":[{\"@type\":\"ReadAction\",\"target\":[\"https:\/\/www.ivanabeaumond.com.br\/vestidos-noiva\/penteados-tudo-o-que-voce-precisa-saber\/\"]}]},{\"@type\":\"BreadcrumbList\",\"@id\":\"https:\/\/www.ivanabeaumond.com.br\/vestidos-noiva\/penteados-tudo-o-que-voce-precisa-saber\/#breadcrumb\",\"itemListElement\":[{\"@type\":\"ListItem\",\"position\":1,\"name\":\"In\u00edcio\",\"item\":\"https:\/\/www.ivanabeaumond.com.br\/vestidos-noiva\/\"},{\"@type\":\"ListItem\",\"position\":2,\"name\":\"Penteados | tudo o que voc\u00ea precisa saber&#8230;\"}]},{\"@type\":\"WebSite\",\"@id\":\"https:\/\/www.ivanabeaumond.com.br\/vestidos-noiva\/#website\",\"url\":\"https:\/\/www.ivanabeaumond.com.br\/vestidos-noiva\/\",\"name\":\"Vestido de Noiva RJ\",\"description\":\"Moda Noiva\",\"publisher\":{\"@id\":\"https:\/\/www.ivanabeaumond.com.br\/vestidos-noiva\/#organization\"},\"potentialAction\":[{\"@type\":\"SearchAction\",\"target\":{\"@type\":\"EntryPoint\",\"urlTemplate\":\"https:\/\/www.ivanabeaumond.com.br\/vestidos-noiva\/?s={search_term_string}\"},\"query-input\":\"required name=search_term_string\"}],\"inLanguage\":\"pt-BR\"},{\"@type\":\"Organization\",\"@id\":\"https:\/\/www.ivanabeaumond.com.br\/vestidos-noiva\/#organization\",\"name\":\"Vestido de Noiva RJ\",\"url\":\"https:\/\/www.ivanabeaumond.com.br\/vestidos-noiva\/\",\"logo\":{\"@type\":\"ImageObject\",\"inLanguage\":\"pt-BR\",\"@id\":\"https:\/\/www.ivanabeaumond.com.br\/vestidos-noiva\/#\/schema\/logo\/image\/\",\"url\":\"https:\/\/www.ivanabeaumond.com.br\/vestidos-noiva\/wp-content\/uploads\/2018\/02\/logo_ivana_beaumond-2.png\",\"contentUrl\":\"https:\/\/www.ivanabeaumond.com.br\/vestidos-noiva\/wp-content\/uploads\/2018\/02\/logo_ivana_beaumond-2.png\",\"width\":230,\"height\":112,\"caption\":\"Vestido de Noiva RJ\"},\"image\":{\"@id\":\"https:\/\/www.ivanabeaumond.com.br\/vestidos-noiva\/#\/schema\/logo\/image\/\"},\"sameAs\":[\"https:\/\/www.facebook.com\/ivana.beaumondnoivas\",\"https:\/\/www.instagram.com\/ivanabeaumond\/\",\"https:\/\/www.tiktok.com\/@ivanabeaumond\"]},{\"@type\":\"Person\",\"@id\":\"https:\/\/www.ivanabeaumond.com.br\/vestidos-noiva\/#\/schema\/person\/1a360c4cffa3b806d29a456389dcff26\",\"name\":\"Ivana Beaumond Paris\",\"image\":{\"@type\":\"ImageObject\",\"inLanguage\":\"pt-BR\",\"@id\":\"https:\/\/www.ivanabeaumond.com.br\/vestidos-noiva\/#\/schema\/person\/image\/\",\"url\":\"https:\/\/secure.gravatar.com\/avatar\/641f98db20b53ec937ceb641db4270b9?s=96&d=mm&r=g\",\"contentUrl\":\"https:\/\/secure.gravatar.com\/avatar\/641f98db20b53ec937ceb641db4270b9?s=96&d=mm&r=g\",\"caption\":\"Ivana Beaumond Paris\"},\"url\":\"https:\/\/www.ivanabeaumond.com.br\/vestidos-noiva\/author\/ivana\/\"}]}<\/script>\n<!-- \/ Yoast SEO plugin. -->","yoast_head_json":{"title":"Penteados | tudo o que voc\u00ea precisa saber... - Vestido de Noiva RJ","robots":{"index":"index","follow":"follow","max-snippet":"max-snippet:-1","max-image-preview":"max-image-preview:large","max-video-preview":"max-video-preview:-1"},"canonical":"https:\/\/www.ivanabeaumond.com.br\/vestidos-noiva\/penteados-tudo-o-que-voce-precisa-saber\/","og_locale":"pt_BR","og_type":"article","og_title":"Penteados | tudo o que voc\u00ea precisa saber... - Vestido de Noiva RJ","og_description":"Para os cabelos longos ou Compridos.. Voc\u00ea pode escolher entre...","og_url":"https:\/\/www.ivanabeaumond.com.br\/vestidos-noiva\/penteados-tudo-o-que-voce-precisa-saber\/","og_site_name":"Vestido de Noiva RJ","article_publisher":"https:\/\/www.facebook.com\/ivana.beaumondnoivas","article_published_time":"2017-09-25T19:42:10+00:00","article_modified_time":"2017-10-23T17:19:22+00:00","og_image":[{"width":2441,"height":1160,"url":"https:\/\/www.ivanabeaumond.com.br\/vestidos-noiva\/wp-content\/uploads\/2017\/09\/penteados-para-festa-longos-blog-ivanabeaumond1-horz.jpg","type":"image\/jpeg"}],"author":"Ivana Beaumond Paris","twitter_card":"summary_large_image","twitter_misc":{"Escrito por":"Ivana Beaumond Paris","Est. tempo de leitura":"1 minuto"},"schema":{"@context":"https:\/\/schema.org","@graph":[{"@type":"Article","@id":"https:\/\/www.ivanabeaumond.com.br\/vestidos-noiva\/penteados-tudo-o-que-voce-precisa-saber\/#article","isPartOf":{"@id":"https:\/\/www.ivanabeaumond.com.br\/vestidos-noiva\/penteados-tudo-o-que-voce-precisa-saber\/"},"author":{"name":"Ivana Beaumond Paris","@id":"https:\/\/www.ivanabeaumond.com.br\/vestidos-noiva\/#\/schema\/person\/1a360c4cffa3b806d29a456389dcff26"},"headline":"Penteados | tudo o que voc\u00ea precisa saber&#8230;","datePublished":"2017-09-25T19:42:10+00:00","dateModified":"2017-10-23T17:19:22+00:00","mainEntityOfPage":{"@id":"https:\/\/www.ivanabeaumond.com.br\/vestidos-noiva\/penteados-tudo-o-que-voce-precisa-saber\/"},"wordCount":242,"commentCount":0,"publisher":{"@id":"https:\/\/www.ivanabeaumond.com.br\/vestidos-noiva\/#organization"},"keywords":["atelierivanabeaumond","casamento criativo","casamentoblindado","convite de casamento","convite luxuoso","festa de casamento","modanoiva","vestido de festa","vestido de noiva"],"articleSection":["Espa\u00e7o Debutantes"],"inLanguage":"pt-BR","potentialAction":[{"@type":"CommentAction","name":"Comment","target":["https:\/\/www.ivanabeaumond.com.br\/vestidos-noiva\/penteados-tudo-o-que-voce-precisa-saber\/#respond"]}]},{"@type":"WebPage","@id":"https:\/\/www.ivanabeaumond.com.br\/vestidos-noiva\/penteados-tudo-o-que-voce-precisa-saber\/","url":"https:\/\/www.ivanabeaumond.com.br\/vestidos-noiva\/penteados-tudo-o-que-voce-precisa-saber\/","name":"Penteados | tudo o que voc\u00ea precisa saber... - Vestido de Noiva RJ","isPartOf":{"@id":"https:\/\/www.ivanabeaumond.com.br\/vestidos-noiva\/#website"},"datePublished":"2017-09-25T19:42:10+00:00","dateModified":"2017-10-23T17:19:22+00:00","breadcrumb":{"@id":"https:\/\/www.ivanabeaumond.com.br\/vestidos-noiva\/penteados-tudo-o-que-voce-precisa-saber\/#breadcrumb"},"inLanguage":"pt-BR","potentialAction":[{"@type":"ReadAction","target":["https:\/\/www.ivanabeaumond.com.br\/vestidos-noiva\/penteados-tudo-o-que-voce-precisa-saber\/"]}]},{"@type":"BreadcrumbList","@id":"https:\/\/www.ivanabeaumond.com.br\/vestidos-noiva\/penteados-tudo-o-que-voce-precisa-saber\/#breadcrumb","itemListElement":[{"@type":"ListItem","position":1,"name":"In\u00edcio","item":"https:\/\/www.ivanabeaumond.com.br\/vestidos-noiva\/"},{"@type":"ListItem","position":2,"name":"Penteados | tudo o que voc\u00ea precisa saber&#8230;"}]},{"@type":"WebSite","@id":"https:\/\/www.ivanabeaumond.com.br\/vestidos-noiva\/#website","url":"https:\/\/www.ivanabeaumond.com.br\/vestidos-noiva\/","name":"Vestido de Noiva RJ","description":"Moda Noiva","publisher":{"@id":"https:\/\/www.ivanabeaumond.com.br\/vestidos-noiva\/#organization"},"potentialAction":[{"@type":"SearchAction","target":{"@type":"EntryPoint","urlTemplate":"https:\/\/www.ivanabeaumond.com.br\/vestidos-noiva\/?s={search_term_string}"},"query-input":"required name=search_term_string"}],"inLanguage":"pt-BR"},{"@type":"Organization","@id":"https:\/\/www.ivanabeaumond.com.br\/vestidos-noiva\/#organization","name":"Vestido de Noiva RJ","url":"https:\/\/www.ivanabeaumond.com.br\/vestidos-noiva\/","logo":{"@type":"ImageObject","inLanguage":"pt-BR","@id":"https:\/\/www.ivanabeaumond.com.br\/vestidos-noiva\/#\/schema\/logo\/image\/","url":"https:\/\/www.ivanabeaumond.com.br\/vestidos-noiva\/wp-content\/uploads\/2018\/02\/logo_ivana_beaumond-2.png","contentUrl":"https:\/\/www.ivanabeaumond.com.br\/vestidos-noiva\/wp-content\/uploads\/2018\/02\/logo_ivana_beaumond-2.png","width":230,"height":112,"caption":"Vestido de Noiva RJ"},"image":{"@id":"https:\/\/www.ivanabeaumond.com.br\/vestidos-noiva\/#\/schema\/logo\/image\/"},"sameAs":["https:\/\/www.facebook.com\/ivana.beaumondnoivas","https:\/\/www.instagram.com\/ivanabeaumond\/","https:\/\/www.tiktok.com\/@ivanabeaumond"]},{"@type":"Person","@id":"https:\/\/www.ivanabeaumond.com.br\/vestidos-noiva\/#\/schema\/person\/1a360c4cffa3b806d29a456389dcff26","name":"Ivana Beaumond Paris","image":{"@type":"ImageObject","inLanguage":"pt-BR","@id":"https:\/\/www.ivanabeaumond.com.br\/vestidos-noiva\/#\/schema\/person\/image\/","url":"https:\/\/secure.gravatar.com\/avatar\/641f98db20b53ec937ceb641db4270b9?s=96&d=mm&r=g","contentUrl":"https:\/\/secure.gravatar.com\/avatar\/641f98db20b53ec937ceb641db4270b9?s=96&d=mm&r=g","caption":"Ivana Beaumond Paris"},"url":"https:\/\/www.ivanabeaumond.com.br\/vestidos-noiva\/author\/ivana\/"}]}},"_links":{"self":[{"href":"https:\/\/www.ivanabeaumond.com.br\/vestidos-noiva\/wp-json\/wp\/v2\/posts\/13710"}],"collection":[{"href":"https:\/\/www.ivanabeaumond.com.br\/vestidos-noiva\/wp-json\/wp\/v2\/posts"}],"about":[{"href":"https:\/\/www.ivanabeaumond.com.br\/vestidos-noiva\/wp-json\/wp\/v2\/types\/post"}],"author":[{"embeddable":true,"href":"https:\/\/www.ivanabeaumond.com.br\/vestidos-noiva\/wp-json\/wp\/v2\/users\/4"}],"replies":[{"embeddable":true,"href":"https:\/\/www.ivanabeaumond.com.br\/vestidos-noiva\/wp-json\/wp\/v2\/comments?post=13710"}],"version-history":[{"count":8,"href":"https:\/\/www.ivanabeaumond.com.br\/vestidos-noiva\/wp-json\/wp\/v2\/posts\/13710\/revisions"}],"predecessor-version":[{"id":13911,"href":"https:\/\/www.ivanabeaumond.com.br\/vestidos-noiva\/wp-json\/wp\/v2\/posts\/13710\/revisions\/13911"}],"wp:featuredmedia":[{"embeddable":true,"href":"https:\/\/www.ivanabeaumond.com.br\/vestidos-noiva\/wp-json\/wp\/v2\/media\/13733"}],"wp:attachment":[{"href":"https:\/\/www.ivanabeaumond.com.br\/vestidos-noiva\/wp-json\/wp\/v2\/media?parent=13710"}],"wp:term":[{"taxonomy":"category","embeddable":true,"href":"https:\/\/www.ivanabeaumond.com.br\/vestidos-noiva\/wp-json\/wp\/v2\/categories?post=13710"},{"taxonomy":"post_tag","embeddable":true,"href":"https:\/\/www.ivanabeaumond.com.br\/vestidos-noiva\/wp-json\/wp\/v2\/tags?post=13710"}],"curies":[{"name":"wp","href":"https:\/\/api.w.org\/{rel}","templated":true}]}}