{"id":13787,"date":"2017-10-02T17:00:27","date_gmt":"2017-10-02T20:00:27","guid":{"rendered":"http:\/\/www.ivanabeaumond.com.br\/vestidos-noiva\/?p=13787"},"modified":"2017-10-23T15:17:53","modified_gmt":"2017-10-23T17:17:53","slug":"damas-e-pajens-nosso-carinho-especial","status":"publish","type":"post","link":"https:\/\/www.ivanabeaumond.com.br\/vestidos-noiva\/damas-e-pajens-nosso-carinho-especial\/","title":{"rendered":"Damas e Pajens, nosso carinho especial&#8230;"},"content":{"rendered":"<h4 style=\"text-align: justify;\"><span style=\"color: #999999;\">Os pequenos protagonistas tamb\u00e9m devem estar bem trajados, afinal s\u00e3o eles que v\u00e3o anunciar que a noiva est\u00e1 chegando. Veja as dicas e ideias que selecionamos para voc\u00ea conseguir deix\u00e1-los em harmonia com sua cerim\u00f4nia. T\u00e3o importante como qualquer outro detalhe do casamento a roupa das damas e dos pajens merecem uma aten\u00e7\u00e3o especial. S\u00e3o eles os \u201cabre alas\u201d da cerim\u00f4nia e devem estar vestidos \u00e0 car\u00e1ter para que possam complementar o estilo do casamento. Sempre \u00e9 a noiva que define como quer os trajes dos pequenos, assim dedique um tempo para escolher \u201ca dedo\u201d.<\/span><\/h4>\n<p style=\"text-align: justify;\"><span style=\"color: #ffffff;\">&#8211;<\/span><\/p>\n<p style=\"text-align: justify;\"><span style=\"color: #ffffff;\">&#8211;<\/span><\/p>\n<h3 style=\"text-align: justify;\"><span style=\"color: #999999;\">Traje damas<\/span><\/h3>\n<h4 style=\"text-align: justify;\"><span style=\"color: #999999;\">Sempre em harmonia com o vestido de noiva, mas que n\u00e3o seja igual. Se for mais de uma dama, o ideal \u00e9 que os vestidos sejam id\u00eanticos para n\u00e3o poluir com muita informa\u00e7\u00e3o. Para casamentos de dia prefira os tecidos mais leves e sem brilho. Saia com pouco volume e at\u00e9 a altura da canela, para facilitar a caminhada at\u00e9 o altar. As cores claras como branco, p\u00e9rola ou tons pastel bem suaves s\u00e3o as mais adequadas. Em casamentos noturnos um leve brilho ou bordado delicado seguindo as mesmas cores citadas.<\/span><\/h4>\n<p style=\"text-align: justify;\"><a href=\"http:\/\/www.ivanabeaumond.com.br\/vestidos-noiva\/wp-content\/uploads\/2017\/09\/traje-pajen-blog-IvanaBeaumond-damas-e-pajens6.jpg\"><img decoding=\"async\" loading=\"lazy\" class=\"aligncenter size-full wp-image-13793\" src=\"http:\/\/www.ivanabeaumond.com.br\/vestidos-noiva\/wp-content\/uploads\/2017\/09\/traje-pajen-blog-IvanaBeaumond-damas-e-pajens6.jpg\" alt=\"traje-pajen-blog-IvanaBeaumond-damas-e-pajens6\" width=\"900\" height=\"400\" srcset=\"https:\/\/www.ivanabeaumond.com.br\/vestidos-noiva\/wp-content\/uploads\/2017\/09\/traje-pajen-blog-IvanaBeaumond-damas-e-pajens6.jpg 900w, https:\/\/www.ivanabeaumond.com.br\/vestidos-noiva\/wp-content\/uploads\/2017\/09\/traje-pajen-blog-IvanaBeaumond-damas-e-pajens6-300x133.jpg 300w\" sizes=\"(max-width: 900px) 100vw, 900px\" \/><\/a><\/p>\n<p style=\"text-align: justify;\"><span style=\"color: #ffffff;\">&#8211;<\/span><\/p>\n<p style=\"text-align: justify;\"><span style=\"color: #ffffff;\">&#8211;<\/span><\/p>\n<h3 style=\"text-align: justify;\"><span style=\"color: #999999;\">Traje pajens<\/span><\/h3>\n<h4 style=\"text-align: justify;\"><span style=\"color: #999999;\">Eles podem estar com o traje semelhante ao do noivo, mas em uma vers\u00e3o infantil. Para casamentos diurnos a cal\u00e7a pode ser curta, sem gravata em tons claros, como bege ou azul claro. Casamentos noturnos e mais formais com terninho escuro e cal\u00e7a comprida.<\/span><\/h4>\n<p><a href=\"http:\/\/www.ivanabeaumond.com.br\/vestidos-noiva\/wp-content\/uploads\/2017\/09\/traje-pajen-blog-IvanaBeaumond-damas-e-pajens1.gif\"><img decoding=\"async\" loading=\"lazy\" class=\"aligncenter wp-image-13788\" src=\"http:\/\/www.ivanabeaumond.com.br\/vestidos-noiva\/wp-content\/uploads\/2017\/09\/traje-pajen-blog-IvanaBeaumond-damas-e-pajens1.gif\" alt=\"traje-pajen-blog-IvanaBeaumond-damas-e-pajens1\" width=\"900\" height=\"501\" \/><\/a><\/p>\n<p><span style=\"color: #ffffff;\">&#8211;<\/span><\/p>\n<p><span style=\"color: #ffffff;\">&#8211;<\/span><\/p>\n<h3 style=\"text-align: justify;\"><span style=\"color: #999999;\">Sapatos damas<\/span><\/h3>\n<h4 style=\"text-align: justify;\"><span style=\"color: #999999;\">Sem salto e que sejam muito confort\u00e1veis. Sapatilha, boneca ou rasteirinha s\u00e3o os mais indicados. Pode ser forrado com o mesmo tecido do vestido ou ter um pequeno detalhe em casamentos mais formais. Branco, bege ou, no caso do vestido ser colorido, o sapato poder\u00e1 ser do mesmo tom.<\/span><\/h4>\n<p>&nbsp;<\/p>\n<p><a href=\"http:\/\/www.ivanabeaumond.com.br\/vestidos-noiva\/wp-content\/uploads\/2017\/09\/traje-pajen-blog-IvanaBeaumond-damas-e-pajens7.jpg\"><img decoding=\"async\" loading=\"lazy\" class=\"aligncenter size-full wp-image-13794\" src=\"http:\/\/www.ivanabeaumond.com.br\/vestidos-noiva\/wp-content\/uploads\/2017\/09\/traje-pajen-blog-IvanaBeaumond-damas-e-pajens7.jpg\" alt=\"traje-pajen-blog-IvanaBeaumond-damas-e-pajens7\" width=\"900\" height=\"300\" srcset=\"https:\/\/www.ivanabeaumond.com.br\/vestidos-noiva\/wp-content\/uploads\/2017\/09\/traje-pajen-blog-IvanaBeaumond-damas-e-pajens7.jpg 900w, https:\/\/www.ivanabeaumond.com.br\/vestidos-noiva\/wp-content\/uploads\/2017\/09\/traje-pajen-blog-IvanaBeaumond-damas-e-pajens7-300x100.jpg 300w\" sizes=\"(max-width: 900px) 100vw, 900px\" \/><\/a><\/p>\n<p><span style=\"color: #ffffff;\">&#8211;<\/span><\/p>\n<p><span style=\"color: #ffffff;\">&#8211;<\/span><\/p>\n<h3 style=\"text-align: justify;\"><span style=\"color: #999999;\">Sapatos pajens<\/span><\/h3>\n<h4 style=\"text-align: justify;\"><span style=\"color: #999999;\">Sapa t\u00eanis \u00e9 a melhor op\u00e7\u00e3o, procure evitar os sapatos sociais mesmo em casamentos mais formais. Sempre de acordo com o traje e, acima de tudo, que seja muito confort\u00e1vel.<\/span><\/h4>\n<p><a href=\"http:\/\/www.ivanabeaumond.com.br\/vestidos-noiva\/wp-content\/uploads\/2017\/09\/traje-pajen-blog-IvanaBeaumond-damas-e-pajens8.jpg\"><img decoding=\"async\" loading=\"lazy\" class=\"aligncenter size-full wp-image-13795\" src=\"http:\/\/www.ivanabeaumond.com.br\/vestidos-noiva\/wp-content\/uploads\/2017\/09\/traje-pajen-blog-IvanaBeaumond-damas-e-pajens8.jpg\" alt=\"traje-pajen-blog-IvanaBeaumond-damas-e-pajens8\" width=\"900\" height=\"300\" srcset=\"https:\/\/www.ivanabeaumond.com.br\/vestidos-noiva\/wp-content\/uploads\/2017\/09\/traje-pajen-blog-IvanaBeaumond-damas-e-pajens8.jpg 900w, https:\/\/www.ivanabeaumond.com.br\/vestidos-noiva\/wp-content\/uploads\/2017\/09\/traje-pajen-blog-IvanaBeaumond-damas-e-pajens8-300x100.jpg 300w\" sizes=\"(max-width: 900px) 100vw, 900px\" \/><\/a><span style=\"color: #ffffff;\">&#8211;<\/span><\/p>\n<h4><span style=\"color: #999999;\">Gostou das dicas? Continue nos acompanhando e saiba muito mais&#8230;<\/span><\/h4>\n","protected":false},"excerpt":{"rendered":"<p>Os pequenos protagonistas tamb\u00e9m devem estar bem trajados, afinal s\u00e3o&#8230;<\/p>\n","protected":false},"author":4,"featured_media":13798,"comment_status":"open","ping_status":"open","sticky":false,"template":"","format":"standard","meta":[],"categories":[127],"tags":[159,133,113,147,153,154,102,155,138,115],"yoast_head":"<!-- This site is optimized with the Yoast SEO plugin v20.3 - https:\/\/yoast.com\/wordpress\/plugins\/seo\/ -->\n<title>Damas e Pajens, nosso carinho especial... - Vestido de Noiva RJ<\/title>\n<meta name=\"robots\" content=\"index, follow, max-snippet:-1, max-image-preview:large, max-video-preview:-1\" \/>\n<link rel=\"canonical\" href=\"https:\/\/www.ivanabeaumond.com.br\/vestidos-noiva\/damas-e-pajens-nosso-carinho-especial\/\" \/>\n<meta property=\"og:locale\" content=\"pt_BR\" \/>\n<meta property=\"og:type\" content=\"article\" \/>\n<meta property=\"og:title\" content=\"Damas e Pajens, nosso carinho especial... - Vestido de Noiva RJ\" \/>\n<meta property=\"og:description\" content=\"Os pequenos protagonistas tamb\u00e9m devem estar bem trajados, afinal s\u00e3o...\" \/>\n<meta property=\"og:url\" content=\"https:\/\/www.ivanabeaumond.com.br\/vestidos-noiva\/damas-e-pajens-nosso-carinho-especial\/\" \/>\n<meta property=\"og:site_name\" content=\"Vestido de Noiva RJ\" \/>\n<meta property=\"article:publisher\" content=\"https:\/\/www.facebook.com\/ivana.beaumondnoivas\" \/>\n<meta property=\"article:published_time\" content=\"2017-10-02T20:00:27+00:00\" \/>\n<meta property=\"article:modified_time\" content=\"2017-10-23T17:17:53+00:00\" \/>\n<meta property=\"og:image\" content=\"https:\/\/www.ivanabeaumond.com.br\/vestidos-noiva\/wp-content\/uploads\/2017\/09\/traje-pajen-blog-IvanaBeaumond-damas-e-pajens9.gif\" \/>\n\t<meta property=\"og:image:width\" content=\"800\" \/>\n\t<meta property=\"og:image:height\" content=\"445\" \/>\n\t<meta property=\"og:image:type\" content=\"image\/gif\" \/>\n<meta name=\"author\" content=\"Ivana Beaumond Paris\" \/>\n<meta name=\"twitter:card\" content=\"summary_large_image\" \/>\n<meta name=\"twitter:label1\" content=\"Escrito por\" \/>\n\t<meta name=\"twitter:data1\" content=\"Ivana Beaumond Paris\" \/>\n\t<meta name=\"twitter:label2\" content=\"Est. tempo de leitura\" \/>\n\t<meta name=\"twitter:data2\" content=\"2 minutos\" \/>\n<script type=\"application\/ld+json\" class=\"yoast-schema-graph\">{\"@context\":\"https:\/\/schema.org\",\"@graph\":[{\"@type\":\"Article\",\"@id\":\"https:\/\/www.ivanabeaumond.com.br\/vestidos-noiva\/damas-e-pajens-nosso-carinho-especial\/#article\",\"isPartOf\":{\"@id\":\"https:\/\/www.ivanabeaumond.com.br\/vestidos-noiva\/damas-e-pajens-nosso-carinho-especial\/\"},\"author\":{\"name\":\"Ivana Beaumond Paris\",\"@id\":\"https:\/\/www.ivanabeaumond.com.br\/vestidos-noiva\/#\/schema\/person\/1a360c4cffa3b806d29a456389dcff26\"},\"headline\":\"Damas e Pajens, nosso carinho especial&#8230;\",\"datePublished\":\"2017-10-02T20:00:27+00:00\",\"dateModified\":\"2017-10-23T17:17:53+00:00\",\"mainEntityOfPage\":{\"@id\":\"https:\/\/www.ivanabeaumond.com.br\/vestidos-noiva\/damas-e-pajens-nosso-carinho-especial\/\"},\"wordCount\":363,\"commentCount\":0,\"publisher\":{\"@id\":\"https:\/\/www.ivanabeaumond.com.br\/vestidos-noiva\/#organization\"},\"keywords\":[\"alian\u00e7as\",\"atelierivanabeaumond\",\"casamento criativo\",\"casamentoblindado\",\"convite de casamento\",\"convite luxuoso\",\"festa de casamento\",\"modanoiva\",\"vestido de festa\",\"vestido de noiva\"],\"articleSection\":[\"Dicas e Truques\"],\"inLanguage\":\"pt-BR\",\"potentialAction\":[{\"@type\":\"CommentAction\",\"name\":\"Comment\",\"target\":[\"https:\/\/www.ivanabeaumond.com.br\/vestidos-noiva\/damas-e-pajens-nosso-carinho-especial\/#respond\"]}]},{\"@type\":\"WebPage\",\"@id\":\"https:\/\/www.ivanabeaumond.com.br\/vestidos-noiva\/damas-e-pajens-nosso-carinho-especial\/\",\"url\":\"https:\/\/www.ivanabeaumond.com.br\/vestidos-noiva\/damas-e-pajens-nosso-carinho-especial\/\",\"name\":\"Damas e Pajens, nosso carinho especial... - Vestido de Noiva RJ\",\"isPartOf\":{\"@id\":\"https:\/\/www.ivanabeaumond.com.br\/vestidos-noiva\/#website\"},\"datePublished\":\"2017-10-02T20:00:27+00:00\",\"dateModified\":\"2017-10-23T17:17:53+00:00\",\"breadcrumb\":{\"@id\":\"https:\/\/www.ivanabeaumond.com.br\/vestidos-noiva\/damas-e-pajens-nosso-carinho-especial\/#breadcrumb\"},\"inLanguage\":\"pt-BR\",\"potentialAction\":[{\"@type\":\"ReadAction\",\"target\":[\"https:\/\/www.ivanabeaumond.com.br\/vestidos-noiva\/damas-e-pajens-nosso-carinho-especial\/\"]}]},{\"@type\":\"BreadcrumbList\",\"@id\":\"https:\/\/www.ivanabeaumond.com.br\/vestidos-noiva\/damas-e-pajens-nosso-carinho-especial\/#breadcrumb\",\"itemListElement\":[{\"@type\":\"ListItem\",\"position\":1,\"name\":\"In\u00edcio\",\"item\":\"https:\/\/www.ivanabeaumond.com.br\/vestidos-noiva\/\"},{\"@type\":\"ListItem\",\"position\":2,\"name\":\"Damas e Pajens, nosso carinho especial&#8230;\"}]},{\"@type\":\"WebSite\",\"@id\":\"https:\/\/www.ivanabeaumond.com.br\/vestidos-noiva\/#website\",\"url\":\"https:\/\/www.ivanabeaumond.com.br\/vestidos-noiva\/\",\"name\":\"Vestido de Noiva RJ\",\"description\":\"Moda Noiva\",\"publisher\":{\"@id\":\"https:\/\/www.ivanabeaumond.com.br\/vestidos-noiva\/#organization\"},\"potentialAction\":[{\"@type\":\"SearchAction\",\"target\":{\"@type\":\"EntryPoint\",\"urlTemplate\":\"https:\/\/www.ivanabeaumond.com.br\/vestidos-noiva\/?s={search_term_string}\"},\"query-input\":\"required name=search_term_string\"}],\"inLanguage\":\"pt-BR\"},{\"@type\":\"Organization\",\"@id\":\"https:\/\/www.ivanabeaumond.com.br\/vestidos-noiva\/#organization\",\"name\":\"Vestido de Noiva RJ\",\"url\":\"https:\/\/www.ivanabeaumond.com.br\/vestidos-noiva\/\",\"logo\":{\"@type\":\"ImageObject\",\"inLanguage\":\"pt-BR\",\"@id\":\"https:\/\/www.ivanabeaumond.com.br\/vestidos-noiva\/#\/schema\/logo\/image\/\",\"url\":\"https:\/\/www.ivanabeaumond.com.br\/vestidos-noiva\/wp-content\/uploads\/2018\/02\/logo_ivana_beaumond-2.png\",\"contentUrl\":\"https:\/\/www.ivanabeaumond.com.br\/vestidos-noiva\/wp-content\/uploads\/2018\/02\/logo_ivana_beaumond-2.png\",\"width\":230,\"height\":112,\"caption\":\"Vestido de Noiva RJ\"},\"image\":{\"@id\":\"https:\/\/www.ivanabeaumond.com.br\/vestidos-noiva\/#\/schema\/logo\/image\/\"},\"sameAs\":[\"https:\/\/www.facebook.com\/ivana.beaumondnoivas\",\"https:\/\/www.instagram.com\/ivanabeaumond\/\",\"https:\/\/www.tiktok.com\/@ivanabeaumond\"]},{\"@type\":\"Person\",\"@id\":\"https:\/\/www.ivanabeaumond.com.br\/vestidos-noiva\/#\/schema\/person\/1a360c4cffa3b806d29a456389dcff26\",\"name\":\"Ivana Beaumond Paris\",\"image\":{\"@type\":\"ImageObject\",\"inLanguage\":\"pt-BR\",\"@id\":\"https:\/\/www.ivanabeaumond.com.br\/vestidos-noiva\/#\/schema\/person\/image\/\",\"url\":\"https:\/\/secure.gravatar.com\/avatar\/641f98db20b53ec937ceb641db4270b9?s=96&d=mm&r=g\",\"contentUrl\":\"https:\/\/secure.gravatar.com\/avatar\/641f98db20b53ec937ceb641db4270b9?s=96&d=mm&r=g\",\"caption\":\"Ivana Beaumond Paris\"},\"url\":\"https:\/\/www.ivanabeaumond.com.br\/vestidos-noiva\/author\/ivana\/\"}]}<\/script>\n<!-- \/ Yoast SEO plugin. -->","yoast_head_json":{"title":"Damas e Pajens, nosso carinho especial... - Vestido de Noiva RJ","robots":{"index":"index","follow":"follow","max-snippet":"max-snippet:-1","max-image-preview":"max-image-preview:large","max-video-preview":"max-video-preview:-1"},"canonical":"https:\/\/www.ivanabeaumond.com.br\/vestidos-noiva\/damas-e-pajens-nosso-carinho-especial\/","og_locale":"pt_BR","og_type":"article","og_title":"Damas e Pajens, nosso carinho especial... - Vestido de Noiva RJ","og_description":"Os pequenos protagonistas tamb\u00e9m devem estar bem trajados, afinal s\u00e3o...","og_url":"https:\/\/www.ivanabeaumond.com.br\/vestidos-noiva\/damas-e-pajens-nosso-carinho-especial\/","og_site_name":"Vestido de Noiva RJ","article_publisher":"https:\/\/www.facebook.com\/ivana.beaumondnoivas","article_published_time":"2017-10-02T20:00:27+00:00","article_modified_time":"2017-10-23T17:17:53+00:00","og_image":[{"width":800,"height":445,"url":"https:\/\/www.ivanabeaumond.com.br\/vestidos-noiva\/wp-content\/uploads\/2017\/09\/traje-pajen-blog-IvanaBeaumond-damas-e-pajens9.gif","type":"image\/gif"}],"author":"Ivana Beaumond Paris","twitter_card":"summary_large_image","twitter_misc":{"Escrito por":"Ivana Beaumond Paris","Est. tempo de leitura":"2 minutos"},"schema":{"@context":"https:\/\/schema.org","@graph":[{"@type":"Article","@id":"https:\/\/www.ivanabeaumond.com.br\/vestidos-noiva\/damas-e-pajens-nosso-carinho-especial\/#article","isPartOf":{"@id":"https:\/\/www.ivanabeaumond.com.br\/vestidos-noiva\/damas-e-pajens-nosso-carinho-especial\/"},"author":{"name":"Ivana Beaumond Paris","@id":"https:\/\/www.ivanabeaumond.com.br\/vestidos-noiva\/#\/schema\/person\/1a360c4cffa3b806d29a456389dcff26"},"headline":"Damas e Pajens, nosso carinho especial&#8230;","datePublished":"2017-10-02T20:00:27+00:00","dateModified":"2017-10-23T17:17:53+00:00","mainEntityOfPage":{"@id":"https:\/\/www.ivanabeaumond.com.br\/vestidos-noiva\/damas-e-pajens-nosso-carinho-especial\/"},"wordCount":363,"commentCount":0,"publisher":{"@id":"https:\/\/www.ivanabeaumond.com.br\/vestidos-noiva\/#organization"},"keywords":["alian\u00e7as","atelierivanabeaumond","casamento criativo","casamentoblindado","convite de casamento","convite luxuoso","festa de casamento","modanoiva","vestido de festa","vestido de noiva"],"articleSection":["Dicas e Truques"],"inLanguage":"pt-BR","potentialAction":[{"@type":"CommentAction","name":"Comment","target":["https:\/\/www.ivanabeaumond.com.br\/vestidos-noiva\/damas-e-pajens-nosso-carinho-especial\/#respond"]}]},{"@type":"WebPage","@id":"https:\/\/www.ivanabeaumond.com.br\/vestidos-noiva\/damas-e-pajens-nosso-carinho-especial\/","url":"https:\/\/www.ivanabeaumond.com.br\/vestidos-noiva\/damas-e-pajens-nosso-carinho-especial\/","name":"Damas e Pajens, nosso carinho especial... - Vestido de Noiva RJ","isPartOf":{"@id":"https:\/\/www.ivanabeaumond.com.br\/vestidos-noiva\/#website"},"datePublished":"2017-10-02T20:00:27+00:00","dateModified":"2017-10-23T17:17:53+00:00","breadcrumb":{"@id":"https:\/\/www.ivanabeaumond.com.br\/vestidos-noiva\/damas-e-pajens-nosso-carinho-especial\/#breadcrumb"},"inLanguage":"pt-BR","potentialAction":[{"@type":"ReadAction","target":["https:\/\/www.ivanabeaumond.com.br\/vestidos-noiva\/damas-e-pajens-nosso-carinho-especial\/"]}]},{"@type":"BreadcrumbList","@id":"https:\/\/www.ivanabeaumond.com.br\/vestidos-noiva\/damas-e-pajens-nosso-carinho-especial\/#breadcrumb","itemListElement":[{"@type":"ListItem","position":1,"name":"In\u00edcio","item":"https:\/\/www.ivanabeaumond.com.br\/vestidos-noiva\/"},{"@type":"ListItem","position":2,"name":"Damas e Pajens, nosso carinho especial&#8230;"}]},{"@type":"WebSite","@id":"https:\/\/www.ivanabeaumond.com.br\/vestidos-noiva\/#website","url":"https:\/\/www.ivanabeaumond.com.br\/vestidos-noiva\/","name":"Vestido de Noiva RJ","description":"Moda Noiva","publisher":{"@id":"https:\/\/www.ivanabeaumond.com.br\/vestidos-noiva\/#organization"},"potentialAction":[{"@type":"SearchAction","target":{"@type":"EntryPoint","urlTemplate":"https:\/\/www.ivanabeaumond.com.br\/vestidos-noiva\/?s={search_term_string}"},"query-input":"required name=search_term_string"}],"inLanguage":"pt-BR"},{"@type":"Organization","@id":"https:\/\/www.ivanabeaumond.com.br\/vestidos-noiva\/#organization","name":"Vestido de Noiva RJ","url":"https:\/\/www.ivanabeaumond.com.br\/vestidos-noiva\/","logo":{"@type":"ImageObject","inLanguage":"pt-BR","@id":"https:\/\/www.ivanabeaumond.com.br\/vestidos-noiva\/#\/schema\/logo\/image\/","url":"https:\/\/www.ivanabeaumond.com.br\/vestidos-noiva\/wp-content\/uploads\/2018\/02\/logo_ivana_beaumond-2.png","contentUrl":"https:\/\/www.ivanabeaumond.com.br\/vestidos-noiva\/wp-content\/uploads\/2018\/02\/logo_ivana_beaumond-2.png","width":230,"height":112,"caption":"Vestido de Noiva RJ"},"image":{"@id":"https:\/\/www.ivanabeaumond.com.br\/vestidos-noiva\/#\/schema\/logo\/image\/"},"sameAs":["https:\/\/www.facebook.com\/ivana.beaumondnoivas","https:\/\/www.instagram.com\/ivanabeaumond\/","https:\/\/www.tiktok.com\/@ivanabeaumond"]},{"@type":"Person","@id":"https:\/\/www.ivanabeaumond.com.br\/vestidos-noiva\/#\/schema\/person\/1a360c4cffa3b806d29a456389dcff26","name":"Ivana Beaumond Paris","image":{"@type":"ImageObject","inLanguage":"pt-BR","@id":"https:\/\/www.ivanabeaumond.com.br\/vestidos-noiva\/#\/schema\/person\/image\/","url":"https:\/\/secure.gravatar.com\/avatar\/641f98db20b53ec937ceb641db4270b9?s=96&d=mm&r=g","contentUrl":"https:\/\/secure.gravatar.com\/avatar\/641f98db20b53ec937ceb641db4270b9?s=96&d=mm&r=g","caption":"Ivana Beaumond Paris"},"url":"https:\/\/www.ivanabeaumond.com.br\/vestidos-noiva\/author\/ivana\/"}]}},"_links":{"self":[{"href":"https:\/\/www.ivanabeaumond.com.br\/vestidos-noiva\/wp-json\/wp\/v2\/posts\/13787"}],"collection":[{"href":"https:\/\/www.ivanabeaumond.com.br\/vestidos-noiva\/wp-json\/wp\/v2\/posts"}],"about":[{"href":"https:\/\/www.ivanabeaumond.com.br\/vestidos-noiva\/wp-json\/wp\/v2\/types\/post"}],"author":[{"embeddable":true,"href":"https:\/\/www.ivanabeaumond.com.br\/vestidos-noiva\/wp-json\/wp\/v2\/users\/4"}],"replies":[{"embeddable":true,"href":"https:\/\/www.ivanabeaumond.com.br\/vestidos-noiva\/wp-json\/wp\/v2\/comments?post=13787"}],"version-history":[{"count":2,"href":"https:\/\/www.ivanabeaumond.com.br\/vestidos-noiva\/wp-json\/wp\/v2\/posts\/13787\/revisions"}],"predecessor-version":[{"id":13797,"href":"https:\/\/www.ivanabeaumond.com.br\/vestidos-noiva\/wp-json\/wp\/v2\/posts\/13787\/revisions\/13797"}],"wp:featuredmedia":[{"embeddable":true,"href":"https:\/\/www.ivanabeaumond.com.br\/vestidos-noiva\/wp-json\/wp\/v2\/media\/13798"}],"wp:attachment":[{"href":"https:\/\/www.ivanabeaumond.com.br\/vestidos-noiva\/wp-json\/wp\/v2\/media?parent=13787"}],"wp:term":[{"taxonomy":"category","embeddable":true,"href":"https:\/\/www.ivanabeaumond.com.br\/vestidos-noiva\/wp-json\/wp\/v2\/categories?post=13787"},{"taxonomy":"post_tag","embeddable":true,"href":"https:\/\/www.ivanabeaumond.com.br\/vestidos-noiva\/wp-json\/wp\/v2\/tags?post=13787"}],"curies":[{"name":"wp","href":"https:\/\/api.w.org\/{rel}","templated":true}]}}