{"id":13832,"date":"2017-10-11T16:57:20","date_gmt":"2017-10-11T19:57:20","guid":{"rendered":"http:\/\/www.ivanabeaumond.com.br\/vestidos-noiva\/?p=13832"},"modified":"2017-10-23T15:14:28","modified_gmt":"2017-10-23T17:14:28","slug":"barcelona-bridal-fashion-week-2018","status":"publish","type":"post","link":"https:\/\/www.ivanabeaumond.com.br\/vestidos-noiva\/barcelona-bridal-fashion-week-2018\/","title":{"rendered":"Barcelona BRIDAL FASHION WEEK 2018"},"content":{"rendered":"<h4 class=\"tw-data-text tw-ta tw-text-small\" dir=\"ltr\" style=\"text-align: justify;\" data-placeholder=\"Tradu\u00e7\u00e3o\"><span style=\"color: #ffffff;\">&#8211;<\/span><\/h4>\n<h4 id=\"tw-target-text\" class=\"tw-data-text tw-ta tw-text-small\" dir=\"ltr\" style=\"text-align: justify;\" data-placeholder=\"Tradu\u00e7\u00e3o\"><span lang=\"pt\" style=\"color: #999999;\">\u00danico, surpreendente, criativo, ousado, vanguardista, inovador. A semana\u00a0de m<img decoding=\"async\" loading=\"lazy\" class=\"  wp-image-13851 alignright\" src=\"http:\/\/www.ivanabeaumond.com.br\/vestidos-noiva\/wp-content\/uploads\/2017\/10\/Barcelona-Bridal-Fashion-Week-2018_Blog-Ivana-Beaumond.jpg\" alt=\"Barcelona-Bridal-Fashion-Week-2018_Blog-Ivana-Beaumond\" width=\"264\" height=\"389\" srcset=\"https:\/\/www.ivanabeaumond.com.br\/vestidos-noiva\/wp-content\/uploads\/2017\/10\/Barcelona-Bridal-Fashion-Week-2018_Blog-Ivana-Beaumond.jpg 280w, https:\/\/www.ivanabeaumond.com.br\/vestidos-noiva\/wp-content\/uploads\/2017\/10\/Barcelona-Bridal-Fashion-Week-2018_Blog-Ivana-Beaumond-203x300.jpg 203w\" sizes=\"(max-width: 264px) 100vw, 264px\" \/>oda de Barcelona 2018 chega. Inspire-se e conhe\u00e7a a nova imagem em detalhes.<\/span><\/h4>\n<p><span style=\"color: #ffffff;\">&#8211;<\/span><\/p>\n<p><span style=\"color: #ffffff;\">&#8211;<\/span><\/p>\n<p><span style=\"color: #ffffff;\">&#8211;<\/span><\/p>\n<p><span style=\"color: #ffffff;\">&#8211;<\/span><\/p>\n<p><span style=\"color: #ffffff;\">&#8211;<\/span><\/p>\n<p>&nbsp;<\/p>\n<h4 style=\"text-align: justify;\"><span style=\"color: #999999;\">FERIA PROFISSIONAL criatividade, moda e neg\u00f3cios Design incr\u00edvel, marcas selecionadas e de qualidade e as tend\u00eancias de noivas mais esperadas para 2019. &#8220;N\u00f3s trazemos a proposta de moda mais abrangente e internacional para noivas, noivos, festas e acess\u00f3rios. O melhor em um espa\u00e7o \u00fanico.&#8221; (saiba mais no <a style=\"color: #999999;\" href=\"http:\/\/www.barcelonabridalweek.com\/es\/?utm_source=Owned&amp;utm_medium=email&amp;utm_campaign=bbfw18_presentacio_imatge_visitants\" target=\"_blank\">Barcelona BRIDAL FASHION WEEK<\/a>)<\/span><\/h4>\n<p><span style=\"color: #ffffff;\">&#8211;<\/span><\/p>\n<p><span style=\"color: #ffffff;\">&#8211;<\/span><\/p>\n<p><span style=\"color: #ffffff;\">&#8211;<\/span><\/p>\n<p><span style=\"color: #ffffff;\">&#8211;<\/span><\/p>\n<p><span style=\"color: #ffffff;\">&#8211;<\/span><\/p>\n<p>&nbsp;<\/p>\n<h4 style=\"text-align: justify;\"><span style=\"color: #999999;\">MOSTRA DE MODA a grande passarela Tend\u00eancias 2019 A partir de 24 de abril, apresentaremos ao mundo as propostas nacionais e internacionais mais surpreendentes e cosmopolitas. Grandes designers, cole\u00e7\u00f5es inesperadas e um \u00f3timo impacto na m\u00eddia.<\/span><\/h4>\n<p>&nbsp;<\/p>\n<p><span style=\"color: #ffffff;\">&#8211;<\/span><\/p>\n<div id=\"attachment_13855\" style=\"width: 660px\" class=\"wp-caption aligncenter\"><a href=\"http:\/\/www.ivanabeaumond.com.br\/vestidos-noiva\/wp-content\/uploads\/2017\/10\/Barcelona-Bridal-Fashion-Week-2018_Blog-Ivana-Beaumond-1-horz.jpg\"><img aria-describedby=\"caption-attachment-13855\" decoding=\"async\" loading=\"lazy\" class=\"wp-image-13855\" src=\"http:\/\/www.ivanabeaumond.com.br\/vestidos-noiva\/wp-content\/uploads\/2017\/10\/Barcelona-Bridal-Fashion-Week-2018_Blog-Ivana-Beaumond-1-horz.jpg\" alt=\"Barcelona-Bridal-Fashion-Week-2018_Blog-Ivana-Beaumond (1)-horz\" width=\"650\" height=\"485\" srcset=\"https:\/\/www.ivanabeaumond.com.br\/vestidos-noiva\/wp-content\/uploads\/2017\/10\/Barcelona-Bridal-Fashion-Week-2018_Blog-Ivana-Beaumond-1-horz.jpg 639w, https:\/\/www.ivanabeaumond.com.br\/vestidos-noiva\/wp-content\/uploads\/2017\/10\/Barcelona-Bridal-Fashion-Week-2018_Blog-Ivana-Beaumond-1-horz-300x224.jpg 300w\" sizes=\"(max-width: 650px) 100vw, 650px\" \/><\/a><p id=\"caption-attachment-13855\" class=\"wp-caption-text\">Barcelona-Bridal-Fashion-Week-2018_Blog-Ivana-Beaumond<\/p><\/div>\n<p><a href=\"http:\/\/www.ivanabeaumond.com.br\/vestidos-noiva\/wp-content\/uploads\/2017\/10\/Barcelona-Bridal-Fashion-Week-2018_Blog-Ivana-Beaumond-1.jpg\"><br \/>\n<\/a> <a href=\"http:\/\/www.ivanabeaumond.com.br\/vestidos-noiva\/wp-content\/uploads\/2017\/10\/Barcelona-Bridal-Fashion-Week-2018_Blog-Ivana-Beaumond-2.jpg\"><br \/>\n<\/a> <a href=\"http:\/\/www.ivanabeaumond.com.br\/vestidos-noiva\/wp-content\/uploads\/2017\/10\/Barcelona-Bridal-Fashion-Week-2018_Blog-Ivana-Beaumond-3.jpg\"><br \/>\n<\/a> <a href=\"http:\/\/www.ivanabeaumond.com.br\/vestidos-noiva\/wp-content\/uploads\/2017\/10\/Barcelona-Bridal-Fashion-Week-2018_Blog-Ivana-Beaumond-7.jpg\"><br \/>\n<\/a> <a href=\"http:\/\/www.ivanabeaumond.com.br\/vestidos-noiva\/wp-content\/uploads\/2017\/10\/Barcelona-Bridal-Fashion-Week-2018_Blog-Ivana-Beaumond-6.jpg\"><br \/>\n<\/a> <a href=\"http:\/\/www.ivanabeaumond.com.br\/vestidos-noiva\/wp-content\/uploads\/2017\/10\/Barcelona-Bridal-Fashion-Week-2018_Blog-Ivana-Beaumond-4.jpg\"><br \/>\n<\/a><\/p>\n<div id=\"attachment_13856\" style=\"width: 660px\" class=\"wp-caption aligncenter\"><a href=\"http:\/\/www.ivanabeaumond.com.br\/vestidos-noiva\/wp-content\/uploads\/2017\/10\/Barcelona-Bridal-Fashion-Week-2018_Blog-Ivana-Beaumond-4-horz.jpg\"><img aria-describedby=\"caption-attachment-13856\" decoding=\"async\" loading=\"lazy\" class=\"wp-image-13856\" src=\"http:\/\/www.ivanabeaumond.com.br\/vestidos-noiva\/wp-content\/uploads\/2017\/10\/Barcelona-Bridal-Fashion-Week-2018_Blog-Ivana-Beaumond-4-horz.jpg\" alt=\"Barcelona-Bridal-Fashion-Week-2018_Blog-Ivana-Beaumond (4)-horz\" width=\"650\" height=\"364\" srcset=\"https:\/\/www.ivanabeaumond.com.br\/vestidos-noiva\/wp-content\/uploads\/2017\/10\/Barcelona-Bridal-Fashion-Week-2018_Blog-Ivana-Beaumond-4-horz.jpg 852w, https:\/\/www.ivanabeaumond.com.br\/vestidos-noiva\/wp-content\/uploads\/2017\/10\/Barcelona-Bridal-Fashion-Week-2018_Blog-Ivana-Beaumond-4-horz-300x168.jpg 300w\" sizes=\"(max-width: 650px) 100vw, 650px\" \/><\/a><p id=\"caption-attachment-13856\" class=\"wp-caption-text\">Barcelona-Bridal-Fashion-Week-2018_Blog-Ivana-Beaumond<\/p><\/div>\n<p>&nbsp;<\/p>\n<div class=\"portlet-layout\">\n<div id=\"_118_INSTANCE_BA4w_column-1\" class=\"aui-w50 portlet-column portlet-column-first\">\n<div id=\"layout-column__118_INSTANCE_BA4w__column-1\" class=\"portlet-dropzone portlet-column-content portlet-column-content-first\">\n<div id=\"p_p_id_118_INSTANCE_B7di_\" class=\"portlet-boundary portlet-boundary_118_ portlet-static portlet-static-end portlet-nested-portlets \"><a id=\"p_118_INSTANCE_B7di\" style=\"color: #999999;\"><\/a><\/p>\n<div class=\"portlet-borderless-container\">\n<div class=\"portlet-body\">\n<div id=\"_118_INSTANCE_B7di_main-content\" class=\"columns-2\">\n<div class=\"portlet-layout\">\n<div id=\"_118_INSTANCE_B7di_column-1\" class=\"aui-w50 portlet-column portlet-column-first\">\n<div id=\"layout-column__118_INSTANCE_B7di__column-1\" class=\"portlet-dropzone portlet-column-content portlet-column-content-first\">\n<div id=\"p_p_id_56_INSTANCE_He0W_\" class=\"portlet-boundary portlet-boundary_56_ portlet-static portlet-static-end portlet-journal-content \"><a id=\"p_56_INSTANCE_He0W\" style=\"color: #999999;\"><\/a><\/p>\n<div class=\"portlet-borderless-container\">\n<div class=\"portlet-body\">\n<div id=\"article_10137_1775359_10896998_1.1\" class=\"journal-content-article\">\n<h1><span style=\"color: #999999;\"><strong>98<\/strong><\/span><\/h1>\n<h3><span style=\"color: #999999;\"><strong>PA\u00cdSES<\/strong><\/span><\/h3>\n<p>&nbsp;<\/p>\n<\/div>\n<\/div>\n<\/div>\n<\/div>\n<\/div>\n<\/div>\n<div id=\"_118_INSTANCE_B7di_column-2\" class=\"aui-w50 portlet-column portlet-column-last\">\n<div id=\"layout-column__118_INSTANCE_B7di__column-2\" class=\"portlet-dropzone portlet-column-content portlet-column-content-last\">\n<div id=\"p_p_id_56_INSTANCE_07Cq_\" class=\"portlet-boundary portlet-boundary_56_ portlet-static portlet-static-end portlet-journal-content \"><a id=\"p_56_INSTANCE_07Cq\" style=\"color: #999999;\"><\/a><\/p>\n<div class=\"portlet-borderless-container\">\n<div class=\"portlet-body\">\n<div id=\"article_10137_1775359_10897011_1.1\" class=\"journal-content-article\">\n<h1><span style=\"color: #999999;\"><strong>670<\/strong><\/span><\/h1>\n<h3><span style=\"color: #999999;\"><strong>PROFISSIONAIS<\/strong><\/span><\/h3>\n<p>&nbsp;<\/p>\n<\/div>\n<\/div>\n<\/div>\n<\/div>\n<\/div>\n<\/div>\n<\/div>\n<\/div>\n<\/div>\n<\/div>\n<\/div>\n<\/div>\n<\/div>\n<div id=\"_118_INSTANCE_BA4w_column-2\" class=\"aui-w50 portlet-column portlet-column-last\">\n<div id=\"layout-column__118_INSTANCE_BA4w__column-2\" class=\"portlet-dropzone portlet-column-content portlet-column-content-last\">\n<div id=\"p_p_id_118_INSTANCE_8aJC_\" class=\"portlet-boundary portlet-boundary_118_ portlet-static portlet-static-end portlet-nested-portlets \"><a id=\"p_118_INSTANCE_8aJC\" style=\"color: #999999;\"><\/a><\/p>\n<div class=\"portlet-borderless-container\">\n<div class=\"portlet-body\">\n<div id=\"_118_INSTANCE_8aJC_main-content\" class=\"columns-2\">\n<div class=\"portlet-layout\">\n<div id=\"_118_INSTANCE_8aJC_column-1\" class=\"aui-w50 portlet-column portlet-column-first\">\n<div id=\"layout-column__118_INSTANCE_8aJC__column-1\" class=\"portlet-dropzone portlet-column-content portlet-column-content-first\">\n<div id=\"p_p_id_56_INSTANCE_XXc1_\" class=\"portlet-boundary portlet-boundary_56_ portlet-static portlet-static-end portlet-journal-content \"><a id=\"p_56_INSTANCE_XXc1\" style=\"color: #999999;\"><\/a><\/p>\n<div class=\"portlet-borderless-container\">\n<div class=\"portlet-body\">\n<div id=\"article_10137_1775359_10897037_1.1\" class=\"journal-content-article\">\n<h1><span style=\"color: #999999;\"><strong>308<\/strong><\/span><\/h1>\n<h3><span style=\"color: #999999;\"><strong>MARCAS<\/strong><\/span><\/h3>\n<p>&nbsp;<\/p>\n<\/div>\n<\/div>\n<\/div>\n<\/div>\n<\/div>\n<\/div>\n<div id=\"_118_INSTANCE_8aJC_column-2\" class=\"aui-w50 portlet-column portlet-column-last\">\n<div id=\"layout-column__118_INSTANCE_8aJC__column-2\" class=\"portlet-dropzone portlet-column-content portlet-column-content-last\">\n<div id=\"p_p_id_56_INSTANCE_8veJ_\" class=\"portlet-boundary portlet-boundary_56_ portlet-static portlet-static-end portlet-journal-content \"><a id=\"p_56_INSTANCE_8veJ\" style=\"color: #999999;\"><\/a><\/p>\n<div class=\"portlet-borderless-container\">\n<div class=\"portlet-body\">\n<div id=\"article_10137_1775359_10897054_1.1\" class=\"journal-content-article\">\n<h1><span style=\"color: #999999;\"><strong>18.900<\/strong><\/span><\/h1>\n<h3><span style=\"color: #999999;\"><strong>VISITANTES<\/strong><\/span><\/h3>\n<p>&nbsp;<\/p>\n<p><span style=\"color: #ffffff;\">&#8211;<\/span><\/p>\n<p><span style=\"color: #ffffff;\">&#8211;<\/span><\/p>\n<h4 style=\"text-align: justify;\"><span style=\"color: #999999;\">Gostou? Siga nosso instagram <span style=\"color: #0000ff;\"><a style=\"color: #0000ff;\" href=\"https:\/\/www.instagram.com\/ivanabeaumond\/\">@ivanabeaumond<\/a><\/span> e curta nossa fanpage <span style=\"color: #0000ff;\"><a style=\"color: #0000ff;\" href=\"https:\/\/www.facebook.com\/IvanaBeaumond\/\">Ivana Beaumond<\/a><\/span> e fique por dentro de tudo o que rola no mundo das noivas e conhe\u00e7a nossos Melhores Modelos de Vestidos de Noivas Nacionais, Importados e Sob Medida.<\/span><\/h4>\n<\/div>\n<\/div>\n<\/div>\n<\/div>\n<\/div>\n<\/div>\n<\/div>\n<\/div>\n<\/div>\n<\/div>\n<\/div>\n<\/div>\n<\/div>\n<\/div>\n","protected":false},"excerpt":{"rendered":"<p>&#8211; \u00danico, surpreendente, criativo, ousado, vanguardista, inovador. A semana\u00a0de moda&#8230;<\/p>\n","protected":false},"author":4,"featured_media":13859,"comment_status":"open","ping_status":"open","sticky":false,"template":"","format":"standard","meta":[],"categories":[128],"tags":[172,159,131,96,161,156,160,173,99,100,162,157,174,163,158,149,143,115],"yoast_head":"<!-- This site is optimized with the Yoast SEO plugin v20.3 - https:\/\/yoast.com\/wordpress\/plugins\/seo\/ -->\n<title>Barcelona BRIDAL FASHION WEEK 2018 - Vestido de Noiva RJ<\/title>\n<meta name=\"robots\" content=\"index, follow, max-snippet:-1, max-image-preview:large, max-video-preview:-1\" \/>\n<link rel=\"canonical\" href=\"https:\/\/www.ivanabeaumond.com.br\/vestidos-noiva\/barcelona-bridal-fashion-week-2018\/\" \/>\n<meta property=\"og:locale\" content=\"pt_BR\" \/>\n<meta property=\"og:type\" content=\"article\" \/>\n<meta property=\"og:title\" content=\"Barcelona BRIDAL FASHION WEEK 2018 - Vestido de Noiva RJ\" \/>\n<meta property=\"og:description\" content=\"&#8211; \u00danico, surpreendente, criativo, ousado, vanguardista, inovador. A semana\u00a0de moda...\" \/>\n<meta property=\"og:url\" content=\"https:\/\/www.ivanabeaumond.com.br\/vestidos-noiva\/barcelona-bridal-fashion-week-2018\/\" \/>\n<meta property=\"og:site_name\" content=\"Vestido de Noiva RJ\" \/>\n<meta property=\"article:publisher\" content=\"https:\/\/www.facebook.com\/ivana.beaumondnoivas\" \/>\n<meta property=\"article:published_time\" content=\"2017-10-11T19:57:20+00:00\" \/>\n<meta property=\"article:modified_time\" content=\"2017-10-23T17:14:28+00:00\" \/>\n<meta property=\"og:image\" content=\"https:\/\/www.ivanabeaumond.com.br\/vestidos-noiva\/wp-content\/uploads\/2017\/10\/Barcelona-Bridal-Fashion-Week-2018_Blog-Ivana-Beaumond-81.jpg\" \/>\n\t<meta property=\"og:image:width\" content=\"600\" \/>\n\t<meta property=\"og:image:height\" content=\"362\" \/>\n\t<meta property=\"og:image:type\" content=\"image\/jpeg\" \/>\n<meta name=\"author\" content=\"Ivana Beaumond Paris\" \/>\n<meta name=\"twitter:card\" content=\"summary_large_image\" \/>\n<meta name=\"twitter:label1\" content=\"Escrito por\" \/>\n\t<meta name=\"twitter:data1\" content=\"Ivana Beaumond Paris\" \/>\n\t<meta name=\"twitter:label2\" content=\"Est. tempo de leitura\" \/>\n\t<meta name=\"twitter:data2\" content=\"1 minuto\" \/>\n<script type=\"application\/ld+json\" class=\"yoast-schema-graph\">{\"@context\":\"https:\/\/schema.org\",\"@graph\":[{\"@type\":\"Article\",\"@id\":\"https:\/\/www.ivanabeaumond.com.br\/vestidos-noiva\/barcelona-bridal-fashion-week-2018\/#article\",\"isPartOf\":{\"@id\":\"https:\/\/www.ivanabeaumond.com.br\/vestidos-noiva\/barcelona-bridal-fashion-week-2018\/\"},\"author\":{\"name\":\"Ivana Beaumond Paris\",\"@id\":\"https:\/\/www.ivanabeaumond.com.br\/vestidos-noiva\/#\/schema\/person\/1a360c4cffa3b806d29a456389dcff26\"},\"headline\":\"Barcelona BRIDAL FASHION WEEK 2018\",\"datePublished\":\"2017-10-11T19:57:20+00:00\",\"dateModified\":\"2017-10-23T17:14:28+00:00\",\"mainEntityOfPage\":{\"@id\":\"https:\/\/www.ivanabeaumond.com.br\/vestidos-noiva\/barcelona-bridal-fashion-week-2018\/\"},\"wordCount\":203,\"commentCount\":0,\"publisher\":{\"@id\":\"https:\/\/www.ivanabeaumond.com.br\/vestidos-noiva\/#organization\"},\"keywords\":[\"15 anos\",\"alian\u00e7as\",\"aluguel de roupas\",\"casamento\",\"casamento blindado\",\"casamento no civil\",\"daminhas\",\"debutantes\",\"felicidade\",\"festa\",\"festas\",\"noiva e noivo\",\"princesas\",\"sob medida\",\"traje de noivo\",\"vestido de 15 anos\",\"vestido de debutante\",\"vestido de noiva\"],\"articleSection\":[\"Na M\u00eddia\"],\"inLanguage\":\"pt-BR\",\"potentialAction\":[{\"@type\":\"CommentAction\",\"name\":\"Comment\",\"target\":[\"https:\/\/www.ivanabeaumond.com.br\/vestidos-noiva\/barcelona-bridal-fashion-week-2018\/#respond\"]}]},{\"@type\":\"WebPage\",\"@id\":\"https:\/\/www.ivanabeaumond.com.br\/vestidos-noiva\/barcelona-bridal-fashion-week-2018\/\",\"url\":\"https:\/\/www.ivanabeaumond.com.br\/vestidos-noiva\/barcelona-bridal-fashion-week-2018\/\",\"name\":\"Barcelona BRIDAL FASHION WEEK 2018 - Vestido de Noiva RJ\",\"isPartOf\":{\"@id\":\"https:\/\/www.ivanabeaumond.com.br\/vestidos-noiva\/#website\"},\"datePublished\":\"2017-10-11T19:57:20+00:00\",\"dateModified\":\"2017-10-23T17:14:28+00:00\",\"breadcrumb\":{\"@id\":\"https:\/\/www.ivanabeaumond.com.br\/vestidos-noiva\/barcelona-bridal-fashion-week-2018\/#breadcrumb\"},\"inLanguage\":\"pt-BR\",\"potentialAction\":[{\"@type\":\"ReadAction\",\"target\":[\"https:\/\/www.ivanabeaumond.com.br\/vestidos-noiva\/barcelona-bridal-fashion-week-2018\/\"]}]},{\"@type\":\"BreadcrumbList\",\"@id\":\"https:\/\/www.ivanabeaumond.com.br\/vestidos-noiva\/barcelona-bridal-fashion-week-2018\/#breadcrumb\",\"itemListElement\":[{\"@type\":\"ListItem\",\"position\":1,\"name\":\"In\u00edcio\",\"item\":\"https:\/\/www.ivanabeaumond.com.br\/vestidos-noiva\/\"},{\"@type\":\"ListItem\",\"position\":2,\"name\":\"Barcelona BRIDAL FASHION WEEK 2018\"}]},{\"@type\":\"WebSite\",\"@id\":\"https:\/\/www.ivanabeaumond.com.br\/vestidos-noiva\/#website\",\"url\":\"https:\/\/www.ivanabeaumond.com.br\/vestidos-noiva\/\",\"name\":\"Vestido de Noiva RJ\",\"description\":\"Moda Noiva\",\"publisher\":{\"@id\":\"https:\/\/www.ivanabeaumond.com.br\/vestidos-noiva\/#organization\"},\"potentialAction\":[{\"@type\":\"SearchAction\",\"target\":{\"@type\":\"EntryPoint\",\"urlTemplate\":\"https:\/\/www.ivanabeaumond.com.br\/vestidos-noiva\/?s={search_term_string}\"},\"query-input\":\"required name=search_term_string\"}],\"inLanguage\":\"pt-BR\"},{\"@type\":\"Organization\",\"@id\":\"https:\/\/www.ivanabeaumond.com.br\/vestidos-noiva\/#organization\",\"name\":\"Vestido de Noiva RJ\",\"url\":\"https:\/\/www.ivanabeaumond.com.br\/vestidos-noiva\/\",\"logo\":{\"@type\":\"ImageObject\",\"inLanguage\":\"pt-BR\",\"@id\":\"https:\/\/www.ivanabeaumond.com.br\/vestidos-noiva\/#\/schema\/logo\/image\/\",\"url\":\"https:\/\/www.ivanabeaumond.com.br\/vestidos-noiva\/wp-content\/uploads\/2018\/02\/logo_ivana_beaumond-2.png\",\"contentUrl\":\"https:\/\/www.ivanabeaumond.com.br\/vestidos-noiva\/wp-content\/uploads\/2018\/02\/logo_ivana_beaumond-2.png\",\"width\":230,\"height\":112,\"caption\":\"Vestido de Noiva RJ\"},\"image\":{\"@id\":\"https:\/\/www.ivanabeaumond.com.br\/vestidos-noiva\/#\/schema\/logo\/image\/\"},\"sameAs\":[\"https:\/\/www.facebook.com\/ivana.beaumondnoivas\",\"https:\/\/www.instagram.com\/ivanabeaumond\/\",\"https:\/\/www.tiktok.com\/@ivanabeaumond\"]},{\"@type\":\"Person\",\"@id\":\"https:\/\/www.ivanabeaumond.com.br\/vestidos-noiva\/#\/schema\/person\/1a360c4cffa3b806d29a456389dcff26\",\"name\":\"Ivana Beaumond Paris\",\"image\":{\"@type\":\"ImageObject\",\"inLanguage\":\"pt-BR\",\"@id\":\"https:\/\/www.ivanabeaumond.com.br\/vestidos-noiva\/#\/schema\/person\/image\/\",\"url\":\"https:\/\/secure.gravatar.com\/avatar\/641f98db20b53ec937ceb641db4270b9?s=96&d=mm&r=g\",\"contentUrl\":\"https:\/\/secure.gravatar.com\/avatar\/641f98db20b53ec937ceb641db4270b9?s=96&d=mm&r=g\",\"caption\":\"Ivana Beaumond Paris\"},\"url\":\"https:\/\/www.ivanabeaumond.com.br\/vestidos-noiva\/author\/ivana\/\"}]}<\/script>\n<!-- \/ Yoast SEO plugin. -->","yoast_head_json":{"title":"Barcelona BRIDAL FASHION WEEK 2018 - Vestido de Noiva RJ","robots":{"index":"index","follow":"follow","max-snippet":"max-snippet:-1","max-image-preview":"max-image-preview:large","max-video-preview":"max-video-preview:-1"},"canonical":"https:\/\/www.ivanabeaumond.com.br\/vestidos-noiva\/barcelona-bridal-fashion-week-2018\/","og_locale":"pt_BR","og_type":"article","og_title":"Barcelona BRIDAL FASHION WEEK 2018 - Vestido de Noiva RJ","og_description":"&#8211; \u00danico, surpreendente, criativo, ousado, vanguardista, inovador. A semana\u00a0de moda...","og_url":"https:\/\/www.ivanabeaumond.com.br\/vestidos-noiva\/barcelona-bridal-fashion-week-2018\/","og_site_name":"Vestido de Noiva RJ","article_publisher":"https:\/\/www.facebook.com\/ivana.beaumondnoivas","article_published_time":"2017-10-11T19:57:20+00:00","article_modified_time":"2017-10-23T17:14:28+00:00","og_image":[{"width":600,"height":362,"url":"https:\/\/www.ivanabeaumond.com.br\/vestidos-noiva\/wp-content\/uploads\/2017\/10\/Barcelona-Bridal-Fashion-Week-2018_Blog-Ivana-Beaumond-81.jpg","type":"image\/jpeg"}],"author":"Ivana Beaumond Paris","twitter_card":"summary_large_image","twitter_misc":{"Escrito por":"Ivana Beaumond Paris","Est. tempo de leitura":"1 minuto"},"schema":{"@context":"https:\/\/schema.org","@graph":[{"@type":"Article","@id":"https:\/\/www.ivanabeaumond.com.br\/vestidos-noiva\/barcelona-bridal-fashion-week-2018\/#article","isPartOf":{"@id":"https:\/\/www.ivanabeaumond.com.br\/vestidos-noiva\/barcelona-bridal-fashion-week-2018\/"},"author":{"name":"Ivana Beaumond Paris","@id":"https:\/\/www.ivanabeaumond.com.br\/vestidos-noiva\/#\/schema\/person\/1a360c4cffa3b806d29a456389dcff26"},"headline":"Barcelona BRIDAL FASHION WEEK 2018","datePublished":"2017-10-11T19:57:20+00:00","dateModified":"2017-10-23T17:14:28+00:00","mainEntityOfPage":{"@id":"https:\/\/www.ivanabeaumond.com.br\/vestidos-noiva\/barcelona-bridal-fashion-week-2018\/"},"wordCount":203,"commentCount":0,"publisher":{"@id":"https:\/\/www.ivanabeaumond.com.br\/vestidos-noiva\/#organization"},"keywords":["15 anos","alian\u00e7as","aluguel de roupas","casamento","casamento blindado","casamento no civil","daminhas","debutantes","felicidade","festa","festas","noiva e noivo","princesas","sob medida","traje de noivo","vestido de 15 anos","vestido de debutante","vestido de noiva"],"articleSection":["Na M\u00eddia"],"inLanguage":"pt-BR","potentialAction":[{"@type":"CommentAction","name":"Comment","target":["https:\/\/www.ivanabeaumond.com.br\/vestidos-noiva\/barcelona-bridal-fashion-week-2018\/#respond"]}]},{"@type":"WebPage","@id":"https:\/\/www.ivanabeaumond.com.br\/vestidos-noiva\/barcelona-bridal-fashion-week-2018\/","url":"https:\/\/www.ivanabeaumond.com.br\/vestidos-noiva\/barcelona-bridal-fashion-week-2018\/","name":"Barcelona BRIDAL FASHION WEEK 2018 - Vestido de Noiva RJ","isPartOf":{"@id":"https:\/\/www.ivanabeaumond.com.br\/vestidos-noiva\/#website"},"datePublished":"2017-10-11T19:57:20+00:00","dateModified":"2017-10-23T17:14:28+00:00","breadcrumb":{"@id":"https:\/\/www.ivanabeaumond.com.br\/vestidos-noiva\/barcelona-bridal-fashion-week-2018\/#breadcrumb"},"inLanguage":"pt-BR","potentialAction":[{"@type":"ReadAction","target":["https:\/\/www.ivanabeaumond.com.br\/vestidos-noiva\/barcelona-bridal-fashion-week-2018\/"]}]},{"@type":"BreadcrumbList","@id":"https:\/\/www.ivanabeaumond.com.br\/vestidos-noiva\/barcelona-bridal-fashion-week-2018\/#breadcrumb","itemListElement":[{"@type":"ListItem","position":1,"name":"In\u00edcio","item":"https:\/\/www.ivanabeaumond.com.br\/vestidos-noiva\/"},{"@type":"ListItem","position":2,"name":"Barcelona BRIDAL FASHION WEEK 2018"}]},{"@type":"WebSite","@id":"https:\/\/www.ivanabeaumond.com.br\/vestidos-noiva\/#website","url":"https:\/\/www.ivanabeaumond.com.br\/vestidos-noiva\/","name":"Vestido de Noiva RJ","description":"Moda Noiva","publisher":{"@id":"https:\/\/www.ivanabeaumond.com.br\/vestidos-noiva\/#organization"},"potentialAction":[{"@type":"SearchAction","target":{"@type":"EntryPoint","urlTemplate":"https:\/\/www.ivanabeaumond.com.br\/vestidos-noiva\/?s={search_term_string}"},"query-input":"required name=search_term_string"}],"inLanguage":"pt-BR"},{"@type":"Organization","@id":"https:\/\/www.ivanabeaumond.com.br\/vestidos-noiva\/#organization","name":"Vestido de Noiva RJ","url":"https:\/\/www.ivanabeaumond.com.br\/vestidos-noiva\/","logo":{"@type":"ImageObject","inLanguage":"pt-BR","@id":"https:\/\/www.ivanabeaumond.com.br\/vestidos-noiva\/#\/schema\/logo\/image\/","url":"https:\/\/www.ivanabeaumond.com.br\/vestidos-noiva\/wp-content\/uploads\/2018\/02\/logo_ivana_beaumond-2.png","contentUrl":"https:\/\/www.ivanabeaumond.com.br\/vestidos-noiva\/wp-content\/uploads\/2018\/02\/logo_ivana_beaumond-2.png","width":230,"height":112,"caption":"Vestido de Noiva RJ"},"image":{"@id":"https:\/\/www.ivanabeaumond.com.br\/vestidos-noiva\/#\/schema\/logo\/image\/"},"sameAs":["https:\/\/www.facebook.com\/ivana.beaumondnoivas","https:\/\/www.instagram.com\/ivanabeaumond\/","https:\/\/www.tiktok.com\/@ivanabeaumond"]},{"@type":"Person","@id":"https:\/\/www.ivanabeaumond.com.br\/vestidos-noiva\/#\/schema\/person\/1a360c4cffa3b806d29a456389dcff26","name":"Ivana Beaumond Paris","image":{"@type":"ImageObject","inLanguage":"pt-BR","@id":"https:\/\/www.ivanabeaumond.com.br\/vestidos-noiva\/#\/schema\/person\/image\/","url":"https:\/\/secure.gravatar.com\/avatar\/641f98db20b53ec937ceb641db4270b9?s=96&d=mm&r=g","contentUrl":"https:\/\/secure.gravatar.com\/avatar\/641f98db20b53ec937ceb641db4270b9?s=96&d=mm&r=g","caption":"Ivana Beaumond Paris"},"url":"https:\/\/www.ivanabeaumond.com.br\/vestidos-noiva\/author\/ivana\/"}]}},"_links":{"self":[{"href":"https:\/\/www.ivanabeaumond.com.br\/vestidos-noiva\/wp-json\/wp\/v2\/posts\/13832"}],"collection":[{"href":"https:\/\/www.ivanabeaumond.com.br\/vestidos-noiva\/wp-json\/wp\/v2\/posts"}],"about":[{"href":"https:\/\/www.ivanabeaumond.com.br\/vestidos-noiva\/wp-json\/wp\/v2\/types\/post"}],"author":[{"embeddable":true,"href":"https:\/\/www.ivanabeaumond.com.br\/vestidos-noiva\/wp-json\/wp\/v2\/users\/4"}],"replies":[{"embeddable":true,"href":"https:\/\/www.ivanabeaumond.com.br\/vestidos-noiva\/wp-json\/wp\/v2\/comments?post=13832"}],"version-history":[{"count":8,"href":"https:\/\/www.ivanabeaumond.com.br\/vestidos-noiva\/wp-json\/wp\/v2\/posts\/13832\/revisions"}],"predecessor-version":[{"id":13910,"href":"https:\/\/www.ivanabeaumond.com.br\/vestidos-noiva\/wp-json\/wp\/v2\/posts\/13832\/revisions\/13910"}],"wp:featuredmedia":[{"embeddable":true,"href":"https:\/\/www.ivanabeaumond.com.br\/vestidos-noiva\/wp-json\/wp\/v2\/media\/13859"}],"wp:attachment":[{"href":"https:\/\/www.ivanabeaumond.com.br\/vestidos-noiva\/wp-json\/wp\/v2\/media?parent=13832"}],"wp:term":[{"taxonomy":"category","embeddable":true,"href":"https:\/\/www.ivanabeaumond.com.br\/vestidos-noiva\/wp-json\/wp\/v2\/categories?post=13832"},{"taxonomy":"post_tag","embeddable":true,"href":"https:\/\/www.ivanabeaumond.com.br\/vestidos-noiva\/wp-json\/wp\/v2\/tags?post=13832"}],"curies":[{"name":"wp","href":"https:\/\/api.w.org\/{rel}","templated":true}]}}