{"id":13976,"date":"2017-11-08T11:31:12","date_gmt":"2017-11-08T13:31:12","guid":{"rendered":"http:\/\/www.ivanabeaumond.com.br\/vestidos-noiva\/?p=13976"},"modified":"2017-11-08T13:25:16","modified_gmt":"2017-11-08T15:25:16","slug":"como-escolher-o-tao-sonhado-convite-de-debutante","status":"publish","type":"post","link":"https:\/\/www.ivanabeaumond.com.br\/vestidos-noiva\/como-escolher-o-tao-sonhado-convite-de-debutante\/","title":{"rendered":"Como escolher o t\u00e3o sonhado convite de Debutante&#8230;"},"content":{"rendered":"<h4 style=\"text-align: justify;\"><span style=\"color: #999999;\">Sabe aquele momento em que todas ficam ansiosas e claro com muitas d\u00favidas? \u00e9 na hora da grande escolha do seu convite de 15 anos, n\u00e3o somente com as cores, mas estilos, modelos criativos e quantidades.. Temos 4 dicas e alguns modelos para te ajudar nessa importante escolha Princesa&#8230; Veja a seguir:<\/span><\/h4>\n<p><span style=\"color: #ffffff;\">&#8211;<\/span><\/p>\n<p><span style=\"color: #ffffff;\">&#8211;<\/span><\/p>\n<h4 style=\"text-align: justify;\"><strong><span style=\"color: #999999;\">1. Convite com informa\u00e7\u00f5es importantes<\/span><\/strong><\/h4>\n<h4 style=\"text-align: justify;\"><span style=\"color: #999999;\">Por mais diferenciais que voc\u00ea queira conferir ao seu convite, n\u00e3o se esque\u00e7a de que ele deve cumprir dois pap\u00e9is important\u00edssimos: dar ao convidado informa\u00e7\u00f5es essenciais\u00a0 (quem \u00e9 a aniversariante, quando e onde ser\u00e1 o evento) e definir o clima da festa, isto \u00e9, o grau de formalidade \u2013 para que as pessoas saibam o que vestir no dia. Por exemplo: se voc\u00ea for fazer uma festa simples, nada de preparar um convite cheio de frufrus, e vice-versa.<\/span><\/h4>\n<p><a href=\"http:\/\/www.ivanabeaumond.com.br\/vestidos-noiva\/wp-content\/uploads\/2017\/11\/15-anos_convite-debutante_vestido-de-debutante_Blog-IvanaBeaumond-3.jpg\"><img decoding=\"async\" loading=\"lazy\" class=\"aligncenter wp-image-13983\" src=\"http:\/\/www.ivanabeaumond.com.br\/vestidos-noiva\/wp-content\/uploads\/2017\/11\/15-anos_convite-debutante_vestido-de-debutante_Blog-IvanaBeaumond-3-1024x741.jpg\" alt=\"\" width=\"900\" height=\"651\" srcset=\"https:\/\/www.ivanabeaumond.com.br\/vestidos-noiva\/wp-content\/uploads\/2017\/11\/15-anos_convite-debutante_vestido-de-debutante_Blog-IvanaBeaumond-3-1024x741.jpg 1024w, https:\/\/www.ivanabeaumond.com.br\/vestidos-noiva\/wp-content\/uploads\/2017\/11\/15-anos_convite-debutante_vestido-de-debutante_Blog-IvanaBeaumond-3-300x217.jpg 300w\" sizes=\"(max-width: 900px) 100vw, 900px\" \/><\/a><\/p>\n<p>&nbsp;<\/p>\n<h3 style=\"text-align: justify;\"><span style=\"color: #ffffff;\">&#8211;<\/span><\/h3>\n<h3 style=\"text-align: justify;\"><span style=\"color: #999999;\">2. Lista de convidados<\/span><\/h3>\n<h4 style=\"text-align: justify;\"><span style=\"color: #999999;\">S\u00f3 comece a pensar no tipo de convite, depois que tiver em m\u00e3os a lista de convidados, finalizada. S\u00f3 assim voc\u00ea vai poder ter uma no\u00e7\u00e3o do quanto vai gastar com esse item. Mesmo sabendo o n\u00famero de convidados, \u00e9 bom encomendar (ou fazer) convites extras \u2013 de 5 a 10% a mais \u2013 para poss\u00edveis convidados de \u00faltima hora. Sim, eles sempre ir\u00e3o surgir.<\/span><\/h4>\n<p><a href=\"http:\/\/www.ivanabeaumond.com.br\/vestidos-noiva\/wp-content\/uploads\/2017\/11\/15-anos_convite-debutante_vestido-de-debutante_Blog-IvanaBeaumond-1.jpg\"><img decoding=\"async\" loading=\"lazy\" class=\"aligncenter wp-image-13978\" src=\"http:\/\/www.ivanabeaumond.com.br\/vestidos-noiva\/wp-content\/uploads\/2017\/11\/15-anos_convite-debutante_vestido-de-debutante_Blog-IvanaBeaumond-1-1024x1024.jpg\" alt=\"15-anos_convite-debutante_vestido-de-debutante_Blog-IvanaBeaumond (1)\" width=\"900\" height=\"900\" srcset=\"https:\/\/www.ivanabeaumond.com.br\/vestidos-noiva\/wp-content\/uploads\/2017\/11\/15-anos_convite-debutante_vestido-de-debutante_Blog-IvanaBeaumond-1.jpg 1024w, https:\/\/www.ivanabeaumond.com.br\/vestidos-noiva\/wp-content\/uploads\/2017\/11\/15-anos_convite-debutante_vestido-de-debutante_Blog-IvanaBeaumond-1-150x150.jpg 150w, https:\/\/www.ivanabeaumond.com.br\/vestidos-noiva\/wp-content\/uploads\/2017\/11\/15-anos_convite-debutante_vestido-de-debutante_Blog-IvanaBeaumond-1-300x300.jpg 300w, https:\/\/www.ivanabeaumond.com.br\/vestidos-noiva\/wp-content\/uploads\/2017\/11\/15-anos_convite-debutante_vestido-de-debutante_Blog-IvanaBeaumond-1-520x520.jpg 520w\" sizes=\"(max-width: 900px) 100vw, 900px\" \/><\/a><\/p>\n<p>&nbsp;<\/p>\n<p><span style=\"color: #ffffff;\">&#8211;<\/span><\/p>\n<h3 style=\"text-align: justify;\"><span style=\"color: #999999;\">3. Como escolher o convite ideal<\/span><\/h3>\n<h4 style=\"text-align: justify;\"><span style=\"color: #999999;\">Para decidir qual \u00e9 o convite ideal para o seu anivers\u00e1rio, voc\u00ea precisa ter em mente qual ser\u00e1 o tipo de festa de 15 anos. Depois que resolver essa parte, pesquise modelos em sites especializados, para ter ideias. Tem pra todos os gostos \u2013 e bolsos.<\/span><\/h4>\n<p><a href=\"http:\/\/www.ivanabeaumond.com.br\/vestidos-noiva\/wp-content\/uploads\/2017\/11\/15-anos_convite-debutante_vestido-de-debutante_Blog-IvanaBeaumond-5.jpg\"><img decoding=\"async\" loading=\"lazy\" class=\"aligncenter wp-image-13982\" src=\"http:\/\/www.ivanabeaumond.com.br\/vestidos-noiva\/wp-content\/uploads\/2017\/11\/15-anos_convite-debutante_vestido-de-debutante_Blog-IvanaBeaumond-5.jpg\" alt=\"15-anos_convite-debutante_vestido-de-debutante_Blog-IvanaBeaumond (5)\" width=\"900\" height=\"675\" srcset=\"https:\/\/www.ivanabeaumond.com.br\/vestidos-noiva\/wp-content\/uploads\/2017\/11\/15-anos_convite-debutante_vestido-de-debutante_Blog-IvanaBeaumond-5.jpg 1000w, https:\/\/www.ivanabeaumond.com.br\/vestidos-noiva\/wp-content\/uploads\/2017\/11\/15-anos_convite-debutante_vestido-de-debutante_Blog-IvanaBeaumond-5-300x225.jpg 300w\" sizes=\"(max-width: 900px) 100vw, 900px\" \/><\/a><\/p>\n<h3 style=\"text-align: justify;\"><span style=\"color: #ffffff;\">&#8211;<\/span><\/h3>\n<h3 style=\"text-align: justify;\"><span style=\"color: #999999;\">4.\u00a0R.S.V.P.: pe\u00e7a\u00a0que o convidado confirme a presen\u00e7a\u00a0<\/span><\/h3>\n<h4 style=\"text-align: justify;\"><span style=\"color: #999999;\">Voc\u00ea j\u00e1 deve ter ouvido falar nisso, mas, talvez, nem imagine o que possa significar. Essas letras s\u00e3o uma sigla para o termo franc\u00eas r\u00e9pondez s\u2019il vous pla\u00eet, e significa responda, por favor.<\/span><br \/>\n<span style=\"color: #999999;\">Ou seja, \u00e9 um pedido gentil, escrito no convite, para que o convidado confirme a presen\u00e7a. Mas, use essa op\u00e7\u00e3o apenas se voc\u00ea convidar muita gente e tiver que passar para o buffet uma pr\u00e9via do n\u00famero de convidados que comparecer\u00e3o.<\/span><\/h4>\n<p><a href=\"http:\/\/www.ivanabeaumond.com.br\/vestidos-noiva\/wp-content\/uploads\/2017\/11\/15-anos_convite-debutante_vestido-de-debutante_Blog-IvanaBeaumond-4.jpg\"><img decoding=\"async\" loading=\"lazy\" class=\"aligncenter wp-image-13981\" src=\"http:\/\/www.ivanabeaumond.com.br\/vestidos-noiva\/wp-content\/uploads\/2017\/11\/15-anos_convite-debutante_vestido-de-debutante_Blog-IvanaBeaumond-4.jpg\" alt=\"15-anos_convite-debutante_vestido-de-debutante_Blog-IvanaBeaumond (4)\" width=\"900\" height=\"1118\" srcset=\"https:\/\/www.ivanabeaumond.com.br\/vestidos-noiva\/wp-content\/uploads\/2017\/11\/15-anos_convite-debutante_vestido-de-debutante_Blog-IvanaBeaumond-4.jpg 936w, https:\/\/www.ivanabeaumond.com.br\/vestidos-noiva\/wp-content\/uploads\/2017\/11\/15-anos_convite-debutante_vestido-de-debutante_Blog-IvanaBeaumond-4-241x300.jpg 241w, https:\/\/www.ivanabeaumond.com.br\/vestidos-noiva\/wp-content\/uploads\/2017\/11\/15-anos_convite-debutante_vestido-de-debutante_Blog-IvanaBeaumond-4-824x1024.jpg 824w\" sizes=\"(max-width: 900px) 100vw, 900px\" \/><\/a><\/p>\n<p>&nbsp;<\/p>\n<p><span style=\"color: #ffffff;\">&#8211;<\/span><\/p>\n<p><span style=\"color: #ffffff;\">&#8211;<\/span><\/p>\n<h4 style=\"text-align: justify;\"><span style=\"color: #999999;\">Gostou? Siga nosso instagram <span style=\"color: #0000ff;\"><a style=\"color: #0000ff;\" href=\"https:\/\/www.instagram.com\/ivanabeaumond\/\">@ivanabeaumond<\/a><\/span> e curta nossa fanpage <span style=\"color: #0000ff;\"><a style=\"color: #0000ff;\" href=\"https:\/\/www.facebook.com\/IvanaBeaumond\/\">Ivana Beaumond<\/a><\/span> e fique por dentro de tudo o que rola no mundo das noivas e conhe\u00e7a nossos Melhores Modelos de Vestidos de Noivas Nacionais, Importados e Sob Medida.<\/span><\/h4>\n","protected":false},"excerpt":{"rendered":"<p>Sabe aquele momento em que todas ficam ansiosas e claro&#8230;<\/p>\n","protected":false},"author":4,"featured_media":13988,"comment_status":"open","ping_status":"open","sticky":false,"template":"","format":"standard","meta":[],"categories":[129],"tags":[172,159,131,96,161,156,160,173,99,100,162,157,174,163,158,149,143,115],"yoast_head":"<!-- This site is optimized with the Yoast SEO plugin v20.3 - https:\/\/yoast.com\/wordpress\/plugins\/seo\/ -->\n<title>Como escolher o t\u00e3o sonhado convite de Debutante... - Vestido de Noiva RJ<\/title>\n<meta name=\"robots\" content=\"index, follow, max-snippet:-1, max-image-preview:large, max-video-preview:-1\" \/>\n<link rel=\"canonical\" href=\"https:\/\/www.ivanabeaumond.com.br\/vestidos-noiva\/como-escolher-o-tao-sonhado-convite-de-debutante\/\" \/>\n<meta property=\"og:locale\" content=\"pt_BR\" \/>\n<meta property=\"og:type\" content=\"article\" \/>\n<meta property=\"og:title\" content=\"Como escolher o t\u00e3o sonhado convite de Debutante... - Vestido de Noiva RJ\" \/>\n<meta property=\"og:description\" content=\"Sabe aquele momento em que todas ficam ansiosas e claro...\" \/>\n<meta property=\"og:url\" content=\"https:\/\/www.ivanabeaumond.com.br\/vestidos-noiva\/como-escolher-o-tao-sonhado-convite-de-debutante\/\" \/>\n<meta property=\"og:site_name\" content=\"Vestido de Noiva RJ\" \/>\n<meta property=\"article:publisher\" content=\"https:\/\/www.facebook.com\/ivana.beaumondnoivas\" \/>\n<meta property=\"article:published_time\" content=\"2017-11-08T13:31:12+00:00\" \/>\n<meta property=\"article:modified_time\" content=\"2017-11-08T15:25:16+00:00\" \/>\n<meta property=\"og:image\" content=\"https:\/\/www.ivanabeaumond.com.br\/vestidos-noiva\/wp-content\/uploads\/2017\/11\/15-anos_convite-debutante_vestido-de-debutante_Blog-IvanaBeaumond-2-1024x683.jpg\" \/>\n\t<meta property=\"og:image:width\" content=\"1024\" \/>\n\t<meta property=\"og:image:height\" content=\"683\" \/>\n\t<meta property=\"og:image:type\" content=\"image\/jpeg\" \/>\n<meta name=\"author\" content=\"Ivana Beaumond Paris\" \/>\n<meta name=\"twitter:card\" content=\"summary_large_image\" \/>\n<meta name=\"twitter:label1\" content=\"Escrito por\" \/>\n\t<meta name=\"twitter:data1\" content=\"Ivana Beaumond Paris\" \/>\n\t<meta name=\"twitter:label2\" content=\"Est. tempo de leitura\" \/>\n\t<meta name=\"twitter:data2\" content=\"2 minutos\" \/>\n<script type=\"application\/ld+json\" class=\"yoast-schema-graph\">{\"@context\":\"https:\/\/schema.org\",\"@graph\":[{\"@type\":\"Article\",\"@id\":\"https:\/\/www.ivanabeaumond.com.br\/vestidos-noiva\/como-escolher-o-tao-sonhado-convite-de-debutante\/#article\",\"isPartOf\":{\"@id\":\"https:\/\/www.ivanabeaumond.com.br\/vestidos-noiva\/como-escolher-o-tao-sonhado-convite-de-debutante\/\"},\"author\":{\"name\":\"Ivana Beaumond Paris\",\"@id\":\"https:\/\/www.ivanabeaumond.com.br\/vestidos-noiva\/#\/schema\/person\/1a360c4cffa3b806d29a456389dcff26\"},\"headline\":\"Como escolher o t\u00e3o sonhado convite de Debutante&#8230;\",\"datePublished\":\"2017-11-08T13:31:12+00:00\",\"dateModified\":\"2017-11-08T15:25:16+00:00\",\"mainEntityOfPage\":{\"@id\":\"https:\/\/www.ivanabeaumond.com.br\/vestidos-noiva\/como-escolher-o-tao-sonhado-convite-de-debutante\/\"},\"wordCount\":407,\"commentCount\":0,\"publisher\":{\"@id\":\"https:\/\/www.ivanabeaumond.com.br\/vestidos-noiva\/#organization\"},\"keywords\":[\"15 anos\",\"alian\u00e7as\",\"aluguel de roupas\",\"casamento\",\"casamento blindado\",\"casamento no civil\",\"daminhas\",\"debutantes\",\"felicidade\",\"festa\",\"festas\",\"noiva e noivo\",\"princesas\",\"sob medida\",\"traje de noivo\",\"vestido de 15 anos\",\"vestido de debutante\",\"vestido de noiva\"],\"articleSection\":[\"Espa\u00e7o Debutantes\"],\"inLanguage\":\"pt-BR\",\"potentialAction\":[{\"@type\":\"CommentAction\",\"name\":\"Comment\",\"target\":[\"https:\/\/www.ivanabeaumond.com.br\/vestidos-noiva\/como-escolher-o-tao-sonhado-convite-de-debutante\/#respond\"]}]},{\"@type\":\"WebPage\",\"@id\":\"https:\/\/www.ivanabeaumond.com.br\/vestidos-noiva\/como-escolher-o-tao-sonhado-convite-de-debutante\/\",\"url\":\"https:\/\/www.ivanabeaumond.com.br\/vestidos-noiva\/como-escolher-o-tao-sonhado-convite-de-debutante\/\",\"name\":\"Como escolher o t\u00e3o sonhado convite de Debutante... - Vestido de Noiva RJ\",\"isPartOf\":{\"@id\":\"https:\/\/www.ivanabeaumond.com.br\/vestidos-noiva\/#website\"},\"datePublished\":\"2017-11-08T13:31:12+00:00\",\"dateModified\":\"2017-11-08T15:25:16+00:00\",\"breadcrumb\":{\"@id\":\"https:\/\/www.ivanabeaumond.com.br\/vestidos-noiva\/como-escolher-o-tao-sonhado-convite-de-debutante\/#breadcrumb\"},\"inLanguage\":\"pt-BR\",\"potentialAction\":[{\"@type\":\"ReadAction\",\"target\":[\"https:\/\/www.ivanabeaumond.com.br\/vestidos-noiva\/como-escolher-o-tao-sonhado-convite-de-debutante\/\"]}]},{\"@type\":\"BreadcrumbList\",\"@id\":\"https:\/\/www.ivanabeaumond.com.br\/vestidos-noiva\/como-escolher-o-tao-sonhado-convite-de-debutante\/#breadcrumb\",\"itemListElement\":[{\"@type\":\"ListItem\",\"position\":1,\"name\":\"In\u00edcio\",\"item\":\"https:\/\/www.ivanabeaumond.com.br\/vestidos-noiva\/\"},{\"@type\":\"ListItem\",\"position\":2,\"name\":\"Como escolher o t\u00e3o sonhado convite de Debutante&#8230;\"}]},{\"@type\":\"WebSite\",\"@id\":\"https:\/\/www.ivanabeaumond.com.br\/vestidos-noiva\/#website\",\"url\":\"https:\/\/www.ivanabeaumond.com.br\/vestidos-noiva\/\",\"name\":\"Vestido de Noiva RJ\",\"description\":\"Moda Noiva\",\"publisher\":{\"@id\":\"https:\/\/www.ivanabeaumond.com.br\/vestidos-noiva\/#organization\"},\"potentialAction\":[{\"@type\":\"SearchAction\",\"target\":{\"@type\":\"EntryPoint\",\"urlTemplate\":\"https:\/\/www.ivanabeaumond.com.br\/vestidos-noiva\/?s={search_term_string}\"},\"query-input\":\"required name=search_term_string\"}],\"inLanguage\":\"pt-BR\"},{\"@type\":\"Organization\",\"@id\":\"https:\/\/www.ivanabeaumond.com.br\/vestidos-noiva\/#organization\",\"name\":\"Vestido de Noiva RJ\",\"url\":\"https:\/\/www.ivanabeaumond.com.br\/vestidos-noiva\/\",\"logo\":{\"@type\":\"ImageObject\",\"inLanguage\":\"pt-BR\",\"@id\":\"https:\/\/www.ivanabeaumond.com.br\/vestidos-noiva\/#\/schema\/logo\/image\/\",\"url\":\"https:\/\/www.ivanabeaumond.com.br\/vestidos-noiva\/wp-content\/uploads\/2018\/02\/logo_ivana_beaumond-2.png\",\"contentUrl\":\"https:\/\/www.ivanabeaumond.com.br\/vestidos-noiva\/wp-content\/uploads\/2018\/02\/logo_ivana_beaumond-2.png\",\"width\":230,\"height\":112,\"caption\":\"Vestido de Noiva RJ\"},\"image\":{\"@id\":\"https:\/\/www.ivanabeaumond.com.br\/vestidos-noiva\/#\/schema\/logo\/image\/\"},\"sameAs\":[\"https:\/\/www.facebook.com\/ivana.beaumondnoivas\",\"https:\/\/www.instagram.com\/ivanabeaumond\/\",\"https:\/\/www.tiktok.com\/@ivanabeaumond\"]},{\"@type\":\"Person\",\"@id\":\"https:\/\/www.ivanabeaumond.com.br\/vestidos-noiva\/#\/schema\/person\/1a360c4cffa3b806d29a456389dcff26\",\"name\":\"Ivana Beaumond Paris\",\"image\":{\"@type\":\"ImageObject\",\"inLanguage\":\"pt-BR\",\"@id\":\"https:\/\/www.ivanabeaumond.com.br\/vestidos-noiva\/#\/schema\/person\/image\/\",\"url\":\"https:\/\/secure.gravatar.com\/avatar\/641f98db20b53ec937ceb641db4270b9?s=96&d=mm&r=g\",\"contentUrl\":\"https:\/\/secure.gravatar.com\/avatar\/641f98db20b53ec937ceb641db4270b9?s=96&d=mm&r=g\",\"caption\":\"Ivana Beaumond Paris\"},\"url\":\"https:\/\/www.ivanabeaumond.com.br\/vestidos-noiva\/author\/ivana\/\"}]}<\/script>\n<!-- \/ Yoast SEO plugin. -->","yoast_head_json":{"title":"Como escolher o t\u00e3o sonhado convite de Debutante... - Vestido de Noiva RJ","robots":{"index":"index","follow":"follow","max-snippet":"max-snippet:-1","max-image-preview":"max-image-preview:large","max-video-preview":"max-video-preview:-1"},"canonical":"https:\/\/www.ivanabeaumond.com.br\/vestidos-noiva\/como-escolher-o-tao-sonhado-convite-de-debutante\/","og_locale":"pt_BR","og_type":"article","og_title":"Como escolher o t\u00e3o sonhado convite de Debutante... - Vestido de Noiva RJ","og_description":"Sabe aquele momento em que todas ficam ansiosas e claro...","og_url":"https:\/\/www.ivanabeaumond.com.br\/vestidos-noiva\/como-escolher-o-tao-sonhado-convite-de-debutante\/","og_site_name":"Vestido de Noiva RJ","article_publisher":"https:\/\/www.facebook.com\/ivana.beaumondnoivas","article_published_time":"2017-11-08T13:31:12+00:00","article_modified_time":"2017-11-08T15:25:16+00:00","og_image":[{"width":1024,"height":683,"url":"https:\/\/www.ivanabeaumond.com.br\/vestidos-noiva\/wp-content\/uploads\/2017\/11\/15-anos_convite-debutante_vestido-de-debutante_Blog-IvanaBeaumond-2-1024x683.jpg","type":"image\/jpeg"}],"author":"Ivana Beaumond Paris","twitter_card":"summary_large_image","twitter_misc":{"Escrito por":"Ivana Beaumond Paris","Est. tempo de leitura":"2 minutos"},"schema":{"@context":"https:\/\/schema.org","@graph":[{"@type":"Article","@id":"https:\/\/www.ivanabeaumond.com.br\/vestidos-noiva\/como-escolher-o-tao-sonhado-convite-de-debutante\/#article","isPartOf":{"@id":"https:\/\/www.ivanabeaumond.com.br\/vestidos-noiva\/como-escolher-o-tao-sonhado-convite-de-debutante\/"},"author":{"name":"Ivana Beaumond Paris","@id":"https:\/\/www.ivanabeaumond.com.br\/vestidos-noiva\/#\/schema\/person\/1a360c4cffa3b806d29a456389dcff26"},"headline":"Como escolher o t\u00e3o sonhado convite de Debutante&#8230;","datePublished":"2017-11-08T13:31:12+00:00","dateModified":"2017-11-08T15:25:16+00:00","mainEntityOfPage":{"@id":"https:\/\/www.ivanabeaumond.com.br\/vestidos-noiva\/como-escolher-o-tao-sonhado-convite-de-debutante\/"},"wordCount":407,"commentCount":0,"publisher":{"@id":"https:\/\/www.ivanabeaumond.com.br\/vestidos-noiva\/#organization"},"keywords":["15 anos","alian\u00e7as","aluguel de roupas","casamento","casamento blindado","casamento no civil","daminhas","debutantes","felicidade","festa","festas","noiva e noivo","princesas","sob medida","traje de noivo","vestido de 15 anos","vestido de debutante","vestido de noiva"],"articleSection":["Espa\u00e7o Debutantes"],"inLanguage":"pt-BR","potentialAction":[{"@type":"CommentAction","name":"Comment","target":["https:\/\/www.ivanabeaumond.com.br\/vestidos-noiva\/como-escolher-o-tao-sonhado-convite-de-debutante\/#respond"]}]},{"@type":"WebPage","@id":"https:\/\/www.ivanabeaumond.com.br\/vestidos-noiva\/como-escolher-o-tao-sonhado-convite-de-debutante\/","url":"https:\/\/www.ivanabeaumond.com.br\/vestidos-noiva\/como-escolher-o-tao-sonhado-convite-de-debutante\/","name":"Como escolher o t\u00e3o sonhado convite de Debutante... - Vestido de Noiva RJ","isPartOf":{"@id":"https:\/\/www.ivanabeaumond.com.br\/vestidos-noiva\/#website"},"datePublished":"2017-11-08T13:31:12+00:00","dateModified":"2017-11-08T15:25:16+00:00","breadcrumb":{"@id":"https:\/\/www.ivanabeaumond.com.br\/vestidos-noiva\/como-escolher-o-tao-sonhado-convite-de-debutante\/#breadcrumb"},"inLanguage":"pt-BR","potentialAction":[{"@type":"ReadAction","target":["https:\/\/www.ivanabeaumond.com.br\/vestidos-noiva\/como-escolher-o-tao-sonhado-convite-de-debutante\/"]}]},{"@type":"BreadcrumbList","@id":"https:\/\/www.ivanabeaumond.com.br\/vestidos-noiva\/como-escolher-o-tao-sonhado-convite-de-debutante\/#breadcrumb","itemListElement":[{"@type":"ListItem","position":1,"name":"In\u00edcio","item":"https:\/\/www.ivanabeaumond.com.br\/vestidos-noiva\/"},{"@type":"ListItem","position":2,"name":"Como escolher o t\u00e3o sonhado convite de Debutante&#8230;"}]},{"@type":"WebSite","@id":"https:\/\/www.ivanabeaumond.com.br\/vestidos-noiva\/#website","url":"https:\/\/www.ivanabeaumond.com.br\/vestidos-noiva\/","name":"Vestido de Noiva RJ","description":"Moda Noiva","publisher":{"@id":"https:\/\/www.ivanabeaumond.com.br\/vestidos-noiva\/#organization"},"potentialAction":[{"@type":"SearchAction","target":{"@type":"EntryPoint","urlTemplate":"https:\/\/www.ivanabeaumond.com.br\/vestidos-noiva\/?s={search_term_string}"},"query-input":"required name=search_term_string"}],"inLanguage":"pt-BR"},{"@type":"Organization","@id":"https:\/\/www.ivanabeaumond.com.br\/vestidos-noiva\/#organization","name":"Vestido de Noiva RJ","url":"https:\/\/www.ivanabeaumond.com.br\/vestidos-noiva\/","logo":{"@type":"ImageObject","inLanguage":"pt-BR","@id":"https:\/\/www.ivanabeaumond.com.br\/vestidos-noiva\/#\/schema\/logo\/image\/","url":"https:\/\/www.ivanabeaumond.com.br\/vestidos-noiva\/wp-content\/uploads\/2018\/02\/logo_ivana_beaumond-2.png","contentUrl":"https:\/\/www.ivanabeaumond.com.br\/vestidos-noiva\/wp-content\/uploads\/2018\/02\/logo_ivana_beaumond-2.png","width":230,"height":112,"caption":"Vestido de Noiva RJ"},"image":{"@id":"https:\/\/www.ivanabeaumond.com.br\/vestidos-noiva\/#\/schema\/logo\/image\/"},"sameAs":["https:\/\/www.facebook.com\/ivana.beaumondnoivas","https:\/\/www.instagram.com\/ivanabeaumond\/","https:\/\/www.tiktok.com\/@ivanabeaumond"]},{"@type":"Person","@id":"https:\/\/www.ivanabeaumond.com.br\/vestidos-noiva\/#\/schema\/person\/1a360c4cffa3b806d29a456389dcff26","name":"Ivana Beaumond Paris","image":{"@type":"ImageObject","inLanguage":"pt-BR","@id":"https:\/\/www.ivanabeaumond.com.br\/vestidos-noiva\/#\/schema\/person\/image\/","url":"https:\/\/secure.gravatar.com\/avatar\/641f98db20b53ec937ceb641db4270b9?s=96&d=mm&r=g","contentUrl":"https:\/\/secure.gravatar.com\/avatar\/641f98db20b53ec937ceb641db4270b9?s=96&d=mm&r=g","caption":"Ivana Beaumond Paris"},"url":"https:\/\/www.ivanabeaumond.com.br\/vestidos-noiva\/author\/ivana\/"}]}},"_links":{"self":[{"href":"https:\/\/www.ivanabeaumond.com.br\/vestidos-noiva\/wp-json\/wp\/v2\/posts\/13976"}],"collection":[{"href":"https:\/\/www.ivanabeaumond.com.br\/vestidos-noiva\/wp-json\/wp\/v2\/posts"}],"about":[{"href":"https:\/\/www.ivanabeaumond.com.br\/vestidos-noiva\/wp-json\/wp\/v2\/types\/post"}],"author":[{"embeddable":true,"href":"https:\/\/www.ivanabeaumond.com.br\/vestidos-noiva\/wp-json\/wp\/v2\/users\/4"}],"replies":[{"embeddable":true,"href":"https:\/\/www.ivanabeaumond.com.br\/vestidos-noiva\/wp-json\/wp\/v2\/comments?post=13976"}],"version-history":[{"count":5,"href":"https:\/\/www.ivanabeaumond.com.br\/vestidos-noiva\/wp-json\/wp\/v2\/posts\/13976\/revisions"}],"predecessor-version":[{"id":13987,"href":"https:\/\/www.ivanabeaumond.com.br\/vestidos-noiva\/wp-json\/wp\/v2\/posts\/13976\/revisions\/13987"}],"wp:featuredmedia":[{"embeddable":true,"href":"https:\/\/www.ivanabeaumond.com.br\/vestidos-noiva\/wp-json\/wp\/v2\/media\/13988"}],"wp:attachment":[{"href":"https:\/\/www.ivanabeaumond.com.br\/vestidos-noiva\/wp-json\/wp\/v2\/media?parent=13976"}],"wp:term":[{"taxonomy":"category","embeddable":true,"href":"https:\/\/www.ivanabeaumond.com.br\/vestidos-noiva\/wp-json\/wp\/v2\/categories?post=13976"},{"taxonomy":"post_tag","embeddable":true,"href":"https:\/\/www.ivanabeaumond.com.br\/vestidos-noiva\/wp-json\/wp\/v2\/tags?post=13976"}],"curies":[{"name":"wp","href":"https:\/\/api.w.org\/{rel}","templated":true}]}}