{"id":14019,"date":"2017-11-16T17:57:10","date_gmt":"2017-11-16T19:57:10","guid":{"rendered":"http:\/\/www.ivanabeaumond.com.br\/vestidos-noiva\/?p=14019"},"modified":"2017-11-16T18:27:25","modified_gmt":"2017-11-16T20:27:25","slug":"ivana-beaumond-e-surpreendida-por-festa-em-seu-aniversario","status":"publish","type":"post","link":"https:\/\/www.ivanabeaumond.com.br\/vestidos-noiva\/ivana-beaumond-e-surpreendida-por-festa-em-seu-aniversario\/","title":{"rendered":"Ivana Beaumond \u00e9 surpreendida por festa em seu anivers\u00e1rio&#8230;"},"content":{"rendered":"<h4 style=\"text-align: justify;\"><span style=\"color: #999999;\">Dia 7 de novembro, o dia amanheceu mais bonito.. Dia em que Ivana Beaumond completou mais uma primavera, e como de costume com muito trabalho, Ivana come\u00e7ou seu dia em um de seus Ateliers, e n\u00e3o sabia que logo teria uma recep\u00e7\u00e3o \u00e0 aguardando para a comemora\u00e7\u00e3o de seu Anivers\u00e1rio. O evento aconteceu em um dos maiores renomeados Hot\u00e9is no Rio de Janeiro, Hotel Pestana Rio Atl\u00e2ntica localizado em Copacabana, e que contou com amigos e familiares. A querid\u00edssima Miss\u00a0Sheislane Hayalla, amada\u00a0Adriana Bombom, o amigo fot\u00f3grafo\u00a0Robson Freire, o Promoter\u00a0David Santiago, sua filha\u00a0Estilista Florence Beaumond,\u00a0os amigos\u00a0\u00a0Cau Alves\u00a0Sandra Santos,\u00a0Carla\u00a0Rosa, Helena Castro,\u00a0Francisco Gomes De Souza Filho,\u00a0Thiago Greco\u00a0e os doces encantos de\u00a0Glac\u00ea Real.<\/span><\/h4>\n<p><a href=\"http:\/\/www.ivanabeaumond.com.br\/vestidos-noiva\/wp-content\/uploads\/2017\/11\/famosos-marcam-presen\u00e7a-na-festa-de-IvanaBeaumond-8.jpg\"><img decoding=\"async\" loading=\"lazy\" class=\"aligncenter size-full wp-image-14027\" src=\"http:\/\/www.ivanabeaumond.com.br\/vestidos-noiva\/wp-content\/uploads\/2017\/11\/famosos-marcam-presen\u00e7a-na-festa-de-IvanaBeaumond-8.jpg\" alt=\"famosos-marcam-presen\u00e7a-na-festa-de-IvanaBeaumond (8)\" width=\"1280\" height=\"854\" srcset=\"https:\/\/www.ivanabeaumond.com.br\/vestidos-noiva\/wp-content\/uploads\/2017\/11\/famosos-marcam-presen\u00e7a-na-festa-de-IvanaBeaumond-8.jpg 1280w, https:\/\/www.ivanabeaumond.com.br\/vestidos-noiva\/wp-content\/uploads\/2017\/11\/famosos-marcam-presen\u00e7a-na-festa-de-IvanaBeaumond-8-300x200.jpg 300w, https:\/\/www.ivanabeaumond.com.br\/vestidos-noiva\/wp-content\/uploads\/2017\/11\/famosos-marcam-presen\u00e7a-na-festa-de-IvanaBeaumond-8-1024x683.jpg 1024w, https:\/\/www.ivanabeaumond.com.br\/vestidos-noiva\/wp-content\/uploads\/2017\/11\/famosos-marcam-presen\u00e7a-na-festa-de-IvanaBeaumond-8-480x320.jpg 480w\" sizes=\"(max-width: 1280px) 100vw, 1280px\" \/><\/a><\/p>\n<p><a href=\"http:\/\/www.ivanabeaumond.com.br\/vestidos-noiva\/wp-content\/uploads\/2017\/11\/famosos-marcam-presen\u00e7a-na-festa-de-IvanaBeaumond-7.jpg\"><img decoding=\"async\" loading=\"lazy\" class=\"aligncenter size-full wp-image-14026\" src=\"http:\/\/www.ivanabeaumond.com.br\/vestidos-noiva\/wp-content\/uploads\/2017\/11\/famosos-marcam-presen\u00e7a-na-festa-de-IvanaBeaumond-7.jpg\" alt=\"famosos-marcam-presen\u00e7a-na-festa-de-IvanaBeaumond (7)\" width=\"1280\" height=\"854\" srcset=\"https:\/\/www.ivanabeaumond.com.br\/vestidos-noiva\/wp-content\/uploads\/2017\/11\/famosos-marcam-presen\u00e7a-na-festa-de-IvanaBeaumond-7.jpg 1280w, https:\/\/www.ivanabeaumond.com.br\/vestidos-noiva\/wp-content\/uploads\/2017\/11\/famosos-marcam-presen\u00e7a-na-festa-de-IvanaBeaumond-7-300x200.jpg 300w, https:\/\/www.ivanabeaumond.com.br\/vestidos-noiva\/wp-content\/uploads\/2017\/11\/famosos-marcam-presen\u00e7a-na-festa-de-IvanaBeaumond-7-1024x683.jpg 1024w, https:\/\/www.ivanabeaumond.com.br\/vestidos-noiva\/wp-content\/uploads\/2017\/11\/famosos-marcam-presen\u00e7a-na-festa-de-IvanaBeaumond-7-480x320.jpg 480w\" sizes=\"(max-width: 1280px) 100vw, 1280px\" \/><\/a><\/p>\n<p><a href=\"http:\/\/www.ivanabeaumond.com.br\/vestidos-noiva\/wp-content\/uploads\/2017\/11\/famosos-marcam-presen\u00e7a-na-festa-de-IvanaBeaumond-6.jpg\"><img decoding=\"async\" loading=\"lazy\" class=\"aligncenter size-full wp-image-14025\" src=\"http:\/\/www.ivanabeaumond.com.br\/vestidos-noiva\/wp-content\/uploads\/2017\/11\/famosos-marcam-presen\u00e7a-na-festa-de-IvanaBeaumond-6.jpg\" alt=\"famosos-marcam-presen\u00e7a-na-festa-de-IvanaBeaumond (6)\" width=\"1280\" height=\"854\" srcset=\"https:\/\/www.ivanabeaumond.com.br\/vestidos-noiva\/wp-content\/uploads\/2017\/11\/famosos-marcam-presen\u00e7a-na-festa-de-IvanaBeaumond-6.jpg 1280w, https:\/\/www.ivanabeaumond.com.br\/vestidos-noiva\/wp-content\/uploads\/2017\/11\/famosos-marcam-presen\u00e7a-na-festa-de-IvanaBeaumond-6-300x200.jpg 300w, https:\/\/www.ivanabeaumond.com.br\/vestidos-noiva\/wp-content\/uploads\/2017\/11\/famosos-marcam-presen\u00e7a-na-festa-de-IvanaBeaumond-6-1024x683.jpg 1024w, https:\/\/www.ivanabeaumond.com.br\/vestidos-noiva\/wp-content\/uploads\/2017\/11\/famosos-marcam-presen\u00e7a-na-festa-de-IvanaBeaumond-6-480x320.jpg 480w\" sizes=\"(max-width: 1280px) 100vw, 1280px\" \/><\/a><\/p>\n<p><a href=\"http:\/\/www.ivanabeaumond.com.br\/vestidos-noiva\/wp-content\/uploads\/2017\/11\/famosos-marcam-presen\u00e7a-na-festa-de-IvanaBeaumond-5.jpg\"><img decoding=\"async\" loading=\"lazy\" class=\"aligncenter size-full wp-image-14024\" src=\"http:\/\/www.ivanabeaumond.com.br\/vestidos-noiva\/wp-content\/uploads\/2017\/11\/famosos-marcam-presen\u00e7a-na-festa-de-IvanaBeaumond-5.jpg\" alt=\"famosos-marcam-presen\u00e7a-na-festa-de-IvanaBeaumond (5)\" width=\"1280\" height=\"854\" srcset=\"https:\/\/www.ivanabeaumond.com.br\/vestidos-noiva\/wp-content\/uploads\/2017\/11\/famosos-marcam-presen\u00e7a-na-festa-de-IvanaBeaumond-5.jpg 1280w, https:\/\/www.ivanabeaumond.com.br\/vestidos-noiva\/wp-content\/uploads\/2017\/11\/famosos-marcam-presen\u00e7a-na-festa-de-IvanaBeaumond-5-300x200.jpg 300w, https:\/\/www.ivanabeaumond.com.br\/vestidos-noiva\/wp-content\/uploads\/2017\/11\/famosos-marcam-presen\u00e7a-na-festa-de-IvanaBeaumond-5-1024x683.jpg 1024w, https:\/\/www.ivanabeaumond.com.br\/vestidos-noiva\/wp-content\/uploads\/2017\/11\/famosos-marcam-presen\u00e7a-na-festa-de-IvanaBeaumond-5-480x320.jpg 480w\" sizes=\"(max-width: 1280px) 100vw, 1280px\" \/><\/a><\/p>\n<p><a href=\"http:\/\/www.ivanabeaumond.com.br\/vestidos-noiva\/wp-content\/uploads\/2017\/11\/famosos-marcam-presen\u00e7a-na-festa-de-IvanaBeaumond-4.jpg\"><img decoding=\"async\" loading=\"lazy\" class=\"aligncenter size-full wp-image-14023\" src=\"http:\/\/www.ivanabeaumond.com.br\/vestidos-noiva\/wp-content\/uploads\/2017\/11\/famosos-marcam-presen\u00e7a-na-festa-de-IvanaBeaumond-4.jpg\" alt=\"famosos-marcam-presen\u00e7a-na-festa-de-IvanaBeaumond (4)\" width=\"1014\" height=\"764\" srcset=\"https:\/\/www.ivanabeaumond.com.br\/vestidos-noiva\/wp-content\/uploads\/2017\/11\/famosos-marcam-presen\u00e7a-na-festa-de-IvanaBeaumond-4.jpg 1014w, https:\/\/www.ivanabeaumond.com.br\/vestidos-noiva\/wp-content\/uploads\/2017\/11\/famosos-marcam-presen\u00e7a-na-festa-de-IvanaBeaumond-4-300x226.jpg 300w\" sizes=\"(max-width: 1014px) 100vw, 1014px\" \/><\/a><\/p>\n<p><a href=\"http:\/\/www.ivanabeaumond.com.br\/vestidos-noiva\/wp-content\/uploads\/2017\/11\/famosos-marcam-presen\u00e7a-na-festa-de-IvanaBeaumond-3.jpg\"><img decoding=\"async\" loading=\"lazy\" class=\"aligncenter size-full wp-image-14022\" src=\"http:\/\/www.ivanabeaumond.com.br\/vestidos-noiva\/wp-content\/uploads\/2017\/11\/famosos-marcam-presen\u00e7a-na-festa-de-IvanaBeaumond-3.jpg\" alt=\"famosos-marcam-presen\u00e7a-na-festa-de-IvanaBeaumond (3)\" width=\"1280\" height=\"854\" srcset=\"https:\/\/www.ivanabeaumond.com.br\/vestidos-noiva\/wp-content\/uploads\/2017\/11\/famosos-marcam-presen\u00e7a-na-festa-de-IvanaBeaumond-3.jpg 1280w, https:\/\/www.ivanabeaumond.com.br\/vestidos-noiva\/wp-content\/uploads\/2017\/11\/famosos-marcam-presen\u00e7a-na-festa-de-IvanaBeaumond-3-300x200.jpg 300w, https:\/\/www.ivanabeaumond.com.br\/vestidos-noiva\/wp-content\/uploads\/2017\/11\/famosos-marcam-presen\u00e7a-na-festa-de-IvanaBeaumond-3-1024x683.jpg 1024w, https:\/\/www.ivanabeaumond.com.br\/vestidos-noiva\/wp-content\/uploads\/2017\/11\/famosos-marcam-presen\u00e7a-na-festa-de-IvanaBeaumond-3-480x320.jpg 480w\" sizes=\"(max-width: 1280px) 100vw, 1280px\" \/><\/a><\/p>\n<p><a href=\"http:\/\/www.ivanabeaumond.com.br\/vestidos-noiva\/wp-content\/uploads\/2017\/11\/famosos-marcam-presen\u00e7a-na-festa-de-IvanaBeaumond-2.jpg\"><img decoding=\"async\" loading=\"lazy\" class=\"aligncenter size-full wp-image-14021\" src=\"http:\/\/www.ivanabeaumond.com.br\/vestidos-noiva\/wp-content\/uploads\/2017\/11\/famosos-marcam-presen\u00e7a-na-festa-de-IvanaBeaumond-2.jpg\" alt=\"famosos-marcam-presen\u00e7a-na-festa-de-IvanaBeaumond (2)\" width=\"1280\" height=\"854\" srcset=\"https:\/\/www.ivanabeaumond.com.br\/vestidos-noiva\/wp-content\/uploads\/2017\/11\/famosos-marcam-presen\u00e7a-na-festa-de-IvanaBeaumond-2.jpg 1280w, https:\/\/www.ivanabeaumond.com.br\/vestidos-noiva\/wp-content\/uploads\/2017\/11\/famosos-marcam-presen\u00e7a-na-festa-de-IvanaBeaumond-2-300x200.jpg 300w, https:\/\/www.ivanabeaumond.com.br\/vestidos-noiva\/wp-content\/uploads\/2017\/11\/famosos-marcam-presen\u00e7a-na-festa-de-IvanaBeaumond-2-1024x683.jpg 1024w, https:\/\/www.ivanabeaumond.com.br\/vestidos-noiva\/wp-content\/uploads\/2017\/11\/famosos-marcam-presen\u00e7a-na-festa-de-IvanaBeaumond-2-480x320.jpg 480w\" sizes=\"(max-width: 1280px) 100vw, 1280px\" \/><\/a><\/p>\n<p><a href=\"http:\/\/www.ivanabeaumond.com.br\/vestidos-noiva\/wp-content\/uploads\/2017\/11\/famosos-marcam-presen\u00e7a-na-festa-de-IvanaBeaumond-1.jpg\"><img decoding=\"async\" loading=\"lazy\" class=\"aligncenter size-full wp-image-14020\" src=\"http:\/\/www.ivanabeaumond.com.br\/vestidos-noiva\/wp-content\/uploads\/2017\/11\/famosos-marcam-presen\u00e7a-na-festa-de-IvanaBeaumond-1.jpg\" alt=\"famosos-marcam-presen\u00e7a-na-festa-de-IvanaBeaumond (1)\" width=\"640\" height=\"960\" srcset=\"https:\/\/www.ivanabeaumond.com.br\/vestidos-noiva\/wp-content\/uploads\/2017\/11\/famosos-marcam-presen\u00e7a-na-festa-de-IvanaBeaumond-1.jpg 640w, https:\/\/www.ivanabeaumond.com.br\/vestidos-noiva\/wp-content\/uploads\/2017\/11\/famosos-marcam-presen\u00e7a-na-festa-de-IvanaBeaumond-1-200x300.jpg 200w\" sizes=\"(max-width: 640px) 100vw, 640px\" \/><\/a><span style=\"color: #ffffff;\">&#8211;<\/span><\/p>\n<p><span style=\"color: #ffffff;\">&#8211;<\/span><\/p>\n<h4 style=\"text-align: justify;\"><span style=\"color: #999999;\">Gostou? Siga nosso instagram\u00a0<span style=\"color: #0000ff;\"><a style=\"color: #0000ff;\" href=\"https:\/\/www.instagram.com\/ivanabeaumond\/\">@ivanabeaumond<\/a><\/span>\u00a0e curta nossa fanpage\u00a0<span style=\"color: #0000ff;\"><a style=\"color: #0000ff;\" href=\"https:\/\/www.facebook.com\/IvanaBeaumond\/\">Ivana Beaumond<\/a><\/span>\u00a0e fique por dentro de tudo o que rola no mundo das noivas e conhe\u00e7a nossos Melhores Modelos de Vestidos de Noivas Nacionais, Importados e Sob Medida.<\/span><\/h4>\n<p>&nbsp;<\/p>\n","protected":false},"excerpt":{"rendered":"<p>Dia 7 de novembro, o dia amanheceu mais bonito.. Dia&#8230;<\/p>\n","protected":false},"author":4,"featured_media":14028,"comment_status":"closed","ping_status":"closed","sticky":false,"template":"","format":"standard","meta":[],"categories":[128],"tags":[172,159,131,96,161,156,160,173,99,100,162,157,174,163,158,149,143,115],"yoast_head":"<!-- This site is optimized with the Yoast SEO plugin v20.3 - https:\/\/yoast.com\/wordpress\/plugins\/seo\/ -->\n<title>Ivana Beaumond \u00e9 surpreendida por festa em seu anivers\u00e1rio... - Vestido de Noiva RJ<\/title>\n<meta name=\"robots\" content=\"index, follow, max-snippet:-1, max-image-preview:large, max-video-preview:-1\" \/>\n<link rel=\"canonical\" href=\"https:\/\/www.ivanabeaumond.com.br\/vestidos-noiva\/ivana-beaumond-e-surpreendida-por-festa-em-seu-aniversario\/\" \/>\n<meta property=\"og:locale\" content=\"pt_BR\" \/>\n<meta property=\"og:type\" content=\"article\" \/>\n<meta property=\"og:title\" content=\"Ivana Beaumond \u00e9 surpreendida por festa em seu anivers\u00e1rio... - Vestido de Noiva RJ\" \/>\n<meta property=\"og:description\" content=\"Dia 7 de novembro, o dia amanheceu mais bonito.. Dia...\" \/>\n<meta property=\"og:url\" content=\"https:\/\/www.ivanabeaumond.com.br\/vestidos-noiva\/ivana-beaumond-e-surpreendida-por-festa-em-seu-aniversario\/\" \/>\n<meta property=\"og:site_name\" content=\"Vestido de Noiva RJ\" \/>\n<meta property=\"article:publisher\" content=\"https:\/\/www.facebook.com\/ivana.beaumondnoivas\" \/>\n<meta property=\"article:published_time\" content=\"2017-11-16T19:57:10+00:00\" \/>\n<meta property=\"article:modified_time\" content=\"2017-11-16T20:27:25+00:00\" \/>\n<meta property=\"og:image\" content=\"https:\/\/www.ivanabeaumond.com.br\/vestidos-noiva\/wp-content\/uploads\/2017\/11\/famosos-marcam-presen\u00e7a-na-festa-de-IvanaBeaumond-9.jpg\" \/>\n\t<meta property=\"og:image:width\" content=\"1280\" \/>\n\t<meta property=\"og:image:height\" content=\"854\" \/>\n\t<meta property=\"og:image:type\" content=\"image\/jpeg\" \/>\n<meta name=\"author\" content=\"Ivana Beaumond Paris\" \/>\n<meta name=\"twitter:card\" content=\"summary_large_image\" \/>\n<meta name=\"twitter:label1\" content=\"Escrito por\" \/>\n\t<meta name=\"twitter:data1\" content=\"Ivana Beaumond Paris\" \/>\n\t<meta name=\"twitter:label2\" content=\"Est. tempo de leitura\" \/>\n\t<meta name=\"twitter:data2\" content=\"1 minuto\" \/>\n<script type=\"application\/ld+json\" class=\"yoast-schema-graph\">{\"@context\":\"https:\/\/schema.org\",\"@graph\":[{\"@type\":\"Article\",\"@id\":\"https:\/\/www.ivanabeaumond.com.br\/vestidos-noiva\/ivana-beaumond-e-surpreendida-por-festa-em-seu-aniversario\/#article\",\"isPartOf\":{\"@id\":\"https:\/\/www.ivanabeaumond.com.br\/vestidos-noiva\/ivana-beaumond-e-surpreendida-por-festa-em-seu-aniversario\/\"},\"author\":{\"name\":\"Ivana Beaumond Paris\",\"@id\":\"https:\/\/www.ivanabeaumond.com.br\/vestidos-noiva\/#\/schema\/person\/1a360c4cffa3b806d29a456389dcff26\"},\"headline\":\"Ivana Beaumond \u00e9 surpreendida por festa em seu anivers\u00e1rio&#8230;\",\"datePublished\":\"2017-11-16T19:57:10+00:00\",\"dateModified\":\"2017-11-16T20:27:25+00:00\",\"mainEntityOfPage\":{\"@id\":\"https:\/\/www.ivanabeaumond.com.br\/vestidos-noiva\/ivana-beaumond-e-surpreendida-por-festa-em-seu-aniversario\/\"},\"wordCount\":181,\"publisher\":{\"@id\":\"https:\/\/www.ivanabeaumond.com.br\/vestidos-noiva\/#organization\"},\"keywords\":[\"15 anos\",\"alian\u00e7as\",\"aluguel de roupas\",\"casamento\",\"casamento blindado\",\"casamento no civil\",\"daminhas\",\"debutantes\",\"felicidade\",\"festa\",\"festas\",\"noiva e noivo\",\"princesas\",\"sob medida\",\"traje de noivo\",\"vestido de 15 anos\",\"vestido de debutante\",\"vestido de noiva\"],\"articleSection\":[\"Na M\u00eddia\"],\"inLanguage\":\"pt-BR\"},{\"@type\":\"WebPage\",\"@id\":\"https:\/\/www.ivanabeaumond.com.br\/vestidos-noiva\/ivana-beaumond-e-surpreendida-por-festa-em-seu-aniversario\/\",\"url\":\"https:\/\/www.ivanabeaumond.com.br\/vestidos-noiva\/ivana-beaumond-e-surpreendida-por-festa-em-seu-aniversario\/\",\"name\":\"Ivana Beaumond \u00e9 surpreendida por festa em seu anivers\u00e1rio... - Vestido de Noiva RJ\",\"isPartOf\":{\"@id\":\"https:\/\/www.ivanabeaumond.com.br\/vestidos-noiva\/#website\"},\"datePublished\":\"2017-11-16T19:57:10+00:00\",\"dateModified\":\"2017-11-16T20:27:25+00:00\",\"breadcrumb\":{\"@id\":\"https:\/\/www.ivanabeaumond.com.br\/vestidos-noiva\/ivana-beaumond-e-surpreendida-por-festa-em-seu-aniversario\/#breadcrumb\"},\"inLanguage\":\"pt-BR\",\"potentialAction\":[{\"@type\":\"ReadAction\",\"target\":[\"https:\/\/www.ivanabeaumond.com.br\/vestidos-noiva\/ivana-beaumond-e-surpreendida-por-festa-em-seu-aniversario\/\"]}]},{\"@type\":\"BreadcrumbList\",\"@id\":\"https:\/\/www.ivanabeaumond.com.br\/vestidos-noiva\/ivana-beaumond-e-surpreendida-por-festa-em-seu-aniversario\/#breadcrumb\",\"itemListElement\":[{\"@type\":\"ListItem\",\"position\":1,\"name\":\"In\u00edcio\",\"item\":\"https:\/\/www.ivanabeaumond.com.br\/vestidos-noiva\/\"},{\"@type\":\"ListItem\",\"position\":2,\"name\":\"Ivana Beaumond \u00e9 surpreendida por festa em seu anivers\u00e1rio&#8230;\"}]},{\"@type\":\"WebSite\",\"@id\":\"https:\/\/www.ivanabeaumond.com.br\/vestidos-noiva\/#website\",\"url\":\"https:\/\/www.ivanabeaumond.com.br\/vestidos-noiva\/\",\"name\":\"Vestido de Noiva RJ\",\"description\":\"Moda Noiva\",\"publisher\":{\"@id\":\"https:\/\/www.ivanabeaumond.com.br\/vestidos-noiva\/#organization\"},\"potentialAction\":[{\"@type\":\"SearchAction\",\"target\":{\"@type\":\"EntryPoint\",\"urlTemplate\":\"https:\/\/www.ivanabeaumond.com.br\/vestidos-noiva\/?s={search_term_string}\"},\"query-input\":\"required name=search_term_string\"}],\"inLanguage\":\"pt-BR\"},{\"@type\":\"Organization\",\"@id\":\"https:\/\/www.ivanabeaumond.com.br\/vestidos-noiva\/#organization\",\"name\":\"Vestido de Noiva RJ\",\"url\":\"https:\/\/www.ivanabeaumond.com.br\/vestidos-noiva\/\",\"logo\":{\"@type\":\"ImageObject\",\"inLanguage\":\"pt-BR\",\"@id\":\"https:\/\/www.ivanabeaumond.com.br\/vestidos-noiva\/#\/schema\/logo\/image\/\",\"url\":\"https:\/\/www.ivanabeaumond.com.br\/vestidos-noiva\/wp-content\/uploads\/2018\/02\/logo_ivana_beaumond-2.png\",\"contentUrl\":\"https:\/\/www.ivanabeaumond.com.br\/vestidos-noiva\/wp-content\/uploads\/2018\/02\/logo_ivana_beaumond-2.png\",\"width\":230,\"height\":112,\"caption\":\"Vestido de Noiva RJ\"},\"image\":{\"@id\":\"https:\/\/www.ivanabeaumond.com.br\/vestidos-noiva\/#\/schema\/logo\/image\/\"},\"sameAs\":[\"https:\/\/www.facebook.com\/ivana.beaumondnoivas\",\"https:\/\/www.instagram.com\/ivanabeaumond\/\",\"https:\/\/www.tiktok.com\/@ivanabeaumond\"]},{\"@type\":\"Person\",\"@id\":\"https:\/\/www.ivanabeaumond.com.br\/vestidos-noiva\/#\/schema\/person\/1a360c4cffa3b806d29a456389dcff26\",\"name\":\"Ivana Beaumond Paris\",\"image\":{\"@type\":\"ImageObject\",\"inLanguage\":\"pt-BR\",\"@id\":\"https:\/\/www.ivanabeaumond.com.br\/vestidos-noiva\/#\/schema\/person\/image\/\",\"url\":\"https:\/\/secure.gravatar.com\/avatar\/641f98db20b53ec937ceb641db4270b9?s=96&d=mm&r=g\",\"contentUrl\":\"https:\/\/secure.gravatar.com\/avatar\/641f98db20b53ec937ceb641db4270b9?s=96&d=mm&r=g\",\"caption\":\"Ivana Beaumond Paris\"},\"url\":\"https:\/\/www.ivanabeaumond.com.br\/vestidos-noiva\/author\/ivana\/\"}]}<\/script>\n<!-- \/ Yoast SEO plugin. -->","yoast_head_json":{"title":"Ivana Beaumond \u00e9 surpreendida por festa em seu anivers\u00e1rio... - Vestido de Noiva RJ","robots":{"index":"index","follow":"follow","max-snippet":"max-snippet:-1","max-image-preview":"max-image-preview:large","max-video-preview":"max-video-preview:-1"},"canonical":"https:\/\/www.ivanabeaumond.com.br\/vestidos-noiva\/ivana-beaumond-e-surpreendida-por-festa-em-seu-aniversario\/","og_locale":"pt_BR","og_type":"article","og_title":"Ivana Beaumond \u00e9 surpreendida por festa em seu anivers\u00e1rio... - Vestido de Noiva RJ","og_description":"Dia 7 de novembro, o dia amanheceu mais bonito.. Dia...","og_url":"https:\/\/www.ivanabeaumond.com.br\/vestidos-noiva\/ivana-beaumond-e-surpreendida-por-festa-em-seu-aniversario\/","og_site_name":"Vestido de Noiva RJ","article_publisher":"https:\/\/www.facebook.com\/ivana.beaumondnoivas","article_published_time":"2017-11-16T19:57:10+00:00","article_modified_time":"2017-11-16T20:27:25+00:00","og_image":[{"width":1280,"height":854,"url":"https:\/\/www.ivanabeaumond.com.br\/vestidos-noiva\/wp-content\/uploads\/2017\/11\/famosos-marcam-presen\u00e7a-na-festa-de-IvanaBeaumond-9.jpg","type":"image\/jpeg"}],"author":"Ivana Beaumond Paris","twitter_card":"summary_large_image","twitter_misc":{"Escrito por":"Ivana Beaumond Paris","Est. tempo de leitura":"1 minuto"},"schema":{"@context":"https:\/\/schema.org","@graph":[{"@type":"Article","@id":"https:\/\/www.ivanabeaumond.com.br\/vestidos-noiva\/ivana-beaumond-e-surpreendida-por-festa-em-seu-aniversario\/#article","isPartOf":{"@id":"https:\/\/www.ivanabeaumond.com.br\/vestidos-noiva\/ivana-beaumond-e-surpreendida-por-festa-em-seu-aniversario\/"},"author":{"name":"Ivana Beaumond Paris","@id":"https:\/\/www.ivanabeaumond.com.br\/vestidos-noiva\/#\/schema\/person\/1a360c4cffa3b806d29a456389dcff26"},"headline":"Ivana Beaumond \u00e9 surpreendida por festa em seu anivers\u00e1rio&#8230;","datePublished":"2017-11-16T19:57:10+00:00","dateModified":"2017-11-16T20:27:25+00:00","mainEntityOfPage":{"@id":"https:\/\/www.ivanabeaumond.com.br\/vestidos-noiva\/ivana-beaumond-e-surpreendida-por-festa-em-seu-aniversario\/"},"wordCount":181,"publisher":{"@id":"https:\/\/www.ivanabeaumond.com.br\/vestidos-noiva\/#organization"},"keywords":["15 anos","alian\u00e7as","aluguel de roupas","casamento","casamento blindado","casamento no civil","daminhas","debutantes","felicidade","festa","festas","noiva e noivo","princesas","sob medida","traje de noivo","vestido de 15 anos","vestido de debutante","vestido de noiva"],"articleSection":["Na M\u00eddia"],"inLanguage":"pt-BR"},{"@type":"WebPage","@id":"https:\/\/www.ivanabeaumond.com.br\/vestidos-noiva\/ivana-beaumond-e-surpreendida-por-festa-em-seu-aniversario\/","url":"https:\/\/www.ivanabeaumond.com.br\/vestidos-noiva\/ivana-beaumond-e-surpreendida-por-festa-em-seu-aniversario\/","name":"Ivana Beaumond \u00e9 surpreendida por festa em seu anivers\u00e1rio... - Vestido de Noiva RJ","isPartOf":{"@id":"https:\/\/www.ivanabeaumond.com.br\/vestidos-noiva\/#website"},"datePublished":"2017-11-16T19:57:10+00:00","dateModified":"2017-11-16T20:27:25+00:00","breadcrumb":{"@id":"https:\/\/www.ivanabeaumond.com.br\/vestidos-noiva\/ivana-beaumond-e-surpreendida-por-festa-em-seu-aniversario\/#breadcrumb"},"inLanguage":"pt-BR","potentialAction":[{"@type":"ReadAction","target":["https:\/\/www.ivanabeaumond.com.br\/vestidos-noiva\/ivana-beaumond-e-surpreendida-por-festa-em-seu-aniversario\/"]}]},{"@type":"BreadcrumbList","@id":"https:\/\/www.ivanabeaumond.com.br\/vestidos-noiva\/ivana-beaumond-e-surpreendida-por-festa-em-seu-aniversario\/#breadcrumb","itemListElement":[{"@type":"ListItem","position":1,"name":"In\u00edcio","item":"https:\/\/www.ivanabeaumond.com.br\/vestidos-noiva\/"},{"@type":"ListItem","position":2,"name":"Ivana Beaumond \u00e9 surpreendida por festa em seu anivers\u00e1rio&#8230;"}]},{"@type":"WebSite","@id":"https:\/\/www.ivanabeaumond.com.br\/vestidos-noiva\/#website","url":"https:\/\/www.ivanabeaumond.com.br\/vestidos-noiva\/","name":"Vestido de Noiva RJ","description":"Moda Noiva","publisher":{"@id":"https:\/\/www.ivanabeaumond.com.br\/vestidos-noiva\/#organization"},"potentialAction":[{"@type":"SearchAction","target":{"@type":"EntryPoint","urlTemplate":"https:\/\/www.ivanabeaumond.com.br\/vestidos-noiva\/?s={search_term_string}"},"query-input":"required name=search_term_string"}],"inLanguage":"pt-BR"},{"@type":"Organization","@id":"https:\/\/www.ivanabeaumond.com.br\/vestidos-noiva\/#organization","name":"Vestido de Noiva RJ","url":"https:\/\/www.ivanabeaumond.com.br\/vestidos-noiva\/","logo":{"@type":"ImageObject","inLanguage":"pt-BR","@id":"https:\/\/www.ivanabeaumond.com.br\/vestidos-noiva\/#\/schema\/logo\/image\/","url":"https:\/\/www.ivanabeaumond.com.br\/vestidos-noiva\/wp-content\/uploads\/2018\/02\/logo_ivana_beaumond-2.png","contentUrl":"https:\/\/www.ivanabeaumond.com.br\/vestidos-noiva\/wp-content\/uploads\/2018\/02\/logo_ivana_beaumond-2.png","width":230,"height":112,"caption":"Vestido de Noiva RJ"},"image":{"@id":"https:\/\/www.ivanabeaumond.com.br\/vestidos-noiva\/#\/schema\/logo\/image\/"},"sameAs":["https:\/\/www.facebook.com\/ivana.beaumondnoivas","https:\/\/www.instagram.com\/ivanabeaumond\/","https:\/\/www.tiktok.com\/@ivanabeaumond"]},{"@type":"Person","@id":"https:\/\/www.ivanabeaumond.com.br\/vestidos-noiva\/#\/schema\/person\/1a360c4cffa3b806d29a456389dcff26","name":"Ivana Beaumond Paris","image":{"@type":"ImageObject","inLanguage":"pt-BR","@id":"https:\/\/www.ivanabeaumond.com.br\/vestidos-noiva\/#\/schema\/person\/image\/","url":"https:\/\/secure.gravatar.com\/avatar\/641f98db20b53ec937ceb641db4270b9?s=96&d=mm&r=g","contentUrl":"https:\/\/secure.gravatar.com\/avatar\/641f98db20b53ec937ceb641db4270b9?s=96&d=mm&r=g","caption":"Ivana Beaumond Paris"},"url":"https:\/\/www.ivanabeaumond.com.br\/vestidos-noiva\/author\/ivana\/"}]}},"_links":{"self":[{"href":"https:\/\/www.ivanabeaumond.com.br\/vestidos-noiva\/wp-json\/wp\/v2\/posts\/14019"}],"collection":[{"href":"https:\/\/www.ivanabeaumond.com.br\/vestidos-noiva\/wp-json\/wp\/v2\/posts"}],"about":[{"href":"https:\/\/www.ivanabeaumond.com.br\/vestidos-noiva\/wp-json\/wp\/v2\/types\/post"}],"author":[{"embeddable":true,"href":"https:\/\/www.ivanabeaumond.com.br\/vestidos-noiva\/wp-json\/wp\/v2\/users\/4"}],"replies":[{"embeddable":true,"href":"https:\/\/www.ivanabeaumond.com.br\/vestidos-noiva\/wp-json\/wp\/v2\/comments?post=14019"}],"version-history":[{"count":2,"href":"https:\/\/www.ivanabeaumond.com.br\/vestidos-noiva\/wp-json\/wp\/v2\/posts\/14019\/revisions"}],"predecessor-version":[{"id":14030,"href":"https:\/\/www.ivanabeaumond.com.br\/vestidos-noiva\/wp-json\/wp\/v2\/posts\/14019\/revisions\/14030"}],"wp:featuredmedia":[{"embeddable":true,"href":"https:\/\/www.ivanabeaumond.com.br\/vestidos-noiva\/wp-json\/wp\/v2\/media\/14028"}],"wp:attachment":[{"href":"https:\/\/www.ivanabeaumond.com.br\/vestidos-noiva\/wp-json\/wp\/v2\/media?parent=14019"}],"wp:term":[{"taxonomy":"category","embeddable":true,"href":"https:\/\/www.ivanabeaumond.com.br\/vestidos-noiva\/wp-json\/wp\/v2\/categories?post=14019"},{"taxonomy":"post_tag","embeddable":true,"href":"https:\/\/www.ivanabeaumond.com.br\/vestidos-noiva\/wp-json\/wp\/v2\/tags?post=14019"}],"curies":[{"name":"wp","href":"https:\/\/api.w.org\/{rel}","templated":true}]}}