{"id":14040,"date":"2017-11-29T17:42:15","date_gmt":"2017-11-29T19:42:15","guid":{"rendered":"http:\/\/www.ivanabeaumond.com.br\/vestidos-noiva\/?p=14040"},"modified":"2017-11-29T18:34:50","modified_gmt":"2017-11-29T20:34:50","slug":"escolhendo-a-make-up-por-ivana-beaumond","status":"publish","type":"post","link":"https:\/\/www.ivanabeaumond.com.br\/vestidos-noiva\/escolhendo-a-make-up-por-ivana-beaumond\/","title":{"rendered":"Escolhendo a make up, por Ivana Beaumond&#8230;"},"content":{"rendered":"<h4 style=\"text-align: justify;\"><span style=\"color: #999999;\">Para uma festa de debutante, v\u00e1rios itens tem que ser observados, o vestido tem que combinar com a festa, os cabelos tem que estar perfeitos, e para completar o visual nada melhor do que uma maquiagem perfeita.\u00a0E para escolher a\u00a0<strong>maquiagem certa<\/strong>\u00a0para sua\u00a0<strong>festa de debutante<\/strong>, nada melhor do que uma boa inspira\u00e7\u00e3o. Por isso trouxemos maquiagens de algumas famosas para voc\u00ea ver as dicas e se inspirar e escolher aquela que combina mais com o seu estilo.<\/span><\/h4>\n<h4 style=\"text-align: justify;\"><span style=\"color: #999999;\">Veja abaixo as\u00a0<strong>maquiagens para debutante inspiradas nas famosas para voc\u00ea copiar<\/strong>, com fotos e as dicas para voc\u00ea reproduzir sem errar.<\/span><\/h4>\n<p><span style=\"color: #ffffff;\">&#8211;<\/span><\/p>\n<p><span style=\"color: #ffffff;\">&#8211;<\/span><\/p>\n<p>&nbsp;<\/p>\n<p><a href=\"http:\/\/www.ivanabeaumond.com.br\/vestidos-noiva\/wp-content\/uploads\/2017\/11\/make-up-debutante_Vestido-de-debutante-blog_IvanaBeaumond-1.jpg\"><img decoding=\"async\" loading=\"lazy\" class=\"aligncenter size-full wp-image-14041\" src=\"http:\/\/www.ivanabeaumond.com.br\/vestidos-noiva\/wp-content\/uploads\/2017\/11\/make-up-debutante_Vestido-de-debutante-blog_IvanaBeaumond-1.jpg\" alt=\"make-up-debutante_Vestido-de-debutante-blog_IvanaBeaumond (1)\" width=\"620\" height=\"372\" srcset=\"https:\/\/www.ivanabeaumond.com.br\/vestidos-noiva\/wp-content\/uploads\/2017\/11\/make-up-debutante_Vestido-de-debutante-blog_IvanaBeaumond-1.jpg 620w, https:\/\/www.ivanabeaumond.com.br\/vestidos-noiva\/wp-content\/uploads\/2017\/11\/make-up-debutante_Vestido-de-debutante-blog_IvanaBeaumond-1-300x180.jpg 300w\" sizes=\"(max-width: 620px) 100vw, 620px\" \/><\/a><\/p>\n<p><span style=\"color: #ffffff;\">&#8211;<\/span><\/p>\n<h4 style=\"text-align: justify;\"><span style=\"color: #999999;\">Para brilhar como a Taylor Swift aposte no dourado nas p\u00e1lpebras e rente aos c\u00edlios inferiores. O toque retr\u00f4, novamente fica por conta do delineador gatinho. Complete com gloss transparente que completa o visual com toque de suavidade.<\/span><\/h4>\n<p><span style=\"color: #ffffff;\">&#8211;<\/span><\/p>\n<p><span style=\"color: #ffffff;\">&#8211;<\/span><\/p>\n<p><a href=\"http:\/\/www.ivanabeaumond.com.br\/vestidos-noiva\/wp-content\/uploads\/2017\/11\/make-up-debutante_Vestido-de-debutante-blog_IvanaBeaumond-3.jpg\"><img decoding=\"async\" loading=\"lazy\" class=\"aligncenter size-full wp-image-14043\" src=\"http:\/\/www.ivanabeaumond.com.br\/vestidos-noiva\/wp-content\/uploads\/2017\/11\/make-up-debutante_Vestido-de-debutante-blog_IvanaBeaumond-3.jpg\" alt=\"make-up-debutante_Vestido-de-debutante-blog_IvanaBeaumond (3)\" width=\"620\" height=\"372\" srcset=\"https:\/\/www.ivanabeaumond.com.br\/vestidos-noiva\/wp-content\/uploads\/2017\/11\/make-up-debutante_Vestido-de-debutante-blog_IvanaBeaumond-3.jpg 620w, https:\/\/www.ivanabeaumond.com.br\/vestidos-noiva\/wp-content\/uploads\/2017\/11\/make-up-debutante_Vestido-de-debutante-blog_IvanaBeaumond-3-300x180.jpg 300w\" sizes=\"(max-width: 620px) 100vw, 620px\" \/><\/a><\/p>\n<p><span style=\"color: #ffffff;\">&#8211;<\/span><\/p>\n<h4 style=\"text-align: justify;\"><span style=\"color: #999999;\">O look de Camilla Belle pode ser reproduzido usando uma sombra prata cremosa ou em p\u00f3 umedecida. Crie um ponto de luz na raiz dos c\u00edlios inferiores usando a sombra de forma mais concentrada, mas na hora de aplicar, fa\u00e7a uma camada fina de cada vez, escove e depois repita at\u00e9 conseguir o efeito desejado. No canto externo, esfume sombra chumbo opaca. Carregue bem na m\u00e1scara de c\u00edlios e nos l\u00e1bios use batom rosa antigo.<\/span><\/h4>\n<p><span style=\"color: #ffffff;\">&#8211;<\/span><\/p>\n<p><span style=\"color: #ffffff;\">&#8211;<\/span><\/p>\n<p><a href=\"http:\/\/www.ivanabeaumond.com.br\/vestidos-noiva\/wp-content\/uploads\/2017\/11\/make-up-debutante_Vestido-de-debutante-blog_IvanaBeaumond-4.jpg\"><img decoding=\"async\" loading=\"lazy\" class=\"aligncenter size-full wp-image-14044\" src=\"http:\/\/www.ivanabeaumond.com.br\/vestidos-noiva\/wp-content\/uploads\/2017\/11\/make-up-debutante_Vestido-de-debutante-blog_IvanaBeaumond-4.jpg\" alt=\"make-up-debutante_Vestido-de-debutante-blog_IvanaBeaumond (4)\" width=\"620\" height=\"372\" srcset=\"https:\/\/www.ivanabeaumond.com.br\/vestidos-noiva\/wp-content\/uploads\/2017\/11\/make-up-debutante_Vestido-de-debutante-blog_IvanaBeaumond-4.jpg 620w, https:\/\/www.ivanabeaumond.com.br\/vestidos-noiva\/wp-content\/uploads\/2017\/11\/make-up-debutante_Vestido-de-debutante-blog_IvanaBeaumond-4-300x180.jpg 300w\" sizes=\"(max-width: 620px) 100vw, 620px\" \/><\/a><\/p>\n<p><span style=\"color: #ffffff;\">&#8211;<\/span><\/p>\n<h4 style=\"text-align: justify;\"><span style=\"color: #999999;\">Demi Lovato escolheu um make glamoroso e aplicou sombra prata clarinha do canto interno ao meio dos olhos. Diferente dos looks anteriores, a cantora usou a sombra preta n\u00e3o para esfumar, mas para delinear os olhos \u2013 o resultado \u00e9 um puxado \u201cgatinho\u201d. L\u00e1pis preto na linha d\u2019\u00e1gua e na raiz dos c\u00edlios e posti\u00e7os volumosos garantem o visual sexy.<\/span><\/h4>\n<p><span style=\"color: #ffffff;\">&#8211;<\/span><\/p>\n<p><span style=\"color: #ffffff;\">&#8211;<\/span><\/p>\n<p><a href=\"http:\/\/www.ivanabeaumond.com.br\/vestidos-noiva\/wp-content\/uploads\/2017\/11\/make-up-debutante_Vestido-de-debutante-blog_IvanaBeaumond-6.jpg\"><img decoding=\"async\" loading=\"lazy\" class=\"aligncenter size-full wp-image-14046\" src=\"http:\/\/www.ivanabeaumond.com.br\/vestidos-noiva\/wp-content\/uploads\/2017\/11\/make-up-debutante_Vestido-de-debutante-blog_IvanaBeaumond-6.jpg\" alt=\"make-up-debutante_Vestido-de-debutante-blog_IvanaBeaumond (6)\" width=\"620\" height=\"372\" srcset=\"https:\/\/www.ivanabeaumond.com.br\/vestidos-noiva\/wp-content\/uploads\/2017\/11\/make-up-debutante_Vestido-de-debutante-blog_IvanaBeaumond-6.jpg 620w, https:\/\/www.ivanabeaumond.com.br\/vestidos-noiva\/wp-content\/uploads\/2017\/11\/make-up-debutante_Vestido-de-debutante-blog_IvanaBeaumond-6-300x180.jpg 300w\" sizes=\"(max-width: 620px) 100vw, 620px\" \/><\/a><\/p>\n<p><span style=\"color: #ffffff;\">&#8211;<\/span><\/p>\n<h4 style=\"text-align: justify;\"><span style=\"color: #999999;\">Jennifer Hudson adotou a sombra prata para abrir o olhar. O item foi aplicado em toda a p\u00e1lpebra m\u00f3vel e raiz dos c\u00edlios. Para amenizar o brilho, uma sombra cinza foi esfumada no canto externo e c\u00f4ncavo. L\u00e1pis preto na linha d\u2019\u00e1gua e posti\u00e7os completam o make dos olhos. Para n\u00e3o deixar o visual pesado, eleja um gloss discreto.<\/span><\/h4>\n<p><span style=\"color: #ffffff;\">&#8211;<\/span><\/p>\n<p><span style=\"color: #ffffff;\">&#8211;<\/span><\/p>\n<h4 style=\"text-align: justify;\"><span style=\"color: #999999;\">Gostou? Siga nosso instagram\u00a0<span style=\"color: #0000ff;\"><a style=\"color: #0000ff;\" href=\"https:\/\/www.instagram.com\/ivanabeaumond\/\">@ivanabeaumond<\/a><\/span>\u00a0e curta nossa fanpage\u00a0<span style=\"color: #0000ff;\"><a style=\"color: #0000ff;\" href=\"https:\/\/www.facebook.com\/IvanaBeaumond\/\">Ivana Beaumond<\/a><\/span>\u00a0e fique por dentro de tudo o que rola no mundo das noivas e conhe\u00e7a nossos Melhores Modelos de Vestidos de Noivas Nacionais, Importados e Sob Medida.<\/span><\/h4>\n","protected":false},"excerpt":{"rendered":"<p>Para uma festa de debutante, v\u00e1rios itens tem que ser&#8230;<\/p>\n","protected":false},"author":4,"featured_media":14048,"comment_status":"closed","ping_status":"closed","sticky":false,"template":"","format":"standard","meta":[],"categories":[129],"tags":[172,159,131,96,161,156,160,173,99,100,162,157,174,163,158,149,143,115],"yoast_head":"<!-- This site is optimized with the Yoast SEO plugin v20.3 - https:\/\/yoast.com\/wordpress\/plugins\/seo\/ -->\n<title>Escolhendo a make up, por Ivana Beaumond... - Vestido de Noiva RJ<\/title>\n<meta name=\"robots\" content=\"index, follow, max-snippet:-1, max-image-preview:large, max-video-preview:-1\" \/>\n<link rel=\"canonical\" href=\"https:\/\/www.ivanabeaumond.com.br\/vestidos-noiva\/escolhendo-a-make-up-por-ivana-beaumond\/\" \/>\n<meta property=\"og:locale\" content=\"pt_BR\" \/>\n<meta property=\"og:type\" content=\"article\" \/>\n<meta property=\"og:title\" content=\"Escolhendo a make up, por Ivana Beaumond... - Vestido de Noiva RJ\" \/>\n<meta property=\"og:description\" content=\"Para uma festa de debutante, v\u00e1rios itens tem que ser...\" \/>\n<meta property=\"og:url\" content=\"https:\/\/www.ivanabeaumond.com.br\/vestidos-noiva\/escolhendo-a-make-up-por-ivana-beaumond\/\" \/>\n<meta property=\"og:site_name\" content=\"Vestido de Noiva RJ\" \/>\n<meta property=\"article:publisher\" content=\"https:\/\/www.facebook.com\/ivana.beaumondnoivas\" \/>\n<meta property=\"article:published_time\" content=\"2017-11-29T19:42:15+00:00\" \/>\n<meta property=\"article:modified_time\" content=\"2017-11-29T20:34:50+00:00\" \/>\n<meta property=\"og:image\" content=\"https:\/\/www.ivanabeaumond.com.br\/vestidos-noiva\/wp-content\/uploads\/2017\/11\/make-up-debutante_Vestido-de-debutante-blog_IvanaBeaumond-21.jpg\" \/>\n\t<meta property=\"og:image:width\" content=\"600\" \/>\n\t<meta property=\"og:image:height\" content=\"332\" \/>\n\t<meta property=\"og:image:type\" content=\"image\/jpeg\" \/>\n<meta name=\"author\" content=\"Ivana Beaumond Paris\" \/>\n<meta name=\"twitter:card\" content=\"summary_large_image\" \/>\n<meta name=\"twitter:label1\" content=\"Escrito por\" \/>\n\t<meta name=\"twitter:data1\" content=\"Ivana Beaumond Paris\" \/>\n\t<meta name=\"twitter:label2\" content=\"Est. tempo de leitura\" \/>\n\t<meta name=\"twitter:data2\" content=\"2 minutos\" \/>\n<script type=\"application\/ld+json\" class=\"yoast-schema-graph\">{\"@context\":\"https:\/\/schema.org\",\"@graph\":[{\"@type\":\"Article\",\"@id\":\"https:\/\/www.ivanabeaumond.com.br\/vestidos-noiva\/escolhendo-a-make-up-por-ivana-beaumond\/#article\",\"isPartOf\":{\"@id\":\"https:\/\/www.ivanabeaumond.com.br\/vestidos-noiva\/escolhendo-a-make-up-por-ivana-beaumond\/\"},\"author\":{\"name\":\"Ivana Beaumond Paris\",\"@id\":\"https:\/\/www.ivanabeaumond.com.br\/vestidos-noiva\/#\/schema\/person\/1a360c4cffa3b806d29a456389dcff26\"},\"headline\":\"Escolhendo a make up, por Ivana Beaumond&#8230;\",\"datePublished\":\"2017-11-29T19:42:15+00:00\",\"dateModified\":\"2017-11-29T20:34:50+00:00\",\"mainEntityOfPage\":{\"@id\":\"https:\/\/www.ivanabeaumond.com.br\/vestidos-noiva\/escolhendo-a-make-up-por-ivana-beaumond\/\"},\"wordCount\":415,\"publisher\":{\"@id\":\"https:\/\/www.ivanabeaumond.com.br\/vestidos-noiva\/#organization\"},\"keywords\":[\"15 anos\",\"alian\u00e7as\",\"aluguel de roupas\",\"casamento\",\"casamento blindado\",\"casamento no civil\",\"daminhas\",\"debutantes\",\"felicidade\",\"festa\",\"festas\",\"noiva e noivo\",\"princesas\",\"sob medida\",\"traje de noivo\",\"vestido de 15 anos\",\"vestido de debutante\",\"vestido de noiva\"],\"articleSection\":[\"Espa\u00e7o Debutantes\"],\"inLanguage\":\"pt-BR\"},{\"@type\":\"WebPage\",\"@id\":\"https:\/\/www.ivanabeaumond.com.br\/vestidos-noiva\/escolhendo-a-make-up-por-ivana-beaumond\/\",\"url\":\"https:\/\/www.ivanabeaumond.com.br\/vestidos-noiva\/escolhendo-a-make-up-por-ivana-beaumond\/\",\"name\":\"Escolhendo a make up, por Ivana Beaumond... - Vestido de Noiva RJ\",\"isPartOf\":{\"@id\":\"https:\/\/www.ivanabeaumond.com.br\/vestidos-noiva\/#website\"},\"datePublished\":\"2017-11-29T19:42:15+00:00\",\"dateModified\":\"2017-11-29T20:34:50+00:00\",\"breadcrumb\":{\"@id\":\"https:\/\/www.ivanabeaumond.com.br\/vestidos-noiva\/escolhendo-a-make-up-por-ivana-beaumond\/#breadcrumb\"},\"inLanguage\":\"pt-BR\",\"potentialAction\":[{\"@type\":\"ReadAction\",\"target\":[\"https:\/\/www.ivanabeaumond.com.br\/vestidos-noiva\/escolhendo-a-make-up-por-ivana-beaumond\/\"]}]},{\"@type\":\"BreadcrumbList\",\"@id\":\"https:\/\/www.ivanabeaumond.com.br\/vestidos-noiva\/escolhendo-a-make-up-por-ivana-beaumond\/#breadcrumb\",\"itemListElement\":[{\"@type\":\"ListItem\",\"position\":1,\"name\":\"In\u00edcio\",\"item\":\"https:\/\/www.ivanabeaumond.com.br\/vestidos-noiva\/\"},{\"@type\":\"ListItem\",\"position\":2,\"name\":\"Escolhendo a make up, por Ivana Beaumond&#8230;\"}]},{\"@type\":\"WebSite\",\"@id\":\"https:\/\/www.ivanabeaumond.com.br\/vestidos-noiva\/#website\",\"url\":\"https:\/\/www.ivanabeaumond.com.br\/vestidos-noiva\/\",\"name\":\"Vestido de Noiva RJ\",\"description\":\"Moda Noiva\",\"publisher\":{\"@id\":\"https:\/\/www.ivanabeaumond.com.br\/vestidos-noiva\/#organization\"},\"potentialAction\":[{\"@type\":\"SearchAction\",\"target\":{\"@type\":\"EntryPoint\",\"urlTemplate\":\"https:\/\/www.ivanabeaumond.com.br\/vestidos-noiva\/?s={search_term_string}\"},\"query-input\":\"required name=search_term_string\"}],\"inLanguage\":\"pt-BR\"},{\"@type\":\"Organization\",\"@id\":\"https:\/\/www.ivanabeaumond.com.br\/vestidos-noiva\/#organization\",\"name\":\"Vestido de Noiva RJ\",\"url\":\"https:\/\/www.ivanabeaumond.com.br\/vestidos-noiva\/\",\"logo\":{\"@type\":\"ImageObject\",\"inLanguage\":\"pt-BR\",\"@id\":\"https:\/\/www.ivanabeaumond.com.br\/vestidos-noiva\/#\/schema\/logo\/image\/\",\"url\":\"https:\/\/www.ivanabeaumond.com.br\/vestidos-noiva\/wp-content\/uploads\/2018\/02\/logo_ivana_beaumond-2.png\",\"contentUrl\":\"https:\/\/www.ivanabeaumond.com.br\/vestidos-noiva\/wp-content\/uploads\/2018\/02\/logo_ivana_beaumond-2.png\",\"width\":230,\"height\":112,\"caption\":\"Vestido de Noiva RJ\"},\"image\":{\"@id\":\"https:\/\/www.ivanabeaumond.com.br\/vestidos-noiva\/#\/schema\/logo\/image\/\"},\"sameAs\":[\"https:\/\/www.facebook.com\/ivana.beaumondnoivas\",\"https:\/\/www.instagram.com\/ivanabeaumond\/\",\"https:\/\/www.tiktok.com\/@ivanabeaumond\"]},{\"@type\":\"Person\",\"@id\":\"https:\/\/www.ivanabeaumond.com.br\/vestidos-noiva\/#\/schema\/person\/1a360c4cffa3b806d29a456389dcff26\",\"name\":\"Ivana Beaumond Paris\",\"image\":{\"@type\":\"ImageObject\",\"inLanguage\":\"pt-BR\",\"@id\":\"https:\/\/www.ivanabeaumond.com.br\/vestidos-noiva\/#\/schema\/person\/image\/\",\"url\":\"https:\/\/secure.gravatar.com\/avatar\/641f98db20b53ec937ceb641db4270b9?s=96&d=mm&r=g\",\"contentUrl\":\"https:\/\/secure.gravatar.com\/avatar\/641f98db20b53ec937ceb641db4270b9?s=96&d=mm&r=g\",\"caption\":\"Ivana Beaumond Paris\"},\"url\":\"https:\/\/www.ivanabeaumond.com.br\/vestidos-noiva\/author\/ivana\/\"}]}<\/script>\n<!-- \/ Yoast SEO plugin. -->","yoast_head_json":{"title":"Escolhendo a make up, por Ivana Beaumond... - Vestido de Noiva RJ","robots":{"index":"index","follow":"follow","max-snippet":"max-snippet:-1","max-image-preview":"max-image-preview:large","max-video-preview":"max-video-preview:-1"},"canonical":"https:\/\/www.ivanabeaumond.com.br\/vestidos-noiva\/escolhendo-a-make-up-por-ivana-beaumond\/","og_locale":"pt_BR","og_type":"article","og_title":"Escolhendo a make up, por Ivana Beaumond... - Vestido de Noiva RJ","og_description":"Para uma festa de debutante, v\u00e1rios itens tem que ser...","og_url":"https:\/\/www.ivanabeaumond.com.br\/vestidos-noiva\/escolhendo-a-make-up-por-ivana-beaumond\/","og_site_name":"Vestido de Noiva RJ","article_publisher":"https:\/\/www.facebook.com\/ivana.beaumondnoivas","article_published_time":"2017-11-29T19:42:15+00:00","article_modified_time":"2017-11-29T20:34:50+00:00","og_image":[{"width":600,"height":332,"url":"https:\/\/www.ivanabeaumond.com.br\/vestidos-noiva\/wp-content\/uploads\/2017\/11\/make-up-debutante_Vestido-de-debutante-blog_IvanaBeaumond-21.jpg","type":"image\/jpeg"}],"author":"Ivana Beaumond Paris","twitter_card":"summary_large_image","twitter_misc":{"Escrito por":"Ivana Beaumond Paris","Est. tempo de leitura":"2 minutos"},"schema":{"@context":"https:\/\/schema.org","@graph":[{"@type":"Article","@id":"https:\/\/www.ivanabeaumond.com.br\/vestidos-noiva\/escolhendo-a-make-up-por-ivana-beaumond\/#article","isPartOf":{"@id":"https:\/\/www.ivanabeaumond.com.br\/vestidos-noiva\/escolhendo-a-make-up-por-ivana-beaumond\/"},"author":{"name":"Ivana Beaumond Paris","@id":"https:\/\/www.ivanabeaumond.com.br\/vestidos-noiva\/#\/schema\/person\/1a360c4cffa3b806d29a456389dcff26"},"headline":"Escolhendo a make up, por Ivana Beaumond&#8230;","datePublished":"2017-11-29T19:42:15+00:00","dateModified":"2017-11-29T20:34:50+00:00","mainEntityOfPage":{"@id":"https:\/\/www.ivanabeaumond.com.br\/vestidos-noiva\/escolhendo-a-make-up-por-ivana-beaumond\/"},"wordCount":415,"publisher":{"@id":"https:\/\/www.ivanabeaumond.com.br\/vestidos-noiva\/#organization"},"keywords":["15 anos","alian\u00e7as","aluguel de roupas","casamento","casamento blindado","casamento no civil","daminhas","debutantes","felicidade","festa","festas","noiva e noivo","princesas","sob medida","traje de noivo","vestido de 15 anos","vestido de debutante","vestido de noiva"],"articleSection":["Espa\u00e7o Debutantes"],"inLanguage":"pt-BR"},{"@type":"WebPage","@id":"https:\/\/www.ivanabeaumond.com.br\/vestidos-noiva\/escolhendo-a-make-up-por-ivana-beaumond\/","url":"https:\/\/www.ivanabeaumond.com.br\/vestidos-noiva\/escolhendo-a-make-up-por-ivana-beaumond\/","name":"Escolhendo a make up, por Ivana Beaumond... - Vestido de Noiva RJ","isPartOf":{"@id":"https:\/\/www.ivanabeaumond.com.br\/vestidos-noiva\/#website"},"datePublished":"2017-11-29T19:42:15+00:00","dateModified":"2017-11-29T20:34:50+00:00","breadcrumb":{"@id":"https:\/\/www.ivanabeaumond.com.br\/vestidos-noiva\/escolhendo-a-make-up-por-ivana-beaumond\/#breadcrumb"},"inLanguage":"pt-BR","potentialAction":[{"@type":"ReadAction","target":["https:\/\/www.ivanabeaumond.com.br\/vestidos-noiva\/escolhendo-a-make-up-por-ivana-beaumond\/"]}]},{"@type":"BreadcrumbList","@id":"https:\/\/www.ivanabeaumond.com.br\/vestidos-noiva\/escolhendo-a-make-up-por-ivana-beaumond\/#breadcrumb","itemListElement":[{"@type":"ListItem","position":1,"name":"In\u00edcio","item":"https:\/\/www.ivanabeaumond.com.br\/vestidos-noiva\/"},{"@type":"ListItem","position":2,"name":"Escolhendo a make up, por Ivana Beaumond&#8230;"}]},{"@type":"WebSite","@id":"https:\/\/www.ivanabeaumond.com.br\/vestidos-noiva\/#website","url":"https:\/\/www.ivanabeaumond.com.br\/vestidos-noiva\/","name":"Vestido de Noiva RJ","description":"Moda Noiva","publisher":{"@id":"https:\/\/www.ivanabeaumond.com.br\/vestidos-noiva\/#organization"},"potentialAction":[{"@type":"SearchAction","target":{"@type":"EntryPoint","urlTemplate":"https:\/\/www.ivanabeaumond.com.br\/vestidos-noiva\/?s={search_term_string}"},"query-input":"required name=search_term_string"}],"inLanguage":"pt-BR"},{"@type":"Organization","@id":"https:\/\/www.ivanabeaumond.com.br\/vestidos-noiva\/#organization","name":"Vestido de Noiva RJ","url":"https:\/\/www.ivanabeaumond.com.br\/vestidos-noiva\/","logo":{"@type":"ImageObject","inLanguage":"pt-BR","@id":"https:\/\/www.ivanabeaumond.com.br\/vestidos-noiva\/#\/schema\/logo\/image\/","url":"https:\/\/www.ivanabeaumond.com.br\/vestidos-noiva\/wp-content\/uploads\/2018\/02\/logo_ivana_beaumond-2.png","contentUrl":"https:\/\/www.ivanabeaumond.com.br\/vestidos-noiva\/wp-content\/uploads\/2018\/02\/logo_ivana_beaumond-2.png","width":230,"height":112,"caption":"Vestido de Noiva RJ"},"image":{"@id":"https:\/\/www.ivanabeaumond.com.br\/vestidos-noiva\/#\/schema\/logo\/image\/"},"sameAs":["https:\/\/www.facebook.com\/ivana.beaumondnoivas","https:\/\/www.instagram.com\/ivanabeaumond\/","https:\/\/www.tiktok.com\/@ivanabeaumond"]},{"@type":"Person","@id":"https:\/\/www.ivanabeaumond.com.br\/vestidos-noiva\/#\/schema\/person\/1a360c4cffa3b806d29a456389dcff26","name":"Ivana Beaumond Paris","image":{"@type":"ImageObject","inLanguage":"pt-BR","@id":"https:\/\/www.ivanabeaumond.com.br\/vestidos-noiva\/#\/schema\/person\/image\/","url":"https:\/\/secure.gravatar.com\/avatar\/641f98db20b53ec937ceb641db4270b9?s=96&d=mm&r=g","contentUrl":"https:\/\/secure.gravatar.com\/avatar\/641f98db20b53ec937ceb641db4270b9?s=96&d=mm&r=g","caption":"Ivana Beaumond Paris"},"url":"https:\/\/www.ivanabeaumond.com.br\/vestidos-noiva\/author\/ivana\/"}]}},"_links":{"self":[{"href":"https:\/\/www.ivanabeaumond.com.br\/vestidos-noiva\/wp-json\/wp\/v2\/posts\/14040"}],"collection":[{"href":"https:\/\/www.ivanabeaumond.com.br\/vestidos-noiva\/wp-json\/wp\/v2\/posts"}],"about":[{"href":"https:\/\/www.ivanabeaumond.com.br\/vestidos-noiva\/wp-json\/wp\/v2\/types\/post"}],"author":[{"embeddable":true,"href":"https:\/\/www.ivanabeaumond.com.br\/vestidos-noiva\/wp-json\/wp\/v2\/users\/4"}],"replies":[{"embeddable":true,"href":"https:\/\/www.ivanabeaumond.com.br\/vestidos-noiva\/wp-json\/wp\/v2\/comments?post=14040"}],"version-history":[{"count":3,"href":"https:\/\/www.ivanabeaumond.com.br\/vestidos-noiva\/wp-json\/wp\/v2\/posts\/14040\/revisions"}],"predecessor-version":[{"id":14086,"href":"https:\/\/www.ivanabeaumond.com.br\/vestidos-noiva\/wp-json\/wp\/v2\/posts\/14040\/revisions\/14086"}],"wp:featuredmedia":[{"embeddable":true,"href":"https:\/\/www.ivanabeaumond.com.br\/vestidos-noiva\/wp-json\/wp\/v2\/media\/14048"}],"wp:attachment":[{"href":"https:\/\/www.ivanabeaumond.com.br\/vestidos-noiva\/wp-json\/wp\/v2\/media?parent=14040"}],"wp:term":[{"taxonomy":"category","embeddable":true,"href":"https:\/\/www.ivanabeaumond.com.br\/vestidos-noiva\/wp-json\/wp\/v2\/categories?post=14040"},{"taxonomy":"post_tag","embeddable":true,"href":"https:\/\/www.ivanabeaumond.com.br\/vestidos-noiva\/wp-json\/wp\/v2\/tags?post=14040"}],"curies":[{"name":"wp","href":"https:\/\/api.w.org\/{rel}","templated":true}]}}