{"id":14324,"date":"2017-12-19T13:43:38","date_gmt":"2017-12-19T15:43:38","guid":{"rendered":"http:\/\/www.ivanabeaumond.com.br\/vestidos-noiva\/?p=14324"},"modified":"2017-12-19T16:22:08","modified_gmt":"2017-12-19T18:22:08","slug":"inesquecivel-casamento-15-anos-fornecedor-inesquecivel-2018","status":"publish","type":"post","link":"https:\/\/www.ivanabeaumond.com.br\/vestidos-noiva\/inesquecivel-casamento-15-anos-fornecedor-inesquecivel-2018\/","title":{"rendered":"Inesquec\u00edvel Casamento, 15 anos&#8230; &#8220;Fornecedor inesquec\u00edvel 2018&#8221;"},"content":{"rendered":"<h4 style=\"text-align: justify;\"><span style=\"color: #999999;\">&#8221; Criada em 2002, a Inesquec\u00edvel Casamento re\u00fane ferramentas focadas para aproximar as noivas dos fornecedores. Principal canal de quem est\u00e1 a caminho do altar, a IC oferece informa\u00e7\u00e3o de credibilidade com o que h\u00e1 de melhor dentro dos sete estados onde atua. Assim, levamos \u00e0s noivas as \u00faltimas tend\u00eancias e todos os detalhes do grande dia. &#8220;<\/span><\/h4>\n<h4 style=\"text-align: justify;\"><span style=\"color: #ffffff;\">&#8211;<\/span><\/h4>\n<h4 style=\"text-align: justify;\"><span style=\"color: #ffffff;\">&#8211;<\/span><\/h4>\n<h4 style=\"text-align: justify;\"><span style=\"color: #999999;\">Confira as fotos deste grande evento:<\/span><\/h4>\n<p>&nbsp;<\/p>\n<p><a href=\"http:\/\/www.ivanabeaumond.com.br\/vestidos-noiva\/wp-content\/uploads\/2017\/12\/inesquecivel-casamento-ic15anos_IvanaBeaumond-Vestido-de-Noiva_Traje-masculino-Moda-festa-14.jpg\"><img decoding=\"async\" loading=\"lazy\" class=\"aligncenter size-large wp-image-14340\" src=\"http:\/\/www.ivanabeaumond.com.br\/vestidos-noiva\/wp-content\/uploads\/2017\/12\/inesquecivel-casamento-ic15anos_IvanaBeaumond-Vestido-de-Noiva_Traje-masculino-Moda-festa-14-1024x689.jpg\" alt=\"inesquecivel-casamento-ic15anos_IvanaBeaumond-Vestido-de-Noiva_Traje-masculino-Moda-festa (14)\" width=\"1024\" height=\"689\" srcset=\"https:\/\/www.ivanabeaumond.com.br\/vestidos-noiva\/wp-content\/uploads\/2017\/12\/inesquecivel-casamento-ic15anos_IvanaBeaumond-Vestido-de-Noiva_Traje-masculino-Moda-festa-14-1024x689.jpg 1024w, https:\/\/www.ivanabeaumond.com.br\/vestidos-noiva\/wp-content\/uploads\/2017\/12\/inesquecivel-casamento-ic15anos_IvanaBeaumond-Vestido-de-Noiva_Traje-masculino-Moda-festa-14-300x202.jpg 300w, https:\/\/www.ivanabeaumond.com.br\/vestidos-noiva\/wp-content\/uploads\/2017\/12\/inesquecivel-casamento-ic15anos_IvanaBeaumond-Vestido-de-Noiva_Traje-masculino-Moda-festa-14.jpg 2048w\" sizes=\"(max-width: 1024px) 100vw, 1024px\" \/><\/a><\/p>\n<p><a href=\"http:\/\/www.ivanabeaumond.com.br\/vestidos-noiva\/wp-content\/uploads\/2017\/12\/inesquecivel-casamento-ic15anos_IvanaBeaumond-Vestido-de-Noiva_Traje-masculino-Moda-festa-15.jpg\"><img decoding=\"async\" loading=\"lazy\" class=\"aligncenter size-large wp-image-14341\" src=\"http:\/\/www.ivanabeaumond.com.br\/vestidos-noiva\/wp-content\/uploads\/2017\/12\/inesquecivel-casamento-ic15anos_IvanaBeaumond-Vestido-de-Noiva_Traje-masculino-Moda-festa-15-1024x839.jpg\" alt=\"inesquecivel-casamento-ic15anos_IvanaBeaumond-Vestido-de-Noiva_Traje-masculino-Moda-festa (15)\" width=\"1024\" height=\"839\" srcset=\"https:\/\/www.ivanabeaumond.com.br\/vestidos-noiva\/wp-content\/uploads\/2017\/12\/inesquecivel-casamento-ic15anos_IvanaBeaumond-Vestido-de-Noiva_Traje-masculino-Moda-festa-15-1024x839.jpg 1024w, https:\/\/www.ivanabeaumond.com.br\/vestidos-noiva\/wp-content\/uploads\/2017\/12\/inesquecivel-casamento-ic15anos_IvanaBeaumond-Vestido-de-Noiva_Traje-masculino-Moda-festa-15-300x246.jpg 300w, https:\/\/www.ivanabeaumond.com.br\/vestidos-noiva\/wp-content\/uploads\/2017\/12\/inesquecivel-casamento-ic15anos_IvanaBeaumond-Vestido-de-Noiva_Traje-masculino-Moda-festa-15.jpg 2048w\" sizes=\"(max-width: 1024px) 100vw, 1024px\" \/><\/a><\/p>\n<p><a href=\"http:\/\/www.ivanabeaumond.com.br\/vestidos-noiva\/wp-content\/uploads\/2017\/12\/inesquecivel-casamento-ic15anos_IvanaBeaumond-Vestido-de-Noiva_Traje-masculino-Moda-festa-16.jpg\"><img decoding=\"async\" loading=\"lazy\" class=\"aligncenter size-full wp-image-14342\" src=\"http:\/\/www.ivanabeaumond.com.br\/vestidos-noiva\/wp-content\/uploads\/2017\/12\/inesquecivel-casamento-ic15anos_IvanaBeaumond-Vestido-de-Noiva_Traje-masculino-Moda-festa-16.jpg\" alt=\"inesquecivel-casamento-ic15anos_IvanaBeaumond-Vestido-de-Noiva_Traje-masculino-Moda-festa (16)\" width=\"640\" height=\"960\" srcset=\"https:\/\/www.ivanabeaumond.com.br\/vestidos-noiva\/wp-content\/uploads\/2017\/12\/inesquecivel-casamento-ic15anos_IvanaBeaumond-Vestido-de-Noiva_Traje-masculino-Moda-festa-16.jpg 640w, https:\/\/www.ivanabeaumond.com.br\/vestidos-noiva\/wp-content\/uploads\/2017\/12\/inesquecivel-casamento-ic15anos_IvanaBeaumond-Vestido-de-Noiva_Traje-masculino-Moda-festa-16-200x300.jpg 200w\" sizes=\"(max-width: 640px) 100vw, 640px\" \/><\/a><\/p>\n<p>&nbsp;<\/p>\n<p><a href=\"http:\/\/www.ivanabeaumond.com.br\/vestidos-noiva\/wp-content\/uploads\/2017\/12\/inesquecivel-casamento-ic15anos_IvanaBeaumond-Vestido-de-Noiva_Traje-masculino-Moda-festa-27.jpg\"><img decoding=\"async\" loading=\"lazy\" class=\"aligncenter size-large wp-image-14353\" src=\"http:\/\/www.ivanabeaumond.com.br\/vestidos-noiva\/wp-content\/uploads\/2017\/12\/inesquecivel-casamento-ic15anos_IvanaBeaumond-Vestido-de-Noiva_Traje-masculino-Moda-festa-27-1024x683.jpg\" alt=\"inesquecivel-casamento-ic15anos_IvanaBeaumond-Vestido-de-Noiva_Traje-masculino-Moda-festa (27)\" width=\"1024\" height=\"683\" srcset=\"https:\/\/www.ivanabeaumond.com.br\/vestidos-noiva\/wp-content\/uploads\/2017\/12\/inesquecivel-casamento-ic15anos_IvanaBeaumond-Vestido-de-Noiva_Traje-masculino-Moda-festa-27-1024x683.jpg 1024w, https:\/\/www.ivanabeaumond.com.br\/vestidos-noiva\/wp-content\/uploads\/2017\/12\/inesquecivel-casamento-ic15anos_IvanaBeaumond-Vestido-de-Noiva_Traje-masculino-Moda-festa-27-300x200.jpg 300w, https:\/\/www.ivanabeaumond.com.br\/vestidos-noiva\/wp-content\/uploads\/2017\/12\/inesquecivel-casamento-ic15anos_IvanaBeaumond-Vestido-de-Noiva_Traje-masculino-Moda-festa-27-480x320.jpg 480w, https:\/\/www.ivanabeaumond.com.br\/vestidos-noiva\/wp-content\/uploads\/2017\/12\/inesquecivel-casamento-ic15anos_IvanaBeaumond-Vestido-de-Noiva_Traje-masculino-Moda-festa-27.jpg 1920w\" sizes=\"(max-width: 1024px) 100vw, 1024px\" \/><\/a><\/p>\n<p><a href=\"http:\/\/www.ivanabeaumond.com.br\/vestidos-noiva\/wp-content\/uploads\/2017\/12\/inesquecivel-casamento-ic15anos_IvanaBeaumond-Vestido-de-Noiva_Traje-masculino-Moda-festa-8.jpg\"><img decoding=\"async\" loading=\"lazy\" class=\"aligncenter size-large wp-image-14334\" src=\"http:\/\/www.ivanabeaumond.com.br\/vestidos-noiva\/wp-content\/uploads\/2017\/12\/inesquecivel-casamento-ic15anos_IvanaBeaumond-Vestido-de-Noiva_Traje-masculino-Moda-festa-8-1024x636.jpg\" alt=\"inesquecivel-casamento-ic15anos_IvanaBeaumond-Vestido-de-Noiva_Traje-masculino-Moda-festa (8)\" width=\"1024\" height=\"636\" srcset=\"https:\/\/www.ivanabeaumond.com.br\/vestidos-noiva\/wp-content\/uploads\/2017\/12\/inesquecivel-casamento-ic15anos_IvanaBeaumond-Vestido-de-Noiva_Traje-masculino-Moda-festa-8-1024x636.jpg 1024w, https:\/\/www.ivanabeaumond.com.br\/vestidos-noiva\/wp-content\/uploads\/2017\/12\/inesquecivel-casamento-ic15anos_IvanaBeaumond-Vestido-de-Noiva_Traje-masculino-Moda-festa-8-300x186.jpg 300w, https:\/\/www.ivanabeaumond.com.br\/vestidos-noiva\/wp-content\/uploads\/2017\/12\/inesquecivel-casamento-ic15anos_IvanaBeaumond-Vestido-de-Noiva_Traje-masculino-Moda-festa-8.jpg 2048w\" sizes=\"(max-width: 1024px) 100vw, 1024px\" \/><\/a><\/p>\n<p><a href=\"http:\/\/www.ivanabeaumond.com.br\/vestidos-noiva\/wp-content\/uploads\/2017\/12\/inesquecivel-casamento-ic15anos_IvanaBeaumond-Vestido-de-Noiva_Traje-masculino-Moda-festa-18.jpg\"><img decoding=\"async\" loading=\"lazy\" class=\"aligncenter size-large wp-image-14344\" src=\"http:\/\/www.ivanabeaumond.com.br\/vestidos-noiva\/wp-content\/uploads\/2017\/12\/inesquecivel-casamento-ic15anos_IvanaBeaumond-Vestido-de-Noiva_Traje-masculino-Moda-festa-18-1024x683.jpg\" alt=\"inesquecivel-casamento-ic15anos_IvanaBeaumond-Vestido-de-Noiva_Traje-masculino-Moda-festa (18)\" width=\"1024\" height=\"683\" srcset=\"https:\/\/www.ivanabeaumond.com.br\/vestidos-noiva\/wp-content\/uploads\/2017\/12\/inesquecivel-casamento-ic15anos_IvanaBeaumond-Vestido-de-Noiva_Traje-masculino-Moda-festa-18-1024x683.jpg 1024w, https:\/\/www.ivanabeaumond.com.br\/vestidos-noiva\/wp-content\/uploads\/2017\/12\/inesquecivel-casamento-ic15anos_IvanaBeaumond-Vestido-de-Noiva_Traje-masculino-Moda-festa-18-300x200.jpg 300w, https:\/\/www.ivanabeaumond.com.br\/vestidos-noiva\/wp-content\/uploads\/2017\/12\/inesquecivel-casamento-ic15anos_IvanaBeaumond-Vestido-de-Noiva_Traje-masculino-Moda-festa-18-480x320.jpg 480w, https:\/\/www.ivanabeaumond.com.br\/vestidos-noiva\/wp-content\/uploads\/2017\/12\/inesquecivel-casamento-ic15anos_IvanaBeaumond-Vestido-de-Noiva_Traje-masculino-Moda-festa-18.jpg 1920w\" sizes=\"(max-width: 1024px) 100vw, 1024px\" \/><\/a><\/p>\n<p><a href=\"http:\/\/www.ivanabeaumond.com.br\/vestidos-noiva\/wp-content\/uploads\/2017\/12\/inesquecivel-casamento-ic15anos_IvanaBeaumond-Vestido-de-Noiva_Traje-masculino-Moda-festa-20.jpg\"><img decoding=\"async\" loading=\"lazy\" class=\"aligncenter size-full wp-image-14346\" src=\"http:\/\/www.ivanabeaumond.com.br\/vestidos-noiva\/wp-content\/uploads\/2017\/12\/inesquecivel-casamento-ic15anos_IvanaBeaumond-Vestido-de-Noiva_Traje-masculino-Moda-festa-20.jpg\" alt=\"inesquecivel-casamento-ic15anos_IvanaBeaumond-Vestido-de-Noiva_Traje-masculino-Moda-festa (20)\" width=\"640\" height=\"960\" srcset=\"https:\/\/www.ivanabeaumond.com.br\/vestidos-noiva\/wp-content\/uploads\/2017\/12\/inesquecivel-casamento-ic15anos_IvanaBeaumond-Vestido-de-Noiva_Traje-masculino-Moda-festa-20.jpg 640w, https:\/\/www.ivanabeaumond.com.br\/vestidos-noiva\/wp-content\/uploads\/2017\/12\/inesquecivel-casamento-ic15anos_IvanaBeaumond-Vestido-de-Noiva_Traje-masculino-Moda-festa-20-200x300.jpg 200w\" sizes=\"(max-width: 640px) 100vw, 640px\" \/><\/a><\/p>\n<p><a href=\"http:\/\/www.ivanabeaumond.com.br\/vestidos-noiva\/wp-content\/uploads\/2017\/12\/inesquecivel-casamento-ic15anos_IvanaBeaumond-Vestido-de-Noiva_Traje-masculino-Moda-festa-11.jpg\"><img decoding=\"async\" loading=\"lazy\" class=\"aligncenter size-full wp-image-14337\" src=\"http:\/\/www.ivanabeaumond.com.br\/vestidos-noiva\/wp-content\/uploads\/2017\/12\/inesquecivel-casamento-ic15anos_IvanaBeaumond-Vestido-de-Noiva_Traje-masculino-Moda-festa-11.jpg\" alt=\"inesquecivel-casamento-ic15anos_IvanaBeaumond-Vestido-de-Noiva_Traje-masculino-Moda-festa (11)\" width=\"669\" height=\"960\" srcset=\"https:\/\/www.ivanabeaumond.com.br\/vestidos-noiva\/wp-content\/uploads\/2017\/12\/inesquecivel-casamento-ic15anos_IvanaBeaumond-Vestido-de-Noiva_Traje-masculino-Moda-festa-11.jpg 669w, https:\/\/www.ivanabeaumond.com.br\/vestidos-noiva\/wp-content\/uploads\/2017\/12\/inesquecivel-casamento-ic15anos_IvanaBeaumond-Vestido-de-Noiva_Traje-masculino-Moda-festa-11-209x300.jpg 209w\" sizes=\"(max-width: 669px) 100vw, 669px\" \/><\/a><\/p>\n<p>&nbsp;<\/p>\n<p><a href=\"http:\/\/www.ivanabeaumond.com.br\/vestidos-noiva\/wp-content\/uploads\/2017\/12\/inesquecivel-casamento-ic15anos_IvanaBeaumond-Vestido-de-Noiva_Traje-masculino-Moda-festa-10.jpg\"><img decoding=\"async\" loading=\"lazy\" class=\"aligncenter size-large wp-image-14336\" src=\"http:\/\/www.ivanabeaumond.com.br\/vestidos-noiva\/wp-content\/uploads\/2017\/12\/inesquecivel-casamento-ic15anos_IvanaBeaumond-Vestido-de-Noiva_Traje-masculino-Moda-festa-10-1024x711.jpg\" alt=\"inesquecivel-casamento-ic15anos_IvanaBeaumond-Vestido-de-Noiva_Traje-masculino-Moda-festa (10)\" width=\"1024\" height=\"711\" srcset=\"https:\/\/www.ivanabeaumond.com.br\/vestidos-noiva\/wp-content\/uploads\/2017\/12\/inesquecivel-casamento-ic15anos_IvanaBeaumond-Vestido-de-Noiva_Traje-masculino-Moda-festa-10-1024x711.jpg 1024w, https:\/\/www.ivanabeaumond.com.br\/vestidos-noiva\/wp-content\/uploads\/2017\/12\/inesquecivel-casamento-ic15anos_IvanaBeaumond-Vestido-de-Noiva_Traje-masculino-Moda-festa-10-300x208.jpg 300w, https:\/\/www.ivanabeaumond.com.br\/vestidos-noiva\/wp-content\/uploads\/2017\/12\/inesquecivel-casamento-ic15anos_IvanaBeaumond-Vestido-de-Noiva_Traje-masculino-Moda-festa-10.jpg 2048w\" sizes=\"(max-width: 1024px) 100vw, 1024px\" \/><\/a><span style=\"color: #ffffff;\">&#8211;<\/span><\/p>\n<p><span style=\"color: #ffffff;\">&#8211;<\/span><\/p>\n<div class=\"post_content_holder\">\n<div class=\"post_text\">\n<h4 style=\"text-align: justify;\"><span style=\"color: #999999;\">Gostou? Siga nosso instagram\u00a0<span style=\"color: #0000ff;\"><a style=\"color: #0000ff;\" href=\"https:\/\/www.instagram.com\/ivanabeaumond\/\">@ivanabeaumond<\/a><\/span>\u00a0e curta nossa fanpage\u00a0<span style=\"color: #0000ff;\"><a style=\"color: #0000ff;\" href=\"https:\/\/www.facebook.com\/IvanaBeaumond\/\">Ivana Beaumond<\/a><\/span>\u00a0e fique por dentro de tudo o que rola no mundo das noivas e conhe\u00e7a nossos Melhores Modelos de Vestidos de Noivas Nacionais, Importados e Sob Medida.<\/span><\/h4>\n<\/div>\n<\/div>\n<div class=\"single_tags\"><\/div>\n<p>&nbsp;<\/p>\n<p>&nbsp;<\/p>\n","protected":false},"excerpt":{"rendered":"<p>&#8221; Criada em 2002, a Inesquec\u00edvel Casamento re\u00fane ferramentas focadas&#8230;<\/p>\n","protected":false},"author":4,"featured_media":14336,"comment_status":"closed","ping_status":"closed","sticky":false,"template":"","format":"standard","meta":[],"categories":[128],"tags":[172,159,131,96,161,156,160,173,99,100,162,157,174,163,158,149,143,115],"yoast_head":"<!-- This site is optimized with the Yoast SEO plugin v20.3 - https:\/\/yoast.com\/wordpress\/plugins\/seo\/ -->\n<title>Inesquec\u00edvel Casamento, 15 anos... &quot;Fornecedor inesquec\u00edvel 2018&quot; - Vestido de Noiva RJ<\/title>\n<meta name=\"robots\" content=\"index, follow, max-snippet:-1, max-image-preview:large, max-video-preview:-1\" \/>\n<link rel=\"canonical\" href=\"https:\/\/www.ivanabeaumond.com.br\/vestidos-noiva\/inesquecivel-casamento-15-anos-fornecedor-inesquecivel-2018\/\" \/>\n<meta property=\"og:locale\" content=\"pt_BR\" \/>\n<meta property=\"og:type\" content=\"article\" \/>\n<meta property=\"og:title\" content=\"Inesquec\u00edvel Casamento, 15 anos... &quot;Fornecedor inesquec\u00edvel 2018&quot; - Vestido de Noiva RJ\" \/>\n<meta property=\"og:description\" content=\"&#8221; Criada em 2002, a Inesquec\u00edvel Casamento re\u00fane ferramentas focadas...\" \/>\n<meta property=\"og:url\" content=\"https:\/\/www.ivanabeaumond.com.br\/vestidos-noiva\/inesquecivel-casamento-15-anos-fornecedor-inesquecivel-2018\/\" \/>\n<meta property=\"og:site_name\" content=\"Vestido de Noiva RJ\" \/>\n<meta property=\"article:publisher\" content=\"https:\/\/www.facebook.com\/ivana.beaumondnoivas\" \/>\n<meta property=\"article:published_time\" content=\"2017-12-19T15:43:38+00:00\" \/>\n<meta property=\"article:modified_time\" content=\"2017-12-19T18:22:08+00:00\" \/>\n<meta property=\"og:image\" content=\"https:\/\/www.ivanabeaumond.com.br\/vestidos-noiva\/wp-content\/uploads\/2017\/12\/inesquecivel-casamento-ic15anos_IvanaBeaumond-Vestido-de-Noiva_Traje-masculino-Moda-festa-10.jpg\" \/>\n\t<meta property=\"og:image:width\" content=\"2048\" \/>\n\t<meta property=\"og:image:height\" content=\"1421\" \/>\n\t<meta property=\"og:image:type\" content=\"image\/jpeg\" \/>\n<meta name=\"author\" content=\"Ivana Beaumond Paris\" \/>\n<meta name=\"twitter:card\" content=\"summary_large_image\" \/>\n<meta name=\"twitter:label1\" content=\"Escrito por\" \/>\n\t<meta name=\"twitter:data1\" content=\"Ivana Beaumond Paris\" \/>\n\t<meta name=\"twitter:label2\" content=\"Est. tempo de leitura\" \/>\n\t<meta name=\"twitter:data2\" content=\"1 minuto\" \/>\n<script type=\"application\/ld+json\" class=\"yoast-schema-graph\">{\"@context\":\"https:\/\/schema.org\",\"@graph\":[{\"@type\":\"Article\",\"@id\":\"https:\/\/www.ivanabeaumond.com.br\/vestidos-noiva\/inesquecivel-casamento-15-anos-fornecedor-inesquecivel-2018\/#article\",\"isPartOf\":{\"@id\":\"https:\/\/www.ivanabeaumond.com.br\/vestidos-noiva\/inesquecivel-casamento-15-anos-fornecedor-inesquecivel-2018\/\"},\"author\":{\"name\":\"Ivana Beaumond Paris\",\"@id\":\"https:\/\/www.ivanabeaumond.com.br\/vestidos-noiva\/#\/schema\/person\/1a360c4cffa3b806d29a456389dcff26\"},\"headline\":\"Inesquec\u00edvel Casamento, 15 anos&#8230; &#8220;Fornecedor inesquec\u00edvel 2018&#8221;\",\"datePublished\":\"2017-12-19T15:43:38+00:00\",\"dateModified\":\"2017-12-19T18:22:08+00:00\",\"mainEntityOfPage\":{\"@id\":\"https:\/\/www.ivanabeaumond.com.br\/vestidos-noiva\/inesquecivel-casamento-15-anos-fornecedor-inesquecivel-2018\/\"},\"wordCount\":120,\"publisher\":{\"@id\":\"https:\/\/www.ivanabeaumond.com.br\/vestidos-noiva\/#organization\"},\"keywords\":[\"15 anos\",\"alian\u00e7as\",\"aluguel de roupas\",\"casamento\",\"casamento blindado\",\"casamento no civil\",\"daminhas\",\"debutantes\",\"felicidade\",\"festa\",\"festas\",\"noiva e noivo\",\"princesas\",\"sob medida\",\"traje de noivo\",\"vestido de 15 anos\",\"vestido de debutante\",\"vestido de noiva\"],\"articleSection\":[\"Na M\u00eddia\"],\"inLanguage\":\"pt-BR\"},{\"@type\":\"WebPage\",\"@id\":\"https:\/\/www.ivanabeaumond.com.br\/vestidos-noiva\/inesquecivel-casamento-15-anos-fornecedor-inesquecivel-2018\/\",\"url\":\"https:\/\/www.ivanabeaumond.com.br\/vestidos-noiva\/inesquecivel-casamento-15-anos-fornecedor-inesquecivel-2018\/\",\"name\":\"Inesquec\u00edvel Casamento, 15 anos... \\\"Fornecedor inesquec\u00edvel 2018\\\" - Vestido de Noiva RJ\",\"isPartOf\":{\"@id\":\"https:\/\/www.ivanabeaumond.com.br\/vestidos-noiva\/#website\"},\"datePublished\":\"2017-12-19T15:43:38+00:00\",\"dateModified\":\"2017-12-19T18:22:08+00:00\",\"breadcrumb\":{\"@id\":\"https:\/\/www.ivanabeaumond.com.br\/vestidos-noiva\/inesquecivel-casamento-15-anos-fornecedor-inesquecivel-2018\/#breadcrumb\"},\"inLanguage\":\"pt-BR\",\"potentialAction\":[{\"@type\":\"ReadAction\",\"target\":[\"https:\/\/www.ivanabeaumond.com.br\/vestidos-noiva\/inesquecivel-casamento-15-anos-fornecedor-inesquecivel-2018\/\"]}]},{\"@type\":\"BreadcrumbList\",\"@id\":\"https:\/\/www.ivanabeaumond.com.br\/vestidos-noiva\/inesquecivel-casamento-15-anos-fornecedor-inesquecivel-2018\/#breadcrumb\",\"itemListElement\":[{\"@type\":\"ListItem\",\"position\":1,\"name\":\"In\u00edcio\",\"item\":\"https:\/\/www.ivanabeaumond.com.br\/vestidos-noiva\/\"},{\"@type\":\"ListItem\",\"position\":2,\"name\":\"Inesquec\u00edvel Casamento, 15 anos&#8230; &#8220;Fornecedor inesquec\u00edvel 2018&#8221;\"}]},{\"@type\":\"WebSite\",\"@id\":\"https:\/\/www.ivanabeaumond.com.br\/vestidos-noiva\/#website\",\"url\":\"https:\/\/www.ivanabeaumond.com.br\/vestidos-noiva\/\",\"name\":\"Vestido de Noiva RJ\",\"description\":\"Moda Noiva\",\"publisher\":{\"@id\":\"https:\/\/www.ivanabeaumond.com.br\/vestidos-noiva\/#organization\"},\"potentialAction\":[{\"@type\":\"SearchAction\",\"target\":{\"@type\":\"EntryPoint\",\"urlTemplate\":\"https:\/\/www.ivanabeaumond.com.br\/vestidos-noiva\/?s={search_term_string}\"},\"query-input\":\"required name=search_term_string\"}],\"inLanguage\":\"pt-BR\"},{\"@type\":\"Organization\",\"@id\":\"https:\/\/www.ivanabeaumond.com.br\/vestidos-noiva\/#organization\",\"name\":\"Vestido de Noiva RJ\",\"url\":\"https:\/\/www.ivanabeaumond.com.br\/vestidos-noiva\/\",\"logo\":{\"@type\":\"ImageObject\",\"inLanguage\":\"pt-BR\",\"@id\":\"https:\/\/www.ivanabeaumond.com.br\/vestidos-noiva\/#\/schema\/logo\/image\/\",\"url\":\"https:\/\/www.ivanabeaumond.com.br\/vestidos-noiva\/wp-content\/uploads\/2018\/02\/logo_ivana_beaumond-2.png\",\"contentUrl\":\"https:\/\/www.ivanabeaumond.com.br\/vestidos-noiva\/wp-content\/uploads\/2018\/02\/logo_ivana_beaumond-2.png\",\"width\":230,\"height\":112,\"caption\":\"Vestido de Noiva RJ\"},\"image\":{\"@id\":\"https:\/\/www.ivanabeaumond.com.br\/vestidos-noiva\/#\/schema\/logo\/image\/\"},\"sameAs\":[\"https:\/\/www.facebook.com\/ivana.beaumondnoivas\",\"https:\/\/www.instagram.com\/ivanabeaumond\/\",\"https:\/\/www.tiktok.com\/@ivanabeaumond\"]},{\"@type\":\"Person\",\"@id\":\"https:\/\/www.ivanabeaumond.com.br\/vestidos-noiva\/#\/schema\/person\/1a360c4cffa3b806d29a456389dcff26\",\"name\":\"Ivana Beaumond Paris\",\"image\":{\"@type\":\"ImageObject\",\"inLanguage\":\"pt-BR\",\"@id\":\"https:\/\/www.ivanabeaumond.com.br\/vestidos-noiva\/#\/schema\/person\/image\/\",\"url\":\"https:\/\/secure.gravatar.com\/avatar\/641f98db20b53ec937ceb641db4270b9?s=96&d=mm&r=g\",\"contentUrl\":\"https:\/\/secure.gravatar.com\/avatar\/641f98db20b53ec937ceb641db4270b9?s=96&d=mm&r=g\",\"caption\":\"Ivana Beaumond Paris\"},\"url\":\"https:\/\/www.ivanabeaumond.com.br\/vestidos-noiva\/author\/ivana\/\"}]}<\/script>\n<!-- \/ Yoast SEO plugin. -->","yoast_head_json":{"title":"Inesquec\u00edvel Casamento, 15 anos... \"Fornecedor inesquec\u00edvel 2018\" - Vestido de Noiva RJ","robots":{"index":"index","follow":"follow","max-snippet":"max-snippet:-1","max-image-preview":"max-image-preview:large","max-video-preview":"max-video-preview:-1"},"canonical":"https:\/\/www.ivanabeaumond.com.br\/vestidos-noiva\/inesquecivel-casamento-15-anos-fornecedor-inesquecivel-2018\/","og_locale":"pt_BR","og_type":"article","og_title":"Inesquec\u00edvel Casamento, 15 anos... \"Fornecedor inesquec\u00edvel 2018\" - Vestido de Noiva RJ","og_description":"&#8221; Criada em 2002, a Inesquec\u00edvel Casamento re\u00fane ferramentas focadas...","og_url":"https:\/\/www.ivanabeaumond.com.br\/vestidos-noiva\/inesquecivel-casamento-15-anos-fornecedor-inesquecivel-2018\/","og_site_name":"Vestido de Noiva RJ","article_publisher":"https:\/\/www.facebook.com\/ivana.beaumondnoivas","article_published_time":"2017-12-19T15:43:38+00:00","article_modified_time":"2017-12-19T18:22:08+00:00","og_image":[{"width":2048,"height":1421,"url":"https:\/\/www.ivanabeaumond.com.br\/vestidos-noiva\/wp-content\/uploads\/2017\/12\/inesquecivel-casamento-ic15anos_IvanaBeaumond-Vestido-de-Noiva_Traje-masculino-Moda-festa-10.jpg","type":"image\/jpeg"}],"author":"Ivana Beaumond Paris","twitter_card":"summary_large_image","twitter_misc":{"Escrito por":"Ivana Beaumond Paris","Est. tempo de leitura":"1 minuto"},"schema":{"@context":"https:\/\/schema.org","@graph":[{"@type":"Article","@id":"https:\/\/www.ivanabeaumond.com.br\/vestidos-noiva\/inesquecivel-casamento-15-anos-fornecedor-inesquecivel-2018\/#article","isPartOf":{"@id":"https:\/\/www.ivanabeaumond.com.br\/vestidos-noiva\/inesquecivel-casamento-15-anos-fornecedor-inesquecivel-2018\/"},"author":{"name":"Ivana Beaumond Paris","@id":"https:\/\/www.ivanabeaumond.com.br\/vestidos-noiva\/#\/schema\/person\/1a360c4cffa3b806d29a456389dcff26"},"headline":"Inesquec\u00edvel Casamento, 15 anos&#8230; &#8220;Fornecedor inesquec\u00edvel 2018&#8221;","datePublished":"2017-12-19T15:43:38+00:00","dateModified":"2017-12-19T18:22:08+00:00","mainEntityOfPage":{"@id":"https:\/\/www.ivanabeaumond.com.br\/vestidos-noiva\/inesquecivel-casamento-15-anos-fornecedor-inesquecivel-2018\/"},"wordCount":120,"publisher":{"@id":"https:\/\/www.ivanabeaumond.com.br\/vestidos-noiva\/#organization"},"keywords":["15 anos","alian\u00e7as","aluguel de roupas","casamento","casamento blindado","casamento no civil","daminhas","debutantes","felicidade","festa","festas","noiva e noivo","princesas","sob medida","traje de noivo","vestido de 15 anos","vestido de debutante","vestido de noiva"],"articleSection":["Na M\u00eddia"],"inLanguage":"pt-BR"},{"@type":"WebPage","@id":"https:\/\/www.ivanabeaumond.com.br\/vestidos-noiva\/inesquecivel-casamento-15-anos-fornecedor-inesquecivel-2018\/","url":"https:\/\/www.ivanabeaumond.com.br\/vestidos-noiva\/inesquecivel-casamento-15-anos-fornecedor-inesquecivel-2018\/","name":"Inesquec\u00edvel Casamento, 15 anos... \"Fornecedor inesquec\u00edvel 2018\" - Vestido de Noiva RJ","isPartOf":{"@id":"https:\/\/www.ivanabeaumond.com.br\/vestidos-noiva\/#website"},"datePublished":"2017-12-19T15:43:38+00:00","dateModified":"2017-12-19T18:22:08+00:00","breadcrumb":{"@id":"https:\/\/www.ivanabeaumond.com.br\/vestidos-noiva\/inesquecivel-casamento-15-anos-fornecedor-inesquecivel-2018\/#breadcrumb"},"inLanguage":"pt-BR","potentialAction":[{"@type":"ReadAction","target":["https:\/\/www.ivanabeaumond.com.br\/vestidos-noiva\/inesquecivel-casamento-15-anos-fornecedor-inesquecivel-2018\/"]}]},{"@type":"BreadcrumbList","@id":"https:\/\/www.ivanabeaumond.com.br\/vestidos-noiva\/inesquecivel-casamento-15-anos-fornecedor-inesquecivel-2018\/#breadcrumb","itemListElement":[{"@type":"ListItem","position":1,"name":"In\u00edcio","item":"https:\/\/www.ivanabeaumond.com.br\/vestidos-noiva\/"},{"@type":"ListItem","position":2,"name":"Inesquec\u00edvel Casamento, 15 anos&#8230; &#8220;Fornecedor inesquec\u00edvel 2018&#8221;"}]},{"@type":"WebSite","@id":"https:\/\/www.ivanabeaumond.com.br\/vestidos-noiva\/#website","url":"https:\/\/www.ivanabeaumond.com.br\/vestidos-noiva\/","name":"Vestido de Noiva RJ","description":"Moda Noiva","publisher":{"@id":"https:\/\/www.ivanabeaumond.com.br\/vestidos-noiva\/#organization"},"potentialAction":[{"@type":"SearchAction","target":{"@type":"EntryPoint","urlTemplate":"https:\/\/www.ivanabeaumond.com.br\/vestidos-noiva\/?s={search_term_string}"},"query-input":"required name=search_term_string"}],"inLanguage":"pt-BR"},{"@type":"Organization","@id":"https:\/\/www.ivanabeaumond.com.br\/vestidos-noiva\/#organization","name":"Vestido de Noiva RJ","url":"https:\/\/www.ivanabeaumond.com.br\/vestidos-noiva\/","logo":{"@type":"ImageObject","inLanguage":"pt-BR","@id":"https:\/\/www.ivanabeaumond.com.br\/vestidos-noiva\/#\/schema\/logo\/image\/","url":"https:\/\/www.ivanabeaumond.com.br\/vestidos-noiva\/wp-content\/uploads\/2018\/02\/logo_ivana_beaumond-2.png","contentUrl":"https:\/\/www.ivanabeaumond.com.br\/vestidos-noiva\/wp-content\/uploads\/2018\/02\/logo_ivana_beaumond-2.png","width":230,"height":112,"caption":"Vestido de Noiva RJ"},"image":{"@id":"https:\/\/www.ivanabeaumond.com.br\/vestidos-noiva\/#\/schema\/logo\/image\/"},"sameAs":["https:\/\/www.facebook.com\/ivana.beaumondnoivas","https:\/\/www.instagram.com\/ivanabeaumond\/","https:\/\/www.tiktok.com\/@ivanabeaumond"]},{"@type":"Person","@id":"https:\/\/www.ivanabeaumond.com.br\/vestidos-noiva\/#\/schema\/person\/1a360c4cffa3b806d29a456389dcff26","name":"Ivana Beaumond Paris","image":{"@type":"ImageObject","inLanguage":"pt-BR","@id":"https:\/\/www.ivanabeaumond.com.br\/vestidos-noiva\/#\/schema\/person\/image\/","url":"https:\/\/secure.gravatar.com\/avatar\/641f98db20b53ec937ceb641db4270b9?s=96&d=mm&r=g","contentUrl":"https:\/\/secure.gravatar.com\/avatar\/641f98db20b53ec937ceb641db4270b9?s=96&d=mm&r=g","caption":"Ivana Beaumond Paris"},"url":"https:\/\/www.ivanabeaumond.com.br\/vestidos-noiva\/author\/ivana\/"}]}},"_links":{"self":[{"href":"https:\/\/www.ivanabeaumond.com.br\/vestidos-noiva\/wp-json\/wp\/v2\/posts\/14324"}],"collection":[{"href":"https:\/\/www.ivanabeaumond.com.br\/vestidos-noiva\/wp-json\/wp\/v2\/posts"}],"about":[{"href":"https:\/\/www.ivanabeaumond.com.br\/vestidos-noiva\/wp-json\/wp\/v2\/types\/post"}],"author":[{"embeddable":true,"href":"https:\/\/www.ivanabeaumond.com.br\/vestidos-noiva\/wp-json\/wp\/v2\/users\/4"}],"replies":[{"embeddable":true,"href":"https:\/\/www.ivanabeaumond.com.br\/vestidos-noiva\/wp-json\/wp\/v2\/comments?post=14324"}],"version-history":[{"count":3,"href":"https:\/\/www.ivanabeaumond.com.br\/vestidos-noiva\/wp-json\/wp\/v2\/posts\/14324\/revisions"}],"predecessor-version":[{"id":14366,"href":"https:\/\/www.ivanabeaumond.com.br\/vestidos-noiva\/wp-json\/wp\/v2\/posts\/14324\/revisions\/14366"}],"wp:featuredmedia":[{"embeddable":true,"href":"https:\/\/www.ivanabeaumond.com.br\/vestidos-noiva\/wp-json\/wp\/v2\/media\/14336"}],"wp:attachment":[{"href":"https:\/\/www.ivanabeaumond.com.br\/vestidos-noiva\/wp-json\/wp\/v2\/media?parent=14324"}],"wp:term":[{"taxonomy":"category","embeddable":true,"href":"https:\/\/www.ivanabeaumond.com.br\/vestidos-noiva\/wp-json\/wp\/v2\/categories?post=14324"},{"taxonomy":"post_tag","embeddable":true,"href":"https:\/\/www.ivanabeaumond.com.br\/vestidos-noiva\/wp-json\/wp\/v2\/tags?post=14324"}],"curies":[{"name":"wp","href":"https:\/\/api.w.org\/{rel}","templated":true}]}}