{"id":14406,"date":"2018-01-16T10:30:02","date_gmt":"2018-01-16T12:30:02","guid":{"rendered":"http:\/\/www.ivanabeaumond.com.br\/vestidos-noiva\/?p=14406"},"modified":"2018-01-16T11:21:49","modified_gmt":"2018-01-16T13:21:49","slug":"noivas-de-oculos-claro-que-sim","status":"publish","type":"post","link":"https:\/\/www.ivanabeaumond.com.br\/vestidos-noiva\/noivas-de-oculos-claro-que-sim\/","title":{"rendered":"Noivas de \u00f3culos? Claro que sim!"},"content":{"rendered":"<h4 style=\"text-align: justify;\"><span style=\"color: #999999;\">Se uma mulher fosse escolher um dia para estar mais produzida, arrumada e bela, com certeza esse dia seria o do casamento. S\u00e3o tantas produ\u00e7\u00f5es como maquiagem, cabelos e\u00a0<strong>vestidos de noiva<\/strong>\u00a0que por vezes um item necess\u00e1rio para muitas mulheres passa despercebido. Isso mesmo, estamos falando dos\u00a0<strong>\u00f3culos<\/strong>, e viemos para falar que \u00e9 totalmente poss\u00edvel casar utilizando esse acess\u00f3rio t\u00e3o importante no dia a dia e ficar ainda mais bonita! N\u00e3o existem dados precisos sobre a quantidade de pessoas que precisam utilizar \u00f3culos, mas estima-se que cerca de 25% da popula\u00e7\u00e3o brasileira precisa desse aparelho corretor da vis\u00e3o. Muitas mulheres que usam \u00f3culos ficam receosas de compor um look que tenha a presen\u00e7a desse acess\u00f3rio, mas na realidade isso n\u00e3o passa de um tabu que j\u00e1 tem sido amplamente quebrado. As noivas tem utilizado a cada dia mais os \u00f3culos, fazendo com que o grande dia tenha resultados incr\u00edveis cheios de muita beleza.<\/span><\/h4>\n<p><span style=\"color: #ffffff;\">&#8211;<\/span><\/p>\n<h4 style=\"text-align: justify;\"><span style=\"color: #999999;\">Agora que voc\u00ea j\u00e1 sabe um pouco mais sobre os \u00f3culos no casamento, confira as lindas inspira\u00e7\u00f5es que o Noivas do Rio de Janeiro trouxe para voc\u00ea:<\/span><\/h4>\n<p>&nbsp;<\/p>\n<h4 style=\"text-align: justify;\"><span style=\"color: #999999;\"><a href=\"http:\/\/www.ivanabeaumond.com.br\/vestidos-noiva\/wp-content\/uploads\/2018\/01\/Vestido-de-Noiva-RJ_noiva-de-oculos_Sob-Medida-Blog_Ivanabeaumond-6.jpg\"><img decoding=\"async\" loading=\"lazy\" class=\"aligncenter size-full wp-image-14412\" src=\"http:\/\/www.ivanabeaumond.com.br\/vestidos-noiva\/wp-content\/uploads\/2018\/01\/Vestido-de-Noiva-RJ_noiva-de-oculos_Sob-Medida-Blog_Ivanabeaumond-6.jpg\" alt=\"Vestido-de-Noiva-RJ_noiva-de-oculos_Sob-Medida-Blog_Ivanabeaumond (6)\" width=\"800\" height=\"533\" srcset=\"https:\/\/www.ivanabeaumond.com.br\/vestidos-noiva\/wp-content\/uploads\/2018\/01\/Vestido-de-Noiva-RJ_noiva-de-oculos_Sob-Medida-Blog_Ivanabeaumond-6.jpg 800w, https:\/\/www.ivanabeaumond.com.br\/vestidos-noiva\/wp-content\/uploads\/2018\/01\/Vestido-de-Noiva-RJ_noiva-de-oculos_Sob-Medida-Blog_Ivanabeaumond-6-300x200.jpg 300w, https:\/\/www.ivanabeaumond.com.br\/vestidos-noiva\/wp-content\/uploads\/2018\/01\/Vestido-de-Noiva-RJ_noiva-de-oculos_Sob-Medida-Blog_Ivanabeaumond-6-480x320.jpg 480w\" sizes=\"(max-width: 800px) 100vw, 800px\" \/><\/a><\/span><\/h4>\n<h4 style=\"text-align: justify;\"><span style=\"color: #999999;\"> <a href=\"http:\/\/www.ivanabeaumond.com.br\/vestidos-noiva\/wp-content\/uploads\/2018\/01\/Vestido-de-Noiva-RJ_noiva-de-oculos_Sob-Medida-Blog_Ivanabeaumond-5.jpg\"><img decoding=\"async\" loading=\"lazy\" class=\"aligncenter wp-image-14411\" src=\"http:\/\/www.ivanabeaumond.com.br\/vestidos-noiva\/wp-content\/uploads\/2018\/01\/Vestido-de-Noiva-RJ_noiva-de-oculos_Sob-Medida-Blog_Ivanabeaumond-5.jpg\" alt=\"Vestido-de-Noiva-RJ_noiva-de-oculos_Sob-Medida-Blog_Ivanabeaumond (5)\" width=\"800\" height=\"416\" srcset=\"https:\/\/www.ivanabeaumond.com.br\/vestidos-noiva\/wp-content\/uploads\/2018\/01\/Vestido-de-Noiva-RJ_noiva-de-oculos_Sob-Medida-Blog_Ivanabeaumond-5.jpg 770w, https:\/\/www.ivanabeaumond.com.br\/vestidos-noiva\/wp-content\/uploads\/2018\/01\/Vestido-de-Noiva-RJ_noiva-de-oculos_Sob-Medida-Blog_Ivanabeaumond-5-300x156.jpg 300w\" sizes=\"(max-width: 800px) 100vw, 800px\" \/><\/a><\/span><\/h4>\n<h4 style=\"text-align: justify;\"><a href=\"http:\/\/www.ivanabeaumond.com.br\/vestidos-noiva\/wp-content\/uploads\/2018\/01\/Vestido-de-Noiva-RJ_noiva-de-oculos_Sob-Medida-Blog_Ivanabeaumond-3.jpg\"><img decoding=\"async\" loading=\"lazy\" class=\"alignleft wp-image-14409\" src=\"http:\/\/www.ivanabeaumond.com.br\/vestidos-noiva\/wp-content\/uploads\/2018\/01\/Vestido-de-Noiva-RJ_noiva-de-oculos_Sob-Medida-Blog_Ivanabeaumond-3.jpg\" alt=\"Vestido-de-Noiva-RJ_noiva-de-oculos_Sob-Medida-Blog_Ivanabeaumond (3)\" width=\"600\" height=\"399\" srcset=\"https:\/\/www.ivanabeaumond.com.br\/vestidos-noiva\/wp-content\/uploads\/2018\/01\/Vestido-de-Noiva-RJ_noiva-de-oculos_Sob-Medida-Blog_Ivanabeaumond-3.jpg 580w, https:\/\/www.ivanabeaumond.com.br\/vestidos-noiva\/wp-content\/uploads\/2018\/01\/Vestido-de-Noiva-RJ_noiva-de-oculos_Sob-Medida-Blog_Ivanabeaumond-3-300x200.jpg 300w, https:\/\/www.ivanabeaumond.com.br\/vestidos-noiva\/wp-content\/uploads\/2018\/01\/Vestido-de-Noiva-RJ_noiva-de-oculos_Sob-Medida-Blog_Ivanabeaumond-3-480x320.jpg 480w\" sizes=\"(max-width: 600px) 100vw, 600px\" \/><\/a><\/h4>\n<h4 style=\"text-align: justify;\"><span style=\"color: #999999;\"> <a href=\"http:\/\/www.ivanabeaumond.com.br\/vestidos-noiva\/wp-content\/uploads\/2018\/01\/Vestido-de-Noiva-RJ_noiva-de-oculos_Sob-Medida-Blog_Ivanabeaumond-2.jpg\"><img decoding=\"async\" loading=\"lazy\" class=\" wp-image-14408 alignright\" src=\"http:\/\/www.ivanabeaumond.com.br\/vestidos-noiva\/wp-content\/uploads\/2018\/01\/Vestido-de-Noiva-RJ_noiva-de-oculos_Sob-Medida-Blog_Ivanabeaumond-2.jpg\" alt=\"Vestido-de-Noiva-RJ_noiva-de-oculos_Sob-Medida-Blog_Ivanabeaumond (2)\" width=\"600\" height=\"400\" srcset=\"https:\/\/www.ivanabeaumond.com.br\/vestidos-noiva\/wp-content\/uploads\/2018\/01\/Vestido-de-Noiva-RJ_noiva-de-oculos_Sob-Medida-Blog_Ivanabeaumond-2.jpg 666w, https:\/\/www.ivanabeaumond.com.br\/vestidos-noiva\/wp-content\/uploads\/2018\/01\/Vestido-de-Noiva-RJ_noiva-de-oculos_Sob-Medida-Blog_Ivanabeaumond-2-300x200.jpg 300w, https:\/\/www.ivanabeaumond.com.br\/vestidos-noiva\/wp-content\/uploads\/2018\/01\/Vestido-de-Noiva-RJ_noiva-de-oculos_Sob-Medida-Blog_Ivanabeaumond-2-480x320.jpg 480w\" sizes=\"(max-width: 600px) 100vw, 600px\" \/><\/a><\/span><\/h4>\n<h4 style=\"text-align: justify;\"><\/h4>\n<h4 style=\"text-align: justify;\"><\/h4>\n<h4 style=\"text-align: justify;\"><\/h4>\n<h4 style=\"text-align: justify;\"><\/h4>\n<h4 style=\"text-align: justify;\"><\/h4>\n<h4 style=\"text-align: justify;\"><span style=\"color: #999999;\"><a href=\"http:\/\/www.ivanabeaumond.com.br\/vestidos-noiva\/wp-content\/uploads\/2018\/01\/Vestido-de-Noiva-RJ_noiva-de-oculos_Sob-Medida-Blog_Ivanabeaumond-1.jpg\"><img decoding=\"async\" loading=\"lazy\" class=\"aligncenter size-full wp-image-14407\" src=\"http:\/\/www.ivanabeaumond.com.br\/vestidos-noiva\/wp-content\/uploads\/2018\/01\/Vestido-de-Noiva-RJ_noiva-de-oculos_Sob-Medida-Blog_Ivanabeaumond-1.jpg\" alt=\"Vestido-de-Noiva-RJ_noiva-de-oculos_Sob-Medida-Blog_Ivanabeaumond (1)\" width=\"600\" height=\"400\" srcset=\"https:\/\/www.ivanabeaumond.com.br\/vestidos-noiva\/wp-content\/uploads\/2018\/01\/Vestido-de-Noiva-RJ_noiva-de-oculos_Sob-Medida-Blog_Ivanabeaumond-1.jpg 600w, https:\/\/www.ivanabeaumond.com.br\/vestidos-noiva\/wp-content\/uploads\/2018\/01\/Vestido-de-Noiva-RJ_noiva-de-oculos_Sob-Medida-Blog_Ivanabeaumond-1-300x200.jpg 300w, https:\/\/www.ivanabeaumond.com.br\/vestidos-noiva\/wp-content\/uploads\/2018\/01\/Vestido-de-Noiva-RJ_noiva-de-oculos_Sob-Medida-Blog_Ivanabeaumond-1-480x320.jpg 480w\" sizes=\"(max-width: 600px) 100vw, 600px\" \/><\/a><\/span><\/h4>\n<h4 style=\"text-align: justify;\"><\/h4>\n<h4 style=\"text-align: justify;\"><span style=\"color: #ffffff;\">&#8211;<\/span><\/h4>\n<h4 style=\"text-align: justify;\"><span style=\"color: #ffffff;\">&#8211;<\/span><\/h4>\n<h4 style=\"text-align: justify;\"><span style=\"color: #999999;\">Gostou? Siga nosso instagram\u00a0<span style=\"color: #0000ff;\"><a style=\"color: #0000ff;\" href=\"https:\/\/www.instagram.com\/ivanabeaumond\/\">@ivanabeaumond<\/a><\/span>\u00a0e curta nossa fanpage\u00a0<span style=\"color: #0000ff;\"><a style=\"color: #0000ff;\" href=\"https:\/\/www.facebook.com\/IvanaBeaumond\/\">Ivana Beaumond<\/a><\/span>\u00a0e fique por dentro de tudo o que rola no mundo das noivas e conhe\u00e7a nossos Melhores Modelos de Vestidos de Noivas Nacionais, Importados e Sob Medida.<\/span><\/h4>\n","protected":false},"excerpt":{"rendered":"<p>Se uma mulher fosse escolher um dia para estar mais&#8230;<\/p>\n","protected":false},"author":4,"featured_media":14409,"comment_status":"closed","ping_status":"closed","sticky":false,"template":"","format":"standard","meta":[],"categories":[127],"tags":[172,159,131,96,161,156,160,173,99,100,162,157,174,163,158,149,143,115],"yoast_head":"<!-- This site is optimized with the Yoast SEO plugin v20.3 - https:\/\/yoast.com\/wordpress\/plugins\/seo\/ -->\n<title>Noivas de \u00f3culos? Claro que sim! - Vestido de Noiva RJ<\/title>\n<meta name=\"robots\" content=\"index, follow, max-snippet:-1, max-image-preview:large, max-video-preview:-1\" \/>\n<link rel=\"canonical\" href=\"https:\/\/www.ivanabeaumond.com.br\/vestidos-noiva\/noivas-de-oculos-claro-que-sim\/\" \/>\n<meta property=\"og:locale\" content=\"pt_BR\" \/>\n<meta property=\"og:type\" content=\"article\" \/>\n<meta property=\"og:title\" content=\"Noivas de \u00f3culos? Claro que sim! - Vestido de Noiva RJ\" \/>\n<meta property=\"og:description\" content=\"Se uma mulher fosse escolher um dia para estar mais...\" \/>\n<meta property=\"og:url\" content=\"https:\/\/www.ivanabeaumond.com.br\/vestidos-noiva\/noivas-de-oculos-claro-que-sim\/\" \/>\n<meta property=\"og:site_name\" content=\"Vestido de Noiva RJ\" \/>\n<meta property=\"article:publisher\" content=\"https:\/\/www.facebook.com\/ivana.beaumondnoivas\" \/>\n<meta property=\"article:published_time\" content=\"2018-01-16T12:30:02+00:00\" \/>\n<meta property=\"article:modified_time\" content=\"2018-01-16T13:21:49+00:00\" \/>\n<meta property=\"og:image\" content=\"https:\/\/www.ivanabeaumond.com.br\/vestidos-noiva\/wp-content\/uploads\/2018\/01\/Vestido-de-Noiva-RJ_noiva-de-oculos_Sob-Medida-Blog_Ivanabeaumond-3.jpg\" \/>\n\t<meta property=\"og:image:width\" content=\"580\" \/>\n\t<meta property=\"og:image:height\" content=\"386\" \/>\n\t<meta property=\"og:image:type\" content=\"image\/jpeg\" \/>\n<meta name=\"author\" content=\"Ivana Beaumond Paris\" \/>\n<meta name=\"twitter:card\" content=\"summary_large_image\" \/>\n<meta name=\"twitter:label1\" content=\"Escrito por\" \/>\n\t<meta name=\"twitter:data1\" content=\"Ivana Beaumond Paris\" \/>\n\t<meta name=\"twitter:label2\" content=\"Est. tempo de leitura\" \/>\n\t<meta name=\"twitter:data2\" content=\"1 minuto\" \/>\n<script type=\"application\/ld+json\" class=\"yoast-schema-graph\">{\"@context\":\"https:\/\/schema.org\",\"@graph\":[{\"@type\":\"Article\",\"@id\":\"https:\/\/www.ivanabeaumond.com.br\/vestidos-noiva\/noivas-de-oculos-claro-que-sim\/#article\",\"isPartOf\":{\"@id\":\"https:\/\/www.ivanabeaumond.com.br\/vestidos-noiva\/noivas-de-oculos-claro-que-sim\/\"},\"author\":{\"name\":\"Ivana Beaumond Paris\",\"@id\":\"https:\/\/www.ivanabeaumond.com.br\/vestidos-noiva\/#\/schema\/person\/1a360c4cffa3b806d29a456389dcff26\"},\"headline\":\"Noivas de \u00f3culos? Claro que sim!\",\"datePublished\":\"2018-01-16T12:30:02+00:00\",\"dateModified\":\"2018-01-16T13:21:49+00:00\",\"mainEntityOfPage\":{\"@id\":\"https:\/\/www.ivanabeaumond.com.br\/vestidos-noiva\/noivas-de-oculos-claro-que-sim\/\"},\"wordCount\":243,\"publisher\":{\"@id\":\"https:\/\/www.ivanabeaumond.com.br\/vestidos-noiva\/#organization\"},\"keywords\":[\"15 anos\",\"alian\u00e7as\",\"aluguel de roupas\",\"casamento\",\"casamento blindado\",\"casamento no civil\",\"daminhas\",\"debutantes\",\"felicidade\",\"festa\",\"festas\",\"noiva e noivo\",\"princesas\",\"sob medida\",\"traje de noivo\",\"vestido de 15 anos\",\"vestido de debutante\",\"vestido de noiva\"],\"articleSection\":[\"Dicas e Truques\"],\"inLanguage\":\"pt-BR\"},{\"@type\":\"WebPage\",\"@id\":\"https:\/\/www.ivanabeaumond.com.br\/vestidos-noiva\/noivas-de-oculos-claro-que-sim\/\",\"url\":\"https:\/\/www.ivanabeaumond.com.br\/vestidos-noiva\/noivas-de-oculos-claro-que-sim\/\",\"name\":\"Noivas de \u00f3culos? Claro que sim! - Vestido de Noiva RJ\",\"isPartOf\":{\"@id\":\"https:\/\/www.ivanabeaumond.com.br\/vestidos-noiva\/#website\"},\"datePublished\":\"2018-01-16T12:30:02+00:00\",\"dateModified\":\"2018-01-16T13:21:49+00:00\",\"breadcrumb\":{\"@id\":\"https:\/\/www.ivanabeaumond.com.br\/vestidos-noiva\/noivas-de-oculos-claro-que-sim\/#breadcrumb\"},\"inLanguage\":\"pt-BR\",\"potentialAction\":[{\"@type\":\"ReadAction\",\"target\":[\"https:\/\/www.ivanabeaumond.com.br\/vestidos-noiva\/noivas-de-oculos-claro-que-sim\/\"]}]},{\"@type\":\"BreadcrumbList\",\"@id\":\"https:\/\/www.ivanabeaumond.com.br\/vestidos-noiva\/noivas-de-oculos-claro-que-sim\/#breadcrumb\",\"itemListElement\":[{\"@type\":\"ListItem\",\"position\":1,\"name\":\"In\u00edcio\",\"item\":\"https:\/\/www.ivanabeaumond.com.br\/vestidos-noiva\/\"},{\"@type\":\"ListItem\",\"position\":2,\"name\":\"Noivas de \u00f3culos? Claro que sim!\"}]},{\"@type\":\"WebSite\",\"@id\":\"https:\/\/www.ivanabeaumond.com.br\/vestidos-noiva\/#website\",\"url\":\"https:\/\/www.ivanabeaumond.com.br\/vestidos-noiva\/\",\"name\":\"Vestido de Noiva RJ\",\"description\":\"Moda Noiva\",\"publisher\":{\"@id\":\"https:\/\/www.ivanabeaumond.com.br\/vestidos-noiva\/#organization\"},\"potentialAction\":[{\"@type\":\"SearchAction\",\"target\":{\"@type\":\"EntryPoint\",\"urlTemplate\":\"https:\/\/www.ivanabeaumond.com.br\/vestidos-noiva\/?s={search_term_string}\"},\"query-input\":\"required name=search_term_string\"}],\"inLanguage\":\"pt-BR\"},{\"@type\":\"Organization\",\"@id\":\"https:\/\/www.ivanabeaumond.com.br\/vestidos-noiva\/#organization\",\"name\":\"Vestido de Noiva RJ\",\"url\":\"https:\/\/www.ivanabeaumond.com.br\/vestidos-noiva\/\",\"logo\":{\"@type\":\"ImageObject\",\"inLanguage\":\"pt-BR\",\"@id\":\"https:\/\/www.ivanabeaumond.com.br\/vestidos-noiva\/#\/schema\/logo\/image\/\",\"url\":\"https:\/\/www.ivanabeaumond.com.br\/vestidos-noiva\/wp-content\/uploads\/2018\/02\/logo_ivana_beaumond-2.png\",\"contentUrl\":\"https:\/\/www.ivanabeaumond.com.br\/vestidos-noiva\/wp-content\/uploads\/2018\/02\/logo_ivana_beaumond-2.png\",\"width\":230,\"height\":112,\"caption\":\"Vestido de Noiva RJ\"},\"image\":{\"@id\":\"https:\/\/www.ivanabeaumond.com.br\/vestidos-noiva\/#\/schema\/logo\/image\/\"},\"sameAs\":[\"https:\/\/www.facebook.com\/ivana.beaumondnoivas\",\"https:\/\/www.instagram.com\/ivanabeaumond\/\",\"https:\/\/www.tiktok.com\/@ivanabeaumond\"]},{\"@type\":\"Person\",\"@id\":\"https:\/\/www.ivanabeaumond.com.br\/vestidos-noiva\/#\/schema\/person\/1a360c4cffa3b806d29a456389dcff26\",\"name\":\"Ivana Beaumond Paris\",\"image\":{\"@type\":\"ImageObject\",\"inLanguage\":\"pt-BR\",\"@id\":\"https:\/\/www.ivanabeaumond.com.br\/vestidos-noiva\/#\/schema\/person\/image\/\",\"url\":\"https:\/\/secure.gravatar.com\/avatar\/641f98db20b53ec937ceb641db4270b9?s=96&d=mm&r=g\",\"contentUrl\":\"https:\/\/secure.gravatar.com\/avatar\/641f98db20b53ec937ceb641db4270b9?s=96&d=mm&r=g\",\"caption\":\"Ivana Beaumond Paris\"},\"url\":\"https:\/\/www.ivanabeaumond.com.br\/vestidos-noiva\/author\/ivana\/\"}]}<\/script>\n<!-- \/ Yoast SEO plugin. -->","yoast_head_json":{"title":"Noivas de \u00f3culos? Claro que sim! - Vestido de Noiva RJ","robots":{"index":"index","follow":"follow","max-snippet":"max-snippet:-1","max-image-preview":"max-image-preview:large","max-video-preview":"max-video-preview:-1"},"canonical":"https:\/\/www.ivanabeaumond.com.br\/vestidos-noiva\/noivas-de-oculos-claro-que-sim\/","og_locale":"pt_BR","og_type":"article","og_title":"Noivas de \u00f3culos? Claro que sim! - Vestido de Noiva RJ","og_description":"Se uma mulher fosse escolher um dia para estar mais...","og_url":"https:\/\/www.ivanabeaumond.com.br\/vestidos-noiva\/noivas-de-oculos-claro-que-sim\/","og_site_name":"Vestido de Noiva RJ","article_publisher":"https:\/\/www.facebook.com\/ivana.beaumondnoivas","article_published_time":"2018-01-16T12:30:02+00:00","article_modified_time":"2018-01-16T13:21:49+00:00","og_image":[{"width":580,"height":386,"url":"https:\/\/www.ivanabeaumond.com.br\/vestidos-noiva\/wp-content\/uploads\/2018\/01\/Vestido-de-Noiva-RJ_noiva-de-oculos_Sob-Medida-Blog_Ivanabeaumond-3.jpg","type":"image\/jpeg"}],"author":"Ivana Beaumond Paris","twitter_card":"summary_large_image","twitter_misc":{"Escrito por":"Ivana Beaumond Paris","Est. tempo de leitura":"1 minuto"},"schema":{"@context":"https:\/\/schema.org","@graph":[{"@type":"Article","@id":"https:\/\/www.ivanabeaumond.com.br\/vestidos-noiva\/noivas-de-oculos-claro-que-sim\/#article","isPartOf":{"@id":"https:\/\/www.ivanabeaumond.com.br\/vestidos-noiva\/noivas-de-oculos-claro-que-sim\/"},"author":{"name":"Ivana Beaumond Paris","@id":"https:\/\/www.ivanabeaumond.com.br\/vestidos-noiva\/#\/schema\/person\/1a360c4cffa3b806d29a456389dcff26"},"headline":"Noivas de \u00f3culos? Claro que sim!","datePublished":"2018-01-16T12:30:02+00:00","dateModified":"2018-01-16T13:21:49+00:00","mainEntityOfPage":{"@id":"https:\/\/www.ivanabeaumond.com.br\/vestidos-noiva\/noivas-de-oculos-claro-que-sim\/"},"wordCount":243,"publisher":{"@id":"https:\/\/www.ivanabeaumond.com.br\/vestidos-noiva\/#organization"},"keywords":["15 anos","alian\u00e7as","aluguel de roupas","casamento","casamento blindado","casamento no civil","daminhas","debutantes","felicidade","festa","festas","noiva e noivo","princesas","sob medida","traje de noivo","vestido de 15 anos","vestido de debutante","vestido de noiva"],"articleSection":["Dicas e Truques"],"inLanguage":"pt-BR"},{"@type":"WebPage","@id":"https:\/\/www.ivanabeaumond.com.br\/vestidos-noiva\/noivas-de-oculos-claro-que-sim\/","url":"https:\/\/www.ivanabeaumond.com.br\/vestidos-noiva\/noivas-de-oculos-claro-que-sim\/","name":"Noivas de \u00f3culos? Claro que sim! - Vestido de Noiva RJ","isPartOf":{"@id":"https:\/\/www.ivanabeaumond.com.br\/vestidos-noiva\/#website"},"datePublished":"2018-01-16T12:30:02+00:00","dateModified":"2018-01-16T13:21:49+00:00","breadcrumb":{"@id":"https:\/\/www.ivanabeaumond.com.br\/vestidos-noiva\/noivas-de-oculos-claro-que-sim\/#breadcrumb"},"inLanguage":"pt-BR","potentialAction":[{"@type":"ReadAction","target":["https:\/\/www.ivanabeaumond.com.br\/vestidos-noiva\/noivas-de-oculos-claro-que-sim\/"]}]},{"@type":"BreadcrumbList","@id":"https:\/\/www.ivanabeaumond.com.br\/vestidos-noiva\/noivas-de-oculos-claro-que-sim\/#breadcrumb","itemListElement":[{"@type":"ListItem","position":1,"name":"In\u00edcio","item":"https:\/\/www.ivanabeaumond.com.br\/vestidos-noiva\/"},{"@type":"ListItem","position":2,"name":"Noivas de \u00f3culos? Claro que sim!"}]},{"@type":"WebSite","@id":"https:\/\/www.ivanabeaumond.com.br\/vestidos-noiva\/#website","url":"https:\/\/www.ivanabeaumond.com.br\/vestidos-noiva\/","name":"Vestido de Noiva RJ","description":"Moda Noiva","publisher":{"@id":"https:\/\/www.ivanabeaumond.com.br\/vestidos-noiva\/#organization"},"potentialAction":[{"@type":"SearchAction","target":{"@type":"EntryPoint","urlTemplate":"https:\/\/www.ivanabeaumond.com.br\/vestidos-noiva\/?s={search_term_string}"},"query-input":"required name=search_term_string"}],"inLanguage":"pt-BR"},{"@type":"Organization","@id":"https:\/\/www.ivanabeaumond.com.br\/vestidos-noiva\/#organization","name":"Vestido de Noiva RJ","url":"https:\/\/www.ivanabeaumond.com.br\/vestidos-noiva\/","logo":{"@type":"ImageObject","inLanguage":"pt-BR","@id":"https:\/\/www.ivanabeaumond.com.br\/vestidos-noiva\/#\/schema\/logo\/image\/","url":"https:\/\/www.ivanabeaumond.com.br\/vestidos-noiva\/wp-content\/uploads\/2018\/02\/logo_ivana_beaumond-2.png","contentUrl":"https:\/\/www.ivanabeaumond.com.br\/vestidos-noiva\/wp-content\/uploads\/2018\/02\/logo_ivana_beaumond-2.png","width":230,"height":112,"caption":"Vestido de Noiva RJ"},"image":{"@id":"https:\/\/www.ivanabeaumond.com.br\/vestidos-noiva\/#\/schema\/logo\/image\/"},"sameAs":["https:\/\/www.facebook.com\/ivana.beaumondnoivas","https:\/\/www.instagram.com\/ivanabeaumond\/","https:\/\/www.tiktok.com\/@ivanabeaumond"]},{"@type":"Person","@id":"https:\/\/www.ivanabeaumond.com.br\/vestidos-noiva\/#\/schema\/person\/1a360c4cffa3b806d29a456389dcff26","name":"Ivana Beaumond Paris","image":{"@type":"ImageObject","inLanguage":"pt-BR","@id":"https:\/\/www.ivanabeaumond.com.br\/vestidos-noiva\/#\/schema\/person\/image\/","url":"https:\/\/secure.gravatar.com\/avatar\/641f98db20b53ec937ceb641db4270b9?s=96&d=mm&r=g","contentUrl":"https:\/\/secure.gravatar.com\/avatar\/641f98db20b53ec937ceb641db4270b9?s=96&d=mm&r=g","caption":"Ivana Beaumond Paris"},"url":"https:\/\/www.ivanabeaumond.com.br\/vestidos-noiva\/author\/ivana\/"}]}},"_links":{"self":[{"href":"https:\/\/www.ivanabeaumond.com.br\/vestidos-noiva\/wp-json\/wp\/v2\/posts\/14406"}],"collection":[{"href":"https:\/\/www.ivanabeaumond.com.br\/vestidos-noiva\/wp-json\/wp\/v2\/posts"}],"about":[{"href":"https:\/\/www.ivanabeaumond.com.br\/vestidos-noiva\/wp-json\/wp\/v2\/types\/post"}],"author":[{"embeddable":true,"href":"https:\/\/www.ivanabeaumond.com.br\/vestidos-noiva\/wp-json\/wp\/v2\/users\/4"}],"replies":[{"embeddable":true,"href":"https:\/\/www.ivanabeaumond.com.br\/vestidos-noiva\/wp-json\/wp\/v2\/comments?post=14406"}],"version-history":[{"count":2,"href":"https:\/\/www.ivanabeaumond.com.br\/vestidos-noiva\/wp-json\/wp\/v2\/posts\/14406\/revisions"}],"predecessor-version":[{"id":14414,"href":"https:\/\/www.ivanabeaumond.com.br\/vestidos-noiva\/wp-json\/wp\/v2\/posts\/14406\/revisions\/14414"}],"wp:featuredmedia":[{"embeddable":true,"href":"https:\/\/www.ivanabeaumond.com.br\/vestidos-noiva\/wp-json\/wp\/v2\/media\/14409"}],"wp:attachment":[{"href":"https:\/\/www.ivanabeaumond.com.br\/vestidos-noiva\/wp-json\/wp\/v2\/media?parent=14406"}],"wp:term":[{"taxonomy":"category","embeddable":true,"href":"https:\/\/www.ivanabeaumond.com.br\/vestidos-noiva\/wp-json\/wp\/v2\/categories?post=14406"},{"taxonomy":"post_tag","embeddable":true,"href":"https:\/\/www.ivanabeaumond.com.br\/vestidos-noiva\/wp-json\/wp\/v2\/tags?post=14406"}],"curies":[{"name":"wp","href":"https:\/\/api.w.org\/{rel}","templated":true}]}}