{"id":14461,"date":"2018-01-29T14:26:46","date_gmt":"2018-01-29T16:26:46","guid":{"rendered":"http:\/\/www.ivanabeaumond.com.br\/vestidos-noiva\/?p=14461"},"modified":"2018-01-30T00:05:24","modified_gmt":"2018-01-30T02:05:24","slug":"vestido-com-ou-sem-cauda","status":"publish","type":"post","link":"https:\/\/www.ivanabeaumond.com.br\/vestidos-noiva\/vestido-com-ou-sem-cauda\/","title":{"rendered":"Vestido com ou sem cauda?"},"content":{"rendered":"<h3 dir=\"ltr\" style=\"text-align: justify;\"><strong><span style=\"color: #999999;\">Casamento tradicional, noiva cl\u00e1ssica<\/span><\/strong><\/h3>\n<h4 dir=\"ltr\" style=\"text-align: justify;\"><span style=\"color: #999999;\">Ainda que muitas noivas busquem originalidade do look de noiva \u00e0s\u00a0lembrancinhas de casamento diferentes, uma grande maioria gosta de manter as tradi\u00e7\u00f5es que envolvem esse dia. Se voc\u00ea \u00e9 uma delas, optou por uma festa atendendo todas as etiquetas que o protocolo manda,\u00a0a cauda pode ser o detalhe final do seu look, ressaltando o cl\u00e1ssico. Muitas noivas nesse estilo optam por um\u00a0vestido de noiva princesa\u00a0e as caudas se encaixam perfeitamente com esses modelos, apenas saiba qual o comprimento ideal. As longas caudas s\u00e3o mais adequadas \u00e0s festas grandes e cerim\u00f4nias religiosas. Se optou por um casamento mais simples, mas ainda quer manter a tradi\u00e7\u00e3o, pode optar por uma cauda mediana.<\/span><\/h4>\n<p><a href=\"http:\/\/www.ivanabeaumond.com.br\/vestidos-noiva\/wp-content\/uploads\/2018\/01\/Vestido-de-Noiva_rj-aluguel-de-roupas_Casamento-Noivasrj-Noivas_IvanaBeaumond-7.jpg\"><img decoding=\"async\" loading=\"lazy\" class=\"aligncenter size-full wp-image-14483\" src=\"http:\/\/www.ivanabeaumond.com.br\/vestidos-noiva\/wp-content\/uploads\/2018\/01\/Vestido-de-Noiva_rj-aluguel-de-roupas_Casamento-Noivasrj-Noivas_IvanaBeaumond-7.jpg\" alt=\"Vestido-de-Noiva_rj-aluguel-de-roupas_Casamento-Noivasrj-Noivas_IvanaBeaumond (7)\" width=\"800\" height=\"600\" srcset=\"https:\/\/www.ivanabeaumond.com.br\/vestidos-noiva\/wp-content\/uploads\/2018\/01\/Vestido-de-Noiva_rj-aluguel-de-roupas_Casamento-Noivasrj-Noivas_IvanaBeaumond-7.jpg 800w, https:\/\/www.ivanabeaumond.com.br\/vestidos-noiva\/wp-content\/uploads\/2018\/01\/Vestido-de-Noiva_rj-aluguel-de-roupas_Casamento-Noivasrj-Noivas_IvanaBeaumond-7-300x225.jpg 300w\" sizes=\"(max-width: 800px) 100vw, 800px\" \/><\/a><\/p>\n<p>&nbsp;<\/p>\n<p><span style=\"color: #ffffff;\">&#8211;<\/span><\/p>\n<h3 dir=\"ltr\" style=\"text-align: justify;\"><span style=\"color: #ffffff;\">&#8211;<\/span><\/h3>\n<h3 dir=\"ltr\" style=\"text-align: justify;\"><strong><span style=\"color: #999999;\">Casamento campestre, noivas rom\u00e2nticas<\/span><\/strong><\/h3>\n<h4 dir=\"ltr\" style=\"text-align: justify;\"><span style=\"color: #999999;\">As\u00a0decora\u00e7\u00f5es de casamento r\u00fasticas\u00a0conquistaram o cora\u00e7\u00e3o das noivas das \u00faltimas temporadas. Cerim\u00f4nias ao ar livre, elementos naturais e muita suavidade caracterizam essa festa. E claro que o look de noiva deve seguir a mesma tend\u00eancia. Os\u00a0vestidos de noiva de renda\u00a0s\u00e3o perfeitos para esse estilo e podem acompanhar uma cauda no mesmo acabamento. Mas, diferente do estilo cl\u00e1ssico, aqui a cauda \u00e9 opcional, a noiva\u00a0se quiser pode abdicar desse detalhe. Se optou pela cauda, as de medidas curtas e m\u00e9dias s\u00e3o as mais adequadas, j\u00e1 que provavelmente estar\u00e1 rodeada pela natureza e n\u00e3o quer que ela te atrapalhe ao caminhar ou que se suje essa parte do vestido, algo que pode ocorrer com caudas muito longas.<\/span><\/h4>\n<p><a href=\"http:\/\/www.ivanabeaumond.com.br\/vestidos-noiva\/wp-content\/uploads\/2018\/01\/vestido-de-noiva-cauda-longa-blog.jpg\"><img decoding=\"async\" loading=\"lazy\" class=\"aligncenter size-large wp-image-14482\" src=\"http:\/\/www.ivanabeaumond.com.br\/vestidos-noiva\/wp-content\/uploads\/2018\/01\/vestido-de-noiva-cauda-longa-blog-688x1024.jpg\" alt=\"vestido-de-noiva-cauda-longa-blog\" width=\"688\" height=\"1024\" srcset=\"https:\/\/www.ivanabeaumond.com.br\/vestidos-noiva\/wp-content\/uploads\/2018\/01\/vestido-de-noiva-cauda-longa-blog-688x1024.jpg 688w, https:\/\/www.ivanabeaumond.com.br\/vestidos-noiva\/wp-content\/uploads\/2018\/01\/vestido-de-noiva-cauda-longa-blog-202x300.jpg 202w, https:\/\/www.ivanabeaumond.com.br\/vestidos-noiva\/wp-content\/uploads\/2018\/01\/vestido-de-noiva-cauda-longa-blog.jpg 700w\" sizes=\"(max-width: 688px) 100vw, 688px\" \/><\/a><\/p>\n<p><span style=\"color: #ffffff;\">&#8211;<\/span><\/p>\n<h3 dir=\"ltr\" style=\"text-align: justify;\"><\/h3>\n<h3 dir=\"ltr\" style=\"text-align: justify;\"><span style=\"color: #ffffff;\"><strong>&#8211;<\/strong><\/span><\/h3>\n<h3 dir=\"ltr\" style=\"text-align: justify;\"><strong><span style=\"color: #999999;\">Casamento moderno, noiva original<\/span><\/strong><\/h3>\n<h4 dir=\"ltr\" style=\"text-align: justify;\"><span style=\"color: #999999;\">Se, diferente das op\u00e7\u00f5es anteriores, o que voc\u00ea mais busca no seu dia \u00e9 a originalidade, ent\u00e3o a cauda nada deve ter a ver com o tradicional. Neste caso opte por vestidos modernos, mas que ainda assim marquem o papel de noiva. Cortes irreverentes e acabamentos que te far\u00e3o brilhar. E as caudas, como entram nessa proposta? Ou elas entram tamb\u00e9m seguindo o mesmo estilo inovador, como pode ser as\u00a0caudas embutidas ou retalhadas em desenhos originais, ou deixe-as de lado para que sejam usadas pelas noivas que prezam o tradicional. Um\u00a0modelo de vestido de noiva\u00a0criado para noivas modernas n\u00e3o abre espa\u00e7o para caudas cl\u00e1ssicas, por isso opte pelo novo se este for o seu estilo escolhido, tanto para festa como para o seu look.<\/span><\/h4>\n<p><a href=\"http:\/\/www.ivanabeaumond.com.br\/vestidos-noiva\/wp-content\/uploads\/2018\/01\/Danielle-e-Gustavo-Vestidos-de-Noivas-atelier-Ivana-Beaumond-10.jpg\"><img decoding=\"async\" loading=\"lazy\" class=\"aligncenter size-large wp-image-14464\" src=\"http:\/\/www.ivanabeaumond.com.br\/vestidos-noiva\/wp-content\/uploads\/2018\/01\/Danielle-e-Gustavo-Vestidos-de-Noivas-atelier-Ivana-Beaumond-10-684x1024.jpg\" alt=\"Danielle e Gustavo - Vestidos de Noivas atelier Ivana Beaumond 10\" width=\"684\" height=\"1024\" \/><\/a><span style=\"color: #ffffff;\">&#8211;<\/span><\/p>\n<p><span style=\"color: #ffffff;\">&#8211;<\/span><\/p>\n<div class=\"post_content_holder\">\n<div class=\"post_text\">\n<div class=\"post_content_holder\">\n<div class=\"post_text\">\n<h4 style=\"text-align: justify;\"><span style=\"color: #999999;\">Gostou? Siga nosso instagram\u00a0<span style=\"color: #0000ff;\"><a style=\"color: #0000ff;\" href=\"https:\/\/www.instagram.com\/ivanabeaumond\/\">@ivanabeaumond<\/a><\/span>\u00a0e curta nossa fanpage\u00a0<span style=\"color: #0000ff;\"><a style=\"color: #0000ff;\" href=\"https:\/\/www.facebook.com\/IvanaBeaumond\/\">Ivana Beaumond<\/a><\/span>\u00a0e fique por dentro de tudo o que rola no mundo das noivas e conhe\u00e7a nossos Melhores Modelos de Vestidos de Noivas Nacionais, Importados e Sob Medida.<\/span><\/h4>\n<\/div>\n<\/div>\n<\/div>\n<\/div>\n","protected":false},"excerpt":{"rendered":"<p>Casamento tradicional, noiva cl\u00e1ssica Ainda que muitas noivas busquem originalidade&#8230;<\/p>\n","protected":false},"author":4,"featured_media":14481,"comment_status":"closed","ping_status":"closed","sticky":false,"template":"","format":"standard","meta":[],"categories":[127],"tags":[172,159,131,96,161,156,160,173,99,100,162,157,174,163,158,149,143,115],"yoast_head":"<!-- This site is optimized with the Yoast SEO plugin v20.3 - https:\/\/yoast.com\/wordpress\/plugins\/seo\/ -->\n<title>Vestido com ou sem cauda? - Vestido de Noiva RJ<\/title>\n<meta name=\"robots\" content=\"index, follow, max-snippet:-1, max-image-preview:large, max-video-preview:-1\" \/>\n<link rel=\"canonical\" href=\"https:\/\/www.ivanabeaumond.com.br\/vestidos-noiva\/vestido-com-ou-sem-cauda\/\" \/>\n<meta property=\"og:locale\" content=\"pt_BR\" \/>\n<meta property=\"og:type\" content=\"article\" \/>\n<meta property=\"og:title\" content=\"Vestido com ou sem cauda? - Vestido de Noiva RJ\" \/>\n<meta property=\"og:description\" content=\"Casamento tradicional, noiva cl\u00e1ssica Ainda que muitas noivas busquem originalidade...\" \/>\n<meta property=\"og:url\" content=\"https:\/\/www.ivanabeaumond.com.br\/vestidos-noiva\/vestido-com-ou-sem-cauda\/\" \/>\n<meta property=\"og:site_name\" content=\"Vestido de Noiva RJ\" \/>\n<meta property=\"article:publisher\" content=\"https:\/\/www.facebook.com\/ivana.beaumondnoivas\" \/>\n<meta property=\"article:published_time\" content=\"2018-01-29T16:26:46+00:00\" \/>\n<meta property=\"article:modified_time\" content=\"2018-01-30T02:05:24+00:00\" \/>\n<meta property=\"og:image\" content=\"https:\/\/www.ivanabeaumond.com.br\/vestidos-noiva\/wp-content\/uploads\/2018\/01\/vestido-de-noiva_rj-Casamento-Aluguel-de-Roupas.jpg\" \/>\n\t<meta property=\"og:image:width\" content=\"823\" \/>\n\t<meta property=\"og:image:height\" content=\"548\" \/>\n\t<meta property=\"og:image:type\" content=\"image\/jpeg\" \/>\n<meta name=\"author\" content=\"Ivana Beaumond Paris\" \/>\n<meta name=\"twitter:card\" content=\"summary_large_image\" \/>\n<meta name=\"twitter:label1\" content=\"Escrito por\" \/>\n\t<meta name=\"twitter:data1\" content=\"Ivana Beaumond Paris\" \/>\n\t<meta name=\"twitter:label2\" content=\"Est. tempo de leitura\" \/>\n\t<meta name=\"twitter:data2\" content=\"2 minutos\" \/>\n<script type=\"application\/ld+json\" class=\"yoast-schema-graph\">{\"@context\":\"https:\/\/schema.org\",\"@graph\":[{\"@type\":\"Article\",\"@id\":\"https:\/\/www.ivanabeaumond.com.br\/vestidos-noiva\/vestido-com-ou-sem-cauda\/#article\",\"isPartOf\":{\"@id\":\"https:\/\/www.ivanabeaumond.com.br\/vestidos-noiva\/vestido-com-ou-sem-cauda\/\"},\"author\":{\"name\":\"Ivana Beaumond Paris\",\"@id\":\"https:\/\/www.ivanabeaumond.com.br\/vestidos-noiva\/#\/schema\/person\/1a360c4cffa3b806d29a456389dcff26\"},\"headline\":\"Vestido com ou sem cauda?\",\"datePublished\":\"2018-01-29T16:26:46+00:00\",\"dateModified\":\"2018-01-30T02:05:24+00:00\",\"mainEntityOfPage\":{\"@id\":\"https:\/\/www.ivanabeaumond.com.br\/vestidos-noiva\/vestido-com-ou-sem-cauda\/\"},\"wordCount\":445,\"publisher\":{\"@id\":\"https:\/\/www.ivanabeaumond.com.br\/vestidos-noiva\/#organization\"},\"keywords\":[\"15 anos\",\"alian\u00e7as\",\"aluguel de roupas\",\"casamento\",\"casamento blindado\",\"casamento no civil\",\"daminhas\",\"debutantes\",\"felicidade\",\"festa\",\"festas\",\"noiva e noivo\",\"princesas\",\"sob medida\",\"traje de noivo\",\"vestido de 15 anos\",\"vestido de debutante\",\"vestido de noiva\"],\"articleSection\":[\"Dicas e Truques\"],\"inLanguage\":\"pt-BR\"},{\"@type\":\"WebPage\",\"@id\":\"https:\/\/www.ivanabeaumond.com.br\/vestidos-noiva\/vestido-com-ou-sem-cauda\/\",\"url\":\"https:\/\/www.ivanabeaumond.com.br\/vestidos-noiva\/vestido-com-ou-sem-cauda\/\",\"name\":\"Vestido com ou sem cauda? - Vestido de Noiva RJ\",\"isPartOf\":{\"@id\":\"https:\/\/www.ivanabeaumond.com.br\/vestidos-noiva\/#website\"},\"datePublished\":\"2018-01-29T16:26:46+00:00\",\"dateModified\":\"2018-01-30T02:05:24+00:00\",\"breadcrumb\":{\"@id\":\"https:\/\/www.ivanabeaumond.com.br\/vestidos-noiva\/vestido-com-ou-sem-cauda\/#breadcrumb\"},\"inLanguage\":\"pt-BR\",\"potentialAction\":[{\"@type\":\"ReadAction\",\"target\":[\"https:\/\/www.ivanabeaumond.com.br\/vestidos-noiva\/vestido-com-ou-sem-cauda\/\"]}]},{\"@type\":\"BreadcrumbList\",\"@id\":\"https:\/\/www.ivanabeaumond.com.br\/vestidos-noiva\/vestido-com-ou-sem-cauda\/#breadcrumb\",\"itemListElement\":[{\"@type\":\"ListItem\",\"position\":1,\"name\":\"In\u00edcio\",\"item\":\"https:\/\/www.ivanabeaumond.com.br\/vestidos-noiva\/\"},{\"@type\":\"ListItem\",\"position\":2,\"name\":\"Vestido com ou sem cauda?\"}]},{\"@type\":\"WebSite\",\"@id\":\"https:\/\/www.ivanabeaumond.com.br\/vestidos-noiva\/#website\",\"url\":\"https:\/\/www.ivanabeaumond.com.br\/vestidos-noiva\/\",\"name\":\"Vestido de Noiva RJ\",\"description\":\"Moda Noiva\",\"publisher\":{\"@id\":\"https:\/\/www.ivanabeaumond.com.br\/vestidos-noiva\/#organization\"},\"potentialAction\":[{\"@type\":\"SearchAction\",\"target\":{\"@type\":\"EntryPoint\",\"urlTemplate\":\"https:\/\/www.ivanabeaumond.com.br\/vestidos-noiva\/?s={search_term_string}\"},\"query-input\":\"required name=search_term_string\"}],\"inLanguage\":\"pt-BR\"},{\"@type\":\"Organization\",\"@id\":\"https:\/\/www.ivanabeaumond.com.br\/vestidos-noiva\/#organization\",\"name\":\"Vestido de Noiva RJ\",\"url\":\"https:\/\/www.ivanabeaumond.com.br\/vestidos-noiva\/\",\"logo\":{\"@type\":\"ImageObject\",\"inLanguage\":\"pt-BR\",\"@id\":\"https:\/\/www.ivanabeaumond.com.br\/vestidos-noiva\/#\/schema\/logo\/image\/\",\"url\":\"https:\/\/www.ivanabeaumond.com.br\/vestidos-noiva\/wp-content\/uploads\/2018\/02\/logo_ivana_beaumond-2.png\",\"contentUrl\":\"https:\/\/www.ivanabeaumond.com.br\/vestidos-noiva\/wp-content\/uploads\/2018\/02\/logo_ivana_beaumond-2.png\",\"width\":230,\"height\":112,\"caption\":\"Vestido de Noiva RJ\"},\"image\":{\"@id\":\"https:\/\/www.ivanabeaumond.com.br\/vestidos-noiva\/#\/schema\/logo\/image\/\"},\"sameAs\":[\"https:\/\/www.facebook.com\/ivana.beaumondnoivas\",\"https:\/\/www.instagram.com\/ivanabeaumond\/\",\"https:\/\/www.tiktok.com\/@ivanabeaumond\"]},{\"@type\":\"Person\",\"@id\":\"https:\/\/www.ivanabeaumond.com.br\/vestidos-noiva\/#\/schema\/person\/1a360c4cffa3b806d29a456389dcff26\",\"name\":\"Ivana Beaumond Paris\",\"image\":{\"@type\":\"ImageObject\",\"inLanguage\":\"pt-BR\",\"@id\":\"https:\/\/www.ivanabeaumond.com.br\/vestidos-noiva\/#\/schema\/person\/image\/\",\"url\":\"https:\/\/secure.gravatar.com\/avatar\/641f98db20b53ec937ceb641db4270b9?s=96&d=mm&r=g\",\"contentUrl\":\"https:\/\/secure.gravatar.com\/avatar\/641f98db20b53ec937ceb641db4270b9?s=96&d=mm&r=g\",\"caption\":\"Ivana Beaumond Paris\"},\"url\":\"https:\/\/www.ivanabeaumond.com.br\/vestidos-noiva\/author\/ivana\/\"}]}<\/script>\n<!-- \/ Yoast SEO plugin. -->","yoast_head_json":{"title":"Vestido com ou sem cauda? - Vestido de Noiva RJ","robots":{"index":"index","follow":"follow","max-snippet":"max-snippet:-1","max-image-preview":"max-image-preview:large","max-video-preview":"max-video-preview:-1"},"canonical":"https:\/\/www.ivanabeaumond.com.br\/vestidos-noiva\/vestido-com-ou-sem-cauda\/","og_locale":"pt_BR","og_type":"article","og_title":"Vestido com ou sem cauda? - Vestido de Noiva RJ","og_description":"Casamento tradicional, noiva cl\u00e1ssica Ainda que muitas noivas busquem originalidade...","og_url":"https:\/\/www.ivanabeaumond.com.br\/vestidos-noiva\/vestido-com-ou-sem-cauda\/","og_site_name":"Vestido de Noiva RJ","article_publisher":"https:\/\/www.facebook.com\/ivana.beaumondnoivas","article_published_time":"2018-01-29T16:26:46+00:00","article_modified_time":"2018-01-30T02:05:24+00:00","og_image":[{"width":823,"height":548,"url":"https:\/\/www.ivanabeaumond.com.br\/vestidos-noiva\/wp-content\/uploads\/2018\/01\/vestido-de-noiva_rj-Casamento-Aluguel-de-Roupas.jpg","type":"image\/jpeg"}],"author":"Ivana Beaumond Paris","twitter_card":"summary_large_image","twitter_misc":{"Escrito por":"Ivana Beaumond Paris","Est. tempo de leitura":"2 minutos"},"schema":{"@context":"https:\/\/schema.org","@graph":[{"@type":"Article","@id":"https:\/\/www.ivanabeaumond.com.br\/vestidos-noiva\/vestido-com-ou-sem-cauda\/#article","isPartOf":{"@id":"https:\/\/www.ivanabeaumond.com.br\/vestidos-noiva\/vestido-com-ou-sem-cauda\/"},"author":{"name":"Ivana Beaumond Paris","@id":"https:\/\/www.ivanabeaumond.com.br\/vestidos-noiva\/#\/schema\/person\/1a360c4cffa3b806d29a456389dcff26"},"headline":"Vestido com ou sem cauda?","datePublished":"2018-01-29T16:26:46+00:00","dateModified":"2018-01-30T02:05:24+00:00","mainEntityOfPage":{"@id":"https:\/\/www.ivanabeaumond.com.br\/vestidos-noiva\/vestido-com-ou-sem-cauda\/"},"wordCount":445,"publisher":{"@id":"https:\/\/www.ivanabeaumond.com.br\/vestidos-noiva\/#organization"},"keywords":["15 anos","alian\u00e7as","aluguel de roupas","casamento","casamento blindado","casamento no civil","daminhas","debutantes","felicidade","festa","festas","noiva e noivo","princesas","sob medida","traje de noivo","vestido de 15 anos","vestido de debutante","vestido de noiva"],"articleSection":["Dicas e Truques"],"inLanguage":"pt-BR"},{"@type":"WebPage","@id":"https:\/\/www.ivanabeaumond.com.br\/vestidos-noiva\/vestido-com-ou-sem-cauda\/","url":"https:\/\/www.ivanabeaumond.com.br\/vestidos-noiva\/vestido-com-ou-sem-cauda\/","name":"Vestido com ou sem cauda? - Vestido de Noiva RJ","isPartOf":{"@id":"https:\/\/www.ivanabeaumond.com.br\/vestidos-noiva\/#website"},"datePublished":"2018-01-29T16:26:46+00:00","dateModified":"2018-01-30T02:05:24+00:00","breadcrumb":{"@id":"https:\/\/www.ivanabeaumond.com.br\/vestidos-noiva\/vestido-com-ou-sem-cauda\/#breadcrumb"},"inLanguage":"pt-BR","potentialAction":[{"@type":"ReadAction","target":["https:\/\/www.ivanabeaumond.com.br\/vestidos-noiva\/vestido-com-ou-sem-cauda\/"]}]},{"@type":"BreadcrumbList","@id":"https:\/\/www.ivanabeaumond.com.br\/vestidos-noiva\/vestido-com-ou-sem-cauda\/#breadcrumb","itemListElement":[{"@type":"ListItem","position":1,"name":"In\u00edcio","item":"https:\/\/www.ivanabeaumond.com.br\/vestidos-noiva\/"},{"@type":"ListItem","position":2,"name":"Vestido com ou sem cauda?"}]},{"@type":"WebSite","@id":"https:\/\/www.ivanabeaumond.com.br\/vestidos-noiva\/#website","url":"https:\/\/www.ivanabeaumond.com.br\/vestidos-noiva\/","name":"Vestido de Noiva RJ","description":"Moda Noiva","publisher":{"@id":"https:\/\/www.ivanabeaumond.com.br\/vestidos-noiva\/#organization"},"potentialAction":[{"@type":"SearchAction","target":{"@type":"EntryPoint","urlTemplate":"https:\/\/www.ivanabeaumond.com.br\/vestidos-noiva\/?s={search_term_string}"},"query-input":"required name=search_term_string"}],"inLanguage":"pt-BR"},{"@type":"Organization","@id":"https:\/\/www.ivanabeaumond.com.br\/vestidos-noiva\/#organization","name":"Vestido de Noiva RJ","url":"https:\/\/www.ivanabeaumond.com.br\/vestidos-noiva\/","logo":{"@type":"ImageObject","inLanguage":"pt-BR","@id":"https:\/\/www.ivanabeaumond.com.br\/vestidos-noiva\/#\/schema\/logo\/image\/","url":"https:\/\/www.ivanabeaumond.com.br\/vestidos-noiva\/wp-content\/uploads\/2018\/02\/logo_ivana_beaumond-2.png","contentUrl":"https:\/\/www.ivanabeaumond.com.br\/vestidos-noiva\/wp-content\/uploads\/2018\/02\/logo_ivana_beaumond-2.png","width":230,"height":112,"caption":"Vestido de Noiva RJ"},"image":{"@id":"https:\/\/www.ivanabeaumond.com.br\/vestidos-noiva\/#\/schema\/logo\/image\/"},"sameAs":["https:\/\/www.facebook.com\/ivana.beaumondnoivas","https:\/\/www.instagram.com\/ivanabeaumond\/","https:\/\/www.tiktok.com\/@ivanabeaumond"]},{"@type":"Person","@id":"https:\/\/www.ivanabeaumond.com.br\/vestidos-noiva\/#\/schema\/person\/1a360c4cffa3b806d29a456389dcff26","name":"Ivana Beaumond Paris","image":{"@type":"ImageObject","inLanguage":"pt-BR","@id":"https:\/\/www.ivanabeaumond.com.br\/vestidos-noiva\/#\/schema\/person\/image\/","url":"https:\/\/secure.gravatar.com\/avatar\/641f98db20b53ec937ceb641db4270b9?s=96&d=mm&r=g","contentUrl":"https:\/\/secure.gravatar.com\/avatar\/641f98db20b53ec937ceb641db4270b9?s=96&d=mm&r=g","caption":"Ivana Beaumond Paris"},"url":"https:\/\/www.ivanabeaumond.com.br\/vestidos-noiva\/author\/ivana\/"}]}},"_links":{"self":[{"href":"https:\/\/www.ivanabeaumond.com.br\/vestidos-noiva\/wp-json\/wp\/v2\/posts\/14461"}],"collection":[{"href":"https:\/\/www.ivanabeaumond.com.br\/vestidos-noiva\/wp-json\/wp\/v2\/posts"}],"about":[{"href":"https:\/\/www.ivanabeaumond.com.br\/vestidos-noiva\/wp-json\/wp\/v2\/types\/post"}],"author":[{"embeddable":true,"href":"https:\/\/www.ivanabeaumond.com.br\/vestidos-noiva\/wp-json\/wp\/v2\/users\/4"}],"replies":[{"embeddable":true,"href":"https:\/\/www.ivanabeaumond.com.br\/vestidos-noiva\/wp-json\/wp\/v2\/comments?post=14461"}],"version-history":[{"count":4,"href":"https:\/\/www.ivanabeaumond.com.br\/vestidos-noiva\/wp-json\/wp\/v2\/posts\/14461\/revisions"}],"predecessor-version":[{"id":14486,"href":"https:\/\/www.ivanabeaumond.com.br\/vestidos-noiva\/wp-json\/wp\/v2\/posts\/14461\/revisions\/14486"}],"wp:featuredmedia":[{"embeddable":true,"href":"https:\/\/www.ivanabeaumond.com.br\/vestidos-noiva\/wp-json\/wp\/v2\/media\/14481"}],"wp:attachment":[{"href":"https:\/\/www.ivanabeaumond.com.br\/vestidos-noiva\/wp-json\/wp\/v2\/media?parent=14461"}],"wp:term":[{"taxonomy":"category","embeddable":true,"href":"https:\/\/www.ivanabeaumond.com.br\/vestidos-noiva\/wp-json\/wp\/v2\/categories?post=14461"},{"taxonomy":"post_tag","embeddable":true,"href":"https:\/\/www.ivanabeaumond.com.br\/vestidos-noiva\/wp-json\/wp\/v2\/tags?post=14461"}],"curies":[{"name":"wp","href":"https:\/\/api.w.org\/{rel}","templated":true}]}}