{"id":145016,"date":"2022-06-21T12:00:00","date_gmt":"2022-06-21T15:00:00","guid":{"rendered":"https:\/\/www.ivanabeaumond.com.br\/vestidos-noiva\/?p=145016"},"modified":"2022-09-20T18:51:32","modified_gmt":"2022-09-20T21:51:32","slug":"primavera-o-mes-das-flores","status":"publish","type":"post","link":"https:\/\/www.ivanabeaumond.com.br\/vestidos-noiva\/primavera-o-mes-das-flores\/","title":{"rendered":"Primavera &#8211; o m\u00eas das flores"},"content":{"rendered":"\n<div class=\"wp-block-group\"><div class=\"wp-block-group__inner-container is-layout-flow\">\n<div class=\"wp-block-columns is-layout-flex wp-container-5\">\n<div class=\"wp-block-column is-layout-flow\" style=\"flex-basis:100%\">\n<div class=\"wp-block-group\"><div class=\"wp-block-group__inner-container is-layout-flow\">\n<div class=\"wp-block-group\"><div class=\"wp-block-group__inner-container is-layout-flow\">\n<div class=\"wp-block-group\"><div class=\"wp-block-group__inner-container is-layout-flow\">\n<h2 class=\"wp-block-heading\" style=\"font-size:18px\">A chegada da primavera \u00e9 contagiante para todos, principalmente para quem est\u00e1 com casamento marcado. Com dias mais longos e noites mais curtas, permite que casamentos feitos durante o dia, tenham dura\u00e7\u00e3o mais longa. Iniciando no dia 22 de Setembro, \u00e9 uma das \u00e9pocas preferidas para realizar essa cerim\u00f4nia.<\/h2>\n\n\n\n<p><\/p>\n<\/div><\/div>\n\n\n\n<h2 class=\"wp-block-heading\" style=\"font-size:18px\">Ap\u00f3s viver o frio do inverno, \u00e9 normal que muitas noivas optem por casamentos diurnos e ao ar livre, a fim de que se desfrute da natureza e do clima ameno que a esta\u00e7\u00e3o proporciona. Para quem vai se casar na igreja \u00e9 poss\u00edvel transmitir o esp\u00edrito da esta\u00e7\u00e3o atrav\u00e9s da decora\u00e7\u00e3o, buffet, trajes, convites etc.<\/h2>\n\n\n\n<p><\/p>\n<\/div><\/div>\n\n\n\n<h2 class=\"wp-block-heading\" style=\"font-size:18px\">No vestido de noiva, s\u00e3o usados tecidos mais leves e vaporosos, com mangas curtas, de alcinha ou tomara que caia. Decotes e transpar\u00eancias podem estar presentes. Lembrando que: O estilo boho chic \u00e9 a marca da esta\u00e7\u00e3o.<\/h2>\n<\/div><\/div>\n<\/div>\n<\/div>\n<\/div><\/div>\n\n\n\n<p><\/p>\n\n\n\n<figure class=\"wp-block-gallery aligncenter columns-2 is-cropped wp-block-gallery-7 is-layout-flex\"><ul class=\"blocks-gallery-grid\"><li class=\"blocks-gallery-item\"><figure><a href=\"https:\/\/www.ivanabeaumond.com.br\/vestidos-noiva\/wp-content\/uploads\/2022\/09\/WhatsApp-Image-2022-09-06-at-17.24.38-682x1024.jpeg\"><img decoding=\"async\" loading=\"lazy\" width=\"682\" height=\"1024\" src=\"https:\/\/www.ivanabeaumond.com.br\/vestidos-noiva\/wp-content\/uploads\/2022\/09\/WhatsApp-Image-2022-09-06-at-17.24.38-682x1024.jpeg\" alt=\"\" data-id=\"145213\" data-link=\"https:\/\/www.ivanabeaumond.com.br\/vestidos-noiva\/chegou-o-inverno-e-agora\/whatsapp-image-2022-09-06-at-17-24-38\/\" class=\"wp-image-145213\" srcset=\"https:\/\/www.ivanabeaumond.com.br\/vestidos-noiva\/wp-content\/uploads\/2022\/09\/WhatsApp-Image-2022-09-06-at-17.24.38-682x1024.jpeg 682w, https:\/\/www.ivanabeaumond.com.br\/vestidos-noiva\/wp-content\/uploads\/2022\/09\/WhatsApp-Image-2022-09-06-at-17.24.38-200x300.jpeg 200w, https:\/\/www.ivanabeaumond.com.br\/vestidos-noiva\/wp-content\/uploads\/2022\/09\/WhatsApp-Image-2022-09-06-at-17.24.38-768x1153.jpeg 768w, https:\/\/www.ivanabeaumond.com.br\/vestidos-noiva\/wp-content\/uploads\/2022\/09\/WhatsApp-Image-2022-09-06-at-17.24.38-1023x1536.jpeg 1023w, https:\/\/www.ivanabeaumond.com.br\/vestidos-noiva\/wp-content\/uploads\/2022\/09\/WhatsApp-Image-2022-09-06-at-17.24.38.jpeg 1066w\" sizes=\"(max-width: 682px) 100vw, 682px\" \/><\/a><figcaption class=\"blocks-gallery-item__caption\">Transpar\u00eancia<\/figcaption><\/figure><\/li><li class=\"blocks-gallery-item\"><figure><a href=\"https:\/\/www.ivanabeaumond.com.br\/vestidos-noiva\/wp-content\/uploads\/2022\/09\/IMG_7700.jpeg\"><img decoding=\"async\" loading=\"lazy\" width=\"743\" height=\"1024\" src=\"https:\/\/www.ivanabeaumond.com.br\/vestidos-noiva\/wp-content\/uploads\/2022\/09\/IMG_7700-743x1024.jpeg\" alt=\"\" data-id=\"145218\" data-full-url=\"https:\/\/www.ivanabeaumond.com.br\/vestidos-noiva\/wp-content\/uploads\/2022\/09\/IMG_7700.jpeg\" data-link=\"https:\/\/www.ivanabeaumond.com.br\/vestidos-noiva\/chegou-o-inverno-e-agora\/img_7700\/\" class=\"wp-image-145218\" srcset=\"https:\/\/www.ivanabeaumond.com.br\/vestidos-noiva\/wp-content\/uploads\/2022\/09\/IMG_7700-743x1024.jpeg 743w, https:\/\/www.ivanabeaumond.com.br\/vestidos-noiva\/wp-content\/uploads\/2022\/09\/IMG_7700-218x300.jpeg 218w, https:\/\/www.ivanabeaumond.com.br\/vestidos-noiva\/wp-content\/uploads\/2022\/09\/IMG_7700-768x1059.jpeg 768w, https:\/\/www.ivanabeaumond.com.br\/vestidos-noiva\/wp-content\/uploads\/2022\/09\/IMG_7700.jpeg 904w\" sizes=\"(max-width: 743px) 100vw, 743px\" \/><\/a><figcaption class=\"blocks-gallery-item__caption\">Boho chic<\/figcaption><\/figure><\/li><\/ul><\/figure>\n\n\n\n<p><\/p>\n\n\n\n<h2 class=\"wp-block-heading\" style=\"font-size:18px\">Na primavera, por haver a predomin\u00e2ncia das flores, \u00e9 muito comum detalhes de renda e aplica\u00e7\u00f5es 3D com detalhes florais, que remetem ao romantismo. Tons diferentes do branco tamb\u00e9m podem ser uma op\u00e7\u00e3o, como o ivory ou cappuccino.<\/h2>\n\n\n\n<p><\/p>\n\n\n\n<figure class=\"wp-block-gallery aligncenter columns-2 is-cropped wp-block-gallery-9 is-layout-flex\"><ul class=\"blocks-gallery-grid\"><li class=\"blocks-gallery-item\"><figure><a href=\"https:\/\/www.ivanabeaumond.com.br\/vestidos-noiva\/wp-content\/uploads\/2022\/09\/WhatsApp-Image-2022-09-06-at-15.24.41-1-682x1024.jpeg\"><img decoding=\"async\" loading=\"lazy\" width=\"682\" height=\"1024\" src=\"https:\/\/www.ivanabeaumond.com.br\/vestidos-noiva\/wp-content\/uploads\/2022\/09\/WhatsApp-Image-2022-09-06-at-15.24.41-1-682x1024.jpeg\" alt=\"\" data-id=\"145182\" data-link=\"https:\/\/www.ivanabeaumond.com.br\/vestidos-noiva\/chegou-o-inverno-e-agora\/whatsapp-image-2022-09-06-at-15-24-41-1\/\" class=\"wp-image-145182\" srcset=\"https:\/\/www.ivanabeaumond.com.br\/vestidos-noiva\/wp-content\/uploads\/2022\/09\/WhatsApp-Image-2022-09-06-at-15.24.41-1-682x1024.jpeg 682w, https:\/\/www.ivanabeaumond.com.br\/vestidos-noiva\/wp-content\/uploads\/2022\/09\/WhatsApp-Image-2022-09-06-at-15.24.41-1-200x300.jpeg 200w, https:\/\/www.ivanabeaumond.com.br\/vestidos-noiva\/wp-content\/uploads\/2022\/09\/WhatsApp-Image-2022-09-06-at-15.24.41-1-768x1152.jpeg 768w, https:\/\/www.ivanabeaumond.com.br\/vestidos-noiva\/wp-content\/uploads\/2022\/09\/WhatsApp-Image-2022-09-06-at-15.24.41-1.jpeg 853w\" sizes=\"(max-width: 682px) 100vw, 682px\" \/><\/a><figcaption class=\"blocks-gallery-item__caption\">Presen\u00e7a da natureza<\/figcaption><\/figure><\/li><li class=\"blocks-gallery-item\"><figure><a href=\"https:\/\/www.ivanabeaumond.com.br\/vestidos-noiva\/wp-content\/uploads\/2022\/09\/a68cb333-188b-4d60-86b2-f71e93eaa0de-1.jpg\"><img decoding=\"async\" loading=\"lazy\" width=\"683\" height=\"1024\" src=\"https:\/\/www.ivanabeaumond.com.br\/vestidos-noiva\/wp-content\/uploads\/2022\/09\/a68cb333-188b-4d60-86b2-f71e93eaa0de-1.jpg\" alt=\"\" data-id=\"145184\" data-full-url=\"https:\/\/www.ivanabeaumond.com.br\/vestidos-noiva\/wp-content\/uploads\/2022\/09\/a68cb333-188b-4d60-86b2-f71e93eaa0de-1.jpg\" data-link=\"https:\/\/www.ivanabeaumond.com.br\/vestidos-noiva\/chegou-o-inverno-e-agora\/a68cb333-188b-4d60-86b2-f71e93eaa0de-1\/\" class=\"wp-image-145184\" srcset=\"https:\/\/www.ivanabeaumond.com.br\/vestidos-noiva\/wp-content\/uploads\/2022\/09\/a68cb333-188b-4d60-86b2-f71e93eaa0de-1.jpg 683w, https:\/\/www.ivanabeaumond.com.br\/vestidos-noiva\/wp-content\/uploads\/2022\/09\/a68cb333-188b-4d60-86b2-f71e93eaa0de-1-200x300.jpg 200w\" sizes=\"(max-width: 683px) 100vw, 683px\" \/><\/a><figcaption class=\"blocks-gallery-item__caption\">Detalhes florais<\/figcaption><\/figure><\/li><\/ul><\/figure>\n\n\n\n<h1 class=\"has-black-color has-text-color wp-block-heading\" style=\"font-size:18px\"><\/h1>\n\n\n\n<h2 class=\"wp-block-heading\" style=\"font-size:18px\">O traje dos noivos sempre devem estar adaptados a esta\u00e7\u00e3o em que ocorre o casamento, portanto, o casal pode explorar \u00e0 vontade acess\u00f3rios que remetem ao clima.<\/h2>\n\n\n\n<div style=\"height:100px\" aria-hidden=\"true\" class=\"wp-block-spacer\"><\/div>\n","protected":false},"excerpt":{"rendered":"<p>A chegada da primavera \u00e9 contagiante para todos, principalmente para&#8230;<\/p>\n","protected":false},"author":4,"featured_media":145191,"comment_status":"closed","ping_status":"closed","sticky":true,"template":"","format":"standard","meta":[],"categories":[60,127],"tags":[1086,1370,1533,96,434,842,286,164,1534,717,1109],"yoast_head":"<!-- This site is optimized with the Yoast SEO plugin v20.3 - https:\/\/yoast.com\/wordpress\/plugins\/seo\/ -->\n<title>Primavera - o m\u00eas das flores - Vestido de Noiva RJ<\/title>\n<meta name=\"robots\" content=\"index, follow, max-snippet:-1, max-image-preview:large, max-video-preview:-1\" \/>\n<link rel=\"canonical\" href=\"https:\/\/www.ivanabeaumond.com.br\/vestidos-noiva\/primavera-o-mes-das-flores\/\" \/>\n<meta property=\"og:locale\" content=\"pt_BR\" \/>\n<meta property=\"og:type\" content=\"article\" \/>\n<meta property=\"og:title\" content=\"Primavera - o m\u00eas das flores - Vestido de Noiva RJ\" \/>\n<meta property=\"og:description\" content=\"A chegada da primavera \u00e9 contagiante para todos, principalmente para...\" \/>\n<meta property=\"og:url\" content=\"https:\/\/www.ivanabeaumond.com.br\/vestidos-noiva\/primavera-o-mes-das-flores\/\" \/>\n<meta property=\"og:site_name\" content=\"Vestido de Noiva RJ\" \/>\n<meta property=\"article:publisher\" content=\"https:\/\/www.facebook.com\/ivana.beaumondnoivas\" \/>\n<meta property=\"article:published_time\" content=\"2022-06-21T15:00:00+00:00\" \/>\n<meta property=\"article:modified_time\" content=\"2022-09-20T21:51:32+00:00\" \/>\n<meta property=\"og:image\" content=\"https:\/\/www.ivanabeaumond.com.br\/vestidos-noiva\/wp-content\/uploads\/2022\/06\/a68cb333-188b-4d60-86b2-f71e93eaa0de-3-e1663710651148.jpg\" \/>\n\t<meta property=\"og:image:width\" content=\"683\" \/>\n\t<meta property=\"og:image:height\" content=\"952\" \/>\n\t<meta property=\"og:image:type\" content=\"image\/jpeg\" \/>\n<meta name=\"author\" content=\"Ivana Beaumond Paris\" \/>\n<meta name=\"twitter:card\" content=\"summary_large_image\" \/>\n<meta name=\"twitter:label1\" content=\"Escrito por\" \/>\n\t<meta name=\"twitter:data1\" content=\"Ivana Beaumond Paris\" \/>\n\t<meta name=\"twitter:label2\" content=\"Est. tempo de leitura\" \/>\n\t<meta name=\"twitter:data2\" content=\"1 minuto\" \/>\n<script type=\"application\/ld+json\" class=\"yoast-schema-graph\">{\"@context\":\"https:\/\/schema.org\",\"@graph\":[{\"@type\":\"Article\",\"@id\":\"https:\/\/www.ivanabeaumond.com.br\/vestidos-noiva\/primavera-o-mes-das-flores\/#article\",\"isPartOf\":{\"@id\":\"https:\/\/www.ivanabeaumond.com.br\/vestidos-noiva\/primavera-o-mes-das-flores\/\"},\"author\":{\"name\":\"Ivana Beaumond Paris\",\"@id\":\"https:\/\/www.ivanabeaumond.com.br\/vestidos-noiva\/#\/schema\/person\/1a360c4cffa3b806d29a456389dcff26\"},\"headline\":\"Primavera &#8211; o m\u00eas das flores\",\"datePublished\":\"2022-06-21T15:00:00+00:00\",\"dateModified\":\"2022-09-20T21:51:32+00:00\",\"mainEntityOfPage\":{\"@id\":\"https:\/\/www.ivanabeaumond.com.br\/vestidos-noiva\/primavera-o-mes-das-flores\/\"},\"wordCount\":234,\"publisher\":{\"@id\":\"https:\/\/www.ivanabeaumond.com.br\/vestidos-noiva\/#organization\"},\"keywords\":[\"aluguel de vestido de noiva rj\",\"alugueldevestido\",\"blog Ivana Beaumond\",\"casamento\",\"dicas\",\"dicas de noiva\",\"ivana beaumond\",\"noivas\",\"Primavera\",\"tend\u00eancias\",\"tend\u00eancias vestidos de noiva\"],\"articleSection\":[\"Blog\",\"Dicas e Truques\"],\"inLanguage\":\"pt-BR\"},{\"@type\":\"WebPage\",\"@id\":\"https:\/\/www.ivanabeaumond.com.br\/vestidos-noiva\/primavera-o-mes-das-flores\/\",\"url\":\"https:\/\/www.ivanabeaumond.com.br\/vestidos-noiva\/primavera-o-mes-das-flores\/\",\"name\":\"Primavera - o m\u00eas das flores - Vestido de Noiva RJ\",\"isPartOf\":{\"@id\":\"https:\/\/www.ivanabeaumond.com.br\/vestidos-noiva\/#website\"},\"datePublished\":\"2022-06-21T15:00:00+00:00\",\"dateModified\":\"2022-09-20T21:51:32+00:00\",\"breadcrumb\":{\"@id\":\"https:\/\/www.ivanabeaumond.com.br\/vestidos-noiva\/primavera-o-mes-das-flores\/#breadcrumb\"},\"inLanguage\":\"pt-BR\",\"potentialAction\":[{\"@type\":\"ReadAction\",\"target\":[\"https:\/\/www.ivanabeaumond.com.br\/vestidos-noiva\/primavera-o-mes-das-flores\/\"]}]},{\"@type\":\"BreadcrumbList\",\"@id\":\"https:\/\/www.ivanabeaumond.com.br\/vestidos-noiva\/primavera-o-mes-das-flores\/#breadcrumb\",\"itemListElement\":[{\"@type\":\"ListItem\",\"position\":1,\"name\":\"In\u00edcio\",\"item\":\"https:\/\/www.ivanabeaumond.com.br\/vestidos-noiva\/\"},{\"@type\":\"ListItem\",\"position\":2,\"name\":\"Primavera &#8211; o m\u00eas das flores\"}]},{\"@type\":\"WebSite\",\"@id\":\"https:\/\/www.ivanabeaumond.com.br\/vestidos-noiva\/#website\",\"url\":\"https:\/\/www.ivanabeaumond.com.br\/vestidos-noiva\/\",\"name\":\"Vestido de Noiva RJ\",\"description\":\"Moda Noiva\",\"publisher\":{\"@id\":\"https:\/\/www.ivanabeaumond.com.br\/vestidos-noiva\/#organization\"},\"potentialAction\":[{\"@type\":\"SearchAction\",\"target\":{\"@type\":\"EntryPoint\",\"urlTemplate\":\"https:\/\/www.ivanabeaumond.com.br\/vestidos-noiva\/?s={search_term_string}\"},\"query-input\":\"required name=search_term_string\"}],\"inLanguage\":\"pt-BR\"},{\"@type\":\"Organization\",\"@id\":\"https:\/\/www.ivanabeaumond.com.br\/vestidos-noiva\/#organization\",\"name\":\"Vestido de Noiva RJ\",\"url\":\"https:\/\/www.ivanabeaumond.com.br\/vestidos-noiva\/\",\"logo\":{\"@type\":\"ImageObject\",\"inLanguage\":\"pt-BR\",\"@id\":\"https:\/\/www.ivanabeaumond.com.br\/vestidos-noiva\/#\/schema\/logo\/image\/\",\"url\":\"https:\/\/www.ivanabeaumond.com.br\/vestidos-noiva\/wp-content\/uploads\/2018\/02\/logo_ivana_beaumond-2.png\",\"contentUrl\":\"https:\/\/www.ivanabeaumond.com.br\/vestidos-noiva\/wp-content\/uploads\/2018\/02\/logo_ivana_beaumond-2.png\",\"width\":230,\"height\":112,\"caption\":\"Vestido de Noiva RJ\"},\"image\":{\"@id\":\"https:\/\/www.ivanabeaumond.com.br\/vestidos-noiva\/#\/schema\/logo\/image\/\"},\"sameAs\":[\"https:\/\/www.facebook.com\/ivana.beaumondnoivas\",\"https:\/\/www.instagram.com\/ivanabeaumond\/\",\"https:\/\/www.tiktok.com\/@ivanabeaumond\"]},{\"@type\":\"Person\",\"@id\":\"https:\/\/www.ivanabeaumond.com.br\/vestidos-noiva\/#\/schema\/person\/1a360c4cffa3b806d29a456389dcff26\",\"name\":\"Ivana Beaumond Paris\",\"image\":{\"@type\":\"ImageObject\",\"inLanguage\":\"pt-BR\",\"@id\":\"https:\/\/www.ivanabeaumond.com.br\/vestidos-noiva\/#\/schema\/person\/image\/\",\"url\":\"https:\/\/secure.gravatar.com\/avatar\/641f98db20b53ec937ceb641db4270b9?s=96&d=mm&r=g\",\"contentUrl\":\"https:\/\/secure.gravatar.com\/avatar\/641f98db20b53ec937ceb641db4270b9?s=96&d=mm&r=g\",\"caption\":\"Ivana Beaumond Paris\"},\"url\":\"https:\/\/www.ivanabeaumond.com.br\/vestidos-noiva\/author\/ivana\/\"}]}<\/script>\n<!-- \/ Yoast SEO plugin. -->","yoast_head_json":{"title":"Primavera - o m\u00eas das flores - Vestido de Noiva RJ","robots":{"index":"index","follow":"follow","max-snippet":"max-snippet:-1","max-image-preview":"max-image-preview:large","max-video-preview":"max-video-preview:-1"},"canonical":"https:\/\/www.ivanabeaumond.com.br\/vestidos-noiva\/primavera-o-mes-das-flores\/","og_locale":"pt_BR","og_type":"article","og_title":"Primavera - o m\u00eas das flores - Vestido de Noiva RJ","og_description":"A chegada da primavera \u00e9 contagiante para todos, principalmente para...","og_url":"https:\/\/www.ivanabeaumond.com.br\/vestidos-noiva\/primavera-o-mes-das-flores\/","og_site_name":"Vestido de Noiva RJ","article_publisher":"https:\/\/www.facebook.com\/ivana.beaumondnoivas","article_published_time":"2022-06-21T15:00:00+00:00","article_modified_time":"2022-09-20T21:51:32+00:00","og_image":[{"width":683,"height":952,"url":"https:\/\/www.ivanabeaumond.com.br\/vestidos-noiva\/wp-content\/uploads\/2022\/06\/a68cb333-188b-4d60-86b2-f71e93eaa0de-3-e1663710651148.jpg","type":"image\/jpeg"}],"author":"Ivana Beaumond Paris","twitter_card":"summary_large_image","twitter_misc":{"Escrito por":"Ivana Beaumond Paris","Est. tempo de leitura":"1 minuto"},"schema":{"@context":"https:\/\/schema.org","@graph":[{"@type":"Article","@id":"https:\/\/www.ivanabeaumond.com.br\/vestidos-noiva\/primavera-o-mes-das-flores\/#article","isPartOf":{"@id":"https:\/\/www.ivanabeaumond.com.br\/vestidos-noiva\/primavera-o-mes-das-flores\/"},"author":{"name":"Ivana Beaumond Paris","@id":"https:\/\/www.ivanabeaumond.com.br\/vestidos-noiva\/#\/schema\/person\/1a360c4cffa3b806d29a456389dcff26"},"headline":"Primavera &#8211; o m\u00eas das flores","datePublished":"2022-06-21T15:00:00+00:00","dateModified":"2022-09-20T21:51:32+00:00","mainEntityOfPage":{"@id":"https:\/\/www.ivanabeaumond.com.br\/vestidos-noiva\/primavera-o-mes-das-flores\/"},"wordCount":234,"publisher":{"@id":"https:\/\/www.ivanabeaumond.com.br\/vestidos-noiva\/#organization"},"keywords":["aluguel de vestido de noiva rj","alugueldevestido","blog Ivana Beaumond","casamento","dicas","dicas de noiva","ivana beaumond","noivas","Primavera","tend\u00eancias","tend\u00eancias vestidos de noiva"],"articleSection":["Blog","Dicas e Truques"],"inLanguage":"pt-BR"},{"@type":"WebPage","@id":"https:\/\/www.ivanabeaumond.com.br\/vestidos-noiva\/primavera-o-mes-das-flores\/","url":"https:\/\/www.ivanabeaumond.com.br\/vestidos-noiva\/primavera-o-mes-das-flores\/","name":"Primavera - o m\u00eas das flores - Vestido de Noiva RJ","isPartOf":{"@id":"https:\/\/www.ivanabeaumond.com.br\/vestidos-noiva\/#website"},"datePublished":"2022-06-21T15:00:00+00:00","dateModified":"2022-09-20T21:51:32+00:00","breadcrumb":{"@id":"https:\/\/www.ivanabeaumond.com.br\/vestidos-noiva\/primavera-o-mes-das-flores\/#breadcrumb"},"inLanguage":"pt-BR","potentialAction":[{"@type":"ReadAction","target":["https:\/\/www.ivanabeaumond.com.br\/vestidos-noiva\/primavera-o-mes-das-flores\/"]}]},{"@type":"BreadcrumbList","@id":"https:\/\/www.ivanabeaumond.com.br\/vestidos-noiva\/primavera-o-mes-das-flores\/#breadcrumb","itemListElement":[{"@type":"ListItem","position":1,"name":"In\u00edcio","item":"https:\/\/www.ivanabeaumond.com.br\/vestidos-noiva\/"},{"@type":"ListItem","position":2,"name":"Primavera &#8211; o m\u00eas das flores"}]},{"@type":"WebSite","@id":"https:\/\/www.ivanabeaumond.com.br\/vestidos-noiva\/#website","url":"https:\/\/www.ivanabeaumond.com.br\/vestidos-noiva\/","name":"Vestido de Noiva RJ","description":"Moda Noiva","publisher":{"@id":"https:\/\/www.ivanabeaumond.com.br\/vestidos-noiva\/#organization"},"potentialAction":[{"@type":"SearchAction","target":{"@type":"EntryPoint","urlTemplate":"https:\/\/www.ivanabeaumond.com.br\/vestidos-noiva\/?s={search_term_string}"},"query-input":"required name=search_term_string"}],"inLanguage":"pt-BR"},{"@type":"Organization","@id":"https:\/\/www.ivanabeaumond.com.br\/vestidos-noiva\/#organization","name":"Vestido de Noiva RJ","url":"https:\/\/www.ivanabeaumond.com.br\/vestidos-noiva\/","logo":{"@type":"ImageObject","inLanguage":"pt-BR","@id":"https:\/\/www.ivanabeaumond.com.br\/vestidos-noiva\/#\/schema\/logo\/image\/","url":"https:\/\/www.ivanabeaumond.com.br\/vestidos-noiva\/wp-content\/uploads\/2018\/02\/logo_ivana_beaumond-2.png","contentUrl":"https:\/\/www.ivanabeaumond.com.br\/vestidos-noiva\/wp-content\/uploads\/2018\/02\/logo_ivana_beaumond-2.png","width":230,"height":112,"caption":"Vestido de Noiva RJ"},"image":{"@id":"https:\/\/www.ivanabeaumond.com.br\/vestidos-noiva\/#\/schema\/logo\/image\/"},"sameAs":["https:\/\/www.facebook.com\/ivana.beaumondnoivas","https:\/\/www.instagram.com\/ivanabeaumond\/","https:\/\/www.tiktok.com\/@ivanabeaumond"]},{"@type":"Person","@id":"https:\/\/www.ivanabeaumond.com.br\/vestidos-noiva\/#\/schema\/person\/1a360c4cffa3b806d29a456389dcff26","name":"Ivana Beaumond Paris","image":{"@type":"ImageObject","inLanguage":"pt-BR","@id":"https:\/\/www.ivanabeaumond.com.br\/vestidos-noiva\/#\/schema\/person\/image\/","url":"https:\/\/secure.gravatar.com\/avatar\/641f98db20b53ec937ceb641db4270b9?s=96&d=mm&r=g","contentUrl":"https:\/\/secure.gravatar.com\/avatar\/641f98db20b53ec937ceb641db4270b9?s=96&d=mm&r=g","caption":"Ivana Beaumond Paris"},"url":"https:\/\/www.ivanabeaumond.com.br\/vestidos-noiva\/author\/ivana\/"}]}},"_links":{"self":[{"href":"https:\/\/www.ivanabeaumond.com.br\/vestidos-noiva\/wp-json\/wp\/v2\/posts\/145016"}],"collection":[{"href":"https:\/\/www.ivanabeaumond.com.br\/vestidos-noiva\/wp-json\/wp\/v2\/posts"}],"about":[{"href":"https:\/\/www.ivanabeaumond.com.br\/vestidos-noiva\/wp-json\/wp\/v2\/types\/post"}],"author":[{"embeddable":true,"href":"https:\/\/www.ivanabeaumond.com.br\/vestidos-noiva\/wp-json\/wp\/v2\/users\/4"}],"replies":[{"embeddable":true,"href":"https:\/\/www.ivanabeaumond.com.br\/vestidos-noiva\/wp-json\/wp\/v2\/comments?post=145016"}],"version-history":[{"count":25,"href":"https:\/\/www.ivanabeaumond.com.br\/vestidos-noiva\/wp-json\/wp\/v2\/posts\/145016\/revisions"}],"predecessor-version":[{"id":145219,"href":"https:\/\/www.ivanabeaumond.com.br\/vestidos-noiva\/wp-json\/wp\/v2\/posts\/145016\/revisions\/145219"}],"wp:featuredmedia":[{"embeddable":true,"href":"https:\/\/www.ivanabeaumond.com.br\/vestidos-noiva\/wp-json\/wp\/v2\/media\/145191"}],"wp:attachment":[{"href":"https:\/\/www.ivanabeaumond.com.br\/vestidos-noiva\/wp-json\/wp\/v2\/media?parent=145016"}],"wp:term":[{"taxonomy":"category","embeddable":true,"href":"https:\/\/www.ivanabeaumond.com.br\/vestidos-noiva\/wp-json\/wp\/v2\/categories?post=145016"},{"taxonomy":"post_tag","embeddable":true,"href":"https:\/\/www.ivanabeaumond.com.br\/vestidos-noiva\/wp-json\/wp\/v2\/tags?post=145016"}],"curies":[{"name":"wp","href":"https:\/\/api.w.org\/{rel}","templated":true}]}}