{"id":145532,"date":"2022-11-16T16:06:06","date_gmt":"2022-11-16T19:06:06","guid":{"rendered":"https:\/\/www.ivanabeaumond.com.br\/vestidos-noiva\/?p=145532"},"modified":"2022-12-01T13:30:54","modified_gmt":"2022-12-01T16:30:54","slug":"baile-de-inverno-gio-neves","status":"publish","type":"post","link":"https:\/\/www.ivanabeaumond.com.br\/vestidos-noiva\/baile-de-inverno-gio-neves\/","title":{"rendered":"Baile de inverno &#8211; Gio Neves"},"content":{"rendered":"\n<h2 class=\"wp-block-heading\" style=\"font-size:18px\">Para comemorar seus 15 anos, Giovanna optou por fazer um baile de inverno. Tema que reuniu beleza, requinte e sofistica\u00e7\u00e3o<\/h2>\n\n\n\n<h2 class=\"wp-block-heading\" style=\"font-size:18px\">Para estrelar neste grande dia, ela escolheu dois trajes. Sendo o primeiro na cor branca com detalhes prateados em 3d, que faz alus\u00e3o \u00e0 neve. O segundo foi um vestido mais leve, todo trabalhado com paet\u00eas prateado dando muita eleg\u00e2ncia \u00e0 aniversariante.<\/h2>\n\n\n\n<div class=\"wp-block-columns is-layout-flex wp-container-3\">\n<div class=\"wp-block-column is-layout-flow\">\n<figure class=\"wp-block-image size-large\"><a href=\"https:\/\/www.ivanabeaumond.com.br\/vestidos-noiva\/wp-content\/uploads\/2022\/11\/image-11C6DDC1-486A-4396-BCBF-D541B2252F0B.jpg\"><img decoding=\"async\" loading=\"lazy\" width=\"1080\" height=\"1078\" src=\"https:\/\/www.ivanabeaumond.com.br\/vestidos-noiva\/wp-content\/uploads\/2022\/11\/image-11C6DDC1-486A-4396-BCBF-D541B2252F0B-edited.jpg\" alt=\"\" class=\"wp-image-145535\" srcset=\"https:\/\/www.ivanabeaumond.com.br\/vestidos-noiva\/wp-content\/uploads\/2022\/11\/image-11C6DDC1-486A-4396-BCBF-D541B2252F0B-edited.jpg 1080w, https:\/\/www.ivanabeaumond.com.br\/vestidos-noiva\/wp-content\/uploads\/2022\/11\/image-11C6DDC1-486A-4396-BCBF-D541B2252F0B-edited-300x300.jpg 300w, https:\/\/www.ivanabeaumond.com.br\/vestidos-noiva\/wp-content\/uploads\/2022\/11\/image-11C6DDC1-486A-4396-BCBF-D541B2252F0B-edited-1024x1022.jpg 1024w, https:\/\/www.ivanabeaumond.com.br\/vestidos-noiva\/wp-content\/uploads\/2022\/11\/image-11C6DDC1-486A-4396-BCBF-D541B2252F0B-edited-150x150.jpg 150w, https:\/\/www.ivanabeaumond.com.br\/vestidos-noiva\/wp-content\/uploads\/2022\/11\/image-11C6DDC1-486A-4396-BCBF-D541B2252F0B-edited-768x767.jpg 768w, https:\/\/www.ivanabeaumond.com.br\/vestidos-noiva\/wp-content\/uploads\/2022\/11\/image-11C6DDC1-486A-4396-BCBF-D541B2252F0B-edited-520x520.jpg 520w\" sizes=\"(max-width: 1080px) 100vw, 1080px\" \/><\/a><\/figure>\n<\/div>\n\n\n\n<div class=\"wp-block-column is-layout-flow\">\n<figure class=\"wp-block-image size-large\"><a href=\"https:\/\/www.ivanabeaumond.com.br\/vestidos-noiva\/wp-content\/uploads\/2022\/11\/image-42E44AED-8FD6-4F85-BF41-A7D31EC96671.jpg\"><img decoding=\"async\" loading=\"lazy\" width=\"1024\" height=\"1024\" src=\"https:\/\/www.ivanabeaumond.com.br\/vestidos-noiva\/wp-content\/uploads\/2022\/11\/image-42E44AED-8FD6-4F85-BF41-A7D31EC96671-1024x1024.jpg\" alt=\"\" class=\"wp-image-145534\" srcset=\"https:\/\/www.ivanabeaumond.com.br\/vestidos-noiva\/wp-content\/uploads\/2022\/11\/image-42E44AED-8FD6-4F85-BF41-A7D31EC96671-1024x1024.jpg 1024w, https:\/\/www.ivanabeaumond.com.br\/vestidos-noiva\/wp-content\/uploads\/2022\/11\/image-42E44AED-8FD6-4F85-BF41-A7D31EC96671-300x300.jpg 300w, https:\/\/www.ivanabeaumond.com.br\/vestidos-noiva\/wp-content\/uploads\/2022\/11\/image-42E44AED-8FD6-4F85-BF41-A7D31EC96671-150x150.jpg 150w, https:\/\/www.ivanabeaumond.com.br\/vestidos-noiva\/wp-content\/uploads\/2022\/11\/image-42E44AED-8FD6-4F85-BF41-A7D31EC96671-768x768.jpg 768w, https:\/\/www.ivanabeaumond.com.br\/vestidos-noiva\/wp-content\/uploads\/2022\/11\/image-42E44AED-8FD6-4F85-BF41-A7D31EC96671-520x520.jpg 520w, https:\/\/www.ivanabeaumond.com.br\/vestidos-noiva\/wp-content\/uploads\/2022\/11\/image-42E44AED-8FD6-4F85-BF41-A7D31EC96671.jpg 1080w\" sizes=\"(max-width: 1024px) 100vw, 1024px\" \/><\/a><\/figure>\n<\/div>\n<\/div>\n\n\n\n<div class=\"wp-block-columns are-vertically-aligned-center is-layout-flex wp-container-6\">\n<div class=\"wp-block-column is-vertically-aligned-center is-layout-flow\">\n<figure class=\"wp-block-image size-large\"><a href=\"https:\/\/www.ivanabeaumond.com.br\/vestidos-noiva\/wp-content\/uploads\/2022\/11\/IMG-0320-scaled.jpg\"><img decoding=\"async\" loading=\"lazy\" width=\"2160\" height=\"2157\" src=\"https:\/\/www.ivanabeaumond.com.br\/vestidos-noiva\/wp-content\/uploads\/2022\/11\/IMG-0320-edited.jpg\" alt=\"\" class=\"wp-image-145538\" srcset=\"https:\/\/www.ivanabeaumond.com.br\/vestidos-noiva\/wp-content\/uploads\/2022\/11\/IMG-0320-edited.jpg 2160w, https:\/\/www.ivanabeaumond.com.br\/vestidos-noiva\/wp-content\/uploads\/2022\/11\/IMG-0320-edited-300x300.jpg 300w, https:\/\/www.ivanabeaumond.com.br\/vestidos-noiva\/wp-content\/uploads\/2022\/11\/IMG-0320-edited-1024x1024.jpg 1024w, https:\/\/www.ivanabeaumond.com.br\/vestidos-noiva\/wp-content\/uploads\/2022\/11\/IMG-0320-edited-150x150.jpg 150w, https:\/\/www.ivanabeaumond.com.br\/vestidos-noiva\/wp-content\/uploads\/2022\/11\/IMG-0320-edited-768x767.jpg 768w, https:\/\/www.ivanabeaumond.com.br\/vestidos-noiva\/wp-content\/uploads\/2022\/11\/IMG-0320-edited-1536x1534.jpg 1536w, https:\/\/www.ivanabeaumond.com.br\/vestidos-noiva\/wp-content\/uploads\/2022\/11\/IMG-0320-edited-2048x2045.jpg 2048w, https:\/\/www.ivanabeaumond.com.br\/vestidos-noiva\/wp-content\/uploads\/2022\/11\/IMG-0320-edited-520x520.jpg 520w\" sizes=\"(max-width: 2160px) 100vw, 2160px\" \/><\/a><\/figure>\n<\/div>\n\n\n\n<div class=\"wp-block-column is-vertically-aligned-center is-layout-flow\">\n<figure class=\"wp-block-image size-large\"><a href=\"https:\/\/www.ivanabeaumond.com.br\/vestidos-noiva\/wp-content\/uploads\/2022\/11\/image-3F8B8888-A60F-44D1-89C2-BF2B0CCE9933.jpg\"><img decoding=\"async\" loading=\"lazy\" width=\"1024\" height=\"1024\" src=\"https:\/\/www.ivanabeaumond.com.br\/vestidos-noiva\/wp-content\/uploads\/2022\/11\/image-3F8B8888-A60F-44D1-89C2-BF2B0CCE9933-1024x1024.jpg\" alt=\"\" class=\"wp-image-145537\" srcset=\"https:\/\/www.ivanabeaumond.com.br\/vestidos-noiva\/wp-content\/uploads\/2022\/11\/image-3F8B8888-A60F-44D1-89C2-BF2B0CCE9933-1024x1024.jpg 1024w, https:\/\/www.ivanabeaumond.com.br\/vestidos-noiva\/wp-content\/uploads\/2022\/11\/image-3F8B8888-A60F-44D1-89C2-BF2B0CCE9933-300x300.jpg 300w, https:\/\/www.ivanabeaumond.com.br\/vestidos-noiva\/wp-content\/uploads\/2022\/11\/image-3F8B8888-A60F-44D1-89C2-BF2B0CCE9933-150x150.jpg 150w, https:\/\/www.ivanabeaumond.com.br\/vestidos-noiva\/wp-content\/uploads\/2022\/11\/image-3F8B8888-A60F-44D1-89C2-BF2B0CCE9933-768x768.jpg 768w, https:\/\/www.ivanabeaumond.com.br\/vestidos-noiva\/wp-content\/uploads\/2022\/11\/image-3F8B8888-A60F-44D1-89C2-BF2B0CCE9933-520x520.jpg 520w, https:\/\/www.ivanabeaumond.com.br\/vestidos-noiva\/wp-content\/uploads\/2022\/11\/image-3F8B8888-A60F-44D1-89C2-BF2B0CCE9933.jpg 1080w\" sizes=\"(max-width: 1024px) 100vw, 1024px\" \/><\/a><\/figure>\n<\/div>\n<\/div>\n\n\n\n<h2 class=\"wp-block-heading\" style=\"font-size:18px\">Para fazer refer\u00eancia ao \u00e0 neve e ao inverno, predominou a paleta de cores frias como o azul, cinza e branco.<\/h2>\n\n\n\n<div class=\"wp-block-columns are-vertically-aligned-center is-layout-flex wp-container-9\">\n<div class=\"wp-block-column is-vertically-aligned-center is-layout-flow\">\n<figure class=\"wp-block-image size-large\"><a href=\"https:\/\/www.ivanabeaumond.com.br\/vestidos-noiva\/wp-content\/uploads\/2022\/11\/image-5BDDDE55-2FFE-45DE-9158-5296A133F634.jpg\"><img decoding=\"async\" loading=\"lazy\" width=\"1024\" height=\"1024\" src=\"https:\/\/www.ivanabeaumond.com.br\/vestidos-noiva\/wp-content\/uploads\/2022\/11\/image-5BDDDE55-2FFE-45DE-9158-5296A133F634-1024x1024.jpg\" alt=\"\" class=\"wp-image-145539\" srcset=\"https:\/\/www.ivanabeaumond.com.br\/vestidos-noiva\/wp-content\/uploads\/2022\/11\/image-5BDDDE55-2FFE-45DE-9158-5296A133F634-1024x1024.jpg 1024w, https:\/\/www.ivanabeaumond.com.br\/vestidos-noiva\/wp-content\/uploads\/2022\/11\/image-5BDDDE55-2FFE-45DE-9158-5296A133F634-300x300.jpg 300w, https:\/\/www.ivanabeaumond.com.br\/vestidos-noiva\/wp-content\/uploads\/2022\/11\/image-5BDDDE55-2FFE-45DE-9158-5296A133F634-150x150.jpg 150w, https:\/\/www.ivanabeaumond.com.br\/vestidos-noiva\/wp-content\/uploads\/2022\/11\/image-5BDDDE55-2FFE-45DE-9158-5296A133F634-768x768.jpg 768w, https:\/\/www.ivanabeaumond.com.br\/vestidos-noiva\/wp-content\/uploads\/2022\/11\/image-5BDDDE55-2FFE-45DE-9158-5296A133F634-520x520.jpg 520w, https:\/\/www.ivanabeaumond.com.br\/vestidos-noiva\/wp-content\/uploads\/2022\/11\/image-5BDDDE55-2FFE-45DE-9158-5296A133F634.jpg 1080w\" sizes=\"(max-width: 1024px) 100vw, 1024px\" \/><\/a><\/figure>\n<\/div>\n\n\n\n<div class=\"wp-block-column is-vertically-aligned-center is-layout-flow\">\n<figure class=\"wp-block-image size-large\"><a href=\"https:\/\/www.ivanabeaumond.com.br\/vestidos-noiva\/wp-content\/uploads\/2022\/11\/image-C328D289-F64F-4159-9678-F263CE45B09E.jpg\"><img decoding=\"async\" loading=\"lazy\" width=\"1024\" height=\"1024\" src=\"https:\/\/www.ivanabeaumond.com.br\/vestidos-noiva\/wp-content\/uploads\/2022\/11\/image-C328D289-F64F-4159-9678-F263CE45B09E-1024x1024.jpg\" alt=\"\" class=\"wp-image-145540\" srcset=\"https:\/\/www.ivanabeaumond.com.br\/vestidos-noiva\/wp-content\/uploads\/2022\/11\/image-C328D289-F64F-4159-9678-F263CE45B09E-1024x1024.jpg 1024w, https:\/\/www.ivanabeaumond.com.br\/vestidos-noiva\/wp-content\/uploads\/2022\/11\/image-C328D289-F64F-4159-9678-F263CE45B09E-300x300.jpg 300w, https:\/\/www.ivanabeaumond.com.br\/vestidos-noiva\/wp-content\/uploads\/2022\/11\/image-C328D289-F64F-4159-9678-F263CE45B09E-150x150.jpg 150w, https:\/\/www.ivanabeaumond.com.br\/vestidos-noiva\/wp-content\/uploads\/2022\/11\/image-C328D289-F64F-4159-9678-F263CE45B09E-768x768.jpg 768w, https:\/\/www.ivanabeaumond.com.br\/vestidos-noiva\/wp-content\/uploads\/2022\/11\/image-C328D289-F64F-4159-9678-F263CE45B09E-520x520.jpg 520w, https:\/\/www.ivanabeaumond.com.br\/vestidos-noiva\/wp-content\/uploads\/2022\/11\/image-C328D289-F64F-4159-9678-F263CE45B09E.jpg 1080w\" sizes=\"(max-width: 1024px) 100vw, 1024px\" \/><\/a><\/figure>\n<\/div>\n<\/div>\n\n\n\n<div class=\"wp-block-columns are-vertically-aligned-center is-layout-flex wp-container-12\">\n<div class=\"wp-block-column is-vertically-aligned-center is-layout-flow\">\n<figure class=\"wp-block-image size-large\"><a href=\"https:\/\/www.ivanabeaumond.com.br\/vestidos-noiva\/wp-content\/uploads\/2022\/11\/image-0A19E08A-866E-4780-B905-111C873A95CF.jpg\"><img decoding=\"async\" loading=\"lazy\" width=\"1024\" height=\"1024\" src=\"https:\/\/www.ivanabeaumond.com.br\/vestidos-noiva\/wp-content\/uploads\/2022\/11\/image-0A19E08A-866E-4780-B905-111C873A95CF-1024x1024.jpg\" alt=\"\" class=\"wp-image-145541\" srcset=\"https:\/\/www.ivanabeaumond.com.br\/vestidos-noiva\/wp-content\/uploads\/2022\/11\/image-0A19E08A-866E-4780-B905-111C873A95CF-1024x1024.jpg 1024w, https:\/\/www.ivanabeaumond.com.br\/vestidos-noiva\/wp-content\/uploads\/2022\/11\/image-0A19E08A-866E-4780-B905-111C873A95CF-300x300.jpg 300w, https:\/\/www.ivanabeaumond.com.br\/vestidos-noiva\/wp-content\/uploads\/2022\/11\/image-0A19E08A-866E-4780-B905-111C873A95CF-150x150.jpg 150w, https:\/\/www.ivanabeaumond.com.br\/vestidos-noiva\/wp-content\/uploads\/2022\/11\/image-0A19E08A-866E-4780-B905-111C873A95CF-768x768.jpg 768w, https:\/\/www.ivanabeaumond.com.br\/vestidos-noiva\/wp-content\/uploads\/2022\/11\/image-0A19E08A-866E-4780-B905-111C873A95CF-520x520.jpg 520w, https:\/\/www.ivanabeaumond.com.br\/vestidos-noiva\/wp-content\/uploads\/2022\/11\/image-0A19E08A-866E-4780-B905-111C873A95CF.jpg 1080w\" sizes=\"(max-width: 1024px) 100vw, 1024px\" \/><\/a><\/figure>\n<\/div>\n\n\n\n<div class=\"wp-block-column is-vertically-aligned-center is-layout-flow\">\n<figure class=\"wp-block-image size-large\"><a href=\"https:\/\/www.ivanabeaumond.com.br\/vestidos-noiva\/wp-content\/uploads\/2022\/11\/image-337C1502-D24A-414D-A118-488D51C88622.jpg\"><img decoding=\"async\" loading=\"lazy\" width=\"1024\" height=\"1024\" src=\"https:\/\/www.ivanabeaumond.com.br\/vestidos-noiva\/wp-content\/uploads\/2022\/11\/image-337C1502-D24A-414D-A118-488D51C88622-1024x1024.jpg\" alt=\"\" class=\"wp-image-145542\" srcset=\"https:\/\/www.ivanabeaumond.com.br\/vestidos-noiva\/wp-content\/uploads\/2022\/11\/image-337C1502-D24A-414D-A118-488D51C88622-1024x1024.jpg 1024w, https:\/\/www.ivanabeaumond.com.br\/vestidos-noiva\/wp-content\/uploads\/2022\/11\/image-337C1502-D24A-414D-A118-488D51C88622-300x300.jpg 300w, https:\/\/www.ivanabeaumond.com.br\/vestidos-noiva\/wp-content\/uploads\/2022\/11\/image-337C1502-D24A-414D-A118-488D51C88622-150x150.jpg 150w, https:\/\/www.ivanabeaumond.com.br\/vestidos-noiva\/wp-content\/uploads\/2022\/11\/image-337C1502-D24A-414D-A118-488D51C88622-768x768.jpg 768w, https:\/\/www.ivanabeaumond.com.br\/vestidos-noiva\/wp-content\/uploads\/2022\/11\/image-337C1502-D24A-414D-A118-488D51C88622-520x520.jpg 520w, https:\/\/www.ivanabeaumond.com.br\/vestidos-noiva\/wp-content\/uploads\/2022\/11\/image-337C1502-D24A-414D-A118-488D51C88622.jpg 1080w\" sizes=\"(max-width: 1024px) 100vw, 1024px\" \/><\/a><\/figure>\n<\/div>\n<\/div>\n\n\n\n<div class=\"wp-block-columns is-layout-flex wp-container-14\">\n<div class=\"wp-block-column is-vertically-aligned-center is-layout-flow\">\n<div class=\"wp-block-image\"><figure class=\"aligncenter size-large\"><a href=\"https:\/\/www.ivanabeaumond.com.br\/vestidos-noiva\/wp-content\/uploads\/2022\/11\/image-25D2D719-FFDB-42AA-A731-AD7A58BB9426.jpg\"><img decoding=\"async\" loading=\"lazy\" width=\"778\" height=\"972\" src=\"https:\/\/www.ivanabeaumond.com.br\/vestidos-noiva\/wp-content\/uploads\/2022\/11\/image-25D2D719-FFDB-42AA-A731-AD7A58BB9426.jpg\" alt=\"\" class=\"wp-image-145543\" srcset=\"https:\/\/www.ivanabeaumond.com.br\/vestidos-noiva\/wp-content\/uploads\/2022\/11\/image-25D2D719-FFDB-42AA-A731-AD7A58BB9426.jpg 778w, https:\/\/www.ivanabeaumond.com.br\/vestidos-noiva\/wp-content\/uploads\/2022\/11\/image-25D2D719-FFDB-42AA-A731-AD7A58BB9426-240x300.jpg 240w, https:\/\/www.ivanabeaumond.com.br\/vestidos-noiva\/wp-content\/uploads\/2022\/11\/image-25D2D719-FFDB-42AA-A731-AD7A58BB9426-768x960.jpg 768w\" sizes=\"(max-width: 778px) 100vw, 778px\" \/><\/a><\/figure><\/div>\n<\/div>\n<\/div>\n\n\n\n<p><\/p>\n\n\n\n<div class=\"wp-block-columns is-layout-flex wp-container-16\">\n<div class=\"wp-block-column is-layout-flow\">\n<h2 class=\"wp-block-heading\" style=\"font-size:18px\">Ficha T\u00e9cnica:<\/h2>\n\n\n\n<h2 class=\"wp-block-heading\" style=\"font-size:18px\">Fot\u00f3grafo: Diogodubem<\/h2>\n\n\n\n<h2 class=\"wp-block-heading\" style=\"font-size:18px\">Cerimonial: nilzamoraes_eventos<\/h2>\n\n\n\n<h2 class=\"wp-block-heading\" style=\"font-size:18px\">Local: espa\u00e7ozurique<\/h2>\n\n\n\n<p><\/p>\n<\/div>\n<\/div>\n","protected":false},"excerpt":{"rendered":"<p>Para comemorar seus 15 anos, Giovanna optou por fazer um&#8230;<\/p>\n","protected":false},"author":4,"featured_media":145534,"comment_status":"closed","ping_status":"closed","sticky":false,"template":"","format":"standard","meta":[],"categories":[60,129],"tags":[172,144,1547,229,149,143],"yoast_head":"<!-- This site is optimized with the Yoast SEO plugin v20.3 - https:\/\/yoast.com\/wordpress\/plugins\/seo\/ -->\n<title>Baile de inverno - Gio Neves - Vestido de Noiva RJ<\/title>\n<meta name=\"robots\" content=\"index, follow, max-snippet:-1, max-image-preview:large, max-video-preview:-1\" \/>\n<link rel=\"canonical\" href=\"https:\/\/www.ivanabeaumond.com.br\/vestidos-noiva\/baile-de-inverno-gio-neves\/\" \/>\n<meta property=\"og:locale\" content=\"pt_BR\" \/>\n<meta property=\"og:type\" content=\"article\" \/>\n<meta property=\"og:title\" content=\"Baile de inverno - Gio Neves - Vestido de Noiva RJ\" \/>\n<meta property=\"og:description\" content=\"Para comemorar seus 15 anos, Giovanna optou por fazer um...\" \/>\n<meta property=\"og:url\" content=\"https:\/\/www.ivanabeaumond.com.br\/vestidos-noiva\/baile-de-inverno-gio-neves\/\" \/>\n<meta property=\"og:site_name\" content=\"Vestido de Noiva RJ\" \/>\n<meta property=\"article:publisher\" content=\"https:\/\/www.facebook.com\/ivana.beaumondnoivas\" \/>\n<meta property=\"article:published_time\" content=\"2022-11-16T19:06:06+00:00\" \/>\n<meta property=\"article:modified_time\" content=\"2022-12-01T16:30:54+00:00\" \/>\n<meta property=\"og:image\" content=\"https:\/\/www.ivanabeaumond.com.br\/vestidos-noiva\/wp-content\/uploads\/2022\/11\/image-42E44AED-8FD6-4F85-BF41-A7D31EC96671.jpg\" \/>\n\t<meta property=\"og:image:width\" content=\"1080\" \/>\n\t<meta property=\"og:image:height\" content=\"1080\" \/>\n\t<meta property=\"og:image:type\" content=\"image\/jpeg\" \/>\n<meta name=\"author\" content=\"Ivana Beaumond Paris\" \/>\n<meta name=\"twitter:card\" content=\"summary_large_image\" \/>\n<meta name=\"twitter:label1\" content=\"Escrito por\" \/>\n\t<meta name=\"twitter:data1\" content=\"Ivana Beaumond Paris\" \/>\n<script type=\"application\/ld+json\" class=\"yoast-schema-graph\">{\"@context\":\"https:\/\/schema.org\",\"@graph\":[{\"@type\":\"Article\",\"@id\":\"https:\/\/www.ivanabeaumond.com.br\/vestidos-noiva\/baile-de-inverno-gio-neves\/#article\",\"isPartOf\":{\"@id\":\"https:\/\/www.ivanabeaumond.com.br\/vestidos-noiva\/baile-de-inverno-gio-neves\/\"},\"author\":{\"name\":\"Ivana Beaumond Paris\",\"@id\":\"https:\/\/www.ivanabeaumond.com.br\/vestidos-noiva\/#\/schema\/person\/1a360c4cffa3b806d29a456389dcff26\"},\"headline\":\"Baile de inverno &#8211; Gio Neves\",\"datePublished\":\"2022-11-16T19:06:06+00:00\",\"dateModified\":\"2022-12-01T16:30:54+00:00\",\"mainEntityOfPage\":{\"@id\":\"https:\/\/www.ivanabeaumond.com.br\/vestidos-noiva\/baile-de-inverno-gio-neves\/\"},\"wordCount\":102,\"publisher\":{\"@id\":\"https:\/\/www.ivanabeaumond.com.br\/vestidos-noiva\/#organization\"},\"keywords\":[\"15 anos\",\"aluguel de vestido\",\"baile de inverno\",\"debutante\",\"vestido de 15 anos\",\"vestido de debutante\"],\"articleSection\":[\"Blog\",\"Espa\u00e7o Debutantes\"],\"inLanguage\":\"pt-BR\"},{\"@type\":\"WebPage\",\"@id\":\"https:\/\/www.ivanabeaumond.com.br\/vestidos-noiva\/baile-de-inverno-gio-neves\/\",\"url\":\"https:\/\/www.ivanabeaumond.com.br\/vestidos-noiva\/baile-de-inverno-gio-neves\/\",\"name\":\"Baile de inverno - Gio Neves - Vestido de Noiva RJ\",\"isPartOf\":{\"@id\":\"https:\/\/www.ivanabeaumond.com.br\/vestidos-noiva\/#website\"},\"datePublished\":\"2022-11-16T19:06:06+00:00\",\"dateModified\":\"2022-12-01T16:30:54+00:00\",\"breadcrumb\":{\"@id\":\"https:\/\/www.ivanabeaumond.com.br\/vestidos-noiva\/baile-de-inverno-gio-neves\/#breadcrumb\"},\"inLanguage\":\"pt-BR\",\"potentialAction\":[{\"@type\":\"ReadAction\",\"target\":[\"https:\/\/www.ivanabeaumond.com.br\/vestidos-noiva\/baile-de-inverno-gio-neves\/\"]}]},{\"@type\":\"BreadcrumbList\",\"@id\":\"https:\/\/www.ivanabeaumond.com.br\/vestidos-noiva\/baile-de-inverno-gio-neves\/#breadcrumb\",\"itemListElement\":[{\"@type\":\"ListItem\",\"position\":1,\"name\":\"In\u00edcio\",\"item\":\"https:\/\/www.ivanabeaumond.com.br\/vestidos-noiva\/\"},{\"@type\":\"ListItem\",\"position\":2,\"name\":\"Baile de inverno &#8211; Gio Neves\"}]},{\"@type\":\"WebSite\",\"@id\":\"https:\/\/www.ivanabeaumond.com.br\/vestidos-noiva\/#website\",\"url\":\"https:\/\/www.ivanabeaumond.com.br\/vestidos-noiva\/\",\"name\":\"Vestido de Noiva RJ\",\"description\":\"Moda Noiva\",\"publisher\":{\"@id\":\"https:\/\/www.ivanabeaumond.com.br\/vestidos-noiva\/#organization\"},\"potentialAction\":[{\"@type\":\"SearchAction\",\"target\":{\"@type\":\"EntryPoint\",\"urlTemplate\":\"https:\/\/www.ivanabeaumond.com.br\/vestidos-noiva\/?s={search_term_string}\"},\"query-input\":\"required name=search_term_string\"}],\"inLanguage\":\"pt-BR\"},{\"@type\":\"Organization\",\"@id\":\"https:\/\/www.ivanabeaumond.com.br\/vestidos-noiva\/#organization\",\"name\":\"Vestido de Noiva RJ\",\"url\":\"https:\/\/www.ivanabeaumond.com.br\/vestidos-noiva\/\",\"logo\":{\"@type\":\"ImageObject\",\"inLanguage\":\"pt-BR\",\"@id\":\"https:\/\/www.ivanabeaumond.com.br\/vestidos-noiva\/#\/schema\/logo\/image\/\",\"url\":\"https:\/\/www.ivanabeaumond.com.br\/vestidos-noiva\/wp-content\/uploads\/2018\/02\/logo_ivana_beaumond-2.png\",\"contentUrl\":\"https:\/\/www.ivanabeaumond.com.br\/vestidos-noiva\/wp-content\/uploads\/2018\/02\/logo_ivana_beaumond-2.png\",\"width\":230,\"height\":112,\"caption\":\"Vestido de Noiva RJ\"},\"image\":{\"@id\":\"https:\/\/www.ivanabeaumond.com.br\/vestidos-noiva\/#\/schema\/logo\/image\/\"},\"sameAs\":[\"https:\/\/www.facebook.com\/ivana.beaumondnoivas\",\"https:\/\/www.instagram.com\/ivanabeaumond\/\",\"https:\/\/www.tiktok.com\/@ivanabeaumond\"]},{\"@type\":\"Person\",\"@id\":\"https:\/\/www.ivanabeaumond.com.br\/vestidos-noiva\/#\/schema\/person\/1a360c4cffa3b806d29a456389dcff26\",\"name\":\"Ivana Beaumond Paris\",\"image\":{\"@type\":\"ImageObject\",\"inLanguage\":\"pt-BR\",\"@id\":\"https:\/\/www.ivanabeaumond.com.br\/vestidos-noiva\/#\/schema\/person\/image\/\",\"url\":\"https:\/\/secure.gravatar.com\/avatar\/641f98db20b53ec937ceb641db4270b9?s=96&d=mm&r=g\",\"contentUrl\":\"https:\/\/secure.gravatar.com\/avatar\/641f98db20b53ec937ceb641db4270b9?s=96&d=mm&r=g\",\"caption\":\"Ivana Beaumond Paris\"},\"url\":\"https:\/\/www.ivanabeaumond.com.br\/vestidos-noiva\/author\/ivana\/\"}]}<\/script>\n<!-- \/ Yoast SEO plugin. -->","yoast_head_json":{"title":"Baile de inverno - Gio Neves - Vestido de Noiva RJ","robots":{"index":"index","follow":"follow","max-snippet":"max-snippet:-1","max-image-preview":"max-image-preview:large","max-video-preview":"max-video-preview:-1"},"canonical":"https:\/\/www.ivanabeaumond.com.br\/vestidos-noiva\/baile-de-inverno-gio-neves\/","og_locale":"pt_BR","og_type":"article","og_title":"Baile de inverno - Gio Neves - Vestido de Noiva RJ","og_description":"Para comemorar seus 15 anos, Giovanna optou por fazer um...","og_url":"https:\/\/www.ivanabeaumond.com.br\/vestidos-noiva\/baile-de-inverno-gio-neves\/","og_site_name":"Vestido de Noiva RJ","article_publisher":"https:\/\/www.facebook.com\/ivana.beaumondnoivas","article_published_time":"2022-11-16T19:06:06+00:00","article_modified_time":"2022-12-01T16:30:54+00:00","og_image":[{"width":1080,"height":1080,"url":"https:\/\/www.ivanabeaumond.com.br\/vestidos-noiva\/wp-content\/uploads\/2022\/11\/image-42E44AED-8FD6-4F85-BF41-A7D31EC96671.jpg","type":"image\/jpeg"}],"author":"Ivana Beaumond Paris","twitter_card":"summary_large_image","twitter_misc":{"Escrito por":"Ivana Beaumond Paris"},"schema":{"@context":"https:\/\/schema.org","@graph":[{"@type":"Article","@id":"https:\/\/www.ivanabeaumond.com.br\/vestidos-noiva\/baile-de-inverno-gio-neves\/#article","isPartOf":{"@id":"https:\/\/www.ivanabeaumond.com.br\/vestidos-noiva\/baile-de-inverno-gio-neves\/"},"author":{"name":"Ivana Beaumond Paris","@id":"https:\/\/www.ivanabeaumond.com.br\/vestidos-noiva\/#\/schema\/person\/1a360c4cffa3b806d29a456389dcff26"},"headline":"Baile de inverno &#8211; Gio Neves","datePublished":"2022-11-16T19:06:06+00:00","dateModified":"2022-12-01T16:30:54+00:00","mainEntityOfPage":{"@id":"https:\/\/www.ivanabeaumond.com.br\/vestidos-noiva\/baile-de-inverno-gio-neves\/"},"wordCount":102,"publisher":{"@id":"https:\/\/www.ivanabeaumond.com.br\/vestidos-noiva\/#organization"},"keywords":["15 anos","aluguel de vestido","baile de inverno","debutante","vestido de 15 anos","vestido de debutante"],"articleSection":["Blog","Espa\u00e7o Debutantes"],"inLanguage":"pt-BR"},{"@type":"WebPage","@id":"https:\/\/www.ivanabeaumond.com.br\/vestidos-noiva\/baile-de-inverno-gio-neves\/","url":"https:\/\/www.ivanabeaumond.com.br\/vestidos-noiva\/baile-de-inverno-gio-neves\/","name":"Baile de inverno - Gio Neves - Vestido de Noiva RJ","isPartOf":{"@id":"https:\/\/www.ivanabeaumond.com.br\/vestidos-noiva\/#website"},"datePublished":"2022-11-16T19:06:06+00:00","dateModified":"2022-12-01T16:30:54+00:00","breadcrumb":{"@id":"https:\/\/www.ivanabeaumond.com.br\/vestidos-noiva\/baile-de-inverno-gio-neves\/#breadcrumb"},"inLanguage":"pt-BR","potentialAction":[{"@type":"ReadAction","target":["https:\/\/www.ivanabeaumond.com.br\/vestidos-noiva\/baile-de-inverno-gio-neves\/"]}]},{"@type":"BreadcrumbList","@id":"https:\/\/www.ivanabeaumond.com.br\/vestidos-noiva\/baile-de-inverno-gio-neves\/#breadcrumb","itemListElement":[{"@type":"ListItem","position":1,"name":"In\u00edcio","item":"https:\/\/www.ivanabeaumond.com.br\/vestidos-noiva\/"},{"@type":"ListItem","position":2,"name":"Baile de inverno &#8211; Gio Neves"}]},{"@type":"WebSite","@id":"https:\/\/www.ivanabeaumond.com.br\/vestidos-noiva\/#website","url":"https:\/\/www.ivanabeaumond.com.br\/vestidos-noiva\/","name":"Vestido de Noiva RJ","description":"Moda Noiva","publisher":{"@id":"https:\/\/www.ivanabeaumond.com.br\/vestidos-noiva\/#organization"},"potentialAction":[{"@type":"SearchAction","target":{"@type":"EntryPoint","urlTemplate":"https:\/\/www.ivanabeaumond.com.br\/vestidos-noiva\/?s={search_term_string}"},"query-input":"required name=search_term_string"}],"inLanguage":"pt-BR"},{"@type":"Organization","@id":"https:\/\/www.ivanabeaumond.com.br\/vestidos-noiva\/#organization","name":"Vestido de Noiva RJ","url":"https:\/\/www.ivanabeaumond.com.br\/vestidos-noiva\/","logo":{"@type":"ImageObject","inLanguage":"pt-BR","@id":"https:\/\/www.ivanabeaumond.com.br\/vestidos-noiva\/#\/schema\/logo\/image\/","url":"https:\/\/www.ivanabeaumond.com.br\/vestidos-noiva\/wp-content\/uploads\/2018\/02\/logo_ivana_beaumond-2.png","contentUrl":"https:\/\/www.ivanabeaumond.com.br\/vestidos-noiva\/wp-content\/uploads\/2018\/02\/logo_ivana_beaumond-2.png","width":230,"height":112,"caption":"Vestido de Noiva RJ"},"image":{"@id":"https:\/\/www.ivanabeaumond.com.br\/vestidos-noiva\/#\/schema\/logo\/image\/"},"sameAs":["https:\/\/www.facebook.com\/ivana.beaumondnoivas","https:\/\/www.instagram.com\/ivanabeaumond\/","https:\/\/www.tiktok.com\/@ivanabeaumond"]},{"@type":"Person","@id":"https:\/\/www.ivanabeaumond.com.br\/vestidos-noiva\/#\/schema\/person\/1a360c4cffa3b806d29a456389dcff26","name":"Ivana Beaumond Paris","image":{"@type":"ImageObject","inLanguage":"pt-BR","@id":"https:\/\/www.ivanabeaumond.com.br\/vestidos-noiva\/#\/schema\/person\/image\/","url":"https:\/\/secure.gravatar.com\/avatar\/641f98db20b53ec937ceb641db4270b9?s=96&d=mm&r=g","contentUrl":"https:\/\/secure.gravatar.com\/avatar\/641f98db20b53ec937ceb641db4270b9?s=96&d=mm&r=g","caption":"Ivana Beaumond Paris"},"url":"https:\/\/www.ivanabeaumond.com.br\/vestidos-noiva\/author\/ivana\/"}]}},"_links":{"self":[{"href":"https:\/\/www.ivanabeaumond.com.br\/vestidos-noiva\/wp-json\/wp\/v2\/posts\/145532"}],"collection":[{"href":"https:\/\/www.ivanabeaumond.com.br\/vestidos-noiva\/wp-json\/wp\/v2\/posts"}],"about":[{"href":"https:\/\/www.ivanabeaumond.com.br\/vestidos-noiva\/wp-json\/wp\/v2\/types\/post"}],"author":[{"embeddable":true,"href":"https:\/\/www.ivanabeaumond.com.br\/vestidos-noiva\/wp-json\/wp\/v2\/users\/4"}],"replies":[{"embeddable":true,"href":"https:\/\/www.ivanabeaumond.com.br\/vestidos-noiva\/wp-json\/wp\/v2\/comments?post=145532"}],"version-history":[{"count":5,"href":"https:\/\/www.ivanabeaumond.com.br\/vestidos-noiva\/wp-json\/wp\/v2\/posts\/145532\/revisions"}],"predecessor-version":[{"id":145562,"href":"https:\/\/www.ivanabeaumond.com.br\/vestidos-noiva\/wp-json\/wp\/v2\/posts\/145532\/revisions\/145562"}],"wp:featuredmedia":[{"embeddable":true,"href":"https:\/\/www.ivanabeaumond.com.br\/vestidos-noiva\/wp-json\/wp\/v2\/media\/145534"}],"wp:attachment":[{"href":"https:\/\/www.ivanabeaumond.com.br\/vestidos-noiva\/wp-json\/wp\/v2\/media?parent=145532"}],"wp:term":[{"taxonomy":"category","embeddable":true,"href":"https:\/\/www.ivanabeaumond.com.br\/vestidos-noiva\/wp-json\/wp\/v2\/categories?post=145532"},{"taxonomy":"post_tag","embeddable":true,"href":"https:\/\/www.ivanabeaumond.com.br\/vestidos-noiva\/wp-json\/wp\/v2\/tags?post=145532"}],"curies":[{"name":"wp","href":"https:\/\/api.w.org\/{rel}","templated":true}]}}