{"id":14784,"date":"2018-03-15T11:51:19","date_gmt":"2018-03-15T14:51:19","guid":{"rendered":"http:\/\/www.ivanabeaumond.com.br\/vestidos-noiva\/?p=14784"},"modified":"2018-03-16T12:12:06","modified_gmt":"2018-03-16T15:12:06","slug":"quais-as-ultimas-tendencias-para-a-escolha-do-seu-vestido-por-ivana-beaumond","status":"publish","type":"post","link":"https:\/\/www.ivanabeaumond.com.br\/vestidos-noiva\/quais-as-ultimas-tendencias-para-a-escolha-do-seu-vestido-por-ivana-beaumond\/","title":{"rendered":"Quais as \u00faltimas tend\u00eancias para a escolha do seu vestido? por Ivana Beaumond&#8230;"},"content":{"rendered":"<h4 style=\"text-align: justify;\"><span style=\"color: #999999;\">A cole\u00e7\u00e3o Primeiro Amor R\u00fassia By IVANA BEAUMOND PARIS, traz em cada detalhe um sonho inspirado no famoso conto do Escritor Russo Ivan Turgu\u00eaniev. A cole\u00e7\u00e3o Primeiro Amor resgata a magia de uma Princesa em seu conto de fadas inesquec\u00edvel. O luxo nos maravilhosos Vestidos de Debutantes que s\u00e3o exaltado por meio de bordados em p\u00e9rolas e cristais. O movimento e leveza, acompanham tamb\u00e9m elementos modernos e mesclam o cl\u00e1ssico com as \u00faltimas tend\u00eancias da Moda Fashion Teen.<\/span><\/h4>\n<h4 style=\"text-align: justify;\"><span style=\"color: #ffffff;\">&#8211;<\/span><\/h4>\n<h4 style=\"text-align: justify;\"><span style=\"color: #ffffff;\">&#8211;<\/span><\/h4>\n<h4 style=\"text-align: justify;\"><span style=\"color: #999999;\"><a style=\"color: #999999;\" href=\"http:\/\/www.ivanabeaumond.com.br\/vestidos-noiva\/wp-content\/uploads\/2018\/03\/Vestido-de-Debutante-rj_15anos-Princess_Tendencias_by-Ivana-Beaumond-1.jpg\"><img decoding=\"async\" loading=\"lazy\" class=\"aligncenter size-full wp-image-14785\" src=\"http:\/\/www.ivanabeaumond.com.br\/vestidos-noiva\/wp-content\/uploads\/2018\/03\/Vestido-de-Debutante-rj_15anos-Princess_Tendencias_by-Ivana-Beaumond-1.jpg\" alt=\"Vestido-de-Debutante-rj_15anos-Princess_Tendencias_by-Ivana+Beaumond (1)\" width=\"800\" height=\"600\" srcset=\"https:\/\/www.ivanabeaumond.com.br\/vestidos-noiva\/wp-content\/uploads\/2018\/03\/Vestido-de-Debutante-rj_15anos-Princess_Tendencias_by-Ivana-Beaumond-1.jpg 800w, https:\/\/www.ivanabeaumond.com.br\/vestidos-noiva\/wp-content\/uploads\/2018\/03\/Vestido-de-Debutante-rj_15anos-Princess_Tendencias_by-Ivana-Beaumond-1-300x225.jpg 300w\" sizes=\"(max-width: 800px) 100vw, 800px\" \/><\/a><\/span><\/h4>\n<h4 style=\"text-align: justify;\"><span style=\"color: #ffffff;\">&#8211;<\/span><\/h4>\n<h4 style=\"text-align: justify;\"><span style=\"color: #999999;\">Com um lindo tom de rosa pink,\u00a0esse vestido \u00e9 perfeito para arrasar. Seu corpete \u00e9 todo bordado com renda floral rosa com preto e aplica\u00e7\u00f5es de pedrarias. A saia princesa possui uma arma\u00e7\u00e3o incr\u00edvel e um tecido acetinado que deixa o modelo com um lindo brilho.\u00a0Com sua saia remov\u00edvel e com fechamento com bot\u00f5es e espartilho<\/span><\/h4>\n<h4 style=\"text-align: justify;\"><span style=\"color: #ffffff;\">&#8211;<\/span><\/h4>\n<h4 style=\"text-align: justify;\"><span style=\"color: #ffffff;\">&#8211;<\/span><\/h4>\n<h4 style=\"text-align: justify;\"><span style=\"color: #999999;\"><a style=\"color: #999999;\" href=\"http:\/\/www.ivanabeaumond.com.br\/vestidos-noiva\/wp-content\/uploads\/2018\/03\/Vestido-de-Debutante-rj_15anos-Princess_Tendencias_by-Ivana-Beaumond-3.jpg\"><img decoding=\"async\" loading=\"lazy\" class=\"aligncenter size-full wp-image-14787\" src=\"http:\/\/www.ivanabeaumond.com.br\/vestidos-noiva\/wp-content\/uploads\/2018\/03\/Vestido-de-Debutante-rj_15anos-Princess_Tendencias_by-Ivana-Beaumond-3.jpg\" alt=\"Vestido-de-Debutante-rj_15anos-Princess_Tendencias_by-Ivana+Beaumond (3)\" width=\"800\" height=\"600\" srcset=\"https:\/\/www.ivanabeaumond.com.br\/vestidos-noiva\/wp-content\/uploads\/2018\/03\/Vestido-de-Debutante-rj_15anos-Princess_Tendencias_by-Ivana-Beaumond-3.jpg 800w, https:\/\/www.ivanabeaumond.com.br\/vestidos-noiva\/wp-content\/uploads\/2018\/03\/Vestido-de-Debutante-rj_15anos-Princess_Tendencias_by-Ivana-Beaumond-3-300x225.jpg 300w\" sizes=\"(max-width: 800px) 100vw, 800px\" \/><\/a><\/span><\/h4>\n<h4 style=\"text-align: justify;\"><span style=\"color: #ffffff;\">&#8211;<\/span><\/h4>\n<h4 style=\"text-align: justify;\"><span style=\"color: #999999;\">Perfeito para debutantes mais cl\u00e1ssicas e que amam dourado,\u00a0esse vestido \u00e9 puro glamour. Sue corpete possui uma regata de tule em tom nude e aplica\u00e7\u00f5es de renda dourada com algumas flores 3D tamb\u00e9m em dourado. Sua saia possui v\u00e1rias camadas de tule nude e um lindo bordado dourado no canto lateral. com saia remov\u00edvel e fechamento com bot\u00f5es e espartilho.<\/span><\/h4>\n<h4 style=\"text-align: justify;\"><span style=\"color: #ffffff;\">&#8211;<\/span><\/h4>\n<h4 style=\"text-align: justify;\"><span style=\"color: #ffffff;\">&#8211;<\/span><\/h4>\n<h4 style=\"text-align: justify;\"><span style=\"color: #999999;\"><a style=\"color: #999999;\" href=\"http:\/\/www.ivanabeaumond.com.br\/vestidos-noiva\/wp-content\/uploads\/2018\/03\/Vestido-de-Debutante-rj_15anos-Princess_Tendencias_by-Ivana-Beaumond-5.jpg\"><img decoding=\"async\" loading=\"lazy\" class=\"aligncenter size-full wp-image-14789\" src=\"http:\/\/www.ivanabeaumond.com.br\/vestidos-noiva\/wp-content\/uploads\/2018\/03\/Vestido-de-Debutante-rj_15anos-Princess_Tendencias_by-Ivana-Beaumond-5.jpg\" alt=\"Vestido-de-Debutante-rj_15anos-Princess_Tendencias_by-Ivana+Beaumond (5)\" width=\"800\" height=\"600\" srcset=\"https:\/\/www.ivanabeaumond.com.br\/vestidos-noiva\/wp-content\/uploads\/2018\/03\/Vestido-de-Debutante-rj_15anos-Princess_Tendencias_by-Ivana-Beaumond-5.jpg 800w, https:\/\/www.ivanabeaumond.com.br\/vestidos-noiva\/wp-content\/uploads\/2018\/03\/Vestido-de-Debutante-rj_15anos-Princess_Tendencias_by-Ivana-Beaumond-5-300x225.jpg 300w\" sizes=\"(max-width: 800px) 100vw, 800px\" \/><\/a><\/span><\/h4>\n<h4 style=\"text-align: justify;\"><span style=\"color: #ffffff;\">&#8211;<\/span><\/h4>\n<h4 style=\"text-align: justify;\"><span style=\"color: #999999;\">Juntando as duas principais tend\u00eancias da temporada, ombro a ombro e flores 3D, e a cor que \u00e9 uma das queridinhas para festas, o vestido \u00e9 encantador. Seu corpete \u00e9 todo em renda 3D e bordados em p\u00e9rolas, j\u00e1 a sua saia, possui v\u00e1rias camadas de tule que proporcionam um lindo volume. Com saia remov\u00edvel e fechamento com bot\u00f5es e costas com espartilho.<\/span><\/h4>\n<h4 style=\"text-align: justify;\"><span style=\"color: #ffffff;\">&#8211;<\/span><\/h4>\n<h4 style=\"text-align: justify;\"><span style=\"color: #ffffff;\">&#8211;<\/span><\/h4>\n<h4 style=\"text-align: justify;\"><span style=\"color: #999999;\"><a style=\"color: #999999;\" href=\"http:\/\/www.ivanabeaumond.com.br\/vestidos-noiva\/wp-content\/uploads\/2018\/03\/Vestido-de-Debutante-rj_15anos-Princess_Tendencias_by-Ivana-Beaumond-6.jpg\"><img decoding=\"async\" loading=\"lazy\" class=\"aligncenter size-full wp-image-14790\" src=\"http:\/\/www.ivanabeaumond.com.br\/vestidos-noiva\/wp-content\/uploads\/2018\/03\/Vestido-de-Debutante-rj_15anos-Princess_Tendencias_by-Ivana-Beaumond-6.jpg\" alt=\"Vestido-de-Debutante-rj_15anos-Princess_Tendencias_by-Ivana+Beaumond (6)\" width=\"800\" height=\"600\" srcset=\"https:\/\/www.ivanabeaumond.com.br\/vestidos-noiva\/wp-content\/uploads\/2018\/03\/Vestido-de-Debutante-rj_15anos-Princess_Tendencias_by-Ivana-Beaumond-6.jpg 800w, https:\/\/www.ivanabeaumond.com.br\/vestidos-noiva\/wp-content\/uploads\/2018\/03\/Vestido-de-Debutante-rj_15anos-Princess_Tendencias_by-Ivana-Beaumond-6-300x225.jpg 300w\" sizes=\"(max-width: 800px) 100vw, 800px\" \/><\/a><\/span><\/h4>\n<h4 style=\"text-align: justify;\"><span style=\"color: #ffffff;\">&#8211;<\/span><\/h4>\n<h4 style=\"text-align: justify;\"><span style=\"color: #999999;\">Seguindo as tend\u00eancias das passarelas, plumas e estampas acetinadas, o vestido Fineza exala modernidade e \u00e9 perfeito para debutantes que amam ser diferentes e causar. Seu decote em V \u00e9 coberto por plumas que d\u00e3o mais volume e destaque ao busto e sua saia tem um caimento e volume digno de princesa. Com saia remov\u00edvel e Costas com espartilho.<\/span><\/h4>\n<h4 style=\"text-align: justify;\"><span style=\"color: #ffffff;\">&#8211;<\/span><\/h4>\n<h4 style=\"text-align: justify;\"><span style=\"color: #ffffff;\">&#8211;<\/span><\/h4>\n<h4 style=\"text-align: justify;\"><span style=\"color: #999999;\"><a style=\"color: #999999;\" href=\"http:\/\/www.ivanabeaumond.com.br\/vestidos-noiva\/wp-content\/uploads\/2018\/03\/Vestido-de-Debutante-rj_15anos-Princess_Tendencias_by-Ivana-Beaumond-2.jpg\"><img decoding=\"async\" loading=\"lazy\" class=\"aligncenter size-full wp-image-14786\" src=\"http:\/\/www.ivanabeaumond.com.br\/vestidos-noiva\/wp-content\/uploads\/2018\/03\/Vestido-de-Debutante-rj_15anos-Princess_Tendencias_by-Ivana-Beaumond-2.jpg\" alt=\"Vestido-de-Debutante-rj_15anos-Princess_Tendencias_by-Ivana+Beaumond (2)\" width=\"800\" height=\"600\" srcset=\"https:\/\/www.ivanabeaumond.com.br\/vestidos-noiva\/wp-content\/uploads\/2018\/03\/Vestido-de-Debutante-rj_15anos-Princess_Tendencias_by-Ivana-Beaumond-2.jpg 800w, https:\/\/www.ivanabeaumond.com.br\/vestidos-noiva\/wp-content\/uploads\/2018\/03\/Vestido-de-Debutante-rj_15anos-Princess_Tendencias_by-Ivana-Beaumond-2-300x225.jpg 300w\" sizes=\"(max-width: 800px) 100vw, 800px\" \/><\/a><\/span><\/h4>\n<h4 style=\"text-align: justify;\"><span style=\"color: #ffffff;\">&#8211;<\/span><\/h4>\n<h4 style=\"text-align: justify;\"><span style=\"color: #999999;\">Com uma frente \u00fanica de rendas e tule redinha,\u00a0esse vestido \u00e9 fashionista e exuberante. Seu corpete com decote cora\u00e7\u00e3o possui aplica\u00e7\u00f5es de renda azul petr\u00f3leo com cinza e bordados de mi\u00e7angas e p\u00e9rolas. Com saia remov\u00edvel e costas com espartilho.<\/span><\/h4>\n<h4 style=\"text-align: justify;\"><span style=\"color: #ffffff;\">&#8211;<\/span><\/h4>\n<h4 style=\"text-align: justify;\"><span style=\"color: #ffffff;\">&#8211;<\/span><\/h4>\n<h4 style=\"text-align: justify;\"><span style=\"color: #999999;\"><a style=\"color: #999999;\" href=\"http:\/\/www.ivanabeaumond.com.br\/vestidos-noiva\/wp-content\/uploads\/2018\/03\/Vestido-de-Debutante-rj_15anos-Princess_Tendencias_by-Ivana-Beaumond-4.jpg\"><img decoding=\"async\" loading=\"lazy\" class=\"aligncenter size-full wp-image-14788\" src=\"http:\/\/www.ivanabeaumond.com.br\/vestidos-noiva\/wp-content\/uploads\/2018\/03\/Vestido-de-Debutante-rj_15anos-Princess_Tendencias_by-Ivana-Beaumond-4.jpg\" alt=\"Vestido-de-Debutante-rj_15anos-Princess_Tendencias_by-Ivana+Beaumond (4)\" width=\"800\" height=\"600\" srcset=\"https:\/\/www.ivanabeaumond.com.br\/vestidos-noiva\/wp-content\/uploads\/2018\/03\/Vestido-de-Debutante-rj_15anos-Princess_Tendencias_by-Ivana-Beaumond-4.jpg 800w, https:\/\/www.ivanabeaumond.com.br\/vestidos-noiva\/wp-content\/uploads\/2018\/03\/Vestido-de-Debutante-rj_15anos-Princess_Tendencias_by-Ivana-Beaumond-4-300x225.jpg 300w\" sizes=\"(max-width: 800px) 100vw, 800px\" \/><\/a><\/span><\/h4>\n<h4 style=\"text-align: justify;\"><span style=\"color: #ffffff;\">&#8211;<\/span><\/h4>\n<h4 style=\"text-align: justify;\"><span style=\"color: #999999;\">As flores e candy colors deixaram o vestido Sensibilidade uma fofura. Seu corpete, com decote cora\u00e7\u00e3o e manguinhas rom\u00e2nticas, \u00e9 todo bordado em flores 3D e mi\u00e7angas. Sua saia, repleta de camadas de tule, possui um arco-\u00edris de tons past\u00e9is. Com saia remov\u00edvel e Costas com espartilho.<\/span><\/h4>\n<h4 style=\"text-align: justify;\"><span style=\"color: #ffffff;\">&#8211;<\/span><\/h4>\n<h4 style=\"text-align: justify;\"><span style=\"color: #ffffff;\">&#8211;<\/span><\/h4>\n<h4 style=\"text-align: justify;\"><span style=\"color: #ffffff;\">&#8211;<\/span><\/h4>\n<h4 style=\"text-align: justify;\"><span style=\"color: #999999;\">Gostou? Siga nosso instagram\u00a0<span style=\"color: #0000ff;\"><a style=\"color: #0000ff;\" href=\"https:\/\/www.instagram.com\/ivanabeaumond\/\">@ivanabeaumond<\/a><\/span>\u00a0e curta nossa fanpage\u00a0<span style=\"color: #0000ff;\"><a style=\"color: #0000ff;\" href=\"https:\/\/www.facebook.com\/IvanaBeaumond\/\">Ivana Beaumond<\/a><\/span>\u00a0e fique por dentro de tudo o que rola no mundo das noivas e conhe\u00e7a nossos Melhores Modelos de Vestidos de Noivas Nacionais, Importados e Sob Medida.<\/span><\/h4>\n","protected":false},"excerpt":{"rendered":"<p>A cole\u00e7\u00e3o Primeiro Amor R\u00fassia By IVANA BEAUMOND PARIS, traz&#8230;<\/p>\n","protected":false},"author":4,"featured_media":14789,"comment_status":"closed","ping_status":"closed","sticky":false,"template":"","format":"standard","meta":[],"categories":[129],"tags":[172,159,131,96,161,156,160,173,99,100,162,157,174,163,158,149,143,115],"yoast_head":"<!-- This site is optimized with the Yoast SEO plugin v20.3 - https:\/\/yoast.com\/wordpress\/plugins\/seo\/ -->\n<title>Quais as \u00faltimas tend\u00eancias para a escolha do seu vestido? por Ivana Beaumond... - Vestido de Noiva RJ<\/title>\n<meta name=\"robots\" content=\"index, follow, max-snippet:-1, max-image-preview:large, max-video-preview:-1\" \/>\n<link rel=\"canonical\" href=\"https:\/\/www.ivanabeaumond.com.br\/vestidos-noiva\/quais-as-ultimas-tendencias-para-a-escolha-do-seu-vestido-por-ivana-beaumond\/\" \/>\n<meta property=\"og:locale\" content=\"pt_BR\" \/>\n<meta property=\"og:type\" content=\"article\" \/>\n<meta property=\"og:title\" content=\"Quais as \u00faltimas tend\u00eancias para a escolha do seu vestido? por Ivana Beaumond... - Vestido de Noiva RJ\" \/>\n<meta property=\"og:description\" content=\"A cole\u00e7\u00e3o Primeiro Amor R\u00fassia By IVANA BEAUMOND PARIS, traz...\" \/>\n<meta property=\"og:url\" content=\"https:\/\/www.ivanabeaumond.com.br\/vestidos-noiva\/quais-as-ultimas-tendencias-para-a-escolha-do-seu-vestido-por-ivana-beaumond\/\" \/>\n<meta property=\"og:site_name\" content=\"Vestido de Noiva RJ\" \/>\n<meta property=\"article:publisher\" content=\"https:\/\/www.facebook.com\/ivana.beaumondnoivas\" \/>\n<meta property=\"article:published_time\" content=\"2018-03-15T14:51:19+00:00\" \/>\n<meta property=\"article:modified_time\" content=\"2018-03-16T15:12:06+00:00\" \/>\n<meta property=\"og:image\" content=\"https:\/\/www.ivanabeaumond.com.br\/vestidos-noiva\/wp-content\/uploads\/2018\/03\/Vestido-de-Debutante-rj_15anos-Princess_Tendencias_by-Ivana-Beaumond-5.jpg\" \/>\n\t<meta property=\"og:image:width\" content=\"800\" \/>\n\t<meta property=\"og:image:height\" content=\"600\" \/>\n\t<meta property=\"og:image:type\" content=\"image\/jpeg\" \/>\n<meta name=\"author\" content=\"Ivana Beaumond Paris\" \/>\n<meta name=\"twitter:card\" content=\"summary_large_image\" \/>\n<meta name=\"twitter:label1\" content=\"Escrito por\" \/>\n\t<meta name=\"twitter:data1\" content=\"Ivana Beaumond Paris\" \/>\n\t<meta name=\"twitter:label2\" content=\"Est. tempo de leitura\" \/>\n\t<meta name=\"twitter:data2\" content=\"2 minutos\" \/>\n<script type=\"application\/ld+json\" class=\"yoast-schema-graph\">{\"@context\":\"https:\/\/schema.org\",\"@graph\":[{\"@type\":\"Article\",\"@id\":\"https:\/\/www.ivanabeaumond.com.br\/vestidos-noiva\/quais-as-ultimas-tendencias-para-a-escolha-do-seu-vestido-por-ivana-beaumond\/#article\",\"isPartOf\":{\"@id\":\"https:\/\/www.ivanabeaumond.com.br\/vestidos-noiva\/quais-as-ultimas-tendencias-para-a-escolha-do-seu-vestido-por-ivana-beaumond\/\"},\"author\":{\"name\":\"Ivana Beaumond Paris\",\"@id\":\"https:\/\/www.ivanabeaumond.com.br\/vestidos-noiva\/#\/schema\/person\/1a360c4cffa3b806d29a456389dcff26\"},\"headline\":\"Quais as \u00faltimas tend\u00eancias para a escolha do seu vestido? por Ivana Beaumond&#8230;\",\"datePublished\":\"2018-03-15T14:51:19+00:00\",\"dateModified\":\"2018-03-16T15:12:06+00:00\",\"mainEntityOfPage\":{\"@id\":\"https:\/\/www.ivanabeaumond.com.br\/vestidos-noiva\/quais-as-ultimas-tendencias-para-a-escolha-do-seu-vestido-por-ivana-beaumond\/\"},\"wordCount\":512,\"publisher\":{\"@id\":\"https:\/\/www.ivanabeaumond.com.br\/vestidos-noiva\/#organization\"},\"keywords\":[\"15 anos\",\"alian\u00e7as\",\"aluguel de roupas\",\"casamento\",\"casamento blindado\",\"casamento no civil\",\"daminhas\",\"debutantes\",\"felicidade\",\"festa\",\"festas\",\"noiva e noivo\",\"princesas\",\"sob medida\",\"traje de noivo\",\"vestido de 15 anos\",\"vestido de debutante\",\"vestido de noiva\"],\"articleSection\":[\"Espa\u00e7o Debutantes\"],\"inLanguage\":\"pt-BR\"},{\"@type\":\"WebPage\",\"@id\":\"https:\/\/www.ivanabeaumond.com.br\/vestidos-noiva\/quais-as-ultimas-tendencias-para-a-escolha-do-seu-vestido-por-ivana-beaumond\/\",\"url\":\"https:\/\/www.ivanabeaumond.com.br\/vestidos-noiva\/quais-as-ultimas-tendencias-para-a-escolha-do-seu-vestido-por-ivana-beaumond\/\",\"name\":\"Quais as \u00faltimas tend\u00eancias para a escolha do seu vestido? por Ivana Beaumond... - Vestido de Noiva RJ\",\"isPartOf\":{\"@id\":\"https:\/\/www.ivanabeaumond.com.br\/vestidos-noiva\/#website\"},\"datePublished\":\"2018-03-15T14:51:19+00:00\",\"dateModified\":\"2018-03-16T15:12:06+00:00\",\"breadcrumb\":{\"@id\":\"https:\/\/www.ivanabeaumond.com.br\/vestidos-noiva\/quais-as-ultimas-tendencias-para-a-escolha-do-seu-vestido-por-ivana-beaumond\/#breadcrumb\"},\"inLanguage\":\"pt-BR\",\"potentialAction\":[{\"@type\":\"ReadAction\",\"target\":[\"https:\/\/www.ivanabeaumond.com.br\/vestidos-noiva\/quais-as-ultimas-tendencias-para-a-escolha-do-seu-vestido-por-ivana-beaumond\/\"]}]},{\"@type\":\"BreadcrumbList\",\"@id\":\"https:\/\/www.ivanabeaumond.com.br\/vestidos-noiva\/quais-as-ultimas-tendencias-para-a-escolha-do-seu-vestido-por-ivana-beaumond\/#breadcrumb\",\"itemListElement\":[{\"@type\":\"ListItem\",\"position\":1,\"name\":\"In\u00edcio\",\"item\":\"https:\/\/www.ivanabeaumond.com.br\/vestidos-noiva\/\"},{\"@type\":\"ListItem\",\"position\":2,\"name\":\"Quais as \u00faltimas tend\u00eancias para a escolha do seu vestido? por Ivana Beaumond&#8230;\"}]},{\"@type\":\"WebSite\",\"@id\":\"https:\/\/www.ivanabeaumond.com.br\/vestidos-noiva\/#website\",\"url\":\"https:\/\/www.ivanabeaumond.com.br\/vestidos-noiva\/\",\"name\":\"Vestido de Noiva RJ\",\"description\":\"Moda Noiva\",\"publisher\":{\"@id\":\"https:\/\/www.ivanabeaumond.com.br\/vestidos-noiva\/#organization\"},\"potentialAction\":[{\"@type\":\"SearchAction\",\"target\":{\"@type\":\"EntryPoint\",\"urlTemplate\":\"https:\/\/www.ivanabeaumond.com.br\/vestidos-noiva\/?s={search_term_string}\"},\"query-input\":\"required name=search_term_string\"}],\"inLanguage\":\"pt-BR\"},{\"@type\":\"Organization\",\"@id\":\"https:\/\/www.ivanabeaumond.com.br\/vestidos-noiva\/#organization\",\"name\":\"Vestido de Noiva RJ\",\"url\":\"https:\/\/www.ivanabeaumond.com.br\/vestidos-noiva\/\",\"logo\":{\"@type\":\"ImageObject\",\"inLanguage\":\"pt-BR\",\"@id\":\"https:\/\/www.ivanabeaumond.com.br\/vestidos-noiva\/#\/schema\/logo\/image\/\",\"url\":\"https:\/\/www.ivanabeaumond.com.br\/vestidos-noiva\/wp-content\/uploads\/2018\/02\/logo_ivana_beaumond-2.png\",\"contentUrl\":\"https:\/\/www.ivanabeaumond.com.br\/vestidos-noiva\/wp-content\/uploads\/2018\/02\/logo_ivana_beaumond-2.png\",\"width\":230,\"height\":112,\"caption\":\"Vestido de Noiva RJ\"},\"image\":{\"@id\":\"https:\/\/www.ivanabeaumond.com.br\/vestidos-noiva\/#\/schema\/logo\/image\/\"},\"sameAs\":[\"https:\/\/www.facebook.com\/ivana.beaumondnoivas\",\"https:\/\/www.instagram.com\/ivanabeaumond\/\",\"https:\/\/www.tiktok.com\/@ivanabeaumond\"]},{\"@type\":\"Person\",\"@id\":\"https:\/\/www.ivanabeaumond.com.br\/vestidos-noiva\/#\/schema\/person\/1a360c4cffa3b806d29a456389dcff26\",\"name\":\"Ivana Beaumond Paris\",\"image\":{\"@type\":\"ImageObject\",\"inLanguage\":\"pt-BR\",\"@id\":\"https:\/\/www.ivanabeaumond.com.br\/vestidos-noiva\/#\/schema\/person\/image\/\",\"url\":\"https:\/\/secure.gravatar.com\/avatar\/641f98db20b53ec937ceb641db4270b9?s=96&d=mm&r=g\",\"contentUrl\":\"https:\/\/secure.gravatar.com\/avatar\/641f98db20b53ec937ceb641db4270b9?s=96&d=mm&r=g\",\"caption\":\"Ivana Beaumond Paris\"},\"url\":\"https:\/\/www.ivanabeaumond.com.br\/vestidos-noiva\/author\/ivana\/\"}]}<\/script>\n<!-- \/ Yoast SEO plugin. -->","yoast_head_json":{"title":"Quais as \u00faltimas tend\u00eancias para a escolha do seu vestido? por Ivana Beaumond... - Vestido de Noiva RJ","robots":{"index":"index","follow":"follow","max-snippet":"max-snippet:-1","max-image-preview":"max-image-preview:large","max-video-preview":"max-video-preview:-1"},"canonical":"https:\/\/www.ivanabeaumond.com.br\/vestidos-noiva\/quais-as-ultimas-tendencias-para-a-escolha-do-seu-vestido-por-ivana-beaumond\/","og_locale":"pt_BR","og_type":"article","og_title":"Quais as \u00faltimas tend\u00eancias para a escolha do seu vestido? por Ivana Beaumond... - Vestido de Noiva RJ","og_description":"A cole\u00e7\u00e3o Primeiro Amor R\u00fassia By IVANA BEAUMOND PARIS, traz...","og_url":"https:\/\/www.ivanabeaumond.com.br\/vestidos-noiva\/quais-as-ultimas-tendencias-para-a-escolha-do-seu-vestido-por-ivana-beaumond\/","og_site_name":"Vestido de Noiva RJ","article_publisher":"https:\/\/www.facebook.com\/ivana.beaumondnoivas","article_published_time":"2018-03-15T14:51:19+00:00","article_modified_time":"2018-03-16T15:12:06+00:00","og_image":[{"width":800,"height":600,"url":"https:\/\/www.ivanabeaumond.com.br\/vestidos-noiva\/wp-content\/uploads\/2018\/03\/Vestido-de-Debutante-rj_15anos-Princess_Tendencias_by-Ivana-Beaumond-5.jpg","type":"image\/jpeg"}],"author":"Ivana Beaumond Paris","twitter_card":"summary_large_image","twitter_misc":{"Escrito por":"Ivana Beaumond Paris","Est. tempo de leitura":"2 minutos"},"schema":{"@context":"https:\/\/schema.org","@graph":[{"@type":"Article","@id":"https:\/\/www.ivanabeaumond.com.br\/vestidos-noiva\/quais-as-ultimas-tendencias-para-a-escolha-do-seu-vestido-por-ivana-beaumond\/#article","isPartOf":{"@id":"https:\/\/www.ivanabeaumond.com.br\/vestidos-noiva\/quais-as-ultimas-tendencias-para-a-escolha-do-seu-vestido-por-ivana-beaumond\/"},"author":{"name":"Ivana Beaumond Paris","@id":"https:\/\/www.ivanabeaumond.com.br\/vestidos-noiva\/#\/schema\/person\/1a360c4cffa3b806d29a456389dcff26"},"headline":"Quais as \u00faltimas tend\u00eancias para a escolha do seu vestido? por Ivana Beaumond&#8230;","datePublished":"2018-03-15T14:51:19+00:00","dateModified":"2018-03-16T15:12:06+00:00","mainEntityOfPage":{"@id":"https:\/\/www.ivanabeaumond.com.br\/vestidos-noiva\/quais-as-ultimas-tendencias-para-a-escolha-do-seu-vestido-por-ivana-beaumond\/"},"wordCount":512,"publisher":{"@id":"https:\/\/www.ivanabeaumond.com.br\/vestidos-noiva\/#organization"},"keywords":["15 anos","alian\u00e7as","aluguel de roupas","casamento","casamento blindado","casamento no civil","daminhas","debutantes","felicidade","festa","festas","noiva e noivo","princesas","sob medida","traje de noivo","vestido de 15 anos","vestido de debutante","vestido de noiva"],"articleSection":["Espa\u00e7o Debutantes"],"inLanguage":"pt-BR"},{"@type":"WebPage","@id":"https:\/\/www.ivanabeaumond.com.br\/vestidos-noiva\/quais-as-ultimas-tendencias-para-a-escolha-do-seu-vestido-por-ivana-beaumond\/","url":"https:\/\/www.ivanabeaumond.com.br\/vestidos-noiva\/quais-as-ultimas-tendencias-para-a-escolha-do-seu-vestido-por-ivana-beaumond\/","name":"Quais as \u00faltimas tend\u00eancias para a escolha do seu vestido? por Ivana Beaumond... - Vestido de Noiva RJ","isPartOf":{"@id":"https:\/\/www.ivanabeaumond.com.br\/vestidos-noiva\/#website"},"datePublished":"2018-03-15T14:51:19+00:00","dateModified":"2018-03-16T15:12:06+00:00","breadcrumb":{"@id":"https:\/\/www.ivanabeaumond.com.br\/vestidos-noiva\/quais-as-ultimas-tendencias-para-a-escolha-do-seu-vestido-por-ivana-beaumond\/#breadcrumb"},"inLanguage":"pt-BR","potentialAction":[{"@type":"ReadAction","target":["https:\/\/www.ivanabeaumond.com.br\/vestidos-noiva\/quais-as-ultimas-tendencias-para-a-escolha-do-seu-vestido-por-ivana-beaumond\/"]}]},{"@type":"BreadcrumbList","@id":"https:\/\/www.ivanabeaumond.com.br\/vestidos-noiva\/quais-as-ultimas-tendencias-para-a-escolha-do-seu-vestido-por-ivana-beaumond\/#breadcrumb","itemListElement":[{"@type":"ListItem","position":1,"name":"In\u00edcio","item":"https:\/\/www.ivanabeaumond.com.br\/vestidos-noiva\/"},{"@type":"ListItem","position":2,"name":"Quais as \u00faltimas tend\u00eancias para a escolha do seu vestido? por Ivana Beaumond&#8230;"}]},{"@type":"WebSite","@id":"https:\/\/www.ivanabeaumond.com.br\/vestidos-noiva\/#website","url":"https:\/\/www.ivanabeaumond.com.br\/vestidos-noiva\/","name":"Vestido de Noiva RJ","description":"Moda Noiva","publisher":{"@id":"https:\/\/www.ivanabeaumond.com.br\/vestidos-noiva\/#organization"},"potentialAction":[{"@type":"SearchAction","target":{"@type":"EntryPoint","urlTemplate":"https:\/\/www.ivanabeaumond.com.br\/vestidos-noiva\/?s={search_term_string}"},"query-input":"required name=search_term_string"}],"inLanguage":"pt-BR"},{"@type":"Organization","@id":"https:\/\/www.ivanabeaumond.com.br\/vestidos-noiva\/#organization","name":"Vestido de Noiva RJ","url":"https:\/\/www.ivanabeaumond.com.br\/vestidos-noiva\/","logo":{"@type":"ImageObject","inLanguage":"pt-BR","@id":"https:\/\/www.ivanabeaumond.com.br\/vestidos-noiva\/#\/schema\/logo\/image\/","url":"https:\/\/www.ivanabeaumond.com.br\/vestidos-noiva\/wp-content\/uploads\/2018\/02\/logo_ivana_beaumond-2.png","contentUrl":"https:\/\/www.ivanabeaumond.com.br\/vestidos-noiva\/wp-content\/uploads\/2018\/02\/logo_ivana_beaumond-2.png","width":230,"height":112,"caption":"Vestido de Noiva RJ"},"image":{"@id":"https:\/\/www.ivanabeaumond.com.br\/vestidos-noiva\/#\/schema\/logo\/image\/"},"sameAs":["https:\/\/www.facebook.com\/ivana.beaumondnoivas","https:\/\/www.instagram.com\/ivanabeaumond\/","https:\/\/www.tiktok.com\/@ivanabeaumond"]},{"@type":"Person","@id":"https:\/\/www.ivanabeaumond.com.br\/vestidos-noiva\/#\/schema\/person\/1a360c4cffa3b806d29a456389dcff26","name":"Ivana Beaumond Paris","image":{"@type":"ImageObject","inLanguage":"pt-BR","@id":"https:\/\/www.ivanabeaumond.com.br\/vestidos-noiva\/#\/schema\/person\/image\/","url":"https:\/\/secure.gravatar.com\/avatar\/641f98db20b53ec937ceb641db4270b9?s=96&d=mm&r=g","contentUrl":"https:\/\/secure.gravatar.com\/avatar\/641f98db20b53ec937ceb641db4270b9?s=96&d=mm&r=g","caption":"Ivana Beaumond Paris"},"url":"https:\/\/www.ivanabeaumond.com.br\/vestidos-noiva\/author\/ivana\/"}]}},"_links":{"self":[{"href":"https:\/\/www.ivanabeaumond.com.br\/vestidos-noiva\/wp-json\/wp\/v2\/posts\/14784"}],"collection":[{"href":"https:\/\/www.ivanabeaumond.com.br\/vestidos-noiva\/wp-json\/wp\/v2\/posts"}],"about":[{"href":"https:\/\/www.ivanabeaumond.com.br\/vestidos-noiva\/wp-json\/wp\/v2\/types\/post"}],"author":[{"embeddable":true,"href":"https:\/\/www.ivanabeaumond.com.br\/vestidos-noiva\/wp-json\/wp\/v2\/users\/4"}],"replies":[{"embeddable":true,"href":"https:\/\/www.ivanabeaumond.com.br\/vestidos-noiva\/wp-json\/wp\/v2\/comments?post=14784"}],"version-history":[{"count":2,"href":"https:\/\/www.ivanabeaumond.com.br\/vestidos-noiva\/wp-json\/wp\/v2\/posts\/14784\/revisions"}],"predecessor-version":[{"id":14802,"href":"https:\/\/www.ivanabeaumond.com.br\/vestidos-noiva\/wp-json\/wp\/v2\/posts\/14784\/revisions\/14802"}],"wp:featuredmedia":[{"embeddable":true,"href":"https:\/\/www.ivanabeaumond.com.br\/vestidos-noiva\/wp-json\/wp\/v2\/media\/14789"}],"wp:attachment":[{"href":"https:\/\/www.ivanabeaumond.com.br\/vestidos-noiva\/wp-json\/wp\/v2\/media?parent=14784"}],"wp:term":[{"taxonomy":"category","embeddable":true,"href":"https:\/\/www.ivanabeaumond.com.br\/vestidos-noiva\/wp-json\/wp\/v2\/categories?post=14784"},{"taxonomy":"post_tag","embeddable":true,"href":"https:\/\/www.ivanabeaumond.com.br\/vestidos-noiva\/wp-json\/wp\/v2\/tags?post=14784"}],"curies":[{"name":"wp","href":"https:\/\/api.w.org\/{rel}","templated":true}]}}