{"id":14929,"date":"2018-05-29T01:25:57","date_gmt":"2018-05-29T04:25:57","guid":{"rendered":"http:\/\/www.ivanabeaumond.com.br\/vestidos-noiva\/?p=14929"},"modified":"2018-06-04T18:43:01","modified_gmt":"2018-06-04T21:43:01","slug":"atelier-ivana-beaumond-se-inspira-em-vestido-de-noiva-da-duquesa-meghan","status":"publish","type":"post","link":"https:\/\/www.ivanabeaumond.com.br\/vestidos-noiva\/atelier-ivana-beaumond-se-inspira-em-vestido-de-noiva-da-duquesa-meghan\/","title":{"rendered":"Atelier Ivana Beaumond, se inspira em Vestido de Noiva da Duquesa Meghan&#8230;"},"content":{"rendered":"<h4 style=\"text-align: justify;\"><span style=\"color: #999999;\">A Duquesa de Sussex\u00a0surpreeendeu \u00e0 todos com um vestido\u00a0Givenchy\u00a0por\u00a0Clare Waigh Keller, conhecida por suas cria\u00e7\u00f5es minimalista para a\u00a0maison Chlo\u00e9. Segundo o\u00a0Pal\u00e1cio Real: -\u201cO vestido \u00e9 a tradu\u00e7\u00e3o da gra\u00e7a da eleg\u00e2ncia minimalista da\u00a0Maison Givenchy, com a oportunidade de mostrar ao mundo a qualidade de suas cria\u00e7\u00f5es haute couture desde 1952.\u201d \u2013 afirmaram.<\/span><\/h4>\n<p><span style=\"color: #ffffff;\">&#8211;<\/span><\/p>\n<p><a href=\"http:\/\/www.ivanabeaumond.com.br\/vestidos-noiva\/wp-content\/uploads\/2018\/05\/Casamento-de-Harry_e-Meghan-Vestido-de-noiva-Meghan_casamentorj-duquesa-principe-7.jpg\"><img decoding=\"async\" loading=\"lazy\" class=\"aligncenter size-large wp-image-14937\" src=\"http:\/\/www.ivanabeaumond.com.br\/vestidos-noiva\/wp-content\/uploads\/2018\/05\/Casamento-de-Harry_e-Meghan-Vestido-de-noiva-Meghan_casamentorj-duquesa-principe-7-794x1024.jpg\" alt=\"Casamento-de-Harry_e-Meghan-Vestido-de-noiva-Meghan_casamentorj-duquesa-principe (7)\" width=\"794\" height=\"1024\" srcset=\"https:\/\/www.ivanabeaumond.com.br\/vestidos-noiva\/wp-content\/uploads\/2018\/05\/Casamento-de-Harry_e-Meghan-Vestido-de-noiva-Meghan_casamentorj-duquesa-principe-7-794x1024.jpg 794w, https:\/\/www.ivanabeaumond.com.br\/vestidos-noiva\/wp-content\/uploads\/2018\/05\/Casamento-de-Harry_e-Meghan-Vestido-de-noiva-Meghan_casamentorj-duquesa-principe-7-233x300.jpg 233w, https:\/\/www.ivanabeaumond.com.br\/vestidos-noiva\/wp-content\/uploads\/2018\/05\/Casamento-de-Harry_e-Meghan-Vestido-de-noiva-Meghan_casamentorj-duquesa-principe-7.jpg 992w\" sizes=\"(max-width: 794px) 100vw, 794px\" \/><\/a><\/p>\n<p><span style=\"color: #ffffff;\">&#8211;<\/span><\/p>\n<p><a href=\"http:\/\/www.ivanabeaumond.com.br\/vestidos-noiva\/wp-content\/uploads\/2018\/05\/Casamento-de-Harry_e-Meghan-Vestido-de-noiva-Meghan_casamentorj-duquesa-principe-4.jpg\"><img decoding=\"async\" loading=\"lazy\" class=\"aligncenter size-full wp-image-14934\" src=\"http:\/\/www.ivanabeaumond.com.br\/vestidos-noiva\/wp-content\/uploads\/2018\/05\/Casamento-de-Harry_e-Meghan-Vestido-de-noiva-Meghan_casamentorj-duquesa-principe-4.jpg\" alt=\"Casamento-de-Harry_e-Meghan-Vestido-de-noiva-Meghan_casamentorj-duquesa-principe (4)\" width=\"768\" height=\"512\" srcset=\"https:\/\/www.ivanabeaumond.com.br\/vestidos-noiva\/wp-content\/uploads\/2018\/05\/Casamento-de-Harry_e-Meghan-Vestido-de-noiva-Meghan_casamentorj-duquesa-principe-4.jpg 768w, https:\/\/www.ivanabeaumond.com.br\/vestidos-noiva\/wp-content\/uploads\/2018\/05\/Casamento-de-Harry_e-Meghan-Vestido-de-noiva-Meghan_casamentorj-duquesa-principe-4-300x200.jpg 300w, https:\/\/www.ivanabeaumond.com.br\/vestidos-noiva\/wp-content\/uploads\/2018\/05\/Casamento-de-Harry_e-Meghan-Vestido-de-noiva-Meghan_casamentorj-duquesa-principe-4-480x320.jpg 480w\" sizes=\"(max-width: 768px) 100vw, 768px\" \/><\/a><\/p>\n<p>&nbsp;<\/p>\n<h4 style=\"text-align: justify;\"><span style=\"color: #ffffff;\">&#8211;<\/span><\/h4>\n<h4 style=\"text-align: justify;\"><span style=\"color: #ffffff;\">&#8211;<\/span><\/h4>\n<h4 style=\"text-align: justify;\"><span style=\"color: #999999;\">O vestido tem uma gola ombro-a-ombro e era feito todo de seda, com caimento perfeito e uma enorme cauda.\u00a0 Uma n\u00edtida homenagem \u00e0\u00a0Angela de Liechtenstein, primeira Noiva negra da monarquia ocidental, que se casou com o pr\u00edncipe\u00a0Maximiliano de Liechtenstein\u00a0em 29.01.2000, em\u00a0Nova York. Tamb\u00e9m podemos perceber uma clara alus\u00e3o \u00e0 eleg\u00e2ncia norte-americana de\u00a0Jacqueline Kennedy. A beleza, assinada por\u00a0Daniel Martin, contou com produtos\u00a0Dior, um batom bem suave e rosado na boca \u2013 do tipo acetinado, sardas aparecendo (marca registrada de Meghan) e olhos com c\u00edlios posti\u00e7os poderosos.<\/span><\/h4>\n<p><span style=\"color: #ffffff;\">&#8211;<\/span><\/p>\n<p><a href=\"http:\/\/www.ivanabeaumond.com.br\/vestidos-noiva\/wp-content\/uploads\/2018\/05\/Casamento-de-Harry_e-Meghan-Vestido-de-noiva-Meghan_casamentorj-duquesa-principe-1.jpg\"><img decoding=\"async\" loading=\"lazy\" class=\"aligncenter size-full wp-image-14931\" src=\"http:\/\/www.ivanabeaumond.com.br\/vestidos-noiva\/wp-content\/uploads\/2018\/05\/Casamento-de-Harry_e-Meghan-Vestido-de-noiva-Meghan_casamentorj-duquesa-principe-1.jpg\" alt=\"Casamento-de-Harry_e-Meghan-Vestido-de-noiva-Meghan_casamentorj-duquesa-principe (1)\" width=\"768\" height=\"515\" srcset=\"https:\/\/www.ivanabeaumond.com.br\/vestidos-noiva\/wp-content\/uploads\/2018\/05\/Casamento-de-Harry_e-Meghan-Vestido-de-noiva-Meghan_casamentorj-duquesa-principe-1.jpg 768w, https:\/\/www.ivanabeaumond.com.br\/vestidos-noiva\/wp-content\/uploads\/2018\/05\/Casamento-de-Harry_e-Meghan-Vestido-de-noiva-Meghan_casamentorj-duquesa-principe-1-300x201.jpg 300w\" sizes=\"(max-width: 768px) 100vw, 768px\" \/><\/a><\/p>\n<p><span style=\"color: #ffffff;\">&#8211;<\/span><\/p>\n<p><span style=\"color: #ffffff;\">&#8211;<\/span><\/p>\n<h4 style=\"text-align: justify;\"><span style=\"color: #999999;\">Estamos apaixonados pelo segundo vestido\u00a0Stella Mccartney\u00a0da\u00a0Duquesa de Sussex\u00a0com gola alta em puro crepe de seda, e \u00e9 claro, por\u00a0Harry\u00a0de\u00a0Black Tie. E, em sintonia com o vestido de Noiva de modelagem \u201canos 60\u201d usado por\u00a0Meghan\u00a0na cerim\u00f4nia,\u00a0Harry\u00a0escolhe dirigir um charmoso\u00a0Jaguar azul do ano de 1968 \u2013 este ano t\u00e3o emblem\u00e1tico e\u2026 revolucion\u00e1rio, como este casamento.<\/span><\/h4>\n<p><span style=\"color: #ffffff;\">&#8211;<\/span><\/p>\n<p><a href=\"http:\/\/www.ivanabeaumond.com.br\/vestidos-noiva\/wp-content\/uploads\/2018\/05\/Casamento-de-Harry_e-Meghan-Vestido-de-noiva-Meghan_casamentorj-duquesa-principe-6.jpg\"><img decoding=\"async\" loading=\"lazy\" class=\"aligncenter size-full wp-image-14936\" src=\"http:\/\/www.ivanabeaumond.com.br\/vestidos-noiva\/wp-content\/uploads\/2018\/05\/Casamento-de-Harry_e-Meghan-Vestido-de-noiva-Meghan_casamentorj-duquesa-principe-6.jpg\" alt=\"Casamento-de-Harry_e-Meghan-Vestido-de-noiva-Meghan_casamentorj-duquesa-principe (6)\" width=\"768\" height=\"768\" srcset=\"https:\/\/www.ivanabeaumond.com.br\/vestidos-noiva\/wp-content\/uploads\/2018\/05\/Casamento-de-Harry_e-Meghan-Vestido-de-noiva-Meghan_casamentorj-duquesa-principe-6.jpg 768w, https:\/\/www.ivanabeaumond.com.br\/vestidos-noiva\/wp-content\/uploads\/2018\/05\/Casamento-de-Harry_e-Meghan-Vestido-de-noiva-Meghan_casamentorj-duquesa-principe-6-150x150.jpg 150w, https:\/\/www.ivanabeaumond.com.br\/vestidos-noiva\/wp-content\/uploads\/2018\/05\/Casamento-de-Harry_e-Meghan-Vestido-de-noiva-Meghan_casamentorj-duquesa-principe-6-300x300.jpg 300w, https:\/\/www.ivanabeaumond.com.br\/vestidos-noiva\/wp-content\/uploads\/2018\/05\/Casamento-de-Harry_e-Meghan-Vestido-de-noiva-Meghan_casamentorj-duquesa-principe-6-520x520.jpg 520w\" sizes=\"(max-width: 768px) 100vw, 768px\" \/><\/a><\/p>\n<p>&nbsp;<\/p>\n<h4 style=\"text-align: justify;\"><span style=\"color: #999999;\">E para a inspira\u00e7\u00e3o, trouxemos o Modelo de Vestido de Noiva com as mesmas refer\u00eancias, com um toque da Estilista Espanhola Rosa clar\u00e1, dispon\u00edvel em nosso Atelier:<\/span><br \/>\n<span style=\"color: #ffffff;\">&#8211;<\/span><\/h4>\n<p><a href=\"http:\/\/www.ivanabeaumond.com.br\/vestidos-noiva\/wp-content\/uploads\/2018\/05\/Casamento-de-Harry_e-Meghan-Vestido-de-noiva-Meghan_casamentorj-duquesa-principe-2.jpg\"><img decoding=\"async\" loading=\"lazy\" class=\"aligncenter size-large wp-image-14932\" src=\"http:\/\/www.ivanabeaumond.com.br\/vestidos-noiva\/wp-content\/uploads\/2018\/05\/Casamento-de-Harry_e-Meghan-Vestido-de-noiva-Meghan_casamentorj-duquesa-principe-2-794x1024.jpg\" alt=\"Casamento-de-Harry_e-Meghan-Vestido-de-noiva-Meghan_casamentorj-duquesa-principe (2)\" width=\"794\" height=\"1024\" srcset=\"https:\/\/www.ivanabeaumond.com.br\/vestidos-noiva\/wp-content\/uploads\/2018\/05\/Casamento-de-Harry_e-Meghan-Vestido-de-noiva-Meghan_casamentorj-duquesa-principe-2-794x1024.jpg 794w, https:\/\/www.ivanabeaumond.com.br\/vestidos-noiva\/wp-content\/uploads\/2018\/05\/Casamento-de-Harry_e-Meghan-Vestido-de-noiva-Meghan_casamentorj-duquesa-principe-2-233x300.jpg 233w\" sizes=\"(max-width: 794px) 100vw, 794px\" \/><\/a> <a href=\"http:\/\/www.ivanabeaumond.com.br\/vestidos-noiva\/wp-content\/uploads\/2018\/05\/Casamento-de-Harry_e-Meghan-Vestido-de-noiva-Meghan_casamentorj-duquesa-principe-3.jpg\"><img decoding=\"async\" loading=\"lazy\" class=\"aligncenter  wp-image-14933\" src=\"http:\/\/www.ivanabeaumond.com.br\/vestidos-noiva\/wp-content\/uploads\/2018\/05\/Casamento-de-Harry_e-Meghan-Vestido-de-noiva-Meghan_casamentorj-duquesa-principe-3-819x1024.jpg\" alt=\"Casamento-de-Harry_e-Meghan-Vestido-de-noiva-Meghan_casamentorj-duquesa-principe (3)\" width=\"795\" height=\"994\" srcset=\"https:\/\/www.ivanabeaumond.com.br\/vestidos-noiva\/wp-content\/uploads\/2018\/05\/Casamento-de-Harry_e-Meghan-Vestido-de-noiva-Meghan_casamentorj-duquesa-principe-3-819x1024.jpg 819w, https:\/\/www.ivanabeaumond.com.br\/vestidos-noiva\/wp-content\/uploads\/2018\/05\/Casamento-de-Harry_e-Meghan-Vestido-de-noiva-Meghan_casamentorj-duquesa-principe-3-240x300.jpg 240w, https:\/\/www.ivanabeaumond.com.br\/vestidos-noiva\/wp-content\/uploads\/2018\/05\/Casamento-de-Harry_e-Meghan-Vestido-de-noiva-Meghan_casamentorj-duquesa-principe-3.jpg 1536w\" sizes=\"(max-width: 795px) 100vw, 795px\" \/><\/a><\/p>\n<p>&nbsp;<\/p>\n<p><span style=\"color: #ffffff;\">&#8211;<\/span><\/p>\n<p><span style=\"color: #ffffff;\">&#8211;<\/span><\/p>\n<p><span style=\"color: #ffffff;\">&#8211;<\/span><\/p>\n<div class=\"post_content_holder\">\n<div class=\"post_text\">\n<h4 style=\"text-align: justify;\"><span style=\"color: #999999;\">Gostou? Siga nosso instagram\u00a0<span style=\"color: #0000ff;\"><a style=\"color: #0000ff;\" href=\"https:\/\/www.instagram.com\/ivanabeaumond\/\">@ivanabeaumond<\/a><\/span>\u00a0e curta nossa fanpage\u00a0<span style=\"color: #0000ff;\"><a style=\"color: #0000ff;\" href=\"https:\/\/www.facebook.com\/IvanaBeaumond\/\">Ivana Beaumond<\/a>\u00a0<\/span>e fique por dentro de tudo o que rola no mundo das noivas e conhe\u00e7a nossos Melhores Modelos de Vestidos de Noivas Nacionais, Importados e Sob Medida.<\/span><\/h4>\n<\/div>\n<\/div>\n<div class=\"single_tags\"><\/div>\n","protected":false},"excerpt":{"rendered":"<p>A Duquesa de Sussex\u00a0surpreeendeu \u00e0 todos com um vestido\u00a0Givenchy\u00a0por\u00a0Clare Waigh&#8230;<\/p>\n","protected":false},"author":4,"featured_media":14935,"comment_status":"closed","ping_status":"closed","sticky":false,"template":"","format":"standard","meta":[],"categories":[128],"tags":[172,159,131,96,161,156,160,173,99,100,162,157,174,163,158,149,143,115],"yoast_head":"<!-- This site is optimized with the Yoast SEO plugin v20.3 - https:\/\/yoast.com\/wordpress\/plugins\/seo\/ -->\n<title>Atelier Ivana Beaumond, se inspira em Vestido de Noiva da Duquesa Meghan... - Vestido de Noiva RJ<\/title>\n<meta name=\"robots\" content=\"index, follow, max-snippet:-1, max-image-preview:large, max-video-preview:-1\" \/>\n<link rel=\"canonical\" href=\"https:\/\/www.ivanabeaumond.com.br\/vestidos-noiva\/atelier-ivana-beaumond-se-inspira-em-vestido-de-noiva-da-duquesa-meghan\/\" \/>\n<meta property=\"og:locale\" content=\"pt_BR\" \/>\n<meta property=\"og:type\" content=\"article\" \/>\n<meta property=\"og:title\" content=\"Atelier Ivana Beaumond, se inspira em Vestido de Noiva da Duquesa Meghan... - Vestido de Noiva RJ\" \/>\n<meta property=\"og:description\" content=\"A Duquesa de Sussex\u00a0surpreeendeu \u00e0 todos com um vestido\u00a0Givenchy\u00a0por\u00a0Clare Waigh...\" \/>\n<meta property=\"og:url\" content=\"https:\/\/www.ivanabeaumond.com.br\/vestidos-noiva\/atelier-ivana-beaumond-se-inspira-em-vestido-de-noiva-da-duquesa-meghan\/\" \/>\n<meta property=\"og:site_name\" content=\"Vestido de Noiva RJ\" \/>\n<meta property=\"article:publisher\" content=\"https:\/\/www.facebook.com\/ivana.beaumondnoivas\" \/>\n<meta property=\"article:published_time\" content=\"2018-05-29T04:25:57+00:00\" \/>\n<meta property=\"article:modified_time\" content=\"2018-06-04T21:43:01+00:00\" \/>\n<meta property=\"og:image\" content=\"https:\/\/www.ivanabeaumond.com.br\/vestidos-noiva\/wp-content\/uploads\/2018\/05\/Casamento-de-Harry_e-Meghan-Vestido-de-noiva-Meghan_casamentorj-duquesa-principe-5.jpg\" \/>\n\t<meta property=\"og:image:width\" content=\"768\" \/>\n\t<meta property=\"og:image:height\" content=\"513\" \/>\n\t<meta property=\"og:image:type\" content=\"image\/jpeg\" \/>\n<meta name=\"author\" content=\"Ivana Beaumond Paris\" \/>\n<meta name=\"twitter:card\" content=\"summary_large_image\" \/>\n<meta name=\"twitter:label1\" content=\"Escrito por\" \/>\n\t<meta name=\"twitter:data1\" content=\"Ivana Beaumond Paris\" \/>\n\t<meta name=\"twitter:label2\" content=\"Est. tempo de leitura\" \/>\n\t<meta name=\"twitter:data2\" content=\"2 minutos\" \/>\n<script type=\"application\/ld+json\" class=\"yoast-schema-graph\">{\"@context\":\"https:\/\/schema.org\",\"@graph\":[{\"@type\":\"Article\",\"@id\":\"https:\/\/www.ivanabeaumond.com.br\/vestidos-noiva\/atelier-ivana-beaumond-se-inspira-em-vestido-de-noiva-da-duquesa-meghan\/#article\",\"isPartOf\":{\"@id\":\"https:\/\/www.ivanabeaumond.com.br\/vestidos-noiva\/atelier-ivana-beaumond-se-inspira-em-vestido-de-noiva-da-duquesa-meghan\/\"},\"author\":{\"name\":\"Ivana Beaumond Paris\",\"@id\":\"https:\/\/www.ivanabeaumond.com.br\/vestidos-noiva\/#\/schema\/person\/1a360c4cffa3b806d29a456389dcff26\"},\"headline\":\"Atelier Ivana Beaumond, se inspira em Vestido de Noiva da Duquesa Meghan&#8230;\",\"datePublished\":\"2018-05-29T04:25:57+00:00\",\"dateModified\":\"2018-06-04T21:43:01+00:00\",\"mainEntityOfPage\":{\"@id\":\"https:\/\/www.ivanabeaumond.com.br\/vestidos-noiva\/atelier-ivana-beaumond-se-inspira-em-vestido-de-noiva-da-duquesa-meghan\/\"},\"wordCount\":318,\"publisher\":{\"@id\":\"https:\/\/www.ivanabeaumond.com.br\/vestidos-noiva\/#organization\"},\"keywords\":[\"15 anos\",\"alian\u00e7as\",\"aluguel de roupas\",\"casamento\",\"casamento blindado\",\"casamento no civil\",\"daminhas\",\"debutantes\",\"felicidade\",\"festa\",\"festas\",\"noiva e noivo\",\"princesas\",\"sob medida\",\"traje de noivo\",\"vestido de 15 anos\",\"vestido de debutante\",\"vestido de noiva\"],\"articleSection\":[\"Na M\u00eddia\"],\"inLanguage\":\"pt-BR\"},{\"@type\":\"WebPage\",\"@id\":\"https:\/\/www.ivanabeaumond.com.br\/vestidos-noiva\/atelier-ivana-beaumond-se-inspira-em-vestido-de-noiva-da-duquesa-meghan\/\",\"url\":\"https:\/\/www.ivanabeaumond.com.br\/vestidos-noiva\/atelier-ivana-beaumond-se-inspira-em-vestido-de-noiva-da-duquesa-meghan\/\",\"name\":\"Atelier Ivana Beaumond, se inspira em Vestido de Noiva da Duquesa Meghan... - Vestido de Noiva RJ\",\"isPartOf\":{\"@id\":\"https:\/\/www.ivanabeaumond.com.br\/vestidos-noiva\/#website\"},\"datePublished\":\"2018-05-29T04:25:57+00:00\",\"dateModified\":\"2018-06-04T21:43:01+00:00\",\"breadcrumb\":{\"@id\":\"https:\/\/www.ivanabeaumond.com.br\/vestidos-noiva\/atelier-ivana-beaumond-se-inspira-em-vestido-de-noiva-da-duquesa-meghan\/#breadcrumb\"},\"inLanguage\":\"pt-BR\",\"potentialAction\":[{\"@type\":\"ReadAction\",\"target\":[\"https:\/\/www.ivanabeaumond.com.br\/vestidos-noiva\/atelier-ivana-beaumond-se-inspira-em-vestido-de-noiva-da-duquesa-meghan\/\"]}]},{\"@type\":\"BreadcrumbList\",\"@id\":\"https:\/\/www.ivanabeaumond.com.br\/vestidos-noiva\/atelier-ivana-beaumond-se-inspira-em-vestido-de-noiva-da-duquesa-meghan\/#breadcrumb\",\"itemListElement\":[{\"@type\":\"ListItem\",\"position\":1,\"name\":\"In\u00edcio\",\"item\":\"https:\/\/www.ivanabeaumond.com.br\/vestidos-noiva\/\"},{\"@type\":\"ListItem\",\"position\":2,\"name\":\"Atelier Ivana Beaumond, se inspira em Vestido de Noiva da Duquesa Meghan&#8230;\"}]},{\"@type\":\"WebSite\",\"@id\":\"https:\/\/www.ivanabeaumond.com.br\/vestidos-noiva\/#website\",\"url\":\"https:\/\/www.ivanabeaumond.com.br\/vestidos-noiva\/\",\"name\":\"Vestido de Noiva RJ\",\"description\":\"Moda Noiva\",\"publisher\":{\"@id\":\"https:\/\/www.ivanabeaumond.com.br\/vestidos-noiva\/#organization\"},\"potentialAction\":[{\"@type\":\"SearchAction\",\"target\":{\"@type\":\"EntryPoint\",\"urlTemplate\":\"https:\/\/www.ivanabeaumond.com.br\/vestidos-noiva\/?s={search_term_string}\"},\"query-input\":\"required name=search_term_string\"}],\"inLanguage\":\"pt-BR\"},{\"@type\":\"Organization\",\"@id\":\"https:\/\/www.ivanabeaumond.com.br\/vestidos-noiva\/#organization\",\"name\":\"Vestido de Noiva RJ\",\"url\":\"https:\/\/www.ivanabeaumond.com.br\/vestidos-noiva\/\",\"logo\":{\"@type\":\"ImageObject\",\"inLanguage\":\"pt-BR\",\"@id\":\"https:\/\/www.ivanabeaumond.com.br\/vestidos-noiva\/#\/schema\/logo\/image\/\",\"url\":\"https:\/\/www.ivanabeaumond.com.br\/vestidos-noiva\/wp-content\/uploads\/2018\/02\/logo_ivana_beaumond-2.png\",\"contentUrl\":\"https:\/\/www.ivanabeaumond.com.br\/vestidos-noiva\/wp-content\/uploads\/2018\/02\/logo_ivana_beaumond-2.png\",\"width\":230,\"height\":112,\"caption\":\"Vestido de Noiva RJ\"},\"image\":{\"@id\":\"https:\/\/www.ivanabeaumond.com.br\/vestidos-noiva\/#\/schema\/logo\/image\/\"},\"sameAs\":[\"https:\/\/www.facebook.com\/ivana.beaumondnoivas\",\"https:\/\/www.instagram.com\/ivanabeaumond\/\",\"https:\/\/www.tiktok.com\/@ivanabeaumond\"]},{\"@type\":\"Person\",\"@id\":\"https:\/\/www.ivanabeaumond.com.br\/vestidos-noiva\/#\/schema\/person\/1a360c4cffa3b806d29a456389dcff26\",\"name\":\"Ivana Beaumond Paris\",\"image\":{\"@type\":\"ImageObject\",\"inLanguage\":\"pt-BR\",\"@id\":\"https:\/\/www.ivanabeaumond.com.br\/vestidos-noiva\/#\/schema\/person\/image\/\",\"url\":\"https:\/\/secure.gravatar.com\/avatar\/641f98db20b53ec937ceb641db4270b9?s=96&d=mm&r=g\",\"contentUrl\":\"https:\/\/secure.gravatar.com\/avatar\/641f98db20b53ec937ceb641db4270b9?s=96&d=mm&r=g\",\"caption\":\"Ivana Beaumond Paris\"},\"url\":\"https:\/\/www.ivanabeaumond.com.br\/vestidos-noiva\/author\/ivana\/\"}]}<\/script>\n<!-- \/ Yoast SEO plugin. -->","yoast_head_json":{"title":"Atelier Ivana Beaumond, se inspira em Vestido de Noiva da Duquesa Meghan... - Vestido de Noiva RJ","robots":{"index":"index","follow":"follow","max-snippet":"max-snippet:-1","max-image-preview":"max-image-preview:large","max-video-preview":"max-video-preview:-1"},"canonical":"https:\/\/www.ivanabeaumond.com.br\/vestidos-noiva\/atelier-ivana-beaumond-se-inspira-em-vestido-de-noiva-da-duquesa-meghan\/","og_locale":"pt_BR","og_type":"article","og_title":"Atelier Ivana Beaumond, se inspira em Vestido de Noiva da Duquesa Meghan... - Vestido de Noiva RJ","og_description":"A Duquesa de Sussex\u00a0surpreeendeu \u00e0 todos com um vestido\u00a0Givenchy\u00a0por\u00a0Clare Waigh...","og_url":"https:\/\/www.ivanabeaumond.com.br\/vestidos-noiva\/atelier-ivana-beaumond-se-inspira-em-vestido-de-noiva-da-duquesa-meghan\/","og_site_name":"Vestido de Noiva RJ","article_publisher":"https:\/\/www.facebook.com\/ivana.beaumondnoivas","article_published_time":"2018-05-29T04:25:57+00:00","article_modified_time":"2018-06-04T21:43:01+00:00","og_image":[{"width":768,"height":513,"url":"https:\/\/www.ivanabeaumond.com.br\/vestidos-noiva\/wp-content\/uploads\/2018\/05\/Casamento-de-Harry_e-Meghan-Vestido-de-noiva-Meghan_casamentorj-duquesa-principe-5.jpg","type":"image\/jpeg"}],"author":"Ivana Beaumond Paris","twitter_card":"summary_large_image","twitter_misc":{"Escrito por":"Ivana Beaumond Paris","Est. tempo de leitura":"2 minutos"},"schema":{"@context":"https:\/\/schema.org","@graph":[{"@type":"Article","@id":"https:\/\/www.ivanabeaumond.com.br\/vestidos-noiva\/atelier-ivana-beaumond-se-inspira-em-vestido-de-noiva-da-duquesa-meghan\/#article","isPartOf":{"@id":"https:\/\/www.ivanabeaumond.com.br\/vestidos-noiva\/atelier-ivana-beaumond-se-inspira-em-vestido-de-noiva-da-duquesa-meghan\/"},"author":{"name":"Ivana Beaumond Paris","@id":"https:\/\/www.ivanabeaumond.com.br\/vestidos-noiva\/#\/schema\/person\/1a360c4cffa3b806d29a456389dcff26"},"headline":"Atelier Ivana Beaumond, se inspira em Vestido de Noiva da Duquesa Meghan&#8230;","datePublished":"2018-05-29T04:25:57+00:00","dateModified":"2018-06-04T21:43:01+00:00","mainEntityOfPage":{"@id":"https:\/\/www.ivanabeaumond.com.br\/vestidos-noiva\/atelier-ivana-beaumond-se-inspira-em-vestido-de-noiva-da-duquesa-meghan\/"},"wordCount":318,"publisher":{"@id":"https:\/\/www.ivanabeaumond.com.br\/vestidos-noiva\/#organization"},"keywords":["15 anos","alian\u00e7as","aluguel de roupas","casamento","casamento blindado","casamento no civil","daminhas","debutantes","felicidade","festa","festas","noiva e noivo","princesas","sob medida","traje de noivo","vestido de 15 anos","vestido de debutante","vestido de noiva"],"articleSection":["Na M\u00eddia"],"inLanguage":"pt-BR"},{"@type":"WebPage","@id":"https:\/\/www.ivanabeaumond.com.br\/vestidos-noiva\/atelier-ivana-beaumond-se-inspira-em-vestido-de-noiva-da-duquesa-meghan\/","url":"https:\/\/www.ivanabeaumond.com.br\/vestidos-noiva\/atelier-ivana-beaumond-se-inspira-em-vestido-de-noiva-da-duquesa-meghan\/","name":"Atelier Ivana Beaumond, se inspira em Vestido de Noiva da Duquesa Meghan... - Vestido de Noiva RJ","isPartOf":{"@id":"https:\/\/www.ivanabeaumond.com.br\/vestidos-noiva\/#website"},"datePublished":"2018-05-29T04:25:57+00:00","dateModified":"2018-06-04T21:43:01+00:00","breadcrumb":{"@id":"https:\/\/www.ivanabeaumond.com.br\/vestidos-noiva\/atelier-ivana-beaumond-se-inspira-em-vestido-de-noiva-da-duquesa-meghan\/#breadcrumb"},"inLanguage":"pt-BR","potentialAction":[{"@type":"ReadAction","target":["https:\/\/www.ivanabeaumond.com.br\/vestidos-noiva\/atelier-ivana-beaumond-se-inspira-em-vestido-de-noiva-da-duquesa-meghan\/"]}]},{"@type":"BreadcrumbList","@id":"https:\/\/www.ivanabeaumond.com.br\/vestidos-noiva\/atelier-ivana-beaumond-se-inspira-em-vestido-de-noiva-da-duquesa-meghan\/#breadcrumb","itemListElement":[{"@type":"ListItem","position":1,"name":"In\u00edcio","item":"https:\/\/www.ivanabeaumond.com.br\/vestidos-noiva\/"},{"@type":"ListItem","position":2,"name":"Atelier Ivana Beaumond, se inspira em Vestido de Noiva da Duquesa Meghan&#8230;"}]},{"@type":"WebSite","@id":"https:\/\/www.ivanabeaumond.com.br\/vestidos-noiva\/#website","url":"https:\/\/www.ivanabeaumond.com.br\/vestidos-noiva\/","name":"Vestido de Noiva RJ","description":"Moda Noiva","publisher":{"@id":"https:\/\/www.ivanabeaumond.com.br\/vestidos-noiva\/#organization"},"potentialAction":[{"@type":"SearchAction","target":{"@type":"EntryPoint","urlTemplate":"https:\/\/www.ivanabeaumond.com.br\/vestidos-noiva\/?s={search_term_string}"},"query-input":"required name=search_term_string"}],"inLanguage":"pt-BR"},{"@type":"Organization","@id":"https:\/\/www.ivanabeaumond.com.br\/vestidos-noiva\/#organization","name":"Vestido de Noiva RJ","url":"https:\/\/www.ivanabeaumond.com.br\/vestidos-noiva\/","logo":{"@type":"ImageObject","inLanguage":"pt-BR","@id":"https:\/\/www.ivanabeaumond.com.br\/vestidos-noiva\/#\/schema\/logo\/image\/","url":"https:\/\/www.ivanabeaumond.com.br\/vestidos-noiva\/wp-content\/uploads\/2018\/02\/logo_ivana_beaumond-2.png","contentUrl":"https:\/\/www.ivanabeaumond.com.br\/vestidos-noiva\/wp-content\/uploads\/2018\/02\/logo_ivana_beaumond-2.png","width":230,"height":112,"caption":"Vestido de Noiva RJ"},"image":{"@id":"https:\/\/www.ivanabeaumond.com.br\/vestidos-noiva\/#\/schema\/logo\/image\/"},"sameAs":["https:\/\/www.facebook.com\/ivana.beaumondnoivas","https:\/\/www.instagram.com\/ivanabeaumond\/","https:\/\/www.tiktok.com\/@ivanabeaumond"]},{"@type":"Person","@id":"https:\/\/www.ivanabeaumond.com.br\/vestidos-noiva\/#\/schema\/person\/1a360c4cffa3b806d29a456389dcff26","name":"Ivana Beaumond Paris","image":{"@type":"ImageObject","inLanguage":"pt-BR","@id":"https:\/\/www.ivanabeaumond.com.br\/vestidos-noiva\/#\/schema\/person\/image\/","url":"https:\/\/secure.gravatar.com\/avatar\/641f98db20b53ec937ceb641db4270b9?s=96&d=mm&r=g","contentUrl":"https:\/\/secure.gravatar.com\/avatar\/641f98db20b53ec937ceb641db4270b9?s=96&d=mm&r=g","caption":"Ivana Beaumond Paris"},"url":"https:\/\/www.ivanabeaumond.com.br\/vestidos-noiva\/author\/ivana\/"}]}},"_links":{"self":[{"href":"https:\/\/www.ivanabeaumond.com.br\/vestidos-noiva\/wp-json\/wp\/v2\/posts\/14929"}],"collection":[{"href":"https:\/\/www.ivanabeaumond.com.br\/vestidos-noiva\/wp-json\/wp\/v2\/posts"}],"about":[{"href":"https:\/\/www.ivanabeaumond.com.br\/vestidos-noiva\/wp-json\/wp\/v2\/types\/post"}],"author":[{"embeddable":true,"href":"https:\/\/www.ivanabeaumond.com.br\/vestidos-noiva\/wp-json\/wp\/v2\/users\/4"}],"replies":[{"embeddable":true,"href":"https:\/\/www.ivanabeaumond.com.br\/vestidos-noiva\/wp-json\/wp\/v2\/comments?post=14929"}],"version-history":[{"count":4,"href":"https:\/\/www.ivanabeaumond.com.br\/vestidos-noiva\/wp-json\/wp\/v2\/posts\/14929\/revisions"}],"predecessor-version":[{"id":14951,"href":"https:\/\/www.ivanabeaumond.com.br\/vestidos-noiva\/wp-json\/wp\/v2\/posts\/14929\/revisions\/14951"}],"wp:featuredmedia":[{"embeddable":true,"href":"https:\/\/www.ivanabeaumond.com.br\/vestidos-noiva\/wp-json\/wp\/v2\/media\/14935"}],"wp:attachment":[{"href":"https:\/\/www.ivanabeaumond.com.br\/vestidos-noiva\/wp-json\/wp\/v2\/media?parent=14929"}],"wp:term":[{"taxonomy":"category","embeddable":true,"href":"https:\/\/www.ivanabeaumond.com.br\/vestidos-noiva\/wp-json\/wp\/v2\/categories?post=14929"},{"taxonomy":"post_tag","embeddable":true,"href":"https:\/\/www.ivanabeaumond.com.br\/vestidos-noiva\/wp-json\/wp\/v2\/tags?post=14929"}],"curies":[{"name":"wp","href":"https:\/\/api.w.org\/{rel}","templated":true}]}}