{"id":14965,"date":"2018-06-08T11:49:07","date_gmt":"2018-06-08T14:49:07","guid":{"rendered":"http:\/\/www.ivanabeaumond.com.br\/vestidos-noiva\/?p=14965"},"modified":"2020-08-25T16:34:12","modified_gmt":"2020-08-25T19:34:12","slug":"o-exclusivo-vestido-sob-medida-da-debutante-julia-rangel-by-ivana-beaumond-paris","status":"publish","type":"post","link":"https:\/\/www.ivanabeaumond.com.br\/vestidos-noiva\/o-exclusivo-vestido-sob-medida-da-debutante-julia-rangel-by-ivana-beaumond-paris\/","title":{"rendered":"O Exclusivo Vestido Sob Medida da Debutante J\u00falia Rangel, by Ivana Beaumond Paris&#8230;"},"content":{"rendered":"<h4 style=\"text-align: justify;\"><span style=\"color: #999999;\">Os encantos de J\u00falia, uma menina meiga, encantadora que nos conquistou com todo seu jeitinho\u00a0meigo\u00a0de ser. Sua grande festa foi espetacular, sendo realizada na Mans\u00e3o das Estrelas, lugar perfeito para a grande festa da Ju. Nossa Debutante escolheu para sua festa as cores no tons de Rosa\/Rose\/Nude e dourado, cada detalhe feito com muito amor e carinho para nossa Princesa. J\u00falia escolheu dois modelo exclusivos sob medida, um na cor dourado longo, com aplica\u00e7\u00f5es de renda e brilho \u00e0 m\u00e3o, e outro em tom creme, com aplica\u00e7\u00f5es floral 3D, tend\u00eancia no mundo da Moda.\u00a0Cores do tema da sua festa. A Personal Stylist Ivana Beaumond transformou o sonho da Princesa J\u00falia em realidade.<\/span><\/h4>\n<h4 style=\"text-align: justify;\"><span style=\"color: #999999;\">A escolha do vestido perfeito, levou alguns meses at\u00e9 que ficasse do jeitinho que nossa Princesa queria, cada prova, cada detalhe \u00e0 mais que era colocado e confeccionado em seus vestidos era o frio na barriga, a curiosidade das amigas de\u00a0Ju tomava conta sempre que sabiam que ela estava no dia da sua prova!<\/span><\/h4>\n<p><a href=\"http:\/\/www.ivanabeaumond.com.br\/vestidos-noiva\/wp-content\/uploads\/2018\/06\/Vestido-Debutante_rj-sobmedida_15anos_exclusivo-Mans\u00e3odasEstrelas-J\u00faliaRangel-by_Ivana_Beaumond-7.jpg\"><img decoding=\"async\" loading=\"lazy\" class=\"aligncenter size-large wp-image-14970\" src=\"http:\/\/www.ivanabeaumond.com.br\/vestidos-noiva\/wp-content\/uploads\/2018\/06\/Vestido-Debutante_rj-sobmedida_15anos_exclusivo-Mans\u00e3odasEstrelas-J\u00faliaRangel-by_Ivana_Beaumond-7-1024x683.jpg\" alt=\"Vestido-Debutante_rj-sobmedida_15anos_exclusivo-Mans\u00e3odasEstrelas-J\u00faliaRangel-by_Ivana_Beaumond (7)\" width=\"1024\" height=\"683\" srcset=\"https:\/\/www.ivanabeaumond.com.br\/vestidos-noiva\/wp-content\/uploads\/2018\/06\/Vestido-Debutante_rj-sobmedida_15anos_exclusivo-Mans\u00e3odasEstrelas-J\u00faliaRangel-by_Ivana_Beaumond-7-1024x683.jpg 1024w, https:\/\/www.ivanabeaumond.com.br\/vestidos-noiva\/wp-content\/uploads\/2018\/06\/Vestido-Debutante_rj-sobmedida_15anos_exclusivo-Mans\u00e3odasEstrelas-J\u00faliaRangel-by_Ivana_Beaumond-7-300x200.jpg 300w, https:\/\/www.ivanabeaumond.com.br\/vestidos-noiva\/wp-content\/uploads\/2018\/06\/Vestido-Debutante_rj-sobmedida_15anos_exclusivo-Mans\u00e3odasEstrelas-J\u00faliaRangel-by_Ivana_Beaumond-7-480x320.jpg 480w, https:\/\/www.ivanabeaumond.com.br\/vestidos-noiva\/wp-content\/uploads\/2018\/06\/Vestido-Debutante_rj-sobmedida_15anos_exclusivo-Mans\u00e3odasEstrelas-J\u00faliaRangel-by_Ivana_Beaumond-7.jpg 1708w\" sizes=\"(max-width: 1024px) 100vw, 1024px\" \/><\/a><\/p>\n<p><a href=\"http:\/\/www.ivanabeaumond.com.br\/vestidos-noiva\/wp-content\/uploads\/2018\/06\/Vestido-Debutante_rj-sobmedida_15anos_exclusivo-Mans\u00e3odasEstrelas-J\u00faliaRangel-by_Ivana_Beaumond-8.jpg\"><img decoding=\"async\" loading=\"lazy\" class=\"aligncenter size-full wp-image-14971\" src=\"http:\/\/www.ivanabeaumond.com.br\/vestidos-noiva\/wp-content\/uploads\/2018\/06\/Vestido-Debutante_rj-sobmedida_15anos_exclusivo-Mans\u00e3odasEstrelas-J\u00faliaRangel-by_Ivana_Beaumond-8.jpg\" alt=\"Vestido-Debutante_rj-sobmedida_15anos_exclusivo-Mans\u00e3odasEstrelas-J\u00faliaRangel-by_Ivana_Beaumond (8)\" width=\"640\" height=\"960\" srcset=\"https:\/\/www.ivanabeaumond.com.br\/vestidos-noiva\/wp-content\/uploads\/2018\/06\/Vestido-Debutante_rj-sobmedida_15anos_exclusivo-Mans\u00e3odasEstrelas-J\u00faliaRangel-by_Ivana_Beaumond-8.jpg 640w, https:\/\/www.ivanabeaumond.com.br\/vestidos-noiva\/wp-content\/uploads\/2018\/06\/Vestido-Debutante_rj-sobmedida_15anos_exclusivo-Mans\u00e3odasEstrelas-J\u00faliaRangel-by_Ivana_Beaumond-8-200x300.jpg 200w\" sizes=\"(max-width: 640px) 100vw, 640px\" \/><\/a><\/p>\n<h4 style=\"text-align: center;\"><a href=\"http:\/\/www.ivanabeaumond.com.br\/vestidos-noiva\/wp-content\/uploads\/2018\/06\/Vestido-Debutante_rj-sobmedida_15anos_exclusivo-Mans\u00e3odasEstrelas-J\u00faliaRangel-by_Ivana_Beaumond-21.jpg\"><img decoding=\"async\" loading=\"lazy\" class=\"aligncenter size-full wp-image-14972\" src=\"http:\/\/www.ivanabeaumond.com.br\/vestidos-noiva\/wp-content\/uploads\/2018\/06\/Vestido-Debutante_rj-sobmedida_15anos_exclusivo-Mans\u00e3odasEstrelas-J\u00faliaRangel-by_Ivana_Beaumond-21.jpg\" alt=\"Vestido-Debutante_rj-sobmedida_15anos_exclusivo-Mans\u00e3odasEstrelas-J\u00faliaRangel-by_Ivana_Beaumond (21)\" width=\"641\" height=\"960\" srcset=\"https:\/\/www.ivanabeaumond.com.br\/vestidos-noiva\/wp-content\/uploads\/2018\/06\/Vestido-Debutante_rj-sobmedida_15anos_exclusivo-Mans\u00e3odasEstrelas-J\u00faliaRangel-by_Ivana_Beaumond-21.jpg 641w, https:\/\/www.ivanabeaumond.com.br\/vestidos-noiva\/wp-content\/uploads\/2018\/06\/Vestido-Debutante_rj-sobmedida_15anos_exclusivo-Mans\u00e3odasEstrelas-J\u00faliaRangel-by_Ivana_Beaumond-21-200x300.jpg 200w\" sizes=\"(max-width: 641px) 100vw, 641px\" \/><\/a><span style=\"color: #999999;\">Nesta foto nossa Debutante J\u00falia, ao lado de sua m\u00e3e Rose Rangel, que tamb\u00e9m teve seu vestido exclusivo sob medida, feito cada detalhe com amor e carinho para ela. Aplica\u00e7\u00f5es de bordados feitos \u00e0 m\u00e3o, dando luxo e delicadeza em seu belo Vestido by Ivana Beaumond Paris.<\/span><\/h4>\n<h4 style=\"text-align: justify;\"><span style=\"color: #ffffff;\">&#8211;<\/span><\/h4>\n<h4 style=\"text-align: justify;\"><span style=\"color: #ffffff;\">&#8211;<\/span><br \/>\n<span style=\"color: #999999;\">Confira algumas fotos desse grande dia pelas lentes de Bruno Felipe Fotografia:<\/span><\/h4>\n<div id=\"bwg_container1_0\">\n<div id=\"bwg_container2_0\">\n<form id=\"gal_front_form_0\" action=\"http:\/\/www.ivanabeaumond.com.br\/vestidos-noiva\/rafaela-aloise-a-festa-por-ivana-beaumond\/#\" method=\"post\"><style id=\"bwg-style-0\">    #bwg_container1_0 #bwg_container2_0 .bwg-container-0.bwg-standard-thumbnails {      width: 904px;              justify-content: center;        margin:0 auto !important;              background-color: rgba(255, 255, 255, 0.00);            padding-left: 4px;      padding-top: 4px;      max-width: 100%;            }        #bwg_container1_0 #bwg_container2_0 .bwg-container-0.bwg-standard-thumbnails .bwg-item {    justify-content: flex-start;      max-width: 180px;            width: 180px !important;          }    #bwg_container1_0 #bwg_container2_0 .bwg-container-0.bwg-standard-thumbnails .bwg-item a {       margin-right: 4px;       margin-bottom: 4px;    }    #bwg_container1_0 #bwg_container2_0 .bwg-container-0.bwg-standard-thumbnails .bwg-item0 {      padding: 0px;            background-color:rgba(255,255,255, 0.30);      border: 0px none #CCCCCC;      opacity: 1.00;      border-radius: 0;      box-shadow: 0px 0px 0px #888888;    }    #bwg_container1_0 #bwg_container2_0 .bwg-container-0.bwg-standard-thumbnails .bwg-item1 img {      max-height: none;      max-width: none;      padding: 0 !important;    }        @media only screen and (min-width: 480px) {      #bwg_container1_0 #bwg_container2_0 .bwg-container-0.bwg-standard-thumbnails .bwg-item0 {        transition: all 0.3s ease 0s;-webkit-transition: all 0.3s ease 0s;      }      #bwg_container1_0 #bwg_container2_0 .bwg-container-0.bwg-standard-thumbnails .bwg-item0:hover {        -ms-transform: scale(1.1);        -webkit-transform: scale(1.1);        transform: scale(1.1);      }    }          #bwg_container1_0 #bwg_container2_0 .bwg-container-0.bwg-standard-thumbnails .bwg-item1 {      padding-top: 50%;    }        #bwg_container1_0 #bwg_container2_0 .bwg-container-0.bwg-standard-thumbnails .bwg-title2,    #bwg_container1_0 #bwg_container2_0 .bwg-container-0.bwg-standard-thumbnails .bwg-ecommerce2 {      color: #CCCCCC;      font-family: segoe ui;      font-size: 16px;      font-weight: bold;      padding: 2px;      text-shadow: 0px 0px 0px #888888;      max-height: 100%;    }    #bwg_container1_0 #bwg_container2_0 .bwg-container-0.bwg-standard-thumbnails .bwg-thumb-description span {    color: #323A45;    font-family: Ubuntu;    font-size: 12px;    max-height: 100%;    word-wrap: break-word;    }    #bwg_container1_0 #bwg_container2_0 .bwg-container-0.bwg-standard-thumbnails .bwg-play-icon2 {      font-size: 32px;    }    #bwg_container1_0 #bwg_container2_0 .bwg-container-0.bwg-standard-thumbnails .bwg-ecommerce2 {      font-size: 19.2px;      color: #CCCCCC;    }    <\/style>    <div id=\"bwg_container1_0\"         class=\"bwg_container bwg_thumbnail bwg_thumbnails \"         data-right-click-protection=\"0\"         data-bwg=\"0\"         data-scroll=\"0\"         data-gallery-type=\"thumbnails\"         data-gallery-view-type=\"thumbnails\"         data-current-url=\"\/vestidos-noiva\/wp-json\/wp\/v2\/posts\/14965\"         data-lightbox-url=\"https:\/\/www.ivanabeaumond.com.br\/vestidos-noiva\/wp-admin\/admin-ajax.php?action=GalleryBox&#038;current_view=0&#038;gallery_id=50&#038;tag=0&#038;theme_id=1&#038;shortcode_id=246&#038;sort_by=order&#038;order_by=asc&#038;current_url=%2Fvestidos-noiva%2Fwp-json%2Fwp%2Fv2%2Fposts%2F14965\"         data-gallery-id=\"50\"         data-popup-width=\"600\"         data-popup-height=\"600\"         data-is-album=\"gallery\"         data-buttons-position=\"bottom\">      <div id=\"bwg_container2_0\">             <div id=\"ajax_loading_0\" class=\"bwg_loading_div_1\">      <div class=\"bwg_loading_div_2\">        <div class=\"bwg_loading_div_3\">          <div id=\"loading_div_0\" class=\"bwg_spider_ajax_loading\">          <\/div>        <\/div>      <\/div>    <\/div>            <form id=\"gal_front_form_0\"              class=\"bwg-hidden\"              method=\"post\"              action=\"#\"              data-current=\"0\"              data-shortcode-id=\"246\"              data-gallery-type=\"thumbnails\"              data-gallery-id=\"50\"              data-tag=\"0\"              data-album-id=\"0\"              data-theme-id=\"1\"              data-ajax-url=\"https:\/\/www.ivanabeaumond.com.br\/vestidos-noiva\/wp-admin\/admin-ajax.php?action=bwg_frontend_data\">          <div id=\"bwg_container3_0\" class=\"bwg-background bwg-background-0\">                <div data-max-count=\"5\"         data-thumbnail-width=\"180\"         data-bwg=\"0\"         data-gallery-id=\"50\"         data-lightbox-url=\"https:\/\/www.ivanabeaumond.com.br\/vestidos-noiva\/wp-admin\/admin-ajax.php?action=GalleryBox&amp;current_view=0&amp;gallery_id=50&amp;tag=0&amp;theme_id=1&amp;shortcode_id=246&amp;sort_by=order&amp;order_by=asc&amp;current_url=%2Fvestidos-noiva%2Fwp-json%2Fwp%2Fv2%2Fposts%2F14965\"         id=\"bwg_thumbnails_0\"         class=\"bwg-container-0 bwg-thumbnails bwg-standard-thumbnails bwg-container bwg-border-box\">            <div class=\"bwg-item\">        <a class=\"bwg-a  bwg_lightbox\"  data-image-id=\"1001\" href=\"https:\/\/www.ivanabeaumond.com.br\/vestidos-noiva\/wp-content\/uploads\/photo-gallery\/Vestido-Debutante_rj-sobmedida_15anos_exclusivo-Mans\u00e3odasEstrelas-J\u00faliaRangel-by_Ivana_Beaumond%20(29).jpg\" data-elementor-open-lightbox=\"no\">                <div class=\"bwg-item0 \">          <div class=\"bwg-item1 \">            <div class=\"bwg-item2\">              <img class=\"skip-lazy bwg_standart_thumb_img_0 \"                   data-id=\"1001\"                   data-width=\"\"                   data-height=\"\"                   data-src=\"https:\/\/www.ivanabeaumond.com.br\/vestidos-noiva\/wp-content\/uploads\/photo-gallery\/thumb\/Vestido-Debutante_rj-sobmedida_15anos_exclusivo-Mans\u00e3odasEstrelas-J\u00faliaRangel-by_Ivana_Beaumond%20(29).jpg\"                   src=\"https:\/\/www.ivanabeaumond.com.br\/vestidos-noiva\/wp-content\/uploads\/photo-gallery\/thumb\/Vestido-Debutante_rj-sobmedida_15anos_exclusivo-Mans\u00e3odasEstrelas-J\u00faliaRangel-by_Ivana_Beaumond%20(29).jpg\"                   alt=\"Vestido-Debutante_rj-sobmedida_15anos_exclusivo-Mans\u00e3odasEstrelas-J\u00faliaRangel-by_Ivana_Beaumond (29)\"                   title=\"Vestido-Debutante_rj-sobmedida_15anos_exclusivo-Mans\u00e3odasEstrelas-J\u00faliaRangel-by_Ivana_Beaumond (29)\" \/>            <\/div>            <div class=\"\">                                                      <\/div>          <\/div>        <\/div>                        <\/a>              <\/div>            <div class=\"bwg-item\">        <a class=\"bwg-a  bwg_lightbox\"  data-image-id=\"1000\" href=\"https:\/\/www.ivanabeaumond.com.br\/vestidos-noiva\/wp-content\/uploads\/photo-gallery\/Vestido-Debutante_rj-sobmedida_15anos_exclusivo-Mans\u00e3odasEstrelas-J\u00faliaRangel-by_Ivana_Beaumond%20(28).jpg\" data-elementor-open-lightbox=\"no\">                <div class=\"bwg-item0 \">          <div class=\"bwg-item1 \">            <div class=\"bwg-item2\">              <img class=\"skip-lazy bwg_standart_thumb_img_0 \"                   data-id=\"1000\"                   data-width=\"\"                   data-height=\"\"                   data-src=\"https:\/\/www.ivanabeaumond.com.br\/vestidos-noiva\/wp-content\/uploads\/photo-gallery\/thumb\/Vestido-Debutante_rj-sobmedida_15anos_exclusivo-Mans\u00e3odasEstrelas-J\u00faliaRangel-by_Ivana_Beaumond%20(28).jpg\"                   src=\"https:\/\/www.ivanabeaumond.com.br\/vestidos-noiva\/wp-content\/uploads\/photo-gallery\/thumb\/Vestido-Debutante_rj-sobmedida_15anos_exclusivo-Mans\u00e3odasEstrelas-J\u00faliaRangel-by_Ivana_Beaumond%20(28).jpg\"                   alt=\"Vestido-Debutante_rj-sobmedida_15anos_exclusivo-Mans\u00e3odasEstrelas-J\u00faliaRangel-by_Ivana_Beaumond (28)\"                   title=\"Vestido-Debutante_rj-sobmedida_15anos_exclusivo-Mans\u00e3odasEstrelas-J\u00faliaRangel-by_Ivana_Beaumond (28)\" \/>            <\/div>            <div class=\"\">                                                      <\/div>          <\/div>        <\/div>                        <\/a>              <\/div>            <div class=\"bwg-item\">        <a class=\"bwg-a  bwg_lightbox\"  data-image-id=\"999\" href=\"https:\/\/www.ivanabeaumond.com.br\/vestidos-noiva\/wp-content\/uploads\/photo-gallery\/Vestido-Debutante_rj-sobmedida_15anos_exclusivo-Mans\u00e3odasEstrelas-J\u00faliaRangel-by_Ivana_Beaumond%20(27).jpg\" data-elementor-open-lightbox=\"no\">                <div class=\"bwg-item0 \">          <div class=\"bwg-item1 \">            <div class=\"bwg-item2\">              <img class=\"skip-lazy bwg_standart_thumb_img_0 \"                   data-id=\"999\"                   data-width=\"\"                   data-height=\"\"                   data-src=\"https:\/\/www.ivanabeaumond.com.br\/vestidos-noiva\/wp-content\/uploads\/photo-gallery\/thumb\/Vestido-Debutante_rj-sobmedida_15anos_exclusivo-Mans\u00e3odasEstrelas-J\u00faliaRangel-by_Ivana_Beaumond%20(27).jpg\"                   src=\"https:\/\/www.ivanabeaumond.com.br\/vestidos-noiva\/wp-content\/uploads\/photo-gallery\/thumb\/Vestido-Debutante_rj-sobmedida_15anos_exclusivo-Mans\u00e3odasEstrelas-J\u00faliaRangel-by_Ivana_Beaumond%20(27).jpg\"                   alt=\"Vestido-Debutante_rj-sobmedida_15anos_exclusivo-Mans\u00e3odasEstrelas-J\u00faliaRangel-by_Ivana_Beaumond (27)\"                   title=\"Vestido-Debutante_rj-sobmedida_15anos_exclusivo-Mans\u00e3odasEstrelas-J\u00faliaRangel-by_Ivana_Beaumond (27)\" \/>            <\/div>            <div class=\"\">                                                      <\/div>          <\/div>        <\/div>                        <\/a>              <\/div>            <div class=\"bwg-item\">        <a class=\"bwg-a  bwg_lightbox\"  data-image-id=\"998\" href=\"https:\/\/www.ivanabeaumond.com.br\/vestidos-noiva\/wp-content\/uploads\/photo-gallery\/Vestido-Debutante_rj-sobmedida_15anos_exclusivo-Mans\u00e3odasEstrelas-J\u00faliaRangel-by_Ivana_Beaumond%20(26).jpg\" data-elementor-open-lightbox=\"no\">                <div class=\"bwg-item0 \">          <div class=\"bwg-item1 \">            <div class=\"bwg-item2\">              <img class=\"skip-lazy bwg_standart_thumb_img_0 \"                   data-id=\"998\"                   data-width=\"\"                   data-height=\"\"                   data-src=\"https:\/\/www.ivanabeaumond.com.br\/vestidos-noiva\/wp-content\/uploads\/photo-gallery\/thumb\/Vestido-Debutante_rj-sobmedida_15anos_exclusivo-Mans\u00e3odasEstrelas-J\u00faliaRangel-by_Ivana_Beaumond%20(26).jpg\"                   src=\"https:\/\/www.ivanabeaumond.com.br\/vestidos-noiva\/wp-content\/uploads\/photo-gallery\/thumb\/Vestido-Debutante_rj-sobmedida_15anos_exclusivo-Mans\u00e3odasEstrelas-J\u00faliaRangel-by_Ivana_Beaumond%20(26).jpg\"                   alt=\"Vestido-Debutante_rj-sobmedida_15anos_exclusivo-Mans\u00e3odasEstrelas-J\u00faliaRangel-by_Ivana_Beaumond (26)\"                   title=\"Vestido-Debutante_rj-sobmedida_15anos_exclusivo-Mans\u00e3odasEstrelas-J\u00faliaRangel-by_Ivana_Beaumond (26)\" \/>            <\/div>            <div class=\"\">                                                      <\/div>          <\/div>        <\/div>                        <\/a>              <\/div>            <div class=\"bwg-item\">        <a class=\"bwg-a  bwg_lightbox\"  data-image-id=\"997\" href=\"https:\/\/www.ivanabeaumond.com.br\/vestidos-noiva\/wp-content\/uploads\/photo-gallery\/Vestido-Debutante_rj-sobmedida_15anos_exclusivo-Mans\u00e3odasEstrelas-J\u00faliaRangel-by_Ivana_Beaumond%20(25).jpg\" data-elementor-open-lightbox=\"no\">                <div class=\"bwg-item0 \">          <div class=\"bwg-item1 \">            <div class=\"bwg-item2\">              <img class=\"skip-lazy bwg_standart_thumb_img_0 \"                   data-id=\"997\"                   data-width=\"\"                   data-height=\"\"                   data-src=\"https:\/\/www.ivanabeaumond.com.br\/vestidos-noiva\/wp-content\/uploads\/photo-gallery\/thumb\/Vestido-Debutante_rj-sobmedida_15anos_exclusivo-Mans\u00e3odasEstrelas-J\u00faliaRangel-by_Ivana_Beaumond%20(25).jpg\"                   src=\"https:\/\/www.ivanabeaumond.com.br\/vestidos-noiva\/wp-content\/uploads\/photo-gallery\/thumb\/Vestido-Debutante_rj-sobmedida_15anos_exclusivo-Mans\u00e3odasEstrelas-J\u00faliaRangel-by_Ivana_Beaumond%20(25).jpg\"                   alt=\"Vestido-Debutante_rj-sobmedida_15anos_exclusivo-Mans\u00e3odasEstrelas-J\u00faliaRangel-by_Ivana_Beaumond (25)\"                   title=\"Vestido-Debutante_rj-sobmedida_15anos_exclusivo-Mans\u00e3odasEstrelas-J\u00faliaRangel-by_Ivana_Beaumond (25)\" \/>            <\/div>            <div class=\"\">                                                      <\/div>          <\/div>        <\/div>                        <\/a>              <\/div>            <div class=\"bwg-item\">        <a class=\"bwg-a  bwg_lightbox\"  data-image-id=\"996\" href=\"https:\/\/www.ivanabeaumond.com.br\/vestidos-noiva\/wp-content\/uploads\/photo-gallery\/Vestido-Debutante_rj-sobmedida_15anos_exclusivo-Mans\u00e3odasEstrelas-J\u00faliaRangel-by_Ivana_Beaumond%20(24).jpg\" data-elementor-open-lightbox=\"no\">                <div class=\"bwg-item0 \">          <div class=\"bwg-item1 \">            <div class=\"bwg-item2\">              <img class=\"skip-lazy bwg_standart_thumb_img_0 \"                   data-id=\"996\"                   data-width=\"\"                   data-height=\"\"                   data-src=\"https:\/\/www.ivanabeaumond.com.br\/vestidos-noiva\/wp-content\/uploads\/photo-gallery\/thumb\/Vestido-Debutante_rj-sobmedida_15anos_exclusivo-Mans\u00e3odasEstrelas-J\u00faliaRangel-by_Ivana_Beaumond%20(24).jpg\"                   src=\"https:\/\/www.ivanabeaumond.com.br\/vestidos-noiva\/wp-content\/uploads\/photo-gallery\/thumb\/Vestido-Debutante_rj-sobmedida_15anos_exclusivo-Mans\u00e3odasEstrelas-J\u00faliaRangel-by_Ivana_Beaumond%20(24).jpg\"                   alt=\"Vestido-Debutante_rj-sobmedida_15anos_exclusivo-Mans\u00e3odasEstrelas-J\u00faliaRangel-by_Ivana_Beaumond (24)\"                   title=\"Vestido-Debutante_rj-sobmedida_15anos_exclusivo-Mans\u00e3odasEstrelas-J\u00faliaRangel-by_Ivana_Beaumond (24)\" \/>            <\/div>            <div class=\"\">                                                      <\/div>          <\/div>        <\/div>                        <\/a>              <\/div>            <div class=\"bwg-item\">        <a class=\"bwg-a  bwg_lightbox\"  data-image-id=\"995\" href=\"https:\/\/www.ivanabeaumond.com.br\/vestidos-noiva\/wp-content\/uploads\/photo-gallery\/Vestido-Debutante_rj-sobmedida_15anos_exclusivo-Mans\u00e3odasEstrelas-J\u00faliaRangel-by_Ivana_Beaumond%20(23).jpg\" data-elementor-open-lightbox=\"no\">                <div class=\"bwg-item0 \">          <div class=\"bwg-item1 \">            <div class=\"bwg-item2\">              <img class=\"skip-lazy bwg_standart_thumb_img_0 \"                   data-id=\"995\"                   data-width=\"\"                   data-height=\"\"                   data-src=\"https:\/\/www.ivanabeaumond.com.br\/vestidos-noiva\/wp-content\/uploads\/photo-gallery\/thumb\/Vestido-Debutante_rj-sobmedida_15anos_exclusivo-Mans\u00e3odasEstrelas-J\u00faliaRangel-by_Ivana_Beaumond%20(23).jpg\"                   src=\"https:\/\/www.ivanabeaumond.com.br\/vestidos-noiva\/wp-content\/uploads\/photo-gallery\/thumb\/Vestido-Debutante_rj-sobmedida_15anos_exclusivo-Mans\u00e3odasEstrelas-J\u00faliaRangel-by_Ivana_Beaumond%20(23).jpg\"                   alt=\"Vestido-Debutante_rj-sobmedida_15anos_exclusivo-Mans\u00e3odasEstrelas-J\u00faliaRangel-by_Ivana_Beaumond (23)\"                   title=\"Vestido-Debutante_rj-sobmedida_15anos_exclusivo-Mans\u00e3odasEstrelas-J\u00faliaRangel-by_Ivana_Beaumond (23)\" \/>            <\/div>            <div class=\"\">                                                      <\/div>          <\/div>        <\/div>                        <\/a>              <\/div>            <div class=\"bwg-item\">        <a class=\"bwg-a  bwg_lightbox\"  data-image-id=\"994\" href=\"https:\/\/www.ivanabeaumond.com.br\/vestidos-noiva\/wp-content\/uploads\/photo-gallery\/Vestido-Debutante_rj-sobmedida_15anos_exclusivo-Mans\u00e3odasEstrelas-J\u00faliaRangel-by_Ivana_Beaumond%20(17).jpg\" data-elementor-open-lightbox=\"no\">                <div class=\"bwg-item0 \">          <div class=\"bwg-item1 \">            <div class=\"bwg-item2\">              <img class=\"skip-lazy bwg_standart_thumb_img_0 \"                   data-id=\"994\"                   data-width=\"\"                   data-height=\"\"                   data-src=\"https:\/\/www.ivanabeaumond.com.br\/vestidos-noiva\/wp-content\/uploads\/photo-gallery\/thumb\/Vestido-Debutante_rj-sobmedida_15anos_exclusivo-Mans\u00e3odasEstrelas-J\u00faliaRangel-by_Ivana_Beaumond%20(17).jpg\"                   src=\"https:\/\/www.ivanabeaumond.com.br\/vestidos-noiva\/wp-content\/uploads\/photo-gallery\/thumb\/Vestido-Debutante_rj-sobmedida_15anos_exclusivo-Mans\u00e3odasEstrelas-J\u00faliaRangel-by_Ivana_Beaumond%20(17).jpg\"                   alt=\"Vestido-Debutante_rj-sobmedida_15anos_exclusivo-Mans\u00e3odasEstrelas-J\u00faliaRangel-by_Ivana_Beaumond (17)\"                   title=\"Vestido-Debutante_rj-sobmedida_15anos_exclusivo-Mans\u00e3odasEstrelas-J\u00faliaRangel-by_Ivana_Beaumond (17)\" \/>            <\/div>            <div class=\"\">                                                      <\/div>          <\/div>        <\/div>                        <\/a>              <\/div>            <div class=\"bwg-item\">        <a class=\"bwg-a  bwg_lightbox\"  data-image-id=\"993\" href=\"https:\/\/www.ivanabeaumond.com.br\/vestidos-noiva\/wp-content\/uploads\/photo-gallery\/Vestido-Debutante_rj-sobmedida_15anos_exclusivo-Mans\u00e3odasEstrelas-J\u00faliaRangel-by_Ivana_Beaumond%20(16).jpg\" data-elementor-open-lightbox=\"no\">                <div class=\"bwg-item0 \">          <div class=\"bwg-item1 \">            <div class=\"bwg-item2\">              <img class=\"skip-lazy bwg_standart_thumb_img_0 \"                   data-id=\"993\"                   data-width=\"\"                   data-height=\"\"                   data-src=\"https:\/\/www.ivanabeaumond.com.br\/vestidos-noiva\/wp-content\/uploads\/photo-gallery\/thumb\/Vestido-Debutante_rj-sobmedida_15anos_exclusivo-Mans\u00e3odasEstrelas-J\u00faliaRangel-by_Ivana_Beaumond%20(16).jpg\"                   src=\"https:\/\/www.ivanabeaumond.com.br\/vestidos-noiva\/wp-content\/uploads\/photo-gallery\/thumb\/Vestido-Debutante_rj-sobmedida_15anos_exclusivo-Mans\u00e3odasEstrelas-J\u00faliaRangel-by_Ivana_Beaumond%20(16).jpg\"                   alt=\"Vestido-Debutante_rj-sobmedida_15anos_exclusivo-Mans\u00e3odasEstrelas-J\u00faliaRangel-by_Ivana_Beaumond (16)\"                   title=\"Vestido-Debutante_rj-sobmedida_15anos_exclusivo-Mans\u00e3odasEstrelas-J\u00faliaRangel-by_Ivana_Beaumond (16)\" \/>            <\/div>            <div class=\"\">                                                      <\/div>          <\/div>        <\/div>                        <\/a>              <\/div>            <div class=\"bwg-item\">        <a class=\"bwg-a  bwg_lightbox\"  data-image-id=\"992\" href=\"https:\/\/www.ivanabeaumond.com.br\/vestidos-noiva\/wp-content\/uploads\/photo-gallery\/Vestido-Debutante_rj-sobmedida_15anos_exclusivo-Mans\u00e3odasEstrelas-J\u00faliaRangel-by_Ivana_Beaumond%20(22).jpg\" data-elementor-open-lightbox=\"no\">                <div class=\"bwg-item0 \">          <div class=\"bwg-item1 \">            <div class=\"bwg-item2\">              <img class=\"skip-lazy bwg_standart_thumb_img_0 \"                   data-id=\"992\"                   data-width=\"\"                   data-height=\"\"                   data-src=\"https:\/\/www.ivanabeaumond.com.br\/vestidos-noiva\/wp-content\/uploads\/photo-gallery\/thumb\/Vestido-Debutante_rj-sobmedida_15anos_exclusivo-Mans\u00e3odasEstrelas-J\u00faliaRangel-by_Ivana_Beaumond%20(22).jpg\"                   src=\"https:\/\/www.ivanabeaumond.com.br\/vestidos-noiva\/wp-content\/uploads\/photo-gallery\/thumb\/Vestido-Debutante_rj-sobmedida_15anos_exclusivo-Mans\u00e3odasEstrelas-J\u00faliaRangel-by_Ivana_Beaumond%20(22).jpg\"                   alt=\"Vestido-Debutante_rj-sobmedida_15anos_exclusivo-Mans\u00e3odasEstrelas-J\u00faliaRangel-by_Ivana_Beaumond (22)\"                   title=\"Vestido-Debutante_rj-sobmedida_15anos_exclusivo-Mans\u00e3odasEstrelas-J\u00faliaRangel-by_Ivana_Beaumond (22)\" \/>            <\/div>            <div class=\"\">                                                      <\/div>          <\/div>        <\/div>                        <\/a>              <\/div>            <div class=\"bwg-item\">        <a class=\"bwg-a  bwg_lightbox\"  data-image-id=\"991\" href=\"https:\/\/www.ivanabeaumond.com.br\/vestidos-noiva\/wp-content\/uploads\/photo-gallery\/Vestido-Debutante_rj-sobmedida_15anos_exclusivo-Mans\u00e3odasEstrelas-J\u00faliaRangel-by_Ivana_Beaumond%20(21).jpg\" data-elementor-open-lightbox=\"no\">                <div class=\"bwg-item0 \">          <div class=\"bwg-item1 \">            <div class=\"bwg-item2\">              <img class=\"skip-lazy bwg_standart_thumb_img_0 \"                   data-id=\"991\"                   data-width=\"\"                   data-height=\"\"                   data-src=\"https:\/\/www.ivanabeaumond.com.br\/vestidos-noiva\/wp-content\/uploads\/photo-gallery\/thumb\/Vestido-Debutante_rj-sobmedida_15anos_exclusivo-Mans\u00e3odasEstrelas-J\u00faliaRangel-by_Ivana_Beaumond%20(21).jpg\"                   src=\"https:\/\/www.ivanabeaumond.com.br\/vestidos-noiva\/wp-content\/uploads\/photo-gallery\/thumb\/Vestido-Debutante_rj-sobmedida_15anos_exclusivo-Mans\u00e3odasEstrelas-J\u00faliaRangel-by_Ivana_Beaumond%20(21).jpg\"                   alt=\"Vestido-Debutante_rj-sobmedida_15anos_exclusivo-Mans\u00e3odasEstrelas-J\u00faliaRangel-by_Ivana_Beaumond (21)\"                   title=\"Vestido-Debutante_rj-sobmedida_15anos_exclusivo-Mans\u00e3odasEstrelas-J\u00faliaRangel-by_Ivana_Beaumond (21)\" \/>            <\/div>            <div class=\"\">                                                      <\/div>          <\/div>        <\/div>                        <\/a>              <\/div>            <div class=\"bwg-item\">        <a class=\"bwg-a  bwg_lightbox\"  data-image-id=\"990\" href=\"https:\/\/www.ivanabeaumond.com.br\/vestidos-noiva\/wp-content\/uploads\/photo-gallery\/Vestido-Debutante_rj-sobmedida_15anos_exclusivo-Mans\u00e3odasEstrelas-J\u00faliaRangel-by_Ivana_Beaumond%20(20).jpg\" data-elementor-open-lightbox=\"no\">                <div class=\"bwg-item0 \">          <div class=\"bwg-item1 \">            <div class=\"bwg-item2\">              <img class=\"skip-lazy bwg_standart_thumb_img_0 \"                   data-id=\"990\"                   data-width=\"\"                   data-height=\"\"                   data-src=\"https:\/\/www.ivanabeaumond.com.br\/vestidos-noiva\/wp-content\/uploads\/photo-gallery\/thumb\/Vestido-Debutante_rj-sobmedida_15anos_exclusivo-Mans\u00e3odasEstrelas-J\u00faliaRangel-by_Ivana_Beaumond%20(20).jpg\"                   src=\"https:\/\/www.ivanabeaumond.com.br\/vestidos-noiva\/wp-content\/uploads\/photo-gallery\/thumb\/Vestido-Debutante_rj-sobmedida_15anos_exclusivo-Mans\u00e3odasEstrelas-J\u00faliaRangel-by_Ivana_Beaumond%20(20).jpg\"                   alt=\"Vestido-Debutante_rj-sobmedida_15anos_exclusivo-Mans\u00e3odasEstrelas-J\u00faliaRangel-by_Ivana_Beaumond (20)\"                   title=\"Vestido-Debutante_rj-sobmedida_15anos_exclusivo-Mans\u00e3odasEstrelas-J\u00faliaRangel-by_Ivana_Beaumond (20)\" \/>            <\/div>            <div class=\"\">                                                      <\/div>          <\/div>        <\/div>                        <\/a>              <\/div>            <div class=\"bwg-item\">        <a class=\"bwg-a  bwg_lightbox\"  data-image-id=\"989\" href=\"https:\/\/www.ivanabeaumond.com.br\/vestidos-noiva\/wp-content\/uploads\/photo-gallery\/Vestido-Debutante_rj-sobmedida_15anos_exclusivo-Mans\u00e3odasEstrelas-J\u00faliaRangel-by_Ivana_Beaumond%20(15).jpg\" data-elementor-open-lightbox=\"no\">                <div class=\"bwg-item0 \">          <div class=\"bwg-item1 \">            <div class=\"bwg-item2\">              <img class=\"skip-lazy bwg_standart_thumb_img_0 \"                   data-id=\"989\"                   data-width=\"\"                   data-height=\"\"                   data-src=\"https:\/\/www.ivanabeaumond.com.br\/vestidos-noiva\/wp-content\/uploads\/photo-gallery\/thumb\/Vestido-Debutante_rj-sobmedida_15anos_exclusivo-Mans\u00e3odasEstrelas-J\u00faliaRangel-by_Ivana_Beaumond%20(15).jpg\"                   src=\"https:\/\/www.ivanabeaumond.com.br\/vestidos-noiva\/wp-content\/uploads\/photo-gallery\/thumb\/Vestido-Debutante_rj-sobmedida_15anos_exclusivo-Mans\u00e3odasEstrelas-J\u00faliaRangel-by_Ivana_Beaumond%20(15).jpg\"                   alt=\"Vestido-Debutante_rj-sobmedida_15anos_exclusivo-Mans\u00e3odasEstrelas-J\u00faliaRangel-by_Ivana_Beaumond (15)\"                   title=\"Vestido-Debutante_rj-sobmedida_15anos_exclusivo-Mans\u00e3odasEstrelas-J\u00faliaRangel-by_Ivana_Beaumond (15)\" \/>            <\/div>            <div class=\"\">                                                      <\/div>          <\/div>        <\/div>                        <\/a>              <\/div>            <div class=\"bwg-item\">        <a class=\"bwg-a  bwg_lightbox\"  data-image-id=\"988\" href=\"https:\/\/www.ivanabeaumond.com.br\/vestidos-noiva\/wp-content\/uploads\/photo-gallery\/Vestido-Debutante_rj-sobmedida_15anos_exclusivo-Mans\u00e3odasEstrelas-J\u00faliaRangel-by_Ivana_Beaumond%20(14).jpg\" data-elementor-open-lightbox=\"no\">                <div class=\"bwg-item0 \">          <div class=\"bwg-item1 \">            <div class=\"bwg-item2\">              <img class=\"skip-lazy bwg_standart_thumb_img_0 \"                   data-id=\"988\"                   data-width=\"\"                   data-height=\"\"                   data-src=\"https:\/\/www.ivanabeaumond.com.br\/vestidos-noiva\/wp-content\/uploads\/photo-gallery\/thumb\/Vestido-Debutante_rj-sobmedida_15anos_exclusivo-Mans\u00e3odasEstrelas-J\u00faliaRangel-by_Ivana_Beaumond%20(14).jpg\"                   src=\"https:\/\/www.ivanabeaumond.com.br\/vestidos-noiva\/wp-content\/uploads\/photo-gallery\/thumb\/Vestido-Debutante_rj-sobmedida_15anos_exclusivo-Mans\u00e3odasEstrelas-J\u00faliaRangel-by_Ivana_Beaumond%20(14).jpg\"                   alt=\"Vestido-Debutante_rj-sobmedida_15anos_exclusivo-Mans\u00e3odasEstrelas-J\u00faliaRangel-by_Ivana_Beaumond (14)\"                   title=\"Vestido-Debutante_rj-sobmedida_15anos_exclusivo-Mans\u00e3odasEstrelas-J\u00faliaRangel-by_Ivana_Beaumond (14)\" \/>            <\/div>            <div class=\"\">                                                      <\/div>          <\/div>        <\/div>                        <\/a>              <\/div>            <div class=\"bwg-item\">        <a class=\"bwg-a  bwg_lightbox\"  data-image-id=\"987\" href=\"https:\/\/www.ivanabeaumond.com.br\/vestidos-noiva\/wp-content\/uploads\/photo-gallery\/Vestido-Debutante_rj-sobmedida_15anos_exclusivo-Mans\u00e3odasEstrelas-J\u00faliaRangel-by_Ivana_Beaumond%20(18).jpg\" data-elementor-open-lightbox=\"no\">                <div class=\"bwg-item0 \">          <div class=\"bwg-item1 \">            <div class=\"bwg-item2\">              <img class=\"skip-lazy bwg_standart_thumb_img_0 \"                   data-id=\"987\"                   data-width=\"\"                   data-height=\"\"                   data-src=\"https:\/\/www.ivanabeaumond.com.br\/vestidos-noiva\/wp-content\/uploads\/photo-gallery\/thumb\/Vestido-Debutante_rj-sobmedida_15anos_exclusivo-Mans\u00e3odasEstrelas-J\u00faliaRangel-by_Ivana_Beaumond%20(18).jpg\"                   src=\"https:\/\/www.ivanabeaumond.com.br\/vestidos-noiva\/wp-content\/uploads\/photo-gallery\/thumb\/Vestido-Debutante_rj-sobmedida_15anos_exclusivo-Mans\u00e3odasEstrelas-J\u00faliaRangel-by_Ivana_Beaumond%20(18).jpg\"                   alt=\"Vestido-Debutante_rj-sobmedida_15anos_exclusivo-Mans\u00e3odasEstrelas-J\u00faliaRangel-by_Ivana_Beaumond (18)\"                   title=\"Vestido-Debutante_rj-sobmedida_15anos_exclusivo-Mans\u00e3odasEstrelas-J\u00faliaRangel-by_Ivana_Beaumond (18)\" \/>            <\/div>            <div class=\"\">                                                      <\/div>          <\/div>        <\/div>                        <\/a>              <\/div>            <div class=\"bwg-item\">        <a class=\"bwg-a  bwg_lightbox\"  data-image-id=\"986\" href=\"https:\/\/www.ivanabeaumond.com.br\/vestidos-noiva\/wp-content\/uploads\/photo-gallery\/Vestido-Debutante_rj-sobmedida_15anos_exclusivo-Mans\u00e3odasEstrelas-J\u00faliaRangel-by_Ivana_Beaumond%20(19).jpg\" data-elementor-open-lightbox=\"no\">                <div class=\"bwg-item0 \">          <div class=\"bwg-item1 \">            <div class=\"bwg-item2\">              <img class=\"skip-lazy bwg_standart_thumb_img_0 \"                   data-id=\"986\"                   data-width=\"\"                   data-height=\"\"                   data-src=\"https:\/\/www.ivanabeaumond.com.br\/vestidos-noiva\/wp-content\/uploads\/photo-gallery\/thumb\/Vestido-Debutante_rj-sobmedida_15anos_exclusivo-Mans\u00e3odasEstrelas-J\u00faliaRangel-by_Ivana_Beaumond%20(19).jpg\"                   src=\"https:\/\/www.ivanabeaumond.com.br\/vestidos-noiva\/wp-content\/uploads\/photo-gallery\/thumb\/Vestido-Debutante_rj-sobmedida_15anos_exclusivo-Mans\u00e3odasEstrelas-J\u00faliaRangel-by_Ivana_Beaumond%20(19).jpg\"                   alt=\"Vestido-Debutante_rj-sobmedida_15anos_exclusivo-Mans\u00e3odasEstrelas-J\u00faliaRangel-by_Ivana_Beaumond (19)\"                   title=\"Vestido-Debutante_rj-sobmedida_15anos_exclusivo-Mans\u00e3odasEstrelas-J\u00faliaRangel-by_Ivana_Beaumond (19)\" \/>            <\/div>            <div class=\"\">                                                      <\/div>          <\/div>        <\/div>                        <\/a>              <\/div>            <div class=\"bwg-item\">        <a class=\"bwg-a  bwg_lightbox\"  data-image-id=\"985\" href=\"https:\/\/www.ivanabeaumond.com.br\/vestidos-noiva\/wp-content\/uploads\/photo-gallery\/Vestido-Debutante_rj-sobmedida_15anos_exclusivo-Mans\u00e3odasEstrelas-J\u00faliaRangel-by_Ivana_Beaumond%20(13).jpg\" data-elementor-open-lightbox=\"no\">                <div class=\"bwg-item0 \">          <div class=\"bwg-item1 \">            <div class=\"bwg-item2\">              <img class=\"skip-lazy bwg_standart_thumb_img_0 \"                   data-id=\"985\"                   data-width=\"\"                   data-height=\"\"                   data-src=\"https:\/\/www.ivanabeaumond.com.br\/vestidos-noiva\/wp-content\/uploads\/photo-gallery\/thumb\/Vestido-Debutante_rj-sobmedida_15anos_exclusivo-Mans\u00e3odasEstrelas-J\u00faliaRangel-by_Ivana_Beaumond%20(13).jpg\"                   src=\"https:\/\/www.ivanabeaumond.com.br\/vestidos-noiva\/wp-content\/uploads\/photo-gallery\/thumb\/Vestido-Debutante_rj-sobmedida_15anos_exclusivo-Mans\u00e3odasEstrelas-J\u00faliaRangel-by_Ivana_Beaumond%20(13).jpg\"                   alt=\"Vestido-Debutante_rj-sobmedida_15anos_exclusivo-Mans\u00e3odasEstrelas-J\u00faliaRangel-by_Ivana_Beaumond (13)\"                   title=\"Vestido-Debutante_rj-sobmedida_15anos_exclusivo-Mans\u00e3odasEstrelas-J\u00faliaRangel-by_Ivana_Beaumond (13)\" \/>            <\/div>            <div class=\"\">                                                      <\/div>          <\/div>        <\/div>                        <\/a>              <\/div>            <div class=\"bwg-item\">        <a class=\"bwg-a  bwg_lightbox\"  data-image-id=\"984\" href=\"https:\/\/www.ivanabeaumond.com.br\/vestidos-noiva\/wp-content\/uploads\/photo-gallery\/Vestido-Debutante_rj-sobmedida_15anos_exclusivo-Mans\u00e3odasEstrelas-J\u00faliaRangel-by_Ivana_Beaumond%20(12).jpg\" data-elementor-open-lightbox=\"no\">                <div class=\"bwg-item0 \">          <div class=\"bwg-item1 \">            <div class=\"bwg-item2\">              <img class=\"skip-lazy bwg_standart_thumb_img_0 \"                   data-id=\"984\"                   data-width=\"\"                   data-height=\"\"                   data-src=\"https:\/\/www.ivanabeaumond.com.br\/vestidos-noiva\/wp-content\/uploads\/photo-gallery\/thumb\/Vestido-Debutante_rj-sobmedida_15anos_exclusivo-Mans\u00e3odasEstrelas-J\u00faliaRangel-by_Ivana_Beaumond%20(12).jpg\"                   src=\"https:\/\/www.ivanabeaumond.com.br\/vestidos-noiva\/wp-content\/uploads\/photo-gallery\/thumb\/Vestido-Debutante_rj-sobmedida_15anos_exclusivo-Mans\u00e3odasEstrelas-J\u00faliaRangel-by_Ivana_Beaumond%20(12).jpg\"                   alt=\"Vestido-Debutante_rj-sobmedida_15anos_exclusivo-Mans\u00e3odasEstrelas-J\u00faliaRangel-by_Ivana_Beaumond (12)\"                   title=\"Vestido-Debutante_rj-sobmedida_15anos_exclusivo-Mans\u00e3odasEstrelas-J\u00faliaRangel-by_Ivana_Beaumond (12)\" \/>            <\/div>            <div class=\"\">                                                      <\/div>          <\/div>        <\/div>                        <\/a>              <\/div>            <div class=\"bwg-item\">        <a class=\"bwg-a  bwg_lightbox\"  data-image-id=\"983\" href=\"https:\/\/www.ivanabeaumond.com.br\/vestidos-noiva\/wp-content\/uploads\/photo-gallery\/Vestido-Debutante_rj-sobmedida_15anos_exclusivo-Mans\u00e3odasEstrelas-J\u00faliaRangel-by_Ivana_Beaumond%20(6).jpg\" data-elementor-open-lightbox=\"no\">                <div class=\"bwg-item0 \">          <div class=\"bwg-item1 \">            <div class=\"bwg-item2\">              <img class=\"skip-lazy bwg_standart_thumb_img_0 \"                   data-id=\"983\"                   data-width=\"\"                   data-height=\"\"                   data-src=\"https:\/\/www.ivanabeaumond.com.br\/vestidos-noiva\/wp-content\/uploads\/photo-gallery\/thumb\/Vestido-Debutante_rj-sobmedida_15anos_exclusivo-Mans\u00e3odasEstrelas-J\u00faliaRangel-by_Ivana_Beaumond%20(6).jpg\"                   src=\"https:\/\/www.ivanabeaumond.com.br\/vestidos-noiva\/wp-content\/uploads\/photo-gallery\/thumb\/Vestido-Debutante_rj-sobmedida_15anos_exclusivo-Mans\u00e3odasEstrelas-J\u00faliaRangel-by_Ivana_Beaumond%20(6).jpg\"                   alt=\"Vestido-Debutante_rj-sobmedida_15anos_exclusivo-Mans\u00e3odasEstrelas-J\u00faliaRangel-by_Ivana_Beaumond (6)\"                   title=\"Vestido-Debutante_rj-sobmedida_15anos_exclusivo-Mans\u00e3odasEstrelas-J\u00faliaRangel-by_Ivana_Beaumond (6)\" \/>            <\/div>            <div class=\"\">                                                      <\/div>          <\/div>        <\/div>                        <\/a>              <\/div>            <div class=\"bwg-item\">        <a class=\"bwg-a  bwg_lightbox\"  data-image-id=\"982\" href=\"https:\/\/www.ivanabeaumond.com.br\/vestidos-noiva\/wp-content\/uploads\/photo-gallery\/Vestido-Debutante_rj-sobmedida_15anos_exclusivo-Mans\u00e3odasEstrelas-J\u00faliaRangel-by_Ivana_Beaumond%20(7).jpg\" data-elementor-open-lightbox=\"no\">                <div class=\"bwg-item0 \">          <div class=\"bwg-item1 \">            <div class=\"bwg-item2\">              <img class=\"skip-lazy bwg_standart_thumb_img_0 \"                   data-id=\"982\"                   data-width=\"\"                   data-height=\"\"                   data-src=\"https:\/\/www.ivanabeaumond.com.br\/vestidos-noiva\/wp-content\/uploads\/photo-gallery\/thumb\/Vestido-Debutante_rj-sobmedida_15anos_exclusivo-Mans\u00e3odasEstrelas-J\u00faliaRangel-by_Ivana_Beaumond%20(7).jpg\"                   src=\"https:\/\/www.ivanabeaumond.com.br\/vestidos-noiva\/wp-content\/uploads\/photo-gallery\/thumb\/Vestido-Debutante_rj-sobmedida_15anos_exclusivo-Mans\u00e3odasEstrelas-J\u00faliaRangel-by_Ivana_Beaumond%20(7).jpg\"                   alt=\"Vestido-Debutante_rj-sobmedida_15anos_exclusivo-Mans\u00e3odasEstrelas-J\u00faliaRangel-by_Ivana_Beaumond (7)\"                   title=\"Vestido-Debutante_rj-sobmedida_15anos_exclusivo-Mans\u00e3odasEstrelas-J\u00faliaRangel-by_Ivana_Beaumond (7)\" \/>            <\/div>            <div class=\"\">                                                      <\/div>          <\/div>        <\/div>                        <\/a>              <\/div>            <div class=\"bwg-item\">        <a class=\"bwg-a  bwg_lightbox\"  data-image-id=\"981\" href=\"https:\/\/www.ivanabeaumond.com.br\/vestidos-noiva\/wp-content\/uploads\/photo-gallery\/Vestido-Debutante_rj-sobmedida_15anos_exclusivo-Mans\u00e3odasEstrelas-J\u00faliaRangel-by_Ivana_Beaumond%20(8).jpg\" data-elementor-open-lightbox=\"no\">                <div class=\"bwg-item0 \">          <div class=\"bwg-item1 \">            <div class=\"bwg-item2\">              <img class=\"skip-lazy bwg_standart_thumb_img_0 \"                   data-id=\"981\"                   data-width=\"\"                   data-height=\"\"                   data-src=\"https:\/\/www.ivanabeaumond.com.br\/vestidos-noiva\/wp-content\/uploads\/photo-gallery\/thumb\/Vestido-Debutante_rj-sobmedida_15anos_exclusivo-Mans\u00e3odasEstrelas-J\u00faliaRangel-by_Ivana_Beaumond%20(8).jpg\"                   src=\"https:\/\/www.ivanabeaumond.com.br\/vestidos-noiva\/wp-content\/uploads\/photo-gallery\/thumb\/Vestido-Debutante_rj-sobmedida_15anos_exclusivo-Mans\u00e3odasEstrelas-J\u00faliaRangel-by_Ivana_Beaumond%20(8).jpg\"                   alt=\"Vestido-Debutante_rj-sobmedida_15anos_exclusivo-Mans\u00e3odasEstrelas-J\u00faliaRangel-by_Ivana_Beaumond (8)\"                   title=\"Vestido-Debutante_rj-sobmedida_15anos_exclusivo-Mans\u00e3odasEstrelas-J\u00faliaRangel-by_Ivana_Beaumond (8)\" \/>            <\/div>            <div class=\"\">                                                      <\/div>          <\/div>        <\/div>                        <\/a>              <\/div>            <div class=\"bwg-item\">        <a class=\"bwg-a  bwg_lightbox\"  data-image-id=\"980\" href=\"https:\/\/www.ivanabeaumond.com.br\/vestidos-noiva\/wp-content\/uploads\/photo-gallery\/Vestido-Debutante_rj-sobmedida_15anos_exclusivo-Mans\u00e3odasEstrelas-J\u00faliaRangel-by_Ivana_Beaumond%20(9).jpg\" data-elementor-open-lightbox=\"no\">                <div class=\"bwg-item0 \">          <div class=\"bwg-item1 \">            <div class=\"bwg-item2\">              <img class=\"skip-lazy bwg_standart_thumb_img_0 \"                   data-id=\"980\"                   data-width=\"\"                   data-height=\"\"                   data-src=\"https:\/\/www.ivanabeaumond.com.br\/vestidos-noiva\/wp-content\/uploads\/photo-gallery\/thumb\/Vestido-Debutante_rj-sobmedida_15anos_exclusivo-Mans\u00e3odasEstrelas-J\u00faliaRangel-by_Ivana_Beaumond%20(9).jpg\"                   src=\"https:\/\/www.ivanabeaumond.com.br\/vestidos-noiva\/wp-content\/uploads\/photo-gallery\/thumb\/Vestido-Debutante_rj-sobmedida_15anos_exclusivo-Mans\u00e3odasEstrelas-J\u00faliaRangel-by_Ivana_Beaumond%20(9).jpg\"                   alt=\"Vestido-Debutante_rj-sobmedida_15anos_exclusivo-Mans\u00e3odasEstrelas-J\u00faliaRangel-by_Ivana_Beaumond (9)\"                   title=\"Vestido-Debutante_rj-sobmedida_15anos_exclusivo-Mans\u00e3odasEstrelas-J\u00faliaRangel-by_Ivana_Beaumond (9)\" \/>            <\/div>            <div class=\"\">                                                      <\/div>          <\/div>        <\/div>                        <\/a>              <\/div>            <div class=\"bwg-item\">        <a class=\"bwg-a  bwg_lightbox\"  data-image-id=\"979\" href=\"https:\/\/www.ivanabeaumond.com.br\/vestidos-noiva\/wp-content\/uploads\/photo-gallery\/Vestido-Debutante_rj-sobmedida_15anos_exclusivo-Mans\u00e3odasEstrelas-J\u00faliaRangel-by_Ivana_Beaumond%20(10).jpg\" data-elementor-open-lightbox=\"no\">                <div class=\"bwg-item0 \">          <div class=\"bwg-item1 \">            <div class=\"bwg-item2\">              <img class=\"skip-lazy bwg_standart_thumb_img_0 \"                   data-id=\"979\"                   data-width=\"\"                   data-height=\"\"                   data-src=\"https:\/\/www.ivanabeaumond.com.br\/vestidos-noiva\/wp-content\/uploads\/photo-gallery\/thumb\/Vestido-Debutante_rj-sobmedida_15anos_exclusivo-Mans\u00e3odasEstrelas-J\u00faliaRangel-by_Ivana_Beaumond%20(10).jpg\"                   src=\"https:\/\/www.ivanabeaumond.com.br\/vestidos-noiva\/wp-content\/uploads\/photo-gallery\/thumb\/Vestido-Debutante_rj-sobmedida_15anos_exclusivo-Mans\u00e3odasEstrelas-J\u00faliaRangel-by_Ivana_Beaumond%20(10).jpg\"                   alt=\"Vestido-Debutante_rj-sobmedida_15anos_exclusivo-Mans\u00e3odasEstrelas-J\u00faliaRangel-by_Ivana_Beaumond (10)\"                   title=\"Vestido-Debutante_rj-sobmedida_15anos_exclusivo-Mans\u00e3odasEstrelas-J\u00faliaRangel-by_Ivana_Beaumond (10)\" \/>            <\/div>            <div class=\"\">                                                      <\/div>          <\/div>        <\/div>                        <\/a>              <\/div>            <div class=\"bwg-item\">        <a class=\"bwg-a  bwg_lightbox\"  data-image-id=\"978\" href=\"https:\/\/www.ivanabeaumond.com.br\/vestidos-noiva\/wp-content\/uploads\/photo-gallery\/Vestido-Debutante_rj-sobmedida_15anos_exclusivo-Mans\u00e3odasEstrelas-J\u00faliaRangel-by_Ivana_Beaumond%20(11).jpg\" data-elementor-open-lightbox=\"no\">                <div class=\"bwg-item0 \">          <div class=\"bwg-item1 \">            <div class=\"bwg-item2\">              <img class=\"skip-lazy bwg_standart_thumb_img_0 \"                   data-id=\"978\"                   data-width=\"\"                   data-height=\"\"                   data-src=\"https:\/\/www.ivanabeaumond.com.br\/vestidos-noiva\/wp-content\/uploads\/photo-gallery\/thumb\/Vestido-Debutante_rj-sobmedida_15anos_exclusivo-Mans\u00e3odasEstrelas-J\u00faliaRangel-by_Ivana_Beaumond%20(11).jpg\"                   src=\"https:\/\/www.ivanabeaumond.com.br\/vestidos-noiva\/wp-content\/uploads\/photo-gallery\/thumb\/Vestido-Debutante_rj-sobmedida_15anos_exclusivo-Mans\u00e3odasEstrelas-J\u00faliaRangel-by_Ivana_Beaumond%20(11).jpg\"                   alt=\"Vestido-Debutante_rj-sobmedida_15anos_exclusivo-Mans\u00e3odasEstrelas-J\u00faliaRangel-by_Ivana_Beaumond (11)\"                   title=\"Vestido-Debutante_rj-sobmedida_15anos_exclusivo-Mans\u00e3odasEstrelas-J\u00faliaRangel-by_Ivana_Beaumond (11)\" \/>            <\/div>            <div class=\"\">                                                      <\/div>          <\/div>        <\/div>                        <\/a>              <\/div>            <div class=\"bwg-item\">        <a class=\"bwg-a  bwg_lightbox\"  data-image-id=\"977\" href=\"https:\/\/www.ivanabeaumond.com.br\/vestidos-noiva\/wp-content\/uploads\/photo-gallery\/Vestido-Debutante_rj-sobmedida_15anos_exclusivo-Mans\u00e3odasEstrelas-J\u00faliaRangel-by_Ivana_Beaumond%20(5).jpg\" data-elementor-open-lightbox=\"no\">                <div class=\"bwg-item0 \">          <div class=\"bwg-item1 \">            <div class=\"bwg-item2\">              <img class=\"skip-lazy bwg_standart_thumb_img_0 \"                   data-id=\"977\"                   data-width=\"\"                   data-height=\"\"                   data-src=\"https:\/\/www.ivanabeaumond.com.br\/vestidos-noiva\/wp-content\/uploads\/photo-gallery\/thumb\/Vestido-Debutante_rj-sobmedida_15anos_exclusivo-Mans\u00e3odasEstrelas-J\u00faliaRangel-by_Ivana_Beaumond%20(5).jpg\"                   src=\"https:\/\/www.ivanabeaumond.com.br\/vestidos-noiva\/wp-content\/uploads\/photo-gallery\/thumb\/Vestido-Debutante_rj-sobmedida_15anos_exclusivo-Mans\u00e3odasEstrelas-J\u00faliaRangel-by_Ivana_Beaumond%20(5).jpg\"                   alt=\"Vestido-Debutante_rj-sobmedida_15anos_exclusivo-Mans\u00e3odasEstrelas-J\u00faliaRangel-by_Ivana_Beaumond (5)\"                   title=\"Vestido-Debutante_rj-sobmedida_15anos_exclusivo-Mans\u00e3odasEstrelas-J\u00faliaRangel-by_Ivana_Beaumond (5)\" \/>            <\/div>            <div class=\"\">                                                      <\/div>          <\/div>        <\/div>                        <\/a>              <\/div>            <div class=\"bwg-item\">        <a class=\"bwg-a  bwg_lightbox\"  data-image-id=\"976\" href=\"https:\/\/www.ivanabeaumond.com.br\/vestidos-noiva\/wp-content\/uploads\/photo-gallery\/Vestido-Debutante_rj-sobmedida_15anos_exclusivo-Mans\u00e3odasEstrelas-J\u00faliaRangel-by_Ivana_Beaumond%20(4).jpg\" data-elementor-open-lightbox=\"no\">                <div class=\"bwg-item0 \">          <div class=\"bwg-item1 \">            <div class=\"bwg-item2\">              <img class=\"skip-lazy bwg_standart_thumb_img_0 \"                   data-id=\"976\"                   data-width=\"\"                   data-height=\"\"                   data-src=\"https:\/\/www.ivanabeaumond.com.br\/vestidos-noiva\/wp-content\/uploads\/photo-gallery\/thumb\/Vestido-Debutante_rj-sobmedida_15anos_exclusivo-Mans\u00e3odasEstrelas-J\u00faliaRangel-by_Ivana_Beaumond%20(4).jpg\"                   src=\"https:\/\/www.ivanabeaumond.com.br\/vestidos-noiva\/wp-content\/uploads\/photo-gallery\/thumb\/Vestido-Debutante_rj-sobmedida_15anos_exclusivo-Mans\u00e3odasEstrelas-J\u00faliaRangel-by_Ivana_Beaumond%20(4).jpg\"                   alt=\"Vestido-Debutante_rj-sobmedida_15anos_exclusivo-Mans\u00e3odasEstrelas-J\u00faliaRangel-by_Ivana_Beaumond (4)\"                   title=\"Vestido-Debutante_rj-sobmedida_15anos_exclusivo-Mans\u00e3odasEstrelas-J\u00faliaRangel-by_Ivana_Beaumond (4)\" \/>            <\/div>            <div class=\"\">                                                      <\/div>          <\/div>        <\/div>                        <\/a>              <\/div>            <div class=\"bwg-item\">        <a class=\"bwg-a  bwg_lightbox\"  data-image-id=\"975\" href=\"https:\/\/www.ivanabeaumond.com.br\/vestidos-noiva\/wp-content\/uploads\/photo-gallery\/Vestido-Debutante_rj-sobmedida_15anos_exclusivo-Mans\u00e3odasEstrelas-J\u00faliaRangel-by_Ivana_Beaumond%20(3).jpg\" data-elementor-open-lightbox=\"no\">                <div class=\"bwg-item0 \">          <div class=\"bwg-item1 \">            <div class=\"bwg-item2\">              <img class=\"skip-lazy bwg_standart_thumb_img_0 \"                   data-id=\"975\"                   data-width=\"\"                   data-height=\"\"                   data-src=\"https:\/\/www.ivanabeaumond.com.br\/vestidos-noiva\/wp-content\/uploads\/photo-gallery\/thumb\/Vestido-Debutante_rj-sobmedida_15anos_exclusivo-Mans\u00e3odasEstrelas-J\u00faliaRangel-by_Ivana_Beaumond%20(3).jpg\"                   src=\"https:\/\/www.ivanabeaumond.com.br\/vestidos-noiva\/wp-content\/uploads\/photo-gallery\/thumb\/Vestido-Debutante_rj-sobmedida_15anos_exclusivo-Mans\u00e3odasEstrelas-J\u00faliaRangel-by_Ivana_Beaumond%20(3).jpg\"                   alt=\"Vestido-Debutante_rj-sobmedida_15anos_exclusivo-Mans\u00e3odasEstrelas-J\u00faliaRangel-by_Ivana_Beaumond (3)\"                   title=\"Vestido-Debutante_rj-sobmedida_15anos_exclusivo-Mans\u00e3odasEstrelas-J\u00faliaRangel-by_Ivana_Beaumond (3)\" \/>            <\/div>            <div class=\"\">                                                      <\/div>          <\/div>        <\/div>                        <\/a>              <\/div>            <div class=\"bwg-item\">        <a class=\"bwg-a  bwg_lightbox\"  data-image-id=\"974\" href=\"https:\/\/www.ivanabeaumond.com.br\/vestidos-noiva\/wp-content\/uploads\/photo-gallery\/Vestido-Debutante_rj-sobmedida_15anos_exclusivo-Mans\u00e3odasEstrelas-J\u00faliaRangel-by_Ivana_Beaumond%20(2).jpg\" data-elementor-open-lightbox=\"no\">                <div class=\"bwg-item0 \">          <div class=\"bwg-item1 \">            <div class=\"bwg-item2\">              <img class=\"skip-lazy bwg_standart_thumb_img_0 \"                   data-id=\"974\"                   data-width=\"\"                   data-height=\"\"                   data-src=\"https:\/\/www.ivanabeaumond.com.br\/vestidos-noiva\/wp-content\/uploads\/photo-gallery\/thumb\/Vestido-Debutante_rj-sobmedida_15anos_exclusivo-Mans\u00e3odasEstrelas-J\u00faliaRangel-by_Ivana_Beaumond%20(2).jpg\"                   src=\"https:\/\/www.ivanabeaumond.com.br\/vestidos-noiva\/wp-content\/uploads\/photo-gallery\/thumb\/Vestido-Debutante_rj-sobmedida_15anos_exclusivo-Mans\u00e3odasEstrelas-J\u00faliaRangel-by_Ivana_Beaumond%20(2).jpg\"                   alt=\"Vestido-Debutante_rj-sobmedida_15anos_exclusivo-Mans\u00e3odasEstrelas-J\u00faliaRangel-by_Ivana_Beaumond (2)\"                   title=\"Vestido-Debutante_rj-sobmedida_15anos_exclusivo-Mans\u00e3odasEstrelas-J\u00faliaRangel-by_Ivana_Beaumond (2)\" \/>            <\/div>            <div class=\"\">                                                      <\/div>          <\/div>        <\/div>                        <\/a>              <\/div>            <div class=\"bwg-item\">        <a class=\"bwg-a  bwg_lightbox\"  data-image-id=\"973\" href=\"https:\/\/www.ivanabeaumond.com.br\/vestidos-noiva\/wp-content\/uploads\/photo-gallery\/Vestido-Debutante_rj-sobmedida_15anos_exclusivo-Mans\u00e3odasEstrelas-J\u00faliaRangel-by_Ivana_Beaumond%20(1).jpg\" data-elementor-open-lightbox=\"no\">                <div class=\"bwg-item0 \">          <div class=\"bwg-item1 \">            <div class=\"bwg-item2\">              <img class=\"skip-lazy bwg_standart_thumb_img_0 \"                   data-id=\"973\"                   data-width=\"\"                   data-height=\"\"                   data-src=\"https:\/\/www.ivanabeaumond.com.br\/vestidos-noiva\/wp-content\/uploads\/photo-gallery\/thumb\/Vestido-Debutante_rj-sobmedida_15anos_exclusivo-Mans\u00e3odasEstrelas-J\u00faliaRangel-by_Ivana_Beaumond%20(1).jpg\"                   src=\"https:\/\/www.ivanabeaumond.com.br\/vestidos-noiva\/wp-content\/uploads\/photo-gallery\/thumb\/Vestido-Debutante_rj-sobmedida_15anos_exclusivo-Mans\u00e3odasEstrelas-J\u00faliaRangel-by_Ivana_Beaumond%20(1).jpg\"                   alt=\"Vestido-Debutante_rj-sobmedida_15anos_exclusivo-Mans\u00e3odasEstrelas-J\u00faliaRangel-by_Ivana_Beaumond (1)\"                   title=\"Vestido-Debutante_rj-sobmedida_15anos_exclusivo-Mans\u00e3odasEstrelas-J\u00faliaRangel-by_Ivana_Beaumond (1)\" \/>            <\/div>            <div class=\"\">                                                      <\/div>          <\/div>        <\/div>                        <\/a>              <\/div>          <\/div>    <style>      \/*pagination styles*\/      #bwg_container1_0 #bwg_container2_0 .tablenav-pages_0 {\t\t\t\ttext-align: center;\t\t\t\tfont-size: 12px;\t\t\t\tfont-family: segoe ui;\t\t\t\tfont-weight: bold;\t\t\t\tcolor: #666666;\t\t\t\tmargin: 6px 0 4px;\t\t\t\tdisplay: block;      }      @media only screen and (max-width : 320px) {      #bwg_container1_0 #bwg_container2_0 .displaying-num_0 {     \t display: none;      }      }      #bwg_container1_0 #bwg_container2_0 .displaying-num_0 {\t\t\t\tfont-size: 12px;\t\t\t\tfont-family: segoe ui;\t\t\t\tfont-weight: bold;\t\t\t\tcolor: #666666;\t\t\t\tmargin-right: 10px;\t\t\t\tvertical-align: middle;      }      #bwg_container1_0 #bwg_container2_0 .paging-input_0 {\t\t\t\tfont-size: 12px;\t\t\t\tfont-family: segoe ui;\t\t\t\tfont-weight: bold;\t\t\t\tcolor: #666666;\t\t\t\tvertical-align: middle;      }      #bwg_container1_0 #bwg_container2_0 .tablenav-pages_0 a.disabled,      #bwg_container1_0 #bwg_container2_0 .tablenav-pages_0 a.disabled:hover,      #bwg_container1_0 #bwg_container2_0 .tablenav-pages_0 a.disabled:focus,\t\t\t#bwg_container1_0 #bwg_container2_0 .tablenav-pages_0 input.bwg_current_page {\t\t\t\tcursor: default;\t\t\t\tcolor: rgba(102, 102, 102, 0.5);      }      #bwg_container1_0 #bwg_container2_0 .tablenav-pages_0 a,      #bwg_container1_0 #bwg_container2_0 .tablenav-pages_0 input.bwg_current_page {\t\t\t\tcursor: pointer;\t\t\t\ttext-align: center;\t\t\t\tfont-size: 12px;\t\t\t\tfont-family: segoe ui;\t\t\t\tfont-weight: bold;\t\t\t\tcolor: #666666;\t\t\t\ttext-decoration: none;\t\t\t\tpadding: 3px 6px;\t\t\t\tmargin: 0;\t\t\t\tborder-radius: 0;\t\t\t\tborder-style: solid;\t\t\t\tborder-width: 1px;\t\t\t\tborder-color: #E3E3E3;\t\t\t\t\t\t\t\tbackground-color: rgba(255, 255, 255, 1.00);\t\t\t\tbox-shadow: 0;\t\t\t\ttransition: all 0.3s ease 0s;-webkit-transition: all 0.3s ease 0s;      }      <\/style>      <span class=\"bwg_nav_cont_0\">              <div class=\"tablenav-pages_0\">                  <\/div>                <input type=\"hidden\" id=\"page_number_0\" name=\"page_number_0\" value=\"1\" \/>      <script type=\"text\/javascript\">        if( jQuery('.bwg_nav_cont_0').length > 1 ) {          jQuery('.bwg_nav_cont_0').first().remove()        }        function spider_page_0(cur, x, y, load_more) {          if (typeof load_more == \"undefined\") {            var load_more = false;          }          if (jQuery(cur).hasClass('disabled')) {            return false;          }          var items_county_0 = 1;          switch (y) {            case 1:              if (x >= items_county_0) {                document.getElementById('page_number_0').value = items_county_0;              }              else {                document.getElementById('page_number_0').value = x + 1;              }              break;            case 2:              document.getElementById('page_number_0').value = items_county_0;              break;            case -1:              if (x == 1) {                document.getElementById('page_number_0').value = 1;              }              else {                document.getElementById('page_number_0').value = x - 1;              }              break;            case -2:              document.getElementById('page_number_0').value = 1;              break;\t\t\t\t\t\tcase 0:              document.getElementById('page_number_0').value = x;              break;            default:              document.getElementById('page_number_0').value = 1;          }          bwg_ajax('gal_front_form_0', '0', 'bwg_thumbnails_0', '0', '', 'gallery', 0, '', '', load_more, '', 1);        }                    jQuery('.first-page-0').on('click', function () {              spider_page_0(this, 1, -2, 'numeric');              return false;            });            jQuery('.prev-page-0').on('click', function () {              spider_page_0(this, 1, -1, 'numeric');              return false;            });            jQuery('.next-page-0').on('click', function () {              spider_page_0(this, 1, 1, 'numeric');              return false;            });            jQuery('.last-page-0').on('click', function () {              spider_page_0(this, 1, 2, 'numeric');              return false;            });        \t\t\t\t\/* Change page on input enter. *\/        function bwg_change_page_0( e, that ) {          if (  e.key == 'Enter' ) {            var to_page = parseInt(jQuery(that).val());            var pages_count = jQuery(that).parents(\".pagination-links\").data(\"pages-count\");            var current_url_param = jQuery(that).attr('data-url-info');            if (to_page > pages_count) {              to_page = 1;            }\t \t\t\t\t\t\t\t\t\t\t\t\tspider_page_0(this, to_page, 0, 'numeric');\t\t\t\t\t\t\treturn false;\t\t\t\t\t\t          }          return true;        }        jQuery('.bwg_load_btn_0').on('click', function () {            spider_page_0(this, 1, 1, true);            return false;        });      <\/script>      <\/span>                <\/div>        <\/form>        <style>          #bwg_container1_0 #bwg_container2_0 #spider_popup_overlay_0 {          background-color: #000000;          opacity: 0.70;          }          <\/style>        <div id=\"bwg_spider_popup_loading_0\" class=\"bwg_spider_popup_loading\"><\/div>        <div id=\"spider_popup_overlay_0\" class=\"spider_popup_overlay\" onclick=\"spider_destroypopup(1000)\"><\/div>        <input type=\"hidden\" id=\"bwg_random_seed_0\" value=\"545328450\">                <\/div>    <\/div>    <script>      if (document.readyState === 'complete') {        if( typeof bwg_main_ready == 'function' ) {          if ( jQuery(\"#bwg_container1_0\").height() ) {            bwg_main_ready(jQuery(\"#bwg_container1_0\"));          }        }      } else {        document.addEventListener('DOMContentLoaded', function() {          if( typeof bwg_main_ready == 'function' ) {            if ( jQuery(\"#bwg_container1_0\").height() ) {             bwg_main_ready(jQuery(\"#bwg_container1_0\"));            }          }        });      }    <\/script>    \n<p style=\"text-align: justify;\"><span style=\"color: #999999;\">\u00a0<\/span><\/p>\n<div class=\"post_content_holder\">\n<div class=\"post_text\">\n<h4 style=\"text-align: justify;\"><span style=\"color: #999999;\">Gostou? Siga nosso instagram\u00a0<span style=\"color: #0000ff;\"><a style=\"color: #0000ff;\" href=\"https:\/\/www.instagram.com\/ivanabeaumond\/\">@ivanabeaumond<\/a><\/span>\u00a0e curta nossa fanpage\u00a0<span style=\"color: #0000ff;\"><a style=\"color: #0000ff;\" href=\"https:\/\/www.facebook.com\/IvanaBeaumond\/\">Ivana Beaumond<\/a><\/span>\u00a0e fique por dentro de tudo o que rola no mundo das noivas e conhe\u00e7a nossos Melhores Modelos de Vestidos de Noivas Nacionais, Importados e Sob Medida.<\/span><\/h4>\n<\/div>\n<\/div>\n<\/form>\n<\/div>\n<\/div>\n","protected":false},"excerpt":{"rendered":"<p>Os encantos de J\u00falia, uma menina meiga, encantadora que nos&#8230;<\/p>\n","protected":false},"author":4,"featured_media":14970,"comment_status":"closed","ping_status":"closed","sticky":false,"template":"","format":"standard","meta":[],"categories":[129],"tags":[172,159,131,96,161,156,160,173,99,100,162,157,174,163,158,149,143,115],"yoast_head":"<!-- This site is optimized with the Yoast SEO plugin v20.3 - https:\/\/yoast.com\/wordpress\/plugins\/seo\/ -->\n<title>O Exclusivo Vestido Sob Medida da Debutante J\u00falia Rangel, by Ivana Beaumond Paris... - Vestido de Noiva RJ<\/title>\n<meta name=\"robots\" content=\"index, follow, max-snippet:-1, max-image-preview:large, max-video-preview:-1\" \/>\n<link rel=\"canonical\" href=\"https:\/\/www.ivanabeaumond.com.br\/vestidos-noiva\/o-exclusivo-vestido-sob-medida-da-debutante-julia-rangel-by-ivana-beaumond-paris\/\" \/>\n<meta property=\"og:locale\" content=\"pt_BR\" \/>\n<meta property=\"og:type\" content=\"article\" \/>\n<meta property=\"og:title\" content=\"O Exclusivo Vestido Sob Medida da Debutante J\u00falia Rangel, by Ivana Beaumond Paris... - Vestido de Noiva RJ\" \/>\n<meta property=\"og:description\" content=\"Os encantos de J\u00falia, uma menina meiga, encantadora que nos...\" \/>\n<meta property=\"og:url\" content=\"https:\/\/www.ivanabeaumond.com.br\/vestidos-noiva\/o-exclusivo-vestido-sob-medida-da-debutante-julia-rangel-by-ivana-beaumond-paris\/\" \/>\n<meta property=\"og:site_name\" content=\"Vestido de Noiva RJ\" \/>\n<meta property=\"article:publisher\" content=\"https:\/\/www.facebook.com\/ivana.beaumondnoivas\" \/>\n<meta property=\"article:published_time\" content=\"2018-06-08T14:49:07+00:00\" \/>\n<meta property=\"article:modified_time\" content=\"2020-08-25T19:34:12+00:00\" \/>\n<meta property=\"og:image\" content=\"https:\/\/www.ivanabeaumond.com.br\/vestidos-noiva\/wp-content\/uploads\/2018\/06\/Vestido-Debutante_rj-sobmedida_15anos_exclusivo-Mans\u00e3odasEstrelas-J\u00faliaRangel-by_Ivana_Beaumond-7.jpg\" \/>\n\t<meta property=\"og:image:width\" content=\"1708\" \/>\n\t<meta property=\"og:image:height\" content=\"1140\" \/>\n\t<meta property=\"og:image:type\" content=\"image\/jpeg\" \/>\n<meta name=\"author\" content=\"Ivana Beaumond Paris\" \/>\n<meta name=\"twitter:card\" content=\"summary_large_image\" \/>\n<meta name=\"twitter:label1\" content=\"Escrito por\" \/>\n\t<meta name=\"twitter:data1\" content=\"Ivana Beaumond Paris\" \/>\n\t<meta name=\"twitter:label2\" content=\"Est. tempo de leitura\" \/>\n\t<meta name=\"twitter:data2\" content=\"1 minuto\" \/>\n<script type=\"application\/ld+json\" class=\"yoast-schema-graph\">{\"@context\":\"https:\/\/schema.org\",\"@graph\":[{\"@type\":\"Article\",\"@id\":\"https:\/\/www.ivanabeaumond.com.br\/vestidos-noiva\/o-exclusivo-vestido-sob-medida-da-debutante-julia-rangel-by-ivana-beaumond-paris\/#article\",\"isPartOf\":{\"@id\":\"https:\/\/www.ivanabeaumond.com.br\/vestidos-noiva\/o-exclusivo-vestido-sob-medida-da-debutante-julia-rangel-by-ivana-beaumond-paris\/\"},\"author\":{\"name\":\"Ivana Beaumond Paris\",\"@id\":\"https:\/\/www.ivanabeaumond.com.br\/vestidos-noiva\/#\/schema\/person\/1a360c4cffa3b806d29a456389dcff26\"},\"headline\":\"O Exclusivo Vestido Sob Medida da Debutante J\u00falia Rangel, by Ivana Beaumond Paris&#8230;\",\"datePublished\":\"2018-06-08T14:49:07+00:00\",\"dateModified\":\"2020-08-25T19:34:12+00:00\",\"mainEntityOfPage\":{\"@id\":\"https:\/\/www.ivanabeaumond.com.br\/vestidos-noiva\/o-exclusivo-vestido-sob-medida-da-debutante-julia-rangel-by-ivana-beaumond-paris\/\"},\"wordCount\":305,\"publisher\":{\"@id\":\"https:\/\/www.ivanabeaumond.com.br\/vestidos-noiva\/#organization\"},\"keywords\":[\"15 anos\",\"alian\u00e7as\",\"aluguel de roupas\",\"casamento\",\"casamento blindado\",\"casamento no civil\",\"daminhas\",\"debutantes\",\"felicidade\",\"festa\",\"festas\",\"noiva e noivo\",\"princesas\",\"sob medida\",\"traje de noivo\",\"vestido de 15 anos\",\"vestido de debutante\",\"vestido de noiva\"],\"articleSection\":[\"Espa\u00e7o Debutantes\"],\"inLanguage\":\"pt-BR\"},{\"@type\":\"WebPage\",\"@id\":\"https:\/\/www.ivanabeaumond.com.br\/vestidos-noiva\/o-exclusivo-vestido-sob-medida-da-debutante-julia-rangel-by-ivana-beaumond-paris\/\",\"url\":\"https:\/\/www.ivanabeaumond.com.br\/vestidos-noiva\/o-exclusivo-vestido-sob-medida-da-debutante-julia-rangel-by-ivana-beaumond-paris\/\",\"name\":\"O Exclusivo Vestido Sob Medida da Debutante J\u00falia Rangel, by Ivana Beaumond Paris... - Vestido de Noiva RJ\",\"isPartOf\":{\"@id\":\"https:\/\/www.ivanabeaumond.com.br\/vestidos-noiva\/#website\"},\"datePublished\":\"2018-06-08T14:49:07+00:00\",\"dateModified\":\"2020-08-25T19:34:12+00:00\",\"breadcrumb\":{\"@id\":\"https:\/\/www.ivanabeaumond.com.br\/vestidos-noiva\/o-exclusivo-vestido-sob-medida-da-debutante-julia-rangel-by-ivana-beaumond-paris\/#breadcrumb\"},\"inLanguage\":\"pt-BR\",\"potentialAction\":[{\"@type\":\"ReadAction\",\"target\":[\"https:\/\/www.ivanabeaumond.com.br\/vestidos-noiva\/o-exclusivo-vestido-sob-medida-da-debutante-julia-rangel-by-ivana-beaumond-paris\/\"]}]},{\"@type\":\"BreadcrumbList\",\"@id\":\"https:\/\/www.ivanabeaumond.com.br\/vestidos-noiva\/o-exclusivo-vestido-sob-medida-da-debutante-julia-rangel-by-ivana-beaumond-paris\/#breadcrumb\",\"itemListElement\":[{\"@type\":\"ListItem\",\"position\":1,\"name\":\"In\u00edcio\",\"item\":\"https:\/\/www.ivanabeaumond.com.br\/vestidos-noiva\/\"},{\"@type\":\"ListItem\",\"position\":2,\"name\":\"O Exclusivo Vestido Sob Medida da Debutante J\u00falia Rangel, by Ivana Beaumond Paris&#8230;\"}]},{\"@type\":\"WebSite\",\"@id\":\"https:\/\/www.ivanabeaumond.com.br\/vestidos-noiva\/#website\",\"url\":\"https:\/\/www.ivanabeaumond.com.br\/vestidos-noiva\/\",\"name\":\"Vestido de Noiva RJ\",\"description\":\"Moda Noiva\",\"publisher\":{\"@id\":\"https:\/\/www.ivanabeaumond.com.br\/vestidos-noiva\/#organization\"},\"potentialAction\":[{\"@type\":\"SearchAction\",\"target\":{\"@type\":\"EntryPoint\",\"urlTemplate\":\"https:\/\/www.ivanabeaumond.com.br\/vestidos-noiva\/?s={search_term_string}\"},\"query-input\":\"required name=search_term_string\"}],\"inLanguage\":\"pt-BR\"},{\"@type\":\"Organization\",\"@id\":\"https:\/\/www.ivanabeaumond.com.br\/vestidos-noiva\/#organization\",\"name\":\"Vestido de Noiva RJ\",\"url\":\"https:\/\/www.ivanabeaumond.com.br\/vestidos-noiva\/\",\"logo\":{\"@type\":\"ImageObject\",\"inLanguage\":\"pt-BR\",\"@id\":\"https:\/\/www.ivanabeaumond.com.br\/vestidos-noiva\/#\/schema\/logo\/image\/\",\"url\":\"https:\/\/www.ivanabeaumond.com.br\/vestidos-noiva\/wp-content\/uploads\/2018\/02\/logo_ivana_beaumond-2.png\",\"contentUrl\":\"https:\/\/www.ivanabeaumond.com.br\/vestidos-noiva\/wp-content\/uploads\/2018\/02\/logo_ivana_beaumond-2.png\",\"width\":230,\"height\":112,\"caption\":\"Vestido de Noiva RJ\"},\"image\":{\"@id\":\"https:\/\/www.ivanabeaumond.com.br\/vestidos-noiva\/#\/schema\/logo\/image\/\"},\"sameAs\":[\"https:\/\/www.facebook.com\/ivana.beaumondnoivas\",\"https:\/\/www.instagram.com\/ivanabeaumond\/\",\"https:\/\/www.tiktok.com\/@ivanabeaumond\"]},{\"@type\":\"Person\",\"@id\":\"https:\/\/www.ivanabeaumond.com.br\/vestidos-noiva\/#\/schema\/person\/1a360c4cffa3b806d29a456389dcff26\",\"name\":\"Ivana Beaumond Paris\",\"image\":{\"@type\":\"ImageObject\",\"inLanguage\":\"pt-BR\",\"@id\":\"https:\/\/www.ivanabeaumond.com.br\/vestidos-noiva\/#\/schema\/person\/image\/\",\"url\":\"https:\/\/secure.gravatar.com\/avatar\/641f98db20b53ec937ceb641db4270b9?s=96&d=mm&r=g\",\"contentUrl\":\"https:\/\/secure.gravatar.com\/avatar\/641f98db20b53ec937ceb641db4270b9?s=96&d=mm&r=g\",\"caption\":\"Ivana Beaumond Paris\"},\"url\":\"https:\/\/www.ivanabeaumond.com.br\/vestidos-noiva\/author\/ivana\/\"}]}<\/script>\n<!-- \/ Yoast SEO plugin. -->","yoast_head_json":{"title":"O Exclusivo Vestido Sob Medida da Debutante J\u00falia Rangel, by Ivana Beaumond Paris... - Vestido de Noiva RJ","robots":{"index":"index","follow":"follow","max-snippet":"max-snippet:-1","max-image-preview":"max-image-preview:large","max-video-preview":"max-video-preview:-1"},"canonical":"https:\/\/www.ivanabeaumond.com.br\/vestidos-noiva\/o-exclusivo-vestido-sob-medida-da-debutante-julia-rangel-by-ivana-beaumond-paris\/","og_locale":"pt_BR","og_type":"article","og_title":"O Exclusivo Vestido Sob Medida da Debutante J\u00falia Rangel, by Ivana Beaumond Paris... - Vestido de Noiva RJ","og_description":"Os encantos de J\u00falia, uma menina meiga, encantadora que nos...","og_url":"https:\/\/www.ivanabeaumond.com.br\/vestidos-noiva\/o-exclusivo-vestido-sob-medida-da-debutante-julia-rangel-by-ivana-beaumond-paris\/","og_site_name":"Vestido de Noiva RJ","article_publisher":"https:\/\/www.facebook.com\/ivana.beaumondnoivas","article_published_time":"2018-06-08T14:49:07+00:00","article_modified_time":"2020-08-25T19:34:12+00:00","og_image":[{"width":1708,"height":1140,"url":"https:\/\/www.ivanabeaumond.com.br\/vestidos-noiva\/wp-content\/uploads\/2018\/06\/Vestido-Debutante_rj-sobmedida_15anos_exclusivo-Mans\u00e3odasEstrelas-J\u00faliaRangel-by_Ivana_Beaumond-7.jpg","type":"image\/jpeg"}],"author":"Ivana Beaumond Paris","twitter_card":"summary_large_image","twitter_misc":{"Escrito por":"Ivana Beaumond Paris","Est. tempo de leitura":"1 minuto"},"schema":{"@context":"https:\/\/schema.org","@graph":[{"@type":"Article","@id":"https:\/\/www.ivanabeaumond.com.br\/vestidos-noiva\/o-exclusivo-vestido-sob-medida-da-debutante-julia-rangel-by-ivana-beaumond-paris\/#article","isPartOf":{"@id":"https:\/\/www.ivanabeaumond.com.br\/vestidos-noiva\/o-exclusivo-vestido-sob-medida-da-debutante-julia-rangel-by-ivana-beaumond-paris\/"},"author":{"name":"Ivana Beaumond Paris","@id":"https:\/\/www.ivanabeaumond.com.br\/vestidos-noiva\/#\/schema\/person\/1a360c4cffa3b806d29a456389dcff26"},"headline":"O Exclusivo Vestido Sob Medida da Debutante J\u00falia Rangel, by Ivana Beaumond Paris&#8230;","datePublished":"2018-06-08T14:49:07+00:00","dateModified":"2020-08-25T19:34:12+00:00","mainEntityOfPage":{"@id":"https:\/\/www.ivanabeaumond.com.br\/vestidos-noiva\/o-exclusivo-vestido-sob-medida-da-debutante-julia-rangel-by-ivana-beaumond-paris\/"},"wordCount":305,"publisher":{"@id":"https:\/\/www.ivanabeaumond.com.br\/vestidos-noiva\/#organization"},"keywords":["15 anos","alian\u00e7as","aluguel de roupas","casamento","casamento blindado","casamento no civil","daminhas","debutantes","felicidade","festa","festas","noiva e noivo","princesas","sob medida","traje de noivo","vestido de 15 anos","vestido de debutante","vestido de noiva"],"articleSection":["Espa\u00e7o Debutantes"],"inLanguage":"pt-BR"},{"@type":"WebPage","@id":"https:\/\/www.ivanabeaumond.com.br\/vestidos-noiva\/o-exclusivo-vestido-sob-medida-da-debutante-julia-rangel-by-ivana-beaumond-paris\/","url":"https:\/\/www.ivanabeaumond.com.br\/vestidos-noiva\/o-exclusivo-vestido-sob-medida-da-debutante-julia-rangel-by-ivana-beaumond-paris\/","name":"O Exclusivo Vestido Sob Medida da Debutante J\u00falia Rangel, by Ivana Beaumond Paris... - Vestido de Noiva RJ","isPartOf":{"@id":"https:\/\/www.ivanabeaumond.com.br\/vestidos-noiva\/#website"},"datePublished":"2018-06-08T14:49:07+00:00","dateModified":"2020-08-25T19:34:12+00:00","breadcrumb":{"@id":"https:\/\/www.ivanabeaumond.com.br\/vestidos-noiva\/o-exclusivo-vestido-sob-medida-da-debutante-julia-rangel-by-ivana-beaumond-paris\/#breadcrumb"},"inLanguage":"pt-BR","potentialAction":[{"@type":"ReadAction","target":["https:\/\/www.ivanabeaumond.com.br\/vestidos-noiva\/o-exclusivo-vestido-sob-medida-da-debutante-julia-rangel-by-ivana-beaumond-paris\/"]}]},{"@type":"BreadcrumbList","@id":"https:\/\/www.ivanabeaumond.com.br\/vestidos-noiva\/o-exclusivo-vestido-sob-medida-da-debutante-julia-rangel-by-ivana-beaumond-paris\/#breadcrumb","itemListElement":[{"@type":"ListItem","position":1,"name":"In\u00edcio","item":"https:\/\/www.ivanabeaumond.com.br\/vestidos-noiva\/"},{"@type":"ListItem","position":2,"name":"O Exclusivo Vestido Sob Medida da Debutante J\u00falia Rangel, by Ivana Beaumond Paris&#8230;"}]},{"@type":"WebSite","@id":"https:\/\/www.ivanabeaumond.com.br\/vestidos-noiva\/#website","url":"https:\/\/www.ivanabeaumond.com.br\/vestidos-noiva\/","name":"Vestido de Noiva RJ","description":"Moda Noiva","publisher":{"@id":"https:\/\/www.ivanabeaumond.com.br\/vestidos-noiva\/#organization"},"potentialAction":[{"@type":"SearchAction","target":{"@type":"EntryPoint","urlTemplate":"https:\/\/www.ivanabeaumond.com.br\/vestidos-noiva\/?s={search_term_string}"},"query-input":"required name=search_term_string"}],"inLanguage":"pt-BR"},{"@type":"Organization","@id":"https:\/\/www.ivanabeaumond.com.br\/vestidos-noiva\/#organization","name":"Vestido de Noiva RJ","url":"https:\/\/www.ivanabeaumond.com.br\/vestidos-noiva\/","logo":{"@type":"ImageObject","inLanguage":"pt-BR","@id":"https:\/\/www.ivanabeaumond.com.br\/vestidos-noiva\/#\/schema\/logo\/image\/","url":"https:\/\/www.ivanabeaumond.com.br\/vestidos-noiva\/wp-content\/uploads\/2018\/02\/logo_ivana_beaumond-2.png","contentUrl":"https:\/\/www.ivanabeaumond.com.br\/vestidos-noiva\/wp-content\/uploads\/2018\/02\/logo_ivana_beaumond-2.png","width":230,"height":112,"caption":"Vestido de Noiva RJ"},"image":{"@id":"https:\/\/www.ivanabeaumond.com.br\/vestidos-noiva\/#\/schema\/logo\/image\/"},"sameAs":["https:\/\/www.facebook.com\/ivana.beaumondnoivas","https:\/\/www.instagram.com\/ivanabeaumond\/","https:\/\/www.tiktok.com\/@ivanabeaumond"]},{"@type":"Person","@id":"https:\/\/www.ivanabeaumond.com.br\/vestidos-noiva\/#\/schema\/person\/1a360c4cffa3b806d29a456389dcff26","name":"Ivana Beaumond Paris","image":{"@type":"ImageObject","inLanguage":"pt-BR","@id":"https:\/\/www.ivanabeaumond.com.br\/vestidos-noiva\/#\/schema\/person\/image\/","url":"https:\/\/secure.gravatar.com\/avatar\/641f98db20b53ec937ceb641db4270b9?s=96&d=mm&r=g","contentUrl":"https:\/\/secure.gravatar.com\/avatar\/641f98db20b53ec937ceb641db4270b9?s=96&d=mm&r=g","caption":"Ivana Beaumond Paris"},"url":"https:\/\/www.ivanabeaumond.com.br\/vestidos-noiva\/author\/ivana\/"}]}},"_links":{"self":[{"href":"https:\/\/www.ivanabeaumond.com.br\/vestidos-noiva\/wp-json\/wp\/v2\/posts\/14965"}],"collection":[{"href":"https:\/\/www.ivanabeaumond.com.br\/vestidos-noiva\/wp-json\/wp\/v2\/posts"}],"about":[{"href":"https:\/\/www.ivanabeaumond.com.br\/vestidos-noiva\/wp-json\/wp\/v2\/types\/post"}],"author":[{"embeddable":true,"href":"https:\/\/www.ivanabeaumond.com.br\/vestidos-noiva\/wp-json\/wp\/v2\/users\/4"}],"replies":[{"embeddable":true,"href":"https:\/\/www.ivanabeaumond.com.br\/vestidos-noiva\/wp-json\/wp\/v2\/comments?post=14965"}],"version-history":[{"count":8,"href":"https:\/\/www.ivanabeaumond.com.br\/vestidos-noiva\/wp-json\/wp\/v2\/posts\/14965\/revisions"}],"predecessor-version":[{"id":26100,"href":"https:\/\/www.ivanabeaumond.com.br\/vestidos-noiva\/wp-json\/wp\/v2\/posts\/14965\/revisions\/26100"}],"wp:featuredmedia":[{"embeddable":true,"href":"https:\/\/www.ivanabeaumond.com.br\/vestidos-noiva\/wp-json\/wp\/v2\/media\/14970"}],"wp:attachment":[{"href":"https:\/\/www.ivanabeaumond.com.br\/vestidos-noiva\/wp-json\/wp\/v2\/media?parent=14965"}],"wp:term":[{"taxonomy":"category","embeddable":true,"href":"https:\/\/www.ivanabeaumond.com.br\/vestidos-noiva\/wp-json\/wp\/v2\/categories?post=14965"},{"taxonomy":"post_tag","embeddable":true,"href":"https:\/\/www.ivanabeaumond.com.br\/vestidos-noiva\/wp-json\/wp\/v2\/tags?post=14965"}],"curies":[{"name":"wp","href":"https:\/\/api.w.org\/{rel}","templated":true}]}}