{"id":15011,"date":"2018-06-23T18:20:14","date_gmt":"2018-06-23T21:20:14","guid":{"rendered":"http:\/\/www.ivanabeaumond.com.br\/vestidos-noiva\/?p=15011"},"modified":"2020-08-25T16:33:37","modified_gmt":"2020-08-25T19:33:37","slug":"yasmin-no-pais-das-maravilhas-por-ivana-beaumond","status":"publish","type":"post","link":"https:\/\/www.ivanabeaumond.com.br\/vestidos-noiva\/yasmin-no-pais-das-maravilhas-por-ivana-beaumond\/","title":{"rendered":"Yasmin no Pa\u00eds das Maravilhas, por Ivana Beaumond&#8230;"},"content":{"rendered":"<h4 style=\"text-align: justify;\"><span style=\"color: #999999;\">O t\u00e3o sonhado dia da nossa linda Princesa Yasmin chegou, cada momento, cada detalhe dessa data foi pensado e cuidado com todo carinho. A Debutante escolheu\u00a0o bel\u00edssimo tema: Alice no Pa\u00eds das Maravilhas para o seu grande dia, e arrasou com a decora\u00e7\u00e3o, simplesmente maravilhosa e bem original! Yasmin, escolheu o\u00a0azul, perolado e o rose para os seus tr\u00eas Modelos de Vestidos de 15 anos.<br \/>\n<\/span><\/h4>\n<h4 style=\"text-align: justify;\"><\/h4>\n<h4 style=\"text-align: justify;\"><span style=\"color: #999999;\"><br \/>\nPara sua entrada e abertura da festa, optou pelo Vestido Curto com mangas compridas com aplica\u00e7\u00f5es de rendas e bordados e com um tom de Azul Claro, dando leveza e modernidade.<\/span><\/h4>\n<p><a href=\"http:\/\/www.ivanabeaumond.com.br\/vestidos-noiva\/wp-content\/uploads\/2018\/06\/15anos-vestido-debutante-vestido15anos-exclusivo-festa-de-debutante-yasmin_blog-IvanaBeaumond-32.jpg\"><img decoding=\"async\" loading=\"lazy\" class=\"aligncenter size-full wp-image-15036\" src=\"http:\/\/www.ivanabeaumond.com.br\/vestidos-noiva\/wp-content\/uploads\/2018\/06\/15anos-vestido-debutante-vestido15anos-exclusivo-festa-de-debutante-yasmin_blog-IvanaBeaumond-32.jpg\" alt=\"15anos-vestido-debutante-vestido15anos-exclusivo-festa-de-debutante-yasmin_blog-IvanaBeaumond (32)\" width=\"886\" height=\"591\" srcset=\"https:\/\/www.ivanabeaumond.com.br\/vestidos-noiva\/wp-content\/uploads\/2018\/06\/15anos-vestido-debutante-vestido15anos-exclusivo-festa-de-debutante-yasmin_blog-IvanaBeaumond-32.jpg 886w, https:\/\/www.ivanabeaumond.com.br\/vestidos-noiva\/wp-content\/uploads\/2018\/06\/15anos-vestido-debutante-vestido15anos-exclusivo-festa-de-debutante-yasmin_blog-IvanaBeaumond-32-300x200.jpg 300w, https:\/\/www.ivanabeaumond.com.br\/vestidos-noiva\/wp-content\/uploads\/2018\/06\/15anos-vestido-debutante-vestido15anos-exclusivo-festa-de-debutante-yasmin_blog-IvanaBeaumond-32-480x320.jpg 480w\" sizes=\"(max-width: 886px) 100vw, 886px\" \/><\/a><\/p>\n<h4 style=\"text-align: justify;\"><span style=\"color: #ffffff;\">&#8211;<\/span><span style=\"color: #999999;\">J\u00e1, para a Valsa, momento muito esperado pelos convidados, Yasmin usou o Cl\u00e1ssico Vestido Longo todo trabalhado no cetim bucol em tom perolado, com detalhes no colo em p\u00e9rolas e pedras brilhantes.<\/span><\/h4>\n<h4 style=\"text-align: justify;\"><a href=\"http:\/\/www.ivanabeaumond.com.br\/vestidos-noiva\/wp-content\/uploads\/2018\/06\/15anos-vestido-debutante-vestido15anos-exclusivo-festa-de-debutante-yasmin_blog-IvanaBeaumond-35.jpg\"><img decoding=\"async\" loading=\"lazy\" class=\"aligncenter size-full wp-image-15037\" src=\"http:\/\/www.ivanabeaumond.com.br\/vestidos-noiva\/wp-content\/uploads\/2018\/06\/15anos-vestido-debutante-vestido15anos-exclusivo-festa-de-debutante-yasmin_blog-IvanaBeaumond-35.jpg\" alt=\"15anos-vestido-debutante-vestido15anos-exclusivo-festa-de-debutante-yasmin_blog-IvanaBeaumond (35)\" width=\"886\" height=\"591\" srcset=\"https:\/\/www.ivanabeaumond.com.br\/vestidos-noiva\/wp-content\/uploads\/2018\/06\/15anos-vestido-debutante-vestido15anos-exclusivo-festa-de-debutante-yasmin_blog-IvanaBeaumond-35.jpg 886w, https:\/\/www.ivanabeaumond.com.br\/vestidos-noiva\/wp-content\/uploads\/2018\/06\/15anos-vestido-debutante-vestido15anos-exclusivo-festa-de-debutante-yasmin_blog-IvanaBeaumond-35-300x200.jpg 300w, https:\/\/www.ivanabeaumond.com.br\/vestidos-noiva\/wp-content\/uploads\/2018\/06\/15anos-vestido-debutante-vestido15anos-exclusivo-festa-de-debutante-yasmin_blog-IvanaBeaumond-35-480x320.jpg 480w\" sizes=\"(max-width: 886px) 100vw, 886px\" \/><\/a><\/h4>\n<h4 style=\"text-align: justify;\">\u00a0<span style=\"color: #999999;\">E claro, para finalizar e aproveitar e finalizar com chave de ouro teve sua escolha pelo Vestido Curto Rose, com renda soutache e bordado em pedrarias. Vestidos Exclusivos by Ivana Beaumond.<\/span><\/h4>\n<h4 style=\"text-align: justify;\"><span style=\"color: #999999;\"><a href=\"http:\/\/www.ivanabeaumond.com.br\/vestidos-noiva\/wp-content\/uploads\/2018\/06\/15anos-vestido-debutante-vestido15anos-exclusivo-festa-de-debutante-yasmin_blog-IvanaBeaumond-1.jpg\"><img decoding=\"async\" loading=\"lazy\" class=\"aligncenter size-full wp-image-15035\" src=\"http:\/\/www.ivanabeaumond.com.br\/vestidos-noiva\/wp-content\/uploads\/2018\/06\/15anos-vestido-debutante-vestido15anos-exclusivo-festa-de-debutante-yasmin_blog-IvanaBeaumond-1.jpg\" alt=\"15anos-vestido-debutante-vestido15anos-exclusivo-festa-de-debutante-yasmin_blog-IvanaBeaumond (1)\" width=\"886\" height=\"591\" srcset=\"https:\/\/www.ivanabeaumond.com.br\/vestidos-noiva\/wp-content\/uploads\/2018\/06\/15anos-vestido-debutante-vestido15anos-exclusivo-festa-de-debutante-yasmin_blog-IvanaBeaumond-1.jpg 886w, https:\/\/www.ivanabeaumond.com.br\/vestidos-noiva\/wp-content\/uploads\/2018\/06\/15anos-vestido-debutante-vestido15anos-exclusivo-festa-de-debutante-yasmin_blog-IvanaBeaumond-1-300x200.jpg 300w, https:\/\/www.ivanabeaumond.com.br\/vestidos-noiva\/wp-content\/uploads\/2018\/06\/15anos-vestido-debutante-vestido15anos-exclusivo-festa-de-debutante-yasmin_blog-IvanaBeaumond-1-480x320.jpg 480w\" sizes=\"(max-width: 886px) 100vw, 886px\" \/><\/a><\/span><\/h4>\n<h4 style=\"text-align: justify;\"><span style=\"color: #ffffff;\">&#8211;<\/span><\/h4>\n<h4 style=\"text-align: justify;\"><span style=\"color: #999999;\">Bel\u00edssimas fotos da Equipe Lumez Studio:<br \/>\n<\/span><\/h4>\n<style id=\"bwg-style-0\">    #bwg_container1_0 #bwg_container2_0 .bwg-container-0.bwg-standard-thumbnails {      width: 904px;              justify-content: center;        margin:0 auto !important;              background-color: rgba(255, 255, 255, 0.00);            padding-left: 4px;      padding-top: 4px;      max-width: 100%;            }        #bwg_container1_0 #bwg_container2_0 .bwg-container-0.bwg-standard-thumbnails .bwg-item {    justify-content: flex-start;      max-width: 180px;            width: 180px !important;          }    #bwg_container1_0 #bwg_container2_0 .bwg-container-0.bwg-standard-thumbnails .bwg-item a {       margin-right: 4px;       margin-bottom: 4px;    }    #bwg_container1_0 #bwg_container2_0 .bwg-container-0.bwg-standard-thumbnails .bwg-item0 {      padding: 0px;            background-color:rgba(255,255,255, 0.30);      border: 0px none #CCCCCC;      opacity: 1.00;      border-radius: 0;      box-shadow: 0px 0px 0px #888888;    }    #bwg_container1_0 #bwg_container2_0 .bwg-container-0.bwg-standard-thumbnails .bwg-item1 img {      max-height: none;      max-width: none;      padding: 0 !important;    }        @media only screen and (min-width: 480px) {      #bwg_container1_0 #bwg_container2_0 .bwg-container-0.bwg-standard-thumbnails .bwg-item0 {        transition: all 0.3s ease 0s;-webkit-transition: all 0.3s ease 0s;      }      #bwg_container1_0 #bwg_container2_0 .bwg-container-0.bwg-standard-thumbnails .bwg-item0:hover {        -ms-transform: scale(1.1);        -webkit-transform: scale(1.1);        transform: scale(1.1);      }    }          #bwg_container1_0 #bwg_container2_0 .bwg-container-0.bwg-standard-thumbnails .bwg-item1 {      padding-top: 50%;    }        #bwg_container1_0 #bwg_container2_0 .bwg-container-0.bwg-standard-thumbnails .bwg-title2,    #bwg_container1_0 #bwg_container2_0 .bwg-container-0.bwg-standard-thumbnails .bwg-ecommerce2 {      color: #CCCCCC;      font-family: segoe ui;      font-size: 16px;      font-weight: bold;      padding: 2px;      text-shadow: 0px 0px 0px #888888;      max-height: 100%;    }    #bwg_container1_0 #bwg_container2_0 .bwg-container-0.bwg-standard-thumbnails .bwg-thumb-description span {    color: #323A45;    font-family: Ubuntu;    font-size: 12px;    max-height: 100%;    word-wrap: break-word;    }    #bwg_container1_0 #bwg_container2_0 .bwg-container-0.bwg-standard-thumbnails .bwg-play-icon2 {      font-size: 32px;    }    #bwg_container1_0 #bwg_container2_0 .bwg-container-0.bwg-standard-thumbnails .bwg-ecommerce2 {      font-size: 19.2px;      color: #CCCCCC;    }    <\/style>    <div id=\"bwg_container1_0\"         class=\"bwg_container bwg_thumbnail bwg_thumbnails \"         data-right-click-protection=\"0\"         data-bwg=\"0\"         data-scroll=\"0\"         data-gallery-type=\"thumbnails\"         data-gallery-view-type=\"thumbnails\"         data-current-url=\"\/vestidos-noiva\/wp-json\/wp\/v2\/posts\/15011\"         data-lightbox-url=\"https:\/\/www.ivanabeaumond.com.br\/vestidos-noiva\/wp-admin\/admin-ajax.php?action=GalleryBox&#038;current_view=0&#038;gallery_id=55&#038;tag=0&#038;theme_id=1&#038;shortcode_id=245&#038;sort_by=order&#038;order_by=asc&#038;current_url=%2Fvestidos-noiva%2Fwp-json%2Fwp%2Fv2%2Fposts%2F15011\"         data-gallery-id=\"55\"         data-popup-width=\"300\"         data-popup-height=\"300\"         data-is-album=\"gallery\"         data-buttons-position=\"bottom\">      <div id=\"bwg_container2_0\">             <div id=\"ajax_loading_0\" class=\"bwg_loading_div_1\">      <div class=\"bwg_loading_div_2\">        <div class=\"bwg_loading_div_3\">          <div id=\"loading_div_0\" class=\"bwg_spider_ajax_loading\">          <\/div>        <\/div>      <\/div>    <\/div>            <form id=\"gal_front_form_0\"              class=\"bwg-hidden\"              method=\"post\"              action=\"#\"              data-current=\"0\"              data-shortcode-id=\"245\"              data-gallery-type=\"thumbnails\"              data-gallery-id=\"55\"              data-tag=\"0\"              data-album-id=\"0\"              data-theme-id=\"1\"              data-ajax-url=\"https:\/\/www.ivanabeaumond.com.br\/vestidos-noiva\/wp-admin\/admin-ajax.php?action=bwg_frontend_data\">          <div id=\"bwg_container3_0\" class=\"bwg-background bwg-background-0\">                <div data-max-count=\"5\"         data-thumbnail-width=\"180\"         data-bwg=\"0\"         data-gallery-id=\"55\"         data-lightbox-url=\"https:\/\/www.ivanabeaumond.com.br\/vestidos-noiva\/wp-admin\/admin-ajax.php?action=GalleryBox&amp;current_view=0&amp;gallery_id=55&amp;tag=0&amp;theme_id=1&amp;shortcode_id=245&amp;sort_by=order&amp;order_by=asc&amp;current_url=%2Fvestidos-noiva%2Fwp-json%2Fwp%2Fv2%2Fposts%2F15011\"         id=\"bwg_thumbnails_0\"         class=\"bwg-container-0 bwg-thumbnails bwg-standard-thumbnails bwg-container bwg-border-box\">            <div class=\"bwg-item\">        <a class=\"bwg-a  bwg_lightbox\"  data-image-id=\"1118\" href=\"https:\/\/www.ivanabeaumond.com.br\/vestidos-noiva\/wp-content\/uploads\/photo-gallery\/15anos-vestido-debutante-vestido15anos-exclusivo-festa-de-debutante-yasmin_blog-IvanaBeaumond%20(51).jpg\" data-elementor-open-lightbox=\"no\">                <div class=\"bwg-item0 \">          <div class=\"bwg-item1 \">            <div class=\"bwg-item2\">              <img class=\"skip-lazy bwg_standart_thumb_img_0 \"                   data-id=\"1118\"                   data-width=\"\"                   data-height=\"\"                   data-src=\"https:\/\/www.ivanabeaumond.com.br\/vestidos-noiva\/wp-content\/uploads\/photo-gallery\/thumb\/15anos-vestido-debutante-vestido15anos-exclusivo-festa-de-debutante-yasmin_blog-IvanaBeaumond%20(51).jpg\"                   src=\"https:\/\/www.ivanabeaumond.com.br\/vestidos-noiva\/wp-content\/uploads\/photo-gallery\/thumb\/15anos-vestido-debutante-vestido15anos-exclusivo-festa-de-debutante-yasmin_blog-IvanaBeaumond%20(51).jpg\"                   alt=\"15anos-vestido-debutante-vestido15anos-exclusivo-festa-de-debutante-yasmin_blog-IvanaBeaumond (51)\"                   title=\"15anos-vestido-debutante-vestido15anos-exclusivo-festa-de-debutante-yasmin_blog-IvanaBeaumond (51)\" \/>            <\/div>            <div class=\"\">                                                      <\/div>          <\/div>        <\/div>                        <\/a>              <\/div>            <div class=\"bwg-item\">        <a class=\"bwg-a  bwg_lightbox\"  data-image-id=\"1117\" href=\"https:\/\/www.ivanabeaumond.com.br\/vestidos-noiva\/wp-content\/uploads\/photo-gallery\/15anos-vestido-debutante-vestido15anos-exclusivo-festa-de-debutante-yasmin_blog-IvanaBeaumond%20(52).jpg\" data-elementor-open-lightbox=\"no\">                <div class=\"bwg-item0 \">          <div class=\"bwg-item1 \">            <div class=\"bwg-item2\">              <img class=\"skip-lazy bwg_standart_thumb_img_0 \"                   data-id=\"1117\"                   data-width=\"\"                   data-height=\"\"                   data-src=\"https:\/\/www.ivanabeaumond.com.br\/vestidos-noiva\/wp-content\/uploads\/photo-gallery\/thumb\/15anos-vestido-debutante-vestido15anos-exclusivo-festa-de-debutante-yasmin_blog-IvanaBeaumond%20(52).jpg\"                   src=\"https:\/\/www.ivanabeaumond.com.br\/vestidos-noiva\/wp-content\/uploads\/photo-gallery\/thumb\/15anos-vestido-debutante-vestido15anos-exclusivo-festa-de-debutante-yasmin_blog-IvanaBeaumond%20(52).jpg\"                   alt=\"15anos-vestido-debutante-vestido15anos-exclusivo-festa-de-debutante-yasmin_blog-IvanaBeaumond (52)\"                   title=\"15anos-vestido-debutante-vestido15anos-exclusivo-festa-de-debutante-yasmin_blog-IvanaBeaumond (52)\" \/>            <\/div>            <div class=\"\">                                                      <\/div>          <\/div>        <\/div>                        <\/a>              <\/div>            <div class=\"bwg-item\">        <a class=\"bwg-a  bwg_lightbox\"  data-image-id=\"1116\" href=\"https:\/\/www.ivanabeaumond.com.br\/vestidos-noiva\/wp-content\/uploads\/photo-gallery\/15anos-vestido-debutante-vestido15anos-exclusivo-festa-de-debutante-yasmin_blog-IvanaBeaumond%20(53).jpg\" data-elementor-open-lightbox=\"no\">                <div class=\"bwg-item0 \">          <div class=\"bwg-item1 \">            <div class=\"bwg-item2\">              <img class=\"skip-lazy bwg_standart_thumb_img_0 \"                   data-id=\"1116\"                   data-width=\"\"                   data-height=\"\"                   data-src=\"https:\/\/www.ivanabeaumond.com.br\/vestidos-noiva\/wp-content\/uploads\/photo-gallery\/thumb\/15anos-vestido-debutante-vestido15anos-exclusivo-festa-de-debutante-yasmin_blog-IvanaBeaumond%20(53).jpg\"                   src=\"https:\/\/www.ivanabeaumond.com.br\/vestidos-noiva\/wp-content\/uploads\/photo-gallery\/thumb\/15anos-vestido-debutante-vestido15anos-exclusivo-festa-de-debutante-yasmin_blog-IvanaBeaumond%20(53).jpg\"                   alt=\"15anos-vestido-debutante-vestido15anos-exclusivo-festa-de-debutante-yasmin_blog-IvanaBeaumond (53)\"                   title=\"15anos-vestido-debutante-vestido15anos-exclusivo-festa-de-debutante-yasmin_blog-IvanaBeaumond (53)\" \/>            <\/div>            <div class=\"\">                                                      <\/div>          <\/div>        <\/div>                        <\/a>              <\/div>            <div class=\"bwg-item\">        <a class=\"bwg-a  bwg_lightbox\"  data-image-id=\"1115\" href=\"https:\/\/www.ivanabeaumond.com.br\/vestidos-noiva\/wp-content\/uploads\/photo-gallery\/15anos-vestido-debutante-vestido15anos-exclusivo-festa-de-debutante-yasmin_blog-IvanaBeaumond%20(44).jpg\" data-elementor-open-lightbox=\"no\">                <div class=\"bwg-item0 \">          <div class=\"bwg-item1 \">            <div class=\"bwg-item2\">              <img class=\"skip-lazy bwg_standart_thumb_img_0 \"                   data-id=\"1115\"                   data-width=\"\"                   data-height=\"\"                   data-src=\"https:\/\/www.ivanabeaumond.com.br\/vestidos-noiva\/wp-content\/uploads\/photo-gallery\/thumb\/15anos-vestido-debutante-vestido15anos-exclusivo-festa-de-debutante-yasmin_blog-IvanaBeaumond%20(44).jpg\"                   src=\"https:\/\/www.ivanabeaumond.com.br\/vestidos-noiva\/wp-content\/uploads\/photo-gallery\/thumb\/15anos-vestido-debutante-vestido15anos-exclusivo-festa-de-debutante-yasmin_blog-IvanaBeaumond%20(44).jpg\"                   alt=\"15anos-vestido-debutante-vestido15anos-exclusivo-festa-de-debutante-yasmin_blog-IvanaBeaumond (44)\"                   title=\"15anos-vestido-debutante-vestido15anos-exclusivo-festa-de-debutante-yasmin_blog-IvanaBeaumond (44)\" \/>            <\/div>            <div class=\"\">                                                      <\/div>          <\/div>        <\/div>                        <\/a>              <\/div>            <div class=\"bwg-item\">        <a class=\"bwg-a  bwg_lightbox\"  data-image-id=\"1114\" href=\"https:\/\/www.ivanabeaumond.com.br\/vestidos-noiva\/wp-content\/uploads\/photo-gallery\/15anos-vestido-debutante-vestido15anos-exclusivo-festa-de-debutante-yasmin_blog-IvanaBeaumond%20(50).jpg\" data-elementor-open-lightbox=\"no\">                <div class=\"bwg-item0 \">          <div class=\"bwg-item1 \">            <div class=\"bwg-item2\">              <img class=\"skip-lazy bwg_standart_thumb_img_0 \"                   data-id=\"1114\"                   data-width=\"\"                   data-height=\"\"                   data-src=\"https:\/\/www.ivanabeaumond.com.br\/vestidos-noiva\/wp-content\/uploads\/photo-gallery\/thumb\/15anos-vestido-debutante-vestido15anos-exclusivo-festa-de-debutante-yasmin_blog-IvanaBeaumond%20(50).jpg\"                   src=\"https:\/\/www.ivanabeaumond.com.br\/vestidos-noiva\/wp-content\/uploads\/photo-gallery\/thumb\/15anos-vestido-debutante-vestido15anos-exclusivo-festa-de-debutante-yasmin_blog-IvanaBeaumond%20(50).jpg\"                   alt=\"15anos-vestido-debutante-vestido15anos-exclusivo-festa-de-debutante-yasmin_blog-IvanaBeaumond (50)\"                   title=\"15anos-vestido-debutante-vestido15anos-exclusivo-festa-de-debutante-yasmin_blog-IvanaBeaumond (50)\" \/>            <\/div>            <div class=\"\">                                                      <\/div>          <\/div>        <\/div>                        <\/a>              <\/div>            <div class=\"bwg-item\">        <a class=\"bwg-a  bwg_lightbox\"  data-image-id=\"1113\" href=\"https:\/\/www.ivanabeaumond.com.br\/vestidos-noiva\/wp-content\/uploads\/photo-gallery\/15anos-vestido-debutante-vestido15anos-exclusivo-festa-de-debutante-yasmin_blog-IvanaBeaumond%20(49).jpg\" data-elementor-open-lightbox=\"no\">                <div class=\"bwg-item0 \">          <div class=\"bwg-item1 \">            <div class=\"bwg-item2\">              <img class=\"skip-lazy bwg_standart_thumb_img_0 \"                   data-id=\"1113\"                   data-width=\"\"                   data-height=\"\"                   data-src=\"https:\/\/www.ivanabeaumond.com.br\/vestidos-noiva\/wp-content\/uploads\/photo-gallery\/thumb\/15anos-vestido-debutante-vestido15anos-exclusivo-festa-de-debutante-yasmin_blog-IvanaBeaumond%20(49).jpg\"                   src=\"https:\/\/www.ivanabeaumond.com.br\/vestidos-noiva\/wp-content\/uploads\/photo-gallery\/thumb\/15anos-vestido-debutante-vestido15anos-exclusivo-festa-de-debutante-yasmin_blog-IvanaBeaumond%20(49).jpg\"                   alt=\"15anos-vestido-debutante-vestido15anos-exclusivo-festa-de-debutante-yasmin_blog-IvanaBeaumond (49)\"                   title=\"15anos-vestido-debutante-vestido15anos-exclusivo-festa-de-debutante-yasmin_blog-IvanaBeaumond (49)\" \/>            <\/div>            <div class=\"\">                                                      <\/div>          <\/div>        <\/div>                        <\/a>              <\/div>            <div class=\"bwg-item\">        <a class=\"bwg-a  bwg_lightbox\"  data-image-id=\"1112\" href=\"https:\/\/www.ivanabeaumond.com.br\/vestidos-noiva\/wp-content\/uploads\/photo-gallery\/15anos-vestido-debutante-vestido15anos-exclusivo-festa-de-debutante-yasmin_blog-IvanaBeaumond%20(43).jpg\" data-elementor-open-lightbox=\"no\">                <div class=\"bwg-item0 \">          <div class=\"bwg-item1 \">            <div class=\"bwg-item2\">              <img class=\"skip-lazy bwg_standart_thumb_img_0 \"                   data-id=\"1112\"                   data-width=\"\"                   data-height=\"\"                   data-src=\"https:\/\/www.ivanabeaumond.com.br\/vestidos-noiva\/wp-content\/uploads\/photo-gallery\/thumb\/15anos-vestido-debutante-vestido15anos-exclusivo-festa-de-debutante-yasmin_blog-IvanaBeaumond%20(43).jpg\"                   src=\"https:\/\/www.ivanabeaumond.com.br\/vestidos-noiva\/wp-content\/uploads\/photo-gallery\/thumb\/15anos-vestido-debutante-vestido15anos-exclusivo-festa-de-debutante-yasmin_blog-IvanaBeaumond%20(43).jpg\"                   alt=\"15anos-vestido-debutante-vestido15anos-exclusivo-festa-de-debutante-yasmin_blog-IvanaBeaumond (43)\"                   title=\"15anos-vestido-debutante-vestido15anos-exclusivo-festa-de-debutante-yasmin_blog-IvanaBeaumond (43)\" \/>            <\/div>            <div class=\"\">                                                      <\/div>          <\/div>        <\/div>                        <\/a>              <\/div>            <div class=\"bwg-item\">        <a class=\"bwg-a  bwg_lightbox\"  data-image-id=\"1111\" href=\"https:\/\/www.ivanabeaumond.com.br\/vestidos-noiva\/wp-content\/uploads\/photo-gallery\/15anos-vestido-debutante-vestido15anos-exclusivo-festa-de-debutante-yasmin_blog-IvanaBeaumond%20(42).jpg\" data-elementor-open-lightbox=\"no\">                <div class=\"bwg-item0 \">          <div class=\"bwg-item1 \">            <div class=\"bwg-item2\">              <img class=\"skip-lazy bwg_standart_thumb_img_0 \"                   data-id=\"1111\"                   data-width=\"\"                   data-height=\"\"                   data-src=\"https:\/\/www.ivanabeaumond.com.br\/vestidos-noiva\/wp-content\/uploads\/photo-gallery\/thumb\/15anos-vestido-debutante-vestido15anos-exclusivo-festa-de-debutante-yasmin_blog-IvanaBeaumond%20(42).jpg\"                   src=\"https:\/\/www.ivanabeaumond.com.br\/vestidos-noiva\/wp-content\/uploads\/photo-gallery\/thumb\/15anos-vestido-debutante-vestido15anos-exclusivo-festa-de-debutante-yasmin_blog-IvanaBeaumond%20(42).jpg\"                   alt=\"15anos-vestido-debutante-vestido15anos-exclusivo-festa-de-debutante-yasmin_blog-IvanaBeaumond (42)\"                   title=\"15anos-vestido-debutante-vestido15anos-exclusivo-festa-de-debutante-yasmin_blog-IvanaBeaumond (42)\" \/>            <\/div>            <div class=\"\">                                                      <\/div>          <\/div>        <\/div>                        <\/a>              <\/div>            <div class=\"bwg-item\">        <a class=\"bwg-a  bwg_lightbox\"  data-image-id=\"1110\" href=\"https:\/\/www.ivanabeaumond.com.br\/vestidos-noiva\/wp-content\/uploads\/photo-gallery\/15anos-vestido-debutante-vestido15anos-exclusivo-festa-de-debutante-yasmin_blog-IvanaBeaumond%20(48).jpg\" data-elementor-open-lightbox=\"no\">                <div class=\"bwg-item0 \">          <div class=\"bwg-item1 \">            <div class=\"bwg-item2\">              <img class=\"skip-lazy bwg_standart_thumb_img_0 \"                   data-id=\"1110\"                   data-width=\"\"                   data-height=\"\"                   data-src=\"https:\/\/www.ivanabeaumond.com.br\/vestidos-noiva\/wp-content\/uploads\/photo-gallery\/thumb\/15anos-vestido-debutante-vestido15anos-exclusivo-festa-de-debutante-yasmin_blog-IvanaBeaumond%20(48).jpg\"                   src=\"https:\/\/www.ivanabeaumond.com.br\/vestidos-noiva\/wp-content\/uploads\/photo-gallery\/thumb\/15anos-vestido-debutante-vestido15anos-exclusivo-festa-de-debutante-yasmin_blog-IvanaBeaumond%20(48).jpg\"                   alt=\"15anos-vestido-debutante-vestido15anos-exclusivo-festa-de-debutante-yasmin_blog-IvanaBeaumond (48)\"                   title=\"15anos-vestido-debutante-vestido15anos-exclusivo-festa-de-debutante-yasmin_blog-IvanaBeaumond (48)\" \/>            <\/div>            <div class=\"\">                                                      <\/div>          <\/div>        <\/div>                        <\/a>              <\/div>            <div class=\"bwg-item\">        <a class=\"bwg-a  bwg_lightbox\"  data-image-id=\"1109\" href=\"https:\/\/www.ivanabeaumond.com.br\/vestidos-noiva\/wp-content\/uploads\/photo-gallery\/15anos-vestido-debutante-vestido15anos-exclusivo-festa-de-debutante-yasmin_blog-IvanaBeaumond%20(47).jpg\" data-elementor-open-lightbox=\"no\">                <div class=\"bwg-item0 \">          <div class=\"bwg-item1 \">            <div class=\"bwg-item2\">              <img class=\"skip-lazy bwg_standart_thumb_img_0 \"                   data-id=\"1109\"                   data-width=\"\"                   data-height=\"\"                   data-src=\"https:\/\/www.ivanabeaumond.com.br\/vestidos-noiva\/wp-content\/uploads\/photo-gallery\/thumb\/15anos-vestido-debutante-vestido15anos-exclusivo-festa-de-debutante-yasmin_blog-IvanaBeaumond%20(47).jpg\"                   src=\"https:\/\/www.ivanabeaumond.com.br\/vestidos-noiva\/wp-content\/uploads\/photo-gallery\/thumb\/15anos-vestido-debutante-vestido15anos-exclusivo-festa-de-debutante-yasmin_blog-IvanaBeaumond%20(47).jpg\"                   alt=\"15anos-vestido-debutante-vestido15anos-exclusivo-festa-de-debutante-yasmin_blog-IvanaBeaumond (47)\"                   title=\"15anos-vestido-debutante-vestido15anos-exclusivo-festa-de-debutante-yasmin_blog-IvanaBeaumond (47)\" \/>            <\/div>            <div class=\"\">                                                      <\/div>          <\/div>        <\/div>                        <\/a>              <\/div>            <div class=\"bwg-item\">        <a class=\"bwg-a  bwg_lightbox\"  data-image-id=\"1108\" href=\"https:\/\/www.ivanabeaumond.com.br\/vestidos-noiva\/wp-content\/uploads\/photo-gallery\/15anos-vestido-debutante-vestido15anos-exclusivo-festa-de-debutante-yasmin_blog-IvanaBeaumond%20(41).jpg\" data-elementor-open-lightbox=\"no\">                <div class=\"bwg-item0 \">          <div class=\"bwg-item1 \">            <div class=\"bwg-item2\">              <img class=\"skip-lazy bwg_standart_thumb_img_0 \"                   data-id=\"1108\"                   data-width=\"\"                   data-height=\"\"                   data-src=\"https:\/\/www.ivanabeaumond.com.br\/vestidos-noiva\/wp-content\/uploads\/photo-gallery\/thumb\/15anos-vestido-debutante-vestido15anos-exclusivo-festa-de-debutante-yasmin_blog-IvanaBeaumond%20(41).jpg\"                   src=\"https:\/\/www.ivanabeaumond.com.br\/vestidos-noiva\/wp-content\/uploads\/photo-gallery\/thumb\/15anos-vestido-debutante-vestido15anos-exclusivo-festa-de-debutante-yasmin_blog-IvanaBeaumond%20(41).jpg\"                   alt=\"15anos-vestido-debutante-vestido15anos-exclusivo-festa-de-debutante-yasmin_blog-IvanaBeaumond (41)\"                   title=\"15anos-vestido-debutante-vestido15anos-exclusivo-festa-de-debutante-yasmin_blog-IvanaBeaumond (41)\" \/>            <\/div>            <div class=\"\">                                                      <\/div>          <\/div>        <\/div>                        <\/a>              <\/div>            <div class=\"bwg-item\">        <a class=\"bwg-a  bwg_lightbox\"  data-image-id=\"1107\" href=\"https:\/\/www.ivanabeaumond.com.br\/vestidos-noiva\/wp-content\/uploads\/photo-gallery\/15anos-vestido-debutante-vestido15anos-exclusivo-festa-de-debutante-yasmin_blog-IvanaBeaumond%20(40).jpg\" data-elementor-open-lightbox=\"no\">                <div class=\"bwg-item0 \">          <div class=\"bwg-item1 \">            <div class=\"bwg-item2\">              <img class=\"skip-lazy bwg_standart_thumb_img_0 \"                   data-id=\"1107\"                   data-width=\"\"                   data-height=\"\"                   data-src=\"https:\/\/www.ivanabeaumond.com.br\/vestidos-noiva\/wp-content\/uploads\/photo-gallery\/thumb\/15anos-vestido-debutante-vestido15anos-exclusivo-festa-de-debutante-yasmin_blog-IvanaBeaumond%20(40).jpg\"                   src=\"https:\/\/www.ivanabeaumond.com.br\/vestidos-noiva\/wp-content\/uploads\/photo-gallery\/thumb\/15anos-vestido-debutante-vestido15anos-exclusivo-festa-de-debutante-yasmin_blog-IvanaBeaumond%20(40).jpg\"                   alt=\"15anos-vestido-debutante-vestido15anos-exclusivo-festa-de-debutante-yasmin_blog-IvanaBeaumond (40)\"                   title=\"15anos-vestido-debutante-vestido15anos-exclusivo-festa-de-debutante-yasmin_blog-IvanaBeaumond (40)\" \/>            <\/div>            <div class=\"\">                                                      <\/div>          <\/div>        <\/div>                        <\/a>              <\/div>            <div class=\"bwg-item\">        <a class=\"bwg-a  bwg_lightbox\"  data-image-id=\"1106\" href=\"https:\/\/www.ivanabeaumond.com.br\/vestidos-noiva\/wp-content\/uploads\/photo-gallery\/15anos-vestido-debutante-vestido15anos-exclusivo-festa-de-debutante-yasmin_blog-IvanaBeaumond%20(46).jpg\" data-elementor-open-lightbox=\"no\">                <div class=\"bwg-item0 \">          <div class=\"bwg-item1 \">            <div class=\"bwg-item2\">              <img class=\"skip-lazy bwg_standart_thumb_img_0 \"                   data-id=\"1106\"                   data-width=\"\"                   data-height=\"\"                   data-src=\"https:\/\/www.ivanabeaumond.com.br\/vestidos-noiva\/wp-content\/uploads\/photo-gallery\/thumb\/15anos-vestido-debutante-vestido15anos-exclusivo-festa-de-debutante-yasmin_blog-IvanaBeaumond%20(46).jpg\"                   src=\"https:\/\/www.ivanabeaumond.com.br\/vestidos-noiva\/wp-content\/uploads\/photo-gallery\/thumb\/15anos-vestido-debutante-vestido15anos-exclusivo-festa-de-debutante-yasmin_blog-IvanaBeaumond%20(46).jpg\"                   alt=\"15anos-vestido-debutante-vestido15anos-exclusivo-festa-de-debutante-yasmin_blog-IvanaBeaumond (46)\"                   title=\"15anos-vestido-debutante-vestido15anos-exclusivo-festa-de-debutante-yasmin_blog-IvanaBeaumond (46)\" \/>            <\/div>            <div class=\"\">                                                      <\/div>          <\/div>        <\/div>                        <\/a>              <\/div>            <div class=\"bwg-item\">        <a class=\"bwg-a  bwg_lightbox\"  data-image-id=\"1105\" href=\"https:\/\/www.ivanabeaumond.com.br\/vestidos-noiva\/wp-content\/uploads\/photo-gallery\/15anos-vestido-debutante-vestido15anos-exclusivo-festa-de-debutante-yasmin_blog-IvanaBeaumond%20(45).jpg\" data-elementor-open-lightbox=\"no\">                <div class=\"bwg-item0 \">          <div class=\"bwg-item1 \">            <div class=\"bwg-item2\">              <img class=\"skip-lazy bwg_standart_thumb_img_0 \"                   data-id=\"1105\"                   data-width=\"\"                   data-height=\"\"                   data-src=\"https:\/\/www.ivanabeaumond.com.br\/vestidos-noiva\/wp-content\/uploads\/photo-gallery\/thumb\/15anos-vestido-debutante-vestido15anos-exclusivo-festa-de-debutante-yasmin_blog-IvanaBeaumond%20(45).jpg\"                   src=\"https:\/\/www.ivanabeaumond.com.br\/vestidos-noiva\/wp-content\/uploads\/photo-gallery\/thumb\/15anos-vestido-debutante-vestido15anos-exclusivo-festa-de-debutante-yasmin_blog-IvanaBeaumond%20(45).jpg\"                   alt=\"15anos-vestido-debutante-vestido15anos-exclusivo-festa-de-debutante-yasmin_blog-IvanaBeaumond (45)\"                   title=\"15anos-vestido-debutante-vestido15anos-exclusivo-festa-de-debutante-yasmin_blog-IvanaBeaumond (45)\" \/>            <\/div>            <div class=\"\">                                                      <\/div>          <\/div>        <\/div>                        <\/a>              <\/div>            <div class=\"bwg-item\">        <a class=\"bwg-a  bwg_lightbox\"  data-image-id=\"1104\" href=\"https:\/\/www.ivanabeaumond.com.br\/vestidos-noiva\/wp-content\/uploads\/photo-gallery\/15anos-vestido-debutante-vestido15anos-exclusivo-festa-de-debutante-yasmin_blog-IvanaBeaumond%20(39).jpg\" data-elementor-open-lightbox=\"no\">                <div class=\"bwg-item0 \">          <div class=\"bwg-item1 \">            <div class=\"bwg-item2\">              <img class=\"skip-lazy bwg_standart_thumb_img_0 \"                   data-id=\"1104\"                   data-width=\"\"                   data-height=\"\"                   data-src=\"https:\/\/www.ivanabeaumond.com.br\/vestidos-noiva\/wp-content\/uploads\/photo-gallery\/thumb\/15anos-vestido-debutante-vestido15anos-exclusivo-festa-de-debutante-yasmin_blog-IvanaBeaumond%20(39).jpg\"                   src=\"https:\/\/www.ivanabeaumond.com.br\/vestidos-noiva\/wp-content\/uploads\/photo-gallery\/thumb\/15anos-vestido-debutante-vestido15anos-exclusivo-festa-de-debutante-yasmin_blog-IvanaBeaumond%20(39).jpg\"                   alt=\"15anos-vestido-debutante-vestido15anos-exclusivo-festa-de-debutante-yasmin_blog-IvanaBeaumond (39)\"                   title=\"15anos-vestido-debutante-vestido15anos-exclusivo-festa-de-debutante-yasmin_blog-IvanaBeaumond (39)\" \/>            <\/div>            <div class=\"\">                                                      <\/div>          <\/div>        <\/div>                        <\/a>              <\/div>            <div class=\"bwg-item\">        <a class=\"bwg-a  bwg_lightbox\"  data-image-id=\"1103\" href=\"https:\/\/www.ivanabeaumond.com.br\/vestidos-noiva\/wp-content\/uploads\/photo-gallery\/15anos-vestido-debutante-vestido15anos-exclusivo-festa-de-debutante-yasmin_blog-IvanaBeaumond%20(38).jpg\" data-elementor-open-lightbox=\"no\">                <div class=\"bwg-item0 \">          <div class=\"bwg-item1 \">            <div class=\"bwg-item2\">              <img class=\"skip-lazy bwg_standart_thumb_img_0 \"                   data-id=\"1103\"                   data-width=\"\"                   data-height=\"\"                   data-src=\"https:\/\/www.ivanabeaumond.com.br\/vestidos-noiva\/wp-content\/uploads\/photo-gallery\/thumb\/15anos-vestido-debutante-vestido15anos-exclusivo-festa-de-debutante-yasmin_blog-IvanaBeaumond%20(38).jpg\"                   src=\"https:\/\/www.ivanabeaumond.com.br\/vestidos-noiva\/wp-content\/uploads\/photo-gallery\/thumb\/15anos-vestido-debutante-vestido15anos-exclusivo-festa-de-debutante-yasmin_blog-IvanaBeaumond%20(38).jpg\"                   alt=\"15anos-vestido-debutante-vestido15anos-exclusivo-festa-de-debutante-yasmin_blog-IvanaBeaumond (38)\"                   title=\"15anos-vestido-debutante-vestido15anos-exclusivo-festa-de-debutante-yasmin_blog-IvanaBeaumond (38)\" \/>            <\/div>            <div class=\"\">                                                      <\/div>          <\/div>        <\/div>                        <\/a>              <\/div>            <div class=\"bwg-item\">        <a class=\"bwg-a  bwg_lightbox\"  data-image-id=\"1102\" href=\"https:\/\/www.ivanabeaumond.com.br\/vestidos-noiva\/wp-content\/uploads\/photo-gallery\/15anos-vestido-debutante-vestido15anos-exclusivo-festa-de-debutante-yasmin_blog-IvanaBeaumond%20(32).jpg\" data-elementor-open-lightbox=\"no\">                <div class=\"bwg-item0 \">          <div class=\"bwg-item1 \">            <div class=\"bwg-item2\">              <img class=\"skip-lazy bwg_standart_thumb_img_0 \"                   data-id=\"1102\"                   data-width=\"\"                   data-height=\"\"                   data-src=\"https:\/\/www.ivanabeaumond.com.br\/vestidos-noiva\/wp-content\/uploads\/photo-gallery\/thumb\/15anos-vestido-debutante-vestido15anos-exclusivo-festa-de-debutante-yasmin_blog-IvanaBeaumond%20(32).jpg\"                   src=\"https:\/\/www.ivanabeaumond.com.br\/vestidos-noiva\/wp-content\/uploads\/photo-gallery\/thumb\/15anos-vestido-debutante-vestido15anos-exclusivo-festa-de-debutante-yasmin_blog-IvanaBeaumond%20(32).jpg\"                   alt=\"15anos-vestido-debutante-vestido15anos-exclusivo-festa-de-debutante-yasmin_blog-IvanaBeaumond (32)\"                   title=\"15anos-vestido-debutante-vestido15anos-exclusivo-festa-de-debutante-yasmin_blog-IvanaBeaumond (32)\" \/>            <\/div>            <div class=\"\">                                                      <\/div>          <\/div>        <\/div>                        <\/a>              <\/div>            <div class=\"bwg-item\">        <a class=\"bwg-a  bwg_lightbox\"  data-image-id=\"1101\" href=\"https:\/\/www.ivanabeaumond.com.br\/vestidos-noiva\/wp-content\/uploads\/photo-gallery\/15anos-vestido-debutante-vestido15anos-exclusivo-festa-de-debutante-yasmin_blog-IvanaBeaumond%20(31).jpg\" data-elementor-open-lightbox=\"no\">                <div class=\"bwg-item0 \">          <div class=\"bwg-item1 \">            <div class=\"bwg-item2\">              <img class=\"skip-lazy bwg_standart_thumb_img_0 \"                   data-id=\"1101\"                   data-width=\"\"                   data-height=\"\"                   data-src=\"https:\/\/www.ivanabeaumond.com.br\/vestidos-noiva\/wp-content\/uploads\/photo-gallery\/thumb\/15anos-vestido-debutante-vestido15anos-exclusivo-festa-de-debutante-yasmin_blog-IvanaBeaumond%20(31).jpg\"                   src=\"https:\/\/www.ivanabeaumond.com.br\/vestidos-noiva\/wp-content\/uploads\/photo-gallery\/thumb\/15anos-vestido-debutante-vestido15anos-exclusivo-festa-de-debutante-yasmin_blog-IvanaBeaumond%20(31).jpg\"                   alt=\"15anos-vestido-debutante-vestido15anos-exclusivo-festa-de-debutante-yasmin_blog-IvanaBeaumond (31)\"                   title=\"15anos-vestido-debutante-vestido15anos-exclusivo-festa-de-debutante-yasmin_blog-IvanaBeaumond (31)\" \/>            <\/div>            <div class=\"\">                                                      <\/div>          <\/div>        <\/div>                        <\/a>              <\/div>            <div class=\"bwg-item\">        <a class=\"bwg-a  bwg_lightbox\"  data-image-id=\"1100\" href=\"https:\/\/www.ivanabeaumond.com.br\/vestidos-noiva\/wp-content\/uploads\/photo-gallery\/15anos-vestido-debutante-vestido15anos-exclusivo-festa-de-debutante-yasmin_blog-IvanaBeaumond%20(37).jpg\" data-elementor-open-lightbox=\"no\">                <div class=\"bwg-item0 \">          <div class=\"bwg-item1 \">            <div class=\"bwg-item2\">              <img class=\"skip-lazy bwg_standart_thumb_img_0 \"                   data-id=\"1100\"                   data-width=\"\"                   data-height=\"\"                   data-src=\"https:\/\/www.ivanabeaumond.com.br\/vestidos-noiva\/wp-content\/uploads\/photo-gallery\/thumb\/15anos-vestido-debutante-vestido15anos-exclusivo-festa-de-debutante-yasmin_blog-IvanaBeaumond%20(37).jpg\"                   src=\"https:\/\/www.ivanabeaumond.com.br\/vestidos-noiva\/wp-content\/uploads\/photo-gallery\/thumb\/15anos-vestido-debutante-vestido15anos-exclusivo-festa-de-debutante-yasmin_blog-IvanaBeaumond%20(37).jpg\"                   alt=\"15anos-vestido-debutante-vestido15anos-exclusivo-festa-de-debutante-yasmin_blog-IvanaBeaumond (37)\"                   title=\"15anos-vestido-debutante-vestido15anos-exclusivo-festa-de-debutante-yasmin_blog-IvanaBeaumond (37)\" \/>            <\/div>            <div class=\"\">                                                      <\/div>          <\/div>        <\/div>                        <\/a>              <\/div>            <div class=\"bwg-item\">        <a class=\"bwg-a  bwg_lightbox\"  data-image-id=\"1099\" href=\"https:\/\/www.ivanabeaumond.com.br\/vestidos-noiva\/wp-content\/uploads\/photo-gallery\/15anos-vestido-debutante-vestido15anos-exclusivo-festa-de-debutante-yasmin_blog-IvanaBeaumond%20(36).jpg\" data-elementor-open-lightbox=\"no\">                <div class=\"bwg-item0 \">          <div class=\"bwg-item1 \">            <div class=\"bwg-item2\">              <img class=\"skip-lazy bwg_standart_thumb_img_0 \"                   data-id=\"1099\"                   data-width=\"\"                   data-height=\"\"                   data-src=\"https:\/\/www.ivanabeaumond.com.br\/vestidos-noiva\/wp-content\/uploads\/photo-gallery\/thumb\/15anos-vestido-debutante-vestido15anos-exclusivo-festa-de-debutante-yasmin_blog-IvanaBeaumond%20(36).jpg\"                   src=\"https:\/\/www.ivanabeaumond.com.br\/vestidos-noiva\/wp-content\/uploads\/photo-gallery\/thumb\/15anos-vestido-debutante-vestido15anos-exclusivo-festa-de-debutante-yasmin_blog-IvanaBeaumond%20(36).jpg\"                   alt=\"15anos-vestido-debutante-vestido15anos-exclusivo-festa-de-debutante-yasmin_blog-IvanaBeaumond (36)\"                   title=\"15anos-vestido-debutante-vestido15anos-exclusivo-festa-de-debutante-yasmin_blog-IvanaBeaumond (36)\" \/>            <\/div>            <div class=\"\">                                                      <\/div>          <\/div>        <\/div>                        <\/a>              <\/div>            <div class=\"bwg-item\">        <a class=\"bwg-a  bwg_lightbox\"  data-image-id=\"1098\" href=\"https:\/\/www.ivanabeaumond.com.br\/vestidos-noiva\/wp-content\/uploads\/photo-gallery\/15anos-vestido-debutante-vestido15anos-exclusivo-festa-de-debutante-yasmin_blog-IvanaBeaumond%20(30).jpg\" data-elementor-open-lightbox=\"no\">                <div class=\"bwg-item0 \">          <div class=\"bwg-item1 \">            <div class=\"bwg-item2\">              <img class=\"skip-lazy bwg_standart_thumb_img_0 \"                   data-id=\"1098\"                   data-width=\"\"                   data-height=\"\"                   data-src=\"https:\/\/www.ivanabeaumond.com.br\/vestidos-noiva\/wp-content\/uploads\/photo-gallery\/thumb\/15anos-vestido-debutante-vestido15anos-exclusivo-festa-de-debutante-yasmin_blog-IvanaBeaumond%20(30).jpg\"                   src=\"https:\/\/www.ivanabeaumond.com.br\/vestidos-noiva\/wp-content\/uploads\/photo-gallery\/thumb\/15anos-vestido-debutante-vestido15anos-exclusivo-festa-de-debutante-yasmin_blog-IvanaBeaumond%20(30).jpg\"                   alt=\"15anos-vestido-debutante-vestido15anos-exclusivo-festa-de-debutante-yasmin_blog-IvanaBeaumond (30)\"                   title=\"15anos-vestido-debutante-vestido15anos-exclusivo-festa-de-debutante-yasmin_blog-IvanaBeaumond (30)\" \/>            <\/div>            <div class=\"\">                                                      <\/div>          <\/div>        <\/div>                        <\/a>              <\/div>            <div class=\"bwg-item\">        <a class=\"bwg-a  bwg_lightbox\"  data-image-id=\"1097\" href=\"https:\/\/www.ivanabeaumond.com.br\/vestidos-noiva\/wp-content\/uploads\/photo-gallery\/15anos-vestido-debutante-vestido15anos-exclusivo-festa-de-debutante-yasmin_blog-IvanaBeaumond%20(29).jpg\" data-elementor-open-lightbox=\"no\">                <div class=\"bwg-item0 \">          <div class=\"bwg-item1 \">            <div class=\"bwg-item2\">              <img class=\"skip-lazy bwg_standart_thumb_img_0 \"                   data-id=\"1097\"                   data-width=\"\"                   data-height=\"\"                   data-src=\"https:\/\/www.ivanabeaumond.com.br\/vestidos-noiva\/wp-content\/uploads\/photo-gallery\/thumb\/15anos-vestido-debutante-vestido15anos-exclusivo-festa-de-debutante-yasmin_blog-IvanaBeaumond%20(29).jpg\"                   src=\"https:\/\/www.ivanabeaumond.com.br\/vestidos-noiva\/wp-content\/uploads\/photo-gallery\/thumb\/15anos-vestido-debutante-vestido15anos-exclusivo-festa-de-debutante-yasmin_blog-IvanaBeaumond%20(29).jpg\"                   alt=\"15anos-vestido-debutante-vestido15anos-exclusivo-festa-de-debutante-yasmin_blog-IvanaBeaumond (29)\"                   title=\"15anos-vestido-debutante-vestido15anos-exclusivo-festa-de-debutante-yasmin_blog-IvanaBeaumond (29)\" \/>            <\/div>            <div class=\"\">                                                      <\/div>          <\/div>        <\/div>                        <\/a>              <\/div>            <div class=\"bwg-item\">        <a class=\"bwg-a  bwg_lightbox\"  data-image-id=\"1096\" href=\"https:\/\/www.ivanabeaumond.com.br\/vestidos-noiva\/wp-content\/uploads\/photo-gallery\/15anos-vestido-debutante-vestido15anos-exclusivo-festa-de-debutante-yasmin_blog-IvanaBeaumond%20(34).jpg\" data-elementor-open-lightbox=\"no\">                <div class=\"bwg-item0 \">          <div class=\"bwg-item1 \">            <div class=\"bwg-item2\">              <img class=\"skip-lazy bwg_standart_thumb_img_0 \"                   data-id=\"1096\"                   data-width=\"\"                   data-height=\"\"                   data-src=\"https:\/\/www.ivanabeaumond.com.br\/vestidos-noiva\/wp-content\/uploads\/photo-gallery\/thumb\/15anos-vestido-debutante-vestido15anos-exclusivo-festa-de-debutante-yasmin_blog-IvanaBeaumond%20(34).jpg\"                   src=\"https:\/\/www.ivanabeaumond.com.br\/vestidos-noiva\/wp-content\/uploads\/photo-gallery\/thumb\/15anos-vestido-debutante-vestido15anos-exclusivo-festa-de-debutante-yasmin_blog-IvanaBeaumond%20(34).jpg\"                   alt=\"15anos-vestido-debutante-vestido15anos-exclusivo-festa-de-debutante-yasmin_blog-IvanaBeaumond (34)\"                   title=\"15anos-vestido-debutante-vestido15anos-exclusivo-festa-de-debutante-yasmin_blog-IvanaBeaumond (34)\" \/>            <\/div>            <div class=\"\">                                                      <\/div>          <\/div>        <\/div>                        <\/a>              <\/div>            <div class=\"bwg-item\">        <a class=\"bwg-a  bwg_lightbox\"  data-image-id=\"1095\" href=\"https:\/\/www.ivanabeaumond.com.br\/vestidos-noiva\/wp-content\/uploads\/photo-gallery\/15anos-vestido-debutante-vestido15anos-exclusivo-festa-de-debutante-yasmin_blog-IvanaBeaumond%20(28).jpg\" data-elementor-open-lightbox=\"no\">                <div class=\"bwg-item0 \">          <div class=\"bwg-item1 \">            <div class=\"bwg-item2\">              <img class=\"skip-lazy bwg_standart_thumb_img_0 \"                   data-id=\"1095\"                   data-width=\"\"                   data-height=\"\"                   data-src=\"https:\/\/www.ivanabeaumond.com.br\/vestidos-noiva\/wp-content\/uploads\/photo-gallery\/thumb\/15anos-vestido-debutante-vestido15anos-exclusivo-festa-de-debutante-yasmin_blog-IvanaBeaumond%20(28).jpg\"                   src=\"https:\/\/www.ivanabeaumond.com.br\/vestidos-noiva\/wp-content\/uploads\/photo-gallery\/thumb\/15anos-vestido-debutante-vestido15anos-exclusivo-festa-de-debutante-yasmin_blog-IvanaBeaumond%20(28).jpg\"                   alt=\"15anos-vestido-debutante-vestido15anos-exclusivo-festa-de-debutante-yasmin_blog-IvanaBeaumond (28)\"                   title=\"15anos-vestido-debutante-vestido15anos-exclusivo-festa-de-debutante-yasmin_blog-IvanaBeaumond (28)\" \/>            <\/div>            <div class=\"\">                                                      <\/div>          <\/div>        <\/div>                        <\/a>              <\/div>            <div class=\"bwg-item\">        <a class=\"bwg-a  bwg_lightbox\"  data-image-id=\"1094\" href=\"https:\/\/www.ivanabeaumond.com.br\/vestidos-noiva\/wp-content\/uploads\/photo-gallery\/15anos-vestido-debutante-vestido15anos-exclusivo-festa-de-debutante-yasmin_blog-IvanaBeaumond%20(35).jpg\" data-elementor-open-lightbox=\"no\">                <div class=\"bwg-item0 \">          <div class=\"bwg-item1 \">            <div class=\"bwg-item2\">              <img class=\"skip-lazy bwg_standart_thumb_img_0 \"                   data-id=\"1094\"                   data-width=\"\"                   data-height=\"\"                   data-src=\"https:\/\/www.ivanabeaumond.com.br\/vestidos-noiva\/wp-content\/uploads\/photo-gallery\/thumb\/15anos-vestido-debutante-vestido15anos-exclusivo-festa-de-debutante-yasmin_blog-IvanaBeaumond%20(35).jpg\"                   src=\"https:\/\/www.ivanabeaumond.com.br\/vestidos-noiva\/wp-content\/uploads\/photo-gallery\/thumb\/15anos-vestido-debutante-vestido15anos-exclusivo-festa-de-debutante-yasmin_blog-IvanaBeaumond%20(35).jpg\"                   alt=\"15anos-vestido-debutante-vestido15anos-exclusivo-festa-de-debutante-yasmin_blog-IvanaBeaumond (35)\"                   title=\"15anos-vestido-debutante-vestido15anos-exclusivo-festa-de-debutante-yasmin_blog-IvanaBeaumond (35)\" \/>            <\/div>            <div class=\"\">                                                      <\/div>          <\/div>        <\/div>                        <\/a>              <\/div>            <div class=\"bwg-item\">        <a class=\"bwg-a  bwg_lightbox\"  data-image-id=\"1093\" href=\"https:\/\/www.ivanabeaumond.com.br\/vestidos-noiva\/wp-content\/uploads\/photo-gallery\/15anos-vestido-debutante-vestido15anos-exclusivo-festa-de-debutante-yasmin_blog-IvanaBeaumond%20(33).jpg\" data-elementor-open-lightbox=\"no\">                <div class=\"bwg-item0 \">          <div class=\"bwg-item1 \">            <div class=\"bwg-item2\">              <img class=\"skip-lazy bwg_standart_thumb_img_0 \"                   data-id=\"1093\"                   data-width=\"\"                   data-height=\"\"                   data-src=\"https:\/\/www.ivanabeaumond.com.br\/vestidos-noiva\/wp-content\/uploads\/photo-gallery\/thumb\/15anos-vestido-debutante-vestido15anos-exclusivo-festa-de-debutante-yasmin_blog-IvanaBeaumond%20(33).jpg\"                   src=\"https:\/\/www.ivanabeaumond.com.br\/vestidos-noiva\/wp-content\/uploads\/photo-gallery\/thumb\/15anos-vestido-debutante-vestido15anos-exclusivo-festa-de-debutante-yasmin_blog-IvanaBeaumond%20(33).jpg\"                   alt=\"15anos-vestido-debutante-vestido15anos-exclusivo-festa-de-debutante-yasmin_blog-IvanaBeaumond (33)\"                   title=\"15anos-vestido-debutante-vestido15anos-exclusivo-festa-de-debutante-yasmin_blog-IvanaBeaumond (33)\" \/>            <\/div>            <div class=\"\">                                                      <\/div>          <\/div>        <\/div>                        <\/a>              <\/div>            <div class=\"bwg-item\">        <a class=\"bwg-a  bwg_lightbox\"  data-image-id=\"1092\" href=\"https:\/\/www.ivanabeaumond.com.br\/vestidos-noiva\/wp-content\/uploads\/photo-gallery\/15anos-vestido-debutante-vestido15anos-exclusivo-festa-de-debutante-yasmin_blog-IvanaBeaumond%20(27).jpg\" data-elementor-open-lightbox=\"no\">                <div class=\"bwg-item0 \">          <div class=\"bwg-item1 \">            <div class=\"bwg-item2\">              <img class=\"skip-lazy bwg_standart_thumb_img_0 \"                   data-id=\"1092\"                   data-width=\"\"                   data-height=\"\"                   data-src=\"https:\/\/www.ivanabeaumond.com.br\/vestidos-noiva\/wp-content\/uploads\/photo-gallery\/thumb\/15anos-vestido-debutante-vestido15anos-exclusivo-festa-de-debutante-yasmin_blog-IvanaBeaumond%20(27).jpg\"                   src=\"https:\/\/www.ivanabeaumond.com.br\/vestidos-noiva\/wp-content\/uploads\/photo-gallery\/thumb\/15anos-vestido-debutante-vestido15anos-exclusivo-festa-de-debutante-yasmin_blog-IvanaBeaumond%20(27).jpg\"                   alt=\"15anos-vestido-debutante-vestido15anos-exclusivo-festa-de-debutante-yasmin_blog-IvanaBeaumond (27)\"                   title=\"15anos-vestido-debutante-vestido15anos-exclusivo-festa-de-debutante-yasmin_blog-IvanaBeaumond (27)\" \/>            <\/div>            <div class=\"\">                                                      <\/div>          <\/div>        <\/div>                        <\/a>              <\/div>            <div class=\"bwg-item\">        <a class=\"bwg-a  bwg_lightbox\"  data-image-id=\"1091\" href=\"https:\/\/www.ivanabeaumond.com.br\/vestidos-noiva\/wp-content\/uploads\/photo-gallery\/15anos-vestido-debutante-vestido15anos-exclusivo-festa-de-debutante-yasmin_blog-IvanaBeaumond%20(21).jpg\" data-elementor-open-lightbox=\"no\">                <div class=\"bwg-item0 \">          <div class=\"bwg-item1 \">            <div class=\"bwg-item2\">              <img class=\"skip-lazy bwg_standart_thumb_img_0 \"                   data-id=\"1091\"                   data-width=\"\"                   data-height=\"\"                   data-src=\"https:\/\/www.ivanabeaumond.com.br\/vestidos-noiva\/wp-content\/uploads\/photo-gallery\/thumb\/15anos-vestido-debutante-vestido15anos-exclusivo-festa-de-debutante-yasmin_blog-IvanaBeaumond%20(21).jpg\"                   src=\"https:\/\/www.ivanabeaumond.com.br\/vestidos-noiva\/wp-content\/uploads\/photo-gallery\/thumb\/15anos-vestido-debutante-vestido15anos-exclusivo-festa-de-debutante-yasmin_blog-IvanaBeaumond%20(21).jpg\"                   alt=\"15anos-vestido-debutante-vestido15anos-exclusivo-festa-de-debutante-yasmin_blog-IvanaBeaumond (21)\"                   title=\"15anos-vestido-debutante-vestido15anos-exclusivo-festa-de-debutante-yasmin_blog-IvanaBeaumond (21)\" \/>            <\/div>            <div class=\"\">                                                      <\/div>          <\/div>        <\/div>                        <\/a>              <\/div>            <div class=\"bwg-item\">        <a class=\"bwg-a  bwg_lightbox\"  data-image-id=\"1090\" href=\"https:\/\/www.ivanabeaumond.com.br\/vestidos-noiva\/wp-content\/uploads\/photo-gallery\/15anos-vestido-debutante-vestido15anos-exclusivo-festa-de-debutante-yasmin_blog-IvanaBeaumond%20(22).jpg\" data-elementor-open-lightbox=\"no\">                <div class=\"bwg-item0 \">          <div class=\"bwg-item1 \">            <div class=\"bwg-item2\">              <img class=\"skip-lazy bwg_standart_thumb_img_0 \"                   data-id=\"1090\"                   data-width=\"\"                   data-height=\"\"                   data-src=\"https:\/\/www.ivanabeaumond.com.br\/vestidos-noiva\/wp-content\/uploads\/photo-gallery\/thumb\/15anos-vestido-debutante-vestido15anos-exclusivo-festa-de-debutante-yasmin_blog-IvanaBeaumond%20(22).jpg\"                   src=\"https:\/\/www.ivanabeaumond.com.br\/vestidos-noiva\/wp-content\/uploads\/photo-gallery\/thumb\/15anos-vestido-debutante-vestido15anos-exclusivo-festa-de-debutante-yasmin_blog-IvanaBeaumond%20(22).jpg\"                   alt=\"15anos-vestido-debutante-vestido15anos-exclusivo-festa-de-debutante-yasmin_blog-IvanaBeaumond (22)\"                   title=\"15anos-vestido-debutante-vestido15anos-exclusivo-festa-de-debutante-yasmin_blog-IvanaBeaumond (22)\" \/>            <\/div>            <div class=\"\">                                                      <\/div>          <\/div>        <\/div>                        <\/a>              <\/div>            <div class=\"bwg-item\">        <a class=\"bwg-a  bwg_lightbox\"  data-image-id=\"1089\" href=\"https:\/\/www.ivanabeaumond.com.br\/vestidos-noiva\/wp-content\/uploads\/photo-gallery\/15anos-vestido-debutante-vestido15anos-exclusivo-festa-de-debutante-yasmin_blog-IvanaBeaumond%20(23).jpg\" data-elementor-open-lightbox=\"no\">                <div class=\"bwg-item0 \">          <div class=\"bwg-item1 \">            <div class=\"bwg-item2\">              <img class=\"skip-lazy bwg_standart_thumb_img_0 \"                   data-id=\"1089\"                   data-width=\"\"                   data-height=\"\"                   data-src=\"https:\/\/www.ivanabeaumond.com.br\/vestidos-noiva\/wp-content\/uploads\/photo-gallery\/thumb\/15anos-vestido-debutante-vestido15anos-exclusivo-festa-de-debutante-yasmin_blog-IvanaBeaumond%20(23).jpg\"                   src=\"https:\/\/www.ivanabeaumond.com.br\/vestidos-noiva\/wp-content\/uploads\/photo-gallery\/thumb\/15anos-vestido-debutante-vestido15anos-exclusivo-festa-de-debutante-yasmin_blog-IvanaBeaumond%20(23).jpg\"                   alt=\"15anos-vestido-debutante-vestido15anos-exclusivo-festa-de-debutante-yasmin_blog-IvanaBeaumond (23)\"                   title=\"15anos-vestido-debutante-vestido15anos-exclusivo-festa-de-debutante-yasmin_blog-IvanaBeaumond (23)\" \/>            <\/div>            <div class=\"\">                                                      <\/div>          <\/div>        <\/div>                        <\/a>              <\/div>          <\/div>    <style>      \/*pagination styles*\/      #bwg_container1_0 #bwg_container2_0 .tablenav-pages_0 {\t\t\t\ttext-align: center;\t\t\t\tfont-size: 12px;\t\t\t\tfont-family: segoe ui;\t\t\t\tfont-weight: bold;\t\t\t\tcolor: #666666;\t\t\t\tmargin: 6px 0 4px;\t\t\t\tdisplay: block;      }      @media only screen and (max-width : 320px) {      #bwg_container1_0 #bwg_container2_0 .displaying-num_0 {     \t display: none;      }      }      #bwg_container1_0 #bwg_container2_0 .displaying-num_0 {\t\t\t\tfont-size: 12px;\t\t\t\tfont-family: segoe ui;\t\t\t\tfont-weight: bold;\t\t\t\tcolor: #666666;\t\t\t\tmargin-right: 10px;\t\t\t\tvertical-align: middle;      }      #bwg_container1_0 #bwg_container2_0 .paging-input_0 {\t\t\t\tfont-size: 12px;\t\t\t\tfont-family: segoe ui;\t\t\t\tfont-weight: bold;\t\t\t\tcolor: #666666;\t\t\t\tvertical-align: middle;      }      #bwg_container1_0 #bwg_container2_0 .tablenav-pages_0 a.disabled,      #bwg_container1_0 #bwg_container2_0 .tablenav-pages_0 a.disabled:hover,      #bwg_container1_0 #bwg_container2_0 .tablenav-pages_0 a.disabled:focus,\t\t\t#bwg_container1_0 #bwg_container2_0 .tablenav-pages_0 input.bwg_current_page {\t\t\t\tcursor: default;\t\t\t\tcolor: rgba(102, 102, 102, 0.5);      }      #bwg_container1_0 #bwg_container2_0 .tablenav-pages_0 a,      #bwg_container1_0 #bwg_container2_0 .tablenav-pages_0 input.bwg_current_page {\t\t\t\tcursor: pointer;\t\t\t\ttext-align: center;\t\t\t\tfont-size: 12px;\t\t\t\tfont-family: segoe ui;\t\t\t\tfont-weight: bold;\t\t\t\tcolor: #666666;\t\t\t\ttext-decoration: none;\t\t\t\tpadding: 3px 6px;\t\t\t\tmargin: 0;\t\t\t\tborder-radius: 0;\t\t\t\tborder-style: solid;\t\t\t\tborder-width: 1px;\t\t\t\tborder-color: #E3E3E3;\t\t\t\t\t\t\t\tbackground-color: rgba(255, 255, 255, 1.00);\t\t\t\tbox-shadow: 0;\t\t\t\ttransition: all 0.3s ease 0s;-webkit-transition: all 0.3s ease 0s;      }      <\/style>      <span class=\"bwg_nav_cont_0\">              <div class=\"tablenav-pages_0\">                      <span class=\"pagination-links_0 pagination-links\" data-pages-count=\"2\">              <span class=\"pagination-links_col1\">              <a class=\"bwg-a first-page disabled\" title=\"Ir para a primeira p\u00e1gina\" >\u00ab<\/a>              <a class=\"bwg-a prev-page disabled\" title=\"V\u00e1 para a p\u00e1gina anterior\" >\u2039<\/a>              <\/span>\t\t\t\t\t\t\t<span class=\"pagination-links_col2\">\t\t\t\t\t\t\t\t\t<input type=\"number\" class=\"bwg_current_page\" name=\"bwg_current_page\" value=\"1\" data-url-info=\"page_number_0\" onkeypress=\"return bwg_change_page_0(event, this)\" min=\"1\" oninput=\"validity.valid||(value='')\" \/>\t\t\t\t\t\t\t\t\t\tde\t\t\t\t\t\t\t\t\t\t<span class=\"total-pages_0\">\t\t\t\t\t\t\t\t\t\t\t2\t\t\t\t\t\t\t\t\t\t<\/span>\t\t\t\t\t\t\t<\/span>              <span class=\"pagination-links_col3\">                <a class=\"bwg-a next-page-0\" title=\"Ir para a pr\u00f3xima p\u00e1gina\" href=\"\/vestidos-noiva\/wp-json\/wp\/v2\/posts\/15011?page_number_0=2\">\u203a<\/a>                <a class=\"bwg-a last-page-0\" title=\"Ir para a \u00faltima p\u00e1gina\" href=\"\/vestidos-noiva\/wp-json\/wp\/v2\/posts\/15011?page_number_0=2\">\u00bb<\/a>              <\/span>\t\t\t\t\t\t<\/span>\t\t\t\t\t\t        <\/div>                <input type=\"hidden\" id=\"page_number_0\" name=\"page_number_0\" value=\"1\" \/>      <script type=\"text\/javascript\">        if( jQuery('.bwg_nav_cont_0').length > 1 ) {          jQuery('.bwg_nav_cont_0').first().remove()        }        function spider_page_0(cur, x, y, load_more) {          if (typeof load_more == \"undefined\") {            var load_more = false;          }          if (jQuery(cur).hasClass('disabled')) {            return false;          }          var items_county_0 = 2;          switch (y) {            case 1:              if (x >= items_county_0) {                document.getElementById('page_number_0').value = items_county_0;              }              else {                document.getElementById('page_number_0').value = x + 1;              }              break;            case 2:              document.getElementById('page_number_0').value = items_county_0;              break;            case -1:              if (x == 1) {                document.getElementById('page_number_0').value = 1;              }              else {                document.getElementById('page_number_0').value = x - 1;              }              break;            case -2:              document.getElementById('page_number_0').value = 1;              break;\t\t\t\t\t\tcase 0:              document.getElementById('page_number_0').value = x;              break;            default:              document.getElementById('page_number_0').value = 1;          }          bwg_ajax('gal_front_form_0', '0', 'bwg_thumbnails_0', '0', '', 'gallery', 0, '', '', load_more, '', 1);        }                    jQuery('.first-page disabled').on('click', function () {              spider_page_0(this, 1, -2, 'numeric');              return false;            });            jQuery('.prev-page disabled').on('click', function () {              spider_page_0(this, 1, -1, 'numeric');              return false;            });            jQuery('.next-page-0').on('click', function () {              spider_page_0(this, 1, 1, 'numeric');              return false;            });            jQuery('.last-page-0').on('click', function () {              spider_page_0(this, 1, 2, 'numeric');              return false;            });        \t\t\t\t\/* Change page on input enter. *\/        function bwg_change_page_0( e, that ) {          if (  e.key == 'Enter' ) {            var to_page = parseInt(jQuery(that).val());            var pages_count = jQuery(that).parents(\".pagination-links\").data(\"pages-count\");            var current_url_param = jQuery(that).attr('data-url-info');            if (to_page > pages_count) {              to_page = 1;            }\t \t\t\t\t\t\t\t\t\t\t\t\tspider_page_0(this, to_page, 0, 'numeric');\t\t\t\t\t\t\treturn false;\t\t\t\t\t\t          }          return true;        }        jQuery('.bwg_load_btn_0').on('click', function () {            spider_page_0(this, 1, 1, true);            return false;        });      <\/script>      <\/span>                <\/div>        <\/form>        <style>          #bwg_container1_0 #bwg_container2_0 #spider_popup_overlay_0 {          background-color: #000000;          opacity: 0.70;          }          <\/style>        <div id=\"bwg_spider_popup_loading_0\" class=\"bwg_spider_popup_loading\"><\/div>        <div id=\"spider_popup_overlay_0\" class=\"spider_popup_overlay\" onclick=\"spider_destroypopup(1000)\"><\/div>        <input type=\"hidden\" id=\"bwg_random_seed_0\" value=\"314011757\">                <\/div>    <\/div>    <script>      if (document.readyState === 'complete') {        if( typeof bwg_main_ready == 'function' ) {          if ( jQuery(\"#bwg_container1_0\").height() ) {            bwg_main_ready(jQuery(\"#bwg_container1_0\"));          }        }      } else {        document.addEventListener('DOMContentLoaded', function() {          if( typeof bwg_main_ready == 'function' ) {            if ( jQuery(\"#bwg_container1_0\").height() ) {             bwg_main_ready(jQuery(\"#bwg_container1_0\"));            }          }        });      }    <\/script>    \n<p><span style=\"color: #ffffff;\">&#8211;<\/span><\/p>\n<p><span style=\"color: #ffffff;\">&#8211;<\/span><\/p>\n<div class=\"post_content_holder\">\n<div class=\"post_text\">\n<h4 style=\"text-align: justify;\"><span style=\"color: #999999;\">Gostou? Siga nosso instagram\u00a0<span style=\"color: #0000ff;\"><a style=\"color: #0000ff;\" href=\"https:\/\/www.instagram.com\/ivanabeaumond\/\">@ivanabeaumond<\/a><\/span>\u00a0e curta nossa fanpage\u00a0<span style=\"color: #0000ff;\"><a style=\"color: #0000ff;\" href=\"https:\/\/www.facebook.com\/IvanaBeaumond\/\">Ivana Beaumond<\/a><\/span>\u00a0e fique por dentro de tudo o que rola no mundo das noivas e conhe\u00e7a nossos Melhores Modelos de Vestidos de Noivas Nacionais, Importados e Sob Medida.<\/span><\/h4>\n<\/div>\n<\/div>\n<div class=\"single_tags\"><\/div>\n","protected":false},"excerpt":{"rendered":"<p>O t\u00e3o sonhado dia da nossa linda Princesa Yasmin chegou,&#8230;<\/p>\n","protected":false},"author":4,"featured_media":15036,"comment_status":"closed","ping_status":"closed","sticky":false,"template":"","format":"standard","meta":[],"categories":[129],"tags":[172,159,131,96,161,156,160,173,99,100,162,157,174,163,158,149,143,115],"yoast_head":"<!-- This site is optimized with the Yoast SEO plugin v20.3 - https:\/\/yoast.com\/wordpress\/plugins\/seo\/ -->\n<title>Yasmin no Pa\u00eds das Maravilhas, por Ivana Beaumond... - Vestido de Noiva RJ<\/title>\n<meta name=\"robots\" content=\"index, follow, max-snippet:-1, max-image-preview:large, max-video-preview:-1\" \/>\n<link rel=\"canonical\" href=\"https:\/\/www.ivanabeaumond.com.br\/vestidos-noiva\/yasmin-no-pais-das-maravilhas-por-ivana-beaumond\/\" \/>\n<meta property=\"og:locale\" content=\"pt_BR\" \/>\n<meta property=\"og:type\" content=\"article\" \/>\n<meta property=\"og:title\" content=\"Yasmin no Pa\u00eds das Maravilhas, por Ivana Beaumond... - Vestido de Noiva RJ\" \/>\n<meta property=\"og:description\" content=\"O t\u00e3o sonhado dia da nossa linda Princesa Yasmin chegou,...\" \/>\n<meta property=\"og:url\" content=\"https:\/\/www.ivanabeaumond.com.br\/vestidos-noiva\/yasmin-no-pais-das-maravilhas-por-ivana-beaumond\/\" \/>\n<meta property=\"og:site_name\" content=\"Vestido de Noiva RJ\" \/>\n<meta property=\"article:publisher\" content=\"https:\/\/www.facebook.com\/ivana.beaumondnoivas\" \/>\n<meta property=\"article:published_time\" content=\"2018-06-23T21:20:14+00:00\" \/>\n<meta property=\"article:modified_time\" content=\"2020-08-25T19:33:37+00:00\" \/>\n<meta property=\"og:image\" content=\"https:\/\/www.ivanabeaumond.com.br\/vestidos-noiva\/wp-content\/uploads\/2018\/06\/15anos-vestido-debutante-vestido15anos-exclusivo-festa-de-debutante-yasmin_blog-IvanaBeaumond-32.jpg\" \/>\n\t<meta property=\"og:image:width\" content=\"886\" \/>\n\t<meta property=\"og:image:height\" content=\"591\" \/>\n\t<meta property=\"og:image:type\" content=\"image\/jpeg\" \/>\n<meta name=\"author\" content=\"Ivana Beaumond Paris\" \/>\n<meta name=\"twitter:card\" content=\"summary_large_image\" \/>\n<meta name=\"twitter:label1\" content=\"Escrito por\" \/>\n\t<meta name=\"twitter:data1\" content=\"Ivana Beaumond Paris\" \/>\n\t<meta name=\"twitter:label2\" content=\"Est. tempo de leitura\" \/>\n\t<meta name=\"twitter:data2\" content=\"1 minuto\" \/>\n<script type=\"application\/ld+json\" class=\"yoast-schema-graph\">{\"@context\":\"https:\/\/schema.org\",\"@graph\":[{\"@type\":\"Article\",\"@id\":\"https:\/\/www.ivanabeaumond.com.br\/vestidos-noiva\/yasmin-no-pais-das-maravilhas-por-ivana-beaumond\/#article\",\"isPartOf\":{\"@id\":\"https:\/\/www.ivanabeaumond.com.br\/vestidos-noiva\/yasmin-no-pais-das-maravilhas-por-ivana-beaumond\/\"},\"author\":{\"name\":\"Ivana Beaumond Paris\",\"@id\":\"https:\/\/www.ivanabeaumond.com.br\/vestidos-noiva\/#\/schema\/person\/1a360c4cffa3b806d29a456389dcff26\"},\"headline\":\"Yasmin no Pa\u00eds das Maravilhas, por Ivana Beaumond&#8230;\",\"datePublished\":\"2018-06-23T21:20:14+00:00\",\"dateModified\":\"2020-08-25T19:33:37+00:00\",\"mainEntityOfPage\":{\"@id\":\"https:\/\/www.ivanabeaumond.com.br\/vestidos-noiva\/yasmin-no-pais-das-maravilhas-por-ivana-beaumond\/\"},\"wordCount\":234,\"publisher\":{\"@id\":\"https:\/\/www.ivanabeaumond.com.br\/vestidos-noiva\/#organization\"},\"keywords\":[\"15 anos\",\"alian\u00e7as\",\"aluguel de roupas\",\"casamento\",\"casamento blindado\",\"casamento no civil\",\"daminhas\",\"debutantes\",\"felicidade\",\"festa\",\"festas\",\"noiva e noivo\",\"princesas\",\"sob medida\",\"traje de noivo\",\"vestido de 15 anos\",\"vestido de debutante\",\"vestido de noiva\"],\"articleSection\":[\"Espa\u00e7o Debutantes\"],\"inLanguage\":\"pt-BR\"},{\"@type\":\"WebPage\",\"@id\":\"https:\/\/www.ivanabeaumond.com.br\/vestidos-noiva\/yasmin-no-pais-das-maravilhas-por-ivana-beaumond\/\",\"url\":\"https:\/\/www.ivanabeaumond.com.br\/vestidos-noiva\/yasmin-no-pais-das-maravilhas-por-ivana-beaumond\/\",\"name\":\"Yasmin no Pa\u00eds das Maravilhas, por Ivana Beaumond... - Vestido de Noiva RJ\",\"isPartOf\":{\"@id\":\"https:\/\/www.ivanabeaumond.com.br\/vestidos-noiva\/#website\"},\"datePublished\":\"2018-06-23T21:20:14+00:00\",\"dateModified\":\"2020-08-25T19:33:37+00:00\",\"breadcrumb\":{\"@id\":\"https:\/\/www.ivanabeaumond.com.br\/vestidos-noiva\/yasmin-no-pais-das-maravilhas-por-ivana-beaumond\/#breadcrumb\"},\"inLanguage\":\"pt-BR\",\"potentialAction\":[{\"@type\":\"ReadAction\",\"target\":[\"https:\/\/www.ivanabeaumond.com.br\/vestidos-noiva\/yasmin-no-pais-das-maravilhas-por-ivana-beaumond\/\"]}]},{\"@type\":\"BreadcrumbList\",\"@id\":\"https:\/\/www.ivanabeaumond.com.br\/vestidos-noiva\/yasmin-no-pais-das-maravilhas-por-ivana-beaumond\/#breadcrumb\",\"itemListElement\":[{\"@type\":\"ListItem\",\"position\":1,\"name\":\"In\u00edcio\",\"item\":\"https:\/\/www.ivanabeaumond.com.br\/vestidos-noiva\/\"},{\"@type\":\"ListItem\",\"position\":2,\"name\":\"Yasmin no Pa\u00eds das Maravilhas, por Ivana Beaumond&#8230;\"}]},{\"@type\":\"WebSite\",\"@id\":\"https:\/\/www.ivanabeaumond.com.br\/vestidos-noiva\/#website\",\"url\":\"https:\/\/www.ivanabeaumond.com.br\/vestidos-noiva\/\",\"name\":\"Vestido de Noiva RJ\",\"description\":\"Moda Noiva\",\"publisher\":{\"@id\":\"https:\/\/www.ivanabeaumond.com.br\/vestidos-noiva\/#organization\"},\"potentialAction\":[{\"@type\":\"SearchAction\",\"target\":{\"@type\":\"EntryPoint\",\"urlTemplate\":\"https:\/\/www.ivanabeaumond.com.br\/vestidos-noiva\/?s={search_term_string}\"},\"query-input\":\"required name=search_term_string\"}],\"inLanguage\":\"pt-BR\"},{\"@type\":\"Organization\",\"@id\":\"https:\/\/www.ivanabeaumond.com.br\/vestidos-noiva\/#organization\",\"name\":\"Vestido de Noiva RJ\",\"url\":\"https:\/\/www.ivanabeaumond.com.br\/vestidos-noiva\/\",\"logo\":{\"@type\":\"ImageObject\",\"inLanguage\":\"pt-BR\",\"@id\":\"https:\/\/www.ivanabeaumond.com.br\/vestidos-noiva\/#\/schema\/logo\/image\/\",\"url\":\"https:\/\/www.ivanabeaumond.com.br\/vestidos-noiva\/wp-content\/uploads\/2018\/02\/logo_ivana_beaumond-2.png\",\"contentUrl\":\"https:\/\/www.ivanabeaumond.com.br\/vestidos-noiva\/wp-content\/uploads\/2018\/02\/logo_ivana_beaumond-2.png\",\"width\":230,\"height\":112,\"caption\":\"Vestido de Noiva RJ\"},\"image\":{\"@id\":\"https:\/\/www.ivanabeaumond.com.br\/vestidos-noiva\/#\/schema\/logo\/image\/\"},\"sameAs\":[\"https:\/\/www.facebook.com\/ivana.beaumondnoivas\",\"https:\/\/www.instagram.com\/ivanabeaumond\/\",\"https:\/\/www.tiktok.com\/@ivanabeaumond\"]},{\"@type\":\"Person\",\"@id\":\"https:\/\/www.ivanabeaumond.com.br\/vestidos-noiva\/#\/schema\/person\/1a360c4cffa3b806d29a456389dcff26\",\"name\":\"Ivana Beaumond Paris\",\"image\":{\"@type\":\"ImageObject\",\"inLanguage\":\"pt-BR\",\"@id\":\"https:\/\/www.ivanabeaumond.com.br\/vestidos-noiva\/#\/schema\/person\/image\/\",\"url\":\"https:\/\/secure.gravatar.com\/avatar\/641f98db20b53ec937ceb641db4270b9?s=96&d=mm&r=g\",\"contentUrl\":\"https:\/\/secure.gravatar.com\/avatar\/641f98db20b53ec937ceb641db4270b9?s=96&d=mm&r=g\",\"caption\":\"Ivana Beaumond Paris\"},\"url\":\"https:\/\/www.ivanabeaumond.com.br\/vestidos-noiva\/author\/ivana\/\"}]}<\/script>\n<!-- \/ Yoast SEO plugin. -->","yoast_head_json":{"title":"Yasmin no Pa\u00eds das Maravilhas, por Ivana Beaumond... - Vestido de Noiva RJ","robots":{"index":"index","follow":"follow","max-snippet":"max-snippet:-1","max-image-preview":"max-image-preview:large","max-video-preview":"max-video-preview:-1"},"canonical":"https:\/\/www.ivanabeaumond.com.br\/vestidos-noiva\/yasmin-no-pais-das-maravilhas-por-ivana-beaumond\/","og_locale":"pt_BR","og_type":"article","og_title":"Yasmin no Pa\u00eds das Maravilhas, por Ivana Beaumond... - Vestido de Noiva RJ","og_description":"O t\u00e3o sonhado dia da nossa linda Princesa Yasmin chegou,...","og_url":"https:\/\/www.ivanabeaumond.com.br\/vestidos-noiva\/yasmin-no-pais-das-maravilhas-por-ivana-beaumond\/","og_site_name":"Vestido de Noiva RJ","article_publisher":"https:\/\/www.facebook.com\/ivana.beaumondnoivas","article_published_time":"2018-06-23T21:20:14+00:00","article_modified_time":"2020-08-25T19:33:37+00:00","og_image":[{"width":886,"height":591,"url":"https:\/\/www.ivanabeaumond.com.br\/vestidos-noiva\/wp-content\/uploads\/2018\/06\/15anos-vestido-debutante-vestido15anos-exclusivo-festa-de-debutante-yasmin_blog-IvanaBeaumond-32.jpg","type":"image\/jpeg"}],"author":"Ivana Beaumond Paris","twitter_card":"summary_large_image","twitter_misc":{"Escrito por":"Ivana Beaumond Paris","Est. tempo de leitura":"1 minuto"},"schema":{"@context":"https:\/\/schema.org","@graph":[{"@type":"Article","@id":"https:\/\/www.ivanabeaumond.com.br\/vestidos-noiva\/yasmin-no-pais-das-maravilhas-por-ivana-beaumond\/#article","isPartOf":{"@id":"https:\/\/www.ivanabeaumond.com.br\/vestidos-noiva\/yasmin-no-pais-das-maravilhas-por-ivana-beaumond\/"},"author":{"name":"Ivana Beaumond Paris","@id":"https:\/\/www.ivanabeaumond.com.br\/vestidos-noiva\/#\/schema\/person\/1a360c4cffa3b806d29a456389dcff26"},"headline":"Yasmin no Pa\u00eds das Maravilhas, por Ivana Beaumond&#8230;","datePublished":"2018-06-23T21:20:14+00:00","dateModified":"2020-08-25T19:33:37+00:00","mainEntityOfPage":{"@id":"https:\/\/www.ivanabeaumond.com.br\/vestidos-noiva\/yasmin-no-pais-das-maravilhas-por-ivana-beaumond\/"},"wordCount":234,"publisher":{"@id":"https:\/\/www.ivanabeaumond.com.br\/vestidos-noiva\/#organization"},"keywords":["15 anos","alian\u00e7as","aluguel de roupas","casamento","casamento blindado","casamento no civil","daminhas","debutantes","felicidade","festa","festas","noiva e noivo","princesas","sob medida","traje de noivo","vestido de 15 anos","vestido de debutante","vestido de noiva"],"articleSection":["Espa\u00e7o Debutantes"],"inLanguage":"pt-BR"},{"@type":"WebPage","@id":"https:\/\/www.ivanabeaumond.com.br\/vestidos-noiva\/yasmin-no-pais-das-maravilhas-por-ivana-beaumond\/","url":"https:\/\/www.ivanabeaumond.com.br\/vestidos-noiva\/yasmin-no-pais-das-maravilhas-por-ivana-beaumond\/","name":"Yasmin no Pa\u00eds das Maravilhas, por Ivana Beaumond... - Vestido de Noiva RJ","isPartOf":{"@id":"https:\/\/www.ivanabeaumond.com.br\/vestidos-noiva\/#website"},"datePublished":"2018-06-23T21:20:14+00:00","dateModified":"2020-08-25T19:33:37+00:00","breadcrumb":{"@id":"https:\/\/www.ivanabeaumond.com.br\/vestidos-noiva\/yasmin-no-pais-das-maravilhas-por-ivana-beaumond\/#breadcrumb"},"inLanguage":"pt-BR","potentialAction":[{"@type":"ReadAction","target":["https:\/\/www.ivanabeaumond.com.br\/vestidos-noiva\/yasmin-no-pais-das-maravilhas-por-ivana-beaumond\/"]}]},{"@type":"BreadcrumbList","@id":"https:\/\/www.ivanabeaumond.com.br\/vestidos-noiva\/yasmin-no-pais-das-maravilhas-por-ivana-beaumond\/#breadcrumb","itemListElement":[{"@type":"ListItem","position":1,"name":"In\u00edcio","item":"https:\/\/www.ivanabeaumond.com.br\/vestidos-noiva\/"},{"@type":"ListItem","position":2,"name":"Yasmin no Pa\u00eds das Maravilhas, por Ivana Beaumond&#8230;"}]},{"@type":"WebSite","@id":"https:\/\/www.ivanabeaumond.com.br\/vestidos-noiva\/#website","url":"https:\/\/www.ivanabeaumond.com.br\/vestidos-noiva\/","name":"Vestido de Noiva RJ","description":"Moda Noiva","publisher":{"@id":"https:\/\/www.ivanabeaumond.com.br\/vestidos-noiva\/#organization"},"potentialAction":[{"@type":"SearchAction","target":{"@type":"EntryPoint","urlTemplate":"https:\/\/www.ivanabeaumond.com.br\/vestidos-noiva\/?s={search_term_string}"},"query-input":"required name=search_term_string"}],"inLanguage":"pt-BR"},{"@type":"Organization","@id":"https:\/\/www.ivanabeaumond.com.br\/vestidos-noiva\/#organization","name":"Vestido de Noiva RJ","url":"https:\/\/www.ivanabeaumond.com.br\/vestidos-noiva\/","logo":{"@type":"ImageObject","inLanguage":"pt-BR","@id":"https:\/\/www.ivanabeaumond.com.br\/vestidos-noiva\/#\/schema\/logo\/image\/","url":"https:\/\/www.ivanabeaumond.com.br\/vestidos-noiva\/wp-content\/uploads\/2018\/02\/logo_ivana_beaumond-2.png","contentUrl":"https:\/\/www.ivanabeaumond.com.br\/vestidos-noiva\/wp-content\/uploads\/2018\/02\/logo_ivana_beaumond-2.png","width":230,"height":112,"caption":"Vestido de Noiva RJ"},"image":{"@id":"https:\/\/www.ivanabeaumond.com.br\/vestidos-noiva\/#\/schema\/logo\/image\/"},"sameAs":["https:\/\/www.facebook.com\/ivana.beaumondnoivas","https:\/\/www.instagram.com\/ivanabeaumond\/","https:\/\/www.tiktok.com\/@ivanabeaumond"]},{"@type":"Person","@id":"https:\/\/www.ivanabeaumond.com.br\/vestidos-noiva\/#\/schema\/person\/1a360c4cffa3b806d29a456389dcff26","name":"Ivana Beaumond Paris","image":{"@type":"ImageObject","inLanguage":"pt-BR","@id":"https:\/\/www.ivanabeaumond.com.br\/vestidos-noiva\/#\/schema\/person\/image\/","url":"https:\/\/secure.gravatar.com\/avatar\/641f98db20b53ec937ceb641db4270b9?s=96&d=mm&r=g","contentUrl":"https:\/\/secure.gravatar.com\/avatar\/641f98db20b53ec937ceb641db4270b9?s=96&d=mm&r=g","caption":"Ivana Beaumond Paris"},"url":"https:\/\/www.ivanabeaumond.com.br\/vestidos-noiva\/author\/ivana\/"}]}},"_links":{"self":[{"href":"https:\/\/www.ivanabeaumond.com.br\/vestidos-noiva\/wp-json\/wp\/v2\/posts\/15011"}],"collection":[{"href":"https:\/\/www.ivanabeaumond.com.br\/vestidos-noiva\/wp-json\/wp\/v2\/posts"}],"about":[{"href":"https:\/\/www.ivanabeaumond.com.br\/vestidos-noiva\/wp-json\/wp\/v2\/types\/post"}],"author":[{"embeddable":true,"href":"https:\/\/www.ivanabeaumond.com.br\/vestidos-noiva\/wp-json\/wp\/v2\/users\/4"}],"replies":[{"embeddable":true,"href":"https:\/\/www.ivanabeaumond.com.br\/vestidos-noiva\/wp-json\/wp\/v2\/comments?post=15011"}],"version-history":[{"count":7,"href":"https:\/\/www.ivanabeaumond.com.br\/vestidos-noiva\/wp-json\/wp\/v2\/posts\/15011\/revisions"}],"predecessor-version":[{"id":26099,"href":"https:\/\/www.ivanabeaumond.com.br\/vestidos-noiva\/wp-json\/wp\/v2\/posts\/15011\/revisions\/26099"}],"wp:featuredmedia":[{"embeddable":true,"href":"https:\/\/www.ivanabeaumond.com.br\/vestidos-noiva\/wp-json\/wp\/v2\/media\/15036"}],"wp:attachment":[{"href":"https:\/\/www.ivanabeaumond.com.br\/vestidos-noiva\/wp-json\/wp\/v2\/media?parent=15011"}],"wp:term":[{"taxonomy":"category","embeddable":true,"href":"https:\/\/www.ivanabeaumond.com.br\/vestidos-noiva\/wp-json\/wp\/v2\/categories?post=15011"},{"taxonomy":"post_tag","embeddable":true,"href":"https:\/\/www.ivanabeaumond.com.br\/vestidos-noiva\/wp-json\/wp\/v2\/tags?post=15011"}],"curies":[{"name":"wp","href":"https:\/\/api.w.org\/{rel}","templated":true}]}}