{"id":15154,"date":"2018-08-01T18:39:15","date_gmt":"2018-08-01T21:39:15","guid":{"rendered":"http:\/\/www.ivanabeaumond.com.br\/vestidos-noiva\/?p=15154"},"modified":"2018-08-02T18:39:51","modified_gmt":"2018-08-02T21:39:51","slug":"julia-rangel-com-seu-vestido-exclusivo-sob-medida-by-ivana-beaumond-materia-inesquecivel-15-anos","status":"publish","type":"post","link":"https:\/\/www.ivanabeaumond.com.br\/vestidos-noiva\/julia-rangel-com-seu-vestido-exclusivo-sob-medida-by-ivana-beaumond-materia-inesquecivel-15-anos\/","title":{"rendered":"Julia Rangel com seu Vestido Exclusivo Sob medida by IVANA BEAUMOND, mat\u00e9ria INESQUEC\u00cdVEL 15 ANOS&#8230;"},"content":{"rendered":"<h4 style=\"text-align: justify;\"><span style=\"color: #999999;\">J\u00falia Rangel nasceu para ser plen\u00edssima. Em frente \u00e0s c\u00e2meras, ela \u00e9 modelo nata. Mesmo tendo a do\u00e7ura t\u00edpica das meninas de 15 Anos, ela se torna uma exuberante mulher quando quer. Prepare-se porque essa festa \u2013 e os looks! \u2013 s\u00e3o de tirar o f\u00f4lego!\u00a0<strong>\u2665Plena, n\u00e9, mores?\u00a0<\/strong>O\u00a0<strong>Bruno Felipe Fotografia<\/strong>\u00a0registrou todos os momentos, inclusive os vestidos usados, com a sensibilidade de quem \u00e9 a pr\u00f3pria Fam\u00edlia da Debutante. A Aniversariante foi lacriane com os seus tr\u00eas LOOKS exclusivos by <strong>IVANA BEAUMOND PARIS<\/strong>. Nada de simplicidade. Aqui \u00e9 surra de bordado, transpar\u00eancia, cristais, renda e muito bom gosto, claro.<\/span><\/h4>\n<h4 style=\"text-align: justify;\"><span style=\"color: #999999;\">VEJA A\u00a0<span style=\"color: #0000ff;\"><a style=\"color: #0000ff;\" href=\"https:\/\/15anos.inesquecivelcasamento.com.br\/e-festa\/rio-de-janeiro\/festa-romantica-%E2%99%A5-julia-rangel\/\" target=\"_blank\">MAT\u00c9RIA COMPLETA<\/a><\/span>.<\/span><\/h4>\n<p><a href=\"http:\/\/www.ivanabeaumond.com.br\/vestidos-noiva\/wp-content\/uploads\/2018\/06\/Vestido-Debutante_rj-sobmedida_15anos_exclusivo-Mans\u00e3odasEstrelas-J\u00faliaRangel-by_Ivana_Beaumond-8.jpg\"><img decoding=\"async\" loading=\"lazy\" class=\"aligncenter size-full wp-image-14971\" src=\"http:\/\/www.ivanabeaumond.com.br\/vestidos-noiva\/wp-content\/uploads\/2018\/06\/Vestido-Debutante_rj-sobmedida_15anos_exclusivo-Mans\u00e3odasEstrelas-J\u00faliaRangel-by_Ivana_Beaumond-8.jpg\" alt=\"Vestido-Debutante_rj-sobmedida_15anos_exclusivo-Mans\u00e3odasEstrelas-J\u00faliaRangel-by_Ivana_Beaumond (8)\" width=\"640\" height=\"960\" srcset=\"https:\/\/www.ivanabeaumond.com.br\/vestidos-noiva\/wp-content\/uploads\/2018\/06\/Vestido-Debutante_rj-sobmedida_15anos_exclusivo-Mans\u00e3odasEstrelas-J\u00faliaRangel-by_Ivana_Beaumond-8.jpg 640w, https:\/\/www.ivanabeaumond.com.br\/vestidos-noiva\/wp-content\/uploads\/2018\/06\/Vestido-Debutante_rj-sobmedida_15anos_exclusivo-Mans\u00e3odasEstrelas-J\u00faliaRangel-by_Ivana_Beaumond-8-200x300.jpg 200w\" sizes=\"(max-width: 640px) 100vw, 640px\" \/><\/a><\/p>\n<p><a href=\"http:\/\/www.ivanabeaumond.com.br\/vestidos-noiva\/wp-content\/uploads\/2018\/06\/Vestido-Debutante_rj-sobmedida_15anos_exclusivo-Mans\u00e3odasEstrelas-J\u00faliaRangel-by_Ivana_Beaumond-21.jpg\"><img decoding=\"async\" loading=\"lazy\" class=\"aligncenter size-full wp-image-14972\" src=\"http:\/\/www.ivanabeaumond.com.br\/vestidos-noiva\/wp-content\/uploads\/2018\/06\/Vestido-Debutante_rj-sobmedida_15anos_exclusivo-Mans\u00e3odasEstrelas-J\u00faliaRangel-by_Ivana_Beaumond-21.jpg\" alt=\"Vestido-Debutante_rj-sobmedida_15anos_exclusivo-Mans\u00e3odasEstrelas-J\u00faliaRangel-by_Ivana_Beaumond (21)\" width=\"641\" height=\"960\" srcset=\"https:\/\/www.ivanabeaumond.com.br\/vestidos-noiva\/wp-content\/uploads\/2018\/06\/Vestido-Debutante_rj-sobmedida_15anos_exclusivo-Mans\u00e3odasEstrelas-J\u00faliaRangel-by_Ivana_Beaumond-21.jpg 641w, https:\/\/www.ivanabeaumond.com.br\/vestidos-noiva\/wp-content\/uploads\/2018\/06\/Vestido-Debutante_rj-sobmedida_15anos_exclusivo-Mans\u00e3odasEstrelas-J\u00faliaRangel-by_Ivana_Beaumond-21-200x300.jpg 200w\" sizes=\"(max-width: 641px) 100vw, 641px\" \/><\/a><\/p>\n<p><a href=\"http:\/\/www.ivanabeaumond.com.br\/vestidos-noiva\/wp-content\/uploads\/2018\/06\/Vestido-Debutante_rj-sobmedida_15anos_exclusivo-Mans\u00e3odasEstrelas-J\u00faliaRangel-by_Ivana_Beaumond-7.jpg\"><img decoding=\"async\" loading=\"lazy\" class=\"aligncenter size-large wp-image-14970\" src=\"http:\/\/www.ivanabeaumond.com.br\/vestidos-noiva\/wp-content\/uploads\/2018\/06\/Vestido-Debutante_rj-sobmedida_15anos_exclusivo-Mans\u00e3odasEstrelas-J\u00faliaRangel-by_Ivana_Beaumond-7-1024x683.jpg\" alt=\"Vestido-Debutante_rj-sobmedida_15anos_exclusivo-Mans\u00e3odasEstrelas-J\u00faliaRangel-by_Ivana_Beaumond (7)\" width=\"1024\" height=\"683\" srcset=\"https:\/\/www.ivanabeaumond.com.br\/vestidos-noiva\/wp-content\/uploads\/2018\/06\/Vestido-Debutante_rj-sobmedida_15anos_exclusivo-Mans\u00e3odasEstrelas-J\u00faliaRangel-by_Ivana_Beaumond-7-1024x683.jpg 1024w, https:\/\/www.ivanabeaumond.com.br\/vestidos-noiva\/wp-content\/uploads\/2018\/06\/Vestido-Debutante_rj-sobmedida_15anos_exclusivo-Mans\u00e3odasEstrelas-J\u00faliaRangel-by_Ivana_Beaumond-7-300x200.jpg 300w, https:\/\/www.ivanabeaumond.com.br\/vestidos-noiva\/wp-content\/uploads\/2018\/06\/Vestido-Debutante_rj-sobmedida_15anos_exclusivo-Mans\u00e3odasEstrelas-J\u00faliaRangel-by_Ivana_Beaumond-7-480x320.jpg 480w, https:\/\/www.ivanabeaumond.com.br\/vestidos-noiva\/wp-content\/uploads\/2018\/06\/Vestido-Debutante_rj-sobmedida_15anos_exclusivo-Mans\u00e3odasEstrelas-J\u00faliaRangel-by_Ivana_Beaumond-7.jpg 1708w\" sizes=\"(max-width: 1024px) 100vw, 1024px\" \/><\/a><\/p>\n","protected":false},"excerpt":{"rendered":"<p>J\u00falia Rangel nasceu para ser plen\u00edssima. Em frente \u00e0s c\u00e2meras,&#8230;<\/p>\n","protected":false},"author":4,"featured_media":15156,"comment_status":"closed","ping_status":"closed","sticky":false,"template":"","format":"standard","meta":[],"categories":[128],"tags":[219,220,203,204,133,216,226,229,228,173,197,209,230,100,223,225,205,107,201,232,224,231,221,207,227,206,222],"yoast_head":"<!-- This site is optimized with the Yoast SEO plugin v20.3 - https:\/\/yoast.com\/wordpress\/plugins\/seo\/ -->\n<title>Julia Rangel com seu Vestido Exclusivo Sob medida by IVANA BEAUMOND, mat\u00e9ria INESQUEC\u00cdVEL 15 ANOS... - Vestido de Noiva RJ<\/title>\n<meta name=\"robots\" content=\"index, follow, max-snippet:-1, max-image-preview:large, max-video-preview:-1\" \/>\n<link rel=\"canonical\" href=\"https:\/\/www.ivanabeaumond.com.br\/vestidos-noiva\/julia-rangel-com-seu-vestido-exclusivo-sob-medida-by-ivana-beaumond-materia-inesquecivel-15-anos\/\" \/>\n<meta property=\"og:locale\" content=\"pt_BR\" \/>\n<meta property=\"og:type\" content=\"article\" \/>\n<meta property=\"og:title\" content=\"Julia Rangel com seu Vestido Exclusivo Sob medida by IVANA BEAUMOND, mat\u00e9ria INESQUEC\u00cdVEL 15 ANOS... - Vestido de Noiva RJ\" \/>\n<meta property=\"og:description\" content=\"J\u00falia Rangel nasceu para ser plen\u00edssima. Em frente \u00e0s c\u00e2meras,...\" \/>\n<meta property=\"og:url\" content=\"https:\/\/www.ivanabeaumond.com.br\/vestidos-noiva\/julia-rangel-com-seu-vestido-exclusivo-sob-medida-by-ivana-beaumond-materia-inesquecivel-15-anos\/\" \/>\n<meta property=\"og:site_name\" content=\"Vestido de Noiva RJ\" \/>\n<meta property=\"article:publisher\" content=\"https:\/\/www.facebook.com\/ivana.beaumondnoivas\" \/>\n<meta property=\"article:published_time\" content=\"2018-08-01T21:39:15+00:00\" \/>\n<meta property=\"article:modified_time\" content=\"2018-08-02T21:39:51+00:00\" \/>\n<meta property=\"og:image\" content=\"https:\/\/www.ivanabeaumond.com.br\/vestidos-noiva\/wp-content\/uploads\/2018\/08\/Vestido-Debutante_rj-sobmedida_15anos_exclusivo-Mans\u00e3odasEstrelas-J\u00faliaRangel-by_Ivana_Beaumond-6.jpg\" \/>\n\t<meta property=\"og:image:width\" content=\"768\" \/>\n\t<meta property=\"og:image:height\" content=\"512\" \/>\n\t<meta property=\"og:image:type\" content=\"image\/jpeg\" \/>\n<meta name=\"author\" content=\"Ivana Beaumond Paris\" \/>\n<meta name=\"twitter:card\" content=\"summary_large_image\" \/>\n<meta name=\"twitter:label1\" content=\"Escrito por\" \/>\n\t<meta name=\"twitter:data1\" content=\"Ivana Beaumond Paris\" \/>\n\t<meta name=\"twitter:label2\" content=\"Est. tempo de leitura\" \/>\n\t<meta name=\"twitter:data2\" content=\"1 minuto\" \/>\n<script type=\"application\/ld+json\" class=\"yoast-schema-graph\">{\"@context\":\"https:\/\/schema.org\",\"@graph\":[{\"@type\":\"Article\",\"@id\":\"https:\/\/www.ivanabeaumond.com.br\/vestidos-noiva\/julia-rangel-com-seu-vestido-exclusivo-sob-medida-by-ivana-beaumond-materia-inesquecivel-15-anos\/#article\",\"isPartOf\":{\"@id\":\"https:\/\/www.ivanabeaumond.com.br\/vestidos-noiva\/julia-rangel-com-seu-vestido-exclusivo-sob-medida-by-ivana-beaumond-materia-inesquecivel-15-anos\/\"},\"author\":{\"name\":\"Ivana Beaumond Paris\",\"@id\":\"https:\/\/www.ivanabeaumond.com.br\/vestidos-noiva\/#\/schema\/person\/1a360c4cffa3b806d29a456389dcff26\"},\"headline\":\"Julia Rangel com seu Vestido Exclusivo Sob medida by IVANA BEAUMOND, mat\u00e9ria INESQUEC\u00cdVEL 15 ANOS&#8230;\",\"datePublished\":\"2018-08-01T21:39:15+00:00\",\"dateModified\":\"2018-08-02T21:39:51+00:00\",\"mainEntityOfPage\":{\"@id\":\"https:\/\/www.ivanabeaumond.com.br\/vestidos-noiva\/julia-rangel-com-seu-vestido-exclusivo-sob-medida-by-ivana-beaumond-materia-inesquecivel-15-anos\/\"},\"wordCount\":128,\"publisher\":{\"@id\":\"https:\/\/www.ivanabeaumond.com.br\/vestidos-noiva\/#organization\"},\"keywords\":[\"15anos\",\"anivers\u00e1riode15anos\",\"atelier\",\"atelieraltacostura\",\"atelierivanabeaumond\",\"brides\",\"debutando\",\"debutante\",\"debutanteriodejaneiro\",\"debutantes\",\"diainesquecivel\",\"dress\",\"euamodebutar\",\"festa\",\"festade15anos\",\"inaugura\u00e7\u00e3o\",\"itanhanga\",\"ivanabeaumond\",\"lojanova\",\"maedebutante\",\"m\u00e3ededebutante\",\"meudia\",\"paidebutante\",\"paris\",\"princess\",\"tijuca\",\"vestidosdefesta\"],\"articleSection\":[\"Na M\u00eddia\"],\"inLanguage\":\"pt-BR\"},{\"@type\":\"WebPage\",\"@id\":\"https:\/\/www.ivanabeaumond.com.br\/vestidos-noiva\/julia-rangel-com-seu-vestido-exclusivo-sob-medida-by-ivana-beaumond-materia-inesquecivel-15-anos\/\",\"url\":\"https:\/\/www.ivanabeaumond.com.br\/vestidos-noiva\/julia-rangel-com-seu-vestido-exclusivo-sob-medida-by-ivana-beaumond-materia-inesquecivel-15-anos\/\",\"name\":\"Julia Rangel com seu Vestido Exclusivo Sob medida by IVANA BEAUMOND, mat\u00e9ria INESQUEC\u00cdVEL 15 ANOS... - Vestido de Noiva RJ\",\"isPartOf\":{\"@id\":\"https:\/\/www.ivanabeaumond.com.br\/vestidos-noiva\/#website\"},\"datePublished\":\"2018-08-01T21:39:15+00:00\",\"dateModified\":\"2018-08-02T21:39:51+00:00\",\"breadcrumb\":{\"@id\":\"https:\/\/www.ivanabeaumond.com.br\/vestidos-noiva\/julia-rangel-com-seu-vestido-exclusivo-sob-medida-by-ivana-beaumond-materia-inesquecivel-15-anos\/#breadcrumb\"},\"inLanguage\":\"pt-BR\",\"potentialAction\":[{\"@type\":\"ReadAction\",\"target\":[\"https:\/\/www.ivanabeaumond.com.br\/vestidos-noiva\/julia-rangel-com-seu-vestido-exclusivo-sob-medida-by-ivana-beaumond-materia-inesquecivel-15-anos\/\"]}]},{\"@type\":\"BreadcrumbList\",\"@id\":\"https:\/\/www.ivanabeaumond.com.br\/vestidos-noiva\/julia-rangel-com-seu-vestido-exclusivo-sob-medida-by-ivana-beaumond-materia-inesquecivel-15-anos\/#breadcrumb\",\"itemListElement\":[{\"@type\":\"ListItem\",\"position\":1,\"name\":\"In\u00edcio\",\"item\":\"https:\/\/www.ivanabeaumond.com.br\/vestidos-noiva\/\"},{\"@type\":\"ListItem\",\"position\":2,\"name\":\"Julia Rangel com seu Vestido Exclusivo Sob medida by IVANA BEAUMOND, mat\u00e9ria INESQUEC\u00cdVEL 15 ANOS&#8230;\"}]},{\"@type\":\"WebSite\",\"@id\":\"https:\/\/www.ivanabeaumond.com.br\/vestidos-noiva\/#website\",\"url\":\"https:\/\/www.ivanabeaumond.com.br\/vestidos-noiva\/\",\"name\":\"Vestido de Noiva RJ\",\"description\":\"Moda Noiva\",\"publisher\":{\"@id\":\"https:\/\/www.ivanabeaumond.com.br\/vestidos-noiva\/#organization\"},\"potentialAction\":[{\"@type\":\"SearchAction\",\"target\":{\"@type\":\"EntryPoint\",\"urlTemplate\":\"https:\/\/www.ivanabeaumond.com.br\/vestidos-noiva\/?s={search_term_string}\"},\"query-input\":\"required name=search_term_string\"}],\"inLanguage\":\"pt-BR\"},{\"@type\":\"Organization\",\"@id\":\"https:\/\/www.ivanabeaumond.com.br\/vestidos-noiva\/#organization\",\"name\":\"Vestido de Noiva RJ\",\"url\":\"https:\/\/www.ivanabeaumond.com.br\/vestidos-noiva\/\",\"logo\":{\"@type\":\"ImageObject\",\"inLanguage\":\"pt-BR\",\"@id\":\"https:\/\/www.ivanabeaumond.com.br\/vestidos-noiva\/#\/schema\/logo\/image\/\",\"url\":\"https:\/\/www.ivanabeaumond.com.br\/vestidos-noiva\/wp-content\/uploads\/2018\/02\/logo_ivana_beaumond-2.png\",\"contentUrl\":\"https:\/\/www.ivanabeaumond.com.br\/vestidos-noiva\/wp-content\/uploads\/2018\/02\/logo_ivana_beaumond-2.png\",\"width\":230,\"height\":112,\"caption\":\"Vestido de Noiva RJ\"},\"image\":{\"@id\":\"https:\/\/www.ivanabeaumond.com.br\/vestidos-noiva\/#\/schema\/logo\/image\/\"},\"sameAs\":[\"https:\/\/www.facebook.com\/ivana.beaumondnoivas\",\"https:\/\/www.instagram.com\/ivanabeaumond\/\",\"https:\/\/www.tiktok.com\/@ivanabeaumond\"]},{\"@type\":\"Person\",\"@id\":\"https:\/\/www.ivanabeaumond.com.br\/vestidos-noiva\/#\/schema\/person\/1a360c4cffa3b806d29a456389dcff26\",\"name\":\"Ivana Beaumond Paris\",\"image\":{\"@type\":\"ImageObject\",\"inLanguage\":\"pt-BR\",\"@id\":\"https:\/\/www.ivanabeaumond.com.br\/vestidos-noiva\/#\/schema\/person\/image\/\",\"url\":\"https:\/\/secure.gravatar.com\/avatar\/641f98db20b53ec937ceb641db4270b9?s=96&d=mm&r=g\",\"contentUrl\":\"https:\/\/secure.gravatar.com\/avatar\/641f98db20b53ec937ceb641db4270b9?s=96&d=mm&r=g\",\"caption\":\"Ivana Beaumond Paris\"},\"url\":\"https:\/\/www.ivanabeaumond.com.br\/vestidos-noiva\/author\/ivana\/\"}]}<\/script>\n<!-- \/ Yoast SEO plugin. -->","yoast_head_json":{"title":"Julia Rangel com seu Vestido Exclusivo Sob medida by IVANA BEAUMOND, mat\u00e9ria INESQUEC\u00cdVEL 15 ANOS... - Vestido de Noiva RJ","robots":{"index":"index","follow":"follow","max-snippet":"max-snippet:-1","max-image-preview":"max-image-preview:large","max-video-preview":"max-video-preview:-1"},"canonical":"https:\/\/www.ivanabeaumond.com.br\/vestidos-noiva\/julia-rangel-com-seu-vestido-exclusivo-sob-medida-by-ivana-beaumond-materia-inesquecivel-15-anos\/","og_locale":"pt_BR","og_type":"article","og_title":"Julia Rangel com seu Vestido Exclusivo Sob medida by IVANA BEAUMOND, mat\u00e9ria INESQUEC\u00cdVEL 15 ANOS... - Vestido de Noiva RJ","og_description":"J\u00falia Rangel nasceu para ser plen\u00edssima. Em frente \u00e0s c\u00e2meras,...","og_url":"https:\/\/www.ivanabeaumond.com.br\/vestidos-noiva\/julia-rangel-com-seu-vestido-exclusivo-sob-medida-by-ivana-beaumond-materia-inesquecivel-15-anos\/","og_site_name":"Vestido de Noiva RJ","article_publisher":"https:\/\/www.facebook.com\/ivana.beaumondnoivas","article_published_time":"2018-08-01T21:39:15+00:00","article_modified_time":"2018-08-02T21:39:51+00:00","og_image":[{"width":768,"height":512,"url":"https:\/\/www.ivanabeaumond.com.br\/vestidos-noiva\/wp-content\/uploads\/2018\/08\/Vestido-Debutante_rj-sobmedida_15anos_exclusivo-Mans\u00e3odasEstrelas-J\u00faliaRangel-by_Ivana_Beaumond-6.jpg","type":"image\/jpeg"}],"author":"Ivana Beaumond Paris","twitter_card":"summary_large_image","twitter_misc":{"Escrito por":"Ivana Beaumond Paris","Est. tempo de leitura":"1 minuto"},"schema":{"@context":"https:\/\/schema.org","@graph":[{"@type":"Article","@id":"https:\/\/www.ivanabeaumond.com.br\/vestidos-noiva\/julia-rangel-com-seu-vestido-exclusivo-sob-medida-by-ivana-beaumond-materia-inesquecivel-15-anos\/#article","isPartOf":{"@id":"https:\/\/www.ivanabeaumond.com.br\/vestidos-noiva\/julia-rangel-com-seu-vestido-exclusivo-sob-medida-by-ivana-beaumond-materia-inesquecivel-15-anos\/"},"author":{"name":"Ivana Beaumond Paris","@id":"https:\/\/www.ivanabeaumond.com.br\/vestidos-noiva\/#\/schema\/person\/1a360c4cffa3b806d29a456389dcff26"},"headline":"Julia Rangel com seu Vestido Exclusivo Sob medida by IVANA BEAUMOND, mat\u00e9ria INESQUEC\u00cdVEL 15 ANOS&#8230;","datePublished":"2018-08-01T21:39:15+00:00","dateModified":"2018-08-02T21:39:51+00:00","mainEntityOfPage":{"@id":"https:\/\/www.ivanabeaumond.com.br\/vestidos-noiva\/julia-rangel-com-seu-vestido-exclusivo-sob-medida-by-ivana-beaumond-materia-inesquecivel-15-anos\/"},"wordCount":128,"publisher":{"@id":"https:\/\/www.ivanabeaumond.com.br\/vestidos-noiva\/#organization"},"keywords":["15anos","anivers\u00e1riode15anos","atelier","atelieraltacostura","atelierivanabeaumond","brides","debutando","debutante","debutanteriodejaneiro","debutantes","diainesquecivel","dress","euamodebutar","festa","festade15anos","inaugura\u00e7\u00e3o","itanhanga","ivanabeaumond","lojanova","maedebutante","m\u00e3ededebutante","meudia","paidebutante","paris","princess","tijuca","vestidosdefesta"],"articleSection":["Na M\u00eddia"],"inLanguage":"pt-BR"},{"@type":"WebPage","@id":"https:\/\/www.ivanabeaumond.com.br\/vestidos-noiva\/julia-rangel-com-seu-vestido-exclusivo-sob-medida-by-ivana-beaumond-materia-inesquecivel-15-anos\/","url":"https:\/\/www.ivanabeaumond.com.br\/vestidos-noiva\/julia-rangel-com-seu-vestido-exclusivo-sob-medida-by-ivana-beaumond-materia-inesquecivel-15-anos\/","name":"Julia Rangel com seu Vestido Exclusivo Sob medida by IVANA BEAUMOND, mat\u00e9ria INESQUEC\u00cdVEL 15 ANOS... - Vestido de Noiva RJ","isPartOf":{"@id":"https:\/\/www.ivanabeaumond.com.br\/vestidos-noiva\/#website"},"datePublished":"2018-08-01T21:39:15+00:00","dateModified":"2018-08-02T21:39:51+00:00","breadcrumb":{"@id":"https:\/\/www.ivanabeaumond.com.br\/vestidos-noiva\/julia-rangel-com-seu-vestido-exclusivo-sob-medida-by-ivana-beaumond-materia-inesquecivel-15-anos\/#breadcrumb"},"inLanguage":"pt-BR","potentialAction":[{"@type":"ReadAction","target":["https:\/\/www.ivanabeaumond.com.br\/vestidos-noiva\/julia-rangel-com-seu-vestido-exclusivo-sob-medida-by-ivana-beaumond-materia-inesquecivel-15-anos\/"]}]},{"@type":"BreadcrumbList","@id":"https:\/\/www.ivanabeaumond.com.br\/vestidos-noiva\/julia-rangel-com-seu-vestido-exclusivo-sob-medida-by-ivana-beaumond-materia-inesquecivel-15-anos\/#breadcrumb","itemListElement":[{"@type":"ListItem","position":1,"name":"In\u00edcio","item":"https:\/\/www.ivanabeaumond.com.br\/vestidos-noiva\/"},{"@type":"ListItem","position":2,"name":"Julia Rangel com seu Vestido Exclusivo Sob medida by IVANA BEAUMOND, mat\u00e9ria INESQUEC\u00cdVEL 15 ANOS&#8230;"}]},{"@type":"WebSite","@id":"https:\/\/www.ivanabeaumond.com.br\/vestidos-noiva\/#website","url":"https:\/\/www.ivanabeaumond.com.br\/vestidos-noiva\/","name":"Vestido de Noiva RJ","description":"Moda Noiva","publisher":{"@id":"https:\/\/www.ivanabeaumond.com.br\/vestidos-noiva\/#organization"},"potentialAction":[{"@type":"SearchAction","target":{"@type":"EntryPoint","urlTemplate":"https:\/\/www.ivanabeaumond.com.br\/vestidos-noiva\/?s={search_term_string}"},"query-input":"required name=search_term_string"}],"inLanguage":"pt-BR"},{"@type":"Organization","@id":"https:\/\/www.ivanabeaumond.com.br\/vestidos-noiva\/#organization","name":"Vestido de Noiva RJ","url":"https:\/\/www.ivanabeaumond.com.br\/vestidos-noiva\/","logo":{"@type":"ImageObject","inLanguage":"pt-BR","@id":"https:\/\/www.ivanabeaumond.com.br\/vestidos-noiva\/#\/schema\/logo\/image\/","url":"https:\/\/www.ivanabeaumond.com.br\/vestidos-noiva\/wp-content\/uploads\/2018\/02\/logo_ivana_beaumond-2.png","contentUrl":"https:\/\/www.ivanabeaumond.com.br\/vestidos-noiva\/wp-content\/uploads\/2018\/02\/logo_ivana_beaumond-2.png","width":230,"height":112,"caption":"Vestido de Noiva RJ"},"image":{"@id":"https:\/\/www.ivanabeaumond.com.br\/vestidos-noiva\/#\/schema\/logo\/image\/"},"sameAs":["https:\/\/www.facebook.com\/ivana.beaumondnoivas","https:\/\/www.instagram.com\/ivanabeaumond\/","https:\/\/www.tiktok.com\/@ivanabeaumond"]},{"@type":"Person","@id":"https:\/\/www.ivanabeaumond.com.br\/vestidos-noiva\/#\/schema\/person\/1a360c4cffa3b806d29a456389dcff26","name":"Ivana Beaumond Paris","image":{"@type":"ImageObject","inLanguage":"pt-BR","@id":"https:\/\/www.ivanabeaumond.com.br\/vestidos-noiva\/#\/schema\/person\/image\/","url":"https:\/\/secure.gravatar.com\/avatar\/641f98db20b53ec937ceb641db4270b9?s=96&d=mm&r=g","contentUrl":"https:\/\/secure.gravatar.com\/avatar\/641f98db20b53ec937ceb641db4270b9?s=96&d=mm&r=g","caption":"Ivana Beaumond Paris"},"url":"https:\/\/www.ivanabeaumond.com.br\/vestidos-noiva\/author\/ivana\/"}]}},"_links":{"self":[{"href":"https:\/\/www.ivanabeaumond.com.br\/vestidos-noiva\/wp-json\/wp\/v2\/posts\/15154"}],"collection":[{"href":"https:\/\/www.ivanabeaumond.com.br\/vestidos-noiva\/wp-json\/wp\/v2\/posts"}],"about":[{"href":"https:\/\/www.ivanabeaumond.com.br\/vestidos-noiva\/wp-json\/wp\/v2\/types\/post"}],"author":[{"embeddable":true,"href":"https:\/\/www.ivanabeaumond.com.br\/vestidos-noiva\/wp-json\/wp\/v2\/users\/4"}],"replies":[{"embeddable":true,"href":"https:\/\/www.ivanabeaumond.com.br\/vestidos-noiva\/wp-json\/wp\/v2\/comments?post=15154"}],"version-history":[{"count":4,"href":"https:\/\/www.ivanabeaumond.com.br\/vestidos-noiva\/wp-json\/wp\/v2\/posts\/15154\/revisions"}],"predecessor-version":[{"id":15159,"href":"https:\/\/www.ivanabeaumond.com.br\/vestidos-noiva\/wp-json\/wp\/v2\/posts\/15154\/revisions\/15159"}],"wp:featuredmedia":[{"embeddable":true,"href":"https:\/\/www.ivanabeaumond.com.br\/vestidos-noiva\/wp-json\/wp\/v2\/media\/15156"}],"wp:attachment":[{"href":"https:\/\/www.ivanabeaumond.com.br\/vestidos-noiva\/wp-json\/wp\/v2\/media?parent=15154"}],"wp:term":[{"taxonomy":"category","embeddable":true,"href":"https:\/\/www.ivanabeaumond.com.br\/vestidos-noiva\/wp-json\/wp\/v2\/categories?post=15154"},{"taxonomy":"post_tag","embeddable":true,"href":"https:\/\/www.ivanabeaumond.com.br\/vestidos-noiva\/wp-json\/wp\/v2\/tags?post=15154"}],"curies":[{"name":"wp","href":"https:\/\/api.w.org\/{rel}","templated":true}]}}