{"id":15282,"date":"2018-08-20T18:29:41","date_gmt":"2018-08-20T21:29:41","guid":{"rendered":"http:\/\/www.ivanabeaumond.com.br\/vestidos-noiva\/?p=15282"},"modified":"2018-08-24T17:32:53","modified_gmt":"2018-08-24T20:32:53","slug":"mangas-para-seu-vestido-de-noiva","status":"publish","type":"post","link":"https:\/\/www.ivanabeaumond.com.br\/vestidos-noiva\/mangas-para-seu-vestido-de-noiva\/","title":{"rendered":"Mangas para seu Vestido de Noiva&#8230;"},"content":{"rendered":"<h4 style=\"text-align: justify;\"><span style=\"color: #999999;\">Se voc\u00ea n\u00e3o optou por um tomara que caia, certamente j\u00e1 parou pra pensar que precisa de uma manga que complemente o vestido de Noiva dos seus sonhos. Op\u00e7\u00f5es que trazem a promessa n\u00e3o s\u00f3 de personalizar o look de acordo com o seu gosto, como tamb\u00e9m de casar bem com todos os estilos de casamento e esta\u00e7\u00f5es do ano.\u00a0<\/span><\/h4>\n<h4 style=\"text-align: justify;\"><span style=\"color: #ffffff;\">&#8211;<\/span><\/h4>\n<h4 style=\"text-align: justify;\"><span style=\"color: #999999;\">1. MANGA LONGA<\/span><\/h4>\n<h4 style=\"text-align: justify;\"><span style=\"color: #999999;\">Apesar de poder ser utilizada em todas as esta\u00e7\u00f5es do ano, com certeza \u00e9 uma \u00f3tima op\u00e7\u00e3o se voc\u00ea pretende casar quando o calor ceder lugar ao friozinho. A manga longa voltou com tudo no ano passado e continua sendo tend\u00eancia para o pr\u00f3ximo \u2013 principalmente entre as mais cl\u00e1ssicas e tradicionais. E mais: \u00e9\u00a0<em>match<\/em>\u00a0perfeito com quase todos os modelos para o vestido de Noiva!<\/span><\/h4>\n<p><a href=\"http:\/\/www.ivanabeaumond.com.br\/vestidos-noiva\/wp-content\/uploads\/2018\/08\/Mangas-para-seu-Vestido-de-Noiva-Blog_casamento-casar-IvanaBeaumondParis-3.jpg\"><img decoding=\"async\" loading=\"lazy\" class=\"aligncenter size-large wp-image-15285\" src=\"http:\/\/www.ivanabeaumond.com.br\/vestidos-noiva\/wp-content\/uploads\/2018\/08\/Mangas-para-seu-Vestido-de-Noiva-Blog_casamento-casar-IvanaBeaumondParis-3-819x1024.jpg\" alt=\"Mangas-para-seu-Vestido-de-Noiva-Blog_casamento-casar-IvanaBeaumondParis (3)\" width=\"819\" height=\"1024\" srcset=\"https:\/\/www.ivanabeaumond.com.br\/vestidos-noiva\/wp-content\/uploads\/2018\/08\/Mangas-para-seu-Vestido-de-Noiva-Blog_casamento-casar-IvanaBeaumondParis-3-819x1024.jpg 819w, https:\/\/www.ivanabeaumond.com.br\/vestidos-noiva\/wp-content\/uploads\/2018\/08\/Mangas-para-seu-Vestido-de-Noiva-Blog_casamento-casar-IvanaBeaumondParis-3-240x300.jpg 240w, https:\/\/www.ivanabeaumond.com.br\/vestidos-noiva\/wp-content\/uploads\/2018\/08\/Mangas-para-seu-Vestido-de-Noiva-Blog_casamento-casar-IvanaBeaumondParis-3.jpg 1536w\" sizes=\"(max-width: 819px) 100vw, 819px\" \/><\/a><\/p>\n<h4 style=\"text-align: justify;\"><span style=\"color: #999999;\">DICA:\u00a0\u2022 No inverno, invista em:\u00a0forros e tramas mais fechadas \u2022 No ver\u00e3o, invista em:\u00a0renda e tule<\/span><\/h4>\n<p><span style=\"color: #ffffff;\">&#8211;<\/span><\/p>\n<p><span style=\"color: #ffffff;\">&#8211;<\/span><\/p>\n<p>&nbsp;<\/p>\n<h4 style=\"text-align: justify;\"><span style=\"color: #ffffff;\">&#8211;<\/span><\/h4>\n<h4 style=\"text-align: justify;\"><span style=\"color: #999999;\">2. MANGA \u00be<\/span><\/h4>\n<h4 style=\"text-align: justify;\"><span style=\"color: #999999;\">Semelhante \u00e0 manga longa, a \u00be \u00e9 aquela que vai at\u00e9 o cotovelo (ou um pouco abaixo). S\u00e3o ideais para as esta\u00e7\u00f5es que n\u00e3o t\u00eam dias nem t\u00e3o frios, nem t\u00e3o quentes e aposta certa de eleg\u00e2ncia!<\/span><\/h4>\n<p><a href=\"http:\/\/www.ivanabeaumond.com.br\/vestidos-noiva\/wp-content\/uploads\/2018\/08\/Mangas-para-seu-Vestido-de-Noiva-Blog_casamento-casar-IvanaBeaumondParis-1.jpg\"><img decoding=\"async\" loading=\"lazy\" class=\"aligncenter size-full wp-image-15283\" src=\"http:\/\/www.ivanabeaumond.com.br\/vestidos-noiva\/wp-content\/uploads\/2018\/08\/Mangas-para-seu-Vestido-de-Noiva-Blog_casamento-casar-IvanaBeaumondParis-1.jpg\" alt=\"Mangas-para-seu-Vestido-de-Noiva-Blog_casamento-casar-IvanaBeaumondParis (1)\" width=\"703\" height=\"907\" srcset=\"https:\/\/www.ivanabeaumond.com.br\/vestidos-noiva\/wp-content\/uploads\/2018\/08\/Mangas-para-seu-Vestido-de-Noiva-Blog_casamento-casar-IvanaBeaumondParis-1.jpg 703w, https:\/\/www.ivanabeaumond.com.br\/vestidos-noiva\/wp-content\/uploads\/2018\/08\/Mangas-para-seu-Vestido-de-Noiva-Blog_casamento-casar-IvanaBeaumondParis-1-233x300.jpg 233w\" sizes=\"(max-width: 703px) 100vw, 703px\" \/><\/a><\/p>\n<p><span style=\"color: #ffffff;\">&#8211;<\/span><\/p>\n<p><span style=\"color: #ffffff;\">&#8211;<\/span><\/p>\n<p>&nbsp;<\/p>\n<h4 style=\"text-align: justify;\"><span style=\"color: #ffffff;\">&#8211;<\/span><\/h4>\n<h4 style=\"text-align: justify;\"><span style=\"color: #999999;\">3. MANGA CURTA<\/span><\/h4>\n<h4 style=\"text-align: justify;\"><span style=\"color: #999999;\">A manga curta fica entre o ombro e o cotovelo e, assim como a longa, al\u00e9m de fazer muito sucesso no wedding world, tamb\u00e9m combina com qualquer tipo de noiva e de vestido.<\/span><\/h4>\n<p><a href=\"http:\/\/www.ivanabeaumond.com.br\/vestidos-noiva\/wp-content\/uploads\/2018\/08\/Mangas-para-seu-Vestido-de-Noiva-Blog_casamento-casar-IvanaBeaumondParis-2.jpg\"><img decoding=\"async\" loading=\"lazy\" class=\"aligncenter size-full wp-image-15284\" src=\"http:\/\/www.ivanabeaumond.com.br\/vestidos-noiva\/wp-content\/uploads\/2018\/08\/Mangas-para-seu-Vestido-de-Noiva-Blog_casamento-casar-IvanaBeaumondParis-2.jpg\" alt=\"Mangas-para-seu-Vestido-de-Noiva-Blog_casamento-casar-IvanaBeaumondParis (2)\" width=\"703\" height=\"907\" srcset=\"https:\/\/www.ivanabeaumond.com.br\/vestidos-noiva\/wp-content\/uploads\/2018\/08\/Mangas-para-seu-Vestido-de-Noiva-Blog_casamento-casar-IvanaBeaumondParis-2.jpg 703w, https:\/\/www.ivanabeaumond.com.br\/vestidos-noiva\/wp-content\/uploads\/2018\/08\/Mangas-para-seu-Vestido-de-Noiva-Blog_casamento-casar-IvanaBeaumondParis-2-233x300.jpg 233w\" sizes=\"(max-width: 703px) 100vw, 703px\" \/><\/a><\/p>\n<h4 style=\"text-align: justify;\"><span style=\"color: #999999;\">DICA:\u00a0para quem quer cobrir uma parte dos bra\u00e7os, \u00f3tima op\u00e7\u00e3o!<\/span><\/h4>\n<p><span style=\"color: #ffffff;\">&#8211;<\/span><\/p>\n<p><span style=\"color: #ffffff;\">&#8211;<\/span><\/p>\n<p><span style=\"color: #ffffff;\">&#8211;<\/span><\/p>\n<div class=\"post_content_holder\">\n<div class=\"post_text\">\n<h4><span style=\"color: #999999;\">Gostou? Siga nosso instagram\u00a0<span style=\"color: #0000ff;\"><a style=\"color: #0000ff;\" href=\"https:\/\/www.instagram.com\/ivanabeaumond\/\">@ivanabeaumond<\/a><\/span>\u00a0e curta nossa fanpage\u00a0<span style=\"color: #0000ff;\"><a style=\"color: #0000ff;\" href=\"https:\/\/www.facebook.com\/IvanaBeaumond\/\">Ivana Beaumond<\/a><\/span>\u00a0e fique por dentro de tudo o que rola no mundo das noivas e conhe\u00e7a nossos Melhores Modelos de Vestidos de Noivas Nacionais, Importados e Sob Medida.<\/span><\/h4>\n<\/div>\n<\/div>\n<div class=\"single_tags\"><\/div>\n","protected":false},"excerpt":{"rendered":"<p>Se voc\u00ea n\u00e3o optou por um tomara que caia, certamente&#8230;<\/p>\n","protected":false},"author":4,"featured_media":15287,"comment_status":"closed","ping_status":"closed","sticky":false,"template":"","format":"standard","meta":[],"categories":[127],"tags":[203,204,215,133,216,217,96,195,196,160,197,209,214,202,205,107,201,164,212,213,207,208,199,206,200,198,211,210],"yoast_head":"<!-- This site is optimized with the Yoast SEO plugin v20.3 - https:\/\/yoast.com\/wordpress\/plugins\/seo\/ -->\n<title>Mangas para seu Vestido de Noiva... - Vestido de Noiva RJ<\/title>\n<meta name=\"robots\" content=\"index, follow, max-snippet:-1, max-image-preview:large, max-video-preview:-1\" \/>\n<link rel=\"canonical\" href=\"https:\/\/www.ivanabeaumond.com.br\/vestidos-noiva\/mangas-para-seu-vestido-de-noiva\/\" \/>\n<meta property=\"og:locale\" content=\"pt_BR\" \/>\n<meta property=\"og:type\" content=\"article\" \/>\n<meta property=\"og:title\" content=\"Mangas para seu Vestido de Noiva... - Vestido de Noiva RJ\" \/>\n<meta property=\"og:description\" content=\"Se voc\u00ea n\u00e3o optou por um tomara que caia, certamente...\" \/>\n<meta property=\"og:url\" content=\"https:\/\/www.ivanabeaumond.com.br\/vestidos-noiva\/mangas-para-seu-vestido-de-noiva\/\" \/>\n<meta property=\"og:site_name\" content=\"Vestido de Noiva RJ\" \/>\n<meta property=\"article:publisher\" content=\"https:\/\/www.facebook.com\/ivana.beaumondnoivas\" \/>\n<meta property=\"article:published_time\" content=\"2018-08-20T21:29:41+00:00\" \/>\n<meta property=\"article:modified_time\" content=\"2018-08-24T20:32:53+00:00\" \/>\n<meta property=\"og:image\" content=\"https:\/\/www.ivanabeaumond.com.br\/vestidos-noiva\/wp-content\/uploads\/2018\/08\/Mangas-para-seu-Vestido-de-Noiva-Blog_casamento-casar-IvanaBeaumondParis-4.jpg\" \/>\n\t<meta property=\"og:image:width\" content=\"800\" \/>\n\t<meta property=\"og:image:height\" content=\"500\" \/>\n\t<meta property=\"og:image:type\" content=\"image\/jpeg\" \/>\n<meta name=\"author\" content=\"Ivana Beaumond Paris\" \/>\n<meta name=\"twitter:card\" content=\"summary_large_image\" \/>\n<meta name=\"twitter:label1\" content=\"Escrito por\" \/>\n\t<meta name=\"twitter:data1\" content=\"Ivana Beaumond Paris\" \/>\n\t<meta name=\"twitter:label2\" content=\"Est. tempo de leitura\" \/>\n\t<meta name=\"twitter:data2\" content=\"1 minuto\" \/>\n<script type=\"application\/ld+json\" class=\"yoast-schema-graph\">{\"@context\":\"https:\/\/schema.org\",\"@graph\":[{\"@type\":\"Article\",\"@id\":\"https:\/\/www.ivanabeaumond.com.br\/vestidos-noiva\/mangas-para-seu-vestido-de-noiva\/#article\",\"isPartOf\":{\"@id\":\"https:\/\/www.ivanabeaumond.com.br\/vestidos-noiva\/mangas-para-seu-vestido-de-noiva\/\"},\"author\":{\"name\":\"Ivana Beaumond Paris\",\"@id\":\"https:\/\/www.ivanabeaumond.com.br\/vestidos-noiva\/#\/schema\/person\/1a360c4cffa3b806d29a456389dcff26\"},\"headline\":\"Mangas para seu Vestido de Noiva&#8230;\",\"datePublished\":\"2018-08-20T21:29:41+00:00\",\"dateModified\":\"2018-08-24T20:32:53+00:00\",\"mainEntityOfPage\":{\"@id\":\"https:\/\/www.ivanabeaumond.com.br\/vestidos-noiva\/mangas-para-seu-vestido-de-noiva\/\"},\"wordCount\":303,\"publisher\":{\"@id\":\"https:\/\/www.ivanabeaumond.com.br\/vestidos-noiva\/#organization\"},\"keywords\":[\"atelier\",\"atelieraltacostura\",\"Atelierdenoiva\",\"atelierivanabeaumond\",\"brides\",\"bridesmaids\",\"casamento\",\"CasamentosRJ\",\"Casando\",\"daminhas\",\"diainesquecivel\",\"dress\",\"euamocasamento\",\"follow4follow\",\"itanhanga\",\"ivanabeaumond\",\"lojanova\",\"noivas\",\"noivasriodejaneiro\",\"noivasrj\",\"paris\",\"rosaclara\",\"sobmedidanoiva\",\"tijuca\",\"VestidoDeNoivaRJ\",\"vestidosdenoivas\",\"wedding\",\"weddingdress\"],\"articleSection\":[\"Dicas e Truques\"],\"inLanguage\":\"pt-BR\"},{\"@type\":\"WebPage\",\"@id\":\"https:\/\/www.ivanabeaumond.com.br\/vestidos-noiva\/mangas-para-seu-vestido-de-noiva\/\",\"url\":\"https:\/\/www.ivanabeaumond.com.br\/vestidos-noiva\/mangas-para-seu-vestido-de-noiva\/\",\"name\":\"Mangas para seu Vestido de Noiva... - Vestido de Noiva RJ\",\"isPartOf\":{\"@id\":\"https:\/\/www.ivanabeaumond.com.br\/vestidos-noiva\/#website\"},\"datePublished\":\"2018-08-20T21:29:41+00:00\",\"dateModified\":\"2018-08-24T20:32:53+00:00\",\"breadcrumb\":{\"@id\":\"https:\/\/www.ivanabeaumond.com.br\/vestidos-noiva\/mangas-para-seu-vestido-de-noiva\/#breadcrumb\"},\"inLanguage\":\"pt-BR\",\"potentialAction\":[{\"@type\":\"ReadAction\",\"target\":[\"https:\/\/www.ivanabeaumond.com.br\/vestidos-noiva\/mangas-para-seu-vestido-de-noiva\/\"]}]},{\"@type\":\"BreadcrumbList\",\"@id\":\"https:\/\/www.ivanabeaumond.com.br\/vestidos-noiva\/mangas-para-seu-vestido-de-noiva\/#breadcrumb\",\"itemListElement\":[{\"@type\":\"ListItem\",\"position\":1,\"name\":\"In\u00edcio\",\"item\":\"https:\/\/www.ivanabeaumond.com.br\/vestidos-noiva\/\"},{\"@type\":\"ListItem\",\"position\":2,\"name\":\"Mangas para seu Vestido de Noiva&#8230;\"}]},{\"@type\":\"WebSite\",\"@id\":\"https:\/\/www.ivanabeaumond.com.br\/vestidos-noiva\/#website\",\"url\":\"https:\/\/www.ivanabeaumond.com.br\/vestidos-noiva\/\",\"name\":\"Vestido de Noiva RJ\",\"description\":\"Moda Noiva\",\"publisher\":{\"@id\":\"https:\/\/www.ivanabeaumond.com.br\/vestidos-noiva\/#organization\"},\"potentialAction\":[{\"@type\":\"SearchAction\",\"target\":{\"@type\":\"EntryPoint\",\"urlTemplate\":\"https:\/\/www.ivanabeaumond.com.br\/vestidos-noiva\/?s={search_term_string}\"},\"query-input\":\"required name=search_term_string\"}],\"inLanguage\":\"pt-BR\"},{\"@type\":\"Organization\",\"@id\":\"https:\/\/www.ivanabeaumond.com.br\/vestidos-noiva\/#organization\",\"name\":\"Vestido de Noiva RJ\",\"url\":\"https:\/\/www.ivanabeaumond.com.br\/vestidos-noiva\/\",\"logo\":{\"@type\":\"ImageObject\",\"inLanguage\":\"pt-BR\",\"@id\":\"https:\/\/www.ivanabeaumond.com.br\/vestidos-noiva\/#\/schema\/logo\/image\/\",\"url\":\"https:\/\/www.ivanabeaumond.com.br\/vestidos-noiva\/wp-content\/uploads\/2018\/02\/logo_ivana_beaumond-2.png\",\"contentUrl\":\"https:\/\/www.ivanabeaumond.com.br\/vestidos-noiva\/wp-content\/uploads\/2018\/02\/logo_ivana_beaumond-2.png\",\"width\":230,\"height\":112,\"caption\":\"Vestido de Noiva RJ\"},\"image\":{\"@id\":\"https:\/\/www.ivanabeaumond.com.br\/vestidos-noiva\/#\/schema\/logo\/image\/\"},\"sameAs\":[\"https:\/\/www.facebook.com\/ivana.beaumondnoivas\",\"https:\/\/www.instagram.com\/ivanabeaumond\/\",\"https:\/\/www.tiktok.com\/@ivanabeaumond\"]},{\"@type\":\"Person\",\"@id\":\"https:\/\/www.ivanabeaumond.com.br\/vestidos-noiva\/#\/schema\/person\/1a360c4cffa3b806d29a456389dcff26\",\"name\":\"Ivana Beaumond Paris\",\"image\":{\"@type\":\"ImageObject\",\"inLanguage\":\"pt-BR\",\"@id\":\"https:\/\/www.ivanabeaumond.com.br\/vestidos-noiva\/#\/schema\/person\/image\/\",\"url\":\"https:\/\/secure.gravatar.com\/avatar\/641f98db20b53ec937ceb641db4270b9?s=96&d=mm&r=g\",\"contentUrl\":\"https:\/\/secure.gravatar.com\/avatar\/641f98db20b53ec937ceb641db4270b9?s=96&d=mm&r=g\",\"caption\":\"Ivana Beaumond Paris\"},\"url\":\"https:\/\/www.ivanabeaumond.com.br\/vestidos-noiva\/author\/ivana\/\"}]}<\/script>\n<!-- \/ Yoast SEO plugin. -->","yoast_head_json":{"title":"Mangas para seu Vestido de Noiva... - Vestido de Noiva RJ","robots":{"index":"index","follow":"follow","max-snippet":"max-snippet:-1","max-image-preview":"max-image-preview:large","max-video-preview":"max-video-preview:-1"},"canonical":"https:\/\/www.ivanabeaumond.com.br\/vestidos-noiva\/mangas-para-seu-vestido-de-noiva\/","og_locale":"pt_BR","og_type":"article","og_title":"Mangas para seu Vestido de Noiva... - Vestido de Noiva RJ","og_description":"Se voc\u00ea n\u00e3o optou por um tomara que caia, certamente...","og_url":"https:\/\/www.ivanabeaumond.com.br\/vestidos-noiva\/mangas-para-seu-vestido-de-noiva\/","og_site_name":"Vestido de Noiva RJ","article_publisher":"https:\/\/www.facebook.com\/ivana.beaumondnoivas","article_published_time":"2018-08-20T21:29:41+00:00","article_modified_time":"2018-08-24T20:32:53+00:00","og_image":[{"width":800,"height":500,"url":"https:\/\/www.ivanabeaumond.com.br\/vestidos-noiva\/wp-content\/uploads\/2018\/08\/Mangas-para-seu-Vestido-de-Noiva-Blog_casamento-casar-IvanaBeaumondParis-4.jpg","type":"image\/jpeg"}],"author":"Ivana Beaumond Paris","twitter_card":"summary_large_image","twitter_misc":{"Escrito por":"Ivana Beaumond Paris","Est. tempo de leitura":"1 minuto"},"schema":{"@context":"https:\/\/schema.org","@graph":[{"@type":"Article","@id":"https:\/\/www.ivanabeaumond.com.br\/vestidos-noiva\/mangas-para-seu-vestido-de-noiva\/#article","isPartOf":{"@id":"https:\/\/www.ivanabeaumond.com.br\/vestidos-noiva\/mangas-para-seu-vestido-de-noiva\/"},"author":{"name":"Ivana Beaumond Paris","@id":"https:\/\/www.ivanabeaumond.com.br\/vestidos-noiva\/#\/schema\/person\/1a360c4cffa3b806d29a456389dcff26"},"headline":"Mangas para seu Vestido de Noiva&#8230;","datePublished":"2018-08-20T21:29:41+00:00","dateModified":"2018-08-24T20:32:53+00:00","mainEntityOfPage":{"@id":"https:\/\/www.ivanabeaumond.com.br\/vestidos-noiva\/mangas-para-seu-vestido-de-noiva\/"},"wordCount":303,"publisher":{"@id":"https:\/\/www.ivanabeaumond.com.br\/vestidos-noiva\/#organization"},"keywords":["atelier","atelieraltacostura","Atelierdenoiva","atelierivanabeaumond","brides","bridesmaids","casamento","CasamentosRJ","Casando","daminhas","diainesquecivel","dress","euamocasamento","follow4follow","itanhanga","ivanabeaumond","lojanova","noivas","noivasriodejaneiro","noivasrj","paris","rosaclara","sobmedidanoiva","tijuca","VestidoDeNoivaRJ","vestidosdenoivas","wedding","weddingdress"],"articleSection":["Dicas e Truques"],"inLanguage":"pt-BR"},{"@type":"WebPage","@id":"https:\/\/www.ivanabeaumond.com.br\/vestidos-noiva\/mangas-para-seu-vestido-de-noiva\/","url":"https:\/\/www.ivanabeaumond.com.br\/vestidos-noiva\/mangas-para-seu-vestido-de-noiva\/","name":"Mangas para seu Vestido de Noiva... - Vestido de Noiva RJ","isPartOf":{"@id":"https:\/\/www.ivanabeaumond.com.br\/vestidos-noiva\/#website"},"datePublished":"2018-08-20T21:29:41+00:00","dateModified":"2018-08-24T20:32:53+00:00","breadcrumb":{"@id":"https:\/\/www.ivanabeaumond.com.br\/vestidos-noiva\/mangas-para-seu-vestido-de-noiva\/#breadcrumb"},"inLanguage":"pt-BR","potentialAction":[{"@type":"ReadAction","target":["https:\/\/www.ivanabeaumond.com.br\/vestidos-noiva\/mangas-para-seu-vestido-de-noiva\/"]}]},{"@type":"BreadcrumbList","@id":"https:\/\/www.ivanabeaumond.com.br\/vestidos-noiva\/mangas-para-seu-vestido-de-noiva\/#breadcrumb","itemListElement":[{"@type":"ListItem","position":1,"name":"In\u00edcio","item":"https:\/\/www.ivanabeaumond.com.br\/vestidos-noiva\/"},{"@type":"ListItem","position":2,"name":"Mangas para seu Vestido de Noiva&#8230;"}]},{"@type":"WebSite","@id":"https:\/\/www.ivanabeaumond.com.br\/vestidos-noiva\/#website","url":"https:\/\/www.ivanabeaumond.com.br\/vestidos-noiva\/","name":"Vestido de Noiva RJ","description":"Moda Noiva","publisher":{"@id":"https:\/\/www.ivanabeaumond.com.br\/vestidos-noiva\/#organization"},"potentialAction":[{"@type":"SearchAction","target":{"@type":"EntryPoint","urlTemplate":"https:\/\/www.ivanabeaumond.com.br\/vestidos-noiva\/?s={search_term_string}"},"query-input":"required name=search_term_string"}],"inLanguage":"pt-BR"},{"@type":"Organization","@id":"https:\/\/www.ivanabeaumond.com.br\/vestidos-noiva\/#organization","name":"Vestido de Noiva RJ","url":"https:\/\/www.ivanabeaumond.com.br\/vestidos-noiva\/","logo":{"@type":"ImageObject","inLanguage":"pt-BR","@id":"https:\/\/www.ivanabeaumond.com.br\/vestidos-noiva\/#\/schema\/logo\/image\/","url":"https:\/\/www.ivanabeaumond.com.br\/vestidos-noiva\/wp-content\/uploads\/2018\/02\/logo_ivana_beaumond-2.png","contentUrl":"https:\/\/www.ivanabeaumond.com.br\/vestidos-noiva\/wp-content\/uploads\/2018\/02\/logo_ivana_beaumond-2.png","width":230,"height":112,"caption":"Vestido de Noiva RJ"},"image":{"@id":"https:\/\/www.ivanabeaumond.com.br\/vestidos-noiva\/#\/schema\/logo\/image\/"},"sameAs":["https:\/\/www.facebook.com\/ivana.beaumondnoivas","https:\/\/www.instagram.com\/ivanabeaumond\/","https:\/\/www.tiktok.com\/@ivanabeaumond"]},{"@type":"Person","@id":"https:\/\/www.ivanabeaumond.com.br\/vestidos-noiva\/#\/schema\/person\/1a360c4cffa3b806d29a456389dcff26","name":"Ivana Beaumond Paris","image":{"@type":"ImageObject","inLanguage":"pt-BR","@id":"https:\/\/www.ivanabeaumond.com.br\/vestidos-noiva\/#\/schema\/person\/image\/","url":"https:\/\/secure.gravatar.com\/avatar\/641f98db20b53ec937ceb641db4270b9?s=96&d=mm&r=g","contentUrl":"https:\/\/secure.gravatar.com\/avatar\/641f98db20b53ec937ceb641db4270b9?s=96&d=mm&r=g","caption":"Ivana Beaumond Paris"},"url":"https:\/\/www.ivanabeaumond.com.br\/vestidos-noiva\/author\/ivana\/"}]}},"_links":{"self":[{"href":"https:\/\/www.ivanabeaumond.com.br\/vestidos-noiva\/wp-json\/wp\/v2\/posts\/15282"}],"collection":[{"href":"https:\/\/www.ivanabeaumond.com.br\/vestidos-noiva\/wp-json\/wp\/v2\/posts"}],"about":[{"href":"https:\/\/www.ivanabeaumond.com.br\/vestidos-noiva\/wp-json\/wp\/v2\/types\/post"}],"author":[{"embeddable":true,"href":"https:\/\/www.ivanabeaumond.com.br\/vestidos-noiva\/wp-json\/wp\/v2\/users\/4"}],"replies":[{"embeddable":true,"href":"https:\/\/www.ivanabeaumond.com.br\/vestidos-noiva\/wp-json\/wp\/v2\/comments?post=15282"}],"version-history":[{"count":3,"href":"https:\/\/www.ivanabeaumond.com.br\/vestidos-noiva\/wp-json\/wp\/v2\/posts\/15282\/revisions"}],"predecessor-version":[{"id":15291,"href":"https:\/\/www.ivanabeaumond.com.br\/vestidos-noiva\/wp-json\/wp\/v2\/posts\/15282\/revisions\/15291"}],"wp:featuredmedia":[{"embeddable":true,"href":"https:\/\/www.ivanabeaumond.com.br\/vestidos-noiva\/wp-json\/wp\/v2\/media\/15287"}],"wp:attachment":[{"href":"https:\/\/www.ivanabeaumond.com.br\/vestidos-noiva\/wp-json\/wp\/v2\/media?parent=15282"}],"wp:term":[{"taxonomy":"category","embeddable":true,"href":"https:\/\/www.ivanabeaumond.com.br\/vestidos-noiva\/wp-json\/wp\/v2\/categories?post=15282"},{"taxonomy":"post_tag","embeddable":true,"href":"https:\/\/www.ivanabeaumond.com.br\/vestidos-noiva\/wp-json\/wp\/v2\/tags?post=15282"}],"curies":[{"name":"wp","href":"https:\/\/api.w.org\/{rel}","templated":true}]}}