{"id":15294,"date":"2018-08-30T16:24:08","date_gmt":"2018-08-30T19:24:08","guid":{"rendered":"http:\/\/www.ivanabeaumond.com.br\/vestidos-noiva\/?p=15294"},"modified":"2020-08-25T16:29:04","modified_gmt":"2020-08-25T19:29:04","slug":"debutando-com-rachel-boechat","status":"publish","type":"post","link":"https:\/\/www.ivanabeaumond.com.br\/vestidos-noiva\/debutando-com-rachel-boechat\/","title":{"rendered":"Debutando com Rachel Boechat&#8230;"},"content":{"rendered":"<h4 style=\"text-align: justify;\"><span style=\"color: #999999;\"><strong>Rachel Boechat e sua linda festa de 15 anos! A Princesa escolheu seus looks no Atelier IVANA BEAUMOND Paris para celebrar essa data \u00fanica. Os vestidos escolhidos pela Debutante s\u00e3o realmente divinos: Um curto dourado com preto, todo bordado. J\u00e1 para o longo, no tom de azul formando desenhos assim\u00e9tricos e valorizando a silhueta da Aniversariante.\u00a0 Rachel\u00a0divou no Vestido Debutante Dourado longo, digno de Princesa, seu vestido com pedraria aplicados \u00e0 m\u00e3o, reinou no meio do sal\u00e3o, decorado e bel\u00edssimo produzido. Sua m\u00e3e, Maria de F\u00e1tima, celebrou cada minuto deste dia, com um de nossos modelos by IVANA BEAUMOND Paris, mais justo, nos tons de azul claro, com transpar\u00eancia e bordados.\u00a0 A festa foi inesquec\u00edvel, sofisticada e embalada\u00a0ao som do MC Leozinho e\u00a0Roboled Original.<\/strong><\/span><\/h4>\n<h4 style=\"text-align: center;\"><span style=\"color: #999999;\"><strong>Confira abaixo, alguns momentos dos 15 Anos da Debutante Rachel Boechat, registrados por Guto Ribas Fotografia:<\/strong><\/span><\/h4>\n<h4 style=\"text-align: justify;\"><\/h4>\n<h4 style=\"text-align: justify;\"><a href=\"http:\/\/www.ivanabeaumond.com.br\/vestidos-noiva\/wp-content\/uploads\/2018\/09\/Debutante-Rachel-Veste-Ivana-Beaumond-9.jpg\"><img decoding=\"async\" loading=\"lazy\" class=\"aligncenter size-full wp-image-15412\" src=\"http:\/\/www.ivanabeaumond.com.br\/vestidos-noiva\/wp-content\/uploads\/2018\/09\/Debutante-Rachel-Veste-Ivana-Beaumond-9.jpg\" alt=\"Debutante Rachel Veste Ivana Beaumond (9)\" width=\"850\" height=\"567\" srcset=\"https:\/\/www.ivanabeaumond.com.br\/vestidos-noiva\/wp-content\/uploads\/2018\/09\/Debutante-Rachel-Veste-Ivana-Beaumond-9.jpg 850w, https:\/\/www.ivanabeaumond.com.br\/vestidos-noiva\/wp-content\/uploads\/2018\/09\/Debutante-Rachel-Veste-Ivana-Beaumond-9-300x200.jpg 300w, https:\/\/www.ivanabeaumond.com.br\/vestidos-noiva\/wp-content\/uploads\/2018\/09\/Debutante-Rachel-Veste-Ivana-Beaumond-9-480x320.jpg 480w\" sizes=\"(max-width: 850px) 100vw, 850px\" \/><\/a><\/h4>\n<h4 style=\"text-align: justify;\"><span style=\"color: #ffffff;\">&#8211;<\/span><\/h4>\n<p><span style=\"color: #ffffff;\">&#8211;<\/span><\/p>\n<h4 style=\"text-align: justify;\"><span style=\"color: #999999;\">FICHA T\u00c9CNICA:<\/span><br \/>\n<span style=\"color: #999999;\"> Fotos &#8211;\u00a0Guto Ribas Fotografia\u00a0|\u00a0Atra\u00e7\u00f5es: MC Leozinho e\u00a0Roboled Original\u00a0|\u00a0Vestido &#8211; IVANA BEAUMOND Paris.<br \/>\n<\/span><\/h4>\n<style id=\"bwg-style-0\">    #bwg_container1_0 #bwg_container2_0 .bwg-container-0.bwg-standard-thumbnails {      width: 904px;              justify-content: center;        margin:0 auto !important;              background-color: rgba(255, 255, 255, 0.00);            padding-left: 4px;      padding-top: 4px;      max-width: 100%;            }        #bwg_container1_0 #bwg_container2_0 .bwg-container-0.bwg-standard-thumbnails .bwg-item {    justify-content: flex-start;      max-width: 180px;            width: 180px !important;          }    #bwg_container1_0 #bwg_container2_0 .bwg-container-0.bwg-standard-thumbnails .bwg-item a {       margin-right: 4px;       margin-bottom: 4px;    }    #bwg_container1_0 #bwg_container2_0 .bwg-container-0.bwg-standard-thumbnails .bwg-item0 {      padding: 0px;            background-color:rgba(255,255,255, 0.30);      border: 0px none #CCCCCC;      opacity: 1.00;      border-radius: 0;      box-shadow: 0px 0px 0px #888888;    }    #bwg_container1_0 #bwg_container2_0 .bwg-container-0.bwg-standard-thumbnails .bwg-item1 img {      max-height: none;      max-width: none;      padding: 0 !important;    }        @media only screen and (min-width: 480px) {      #bwg_container1_0 #bwg_container2_0 .bwg-container-0.bwg-standard-thumbnails .bwg-item0 {        transition: all 0.3s ease 0s;-webkit-transition: all 0.3s ease 0s;      }      #bwg_container1_0 #bwg_container2_0 .bwg-container-0.bwg-standard-thumbnails .bwg-item0:hover {        -ms-transform: scale(1.1);        -webkit-transform: scale(1.1);        transform: scale(1.1);      }    }          #bwg_container1_0 #bwg_container2_0 .bwg-container-0.bwg-standard-thumbnails .bwg-item1 {      padding-top: 50%;    }        #bwg_container1_0 #bwg_container2_0 .bwg-container-0.bwg-standard-thumbnails .bwg-title2,    #bwg_container1_0 #bwg_container2_0 .bwg-container-0.bwg-standard-thumbnails .bwg-ecommerce2 {      color: #CCCCCC;      font-family: segoe ui;      font-size: 16px;      font-weight: bold;      padding: 2px;      text-shadow: 0px 0px 0px #888888;      max-height: 100%;    }    #bwg_container1_0 #bwg_container2_0 .bwg-container-0.bwg-standard-thumbnails .bwg-thumb-description span {    color: #323A45;    font-family: Ubuntu;    font-size: 12px;    max-height: 100%;    word-wrap: break-word;    }    #bwg_container1_0 #bwg_container2_0 .bwg-container-0.bwg-standard-thumbnails .bwg-play-icon2 {      font-size: 32px;    }    #bwg_container1_0 #bwg_container2_0 .bwg-container-0.bwg-standard-thumbnails .bwg-ecommerce2 {      font-size: 19.2px;      color: #CCCCCC;    }    <\/style>    <div id=\"bwg_container1_0\"         class=\"bwg_container bwg_thumbnail bwg_thumbnails \"         data-right-click-protection=\"0\"         data-bwg=\"0\"         data-scroll=\"0\"         data-gallery-type=\"thumbnails\"         data-gallery-view-type=\"thumbnails\"         data-current-url=\"\/vestidos-noiva\/wp-json\/wp\/v2\/posts\/15294\"         data-lightbox-url=\"https:\/\/www.ivanabeaumond.com.br\/vestidos-noiva\/wp-admin\/admin-ajax.php?action=GalleryBox&#038;current_view=0&#038;gallery_id=63&#038;tag=0&#038;theme_id=1&#038;shortcode_id=242&#038;sort_by=order&#038;order_by=asc&#038;current_url=%2Fvestidos-noiva%2Fwp-json%2Fwp%2Fv2%2Fposts%2F15294\"         data-gallery-id=\"63\"         data-popup-width=\"600\"         data-popup-height=\"600\"         data-is-album=\"gallery\"         data-buttons-position=\"bottom\">      <div id=\"bwg_container2_0\">             <div id=\"ajax_loading_0\" class=\"bwg_loading_div_1\">      <div class=\"bwg_loading_div_2\">        <div class=\"bwg_loading_div_3\">          <div id=\"loading_div_0\" class=\"bwg_spider_ajax_loading\">          <\/div>        <\/div>      <\/div>    <\/div>            <form id=\"gal_front_form_0\"              class=\"bwg-hidden\"              method=\"post\"              action=\"#\"              data-current=\"0\"              data-shortcode-id=\"242\"              data-gallery-type=\"thumbnails\"              data-gallery-id=\"63\"              data-tag=\"0\"              data-album-id=\"0\"              data-theme-id=\"1\"              data-ajax-url=\"https:\/\/www.ivanabeaumond.com.br\/vestidos-noiva\/wp-admin\/admin-ajax.php?action=bwg_frontend_data\">          <div id=\"bwg_container3_0\" class=\"bwg-background bwg-background-0\">                <div data-max-count=\"5\"         data-thumbnail-width=\"180\"         data-bwg=\"0\"         data-gallery-id=\"63\"         data-lightbox-url=\"https:\/\/www.ivanabeaumond.com.br\/vestidos-noiva\/wp-admin\/admin-ajax.php?action=GalleryBox&amp;current_view=0&amp;gallery_id=63&amp;tag=0&amp;theme_id=1&amp;shortcode_id=242&amp;sort_by=order&amp;order_by=asc&amp;current_url=%2Fvestidos-noiva%2Fwp-json%2Fwp%2Fv2%2Fposts%2F15294\"         id=\"bwg_thumbnails_0\"         class=\"bwg-container-0 bwg-thumbnails bwg-standard-thumbnails bwg-container bwg-border-box\">            <div class=\"bwg-item\">        <a class=\"bwg-a  bwg_lightbox\"  data-image-id=\"1258\" href=\"https:\/\/www.ivanabeaumond.com.br\/vestidos-noiva\/wp-content\/uploads\/photo-gallery\/Debutante%20Rachel%20Veste%20Ivana%20Beaumond%20(6).jpg\" data-elementor-open-lightbox=\"no\">                <div class=\"bwg-item0 \">          <div class=\"bwg-item1 \">            <div class=\"bwg-item2\">              <img class=\"skip-lazy bwg_standart_thumb_img_0 \"                   data-id=\"1258\"                   data-width=\"\"                   data-height=\"\"                   data-src=\"https:\/\/www.ivanabeaumond.com.br\/vestidos-noiva\/wp-content\/uploads\/photo-gallery\/thumb\/Debutante%20Rachel%20Veste%20Ivana%20Beaumond%20(6).jpg\"                   src=\"https:\/\/www.ivanabeaumond.com.br\/vestidos-noiva\/wp-content\/uploads\/photo-gallery\/thumb\/Debutante%20Rachel%20Veste%20Ivana%20Beaumond%20(6).jpg\"                   alt=\"Debutante Rachel Veste Ivana Beaumond (6)\"                   title=\"Debutante Rachel Veste Ivana Beaumond (6)\" \/>            <\/div>            <div class=\"\">                                                      <\/div>          <\/div>        <\/div>                        <\/a>              <\/div>            <div class=\"bwg-item\">        <a class=\"bwg-a  bwg_lightbox\"  data-image-id=\"1257\" href=\"https:\/\/www.ivanabeaumond.com.br\/vestidos-noiva\/wp-content\/uploads\/photo-gallery\/Debutante%20Rachel%20Veste%20Ivana%20Beaumond%20(5).jpg\" data-elementor-open-lightbox=\"no\">                <div class=\"bwg-item0 \">          <div class=\"bwg-item1 \">            <div class=\"bwg-item2\">              <img class=\"skip-lazy bwg_standart_thumb_img_0 \"                   data-id=\"1257\"                   data-width=\"\"                   data-height=\"\"                   data-src=\"https:\/\/www.ivanabeaumond.com.br\/vestidos-noiva\/wp-content\/uploads\/photo-gallery\/thumb\/Debutante%20Rachel%20Veste%20Ivana%20Beaumond%20(5).jpg\"                   src=\"https:\/\/www.ivanabeaumond.com.br\/vestidos-noiva\/wp-content\/uploads\/photo-gallery\/thumb\/Debutante%20Rachel%20Veste%20Ivana%20Beaumond%20(5).jpg\"                   alt=\"Debutante Rachel Veste Ivana Beaumond (5)\"                   title=\"Debutante Rachel Veste Ivana Beaumond (5)\" \/>            <\/div>            <div class=\"\">                                                      <\/div>          <\/div>        <\/div>                        <\/a>              <\/div>            <div class=\"bwg-item\">        <a class=\"bwg-a  bwg_lightbox\"  data-image-id=\"1256\" href=\"https:\/\/www.ivanabeaumond.com.br\/vestidos-noiva\/wp-content\/uploads\/photo-gallery\/Debutante%20Rachel%20Veste%20Ivana%20Beaumond%20(3).jpg\" data-elementor-open-lightbox=\"no\">                <div class=\"bwg-item0 \">          <div class=\"bwg-item1 \">            <div class=\"bwg-item2\">              <img class=\"skip-lazy bwg_standart_thumb_img_0 \"                   data-id=\"1256\"                   data-width=\"\"                   data-height=\"\"                   data-src=\"https:\/\/www.ivanabeaumond.com.br\/vestidos-noiva\/wp-content\/uploads\/photo-gallery\/thumb\/Debutante%20Rachel%20Veste%20Ivana%20Beaumond%20(3).jpg\"                   src=\"https:\/\/www.ivanabeaumond.com.br\/vestidos-noiva\/wp-content\/uploads\/photo-gallery\/thumb\/Debutante%20Rachel%20Veste%20Ivana%20Beaumond%20(3).jpg\"                   alt=\"Debutante Rachel Veste Ivana Beaumond (3)\"                   title=\"Debutante Rachel Veste Ivana Beaumond (3)\" \/>            <\/div>            <div class=\"\">                                                      <\/div>          <\/div>        <\/div>                        <\/a>              <\/div>            <div class=\"bwg-item\">        <a class=\"bwg-a  bwg_lightbox\"  data-image-id=\"1255\" href=\"https:\/\/www.ivanabeaumond.com.br\/vestidos-noiva\/wp-content\/uploads\/photo-gallery\/Debutante%20Rachel%20Veste%20Ivana%20Beaumond%20(4).jpg\" data-elementor-open-lightbox=\"no\">                <div class=\"bwg-item0 \">          <div class=\"bwg-item1 \">            <div class=\"bwg-item2\">              <img class=\"skip-lazy bwg_standart_thumb_img_0 \"                   data-id=\"1255\"                   data-width=\"\"                   data-height=\"\"                   data-src=\"https:\/\/www.ivanabeaumond.com.br\/vestidos-noiva\/wp-content\/uploads\/photo-gallery\/thumb\/Debutante%20Rachel%20Veste%20Ivana%20Beaumond%20(4).jpg\"                   src=\"https:\/\/www.ivanabeaumond.com.br\/vestidos-noiva\/wp-content\/uploads\/photo-gallery\/thumb\/Debutante%20Rachel%20Veste%20Ivana%20Beaumond%20(4).jpg\"                   alt=\"Debutante Rachel Veste Ivana Beaumond (4)\"                   title=\"Debutante Rachel Veste Ivana Beaumond (4)\" \/>            <\/div>            <div class=\"\">                                                      <\/div>          <\/div>        <\/div>                        <\/a>              <\/div>            <div class=\"bwg-item\">        <a class=\"bwg-a  bwg_lightbox\"  data-image-id=\"1254\" href=\"https:\/\/www.ivanabeaumond.com.br\/vestidos-noiva\/wp-content\/uploads\/photo-gallery\/Debutante%20Rachel%20Veste%20Ivana%20Beaumond%20(35).jpg\" data-elementor-open-lightbox=\"no\">                <div class=\"bwg-item0 \">          <div class=\"bwg-item1 \">            <div class=\"bwg-item2\">              <img class=\"skip-lazy bwg_standart_thumb_img_0 \"                   data-id=\"1254\"                   data-width=\"\"                   data-height=\"\"                   data-src=\"https:\/\/www.ivanabeaumond.com.br\/vestidos-noiva\/wp-content\/uploads\/photo-gallery\/thumb\/Debutante%20Rachel%20Veste%20Ivana%20Beaumond%20(35).jpg\"                   src=\"https:\/\/www.ivanabeaumond.com.br\/vestidos-noiva\/wp-content\/uploads\/photo-gallery\/thumb\/Debutante%20Rachel%20Veste%20Ivana%20Beaumond%20(35).jpg\"                   alt=\"Debutante Rachel Veste Ivana Beaumond (35)\"                   title=\"Debutante Rachel Veste Ivana Beaumond (35)\" \/>            <\/div>            <div class=\"\">                                                      <\/div>          <\/div>        <\/div>                        <\/a>              <\/div>            <div class=\"bwg-item\">        <a class=\"bwg-a  bwg_lightbox\"  data-image-id=\"1253\" href=\"https:\/\/www.ivanabeaumond.com.br\/vestidos-noiva\/wp-content\/uploads\/photo-gallery\/Debutante%20Rachel%20Veste%20Ivana%20Beaumond%20(22).jpg\" data-elementor-open-lightbox=\"no\">                <div class=\"bwg-item0 \">          <div class=\"bwg-item1 \">            <div class=\"bwg-item2\">              <img class=\"skip-lazy bwg_standart_thumb_img_0 \"                   data-id=\"1253\"                   data-width=\"\"                   data-height=\"\"                   data-src=\"https:\/\/www.ivanabeaumond.com.br\/vestidos-noiva\/wp-content\/uploads\/photo-gallery\/thumb\/Debutante%20Rachel%20Veste%20Ivana%20Beaumond%20(22).jpg\"                   src=\"https:\/\/www.ivanabeaumond.com.br\/vestidos-noiva\/wp-content\/uploads\/photo-gallery\/thumb\/Debutante%20Rachel%20Veste%20Ivana%20Beaumond%20(22).jpg\"                   alt=\"Debutante Rachel Veste Ivana Beaumond (22)\"                   title=\"Debutante Rachel Veste Ivana Beaumond (22)\" \/>            <\/div>            <div class=\"\">                                                      <\/div>          <\/div>        <\/div>                        <\/a>              <\/div>            <div class=\"bwg-item\">        <a class=\"bwg-a  bwg_lightbox\"  data-image-id=\"1252\" href=\"https:\/\/www.ivanabeaumond.com.br\/vestidos-noiva\/wp-content\/uploads\/photo-gallery\/Debutante%20Rachel%20Veste%20Ivana%20Beaumond%20(15).jpg\" data-elementor-open-lightbox=\"no\">                <div class=\"bwg-item0 \">          <div class=\"bwg-item1 \">            <div class=\"bwg-item2\">              <img class=\"skip-lazy bwg_standart_thumb_img_0 \"                   data-id=\"1252\"                   data-width=\"\"                   data-height=\"\"                   data-src=\"https:\/\/www.ivanabeaumond.com.br\/vestidos-noiva\/wp-content\/uploads\/photo-gallery\/thumb\/Debutante%20Rachel%20Veste%20Ivana%20Beaumond%20(15).jpg\"                   src=\"https:\/\/www.ivanabeaumond.com.br\/vestidos-noiva\/wp-content\/uploads\/photo-gallery\/thumb\/Debutante%20Rachel%20Veste%20Ivana%20Beaumond%20(15).jpg\"                   alt=\"Debutante Rachel Veste Ivana Beaumond (15)\"                   title=\"Debutante Rachel Veste Ivana Beaumond (15)\" \/>            <\/div>            <div class=\"\">                                                      <\/div>          <\/div>        <\/div>                        <\/a>              <\/div>            <div class=\"bwg-item\">        <a class=\"bwg-a  bwg_lightbox\"  data-image-id=\"1250\" href=\"https:\/\/www.ivanabeaumond.com.br\/vestidos-noiva\/wp-content\/uploads\/photo-gallery\/Debutante%20Rachel%20Veste%20Ivana%20Beaumond%20(32).jpg\" data-elementor-open-lightbox=\"no\">                <div class=\"bwg-item0 \">          <div class=\"bwg-item1 \">            <div class=\"bwg-item2\">              <img class=\"skip-lazy bwg_standart_thumb_img_0 \"                   data-id=\"1250\"                   data-width=\"\"                   data-height=\"\"                   data-src=\"https:\/\/www.ivanabeaumond.com.br\/vestidos-noiva\/wp-content\/uploads\/photo-gallery\/thumb\/Debutante%20Rachel%20Veste%20Ivana%20Beaumond%20(32).jpg\"                   src=\"https:\/\/www.ivanabeaumond.com.br\/vestidos-noiva\/wp-content\/uploads\/photo-gallery\/thumb\/Debutante%20Rachel%20Veste%20Ivana%20Beaumond%20(32).jpg\"                   alt=\"Debutante Rachel Veste Ivana Beaumond (32)\"                   title=\"Debutante Rachel Veste Ivana Beaumond (32)\" \/>            <\/div>            <div class=\"\">                                                      <\/div>          <\/div>        <\/div>                        <\/a>              <\/div>            <div class=\"bwg-item\">        <a class=\"bwg-a  bwg_lightbox\"  data-image-id=\"1249\" href=\"https:\/\/www.ivanabeaumond.com.br\/vestidos-noiva\/wp-content\/uploads\/photo-gallery\/Debutante%20Rachel%20Veste%20Ivana%20Beaumond%20(14).jpg\" data-elementor-open-lightbox=\"no\">                <div class=\"bwg-item0 \">          <div class=\"bwg-item1 \">            <div class=\"bwg-item2\">              <img class=\"skip-lazy bwg_standart_thumb_img_0 \"                   data-id=\"1249\"                   data-width=\"\"                   data-height=\"\"                   data-src=\"https:\/\/www.ivanabeaumond.com.br\/vestidos-noiva\/wp-content\/uploads\/photo-gallery\/thumb\/Debutante%20Rachel%20Veste%20Ivana%20Beaumond%20(14).jpg\"                   src=\"https:\/\/www.ivanabeaumond.com.br\/vestidos-noiva\/wp-content\/uploads\/photo-gallery\/thumb\/Debutante%20Rachel%20Veste%20Ivana%20Beaumond%20(14).jpg\"                   alt=\"Debutante Rachel Veste Ivana Beaumond (14)\"                   title=\"Debutante Rachel Veste Ivana Beaumond (14)\" \/>            <\/div>            <div class=\"\">                                                      <\/div>          <\/div>        <\/div>                        <\/a>              <\/div>            <div class=\"bwg-item\">        <a class=\"bwg-a  bwg_lightbox\"  data-image-id=\"1248\" href=\"https:\/\/www.ivanabeaumond.com.br\/vestidos-noiva\/wp-content\/uploads\/photo-gallery\/Debutante%20Rachel%20Veste%20Ivana%20Beaumond%20(12).jpg\" data-elementor-open-lightbox=\"no\">                <div class=\"bwg-item0 \">          <div class=\"bwg-item1 \">            <div class=\"bwg-item2\">              <img class=\"skip-lazy bwg_standart_thumb_img_0 \"                   data-id=\"1248\"                   data-width=\"\"                   data-height=\"\"                   data-src=\"https:\/\/www.ivanabeaumond.com.br\/vestidos-noiva\/wp-content\/uploads\/photo-gallery\/thumb\/Debutante%20Rachel%20Veste%20Ivana%20Beaumond%20(12).jpg\"                   src=\"https:\/\/www.ivanabeaumond.com.br\/vestidos-noiva\/wp-content\/uploads\/photo-gallery\/thumb\/Debutante%20Rachel%20Veste%20Ivana%20Beaumond%20(12).jpg\"                   alt=\"Debutante Rachel Veste Ivana Beaumond (12)\"                   title=\"Debutante Rachel Veste Ivana Beaumond (12)\" \/>            <\/div>            <div class=\"\">                                                      <\/div>          <\/div>        <\/div>                        <\/a>              <\/div>            <div class=\"bwg-item\">        <a class=\"bwg-a  bwg_lightbox\"  data-image-id=\"1247\" href=\"https:\/\/www.ivanabeaumond.com.br\/vestidos-noiva\/wp-content\/uploads\/photo-gallery\/Debutante%20Rachel%20Veste%20Ivana%20Beaumond%20(31).jpg\" data-elementor-open-lightbox=\"no\">                <div class=\"bwg-item0 \">          <div class=\"bwg-item1 \">            <div class=\"bwg-item2\">              <img class=\"skip-lazy bwg_standart_thumb_img_0 \"                   data-id=\"1247\"                   data-width=\"\"                   data-height=\"\"                   data-src=\"https:\/\/www.ivanabeaumond.com.br\/vestidos-noiva\/wp-content\/uploads\/photo-gallery\/thumb\/Debutante%20Rachel%20Veste%20Ivana%20Beaumond%20(31).jpg\"                   src=\"https:\/\/www.ivanabeaumond.com.br\/vestidos-noiva\/wp-content\/uploads\/photo-gallery\/thumb\/Debutante%20Rachel%20Veste%20Ivana%20Beaumond%20(31).jpg\"                   alt=\"Debutante Rachel Veste Ivana Beaumond (31)\"                   title=\"Debutante Rachel Veste Ivana Beaumond (31)\" \/>            <\/div>            <div class=\"\">                                                      <\/div>          <\/div>        <\/div>                        <\/a>              <\/div>            <div class=\"bwg-item\">        <a class=\"bwg-a  bwg_lightbox\"  data-image-id=\"1246\" href=\"https:\/\/www.ivanabeaumond.com.br\/vestidos-noiva\/wp-content\/uploads\/photo-gallery\/Debutante%20Rachel%20Veste%20Ivana%20Beaumond%20(24).jpg\" data-elementor-open-lightbox=\"no\">                <div class=\"bwg-item0 \">          <div class=\"bwg-item1 \">            <div class=\"bwg-item2\">              <img class=\"skip-lazy bwg_standart_thumb_img_0 \"                   data-id=\"1246\"                   data-width=\"\"                   data-height=\"\"                   data-src=\"https:\/\/www.ivanabeaumond.com.br\/vestidos-noiva\/wp-content\/uploads\/photo-gallery\/thumb\/Debutante%20Rachel%20Veste%20Ivana%20Beaumond%20(24).jpg\"                   src=\"https:\/\/www.ivanabeaumond.com.br\/vestidos-noiva\/wp-content\/uploads\/photo-gallery\/thumb\/Debutante%20Rachel%20Veste%20Ivana%20Beaumond%20(24).jpg\"                   alt=\"Debutante Rachel Veste Ivana Beaumond (24)\"                   title=\"Debutante Rachel Veste Ivana Beaumond (24)\" \/>            <\/div>            <div class=\"\">                                                      <\/div>          <\/div>        <\/div>                        <\/a>              <\/div>            <div class=\"bwg-item\">        <a class=\"bwg-a  bwg_lightbox\"  data-image-id=\"1245\" href=\"https:\/\/www.ivanabeaumond.com.br\/vestidos-noiva\/wp-content\/uploads\/photo-gallery\/Debutante%20Rachel%20Veste%20Ivana%20Beaumond%20(39).jpg\" data-elementor-open-lightbox=\"no\">                <div class=\"bwg-item0 \">          <div class=\"bwg-item1 \">            <div class=\"bwg-item2\">              <img class=\"skip-lazy bwg_standart_thumb_img_0 \"                   data-id=\"1245\"                   data-width=\"\"                   data-height=\"\"                   data-src=\"https:\/\/www.ivanabeaumond.com.br\/vestidos-noiva\/wp-content\/uploads\/photo-gallery\/thumb\/Debutante%20Rachel%20Veste%20Ivana%20Beaumond%20(39).jpg\"                   src=\"https:\/\/www.ivanabeaumond.com.br\/vestidos-noiva\/wp-content\/uploads\/photo-gallery\/thumb\/Debutante%20Rachel%20Veste%20Ivana%20Beaumond%20(39).jpg\"                   alt=\"Debutante Rachel Veste Ivana Beaumond (39)\"                   title=\"Debutante Rachel Veste Ivana Beaumond (39)\" \/>            <\/div>            <div class=\"\">                                                      <\/div>          <\/div>        <\/div>                        <\/a>              <\/div>            <div class=\"bwg-item\">        <a class=\"bwg-a  bwg_lightbox\"  data-image-id=\"1243\" href=\"https:\/\/www.ivanabeaumond.com.br\/vestidos-noiva\/wp-content\/uploads\/photo-gallery\/Debutante%20Rachel%20Veste%20Ivana%20Beaumond%20(46).jpg\" data-elementor-open-lightbox=\"no\">                <div class=\"bwg-item0 \">          <div class=\"bwg-item1 \">            <div class=\"bwg-item2\">              <img class=\"skip-lazy bwg_standart_thumb_img_0 \"                   data-id=\"1243\"                   data-width=\"\"                   data-height=\"\"                   data-src=\"https:\/\/www.ivanabeaumond.com.br\/vestidos-noiva\/wp-content\/uploads\/photo-gallery\/thumb\/Debutante%20Rachel%20Veste%20Ivana%20Beaumond%20(46).jpg\"                   src=\"https:\/\/www.ivanabeaumond.com.br\/vestidos-noiva\/wp-content\/uploads\/photo-gallery\/thumb\/Debutante%20Rachel%20Veste%20Ivana%20Beaumond%20(46).jpg\"                   alt=\"Debutante Rachel Veste Ivana Beaumond (46)\"                   title=\"Debutante Rachel Veste Ivana Beaumond (46)\" \/>            <\/div>            <div class=\"\">                                                      <\/div>          <\/div>        <\/div>                        <\/a>              <\/div>            <div class=\"bwg-item\">        <a class=\"bwg-a  bwg_lightbox\"  data-image-id=\"1242\" href=\"https:\/\/www.ivanabeaumond.com.br\/vestidos-noiva\/wp-content\/uploads\/photo-gallery\/Debutante%20Rachel%20Veste%20Ivana%20Beaumond%20(45).jpg\" data-elementor-open-lightbox=\"no\">                <div class=\"bwg-item0 \">          <div class=\"bwg-item1 \">            <div class=\"bwg-item2\">              <img class=\"skip-lazy bwg_standart_thumb_img_0 \"                   data-id=\"1242\"                   data-width=\"\"                   data-height=\"\"                   data-src=\"https:\/\/www.ivanabeaumond.com.br\/vestidos-noiva\/wp-content\/uploads\/photo-gallery\/thumb\/Debutante%20Rachel%20Veste%20Ivana%20Beaumond%20(45).jpg\"                   src=\"https:\/\/www.ivanabeaumond.com.br\/vestidos-noiva\/wp-content\/uploads\/photo-gallery\/thumb\/Debutante%20Rachel%20Veste%20Ivana%20Beaumond%20(45).jpg\"                   alt=\"Debutante Rachel Veste Ivana Beaumond (45)\"                   title=\"Debutante Rachel Veste Ivana Beaumond (45)\" \/>            <\/div>            <div class=\"\">                                                      <\/div>          <\/div>        <\/div>                        <\/a>              <\/div>            <div class=\"bwg-item\">        <a class=\"bwg-a  bwg_lightbox\"  data-image-id=\"1241\" href=\"https:\/\/www.ivanabeaumond.com.br\/vestidos-noiva\/wp-content\/uploads\/photo-gallery\/Debutante%20Rachel%20Veste%20Ivana%20Beaumond%20(44).jpg\" data-elementor-open-lightbox=\"no\">                <div class=\"bwg-item0 \">          <div class=\"bwg-item1 \">            <div class=\"bwg-item2\">              <img class=\"skip-lazy bwg_standart_thumb_img_0 \"                   data-id=\"1241\"                   data-width=\"\"                   data-height=\"\"                   data-src=\"https:\/\/www.ivanabeaumond.com.br\/vestidos-noiva\/wp-content\/uploads\/photo-gallery\/thumb\/Debutante%20Rachel%20Veste%20Ivana%20Beaumond%20(44).jpg\"                   src=\"https:\/\/www.ivanabeaumond.com.br\/vestidos-noiva\/wp-content\/uploads\/photo-gallery\/thumb\/Debutante%20Rachel%20Veste%20Ivana%20Beaumond%20(44).jpg\"                   alt=\"Debutante Rachel Veste Ivana Beaumond (44)\"                   title=\"Debutante Rachel Veste Ivana Beaumond (44)\" \/>            <\/div>            <div class=\"\">                                                      <\/div>          <\/div>        <\/div>                        <\/a>              <\/div>            <div class=\"bwg-item\">        <a class=\"bwg-a  bwg_lightbox\"  data-image-id=\"1240\" href=\"https:\/\/www.ivanabeaumond.com.br\/vestidos-noiva\/wp-content\/uploads\/photo-gallery\/Debutante%20Rachel%20Veste%20Ivana%20Beaumond%20(43).jpg\" data-elementor-open-lightbox=\"no\">                <div class=\"bwg-item0 \">          <div class=\"bwg-item1 \">            <div class=\"bwg-item2\">              <img class=\"skip-lazy bwg_standart_thumb_img_0 \"                   data-id=\"1240\"                   data-width=\"\"                   data-height=\"\"                   data-src=\"https:\/\/www.ivanabeaumond.com.br\/vestidos-noiva\/wp-content\/uploads\/photo-gallery\/thumb\/Debutante%20Rachel%20Veste%20Ivana%20Beaumond%20(43).jpg\"                   src=\"https:\/\/www.ivanabeaumond.com.br\/vestidos-noiva\/wp-content\/uploads\/photo-gallery\/thumb\/Debutante%20Rachel%20Veste%20Ivana%20Beaumond%20(43).jpg\"                   alt=\"Debutante Rachel Veste Ivana Beaumond (43)\"                   title=\"Debutante Rachel Veste Ivana Beaumond (43)\" \/>            <\/div>            <div class=\"\">                                                      <\/div>          <\/div>        <\/div>                        <\/a>              <\/div>            <div class=\"bwg-item\">        <a class=\"bwg-a  bwg_lightbox\"  data-image-id=\"1239\" href=\"https:\/\/www.ivanabeaumond.com.br\/vestidos-noiva\/wp-content\/uploads\/photo-gallery\/Debutante%20Rachel%20Veste%20Ivana%20Beaumond%20(41).jpg\" data-elementor-open-lightbox=\"no\">                <div class=\"bwg-item0 \">          <div class=\"bwg-item1 \">            <div class=\"bwg-item2\">              <img class=\"skip-lazy bwg_standart_thumb_img_0 \"                   data-id=\"1239\"                   data-width=\"\"                   data-height=\"\"                   data-src=\"https:\/\/www.ivanabeaumond.com.br\/vestidos-noiva\/wp-content\/uploads\/photo-gallery\/thumb\/Debutante%20Rachel%20Veste%20Ivana%20Beaumond%20(41).jpg\"                   src=\"https:\/\/www.ivanabeaumond.com.br\/vestidos-noiva\/wp-content\/uploads\/photo-gallery\/thumb\/Debutante%20Rachel%20Veste%20Ivana%20Beaumond%20(41).jpg\"                   alt=\"Debutante Rachel Veste Ivana Beaumond (41)\"                   title=\"Debutante Rachel Veste Ivana Beaumond (41)\" \/>            <\/div>            <div class=\"\">                                                      <\/div>          <\/div>        <\/div>                        <\/a>              <\/div>            <div class=\"bwg-item\">        <a class=\"bwg-a  bwg_lightbox\"  data-image-id=\"1238\" href=\"https:\/\/www.ivanabeaumond.com.br\/vestidos-noiva\/wp-content\/uploads\/photo-gallery\/Debutante%20Rachel%20Veste%20Ivana%20Beaumond%20(47).jpg\" data-elementor-open-lightbox=\"no\">                <div class=\"bwg-item0 \">          <div class=\"bwg-item1 \">            <div class=\"bwg-item2\">              <img class=\"skip-lazy bwg_standart_thumb_img_0 \"                   data-id=\"1238\"                   data-width=\"\"                   data-height=\"\"                   data-src=\"https:\/\/www.ivanabeaumond.com.br\/vestidos-noiva\/wp-content\/uploads\/photo-gallery\/thumb\/Debutante%20Rachel%20Veste%20Ivana%20Beaumond%20(47).jpg\"                   src=\"https:\/\/www.ivanabeaumond.com.br\/vestidos-noiva\/wp-content\/uploads\/photo-gallery\/thumb\/Debutante%20Rachel%20Veste%20Ivana%20Beaumond%20(47).jpg\"                   alt=\"Debutante Rachel Veste Ivana Beaumond (47)\"                   title=\"Debutante Rachel Veste Ivana Beaumond (47)\" \/>            <\/div>            <div class=\"\">                                                      <\/div>          <\/div>        <\/div>                        <\/a>              <\/div>            <div class=\"bwg-item\">        <a class=\"bwg-a  bwg_lightbox\"  data-image-id=\"1237\" href=\"https:\/\/www.ivanabeaumond.com.br\/vestidos-noiva\/wp-content\/uploads\/photo-gallery\/Debutante%20Rachel%20Veste%20Ivana%20Beaumond%20(48).jpg\" data-elementor-open-lightbox=\"no\">                <div class=\"bwg-item0 \">          <div class=\"bwg-item1 \">            <div class=\"bwg-item2\">              <img class=\"skip-lazy bwg_standart_thumb_img_0 \"                   data-id=\"1237\"                   data-width=\"\"                   data-height=\"\"                   data-src=\"https:\/\/www.ivanabeaumond.com.br\/vestidos-noiva\/wp-content\/uploads\/photo-gallery\/thumb\/Debutante%20Rachel%20Veste%20Ivana%20Beaumond%20(48).jpg\"                   src=\"https:\/\/www.ivanabeaumond.com.br\/vestidos-noiva\/wp-content\/uploads\/photo-gallery\/thumb\/Debutante%20Rachel%20Veste%20Ivana%20Beaumond%20(48).jpg\"                   alt=\"Debutante Rachel Veste Ivana Beaumond (48)\"                   title=\"Debutante Rachel Veste Ivana Beaumond (48)\" \/>            <\/div>            <div class=\"\">                                                      <\/div>          <\/div>        <\/div>                        <\/a>              <\/div>            <div class=\"bwg-item\">        <a class=\"bwg-a  bwg_lightbox\"  data-image-id=\"1236\" href=\"https:\/\/www.ivanabeaumond.com.br\/vestidos-noiva\/wp-content\/uploads\/photo-gallery\/Debutante%20Rachel%20Veste%20Ivana%20Beaumond%20(52).jpg\" data-elementor-open-lightbox=\"no\">                <div class=\"bwg-item0 \">          <div class=\"bwg-item1 \">            <div class=\"bwg-item2\">              <img class=\"skip-lazy bwg_standart_thumb_img_0 \"                   data-id=\"1236\"                   data-width=\"\"                   data-height=\"\"                   data-src=\"https:\/\/www.ivanabeaumond.com.br\/vestidos-noiva\/wp-content\/uploads\/photo-gallery\/thumb\/Debutante%20Rachel%20Veste%20Ivana%20Beaumond%20(52).jpg\"                   src=\"https:\/\/www.ivanabeaumond.com.br\/vestidos-noiva\/wp-content\/uploads\/photo-gallery\/thumb\/Debutante%20Rachel%20Veste%20Ivana%20Beaumond%20(52).jpg\"                   alt=\"Debutante Rachel Veste Ivana Beaumond (52)\"                   title=\"Debutante Rachel Veste Ivana Beaumond (52)\" \/>            <\/div>            <div class=\"\">                                                      <\/div>          <\/div>        <\/div>                        <\/a>              <\/div>          <\/div>    <style>      \/*pagination styles*\/      #bwg_container1_0 #bwg_container2_0 .tablenav-pages_0 {\t\t\t\ttext-align: center;\t\t\t\tfont-size: 12px;\t\t\t\tfont-family: segoe ui;\t\t\t\tfont-weight: bold;\t\t\t\tcolor: #666666;\t\t\t\tmargin: 6px 0 4px;\t\t\t\tdisplay: block;      }      @media only screen and (max-width : 320px) {      #bwg_container1_0 #bwg_container2_0 .displaying-num_0 {     \t display: none;      }      }      #bwg_container1_0 #bwg_container2_0 .displaying-num_0 {\t\t\t\tfont-size: 12px;\t\t\t\tfont-family: segoe ui;\t\t\t\tfont-weight: bold;\t\t\t\tcolor: #666666;\t\t\t\tmargin-right: 10px;\t\t\t\tvertical-align: middle;      }      #bwg_container1_0 #bwg_container2_0 .paging-input_0 {\t\t\t\tfont-size: 12px;\t\t\t\tfont-family: segoe ui;\t\t\t\tfont-weight: bold;\t\t\t\tcolor: #666666;\t\t\t\tvertical-align: middle;      }      #bwg_container1_0 #bwg_container2_0 .tablenav-pages_0 a.disabled,      #bwg_container1_0 #bwg_container2_0 .tablenav-pages_0 a.disabled:hover,      #bwg_container1_0 #bwg_container2_0 .tablenav-pages_0 a.disabled:focus,\t\t\t#bwg_container1_0 #bwg_container2_0 .tablenav-pages_0 input.bwg_current_page {\t\t\t\tcursor: default;\t\t\t\tcolor: rgba(102, 102, 102, 0.5);      }      #bwg_container1_0 #bwg_container2_0 .tablenav-pages_0 a,      #bwg_container1_0 #bwg_container2_0 .tablenav-pages_0 input.bwg_current_page {\t\t\t\tcursor: pointer;\t\t\t\ttext-align: center;\t\t\t\tfont-size: 12px;\t\t\t\tfont-family: segoe ui;\t\t\t\tfont-weight: bold;\t\t\t\tcolor: #666666;\t\t\t\ttext-decoration: none;\t\t\t\tpadding: 3px 6px;\t\t\t\tmargin: 0;\t\t\t\tborder-radius: 0;\t\t\t\tborder-style: solid;\t\t\t\tborder-width: 1px;\t\t\t\tborder-color: #E3E3E3;\t\t\t\t\t\t\t\tbackground-color: rgba(255, 255, 255, 1.00);\t\t\t\tbox-shadow: 0;\t\t\t\ttransition: all 0.3s ease 0s;-webkit-transition: all 0.3s ease 0s;      }      <\/style>      <span class=\"bwg_nav_cont_0\">              <div class=\"tablenav-pages_0\">                  <\/div>                <input type=\"hidden\" id=\"page_number_0\" name=\"page_number_0\" value=\"1\" \/>      <script type=\"text\/javascript\">        if( jQuery('.bwg_nav_cont_0').length > 1 ) {          jQuery('.bwg_nav_cont_0').first().remove()        }        function spider_page_0(cur, x, y, load_more) {          if (typeof load_more == \"undefined\") {            var load_more = false;          }          if (jQuery(cur).hasClass('disabled')) {            return false;          }          var items_county_0 = 1;          switch (y) {            case 1:              if (x >= items_county_0) {                document.getElementById('page_number_0').value = items_county_0;              }              else {                document.getElementById('page_number_0').value = x + 1;              }              break;            case 2:              document.getElementById('page_number_0').value = items_county_0;              break;            case -1:              if (x == 1) {                document.getElementById('page_number_0').value = 1;              }              else {                document.getElementById('page_number_0').value = x - 1;              }              break;            case -2:              document.getElementById('page_number_0').value = 1;              break;\t\t\t\t\t\tcase 0:              document.getElementById('page_number_0').value = x;              break;            default:              document.getElementById('page_number_0').value = 1;          }          bwg_ajax('gal_front_form_0', '0', 'bwg_thumbnails_0', '0', '', 'gallery', 0, '', '', load_more, '', 1);        }                    jQuery('.first-page-0').on('click', function () {              spider_page_0(this, 1, -2, 'numeric');              return false;            });            jQuery('.prev-page-0').on('click', function () {              spider_page_0(this, 1, -1, 'numeric');              return false;            });            jQuery('.next-page-0').on('click', function () {              spider_page_0(this, 1, 1, 'numeric');              return false;            });            jQuery('.last-page-0').on('click', function () {              spider_page_0(this, 1, 2, 'numeric');              return false;            });        \t\t\t\t\/* Change page on input enter. *\/        function bwg_change_page_0( e, that ) {          if (  e.key == 'Enter' ) {            var to_page = parseInt(jQuery(that).val());            var pages_count = jQuery(that).parents(\".pagination-links\").data(\"pages-count\");            var current_url_param = jQuery(that).attr('data-url-info');            if (to_page > pages_count) {              to_page = 1;            }\t \t\t\t\t\t\t\t\t\t\t\t\tspider_page_0(this, to_page, 0, 'numeric');\t\t\t\t\t\t\treturn false;\t\t\t\t\t\t          }          return true;        }        jQuery('.bwg_load_btn_0').on('click', function () {            spider_page_0(this, 1, 1, true);            return false;        });      <\/script>      <\/span>                <\/div>        <\/form>        <style>          #bwg_container1_0 #bwg_container2_0 #spider_popup_overlay_0 {          background-color: #000000;          opacity: 0.70;          }          <\/style>        <div id=\"bwg_spider_popup_loading_0\" class=\"bwg_spider_popup_loading\"><\/div>        <div id=\"spider_popup_overlay_0\" class=\"spider_popup_overlay\" onclick=\"spider_destroypopup(1000)\"><\/div>        <input type=\"hidden\" id=\"bwg_random_seed_0\" value=\"1222252724\">                <\/div>    <\/div>    <script>      if (document.readyState === 'complete') {        if( typeof bwg_main_ready == 'function' ) {          if ( jQuery(\"#bwg_container1_0\").height() ) {            bwg_main_ready(jQuery(\"#bwg_container1_0\"));          }        }      } else {        document.addEventListener('DOMContentLoaded', function() {          if( typeof bwg_main_ready == 'function' ) {            if ( jQuery(\"#bwg_container1_0\").height() ) {             bwg_main_ready(jQuery(\"#bwg_container1_0\"));            }          }        });      }    <\/script>    \n<h4><span style=\"color: #999999;\">Gostou? Siga nosso instagram<span style=\"color: #0000ff;\">\u00a0<a style=\"color: #0000ff;\" href=\"https:\/\/www.instagram.com\/ivanabeaumond\/\">@ivanabeaumond<\/a><\/span>\u00a0e curta nossa fanpage<span style=\"color: #0000ff;\">\u00a0<a style=\"color: #0000ff;\" href=\"https:\/\/www.facebook.com\/IvanaBeaumond\/\">Ivana Beaumond<\/a><\/span>\u00a0e fique por dentro de tudo o que rola no mundo das noivas e conhe\u00e7a nossos Melhores Modelos de Vestidos de Noivas Nacionais, Importados e Sob Medida.<\/span><\/h4>\n","protected":false},"excerpt":{"rendered":"<p>Rachel Boechat e sua linda festa de 15 anos! A&#8230;<\/p>\n","protected":false},"author":4,"featured_media":15412,"comment_status":"closed","ping_status":"closed","sticky":false,"template":"","format":"standard","meta":[],"categories":[129],"tags":[219,220,203,204,133,216,226,229,228,173,197,209,230,100,223,225,205,107,201,232,224,231,221,207,227,206,222],"yoast_head":"<!-- This site is optimized with the Yoast SEO plugin v20.3 - https:\/\/yoast.com\/wordpress\/plugins\/seo\/ -->\n<title>Debutando com Rachel Boechat... - Vestido de Noiva RJ<\/title>\n<meta name=\"robots\" content=\"index, follow, max-snippet:-1, max-image-preview:large, max-video-preview:-1\" \/>\n<link rel=\"canonical\" href=\"https:\/\/www.ivanabeaumond.com.br\/vestidos-noiva\/debutando-com-rachel-boechat\/\" \/>\n<meta property=\"og:locale\" content=\"pt_BR\" \/>\n<meta property=\"og:type\" content=\"article\" \/>\n<meta property=\"og:title\" content=\"Debutando com Rachel Boechat... - Vestido de Noiva RJ\" \/>\n<meta property=\"og:description\" content=\"Rachel Boechat e sua linda festa de 15 anos! A...\" \/>\n<meta property=\"og:url\" content=\"https:\/\/www.ivanabeaumond.com.br\/vestidos-noiva\/debutando-com-rachel-boechat\/\" \/>\n<meta property=\"og:site_name\" content=\"Vestido de Noiva RJ\" \/>\n<meta property=\"article:publisher\" content=\"https:\/\/www.facebook.com\/ivana.beaumondnoivas\" \/>\n<meta property=\"article:published_time\" content=\"2018-08-30T19:24:08+00:00\" \/>\n<meta property=\"article:modified_time\" content=\"2020-08-25T19:29:04+00:00\" \/>\n<meta property=\"og:image\" content=\"https:\/\/www.ivanabeaumond.com.br\/vestidos-noiva\/wp-content\/uploads\/2018\/09\/Debutante-Rachel-Veste-Ivana-Beaumond-9.jpg\" \/>\n\t<meta property=\"og:image:width\" content=\"850\" \/>\n\t<meta property=\"og:image:height\" content=\"567\" \/>\n\t<meta property=\"og:image:type\" content=\"image\/jpeg\" \/>\n<meta name=\"author\" content=\"Ivana Beaumond Paris\" \/>\n<meta name=\"twitter:card\" content=\"summary_large_image\" \/>\n<meta name=\"twitter:label1\" content=\"Escrito por\" \/>\n\t<meta name=\"twitter:data1\" content=\"Ivana Beaumond Paris\" \/>\n\t<meta name=\"twitter:label2\" content=\"Est. tempo de leitura\" \/>\n\t<meta name=\"twitter:data2\" content=\"1 minuto\" \/>\n<script type=\"application\/ld+json\" class=\"yoast-schema-graph\">{\"@context\":\"https:\/\/schema.org\",\"@graph\":[{\"@type\":\"Article\",\"@id\":\"https:\/\/www.ivanabeaumond.com.br\/vestidos-noiva\/debutando-com-rachel-boechat\/#article\",\"isPartOf\":{\"@id\":\"https:\/\/www.ivanabeaumond.com.br\/vestidos-noiva\/debutando-com-rachel-boechat\/\"},\"author\":{\"name\":\"Ivana Beaumond Paris\",\"@id\":\"https:\/\/www.ivanabeaumond.com.br\/vestidos-noiva\/#\/schema\/person\/1a360c4cffa3b806d29a456389dcff26\"},\"headline\":\"Debutando com Rachel Boechat&#8230;\",\"datePublished\":\"2018-08-30T19:24:08+00:00\",\"dateModified\":\"2020-08-25T19:29:04+00:00\",\"mainEntityOfPage\":{\"@id\":\"https:\/\/www.ivanabeaumond.com.br\/vestidos-noiva\/debutando-com-rachel-boechat\/\"},\"wordCount\":221,\"publisher\":{\"@id\":\"https:\/\/www.ivanabeaumond.com.br\/vestidos-noiva\/#organization\"},\"keywords\":[\"15anos\",\"anivers\u00e1riode15anos\",\"atelier\",\"atelieraltacostura\",\"atelierivanabeaumond\",\"brides\",\"debutando\",\"debutante\",\"debutanteriodejaneiro\",\"debutantes\",\"diainesquecivel\",\"dress\",\"euamodebutar\",\"festa\",\"festade15anos\",\"inaugura\u00e7\u00e3o\",\"itanhanga\",\"ivanabeaumond\",\"lojanova\",\"maedebutante\",\"m\u00e3ededebutante\",\"meudia\",\"paidebutante\",\"paris\",\"princess\",\"tijuca\",\"vestidosdefesta\"],\"articleSection\":[\"Espa\u00e7o Debutantes\"],\"inLanguage\":\"pt-BR\"},{\"@type\":\"WebPage\",\"@id\":\"https:\/\/www.ivanabeaumond.com.br\/vestidos-noiva\/debutando-com-rachel-boechat\/\",\"url\":\"https:\/\/www.ivanabeaumond.com.br\/vestidos-noiva\/debutando-com-rachel-boechat\/\",\"name\":\"Debutando com Rachel Boechat... - Vestido de Noiva RJ\",\"isPartOf\":{\"@id\":\"https:\/\/www.ivanabeaumond.com.br\/vestidos-noiva\/#website\"},\"datePublished\":\"2018-08-30T19:24:08+00:00\",\"dateModified\":\"2020-08-25T19:29:04+00:00\",\"breadcrumb\":{\"@id\":\"https:\/\/www.ivanabeaumond.com.br\/vestidos-noiva\/debutando-com-rachel-boechat\/#breadcrumb\"},\"inLanguage\":\"pt-BR\",\"potentialAction\":[{\"@type\":\"ReadAction\",\"target\":[\"https:\/\/www.ivanabeaumond.com.br\/vestidos-noiva\/debutando-com-rachel-boechat\/\"]}]},{\"@type\":\"BreadcrumbList\",\"@id\":\"https:\/\/www.ivanabeaumond.com.br\/vestidos-noiva\/debutando-com-rachel-boechat\/#breadcrumb\",\"itemListElement\":[{\"@type\":\"ListItem\",\"position\":1,\"name\":\"In\u00edcio\",\"item\":\"https:\/\/www.ivanabeaumond.com.br\/vestidos-noiva\/\"},{\"@type\":\"ListItem\",\"position\":2,\"name\":\"Debutando com Rachel Boechat&#8230;\"}]},{\"@type\":\"WebSite\",\"@id\":\"https:\/\/www.ivanabeaumond.com.br\/vestidos-noiva\/#website\",\"url\":\"https:\/\/www.ivanabeaumond.com.br\/vestidos-noiva\/\",\"name\":\"Vestido de Noiva RJ\",\"description\":\"Moda Noiva\",\"publisher\":{\"@id\":\"https:\/\/www.ivanabeaumond.com.br\/vestidos-noiva\/#organization\"},\"potentialAction\":[{\"@type\":\"SearchAction\",\"target\":{\"@type\":\"EntryPoint\",\"urlTemplate\":\"https:\/\/www.ivanabeaumond.com.br\/vestidos-noiva\/?s={search_term_string}\"},\"query-input\":\"required name=search_term_string\"}],\"inLanguage\":\"pt-BR\"},{\"@type\":\"Organization\",\"@id\":\"https:\/\/www.ivanabeaumond.com.br\/vestidos-noiva\/#organization\",\"name\":\"Vestido de Noiva RJ\",\"url\":\"https:\/\/www.ivanabeaumond.com.br\/vestidos-noiva\/\",\"logo\":{\"@type\":\"ImageObject\",\"inLanguage\":\"pt-BR\",\"@id\":\"https:\/\/www.ivanabeaumond.com.br\/vestidos-noiva\/#\/schema\/logo\/image\/\",\"url\":\"https:\/\/www.ivanabeaumond.com.br\/vestidos-noiva\/wp-content\/uploads\/2018\/02\/logo_ivana_beaumond-2.png\",\"contentUrl\":\"https:\/\/www.ivanabeaumond.com.br\/vestidos-noiva\/wp-content\/uploads\/2018\/02\/logo_ivana_beaumond-2.png\",\"width\":230,\"height\":112,\"caption\":\"Vestido de Noiva RJ\"},\"image\":{\"@id\":\"https:\/\/www.ivanabeaumond.com.br\/vestidos-noiva\/#\/schema\/logo\/image\/\"},\"sameAs\":[\"https:\/\/www.facebook.com\/ivana.beaumondnoivas\",\"https:\/\/www.instagram.com\/ivanabeaumond\/\",\"https:\/\/www.tiktok.com\/@ivanabeaumond\"]},{\"@type\":\"Person\",\"@id\":\"https:\/\/www.ivanabeaumond.com.br\/vestidos-noiva\/#\/schema\/person\/1a360c4cffa3b806d29a456389dcff26\",\"name\":\"Ivana Beaumond Paris\",\"image\":{\"@type\":\"ImageObject\",\"inLanguage\":\"pt-BR\",\"@id\":\"https:\/\/www.ivanabeaumond.com.br\/vestidos-noiva\/#\/schema\/person\/image\/\",\"url\":\"https:\/\/secure.gravatar.com\/avatar\/641f98db20b53ec937ceb641db4270b9?s=96&d=mm&r=g\",\"contentUrl\":\"https:\/\/secure.gravatar.com\/avatar\/641f98db20b53ec937ceb641db4270b9?s=96&d=mm&r=g\",\"caption\":\"Ivana Beaumond Paris\"},\"url\":\"https:\/\/www.ivanabeaumond.com.br\/vestidos-noiva\/author\/ivana\/\"}]}<\/script>\n<!-- \/ Yoast SEO plugin. -->","yoast_head_json":{"title":"Debutando com Rachel Boechat... - Vestido de Noiva RJ","robots":{"index":"index","follow":"follow","max-snippet":"max-snippet:-1","max-image-preview":"max-image-preview:large","max-video-preview":"max-video-preview:-1"},"canonical":"https:\/\/www.ivanabeaumond.com.br\/vestidos-noiva\/debutando-com-rachel-boechat\/","og_locale":"pt_BR","og_type":"article","og_title":"Debutando com Rachel Boechat... - Vestido de Noiva RJ","og_description":"Rachel Boechat e sua linda festa de 15 anos! A...","og_url":"https:\/\/www.ivanabeaumond.com.br\/vestidos-noiva\/debutando-com-rachel-boechat\/","og_site_name":"Vestido de Noiva RJ","article_publisher":"https:\/\/www.facebook.com\/ivana.beaumondnoivas","article_published_time":"2018-08-30T19:24:08+00:00","article_modified_time":"2020-08-25T19:29:04+00:00","og_image":[{"width":850,"height":567,"url":"https:\/\/www.ivanabeaumond.com.br\/vestidos-noiva\/wp-content\/uploads\/2018\/09\/Debutante-Rachel-Veste-Ivana-Beaumond-9.jpg","type":"image\/jpeg"}],"author":"Ivana Beaumond Paris","twitter_card":"summary_large_image","twitter_misc":{"Escrito por":"Ivana Beaumond Paris","Est. tempo de leitura":"1 minuto"},"schema":{"@context":"https:\/\/schema.org","@graph":[{"@type":"Article","@id":"https:\/\/www.ivanabeaumond.com.br\/vestidos-noiva\/debutando-com-rachel-boechat\/#article","isPartOf":{"@id":"https:\/\/www.ivanabeaumond.com.br\/vestidos-noiva\/debutando-com-rachel-boechat\/"},"author":{"name":"Ivana Beaumond Paris","@id":"https:\/\/www.ivanabeaumond.com.br\/vestidos-noiva\/#\/schema\/person\/1a360c4cffa3b806d29a456389dcff26"},"headline":"Debutando com Rachel Boechat&#8230;","datePublished":"2018-08-30T19:24:08+00:00","dateModified":"2020-08-25T19:29:04+00:00","mainEntityOfPage":{"@id":"https:\/\/www.ivanabeaumond.com.br\/vestidos-noiva\/debutando-com-rachel-boechat\/"},"wordCount":221,"publisher":{"@id":"https:\/\/www.ivanabeaumond.com.br\/vestidos-noiva\/#organization"},"keywords":["15anos","anivers\u00e1riode15anos","atelier","atelieraltacostura","atelierivanabeaumond","brides","debutando","debutante","debutanteriodejaneiro","debutantes","diainesquecivel","dress","euamodebutar","festa","festade15anos","inaugura\u00e7\u00e3o","itanhanga","ivanabeaumond","lojanova","maedebutante","m\u00e3ededebutante","meudia","paidebutante","paris","princess","tijuca","vestidosdefesta"],"articleSection":["Espa\u00e7o Debutantes"],"inLanguage":"pt-BR"},{"@type":"WebPage","@id":"https:\/\/www.ivanabeaumond.com.br\/vestidos-noiva\/debutando-com-rachel-boechat\/","url":"https:\/\/www.ivanabeaumond.com.br\/vestidos-noiva\/debutando-com-rachel-boechat\/","name":"Debutando com Rachel Boechat... - Vestido de Noiva RJ","isPartOf":{"@id":"https:\/\/www.ivanabeaumond.com.br\/vestidos-noiva\/#website"},"datePublished":"2018-08-30T19:24:08+00:00","dateModified":"2020-08-25T19:29:04+00:00","breadcrumb":{"@id":"https:\/\/www.ivanabeaumond.com.br\/vestidos-noiva\/debutando-com-rachel-boechat\/#breadcrumb"},"inLanguage":"pt-BR","potentialAction":[{"@type":"ReadAction","target":["https:\/\/www.ivanabeaumond.com.br\/vestidos-noiva\/debutando-com-rachel-boechat\/"]}]},{"@type":"BreadcrumbList","@id":"https:\/\/www.ivanabeaumond.com.br\/vestidos-noiva\/debutando-com-rachel-boechat\/#breadcrumb","itemListElement":[{"@type":"ListItem","position":1,"name":"In\u00edcio","item":"https:\/\/www.ivanabeaumond.com.br\/vestidos-noiva\/"},{"@type":"ListItem","position":2,"name":"Debutando com Rachel Boechat&#8230;"}]},{"@type":"WebSite","@id":"https:\/\/www.ivanabeaumond.com.br\/vestidos-noiva\/#website","url":"https:\/\/www.ivanabeaumond.com.br\/vestidos-noiva\/","name":"Vestido de Noiva RJ","description":"Moda Noiva","publisher":{"@id":"https:\/\/www.ivanabeaumond.com.br\/vestidos-noiva\/#organization"},"potentialAction":[{"@type":"SearchAction","target":{"@type":"EntryPoint","urlTemplate":"https:\/\/www.ivanabeaumond.com.br\/vestidos-noiva\/?s={search_term_string}"},"query-input":"required name=search_term_string"}],"inLanguage":"pt-BR"},{"@type":"Organization","@id":"https:\/\/www.ivanabeaumond.com.br\/vestidos-noiva\/#organization","name":"Vestido de Noiva RJ","url":"https:\/\/www.ivanabeaumond.com.br\/vestidos-noiva\/","logo":{"@type":"ImageObject","inLanguage":"pt-BR","@id":"https:\/\/www.ivanabeaumond.com.br\/vestidos-noiva\/#\/schema\/logo\/image\/","url":"https:\/\/www.ivanabeaumond.com.br\/vestidos-noiva\/wp-content\/uploads\/2018\/02\/logo_ivana_beaumond-2.png","contentUrl":"https:\/\/www.ivanabeaumond.com.br\/vestidos-noiva\/wp-content\/uploads\/2018\/02\/logo_ivana_beaumond-2.png","width":230,"height":112,"caption":"Vestido de Noiva RJ"},"image":{"@id":"https:\/\/www.ivanabeaumond.com.br\/vestidos-noiva\/#\/schema\/logo\/image\/"},"sameAs":["https:\/\/www.facebook.com\/ivana.beaumondnoivas","https:\/\/www.instagram.com\/ivanabeaumond\/","https:\/\/www.tiktok.com\/@ivanabeaumond"]},{"@type":"Person","@id":"https:\/\/www.ivanabeaumond.com.br\/vestidos-noiva\/#\/schema\/person\/1a360c4cffa3b806d29a456389dcff26","name":"Ivana Beaumond Paris","image":{"@type":"ImageObject","inLanguage":"pt-BR","@id":"https:\/\/www.ivanabeaumond.com.br\/vestidos-noiva\/#\/schema\/person\/image\/","url":"https:\/\/secure.gravatar.com\/avatar\/641f98db20b53ec937ceb641db4270b9?s=96&d=mm&r=g","contentUrl":"https:\/\/secure.gravatar.com\/avatar\/641f98db20b53ec937ceb641db4270b9?s=96&d=mm&r=g","caption":"Ivana Beaumond Paris"},"url":"https:\/\/www.ivanabeaumond.com.br\/vestidos-noiva\/author\/ivana\/"}]}},"_links":{"self":[{"href":"https:\/\/www.ivanabeaumond.com.br\/vestidos-noiva\/wp-json\/wp\/v2\/posts\/15294"}],"collection":[{"href":"https:\/\/www.ivanabeaumond.com.br\/vestidos-noiva\/wp-json\/wp\/v2\/posts"}],"about":[{"href":"https:\/\/www.ivanabeaumond.com.br\/vestidos-noiva\/wp-json\/wp\/v2\/types\/post"}],"author":[{"embeddable":true,"href":"https:\/\/www.ivanabeaumond.com.br\/vestidos-noiva\/wp-json\/wp\/v2\/users\/4"}],"replies":[{"embeddable":true,"href":"https:\/\/www.ivanabeaumond.com.br\/vestidos-noiva\/wp-json\/wp\/v2\/comments?post=15294"}],"version-history":[{"count":19,"href":"https:\/\/www.ivanabeaumond.com.br\/vestidos-noiva\/wp-json\/wp\/v2\/posts\/15294\/revisions"}],"predecessor-version":[{"id":26091,"href":"https:\/\/www.ivanabeaumond.com.br\/vestidos-noiva\/wp-json\/wp\/v2\/posts\/15294\/revisions\/26091"}],"wp:featuredmedia":[{"embeddable":true,"href":"https:\/\/www.ivanabeaumond.com.br\/vestidos-noiva\/wp-json\/wp\/v2\/media\/15412"}],"wp:attachment":[{"href":"https:\/\/www.ivanabeaumond.com.br\/vestidos-noiva\/wp-json\/wp\/v2\/media?parent=15294"}],"wp:term":[{"taxonomy":"category","embeddable":true,"href":"https:\/\/www.ivanabeaumond.com.br\/vestidos-noiva\/wp-json\/wp\/v2\/categories?post=15294"},{"taxonomy":"post_tag","embeddable":true,"href":"https:\/\/www.ivanabeaumond.com.br\/vestidos-noiva\/wp-json\/wp\/v2\/tags?post=15294"}],"curies":[{"name":"wp","href":"https:\/\/api.w.org\/{rel}","templated":true}]}}