{"id":15491,"date":"2018-09-27T18:33:53","date_gmt":"2018-09-27T21:33:53","guid":{"rendered":"http:\/\/www.ivanabeaumond.com.br\/vestidos-noiva\/?p=15491"},"modified":"2018-09-27T18:48:05","modified_gmt":"2018-09-27T21:48:05","slug":"vem-ai-a-17a-inesquecivel-casamento-week-2018","status":"publish","type":"post","link":"https:\/\/www.ivanabeaumond.com.br\/vestidos-noiva\/vem-ai-a-17a-inesquecivel-casamento-week-2018\/","title":{"rendered":"Vem a\u00ed a 17\u00aa Inesquec\u00edvel Casamento Week 2018!"},"content":{"rendered":"<h4 style=\"font-weight: 400; text-align: justify;\"><strong><span style=\"color: #999999;\">No dia 29 de setembro, a cidade maravilhosa receber\u00e1 a 17\u00aa IC Week, que promete reunir o que h\u00e1 de melhor e mais atual no mercado de eventos.<\/span><\/strong><\/h4>\n<p>&nbsp;<\/p>\n<p style=\"font-weight: 400;\"><a href=\"http:\/\/www.ivanabeaumond.com.br\/vestidos-noiva\/wp-content\/uploads\/2018\/09\/ivana-beaumond-paris-ic-week-2018.jpg\"><img decoding=\"async\" loading=\"lazy\" class=\"aligncenter size-full wp-image-15492\" src=\"http:\/\/www.ivanabeaumond.com.br\/vestidos-noiva\/wp-content\/uploads\/2018\/09\/ivana-beaumond-paris-ic-week-2018.jpg\" alt=\"Chamada Ivana Beaumond IC Week\" width=\"600\" height=\"603\" srcset=\"https:\/\/www.ivanabeaumond.com.br\/vestidos-noiva\/wp-content\/uploads\/2018\/09\/ivana-beaumond-paris-ic-week-2018.jpg 600w, https:\/\/www.ivanabeaumond.com.br\/vestidos-noiva\/wp-content\/uploads\/2018\/09\/ivana-beaumond-paris-ic-week-2018-150x150.jpg 150w\" sizes=\"(max-width: 600px) 100vw, 600px\" \/><\/a><\/p>\n<h4 style=\"font-weight: 400; text-align: justify;\"><strong><span style=\"color: #999999;\">A partir deste s\u00e1bado, os melhores profissionais do mercado de noivas, noivos e debutantes te esperam no Sheraton Grand Rio, em S\u00e3o Conrado, para essa grande mostra &#8211; e n\u00f3s, com muito orgulho, fazemos parte dessa equipe.<\/span><\/strong><\/h4>\n<p>&nbsp;<\/p>\n<h4 style=\"font-weight: 400; text-align: justify;\"><strong><span style=\"color: #999999;\">Convidamos voc\u00ea a conferir nosso desfile Noivas Inesquec\u00edveis, no dia 30, \u00e0s 21h. Contamos ainda com a presen\u00e7a ilustre da atriz e apresentadora ANTONIA FONTENELLE, da cantora MARINA ELALI, e da Miss Brasil Amazonas SHEISLANE HAYALLA, que estar\u00e3o desfilando com nossos modelos!<\/span><\/strong><\/h4>\n<p>&nbsp;<\/p>\n<p><a href=\"http:\/\/www.ivanabeaumond.com.br\/vestidos-noiva\/wp-content\/uploads\/2018\/09\/ivana-beaumond-paris-antonia-fontenelle1.jpg\"><img decoding=\"async\" loading=\"lazy\" class=\"aligncenter size-full wp-image-15504\" src=\"http:\/\/www.ivanabeaumond.com.br\/vestidos-noiva\/wp-content\/uploads\/2018\/09\/ivana-beaumond-paris-antonia-fontenelle1.jpg\" alt=\"ivana-beaumond-paris-antonia-fontenelle\" width=\"928\" height=\"318\" srcset=\"https:\/\/www.ivanabeaumond.com.br\/vestidos-noiva\/wp-content\/uploads\/2018\/09\/ivana-beaumond-paris-antonia-fontenelle1.jpg 928w, https:\/\/www.ivanabeaumond.com.br\/vestidos-noiva\/wp-content\/uploads\/2018\/09\/ivana-beaumond-paris-antonia-fontenelle1-300x103.jpg 300w\" sizes=\"(max-width: 928px) 100vw, 928px\" \/><\/a><\/p>\n<p>&nbsp;<\/p>\n<h4 style=\"text-align: justify;\"><span style=\"color: #999999;\"><strong>Maiores informa\u00e7\u00f5es sobre o evento\u00a0<a style=\"color: #999999;\" href=\"https:\/\/www.inesquecivelcasamento.com.br\/icweek\/\" target=\"_blank\" rel=\"noopener\">neste link<\/a>. Ou se quiser conferir como foi a IC Week do ano passado, <a style=\"color: #999999;\" title=\"Adriana Bombom, Dani Vieira e Sheslaine Hayalla desfilam de Ivana Beaumond no ICWeek 2017\" href=\"http:\/\/www.ivanabeaumond.com.br\/vestidos-noiva\/adriana-bombom-dani-vieira-e-sheslaine-hayalla-desfilam-de-ivana-beaumond-no-icweek-2017\/\" target=\"_blank\">clique aqui!<\/a><\/strong><\/span><\/h4>\n","protected":false},"excerpt":{"rendered":"<p>No dia 29 de setembro, a cidade maravilhosa receber\u00e1 a&#8230;<\/p>\n","protected":false},"author":4,"featured_media":15510,"comment_status":"closed","ping_status":"closed","sticky":false,"template":"","format":"standard","meta":[],"categories":[60,242,128],"tags":[248,96,161,195,173,214,142,102,245,244,243,247,157,164,249,250,246],"yoast_head":"<!-- This site is optimized with the Yoast SEO plugin v20.3 - https:\/\/yoast.com\/wordpress\/plugins\/seo\/ -->\n<title>Vem a\u00ed a 17\u00aa Inesquec\u00edvel Casamento Week 2018! - Vestido de Noiva RJ<\/title>\n<meta name=\"robots\" content=\"index, follow, max-snippet:-1, max-image-preview:large, max-video-preview:-1\" \/>\n<link rel=\"canonical\" href=\"https:\/\/www.ivanabeaumond.com.br\/vestidos-noiva\/vem-ai-a-17a-inesquecivel-casamento-week-2018\/\" \/>\n<meta property=\"og:locale\" content=\"pt_BR\" \/>\n<meta property=\"og:type\" content=\"article\" \/>\n<meta property=\"og:title\" content=\"Vem a\u00ed a 17\u00aa Inesquec\u00edvel Casamento Week 2018! - Vestido de Noiva RJ\" \/>\n<meta property=\"og:description\" content=\"No dia 29 de setembro, a cidade maravilhosa receber\u00e1 a...\" \/>\n<meta property=\"og:url\" content=\"https:\/\/www.ivanabeaumond.com.br\/vestidos-noiva\/vem-ai-a-17a-inesquecivel-casamento-week-2018\/\" \/>\n<meta property=\"og:site_name\" content=\"Vestido de Noiva RJ\" \/>\n<meta property=\"article:publisher\" content=\"https:\/\/www.facebook.com\/ivana.beaumondnoivas\" \/>\n<meta property=\"article:published_time\" content=\"2018-09-27T21:33:53+00:00\" \/>\n<meta property=\"article:modified_time\" content=\"2018-09-27T21:48:05+00:00\" \/>\n<meta property=\"og:image\" content=\"https:\/\/www.ivanabeaumond.com.br\/vestidos-noiva\/wp-content\/uploads\/2018\/09\/desfile_icweek_antonia_fontenelle_modelo_ivana_beaumond_paris-e1538084814278.jpg\" \/>\n\t<meta property=\"og:image:width\" content=\"600\" \/>\n\t<meta property=\"og:image:height\" content=\"635\" \/>\n\t<meta property=\"og:image:type\" content=\"image\/jpeg\" \/>\n<meta name=\"author\" content=\"Ivana Beaumond Paris\" \/>\n<meta name=\"twitter:card\" content=\"summary_large_image\" \/>\n<meta name=\"twitter:label1\" content=\"Escrito por\" \/>\n\t<meta name=\"twitter:data1\" content=\"Ivana Beaumond Paris\" \/>\n\t<meta name=\"twitter:label2\" content=\"Est. tempo de leitura\" \/>\n\t<meta name=\"twitter:data2\" content=\"1 minuto\" \/>\n<script type=\"application\/ld+json\" class=\"yoast-schema-graph\">{\"@context\":\"https:\/\/schema.org\",\"@graph\":[{\"@type\":\"Article\",\"@id\":\"https:\/\/www.ivanabeaumond.com.br\/vestidos-noiva\/vem-ai-a-17a-inesquecivel-casamento-week-2018\/#article\",\"isPartOf\":{\"@id\":\"https:\/\/www.ivanabeaumond.com.br\/vestidos-noiva\/vem-ai-a-17a-inesquecivel-casamento-week-2018\/\"},\"author\":{\"name\":\"Ivana Beaumond Paris\",\"@id\":\"https:\/\/www.ivanabeaumond.com.br\/vestidos-noiva\/#\/schema\/person\/1a360c4cffa3b806d29a456389dcff26\"},\"headline\":\"Vem a\u00ed a 17\u00aa Inesquec\u00edvel Casamento Week 2018!\",\"datePublished\":\"2018-09-27T21:33:53+00:00\",\"dateModified\":\"2018-09-27T21:48:05+00:00\",\"mainEntityOfPage\":{\"@id\":\"https:\/\/www.ivanabeaumond.com.br\/vestidos-noiva\/vem-ai-a-17a-inesquecivel-casamento-week-2018\/\"},\"wordCount\":143,\"publisher\":{\"@id\":\"https:\/\/www.ivanabeaumond.com.br\/vestidos-noiva\/#organization\"},\"keywords\":[\"antonia fontenelle\",\"casamento\",\"casamento blindado\",\"CasamentosRJ\",\"debutantes\",\"euamocasamento\",\"festa de 15 anos\",\"festa de casamento\",\"ic week\",\"ic week 2018\",\"inesquec\u00edvel casamento\",\"marina elali\",\"noiva e noivo\",\"noivas\",\"sheislane hayalla\",\"sheraton rio\",\"wedding day\"],\"articleSection\":[\"Blog\",\"IC Week 2018\",\"Na M\u00eddia\"],\"inLanguage\":\"pt-BR\"},{\"@type\":\"WebPage\",\"@id\":\"https:\/\/www.ivanabeaumond.com.br\/vestidos-noiva\/vem-ai-a-17a-inesquecivel-casamento-week-2018\/\",\"url\":\"https:\/\/www.ivanabeaumond.com.br\/vestidos-noiva\/vem-ai-a-17a-inesquecivel-casamento-week-2018\/\",\"name\":\"Vem a\u00ed a 17\u00aa Inesquec\u00edvel Casamento Week 2018! - Vestido de Noiva RJ\",\"isPartOf\":{\"@id\":\"https:\/\/www.ivanabeaumond.com.br\/vestidos-noiva\/#website\"},\"datePublished\":\"2018-09-27T21:33:53+00:00\",\"dateModified\":\"2018-09-27T21:48:05+00:00\",\"breadcrumb\":{\"@id\":\"https:\/\/www.ivanabeaumond.com.br\/vestidos-noiva\/vem-ai-a-17a-inesquecivel-casamento-week-2018\/#breadcrumb\"},\"inLanguage\":\"pt-BR\",\"potentialAction\":[{\"@type\":\"ReadAction\",\"target\":[\"https:\/\/www.ivanabeaumond.com.br\/vestidos-noiva\/vem-ai-a-17a-inesquecivel-casamento-week-2018\/\"]}]},{\"@type\":\"BreadcrumbList\",\"@id\":\"https:\/\/www.ivanabeaumond.com.br\/vestidos-noiva\/vem-ai-a-17a-inesquecivel-casamento-week-2018\/#breadcrumb\",\"itemListElement\":[{\"@type\":\"ListItem\",\"position\":1,\"name\":\"In\u00edcio\",\"item\":\"https:\/\/www.ivanabeaumond.com.br\/vestidos-noiva\/\"},{\"@type\":\"ListItem\",\"position\":2,\"name\":\"Vem a\u00ed a 17\u00aa Inesquec\u00edvel Casamento Week 2018!\"}]},{\"@type\":\"WebSite\",\"@id\":\"https:\/\/www.ivanabeaumond.com.br\/vestidos-noiva\/#website\",\"url\":\"https:\/\/www.ivanabeaumond.com.br\/vestidos-noiva\/\",\"name\":\"Vestido de Noiva RJ\",\"description\":\"Moda Noiva\",\"publisher\":{\"@id\":\"https:\/\/www.ivanabeaumond.com.br\/vestidos-noiva\/#organization\"},\"potentialAction\":[{\"@type\":\"SearchAction\",\"target\":{\"@type\":\"EntryPoint\",\"urlTemplate\":\"https:\/\/www.ivanabeaumond.com.br\/vestidos-noiva\/?s={search_term_string}\"},\"query-input\":\"required name=search_term_string\"}],\"inLanguage\":\"pt-BR\"},{\"@type\":\"Organization\",\"@id\":\"https:\/\/www.ivanabeaumond.com.br\/vestidos-noiva\/#organization\",\"name\":\"Vestido de Noiva RJ\",\"url\":\"https:\/\/www.ivanabeaumond.com.br\/vestidos-noiva\/\",\"logo\":{\"@type\":\"ImageObject\",\"inLanguage\":\"pt-BR\",\"@id\":\"https:\/\/www.ivanabeaumond.com.br\/vestidos-noiva\/#\/schema\/logo\/image\/\",\"url\":\"https:\/\/www.ivanabeaumond.com.br\/vestidos-noiva\/wp-content\/uploads\/2018\/02\/logo_ivana_beaumond-2.png\",\"contentUrl\":\"https:\/\/www.ivanabeaumond.com.br\/vestidos-noiva\/wp-content\/uploads\/2018\/02\/logo_ivana_beaumond-2.png\",\"width\":230,\"height\":112,\"caption\":\"Vestido de Noiva RJ\"},\"image\":{\"@id\":\"https:\/\/www.ivanabeaumond.com.br\/vestidos-noiva\/#\/schema\/logo\/image\/\"},\"sameAs\":[\"https:\/\/www.facebook.com\/ivana.beaumondnoivas\",\"https:\/\/www.instagram.com\/ivanabeaumond\/\",\"https:\/\/www.tiktok.com\/@ivanabeaumond\"]},{\"@type\":\"Person\",\"@id\":\"https:\/\/www.ivanabeaumond.com.br\/vestidos-noiva\/#\/schema\/person\/1a360c4cffa3b806d29a456389dcff26\",\"name\":\"Ivana Beaumond Paris\",\"image\":{\"@type\":\"ImageObject\",\"inLanguage\":\"pt-BR\",\"@id\":\"https:\/\/www.ivanabeaumond.com.br\/vestidos-noiva\/#\/schema\/person\/image\/\",\"url\":\"https:\/\/secure.gravatar.com\/avatar\/641f98db20b53ec937ceb641db4270b9?s=96&d=mm&r=g\",\"contentUrl\":\"https:\/\/secure.gravatar.com\/avatar\/641f98db20b53ec937ceb641db4270b9?s=96&d=mm&r=g\",\"caption\":\"Ivana Beaumond Paris\"},\"url\":\"https:\/\/www.ivanabeaumond.com.br\/vestidos-noiva\/author\/ivana\/\"}]}<\/script>\n<!-- \/ Yoast SEO plugin. -->","yoast_head_json":{"title":"Vem a\u00ed a 17\u00aa Inesquec\u00edvel Casamento Week 2018! - Vestido de Noiva RJ","robots":{"index":"index","follow":"follow","max-snippet":"max-snippet:-1","max-image-preview":"max-image-preview:large","max-video-preview":"max-video-preview:-1"},"canonical":"https:\/\/www.ivanabeaumond.com.br\/vestidos-noiva\/vem-ai-a-17a-inesquecivel-casamento-week-2018\/","og_locale":"pt_BR","og_type":"article","og_title":"Vem a\u00ed a 17\u00aa Inesquec\u00edvel Casamento Week 2018! - Vestido de Noiva RJ","og_description":"No dia 29 de setembro, a cidade maravilhosa receber\u00e1 a...","og_url":"https:\/\/www.ivanabeaumond.com.br\/vestidos-noiva\/vem-ai-a-17a-inesquecivel-casamento-week-2018\/","og_site_name":"Vestido de Noiva RJ","article_publisher":"https:\/\/www.facebook.com\/ivana.beaumondnoivas","article_published_time":"2018-09-27T21:33:53+00:00","article_modified_time":"2018-09-27T21:48:05+00:00","og_image":[{"width":600,"height":635,"url":"https:\/\/www.ivanabeaumond.com.br\/vestidos-noiva\/wp-content\/uploads\/2018\/09\/desfile_icweek_antonia_fontenelle_modelo_ivana_beaumond_paris-e1538084814278.jpg","type":"image\/jpeg"}],"author":"Ivana Beaumond Paris","twitter_card":"summary_large_image","twitter_misc":{"Escrito por":"Ivana Beaumond Paris","Est. tempo de leitura":"1 minuto"},"schema":{"@context":"https:\/\/schema.org","@graph":[{"@type":"Article","@id":"https:\/\/www.ivanabeaumond.com.br\/vestidos-noiva\/vem-ai-a-17a-inesquecivel-casamento-week-2018\/#article","isPartOf":{"@id":"https:\/\/www.ivanabeaumond.com.br\/vestidos-noiva\/vem-ai-a-17a-inesquecivel-casamento-week-2018\/"},"author":{"name":"Ivana Beaumond Paris","@id":"https:\/\/www.ivanabeaumond.com.br\/vestidos-noiva\/#\/schema\/person\/1a360c4cffa3b806d29a456389dcff26"},"headline":"Vem a\u00ed a 17\u00aa Inesquec\u00edvel Casamento Week 2018!","datePublished":"2018-09-27T21:33:53+00:00","dateModified":"2018-09-27T21:48:05+00:00","mainEntityOfPage":{"@id":"https:\/\/www.ivanabeaumond.com.br\/vestidos-noiva\/vem-ai-a-17a-inesquecivel-casamento-week-2018\/"},"wordCount":143,"publisher":{"@id":"https:\/\/www.ivanabeaumond.com.br\/vestidos-noiva\/#organization"},"keywords":["antonia fontenelle","casamento","casamento blindado","CasamentosRJ","debutantes","euamocasamento","festa de 15 anos","festa de casamento","ic week","ic week 2018","inesquec\u00edvel casamento","marina elali","noiva e noivo","noivas","sheislane hayalla","sheraton rio","wedding day"],"articleSection":["Blog","IC Week 2018","Na M\u00eddia"],"inLanguage":"pt-BR"},{"@type":"WebPage","@id":"https:\/\/www.ivanabeaumond.com.br\/vestidos-noiva\/vem-ai-a-17a-inesquecivel-casamento-week-2018\/","url":"https:\/\/www.ivanabeaumond.com.br\/vestidos-noiva\/vem-ai-a-17a-inesquecivel-casamento-week-2018\/","name":"Vem a\u00ed a 17\u00aa Inesquec\u00edvel Casamento Week 2018! - Vestido de Noiva RJ","isPartOf":{"@id":"https:\/\/www.ivanabeaumond.com.br\/vestidos-noiva\/#website"},"datePublished":"2018-09-27T21:33:53+00:00","dateModified":"2018-09-27T21:48:05+00:00","breadcrumb":{"@id":"https:\/\/www.ivanabeaumond.com.br\/vestidos-noiva\/vem-ai-a-17a-inesquecivel-casamento-week-2018\/#breadcrumb"},"inLanguage":"pt-BR","potentialAction":[{"@type":"ReadAction","target":["https:\/\/www.ivanabeaumond.com.br\/vestidos-noiva\/vem-ai-a-17a-inesquecivel-casamento-week-2018\/"]}]},{"@type":"BreadcrumbList","@id":"https:\/\/www.ivanabeaumond.com.br\/vestidos-noiva\/vem-ai-a-17a-inesquecivel-casamento-week-2018\/#breadcrumb","itemListElement":[{"@type":"ListItem","position":1,"name":"In\u00edcio","item":"https:\/\/www.ivanabeaumond.com.br\/vestidos-noiva\/"},{"@type":"ListItem","position":2,"name":"Vem a\u00ed a 17\u00aa Inesquec\u00edvel Casamento Week 2018!"}]},{"@type":"WebSite","@id":"https:\/\/www.ivanabeaumond.com.br\/vestidos-noiva\/#website","url":"https:\/\/www.ivanabeaumond.com.br\/vestidos-noiva\/","name":"Vestido de Noiva RJ","description":"Moda Noiva","publisher":{"@id":"https:\/\/www.ivanabeaumond.com.br\/vestidos-noiva\/#organization"},"potentialAction":[{"@type":"SearchAction","target":{"@type":"EntryPoint","urlTemplate":"https:\/\/www.ivanabeaumond.com.br\/vestidos-noiva\/?s={search_term_string}"},"query-input":"required name=search_term_string"}],"inLanguage":"pt-BR"},{"@type":"Organization","@id":"https:\/\/www.ivanabeaumond.com.br\/vestidos-noiva\/#organization","name":"Vestido de Noiva RJ","url":"https:\/\/www.ivanabeaumond.com.br\/vestidos-noiva\/","logo":{"@type":"ImageObject","inLanguage":"pt-BR","@id":"https:\/\/www.ivanabeaumond.com.br\/vestidos-noiva\/#\/schema\/logo\/image\/","url":"https:\/\/www.ivanabeaumond.com.br\/vestidos-noiva\/wp-content\/uploads\/2018\/02\/logo_ivana_beaumond-2.png","contentUrl":"https:\/\/www.ivanabeaumond.com.br\/vestidos-noiva\/wp-content\/uploads\/2018\/02\/logo_ivana_beaumond-2.png","width":230,"height":112,"caption":"Vestido de Noiva RJ"},"image":{"@id":"https:\/\/www.ivanabeaumond.com.br\/vestidos-noiva\/#\/schema\/logo\/image\/"},"sameAs":["https:\/\/www.facebook.com\/ivana.beaumondnoivas","https:\/\/www.instagram.com\/ivanabeaumond\/","https:\/\/www.tiktok.com\/@ivanabeaumond"]},{"@type":"Person","@id":"https:\/\/www.ivanabeaumond.com.br\/vestidos-noiva\/#\/schema\/person\/1a360c4cffa3b806d29a456389dcff26","name":"Ivana Beaumond Paris","image":{"@type":"ImageObject","inLanguage":"pt-BR","@id":"https:\/\/www.ivanabeaumond.com.br\/vestidos-noiva\/#\/schema\/person\/image\/","url":"https:\/\/secure.gravatar.com\/avatar\/641f98db20b53ec937ceb641db4270b9?s=96&d=mm&r=g","contentUrl":"https:\/\/secure.gravatar.com\/avatar\/641f98db20b53ec937ceb641db4270b9?s=96&d=mm&r=g","caption":"Ivana Beaumond Paris"},"url":"https:\/\/www.ivanabeaumond.com.br\/vestidos-noiva\/author\/ivana\/"}]}},"_links":{"self":[{"href":"https:\/\/www.ivanabeaumond.com.br\/vestidos-noiva\/wp-json\/wp\/v2\/posts\/15491"}],"collection":[{"href":"https:\/\/www.ivanabeaumond.com.br\/vestidos-noiva\/wp-json\/wp\/v2\/posts"}],"about":[{"href":"https:\/\/www.ivanabeaumond.com.br\/vestidos-noiva\/wp-json\/wp\/v2\/types\/post"}],"author":[{"embeddable":true,"href":"https:\/\/www.ivanabeaumond.com.br\/vestidos-noiva\/wp-json\/wp\/v2\/users\/4"}],"replies":[{"embeddable":true,"href":"https:\/\/www.ivanabeaumond.com.br\/vestidos-noiva\/wp-json\/wp\/v2\/comments?post=15491"}],"version-history":[{"count":12,"href":"https:\/\/www.ivanabeaumond.com.br\/vestidos-noiva\/wp-json\/wp\/v2\/posts\/15491\/revisions"}],"predecessor-version":[{"id":15509,"href":"https:\/\/www.ivanabeaumond.com.br\/vestidos-noiva\/wp-json\/wp\/v2\/posts\/15491\/revisions\/15509"}],"wp:featuredmedia":[{"embeddable":true,"href":"https:\/\/www.ivanabeaumond.com.br\/vestidos-noiva\/wp-json\/wp\/v2\/media\/15510"}],"wp:attachment":[{"href":"https:\/\/www.ivanabeaumond.com.br\/vestidos-noiva\/wp-json\/wp\/v2\/media?parent=15491"}],"wp:term":[{"taxonomy":"category","embeddable":true,"href":"https:\/\/www.ivanabeaumond.com.br\/vestidos-noiva\/wp-json\/wp\/v2\/categories?post=15491"},{"taxonomy":"post_tag","embeddable":true,"href":"https:\/\/www.ivanabeaumond.com.br\/vestidos-noiva\/wp-json\/wp\/v2\/tags?post=15491"}],"curies":[{"name":"wp","href":"https:\/\/api.w.org\/{rel}","templated":true}]}}